{"id":1233,"date":"2010-08-21T10:49:52","date_gmt":"2010-08-21T08:49:52","guid":{"rendered":"http:\/\/www.emiliosilveravazquez.com\/blog\/?p=1233"},"modified":"2010-08-21T10:49:09","modified_gmt":"2010-08-21T08:49:09","slug":"una-simple-reflexion","status":"publish","type":"post","link":"http:\/\/www.emiliosilveravazquez.com\/blog\/2010\/08\/21\/una-simple-reflexion\/","title":{"rendered":"Una simple reflexi\u00f3n"},"content":{"rendered":"<p style=\"margin: 0cm 0cm 0pt; text-align: justify; text-indent: 25pt;\">Particularmente creo que, si el <a href=\"#\" onclick=\"referencia('neutron',event); return false;\">neutr\u00f3n<\/a> tiene masa, si la masa es energ\u00eda (E=mc<sup>2<\/sup>), y si la energ\u00eda es electricidad y magnetismo (seg\u00fan Maxwell), el magnetismo del <a href=\"#\" onclick=\"referencia('neutron',event); return false;\">neutr\u00f3n<\/a> no es tan extra\u00f1o, sino que es un aspecto de lo que en realidad es, \u00a1materia! La materia es la luz, la energ\u00eda, el magnetismo.\u00a0 En definitiva, la fuerza que reina en el Universo y que est\u00e1 presente, de una u otra forma en todas partes.<\/p>\n<p style=\"margin: 0cm 0cm 0pt; text-align: justify; text-indent: 25pt;\">\u00a1Es Curioso!<\/p>\n<p style=\"margin: 0cm 0cm 0pt; text-align: justify; text-indent: 25pt;\">Sea como fuere, la rotaci\u00f3n del <a href=\"#\" onclick=\"referencia('neutron',event); return false;\">neutr\u00f3n<\/a> nos de la respuesta a esas preguntas:<\/p>\n<p style=\"margin: 0cm 0cm 0pt; text-align: justify; text-indent: 25pt;\">\u00bfQu\u00e9 es el anti<a href=\"#\" onclick=\"referencia('neutron',event); return false;\">neutr\u00f3n<\/a>?\u00a0 Pues, simplemente, un <a href=\"#\" onclick=\"referencia('neutron',event); return false;\">neutr\u00f3n<\/a> cuyo movimiento rotatorio se ha invertido; su polo sur magn\u00e9tico, por decirlo as\u00ed, est\u00e1 arriba y no abajo.\u00a0 En realidad, el <a href=\"#\" onclick=\"referencia('proton',event); return false;\">prot\u00f3n<\/a> y el anti<a href=\"#\" onclick=\"referencia('proton',event); return false;\">prot\u00f3n<\/a>, el <a href=\"#\" onclick=\"referencia('electron',event); return false;\">electr\u00f3n<\/a> y el positr\u00f3n, muestran exactamente el mismo fen\u00f3meno de los polos invertidos.<\/p>\n<p style=\"margin: 0cm 0cm 0pt; text-align: justify; text-indent: 25pt;\">Es indudable que las antipart\u00edculas pueden combinarse para formar la &#8220;antimateria&#8221;, de la misma forma que las part\u00edculas corrientes forman la materia ordinaria.<\/p>\n<p style=\"margin: 0cm 0cm 0pt; text-align: justify; text-indent: 25pt;\">La primera demostraci\u00f3n efectiva de antimateria se tuvo en Brookhaven en 1.965, donde fue bombardeado un blanco de berilio con 7 <a href=\"#\" onclick=\"referencia('proton',event); return false;\">protones<\/a> BeV y se produjeron combinaciones de antiprotones y antineutrones, o sea, un &#8220;antideuter\u00f3n&#8221;. Desde entonces se ha producido el &#8220;antihielo 3&#8221;, y no cabe duda de que se pudiera crear otros antin\u00facleos m\u00e1s complicados aun si se abordara el problema con m\u00e1s inter\u00e9s.<\/p>\n<p style=\"margin: 0cm 0cm 0pt; text-align: justify; text-indent: 25pt;\">Pero, \u00bfexiste en realidad la antimateria? \u00bfHay masas de antimateria en el Universo?<\/p>\n<p style=\"margin: 0cm 0cm 0pt; text-align: justify; text-indent: 25pt;\">Si las hubiera, no revelar\u00edan su presencia a cierta distancia. Sus efectos gravitatorios y la luz que produjeran ser\u00edan id\u00e9nticos a los de la materia corriente.\u00a0 Sin embargo, cuando se encontrasen las masas de las distintas materias, deber\u00edan ser claramente perceptibles las reacciones masivas del aniquilamiento mutuo resultante del encuentro.\u00a0 As\u00ed, pues, los astr\u00f3nomos observan especulativamente las galaxias, para tratar de encontrar alguna actividad inusual que delate dichas interacciones materia-antimateria.<\/p>\n<p><!--more--><\/p>\n<p style=\"margin: 0cm 0cm 0pt; text-align: justify; text-indent: 25pt;\">No parece que dichas observaciones fuesen un \u00e9xito.\u00a0 Ya sabemos lo que piensan los cient\u00edficos sobre el Universo temprano del que surgi\u00f3 la materia y la antimateria que, cuando se encontraban se destru\u00edan mutuamente, y, al haber un excedente de Materia, el Universo al f\u00edn, qued\u00f3 constituido s\u00f3lo de materia y toda la antimateria desapareci\u00f3. Pero, eso s\u00ed, hemos sido capaces de reproducirla en los laboratorios de los aceleradores de part\u00edculas.<\/p>\n<p style=\"margin: 0cm 0cm 0pt; text-align: justify; text-indent: 25pt;\">\u00bfEs posible que el Universo este formado casi enteramente por materia, con muy poca o ninguna antimateria? Y si es as\u00ed, \u00bfpor qu\u00e9? Dado que la materia y la antimateria son equivalentes en todos los aspectos, excepto en su oposici\u00f3n electromagn\u00e9tica, cualquier fuerza que crease una originaria la otra, y el Universo deber\u00eda estar compuesta de iguales cantidades de la una y de la otra.<\/p>\n<p style=\"margin: 0cm 0cm 0pt; text-align: justify; text-indent: 25pt;\">Este es el dilema.\u00a0 La teor\u00eda nos dice que deber\u00eda haber all\u00ed antimateria, pero las observaciones lo niegan, no lo respaldan. \u00bfEs la observaci\u00f3n la que falla? \u00bfY qu\u00e9 ocurre con los n\u00facleos de las galaxias activas, e incluso m\u00e1s a\u00fan, con los qu\u00e1sares? \u00bfDeber\u00edan ser estos fen\u00f3menos energ\u00e9ticos el resultado de una aniquilaci\u00f3n materia-antimateria? \u00a1No creo! Ni siquiera ese aniquilamiento parece ser suficiente, y los astr\u00f3nomos prefieren aceptar la noci\u00f3n de colapso gravitatorio y fen\u00f3menos de <a href=\"#\" onclick=\"referencia('agujero negro',event); return false;\">agujeros negros<\/a>, como el \u00fanico mecanismo conocido para producir la energ\u00eda requerida.<\/p>\n<p style=\"margin: 0cm 0cm 0pt; text-align: justify; text-indent: 25pt;\">Con esto de la antimateria me ocurre igual que con el hecho, algunas veces planteado de su composici\u00f3n en lugares muy lejanos del Universo. Em alguna ocasi\u00f3n hemos podido leer:<\/p>\n<p style=\"margin: 0cm 0cm 0pt; text-align: justify; text-indent: 25pt;\">&#8220;Ha ca\u00eddo una nave extraterrestre y nuestros cient\u00edficos han comprobado que est\u00e1 hecha de un material desconocido aqu\u00ed en la Tierra, casi indestructible.&#8221;<\/p>\n<p style=\"margin: 0cm 0cm 0pt; text-align: justify; text-indent: 25pt;\">El comentario se ha podido o\u00edr en alguna pel\u00edcula de ciencia ficci\u00f3n. \u00bfPodr\u00eda ser verdad que existiera &#8220;un material desconocido&#8221;. No es probable que la nave est\u00e9 construida por una materia distinta, sino que, ser\u00eda la aleaci\u00f3n\u00a0la distinta y m\u00e1s avanzada a partir de los materiales conocidos en el Universo.<\/p>\n<p style=\"margin: 0cm 0cm 0pt; text-align: justify; text-indent: 25pt;\">En cualquier parte del Universo, por muy lejana que pueda estar, rigen los mismos principios y las mismas fuerzas: la materia y la energ\u00eda son las mismas en cualquier parte.<\/p>\n<p style=\"margin: 0cm 0cm 0pt; text-align: justify; text-indent: 25pt;\">Lo \u00fanico que puede ser diferente, es la forma en que se utilicen esos materiales y esas eneerg\u00edas, el tratamiento que se le pueda dar, y, sobre todo el poseer el conocimiento y la tecnolog\u00eda necesarios para poder obtener, el m\u00e1ximo resultado de las propiedades que dicha materia encierra. Porque, en \u00faltima instancia \u00bfes en verdad inerte la materia?<\/p>\n<p style=\"margin: 0cm 0cm 0pt; text-align: justify; text-indent: 25pt;\">Tiene y encierra tantos\u00a0secretos la materia que estamos a\u00fan y a\u00f1os-luz de saber y conocer sobre su verdadera naturaleza.<\/p>\n<p style=\"margin: 0cm 0cm 0pt; text-align: justify; text-indent: 25pt;\">Nos podr\u00edamos preguntar miles de cosas que no sabr\u00edamos contestar.\u00a0 Nos maravillan y asombran fen\u00f3menos naturales que ocurren ante nuestros ojos pero que tampoco sabemos, en realidad, a que son debidos.\u00a0 Si, sabemos ponerles etiquetas como, por ejemplo, la <a href=\"#\" onclick=\"referencia('fuerza nuclear debil',event); return false;\">fuerza nuclear d\u00e9bil<\/a>, la fisi\u00f3n espont\u00e1nea que tiene lugar en algunos elementos como el protactinio o el torio y, con mayor frecuencia, en los elementos que conocemos como transur\u00e1nicos.<\/p>\n<p style=\"margin: 0cm 0cm 0pt; text-align: justify; text-indent: 25pt;\">A medida que los n\u00facleos se hacen m\u00e1s grandes, la probabilidad de una fisi\u00f3n espont\u00e1nea aumenta.\u00a0 En los elementos m\u00e1s pesados de todos (einstenio, fermio y mendelevio), esto se convierte en el m\u00e9todo m\u00e1s importante de ruptura, sobre pasando a la emisi\u00f3n de <a href=\"#\" onclick=\"referencia('particula alfa',event); return false;\">part\u00edculas alfa<\/a>.<\/p>\n<p style=\"margin: 0cm 0cm 0pt; text-align: justify; text-indent: 25pt;\">\u00a1Parece que la materia est\u00e1 viva!<\/p>\n<p style=\"margin: 0cm 0cm 0pt; text-align: justify; text-indent: 25pt;\">Son muchas las cosas que desconocemos y, nuestra curiosidad nos empuja continuamente a buscar esas respuestas.<\/p>\n<p style=\"margin: 0cm 0cm 0pt; text-align: right;\"><em>emilio silvera<\/em><\/p>\n<div class='bookmark'>\r\n\t\t<table align='left' border='0' cellpadding='0' width='100%'>\r\n\t\t<tr><td><span class='pushbutton'><a href='http:\/\/delicious.com\/post?url=http%3A%2F%2Fwww.emiliosilveravazquez.com%2Fblog%2F2010%2F08%2F21%2Funa-simple-reflexion%2F&amp;title=Una+simple+reflexi%C3%B3n' title='Delicious' target='_blank' rel='nofollow'><img src='http:\/\/www.emiliosilveravazquez.com\/blog\/wp-content\/plugins\/knxdt-bookmarks-wordpress-plugin\/images\/delicious.png'  alt='' class='book_img' border='none' style='margin:1px; padding: 0;'  \/><\/a><\/span><span class='pushbutton'><a href='http:\/\/digg.com\/submit?url=http%3A%2F%2Fwww.emiliosilveravazquez.com%2Fblog%2F2010%2F08%2F21%2Funa-simple-reflexion%2F&amp;title=Una+simple+reflexi%C3%B3n' title='Digg' target='_blank' rel='nofollow'><img src='http:\/\/www.emiliosilveravazquez.com\/blog\/wp-content\/plugins\/knxdt-bookmarks-wordpress-plugin\/images\/digg.png'  alt='' class='book_img' border='none' style='margin:1px; padding: 0;'  \/><\/a><\/span><span class='pushbutton'><a href='http:\/\/www.google.com\/bookmarks\/mark?op=edit&amp;bkmk=http%3A%2F%2Fwww.emiliosilveravazquez.com%2Fblog%2F2010%2F08%2F21%2Funa-simple-reflexion%2F&amp;title=Una+simple+reflexi%C3%B3n' title='Google' target='_blank' rel='nofollow'><img src='http:\/\/www.emiliosilveravazquez.com\/blog\/wp-content\/plugins\/knxdt-bookmarks-wordpress-plugin\/images\/google.png'   alt='' class='book_img' border='none' style='margin:1px; padding: 0;'  \/><\/a><\/span><span class='pushbutton'><a href='http:\/\/myweb2.search.yahoo.com\/myresults\/bookmarklet?u=http%3A%2F%2Fwww.emiliosilveravazquez.com%2Fblog%2F2010%2F08%2F21%2Funa-simple-reflexion%2F&amp;t=Una+simple+reflexi%C3%B3n' title='Yahoo' target='_blank' rel='nofollow'><img src='http:\/\/www.emiliosilveravazquez.com\/blog\/wp-content\/plugins\/knxdt-bookmarks-wordpress-plugin\/images\/yahoo.png'  alt='' class='book_img' border='none' style='margin:1px; padding: 0;'  \/><\/a><\/span><span class='pushbutton'><a href='http:\/\/www.technorati.com\/faves?add=http%3A%2F%2Fwww.emiliosilveravazquez.com%2Fblog%2F2010%2F08%2F21%2Funa-simple-reflexion%2F' title='Technorati' target='_blank' rel='nofollow'><img src='http:\/\/www.emiliosilveravazquez.com\/blog\/wp-content\/plugins\/knxdt-bookmarks-wordpress-plugin\/images\/technorati.png'  alt='' class='book_img' border='none' style='margin:1px; padding: 0;'  \/><\/a><\/span><span class='pushbutton'><a href='http:\/\/meneame.net\/submit.php?url=http%3A%2F%2Fwww.emiliosilveravazquez.com%2Fblog%2F2010%2F08%2F21%2Funa-simple-reflexion%2F' title='Meneame' target='_blank' rel='nofollow'><img src='http:\/\/www.emiliosilveravazquez.com\/blog\/wp-content\/plugins\/knxdt-bookmarks-wordpress-plugin\/images\/meneame.png'  alt='' class='book_img' border='none' style='margin:1px; padding: 0;'  \/><\/a><\/span><span class='pushbutton'><a href='http:\/\/enchilame.com\/submit.php?url=http:\/\/www.emiliosilveravazquez.com\/blog\/2010\/08\/21\/una-simple-reflexion\/' target='_blank' rel='nofollow'><img title='Enchilame' src='http:\/\/www.emiliosilveravazquez.com\/blog\/wp-content\/plugins\/knxdt-bookmarks-wordpress-plugin\/images\/enchilame.png'  alt='' class='book_img' border='none' style='margin:1px; padding: 0;'  \/><\/a><\/span><span class='pushbutton'><a href='http:\/\/www.blinklist.com\/index.php?Action=Blink\/addblink.php&amp;Description=&amp;Url=http%3A%2F%2Fwww.emiliosilveravazquez.com%2Fblog%2F2010%2F08%2F21%2Funa-simple-reflexion%2F&amp;title=Una+simple+reflexi%C3%B3n' title='BlinkList' target='_blank' rel='nofollow'><img src='http:\/\/www.emiliosilveravazquez.com\/blog\/wp-content\/plugins\/knxdt-bookmarks-wordpress-plugin\/images\/blinklist.png'  alt='' class='book_img' border='none' style='margin:1px; padding: 0;'  \/><\/a><\/span><span class='pushbutton'><a href='http:\/\/reddit.com\/submit?url=http%3A%2F%2Fwww.emiliosilveravazquez.com%2Fblog%2F2010%2F08%2F21%2Funa-simple-reflexion%2F&amp;title=Una+simple+reflexi%C3%B3n' title='Reddit' target='_blank' rel='nofollow'><img src='http:\/\/www.emiliosilveravazquez.com\/blog\/wp-content\/plugins\/knxdt-bookmarks-wordpress-plugin\/images\/reddit.png'  alt='' class='book_img' border='none' style='margin:1px; padding: 0;'  \/><\/a><\/span><span class='pushbutton'><a href='http:\/\/www.tecnologiadiaria.com\/2009\/07\/abrir-com-hotmail-correo.html' target='_blank' title='hotmail'><img src='http:\/\/www.emiliosilveravazquez.com\/blog\/wp-content\/plugins\/knxdt-bookmarks-wordpress-plugin\/images\/linklove.png' alt='hotmail correo' class='book_img' border='none' style='margin:1px; padding: 0;' \/><\/a><\/span><span class='pushbutton'><a href='http:\/\/bitacoras.com\/votar\/anotacion\/externo\/mini\/www.emiliosilveravazquez.com\/blog\/2010\/08\/21\/una-simple-reflexion\/' title='Bitacoras.com' target='_blank' rel='nofollow'><img src='http:\/\/www.emiliosilveravazquez.com\/blog\/wp-content\/plugins\/knxdt-bookmarks-wordpress-plugin\/images\/bitacoras.png'  alt='' class='book_img' border='none' style='margin:1px; padding: 0;'  \/><\/a><\/span><span class='pushbutton'><a href='http:\/\/www.wikio.es\/vote?url=http%3A%2F%2Fwww.emiliosilveravazquez.com%2Fblog%2F2010%2F08%2F21%2Funa-simple-reflexion%2F' title='Wikio' target='_blank' rel='nofollow'><img src='http:\/\/www.emiliosilveravazquez.com\/blog\/wp-content\/plugins\/knxdt-bookmarks-wordpress-plugin\/images\/wikio.png'   alt='' class='book_img' border='none' style='margin:1px; padding: 0;'   \/><\/a><\/span><span class='pushbutton'><a href='http:\/\/friendfeed.com\/?url=http%3A%2F%2Fwww.emiliosilveravazquez.com%2Fblog%2F2010%2F08%2F21%2Funa-simple-reflexion%2F&amp;title=Una+simple+reflexi%C3%B3n' title='Friend Feed' target='_blank' rel='nofollow'><img src='http:\/\/www.emiliosilveravazquez.com\/blog\/wp-content\/plugins\/knxdt-bookmarks-wordpress-plugin\/images\/friendfeed.png'  alt='' class='book_img' border='none' style='margin:1px; padding: 0;'  \/><\/a><\/span><span class='pushbutton'><a href='http:\/\/www.facebook.com\/share.php?u=http%3A%2F%2Fwww.emiliosilveravazquez.com%2Fblog%2F2010%2F08%2F21%2Funa-simple-reflexion%2F&amp;t=Una+simple+reflexi%C3%B3n' title='Facebook' target='_blank' rel='nofollow'><img src='http:\/\/www.emiliosilveravazquez.com\/blog\/wp-content\/plugins\/knxdt-bookmarks-wordpress-plugin\/images\/facebook.png'  alt='' class='book_img' border='none' style='margin:1px; padding: 0;'  \/><\/a><\/span><span class='pushbutton'><a href='http:\/\/twitter.com\/home?status=Una+simple+reflexi%C3%B3n: http%3A%2F%2Fwww.emiliosilveravazquez.com%2Fblog%2F2010%2F08%2F21%2Funa-simple-reflexion%2F' title='Twitter' target='_blank' rel='nofollow'><img src='http:\/\/www.emiliosilveravazquez.com\/blog\/wp-content\/plugins\/knxdt-bookmarks-wordpress-plugin\/images\/twitter.png'  alt='' class='book_img' border='none' style='margin:1px; padding: 0;'  \/><\/a><\/span><span class='pushbutton'><a href='http:\/\/www.feedburner.com\/fb\/a\/emailFlare?itemTitle=Una+simple+reflexi%C3%B3n&amp;uri=http%3A%2F%2Fwww.emiliosilveravazquez.com%2Fblog%2F2010%2F08%2F21%2Funa-simple-reflexion%2F' title='Enviar por Email' target='_blank' rel='nofollow'><img src='http:\/\/www.emiliosilveravazquez.com\/blog\/wp-content\/plugins\/knxdt-bookmarks-wordpress-plugin\/images\/email.png'  alt='' class='book_img' border='none' style='margin:1px; padding: 0;'  \/><\/a><\/span><span style='font-weight:bold; padding-left: 5px;'><a href='http:\/\/wordpress.org\/extend\/plugins\/knxdt-bookmarks-wordpress-plugin\/' title='Plugin' rel='nofollow' target='_blank'>[?]<\/a><\/span><\/td><\/tr><\/table><br\/><br\/><\/div>","protected":false},"excerpt":{"rendered":"<p>Particularmente creo que, si el neutr\u00f3n tiene masa, si la masa es energ\u00eda (E=mc2), y si la energ\u00eda es electricidad y magnetismo (seg\u00fan Maxwell), el magnetismo del neutr\u00f3n no es tan extra\u00f1o, sino que es un aspecto de lo que en realidad es, \u00a1materia! La materia es la luz, la energ\u00eda, el magnetismo.\u00a0 En definitiva, [&hellip;]<\/p>\n","protected":false},"author":2,"featured_media":0,"comment_status":"open","ping_status":"open","sticky":false,"template":"","format":"standard","meta":{"_s2mail":"","footnotes":""},"categories":[9],"tags":[],"_links":{"self":[{"href":"http:\/\/www.emiliosilveravazquez.com\/blog\/wp-json\/wp\/v2\/posts\/1233"}],"collection":[{"href":"http:\/\/www.emiliosilveravazquez.com\/blog\/wp-json\/wp\/v2\/posts"}],"about":[{"href":"http:\/\/www.emiliosilveravazquez.com\/blog\/wp-json\/wp\/v2\/types\/post"}],"author":[{"embeddable":true,"href":"http:\/\/www.emiliosilveravazquez.com\/blog\/wp-json\/wp\/v2\/users\/2"}],"replies":[{"embeddable":true,"href":"http:\/\/www.emiliosilveravazquez.com\/blog\/wp-json\/wp\/v2\/comments?post=1233"}],"version-history":[{"count":0,"href":"http:\/\/www.emiliosilveravazquez.com\/blog\/wp-json\/wp\/v2\/posts\/1233\/revisions"}],"wp:attachment":[{"href":"http:\/\/www.emiliosilveravazquez.com\/blog\/wp-json\/wp\/v2\/media?parent=1233"}],"wp:term":[{"taxonomy":"category","embeddable":true,"href":"http:\/\/www.emiliosilveravazquez.com\/blog\/wp-json\/wp\/v2\/categories?post=1233"},{"taxonomy":"post_tag","embeddable":true,"href":"http:\/\/www.emiliosilveravazquez.com\/blog\/wp-json\/wp\/v2\/tags?post=1233"}],"curies":[{"name":"wp","href":"https:\/\/api.w.org\/{rel}","templated":true}]}}