{"id":12139,"date":"2015-03-04T06:14:08","date_gmt":"2015-03-04T05:14:08","guid":{"rendered":"http:\/\/www.emiliosilveravazquez.com\/blog\/?p=12139"},"modified":"2015-03-04T06:14:08","modified_gmt":"2015-03-04T05:14:08","slug":"%c2%a1la-fisica-del-siglo-xix","status":"publish","type":"post","link":"http:\/\/www.emiliosilveravazquez.com\/blog\/2015\/03\/04\/%c2%a1la-fisica-del-siglo-xix\/","title":{"rendered":"\u00a1La F\u00edsica del siglo XIX"},"content":{"rendered":"<div>\n<h2 style=\"text-align: justify;\">\u00a0\u00ab <a href=\"http:\/\/www.emiliosilveravazquez.com\/blog\/2015\/01\/28\/fenomenos-inexplicables-3\/\" rel=\"prev\">Fen\u00f3menos inexplicables<\/a><\/h2>\n<\/div>\n<div style=\"text-align: justify;\">\n<div><a href=\"http:\/\/www.emiliosilveravazquez.com\/blog\/2015\/01\/28\/la-necesidad-agudiza-la-imaginacion-4\/\" rel=\"next\">La necesidad agudiza la imaginaci\u00f3n<\/a> \u00bb<\/div>\n<\/div>\n<h3><\/h3>\n<p>&nbsp;<\/p>\n<p><img decoding=\"async\" loading=\"lazy\" src=\"http:\/\/delegacionandaluzasea.files.wordpress.com\/2012\/07\/hombreuniverso.jpg?w=378&amp;h=498\" alt=\"\" width=\"378\" height=\"498\" \/><\/p>\n<div>\n<div style=\"text-align: justify;\">\n<h2>\u00a0<a href=\"http:\/\/www.emiliosilveravazquez.com\/blog\/2014\/07\/13\/el-universo-y-la-vida%e2%80%a6-%c2%a1nuestra-imaginacion-2\/\" rel=\"prev\">El Universo y la Vida\u2026 \u00a1Nuestra imaginaci\u00f3n!<\/a><\/h2>\n<\/div>\n<div><a href=\"http:\/\/www.emiliosilveravazquez.com\/blog\/2014\/07\/14\/si-el-universo-es%e2%80%a6-%c2%a1asombroso\/\" rel=\"next\">S\u00ed, el Universo es\u2026 \u00a1Asombroso!<\/a><\/div>\n<p style=\"text-align: justify;\"><img decoding=\"async\" loading=\"lazy\" id=\"irc_mi\" src=\"https:\/\/astrofisicaconsalypimienta.files.wordpress.com\/2013\/03\/alma_starbust.jpg?w=640\" alt=\"\" width=\"629\" height=\"393\" \/><\/p>\n<div>\n<div style=\"text-align: justify;\">\n<h2>\u00a0 <a href=\"http:\/\/www.emiliosilveravazquez.com\/blog\/2012\/11\/11\/5457\/\" rel=\"prev\">M\u00e1s sobre cuerdas<\/a><\/h2>\n<\/div>\n<div><a href=\"http:\/\/www.emiliosilveravazquez.com\/blog\/2012\/11\/12\/hasta-llegar-a-la-verdad-se-necesita-tiempo-y-muchas-mentes\/\" rel=\"next\">Hasta llegar a la verdad: Se necesita tiempo y muchas mentes<\/a><\/div>\n<p style=\"text-align: justify;\"><img decoding=\"async\" loading=\"lazy\" id=\"irc_mi\" src=\"http:\/\/mit.ocw.universia.net\/STS.042J\/NR\/rdonlyres\/Global\/B\/BD57D301-30B1-464A-B47A-59EEFCE7BA26\/0\/chp_collage_ein_opp_law_sea_feyn.jpg\" alt=\"\" width=\"339\" height=\"353\" \/><\/p>\n<div>\n<p style=\"text-align: justify;\">\u00a0\u00a0\u00a0\u00a0\u00a0\u00a0\u00a0\u00a0\u00a0\u00a0\u00a0\u00a0\u00a0\u00a0 La F\u00edsica, como todo, evoluciona<\/p>\n<p style=\"text-align: justify;\">Simplemente con echar una mirada al siglo XIX, nos podemos percatar de que, ese per\u00edodo fue apasionante la Ciencia y la Tecnolog\u00eda que comenzaron a cambiar de manera acelerada produciendo importantes cambios en nuestra Sociedad, sus usos y sus costumbres.<\/p>\n<p style=\"text-align: justify;\">No es extra\u00f1o encontrar textos de la \u00e9poca en los que, aquella sucesi\u00f3n imparable de inventos y de muchos descubrimientos, marcar\u00edan el desarrollo de una nueva Humanidad.<\/p>\n<p><center><img decoding=\"async\" loading=\"lazy\" src=\"http:\/\/bibliotecadigital.ilce.edu.mx\/sites\/ciencia\/volumen2\/ciencia3\/056\/imgs\/f8p21.jpg\" alt=\"\" width=\"338\" height=\"250\" border=\"0\" \/><\/center><\/p>\n<p style=\"text-align: justify;\">\u00a0\u00a0\u00a0\u00a0\u00a0\u00a0\u00a0\u00a0\u00a0\u00a0\u00a0\u00a0\u00a0\u00a0\u00a0\u00a0\u00a0\u00a0\u00a0\u00a0\u00a0\u00a0\u00a0\u00a0\u00a0\u00a0\u00a0\u00a0\u00a0\u00a0\u00a0\u00a0\u00a0\u00a0\u00a0\u00a0\u00a0\u00a0\u00a0\u00a0\u00a0\u00a0\u00a0\u00a0\u00a0\u00a0\u00a0\u00a0\u00a0\u00a0\u00a0\u00a0\u00a0\u00a0\u00a0\u00a0\u00a0\u00a0\u00a0\u00a0\u00a0\u00a0\u00a0\u00a0\u00a0\u00a0\u00a0\u00a0\u00a0\u00a0\u00a0\u00a0\u00a0\u00a0\u00a0\u00a0\u00a0\u00a0\u00a0\u00a0\u00a0\u00a0\u00a0\u00a0\u00a0\u00a0\u00a0\u00a0\u00a0\u00a0\u00a0\u00a0\u00a0\u00a0\u00a0\u00a0\u00a0\u00a0\u00a0\u00a0\u00a0\u00a0\u00a0\u00a0\u00a0\u00a0\u00a0\u00a0\u00a0\u00a0\u00a0\u00a0\u00a0\u00a0\u00a0\u00a0\u00a0\u00a0\u00a0\u00a0\u00a0\u00a0\u00a0\u00a0\u00a0\u00a0\u00a0\u00a0 Faraday y J. C. Maxwell.<\/p>\n<p style=\"text-align: justify;\">Las lecturas de la \u00e9poca dejan a veces traslucir sentimientos de asombro, admiraci\u00f3n, desconcierto y, a veces, un poco de temor de todos aquellos avances que parec\u00edan sacados de una novela de ciencia ficci\u00f3n.<\/p>\n<p style=\"text-align: justify;\">S\u00ed, queremos mostrar episodios referidos a grandes descubrimientos que, por estas razones, llaman la atenci\u00f3n. Claro que, si nos trasladamos mentalmente a aquellos momentos y aquella \u00e9poca, podremos comprender mejor, todas aquellas reacciones entonces desencadenadas que , vistas en perspectiva, son lo que ser\u00eda de esperar y de una total normalidad.<\/p>\n<p style=\"text-align: justify;\"><img decoding=\"async\" src=\"http:\/\/tallcute.files.wordpress.com\/2008\/01\/genios.jpg?w=500\" alt=\"Genios en una\u00a0reunion\" \/><\/p>\n<p style=\"text-align: justify;\">\u00bfQue ser\u00eda de nuestro mundo sin las personas que aparecen en esta foto?. Ser\u00eda dif\u00edcil nombrar a un f\u00edsico relevante del siglo XX que no aparezca en ella. Corresponde a la quinta conferencia, a\u00f1o 1927, promovida por el fil\u00e1ntropo belga Ernerst Solvay. De los 29 asistentes, 17 ya hab\u00edan, o lo har\u00edan poco despu\u00e9s, ganado el premio Nobel (al menos una vez). Schr\u00f6dinger, <a href=\"http:\/\/www.emiliosilveravazquez.com\/blog\/2015\/01\/28\/%C2%A1la-fisica-en-el-siglo-xix-3\/#\"><a href=\"#\" onclick=\"referencia('einstein',event); return false;\">Einstein<\/a><\/a> (repite en esta lista), M. Curie, Bohr, Planck, Lorentz, Heissenberg, Pauli\u2026 cient\u00edficos inigualables que cambiaron el concepto del mundo, desde el vasto Universo hasta el peque\u00f1o \u00e1tomo.<\/p>\n<p style=\"text-align: justify;\">Aquellos episodios fueron recogidos en lecturas y manuales de F\u00edsica del siglo XIX, y, lo mismo que fueron saliendo a la luz (sin orden ni concierto), ser\u00e1n aqu\u00ed comentados. Lo cierto es que, todo aquello nos trajo consecuencias hist\u00f3ricas, sociales y educativas.<\/p>\n<p style=\"text-align: justify;\">En general, el siglo XIX es el de la consolidaci\u00f3n de la F\u00edsica como disciplina aut\u00f3noma. Se manifiesta en ella un af\u00e1n por establecer un campo de estudio propio, separ\u00e1ndose por un lado de la Qu\u00edmica, y por el otro de las matem\u00e1ticas, a la que ha pertenecido hasta entonces como una rama de la misma: las matem\u00e1ticas mixtas(\u00f3ptica, est\u00e1tica, astronom\u00eda.<\/p>\n<p style=\"text-align: justify;\">En ese momento la F\u00edsica comienza a adquirir importancia las distintas ramas del saber. Dos factores contribuyen a ello. El primero, la incorporaci\u00f3n de nuevos conocimientos que ampl\u00edan espectacularmente el horizonte de la disciplina. El segundo, el fundamental: el cambio de orientaci\u00f3n con relaci\u00f3n al esp\u00edritu especulativo que estuvo presente hasta bien avanzado el siglo anterior.<\/p>\n<p style=\"text-align: justify;\"><img decoding=\"async\" loading=\"lazy\" id=\"irc_mi\" src=\"http:\/\/scholamundi.50webs.org\/fisica\/hist_fis_siglo_20.jpg\" alt=\"\" width=\"469\" height=\"228\" \/><\/p>\n<p style=\"text-align: justify;\">\u00a0\u00a0\u00a0\u00a0\u00a0\u00a0\u00a0\u00a0\u00a0\u00a0\u00a0\u00a0\u00a0\u00a0\u00a0\u00a0\u00a0\u00a0\u00a0\u00a0\u00a0\u00a0 Pronto llegar\u00edan nuevos conceptos, nuevas teor\u00edas<\/p>\n<p style=\"text-align: justify;\">De este modo, la F\u00edsica asume un enfoque m\u00e1s experimental, al tiempo que dar\u00e1 paso a una utilizaci\u00f3n creciente de las matem\u00e1ticas.<\/p>\n<p style=\"text-align: justify;\">Drespretz, en el pr\u00f3logo de su F\u00edsica Experimental (1839): \u201cLa F\u00edsica, en el estado \u00e1 que ha llegado en la actualidad, no tiene de com\u00fan m\u00e1s que el con la F\u00edsica llamada escol\u00e1stica, que los preceptos de Bac\u00f3n y los ejemplos de Galileo han contribuido felizmente \u00e1 desterrar de la ense\u00f1anza p\u00fablica.\u201d<\/p>\n<p style=\"text-align: justify;\">La F\u00edsica de orientaci\u00f3n escol\u00e1stica todav\u00eda perdura, especialmente en nuestro pa\u00eds, a principios del siglo XIX. marcar las diferencias, se insiste en que la nueva F\u00edsica es F\u00edsica Experimental que se contempla como \u201cciencia \u00fatil\u201d y capaz de incidir con sus aplicaciones en la vida de las personas y en las Sociedades en general.<\/p>\n<p style=\"text-align: justify;\"><img decoding=\"async\" loading=\"lazy\" id=\"irc_mi\" src=\"http:\/\/www.urban75.org\/brixton\/history\/images\/atlantic-road-brixton-01.jpg\" alt=\"\" width=\"580\" height=\"351\" \/><\/p>\n<p style=\"text-align: justify;\">Aquellos tiempos eran de carruajes que comenzaron a correr sin caballos, m\u00e1quinas de vapor que \u201caprovecha la potencia motriz del fuego\u201d que surgieron en Inglaterra del siglo XVIII para sustituir a los animales en el bombeo del agua, cuando \u00e9sta inundaba las minas de carb\u00f3n. La m\u00e1quina \u201catmosf\u00e9rica\u201d de Newcomen fue la primera, seguida por la de Watt que mejor\u00f3 el dise\u00f1o con un condensador para el vapor, haci\u00e9ndola mucho m\u00e1s eficiente.<\/p>\n<p style=\"text-align: justify;\">En 1827, el ingeniero franc\u00e9s Marc Seguir invent\u00f3 la caldera tubular, que obten\u00eda mayor provecho de la fuerza generada por el vapor. Stephenson aplic\u00f3 sistema a la locomotora The Rocket, que era capaz de transportar 12.942 kilos a 24 km por hora con una pendiente del 2%.<\/p>\n<div style=\"text-align: justify;\"><a href=\"http:\/\/i1222.photobucket.com\/albums\/dd482\/magnificos\/Ciencia\/telefono.jpg\"><img decoding=\"async\" loading=\"lazy\" src=\"http:\/\/i1222.photobucket.com\/albums\/dd482\/magnificos\/Ciencia\/telefono.jpg\" alt=\"\" width=\"640\" height=\"442\" border=\"0\" \/><\/a><\/div>\n<div style=\"text-align: justify;\">\u00a0 \u00a0 \u00a0 \u00a0 \u00a0 \u00a0 \u00a0 \u00a0 \u00a0 \u00a0 \u00a0 \u00a0 \u00a0\u00a0 Otro invento del que ahora, el mundo no podr\u00eda prescindir<\/div>\n<div style=\"text-align: justify;\">El tel\u00e9fono moderno es la culminaci\u00f3n del trabajo realizado por muchas personas e inventores. La historia de la invenci\u00f3n del tel\u00e9fono es una confusa colecci\u00f3n de demandas y contrademandas para decidir qui\u00e9n ten\u00eda los derechos sobre la patente y tambi\u00e9n qui\u00e9n era el primer inventor del tel\u00e9fono. La realidad sobre qui\u00e9n invent\u00f3 el tel\u00e9fono Durante mucho tiempo Graham Bell ha sido reconocido como el inventor del tel\u00e9fono; sin embargo en Italia se reconoce a Antonio Meucci como el leg\u00edtimo inventor del tel\u00e9fono. La realidad es que Graham Bell rob\u00f3 ideas de otros inventores para finalmente patentar su modelo de tel\u00e9fono. Est\u00e1 demostrado que Bell tom\u00f3 como suyas ideas de las patentes de Antonio Meucci, Innocenzo Manzetti y Elisha Gray para posteriormente patentarlas.<\/div>\n<p style=\"text-align: justify;\">Ninguno de aquellos avances se llev\u00f3 a cabo con respaldo te\u00f3rico hasta que aparecen los estudios de Carnot en 1824. En ese nace la termodin\u00e1mica y a partir de ah\u00ed el progreso se dispara.<\/p>\n<p style=\"text-align: justify;\">La M\u00e1quina de vapor tiene lugar preferente en los manuales de F\u00edsica de la \u00e9poca y se describen de manera minuciosa todos y uno de los elementos que intervienen en su funcionamiento. Faltaba sin embargo, la fundamentaci\u00f3n te\u00f3rica, la cual tardar\u00eda varias d\u00e9cadas en ser incorporada.<\/p>\n<p style=\"text-align: justify;\">A lo m\u00e1s, los dos \u00fanicos principios explicativos que aparecen son la \u201cfuerza el\u00e1stica del vapor\u201d y \u201cla ca\u00edda de presi\u00f3n cuando el vapor se condensa\u201d. Claro que, la m\u00e1quina de vapor adopt\u00f3 nuevos y m\u00e1s modernos dise\u00f1os y, de estar fijas en sus lugares de , pasaron a poder desplazarse con la gran ventaja que ello supon\u00eda, y, hasta tal punto fue as\u00ed que, aquella idea del desplazamiento, dio lugar a la llegada del Ferrocarril por una parte y de la Navegaci\u00f3n fluvial a vapor por otra, con lo cual, aquello nos llev\u00f3 en volandas hacia el futuro. Un futuro hasta hac\u00eda poco impensable.<\/p>\n<p style=\"text-align: justify;\"><img decoding=\"async\" loading=\"lazy\" id=\"irc_mi\" src=\"http:\/\/4.bp.blogspot.com\/-eIE2Cu2ux0k\/T_nDJ1a7OqI\/AAAAAAAAAMM\/kGWI9yEyf3I\/s1600\/0904.jpg\" alt=\"\" width=\"640\" height=\"393\" \/><\/p>\n<p style=\"text-align: justify;\">\u201c[\u2026] m\u00e1quinas admirables que lo mismo producen su efecto en puntos fijos, como marchando con una prodigiosa velocidad, ya sobre las barras de hierro, borrando las distancias, \u00f3 ya surcando los mares sobre unas tablas, y haciendo vecinos los dos mundos que estos mares separan. (Rodr\u00edguez, 1858, p. 320, en su manual de F\u00edsica general y aplicada a la agricultura y a la industria. Madrid, Aguado (1858).\u201d<\/p>\n<p style=\"text-align: justify;\">Resulta muy curioso en la que eran presentados estos nuevos inventos y las referencias que utilizaban para ello al tratar de transmitir al lector novedades de tal magnitud:<\/p>\n<p style=\"text-align: justify;\"><img decoding=\"async\" loading=\"lazy\" id=\"irc_mi\" src=\"http:\/\/upload.wikimedia.org\/wikipedia\/commons\/0\/03\/1894_paris-rouen_-_count_albert_de_dion_%28de_dion-bouton_steam_tractor%29_finished_1st,_ruled_ineligible_for_prize.jpg\" alt=\"\" width=\"639\" height=\"393\" \/><\/p>\n<p style=\"text-align: justify;\">\u201cIgualmente se las ha aplicado \u00e1 los carruajes que se hacen marchar sin caballer\u00edas para transportar cargamentos muy considerables, \u00f3 mejor para arrastrar tras de s\u00ed un n\u00famero mayor o menor de carruajes ordinarios cargados de todas las mercanc\u00edas, \u00f3 de otra clase de objetos. (Beudant, 1841, p. 283. Tratado Elemental de F\u00edsica (3\u00aa Edic.) Madrid, Imprenta de Arias (1841).\u201d<\/p>\n<p style=\"text-align: justify;\">Como vemos, lo era descrito en base a lo ancestral. Se percibe que comienza a producirse cambios de incalculables consecuencias, que har\u00e1 que el mundo, deje de ser lo que era.<\/p>\n<p style=\"text-align: justify;\">Tras haber pasado desapercibida siglos, la electricidad comienza un desarrollo fulgurante en el siglo XVIII. En ese per\u00edodo se establecen las leyes b\u00e1sicas y surgen las primeras teor\u00edas explicativas de los fen\u00f3menos conocidos. Coulomb cierra el siglo estableciendo la primera ley cuantitativa e introduciendo la electricidad en el marco de la ciencia newtoniana.<\/p>\n<p style=\"text-align: justify;\"><img decoding=\"async\" loading=\"lazy\" src=\"http:\/\/upload.wikimedia.org\/wikipedia\/commons\/thumb\/5\/54\/VoltaBattery.JPG\/220px-VoltaBattery.JPG\" alt=\"\" width=\"220\" height=\"293\" \/><img decoding=\"async\" src=\"http:\/\/4.bp.blogspot.com\/_5QdF-3c1Ae4\/TLIDwai7XWI\/AAAAAAAACGA\/__n_AsyFraY\/s1600\/luz+de+gas+en+londres+1.jpg\" alt=\"\" \/><\/p>\n<p style=\"text-align: justify;\">\u00a0\u00a0\u00a0\u00a0\u00a0\u00a0\u00a0\u00a0\u00a0\u00a0\u00a0\u00a0\u00a0\u00a0\u00a0\u00a0\u00a0\u00a0 La bateria el\u00e9ctrica de Volta y las primeras ciudades alumbradas<\/p>\n<p style=\"text-align: justify;\">Volta apil\u00f3 discos de igual tama\u00f1o de cobre y de cinc, s\u00f3lo o con esta\u00f1o, alternados, que llevan intercalados cada uno de ellos un pa\u00f1o humedecido. Esta \u201cpila de discos\u201d empieza y termina con discos de diferente tipo. Conectando con un alambre los discos situados en los extremos logr\u00f3 que fluyera un flujo el\u00e9ctrico. Impregnando el pa\u00f1o en determinadas sales la corriente obtenida era mucho mayor.<\/p>\n<p style=\"text-align: justify;\">As\u00ed, en el siglo XIX se abre con una aportaci\u00f3n de gran trascendencia: la pila de Volta, cuyos efectos \u201cson tan extraordinarios que sin exageraci\u00f3n se puede decir que es el instrumento m\u00e1s maravilloso que ha creado la inteligencia humana\u201d (Gonz\u00e1lez Ch\u00e1varri, 1848). La pila amplia el campo de la electricidad incorporando todos los fen\u00f3menos relacionados con la entonces llamada \u201celectricidad galv\u00e1nica\u201d. Poco m\u00e1s tarde, gracias a los trabajos de Oersted y Faraday, aparece otro dominio de inmensas posibilidades: el electromagnetismo. El descubrimiento de la conexi\u00f3n entre corriente el\u00e9ctrica e imanes va a ser seguida de la puesta a punto de aparatos y m\u00e1quinas que ser\u00e1n el soporte de la electricidad industrial y marcar\u00e1n el tr\u00e1nsito hacia la Sociedad contempor\u00e1nea.<\/p>\n<p style=\"text-align: justify;\">La Electricidad acu\u00f1a fama de ser un agente f\u00edsico poderoso y, al mismo tiempo, sorprendente, vistos los fen\u00f3menos y efectos que suele protagonizar. Se presenta como capaz de hacer posible todo lo imaginable e inimaginable. Tanto es as\u00ed que por ejemplo, es capaz de producir luz \u00a1sin utilizar fuego! As\u00ed, los manuales describen la experiencia realizada por Davy en 1801, que mediante una pila de gran de elementos hace saltar un arco de luz cegadora (arco voltaico) entre dos barras pr\u00f3ximas de carb\u00f3n.<\/p>\n<p style=\"text-align: justify;\"><img decoding=\"async\" loading=\"lazy\" src=\"http:\/\/img.interempresas.net\/fotos\/294601.gif\" alt=\"foto\" width=\"400\" height=\"267\" \/><img decoding=\"async\" loading=\"lazy\" id=\"irc_mi\" src=\"http:\/\/img.youtube.com\/vi\/fRJ8Jli4ScE\/0.jpg\" alt=\"\" width=\"480\" height=\"360\" \/><\/p>\n<p style=\"text-align: justify;\">Liebherr, en el emplazamiento brit\u00e1nico de Sunderland, se decidi\u00f3 por el moderno procedimiento por arco voltaico pulsado, por lo que utiliza sistemas digitales del TransPuls Synergic 5000 de Fronius.<\/p>\n<p style=\"text-align: justify;\">La luz a diferencia de las chispas se manten\u00edan durante un cierto tiempo, pero las barras se iban consumiendo y llegaba un momento en que cesaba el fen\u00f3meno. Con base a experiencia se construyeron aparatos destinados a la iluminaci\u00f3n, provistos de un complicado sistema que manten\u00eda las distancias de las barras. El arco estaba protegido de las corrientes de aire por un tubo de vidrio.<\/p>\n<p style=\"text-align: justify;\">Otro inconveniente era la duraci\u00f3n muy limitada de pilas y bater\u00edas, pero a partir de los a\u00f1os 1860 comenzaron a estar operativas las dinamos y problema qued\u00f3 solucionado.<\/p>\n<p style=\"text-align: justify;\"><img decoding=\"async\" loading=\"lazy\" id=\"irc_mi\" src=\"http:\/\/oldcivilizations.files.wordpress.com\/2012\/02\/nicola-tesla-31-fotografia.jpg\" alt=\"\" width=\"382\" height=\"337\" \/><\/p>\n<p style=\"text-align: justify;\">\u00a0\u00a0\u00a0\u00a0\u00a0 No ser\u00eda justo hablar de la luz sin nombrar a N. Tesla<\/p>\n<p style=\"text-align: justify;\">Poco m\u00e1s tarde, 1880 y gracias a que el espabilado Edison se apropi\u00f3 de las ideas de Tesla, surgi\u00f3 y se impuls\u00f3 la bombilla de incandescencia, dispositivo durable y de bajo coste de producir luz mediante la corriente. Ha sido el sistema que hemos conocido hasta nuestros d\u00edas.<\/p>\n<p style=\"text-align: justify;\">Podr\u00edamos seguir hasta llegar a lo que hoy es la Fisica, sin embargo, ni el sitio es tan extenso ni el tiempo lo permite.<\/p>\n<p style=\"text-align: justify;\">emilio silvera<\/p>\n<\/div>\n<\/div>\n<\/div>\n<div class='bookmark'>\r\n\t\t<table align='left' border='0' cellpadding='0' width='100%'>\r\n\t\t<tr><td><span class='pushbutton'><a href='http:\/\/delicious.com\/post?url=http%3A%2F%2Fwww.emiliosilveravazquez.com%2Fblog%2F2015%2F03%2F04%2F%25c2%25a1la-fisica-del-siglo-xix%2F&amp;title=%C2%A1La+F%C3%ADsica+del+siglo+XIX' title='Delicious' target='_blank' rel='nofollow'><img src='http:\/\/www.emiliosilveravazquez.com\/blog\/wp-content\/plugins\/knxdt-bookmarks-wordpress-plugin\/images\/delicious.png'  alt='' class='book_img' border='none' style='margin:1px; padding: 0;'  \/><\/a><\/span><span class='pushbutton'><a href='http:\/\/digg.com\/submit?url=http%3A%2F%2Fwww.emiliosilveravazquez.com%2Fblog%2F2015%2F03%2F04%2F%25c2%25a1la-fisica-del-siglo-xix%2F&amp;title=%C2%A1La+F%C3%ADsica+del+siglo+XIX' title='Digg' target='_blank' rel='nofollow'><img src='http:\/\/www.emiliosilveravazquez.com\/blog\/wp-content\/plugins\/knxdt-bookmarks-wordpress-plugin\/images\/digg.png'  alt='' class='book_img' border='none' style='margin:1px; padding: 0;'  \/><\/a><\/span><span class='pushbutton'><a href='http:\/\/www.google.com\/bookmarks\/mark?op=edit&amp;bkmk=http%3A%2F%2Fwww.emiliosilveravazquez.com%2Fblog%2F2015%2F03%2F04%2F%25c2%25a1la-fisica-del-siglo-xix%2F&amp;title=%C2%A1La+F%C3%ADsica+del+siglo+XIX' title='Google' target='_blank' rel='nofollow'><img src='http:\/\/www.emiliosilveravazquez.com\/blog\/wp-content\/plugins\/knxdt-bookmarks-wordpress-plugin\/images\/google.png'   alt='' class='book_img' border='none' style='margin:1px; padding: 0;'  \/><\/a><\/span><span class='pushbutton'><a href='http:\/\/myweb2.search.yahoo.com\/myresults\/bookmarklet?u=http%3A%2F%2Fwww.emiliosilveravazquez.com%2Fblog%2F2015%2F03%2F04%2F%25c2%25a1la-fisica-del-siglo-xix%2F&amp;t=%C2%A1La+F%C3%ADsica+del+siglo+XIX' title='Yahoo' target='_blank' rel='nofollow'><img src='http:\/\/www.emiliosilveravazquez.com\/blog\/wp-content\/plugins\/knxdt-bookmarks-wordpress-plugin\/images\/yahoo.png'  alt='' class='book_img' border='none' style='margin:1px; padding: 0;'  \/><\/a><\/span><span class='pushbutton'><a href='http:\/\/www.technorati.com\/faves?add=http%3A%2F%2Fwww.emiliosilveravazquez.com%2Fblog%2F2015%2F03%2F04%2F%25c2%25a1la-fisica-del-siglo-xix%2F' title='Technorati' target='_blank' rel='nofollow'><img src='http:\/\/www.emiliosilveravazquez.com\/blog\/wp-content\/plugins\/knxdt-bookmarks-wordpress-plugin\/images\/technorati.png'  alt='' class='book_img' border='none' style='margin:1px; padding: 0;'  \/><\/a><\/span><span class='pushbutton'><a href='http:\/\/meneame.net\/submit.php?url=http%3A%2F%2Fwww.emiliosilveravazquez.com%2Fblog%2F2015%2F03%2F04%2F%25c2%25a1la-fisica-del-siglo-xix%2F' title='Meneame' target='_blank' rel='nofollow'><img src='http:\/\/www.emiliosilveravazquez.com\/blog\/wp-content\/plugins\/knxdt-bookmarks-wordpress-plugin\/images\/meneame.png'  alt='' class='book_img' border='none' style='margin:1px; padding: 0;'  \/><\/a><\/span><span class='pushbutton'><a href='http:\/\/enchilame.com\/submit.php?url=http:\/\/www.emiliosilveravazquez.com\/blog\/2015\/03\/04\/%c2%a1la-fisica-del-siglo-xix\/' target='_blank' rel='nofollow'><img title='Enchilame' src='http:\/\/www.emiliosilveravazquez.com\/blog\/wp-content\/plugins\/knxdt-bookmarks-wordpress-plugin\/images\/enchilame.png'  alt='' class='book_img' border='none' style='margin:1px; padding: 0;'  \/><\/a><\/span><span class='pushbutton'><a href='http:\/\/www.blinklist.com\/index.php?Action=Blink\/addblink.php&amp;Description=&amp;Url=http%3A%2F%2Fwww.emiliosilveravazquez.com%2Fblog%2F2015%2F03%2F04%2F%25c2%25a1la-fisica-del-siglo-xix%2F&amp;title=%C2%A1La+F%C3%ADsica+del+siglo+XIX' title='BlinkList' target='_blank' rel='nofollow'><img src='http:\/\/www.emiliosilveravazquez.com\/blog\/wp-content\/plugins\/knxdt-bookmarks-wordpress-plugin\/images\/blinklist.png'  alt='' class='book_img' border='none' style='margin:1px; padding: 0;'  \/><\/a><\/span><span class='pushbutton'><a href='http:\/\/reddit.com\/submit?url=http%3A%2F%2Fwww.emiliosilveravazquez.com%2Fblog%2F2015%2F03%2F04%2F%25c2%25a1la-fisica-del-siglo-xix%2F&amp;title=%C2%A1La+F%C3%ADsica+del+siglo+XIX' title='Reddit' target='_blank' rel='nofollow'><img src='http:\/\/www.emiliosilveravazquez.com\/blog\/wp-content\/plugins\/knxdt-bookmarks-wordpress-plugin\/images\/reddit.png'  alt='' class='book_img' border='none' style='margin:1px; padding: 0;'  \/><\/a><\/span><span class='pushbutton'><a href='http:\/\/www.tecnologiadiaria.com\/2009\/07\/abrir-com-hotmail-correo.html' target='_blank' title='hotmail'><img src='http:\/\/www.emiliosilveravazquez.com\/blog\/wp-content\/plugins\/knxdt-bookmarks-wordpress-plugin\/images\/linklove.png' alt='hotmail correo' class='book_img' border='none' style='margin:1px; padding: 0;' \/><\/a><\/span><span class='pushbutton'><a href='http:\/\/bitacoras.com\/votar\/anotacion\/externo\/mini\/www.emiliosilveravazquez.com\/blog\/2015\/03\/04\/%c2%a1la-fisica-del-siglo-xix\/' title='Bitacoras.com' target='_blank' rel='nofollow'><img src='http:\/\/www.emiliosilveravazquez.com\/blog\/wp-content\/plugins\/knxdt-bookmarks-wordpress-plugin\/images\/bitacoras.png'  alt='' class='book_img' border='none' style='margin:1px; padding: 0;'  \/><\/a><\/span><span class='pushbutton'><a href='http:\/\/www.wikio.es\/vote?url=http%3A%2F%2Fwww.emiliosilveravazquez.com%2Fblog%2F2015%2F03%2F04%2F%25c2%25a1la-fisica-del-siglo-xix%2F' title='Wikio' target='_blank' rel='nofollow'><img src='http:\/\/www.emiliosilveravazquez.com\/blog\/wp-content\/plugins\/knxdt-bookmarks-wordpress-plugin\/images\/wikio.png'   alt='' class='book_img' border='none' style='margin:1px; padding: 0;'   \/><\/a><\/span><span class='pushbutton'><a href='http:\/\/friendfeed.com\/?url=http%3A%2F%2Fwww.emiliosilveravazquez.com%2Fblog%2F2015%2F03%2F04%2F%25c2%25a1la-fisica-del-siglo-xix%2F&amp;title=%C2%A1La+F%C3%ADsica+del+siglo+XIX' title='Friend Feed' target='_blank' rel='nofollow'><img src='http:\/\/www.emiliosilveravazquez.com\/blog\/wp-content\/plugins\/knxdt-bookmarks-wordpress-plugin\/images\/friendfeed.png'  alt='' class='book_img' border='none' style='margin:1px; padding: 0;'  \/><\/a><\/span><span class='pushbutton'><a href='http:\/\/www.facebook.com\/share.php?u=http%3A%2F%2Fwww.emiliosilveravazquez.com%2Fblog%2F2015%2F03%2F04%2F%25c2%25a1la-fisica-del-siglo-xix%2F&amp;t=%C2%A1La+F%C3%ADsica+del+siglo+XIX' title='Facebook' target='_blank' rel='nofollow'><img src='http:\/\/www.emiliosilveravazquez.com\/blog\/wp-content\/plugins\/knxdt-bookmarks-wordpress-plugin\/images\/facebook.png'  alt='' class='book_img' border='none' style='margin:1px; padding: 0;'  \/><\/a><\/span><span class='pushbutton'><a href='http:\/\/twitter.com\/home?status=%C2%A1La+F%C3%ADsica+del+siglo+XIX: http%3A%2F%2Fwww.emiliosilveravazquez.com%2Fblog%2F2015%2F03%2F04%2F%25c2%25a1la-fisica-del-siglo-xix%2F' title='Twitter' target='_blank' rel='nofollow'><img src='http:\/\/www.emiliosilveravazquez.com\/blog\/wp-content\/plugins\/knxdt-bookmarks-wordpress-plugin\/images\/twitter.png'  alt='' class='book_img' border='none' style='margin:1px; padding: 0;'  \/><\/a><\/span><span class='pushbutton'><a href='http:\/\/www.feedburner.com\/fb\/a\/emailFlare?itemTitle=%C2%A1La+F%C3%ADsica+del+siglo+XIX&amp;uri=http%3A%2F%2Fwww.emiliosilveravazquez.com%2Fblog%2F2015%2F03%2F04%2F%25c2%25a1la-fisica-del-siglo-xix%2F' title='Enviar por Email' target='_blank' rel='nofollow'><img src='http:\/\/www.emiliosilveravazquez.com\/blog\/wp-content\/plugins\/knxdt-bookmarks-wordpress-plugin\/images\/email.png'  alt='' class='book_img' border='none' style='margin:1px; padding: 0;'  \/><\/a><\/span><span style='font-weight:bold; padding-left: 5px;'><a href='http:\/\/wordpress.org\/extend\/plugins\/knxdt-bookmarks-wordpress-plugin\/' title='Plugin' rel='nofollow' target='_blank'>[?]<\/a><\/span><\/td><\/tr><\/table><br\/><br\/><\/div>","protected":false},"excerpt":{"rendered":"<p>\u00a0\u00ab Fen\u00f3menos inexplicables La necesidad agudiza la imaginaci\u00f3n \u00bb &nbsp; \u00a0El Universo y la Vida\u2026 \u00a1Nuestra imaginaci\u00f3n! S\u00ed, el Universo es\u2026 \u00a1Asombroso! \u00a0 M\u00e1s sobre cuerdas Hasta llegar a la verdad: Se necesita tiempo y muchas mentes \u00a0\u00a0\u00a0\u00a0\u00a0\u00a0\u00a0\u00a0\u00a0\u00a0\u00a0\u00a0\u00a0\u00a0 La F\u00edsica, como todo, evoluciona Simplemente con echar una mirada al siglo XIX, nos podemos percatar de [&hellip;]<\/p>\n","protected":false},"author":2,"featured_media":0,"comment_status":"open","ping_status":"open","sticky":false,"template":"","format":"standard","meta":{"_s2mail":"yes","footnotes":""},"categories":[6],"tags":[],"_links":{"self":[{"href":"http:\/\/www.emiliosilveravazquez.com\/blog\/wp-json\/wp\/v2\/posts\/12139"}],"collection":[{"href":"http:\/\/www.emiliosilveravazquez.com\/blog\/wp-json\/wp\/v2\/posts"}],"about":[{"href":"http:\/\/www.emiliosilveravazquez.com\/blog\/wp-json\/wp\/v2\/types\/post"}],"author":[{"embeddable":true,"href":"http:\/\/www.emiliosilveravazquez.com\/blog\/wp-json\/wp\/v2\/users\/2"}],"replies":[{"embeddable":true,"href":"http:\/\/www.emiliosilveravazquez.com\/blog\/wp-json\/wp\/v2\/comments?post=12139"}],"version-history":[{"count":0,"href":"http:\/\/www.emiliosilveravazquez.com\/blog\/wp-json\/wp\/v2\/posts\/12139\/revisions"}],"wp:attachment":[{"href":"http:\/\/www.emiliosilveravazquez.com\/blog\/wp-json\/wp\/v2\/media?parent=12139"}],"wp:term":[{"taxonomy":"category","embeddable":true,"href":"http:\/\/www.emiliosilveravazquez.com\/blog\/wp-json\/wp\/v2\/categories?post=12139"},{"taxonomy":"post_tag","embeddable":true,"href":"http:\/\/www.emiliosilveravazquez.com\/blog\/wp-json\/wp\/v2\/tags?post=12139"}],"curies":[{"name":"wp","href":"https:\/\/api.w.org\/{rel}","templated":true}]}}