{"id":12090,"date":"2025-03-18T19:31:45","date_gmt":"2025-03-18T18:31:45","guid":{"rendered":"http:\/\/www.emiliosilveravazquez.com\/blog\/?p=12090"},"modified":"2025-03-18T19:32:15","modified_gmt":"2025-03-18T18:32:15","slug":"%c2%a1el-conocimiento-4","status":"publish","type":"post","link":"http:\/\/www.emiliosilveravazquez.com\/blog\/2025\/03\/18\/%c2%a1el-conocimiento-4\/","title":{"rendered":"\u00a1El conocimiento!"},"content":{"rendered":"<div>\n<blockquote>\n<div><img decoding=\"async\" loading=\"lazy\" class=\"\" src=\"https:\/\/lh5.googleusercontent.com\/proxy\/ZEseRXqZd4zhccdAbaSSd0SftzEx_kr4f2ir-eVUZ92DeP1gvRU5lUIAfAI_U9pFBaIVFR8q7rV4L22jF31J8Z8DBhJAM6tOKJou_eN9ECg\" alt=\"Relatividad General Agujeros negros\" width=\"493\" height=\"582\" \/><\/div>\n<\/blockquote>\n<div><\/div>\n<blockquote>\n<div style=\"text-align: justify;\">El centro del agujero, si es una verdadera <a href=\"#\" onclick=\"referencia('singularidad',event); return false;\">singularidad<\/a>, en teor\u00eda es un punto infinitamente peque\u00f1o. Por eso se cree que\u00a0 tiene una densidad <b>infinita. Tal densidad genera una fuerza de Gravedad tan grande que distorsiona el Espacio y el tiempo. La clase de materia qu eall\u00ed se forme&#8230; \u00a1Nadie lo sabe!<\/b><\/div>\n<\/blockquote>\n<div style=\"text-align: justify;\">Lo cierto es que no sabemos cuantas clase de materia podr\u00edan existir en nuestro Universo, y, d\u00e1ndole vueltas a la idea, nos imaginamos algunas que podr\u00edan estar en la estructuras de estrellas de Neutrones o de <a href=\"#\" onclick=\"referencia('quarks',event); return false;\">quarks<\/a>, y, que decir de la materia que se crea en la <a href=\"#\" onclick=\"referencia('singularidad',event); return false;\">singularidad<\/a> de un <a href=\"#\" onclick=\"referencia('agujero negro',event); return false;\">agujero negro<\/a>, all\u00ed reside la densidad m\u00e1s grande que puede existir en nuestro universo, al menos hasta donde podemos saber.<\/div>\n<\/div>\n<div><\/div>\n<div><\/div>\n<div><img decoding=\"async\" loading=\"lazy\" class=\"\" src=\"https:\/\/www.economistjurist.es\/wp-content\/uploads\/sites\/2\/2022\/03\/1366_2000.jpg\" alt=\"Qu\u00e9 efectos tendr\u00eda una explosi\u00f3n nuclear? | E&amp;J\" width=\"779\" height=\"484\" \/><\/div>\n<div>\n<p style=\"text-align: justify;\"><strong>La materia &#8220;extra\u00f1a&#8221;<\/strong><\/p>\n<p style=\"text-align: justify;\">Cuando se estaba por detonar la primera bomba at\u00f3mica en 1945, algunas personas se opon\u00edan porque cre\u00edan que semejante energ\u00eda, liberada en la atm\u00f3sfera, podr\u00eda generar una reacci\u00f3n nuclear en cadena que encender\u00eda todo el planeta. Los cient\u00edficos sab\u00edan que no ser\u00eda as\u00ed, de modo que hicieron estallar su artefacto y nada de lo temido ocurri\u00f3.<\/p>\n<\/div>\n<p>&nbsp;<\/p>\n<p><img decoding=\"async\" src=\"https:\/\/www.innovationnewsnetwork.com\/wp-content\/uploads\/2020\/08\/INN2-YALEUNI1-26413-pro-image-1.jpg\" alt=\"Technology in relativistic heavy ion collider physics research\" \/><\/p>\n<p>&nbsp;<\/p>\n<div>\n<p style=\"text-align: justify;\">Hace relativamente poco se estren\u00f3 un nuevo acelerador de part\u00edculas, el <strong>Relativistic Heavy Ion Collider<\/strong> (<strong>RHIC<\/strong>, en espa\u00f1ol <strong>Colisionador relativ\u00edstico de iones pesados<\/strong>) en el Brookhaven<strong> National Laboratory<\/strong> de los EUA. Una de las razones de la fabricaci\u00f3n de este super-colisionador fue el inter\u00e9s de los cient\u00edficos en recrear situaciones que se presentaron en el comienzo del universo, durante los primeros instantes del Big-Bang. Las leyes f\u00edsicas que describen la materia bajo esas condiciones no son conocidas a las perfecci\u00f3n, por lo tanto no se puede definir exactamente qu\u00e9 se puede esperar de un experimento as\u00ed. \u00bfSe podr\u00edan presentar situaciones catastr\u00f3ficas que pusieran en riesgo a nuestro mundo?<\/p>\n<\/div>\n<p>&nbsp;<\/p>\n<p><img decoding=\"async\" loading=\"lazy\" class=\"\" src=\"https:\/\/encrypted-tbn0.gstatic.com\/images?q=tbn:ANd9GcS9PTWs5ZhQvdl2rigDf4VJuenBi65nShs2aA&amp;s\" alt=\"Forward' Jet-tracking Components Installed at RHIC's STAR Detector | BNL Newsroom\" width=\"589\" height=\"392\" \/><img decoding=\"async\" loading=\"lazy\" class=\"\" src=\"https:\/\/francisthemulenews.wordpress.com\/wp-content\/uploads\/2010\/12\/dibujo20101209_quark_gluon_plasma_viscosity_evolution_during_ion_collisions.jpg\" alt=\"La viscosidad del plasma de quarks y gluones, ALICE y las colisiones Pb-Pb en el LHC del CERN | Francis (th)E mule Science's News\" width=\"587\" height=\"313\" \/><\/p>\n<p>&nbsp;<\/p>\n<div>\n<p style=\"text-align: justify;\">El RHIC acelera iones de oro hasta un 99,5 % de la velocidad de la luz, que como todos sabemos es el l\u00edmite absoluto al que se puede acelerar un objeto material. A esta velocidad, dos haces de iones que se mueven en direcciones opuestas chocar\u00e1n entre s\u00ed y, piensan los cient\u00edficos, se podr\u00edan crear nuevas formas de materia.<\/p>\n<\/div>\n<p>&nbsp;<\/p>\n<p><img decoding=\"async\" loading=\"lazy\" class=\"\" src=\"https:\/\/encrypted-tbn0.gstatic.com\/images?q=tbn:ANd9GcR2E7zXSMgPMdUMll42EtpJQx3jGGvsfYquZA&amp;s\" alt=\"Francis en @TrendingCiencia: El plasma de quarks y gluones - La Ciencia de la Mula Francis\" width=\"494\" height=\"308\" \/><img decoding=\"async\" loading=\"lazy\" class=\"\" src=\"https:\/\/laconexioncosmica.com\/wp-content\/uploads\/2023\/07\/neutron_star_quark_star_interior.jpg\" alt=\"En busca de la materia extra\u00f1a: \u00bfQu\u00e9 son los strangelets y c\u00f3mo podr\u00edan transformar nuestra comprensi\u00f3n del universo? \u2013 La Conexi\u00f3n C\u00f3smica\" width=\"493\" height=\"381\" \/><\/p>\n<p><strong>Estrellas hechas de materia extra\u00f1a conformada por Quarks y Gluones<\/strong><\/p>\n<p style=\"text-align: justify;\">Las part\u00edculas que se llamaron durante mucho tiempo &#8220;fundamentales&#8221; est\u00e1n compuestas, en realidad, de otros componentes, los <a href=\"#\" onclick=\"referencia('quarks',event); return false;\">quarks<\/a>. En un n\u00facleo at\u00f3mico normal hay dos clases de <a href=\"#\" onclick=\"referencia('quarks',event); return false;\">quarks<\/a>, los &#8220;up&#8221; (arriba) y los &#8220;down&#8221; (abajo). Los choques de chorros de iones pesados pueden generar una tercera clase, llamada &#8220;strange&#8221; (extra\u00f1o), que es el componente principal de un tipo de materia que se ha bautizado como &#8220;strange matter&#8221; (materia extra\u00f1a). Esta materia extra\u00f1a se presentar\u00eda en forma de peque\u00f1as agrupaciones, como grumos, llamadas &#8220;strangelets&#8221;, que podr\u00edan interactuar, en teor\u00eda, con los \u00e1tomos normales, liberando energ\u00eda y convirti\u00e9ndolos en m\u00e1s materia extra\u00f1a que se agregar\u00eda a los grumos. El proceso podr\u00eda continuar sin l\u00edmite, de modo que un &#8220;strangelet&#8221; podr\u00eda crecer y crecer, convirtiendo cada vez m\u00e1s materia normal en materia extra\u00f1a, hasta haber mutado al mundo entero en un planeta de &#8220;materia extra\u00f1a&#8221;.<\/p>\n<blockquote>\n<div style=\"text-align: justify;\"><strong>Seguir por este camino nos lleva a un callej\u00f3n sin salida, nunca nadie ha estado en ese lugar para saber de qu\u00e9 estar\u00e1 hecho.<\/strong><\/div>\n<\/blockquote>\n<div>\n<div style=\"text-align: justify;\"><a href=\"http:\/\/www.emiliosilveravazquez.com\/blog\/2013\/09\/06\/%c2%a1la-naturaleza-%c2%bfcuantas-maravillas-puede-realizar\/\" rel=\"next\">\u00a1La Naturaleza! \u00bfCu\u00e1ntas maravillas puede realizar?<\/a><\/div>\n<div><\/div>\n<\/div>\n<div><\/div>\n<div><img decoding=\"async\" loading=\"lazy\" src=\"http:\/\/1.bp.blogspot.com\/_b1AE8x4eLKI\/TKRuENLNSZI\/AAAAAAAAZVw\/dssMrxE-rlM\/s1600\/485056main_GJ581g_FNLa_946-710.jpg\" alt=\"http:\/\/1.bp.blogspot.com\/_b1AE8x4eLKI\/TKRuENLNSZI\/AAAAAAAAZVw\/dssMrxE-rlM\/s1600\/485056main_GJ581g_FNLa_946-710.jpg\" width=\"734\" height=\"551\" \/><\/div>\n<div><\/div>\n<div>\n<p style=\"text-align: justify;\">Hemos llegado a saber que otros planetas, situados en la zona habitable de sus estrellas, tambi\u00e9n pudieran tener presente la Vida. La Astrof\u00edsica nos llevar\u00e1 de la mano hasta lejanos lugares y mundos de fant\u00e1sticas posibilidades que, cuando las podemos contemplar, nos asombraran y, sobre todo, nos ense\u00f1ar\u00e1 que estamos muy bien acompa\u00f1ados.<\/p>\n<p style=\"text-align: justify;\">Sabemos que el Universo es igual en todas partes, no importa lo lejana que esas regiones puedan estar, all\u00ed, como aqu\u00ed, rigen las mismas leyes y constantes y, la consecuencia de esa verdad es que, los sucesos ser\u00e1n los mismos en todas partes.<\/p>\n<p style=\"text-align: justify;\">Siendo as\u00ed (que lo es), estrellas como el Sol y otras que pueden enviar luz y calor a planetas que la orbitan, si alguno de esos mundos est\u00e1 situado en la zona adecuada: Atm\u00f3sfera, agua l\u00edquida, oc\u00e9anos. radiaci\u00f3n&#8230;<\/p>\n<p style=\"text-align: justify;\">Podr\u00e1 tener los ecosistemas necesarios para que surjan una inmensa multitud de especies que, en las condiciones adecuadas evolucionaran como aqu\u00ed en la Tierra.<\/p>\n<p>&nbsp;<\/p>\n<\/div>\n<p><img decoding=\"async\" src=\"https:\/\/i.kinja-img.com\/gawker-media\/image\/upload\/s--tj8riR3j--\/763211323865192367.gif\" alt=\"The Orange Box Juice: Supernova captada a lo largo de 4 a\u00f1os de grabaci\u00f3n\" \/><\/p>\n<p style=\"text-align: justify;\">La muerte de una estrella supergigante, regenera el espacio interestelar de materiales complejos que, m\u00e1s tarde, forjan estrellas nuevas y mundos ricos en toda clase de elementos que, si tienen suerte de caer en la zona habitable, proporcionar\u00e1 a los seres que all\u00ed puedan surgir, los materiales y elementos necesarios para el desarrollo de sus ideas mediante la construcci\u00f3n de m\u00e1quinas y tecnolog\u00edas que, de otra manera, no ser\u00eda posible. Incluso, sin estos materiales, ni esos seres podr\u00edan surgir a la vida.<\/p>\n<p><strong>Pero&#8230; \u00bfHoy no est\u00e1bamos hablando del conocimiento?\u00a0 <\/strong><strong>Vamos a ello.<\/strong><\/p>\n<p>&nbsp;<\/p>\n<div>\n<p style=\"text-align: justify;\">\u00a0\u00a0\u00a0\u00a0\u00a0\u00a0\u00a0\u00a0\u00a0\u00a0\u00a0\u00a0\u00a0\u00a0\u00a0\u00a0\u00a0<strong>\u00a0\u00a0\u00a0\u00a0\u00a0\u00a0 El conocimiento es tener noci\u00f3n de saber, es inteligencia para adquirirlo.<\/strong><\/p>\n<p style=\"text-align: justify;\">El problema filos\u00f3fico de las cuestiones relacionadas con el conocimiento, es decir, la forma del conocimiento de la realidad, las posibilidades existentes de que ese conocimiento responda exactamente a lo que \u00e9sta es en s\u00ed, etc, no constituy\u00f3 una preocupaci\u00f3n fundamental para los fil\u00f3sofos hasta la llegada de Kant que, en el siglo XVIII, suscit\u00f3 en gran escala estas dificultades. Con anterioridad a Kant, el problema se reduc\u00eda al sujeto que conoce y objeto conocido, se fijaban fundamentalmente en el segundo de ellas, y la filosof\u00eda moderna, por el contrario, est\u00e1 centrada en el sujeto cognoscente.<\/p>\n<p>&nbsp;<\/p>\n<\/div>\n<p><img decoding=\"async\" loading=\"lazy\" class=\"\" src=\"https:\/\/pymstatic.com\/62740\/conversions\/rene-descartes-social.jpg\" alt=\"Ren\u00e9 Descartes: biograf\u00eda de este fil\u00f3sofo franc\u00e9s\" width=\"327\" height=\"172\" \/><img decoding=\"async\" loading=\"lazy\" class=\"\" src=\"https:\/\/encrypted-tbn3.gstatic.com\/images?q=tbn:ANd9GcT-unwtO4sDtpuP-e1UUNhWe-JKpa9qUElI9SOjZo2EF5WyQeK2ip4X9IDv92b2TTIJSi8MV_NuN3o9u8KPwlMfP84T-DdkwW81aw8F0nA\" alt=\"Gottfried Leibniz - Wikipedia, la enciclopedia libre\" width=\"140\" height=\"172\" \/><img decoding=\"async\" loading=\"lazy\" class=\"\" src=\"https:\/\/studentsforliberty.org\/wp-content\/uploads\/2021\/09\/John-Locke-The-Guardian-2-agustin-pierini-1.jpg\" alt=\"Qui\u00e9n fue Jhon Locke? \u2013 Students For Liberty\" width=\"313\" height=\"176\" \/><img decoding=\"async\" src=\"https:\/\/upload.wikimedia.org\/wikipedia\/commons\/thumb\/b\/bc\/George_Berkeley_by_Jonh_Smibert.jpg\/220px-George_Berkeley_by_Jonh_Smibert.jpg\" \/><img decoding=\"async\" loading=\"lazy\" class=\"\" src=\"https:\/\/www.lavanguardia.com\/files\/content_image_mobile_filter\/files\/fp\/uploads\/2022\/04\/27\/626933e5f1a81.r_d.2255-1412.jpeg\" alt=\"El ideario empirista de David Hume\" width=\"255\" height=\"303\" \/><img decoding=\"async\" loading=\"lazy\" class=\"\" src=\"https:\/\/www.albaeditorial.es\/wp-content\/uploads\/2020\/10\/Immanuel-Kant-pepe.jpg\" alt=\"Immanuel Kant \u2013 Alba Editorial\" width=\"473\" height=\"473\" \/><\/p>\n<p>&nbsp;<\/p>\n<div>\n<p style=\"text-align: justify;\">La inquietud por este problema comienza con <strong>Descartes, Leibniz, Locke, Berkeley, Hume<\/strong> que influy\u00f3 decisivamente en <strong>Kant<\/strong> en quien el problema a esta cuesti\u00f3n, como ya he comentado antes, en alguna parte de este mismo trabajo, la cuesti\u00f3n se formul\u00f3 as\u00ed: todo conocimiento arranca o nace de nuestras experiencias sensoriales, es decir, los datos que nos suministran nuestros cinco sentidos, pero no todo en \u00e9l procede de estos datos. Dicho de otra manera, hay en nosotros dos fuentes o potencias distintas que nos capacitan para conocer, y son la sensibilidad (los sentidos) y el entendimiento o inteligencia. \u00c9sta no puede elaborar ninguna idea sin los sentidos, pero tambi\u00e9n \u00e9stos son in\u00fatiles sin la ayuda del entendimiento. Es como un conjunto sim\u00e9trico, algo perfectamente acoplado para formar un todo.<\/p>\n<p>&nbsp;<\/p>\n<blockquote>\n<p style=\"text-align: justify;\">\u00a0<img decoding=\"async\" src=\"https:\/\/encrypted-tbn0.gstatic.com\/images?q=tbn:ANd9GcRg2PukWdquyRKNkIirZmD6a1Jkh4MuoNPwRw&amp;usqp=CAU\" alt=\"La Naturaleza? \u00a1Simetr\u00eda dentro de la Diversidad! : Blog de ...\" \/><\/p>\n<\/blockquote>\n<p style=\"text-align: justify;\">Me viene a la memoria en este punto la explicaci\u00f3n que me dio una vez mi hija Mar\u00eda, cuando por curiosidad le pregunt\u00e9: \u00bfQu\u00e9 es el contrapunto?<\/p>\n<p>&nbsp;<\/p>\n<blockquote>\n<p style=\"text-align: justify;\"><img decoding=\"async\" loading=\"lazy\" id=\"irc_mi\" src=\"http:\/\/www.pianomundo.com.ar\/images\/contrapunto.jpg\" alt=\"\" width=\"518\" height=\"230\" \/><\/p>\n<p style=\"text-align: justify;\">\u201cEs la concordancia arm\u00f3nica de dos o m\u00e1s voces cada una con su l\u00ednea mel\u00f3dica, de cuya superposici\u00f3n resulta la armon\u00eda de la obra musical.<\/p>\n<p style=\"text-align: justify;\">Se aplica adem\u00e1s el arte de conducir las voces con cierta independencia, sin incurrir en falta contra las reglas de la armon\u00eda. El contrapunto severo se atiene estrictamente a ellas, mientras que el libre admite cierta soltura, siempre que no incurra en desarmon\u00eda y cacofon\u00eda. En el doble las voces pueden ser intercambiadas. Los m\u00e9todos empleados son la imitaci\u00f3n de un motivo, el canon y la fuga, y estos \u00faltimos son complicados entre lanzamientos del motivo de la melod\u00eda.<\/p>\n<p style=\"text-align: justify;\">La palabra contrapunto la utiliz\u00f3 por primera vez Philippe de Vitro, te\u00f3rico del siglo XIV.<\/p>\n<p style=\"text-align: justify;\">El contrapunto es la t\u00e9cnica compositiva por la cual, sobre una melod\u00eda dada, se construye un conjunto de una o varias contra-melod\u00edas o <strong>contrapuntos<\/strong>, consiguiendo que, finalmente todo sea un conjunto armonioso.\u201d<\/p>\n<p>&nbsp;<\/p>\n<p style=\"text-align: justify;\">\u00a0<img decoding=\"async\" loading=\"lazy\" id=\"il_fi\" src=\"http:\/\/3.bp.blogspot.com\/-6Zi51e3OHPs\/TddBDFCxAqI\/AAAAAAAAACg\/ucIw_POFFZ4\/s1600\/TEMA_27A.jpg\" alt=\"\" width=\"400\" height=\"309\" \/><\/p>\n<p>&nbsp;<\/p><\/blockquote>\n<p style=\"text-align: justify;\">Aunque lo m\u00edo es la f\u00edsica y otras ramas del conocimiento, de vez en cuando recurro a Mar\u00eda para preguntarle algunas cuestiones bajo el punto de vista musical que, no en pocas ocasiones, coincide con temas cient\u00edficos. La respuesta que me dio sobre el contrapunto es aplicable a un sin fin de cuestiones y problemas cient\u00edficos y cotidianos: buscar la armon\u00eda en la diferencia.<\/p>\n<p style=\"text-align: justify;\">Podr\u00edamos aplicar el arte de combinar los sonidos de las voces humanas o los instrumentos, o de unos y otros a la vez para causar un efecto est\u00e9tico, a nuestra vida social y sobre todo a la pol\u00edtica, procurando que unos y otros, voces discordantes y pensamientos distintos, guiados por una regla de \u00e9tica y moral, pudieran reflejar un comportamiento est\u00e9tico.<\/p>\n<p>&nbsp;<\/p>\n<blockquote>\n<p style=\"text-align: justify;\">\u00a0<img decoding=\"async\" loading=\"lazy\" id=\"il_fi\" src=\"http:\/\/addedvalues.files.wordpress.com\/2012\/03\/musica.jpg\" alt=\"\" width=\"400\" height=\"347\" \/><\/p>\n<\/blockquote>\n<p style=\"text-align: justify;\">La M\u00fasica (como la Poes\u00eda y la F\u00edsica) enaltece al ser humano, nos eleva y nos hace mejores. Una m\u00fasica que nos llega y es capaz de despertar nuestros sentimientos, nos puede transportar muy lejos, all\u00ed donde encontraremos el amor y la felicidad que, en este mundo nuestro, est\u00e1 escondida. En lo que se refiere a la F\u00edsica, cuando podemos llegar a comprender c\u00f3mo funciona el \u201cmundo\u201d no podemos dejar de asombrarnos ante tanta sencillez y, sin embargo, t\u00e1nta maravilla. La poes\u00eda, es algo que sale del \u201cAlma\u201d, que trasciende a lo material para llevarnos a ese mundo m\u00e1gico de la realidad so\u00f1ada.<\/p>\n<p style=\"text-align: justify;\">El t\u00e9rmino \u201cm\u00fasica\u201d procede del griego <strong><em>mousik\u00e9<\/em><\/strong>a trav\u00e9s de la adaptaci\u00f3n latina <em>m\u00fasica<\/em>. En el mundo griego se designaban con este nombre todas las ramas del arte que eran presididas por las Musas. Pit\u00e1goras fue el te\u00f3rico musical m\u00e1s importante de la antig\u00fcedad<\/p>\n<p>&nbsp;<\/p>\n<p>&nbsp;<\/p>\n<blockquote>\n<p style=\"text-align: justify;\"><img decoding=\"async\" loading=\"lazy\" id=\"irc_mi\" src=\"http:\/\/image.slidesharecdn.com\/musica-matematicas-090621140841-phpapp02\/95\/slide-1-728.jpg?1245611377\" alt=\"\" width=\"524\" height=\"393\" \/>.<\/p>\n<\/blockquote>\n<p style=\"text-align: justify;\">\u201cPit\u00e1goras, seg\u00fan dice Jen\u00f3crates [396-314 a. De J.C.], descubri\u00f3 que los intervalos en m\u00fasica no pueden originarse sin el n\u00famero, ya que consisten en la combinaci\u00f3n de una cantidad con otra. As\u00ed que examin\u00f3 a qu\u00e9 se deb\u00eda el que los intervalos fueran concordantes o discordantes y, en general, el origen de todo lo arm\u00f3nico y lo inarm\u00f3nico\u201d (Berbab\u00e9 2002). De ah\u00ed surgir\u00eda una misteriosa comunicaci\u00f3n entre las matem\u00e1ticas y la m\u00fasica, en un fascinante y atractivo juego de trasferencias e influencia mutua que podemos rastrear hasta el siglo XX.<\/p>\n<p style=\"text-align: justify;\">Formul\u00f3 el concepto de armon\u00eda y a partir de sus an\u00e1lisis sobre la naturaleza del sonido se cre\u00f3 el c\u00e1lculo pitag\u00f3rico de intervalos y las escalas modales, cuya importancia fue decisiva en el desarrollo de la m\u00fasica medieval.<\/p>\n<p>&nbsp;<\/p>\n<\/div>\n<p><img decoding=\"async\" loading=\"lazy\" class=\"\" src=\"https:\/\/antiguagrecia.net\/wp-content\/uploads\/escena-musical-en-festival-griego-56_1.webp\" alt=\"Influencia musical en festivales religiosos griegos\" width=\"480\" height=\"360\" \/><\/p>\n<div>\n<p style=\"text-align: justify;\">Los principios te\u00f3ricos de los griegos se transmitieron a la m\u00fasica lit\u00fargica cristiana a trav\u00e9s de autores como San Agust\u00edn, Boecio y Casiodoro.\u00a0 Durante los primeros siglos del cristianismo, la m\u00fasica se circunscribi\u00f3 al \u00e1mbito religioso, concretamente al canto lit\u00fargico, cuyo fundamento est\u00e1 constituido por la s\u00edntesis entre el sistema modal griego y ciertas influencias de la tradici\u00f3n jud\u00eda.<\/p>\n<p style=\"text-align: justify;\">Como veo que esto se me va de las manos y puedo terminar este trabajo escribiendo una historia de la m\u00fasica, mejor lo dejo y me dedico a lo que en realidad me debo: el pensamiento y\u00a0la b\u00fasqueda del saber, dado que, lo \u00fanico cierto, es nuestra ignorancia.<\/p>\n<p>Claro que hablar del conocimiento es perderse en un oc\u00e9ano de materias que, de un solo trabajo no se puede abarcar.<\/p>\n<p style=\"text-align: justify;\"><strong><em>Emilio Silvera V\u00e1zquez<\/em><\/strong><\/p>\n<\/div>\n<div class='bookmark'>\r\n\t\t<table align='left' border='0' cellpadding='0' width='100%'>\r\n\t\t<tr><td><span class='pushbutton'><a href='http:\/\/delicious.com\/post?url=http%3A%2F%2Fwww.emiliosilveravazquez.com%2Fblog%2F2025%2F03%2F18%2F%25c2%25a1el-conocimiento-4%2F&amp;title=%C2%A1El+conocimiento%21' title='Delicious' target='_blank' rel='nofollow'><img src='http:\/\/www.emiliosilveravazquez.com\/blog\/wp-content\/plugins\/knxdt-bookmarks-wordpress-plugin\/images\/delicious.png'  alt='' class='book_img' border='none' style='margin:1px; padding: 0;'  \/><\/a><\/span><span class='pushbutton'><a href='http:\/\/digg.com\/submit?url=http%3A%2F%2Fwww.emiliosilveravazquez.com%2Fblog%2F2025%2F03%2F18%2F%25c2%25a1el-conocimiento-4%2F&amp;title=%C2%A1El+conocimiento%21' title='Digg' target='_blank' rel='nofollow'><img src='http:\/\/www.emiliosilveravazquez.com\/blog\/wp-content\/plugins\/knxdt-bookmarks-wordpress-plugin\/images\/digg.png'  alt='' class='book_img' border='none' style='margin:1px; padding: 0;'  \/><\/a><\/span><span class='pushbutton'><a href='http:\/\/www.google.com\/bookmarks\/mark?op=edit&amp;bkmk=http%3A%2F%2Fwww.emiliosilveravazquez.com%2Fblog%2F2025%2F03%2F18%2F%25c2%25a1el-conocimiento-4%2F&amp;title=%C2%A1El+conocimiento%21' title='Google' target='_blank' rel='nofollow'><img src='http:\/\/www.emiliosilveravazquez.com\/blog\/wp-content\/plugins\/knxdt-bookmarks-wordpress-plugin\/images\/google.png'   alt='' class='book_img' border='none' style='margin:1px; padding: 0;'  \/><\/a><\/span><span class='pushbutton'><a href='http:\/\/myweb2.search.yahoo.com\/myresults\/bookmarklet?u=http%3A%2F%2Fwww.emiliosilveravazquez.com%2Fblog%2F2025%2F03%2F18%2F%25c2%25a1el-conocimiento-4%2F&amp;t=%C2%A1El+conocimiento%21' title='Yahoo' target='_blank' rel='nofollow'><img src='http:\/\/www.emiliosilveravazquez.com\/blog\/wp-content\/plugins\/knxdt-bookmarks-wordpress-plugin\/images\/yahoo.png'  alt='' class='book_img' border='none' style='margin:1px; padding: 0;'  \/><\/a><\/span><span class='pushbutton'><a href='http:\/\/www.technorati.com\/faves?add=http%3A%2F%2Fwww.emiliosilveravazquez.com%2Fblog%2F2025%2F03%2F18%2F%25c2%25a1el-conocimiento-4%2F' title='Technorati' target='_blank' rel='nofollow'><img src='http:\/\/www.emiliosilveravazquez.com\/blog\/wp-content\/plugins\/knxdt-bookmarks-wordpress-plugin\/images\/technorati.png'  alt='' class='book_img' border='none' style='margin:1px; padding: 0;'  \/><\/a><\/span><span class='pushbutton'><a href='http:\/\/meneame.net\/submit.php?url=http%3A%2F%2Fwww.emiliosilveravazquez.com%2Fblog%2F2025%2F03%2F18%2F%25c2%25a1el-conocimiento-4%2F' title='Meneame' target='_blank' rel='nofollow'><img src='http:\/\/www.emiliosilveravazquez.com\/blog\/wp-content\/plugins\/knxdt-bookmarks-wordpress-plugin\/images\/meneame.png'  alt='' class='book_img' border='none' style='margin:1px; padding: 0;'  \/><\/a><\/span><span class='pushbutton'><a href='http:\/\/enchilame.com\/submit.php?url=http:\/\/www.emiliosilveravazquez.com\/blog\/2025\/03\/18\/%c2%a1el-conocimiento-4\/' target='_blank' rel='nofollow'><img title='Enchilame' src='http:\/\/www.emiliosilveravazquez.com\/blog\/wp-content\/plugins\/knxdt-bookmarks-wordpress-plugin\/images\/enchilame.png'  alt='' class='book_img' border='none' style='margin:1px; padding: 0;'  \/><\/a><\/span><span class='pushbutton'><a href='http:\/\/www.blinklist.com\/index.php?Action=Blink\/addblink.php&amp;Description=&amp;Url=http%3A%2F%2Fwww.emiliosilveravazquez.com%2Fblog%2F2025%2F03%2F18%2F%25c2%25a1el-conocimiento-4%2F&amp;title=%C2%A1El+conocimiento%21' title='BlinkList' target='_blank' rel='nofollow'><img src='http:\/\/www.emiliosilveravazquez.com\/blog\/wp-content\/plugins\/knxdt-bookmarks-wordpress-plugin\/images\/blinklist.png'  alt='' class='book_img' border='none' style='margin:1px; padding: 0;'  \/><\/a><\/span><span class='pushbutton'><a href='http:\/\/reddit.com\/submit?url=http%3A%2F%2Fwww.emiliosilveravazquez.com%2Fblog%2F2025%2F03%2F18%2F%25c2%25a1el-conocimiento-4%2F&amp;title=%C2%A1El+conocimiento%21' title='Reddit' target='_blank' rel='nofollow'><img src='http:\/\/www.emiliosilveravazquez.com\/blog\/wp-content\/plugins\/knxdt-bookmarks-wordpress-plugin\/images\/reddit.png'  alt='' class='book_img' border='none' style='margin:1px; padding: 0;'  \/><\/a><\/span><span class='pushbutton'><a href='http:\/\/www.tecnologiadiaria.com\/2009\/07\/abrir-com-hotmail-correo.html' target='_blank' title='hotmail'><img src='http:\/\/www.emiliosilveravazquez.com\/blog\/wp-content\/plugins\/knxdt-bookmarks-wordpress-plugin\/images\/linklove.png' alt='hotmail correo' class='book_img' border='none' style='margin:1px; padding: 0;' \/><\/a><\/span><span class='pushbutton'><a href='http:\/\/bitacoras.com\/votar\/anotacion\/externo\/mini\/www.emiliosilveravazquez.com\/blog\/2025\/03\/18\/%c2%a1el-conocimiento-4\/' title='Bitacoras.com' target='_blank' rel='nofollow'><img src='http:\/\/www.emiliosilveravazquez.com\/blog\/wp-content\/plugins\/knxdt-bookmarks-wordpress-plugin\/images\/bitacoras.png'  alt='' class='book_img' border='none' style='margin:1px; padding: 0;'  \/><\/a><\/span><span class='pushbutton'><a href='http:\/\/www.wikio.es\/vote?url=http%3A%2F%2Fwww.emiliosilveravazquez.com%2Fblog%2F2025%2F03%2F18%2F%25c2%25a1el-conocimiento-4%2F' title='Wikio' target='_blank' rel='nofollow'><img src='http:\/\/www.emiliosilveravazquez.com\/blog\/wp-content\/plugins\/knxdt-bookmarks-wordpress-plugin\/images\/wikio.png'   alt='' class='book_img' border='none' style='margin:1px; padding: 0;'   \/><\/a><\/span><span class='pushbutton'><a href='http:\/\/friendfeed.com\/?url=http%3A%2F%2Fwww.emiliosilveravazquez.com%2Fblog%2F2025%2F03%2F18%2F%25c2%25a1el-conocimiento-4%2F&amp;title=%C2%A1El+conocimiento%21' title='Friend Feed' target='_blank' rel='nofollow'><img src='http:\/\/www.emiliosilveravazquez.com\/blog\/wp-content\/plugins\/knxdt-bookmarks-wordpress-plugin\/images\/friendfeed.png'  alt='' class='book_img' border='none' style='margin:1px; padding: 0;'  \/><\/a><\/span><span class='pushbutton'><a href='http:\/\/www.facebook.com\/share.php?u=http%3A%2F%2Fwww.emiliosilveravazquez.com%2Fblog%2F2025%2F03%2F18%2F%25c2%25a1el-conocimiento-4%2F&amp;t=%C2%A1El+conocimiento%21' title='Facebook' target='_blank' rel='nofollow'><img src='http:\/\/www.emiliosilveravazquez.com\/blog\/wp-content\/plugins\/knxdt-bookmarks-wordpress-plugin\/images\/facebook.png'  alt='' class='book_img' border='none' style='margin:1px; padding: 0;'  \/><\/a><\/span><span class='pushbutton'><a href='http:\/\/twitter.com\/home?status=%C2%A1El+conocimiento%21: http%3A%2F%2Fwww.emiliosilveravazquez.com%2Fblog%2F2025%2F03%2F18%2F%25c2%25a1el-conocimiento-4%2F' title='Twitter' target='_blank' rel='nofollow'><img src='http:\/\/www.emiliosilveravazquez.com\/blog\/wp-content\/plugins\/knxdt-bookmarks-wordpress-plugin\/images\/twitter.png'  alt='' class='book_img' border='none' style='margin:1px; padding: 0;'  \/><\/a><\/span><span class='pushbutton'><a href='http:\/\/www.feedburner.com\/fb\/a\/emailFlare?itemTitle=%C2%A1El+conocimiento%21&amp;uri=http%3A%2F%2Fwww.emiliosilveravazquez.com%2Fblog%2F2025%2F03%2F18%2F%25c2%25a1el-conocimiento-4%2F' title='Enviar por Email' target='_blank' rel='nofollow'><img src='http:\/\/www.emiliosilveravazquez.com\/blog\/wp-content\/plugins\/knxdt-bookmarks-wordpress-plugin\/images\/email.png'  alt='' class='book_img' border='none' style='margin:1px; padding: 0;'  \/><\/a><\/span><span style='font-weight:bold; padding-left: 5px;'><a href='http:\/\/wordpress.org\/extend\/plugins\/knxdt-bookmarks-wordpress-plugin\/' title='Plugin' rel='nofollow' target='_blank'>[?]<\/a><\/span><\/td><\/tr><\/table><br\/><br\/><\/div>","protected":false},"excerpt":{"rendered":"<p>El centro del agujero, si es una verdadera singularidad, en teor\u00eda es un punto infinitamente peque\u00f1o. Por eso se cree que\u00a0 tiene una densidad infinita. Tal densidad genera una fuerza de Gravedad tan grande que distorsiona el Espacio y el tiempo. La clase de materia qu eall\u00ed se forme&#8230; \u00a1Nadie lo sabe! Lo cierto es [&hellip;]<\/p>\n","protected":false},"author":2,"featured_media":0,"comment_status":"open","ping_status":"open","sticky":false,"template":"","format":"standard","meta":{"_s2mail":"yes","footnotes":""},"categories":[317],"tags":[],"_links":{"self":[{"href":"http:\/\/www.emiliosilveravazquez.com\/blog\/wp-json\/wp\/v2\/posts\/12090"}],"collection":[{"href":"http:\/\/www.emiliosilveravazquez.com\/blog\/wp-json\/wp\/v2\/posts"}],"about":[{"href":"http:\/\/www.emiliosilveravazquez.com\/blog\/wp-json\/wp\/v2\/types\/post"}],"author":[{"embeddable":true,"href":"http:\/\/www.emiliosilveravazquez.com\/blog\/wp-json\/wp\/v2\/users\/2"}],"replies":[{"embeddable":true,"href":"http:\/\/www.emiliosilveravazquez.com\/blog\/wp-json\/wp\/v2\/comments?post=12090"}],"version-history":[{"count":0,"href":"http:\/\/www.emiliosilveravazquez.com\/blog\/wp-json\/wp\/v2\/posts\/12090\/revisions"}],"wp:attachment":[{"href":"http:\/\/www.emiliosilveravazquez.com\/blog\/wp-json\/wp\/v2\/media?parent=12090"}],"wp:term":[{"taxonomy":"category","embeddable":true,"href":"http:\/\/www.emiliosilveravazquez.com\/blog\/wp-json\/wp\/v2\/categories?post=12090"},{"taxonomy":"post_tag","embeddable":true,"href":"http:\/\/www.emiliosilveravazquez.com\/blog\/wp-json\/wp\/v2\/tags?post=12090"}],"curies":[{"name":"wp","href":"https:\/\/api.w.org\/{rel}","templated":true}]}}