{"id":12083,"date":"2025-09-11T11:55:45","date_gmt":"2025-09-11T10:55:45","guid":{"rendered":"http:\/\/www.emiliosilveravazquez.com\/blog\/?p=12083"},"modified":"2025-09-11T11:55:20","modified_gmt":"2025-09-11T10:55:20","slug":"siempre-elucubrando-%c2%a1imaginacion-3","status":"publish","type":"post","link":"http:\/\/www.emiliosilveravazquez.com\/blog\/2025\/09\/11\/siempre-elucubrando-%c2%a1imaginacion-3\/","title":{"rendered":"Siempre elucubrando \u00a1Imaginaci\u00f3n!"},"content":{"rendered":"<div>\n<h2 style=\"text-align: justify;\">\u00a0 <a href=\"http:\/\/www.emiliosilveravazquez.com\/blog\/2013\/03\/07\/conocer-donde-estamos-y-hacia-donde-vamos\/\" rel=\"prev\">Conocer donde estamos y hacia donde vamos<\/a><\/h2>\n<p>&nbsp;<\/p>\n<p><img decoding=\"async\" loading=\"lazy\" class=\"\" src=\"https:\/\/s2.abcstatics.com\/media\/espana\/2020\/03\/20\/eva-ecuador-kU5--1248x698@abc.jpeg\" alt=\"Una enfermera palentina \u00abatrapada\u00bb en Ecuador: \u00abEstamos encerradas en el  hostal sin saber cuando vamos a volver\u00bb\" width=\"681\" height=\"383\" \/><\/p>\n<p><strong>Nunca lo podremos saber, el fututo siempre ser\u00e1 incierto.<\/strong><\/p>\n<\/div>\n<div><a href=\"http:\/\/www.emiliosilveravazquez.com\/blog\/2013\/03\/07\/%c2%bfvida-en-marte\/\" rel=\"next\">\u00bfVida en Marte?<\/a><\/div>\n<div><\/div>\n<div><\/div>\n<div><img decoding=\"async\" loading=\"lazy\" class=\"\" src=\"https:\/\/media.c5n.com\/p\/922e85a7110c8d12edf5ed5a77e58f68\/adjuntos\/326\/imagenes\/000\/244\/0000244662\/790x0\/smart\/marte-nasa.png\" alt=\"Vida en Marte? La NASA est\u00e1 cada vez m\u00e1s cerca de confirmarlo\" width=\"726\" height=\"408\" \/><\/div>\n<h3 style=\"text-align: justify;\">Mucho es lo que desde hace mucho tiempo ya, se ha venido especulando con la posible existencia de vida en el planeta Marte. Los canales que algunos creyeron ver como obra artifical hecha por seres inteligentes resultaron ser ca\u00f1ones naturales hecho por grandes corrent\u00edas de agua, y, aquellos marcianitos verdes de las novelas y pel\u00edculas&#8230; \u00a1Quedaron diluidos por el conocimiento del planeta hermano! Sin embargo, no podemos negar la presencia de vida en alguna parte que, muy posiblemente, sea en el subsuelo.<\/h3>\n<p>&nbsp;<\/p>\n<p><img decoding=\"async\" loading=\"lazy\" class=\"\" src=\"https:\/\/content.nationalgeographic.com.es\/medio\/2021\/05\/28\/mt-taranaki-milky-way_6dfd8c1b_2000x936.jpg\" alt=\"Las mejores fotos de la V\u00eda L\u00e1ctea de 2021\" width=\"714\" height=\"334\" \/><\/p>\n<p>&nbsp;<\/p>\n<p><center><\/center><center><\/center><strong>LA V\u00cdA L\u00c1CTEA<\/strong><\/p>\n<p style=\"text-align: justify;\">De entre los millones de galaxias que existen en el Universo hay una que nos resulta especialmente interesante aunque no la podemos ver muy bien: es nuestra propia galaxia, la V\u00cdA L\u00c1CTEA. Tiene forma de remolino aplanado y gira en espiral alrededor del centro; no la podemos ver bien porque nosotros estamos cerca del borde del remolino. De todas las maneras, su di\u00e1metro de cien mil a\u00f1os luz y, nuestro Sistema solar est\u00e1 en el Brazo de Ori\u00f3n a 26.000 a\u00f1os-luz del Centro Gal\u00e1ctico.<\/p>\n<p style=\"text-align: justify;\">Este mapa muestra la Via Lactea &#8211; una galaxia espiralada con al menos 200 mil millones de estrellas. Nuestro Sol (como decimos) esta en lo profundo del brazo de Orion a 26000 a\u00f1os luz del centro galactico. En el centro, las estrellas estan mucho mas juntas que en nuestro sector que resulta ser una tranquila regi\u00f3n sin muchos sobresaltos de sucesos de supernovas o <a href=\"#\" onclick=\"referencia('agujero negro',event); return false;\">agujeros negros<\/a>&#8230;<\/p>\n<p style=\"text-align: justify;\"><img decoding=\"async\" src=\"https:\/\/upload.wikimedia.org\/wikipedia\/commons\/b\/b9\/Cosmological_composition.jpg\" alt=\"Energ\u00eda oscura - Wikipedia, la enciclopedia libre\" \/><\/p>\n<p style=\"text-align: justify;\">\n<div>\n<p style=\"text-align: justify;\">\u00a0<strong>Descartan que los efectos atribuidos a la energ\u00eda oscura sean explicables por nuestra presencia en el centro de un gran vac\u00edo c\u00f3smico. Los Astr\u00f3nomos y Cosm\u00f3logos no dejan de atisbar el Universo con sus grandes telescopios y los ingenios que env\u00edan al Espacio Interestelar tratando de verificar si, es cierto que existe esa energ\u00eda y esa <a href=\"#\" onclick=\"referencia('materia oscura',event); return false;\">materia oscura<\/a>&#8230; \u00a1No quedan las cosas muy claras de momento! Sin embargo, al no tener otra explicaci\u00f3n, siguen erre que erre con la E.O. y la M.O., como \u00fanico motivo de la expansi\u00f3n del Espacio. <\/strong><\/p>\n<p style=\"text-align: justify;\"><strong>\u00a0<\/strong><\/p>\n<p style=\"text-align: justify;\"><img decoding=\"async\" loading=\"lazy\" id=\"irc_mi\" class=\"\" src=\"http:\/\/www.blogodisea.com\/wp-content\/uploads\/2012\/04\/wmap-radiacion-de-fondo-big-bang.jpg\" alt=\"\" width=\"649\" height=\"324\" \/><\/p>\n<p>&nbsp;<\/p>\n<p style=\"text-align: justify;\">El &#8220;descubrimiento&#8221; de la energ\u00eda oscura, esa energ\u00eda que no podemos ver y que parece aumentar el ritmo de expansi\u00f3n del Universo, ha supuesto\u00a0 desde que a alguien se le ocurri\u00f3 el &#8220;invento&#8221;, mucha agitaci\u00f3n en la comunidad cient\u00edfica. A la incredulidad inicial se impusieron las medidas. Pero al cabo de un tiempo el trabajo de los te\u00f3ricos empez\u00f3 a cuestionar, no los efectos observados, sino la existencia de tal energ\u00eda.<\/p>\n<p style=\"text-align: justify;\">El \u201cPrincipio Copernicano\u201d, invocado frecuentemente en la Cosmolog\u00eda moderna, insiste en la homogeneidad del Universo, negando cualquier primac\u00eda de posici\u00f3n o propiedades asociadas con la existencia humana. Toma su nombre de la propuesta de Cop\u00e9rnico (ya anteriormente formulada por Aristarco) de desplazar a la Tierra de la posici\u00f3n central ocupada en el sistema de Tolomeo, aunque tal centralidad se debiese a la falta de <a href=\"http:\/\/www.emiliosilveravazquez.com\/blog\/2013\/03\/07\/siempre-elucubrando-%C2%A1imaginacion\/#\"><a href=\"#\" onclick=\"referencia('paralaje',event); return false;\">paralaje<\/a><\/a> estelar y no a una sobrevaloraci\u00f3n de nuestra existencia en el planeta.<\/p>\n<p>&nbsp;<\/p>\n<p style=\"text-align: justify;\"><img decoding=\"async\" loading=\"lazy\" id=\"irc_mi\" src=\"http:\/\/eltamiz.com\/elcedazo\/wp-content\/uploads\/2011\/03\/HarlowShapley.jpg\" alt=\"\" width=\"377\" height=\"393\" \/><\/p>\n<p>&nbsp;<\/p>\n<p style=\"text-align: justify;\">El paso siguiente lo dio Shapley hace un siglo, al mostrar que tampoco el Sol ocupa el centro de la Via L\u00e1ctea. Finalmente, el Universo \u201cfinito pero ilimitado\u201d de <a href=\"http:\/\/www.emiliosilveravazquez.com\/blog\/2013\/03\/07\/siempre-elucubrando-%C2%A1imaginacion\/#\"><a href=\"#\" onclick=\"referencia('einstein',event); return false;\">Einstein<\/a><\/a> niega la posibilidad de encontrar un centro en su volumen tridimensional, y afirma la equivalencia de posici\u00f3n de todos los puntos del espacio. No tiene sentido preguntar d\u00f3nde estamos en el continuo expandirse de un Universo que contiene probablemente m\u00e1s de 100.000 millones de galaxias, y que vuelve a la insignificancia aun la majestuosa estructura de la V\u00eda L\u00e1ctea, nuestra ciudad c\u00f3smica.<\/p>\n<p>&nbsp;<\/p>\n<\/div>\n<p><img decoding=\"async\" src=\"https:\/\/thumbs.dreamstime.com\/b\/galaxia-espiral-majestuosa-con-n%C3%BAcleo-radiante-que-exhibe-polvo-interestelar-y-nebulosas-gaseosas-trav%C3%A9s-del-espacio-infinito-384233363.jpg\" alt=\"Galaxia Espiral Majestuosa Con N\u00facleo Radiante Que Exhibe Polvo Interestelar  Y Nebulosas Gaseosas a Trav\u00e9s Del Espacio Infinito Stock de ilustraci\u00f3n -  Ilustraci\u00f3n de extracto, et\u00e9reo: 384233363\" \/><\/p>\n<p>&nbsp;<\/p>\n<div>\n<blockquote>\n<p style=\"text-align: justify;\"><strong>&#8220;\u00bfQu\u00e9 es un espacio finito?<\/strong> Es un espacio en el cual si empezamos a caminar por \u00e9l, llega un momento que lo hemos recorrido entero, aunque este sea extremadamente grande. Es por tanto un Universo medible frente a un espacio infinito, en el cual por mucho que caminemos, siempre existe alguna zona por explorar.<\/p>\n<p style=\"text-align: justify;\"><strong>\u00bfQu\u00e9 es un Universo ilimitado?<\/strong> Es un Universo que no tiene limites, no hay fronteras, ni paredes que nos limiten en nuestro caminar. Desde cualquier punto de este Universo nos podemos mover en todas las direcciones sin toparnos con una pared o una frontera que ser\u00eda el fin del Universo.<\/p>\n<p style=\"text-align: justify;\">En otras palabras, un Universo finito pero sin l\u00edmites es el que tiene un volumen finito, es decir un n\u00famero espec\u00edfico de galaxias, pero no tiene \u201cbordes\u201d. Si record\u00e1is en una escena de la tercera entrega de la trilog\u00eda de <em>Matrix<\/em>, el protagonista Neo se encuentra atrapado en una estaci\u00f3n de tren virtual. En un intento por escapar, recorre el t\u00fanel del tren, s\u00f3lo para emerger en el extremo opuesto de la estaci\u00f3n de tren. Tal es cierto si nuestro Universo es ilimitado, pero a escala mucho m\u00e1s grande, y sin un momento de transici\u00f3n.&#8221;<\/p>\n<\/blockquote>\n<p style=\"text-align: justify;\"><img decoding=\"async\" title=\"M\u00e1s...\" src=\"http:\/\/www.emiliosilveravazquez.com\/blog\/wp-includes\/js\/tinymce\/plugins\/wordpress\/img\/trans.gif\" alt=\"\" \/><\/p>\n<\/div>\n<p><img decoding=\"async\" src=\"https:\/\/s2.abcstatics.com\/media\/ciencia\/2020\/04\/28\/vida-kDrH--620x349@abc.jpg\" alt=\"\u00bfY si solo puede haber vida en nuestra regi\u00f3n de Universo?\" \/><img decoding=\"async\" loading=\"lazy\" class=\"\" src=\"https:\/\/ciencia.unam.mx\/uploads\/textos\/art_astrobiologia_01_18042022.jpg\" alt=\"Qu\u00e9 formas de vida existen en el Universo? Preguntas desde la Astrobiolog\u00eda  - Ciencia UNAM\" width=\"620\" height=\"465\" \/><\/p>\n<p>&nbsp;<\/p>\n<div>\n<p style=\"text-align: justify;\">Sin embargo, a partir de la d\u00e9cada de los a\u00f1os 30, se da una reacci\u00f3n interesante, que afirma, cada vez con argumentos m\u00e1s fuertes y detallados, que el Hombre est\u00e1 en un tiempo y un lugar at\u00edpicos y privilegiados en muchos respectos, que obligan a preguntarnos si nuestra existencia est\u00e1 ligada en un modo especial a caracter\u00edsticas muy poco comunes en el Universo. Esta pregunta adquiere un significado especial al considerar las consecuencias previsibles (seg\u00fan las leyes f\u00edsicas) de cualquier alteraci\u00f3n en las condiciones iniciales del Universo. Con un eco de las palabras de <a href=\"http:\/\/www.emiliosilveravazquez.com\/blog\/2013\/03\/07\/siempre-elucubrando-%C2%A1imaginacion\/#\"><a href=\"#\" onclick=\"referencia('einstein',event); return false;\">Einstein<\/a><\/a>:\u00a0<em>\u00bftuvo Dios alguna alternativa al crear?<\/em>. No solamente debemos dar raz\u00f3n de que el Universo exista, sino de que exista de tal manera y con tales propiedades que la vida inteligente puede desarrollarse en \u00e9l. Tal es la raz\u00f3n de que se formule\u00a0<em>el Principio Antr\u00f3pico<\/em>, en que el Hombre (entendido en el sentido filos\u00f3fico de \u201canimal racional\u201d, independientemente de su h\u00e1bitat y su morfolog\u00eda corporal) aparece como condici\u00f3n determinante de que el Universo sea como es.<\/p>\n<p>&nbsp;<\/p>\n<p style=\"text-align: justify;\"><img decoding=\"async\" loading=\"lazy\" id=\"irc_mi\" src=\"http:\/\/2.bp.blogspot.com\/-13ySwYyAZv4\/VBcvaCsGoOI\/AAAAAAAANRA\/62Nh-oxnP3M\/s1600\/hombre%2By%2Buniverso.jpg\" alt=\"\" width=\"698\" height=\"393\" \/><\/p>\n<p>&nbsp;<\/p>\n<p style=\"text-align: justify;\">Las primeras sugerencias de una conexi\u00f3n entre vida inteligente y las propiedades del Universo en su momento actual aparecen en las relaciones adimensionales hechas notar por Eddington: la raz\u00f3n de intensidad entre <a href=\"http:\/\/www.emiliosilveravazquez.com\/blog\/2013\/03\/07\/siempre-elucubrando-%C2%A1imaginacion\/#\"><a href=\"#\" onclick=\"referencia('fuerza electromagnetica',event); return false;\">fuerza electromagn\u00e9tica<\/a><\/a> y fuerza gravitatoria entre dos <a href=\"http:\/\/www.emiliosilveravazquez.com\/blog\/2013\/03\/07\/siempre-elucubrando-%C2%A1imaginacion\/#\">electrones<\/a>, entre la edad del Universo y el tiempo en que la luz cruza el di\u00e1metro cl\u00e1sico de un <a href=\"http:\/\/www.emiliosilveravazquez.com\/blog\/2013\/03\/07\/siempre-elucubrando-%C2%A1imaginacion\/#\">electr\u00f3n<\/a>, entre el radio del Universo observable y el tama\u00f1o de una part\u00edcula subat\u00f3mica, nos da cifras del orden de 10 elevado a la potencia 40. El n\u00famero de part\u00edculas nucleares en todo el cosmos se estima como el cuadrado de ese mismo n\u00famero, es decir 10 elevado a la potencia 80). \u00bfSon \u00e9stas coincidencias pueriles o esconden un significado profundo?. La hip\u00f3tesis de los grandes n\u00fameros sugiere que el Hombre solamente puede existir en un lugar y momento determinado, cuando tales coincidencias se dan, aunque no se avanza una explicaci\u00f3n de estas relaciones. Eso s\u00ed, se ha llegado a especular con la posible conexi\u00f3n que existe entre la vida y las constantes universales y, se sabe que, si la velocidad de la luz, la Gravedad, o la constante de estructura fina, o la <a href=\"#\" onclick=\"referencia('planck constante de',event); return false;\">constante de Planck<\/a> variaran aunque s\u00f3lo fuese una diezmillon\u00e9sima parte&#8230; \u00a1La Vida no podr\u00eda ser posible tal como la conocemos!<\/p>\n<p>&nbsp;<\/p>\n<p style=\"text-align: justify;\"><img decoding=\"async\" loading=\"lazy\" src=\"http:\/\/upload.wikimedia.org\/wikipedia\/commons\/thumb\/2\/24\/Arthur_Stanley_Eddington.jpg\/220px-Arthur_Stanley_Eddington.jpg\" alt=\"\" width=\"220\" height=\"281\" \/><\/p>\n<p style=\"text-align: justify;\"><em><strong>\u00a0\u00a0\u00a0\u00a0\u00a0\u00a0\u00a0 Arthur Eddintong<\/strong><\/em><\/p>\n<p style=\"text-align: justify;\">Una versi\u00f3n m\u00e1s especulativa, el principio antr\u00f3pico fuerte, asegura que las leyes de la f\u00edsica deben tener propiedades que permitan evolucionar la vida. La implicaci\u00f3n de que el universo fue de alguna manera dise\u00f1ado para hacer posible de la vida humana hace que el principio antr\u00f3pico fuerte sea muy controvertido, ya que nos quiere adentrar en dominios divinos que, en realidad, es un \u00e1mbito incompatible con la certeza comprobada de los hechos a que se atiene la ciencia, en la que la fe, no parece tener cabida.<\/p>\n<p>&nbsp;<\/p>\n<p style=\"text-align: justify;\"><img decoding=\"async\" src=\"http:\/\/3.bp.blogspot.com\/-iUL6go0SPBw\/VHsiaYIzwYI\/AAAAAAAAB1g\/mbyRL510wLI\/s1600\/18gv609r8sggvjpg.jpg\" alt=\"\" border=\"0\" \/><\/p>\n<p style=\"text-align: justify;\">Es decir, problema del ajuste fino significa que las las constantes fundamentales de un modelo f\u00edsico para el universo deben ser ajustados de forma precisa para permitir la existencia de vida. Sobre estas constantes fundamentales no hay nada en la teor\u00eda que nos indique que deban tomar esos valores que toman. Podemos fijarlas de acuerdo con las observaciones, pero esto supone fijarlas de entre un rango de valores colosal. Esto da la impresi\u00f3n de cierta arbitrariedad y sugiere que el universo podr\u00eda ser una realizaci\u00f3n improbable entre tal rango de valores. He ah\u00ed el problema.<\/p>\n<p>&nbsp;<\/p>\n<p style=\"text-align: justify;\"><img decoding=\"async\" loading=\"lazy\" id=\"irc_mi\" src=\"http:\/\/1.bp.blogspot.com\/-SY4ydKEb8Mg\/T6MWEYX7rhI\/AAAAAAAAA2Q\/VKxtxDPgaF4\/s1600\/imagen.asp.jpg\" alt=\"\" width=\"493\" height=\"393\" \/><\/p>\n<p>&nbsp;<\/p>\n<p style=\"text-align: justify;\">No, no tenemos el mundo en nuestras manos\u2026 sino al rev\u00e9s, es el mundo el que nos tiene a nosotros\u2026 al menos de momento es as\u00ed. \u00bfEl futuro? \u00bfQui\u00e9n puede conocerlo? Lo que pasar\u00e1 y hasta donde podamos llegar es algo impredecible y s\u00f3lo nos podemos contentar con imaginar lo que podr\u00eda ser. De momento, formamos una Poblaci\u00f3n del Tipo Cero, es decir, no controlamos ni nuestro propio planeta.<\/p>\n<blockquote>\n<div data-canvas-width=\"54.14407159999998\">&#8220;Un Universo que se desarrolla produciendo Innumerables maravillas, para luego destruirlas, no tiene sentido. Debe darse el paso a lo inmaterial para que todo no sea \u201cuna broma de mal gusto\u201d.<\/div>\n<div data-canvas-width=\"54.14407159999998\"><\/div>\n<\/blockquote>\n<p style=\"text-align: justify;\"><img decoding=\"async\" loading=\"lazy\" id=\"irc_mi\" src=\"http:\/\/3.bp.blogspot.com\/-sFg_xFgLNgU\/VHd6di0PZjI\/AAAAAAAAGZk\/3Xqy1qm2sUw\/s1600\/406128_486938094683524_253117391_n.jpg\" alt=\"\" width=\"312\" height=\"393\" \/><\/p>\n<p>&nbsp;<\/p>\n<p style=\"text-align: justify;\">Por lo cu\u00e1l vemos que realmente la existencia de un universo depender\u00eda de que fuera capaz de generar consciencia. Es el concepto de Principio Antr\u00f3pico &#8230; Claro que no todos piensan de la misma manera y, no creen que ese principio sea una realidad que supedite al Universo a la presencia de seres pensantes como nosotros que, si surgimos, fue debido a que las condiciones de nuestro universo eran las id\u00f3neas para ello con sus elementos y su qu\u00edmica, sus mundos, y una serie de par\u00e1metros que estando presentes por todas las regiones del Cosmos, tambi\u00e9n, por todas esas regiones la vida tendr\u00e1 que decir alguna cosa si est\u00e1 en su estado o nivel m\u00e1s elevado de crear los pensamientos.<\/p>\n<p style=\"text-align: justify;\">El principio antr\u00f3pico nos invita al juego mental de probar a \u201ccambiar\u201d las constantes de la naturaleza y entrar en el juego virtual de \u00bfqu\u00e9 hubiera pasado si\u2026? A lo que somos tan aficionados para tratar, aunque s\u00f3lo sea mentalmente, lo que pudo o no pudo ser en funci\u00f3n de \u00e9ste o aqu\u00e9l par\u00e1metro que introducimos de manera imaginaria.<\/p>\n<p style=\"text-align: justify;\">Especulamos con lo que podr\u00eda haber sucedido si algunos sucesos no hubieran ocurrido de tal o cual manera para ocurrir de esta otra. \u00bfQu\u00e9 hubiera pasado en el planeta Tierra si no aconteciera en el pasado la ca\u00edda del meteorito que acab\u00f3 con los dinosaurios? \u00bfHabr\u00edamos podido estar aqu\u00ed hoy nosotros? \u00bfFue ese cataclismo una bendici\u00f3n para nosotros y nos quit\u00f3 de encima a unos terribles rivales?<\/p>\n<p style=\"text-align: justify;\">Fantasean con lo que pudo ser\u2026. Es un ejercicio bastante habitual; s\u00f3lo tenemos que cambiar la realidad de la historia o de los sucesos verdaderos para pretender fabricar un presente distinto. Cambiar el futuro puede resultar m\u00e1s f\u00e1cil, nadie lo conoce y no pueden rebatirlo con certeza. \u00bfQui\u00e9n sabe lo que pasar\u00e1 ma\u00f1ana?<\/p>\n<p style=\"text-align: justify;\"><img decoding=\"async\" src=\"http:\/\/www.laflecha.net\/cache\/thumbnails\/k\/250x220\/storage\/news\/0034\/164_ohiou.jpg\" alt=\"\" \/><\/p>\n<p><img decoding=\"async\" src=\"https:\/\/lepton1x.files.wordpress.com\/2013\/07\/leptonesquarks.jpg?w=520\" alt=\"La f\u00edsica de part\u00edculas y las interacciones fundamentales : Blog de Emilio  Silvera V.\" \/><\/p>\n<p style=\"text-align: justify;\">Lo cierto es que, todos son Quarks y Leptones que interact\u00faan con energ\u00edas y fuerzas que no podemos controlar y, el devenir del Universo ser\u00e1 imparable para nosotros, simples mortales que, a veces nos olvidamos de ese peque\u00f1o detalle y pensamos en realizar y conseguir logros que quedan muy lejos de nuestro alcance.<\/p>\n<p style=\"text-align: justify;\">Siempre estamos imaginando el futuro que vendr\u00e1. Los hombres tratan de dise\u00f1arlo pero, finalmente, ser\u00e1 el Universo el que tome la \u00faltima palabra de lo que deba ser. Por mucho que nosotros nos empe\u00f1emos, las estructuras del Universo nunca podr\u00e1n ser cinceladas por nuestras manos ni por nuestros ingenios, s\u00f3lo las inmensas fuerzas de la Naturaleza puede transformar las estrellas, las galaxias o los mundos\u2026lo dem\u00e1s, por muy bello que pudiera ser, siempre ser\u00e1 lo artificial.<\/p>\n<p>&nbsp;<\/p>\n<p style=\"text-align: justify;\"><img decoding=\"async\" loading=\"lazy\" id=\"irc_mi\" src=\"http:\/\/www.educarm.es\/templates\/portal\/ficheros\/websDinamicas\/32\/futurouniverso.jpg\" alt=\"\" width=\"480\" height=\"338\" \/><\/p>\n<p style=\"text-align: justify;\">Mientras el Universo sigue, ajeno a nuestros pensamientos, su camino inexorable, nosotros los humanos crearemos criaturas artificiales y replicantes que ser\u00e1n las nuevas especies que nos sustituyan en el futuro. Hay cosas que nunca podremos realizar y, cuando seamos conscientes de ello, crearemos esas otras especies que ser\u00e1n las que, en el futuro, puedan viajar al Espacio &#8220;infinito&#8221;, recorrer la Galaxia e incluso salir de ella. Nosotros, por lo que supone el Tiempo y la Distancias entre las estrellas, nunca estaremos preparados para semejantes aza\u00f1as. Sin embargo&#8230; \u00a1Existe una peque\u00f1a posibilidad de que podamos descubrir el camino por el Hiperespacio y a trav\u00e9z de Agujeros de Gusano! Si eso fuese posible, seguir\u00edamos en el candelero y, una nueva profesi\u00f3n de cient\u00edficos aventureros del universo, surgir\u00eda para convertirse en verdaderos Se\u00f1ores del Espacio.<\/p>\n<p style=\"text-align: justify;\">Lo que ocurra en la naturaleza del universo est\u00e1 en el destino de la propia naturaleza del cosmos, de las leyes que la rigen y de las fuerzas que gobiernan su mecanismo sometido a principios y energ\u00edas que, en la mayor\u00eda de los casos se pueden escapar a nuestro actual conocimiento.<\/p>\n<p style=\"text-align: justify;\">Lo que le pueda ocurrir a nuestra civilizaci\u00f3n, adem\u00e1s de estar supeditado al destino de nuestro planeta, de nuestro Sol y de nuestro Sistema Solar y la galaxia, tambi\u00e9n est\u00e1 en manos de los propios individuos que forman esa civilizaci\u00f3n y que, con sensibilidades distintas y muchas veces dispares, hace impredecibles los acontecimientos que puedan provocar individuos que participan con el poder individual de libre albedr\u00edo.<\/p>\n<p style=\"text-align: justify;\">Siempre hemos sabido especular con lo que pudo ser o con lo que podr\u00e1 ser si\u2026, lo que, la mayor\u00eda de las veces, es el signo de c\u00f3mo queremos ocultar nuestra ignorancia. Bien es cierto que sabemos muchas cosas pero, tambi\u00e9n es cierto que son m\u00e1s numerosas las que no sabemos.<\/p>\n<p>&nbsp;<\/p>\n<p style=\"text-align: justify;\"><img decoding=\"async\" loading=\"lazy\" id=\"irc_mi\" src=\"http:\/\/t0.gstatic.com\/images?q=tbn:ANd9GcSSeyVd2-cja57sX_M-7CnI2MqheIu5z9plMs7OVP1BLLElfT6B\" alt=\"\" width=\"491\" height=\"393\" \/><\/p>\n<p>&nbsp;<\/p>\n<p style=\"text-align: justify;\">Cuando el Sol agote todo su combustible nuclear, estar\u00e1 acerc\u00e1ndose el final de la Tierra como planeta que alberg\u00f3 la vida. Los cambios ser\u00e1n irreversibles, los oc\u00e9anos se evaporar\u00e1n y sus aguas hirvientes comenzar\u00e1n a llenar la atm\u00f3sfera de gases. La Gigante roja engullir\u00e1 a los planetas Mercurio, Venus y probablemente se quedar\u00e1 muy cerca de la Tierra calcinada y sin vida.<\/p>\n<p style=\"text-align: justify;\">Sabiendo que el destino irremediable de nuestro mundo, el planeta Tierra, es de ser calcinado por una estrella gigante roja en la que se convertir\u00e1 el Sol cuando agote la fusi\u00f3n de su combustible de hidr\u00f3geno, helio, carbono, etc, para que sus capas exteriores de materia exploten y salgan disparadas al espacio exterior, mientras que, el resto de su masa se contraer\u00e1 hacia su n\u00facleo bajo su propio peso, a merced de la gravedad, convirti\u00e9ndose en una estrella <a href=\"http:\/\/www.emiliosilveravazquez.com\/blog\/2013\/03\/07\/siempre-elucubrando-%C2%A1imaginacion\/#\"><a href=\"#\" onclick=\"referencia('enana blanca',event); return false;\">enana blanca<\/a><\/a> de enorme densidad y de reducido di\u00e1metro. Sabiendo eso, el hombre est\u00e1 poniendo los medios para que, antes de que llegue ese momento (dentro de algunos miles de millones de a\u00f1os), poder escapar y dar el salto hacia otros mundos lejanos que, como la Tierra ahora, re\u00fana las condiciones f\u00edsicas y qu\u00edmicas, la atm\u00f3sfera y la temperatura adecuadas para acogernos.<\/p>\n<p>&nbsp;<\/p>\n<p style=\"text-align: justify;\"><a href=\"https:\/\/www.google.es\/imgres?imgurl=http%3A%2F%2Fupload.wikimedia.org%2Fwikipedia%2Fcommons%2Fthumb%2F5%2F5a%2FNGC6543.jpg%2F300px-NGC6543.jpg&amp;imgrefurl=http%3A%2F%2Fes.wikipedia.org%2Fwiki%2FNebulosa_Ojo_de_Gato&amp;docid=R5ye3h9Ho0RkQM&amp;tbnid=i2jDCu2fhysj1M%3A&amp;w=300&amp;h=328&amp;ei=MszmVLyxF8PxUoLUgIAE&amp;ved=0CAIQxiAwAA&amp;iact=c\" data-target-tbnid=\"i2jDCu2fhysj1M:\" data-ld=\"0CAIQxiAwAA\" data-ved=\"0CAIQxiAwAA\" data-item-id=\"i2jDCu2fhysj1M:\"><img decoding=\"async\" src=\"https:\/\/encrypted-tbn3.gstatic.com\/images?q=tbn:ANd9GcQ4o_hto-sTZy9O9IYCoUcUDJGN8WNWxyPODHknkVcRvNqq2Xju\" alt=\"\" \/><\/a><a href=\"https:\/\/www.google.es\/imgres?imgurl=http%3A%2F%2Fapod.nasa.gov%2Fapod%2Fimage%2F0912%2Fcatseye3_hst.jpg&amp;imgrefurl=http%3A%2F%2Fapod.nasa.gov%2Fapod%2Fap091227.html&amp;docid=Y5-d-j-M4YchbM&amp;tbnid=cIud32cOaA_jVM&amp;w=900&amp;h=600&amp;ei=MszmVLyxF8PxUoLUgIAE&amp;ved=0CAMQxiAwAQ&amp;iact=c\" data-target-tbnid=\"i2jDCu2fhysj1M:\" data-ld=\"0CAMQxiAwAQ\" data-ved=\"0CAMQxiAwAQ\" data-item-id=\"cIud32cOaA_jVM\"><img decoding=\"async\" loading=\"lazy\" class=\"\" src=\"https:\/\/encrypted-tbn0.gstatic.com\/images?q=tbn:ANd9GcTuNlaMfZDj2P8VnEVitI2Z6lWRYelmBXCCBhAPuN0a49GWZI0Q3bP08g\" alt=\"\" width=\"272\" height=\"181\" \/><\/a><a href=\"https:\/\/www.google.es\/imgres?imgurl=http%3A%2F%2Fimg0.liveinternet.ru%2Fimages%2Fattach%2Fb%2F3%2F22%2F529%2F22529064_Krabovidnaya_tumannost_1.jpg&amp;imgrefurl=http%3A%2F%2Fwww.liveinternet.ru%2Ftags%2F%25F1%25E2%25E5%25F0%25F5%25ED%25EE%25E2%25FB%25E5%2F&amp;docid=e929ZnIhU5nmAM&amp;tbnid=4EInVmf5rBUN-M&amp;w=700&amp;h=525&amp;ei=MszmVLyxF8PxUoLUgIAE&amp;ved=0CAQQxiAwAg&amp;iact=c\" data-target-tbnid=\"i2jDCu2fhysj1M:\" data-ld=\"0CAQQxiAwAg\" data-ved=\"0CAQQxiAwAg\" data-item-id=\"4EInVmf5rBUN-M\"><img decoding=\"async\" src=\"https:\/\/encrypted-tbn0.gstatic.com\/images?q=tbn:ANd9GcTnI1d10128KlXDZymJw1wgYef9XRxmbAD9EDrCcER6DqYMouoYSTcgbQ\" alt=\"\" \/><\/a><a href=\"https:\/\/www.google.es\/imgres?imgurl=http%3A%2F%2Fspace.vn.ua%2Fnews%2Fimag%2Fn133.jpg&amp;imgrefurl=http%3A%2F%2Fspace.vn.ua%2Fnews%2Fnews-133.html&amp;docid=7r8NpB9j8fEMiM&amp;tbnid=z9KjmI4MaImLzM&amp;w=609&amp;h=450&amp;ei=MszmVLyxF8PxUoLUgIAE&amp;ved=0CAUQxiAwAw&amp;iact=c\" data-target-tbnid=\"i2jDCu2fhysj1M:\" data-ld=\"0CAUQxiAwAw\" data-ved=\"0CAUQxiAwAw\" data-item-id=\"z9KjmI4MaImLzM\"><img decoding=\"async\" src=\"https:\/\/encrypted-tbn3.gstatic.com\/images?q=tbn:ANd9GcQIEwrnLBmdMAvgiZjOzEB99E_y7fKTSoIPvTkLOBWHuhdkgj2cA37VfA\" alt=\"\" \/><\/a><a href=\"https:\/\/www.google.es\/imgres?imgurl=http%3A%2F%2Fwww.br-online.de%2Fwissen-bildung%2Fspacenight%2Fsterngucker%2Ffoto%2Fkatzenaugennebel-hubble4.jpg&amp;imgrefurl=http%3A%2F%2Fwww.br-online.de%2Fwissen-bildung%2Fspacenight%2Fsterngucker%2Fdeepsky%2Fkatzenaugennebel-gr.html&amp;docid=r7C-ooUtWl_PYM&amp;tbnid=6-MKUsBlLr4OaM&amp;w=500&amp;h=350&amp;ei=MszmVLyxF8PxUoLUgIAE&amp;ved=0CAYQxiAwBA&amp;iact=c\" data-target-tbnid=\"i2jDCu2fhysj1M:\" data-ld=\"0CAYQxiAwBA\" data-ved=\"0CAYQxiAwBA\" data-item-id=\"6-MKUsBlLr4OaM\"><img decoding=\"async\" src=\"https:\/\/encrypted-tbn3.gstatic.com\/images?q=tbn:ANd9GcRfnLog81mxUXhx_XCwctPQDSA8Dylb5V7Q5KgzEMCD-omDW5bW2cUFqg\" alt=\"\" \/><\/a><\/p>\n<p>&nbsp;<\/p>\n<p style=\"text-align: justify;\">\u00a0\u00a0\u00a0\u00a0\u00a0\u00a0\u00a0\u00a0\u00a0\u00a0\u00a0\u00a0\u00a0\u00a0\u00a0\u00a0\u00a0\u00a0\u00a0\u00a0 Cualquiera de esas Nebulosas planetarias podr\u00eda ser nuestro Sol dentro de cinco mil millones de a\u00f1os<\/p>\n<p style=\"text-align: justify;\">Pero el problema no es tan f\u00e1cil y se extiende a la totalidad del universo que, aunque mucho m\u00e1s tarde, tambi\u00e9n est\u00e1 abocado a la muerte t\u00e9rmica, el fr\u00edo absoluto si se expande para siempre como un universo abierto y eterno, o el m\u00e1s horroroso de los infiernos, si estamos en un universo cerrado y finito en el que, un d\u00eda, la fuerza de gravedad, detendr\u00e1 la expansi\u00f3n de las galaxias que comenzar\u00e1n a moverse de nuevo en sentido contrario, acerc\u00e1ndose las unas a las otras de manera tal que el universo comenzar\u00e1, con el paso del tiempo, a calentarse, hasta que finalmente, se junte toda la materia-energ\u00eda del universo en una enorme bola de fuego de millones de grados de temperatura, el <a href=\"http:\/\/www.emiliosilveravazquez.com\/blog\/2013\/03\/07\/siempre-elucubrando-%C2%A1imaginacion\/#\"><a href=\"#\" onclick=\"referencia('big crunch',event); return false; return false;\">Big Crunch<\/a><\/a>.<\/p>\n<\/div>\n<p>&nbsp;<\/p>\n<p><img decoding=\"async\" src=\"https:\/\/diariolaprimera.com.ar\/download\/multimedia.normal.89a781a2bec4ede8.Tk9UQSBfbm9ybWFsLndlYnA%3D.webp\" alt=\"Un universo que se observa as\u00ed mismo\" \/><\/p>\n<div>\n<p style=\"text-align: justify;\"><em><strong>\u00a0\u00a0\u00a0 Un universo repleg\u00e1ndose sobre s\u00ed mismo<\/strong><\/em><\/p>\n<p style=\"text-align: justify;\">El irreversible final est\u00e1 entre los dos modelos que, de todas las formas\u00a0 que lo miremos, es negativo para la Humanidad (si es que para entonces a\u00fan existe). En tal situaci\u00f3n, algunos ya est\u00e1n buscando la manera de escapar.<\/p>\n<p style=\"text-align: justify;\">Stephen Hawking ha llegado a la conclusi\u00f3n de que estamos inmersos en un multiverso, esto es, que existen infinidad de universos conectados los unos a los otros. Unos tienen constantes de la naturaleza que permiten vida igual o parecida a la nuestra, otros posibilitan formas de vida muy distintas y otros muchos no permiten ninguna clase de vida.<\/p>\n<p style=\"text-align: justify;\">Este sistema de inflaci\u00f3n autorreproductora nos viene a decir que cuando el universo se expande (se infla) a su vez, esa burbuja crea otras burbujas que se inflan y a su vez contin\u00faan creando otras nuevas m\u00e1s all\u00e1 de nuestro horizonte visible. Cada burbuja ser\u00e1 un nuevo universo, o mini-universo en\u00a0 los que reinar\u00e1n escenarios diferentes o diferentes constantes y fuerzas.<\/p>\n<p>&nbsp;<\/p>\n<p style=\"text-align: justify;\"><img decoding=\"async\" loading=\"lazy\" src=\"http:\/\/farm6.static.flickr.com\/5207\/5250782266_da793ea401.jpg\" alt=\"\" width=\"410\" height=\"500\" \/><\/p>\n<p style=\"text-align: justify;\">\u00bfQui\u00e9n sabe la realidad? \u00bfD\u00f3nde estamos? \u00bfEst\u00e1 solo el Universo?<\/p>\n<p style=\"text-align: justify;\">El escenario que describe el diagrama dibujado antes, ha sido explorado y el resultado hallado es que en cada uno de esos mini-universos, puede haber muchas cosas diferentes; pueden terminar con diferentes n\u00fameros de dimensiones espaciales o diferentes constantes y fuerzas de la naturaleza, pudiendo unos albergar la vida y otros no.<\/p>\n<p style=\"text-align: justify;\">El reto que queda para los cosm\u00f3logos es calcular las probabilidades de que emerjan diferencias mini-universos a partir de esta complejidad inflacionaria \u00bfSon comunes o raros los mini-universos como el nuestro? Existen, como para todos los problemas planteados, diversas conjeturas y consideraciones que influyen en la interpretaci\u00f3n de cualquier teor\u00eda cosmol\u00f3gica futura <strong>cu\u00e1ntico-relativista<\/strong>. Hasta que no seamos capaces de exponer una teor\u00eda que incluya la <a href=\"http:\/\/www.emiliosilveravazquez.com\/blog\/2013\/03\/07\/siempre-elucubrando-%C2%A1imaginacion\/#\"><a href=\"#\" onclick=\"referencia('relatividad',event); return false;\">relatividad<\/a><\/a> general de <a href=\"http:\/\/www.emiliosilveravazquez.com\/blog\/2013\/03\/07\/siempre-elucubrando-%C2%A1imaginacion\/#\"><a href=\"#\" onclick=\"referencia('einstein',event); return false;\">Einstein<\/a><\/a> (la gravedad-cosmos) y la mec\u00e1nica cu\u00e1ntica de Planck (el cuanto-\u00e1tomo), no ser\u00e1 posible contestar a ciertas preguntas.<\/p>\n<\/div>\n<p>&nbsp;<\/p>\n<p><img decoding=\"async\" loading=\"lazy\" class=\"\" src=\"https:\/\/4.bp.blogspot.com\/-POOLGGsACcI\/TsbnLVP9FnI\/AAAAAAAAX6E\/VQRKlFghrRI\/s1600\/280810223_1e59d78288.jpg\" alt=\"Ser\u00e1 \u00fanico nuestro Universo? \u00bfC\u00f3mo lo sabremos? : Blog de Emilio Silvera V.\" width=\"286\" height=\"286\" \/><img decoding=\"async\" loading=\"lazy\" class=\"\" src=\"https:\/\/www.ecured.cu\/images\/a\/a5\/Multiverso.jpg\" alt=\"Ser\u00e1 \u00fanico nuestro Universo? : Blog de Emilio Silvera V.\" width=\"414\" height=\"284\" \/><\/p>\n<p>&nbsp;<\/p>\n<div>\n<p style=\"text-align: justify;\">La teor\u00eda de cuerdas tiene un gancho tremendo. Te transporta a un mundo de 11 dimensiones, universos paralelos, y part\u00edculas formadas por cuerdecitas casi invisibles vibrando a diferentes frecuencias. Adem\u00e1s, te dice que no se trata de analog\u00edas sino de la estructura m\u00e1s profunda de la realidad, y que \u00e9sta podr\u00eda ser la teor\u00eda final que unificara por fin a toda la f\u00edsica. \u00bfNo estaremos hablando de Filosof\u00eda?<\/p>\n<p style=\"text-align: justify;\">Todas las soluciones que buscamos parecen estar situadas en teor\u00edas m\u00e1s avanzadas que, al parecer, s\u00f3lo son posibles en dimensiones superiores, como es el caso de la <a href=\"http:\/\/www.emiliosilveravazquez.com\/blog\/2013\/03\/07\/siempre-elucubrando-%C2%A1imaginacion\/#\"><a href=\"#\" onclick=\"referencia('supercuerdas teoria',event); return false;\">teor\u00eda de supercuerdas<\/a><\/a> situada en 10, 11 \u00f3 26 dimensiones. All\u00ed, si son compatibles la <a href=\"http:\/\/www.emiliosilveravazquez.com\/blog\/2013\/03\/07\/siempre-elucubrando-%C2%A1imaginacion\/#\"><a href=\"#\" onclick=\"referencia('relatividad',event); return false;\">relatividad<\/a><\/a> y la mec\u00e1nica cu\u00e1ntica, hay espacio m\u00e1s que suficiente para dar cabida a las part\u00edculas elementales, las fuerzas <a href=\"http:\/\/www.emiliosilveravazquez.com\/blog\/2013\/03\/07\/siempre-elucubrando-%C2%A1imaginacion\/#\"><a href=\"#\" onclick=\"referencia('gauge',event); return false;\">gauge<\/a><\/a> de Yang-Mill, el electromagnetismo de Maxwell y, en definitiva, al espacio-tiempo y la materia, la descripci\u00f3n verdadera del universo y de las fuerzas que en \u00e9l act\u00faan.<\/p>\n<p style=\"text-align: justify;\">Cient\u00edficamente, la teor\u00eda del hiperespacio lleva los nombres de Teor\u00eda de <a href=\"http:\/\/www.emiliosilveravazquez.com\/blog\/2013\/03\/07\/siempre-elucubrando-%C2%A1imaginacion\/#\"><a href=\"#\" onclick=\"referencia('kaluza klein',event); return false;\">Kaluza-Klein<\/a><\/a> y supergravedad. Pero en su formulaci\u00f3n m\u00e1s avanzada se denomina Teor\u00eda de Supercuerdas, una teor\u00eda que desarrolla su potencial en nueve dimensiones espaciales y una de tiempo: diez dimensiones. As\u00ed pues, trabajando en dimensiones m\u00e1s altas, esta teor\u00eda del hiperespacio puede ser la culminaci\u00f3n que conoce dos milenios de investigaci\u00f3n cient\u00edfica: la unificaci\u00f3n de todas las fuerzas f\u00edsicas conocidas. Como el Santo Grial de la F\u00edsica, la \u201cteor\u00eda de todo\u201d que esquiv\u00f3 a <a href=\"http:\/\/www.emiliosilveravazquez.com\/blog\/2013\/03\/07\/siempre-elucubrando-%C2%A1imaginacion\/#\"><a href=\"#\" onclick=\"referencia('einstein',event); return false;\">Einstein<\/a><\/a> que la busc\u00f3 los \u00faltimos 30 a\u00f1os de su vida.<\/p>\n<p>&nbsp;<\/p>\n<p style=\"text-align: justify;\"><img decoding=\"async\" loading=\"lazy\" src=\"http:\/\/www.revistafusion.com\/2006\/septiembre\/ciencia.jpg\" alt=\"\" width=\"300\" height=\"300\" \/><\/p>\n<p style=\"text-align: justify;\">Es cierto, los mejores siempre han buscado el Santo Grial de la F\u00edsica. Una Teor\u00eda que lo pueda explicar todo, la m\u00e1s completa que, mediante una sencilla ecuaci\u00f3n, responda a los misterios del Universo. Claro que tal haza\u00f1a, no depende siquiera de la inteligencia del explorador que la busca, es m\u00e1s bien un problema de que, las herramientas necesarias (matem\u00e1ticas) para hallarla, a\u00fan no han sido inventadas.<\/p>\n<p style=\"text-align: justify;\">Durante el \u00faltimo medio siglo, los cient\u00edficos se han sentido intrigados por la aparente diferencia entre las fuerzas b\u00e1sicas que mantienen unido al cosmos: la Gravedad, el electromagnetismo y las fuerzas nucleares fuerte y d\u00e9bil. Los intentos por parte de las mejores mentes del siglo XX para proporcionar una imagen unificadora de todas las fuerzas conocidas han fracasado. Sin embargo, la teor\u00eda del hiperespacio permite la posibilidad de explicar todas las fuerzas de la naturaleza y tambi\u00e9n la aparentemente aleatoria colecci\u00f3n de part\u00edculas subat\u00f3micas, de una forma verdaderamente elegante.\u00a0 En esta teor\u00eda del hiperespacio, la \u201cmateria\u201d puede verse tambi\u00e9n como las vibraciones que rizan el tejido del espacio y del tiempo. De ello se sigue la fascinante posibilidad de que todo lo que vemos a nuestro alrededor, desde los \u00e1rboles y las monta\u00f1as a las propias estrellas, no son sino vibraciones del hiperespacio.<\/p>\n<p>&nbsp;<\/p>\n<\/div>\n<div><img decoding=\"async\" loading=\"lazy\" class=\"\" src=\"https:\/\/uvn-brightspot.s3.amazonaws.com\/assets\/vixes\/b\/burbujas_de_la_teoria_del_multiverso.jpg\" alt=\"10 fascinantes teor\u00edas sobre el universo que te sacudir\u00e1n el cr\u00e1neo |  Explora | Univision\" width=\"592\" height=\"395\" \/><\/div>\n<div>\n<p style=\"text-align: justify;\">Antes mencion\u00e1bamos los universos burbujas nacidos de la inflaci\u00f3n y, normalmente, el contacto entre estos universos burbujas es imposible, pero analizando las ecuaciones de <a href=\"http:\/\/www.emiliosilveravazquez.com\/blog\/2013\/03\/07\/siempre-elucubrando-%C2%A1imaginacion\/#\"><a href=\"#\" onclick=\"referencia('einstein',event); return false;\">Einstein<\/a><\/a>, los cosm\u00f3logos han demostrado que podr\u00eda existir una madeja de <a href=\"http:\/\/www.emiliosilveravazquez.com\/blog\/2013\/03\/07\/siempre-elucubrando-%C2%A1imaginacion\/#\"><a href=\"#\" onclick=\"referencia('agujero de gusano',event); return false; return false;\">agujeros de gusano<\/a><\/a>, o tubos, que conectan estos universos paralelos.<\/p>\n<p style=\"text-align: justify;\">Aunque muchas consecuencias de esta discusi\u00f3n son puramente te\u00f3ricas, el viaje en el hiperespacio puede proporcionar eventualmente la aplicaci\u00f3n m\u00e1s pr\u00e1ctica de todas: salvar la vida inteligente, incluso a nosotros mismos, de la muerte de este universo cuando al final llegue el fr\u00edo o el calor.<\/p>\n<p style=\"text-align: justify;\">Esta nueva <a href=\"http:\/\/www.emiliosilveravazquez.com\/blog\/2013\/03\/07\/siempre-elucubrando-%C2%A1imaginacion\/#\"><a href=\"#\" onclick=\"referencia('supercuerdas teoria',event); return false;\">teor\u00eda de supercuerdas<\/a><\/a> tan prometedora del hiperespacio es un cuerpo bien definido de ecuaciones matem\u00e1ticas. Podemos calcular la energ\u00eda exacta necesaria para doblar el espacio y el tiempo o para cerrar <a href=\"http:\/\/www.emiliosilveravazquez.com\/blog\/2013\/03\/07\/siempre-elucubrando-%C2%A1imaginacion\/#\"><a href=\"#\" onclick=\"referencia('agujero de gusano',event); return false; return false;\">agujeros de gusano<\/a><\/a> que unan partes distantes de nuestro universo. Por desgracia, los resultados son desalentadores. La energ\u00eda requerida excede con mucho cualquier cosa que pueda existir en nuestro planeta. De hecho, la energ\u00eda es mil billones de veces mayor que la energ\u00eda de nuestros mayores colisionadores de \u00e1tomos. Debemos esperar siglos, o quiz\u00e1s milenios, hasta que nuestra civilizaci\u00f3n desarrolle la capacidad t\u00e9cnica de manipular el espacio-tiempo\u00a0 utilizando la energ\u00eda infinita que podr\u00eda proporcionar un <a href=\"http:\/\/www.emiliosilveravazquez.com\/blog\/2013\/03\/07\/siempre-elucubrando-%C2%A1imaginacion\/#\"><a href=\"#\" onclick=\"referencia('agujero negro',event); return false;\">agujero negro<\/a><\/a> para de esta forma poder dominar el hiperespacio que, al parecer, es la \u00fanica posibilidad que tendremos para escapar del lejano fin que se avecina. \u00bfQue a\u00fan tardar\u00e1 mucho? S\u00ed, pero el tiempo es inexorable, la debacle del fr\u00edo o del fuego llegar\u00eda.<\/p>\n<p style=\"text-align: justify;\">No existen dudas al respecto, la tarea es descomunal, imposible para nuestra civilizaci\u00f3n de hoy, \u00bfpero y la de ma\u00f1ana?, \u00bfno habr\u00e1 vencido todas las barreras? Creo que el hombre es capaz de <a href=\"http:\/\/www.emiliosilveravazquez.com\/blog\/2013\/03\/07\/siempre-elucubrando-%C2%A1imaginacion\/#\"><a href=\"#\" onclick=\"referencia('plasma',event); return false;\">plasma<\/a><\/a>r en hechos ciertos todos sus pensamientos e ideas, s\u00f3lo necesita tiempo: Tiempo tenemos mucho por delante.<\/p>\n<p style=\"text-align: justify;\">\u00bfSabremos aprovecharlo?<\/p>\n<p style=\"text-align: justify;\"><strong>Emilio Silvera V.<\/strong><\/p>\n<\/div>\n<div class='bookmark'>\r\n\t\t<table align='left' border='0' cellpadding='0' width='100%'>\r\n\t\t<tr><td><span class='pushbutton'><a href='http:\/\/delicious.com\/post?url=http%3A%2F%2Fwww.emiliosilveravazquez.com%2Fblog%2F2025%2F09%2F11%2Fsiempre-elucubrando-%25c2%25a1imaginacion-3%2F&amp;title=Siempre+elucubrando+%C2%A1Imaginaci%C3%B3n%21' title='Delicious' target='_blank' rel='nofollow'><img src='http:\/\/www.emiliosilveravazquez.com\/blog\/wp-content\/plugins\/knxdt-bookmarks-wordpress-plugin\/images\/delicious.png'  alt='' class='book_img' border='none' style='margin:1px; padding: 0;'  \/><\/a><\/span><span class='pushbutton'><a href='http:\/\/digg.com\/submit?url=http%3A%2F%2Fwww.emiliosilveravazquez.com%2Fblog%2F2025%2F09%2F11%2Fsiempre-elucubrando-%25c2%25a1imaginacion-3%2F&amp;title=Siempre+elucubrando+%C2%A1Imaginaci%C3%B3n%21' title='Digg' target='_blank' rel='nofollow'><img src='http:\/\/www.emiliosilveravazquez.com\/blog\/wp-content\/plugins\/knxdt-bookmarks-wordpress-plugin\/images\/digg.png'  alt='' class='book_img' border='none' style='margin:1px; padding: 0;'  \/><\/a><\/span><span class='pushbutton'><a href='http:\/\/www.google.com\/bookmarks\/mark?op=edit&amp;bkmk=http%3A%2F%2Fwww.emiliosilveravazquez.com%2Fblog%2F2025%2F09%2F11%2Fsiempre-elucubrando-%25c2%25a1imaginacion-3%2F&amp;title=Siempre+elucubrando+%C2%A1Imaginaci%C3%B3n%21' title='Google' target='_blank' rel='nofollow'><img src='http:\/\/www.emiliosilveravazquez.com\/blog\/wp-content\/plugins\/knxdt-bookmarks-wordpress-plugin\/images\/google.png'   alt='' class='book_img' border='none' style='margin:1px; padding: 0;'  \/><\/a><\/span><span class='pushbutton'><a href='http:\/\/myweb2.search.yahoo.com\/myresults\/bookmarklet?u=http%3A%2F%2Fwww.emiliosilveravazquez.com%2Fblog%2F2025%2F09%2F11%2Fsiempre-elucubrando-%25c2%25a1imaginacion-3%2F&amp;t=Siempre+elucubrando+%C2%A1Imaginaci%C3%B3n%21' title='Yahoo' target='_blank' rel='nofollow'><img src='http:\/\/www.emiliosilveravazquez.com\/blog\/wp-content\/plugins\/knxdt-bookmarks-wordpress-plugin\/images\/yahoo.png'  alt='' class='book_img' border='none' style='margin:1px; padding: 0;'  \/><\/a><\/span><span class='pushbutton'><a href='http:\/\/www.technorati.com\/faves?add=http%3A%2F%2Fwww.emiliosilveravazquez.com%2Fblog%2F2025%2F09%2F11%2Fsiempre-elucubrando-%25c2%25a1imaginacion-3%2F' title='Technorati' target='_blank' rel='nofollow'><img src='http:\/\/www.emiliosilveravazquez.com\/blog\/wp-content\/plugins\/knxdt-bookmarks-wordpress-plugin\/images\/technorati.png'  alt='' class='book_img' border='none' style='margin:1px; padding: 0;'  \/><\/a><\/span><span class='pushbutton'><a href='http:\/\/meneame.net\/submit.php?url=http%3A%2F%2Fwww.emiliosilveravazquez.com%2Fblog%2F2025%2F09%2F11%2Fsiempre-elucubrando-%25c2%25a1imaginacion-3%2F' title='Meneame' target='_blank' rel='nofollow'><img src='http:\/\/www.emiliosilveravazquez.com\/blog\/wp-content\/plugins\/knxdt-bookmarks-wordpress-plugin\/images\/meneame.png'  alt='' class='book_img' border='none' style='margin:1px; padding: 0;'  \/><\/a><\/span><span class='pushbutton'><a href='http:\/\/enchilame.com\/submit.php?url=http:\/\/www.emiliosilveravazquez.com\/blog\/2025\/09\/11\/siempre-elucubrando-%c2%a1imaginacion-3\/' target='_blank' rel='nofollow'><img title='Enchilame' src='http:\/\/www.emiliosilveravazquez.com\/blog\/wp-content\/plugins\/knxdt-bookmarks-wordpress-plugin\/images\/enchilame.png'  alt='' class='book_img' border='none' style='margin:1px; padding: 0;'  \/><\/a><\/span><span class='pushbutton'><a href='http:\/\/www.blinklist.com\/index.php?Action=Blink\/addblink.php&amp;Description=&amp;Url=http%3A%2F%2Fwww.emiliosilveravazquez.com%2Fblog%2F2025%2F09%2F11%2Fsiempre-elucubrando-%25c2%25a1imaginacion-3%2F&amp;title=Siempre+elucubrando+%C2%A1Imaginaci%C3%B3n%21' title='BlinkList' target='_blank' rel='nofollow'><img src='http:\/\/www.emiliosilveravazquez.com\/blog\/wp-content\/plugins\/knxdt-bookmarks-wordpress-plugin\/images\/blinklist.png'  alt='' class='book_img' border='none' style='margin:1px; padding: 0;'  \/><\/a><\/span><span class='pushbutton'><a href='http:\/\/reddit.com\/submit?url=http%3A%2F%2Fwww.emiliosilveravazquez.com%2Fblog%2F2025%2F09%2F11%2Fsiempre-elucubrando-%25c2%25a1imaginacion-3%2F&amp;title=Siempre+elucubrando+%C2%A1Imaginaci%C3%B3n%21' title='Reddit' target='_blank' rel='nofollow'><img src='http:\/\/www.emiliosilveravazquez.com\/blog\/wp-content\/plugins\/knxdt-bookmarks-wordpress-plugin\/images\/reddit.png'  alt='' class='book_img' border='none' style='margin:1px; padding: 0;'  \/><\/a><\/span><span class='pushbutton'><a href='http:\/\/www.tecnologiadiaria.com\/2009\/07\/abrir-com-hotmail-correo.html' target='_blank' title='hotmail'><img src='http:\/\/www.emiliosilveravazquez.com\/blog\/wp-content\/plugins\/knxdt-bookmarks-wordpress-plugin\/images\/linklove.png' alt='hotmail correo' class='book_img' border='none' style='margin:1px; padding: 0;' \/><\/a><\/span><span class='pushbutton'><a href='http:\/\/bitacoras.com\/votar\/anotacion\/externo\/mini\/www.emiliosilveravazquez.com\/blog\/2025\/09\/11\/siempre-elucubrando-%c2%a1imaginacion-3\/' title='Bitacoras.com' target='_blank' rel='nofollow'><img src='http:\/\/www.emiliosilveravazquez.com\/blog\/wp-content\/plugins\/knxdt-bookmarks-wordpress-plugin\/images\/bitacoras.png'  alt='' class='book_img' border='none' style='margin:1px; padding: 0;'  \/><\/a><\/span><span class='pushbutton'><a href='http:\/\/www.wikio.es\/vote?url=http%3A%2F%2Fwww.emiliosilveravazquez.com%2Fblog%2F2025%2F09%2F11%2Fsiempre-elucubrando-%25c2%25a1imaginacion-3%2F' title='Wikio' target='_blank' rel='nofollow'><img src='http:\/\/www.emiliosilveravazquez.com\/blog\/wp-content\/plugins\/knxdt-bookmarks-wordpress-plugin\/images\/wikio.png'   alt='' class='book_img' border='none' style='margin:1px; padding: 0;'   \/><\/a><\/span><span class='pushbutton'><a href='http:\/\/friendfeed.com\/?url=http%3A%2F%2Fwww.emiliosilveravazquez.com%2Fblog%2F2025%2F09%2F11%2Fsiempre-elucubrando-%25c2%25a1imaginacion-3%2F&amp;title=Siempre+elucubrando+%C2%A1Imaginaci%C3%B3n%21' title='Friend Feed' target='_blank' rel='nofollow'><img src='http:\/\/www.emiliosilveravazquez.com\/blog\/wp-content\/plugins\/knxdt-bookmarks-wordpress-plugin\/images\/friendfeed.png'  alt='' class='book_img' border='none' style='margin:1px; padding: 0;'  \/><\/a><\/span><span class='pushbutton'><a href='http:\/\/www.facebook.com\/share.php?u=http%3A%2F%2Fwww.emiliosilveravazquez.com%2Fblog%2F2025%2F09%2F11%2Fsiempre-elucubrando-%25c2%25a1imaginacion-3%2F&amp;t=Siempre+elucubrando+%C2%A1Imaginaci%C3%B3n%21' title='Facebook' target='_blank' rel='nofollow'><img src='http:\/\/www.emiliosilveravazquez.com\/blog\/wp-content\/plugins\/knxdt-bookmarks-wordpress-plugin\/images\/facebook.png'  alt='' class='book_img' border='none' style='margin:1px; padding: 0;'  \/><\/a><\/span><span class='pushbutton'><a href='http:\/\/twitter.com\/home?status=Siempre+elucubrando+%C2%A1Imaginaci%C3%B3n%21: http%3A%2F%2Fwww.emiliosilveravazquez.com%2Fblog%2F2025%2F09%2F11%2Fsiempre-elucubrando-%25c2%25a1imaginacion-3%2F' title='Twitter' target='_blank' rel='nofollow'><img src='http:\/\/www.emiliosilveravazquez.com\/blog\/wp-content\/plugins\/knxdt-bookmarks-wordpress-plugin\/images\/twitter.png'  alt='' class='book_img' border='none' style='margin:1px; padding: 0;'  \/><\/a><\/span><span class='pushbutton'><a href='http:\/\/www.feedburner.com\/fb\/a\/emailFlare?itemTitle=Siempre+elucubrando+%C2%A1Imaginaci%C3%B3n%21&amp;uri=http%3A%2F%2Fwww.emiliosilveravazquez.com%2Fblog%2F2025%2F09%2F11%2Fsiempre-elucubrando-%25c2%25a1imaginacion-3%2F' title='Enviar por Email' target='_blank' rel='nofollow'><img src='http:\/\/www.emiliosilveravazquez.com\/blog\/wp-content\/plugins\/knxdt-bookmarks-wordpress-plugin\/images\/email.png'  alt='' class='book_img' border='none' style='margin:1px; padding: 0;'  \/><\/a><\/span><span style='font-weight:bold; padding-left: 5px;'><a href='http:\/\/wordpress.org\/extend\/plugins\/knxdt-bookmarks-wordpress-plugin\/' title='Plugin' rel='nofollow' target='_blank'>[?]<\/a><\/span><\/td><\/tr><\/table><br\/><br\/><\/div>","protected":false},"excerpt":{"rendered":"<p>\u00a0 Conocer donde estamos y hacia donde vamos &nbsp; Nunca lo podremos saber, el fututo siempre ser\u00e1 incierto. \u00bfVida en Marte? Mucho es lo que desde hace mucho tiempo ya, se ha venido especulando con la posible existencia de vida en el planeta Marte. Los canales que algunos creyeron ver como obra artifical hecha por [&hellip;]<\/p>\n","protected":false},"author":2,"featured_media":0,"comment_status":"open","ping_status":"open","sticky":false,"template":"","format":"standard","meta":{"_s2mail":"yes","footnotes":""},"categories":[234],"tags":[],"_links":{"self":[{"href":"http:\/\/www.emiliosilveravazquez.com\/blog\/wp-json\/wp\/v2\/posts\/12083"}],"collection":[{"href":"http:\/\/www.emiliosilveravazquez.com\/blog\/wp-json\/wp\/v2\/posts"}],"about":[{"href":"http:\/\/www.emiliosilveravazquez.com\/blog\/wp-json\/wp\/v2\/types\/post"}],"author":[{"embeddable":true,"href":"http:\/\/www.emiliosilveravazquez.com\/blog\/wp-json\/wp\/v2\/users\/2"}],"replies":[{"embeddable":true,"href":"http:\/\/www.emiliosilveravazquez.com\/blog\/wp-json\/wp\/v2\/comments?post=12083"}],"version-history":[{"count":0,"href":"http:\/\/www.emiliosilveravazquez.com\/blog\/wp-json\/wp\/v2\/posts\/12083\/revisions"}],"wp:attachment":[{"href":"http:\/\/www.emiliosilveravazquez.com\/blog\/wp-json\/wp\/v2\/media?parent=12083"}],"wp:term":[{"taxonomy":"category","embeddable":true,"href":"http:\/\/www.emiliosilveravazquez.com\/blog\/wp-json\/wp\/v2\/categories?post=12083"},{"taxonomy":"post_tag","embeddable":true,"href":"http:\/\/www.emiliosilveravazquez.com\/blog\/wp-json\/wp\/v2\/tags?post=12083"}],"curies":[{"name":"wp","href":"https:\/\/api.w.org\/{rel}","templated":true}]}}