{"id":12069,"date":"2015-02-17T06:59:17","date_gmt":"2015-02-17T05:59:17","guid":{"rendered":"http:\/\/www.emiliosilveravazquez.com\/blog\/?p=12069"},"modified":"2015-02-17T06:59:17","modified_gmt":"2015-02-17T05:59:17","slug":"%c2%a1cosas-de-fisica","status":"publish","type":"post","link":"http:\/\/www.emiliosilveravazquez.com\/blog\/2015\/02\/17\/%c2%a1cosas-de-fisica\/","title":{"rendered":"\u00a1Cosas de F\u00edsica!"},"content":{"rendered":"<p style=\"text-align: justify;\"><img decoding=\"async\" loading=\"lazy\" id=\"irc_mi\" src=\"http:\/\/www.esacademic.com\/pictures\/eswiki\/67\/Convergenciafuerzas.jpg\" alt=\"\" width=\"457\" height=\"393\" \/><\/p>\n<p style=\"text-align: justify;\">Entre los te\u00f3ricos, el casamiento de la <a href=\"#\" onclick=\"referencia('relatividad',event); return false;\">relatividad<\/a> general y la teor\u00eda cu\u00e1ntica es el problema central de la f\u00edsica moderna. A los esfuerzos te\u00f3ricos que se realizan con ese prop\u00f3sito se les llama &#8220;supergravedad&#8221;, &#8220;s\u00fapersimetr\u00eda&#8221;, &#8220;supercuerdas&#8221; &#8220;<a href=\"#\" onclick=\"referencia('supercuerdas teoria',event); return false;\">teor\u00eda M<\/a>&#8221; o, en \u00faltimo caso, &#8220;teor\u00eda de todo o gran teor\u00eda unificada&#8221;.<\/p>\n<p style=\"text-align: justify;\">Ah\u00ed tenemos unas matem\u00e1ticas ex\u00f3ticas que ponen de punta hasta los pelos de las cejas de algunos de los mejores matem\u00e1ticos del mundo (\u00bfy Perelman? \u00bfPor qu\u00e9 nos se ha implicado?).\u00a0 Hablan de 10, 11 y 26 dimensiones, siempre, todas ellas espaciales menos una que es la temporal.\u00a0 Vivimos en cuatro: tres de espacio (este-oeste, norte-sur y arriba-abajo) y una temporal. No podemos, ni sabemos o no es posible instruir, en nuestro cerebro (tambi\u00e9n tridimensional), ver m\u00e1s dimensiones. Pero llegaron Kaluza y Klein y compactaron, en la <a href=\"#\" onclick=\"referencia('planck longitud de',event); return false;\">longitud de Planck<\/a> las dimensiones que no pod\u00edamos ver. \u00a1Problema solucionado!<\/p>\n<p style=\"text-align: justify;\"><img decoding=\"async\" loading=\"lazy\" id=\"irc_mi\" src=\"http:\/\/2.bp.blogspot.com\/_l9DmTieAHTI\/Sw38nC0CanI\/AAAAAAAAAHw\/QF6y_YCgEBA\/s400\/3851177.jpg\" alt=\"\" width=\"400\" height=\"300\" \/><\/p>\n<p style=\"text-align: justify;\">\u00a0\u00a0\u00a0\u00a0\u00a0\u00a0\u00a0\u00a0\u00a0\u00a0\u00a0\u00a0\u00a0\u00a0 \u00bfQui\u00e9n puede ir a la <a href=\"#\" onclick=\"referencia('planck longitud de',event); return false;\">longitud de Planck<\/a> para verlas?<\/p>\n<p style=\"text-align: justify;\">La puerta de las dimensiones m\u00e1s altas qued\u00f3 abierta y, a los te\u00f3ricos, se les regal\u00f3 una herramienta maravillosa.\u00a0 En el Hiperespacio, todo es posible.\u00a0 Hasta el matrimonio de la <a href=\"#\" onclick=\"referencia('relatividad',event); return false;\">relatividad<\/a> general y la mec\u00e1nica cu\u00e1ntica, all\u00ed si es posible encontrar esa so\u00f1ada teor\u00eda de la Gravedad cu\u00e1ntica.<\/p>\n<p style=\"text-align: justify;\"><img decoding=\"async\" title=\"M\u00e1s...\" src=\"http:\/\/www.emiliosilveravazquez.com\/blog\/wp-includes\/js\/tinymce\/plugins\/wordpress\/img\/trans.gif\" alt=\"\" \/><\/p>\n<p style=\"text-align: justify;\">As\u00ed que, los te\u00f3ricos, se han embarcado a la b\u00fasqueda de un objetivo audaz: buscan una teor\u00eda que describa la simplicidad primigenia que reinaba en el intenso calor del universo en sus primeros tiempos, una teor\u00eda carente de par\u00e1metros, donde est\u00e9n presentes todas las respuestas.\u00a0 Todo debe ser contestado a partir de una ecuaci\u00f3n b\u00e1sica.<\/p>\n<p style=\"text-align: justify;\">\u00bfD\u00f3nde radica el problema?<\/p>\n<p style=\"text-align: justify;\"><img decoding=\"async\" loading=\"lazy\" id=\"irc_mi\" src=\"http:\/\/4.bp.blogspot.com\/-kKZr48ixr1g\/TmIb31qEioI\/AAAAAAAA044\/ZSUKBWw8AQA\/s400\/dimensions+%25281%2529.jpg\" alt=\"\" width=\"400\" height=\"303\" \/><\/p>\n<p style=\"text-align: justify;\">Vivimos en un mundo tridimensional y no vemos ninguna dimensi\u00f3n extra \u00a1Si existe!<\/p>\n<p style=\"text-align: justify;\">El problema est\u00e1 en que la \u00fanica teor\u00eda candidata no tiene conexi\u00f3n directa con el mundo de la observaci\u00f3n, o no lo tiene todav\u00eda si queremos expresarnos con propiedad. La energ\u00eda necesaria para ello, no la tiene ni el nuevo acelerador de part\u00edculas LHC que mencion\u00e9 en p\u00e1ginas anteriores. La verdad es que, la teor\u00eda que ahora tenemos, el Modelo Est\u00e1ndar, concuerda de manera exacta con todos los datos a bajas energ\u00edas y contesta cosas sin sentido a altas energ\u00edas.<\/p>\n<p style=\"text-align: justify;\"><img decoding=\"async\" loading=\"lazy\" src=\"http:\/\/blogs.discovermagazine.com\/cosmicvariance\/files\/uploads\/higgs_graphics.jpg\" alt=\"\" width=\"400\" height=\"283\" \/><\/p>\n<div style=\"text-align: justify;\"><em>La verdad es que, la teor\u00eda que ahora tenemos, el Modelo Est\u00e1ndar, concuerda de manera exacta con todos los datos a bajas energ\u00edas y contesta cosas sin sentido a altas energ\u00edas. Precisamente por ello, es necesario seguir tratando de hallar ese Modelo m\u00e1s perfecto y completo que nos hable tambi\u00e9n de la Gravedad.<\/em><\/div>\n<p style=\"text-align: justify;\">\u00a1Necesitamos algo m\u00e1s avanzado!<\/p>\n<p style=\"text-align: justify;\"><img decoding=\"async\" loading=\"lazy\" id=\"irc_mi\" src=\"http:\/\/upload.wikimedia.org\/wikipedia\/commons\/thumb\/2\/20\/Elementary-particle-interactions-es.svg\/300px-Elementary-particle-interactions-es.svg.png\" alt=\"\" width=\"300\" height=\"218\" \/><\/p>\n<p style=\"text-align: justify;\">Se ha dicho que la funci\u00f3n de la part\u00edcula de <a href=\"#\" onclick=\"referencia('higgs',event); return false;\">Higgs<\/a> es la de dar masa a las Cuando su autor lanz\u00f3 la idea al mundo, result\u00f3 adem\u00e1s de nueva muy extra\u00f1a.\u00a0 El secreto de todo radica en conseguir la simplicidad: el \u00e1tomo resulto ser complejo lleno de esas infinitesimales part\u00edculas electromagn\u00e9ticas que bautizamos con el nombre de <a href=\"#\" onclick=\"referencia('electron',event); return false;\">electrones<\/a>, result\u00f3 que ten\u00eda un n\u00facleo que conten\u00eda, a pesar de ser tan peque\u00f1o, casi toda la masa del \u00e1tomo.\u00a0 El n\u00facleo, tan peque\u00f1o, estaba compuesto de otros objetos m\u00e1s peque\u00f1os a\u00fan, los <a href=\"#\" onclick=\"referencia('quarks',event); return false;\">quarks<\/a> que estaban instalados en nubes de otras part\u00edculas llamadas <a href=\"#\" onclick=\"referencia('gluones',event); return false;\">gluones<\/a> y, ahora, queremos continuar profundizando, sospechamos, que despu\u00e9s de los <a href=\"#\" onclick=\"referencia('quarks',event); return false;\">quarks<\/a> puede haber algo m\u00e1s.<\/p>\n<p style=\"text-align: justify;\"><img decoding=\"async\" loading=\"lazy\" id=\"irc_mi\" src=\"http:\/\/vistoenlaweb.files.wordpress.com\/2012\/07\/0.jpg\" alt=\"\" width=\"400\" height=\"297\" \/><\/p>\n<p style=\"text-align: justify;\">Bueno, la idea nueva que surgi\u00f3 es que el espacio entero contiene un campo, el campo de <a href=\"#\" onclick=\"referencia('higgs',event); return false;\">Higgs<\/a>, que impregna el vac\u00edo y es el mismo en todas partes. Es decir, que si miramos a las estrellas en una noche clara estamos mirando el campo de <a href=\"#\" onclick=\"referencia('higgs',event); return false;\">Higgs<\/a>.\u00a0 Las part\u00edculas influidas por este campo, toman masa.\u00a0 Esto no es por s\u00ed mismo destacable, pues las part\u00edculas pueden tomar energ\u00eda de los campos (<a href=\"#\" onclick=\"referencia('gauge',event); return false;\">gauge<\/a>) de los que hemos comentado, del campo gravitatorio o del electromagn\u00e9tico.\u00a0 Si llevamos un bloque de plomo a lo alto de la Torre Eiffel, el bloque adquirir\u00eda energ\u00eda potencial a causa de la alteraci\u00f3n de su posici\u00f3n en el campo gravitatorio de la Tierra.<\/p>\n<p style=\"text-align: justify;\"><img decoding=\"async\" loading=\"lazy\" id=\"irc_mi\" src=\"http:\/\/1.bp.blogspot.com\/-WOJv-yZfdsk\/Tf6U8gWbA4I\/AAAAAAAAADc\/aYdhlDODQ4c\/s400\/torre-eiffel+copia.jpg\" alt=\"\" width=\"400\" height=\"300\" \/><\/p>\n<p style=\"text-align: justify;\">Como E=mc<sup>2<\/sup>, ese aumento de la energ\u00eda potencial equivale a un aumento de la masa, en este caso la masa del Sistema Tierra-bloque de plomo.\u00a0 Aqu\u00ed hemos de a\u00f1adirle amablemente un poco de complejidad a la venerable ecuaci\u00f3n de <a href=\"#\" onclick=\"referencia('einstein',event); return false;\">Einstein<\/a>.\u00a0 La masa, m, tiene en realidad dos partes.\u00a0 Una es la masa en reposo, m<sub>0<\/sub>, la que se mide en el laboratorio cuando la part\u00edcula est\u00e1 en reposo.\u00a0 La part\u00edcula adquiere la otra parte de la masa en virtud de su movimiento (como los <a href=\"#\" onclick=\"referencia('proton',event); return false;\">protones<\/a> en el acelerador de part\u00edculas, o los <a href=\"#\" onclick=\"referencia('muon',event); return false;\">muones<\/a>, que aumentan varias veces su masa cuando son lanzados a velocidades cercanas a c) o en virtud de su energ\u00eda potencial de campo. Vemos una din\u00e1mica similar en los n\u00facleos at\u00f3micos.\u00a0 Por ejemplo, si separamos el <a href=\"#\" onclick=\"referencia('proton',event); return false;\">prot\u00f3n<\/a> y el <a href=\"#\" onclick=\"referencia('neutron',event); return false;\">neutr\u00f3n<\/a> que componen un n\u00facleo de <a href=\"#\" onclick=\"referencia('deuterio',event); return false;\">deuterio<\/a>, la suma de las masas aumenta.<\/p>\n<p style=\"text-align: justify;\">Pero la energ\u00eda potencial tomada del campo de <a href=\"#\" onclick=\"referencia('higgs',event); return false;\">Higgs<\/a> difiere en varios aspectos de la acci\u00f3n de los campos familiares. La masa tomada de <a href=\"#\" onclick=\"referencia('higgs',event); return false;\">Higgs<\/a> es en realidad masa en reposo. De hecho, en la que quiz\u00e1 sea la versi\u00f3n m\u00e1s apasionante de la teor\u00eda del campo de <a href=\"#\" onclick=\"referencia('higgs',event); return false;\">Higgs<\/a>, \u00e9ste genera toda la masa en reposo.\u00a0 Otra diferencia es que la cantidad de masa que se traga del campo es distinta para las distintas part\u00edculas.<\/p>\n<p style=\"text-align: justify;\">Los te\u00f3ricos dicen que las masas de las part\u00edculas de nuestro modelo est\u00e1ndar miden con qu\u00e9 intensidad se acoplan \u00e9stas al campo de <a href=\"#\" onclick=\"referencia('higgs',event); return false;\">Higgs<\/a>.<\/p>\n<p style=\"text-align: justify;\"><img decoding=\"async\" loading=\"lazy\" id=\"irc_mi\" src=\"http:\/\/www.cosmofisica.org\/IMAGENES\/DIAGRMAS%20EN%20CATEGORIAS\/F.P.MICROCOSMOS\/modelo%20estandar%20iii.jpg\" alt=\"\" width=\"400\" height=\"260\" \/><\/p>\n<p style=\"text-align: justify;\">La influencia de <a href=\"#\" onclick=\"referencia('higgs',event); return false;\">Higgs<\/a> en las masas de los <a href=\"#\" onclick=\"referencia('quarks',event); return false;\">quarks<\/a> y de los <a href=\"#\" onclick=\"referencia('leptones',event); return false;\">leptones<\/a>, nos recuerda el descubrimiento por Pieter Zeeman, en 1.896, de la divisi\u00f3n de los niveles de energ\u00eda de un <a href=\"#\" onclick=\"referencia('electron',event); return false;\">electr\u00f3n<\/a> cuando se aplica un campo magn\u00e9tico al \u00e1tomo.\u00a0 El campo (que representa metaf\u00f3ricamente el papel de <a href=\"#\" onclick=\"referencia('higgs',event); return false;\">Higgs<\/a>) rompe la simetr\u00eda del espacio de la que el <a href=\"#\" onclick=\"referencia('electron',event); return false;\">electr\u00f3n<\/a> disfrutaba.<\/p>\n<p style=\"text-align: justify;\">Hasta ahora no tenemos ni idea de que reglas controlan los incrementos de masa generados por el <a href=\"#\" onclick=\"referencia('higgs',event); return false;\">Higgs<\/a> (de ah\u00ed la expectaci\u00f3n creada por el nuevo acelerador de part\u00edculas LHC). Pero el problema es irritante: \u00bfpor qu\u00e9 s\u00f3lo esas masas -Las masas de los W<sup>+<\/sup>, W<sup>&#8211;<\/sup>, y Z<sup>\u00ba<\/sup>, y el up, el down, el encanto, el extra\u00f1o, el top y el bottom, as\u00ed como los <a href=\"#\" onclick=\"referencia('leptones',event); return false;\">leptones<\/a> &#8211; que no forman ning\u00fan patr\u00f3n obvio?<\/p>\n<p style=\"text-align: justify;\"><img decoding=\"async\" loading=\"lazy\" id=\"irc_mi\" src=\"http:\/\/cms.physicsmasterclasses.org\/imgs\/wz_elements.jpg\" alt=\"\" width=\"400\" height=\"162\" \/><\/p>\n<p style=\"text-align: justify;\"><em>No dejamos de experimentar para saber\u00a0c\u00f3mo\u00a0es nuestro mundo, la Naturaleza, el\u00a0Universo que nos acoge. Cada d\u00eda podemos sentir la alegr\u00eda de un nuevo descubrimiento al desvelar alg\u00fan secreto escondido que la Naturaleza ten\u00eda guardado como un Tesoro para cuando nosotros, pudi\u00e9ramos comprender sobre el mismo, y, parece que cada d\u00eda estamos m\u00e1s cerca de saber, por ejemplo&#8230; \u00bfQu\u00e9 secretos esconde la Luz?<\/em><\/p>\n<p style=\"text-align: justify;\">Las masas van de la del <a href=\"#\" onclick=\"referencia('electron',event); return false;\">electr\u00f3n<\/a> 0&#8217;0005 GeV, a la del top, que tiene que ser mayor que 91 GeV.\u00a0 Deber\u00edamos recordar que esta extra\u00f1a idea (el <a href=\"#\" onclick=\"referencia('higgs',event); return false;\">Higgs<\/a>) se emple\u00f3 con mucho \u00e9xito para formular la teor\u00eda electrod\u00e9bil (Weinberg-salam).\u00a0 All\u00ed se propuso el campo de <a href=\"#\" onclick=\"referencia('higgs',event); return false;\">Higgs<\/a> como una forma de ocultar la unidad de las fuerzas electromagn\u00e9ticas y d\u00e9biles.\u00a0 En la unidad hay cuatro part\u00edculas mensajeras sin masa -los W<sup>+<\/sup>, W<sup>&#8211;<\/sup>, Z<sup>\u00ba <\/sup>y <a href=\"#\" onclick=\"referencia('foton',event); return false;\">fot\u00f3n<\/a> que llevan la <a href=\"#\" onclick=\"referencia('fuerza nuclear debil',event); return false;\">fuerza electrod\u00e9bil<\/a>.\u00a0 Adem\u00e1s est\u00e1 el campo de <a href=\"#\" onclick=\"referencia('higgs',event); return false;\">Higgs<\/a>, y, r\u00e1pidamente, los W y Z chupan la esencia de <a href=\"#\" onclick=\"referencia('higgs',event); return false;\">Higgs<\/a> y se hacen pesados; el <a href=\"#\" onclick=\"referencia('foton',event); return false;\">fot\u00f3n<\/a> permanece intacto. La <a href=\"#\" onclick=\"referencia('fuerza nuclear debil',event); return false;\">fuerza electrod\u00e9bil<\/a> se fragmenta en la d\u00e9bil (d\u00e9bil porque los mensajeros son muy gordos) y la electromagn\u00e9tica, cuyas propiedades determina el <a href=\"#\" onclick=\"referencia('foton',event); return false;\">fot\u00f3n<\/a>, carente de masa.\u00a0 La simetr\u00eda se rompe espont\u00e1neamente, dicen los te\u00f3ricos.\u00a0 Prefiero la descripci\u00f3n seg\u00fan la cual el <a href=\"#\" onclick=\"referencia('higgs',event); return false;\">Higgs<\/a> oculta la simetr\u00eda con su poder dador de masa.<\/p>\n<p style=\"text-align: justify;\">Las masas de los W y el Z se predijeron con \u00e9xito a partir de los par\u00e1metros de la teor\u00eda electrod\u00e9bil. Y las relajadas sonrisas de los f\u00edsicos te\u00f3ricos nos recuerdan que Gerard ^t Hooft y Veltman dejaron sentado que la teor\u00eda entera esta libre de infinitos.<\/p>\n<p style=\"text-align: justify;\"><img decoding=\"async\" title=\"Relatividad y Gravedad Cu\u00e1ntica. Universidad de Cambridge.\" src=\"http:\/\/www.tendencias21.net\/photo\/art\/default\/597909-730098.jpg?v=1289406741\" alt=\"Relatividad y Gravedad Cu\u00e1ntica. Universidad de Cambridge.\" \/><\/p>\n<p style=\"text-align: justify;\">Pero, encierra tantos misterios la materia que, a veces me hace pensar en que la podr\u00edamos denominar de cualuquier manera menos de inerte \u00a1Parece que la materia est\u00e1 viva!<\/p>\n<p style=\"text-align: justify;\">Son muchas las cosas que desconocemos y, nuestra curiosidad nos empuja continuamente a buscar esas respuestas.<\/p>\n<p style=\"text-align: justify;\">El <a href=\"#\" onclick=\"referencia('electron',event); return false;\">electr\u00f3n<\/a> y el positr\u00f3n son notables por sus peque\u00f1as masas (s\u00f3lo 1\/1.836 de la del <a href=\"#\" onclick=\"referencia('proton',event); return false;\">prot\u00f3n<\/a>, el <a href=\"#\" onclick=\"referencia('neutron',event); return false;\">neutr\u00f3n<\/a>, el anti<a href=\"#\" onclick=\"referencia('proton',event); return false;\">prot\u00f3n<\/a> o anti<a href=\"#\" onclick=\"referencia('neutron',event); return false;\">neutr\u00f3n<\/a>), y, por lo tanto, han sido denominados <a href=\"#\" onclick=\"referencia('leptones',event); return false;\">leptones<\/a> (de la voz griega lentos, que significa &#8220;delgado&#8221;).<\/p>\n<p style=\"text-align: justify;\">Aunque el <a href=\"#\" onclick=\"referencia('electron',event); return false;\">electr\u00f3n<\/a> fue descubierto en 1.897 por el f\u00edsico brit\u00e1nico Josepth John Thomson (1856-1940), el problema de su estructura, si la hay, no est\u00e1 resuelto.\u00a0 Conocemos su masa y su carga negativa que responden a 9,1093897 (54) x 10<sup>-31 <\/sup>Kg la primera y, 1,602 177 33 (49) x 10<sup>-19<\/sup> culombios, la segunda, y tambi\u00e9n su radio cl\u00e1sico: <em>r<sub>0<\/sub> = e<sup>2<\/sup>\/mc<sup>2<\/sup><\/em> = 2&#8217;82 x 10<sup>-13<\/sup> m. No se ha descubierto a\u00fan ninguna part\u00edcula que sea menos cursiva que el <a href=\"#\" onclick=\"referencia('electron',event); return false;\">electr\u00f3n<\/a> (o positr\u00f3n) y que lleve\u00a0 una carga el\u00e9ctrica, sea lo que fuese (sabemos como act\u00faa y c\u00f3mo medir sus propiedades, pero aun no sabemos qu\u00e9 es), tenga asociada un m\u00ednimo de masa, y que esta es la que se muestra en el <a href=\"#\" onclick=\"referencia('electron',event); return false;\">electr\u00f3n<\/a>.<\/p>\n<p style=\"text-align: justify;\">Lo cierto es que, el <a href=\"#\" onclick=\"referencia('electron',event); return false;\">electr\u00f3n<\/a>, es una maravilla en s\u00ed mismo.\u00a0 El Universo no ser\u00eda como lo conocemos si el <a href=\"#\" onclick=\"referencia('electron',event); return false;\">electr\u00f3n<\/a> (esa cosita &#8220;insignificante&#8221;), fuese distinto a como es, bastar\u00eda un cambio infinitesimal para que, por ejemplo, nosotros no pudi\u00e9ramos estar aqu\u00ed ahora.<\/p>\n<p style=\"text-align: justify;\">\u00a1No por peque\u00f1o, se es insignificante!<\/p>\n<p style=\"text-align: justify;\"><img decoding=\"async\" loading=\"lazy\" id=\"irc_mi\" src=\"http:\/\/img.irtve.es\/imagenes\/hs-2010-22-a-large-web\/1278435787749.jpg\" alt=\"\" width=\"441\" height=\"393\" \/><\/p>\n<p style=\"text-align: justify;\">Record\u00e9moslo, todo lo grande est\u00e1 hecho de cosas peque\u00f1as.<\/p>\n<p style=\"text-align: justify;\">En realidad, existen part\u00edculas que no tienen en absoluto asociada en ellas ninguna masa (es decir, ninguna masa en reposo).\u00a0 Por ejemplo, las ondas de luz y otras formas de radiaci\u00f3n electromagn\u00e9ticas se comportan como part\u00edculas (<a href=\"#\" onclick=\"referencia('einstein',event); return false;\">Einstein<\/a> en su efecto fotoel\u00e9ctrico y De Broglie en la difracci\u00f3n de <a href=\"#\" onclick=\"referencia('electron',event); return false;\">electrones<\/a>*.<\/p>\n<p style=\"text-align: justify;\">Esta manifestaci\u00f3n en forma de part\u00edculas de lo que, de ordinario, concebimos como una onda se denomina <a href=\"#\" onclick=\"referencia('foton',event); return false;\">fot\u00f3n<\/a>, de la palabra griega que significa &#8220;luz&#8221;.<\/p>\n<p style=\"text-align: justify;\">El <a href=\"#\" onclick=\"referencia('foton',event); return false;\">fot\u00f3n<\/a> tiene una masa de 1, una carga el\u00e9ctrica de o, pero posee un <a href=\"#\" onclick=\"referencia('espin',event); return false;\">esp\u00edn<\/a> de 1, por lo que es un <a href=\"#\" onclick=\"referencia('bosones',event); return false;\">bos\u00f3n<\/a>. \u00bfC\u00f3mo se puede definir lo que es el <a href=\"#\" onclick=\"referencia('espin',event); return false;\">esp\u00edn<\/a>? Los <a href=\"#\" onclick=\"referencia('foton',event); return false;\">fotones<\/a> toman parte en las reacciones nucleares, pero el <a href=\"#\" onclick=\"referencia('espin',event); return false;\">esp\u00edn<\/a> total de las part\u00edculas implicadas antes y despu\u00e9s de la reacci\u00f3n deben permanecer inmutadas (conservaci\u00f3n del <a href=\"#\" onclick=\"referencia('espin',event); return false;\">esp\u00edn<\/a>).\u00a0 La \u00fanica forma que esto suceda en las reacciones nucleares que implican a los <a href=\"#\" onclick=\"referencia('foton',event); return false;\">fotones<\/a> radica en suponer que el <a href=\"#\" onclick=\"referencia('foton',event); return false;\">fot\u00f3n<\/a> tiene un <a href=\"#\" onclick=\"referencia('espin',event); return false;\">esp\u00edn<\/a> de 1. El <a href=\"#\" onclick=\"referencia('foton',event); return false;\">fot\u00f3n<\/a> no se considera un <a href=\"#\" onclick=\"referencia('leptones',event); return false;\">lept\u00f3n<\/a>, puesto que este termino se reserva para la familia formada por el <a href=\"#\" onclick=\"referencia('electron',event); return false;\">electr\u00f3n<\/a>, el <a href=\"#\" onclick=\"referencia('muon',event); return false;\">mu\u00f3n<\/a> y la part\u00edcula Tau con sus correspondientes <a href=\"#\" onclick=\"referencia('neutrinos',event); return false;\">neutrinos<\/a>: V<sub>e<\/sub>, V<sub>u<\/sub> y V<sub>T.<\/sub><\/p>\n<p style=\"text-align: justify;\"><img decoding=\"async\" loading=\"lazy\" src=\"http:\/\/upload.wikimedia.org\/wikipedia\/commons\/b\/b8\/Wavy.gif\" alt=\"Wavy.gif\" width=\"320\" height=\"200\" data-file-width=\"320\" data-file-height=\"200\" \/><\/p>\n<p style=\"text-align: justify;\">Existen razones te\u00f3ricas para suponer que, cuando las masas se aceleran (como cuando se mueven en \u00f3rbitas el\u00edpticas en torno a otra masa o llevan a cabo un colapso gravitacional), emiten energ\u00eda en forma de ondas gravitacionales.\u00a0 Esas ondas pueden as\u00ed mismo poseer aspecto de part\u00edcula, por lo que toda part\u00edcula gravitacional recibe el nombre de <a href=\"#\" onclick=\"referencia('graviton',event); return false;\">gravit\u00f3n<\/a>.<\/p>\n<p style=\"text-align: justify;\">La fuerza gravitatoria es mucho, mucho m\u00e1s d\u00e9bil que la <a href=\"#\" onclick=\"referencia('fuerza electromagnetica',event); return false;\">fuerza electromagn\u00e9tica<\/a>.\u00a0 Un <a href=\"#\" onclick=\"referencia('proton',event); return false;\">prot\u00f3n<\/a> y un <a href=\"#\" onclick=\"referencia('electron',event); return false;\">electr\u00f3n<\/a> se atraen gravitacionalmente con s\u00f3lo 1\/10<sup>39<\/sup> de la fuerza en que se atraen electromagn\u00e9ticamente. El <a href=\"#\" onclick=\"referencia('graviton',event); return false;\">gravit\u00f3n<\/a> (a\u00fan sin descubrir) debe poseer, correspondientemente, menos energ\u00eda que el <a href=\"#\" onclick=\"referencia('foton',event); return false;\">fot\u00f3n<\/a> y, por tanto, ha de ser inimaginablemente dif\u00edcil de detectar.<\/p>\n<p style=\"text-align: justify;\">De todos modos, el f\u00edsico norteamericano Joseph Weber emprendi\u00f3 en 1.957 la formidable tarea de detectar el <a href=\"#\" onclick=\"referencia('graviton',event); return false;\">gravit\u00f3n<\/a>.\u00a0 Lleg\u00f3 a emplear un par de cilindros de aluminio de 153 cm. De longitud y 66 de anchura, suspendidos de un cable en una c\u00e1mara de vac\u00edo.\u00a0 Los <a href=\"#\" onclick=\"referencia('graviton',event); return false;\">gravitones<\/a> (que ser\u00edan detectados en forma de ondas), desplazar\u00edan levemente esos cilindros, y se emple\u00f3 un sistema para detectar el desplazamiento que llegare a captar la cienmillon\u00e9sima parte de un cent\u00edmetro.<\/p>\n<p style=\"text-align: justify;\"><img decoding=\"async\" loading=\"lazy\" id=\"irc_mi\" src=\"http:\/\/3.bp.blogspot.com\/-4U67bEGsYdI\/TYiL2DuMwLI\/AAAAAAAAAFw\/QsxYjzPlpvU\/s1600\/LISA.jpg\" alt=\"\" width=\"524\" height=\"393\" \/><\/p>\n<p style=\"text-align: justify;\">Ya hemos construidos ingenios para medir las ondas gravitacionales provenientes de <a href=\"#\" onclick=\"referencia('agujero negro',event); return false;\">agujeros negros<\/a><\/p>\n<p style=\"text-align: justify;\">Las d\u00e9biles ondas de los <a href=\"#\" onclick=\"referencia('graviton',event); return false;\">gravitones<\/a>, que producen del espacio profundo, deber\u00edan chocar contra todo el planeta, y los cilindros separados por grandes distancias se ver\u00e1n afectados de forma simult\u00e1nea.\u00a0 En 1.969, Weber anunci\u00f3 haber detectado los efectos de las ondas gravitatorias.\u00a0 Aquello produjo una enorme excitaci\u00f3n, puesto que apoyaba una teor\u00eda particularmente importante (la teor\u00eda de <a href=\"#\" onclick=\"referencia('einstein',event); return false;\">Einstein<\/a> de la <a href=\"#\" onclick=\"referencia('relatividad',event); return false;\">relatividad<\/a> general).\u00a0 Desgraciadamente, nunca se pudo comprobar mediante las pruebas realizadas por otros equipos de cient\u00edficos que duplicaran el hallazgo de Weber.<\/p>\n<p style=\"text-align: justify;\">De todas formas, no creo que, a estas alturas, nadie pueda dudar de la existencia de los <a href=\"#\" onclick=\"referencia('graviton',event); return false;\">gravitones<\/a>, el <a href=\"#\" onclick=\"referencia('bosones',event); return false;\">bos\u00f3n<\/a> mediador de la fuerza gravitatoria.\u00a0 La masa del <a href=\"#\" onclick=\"referencia('graviton',event); return false;\">gravit\u00f3n<\/a> es o, su carga es o, y su <a href=\"#\" onclick=\"referencia('espin',event); return false;\">esp\u00edn<\/a> de 2.\u00a0 Como el <a href=\"#\" onclick=\"referencia('foton',event); return false;\">fot\u00f3n<\/a>, no tiene antipart\u00edcula, ellos mismos hacen las dos versiones.<\/p>\n<p style=\"text-align: justify;\"><img decoding=\"async\" title=\"Recreaci\u00f3n art\u00edstica de ondas gravitatorias \" src=\"http:\/\/www-revista.iaa.es\/sites\/www-revista.iaa.es\/files\/images\/revista_34\/ONDAS\/GRaviational-waves_banner.jpg\" alt=\"\" \/><\/p>\n<p style=\"text-align: justify;\">\u00a0\u00a0 Dos <a href=\"#\" onclick=\"referencia('agujero negro',event); return false;\">agujeros negros<\/a> binarios que producen ondas gravitatorias que no dejamos de buscar para saber<\/p>\n<p style=\"text-align: justify;\"><img decoding=\"async\" title=\"Simulaci\u00f3n num\u00e9rica de la emisi\u00f3n de ondas gravitatorias provocada por la fusi\u00f3n de un sistema binario\" src=\"http:\/\/www-revista.iaa.es\/sites\/www-revista.iaa.es\/files\/images\/revista_34\/ONDAS\/6a00d8341bf67c53ef0148c695a026970c-800wi.jpg\" alt=\"\" \/><\/p>\n<p style=\"text-align: justify;\">Asimismo, la rotaci\u00f3n de estrellas de <a href=\"#\" onclick=\"referencia('neutron',event); return false;\">neutrones<\/a> con \u201cprotuberancias\u201d en su estructura constituye un eficaz emisor de radiaci\u00f3n en esta banda de frecuencias. Estos sistemas nos permiten acceder al estudio de las propiedades de la materia en unas condiciones de presi\u00f3n y densidad que nunca podr\u00edamos alcanzar en la Tierra. Por \u00faltimo, al igual que existe un fondo de radiaci\u00f3n de microondas asociado a la expansi\u00f3n del universo en el modelo de <a href=\"#\" onclick=\"referencia('big bang',event); return false;\">Big Bang<\/a>, tambi\u00e9n existe un fondo de radiaci\u00f3n gravitatoria f\u00f3sil que codifica informaci\u00f3n cosmol\u00f3gica clave para comprender la formaci\u00f3n de estructuras a gran escala en el universo. Como fuentes de baja frecuencia podemos se\u00f1alar los sistemas binarios de enanas blancas en ca\u00edda espiral. Algunos de estos sistemas, denominados binarias de verificaci\u00f3n, proporcionan fuentes de ondas gravitatorias con contrapartidas electromagn\u00e9ticas conocidas a priori, lo cual es muy importante para la calibraci\u00f3n y comprobaci\u00f3n de los detectores.<\/p>\n<p style=\"text-align: justify;\"><img decoding=\"async\" loading=\"lazy\" id=\"irc_mi\" src=\"http:\/\/assets2.mi-web.org\/entradas\/0006\/3895\/primeras_fases_destruccion_astro_acercarse_demasiado_agujero_negro_aprecian_ilustracion.jpg?1329650269\" alt=\"\" width=\"587\" height=\"393\" \/><\/p>\n<p style=\"text-align: justify;\">Tenemos que volver a los que posiblemente son los objetos m\u00e1s misteriosos de nuestro Universo: Los <a href=\"#\" onclick=\"referencia('agujero negro',event); return false;\">agujeros negros<\/a>.\u00a0 Si estos objetos son lo que se dice (no parece que se pueda objetar nada en contrario), seguramente ser\u00e1n ellos los que, finalmente, nos faciliten las respuestas sobre las ondas gravitacionales y el esquivo <a href=\"#\" onclick=\"referencia('graviton',event); return false;\">gravit\u00f3n<\/a>. La onda gravitacional emitida por el <a href=\"#\" onclick=\"referencia('agujero negro',event); return false;\">agujero negro<\/a> produce una ondulaci\u00f3n en la curvatura del espacio-temporal que viaja a la velocidad de la luz transportada por los <a href=\"#\" onclick=\"referencia('graviton',event); return false;\">gravitones<\/a>.<\/p>\n<p style=\"text-align: justify;\"><img decoding=\"async\" loading=\"lazy\" id=\"irc_mi\" src=\"http:\/\/images.gizmag.com\/inline\/stellar_black_hole-3.jpg\" alt=\"\" width=\"530\" height=\"350\" \/><\/p>\n<p style=\"text-align: justify;\">Si profundizamos mucho en las entra\u00f1as de la materia&#8230; \u00bfQu\u00e9 ver\u00edamos? Algunos buenos teo\u00b4ricos nos hablaban de espuma cu\u00e1ntica, un estado desconocido de la materia que, por estar tan alejado de nosotros, nunca hemos podido llegar hasta \u00e9l ni con los grandes aceleradores, es posible, que la tal espuma cu\u00e1ntica est\u00e9 m\u00e1s all\u00e1 de los Quarks.<\/p>\n<p style=\"text-align: justify;\">Hay aspectos de la f\u00edsica que me dejan totalmente sin habla, me obligan a pensar y me transporta de este mundo material nuestro a otro fascinante donde residen las maravillas del Universo.\u00a0 Hay magnitudes asociadas con las leyes de la gravedad cu\u00e1ntica. La <a href=\"#\" onclick=\"referencia('planck longitud de',event); return false;\">longitud de Planck<\/a>-Wheeler,\u00a0<img decoding=\"async\" loading=\"lazy\" title=\"limite_planck\" src=\"http:\/\/www.emiliosilveravazquez.com\/blog\/wp-content\/uploads\/2008\/08\/limite_planck.gif\" alt=\"limite_planck\" width=\"150\" height=\"22\" \/> es la escala de longitud por debajo de la cual el espacio tal como lo conocemos deja de existir y se convierte en espuma cu\u00e1ntica.\u00a0 El <a href=\"#\" onclick=\"referencia('planck tiempo de',event); return false;\">tiempo de Planck<\/a>-Wheeler (1\/c veces la <a href=\"#\" onclick=\"referencia('planck longitud de',event); return false;\">longitud de Planck<\/a>-Wheeler o aproximadamente 10<sup>-43<\/sup> segundos), es el intervalo de tiempo m\u00e1s corto que puede existir; si dos sucesos est\u00e1n separados por menos que esto, no se puede decir cu\u00e1l sucede antes y cu\u00e1l despu\u00e9s. El \u00e1rea de Planck-Wheeler (el cuadrado de la <a href=\"#\" onclick=\"referencia('planck longitud de',event); return false;\">longitud de Planck<\/a>-Wheeler, es decir, 2,61&#215;10<sup>-66<\/sup>cm<sup>2<\/sup>) juega un papel clave en la <a href=\"#\" onclick=\"referencia('entropia',event); return false;\">entrop\u00eda<\/a> de un <a href=\"#\" onclick=\"referencia('agujero negro',event); return false;\">agujero negro<\/a>.<\/p>\n<p style=\"text-align: justify;\">Me llama poderosamente la atenci\u00f3n lo que conocemos como las fluctuaciones de vac\u00edo, esas oscilaciones aleatorias, impredecibles e ineliminables de un campo (electromagn\u00e9tico o gravitatorio), que son debidas a un tira y afloja en el que peque\u00f1as regiones del espacio toman prestada moment\u00e1neamente energ\u00eda de regiones adyacentes y luego la devuelven.<\/p>\n<div><em><img decoding=\"async\" loading=\"lazy\" id=\"irc_mi\" src=\"http:\/\/lh6.ggpht.com\/_2vGOJWG1vVQ\/TD632S7iXRI\/AAAAAAAADBM\/uUc864rD_-s\/ted-carter-emmart.jpg\" alt=\"\" width=\"438\" height=\"292\" \/><\/em><\/div>\n<div style=\"text-align: justify;\"><em>En cuanto a nuestra comprensi\u00f3n del universo a gran escala (superc\u00famulos de galaxias, ondas gravitacionales, posibles estrellas de Quarks-Gluones\u2026 No dejamos de investigar y esperimentar tanto con el uso de grandes telecospios como de Aceleradores de part\u00edculas que har\u00edan las delicias de Dem\u00f3crito y de Emp\u00e9docles. los padres de los elementos y del \u00e1tomo. \u00a1Qu\u00e9 les gustar\u00eda ver lo que ahora est\u00e1 pasando! Y, sobre todo, que sus premoniciones, resultaron casi ciertas-<\/em><\/div>\n<div style=\"text-align: justify;\"><em><br \/>\n<\/em><\/div>\n<p style=\"text-align: justify;\"><img decoding=\"async\" src=\"http:\/\/curiosidades.batanga.com\/sites\/curiosidades.batanga.com\/files\/5-de-las-cosas-mas-grandes-del-universo-2.jpg\" alt=\"http:\/\/curiosidades.batanga.com\/sites\/curiosidades.batanga.com\/files\/5-de-las-cosas-mas-grandes-del-universo-2.jpg\" \/><\/p>\n<p style=\"text-align: justify;\">El Gran Vac\u00edo de B\u00f6otes&#8221; muchos le considera<strong>n el lugar m\u00e1s aterrador del universo. <\/strong>Es una inmensa regi\u00f3n del universo, con forma esf\u00e9rica, de un di\u00e1metro de aproximadamente unos 250.000.000 de a\u00f1os luz. Se cree que se form\u00f3 a partir de la uni\u00f3n de varios vac\u00edos y unas 2500 galaxias del tama\u00f1o de la nuestra entrar\u00edan all\u00ed.<\/p>\n<p style=\"text-align: justify;\"><img decoding=\"async\" loading=\"lazy\" src=\"https:\/\/encrypted-tbn0.gstatic.com\/images?q=tbn:ANd9GcR1mnLNT5Ew74hHJQsjciCF13Pz7QIG59CcgpunZR3PAWlk6kTc\" alt=\"\" width=\"306\" height=\"255\" \/><\/p>\n<p style=\"text-align: justify;\">Consideramos vac\u00edo cosas que est\u00e1n llenas a rebosar<\/p>\n<p style=\"text-align: justify;\">Ordinariamente, definimos el vac\u00edo como el espacio en el que hay una baja presi\u00f3n de un gas, es decir, relativamente pocos \u00e1tomos o mol\u00e9culas.\u00a0 En ese sentido, un vac\u00edo perfecto no contendr\u00eda ning\u00fan \u00e1tomo o mol\u00e9cula, pero no se puede obtener, ya que todos los materiales que rodean ese espacio tienen una presi\u00f3n de vapor finita.\u00a0 En un bajo vac\u00edo, la presi\u00f3n se reduce hasta 10<sup>-2 <\/sup>pascales, mientras que un alto vac\u00edo tiene una presi\u00f3n de 10<sup>-2<\/sup>-10<sup>-7<\/sup> pascales.\u00a0 Por debajo de 10<sup>-7<\/sup> pascales se conoce como un vac\u00edo ultraalto.<\/p>\n<p style=\"text-align: justify;\">No puedo dejar de referirme al vaciotheta (vaci\u00f3 \u03b8) que, es el estado de vac\u00edo de un campo <a href=\"#\" onclick=\"referencia('gauge',event); return false;\">gauge<\/a> no abeliano (en ausencia de campos <a href=\"#\" onclick=\"referencia('fermion',event); return false;\">fermi\u00f3n<\/a>icos y campos de <a href=\"#\" onclick=\"referencia('higgs',event); return false;\">Higgs<\/a>).<\/p>\n<p style=\"text-align: justify;\"><img decoding=\"async\" loading=\"lazy\" id=\"irc_mi\" src=\"http:\/\/4.bp.blogspot.com\/-tOEZHES2zos\/U-1ZWXhrMvI\/AAAAAAAATzQ\/aUGubY-5YyY\/s1600\/10494540_10204156199127077_1385187310377390063_n.jpg\" alt=\"\" width=\"630\" height=\"393\" \/><\/p>\n<p style=\"text-align: justify;\">En el <a href=\"#\" onclick=\"referencia('vacio theta',event); return false;\">vac\u00edo theta<\/a> hay un n\u00famero infinito de estados degenerados con efecto t\u00fanel entre estos estados.\u00a0 Esto significa que el <a href=\"#\" onclick=\"referencia('vacio theta',event); return false;\">vac\u00edo theta<\/a> es an\u00e1logo a una fund\u00f3n de Bloch* en un cristal. Se puede derivar tanto como un resultado general o bien usando t\u00e9cnicas de instant\u00f3n.\u00a0 Cuando hay un <a href=\"#\" onclick=\"referencia('fermion',event); return false;\">fermi\u00f3n<\/a> sin masa, el efecto t\u00fanel entre estados queda completamente suprimido. Cuando hay campos <a href=\"#\" onclick=\"referencia('fermion',event); return false;\">fermi\u00f3n<\/a>icos con masa peque\u00f1a, el efecto t\u00fanel es mucho menor que para campos <a href=\"#\" onclick=\"referencia('gauge',event); return false;\">gauge<\/a> puros, pero no est\u00e1 completamente suprimido.<\/p>\n<p style=\"text-align: justify;\"><img decoding=\"async\" loading=\"lazy\" id=\"irc_mi\" src=\"http:\/\/m1.behance.net\/rendition\/modules\/59145537\/disp\/61ecdd4a5007f9e9aca56d9dca90dc0b.jpg\" alt=\"\" width=\"278\" height=\"393\" \/><\/p>\n<p style=\"text-align: justify;\">Nos podr\u00edamos preguntar miles de cosas que no sabr\u00edamos contestar.\u00a0 Nos maravillan y asombran fen\u00f3menos naturales que ocurren ante nuestros ojos pero que tampoco sabemos, en realidad, a que son debidos.\u00a0 Si, sabemos ponerles etiquetas como, por ejemplo, la <a href=\"#\" onclick=\"referencia('fuerza nuclear debil',event); return false;\">fuerza nuclear d\u00e9bil<\/a>, la fisi\u00f3n espont\u00e1nea que tiene lugar en algunos elementos como el protactinio o el torio y, con mayor frecuencia, en los elementos que conocemos como transur\u00e1nidos.<\/p>\n<p style=\"text-align: justify;\"><img decoding=\"async\" src=\"http:\/\/upload.wikimedia.org\/wikipedia\/commons\/thumb\/7\/79\/Alpha_Decay.svg\/250px-Alpha_Decay.svg.png\" alt=\"\" \/><\/p>\n<p style=\"text-align: justify;\">A medida que los n\u00facleos se hacen m\u00e1s grandes, la probabilidad de una fisi\u00f3n espont\u00e1nea aumenta.\u00a0 En los elementos m\u00e1s pesados de todos (einstenio, fermio y mendelevio), esto se convierte en el m\u00e9todo m\u00e1s importante de ruptura, sobrepasando a la emisi\u00f3n de <a href=\"#\" onclick=\"referencia('particula alfa',event); return false;\">part\u00edculas alfa<\/a>.<\/p>\n<p style=\"text-align: justify;\"><img decoding=\"async\" loading=\"lazy\" id=\"irc_mi\" src=\"http:\/\/2.bp.blogspot.com\/-_yfoM32G8iU\/URIef-KPLtI\/AAAAAAAAAZA\/hA0sbYlfwAI\/s1600\/Cuerdas+3.png\" alt=\"\" width=\"812\" height=\"356\" \/><\/p>\n<p style=\"text-align: justify;\">Nos queda mucho porder o\u00edr las vibraciones de esas \u201ccuerdas\u201d que la f\u00edsica trata de encontrar, y, mientras tanto, oiremos vibrar esas otras que nos ofrece el viol\u00edn en las manos expertos del m\u00fasico con experiencia. Mientras tanto, esas otras cuerdas cuya existencia intuimos y so\u00f1amos, si es cierto que est\u00e1n ah\u00ed, seguir\u00e1n silenciosas vibrando y creando materia a partir de esa \u00ednfima sustancia que no hemos podido observar\u2026 \u00a1por el momento!<\/p>\n<p style=\"text-align: justify;\">La teor\u00eda de cuerdas rompe con esta idea. Presupone que las partes m\u00e1s peque\u00f1as son filamentos de energ\u00eda. Una especie de cuerdas que vibran.<em> Lo que hace que la\u00a0<a href=\"#\" onclick=\"referencia('supercuerdas teoria',event); return false;\">teor\u00eda de supercuerdas<\/a>\u00a0sea tan interesante es que el marco est\u00e1ndar mediante el cual conocemos la mayor parte de la f\u00edsica es la teor\u00eda cu\u00e1ntica y resulta que ella hace imposible la gravedad.\u00a0<\/em><\/p>\n<div style=\"text-align: justify;\"><em>La\u00a0<a href=\"#\" onclick=\"referencia('relatividad',event); return false;\">relatividad<\/a>\u00a0general de\u00a0<a href=\"#\" onclick=\"referencia('einstein',event); return false;\">Einstein<\/a>, que es el modelo de la gravedad, no funciona con la teor\u00eda cu\u00e1ntica. Sin embargo, las supercuerdas modifican la teor\u00eda cu\u00e1ntica est\u00e1ndar de tal manera que la gravedad no s\u00f3lo se convierte en posible, sino que forma parte natural del sistema; es inevitable para que \u00e9ste sea completo.<\/em><\/div>\n<div style=\"text-align: justify;\"><img decoding=\"async\" loading=\"lazy\" id=\"irc_mi\" src=\"http:\/\/static.amazings.es\/media\/2011\/09\/superstrings.jpg\" alt=\"\" width=\"397\" height=\"324\" \/><\/div>\n<div style=\"text-align: justify;\"><em>\u00bfPor qu\u00e9 es tan importante encajar la gravedad y la teor\u00eda cu\u00e1ntica?<\/em><\/div>\n<div style=\"text-align: justify;\"><em>\u00a0Porque no podemos admitir una teor\u00eda que explique las fuerzas de la naturaleza y deje fuera a una de esas fuerzas.\u00a0 As\u00ed ocurre con el Modelo Est\u00e1ndar que deja aparte y no incluye a la fuerza gravitatoria que est\u00e1 ah\u00ed, en la Naturaleza. La\u00a0<a href=\"#\" onclick=\"referencia('supercuerdas teoria',event); return false;\">teor\u00eda de supercuerdas<\/a>\u00a0se perfila como la teor\u00eda que tiene implicaciones si tratamos con las cosas muy peque\u00f1as, en el microcosmos; toda la teor\u00eda de part\u00edculas elementales cambia con las supercuerdas que penetra mucho m\u00e1s; llega mucho m\u00e1s all\u00e1 de lo que ahora es posible.<\/em><\/div>\n<div style=\"text-align: justify;\"><img decoding=\"async\" loading=\"lazy\" id=\"irc_mi\" src=\"http:\/\/1.bp.blogspot.com\/-9k523jb5n7Q\/Tuzish5xlZI\/AAAAAAAAAOA\/BBo9UHMoaBg\/s1600\/modelo-estandar.png\" alt=\"\" width=\"363\" height=\"393\" \/><\/div>\n<div style=\"text-align: justify;\">Despu\u00e9s de todo lo anteriormente comentado y explicado, lo que nos queda, en nuestra realidad, es el Modelo Est\u00e1ndar que, con sus 19 par\u00e1metros aleatorios (ya pudimos quitar el 20 que era el Bos\u00f3n de <a href=\"#\" onclick=\"referencia('higgs',event); return false;\">Higgs<\/a> hace dos a\u00f1os &#8220;descubierto&#8221;, tenemos que seguri persistiendo en poder verificar la Teor\u00eda de cuerdad que, sabiendo que en ella subyace la Gravedad y la Cu\u00e1ntica&#8230; \u00a1Al fin juntas! el poder contrastar sus predicciones y lograr experimentalmente su confirmaci\u00f3n, nos llevar\u00eda hacia el futuro hacia el que la F\u00edsica dar\u00eda un gran paso. Claro que, no disponemos de la Energia de Planck\u00a0 (10<sup>19 <\/sup>GeV) que ser\u00edan necesarios para llegar a esas cuerdas vibrantes que ser\u00edan, los \u00faltimos componentes de la materia.<\/div>\n<p style=\"text-align: justify;\"><em>emilio silvera<\/em><\/p>\n<div class='bookmark'>\r\n\t\t<table align='left' border='0' cellpadding='0' width='100%'>\r\n\t\t<tr><td><span class='pushbutton'><a href='http:\/\/delicious.com\/post?url=http%3A%2F%2Fwww.emiliosilveravazquez.com%2Fblog%2F2015%2F02%2F17%2F%25c2%25a1cosas-de-fisica%2F&amp;title=%C2%A1Cosas+de+F%C3%ADsica%21' title='Delicious' target='_blank' rel='nofollow'><img src='http:\/\/www.emiliosilveravazquez.com\/blog\/wp-content\/plugins\/knxdt-bookmarks-wordpress-plugin\/images\/delicious.png'  alt='' class='book_img' border='none' style='margin:1px; padding: 0;'  \/><\/a><\/span><span class='pushbutton'><a href='http:\/\/digg.com\/submit?url=http%3A%2F%2Fwww.emiliosilveravazquez.com%2Fblog%2F2015%2F02%2F17%2F%25c2%25a1cosas-de-fisica%2F&amp;title=%C2%A1Cosas+de+F%C3%ADsica%21' title='Digg' target='_blank' rel='nofollow'><img src='http:\/\/www.emiliosilveravazquez.com\/blog\/wp-content\/plugins\/knxdt-bookmarks-wordpress-plugin\/images\/digg.png'  alt='' class='book_img' border='none' style='margin:1px; padding: 0;'  \/><\/a><\/span><span class='pushbutton'><a href='http:\/\/www.google.com\/bookmarks\/mark?op=edit&amp;bkmk=http%3A%2F%2Fwww.emiliosilveravazquez.com%2Fblog%2F2015%2F02%2F17%2F%25c2%25a1cosas-de-fisica%2F&amp;title=%C2%A1Cosas+de+F%C3%ADsica%21' title='Google' target='_blank' rel='nofollow'><img src='http:\/\/www.emiliosilveravazquez.com\/blog\/wp-content\/plugins\/knxdt-bookmarks-wordpress-plugin\/images\/google.png'   alt='' class='book_img' border='none' style='margin:1px; padding: 0;'  \/><\/a><\/span><span class='pushbutton'><a href='http:\/\/myweb2.search.yahoo.com\/myresults\/bookmarklet?u=http%3A%2F%2Fwww.emiliosilveravazquez.com%2Fblog%2F2015%2F02%2F17%2F%25c2%25a1cosas-de-fisica%2F&amp;t=%C2%A1Cosas+de+F%C3%ADsica%21' title='Yahoo' target='_blank' rel='nofollow'><img src='http:\/\/www.emiliosilveravazquez.com\/blog\/wp-content\/plugins\/knxdt-bookmarks-wordpress-plugin\/images\/yahoo.png'  alt='' class='book_img' border='none' style='margin:1px; padding: 0;'  \/><\/a><\/span><span class='pushbutton'><a href='http:\/\/www.technorati.com\/faves?add=http%3A%2F%2Fwww.emiliosilveravazquez.com%2Fblog%2F2015%2F02%2F17%2F%25c2%25a1cosas-de-fisica%2F' title='Technorati' target='_blank' rel='nofollow'><img src='http:\/\/www.emiliosilveravazquez.com\/blog\/wp-content\/plugins\/knxdt-bookmarks-wordpress-plugin\/images\/technorati.png'  alt='' class='book_img' border='none' style='margin:1px; padding: 0;'  \/><\/a><\/span><span class='pushbutton'><a href='http:\/\/meneame.net\/submit.php?url=http%3A%2F%2Fwww.emiliosilveravazquez.com%2Fblog%2F2015%2F02%2F17%2F%25c2%25a1cosas-de-fisica%2F' title='Meneame' target='_blank' rel='nofollow'><img src='http:\/\/www.emiliosilveravazquez.com\/blog\/wp-content\/plugins\/knxdt-bookmarks-wordpress-plugin\/images\/meneame.png'  alt='' class='book_img' border='none' style='margin:1px; padding: 0;'  \/><\/a><\/span><span class='pushbutton'><a href='http:\/\/enchilame.com\/submit.php?url=http:\/\/www.emiliosilveravazquez.com\/blog\/2015\/02\/17\/%c2%a1cosas-de-fisica\/' target='_blank' rel='nofollow'><img title='Enchilame' src='http:\/\/www.emiliosilveravazquez.com\/blog\/wp-content\/plugins\/knxdt-bookmarks-wordpress-plugin\/images\/enchilame.png'  alt='' class='book_img' border='none' style='margin:1px; padding: 0;'  \/><\/a><\/span><span class='pushbutton'><a href='http:\/\/www.blinklist.com\/index.php?Action=Blink\/addblink.php&amp;Description=&amp;Url=http%3A%2F%2Fwww.emiliosilveravazquez.com%2Fblog%2F2015%2F02%2F17%2F%25c2%25a1cosas-de-fisica%2F&amp;title=%C2%A1Cosas+de+F%C3%ADsica%21' title='BlinkList' target='_blank' rel='nofollow'><img src='http:\/\/www.emiliosilveravazquez.com\/blog\/wp-content\/plugins\/knxdt-bookmarks-wordpress-plugin\/images\/blinklist.png'  alt='' class='book_img' border='none' style='margin:1px; padding: 0;'  \/><\/a><\/span><span class='pushbutton'><a href='http:\/\/reddit.com\/submit?url=http%3A%2F%2Fwww.emiliosilveravazquez.com%2Fblog%2F2015%2F02%2F17%2F%25c2%25a1cosas-de-fisica%2F&amp;title=%C2%A1Cosas+de+F%C3%ADsica%21' title='Reddit' target='_blank' rel='nofollow'><img src='http:\/\/www.emiliosilveravazquez.com\/blog\/wp-content\/plugins\/knxdt-bookmarks-wordpress-plugin\/images\/reddit.png'  alt='' class='book_img' border='none' style='margin:1px; padding: 0;'  \/><\/a><\/span><span class='pushbutton'><a href='http:\/\/www.tecnologiadiaria.com\/2009\/07\/abrir-com-hotmail-correo.html' target='_blank' title='hotmail'><img src='http:\/\/www.emiliosilveravazquez.com\/blog\/wp-content\/plugins\/knxdt-bookmarks-wordpress-plugin\/images\/linklove.png' alt='hotmail correo' class='book_img' border='none' style='margin:1px; padding: 0;' \/><\/a><\/span><span class='pushbutton'><a href='http:\/\/bitacoras.com\/votar\/anotacion\/externo\/mini\/www.emiliosilveravazquez.com\/blog\/2015\/02\/17\/%c2%a1cosas-de-fisica\/' title='Bitacoras.com' target='_blank' rel='nofollow'><img src='http:\/\/www.emiliosilveravazquez.com\/blog\/wp-content\/plugins\/knxdt-bookmarks-wordpress-plugin\/images\/bitacoras.png'  alt='' class='book_img' border='none' style='margin:1px; padding: 0;'  \/><\/a><\/span><span class='pushbutton'><a href='http:\/\/www.wikio.es\/vote?url=http%3A%2F%2Fwww.emiliosilveravazquez.com%2Fblog%2F2015%2F02%2F17%2F%25c2%25a1cosas-de-fisica%2F' title='Wikio' target='_blank' rel='nofollow'><img src='http:\/\/www.emiliosilveravazquez.com\/blog\/wp-content\/plugins\/knxdt-bookmarks-wordpress-plugin\/images\/wikio.png'   alt='' class='book_img' border='none' style='margin:1px; padding: 0;'   \/><\/a><\/span><span class='pushbutton'><a href='http:\/\/friendfeed.com\/?url=http%3A%2F%2Fwww.emiliosilveravazquez.com%2Fblog%2F2015%2F02%2F17%2F%25c2%25a1cosas-de-fisica%2F&amp;title=%C2%A1Cosas+de+F%C3%ADsica%21' title='Friend Feed' target='_blank' rel='nofollow'><img src='http:\/\/www.emiliosilveravazquez.com\/blog\/wp-content\/plugins\/knxdt-bookmarks-wordpress-plugin\/images\/friendfeed.png'  alt='' class='book_img' border='none' style='margin:1px; padding: 0;'  \/><\/a><\/span><span class='pushbutton'><a href='http:\/\/www.facebook.com\/share.php?u=http%3A%2F%2Fwww.emiliosilveravazquez.com%2Fblog%2F2015%2F02%2F17%2F%25c2%25a1cosas-de-fisica%2F&amp;t=%C2%A1Cosas+de+F%C3%ADsica%21' title='Facebook' target='_blank' rel='nofollow'><img src='http:\/\/www.emiliosilveravazquez.com\/blog\/wp-content\/plugins\/knxdt-bookmarks-wordpress-plugin\/images\/facebook.png'  alt='' class='book_img' border='none' style='margin:1px; padding: 0;'  \/><\/a><\/span><span class='pushbutton'><a href='http:\/\/twitter.com\/home?status=%C2%A1Cosas+de+F%C3%ADsica%21: http%3A%2F%2Fwww.emiliosilveravazquez.com%2Fblog%2F2015%2F02%2F17%2F%25c2%25a1cosas-de-fisica%2F' title='Twitter' target='_blank' rel='nofollow'><img src='http:\/\/www.emiliosilveravazquez.com\/blog\/wp-content\/plugins\/knxdt-bookmarks-wordpress-plugin\/images\/twitter.png'  alt='' class='book_img' border='none' style='margin:1px; padding: 0;'  \/><\/a><\/span><span class='pushbutton'><a href='http:\/\/www.feedburner.com\/fb\/a\/emailFlare?itemTitle=%C2%A1Cosas+de+F%C3%ADsica%21&amp;uri=http%3A%2F%2Fwww.emiliosilveravazquez.com%2Fblog%2F2015%2F02%2F17%2F%25c2%25a1cosas-de-fisica%2F' title='Enviar por Email' target='_blank' rel='nofollow'><img src='http:\/\/www.emiliosilveravazquez.com\/blog\/wp-content\/plugins\/knxdt-bookmarks-wordpress-plugin\/images\/email.png'  alt='' class='book_img' border='none' style='margin:1px; padding: 0;'  \/><\/a><\/span><span style='font-weight:bold; padding-left: 5px;'><a href='http:\/\/wordpress.org\/extend\/plugins\/knxdt-bookmarks-wordpress-plugin\/' title='Plugin' rel='nofollow' target='_blank'>[?]<\/a><\/span><\/td><\/tr><\/table><br\/><br\/><\/div>","protected":false},"excerpt":{"rendered":"<p>Entre los te\u00f3ricos, el casamiento de la relatividad general y la teor\u00eda cu\u00e1ntica es el problema central de la f\u00edsica moderna. A los esfuerzos te\u00f3ricos que se realizan con ese prop\u00f3sito se les llama &#8220;supergravedad&#8221;, &#8220;s\u00fapersimetr\u00eda&#8221;, &#8220;supercuerdas&#8221; &#8220;teor\u00eda M&#8221; o, en \u00faltimo caso, &#8220;teor\u00eda de todo o gran teor\u00eda unificada&#8221;. Ah\u00ed tenemos unas matem\u00e1ticas ex\u00f3ticas [&hellip;]<\/p>\n","protected":false},"author":2,"featured_media":0,"comment_status":"open","ping_status":"open","sticky":false,"template":"","format":"standard","meta":{"_s2mail":"yes","footnotes":""},"categories":[6],"tags":[],"_links":{"self":[{"href":"http:\/\/www.emiliosilveravazquez.com\/blog\/wp-json\/wp\/v2\/posts\/12069"}],"collection":[{"href":"http:\/\/www.emiliosilveravazquez.com\/blog\/wp-json\/wp\/v2\/posts"}],"about":[{"href":"http:\/\/www.emiliosilveravazquez.com\/blog\/wp-json\/wp\/v2\/types\/post"}],"author":[{"embeddable":true,"href":"http:\/\/www.emiliosilveravazquez.com\/blog\/wp-json\/wp\/v2\/users\/2"}],"replies":[{"embeddable":true,"href":"http:\/\/www.emiliosilveravazquez.com\/blog\/wp-json\/wp\/v2\/comments?post=12069"}],"version-history":[{"count":0,"href":"http:\/\/www.emiliosilveravazquez.com\/blog\/wp-json\/wp\/v2\/posts\/12069\/revisions"}],"wp:attachment":[{"href":"http:\/\/www.emiliosilveravazquez.com\/blog\/wp-json\/wp\/v2\/media?parent=12069"}],"wp:term":[{"taxonomy":"category","embeddable":true,"href":"http:\/\/www.emiliosilveravazquez.com\/blog\/wp-json\/wp\/v2\/categories?post=12069"},{"taxonomy":"post_tag","embeddable":true,"href":"http:\/\/www.emiliosilveravazquez.com\/blog\/wp-json\/wp\/v2\/tags?post=12069"}],"curies":[{"name":"wp","href":"https:\/\/api.w.org\/{rel}","templated":true}]}}