{"id":12061,"date":"2015-02-15T09:12:03","date_gmt":"2015-02-15T08:12:03","guid":{"rendered":"http:\/\/www.emiliosilveravazquez.com\/blog\/?p=12061"},"modified":"2015-02-15T09:12:03","modified_gmt":"2015-02-15T08:12:03","slug":"el-futuro-incierto-el-mundo-del-manana","status":"publish","type":"post","link":"http:\/\/www.emiliosilveravazquez.com\/blog\/2015\/02\/15\/el-futuro-incierto-el-mundo-del-manana\/","title":{"rendered":"El futuro incierto, el mundo del ma\u00f1ana."},"content":{"rendered":"<div><strong>Ciencia de los Materiales<\/strong><br \/>\n<strong> <\/strong><strong>M\u00e1s Oscuro Que el Color Negro<\/strong><\/p>\n<p style=\"text-align: justify;\"><img decoding=\"async\" loading=\"lazy\" src=\"http:\/\/www.amazings.com\/ciencia\/imagenes2\/110111a.jpg\" alt=\"Foto: Chris Gunn\/NASA\" width=\"200\" height=\"301\" align=\"right\" border=\"0\" hspace=\"10\" vspace=\"10\" \/>&#8220;Un equipo de ingenieros de la NASA desarrolla actualmente un material m\u00e1s oscuro que el color negro y que ayudar\u00e1 a que los cient\u00edficos logren realizar mediciones cient\u00edficas dif\u00edciles de llevar a cabo, o consigan observar objetos astron\u00f3micos que hoy es dif\u00edcil o imposible discernir, como por ejemplo planetas semejantes a la Tierra en \u00f3rbita alrededor de otras estrellas.<\/p>\n<p style=\"text-align: justify;\">El material ultraoscuro, basado en la nanotecnolog\u00eda, est\u00e1 siendo desarrollado por un equipo de diez expertos del Centro Goddard de Vuelos Espaciales de la NASA, en Greenbelt, Maryland.<\/p>\n<p style=\"text-align: justify;\">Se trata de un delgado recubrimiento de nanotubos de carbono de pared m\u00faltiple, diminutos tubos huecos de carbono puro, aproximadamente 10.000 veces m\u00e1s delgados que un cabello humano. Los nanotubos tienen una multitud de usos potenciales, particularmente en la electr\u00f3nica y en el campo de los materiales avanzados, gracias a sus propiedades el\u00e9ctricas \u00fanicas y a su extraordinaria robustez. Pero en esta nueva aplicaci\u00f3n, la NASA est\u00e1 interesada en usar la nanotecnolog\u00eda para ayudar a suprimir la luz errante que interfiere en las mediciones hechas con instrumental \u00f3ptico.&#8221;<\/p>\n<p style=\"text-align: justify;\">Lo que debe quedarnos claro es que, cada d\u00eda, avanzamos un poco m\u00e1s en todas las disciplinas del saber humano y, m\u00e1s r\u00e1pidamente de lo que algunos puedan suponer, nos estamos preparando para un futuro que est\u00e1 a la vuelta de la esquina.<\/p>\n<p style=\"text-align: justify;\"><img decoding=\"async\" loading=\"lazy\" id=\"irc_mi\" src=\"http:\/\/st-listas.20minutos.es\/images\/2013-01\/352251\/3868038_640px.jpg?1358323683\" alt=\"\" width=\"365\" height=\"393\" \/><img decoding=\"async\" loading=\"lazy\" id=\"irc_mi\" src=\"http:\/\/www.datosgratis.net\/wp-content\/uploads\/2011\/01\/moviles-mas-vendidos.jpg\" alt=\"\" width=\"300\" height=\"324\" \/><\/p>\n<p style=\"text-align: justify;\">\u00bfQu\u00e9 dir\u00edan nuestros ancestros de los m\u00f3viles y de las m\u00faltiples aplicaciones que pueden ser aplicadas para realizar funciones asombrosas? Como ha pasado con Internet, el mundo de los tel\u00e9fonos m\u00f3viles ha desbordado cualquier previsi\u00f3n que pudiera haberse formalizado de las espectativas de futuro. Cada d\u00eda, sentado c\u00f3modamente en el sal\u00f3n de casa, puedo hablar con mi hija Mar\u00eda que est\u00e1 en M\u00e9xico por razones de trabajo. Es algo que, aunque se\u00e1mos de este tiempo, no deja de asombrarnos tambi\u00e9n a nosotros.<\/p>\n<p style=\"text-align: justify;\">Muchos van siendo los logros que todos los campos vamos conquistando y, tanto en nuestro planeta como en el Espacio Interestelar, en el Universo, se van logrando victorias que, en un futuro lejano ser\u00e1n imprescindibles para la continuidad de nuestra especie.<\/p>\n<div><a href=\"http:\/\/www.abc.es\/ciencia\/20131013\/abci-cinco-grandes-descubrimientos-fisica-201310111653_1.html\" target=\"\"><img decoding=\"async\" loading=\"lazy\" title=\"Los cinco grandes descubrimientos de la F\u00edsica de los \u00faltimos 25 a\u00f1os \" src=\"http:\/\/www.abc.es\/Media\/201310\/11\/teletransportacion-0--644x362.jpg\" alt=\"Los cinco grandes descubrimientos de la F\u00edsica de los \u00faltimos 25 a\u00f1os \" width=\"644\" height=\"362\" \/><\/a><\/div>\n<div style=\"text-align: justify;\">\u00a0\u00a0 Se consigui\u00f3 el teletransporte que\u00a0 ya es posible en el mundo cu\u00e1ntico&#8230; \u00a1S\u00f3lo es cueti\u00f3n de Tiempo! Acord\u00e1os, en 2012, un equipo internacional de cient\u00edficos logr\u00f3 teletransportar <a href=\"#\" onclick=\"referencia('foton',event); return false;\">fotones<\/a> a trav\u00e9s de 143 kil\u00f3metros de distancia, rompiendo todos los registros anteriores. Adem\u00e1s, un grupo de f\u00edsicos israel\u00edes ha anunciado que ha conseguido entrelazar dos <a href=\"#\" onclick=\"referencia('foton',event); return false;\">fotones<\/a> que nunca hab\u00edan coincidido en el tiempo, esto es, que existieron en momentos diferentes.<\/div>\n<div style=\"text-align: justify;\">La construcci\u00f3n de un ingenio que nos lleve de un lado a otro del Universo burlando la velocidad de la luz, como ocurre en Star Trek, est\u00e1 a\u00fan muy lejos de hacerse realidad, pero el teletransporte ya es posible en el mundo cu\u00e1ntico, ese universo extra\u00f1o que rige el comportamiento de lo diminuto, las mol\u00e9culas y los \u00e1tomos, y en el que es posible que ocurran cosas tan m\u00e1gicas como estar en dos sitios a la vez.<\/div>\n<div><img decoding=\"async\" loading=\"lazy\" src=\"http:\/\/ichef.bbci.co.uk\/news\/ws\/304\/amz\/worldservice\/live\/assets\/images\/2013\/10\/03\/131003133652_ciencia_quantum_624x351_spl.jpg\" alt=\"Computaci\u00f3n cu\u00e1ntica\" width=\"624\" height=\"351\" \/><\/div>\n<div style=\"text-align: justify;\">Computadoras con velocidad y capacidad descomunales o materiales con &#8220;superpoderes&#8221; son algunas de las tecnolog\u00edas desarrolladas a partir de los hallazgos m\u00e1s importantes de la f\u00edsica contempor\u00e1nea. Son muchos los avanzas que han sido realizados en el campo de la F\u00edsica y costar\u00eda trabajo elegir algunos como los mejores. \u00a1Todos tienen una importancia enorme!<\/div>\n<div style=\"text-align: justify;\"><img decoding=\"async\" src=\"http:\/\/img.xatakaciencia.com\/2010\/11\/bec_20021007.jpg\" alt=\"bec_20021007.jpg\" \/><\/div>\n<div style=\"text-align: justify;\"><strong>La creaci\u00f3n del primer condensado de Bose-<a href=\"#\" onclick=\"referencia('einstein',event); return false;\">Einstein<\/a> (1995):<\/strong> El quinto estado de agregaci\u00f3n de la materia (los tres m\u00e1s conocidos son s\u00f3lido, l\u00edquido y gaseoso, y el cuarto es el <a href=\"#\" onclick=\"referencia('plasma',event); return false;\">plasma<\/a>) se produce a temperaturas que se aproximan al cero absoluto. Los \u00e1tomos se fusionan a baja energ\u00eda, y comienzan a comportarse como ondas, y no como part\u00edculas. A su descubrimiento se le auguran varias aplicaciones: instrumentos de medici\u00f3n y relojes at\u00f3micos m\u00e1s exactos, y la capacidad de almacenar informaci\u00f3n en las futuras computadoras cu\u00e1nticas. Su creaci\u00f3n en laboratorio reforz\u00f3 las teor\u00edas cu\u00e1nticas fundamentales desarrolladas por el Premio Nobel de F\u00edsica Enrico <a href=\"#\" onclick=\"referencia('fermi',event); return false;\">Fermi<\/a> sobre el comportamiento y la interecci\u00f3n de los <a href=\"#\" onclick=\"referencia('electron',event); return false;\">electrones<\/a>.<\/div>\n<div style=\"text-align: justify;\"><img decoding=\"async\" loading=\"lazy\" id=\"irc_mi\" src=\"http:\/\/francis.naukas.com\/files\/2008\/03\/dibujo13mar2008aceleracion.jpg\" alt=\"\" width=\"352\" height=\"353\" \/><\/div>\n<div style=\"text-align: justify;\"><strong> La aceleraci\u00f3n de la expansi\u00f3n del Universo<\/strong><strong> (1997):<\/strong> Las evidencias de una misteriosa fuerza antigravitatoria, la &#8220;energ\u00eda oscura&#8221;, que causa la expansi\u00f3n del Universo a un ritmo cada vez m\u00e1s veloz confirmaron una idea originalmente propuesta -y descartada- por Albert <a href=\"#\" onclick=\"referencia('einstein',event); return false;\">Einstein<\/a>. Este descubrimiento sacudi\u00f3 las bases de la cosmolog\u00eda observacional y supuso un gran avance en la comprensi\u00f3n de la evoluci\u00f3n y el destino final del cosmos, al constatar que est\u00e1 dominado por energ\u00eda, no por materia.<\/div>\n<div style=\"text-align: justify;\"><img decoding=\"async\" loading=\"lazy\" src=\"http:\/\/ichef.bbci.co.uk\/news\/ws\/304\/amz\/worldservice\/live\/assets\/images\/2013\/10\/03\/131003154031_ciencia_neutrinos_304x171_bbc_nocredit.jpg\" alt=\"neutrinos\" width=\"304\" height=\"171\" \/><\/div>\n<div style=\"text-align: justify;\"><strong>La prueba de que los <a href=\"#\" onclick=\"referencia('neutrinos',event); return false;\">neutrinos<\/a> tienen masa <\/strong><strong>(1998): <\/strong>La evidencia de la \u00ednfima masa de los <a href=\"#\" onclick=\"referencia('neutrinos',event); return false;\">neutrinos<\/a> es un paso clave para entender mejor a una de las part\u00edculas subat\u00f3micas m\u00e1s enigm\u00e1ticas del modelo est\u00e1ndar \u2013la teor\u00eda que describe las interacciones y las part\u00edculas elementales de toda la materia\u2013 y su relaci\u00f3n con la cosmolog\u00eda y la astrof\u00edsica. Miles de millones de min\u00fasculos <a href=\"#\" onclick=\"referencia('neutrinos',event); return false;\">neutrinos<\/a> nos atraviesan cada segundo, sin tocar nada ni dejar rastro. Pero son esenciales en todos los \u00e1tomos que existen y tienen la clave para entender lo que hace funcionar al Sol.<\/div>\n<div style=\"text-align: justify;\"><img decoding=\"async\" loading=\"lazy\" src=\"http:\/\/ichef.bbci.co.uk\/news\/ws\/304\/amz\/worldservice\/live\/assets\/images\/2013\/10\/03\/131003134544_ciencia_higgs_464x261_afp.jpg\" alt=\"Colisi\u00f3n de particulas\" width=\"464\" height=\"261\" \/><\/div>\n<div style=\"text-align: justify;\"><strong> El <a href=\"#\" onclick=\"referencia('bosones',event); return false;\">bos\u00f3n<\/a> de <a href=\"#\" onclick=\"referencia('higgs',event); return false;\">Higgs<\/a><\/strong><strong> (2012):<\/strong> Esta part\u00edcula elemental fue propuesta en teor\u00eda en 1964 por Peter <a href=\"#\" onclick=\"referencia('higgs',event); return false;\">Higgs<\/a> para explicar la raz\u00f3n de la existencia de masa en las part\u00edculas elementales. Sus rastros f\u00edsicos fueron descubiertos por cient\u00edficos de la Organizaci\u00f3n Europea para la Investigaci\u00f3n Nuclear (CERN) en el Acelerador de part\u00edculas LHC y, ha hecho posible que uno de los par\u00e1metros aleatorios del Modelo Est\u00e1ndar (la masa de las part\u00edculas), se confirmara para perfeccionar lo que sabemos que, en no pocos casos, son intuiciones no confirmadas.<\/div>\n<div style=\"text-align: justify;\"><img decoding=\"async\" loading=\"lazy\" src=\"http:\/\/ichef.bbci.co.uk\/news\/ws\/200\/amz\/worldservice\/live\/assets\/images\/2013\/10\/03\/131003133927_ciencia_grafeno_304x171_bbc.jpg\" alt=\"\" width=\"304\" height=\"171\" \/><\/div>\n<div style=\"text-align: justify;\">\u00a0\u00a0\u00a0\u00a0 Cinco tecnolog\u00edas que cambiar\u00e1n el mundo<\/div>\n<div style=\"text-align: justify;\"><strong>&#8211; Terapia de <a href=\"#\" onclick=\"referencia('hadrones',event); return false;\">hadrones<\/a>:<\/strong> puede tratar tumores con un acelerador de part\u00edculas en miniatura, controlado desde un tablero.<\/div>\n<div style=\"text-align: justify;\">&#8211; <strong>Computaci\u00f3n cu\u00e1ntica:<\/strong> permite simular y crear modelos moleculares de nuevos f\u00e1rmacos.<\/div>\n<div style=\"text-align: justify;\">&#8211; <strong>Grafeno:<\/strong> es importante para la electr\u00f3nica y la creaci\u00f3n de materiales muy resistentes.<\/div>\n<div style=\"text-align: justify;\">&#8211; <strong>Superlentes nanosc\u00f3picos:<\/strong> capaces de producir im\u00e1genes a partir de luz evanescente.<\/div>\n<div style=\"text-align: justify;\">&#8211; <strong>Recolecci\u00f3n de energ\u00eda cin\u00e9tica:<\/strong> energ\u00eda port\u00e1til basada en la triboelectricidad o electrificaci\u00f3n por contacto de materiales.<\/div>\n<div style=\"text-align: justify;\"><img decoding=\"async\" loading=\"lazy\" id=\"irc_mi\" src=\"http:\/\/rmhm.files.wordpress.com\/2009\/09\/cuerdas.jpg\" alt=\"\" width=\"523\" height=\"393\" \/><\/div>\n<div style=\"text-align: justify;\">Como estamos aqu\u00ed y todo ocurre a nuestro alrededor, estando como estamos inmersos en nuestros peque\u00f1os problemas cotidianos, no prestamos o prestamos poca atenci\u00f3n a lo que realmente est\u00e1 pasando <strong>\u00a1ahora mismo! <\/strong>en los miles de laboratorios del mundo, en las investigaciones que sobre la materia y el Universo mismo se est\u00e1n realizando y, de los muchos inventos y nuevos ingenios que se est\u00e1n logrando. En menos de 50 a\u00f1os, nuestro mundo, ser\u00e1 &#8220;otro mundo&#8221;.<\/div>\n<div style=\"text-align: justify;\">Nadie ha podido nunca predecir el futuro que, por su naturaleza intr\u00ednseca, es y ser\u00e1 siempre incierto. Sin embargo, nadie puede negar que no son pocas las cuestiones y los hechos que ahora est\u00e1n aqu\u00ed con nosotros y que, hace tan s\u00f3lo unos d\u00e9cadas, eran simples predicciones. Es decir, s\u00ed que podemos intuir, en parte, lo que podr\u00e1 pasar.<\/div>\n<div style=\"text-align: justify;\"><img decoding=\"async\" loading=\"lazy\" src=\"http:\/\/v.uecdn.es\/index.php\/extwidget\/thumbnailUE\/asset_id\/0_e8pgnm7h\" alt=\"\" width=\"657\" height=\"400\" \/><\/div>\n<div style=\"text-align: justify;\">Nos estamos preparando para poder tocar, aunque sea con la punta de los dedos, la naturaleza de ese &#8220;universo oscuro&#8221; que presentimos.<\/div>\n<div style=\"text-align: justify;\"><img decoding=\"async\" loading=\"lazy\" id=\"irc_mi\" src=\"http:\/\/3.bp.blogspot.com\/-jwTEv3kE21M\/T1da6U5UKnI\/AAAAAAAAAHA\/uYwIoT9kx6A\/s1600\/tiempo.jpg\" alt=\"\" width=\"777\" height=\"393\" \/><\/div>\n<div style=\"text-align: justify;\">\n<p>\u00bfQu\u00e9 es el tiempo? \u00bfLo sabremos alguna vez?<\/p>\n<p>&nbsp;<\/p>\n<p>&nbsp;<\/p>\n<p>&nbsp;<\/p>\n<p><img decoding=\"async\" loading=\"lazy\" id=\"irc_mi\" src=\"http:\/\/upload.wikimedia.org\/wikipedia\/commons\/e\/ef\/Planetary_System_in_Gliese_581_%28artist%27s_impression%29.jpg\" alt=\"\" width=\"544\" height=\"393\" \/><\/p>\n<p>&nbsp;<\/p>\n<p>&nbsp;<\/p>\n<p>\u00bfLa vida en la Tierra es un fen\u00f3meno \u00fanico? Seguramente no, las probabilidades son muchas para que sea al contrario. Sin embargo&#8230; \u00a1las distancias!<\/p>\n<p>&nbsp;<\/p>\n<p><img decoding=\"async\" loading=\"lazy\" id=\"irc_mi\" src=\"http:\/\/static.naukas.com\/media\/2011\/09\/string-theory.jpg\" alt=\"\" width=\"543\" height=\"354\" \/><\/p>\n<p>&nbsp;<\/p>\n<p>Dicen que la gravedad cu\u00e1ntivca subyace en la teor\u00eda de cuerdas pero&#8230; \u00bfPodremos unificar la mec\u00e1nica cu\u00e1ntica y la gravedad?<\/p>\n<p>&nbsp;<\/p>\n<p><img decoding=\"async\" loading=\"lazy\" id=\"irc_mi\" src=\"http:\/\/www.uco.es\/hbarra\/Blog\/entrelazamiento.gif\" alt=\"\" width=\"440\" height=\"345\" \/><\/p>\n<p>&nbsp;<\/p>\n<p>\u00bfPodemos explotar las rarezas de la mec\u00e1nica cu\u00e1ntica? \u00bfC\u00f3mo es posible que se produzca el entrelazamiento cu\u00e1ntico? Es cierto que casi todos los avances actuales de la F\u00edsica, son fruto de la aplicaci\u00f3n de la f\u00edsica cu\u00e1ntica, as\u00ed los ordenadores cu\u00e1nticos, el teletransporte del que antes se habl\u00f3 y muchos otros, tienen su origen en este fen\u00f3meno cu\u00e1ntico que no es bien conocido de todos.<\/p>\n<p>&nbsp;<\/p>\n<p>&nbsp;<\/p>\n<div><img decoding=\"async\" src=\"http:\/\/www.quo.es\/var\/quo\/storage\/images\/ciencia\/que-es-el-entrelazamiento-cuantico\/630638-8-esl-ES\/que-es-el-entrelazamiento-cuantico_ampliacion.jpg\" alt=\"\" \/><\/div>\n<p>\u00bfQu\u00e9 es el entrelazamiento cu\u00e1ntico?<\/p>\n<p><img decoding=\"async\" loading=\"lazy\" src=\"http:\/\/www.quo.es\/design\/quo\/images\/transpa.gif\" alt=\"\" width=\"1\" height=\"1\" \/><\/p>\n<\/div>\n<div style=\"text-align: justify;\">\u00a0Esta propiedad, cuyo t\u00e9rmino fue introducido en 1935 por Schr\u00f6dinger (el del famoso gato que lleva su nombre), e<strong>s un proceso en el que una sola funci\u00f3n de onda describe dos objetos separados<\/strong>. Se da la particularidad de que estos dos objetos<strong>\u00a0comparten una misma existencia<\/strong>, como si estuvieran unidos por un cord\u00f3n umbilical invisible o una onda que, en teor\u00eda, se puede propagar por todo el universo.<\/div>\n<div style=\"text-align: justify;\">Ahora amigos, me despido despu\u00e9s de haber dejado aqu\u00ed unas cuantas cuestiones para que os hagan pensar. Ya sab\u00e9is, &#8220;No solo de Pan vive el Hombre!<\/div>\n<\/div>\n<div>Feliz fin de semana.<\/div>\n<div>emilio silvera<\/div>\n<div class='bookmark'>\r\n\t\t<table align='left' border='0' cellpadding='0' width='100%'>\r\n\t\t<tr><td><span class='pushbutton'><a href='http:\/\/delicious.com\/post?url=http%3A%2F%2Fwww.emiliosilveravazquez.com%2Fblog%2F2015%2F02%2F15%2Fel-futuro-incierto-el-mundo-del-manana%2F&amp;title=El+futuro+incierto%2C+el+mundo+del+ma%C3%B1ana.' title='Delicious' target='_blank' rel='nofollow'><img src='http:\/\/www.emiliosilveravazquez.com\/blog\/wp-content\/plugins\/knxdt-bookmarks-wordpress-plugin\/images\/delicious.png'  alt='' class='book_img' border='none' style='margin:1px; padding: 0;'  \/><\/a><\/span><span class='pushbutton'><a href='http:\/\/digg.com\/submit?url=http%3A%2F%2Fwww.emiliosilveravazquez.com%2Fblog%2F2015%2F02%2F15%2Fel-futuro-incierto-el-mundo-del-manana%2F&amp;title=El+futuro+incierto%2C+el+mundo+del+ma%C3%B1ana.' title='Digg' target='_blank' rel='nofollow'><img src='http:\/\/www.emiliosilveravazquez.com\/blog\/wp-content\/plugins\/knxdt-bookmarks-wordpress-plugin\/images\/digg.png'  alt='' class='book_img' border='none' style='margin:1px; padding: 0;'  \/><\/a><\/span><span class='pushbutton'><a href='http:\/\/www.google.com\/bookmarks\/mark?op=edit&amp;bkmk=http%3A%2F%2Fwww.emiliosilveravazquez.com%2Fblog%2F2015%2F02%2F15%2Fel-futuro-incierto-el-mundo-del-manana%2F&amp;title=El+futuro+incierto%2C+el+mundo+del+ma%C3%B1ana.' title='Google' target='_blank' rel='nofollow'><img src='http:\/\/www.emiliosilveravazquez.com\/blog\/wp-content\/plugins\/knxdt-bookmarks-wordpress-plugin\/images\/google.png'   alt='' class='book_img' border='none' style='margin:1px; padding: 0;'  \/><\/a><\/span><span class='pushbutton'><a href='http:\/\/myweb2.search.yahoo.com\/myresults\/bookmarklet?u=http%3A%2F%2Fwww.emiliosilveravazquez.com%2Fblog%2F2015%2F02%2F15%2Fel-futuro-incierto-el-mundo-del-manana%2F&amp;t=El+futuro+incierto%2C+el+mundo+del+ma%C3%B1ana.' title='Yahoo' target='_blank' rel='nofollow'><img src='http:\/\/www.emiliosilveravazquez.com\/blog\/wp-content\/plugins\/knxdt-bookmarks-wordpress-plugin\/images\/yahoo.png'  alt='' class='book_img' border='none' style='margin:1px; padding: 0;'  \/><\/a><\/span><span class='pushbutton'><a href='http:\/\/www.technorati.com\/faves?add=http%3A%2F%2Fwww.emiliosilveravazquez.com%2Fblog%2F2015%2F02%2F15%2Fel-futuro-incierto-el-mundo-del-manana%2F' title='Technorati' target='_blank' rel='nofollow'><img src='http:\/\/www.emiliosilveravazquez.com\/blog\/wp-content\/plugins\/knxdt-bookmarks-wordpress-plugin\/images\/technorati.png'  alt='' class='book_img' border='none' style='margin:1px; padding: 0;'  \/><\/a><\/span><span class='pushbutton'><a href='http:\/\/meneame.net\/submit.php?url=http%3A%2F%2Fwww.emiliosilveravazquez.com%2Fblog%2F2015%2F02%2F15%2Fel-futuro-incierto-el-mundo-del-manana%2F' title='Meneame' target='_blank' rel='nofollow'><img src='http:\/\/www.emiliosilveravazquez.com\/blog\/wp-content\/plugins\/knxdt-bookmarks-wordpress-plugin\/images\/meneame.png'  alt='' class='book_img' border='none' style='margin:1px; padding: 0;'  \/><\/a><\/span><span class='pushbutton'><a href='http:\/\/enchilame.com\/submit.php?url=http:\/\/www.emiliosilveravazquez.com\/blog\/2015\/02\/15\/el-futuro-incierto-el-mundo-del-manana\/' target='_blank' rel='nofollow'><img title='Enchilame' src='http:\/\/www.emiliosilveravazquez.com\/blog\/wp-content\/plugins\/knxdt-bookmarks-wordpress-plugin\/images\/enchilame.png'  alt='' class='book_img' border='none' style='margin:1px; padding: 0;'  \/><\/a><\/span><span class='pushbutton'><a href='http:\/\/www.blinklist.com\/index.php?Action=Blink\/addblink.php&amp;Description=&amp;Url=http%3A%2F%2Fwww.emiliosilveravazquez.com%2Fblog%2F2015%2F02%2F15%2Fel-futuro-incierto-el-mundo-del-manana%2F&amp;title=El+futuro+incierto%2C+el+mundo+del+ma%C3%B1ana.' title='BlinkList' target='_blank' rel='nofollow'><img src='http:\/\/www.emiliosilveravazquez.com\/blog\/wp-content\/plugins\/knxdt-bookmarks-wordpress-plugin\/images\/blinklist.png'  alt='' class='book_img' border='none' style='margin:1px; padding: 0;'  \/><\/a><\/span><span class='pushbutton'><a href='http:\/\/reddit.com\/submit?url=http%3A%2F%2Fwww.emiliosilveravazquez.com%2Fblog%2F2015%2F02%2F15%2Fel-futuro-incierto-el-mundo-del-manana%2F&amp;title=El+futuro+incierto%2C+el+mundo+del+ma%C3%B1ana.' title='Reddit' target='_blank' rel='nofollow'><img src='http:\/\/www.emiliosilveravazquez.com\/blog\/wp-content\/plugins\/knxdt-bookmarks-wordpress-plugin\/images\/reddit.png'  alt='' class='book_img' border='none' style='margin:1px; padding: 0;'  \/><\/a><\/span><span class='pushbutton'><a href='http:\/\/www.tecnologiadiaria.com\/2009\/07\/abrir-com-hotmail-correo.html' target='_blank' title='hotmail'><img src='http:\/\/www.emiliosilveravazquez.com\/blog\/wp-content\/plugins\/knxdt-bookmarks-wordpress-plugin\/images\/linklove.png' alt='hotmail correo' class='book_img' border='none' style='margin:1px; padding: 0;' \/><\/a><\/span><span class='pushbutton'><a href='http:\/\/bitacoras.com\/votar\/anotacion\/externo\/mini\/www.emiliosilveravazquez.com\/blog\/2015\/02\/15\/el-futuro-incierto-el-mundo-del-manana\/' title='Bitacoras.com' target='_blank' rel='nofollow'><img src='http:\/\/www.emiliosilveravazquez.com\/blog\/wp-content\/plugins\/knxdt-bookmarks-wordpress-plugin\/images\/bitacoras.png'  alt='' class='book_img' border='none' style='margin:1px; padding: 0;'  \/><\/a><\/span><span class='pushbutton'><a href='http:\/\/www.wikio.es\/vote?url=http%3A%2F%2Fwww.emiliosilveravazquez.com%2Fblog%2F2015%2F02%2F15%2Fel-futuro-incierto-el-mundo-del-manana%2F' title='Wikio' target='_blank' rel='nofollow'><img src='http:\/\/www.emiliosilveravazquez.com\/blog\/wp-content\/plugins\/knxdt-bookmarks-wordpress-plugin\/images\/wikio.png'   alt='' class='book_img' border='none' style='margin:1px; padding: 0;'   \/><\/a><\/span><span class='pushbutton'><a href='http:\/\/friendfeed.com\/?url=http%3A%2F%2Fwww.emiliosilveravazquez.com%2Fblog%2F2015%2F02%2F15%2Fel-futuro-incierto-el-mundo-del-manana%2F&amp;title=El+futuro+incierto%2C+el+mundo+del+ma%C3%B1ana.' title='Friend Feed' target='_blank' rel='nofollow'><img src='http:\/\/www.emiliosilveravazquez.com\/blog\/wp-content\/plugins\/knxdt-bookmarks-wordpress-plugin\/images\/friendfeed.png'  alt='' class='book_img' border='none' style='margin:1px; padding: 0;'  \/><\/a><\/span><span class='pushbutton'><a href='http:\/\/www.facebook.com\/share.php?u=http%3A%2F%2Fwww.emiliosilveravazquez.com%2Fblog%2F2015%2F02%2F15%2Fel-futuro-incierto-el-mundo-del-manana%2F&amp;t=El+futuro+incierto%2C+el+mundo+del+ma%C3%B1ana.' title='Facebook' target='_blank' rel='nofollow'><img src='http:\/\/www.emiliosilveravazquez.com\/blog\/wp-content\/plugins\/knxdt-bookmarks-wordpress-plugin\/images\/facebook.png'  alt='' class='book_img' border='none' style='margin:1px; padding: 0;'  \/><\/a><\/span><span class='pushbutton'><a href='http:\/\/twitter.com\/home?status=El+futuro+incierto%2C+el+mundo+del+ma%C3%B1ana.: http%3A%2F%2Fwww.emiliosilveravazquez.com%2Fblog%2F2015%2F02%2F15%2Fel-futuro-incierto-el-mundo-del-manana%2F' title='Twitter' target='_blank' rel='nofollow'><img src='http:\/\/www.emiliosilveravazquez.com\/blog\/wp-content\/plugins\/knxdt-bookmarks-wordpress-plugin\/images\/twitter.png'  alt='' class='book_img' border='none' style='margin:1px; padding: 0;'  \/><\/a><\/span><span class='pushbutton'><a href='http:\/\/www.feedburner.com\/fb\/a\/emailFlare?itemTitle=El+futuro+incierto%2C+el+mundo+del+ma%C3%B1ana.&amp;uri=http%3A%2F%2Fwww.emiliosilveravazquez.com%2Fblog%2F2015%2F02%2F15%2Fel-futuro-incierto-el-mundo-del-manana%2F' title='Enviar por Email' target='_blank' rel='nofollow'><img src='http:\/\/www.emiliosilveravazquez.com\/blog\/wp-content\/plugins\/knxdt-bookmarks-wordpress-plugin\/images\/email.png'  alt='' class='book_img' border='none' style='margin:1px; padding: 0;'  \/><\/a><\/span><span style='font-weight:bold; padding-left: 5px;'><a href='http:\/\/wordpress.org\/extend\/plugins\/knxdt-bookmarks-wordpress-plugin\/' title='Plugin' rel='nofollow' target='_blank'>[?]<\/a><\/span><\/td><\/tr><\/table><br\/><br\/><\/div>","protected":false},"excerpt":{"rendered":"<p>Ciencia de los Materiales M\u00e1s Oscuro Que el Color Negro &#8220;Un equipo de ingenieros de la NASA desarrolla actualmente un material m\u00e1s oscuro que el color negro y que ayudar\u00e1 a que los cient\u00edficos logren realizar mediciones cient\u00edficas dif\u00edciles de llevar a cabo, o consigan observar objetos astron\u00f3micos que hoy es dif\u00edcil o imposible discernir, [&hellip;]<\/p>\n","protected":false},"author":2,"featured_media":0,"comment_status":"open","ping_status":"open","sticky":false,"template":"","format":"standard","meta":{"_s2mail":"yes","footnotes":""},"categories":[287],"tags":[],"_links":{"self":[{"href":"http:\/\/www.emiliosilveravazquez.com\/blog\/wp-json\/wp\/v2\/posts\/12061"}],"collection":[{"href":"http:\/\/www.emiliosilveravazquez.com\/blog\/wp-json\/wp\/v2\/posts"}],"about":[{"href":"http:\/\/www.emiliosilveravazquez.com\/blog\/wp-json\/wp\/v2\/types\/post"}],"author":[{"embeddable":true,"href":"http:\/\/www.emiliosilveravazquez.com\/blog\/wp-json\/wp\/v2\/users\/2"}],"replies":[{"embeddable":true,"href":"http:\/\/www.emiliosilveravazquez.com\/blog\/wp-json\/wp\/v2\/comments?post=12061"}],"version-history":[{"count":0,"href":"http:\/\/www.emiliosilveravazquez.com\/blog\/wp-json\/wp\/v2\/posts\/12061\/revisions"}],"wp:attachment":[{"href":"http:\/\/www.emiliosilveravazquez.com\/blog\/wp-json\/wp\/v2\/media?parent=12061"}],"wp:term":[{"taxonomy":"category","embeddable":true,"href":"http:\/\/www.emiliosilveravazquez.com\/blog\/wp-json\/wp\/v2\/categories?post=12061"},{"taxonomy":"post_tag","embeddable":true,"href":"http:\/\/www.emiliosilveravazquez.com\/blog\/wp-json\/wp\/v2\/tags?post=12061"}],"curies":[{"name":"wp","href":"https:\/\/api.w.org\/{rel}","templated":true}]}}