{"id":11986,"date":"2015-01-30T12:03:06","date_gmt":"2015-01-30T11:03:06","guid":{"rendered":"http:\/\/www.emiliosilveravazquez.com\/blog\/?p=11986"},"modified":"2015-01-30T12:03:06","modified_gmt":"2015-01-30T11:03:06","slug":"mexico-no-es-que-me-duela-me-da-verguenza","status":"publish","type":"post","link":"http:\/\/www.emiliosilveravazquez.com\/blog\/2015\/01\/30\/mexico-no-es-que-me-duela-me-da-verguenza\/","title":{"rendered":"&#8220;M\u00e9xico no es que me duela; me da verguenza&#8221;"},"content":{"rendered":"<div>\n<div>\n<h1 id=\"titulo_noticia\" style=\"text-align: justify;\">La periodista se da una ba\u00f1o de masas en la Facultad de Filolog\u00eda de la Complutense antes de recibir el doctorado &#8216;honoris causa&#8217;<\/h1>\n<\/div>\n<\/div>\n<div style=\"text-align: justify;\"><a title=\"Ver todas las noticias de Cecilia Ballesteros\" href=\"http:\/\/cultura.elpais.com\/autor\/cecilia_ballesteros\/a\/\" rel=\"author\">Cecilia Ballesteros<\/a> Madrid <a title=\"Ver todas las noticias de esta fecha\" href=\"http:\/\/cultura.elpais.com\/tag\/fecha\/20150129\">29 ENE 2015 &#8211; 20:50 <abbr title=\"Central European Time\">CET<\/abbr><\/a><\/div>\n<p>&nbsp;<\/p>\n<div>\n<div style=\"text-align: justify;\">\n<div><img decoding=\"async\" loading=\"lazy\" title=\"\" src=\"http:\/\/ep01.epimg.net\/cultura\/imagenes\/2015\/01\/29\/actualidad\/1422560313_821228_1422560944_noticia_normal.jpg\" alt=\"\" width=\"300\" height=\"450\" \/><\/div>\n<div>\n<p>&nbsp;<\/p>\n<p>Elena Poniatowska, este jueves, en la Complutense. \/ LUIS SEVILLANO\u00a0(EL PA\u00cdS)<\/p>\n<\/div>\n<\/div>\n<div id=\"cuerpo_noticia\">\n<p style=\"text-align: justify;\">La escritora mexicana <a href=\"http:\/\/cultura.elpais.com\/cultura\/2014\/12\/04\/actualidad\/1417669655_632941.html\">Elena Poniatowska (Par\u00eds, 1932)<\/a>, una de las voces m\u00e1s cr\u00edticas del M\u00e9xico tr\u00e1gico, y a la vez m\u00e1gico y querido, de nuestros d\u00edas, se dio ayer un ba\u00f1o de masas en un acto organizado por la Facultad de Filolog\u00eda de la Universidad Complutense de Madrid, preludio del doctorado <em>honoris causa<\/em> que hoy le entregar\u00e1 la instituci\u00f3n. \u201cEstoy muy emocionada\u201d, dijo la autora.<\/p>\n<p style=\"text-align: justify;\">Tras el homenaje en el que hubo representaci\u00f3n teatral y debate, decenas de estudiantes esperaron pacientemente para que la autora de <em>La noche de Tlatelolco<\/em> (1971) les firmara un ejemplar del libro que, inencontrable en Espa\u00f1a, acaba de publicar en una edici\u00f3n especial la propia Universidad en colaboraci\u00f3n con la editorial Escolar y mayo. Incluso accedi\u00f3 a ponerse un pin en forma de tri\u00e1ngulo rojo, la identificaci\u00f3n de los republicanos espa\u00f1oles en los campos de concentraci\u00f3n nazis, que le entreg\u00f3 una alumna cuyos familiares estuvieron en Mauthausen. En las paredes de la facultad y en el sal\u00f3n de actos donde tuvo lugar el encuentro, hab\u00eda carteles con los rostros de los 43 estudiantes de la Escuela Normal de Ayotzinapa asesinados el pasado 26 de septiembre en Iguala (Estado de Guerrero) a manos de los sicarios del narco tras ser confundidos con miembros de un cartel rival, seg\u00fan la versi\u00f3n oficial del Gobierno mexicano.<\/p>\n<p style=\"text-align: justify;\"><img decoding=\"async\" loading=\"lazy\" id=\"irc_mi\" src=\"http:\/\/i.ytimg.com\/vi\/H7tCwQX5rxA\/maxresdefault.jpg\" alt=\"\" width=\"478\" height=\"269\" \/><\/p>\n<p style=\"text-align: justify;\">A sus casi 83 a\u00f1os, <a href=\"http:\/\/cultura.elpais.com\/cultura\/2014\/04\/23\/actualidad\/1398278552_255329.html\">la escritora y periodista<\/a> (\u201cperiodista ante todo, siempre lo digo, y lo voy a ser toda la vida\u201d, recalca) va rejuveneciendo d\u00e9cadas a medida que habla hasta que asoma el joven rostro de aquella informadora que denunci\u00f3 la matanza por orden del Gobierno del PRI de decenas de estudiantes (a\u00fan se desconoce el n\u00famero) en la Plaza de Tlatelolco en 1968, uno de los cap\u00edtulos m\u00e1s duros de la historia mexicana hasta la masacre de Iguala.<\/p>\n<p style=\"text-align: justify;\"><img decoding=\"async\" loading=\"lazy\" id=\"irc_mi\" src=\"http:\/\/www.hoyesarte.com\/wp-content\/uploads\/2013\/11\/elena-poniatowska1.jpg\" alt=\"\" width=\"478\" height=\"305\" \/><\/p>\n<div id=\"sumario_1|html\" style=\"text-align: justify;\"><a name=\"sumario_1\"><\/a><\/div>\n<blockquote><p>El Gobierno tard\u00f3 mucho en el caso Iguala. Somos un pa\u00eds racista\u201d<\/p><\/blockquote>\n<\/div>\n<p style=\"text-align: justify;\">No solo son joviales sus ojos, sino su risa de ni\u00f1a, su iron\u00eda y su sentido del humor en el que canta verdades, salpicadas por el colorista y creativo espa\u00f1ol de M\u00e9xico. Su vitalidad es tal que en una comida posterior al acto, dio cuenta de una paella y dos vasos de vino tinto, mientras desgranaba maldades contra algunos escritores contempor\u00e1neos y segu\u00eda firmando libros. \u201cEspa\u00f1a me da puras maravillas\u201d dijo, refiri\u00e9ndose a un galard\u00f3n, el primero que le concede una instituci\u00f3n acad\u00e9mica espa\u00f1ola, que se suma <a href=\"http:\/\/cultura.elpais.com\/cultura\/2014\/04\/22\/actualidad\/1398195340_185168.html\">al Premio Cervantes 2013<\/a>, al Premio Alfaguara 2001, a la Legi\u00f3n de Honor francesa o al Mary Moors Cabot de Periodismo de la Universidad de Columbia, entre otros muchos. \u201cEn M\u00e9xico hemos sentido en estos \u00faltimos tiempos el calor con que nos mira Espa\u00f1a\u201d.<\/p>\n<p style=\"text-align: justify;\"><img decoding=\"async\" loading=\"lazy\" id=\"irc_mi\" src=\"http:\/\/bit.ly\/1j1MsKS\" alt=\"\" width=\"478\" height=\"275\" \/><\/p>\n<div id=\"sumario_2|html\" style=\"text-align: justify;\"><a name=\"sumario_2\"><\/a><\/div>\n<blockquote><p>Espa\u00f1a me da puras maravillas y sentimos el calor con que nos mira\u201d<\/p><\/blockquote>\n<\/div>\n<p style=\"text-align: justify;\">Firmemente comprometida con la causa de los derechos humanos, la autora de biograf\u00edas como <em>Tin\u00edsima<\/em> o <em>Leonora<\/em> ve un paralelismo entre los sucesos de Tlatelolco e Iguala y arremeti\u00f3 contra el Gobierno de Enrique Pe\u00f1a Nieto.<\/p>\n<p style=\"text-align: justify;\">\u201cEl Gobierno se tard\u00f3 mucho en la investigaci\u00f3n, lo que demuestra que M\u00e9xico es un pa\u00eds racista porque eran estudiantes pobres y los pobres tienen pocas oportunidades y los ricos, muchas porque existe una enorme impunidad\u201d, asegur\u00f3. \u201cEl presidente, su esposa y hasta el ministro de Econom\u00eda se han comprado casas a precios millonarios que para s\u00ed quisieran muchos actores de Hollywood. No s\u00e9 c\u00f3mo Meryl Streep no se viene a M\u00e9xico. Se comportan como si fueran Luis XIV o los dictadores Duvalier de Hait\u00ed. Me da la patada. No es que me duela M\u00e9xico, es que me da verg\u00fcenza\u201d.<\/p>\n<p style=\"text-align: justify;\">Infatigable (\u201cyo no me cans\u00e9\u201d, dijo, en un juego de palabras con el lema <em>Ya me cans\u00e9<\/em> que inund\u00f3 las redes sociales y las calles mexicanas despu\u00e9s de que el procurador general Jes\u00fas Murillo Karam, manifestara refiri\u00e9ndose al <em>caso Iguala<\/em>: \u201cYa me cans\u00e9\u201d), Poniatowska afirm\u00f3 que no hay nada como la indignaci\u00f3n \u201cpara mantenerte encendido como una llamarada y voy a seguir indignada. Ojal\u00e1 se sepa la verdad alg\u00fan d\u00eda\u201d.<\/p>\n<p style=\"text-align: justify;\"><img decoding=\"async\" loading=\"lazy\" id=\"irc_mi\" src=\"http:\/\/3.bp.blogspot.com\/-mrnQKY4THYY\/T77-_UKHdZI\/AAAAAAAAA6k\/8Y-SggiXUF0\/s400\/elena-poniatowska-xalapa.jpg\" alt=\"\" width=\"400\" height=\"399\" \/><\/p>\n<h3 style=\"text-align: justify;\">Secretaria de Cultura<\/h3>\n<p style=\"text-align: justify;\">Firme partidaria de Andr\u00e9s Manuel L\u00f3pez Obrador, l\u00edder carism\u00e1tico de la izquierda mexicana y ahora dirigente de Morena (Movimiento de Regeneraci\u00f3n Nacional), que lleg\u00f3 a proponerla en las \u00faltimas elecciones como secretaria de Cultura (\u201cun cargo para el que no val\u00eda porque soy desorganizada\u201d), Poniatowska mira con simpat\u00eda a Podemos (\u201cme hace gracia el de la coleta, aunque no conozco la pol\u00edtica espa\u00f1ola, y m\u00e1s los griegos de Syriza\u201d).<\/p>\n<div class='bookmark'>\r\n\t\t<table align='left' border='0' cellpadding='0' width='100%'>\r\n\t\t<tr><td><span class='pushbutton'><a href='http:\/\/delicious.com\/post?url=http%3A%2F%2Fwww.emiliosilveravazquez.com%2Fblog%2F2015%2F01%2F30%2Fmexico-no-es-que-me-duela-me-da-verguenza%2F&amp;title=%26%238220%3BM%C3%A9xico+no+es+que+me+duela%3B+me+da+verguenza%26%238221%3B' title='Delicious' target='_blank' rel='nofollow'><img src='http:\/\/www.emiliosilveravazquez.com\/blog\/wp-content\/plugins\/knxdt-bookmarks-wordpress-plugin\/images\/delicious.png'  alt='' class='book_img' border='none' style='margin:1px; padding: 0;'  \/><\/a><\/span><span class='pushbutton'><a href='http:\/\/digg.com\/submit?url=http%3A%2F%2Fwww.emiliosilveravazquez.com%2Fblog%2F2015%2F01%2F30%2Fmexico-no-es-que-me-duela-me-da-verguenza%2F&amp;title=%26%238220%3BM%C3%A9xico+no+es+que+me+duela%3B+me+da+verguenza%26%238221%3B' title='Digg' target='_blank' rel='nofollow'><img src='http:\/\/www.emiliosilveravazquez.com\/blog\/wp-content\/plugins\/knxdt-bookmarks-wordpress-plugin\/images\/digg.png'  alt='' class='book_img' border='none' style='margin:1px; padding: 0;'  \/><\/a><\/span><span class='pushbutton'><a href='http:\/\/www.google.com\/bookmarks\/mark?op=edit&amp;bkmk=http%3A%2F%2Fwww.emiliosilveravazquez.com%2Fblog%2F2015%2F01%2F30%2Fmexico-no-es-que-me-duela-me-da-verguenza%2F&amp;title=%26%238220%3BM%C3%A9xico+no+es+que+me+duela%3B+me+da+verguenza%26%238221%3B' title='Google' target='_blank' rel='nofollow'><img src='http:\/\/www.emiliosilveravazquez.com\/blog\/wp-content\/plugins\/knxdt-bookmarks-wordpress-plugin\/images\/google.png'   alt='' class='book_img' border='none' style='margin:1px; padding: 0;'  \/><\/a><\/span><span class='pushbutton'><a href='http:\/\/myweb2.search.yahoo.com\/myresults\/bookmarklet?u=http%3A%2F%2Fwww.emiliosilveravazquez.com%2Fblog%2F2015%2F01%2F30%2Fmexico-no-es-que-me-duela-me-da-verguenza%2F&amp;t=%26%238220%3BM%C3%A9xico+no+es+que+me+duela%3B+me+da+verguenza%26%238221%3B' title='Yahoo' target='_blank' rel='nofollow'><img src='http:\/\/www.emiliosilveravazquez.com\/blog\/wp-content\/plugins\/knxdt-bookmarks-wordpress-plugin\/images\/yahoo.png'  alt='' class='book_img' border='none' style='margin:1px; padding: 0;'  \/><\/a><\/span><span class='pushbutton'><a href='http:\/\/www.technorati.com\/faves?add=http%3A%2F%2Fwww.emiliosilveravazquez.com%2Fblog%2F2015%2F01%2F30%2Fmexico-no-es-que-me-duela-me-da-verguenza%2F' title='Technorati' target='_blank' rel='nofollow'><img src='http:\/\/www.emiliosilveravazquez.com\/blog\/wp-content\/plugins\/knxdt-bookmarks-wordpress-plugin\/images\/technorati.png'  alt='' class='book_img' border='none' style='margin:1px; padding: 0;'  \/><\/a><\/span><span class='pushbutton'><a href='http:\/\/meneame.net\/submit.php?url=http%3A%2F%2Fwww.emiliosilveravazquez.com%2Fblog%2F2015%2F01%2F30%2Fmexico-no-es-que-me-duela-me-da-verguenza%2F' title='Meneame' target='_blank' rel='nofollow'><img src='http:\/\/www.emiliosilveravazquez.com\/blog\/wp-content\/plugins\/knxdt-bookmarks-wordpress-plugin\/images\/meneame.png'  alt='' class='book_img' border='none' style='margin:1px; padding: 0;'  \/><\/a><\/span><span class='pushbutton'><a href='http:\/\/enchilame.com\/submit.php?url=http:\/\/www.emiliosilveravazquez.com\/blog\/2015\/01\/30\/mexico-no-es-que-me-duela-me-da-verguenza\/' target='_blank' rel='nofollow'><img title='Enchilame' src='http:\/\/www.emiliosilveravazquez.com\/blog\/wp-content\/plugins\/knxdt-bookmarks-wordpress-plugin\/images\/enchilame.png'  alt='' class='book_img' border='none' style='margin:1px; padding: 0;'  \/><\/a><\/span><span class='pushbutton'><a href='http:\/\/www.blinklist.com\/index.php?Action=Blink\/addblink.php&amp;Description=&amp;Url=http%3A%2F%2Fwww.emiliosilveravazquez.com%2Fblog%2F2015%2F01%2F30%2Fmexico-no-es-que-me-duela-me-da-verguenza%2F&amp;title=%26%238220%3BM%C3%A9xico+no+es+que+me+duela%3B+me+da+verguenza%26%238221%3B' title='BlinkList' target='_blank' rel='nofollow'><img src='http:\/\/www.emiliosilveravazquez.com\/blog\/wp-content\/plugins\/knxdt-bookmarks-wordpress-plugin\/images\/blinklist.png'  alt='' class='book_img' border='none' style='margin:1px; padding: 0;'  \/><\/a><\/span><span class='pushbutton'><a href='http:\/\/reddit.com\/submit?url=http%3A%2F%2Fwww.emiliosilveravazquez.com%2Fblog%2F2015%2F01%2F30%2Fmexico-no-es-que-me-duela-me-da-verguenza%2F&amp;title=%26%238220%3BM%C3%A9xico+no+es+que+me+duela%3B+me+da+verguenza%26%238221%3B' title='Reddit' target='_blank' rel='nofollow'><img src='http:\/\/www.emiliosilveravazquez.com\/blog\/wp-content\/plugins\/knxdt-bookmarks-wordpress-plugin\/images\/reddit.png'  alt='' class='book_img' border='none' style='margin:1px; padding: 0;'  \/><\/a><\/span><span class='pushbutton'><a href='http:\/\/www.tecnologiadiaria.com\/2009\/07\/abrir-com-hotmail-correo.html' target='_blank' title='hotmail'><img src='http:\/\/www.emiliosilveravazquez.com\/blog\/wp-content\/plugins\/knxdt-bookmarks-wordpress-plugin\/images\/linklove.png' alt='hotmail correo' class='book_img' border='none' style='margin:1px; padding: 0;' \/><\/a><\/span><span class='pushbutton'><a href='http:\/\/bitacoras.com\/votar\/anotacion\/externo\/mini\/www.emiliosilveravazquez.com\/blog\/2015\/01\/30\/mexico-no-es-que-me-duela-me-da-verguenza\/' title='Bitacoras.com' target='_blank' rel='nofollow'><img src='http:\/\/www.emiliosilveravazquez.com\/blog\/wp-content\/plugins\/knxdt-bookmarks-wordpress-plugin\/images\/bitacoras.png'  alt='' class='book_img' border='none' style='margin:1px; padding: 0;'  \/><\/a><\/span><span class='pushbutton'><a href='http:\/\/www.wikio.es\/vote?url=http%3A%2F%2Fwww.emiliosilveravazquez.com%2Fblog%2F2015%2F01%2F30%2Fmexico-no-es-que-me-duela-me-da-verguenza%2F' title='Wikio' target='_blank' rel='nofollow'><img src='http:\/\/www.emiliosilveravazquez.com\/blog\/wp-content\/plugins\/knxdt-bookmarks-wordpress-plugin\/images\/wikio.png'   alt='' class='book_img' border='none' style='margin:1px; padding: 0;'   \/><\/a><\/span><span class='pushbutton'><a href='http:\/\/friendfeed.com\/?url=http%3A%2F%2Fwww.emiliosilveravazquez.com%2Fblog%2F2015%2F01%2F30%2Fmexico-no-es-que-me-duela-me-da-verguenza%2F&amp;title=%26%238220%3BM%C3%A9xico+no+es+que+me+duela%3B+me+da+verguenza%26%238221%3B' title='Friend Feed' target='_blank' rel='nofollow'><img src='http:\/\/www.emiliosilveravazquez.com\/blog\/wp-content\/plugins\/knxdt-bookmarks-wordpress-plugin\/images\/friendfeed.png'  alt='' class='book_img' border='none' style='margin:1px; padding: 0;'  \/><\/a><\/span><span class='pushbutton'><a href='http:\/\/www.facebook.com\/share.php?u=http%3A%2F%2Fwww.emiliosilveravazquez.com%2Fblog%2F2015%2F01%2F30%2Fmexico-no-es-que-me-duela-me-da-verguenza%2F&amp;t=%26%238220%3BM%C3%A9xico+no+es+que+me+duela%3B+me+da+verguenza%26%238221%3B' title='Facebook' target='_blank' rel='nofollow'><img src='http:\/\/www.emiliosilveravazquez.com\/blog\/wp-content\/plugins\/knxdt-bookmarks-wordpress-plugin\/images\/facebook.png'  alt='' class='book_img' border='none' style='margin:1px; padding: 0;'  \/><\/a><\/span><span class='pushbutton'><a href='http:\/\/twitter.com\/home?status=%26%238220%3BM%C3%A9xico+no+es+que+me+duela%3B+me+da+verguenza%26%238221%3B: http%3A%2F%2Fwww.emiliosilveravazquez.com%2Fblog%2F2015%2F01%2F30%2Fmexico-no-es-que-me-duela-me-da-verguenza%2F' title='Twitter' target='_blank' rel='nofollow'><img src='http:\/\/www.emiliosilveravazquez.com\/blog\/wp-content\/plugins\/knxdt-bookmarks-wordpress-plugin\/images\/twitter.png'  alt='' class='book_img' border='none' style='margin:1px; padding: 0;'  \/><\/a><\/span><span class='pushbutton'><a href='http:\/\/www.feedburner.com\/fb\/a\/emailFlare?itemTitle=%26%238220%3BM%C3%A9xico+no+es+que+me+duela%3B+me+da+verguenza%26%238221%3B&amp;uri=http%3A%2F%2Fwww.emiliosilveravazquez.com%2Fblog%2F2015%2F01%2F30%2Fmexico-no-es-que-me-duela-me-da-verguenza%2F' title='Enviar por Email' target='_blank' rel='nofollow'><img src='http:\/\/www.emiliosilveravazquez.com\/blog\/wp-content\/plugins\/knxdt-bookmarks-wordpress-plugin\/images\/email.png'  alt='' class='book_img' border='none' style='margin:1px; padding: 0;'  \/><\/a><\/span><span style='font-weight:bold; padding-left: 5px;'><a href='http:\/\/wordpress.org\/extend\/plugins\/knxdt-bookmarks-wordpress-plugin\/' title='Plugin' rel='nofollow' target='_blank'>[?]<\/a><\/span><\/td><\/tr><\/table><br\/><br\/><\/div>","protected":false},"excerpt":{"rendered":"<p>La periodista se da una ba\u00f1o de masas en la Facultad de Filolog\u00eda de la Complutense antes de recibir el doctorado &#8216;honoris causa&#8217; Cecilia Ballesteros Madrid 29 ENE 2015 &#8211; 20:50 CET &nbsp; &nbsp; Elena Poniatowska, este jueves, en la Complutense. \/ LUIS SEVILLANO\u00a0(EL PA\u00cdS) La escritora mexicana Elena Poniatowska (Par\u00eds, 1932), una de las [&hellip;]<\/p>\n","protected":false},"author":2,"featured_media":0,"comment_status":"open","ping_status":"open","sticky":false,"template":"","format":"standard","meta":{"_s2mail":"yes","footnotes":""},"categories":[142],"tags":[],"_links":{"self":[{"href":"http:\/\/www.emiliosilveravazquez.com\/blog\/wp-json\/wp\/v2\/posts\/11986"}],"collection":[{"href":"http:\/\/www.emiliosilveravazquez.com\/blog\/wp-json\/wp\/v2\/posts"}],"about":[{"href":"http:\/\/www.emiliosilveravazquez.com\/blog\/wp-json\/wp\/v2\/types\/post"}],"author":[{"embeddable":true,"href":"http:\/\/www.emiliosilveravazquez.com\/blog\/wp-json\/wp\/v2\/users\/2"}],"replies":[{"embeddable":true,"href":"http:\/\/www.emiliosilveravazquez.com\/blog\/wp-json\/wp\/v2\/comments?post=11986"}],"version-history":[{"count":0,"href":"http:\/\/www.emiliosilveravazquez.com\/blog\/wp-json\/wp\/v2\/posts\/11986\/revisions"}],"wp:attachment":[{"href":"http:\/\/www.emiliosilveravazquez.com\/blog\/wp-json\/wp\/v2\/media?parent=11986"}],"wp:term":[{"taxonomy":"category","embeddable":true,"href":"http:\/\/www.emiliosilveravazquez.com\/blog\/wp-json\/wp\/v2\/categories?post=11986"},{"taxonomy":"post_tag","embeddable":true,"href":"http:\/\/www.emiliosilveravazquez.com\/blog\/wp-json\/wp\/v2\/tags?post=11986"}],"curies":[{"name":"wp","href":"https:\/\/api.w.org\/{rel}","templated":true}]}}