{"id":11978,"date":"2015-01-29T07:44:50","date_gmt":"2015-01-29T06:44:50","guid":{"rendered":"http:\/\/www.emiliosilveravazquez.com\/blog\/?p=11978"},"modified":"2015-01-29T07:44:50","modified_gmt":"2015-01-29T06:44:50","slug":"%c2%a1%c2%a1cartaya-ese-blanco-pueblecito-de-huelva","status":"publish","type":"post","link":"http:\/\/www.emiliosilveravazquez.com\/blog\/2015\/01\/29\/%c2%a1%c2%a1cartaya-ese-blanco-pueblecito-de-huelva\/","title":{"rendered":"\u00a1\u00a1CARTAYA!! Ese Blanco Pueblecito de Huelva"},"content":{"rendered":"<p><img decoding=\"async\" loading=\"lazy\" src=\"http:\/\/www.esp.andalucia.com\/image\/MVC070130029.jpg\" alt=\"Cartaya\" width=\"468\" height=\"250\" \/><\/p>\n<p align=\"left\"><em><span style=\"font-size: xx-small;\">Paz Rosado<\/span><\/em><\/p>\n<p style=\"text-align: justify;\">Uno de los mayores atractivos de este municipio onubense es su entorno natural de playas y pinares, donde el viajero podr\u00e1 realizar numerosas actividades de car\u00e1cter <a href=\"http:\/\/www.esp.andalucia.com\/deportes\/home.htm\">deportivo<\/a> y de <a href=\"http:\/\/www.esp.andalucia.com\/eventos\/index.php\">ocio<\/a>. Pero el t\u00e9rmino municipal de Cartaya, que est\u00e1 compuesto por tres n\u00facleos de poblaci\u00f3n, el que le da nombre situado en el interior, y el de El Portil y el de El Rompido, situados en la costa, tambi\u00e9n ofrece un bello patrimonio hist\u00f3rico y art\u00edstico digno de ser admirado con tranquilidad.<\/p>\n<p style=\"text-align: justify;\"><img decoding=\"async\" src=\"http:\/\/www.ayto-cartaya.es\/images\/Turismo\/castilloz_big3.jpg\" alt=\"foto  gen\u00e9rica de historia\" \/><\/p>\n<p>&nbsp;<\/p>\n<p><strong>La cal y el barroco andaluz<\/strong><\/p>\n<p>&nbsp;<\/p>\n<p>Blancas y cuidadas, las calles de Cartaya ofrecen un t\u00edpico paisaje urbano andaluz. Edificios nobles, como Ayuntamiento, presiden la plaza Redonda, que se abre a la renacentista iglesia parroquial de San Pedro&#8230;<\/p>\n<p>&nbsp;<\/p>\n<p><img decoding=\"async\" loading=\"lazy\" id=\"irc_mi\" src=\"http:\/\/www.juntadeandalucia.es\/averroes\/centros-tic\/21000899\/helvia\/sitio\/upload\/img\/laplaza.jpg\" alt=\"\" width=\"413\" height=\"279\" \/><\/p>\n<p>Iglesia de San Pedro: Templo construido en el siglo XVI, con una portada mud\u00e9jar del XV.<\/p>\n<p>&nbsp;<\/p>\n<p>As\u00ed es el pueblo de Cartaya, cabecera de un termino municipal extenso y con atractivos tur\u00edsticos centrados en la oferta de playa y s\u00f3lo en las 12.000 hect\u00e1reas de su inacabable bosque de pinos que llegan a besar el mar.<\/p>\n<p>La procedencia fenicia de su nombre indica la antig\u00fcedad de su origen, e igual que algunos indicios arqueol\u00f3gicos de su entorno, avalan el hecho de que el lugar fue habitado desde tiempos remotos. No obstante, la inseguridad de la zona, constantemente asolada por piratas berberiscos y normandos, hace que no se consolide una poblaci\u00f3n estable hasta los inicios del siglo XV, cuando el marqu\u00e9s y se\u00f1or de Gibrale\u00f3n establece un paseo en barca por el r\u00edo Piedras que se enfrenta a los intereses del se\u00f1or\u00edo de Ayamonte.<\/p>\n<p>&nbsp;<\/p>\n<p>&nbsp;<\/p>\n<p><img decoding=\"async\" loading=\"lazy\" id=\"irc_mi\" src=\"http:\/\/sobrehuelva.com\/wp-content\/uploads\/2011\/09\/castillo-zuniga.jpg\" alt=\"\" width=\"500\" height=\"333\" \/><\/p>\n<p>&nbsp;<\/p>\n<p>Castillo de Zu\u00f1iga<\/p>\n<p>&nbsp;<\/p>\n<p>Claro que, del entorno maravilloso de Cartaya se tendr\u00eda mucho que decir y, entre tierras f\u00e9rtiles de labranza (el principal centro de riqueza de la regi\u00f3n) y las playas que circundan la regi\u00f3n, estelugar es una aut\u00e9ntica maravilla de la Naturaleza. Playas y pinares, kil\u00f3metros de fina arena blanca y fina que dorada al Sol reciben las sonaras olas del Atl\u00e1ntico cuando llegan desde la otra parte del mundo al litoral.<\/p>\n<p>&nbsp;<\/p>\n<p><strong>El Rompido<\/strong><\/p>\n<p>&nbsp;<\/p>\n<p><img decoding=\"async\" loading=\"lazy\" id=\"irc_mi\" src=\"http:\/\/www.maletadecaramelo.com\/\/upload\/poblaciones\/Andalucia\/Huelva\/El%20Rompido%20-%20Cartaya\/El%20Rompido%20destino.jpg\" alt=\"\" width=\"589\" height=\"393\" \/><img decoding=\"async\" loading=\"lazy\" id=\"irc_mi\" src=\"http:\/\/data-4c21db65c81f6.s3.amazonaws.com\/eltiempo\/playas\/images\/HU-120.jpg\" alt=\"\" width=\"501\" height=\"393\" \/><img decoding=\"async\" loading=\"lazy\" id=\"irc_mi\" src=\"http:\/\/www.andaluciadeviaje.es\/visitfotos\/rest\/500px\/2009-12-02bbc1d8.jpg\" alt=\"\" width=\"595\" height=\"393\" \/><img decoding=\"async\" loading=\"lazy\" id=\"irc_mi\" src=\"http:\/\/www.fuertehoteles.com\/content\/imgsxml\/es\/textos_internos\/fuerte-el-rompido.jpg\" alt=\"\" width=\"812\" height=\"325\" \/><\/p>\n<p>&nbsp;<\/p>\n<p>Lugares para el descanco habitado por gente sencillla que s\u00f3lo tratan de agradar al visitante. En el Rompido se ofrece la Paz y, desde luego, gastronom\u00eda mediterr\u00e1nea nada tiene que envidiar a ninguna otra que se pueda ofrecer en cualquier parte del mundo. Pedsados y mariscos y buena carne del porcino ib\u00e9rico a orecios m\u00f3dicos, lugares dignos de ser visitados y, sobre todo&#8230; \u00a1tranquilidad!<\/p>\n<p><strong>El Portil<\/strong><\/p>\n<p>&nbsp;<\/p>\n<p><img decoding=\"async\" loading=\"lazy\" id=\"irc_mi\" src=\"http:\/\/media-cdn.tripadvisor.com\/media\/photo-s\/01\/62\/88\/90\/el-portil.jpg\" alt=\"\" width=\"503\" height=\"393\" \/><img decoding=\"async\" loading=\"lazy\" id=\"irc_mi\" src=\"http:\/\/d1ez3020z2uu9b.cloudfront.net\/rental-homes-photos-spain\/29186_2989_El_Portil_Townhouse.jpg\" alt=\"\" width=\"450\" height=\"338\" \/><img decoding=\"async\" loading=\"lazy\" id=\"irc_mi\" src=\"http:\/\/d1ez3020z2uu9b.cloudfront.net\/rental-homes-photos-spain\/29288_2996_El_Portil_Townhouse.jpg\" alt=\"\" width=\"450\" height=\"338\" \/><img decoding=\"async\" loading=\"lazy\" id=\"irc_mi\" src=\"https:\/\/clickstay.s3-eu-west-1.amazonaws.com\/images\/property\/112520\/originals\/78651008-9f53-4202-9a2a-51f6987b011c112520_HiRes.jpg\" alt=\"\" width=\"524\" height=\"393\" \/><img decoding=\"async\" loading=\"lazy\" id=\"irc_mi\" src=\"http:\/\/static.panoramio.com\/photos\/large\/39678288.jpg\" alt=\"\" width=\"524\" height=\"393\" \/><img decoding=\"async\" loading=\"lazy\" src=\"http:\/\/farm9.staticflickr.com\/8195\/8380941709_9ae1194d57_z.jpg\" alt=\"P1060255\" width=\"640\" height=\"480\" \/><\/p>\n<p>&nbsp;<\/p>\n<p style=\"text-align: justify;\">Este rinc\u00f3n de la costa de Huelva, que pertenece a los Municipios de Punta Umbria y Cartaya, es una playa extensa de varios kil\u00f3metros que se acercan hacia Portugal siguiendo la Costa hacia Ayamonte. En el El Portil, viven en verano m\u00e1s de un mill\u00f3n de personas y, las construcciones han afeado algo el lugar que, de manera natural era una maravilla y, lo sigue siendo cuando quitamos la narahunda de construcciones nuevas que all\u00ed se hicieron para especular. De todas las maneras, como lugar natural y de recreo es una maravilla.<\/p>\n<p style=\"text-align: justify;\"><img decoding=\"async\" loading=\"lazy\" id=\"irc_mi\" src=\"http:\/\/infonuba.com\/wp-content\/uploads\/2014\/10\/IMG_3333.jpg\" alt=\"\" width=\"550\" height=\"367\" \/><\/p>\n<p style=\"text-align: justify;\">Claro que Cartaya es mucho m\u00e1s que bonitos edificios y bellas playas. Su gente, agricultores en su mayor\u00eda, que trabajan duramente el d\u00eda a d\u00eda para buscar el sustento de sus familias, y, cuidan de estar al d\u00eda en las \u00faltimas innovaciones en el campo para poder obtener los mejores resultados de la Tierra. EI Centro Cultural de la Villa de Cartaya acogi\u00f3 la &#8216;I Jornada sobre la Agricultura Familiar en la Lucha contra el Hambre. Y, la Cooperativa Agricola Hortofrut\u00edcola de Cartaya, Sociedad Coop. Andaluza, est\u00e1 llevando a cabo una gran labor aunando a todos los agricultores del lugar para comercializar sus productos que, en algunos casos, est\u00e1n a la cabeza del mundo.<\/p>\n<p style=\"text-align: justify;\"><img decoding=\"async\" loading=\"lazy\" id=\"irc_mi\" src=\"http:\/\/www.heconomia.es\/public\/noticias\/fotos\/-1505428753a.jpg\" alt=\"\" width=\"651\" height=\"393\" \/><\/p>\n<p style=\"text-align: justify;\">La Cooperativa Hortofrut\u00edcola de Cartaya crea muchos puestos de trabajo y genera riqueza para zona<\/p>\n<p style=\"text-align: justify;\"><img decoding=\"async\" loading=\"lazy\" id=\"irc_mi\" src=\"http:\/\/sobrehuelva.com\/wp-content\/uploads\/2009\/09\/2322291.jpg\" alt=\"\" width=\"500\" height=\"375\" \/><\/p>\n<p style=\"text-align: justify;\">Cartaya es un pueblo de la provincia de Huelva rico en agricultura junto con Lepe. La mayor\u00eda de la producci\u00f3n de fresas y c\u00edtricos, como naranjas y limones &#8230; Ahora tambi\u00e9n frambuesa y ara\u00e1ndanos que inundan los mercados de Europa en la fecha m\u00e1s temprana gracias al benigno clina de Andaluc\u00eda que adelanta los cultivos en relaci\u00f3n a otras regiones de Europa.<\/p>\n<div style=\"text-align: justify;\" data-row=\"1\" data-ri=\"10\" data-ved=\"0CCsQMygKMAo\">La Cooperativa Hortofrut\u00edcola de Cartaya (Huelva), magistralmente regentada por Don Diego L\u00f3pez G\u00f3mez, es hoy por hoy, uno de los centros agr\u00edcolas Hortofrut\u00edcolas m\u00e1s avanzados y mejor gestionados de Andalucia. Con personal especializado en todos los campos y en cada sector, desde el Administrativo y financiero hasta el Fiscal t Laboral, la Cooperativa, est\u00e1 batiendo todos los record de productividad y buen hacer en este campo del que, no siempre el consumidor, es consciente del sacrificio y el esfuerzo que cuesta hacer llegar estos manjares a sus mesas.<\/div>\n<div data-row=\"1\" data-ri=\"11\" data-ved=\"0CCwQMygLMAs\"><img decoding=\"async\" loading=\"lazy\" id=\"irc_mi\" src=\"http:\/\/www.psoedehuelva.es\/galeria_img\/foto1302007988.jpg\" alt=\"\" width=\"564\" height=\"375\" \/><\/div>\n<div data-row=\"1\" data-ri=\"11\" data-ved=\"0CCwQMygLMAs\">\u00a0\u00a0\u00a0\u00a0\u00a0\u00a0\u00a0\u00a0\u00a0\u00a0\u00a0\u00a0 Autorides y Cooperativistas que visitan las instalaciones de la Cooperativa<\/div>\n<div style=\"text-align: justify;\" data-row=\"1\" data-ri=\"11\" data-ved=\"0CCwQMygLMAs\">Cuando las Instalaciones de la Cooperativa Agr\u00edcola Hortofrut\u00edcola de Cartaya, fue inaugurada por la Autorizades, aunque la ilusi\u00f3n era grande en todos los participantes, no debemos dejar de mencionar la labor callada y humilde (pero muy competente) de Don Diego L\u00f3pez que, en realidad, desde el principio ha sido el &#8220;Alma&#8221; de dicho Centro. Todo en la Cooperativa es un ejemplo del bien hacer y, cada cosa est\u00e1 en su lugar colocado de manera racional para facilitar los trabajos de todos y que todos, est\u00e9n en conexi\u00f3n haciendo m\u00e1s f\u00e1cil la interrelaci\u00f3n de las comunicaciones de los ditintos sectpores: Administraci\u00f3n, Almacen, transportres, preparaci\u00f3n de las frutas y envasados&#8230; etc.<\/div>\n<div style=\"text-align: justify;\" data-row=\"1\" data-ri=\"11\" data-ved=\"0CCwQMygLMAs\">Con el trabajo del dia a d\u00eda, todo marcha viento en popa y, el futuro se le presenta esperanzador si las cosas, como todos esperan, siguen por el mismo camino emprendido de una lucha sin cuartel de sacrificio y trabajo para conseguir los objetivos propuestos.<\/div>\n<div data-row=\"1\" data-ri=\"11\" data-ved=\"0CCwQMygLMAs\"><img decoding=\"async\" loading=\"lazy\" id=\"irc_mi\" src=\"http:\/\/www.andalucia.org\/media\/fotos\/image_161599_jpeg_800x600_q85.jpg\" alt=\"\" width=\"611\" height=\"393\" \/><\/div>\n<div style=\"text-align: justify;\" data-row=\"1\" data-ri=\"11\" data-ved=\"0CCwQMygLMAs\">Como no todo es trabajo, tambi\u00e9n en Cartaya celebran sus fistas, y, aqu\u00ed vemos como se engalanan para salir en la procesi\u00f3n de San Isidro Labrador. Se celebra en el paraje natural que toma el nombre de la Ermita de San Isidro, a dos kil\u00f3metros y medio del pueblo en direcci\u00f3n a El Rompido. La fecha de celebraci\u00f3n es variable, y se sit\u00faa normalmente en el \u00faltimo fin de semana de mayo.<\/div>\n<div style=\"text-align: justify;\" data-row=\"1\" data-ri=\"11\" data-ved=\"0CCwQMygLMAs\"><img decoding=\"async\" loading=\"lazy\" src=\"http:\/\/ayto-cartaya.es\/administrator\/components\/com_listadosbd\/includes\/fotos.php?id=1466&amp;num=3\" alt=\"\" width=\"604\" height=\"403\" \/><\/div>\n<div style=\"text-align: justify;\" data-row=\"1\" data-ri=\"11\" data-ved=\"0CCwQMygLMAs\">\u00a0\u00a0\u00a0\u00a0\u00a0\u00a0\u00a0\u00a0\u00a0\u00a0\u00a0\u00a0\u00a0\u00a0\u00a0\u00a0\u00a0\u00a0\u00a0\u00a0\u00a0\u00a0\u00a0\u00a0\u00a0\u00a0\u00a0\u00a0\u00a0\u00a0\u00a0\u00a0\u00a0\u00a0\u00a0\u00a0\u00a0\u00a0\u00a0\u00a0\u00a0\u00a0\u00a0\u00a0\u00a0\u00a0\u00a0\u00a0 Tambi\u00e9n se celebra la Feria del Caballo<\/div>\n<div style=\"text-align: justify;\" data-row=\"1\" data-ri=\"11\" data-ved=\"0CCwQMygLMAs\">\n<p>Cartaya cuenta con una de las m\u00e1s importantes caba\u00f1as equinas de la provincia de Huelva, por lo que el caballo es protagonista indiscutible de esta romer\u00eda. Dos semanas antes tiene lugar la b\u00fasqueda del santo a su ermita en la pradera y se traslada al pueblo. Durante esos d\u00edas la imagen permanece en la parroquia de San Pedro celebr\u00e1ndose misas en su honor. El jueves anterior a la romer\u00eda se celebra una ofrenda de flores en honor a San Isidro. El viernes se lleva a cabo el traslado del santo y el simpecado (que permanece en el pueblo durante todo el a\u00f1o) a la pradera.<\/p>\n<p>La romer\u00eda discurre en dicha pradera el viernes, el s\u00e1bado y el domingo. El domingo se traslada de nuevo el simpecado al pueblo dejando as\u00ed el santo en su ermita hasta el pr\u00f3ximo a\u00f1o.<\/p>\n<p>&nbsp;<\/p>\n<p>&nbsp;<\/p>\n<\/div>\n<div data-row=\"1\" data-ri=\"11\" data-ved=\"0CCwQMygLMAs\"><img decoding=\"async\" loading=\"lazy\" id=\"irc_mi\" src=\"http:\/\/huelva24.com\/upload\/img\/periodico\/img_46248.jpg\" alt=\"\" width=\"611\" height=\"393\" \/><\/div>\n<div data-row=\"1\" data-ri=\"11\" data-ved=\"0CCwQMygLMAs\">De esta forma, la alegr\u00eda y la tradicional devoci\u00f3n hacia la Virgen de Consolaci\u00f3n se pone de manifiesto ucadaa\u00f1o\u00a0 con la numerosa asistencia de fieles a una procesi\u00f3n que brilla con luz propia y que pune punto\u00a0 final a todo un conjunto de actos religiosos que se suceden durante los \u00faltimos quince d\u00edas, a partir del \u00faltimo domingo de agosto.<\/div>\n<div data-row=\"1\" data-ri=\"11\" data-ved=\"0CCwQMygLMAs\">Tras una intensa jornada que abre a las once de la ma\u00f1ana la Solemne Funci\u00f3n, la imagen de la Virgen recorre las plazas Redonda y Larga y la calle Santa Mar\u00eda de Consolaci\u00f3n que, desde el centro de la localidad conduce a la Virgen hasta su ermita, ubicada a las afueras del casco urbano de Cartaya. Es un emotivo itinerario en el que no faltan balcones engalanados, p\u00e9talos de flores al paso de la imagen, y acompa\u00f1amiento musical con letras dedicadas a la Virgen. Especialmente emotivas son las sevillanas que interpreta, al paso del cortejo por la calle Santa Mar\u00eda, el joven grupo cartayero Paso a Paso dedicadas a la Virgen y con letra de Emilio Palacios.<\/div>\n<p style=\"text-align: justify;\">Tambi\u00e9n en Cartaya, como antes os contaba, se celebra la Feria del Caballo. El noble animal,\u00a0 tiene muchos amigos entre la poblaci\u00f3n que, al ser eminentemente campera, necesita de su concurso para muchas de las labores y desplazamientos que se tienen que realizar en distintos sectores del d\u00eda a d\u00eda. Pero, hoy d\u00eda, es ya por la mucha afici\u00f3n que se le tiene al caballo que, no pocos, lo tienen como entra\u00f1able compa\u00f1ero.<\/p>\n<p style=\"text-align: justify;\"><img decoding=\"async\" loading=\"lazy\" id=\"irc_mi\" src=\"http:\/\/huelvabuenasnoticias.com\/wp-content\/uploads\/2014\/07\/Cartaya-Casino-y-Ayuntamiento-Imagen-Fotoespacios.jpg\" alt=\"\" width=\"660\" height=\"393\" \/><\/p>\n<p style=\"text-align: justify;\">\u00a0\u00a0\u00a0\u00a0\u00a0\u00a0\u00a0\u00a0\u00a0\u00a0\u00a0\u00a0\u00a0\u00a0\u00a0\u00a0\u00a0\u00a0\u00a0\u00a0\u00a0\u00a0\u00a0\u00a0\u00a0\u00a0\u00a0\u00a0\u00a0\u00a0\u00a0\u00a0\u00a0\u00a0\u00a0\u00a0\u00a0\u00a0\u00a0\u00a0 Casino y Ayuntamiento de Cartaya. \/ Imagen Fotoespacios.<\/p>\n<p style=\"text-align: justify;\">Tengo que cerrar este peque\u00f1o recorrido por el Pueblo de Cartaya y su gente. Tengo que reconocer que he podido tener el privilegio de conocer a mucha de esas nobles personas que forman la poblaci\u00f3n de Cartaya, unos siguen aqu\u00ed con nosotros y otros se fueron pero, todos, tienen un lugar en mi coraz\u00f3n. El amigo entra\u00f1able Juan Jurado y Juan Antonio Molins, El maestro de escuela y Alcalde Pedro Jurado, una se\u00f1ora que admirta por su bondad y su inteligencia natural, Pepita Pereles, esposa del fallecido Juan Antonio Molins, un hombre cabal donde los haya. Roberto Aleta Mara\u00f1\u00f3n, el incansable trabajador de la f\u00e1brica de Ladrillos, \u00bfqu\u00e9 decir de Juan Pereles, Presidente actual de la Cooperativa y que vive para &#8220;su campo&#8221;, el entra\u00f1able Diego L\u00f3pez, Gerente de la Cooperativa y el Alma de un gran Equipo.<\/p>\n<p style=\"text-align: justify;\">As\u00ed podr\u00edamos continuar contando cosas interesantes de esta gente laboriosa y de este lugar maravilloso pero, el tiempo, amigo m\u00edos, no concede ninguna tregua y, como son las 7,30 de la ma\u00f1ana, tengo que acudir a otro lugar.<\/p>\n<p style=\"text-align: justify;\">Saludos para todos los vecinos de Cartaua.<\/p>\n<p style=\"text-align: justify;\">emilio silvera<\/p>\n<div class='bookmark'>\r\n\t\t<table align='left' border='0' cellpadding='0' width='100%'>\r\n\t\t<tr><td><span class='pushbutton'><a href='http:\/\/delicious.com\/post?url=http%3A%2F%2Fwww.emiliosilveravazquez.com%2Fblog%2F2015%2F01%2F29%2F%25c2%25a1%25c2%25a1cartaya-ese-blanco-pueblecito-de-huelva%2F&amp;title=%C2%A1%C2%A1CARTAYA%21%21+Ese+Blanco+Pueblecito+de+Huelva' title='Delicious' target='_blank' rel='nofollow'><img src='http:\/\/www.emiliosilveravazquez.com\/blog\/wp-content\/plugins\/knxdt-bookmarks-wordpress-plugin\/images\/delicious.png'  alt='' class='book_img' border='none' style='margin:1px; padding: 0;'  \/><\/a><\/span><span class='pushbutton'><a href='http:\/\/digg.com\/submit?url=http%3A%2F%2Fwww.emiliosilveravazquez.com%2Fblog%2F2015%2F01%2F29%2F%25c2%25a1%25c2%25a1cartaya-ese-blanco-pueblecito-de-huelva%2F&amp;title=%C2%A1%C2%A1CARTAYA%21%21+Ese+Blanco+Pueblecito+de+Huelva' title='Digg' target='_blank' rel='nofollow'><img src='http:\/\/www.emiliosilveravazquez.com\/blog\/wp-content\/plugins\/knxdt-bookmarks-wordpress-plugin\/images\/digg.png'  alt='' class='book_img' border='none' style='margin:1px; padding: 0;'  \/><\/a><\/span><span class='pushbutton'><a href='http:\/\/www.google.com\/bookmarks\/mark?op=edit&amp;bkmk=http%3A%2F%2Fwww.emiliosilveravazquez.com%2Fblog%2F2015%2F01%2F29%2F%25c2%25a1%25c2%25a1cartaya-ese-blanco-pueblecito-de-huelva%2F&amp;title=%C2%A1%C2%A1CARTAYA%21%21+Ese+Blanco+Pueblecito+de+Huelva' title='Google' target='_blank' rel='nofollow'><img src='http:\/\/www.emiliosilveravazquez.com\/blog\/wp-content\/plugins\/knxdt-bookmarks-wordpress-plugin\/images\/google.png'   alt='' class='book_img' border='none' style='margin:1px; padding: 0;'  \/><\/a><\/span><span class='pushbutton'><a href='http:\/\/myweb2.search.yahoo.com\/myresults\/bookmarklet?u=http%3A%2F%2Fwww.emiliosilveravazquez.com%2Fblog%2F2015%2F01%2F29%2F%25c2%25a1%25c2%25a1cartaya-ese-blanco-pueblecito-de-huelva%2F&amp;t=%C2%A1%C2%A1CARTAYA%21%21+Ese+Blanco+Pueblecito+de+Huelva' title='Yahoo' target='_blank' rel='nofollow'><img src='http:\/\/www.emiliosilveravazquez.com\/blog\/wp-content\/plugins\/knxdt-bookmarks-wordpress-plugin\/images\/yahoo.png'  alt='' class='book_img' border='none' style='margin:1px; padding: 0;'  \/><\/a><\/span><span class='pushbutton'><a href='http:\/\/www.technorati.com\/faves?add=http%3A%2F%2Fwww.emiliosilveravazquez.com%2Fblog%2F2015%2F01%2F29%2F%25c2%25a1%25c2%25a1cartaya-ese-blanco-pueblecito-de-huelva%2F' title='Technorati' target='_blank' rel='nofollow'><img src='http:\/\/www.emiliosilveravazquez.com\/blog\/wp-content\/plugins\/knxdt-bookmarks-wordpress-plugin\/images\/technorati.png'  alt='' class='book_img' border='none' style='margin:1px; padding: 0;'  \/><\/a><\/span><span class='pushbutton'><a href='http:\/\/meneame.net\/submit.php?url=http%3A%2F%2Fwww.emiliosilveravazquez.com%2Fblog%2F2015%2F01%2F29%2F%25c2%25a1%25c2%25a1cartaya-ese-blanco-pueblecito-de-huelva%2F' title='Meneame' target='_blank' rel='nofollow'><img src='http:\/\/www.emiliosilveravazquez.com\/blog\/wp-content\/plugins\/knxdt-bookmarks-wordpress-plugin\/images\/meneame.png'  alt='' class='book_img' border='none' style='margin:1px; padding: 0;'  \/><\/a><\/span><span class='pushbutton'><a href='http:\/\/enchilame.com\/submit.php?url=http:\/\/www.emiliosilveravazquez.com\/blog\/2015\/01\/29\/%c2%a1%c2%a1cartaya-ese-blanco-pueblecito-de-huelva\/' target='_blank' rel='nofollow'><img title='Enchilame' src='http:\/\/www.emiliosilveravazquez.com\/blog\/wp-content\/plugins\/knxdt-bookmarks-wordpress-plugin\/images\/enchilame.png'  alt='' class='book_img' border='none' style='margin:1px; padding: 0;'  \/><\/a><\/span><span class='pushbutton'><a href='http:\/\/www.blinklist.com\/index.php?Action=Blink\/addblink.php&amp;Description=&amp;Url=http%3A%2F%2Fwww.emiliosilveravazquez.com%2Fblog%2F2015%2F01%2F29%2F%25c2%25a1%25c2%25a1cartaya-ese-blanco-pueblecito-de-huelva%2F&amp;title=%C2%A1%C2%A1CARTAYA%21%21+Ese+Blanco+Pueblecito+de+Huelva' title='BlinkList' target='_blank' rel='nofollow'><img src='http:\/\/www.emiliosilveravazquez.com\/blog\/wp-content\/plugins\/knxdt-bookmarks-wordpress-plugin\/images\/blinklist.png'  alt='' class='book_img' border='none' style='margin:1px; padding: 0;'  \/><\/a><\/span><span class='pushbutton'><a href='http:\/\/reddit.com\/submit?url=http%3A%2F%2Fwww.emiliosilveravazquez.com%2Fblog%2F2015%2F01%2F29%2F%25c2%25a1%25c2%25a1cartaya-ese-blanco-pueblecito-de-huelva%2F&amp;title=%C2%A1%C2%A1CARTAYA%21%21+Ese+Blanco+Pueblecito+de+Huelva' title='Reddit' target='_blank' rel='nofollow'><img src='http:\/\/www.emiliosilveravazquez.com\/blog\/wp-content\/plugins\/knxdt-bookmarks-wordpress-plugin\/images\/reddit.png'  alt='' class='book_img' border='none' style='margin:1px; padding: 0;'  \/><\/a><\/span><span class='pushbutton'><a href='http:\/\/www.tecnologiadiaria.com\/2009\/07\/abrir-com-hotmail-correo.html' target='_blank' title='hotmail'><img src='http:\/\/www.emiliosilveravazquez.com\/blog\/wp-content\/plugins\/knxdt-bookmarks-wordpress-plugin\/images\/linklove.png' alt='hotmail correo' class='book_img' border='none' style='margin:1px; padding: 0;' \/><\/a><\/span><span class='pushbutton'><a href='http:\/\/bitacoras.com\/votar\/anotacion\/externo\/mini\/www.emiliosilveravazquez.com\/blog\/2015\/01\/29\/%c2%a1%c2%a1cartaya-ese-blanco-pueblecito-de-huelva\/' title='Bitacoras.com' target='_blank' rel='nofollow'><img src='http:\/\/www.emiliosilveravazquez.com\/blog\/wp-content\/plugins\/knxdt-bookmarks-wordpress-plugin\/images\/bitacoras.png'  alt='' class='book_img' border='none' style='margin:1px; padding: 0;'  \/><\/a><\/span><span class='pushbutton'><a href='http:\/\/www.wikio.es\/vote?url=http%3A%2F%2Fwww.emiliosilveravazquez.com%2Fblog%2F2015%2F01%2F29%2F%25c2%25a1%25c2%25a1cartaya-ese-blanco-pueblecito-de-huelva%2F' title='Wikio' target='_blank' rel='nofollow'><img src='http:\/\/www.emiliosilveravazquez.com\/blog\/wp-content\/plugins\/knxdt-bookmarks-wordpress-plugin\/images\/wikio.png'   alt='' class='book_img' border='none' style='margin:1px; padding: 0;'   \/><\/a><\/span><span class='pushbutton'><a href='http:\/\/friendfeed.com\/?url=http%3A%2F%2Fwww.emiliosilveravazquez.com%2Fblog%2F2015%2F01%2F29%2F%25c2%25a1%25c2%25a1cartaya-ese-blanco-pueblecito-de-huelva%2F&amp;title=%C2%A1%C2%A1CARTAYA%21%21+Ese+Blanco+Pueblecito+de+Huelva' title='Friend Feed' target='_blank' rel='nofollow'><img src='http:\/\/www.emiliosilveravazquez.com\/blog\/wp-content\/plugins\/knxdt-bookmarks-wordpress-plugin\/images\/friendfeed.png'  alt='' class='book_img' border='none' style='margin:1px; padding: 0;'  \/><\/a><\/span><span class='pushbutton'><a href='http:\/\/www.facebook.com\/share.php?u=http%3A%2F%2Fwww.emiliosilveravazquez.com%2Fblog%2F2015%2F01%2F29%2F%25c2%25a1%25c2%25a1cartaya-ese-blanco-pueblecito-de-huelva%2F&amp;t=%C2%A1%C2%A1CARTAYA%21%21+Ese+Blanco+Pueblecito+de+Huelva' title='Facebook' target='_blank' rel='nofollow'><img src='http:\/\/www.emiliosilveravazquez.com\/blog\/wp-content\/plugins\/knxdt-bookmarks-wordpress-plugin\/images\/facebook.png'  alt='' class='book_img' border='none' style='margin:1px; padding: 0;'  \/><\/a><\/span><span class='pushbutton'><a href='http:\/\/twitter.com\/home?status=%C2%A1%C2%A1CARTAYA%21%21+Ese+Blanco+Pueblecito+de+Huelva: http%3A%2F%2Fwww.emiliosilveravazquez.com%2Fblog%2F2015%2F01%2F29%2F%25c2%25a1%25c2%25a1cartaya-ese-blanco-pueblecito-de-huelva%2F' title='Twitter' target='_blank' rel='nofollow'><img src='http:\/\/www.emiliosilveravazquez.com\/blog\/wp-content\/plugins\/knxdt-bookmarks-wordpress-plugin\/images\/twitter.png'  alt='' class='book_img' border='none' style='margin:1px; padding: 0;'  \/><\/a><\/span><span class='pushbutton'><a href='http:\/\/www.feedburner.com\/fb\/a\/emailFlare?itemTitle=%C2%A1%C2%A1CARTAYA%21%21+Ese+Blanco+Pueblecito+de+Huelva&amp;uri=http%3A%2F%2Fwww.emiliosilveravazquez.com%2Fblog%2F2015%2F01%2F29%2F%25c2%25a1%25c2%25a1cartaya-ese-blanco-pueblecito-de-huelva%2F' title='Enviar por Email' target='_blank' rel='nofollow'><img src='http:\/\/www.emiliosilveravazquez.com\/blog\/wp-content\/plugins\/knxdt-bookmarks-wordpress-plugin\/images\/email.png'  alt='' class='book_img' border='none' style='margin:1px; padding: 0;'  \/><\/a><\/span><span style='font-weight:bold; padding-left: 5px;'><a href='http:\/\/wordpress.org\/extend\/plugins\/knxdt-bookmarks-wordpress-plugin\/' title='Plugin' rel='nofollow' target='_blank'>[?]<\/a><\/span><\/td><\/tr><\/table><br\/><br\/><\/div>","protected":false},"excerpt":{"rendered":"<p>Paz Rosado Uno de los mayores atractivos de este municipio onubense es su entorno natural de playas y pinares, donde el viajero podr\u00e1 realizar numerosas actividades de car\u00e1cter deportivo y de ocio. Pero el t\u00e9rmino municipal de Cartaya, que est\u00e1 compuesto por tres n\u00facleos de poblaci\u00f3n, el que le da nombre situado en el interior, [&hellip;]<\/p>\n","protected":false},"author":2,"featured_media":0,"comment_status":"open","ping_status":"open","sticky":false,"template":"","format":"standard","meta":{"_s2mail":"yes","footnotes":""},"categories":[1],"tags":[],"_links":{"self":[{"href":"http:\/\/www.emiliosilveravazquez.com\/blog\/wp-json\/wp\/v2\/posts\/11978"}],"collection":[{"href":"http:\/\/www.emiliosilveravazquez.com\/blog\/wp-json\/wp\/v2\/posts"}],"about":[{"href":"http:\/\/www.emiliosilveravazquez.com\/blog\/wp-json\/wp\/v2\/types\/post"}],"author":[{"embeddable":true,"href":"http:\/\/www.emiliosilveravazquez.com\/blog\/wp-json\/wp\/v2\/users\/2"}],"replies":[{"embeddable":true,"href":"http:\/\/www.emiliosilveravazquez.com\/blog\/wp-json\/wp\/v2\/comments?post=11978"}],"version-history":[{"count":0,"href":"http:\/\/www.emiliosilveravazquez.com\/blog\/wp-json\/wp\/v2\/posts\/11978\/revisions"}],"wp:attachment":[{"href":"http:\/\/www.emiliosilveravazquez.com\/blog\/wp-json\/wp\/v2\/media?parent=11978"}],"wp:term":[{"taxonomy":"category","embeddable":true,"href":"http:\/\/www.emiliosilveravazquez.com\/blog\/wp-json\/wp\/v2\/categories?post=11978"},{"taxonomy":"post_tag","embeddable":true,"href":"http:\/\/www.emiliosilveravazquez.com\/blog\/wp-json\/wp\/v2\/tags?post=11978"}],"curies":[{"name":"wp","href":"https:\/\/api.w.org\/{rel}","templated":true}]}}