{"id":11897,"date":"2015-01-10T09:00:22","date_gmt":"2015-01-10T08:00:22","guid":{"rendered":"http:\/\/www.emiliosilveravazquez.com\/blog\/?p=11897"},"modified":"2015-01-10T09:00:22","modified_gmt":"2015-01-10T08:00:22","slug":"%c2%bfla-vida-%c2%a1puede-ser-de-tantas-maneras-2","status":"publish","type":"post","link":"http:\/\/www.emiliosilveravazquez.com\/blog\/2015\/01\/10\/%c2%bfla-vida-%c2%a1puede-ser-de-tantas-maneras-2\/","title":{"rendered":"\u00bfLa Vida? \u00a1Puede ser de t\u00e1ntas maneras!"},"content":{"rendered":"<h3 style=\"text-align: justify;\"><img decoding=\"async\" loading=\"lazy\" id=\"irc_mi\" src=\"http:\/\/elriodeheraclito.files.wordpress.com\/2010\/02\/cuerdas-superstringtheory.jpg\" alt=\"\" width=\"450\" height=\"338\" \/><\/h3>\n<p>&nbsp;<\/p>\n<blockquote><p>No podemos negar que algunos resultados en esta teor\u00eda han sido sobresalientes: Las resonancias, que hab\u00edan actuado como motivaci\u00f3n, se acomodaban como &#8230;<\/p><\/blockquote>\n<p>&nbsp;<\/p>\n<div>\n<div style=\"text-align: justify;\">\n<h2>\u00a0 <a href=\"http:\/\/www.emiliosilveravazquez.com\/blog\/2013\/10\/01\/%c2%bfteoria-de-cuerdas-%c2%a1que-extrana-resulta\/\" rel=\"prev\">\u00bfTeor\u00eda de Cuerdas? \u00a1Qu\u00e9 extra\u00f1a resulta!<\/a><\/h2>\n<p>&nbsp;<\/p>\n<p><img decoding=\"async\" loading=\"lazy\" id=\"irc_mi\" src=\"http:\/\/estaticos03.cache.el-mundo.net\/elmundo\/imagenes\/2009\/02\/16\/1234808001_0.gif\" alt=\"\" width=\"432\" height=\"393\" \/><\/p>\n<p>&nbsp;<\/p>\n<p>Seres inteligentes pueden haber hecho su aparici\u00f3n en alguno de esos planetas similares al nuestro mil millones de a\u00f1os &#8230;<\/p>\n<\/div>\n<div><a href=\"http:\/\/www.emiliosilveravazquez.com\/blog\/2013\/10\/02\/%c2%a1los-mundos-algunos-llenos-de-vida-%c2%bfcomo-conocerla\/\" rel=\"next\">\u00a1Los Mundos! Algunos llenos de vida\u2026 \u00bfC\u00f3mo conocerlas?<\/a><\/div>\n<div style=\"text-align: justify;\">\n<p>&nbsp;<\/p>\n<\/div>\n<\/div>\n<div><img decoding=\"async\" loading=\"lazy\" id=\"irc_mi\" src=\"http:\/\/2.bp.blogspot.com\/-8V7b8uTZxcE\/UH3kyj6vOBI\/AAAAAAAAAUI\/EvHIN1AwI8U\/s1600\/city.jpg\" alt=\"\" width=\"819\" height=\"393\" \/><\/div>\n<div>\n<div>\n<p style=\"text-align: justify;\">No todo lo moderno tenemos que darlo por bueno. Como pude leer en alguna parte:<\/p>\n<blockquote>\n<p style=\"text-align: justify;\">\u201cLa paradoja de nuestro tiempo en la historia es que\u00a0 tenemos edificios m\u00e1s altos pero temperamentos m\u00e1s cortos,\u00a0 autopistas m\u00e1s anchas, pero puntos de vista m\u00e1s estrechos.\u00a0 Gastamos m\u00e1s pero tenemos , compramos m\u00e1s, pero gozamos menos.\u00a0 Tenemos casas m\u00e1s grandes y familias m\u00e1s peque\u00f1as, m\u00e1s conveniencias, pero menos tiempo.\u00a0 Tenemos m\u00e1s grados y t\u00edtulos pero menos sentido,\u00a0 m\u00e1s conocimiento, pero menos juicio,\u00a0 m\u00e1s expertos, sin embargo m\u00e1s problemas,\u00a0 m\u00e1s medicina, pero menos <label>bienestar<\/label>. \u201c<\/p>\n<p>&nbsp;<\/p>\n<p>&nbsp;<\/p><\/blockquote>\n<p style=\"text-align: justify;\"><img decoding=\"async\" loading=\"lazy\" id=\"irc_mi\" src=\"http:\/\/1.bp.blogspot.com\/-0zldGQyGVnA\/TbYQYbfgIpI\/AAAAAAAABoI\/GtvMg75fWv4\/s1600\/160820101218-1.jpg\" alt=\"\" width=\"457\" height=\"264\" \/><\/p>\n<blockquote>\n<p style=\"text-align: justify;\">Quiz\u00e1 el problema est\u00e9 en que no sabemos donde reside lo que realmente valor, tendemos a querer tener la casa m\u00e1s grande, el coche que m\u00e1s corra, la pantalla de <a href=\"http:\/\/www.emiliosilveravazquez.com\/blog\/category\/la-justa-medida\/#\"><a href=\"#\" onclick=\"referencia('plasma',event); return false;\">plasma<\/a><\/a> o el celular de la \u00faltima generaci\u00f3n, siempre vamos corriendo a todas partes y, salimos de noche de casa y regresamos cuando el d\u00eda ha terminado pero, cuando nos acostamos sin haber visto a los ni\u00f1os, ya dormidos, nos cuesta coger el sue\u00f1o\u2026 La hipoteca, aquel pr\u00e9stamo, que no marcha, la inestabilidad de la empresa, los impagados\u2026<\/p>\n<\/blockquote>\n<p style=\"text-align: justify;\">Dedicar alg\u00fan tiempo a la familia, sacrificando los beneficios compensarnos a la larga, ya que, no siempre es el dinero el que nos proporciona los mejores momentos ni los m\u00e1s aut\u00e9nticos. Estos momentos felices, residen siempre en las cosas m\u00e1s sencillas, es siempre lo m\u00e1s cercano, nuestro entorno y nuestra familia que, al fin y al cabo\u2026 \u00bfQu\u00e9 tenemos mejor que eso? \u00bfPor qu\u00e9 luchamos mientras nuestro tiempo nos mantiene aqu\u00ed?<\/p>\n<p style=\"text-align: justify;\">Siendo tan ef\u00edmero el tiempo que nos ha tocado vivir (as\u00ed lo dispuso la Naturaleza), es un aut\u00e9ntico disparate la cantidad de \u201ctiempo\u201d que perdemos en vanalidades, en cuestiones superfluas que no tienen valor. El verdadero \u201ctesoro\u201d que tenemos que buscar en nuestro tr\u00e1nsito por este mundo es el de ser felices y, amigos m\u00edos, esa felicidad est\u00e1 en nosotros mismos, en la manera en que podamos plantearnos la vida. Aquel hombre viejo ten\u00eda raz\u00f3n cuando dijo: \u201cNo es m\u00e1s rico el que m\u00e1s tiene, sino el que menos necesita\u201d.<\/p>\n<p style=\"text-align: justify;\"><img decoding=\"async\" loading=\"lazy\" id=\"irc_mi\" src=\"http:\/\/2.bp.blogspot.com\/-vOjKlhpoiqE\/T7wSsY41PfI\/AAAAAAAAACg\/o2t2Tz0GH4k\/s1600\/2555974-hijo-de-padre-hispano-ayudar-con-la-tarea.jpg\" alt=\"\" width=\"393\" height=\"393\" \/><\/p>\n<p style=\"text-align: justify;\">No puedo ni recordar la cantidad de veces que dej\u00e9 pasar la oportunidad de ayudar a mis hijos peque\u00f1os en la tarea del colegio. Estaba de viaje, la oficina me ocupaba demasiado,\u00a0 el trabajo no me dejaba mucho tiempo libre y, sin embargo, ahora miro hacia atr\u00e1s, y, nada de aquello pod\u00eda compensar, de hecho no compens\u00f3 nunca aquellos momentos perdidos. Que no se trata de que los perdieras t\u00fa, si no que, adem\u00e1s, se los hicisteis perder a vuestros hijos que lo echaron de menos y, seguramente, as\u00ed lo recordaran.<\/p>\n<p style=\"text-align: justify;\">El Tiempo s\u00f3lo marcha en una direcci\u00f3n: La flecha del Tiempo que sigue siempre adelante y, el momento que pas\u00f3, nunca podr\u00e1 volver, si en cada momento no hacemos aquello que procede \u2026 \u00a1Lo perderemos para siempre! Muchos son los que, pasado el tiempo se recriminan as\u00ed mismo el no haber estudiado cuando muchacho, sus vidas ser\u00edan \u00a1tan diferentes! Otros, no dejan de pensar en aquella muchacha a la que nunca se atrevieron a expresarle su callado Amor. \u00bfQu\u00e9 habr\u00eda sido de sus vidas de haberlo hecho?<\/p>\n<p style=\"text-align: justify;\"><img decoding=\"async\" loading=\"lazy\" id=\"irc_mi\" src=\"http:\/\/blog.haceb.com\/wp-content\/uploads\/2013\/07\/Amor-por-la-naturaleza-1024x682.jpg\" alt=\"\" width=\"590\" height=\"393\" \/><\/p>\n<p style=\"text-align: justify;\">\u00a1Menos mal que pude despertar a tiempo! \u00bfCu\u00e1ntas escenas como \u00e9sta no habr\u00e9 vivido? Mirar las fotograf\u00edas y contemplar los v\u00eddeos en los que,podemos volver al pasado y disfrutar del recuerdo de aquellos momentos felices\u2026 \u00a1No tiene precio! En todos los \u00f3rdenes de nuestras vidas debemos saber dosificar los momentos y, dar a cada cual lo suyo. Hay tiempo para todo y para todos.<\/p>\n<p style=\"text-align: justify;\"><img decoding=\"async\" loading=\"lazy\" id=\"irc_mi\" src=\"http:\/\/www.myguiadeviajes.com\/wp-content\/uploads\/2013\/02\/monje-en-laos1.jpg\" alt=\"\" width=\"457\" height=\"305\" \/><\/p>\n<p style=\"text-align: justify;\">\u00a0\u00a0\u00a0\u00a0\u00a0\u00a0\u00a0\u00a0\u00a0\u00a0 As\u00ed, contemplaremos el paisaje y disfrutaremos de la Naturaleza<\/p>\n<p style=\"text-align: justify;\"><img decoding=\"async\" src=\"http:\/\/img.webme.com\/pic\/m\/muyinteresantesegunyo\/viajetiempo.jpg\" alt=\"\" \/><\/p>\n<p style=\"text-align: justify;\">Este\u00a0 viaje, aunque no se le niegue emoci\u00f3n\u2026 es diferente, otra cosa<\/p>\n<p style=\"text-align: justify;\"><img decoding=\"async\" loading=\"lazy\" id=\"irc_mi\" src=\"http:\/\/2.bp.blogspot.com\/_jvFjLBNfdLg\/TAXGt0X7chI\/AAAAAAAAEDw\/5d1psmHVVDo\/s1600\/nueva-delhi.jpg\" alt=\"\" width=\"450\" height=\"270\" \/><\/p>\n<p style=\"text-align: justify;\">No, esto no es calidad de vida. Pasarse a\u00f1os en esta ciudad, seguramente, acortar\u00e1 el tiempo que podamos estar aqu\u00ed. El estr\u00e9s y la agobieante de vida en una de estas ciudadades\u2026 \u00a1acabar\u00eda conmigo. La escena que arriba contemplamos es desquiciante y sin duda alguna har\u00e1 mella en los seres que ah\u00ed tengan que estar cada d\u00eda, en esa vor\u00e1gine de actividad inusitada, de ruidos\u2026<\/p>\n<p style=\"text-align: justify;\"><img decoding=\"async\" loading=\"lazy\" id=\"irc_mi\" src=\"http:\/\/nyork.blogs.cervantes.es\/files\/2010\/09\/jardin8.jpg\" alt=\"\" width=\"457\" height=\"303\" \/><img decoding=\"async\" loading=\"lazy\" id=\"irc_mi\" src=\"http:\/\/multimedia1.front.toprural.com\/alojamiento\/9\/9\/2\/1345717707603_big.jpg\" alt=\"\" width=\"589\" height=\"393\" \/><\/p>\n<p style=\"text-align: justify;\">Mejor poder dejar pasar tu tiempo en una casa tranquila con un poco de jard\u00edn, en la que los fines de semana se escuche el bullicioso ru\u00eddo de los m\u00e1s peque\u00f1os con sus juegos que te traen recuerdos de otros tiempos pasados que, de esta manera, volver a revivir en tu memoria.<\/p>\n<p style=\"text-align: justify;\">Y, mientras eso ocurre, tienes la de mirar por la cristalera mientras tecleas tus ideas en ese espacio en blanco que te deja el ordenador para que, juntando las palabras, puedas expresar las cosas que por tu imaginaci\u00f3n van pasando.<\/p>\n<p style=\"text-align: justify;\">Claro que, no siempre podemos hacer realidad nuestros deseos y, todos, sin excepci\u00f3n, estamos supeditados a lo que la vida nos tiene deparado que, no pocas veces, es un destino que nos forjamos nosotros mismos.<\/p>\n<p style=\"text-align: justify;\">emilio silvera<\/p>\n<\/div>\n<\/div>\n<div class='bookmark'>\r\n\t\t<table align='left' border='0' cellpadding='0' width='100%'>\r\n\t\t<tr><td><span class='pushbutton'><a href='http:\/\/delicious.com\/post?url=http%3A%2F%2Fwww.emiliosilveravazquez.com%2Fblog%2F2015%2F01%2F10%2F%25c2%25bfla-vida-%25c2%25a1puede-ser-de-tantas-maneras-2%2F&amp;title=%C2%BFLa+Vida%3F+%C2%A1Puede+ser+de+t%C3%A1ntas+maneras%21' title='Delicious' target='_blank' rel='nofollow'><img src='http:\/\/www.emiliosilveravazquez.com\/blog\/wp-content\/plugins\/knxdt-bookmarks-wordpress-plugin\/images\/delicious.png'  alt='' class='book_img' border='none' style='margin:1px; padding: 0;'  \/><\/a><\/span><span class='pushbutton'><a href='http:\/\/digg.com\/submit?url=http%3A%2F%2Fwww.emiliosilveravazquez.com%2Fblog%2F2015%2F01%2F10%2F%25c2%25bfla-vida-%25c2%25a1puede-ser-de-tantas-maneras-2%2F&amp;title=%C2%BFLa+Vida%3F+%C2%A1Puede+ser+de+t%C3%A1ntas+maneras%21' title='Digg' target='_blank' rel='nofollow'><img src='http:\/\/www.emiliosilveravazquez.com\/blog\/wp-content\/plugins\/knxdt-bookmarks-wordpress-plugin\/images\/digg.png'  alt='' class='book_img' border='none' style='margin:1px; padding: 0;'  \/><\/a><\/span><span class='pushbutton'><a href='http:\/\/www.google.com\/bookmarks\/mark?op=edit&amp;bkmk=http%3A%2F%2Fwww.emiliosilveravazquez.com%2Fblog%2F2015%2F01%2F10%2F%25c2%25bfla-vida-%25c2%25a1puede-ser-de-tantas-maneras-2%2F&amp;title=%C2%BFLa+Vida%3F+%C2%A1Puede+ser+de+t%C3%A1ntas+maneras%21' title='Google' target='_blank' rel='nofollow'><img src='http:\/\/www.emiliosilveravazquez.com\/blog\/wp-content\/plugins\/knxdt-bookmarks-wordpress-plugin\/images\/google.png'   alt='' class='book_img' border='none' style='margin:1px; padding: 0;'  \/><\/a><\/span><span class='pushbutton'><a href='http:\/\/myweb2.search.yahoo.com\/myresults\/bookmarklet?u=http%3A%2F%2Fwww.emiliosilveravazquez.com%2Fblog%2F2015%2F01%2F10%2F%25c2%25bfla-vida-%25c2%25a1puede-ser-de-tantas-maneras-2%2F&amp;t=%C2%BFLa+Vida%3F+%C2%A1Puede+ser+de+t%C3%A1ntas+maneras%21' title='Yahoo' target='_blank' rel='nofollow'><img src='http:\/\/www.emiliosilveravazquez.com\/blog\/wp-content\/plugins\/knxdt-bookmarks-wordpress-plugin\/images\/yahoo.png'  alt='' class='book_img' border='none' style='margin:1px; padding: 0;'  \/><\/a><\/span><span class='pushbutton'><a href='http:\/\/www.technorati.com\/faves?add=http%3A%2F%2Fwww.emiliosilveravazquez.com%2Fblog%2F2015%2F01%2F10%2F%25c2%25bfla-vida-%25c2%25a1puede-ser-de-tantas-maneras-2%2F' title='Technorati' target='_blank' rel='nofollow'><img src='http:\/\/www.emiliosilveravazquez.com\/blog\/wp-content\/plugins\/knxdt-bookmarks-wordpress-plugin\/images\/technorati.png'  alt='' class='book_img' border='none' style='margin:1px; padding: 0;'  \/><\/a><\/span><span class='pushbutton'><a href='http:\/\/meneame.net\/submit.php?url=http%3A%2F%2Fwww.emiliosilveravazquez.com%2Fblog%2F2015%2F01%2F10%2F%25c2%25bfla-vida-%25c2%25a1puede-ser-de-tantas-maneras-2%2F' title='Meneame' target='_blank' rel='nofollow'><img src='http:\/\/www.emiliosilveravazquez.com\/blog\/wp-content\/plugins\/knxdt-bookmarks-wordpress-plugin\/images\/meneame.png'  alt='' class='book_img' border='none' style='margin:1px; padding: 0;'  \/><\/a><\/span><span class='pushbutton'><a href='http:\/\/enchilame.com\/submit.php?url=http:\/\/www.emiliosilveravazquez.com\/blog\/2015\/01\/10\/%c2%bfla-vida-%c2%a1puede-ser-de-tantas-maneras-2\/' target='_blank' rel='nofollow'><img title='Enchilame' src='http:\/\/www.emiliosilveravazquez.com\/blog\/wp-content\/plugins\/knxdt-bookmarks-wordpress-plugin\/images\/enchilame.png'  alt='' class='book_img' border='none' style='margin:1px; padding: 0;'  \/><\/a><\/span><span class='pushbutton'><a href='http:\/\/www.blinklist.com\/index.php?Action=Blink\/addblink.php&amp;Description=&amp;Url=http%3A%2F%2Fwww.emiliosilveravazquez.com%2Fblog%2F2015%2F01%2F10%2F%25c2%25bfla-vida-%25c2%25a1puede-ser-de-tantas-maneras-2%2F&amp;title=%C2%BFLa+Vida%3F+%C2%A1Puede+ser+de+t%C3%A1ntas+maneras%21' title='BlinkList' target='_blank' rel='nofollow'><img src='http:\/\/www.emiliosilveravazquez.com\/blog\/wp-content\/plugins\/knxdt-bookmarks-wordpress-plugin\/images\/blinklist.png'  alt='' class='book_img' border='none' style='margin:1px; padding: 0;'  \/><\/a><\/span><span class='pushbutton'><a href='http:\/\/reddit.com\/submit?url=http%3A%2F%2Fwww.emiliosilveravazquez.com%2Fblog%2F2015%2F01%2F10%2F%25c2%25bfla-vida-%25c2%25a1puede-ser-de-tantas-maneras-2%2F&amp;title=%C2%BFLa+Vida%3F+%C2%A1Puede+ser+de+t%C3%A1ntas+maneras%21' title='Reddit' target='_blank' rel='nofollow'><img src='http:\/\/www.emiliosilveravazquez.com\/blog\/wp-content\/plugins\/knxdt-bookmarks-wordpress-plugin\/images\/reddit.png'  alt='' class='book_img' border='none' style='margin:1px; padding: 0;'  \/><\/a><\/span><span class='pushbutton'><a href='http:\/\/www.tecnologiadiaria.com\/2009\/07\/abrir-com-hotmail-correo.html' target='_blank' title='hotmail'><img src='http:\/\/www.emiliosilveravazquez.com\/blog\/wp-content\/plugins\/knxdt-bookmarks-wordpress-plugin\/images\/linklove.png' alt='hotmail correo' class='book_img' border='none' style='margin:1px; padding: 0;' \/><\/a><\/span><span class='pushbutton'><a href='http:\/\/bitacoras.com\/votar\/anotacion\/externo\/mini\/www.emiliosilveravazquez.com\/blog\/2015\/01\/10\/%c2%bfla-vida-%c2%a1puede-ser-de-tantas-maneras-2\/' title='Bitacoras.com' target='_blank' rel='nofollow'><img src='http:\/\/www.emiliosilveravazquez.com\/blog\/wp-content\/plugins\/knxdt-bookmarks-wordpress-plugin\/images\/bitacoras.png'  alt='' class='book_img' border='none' style='margin:1px; padding: 0;'  \/><\/a><\/span><span class='pushbutton'><a href='http:\/\/www.wikio.es\/vote?url=http%3A%2F%2Fwww.emiliosilveravazquez.com%2Fblog%2F2015%2F01%2F10%2F%25c2%25bfla-vida-%25c2%25a1puede-ser-de-tantas-maneras-2%2F' title='Wikio' target='_blank' rel='nofollow'><img src='http:\/\/www.emiliosilveravazquez.com\/blog\/wp-content\/plugins\/knxdt-bookmarks-wordpress-plugin\/images\/wikio.png'   alt='' class='book_img' border='none' style='margin:1px; padding: 0;'   \/><\/a><\/span><span class='pushbutton'><a href='http:\/\/friendfeed.com\/?url=http%3A%2F%2Fwww.emiliosilveravazquez.com%2Fblog%2F2015%2F01%2F10%2F%25c2%25bfla-vida-%25c2%25a1puede-ser-de-tantas-maneras-2%2F&amp;title=%C2%BFLa+Vida%3F+%C2%A1Puede+ser+de+t%C3%A1ntas+maneras%21' title='Friend Feed' target='_blank' rel='nofollow'><img src='http:\/\/www.emiliosilveravazquez.com\/blog\/wp-content\/plugins\/knxdt-bookmarks-wordpress-plugin\/images\/friendfeed.png'  alt='' class='book_img' border='none' style='margin:1px; padding: 0;'  \/><\/a><\/span><span class='pushbutton'><a href='http:\/\/www.facebook.com\/share.php?u=http%3A%2F%2Fwww.emiliosilveravazquez.com%2Fblog%2F2015%2F01%2F10%2F%25c2%25bfla-vida-%25c2%25a1puede-ser-de-tantas-maneras-2%2F&amp;t=%C2%BFLa+Vida%3F+%C2%A1Puede+ser+de+t%C3%A1ntas+maneras%21' title='Facebook' target='_blank' rel='nofollow'><img src='http:\/\/www.emiliosilveravazquez.com\/blog\/wp-content\/plugins\/knxdt-bookmarks-wordpress-plugin\/images\/facebook.png'  alt='' class='book_img' border='none' style='margin:1px; padding: 0;'  \/><\/a><\/span><span class='pushbutton'><a href='http:\/\/twitter.com\/home?status=%C2%BFLa+Vida%3F+%C2%A1Puede+ser+de+t%C3%A1ntas+maneras%21: http%3A%2F%2Fwww.emiliosilveravazquez.com%2Fblog%2F2015%2F01%2F10%2F%25c2%25bfla-vida-%25c2%25a1puede-ser-de-tantas-maneras-2%2F' title='Twitter' target='_blank' rel='nofollow'><img src='http:\/\/www.emiliosilveravazquez.com\/blog\/wp-content\/plugins\/knxdt-bookmarks-wordpress-plugin\/images\/twitter.png'  alt='' class='book_img' border='none' style='margin:1px; padding: 0;'  \/><\/a><\/span><span class='pushbutton'><a href='http:\/\/www.feedburner.com\/fb\/a\/emailFlare?itemTitle=%C2%BFLa+Vida%3F+%C2%A1Puede+ser+de+t%C3%A1ntas+maneras%21&amp;uri=http%3A%2F%2Fwww.emiliosilveravazquez.com%2Fblog%2F2015%2F01%2F10%2F%25c2%25bfla-vida-%25c2%25a1puede-ser-de-tantas-maneras-2%2F' title='Enviar por Email' target='_blank' rel='nofollow'><img src='http:\/\/www.emiliosilveravazquez.com\/blog\/wp-content\/plugins\/knxdt-bookmarks-wordpress-plugin\/images\/email.png'  alt='' class='book_img' border='none' style='margin:1px; padding: 0;'  \/><\/a><\/span><span style='font-weight:bold; padding-left: 5px;'><a href='http:\/\/wordpress.org\/extend\/plugins\/knxdt-bookmarks-wordpress-plugin\/' title='Plugin' rel='nofollow' target='_blank'>[?]<\/a><\/span><\/td><\/tr><\/table><br\/><br\/><\/div>","protected":false},"excerpt":{"rendered":"<p>&nbsp; No podemos negar que algunos resultados en esta teor\u00eda han sido sobresalientes: Las resonancias, que hab\u00edan actuado como motivaci\u00f3n, se acomodaban como &#8230; &nbsp; \u00a0 \u00bfTeor\u00eda de Cuerdas? \u00a1Qu\u00e9 extra\u00f1a resulta! &nbsp; &nbsp; Seres inteligentes pueden haber hecho su aparici\u00f3n en alguno de esos planetas similares al nuestro mil millones de a\u00f1os &#8230; \u00a1Los [&hellip;]<\/p>\n","protected":false},"author":2,"featured_media":0,"comment_status":"open","ping_status":"open","sticky":false,"template":"","format":"standard","meta":{"_s2mail":"yes","footnotes":""},"categories":[56],"tags":[],"_links":{"self":[{"href":"http:\/\/www.emiliosilveravazquez.com\/blog\/wp-json\/wp\/v2\/posts\/11897"}],"collection":[{"href":"http:\/\/www.emiliosilveravazquez.com\/blog\/wp-json\/wp\/v2\/posts"}],"about":[{"href":"http:\/\/www.emiliosilveravazquez.com\/blog\/wp-json\/wp\/v2\/types\/post"}],"author":[{"embeddable":true,"href":"http:\/\/www.emiliosilveravazquez.com\/blog\/wp-json\/wp\/v2\/users\/2"}],"replies":[{"embeddable":true,"href":"http:\/\/www.emiliosilveravazquez.com\/blog\/wp-json\/wp\/v2\/comments?post=11897"}],"version-history":[{"count":0,"href":"http:\/\/www.emiliosilveravazquez.com\/blog\/wp-json\/wp\/v2\/posts\/11897\/revisions"}],"wp:attachment":[{"href":"http:\/\/www.emiliosilveravazquez.com\/blog\/wp-json\/wp\/v2\/media?parent=11897"}],"wp:term":[{"taxonomy":"category","embeddable":true,"href":"http:\/\/www.emiliosilveravazquez.com\/blog\/wp-json\/wp\/v2\/categories?post=11897"},{"taxonomy":"post_tag","embeddable":true,"href":"http:\/\/www.emiliosilveravazquez.com\/blog\/wp-json\/wp\/v2\/tags?post=11897"}],"curies":[{"name":"wp","href":"https:\/\/api.w.org\/{rel}","templated":true}]}}