{"id":11890,"date":"2015-01-09T07:43:05","date_gmt":"2015-01-09T06:43:05","guid":{"rendered":"http:\/\/www.emiliosilveravazquez.com\/blog\/?p=11890"},"modified":"2015-01-09T07:43:05","modified_gmt":"2015-01-09T06:43:05","slug":"la-ciencia-se-esta-dejando-llevar-por-el-espectaculo","status":"publish","type":"post","link":"http:\/\/www.emiliosilveravazquez.com\/blog\/2015\/01\/09\/la-ciencia-se-esta-dejando-llevar-por-el-espectaculo\/","title":{"rendered":"&#8220;La Ciencia se est\u00e1 dejando llevar por el espect\u00e1culo&#8221;"},"content":{"rendered":"<h6 style=\"text-align: justify;\">Entrevista a Mat\u00edas Saldarriaga, Cosm\u00f3logo<\/h6>\n<h6 style=\"text-align: justify;\"><\/h6>\n<div>\n<div>\n<div>\n<div style=\"text-align: justify;\">\n<div>\n<h1 id=\"titulo_noticia\"><img decoding=\"async\" loading=\"lazy\" id=\"irc_mi\" src=\"http:\/\/scripts.mit.edu\/%7Eargentina\/blog\/wp-content\/uploads\/2008\/07\/zaldarriaga_matias.jpg\" alt=\"\" width=\"535\" height=\"208\" \/><\/h1>\n<p>&nbsp;<\/p>\n<div id=\"subtitulo_noticia\">\n<h2>Fue pionero en predecir que se pod\u00eda captar el primer eco del <a href=\"#\" onclick=\"referencia('big bang',event); return false;\">Big Bang<\/a>, hace 15 a\u00f1os, y, se refer\u00eda, adem\u00e1s de las ondas gravitatorias a las posibles fluctuaciones de vac\u00edo. Critica la maquinaria publicitaria detr\u00e1s de ciertos hallazgos en las mejores universidades.<\/h2>\n<p>&nbsp;<\/p>\n<\/div>\n<\/div>\n<div>\n<ul>\n<li><a href=\"http:\/\/elpais.com\/elpais\/2014\/09\/26\/ciencia\/1411748966_450024.html\"><strong>El descubrimiento del primer eco del <a href=\"#\" onclick=\"referencia('big bang',event); return false;\">Big Bang<\/a> queda \u201cen suspenso\u201d<\/strong>\u00a0<\/a><\/li>\n<\/ul>\n<\/div>\n<\/div>\n<div style=\"text-align: justify;\"><a title=\"Ver todas las noticias de Nu\u00f1o Dom\u00ednguez\" href=\"http:\/\/elpais.com\/autor\/nuno_dominguez_angulo\/a\/\" rel=\"author\">Nu\u00f1o Dom\u00ednguez<\/a> Madrid <a title=\"Ver todas las noticias de esta fecha\" href=\"http:\/\/elpais.com\/tag\/fecha\/20141107\"> 7 NOV 2014 <abbr title=\"Central European Time\"><\/abbr><\/a>\u00a0 (en el Pais)<\/div>\n<div style=\"text-align: justify;\">\n<div id=\"contenedorLista5460\">\n<h4><\/h4>\n<p>&nbsp;<\/p>\n<\/div>\n<\/div>\n<div>\n<div style=\"text-align: justify;\">\n<div><img decoding=\"async\" loading=\"lazy\" title=\"\" src=\"http:\/\/ep01.epimg.net\/elpais\/imagenes\/2014\/11\/07\/ciencia\/1415361679_583612_1415363470_noticia_normal.jpg\" alt=\"\" width=\"560\" height=\"354\" \/><\/div>\n<div>\n<div>\u00a0\u00a0\u00a0\u00a0\u00a0\u00a0\u00a0\u00a0\u00a0\u00a0\u00a0\u00a0\u00a0\u00a0\u00a0\u00a0\u00a0\u00a0\u00a0\u00a0\u00a0\u00a0\u00a0\u00a0\u00a0\u00a0\u00a0\u00a0\u00a0\u00a0 Mat\u00edas Zaldarriaga, antes de la entrevista \/ Santi Burgos<\/div>\n<\/div>\n<\/div>\n<div id=\"cuerpo_noticia\">\n<p style=\"text-align: justify;\" dir=\"ltr\">&#8220;Entre el universo actual, con estrellas, galaxias y planetas capaces de albergar vida, y su origen hace 13.700 millones de a\u00f1os, hay enormes lagunas desconocidas. Se ha confirmado hasta la saciedad que todo comenz\u00f3 con el <a href=\"http:\/\/esmateria.com\/tema\/big-bang\/\" target=\"_blank\"><a href=\"#\" onclick=\"referencia('big bang',event); return false;\">Big Bang<\/a><\/a>, pero lo que sucedi\u00f3 poco despu\u00e9s sigue siendo un misterio. La teor\u00eda mayoritaria dice que tras la explosi\u00f3n hubo una etapa de expansi\u00f3n acelerada conocida como inflaci\u00f3n que multiplic\u00f3 el tama\u00f1o del cosmos millones y millones de veces en menos de un segundo. Es la teor\u00eda m\u00e1s aceptada y este a\u00f1o un equipo de investigadores de EE UU <a href=\"http:\/\/sociedad.elpais.com\/sociedad\/2014\/03\/17\/actualidad\/1395070473_494711.html\" target=\"_blank\">anunci\u00f3 haber encontrado unas se\u00f1ales que confirmar\u00edan que la inflaci\u00f3n sucedi\u00f3 realmente<\/a>. Poco despu\u00e9s surgieron muchas voces cr\u00edticas y, el mes pasado, <a href=\"http:\/\/elpais.com\/elpais\/2014\/09\/26\/ciencia\/1411748966_450024.html\" target=\"_blank\">la misi\u00f3n europea Planck ech\u00f3 por tierra el supuesto hallazgo<\/a>. Un descubrimiento de Nobel se convirti\u00f3 en una de las mayores pol\u00e9micas cient\u00edficas de los \u00faltimos a\u00f1os.<\/p>\n<p style=\"text-align: justify;\" dir=\"ltr\"><img decoding=\"async\" loading=\"lazy\" src=\"https:\/\/encrypted-tbn0.gstatic.com\/images?q=tbn:ANd9GcSE7ifqrVzc0TW-Z6DSJSLnsagPzRh-hQ0MNw19n-ZzOzQVx3ar\" alt=\"\" width=\"530\" height=\"393\" \/><\/p>\n<p style=\"text-align: justify;\" dir=\"ltr\">Hace m\u00e1s de 15 a\u00f1os, el f\u00edsico te\u00f3rico argentino Mat\u00edas Zaldarriaga <a href=\"http:\/\/arxiv.org\/pdf\/astro-ph\/9805010.pdf\" target=\"_blank\">predijo c\u00f3mo detectar esas se\u00f1ales<\/a>, conocidas como ondas gravitacionales, mientras a\u00fan era un joven f\u00edsico te\u00f3rico en el Instituto Tecnol\u00f3gico de Massachusetts (EE UU). <a href=\"http:\/\/www.ias.edu\/people\/faculty-and-emeriti\/zaldarriaga\">Actualmente trabaja en el Instituto de Estudios Avanzados de Princeton<\/a>, donde <a href=\"#\" onclick=\"referencia('einstein',event); return false;\">Einstein<\/a> fue a trabajar huyendo del nazismo. \u00c9l tambi\u00e9n habla como un exiliado de su Argentina natal, donde, dice, no podr\u00eda hacer el tipo de ciencia que hace en EEUU, y confiesa que \u201cno es un buen pa\u00eds para vivir\u201d. En un receso de unas jornadas sobre los or\u00edgenes del universo organizadas por la Fundaci\u00f3n Ram\u00f3n Areces en Madrid, el f\u00edsico ofrece una entrevista a <em>Materia<\/em> en la que habla del futuro de la cosmolog\u00eda, la b\u00fasqueda de nuevos \u201cf\u00f3siles del <a href=\"#\" onclick=\"referencia('big bang',event); return false;\">Big Bang<\/a>\u201d y critica la maquinaria publicitaria de las mejores universidades del mundo.<\/p>\n<p style=\"text-align: justify;\" dir=\"ltr\"><strong>Pregunta.<\/strong> \u00bfDe qu\u00e9 podemos estar seguros sobre el origen del universo?<\/p>\n<p style=\"text-align: justify;\" dir=\"ltr\"><img decoding=\"async\" loading=\"lazy\" id=\"irc_mi\" src=\"http:\/\/4.bp.blogspot.com\/-G6QjIypvblk\/T2uYjz736OI\/AAAAAAAACOU\/nnP6E7JFEJQ\/s1600\/El+origen+del+universo.jpg\" alt=\"\" width=\"450\" height=\"284\" \/><\/p>\n<p style=\"text-align: justify;\" dir=\"ltr\"><strong>Respuesta.<\/strong> De que hubo un <a href=\"#\" onclick=\"referencia('big bang',event); return false;\">Big Bang<\/a>, de que el universo comenz\u00f3 siendo muy caliente, hay tantas observaciones que no se puede negar. La pregunta es qu\u00e9 hab\u00eda antes de ese universo caliente. Ah\u00ed, la explicaci\u00f3n usual es que hubo ese periodo de inflaci\u00f3n. Pero no hemos medido tantas cosas como para estar completamente seguros. Es como si alguien encuentra un hueso grande. De ah\u00ed a decir que hubo dinosaurios y que ten\u00edan la cabeza as\u00ed o as\u00e1, para eso hay que encontrar muchas m\u00e1s cosas. Por ahora sabemos que es un hueso, que es muy viejo y que no es de un perro, pero para decir que la Tierra estaba llena de estos bichos gigantescos nos faltan datos. Por eso queremos encontrar m\u00e1s cosas.<\/p>\n<div id=\"sumario_1|html\" style=\"text-align: justify;\"><a name=\"sumario_1\"><\/a>&#8220;El anuncio del primer eco del <a href=\"#\" onclick=\"referencia('big bang',event); return false;\">Big Bang<\/a> fue una verg\u00fcenza&#8221;<\/div>\n<div style=\"text-align: justify;\"><img decoding=\"async\" loading=\"lazy\" src=\"http:\/\/www.agenciasinc.es\/var\/ezwebin_site\/storage\/images\/noticias\/los-ecos-del-big-bang-medidos-por-bicep2-se-quedan-por-ahora-en-polvo-galactico\/3378832-4-esl-MX\/Los-ecos-del-Big-Bang-medidos-por-BICEP2-se-quedan-por-ahora-en-polvo-galactico_image_380.jpg\" alt=\"\" width=\"587\" height=\"380\" \/><\/div>\n<div style=\"text-align: justify;\">(El pasado mes de marzo el equipo del telescopio <a href=\"http:\/\/www.cfa.harvard.edu\/CMB\/bicep2\/\" target=\"_self\">BICEP2<\/a>, liderado por Estados Unidos, dijo que hab\u00eda encontrado un patr\u00f3n en el cielo producido por la r\u00e1pida expansi\u00f3n del espacio s\u00f3lo unas fracciones de segundo despu\u00e9s del <a href=\"#\" onclick=\"referencia('big bang',event); return false;\">Big Bang<\/a>.)<\/div>\n<p style=\"text-align: justify;\" dir=\"ltr\"><strong>P.<\/strong> Usted fue muy cr\u00edtico con los datos de BICEP2, el experimento de EE UU que anunci\u00f3 el primer eco del <a href=\"#\" onclick=\"referencia('big bang',event); return false;\">Big Bang<\/a>, \u00bfqu\u00e9 detectaron realmente?<\/p>\n<p style=\"text-align: justify;\" dir=\"ltr\"><strong>R.<\/strong> Yo fui una de las personas que propuso la existencia de los modos B [las se\u00f1ales que demostrar\u00edan la presencia de ondas gravitacionales]. Por eso estaba muy contento de que BICEP2 los hubiera descubierto. Pero no pas\u00f3 un mes para que me diera cuenta de que los datos estaban contaminados por otras emisiones. Creo que esto ya est\u00e1 confirmado para toda la comunidad cient\u00edfica.La saga de BICEP 2 es una verg\u00fcenza. Lo peor es que el experimento es el mejor que tenemos por el momento. Claramente dominaban el campo y si hubieran hecho un estudio m\u00e1s conservador ser\u00edan vistos hoy con gran admiraci\u00f3n. En mi opini\u00f3n hicieron algo que nos perjudica a todos. Perdimos credibilidad. Sin la evidencia suficiente salimos a decir pavadas, b\u00e1sicamente.<\/p>\n<p style=\"text-align: justify;\" dir=\"ltr\"><strong>P.<\/strong> \u00bfUsted trabaj\u00f3 con ellos?<\/p>\n<p style=\"text-align: justify;\" dir=\"ltr\"><img decoding=\"async\" src=\"http:\/\/esmateria.com\/wp-content\/uploads\/2014\/06\/BICEP2-Electronics-Testing__BICEP2-630x420.jpg\" alt=\"El instrumento BICEP2, en la Ant\u00e1rtida\" width=\"630\" \/><\/p>\n<p style=\"text-align: justify;\" dir=\"ltr\">El instrumento BICEP2, en la Ant\u00e1rtida \/ S.R.\/Harvard<\/p>\n<p style=\"text-align: justify;\" dir=\"ltr\"><strong>R.<\/strong> No, pero los respetaba mucho. Y los respeto. Creo que es una muestra del mundo en el que vivimos hoy, en el que la presi\u00f3n por conseguir dinero y fama lleg\u00f3 hasta la astronom\u00eda. Que en astronom\u00eda nos guiemos tanto por la fama y los premios como para jugarte una reputaci\u00f3n de tanto tiempo y echarla a perder en un minuto, no lo entiendo. Claramente no solo es su culpa. Cuando se anunci\u00f3 el resultado sali\u00f3 <a href=\"https:\/\/www.youtube.com\/watch?v=ZlfIVEy_YOA\" target=\"_blank\">un v\u00eddeo en Youtube donde llamaban a la puerta de Andrei Linde<\/a>, una especie de <em>reality TV<\/em> muy profesional hecho por el departamento de prensa de la Universidad de Stanford. Tambi\u00e9n invitaron a todo el mundo a una conferencia de prensa en la Universidad de Harvard con los padres de la inflaci\u00f3n, eso no lo hicieron los f\u00edsicos, sino los departamentos de relaciones p\u00fablicas. Es parte de la maquinaria que tienen las universidades para hacerse publicidad. Vivimos en ese contexto y es dif\u00edcil decir: &#8220;no quiero hacer todo este circo&#8221;.<\/p>\n<div id=\"sumario_2|html\" style=\"text-align: justify;\"><a name=\"sumario_2\"><\/a>&#8220;La presi\u00f3n por conseguir dinero y fama ha llegado a la astronom\u00eda&#8221;<\/div>\n<p style=\"text-align: justify;\" dir=\"ltr\"><strong>P.<\/strong> \u00bfSe dejaron llevar?<\/p>\n<p style=\"text-align: justify;\" dir=\"ltr\"><img decoding=\"async\" loading=\"lazy\" id=\"irc_mi\" src=\"http:\/\/francis.naukas.com\/files\/2012\/02\/dibujo20120213-dame-vs-planck-with-regions-im9-h.jpg?w=700\" alt=\"\" width=\"812\" height=\"326\" \/><\/p>\n<p style=\"text-align: justify;\" dir=\"ltr\"><strong>R.<\/strong> S\u00ed. La ciencia se est\u00e1 dejando llevar por el espect\u00e1culo. Ahora hay premios de f\u00edsica que parecen la entrega de los Oscar. Por un lado puede pensar uno que es bueno que la ciencia sea reconocida. Es una forma de mirarlo. Pero por otra parte tambi\u00e9n influye la forma en la que anunciamos nuestros resultados, la forma en la que en definitiva se reparte el dinero y se contrata gente. No creo que sean cambios para bien. No creo que lo podamos cambiar, es como un tren que va en ese sentido y es muy dif\u00edcil pararlo.<\/p>\n<p style=\"text-align: justify;\" dir=\"ltr\"><strong>P.<\/strong> \u00bfPuede que despu\u00e9s de todo parte de la se\u00f1al sea genuina?<\/p>\n<div id=\"sumario_3|html\" style=\"text-align: justify;\"><a name=\"sumario_3\"><\/a>&#8220;Las posibilidades que tengo para hacer ciencia en EEUU no est\u00e1n en Argentina&#8221;<\/div>\n<p style=\"text-align: justify;\" dir=\"ltr\"><strong>R.<\/strong> Lo que no pueden probar es que vieron ninguna cosa que no sea polvo. Dentro de esa se\u00f1al puede haber un poco de ondas gravitacionales pero con los datos que tenemos no se puede saber. Har\u00e1n falta otros experimentos.<\/p>\n<p style=\"text-align: justify;\" dir=\"ltr\"><strong>P.<\/strong> En tiempos de crisis y elevado paro a veces es dif\u00edcil explicar por qu\u00e9 hay que gastar miles de millones de euros en instrumentos cient\u00edficos \u00bfC\u00f3mo lo ve usted?<\/p>\n<p style=\"text-align: justify;\" dir=\"ltr\"><strong>R.<\/strong> Hay que ponerlo en contexto. Esas sumas de dinero parecen muy grandes, pero comparado con todo el presupuesto de un pa\u00eds es una cifra menor, muy menor. Es como cuando una familia se da un gusto y se va a comer fuera aunque las cosas est\u00e9n mal. Lo lindo de la vida es ese tipo de cosas, no solo trabajar. Es lo mismo para la sociedad. La ciencia, el arte, es parte de lo incre\u00edble del ser humano, de las cosas que puede hacer.<\/p>\n<p style=\"text-align: justify;\"><strong>P.<\/strong> \u00bfQuiere volver a Argentina a trabajar alg\u00fan d\u00eda?<\/p>\n<p style=\"text-align: justify;\"><img decoding=\"async\" loading=\"lazy\" id=\"irc_mi\" src=\"http:\/\/www.sns.ias.edu\/pitp2\/2011files\/Photos\/MatiasLecture.jpg\" alt=\"\" width=\"525\" height=\"350\" \/><\/p>\n<p style=\"text-align: justify;\" dir=\"ltr\"><strong>R.<\/strong> No, es rid\u00edculo. Mi familia vive all\u00ed, pero las posibilidades que tengo para hacer ciencia en EE UU no est\u00e1n en Argentina. Y adem\u00e1s en Argentina, desde que yo existo, desde que existen mis padres, no ha habido un periodo de ni siquiera 10 a\u00f1os en el que se haya comportado como un pa\u00eds razonable. Prefiero que mis hijos crezcan en un pa\u00eds donde tengan m\u00e1s oportunidades y no se tengan que estar preocupando de si todo explota o si sus ahorros desaparecen. No es un buen lugar para vivir Argentina.<\/p>\n<p style=\"text-align: justify;\" dir=\"ltr\"><strong>P.<\/strong> Volviendo a la f\u00edsica, \u00bfcu\u00e1l es su nuevo objetivo?<\/p>\n<p style=\"text-align: justify;\" dir=\"ltr\"><strong>R.<\/strong> Yo soy te\u00f3rico y siempre pensamos en cosas que los experimentales creen que no van a poder comprobar. Me interesan mucho los principios del universo, intentar entender lo que pas\u00f3. Una opci\u00f3n es mirar la radiaci\u00f3n de fondo de microondas y otra es medir con m\u00e1s detalle las propiedades de otro f\u00f3sil que qued\u00f3 de la \u00e9poca de la inflaci\u00f3n. Son las fluctuaciones tras el <a href=\"#\" onclick=\"referencia('big bang',event); return false;\">Big Bang<\/a> que dieron origen a todas las estructuras que vemos en el universo, por ejemplo las galaxias. Si no encontramos las ondas gravitacionales, otra posibilidad es estudiar en m\u00e1s detalle propiedades m\u00e1s dif\u00edciles de medir que se llaman no gausianidades. Si queremos entender lo que pas\u00f3 hay que encontrar m\u00e1s claves, m\u00e1s cosas que las que tenemos. En mi opini\u00f3n no alcanza con lo que observamos para estar seguros de lo que pas\u00f3.<\/p>\n<p style=\"text-align: justify;\" dir=\"ltr\"><strong>P.<\/strong> \u00bfQu\u00e9 experimentos har\u00edan falta para detectar esos otros f\u00f3siles?<\/p>\n<p style=\"text-align: justify;\" dir=\"ltr\"><img decoding=\"async\" loading=\"lazy\" id=\"irc_mi\" src=\"http:\/\/www.ifca.unican.es\/sites\/default\/files\/Planck_map_CIBinsets_H.jpg\" alt=\"\" width=\"595\" height=\"393\" \/><\/p>\n<p style=\"text-align: justify;\" dir=\"ltr\">Presentados los primeros resultados de la Misi\u00f3n Planck, que revela nuevos datos sobre el origen del universo<\/p>\n<div id=\"sumario_4|html\" style=\"text-align: justify;\"><a name=\"sumario_4\"><\/a>&#8220;La misi\u00f3n Planck ha visto anomal\u00edas que algunos interpretan como multiversos&#8221;<\/div>\n<p style=\"text-align: justify;\" dir=\"ltr\"><strong>R.<\/strong> La radiaci\u00f3n de fondo usa dos dimensiones, es como una foto. Para tener m\u00e1s informaci\u00f3n necesitamos un mapa en tres dimensiones. Va a haber muchos nuevos experimentos que van en esta direcci\u00f3n. Por ejemplo mucha gente que quiere entender el tema de la energ\u00eda oscura est\u00e1 haciendo este tipo de experimentos de medir la distribuci\u00f3n de materia en el universo. Son telescopios que sacan fotos del cielo, encuentran todas las galaxias y dicen a qu\u00e9 distancia est\u00e1n. Pero para tener un mapa con gran volumen hacen falta telescopios grandes, m\u00e1s all\u00e1 de la tecnolog\u00eda que tenemos hoy. Probablemente la pr\u00f3xima generaci\u00f3n de este tipo de experimentos llegue donde Planck lleg\u00f3 con la radiaci\u00f3n de fondo. Saber m\u00e1s nos llevar\u00e1 20 a\u00f1os.<\/p>\n<p style=\"text-align: justify;\" dir=\"ltr\"><strong>P.<\/strong> Una de las posibilidades de la inflaci\u00f3n es que haya muchos universos \u00bflo podremos confirmar alg\u00fan d\u00eda?<\/p>\n<p style=\"text-align: justify;\" dir=\"ltr\"><img decoding=\"async\" loading=\"lazy\" id=\"irc_mi\" src=\"http:\/\/cdn.phys.org\/newman\/gfx\/news\/hires\/2013\/planck_anomalies.jpg\" alt=\"\" width=\"695\" height=\"393\" \/><\/p>\n<p style=\"text-align: justify;\" dir=\"ltr\"><strong>R.<\/strong> Tiene que quedar claro que esa es una especulaci\u00f3n muy grande. Est\u00e1 fundamentada, pero tiene que ver con lo que pas\u00f3 antes de la inflaci\u00f3n. Son preguntas de las que no tenemos datos. Es muy dif\u00edcil encontrar algo en nuestro universo que nos d\u00e9 indicaciones de esto. Por eso parece una cosa m\u00e1s filos\u00f3fica, que nunca sabr\u00e1s si es verdad o no. Una posibilidad es que, si hay multiversos, estos sean como una burbuja en agua hirviendo. A veces las burbujas chocan y hacen una m\u00e1s grande. En este caso cada una es un universo. Si eso es as\u00ed, si hemos chocado con otro universo, posiblemente se vean se\u00f1ales en la radiaci\u00f3n de fondo, como c\u00edrculos en el cielo, la intersecci\u00f3n de la colisi\u00f3n de dos esferas. Los estuvimos buscando pero nadie los encontr\u00f3. Planck ha visto anomal\u00edas que algunos interpretan como multiversos, pero estad\u00edsticamente no bastan, pueden deberse al azar.&#8221;<\/p>\n<p style=\"text-align: justify;\" dir=\"ltr\"><strong>Hasta aqu\u00ed la entrevista publicada que nos deja claro lo que siempre hemos comentado aqu\u00ed: Sabemos menos de lo que creemos que sabemos. La Publicaci\u00f3n original en el Diario el Pais no ha sido trastocada y s\u00f3lo, para hacerlo m\u00e1s amena, me tom\u00e9 la licencia de poner algunas im\u00e1genes relacionadas.<\/strong><\/p>\n<p style=\"text-align: justify;\" dir=\"ltr\">emilio silvera<strong><\/strong><\/p>\n<\/div>\n<\/div>\n<\/div>\n<\/div>\n<\/div>\n<div class='bookmark'>\r\n\t\t<table align='left' border='0' cellpadding='0' width='100%'>\r\n\t\t<tr><td><span class='pushbutton'><a href='http:\/\/delicious.com\/post?url=http%3A%2F%2Fwww.emiliosilveravazquez.com%2Fblog%2F2015%2F01%2F09%2Fla-ciencia-se-esta-dejando-llevar-por-el-espectaculo%2F&amp;title=%26%238220%3BLa+Ciencia+se+est%C3%A1+dejando+llevar+por+el+espect%C3%A1culo%26%238221%3B' title='Delicious' target='_blank' rel='nofollow'><img src='http:\/\/www.emiliosilveravazquez.com\/blog\/wp-content\/plugins\/knxdt-bookmarks-wordpress-plugin\/images\/delicious.png'  alt='' class='book_img' border='none' style='margin:1px; padding: 0;'  \/><\/a><\/span><span class='pushbutton'><a href='http:\/\/digg.com\/submit?url=http%3A%2F%2Fwww.emiliosilveravazquez.com%2Fblog%2F2015%2F01%2F09%2Fla-ciencia-se-esta-dejando-llevar-por-el-espectaculo%2F&amp;title=%26%238220%3BLa+Ciencia+se+est%C3%A1+dejando+llevar+por+el+espect%C3%A1culo%26%238221%3B' title='Digg' target='_blank' rel='nofollow'><img src='http:\/\/www.emiliosilveravazquez.com\/blog\/wp-content\/plugins\/knxdt-bookmarks-wordpress-plugin\/images\/digg.png'  alt='' class='book_img' border='none' style='margin:1px; padding: 0;'  \/><\/a><\/span><span class='pushbutton'><a href='http:\/\/www.google.com\/bookmarks\/mark?op=edit&amp;bkmk=http%3A%2F%2Fwww.emiliosilveravazquez.com%2Fblog%2F2015%2F01%2F09%2Fla-ciencia-se-esta-dejando-llevar-por-el-espectaculo%2F&amp;title=%26%238220%3BLa+Ciencia+se+est%C3%A1+dejando+llevar+por+el+espect%C3%A1culo%26%238221%3B' title='Google' target='_blank' rel='nofollow'><img src='http:\/\/www.emiliosilveravazquez.com\/blog\/wp-content\/plugins\/knxdt-bookmarks-wordpress-plugin\/images\/google.png'   alt='' class='book_img' border='none' style='margin:1px; padding: 0;'  \/><\/a><\/span><span class='pushbutton'><a href='http:\/\/myweb2.search.yahoo.com\/myresults\/bookmarklet?u=http%3A%2F%2Fwww.emiliosilveravazquez.com%2Fblog%2F2015%2F01%2F09%2Fla-ciencia-se-esta-dejando-llevar-por-el-espectaculo%2F&amp;t=%26%238220%3BLa+Ciencia+se+est%C3%A1+dejando+llevar+por+el+espect%C3%A1culo%26%238221%3B' title='Yahoo' target='_blank' rel='nofollow'><img src='http:\/\/www.emiliosilveravazquez.com\/blog\/wp-content\/plugins\/knxdt-bookmarks-wordpress-plugin\/images\/yahoo.png'  alt='' class='book_img' border='none' style='margin:1px; padding: 0;'  \/><\/a><\/span><span class='pushbutton'><a href='http:\/\/www.technorati.com\/faves?add=http%3A%2F%2Fwww.emiliosilveravazquez.com%2Fblog%2F2015%2F01%2F09%2Fla-ciencia-se-esta-dejando-llevar-por-el-espectaculo%2F' title='Technorati' target='_blank' rel='nofollow'><img src='http:\/\/www.emiliosilveravazquez.com\/blog\/wp-content\/plugins\/knxdt-bookmarks-wordpress-plugin\/images\/technorati.png'  alt='' class='book_img' border='none' style='margin:1px; padding: 0;'  \/><\/a><\/span><span class='pushbutton'><a href='http:\/\/meneame.net\/submit.php?url=http%3A%2F%2Fwww.emiliosilveravazquez.com%2Fblog%2F2015%2F01%2F09%2Fla-ciencia-se-esta-dejando-llevar-por-el-espectaculo%2F' title='Meneame' target='_blank' rel='nofollow'><img src='http:\/\/www.emiliosilveravazquez.com\/blog\/wp-content\/plugins\/knxdt-bookmarks-wordpress-plugin\/images\/meneame.png'  alt='' class='book_img' border='none' style='margin:1px; padding: 0;'  \/><\/a><\/span><span class='pushbutton'><a href='http:\/\/enchilame.com\/submit.php?url=http:\/\/www.emiliosilveravazquez.com\/blog\/2015\/01\/09\/la-ciencia-se-esta-dejando-llevar-por-el-espectaculo\/' target='_blank' rel='nofollow'><img title='Enchilame' src='http:\/\/www.emiliosilveravazquez.com\/blog\/wp-content\/plugins\/knxdt-bookmarks-wordpress-plugin\/images\/enchilame.png'  alt='' class='book_img' border='none' style='margin:1px; padding: 0;'  \/><\/a><\/span><span class='pushbutton'><a href='http:\/\/www.blinklist.com\/index.php?Action=Blink\/addblink.php&amp;Description=&amp;Url=http%3A%2F%2Fwww.emiliosilveravazquez.com%2Fblog%2F2015%2F01%2F09%2Fla-ciencia-se-esta-dejando-llevar-por-el-espectaculo%2F&amp;title=%26%238220%3BLa+Ciencia+se+est%C3%A1+dejando+llevar+por+el+espect%C3%A1culo%26%238221%3B' title='BlinkList' target='_blank' rel='nofollow'><img src='http:\/\/www.emiliosilveravazquez.com\/blog\/wp-content\/plugins\/knxdt-bookmarks-wordpress-plugin\/images\/blinklist.png'  alt='' class='book_img' border='none' style='margin:1px; padding: 0;'  \/><\/a><\/span><span class='pushbutton'><a href='http:\/\/reddit.com\/submit?url=http%3A%2F%2Fwww.emiliosilveravazquez.com%2Fblog%2F2015%2F01%2F09%2Fla-ciencia-se-esta-dejando-llevar-por-el-espectaculo%2F&amp;title=%26%238220%3BLa+Ciencia+se+est%C3%A1+dejando+llevar+por+el+espect%C3%A1culo%26%238221%3B' title='Reddit' target='_blank' rel='nofollow'><img src='http:\/\/www.emiliosilveravazquez.com\/blog\/wp-content\/plugins\/knxdt-bookmarks-wordpress-plugin\/images\/reddit.png'  alt='' class='book_img' border='none' style='margin:1px; padding: 0;'  \/><\/a><\/span><span class='pushbutton'><a href='http:\/\/www.tecnologiadiaria.com\/2009\/07\/abrir-com-hotmail-correo.html' target='_blank' title='hotmail'><img src='http:\/\/www.emiliosilveravazquez.com\/blog\/wp-content\/plugins\/knxdt-bookmarks-wordpress-plugin\/images\/linklove.png' alt='hotmail correo' class='book_img' border='none' style='margin:1px; padding: 0;' \/><\/a><\/span><span class='pushbutton'><a href='http:\/\/bitacoras.com\/votar\/anotacion\/externo\/mini\/www.emiliosilveravazquez.com\/blog\/2015\/01\/09\/la-ciencia-se-esta-dejando-llevar-por-el-espectaculo\/' title='Bitacoras.com' target='_blank' rel='nofollow'><img src='http:\/\/www.emiliosilveravazquez.com\/blog\/wp-content\/plugins\/knxdt-bookmarks-wordpress-plugin\/images\/bitacoras.png'  alt='' class='book_img' border='none' style='margin:1px; padding: 0;'  \/><\/a><\/span><span class='pushbutton'><a href='http:\/\/www.wikio.es\/vote?url=http%3A%2F%2Fwww.emiliosilveravazquez.com%2Fblog%2F2015%2F01%2F09%2Fla-ciencia-se-esta-dejando-llevar-por-el-espectaculo%2F' title='Wikio' target='_blank' rel='nofollow'><img src='http:\/\/www.emiliosilveravazquez.com\/blog\/wp-content\/plugins\/knxdt-bookmarks-wordpress-plugin\/images\/wikio.png'   alt='' class='book_img' border='none' style='margin:1px; padding: 0;'   \/><\/a><\/span><span class='pushbutton'><a href='http:\/\/friendfeed.com\/?url=http%3A%2F%2Fwww.emiliosilveravazquez.com%2Fblog%2F2015%2F01%2F09%2Fla-ciencia-se-esta-dejando-llevar-por-el-espectaculo%2F&amp;title=%26%238220%3BLa+Ciencia+se+est%C3%A1+dejando+llevar+por+el+espect%C3%A1culo%26%238221%3B' title='Friend Feed' target='_blank' rel='nofollow'><img src='http:\/\/www.emiliosilveravazquez.com\/blog\/wp-content\/plugins\/knxdt-bookmarks-wordpress-plugin\/images\/friendfeed.png'  alt='' class='book_img' border='none' style='margin:1px; padding: 0;'  \/><\/a><\/span><span class='pushbutton'><a href='http:\/\/www.facebook.com\/share.php?u=http%3A%2F%2Fwww.emiliosilveravazquez.com%2Fblog%2F2015%2F01%2F09%2Fla-ciencia-se-esta-dejando-llevar-por-el-espectaculo%2F&amp;t=%26%238220%3BLa+Ciencia+se+est%C3%A1+dejando+llevar+por+el+espect%C3%A1culo%26%238221%3B' title='Facebook' target='_blank' rel='nofollow'><img src='http:\/\/www.emiliosilveravazquez.com\/blog\/wp-content\/plugins\/knxdt-bookmarks-wordpress-plugin\/images\/facebook.png'  alt='' class='book_img' border='none' style='margin:1px; padding: 0;'  \/><\/a><\/span><span class='pushbutton'><a href='http:\/\/twitter.com\/home?status=%26%238220%3BLa+Ciencia+se+est%C3%A1+dejando+llevar+por+el+espect%C3%A1culo%26%238221%3B: http%3A%2F%2Fwww.emiliosilveravazquez.com%2Fblog%2F2015%2F01%2F09%2Fla-ciencia-se-esta-dejando-llevar-por-el-espectaculo%2F' title='Twitter' target='_blank' rel='nofollow'><img src='http:\/\/www.emiliosilveravazquez.com\/blog\/wp-content\/plugins\/knxdt-bookmarks-wordpress-plugin\/images\/twitter.png'  alt='' class='book_img' border='none' style='margin:1px; padding: 0;'  \/><\/a><\/span><span class='pushbutton'><a href='http:\/\/www.feedburner.com\/fb\/a\/emailFlare?itemTitle=%26%238220%3BLa+Ciencia+se+est%C3%A1+dejando+llevar+por+el+espect%C3%A1culo%26%238221%3B&amp;uri=http%3A%2F%2Fwww.emiliosilveravazquez.com%2Fblog%2F2015%2F01%2F09%2Fla-ciencia-se-esta-dejando-llevar-por-el-espectaculo%2F' title='Enviar por Email' target='_blank' rel='nofollow'><img src='http:\/\/www.emiliosilveravazquez.com\/blog\/wp-content\/plugins\/knxdt-bookmarks-wordpress-plugin\/images\/email.png'  alt='' class='book_img' border='none' style='margin:1px; padding: 0;'  \/><\/a><\/span><span style='font-weight:bold; padding-left: 5px;'><a href='http:\/\/wordpress.org\/extend\/plugins\/knxdt-bookmarks-wordpress-plugin\/' title='Plugin' rel='nofollow' target='_blank'>[?]<\/a><\/span><\/td><\/tr><\/table><br\/><br\/><\/div>","protected":false},"excerpt":{"rendered":"<p>Entrevista a Mat\u00edas Saldarriaga, Cosm\u00f3logo &nbsp; Fue pionero en predecir que se pod\u00eda captar el primer eco del Big Bang, hace 15 a\u00f1os, y, se refer\u00eda, adem\u00e1s de las ondas gravitatorias a las posibles fluctuaciones de vac\u00edo. Critica la maquinaria publicitaria detr\u00e1s de ciertos hallazgos en las mejores universidades. &nbsp; El descubrimiento del primer eco [&hellip;]<\/p>\n","protected":false},"author":2,"featured_media":0,"comment_status":"open","ping_status":"open","sticky":false,"template":"","format":"standard","meta":{"_s2mail":"yes","footnotes":""},"categories":[9],"tags":[],"_links":{"self":[{"href":"http:\/\/www.emiliosilveravazquez.com\/blog\/wp-json\/wp\/v2\/posts\/11890"}],"collection":[{"href":"http:\/\/www.emiliosilveravazquez.com\/blog\/wp-json\/wp\/v2\/posts"}],"about":[{"href":"http:\/\/www.emiliosilveravazquez.com\/blog\/wp-json\/wp\/v2\/types\/post"}],"author":[{"embeddable":true,"href":"http:\/\/www.emiliosilveravazquez.com\/blog\/wp-json\/wp\/v2\/users\/2"}],"replies":[{"embeddable":true,"href":"http:\/\/www.emiliosilveravazquez.com\/blog\/wp-json\/wp\/v2\/comments?post=11890"}],"version-history":[{"count":0,"href":"http:\/\/www.emiliosilveravazquez.com\/blog\/wp-json\/wp\/v2\/posts\/11890\/revisions"}],"wp:attachment":[{"href":"http:\/\/www.emiliosilveravazquez.com\/blog\/wp-json\/wp\/v2\/media?parent=11890"}],"wp:term":[{"taxonomy":"category","embeddable":true,"href":"http:\/\/www.emiliosilveravazquez.com\/blog\/wp-json\/wp\/v2\/categories?post=11890"},{"taxonomy":"post_tag","embeddable":true,"href":"http:\/\/www.emiliosilveravazquez.com\/blog\/wp-json\/wp\/v2\/tags?post=11890"}],"curies":[{"name":"wp","href":"https:\/\/api.w.org\/{rel}","templated":true}]}}