{"id":11867,"date":"2015-01-05T08:17:10","date_gmt":"2015-01-05T07:17:10","guid":{"rendered":"http:\/\/www.emiliosilveravazquez.com\/blog\/?p=11867"},"modified":"2015-01-05T08:17:10","modified_gmt":"2015-01-05T07:17:10","slug":"el-universo-cometa-lleno-de-galaxias-4","status":"publish","type":"post","link":"http:\/\/www.emiliosilveravazquez.com\/blog\/2015\/01\/05\/el-universo-cometa-lleno-de-galaxias-4\/","title":{"rendered":"El Universo: Cometa lleno de Galaxias"},"content":{"rendered":"<div style=\"text-align: justify;\">\u00a0 <a href=\"http:\/\/www.emiliosilveravazquez.com\/blog\/2013\/09\/20\/comentario-sobre-lovejoy-y-sobre-la-idea-del-alma\/\" rel=\"prev\">Comentario sobre Lovejoy y sobre la idea del Alma<\/a><\/div>\n<div>\n<div style=\"text-align: justify;\">\n<div><a href=\"http:\/\/www.emiliosilveravazquez.com\/blog\/2013\/09\/21\/el-nucleo-ante-que-el-atomo\/\" rel=\"next\">El n\u00facleo antes que el \u00e1tomo<\/a><\/div>\n<\/div>\n<div>\n<p style=\"text-align: justify;\"><img decoding=\"async\" loading=\"lazy\" src=\"http:\/\/www.iaa.es\/%7Eeperez\/EvQuim\/HDF.jpg\" alt=\"\" width=\"800\" height=\"784\" border=\"0\" \/><\/p>\n<p style=\"text-align: justify;\"><a id=\"yui_3_15_0_1_1408423169926_897\" href=\"http:\/\/www.wix.com\/universounificado\/particulaselementales\" rel=\"nofollow\" target=\"_blank\" data-rapid_p=\"14\">http:\/\/www.wix. com\/universounif icado\/particulas elementales<\/a><\/p>\n<p style=\"text-align: justify;\">Del art\u00edculo Electr\u00f3n, Prot\u00f3n, Origen Descubierto de nuestro amigo JOS\u00c9 GERM\u00c1N VIDAL PALENCIA. Se trata de un compendio bien hecho que nos habla e muchas cuestiones que nosotros, siempre quisimos saber. Se remonta a los comienzos del Tiempo y est\u00e1n presentes la Materia simple y compleja, las part\u00edculas creadoras de todas las cosas que vemos a nuestro alrededor y, tambi\u00e9n nos habla de las energ\u00edas y fuerzas que hacen de nuestro Universo el que nosotros conocemos, haciendo posible que nosotros estemos aqu\u00ed para contarlo. Seg\u00fan nos dice Jos\u00e9 Gem\u00e1n\u2026 entre otras muchas cosas\u2026<\/p>\n<p style=\"text-align: justify;\"><img decoding=\"async\" title=\"Teorias-del-origen-del-Universo.jpg\" src=\"http:\/\/curiosidades.batanga.com\/sites\/curiosidades.batanga.com\/files\/imagecache\/primera\/Teorias-del-origen-del-Universo.jpg\" alt=\"Teorias-del-origen-del-Universo.jpg\" \/><\/p>\n<p style=\"text-align: justify;\">Seg\u00fan este estudio, ser\u00eda, en el momento exacto en que se formaron las part\u00edculas elementales configurando el estado at\u00f3mico m\u00e1s simple, el hidr\u00f3geno, cuando se produjo el <a href=\"http:\/\/www.emiliosilveravazquez.com\/blog\/category\/colaboracion\/#\"><a href=\"#\" onclick=\"referencia('big bang',event); return false;\">Big Bang<\/a><\/a>. Se descubre adem\u00e1s, que nuestro Universo material se mueve a trav\u00e9s del espacio como \u00a1Un cometa lleno de galaxias!<\/p>\n<p style=\"text-align: justify;\">Descubrir el origen del <a href=\"http:\/\/www.emiliosilveravazquez.com\/blog\/2013\/09\/21\/el-universo-cometa-lleno-de-galaxias\/#\">electr\u00f3n<\/a> como part\u00edcula elemental, ha tenido tambi\u00e9n impl\u00edcito conocer el origen de las otras dos part\u00edculas elementales: el <a href=\"http:\/\/www.emiliosilveravazquez.com\/blog\/category\/colaboracion\/#\"><a href=\"#\" onclick=\"referencia('proton',event); return false;\">prot\u00f3n<\/a><\/a> y el <a href=\"http:\/\/www.emiliosilveravazquez.com\/blog\/category\/colaboracion\/#\"><a href=\"#\" onclick=\"referencia('neutron',event); return false;\">neutr\u00f3n<\/a><\/a>. Como se sabe por el estudio de las ciencias f\u00edsicas, las tres part\u00edculas elementales <a href=\"http:\/\/www.emiliosilveravazquez.com\/blog\/2013\/09\/21\/el-universo-cometa-lleno-de-galaxias\/#\">electr\u00f3n<\/a>, <a href=\"http:\/\/www.emiliosilveravazquez.com\/blog\/category\/colaboracion\/#\"><a href=\"#\" onclick=\"referencia('proton',event); return false;\">prot\u00f3n<\/a><\/a> y <a href=\"http:\/\/www.emiliosilveravazquez.com\/blog\/category\/colaboracion\/#\"><a href=\"#\" onclick=\"referencia('neutron',event); return false;\">neutr\u00f3n<\/a><\/a> forman una familia de vida estable en uni\u00f3n at\u00f3mica, entregadas as\u00ed por la naturaleza misma. Tambi\u00e9n es de considerar el moderno establecimiento de la F\u00edsica de Part\u00edculas, la cual se ha encargado de estudiarlas. Es precisamente esta ciencia la que a partir de aceleradores de part\u00edculas ha logrado derivar de aquellas toda una nueva familia de part\u00edculas, identificadas cada una por tener diferentes niveles espec\u00edficos de energ\u00eda. Pero, es la explicaci\u00f3n necesaria que se da sobre el posible origen de las part\u00edculas elementales <a href=\"http:\/\/www.emiliosilveravazquez.com\/blog\/2013\/09\/21\/el-universo-cometa-lleno-de-galaxias\/#\">electr\u00f3n<\/a> y <a href=\"http:\/\/www.emiliosilveravazquez.com\/blog\/category\/colaboracion\/#\"><a href=\"#\" onclick=\"referencia('proton',event); return false;\">prot\u00f3n<\/a><\/a>, la que llev\u00f3 a descubrir c\u00f3mo ser\u00edan los procesos por medio de los cuales la energ\u00eda del Universo ir\u00eda cambiando a trav\u00e9s de los tiempos, hasta que se transform\u00f3 en \u00e1tomos.<\/p>\n<p style=\"text-align: justify;\"><img decoding=\"async\" loading=\"lazy\" src=\"http:\/\/www.letraherido.com\/images\/imagenes%20historia%20astronomia\/20%20lemaitre%20big%20bang.jpg\" alt=\"\" width=\"637\" height=\"460\" border=\"0\" \/><\/p>\n<p style=\"text-align: justify;\">Seg\u00fan este estudio, ser\u00eda, en el momento exacto en que se formaron las part\u00edculas elementales configurando el estado at\u00f3mico m\u00e1s simple, el hidr\u00f3geno, cuando se produjo el <a href=\"http:\/\/www.emiliosilveravazquez.com\/blog\/category\/colaboracion\/#\"><a href=\"#\" onclick=\"referencia('big bang',event); return false;\">Big Bang<\/a><\/a>, \u00e9l cual se lleg\u00f3 a producir porque el Universo evolucionar\u00eda hasta llegar un momento en que la energ\u00eda electromagn\u00e9tica en formaci\u00f3n estar\u00eda alcanzando su alta velocidad c cuando viaja a trav\u00e9s del espacio, ocurriendo paralelo a ello, la formaci\u00f3n masiva de \u00e1tomos de hidr\u00f3geno, en un momento exacto, cr\u00edtico y espec\u00edfico. Un universo de gas hidr\u00f3geno establecido de improviso en un lugar reducido, movi\u00e9ndose a velocidades cercanas a la de la luz con espacios inmensos a sus alrededores, no pod\u00eda menos que explotar masivamente debido a las altas presiones y temperaturas generadas por la acumulaci\u00f3n de gases. A partir de ah\u00ed, se estar\u00eda iniciando la formaci\u00f3n de la materia en sus diferentes modalidades at\u00f3micas. Faltar\u00eda decir, que la evoluci\u00f3n del Universo desde entonces lo har\u00eda movi\u00e9ndose globalmente como lo hace un cometa com\u00fan, arrastrando consigo todo su contenido gal\u00e1ctico, lo que hasta la fecha debe estar ocurriendo.<\/p>\n<p style=\"text-align: justify;\">Jos\u00e9 Germ\u00e1n nos dice que: \u201cEn el presente trabajo esta idea tiene la capacidad de poder abrirse como un abanico de respuestas para la mayor\u00eda de las dudas existentes en torno al proceso de desarrollo de los fen\u00f3menos f\u00edsicos que ocurren en el Universo y su pasado remoto.<\/p>\n<p style=\"text-align: justify;\">As\u00ed mismo, esta investigaci\u00f3n sobre el posible origen de las part\u00edculas elementales, desemboca en el descubrimiento de que, adem\u00e1s del movimiento expansivo de las galaxias provocado por el <a href=\"http:\/\/www.emiliosilveravazquez.com\/blog\/category\/colaboracion\/#\"><a href=\"#\" onclick=\"referencia('big bang',event); return false;\">Big Bang<\/a><\/a> y el impulso adicional que propicia la energ\u00eda oscura, el Universo de galaxias tambi\u00e9n tiene un movimiento conjunto en forma de un cometa que viaja a trav\u00e9s del espacio alrededor de un poderoso centro de gravedad, tal como si tuviera un movimiento orbital exc\u00e9ntrico alrededor de un hoyo negro de energ\u00eda super masiva.\u201d<\/p>\n<p style=\"text-align: justify;\"><img decoding=\"async\" loading=\"lazy\" id=\"il_fi\" src=\"http:\/\/www.phys-astro.sonoma.edu\/brucemedalists\/slipher\/slipher.jpg\" alt=\"\" width=\"344\" height=\"491\" \/><\/p>\n<p style=\"text-align: justify;\">\u00a0\u00a0\u00a0\u00a0\u00a0\u00a0\u00a0\u00a0\u00a0\u00a0\u00a0\u00a0\u00a0\u00a0\u00a0\u00a0\u00a0\u00a0\u00a0\u00a0\u00a0\u00a0\u00a0\u00a0\u00a0\u00a0\u00a0\u00a0\u00a0\u00a0\u00a0 Vesto M. Slipher<\/p>\n<p style=\"text-align: justify;\">Uno de los mayores enigmas en la actualidad, se refiere al origen y la evoluci\u00f3n integral del Universo en que vivimos. A la fecha de redactar esta informaci\u00f3n, contin\u00faan los enigmas relacionados con este tema sin ser descubiertos, uno de ellos consiste en saber que pod\u00eda haber ocurrido antes del <a href=\"http:\/\/www.emiliosilveravazquez.com\/blog\/category\/colaboracion\/#\"><a href=\"#\" onclick=\"referencia('big bang',event); return false;\">Big Bang<\/a><\/a>.<\/p>\n<p style=\"text-align: justify;\">En este texto, tratamos de descifrar este gran interrogante que la humanidad tiene desde que en 1912 se descubri\u00f3 que el Universo de Galaxias se encuentra en expansi\u00f3n con los trabajos del astr\u00f3nomo norteamericano Vesto M. Slipher, y que, seg\u00fan Edwin <a href=\"http:\/\/www.emiliosilveravazquez.com\/blog\/category\/colaboracion\/#\"><a href=\"#\" onclick=\"referencia('hubble',event); return false;\">Hubble<\/a><\/a>, en 1947 dir\u00eda que se debi\u00f3 a una gran explosi\u00f3n, calificada en 1948 por George Gamow como el \u201c<a href=\"http:\/\/www.emiliosilveravazquez.com\/blog\/category\/colaboracion\/#\"><a href=\"#\" onclick=\"referencia('big bang',event); return false;\">Big Bang<\/a><\/a>\u201d, ocurrido hace 13.700 millones de a\u00f1os seg\u00fan c\u00e1lculos recientes aportados por la NASA.<\/p>\n<p style=\"text-align: justify;\"><img decoding=\"async\" loading=\"lazy\" id=\"irc_mi\" src=\"http:\/\/protagonistasdelmundo.wikispaces.com\/file\/view\/bigbang_3.jpg\/212630492\/bigbang_3.jpg\" alt=\"\" width=\"500\" height=\"378\" \/><\/p>\n<p style=\"text-align: justify;\">F\u00edsicos, Astrof\u00edsicos, Cosm\u00f3logos y Astr\u00f3nomos, van y vienen, y la mayor\u00eda coincide en el juicio: Antes del <a href=\"http:\/\/www.emiliosilveravazquez.com\/blog\/category\/colaboracion\/#\"><a href=\"#\" onclick=\"referencia('big bang',event); return false;\">Big Bang<\/a><\/a> no exist\u00eda energ\u00eda ni materia como la hoy conocida, es m\u00e1s, no exist\u00eda nada de nada, ni siquiera exist\u00eda el tiempo, a lo m\u00e1s en el primer microsegundo de iniciada la Gran Explosi\u00f3n del Universo como tambi\u00e9n se le conoce en el idioma espa\u00f1ol a este fen\u00f3meno del pasado, s\u00f3lo existir\u00eda una <a href=\"http:\/\/www.emiliosilveravazquez.com\/blog\/category\/colaboracion\/#\"><a href=\"#\" onclick=\"referencia('singularidad',event); return false;\">singularidad<\/a><\/a> m\u00e1s peque\u00f1a que un <a href=\"http:\/\/www.emiliosilveravazquez.com\/blog\/category\/colaboracion\/#\"><a href=\"#\" onclick=\"referencia('proton',event); return false;\">prot\u00f3n<\/a><\/a>. Esta <a href=\"http:\/\/www.emiliosilveravazquez.com\/blog\/category\/colaboracion\/#\"><a href=\"#\" onclick=\"referencia('singularidad',event); return false;\">singularidad<\/a><\/a>, en realidad s\u00f3lo es una referencia hipot\u00e9tica necesaria para explicaciones te\u00f3ricas. A partir de ese instante, seg\u00fan ellos, tambi\u00e9n se estar\u00eda creando el tiempo y la materia.<\/p>\n<p style=\"text-align: justify;\">\u00bfQu\u00e9 les parece? Con todo mi respeto hacia estos cient\u00edficos dado que han creado toda una gran maquinaria de conocimientos explicando con toda minuciosidad desde lo que concierne a las cuatro fuerzas fundamentales del Universo, hasta lo que pudiera haber ocurrido a la fecha en las \u00e1reas del espacio universal ya conocido, discrepo de la idea de que no es posible hablar sobre lo que pudiera haber acontecido antes del <a href=\"http:\/\/www.emiliosilveravazquez.com\/blog\/category\/colaboracion\/#\"><a href=\"#\" onclick=\"referencia('big bang',event); return false;\">Big Bang<\/a><\/a>.<\/p>\n<p style=\"text-align: justify;\"><img decoding=\"async\" loading=\"lazy\" id=\"irc_mi\" src=\"http:\/\/agenciaeternity.files.wordpress.com\/2012\/11\/axc1.jpg\" alt=\"\" width=\"590\" height=\"393\" \/><\/p>\n<p style=\"text-align: justify;\">\u00a0\u00a0\u00a0\u00a0\u00a0\u00a0\u00a0\u00a0\u00a0\u00a0\u00a0\u00a0\u00a0\u00a0\u00a0\u00a0\u00a0\u00a0\u00a0\u00a0\u00a0\u00a0\u00a0\u00a0\u00a0\u00a0 Como nos dice Jos\u00e9 Germ\u00e1n, si surgi\u00f3, es porque hab\u00eda.<\/p>\n<p style=\"text-align: justify;\">\u201cUn pensamiento l\u00f3gico como el m\u00edo (lejos de la perfecci\u00f3n), me dice que cuatro fuerzas no pudieron manifestarse simult\u00e1neamente, sino que ordenadamente tuvieron que darse las transiciones correspondientes a partir de un primer instante (fracciones del segundo inicial).\u201d<\/p>\n<p style=\"text-align: justify;\">Sinceramente creo que la mente humana a\u00fan no ha podido dar el estir\u00f3n en materia de una mayor capacidad de raciocinio, como para poder entender que podr\u00eda haber estado ocurriendo antes del <a href=\"http:\/\/www.emiliosilveravazquez.com\/blog\/category\/colaboracion\/#\"><a href=\"#\" onclick=\"referencia('big bang',event); return false;\">Big Bang<\/a><\/a>. Al parecer, diversas teor\u00edas establecidas sobre el origen del Universo f\u00edsico, han puesto un candado mental que ha impedido pensar alguna cosa sobre su pasado remoto, reforz\u00e1ndolo con la concepci\u00f3n de que ni siquiera la palabra antes, tendr\u00eda alg\u00fan uso, antes de esa gran explosi\u00f3n, pues no habr\u00eda eventos donde aplicarla o a que referirse. Sin dejar de lado opiniones de investigadores que no est\u00e1n cerrados a la posibilidad de encontrar soluciones futuras a este problema. Me he atrevido a pensar, que a falta de ese mayor raciocinio humano que ser\u00eda necesario para poder entender y luego explicar todo lo que se refiera a lo ocurrido en los instantes previos al <a href=\"http:\/\/www.emiliosilveravazquez.com\/blog\/category\/colaboracion\/#\"><a href=\"#\" onclick=\"referencia('big bang',event); return false;\">Big Bang<\/a><\/a>, (acepto la duda de que mi persona haya alcanzado ese mayor raciocinio) se ha establecido una suposici\u00f3n que podr\u00eda equipararse a la labor realizada por un mago en una fiesta infantil, el cual de su sombrero vac\u00edo habr\u00eda sido capaz de sacar un conejo, de esto dar\u00eda cuenta la concurrencia, misma que dar\u00eda aplausos de admiraci\u00f3n y asombro al no saber c\u00f3mo pudo haberlo sacado de su sombrero, si un poco antes no hab\u00eda nada en \u00e9l.<\/p>\n<p style=\"text-align: justify;\">\u00a0<img decoding=\"async\" loading=\"lazy\" src=\"http:\/\/www.iac.es\/cosmoeduca\/universo\/imag-charla1\/image029.jpg\" alt=\"\" width=\"275\" height=\"206\" \/><img decoding=\"async\" loading=\"lazy\" src=\"http:\/\/www.iac.es\/cosmoeduca\/universo\/imag-charla1\/image028.jpg\" alt=\"\" width=\"275\" height=\"206\" \/><img decoding=\"async\" loading=\"lazy\" src=\"http:\/\/www.iac.es\/cosmoeduca\/universo\/imag-charla1\/image027.jpg\" alt=\"\" width=\"275\" height=\"206\" \/><\/p>\n<p style=\"text-align: justify;\">Hasta donde la l\u00f3gica me alcanza, a m\u00ed me parece que de nada no puede salir nada, por el contrario, mi mente insiste en que s\u00f3lo de algo puede salir algo.<\/p>\n<p style=\"text-align: justify;\">Si en el lapso de los primeros segundos se iba a establecer la materia a partir de hidr\u00f3geno primigenio, tal como as\u00ed debi\u00f3 haber ocurrido seg\u00fan investigaciones cient\u00edficas, es l\u00f3gico pensar que tambi\u00e9n a partir del primer microsegundo de esos segundos, la estructura global del universo se estar\u00eda comportando como un fabricante de hidr\u00f3geno, desde el primigenio hasta todo aquel que se habr\u00eda formado durante el <a href=\"http:\/\/www.emiliosilveravazquez.com\/blog\/category\/colaboracion\/#\"><a href=\"#\" onclick=\"referencia('big bang',event); return false;\">Big Bang<\/a><\/a>, y a\u00fan tambi\u00e9n el que hoy se forma con pasmosa estabilidad y tama\u00f1o.<\/p>\n<p style=\"text-align: justify;\">Tambi\u00e9n es correcto pensar, que antes de ese microsegundo inicial todav\u00eda el universo requer\u00eda entrar a la parte final del proceso que le llevar\u00eda a ser el fabricante de hidr\u00f3geno por excelencia..<\/p>\n<p style=\"text-align: justify;\">Estar\u00eda por acontecer el <a href=\"http:\/\/www.emiliosilveravazquez.com\/blog\/category\/colaboracion\/#\"><a href=\"#\" onclick=\"referencia('big bang',event); return false;\">Big Bang<\/a><\/a> en el siguiente microsegundo, que es cuando la f\u00e1brica estar\u00eda lista para producir hidr\u00f3geno, una vez que estar\u00eda llegando la materia prima con la cual ser\u00eda fabricado. (Si no hay materia prima, ninguna f\u00e1brica puede producir nada).<\/p>\n<p style=\"text-align: justify;\"><img decoding=\"async\" loading=\"lazy\" src=\"http:\/\/www.iac.es\/cosmoeduca\/universo\/imag-charla1\/image007.jpg\" alt=\"\" width=\"275\" height=\"206\" \/><img decoding=\"async\" loading=\"lazy\" src=\"http:\/\/www.iac.es\/cosmoeduca\/universo\/imag-charla1\/image009.jpg\" alt=\"\" width=\"275\" height=\"206\" \/><img decoding=\"async\" loading=\"lazy\" src=\"http:\/\/www.iac.es\/cosmoeduca\/universo\/imag-charla1\/image010.jpg\" alt=\"\" width=\"275\" height=\"206\" \/><\/p>\n<p style=\"text-align: justify;\">Consideraremos aqu\u00ed el siguiente concepto como un axioma, a partir del cual todas las dudas sobre lo que acontecer\u00eda antes del <a href=\"http:\/\/www.emiliosilveravazquez.com\/blog\/category\/colaboracion\/#\"><a href=\"#\" onclick=\"referencia('big bang',event); return false;\">Big Bang<\/a><\/a>, ser\u00edan explicadas, y a\u00fan tambi\u00e9n, lo que acontecer\u00eda durante y despu\u00e9s de ocurrido este.<\/p>\n<p style=\"text-align: justify;\">Estamos hablando del establecimiento de una estructura global del universo como si este fuese un generador de hidr\u00f3geno.<\/p>\n<p style=\"text-align: justify;\">Aqu\u00ed cabe la pregunta: \u00bfDe d\u00f3nde vendr\u00eda y de que caracter\u00edsticas deber\u00eda ser la materia prima que ser\u00eda necesaria para alimentar a este generador para convertirla en \u00e1tomos de hidr\u00f3geno, en el instante mismo de su creaci\u00f3n durante el arranque del <a href=\"http:\/\/www.emiliosilveravazquez.com\/blog\/category\/colaboracion\/#\"><a href=\"#\" onclick=\"referencia('big bang',event); return false;\">Big Bang<\/a><\/a>?<\/p>\n<p style=\"text-align: justify;\">Aqu\u00ed consideraremos el supuesto de que la materia prima que se convertir\u00eda en hidr\u00f3geno, ser\u00eda un \u201cgran paquete\u201d de energ\u00eda magn\u00e9tica acelerada (GP), en supuesto proceso de alcanzar la velocidad de la luz, el cual se encontrar\u00eda viajando a trav\u00e9s del espacio para llegar a la cita en el punto exacto donde a continuaci\u00f3n explotar\u00eda en la forma del <a href=\"http:\/\/www.emiliosilveravazquez.com\/blog\/category\/colaboracion\/#\"><a href=\"#\" onclick=\"referencia('big bang',event); return false;\">Big Bang<\/a><\/a> ya conocido, convirti\u00e9ndose parte importante de \u00e9l en \u00e1tomos de hidr\u00f3geno durante ese proceso. La velocidad de la luz considerada en este p\u00e1rrafo es desconocida, s\u00f3lo se asume su concepto como tal.<\/p>\n<p style=\"text-align: justify;\">\u00a0<img decoding=\"async\" loading=\"lazy\" src=\"http:\/\/www.iac.es\/cosmoeduca\/universo\/imag-charla1\/image011.jpg\" alt=\"\" width=\"275\" height=\"206\" \/><img decoding=\"async\" loading=\"lazy\" src=\"http:\/\/www.iac.es\/cosmoeduca\/universo\/imag-charla1\/diapo07.jpg\" alt=\"\" width=\"275\" height=\"206\" \/><img decoding=\"async\" loading=\"lazy\" src=\"http:\/\/www.iac.es\/cosmoeduca\/universo\/imag-charla1\/image012.jpg\" alt=\"\" width=\"275\" height=\"206\" \/><\/p>\n<p style=\"text-align: justify;\">El paquete de materia prima viajante, supuestamente estar\u00eda llegando desde alg\u00fan lugar del espacio con trayectoria directa al lugar exacto donde se producir\u00eda la gran explosi\u00f3n, esto es, con una trayectoria rectil\u00ednea. El lugar mencionado a donde estar\u00eda por llegar, podr\u00eda ser considerado como el equivalente a un centro de gravedad que estar\u00eda interactuando con este paquete de energ\u00eda (GP), atray\u00e9ndolo hacia s\u00ed. Ser\u00edan netamente magn\u00e9ticas las caracter\u00edsticas energ\u00e9ticas de esa materia prima, como se explica m\u00e1s adelante.<\/p>\n<p style=\"text-align: justify;\">Como todo lo que puede ser atra\u00eddo por un centro espacial de atracci\u00f3n, el paquete viajante vendr\u00eda acerc\u00e1ndose a \u00e9l con una velocidad cada vez mayor, por lo tanto, deber\u00e1 considerarse que desde atr\u00e1s en el tiempo su velocidad ser\u00eda incrementada con aceleraci\u00f3n constante. (Exist\u00eda tiempo puesto que exist\u00eda energ\u00eda presente, adem\u00e1s, mientras exista un tiempo presente en conexi\u00f3n con un pasado por m\u00e1s remoto que pudiera ser, este deber\u00e1 ser considerado con valores referenciales como par\u00e1metros para entender eventos que dieron origen al espacio-tiempo en el cual vivimos, tarea futura que alguien deber\u00e1 intentar desarrollar).<\/p>\n<p style=\"text-align: justify;\"><img decoding=\"async\" loading=\"lazy\" id=\"il_fi\" src=\"http:\/\/m1.paperblog.com\/i\/36\/368695\/no-hay-pruebas-tiempo-antes-del-big-bang-L-fbOk6F.jpeg\" alt=\"\" width=\"727\" height=\"422\" \/><\/p>\n<p style=\"text-align: justify;\">El trabajo que nos presenta nuestro compa\u00f1ero y contertulio Mexicano, nuestro amigo Jos\u00e9 German, es largo y nos muestra la pasi\u00f3n que siente y la enamorado que est\u00e1 de la Ciencia, de la Naturaleza y del Universo que todo lo contiene, deja volar su imaginaci\u00f3n y nos habla de cuestiones como:<\/p>\n<p style=\"text-align: justify;\">&#8211; Sobre el antes del <a href=\"http:\/\/www.emiliosilveravazquez.com\/blog\/category\/colaboracion\/#\"><a href=\"#\" onclick=\"referencia('big bang',event); return false;\">Big Bang<\/a><\/a>, del axioma al nuevo paradigma<\/p>\n<p style=\"text-align: justify;\">&#8211; El origen del universo a partir de campos magn\u00e9ticos<\/p>\n<p style=\"text-align: justify;\">&#8211; Comprendiendo como se producen los \u00e1tomos de hidr\u00f3geno<\/p>\n<p style=\"text-align: justify;\">&#8211; El universo como generador de \u00e1tomos de hidr\u00f3geno<\/p>\n<p style=\"text-align: justify;\">&#8211; Cronolog\u00eda del antes al despu\u00e9s del <a href=\"http:\/\/www.emiliosilveravazquez.com\/blog\/category\/colaboracion\/#\"><a href=\"#\" onclick=\"referencia('big bang',event); return false;\">Big Bang<\/a><\/a><\/p>\n<p style=\"text-align: justify;\">&#8211; Consecuencias energ\u00e9ticas del <a href=\"http:\/\/www.emiliosilveravazquez.com\/blog\/category\/colaboracion\/#\"><a href=\"#\" onclick=\"referencia('big bang',event); return false;\">Big Bang<\/a><\/a><\/p>\n<p style=\"text-align: justify;\">&#8211; La gravedad, su origen y naturaleza<\/p>\n<p style=\"text-align: justify;\">&#8211; Sobre la energ\u00eda oscura<\/p>\n<p style=\"text-align: justify;\">&#8211; Comentarios sobre el Modelo MATEX<\/p>\n<p style=\"text-align: justify;\">&#8211; Advertencia sobre la actividad solar<\/p>\n<p style=\"text-align: justify;\">&#8211; Curso sobre unificaci\u00f3n de ideas del micro y macro universo a partir de foros electr\u00f3nicos<\/p>\n<p style=\"text-align: justify;\">&#8211; El Universo se encuentra desarrollando un movimiento cometario<\/p>\n<p style=\"text-align: justify;\">&#8211; La mente, principal herramienta de la investigaci\u00f3n cient\u00edfica<\/p>\n<p style=\"text-align: justify;\">&#8211; Inteligencia extrema, herramienta de usar y guardar<\/p>\n<p style=\"text-align: justify;\"><img decoding=\"async\" loading=\"lazy\" id=\"irc_mi\" src=\"http:\/\/delegacionandaluzasea.files.wordpress.com\/2012\/07\/hombreuniverso.jpg?w=378&amp;h=498\" alt=\"\" width=\"298\" height=\"393\" \/><\/p>\n<p style=\"text-align: justify;\">Con lecturas como esta podemos mirar mejor el Universo para tratar de comprenderlo en toda su complejidad. El pasado d\u00eda 14 Jos\u00e9 Gem\u00e1n dej\u00f3 un comentario en \u00e9ste lugar que, por creerlo de interes informativo, aqu\u00ed os lo dejo:<\/p>\n<blockquote>\n<p style=\"text-align: justify;\">\u00a0\u201dDespu\u00e9s de algunas semanas de ausencia en las que he estado trabajando en mi escrito, ahora tengo el gusto de compartirles mis novedades. Particularmente he propuesto un nuevo pr\u00f3logo que a mi ver es interesante. He agregado tambi\u00e9n una cuarta parte donde concretamente hago alusi\u00f3n a una \u201cvisi\u00f3n de la tesis y su desarrollo a trav\u00e9s de foros en internet\u201d en p\u00e1gina 94. Destaca en la p\u00e1gina 143 mi punto de vista sobre \u201cEl valor de la cr\u00edtica en internet\u201d. Creo que estos comentarios relacionados con la cr\u00edtica en internet, animar\u00e1 a no poca gente a realizar lo correcto a la hora de contribuir con sus puntos de vista en los diferentes foros existentes. Por ahora esta informaci\u00f3n la tengo s\u00f3lo en el enlace http:\/\/www.wix.com\/universounificado\/particulaselementales. En los siguientes d\u00edas se podr\u00e1n revisar tanto en http:\/\/unigerman.wix.com\/proton-electron como en http:\/\/universounificado.wix.com\/gravitacion . Siempre me es grato comunicarle buenas nuevas, y este es uno de esos bellos momentos. Un abrazo para usted y todos los amigos de este magn\u00edfico blog de ciencias.\u201d<\/p>\n<p style=\"text-align: justify;\">\n<\/blockquote>\n<p style=\"text-align: justify;\"><img decoding=\"async\" loading=\"lazy\" id=\"irc_mi\" src=\"http:\/\/1.bp.blogspot.com\/-HU8GkI3JJGY\/UkDgy0EVAKI\/AAAAAAAAKQA\/zb0OEbwS_Zc\/s1600\/slide36high.jpg\" alt=\"\" width=\"771\" height=\"393\" \/><\/p>\n<p style=\"text-align: justify;\">\u00a0\u00a0\u00a0\u00a0\u00a0\u00a0\u00a0\u00a0\u00a0\u00a0\u00a0\u00a0\u00a0\u00a0\u00a0\u00a0\u00a0\u00a0\u00a0\u00a0\u00a0\u00a0\u00a0\u00a0\u00a0\u00a0\u00a0\u00a0\u00a0\u00a0\u00a0\u00a0\u00a0\u00a0\u00a0\u00a0\u00a0\u00a0 Resulta que hasta el t\u00edtulo de Universo lleno de galaxias\u2026 \u00a1Es acertado!<\/p>\n<p style=\"text-align: justify;\">Todas estas cuestiones son desgranadas por Jos\u00e9 Germ\u00e1n que trata, de la manera m\u00e1s sencilla y limpia de exponer ante nosotros cuestiones del Universo, de la Naturaleza y tambi\u00e9n de nosotros en las que todos hemos pensado alguna vez y que, ahora \u00e9l aqu\u00ed, nos las brinda en una bandeja de plata para que las disfrutemos y, si podemos\u2026que las comprendamos mejor.<\/p>\n<p style=\"text-align: justify;\">Desde aqu\u00ed, desde este humilme lugar, le damos las gracias por su contribuci\u00f3n que har\u00e1 posible \u00bfqu\u00e9 duda nos puede caber? que todos, sin excepci\u00f3n, hayamos podido aprender algunas cosas m\u00e1s que antes ignor\u00e1bamos. Gracias amigo.<\/p>\n<p style=\"text-align: justify;\">Jos\u00e9 Germ\u00e1n naci\u00f3 el 16 de abril de 1942 y es originario de Mexicali, Baja California, M\u00e9xico.<\/p>\n<p style=\"text-align: justify;\">PD.<\/p>\n<p style=\"text-align: justify;\">Recomiendo la lectura de la totalidad de su Libro del que arriba s\u00f3lo ten\u00e9is una reducida muestra.<\/p>\n<\/div>\n<\/div>\n<div class='bookmark'>\r\n\t\t<table align='left' border='0' cellpadding='0' width='100%'>\r\n\t\t<tr><td><span class='pushbutton'><a href='http:\/\/delicious.com\/post?url=http%3A%2F%2Fwww.emiliosilveravazquez.com%2Fblog%2F2015%2F01%2F05%2Fel-universo-cometa-lleno-de-galaxias-4%2F&amp;title=El+Universo%3A+Cometa+lleno+de+Galaxias' title='Delicious' target='_blank' rel='nofollow'><img src='http:\/\/www.emiliosilveravazquez.com\/blog\/wp-content\/plugins\/knxdt-bookmarks-wordpress-plugin\/images\/delicious.png'  alt='' class='book_img' border='none' style='margin:1px; padding: 0;'  \/><\/a><\/span><span class='pushbutton'><a href='http:\/\/digg.com\/submit?url=http%3A%2F%2Fwww.emiliosilveravazquez.com%2Fblog%2F2015%2F01%2F05%2Fel-universo-cometa-lleno-de-galaxias-4%2F&amp;title=El+Universo%3A+Cometa+lleno+de+Galaxias' title='Digg' target='_blank' rel='nofollow'><img src='http:\/\/www.emiliosilveravazquez.com\/blog\/wp-content\/plugins\/knxdt-bookmarks-wordpress-plugin\/images\/digg.png'  alt='' class='book_img' border='none' style='margin:1px; padding: 0;'  \/><\/a><\/span><span class='pushbutton'><a href='http:\/\/www.google.com\/bookmarks\/mark?op=edit&amp;bkmk=http%3A%2F%2Fwww.emiliosilveravazquez.com%2Fblog%2F2015%2F01%2F05%2Fel-universo-cometa-lleno-de-galaxias-4%2F&amp;title=El+Universo%3A+Cometa+lleno+de+Galaxias' title='Google' target='_blank' rel='nofollow'><img src='http:\/\/www.emiliosilveravazquez.com\/blog\/wp-content\/plugins\/knxdt-bookmarks-wordpress-plugin\/images\/google.png'   alt='' class='book_img' border='none' style='margin:1px; padding: 0;'  \/><\/a><\/span><span class='pushbutton'><a href='http:\/\/myweb2.search.yahoo.com\/myresults\/bookmarklet?u=http%3A%2F%2Fwww.emiliosilveravazquez.com%2Fblog%2F2015%2F01%2F05%2Fel-universo-cometa-lleno-de-galaxias-4%2F&amp;t=El+Universo%3A+Cometa+lleno+de+Galaxias' title='Yahoo' target='_blank' rel='nofollow'><img src='http:\/\/www.emiliosilveravazquez.com\/blog\/wp-content\/plugins\/knxdt-bookmarks-wordpress-plugin\/images\/yahoo.png'  alt='' class='book_img' border='none' style='margin:1px; padding: 0;'  \/><\/a><\/span><span class='pushbutton'><a href='http:\/\/www.technorati.com\/faves?add=http%3A%2F%2Fwww.emiliosilveravazquez.com%2Fblog%2F2015%2F01%2F05%2Fel-universo-cometa-lleno-de-galaxias-4%2F' title='Technorati' target='_blank' rel='nofollow'><img src='http:\/\/www.emiliosilveravazquez.com\/blog\/wp-content\/plugins\/knxdt-bookmarks-wordpress-plugin\/images\/technorati.png'  alt='' class='book_img' border='none' style='margin:1px; padding: 0;'  \/><\/a><\/span><span class='pushbutton'><a href='http:\/\/meneame.net\/submit.php?url=http%3A%2F%2Fwww.emiliosilveravazquez.com%2Fblog%2F2015%2F01%2F05%2Fel-universo-cometa-lleno-de-galaxias-4%2F' title='Meneame' target='_blank' rel='nofollow'><img src='http:\/\/www.emiliosilveravazquez.com\/blog\/wp-content\/plugins\/knxdt-bookmarks-wordpress-plugin\/images\/meneame.png'  alt='' class='book_img' border='none' style='margin:1px; padding: 0;'  \/><\/a><\/span><span class='pushbutton'><a href='http:\/\/enchilame.com\/submit.php?url=http:\/\/www.emiliosilveravazquez.com\/blog\/2015\/01\/05\/el-universo-cometa-lleno-de-galaxias-4\/' target='_blank' rel='nofollow'><img title='Enchilame' src='http:\/\/www.emiliosilveravazquez.com\/blog\/wp-content\/plugins\/knxdt-bookmarks-wordpress-plugin\/images\/enchilame.png'  alt='' class='book_img' border='none' style='margin:1px; padding: 0;'  \/><\/a><\/span><span class='pushbutton'><a href='http:\/\/www.blinklist.com\/index.php?Action=Blink\/addblink.php&amp;Description=&amp;Url=http%3A%2F%2Fwww.emiliosilveravazquez.com%2Fblog%2F2015%2F01%2F05%2Fel-universo-cometa-lleno-de-galaxias-4%2F&amp;title=El+Universo%3A+Cometa+lleno+de+Galaxias' title='BlinkList' target='_blank' rel='nofollow'><img src='http:\/\/www.emiliosilveravazquez.com\/blog\/wp-content\/plugins\/knxdt-bookmarks-wordpress-plugin\/images\/blinklist.png'  alt='' class='book_img' border='none' style='margin:1px; padding: 0;'  \/><\/a><\/span><span class='pushbutton'><a href='http:\/\/reddit.com\/submit?url=http%3A%2F%2Fwww.emiliosilveravazquez.com%2Fblog%2F2015%2F01%2F05%2Fel-universo-cometa-lleno-de-galaxias-4%2F&amp;title=El+Universo%3A+Cometa+lleno+de+Galaxias' title='Reddit' target='_blank' rel='nofollow'><img src='http:\/\/www.emiliosilveravazquez.com\/blog\/wp-content\/plugins\/knxdt-bookmarks-wordpress-plugin\/images\/reddit.png'  alt='' class='book_img' border='none' style='margin:1px; padding: 0;'  \/><\/a><\/span><span class='pushbutton'><a href='http:\/\/www.tecnologiadiaria.com\/2009\/07\/abrir-com-hotmail-correo.html' target='_blank' title='hotmail'><img src='http:\/\/www.emiliosilveravazquez.com\/blog\/wp-content\/plugins\/knxdt-bookmarks-wordpress-plugin\/images\/linklove.png' alt='hotmail correo' class='book_img' border='none' style='margin:1px; padding: 0;' \/><\/a><\/span><span class='pushbutton'><a href='http:\/\/bitacoras.com\/votar\/anotacion\/externo\/mini\/www.emiliosilveravazquez.com\/blog\/2015\/01\/05\/el-universo-cometa-lleno-de-galaxias-4\/' title='Bitacoras.com' target='_blank' rel='nofollow'><img src='http:\/\/www.emiliosilveravazquez.com\/blog\/wp-content\/plugins\/knxdt-bookmarks-wordpress-plugin\/images\/bitacoras.png'  alt='' class='book_img' border='none' style='margin:1px; padding: 0;'  \/><\/a><\/span><span class='pushbutton'><a href='http:\/\/www.wikio.es\/vote?url=http%3A%2F%2Fwww.emiliosilveravazquez.com%2Fblog%2F2015%2F01%2F05%2Fel-universo-cometa-lleno-de-galaxias-4%2F' title='Wikio' target='_blank' rel='nofollow'><img src='http:\/\/www.emiliosilveravazquez.com\/blog\/wp-content\/plugins\/knxdt-bookmarks-wordpress-plugin\/images\/wikio.png'   alt='' class='book_img' border='none' style='margin:1px; padding: 0;'   \/><\/a><\/span><span class='pushbutton'><a href='http:\/\/friendfeed.com\/?url=http%3A%2F%2Fwww.emiliosilveravazquez.com%2Fblog%2F2015%2F01%2F05%2Fel-universo-cometa-lleno-de-galaxias-4%2F&amp;title=El+Universo%3A+Cometa+lleno+de+Galaxias' title='Friend Feed' target='_blank' rel='nofollow'><img src='http:\/\/www.emiliosilveravazquez.com\/blog\/wp-content\/plugins\/knxdt-bookmarks-wordpress-plugin\/images\/friendfeed.png'  alt='' class='book_img' border='none' style='margin:1px; padding: 0;'  \/><\/a><\/span><span class='pushbutton'><a href='http:\/\/www.facebook.com\/share.php?u=http%3A%2F%2Fwww.emiliosilveravazquez.com%2Fblog%2F2015%2F01%2F05%2Fel-universo-cometa-lleno-de-galaxias-4%2F&amp;t=El+Universo%3A+Cometa+lleno+de+Galaxias' title='Facebook' target='_blank' rel='nofollow'><img src='http:\/\/www.emiliosilveravazquez.com\/blog\/wp-content\/plugins\/knxdt-bookmarks-wordpress-plugin\/images\/facebook.png'  alt='' class='book_img' border='none' style='margin:1px; padding: 0;'  \/><\/a><\/span><span class='pushbutton'><a href='http:\/\/twitter.com\/home?status=El+Universo%3A+Cometa+lleno+de+Galaxias: http%3A%2F%2Fwww.emiliosilveravazquez.com%2Fblog%2F2015%2F01%2F05%2Fel-universo-cometa-lleno-de-galaxias-4%2F' title='Twitter' target='_blank' rel='nofollow'><img src='http:\/\/www.emiliosilveravazquez.com\/blog\/wp-content\/plugins\/knxdt-bookmarks-wordpress-plugin\/images\/twitter.png'  alt='' class='book_img' border='none' style='margin:1px; padding: 0;'  \/><\/a><\/span><span class='pushbutton'><a href='http:\/\/www.feedburner.com\/fb\/a\/emailFlare?itemTitle=El+Universo%3A+Cometa+lleno+de+Galaxias&amp;uri=http%3A%2F%2Fwww.emiliosilveravazquez.com%2Fblog%2F2015%2F01%2F05%2Fel-universo-cometa-lleno-de-galaxias-4%2F' title='Enviar por Email' target='_blank' rel='nofollow'><img src='http:\/\/www.emiliosilveravazquez.com\/blog\/wp-content\/plugins\/knxdt-bookmarks-wordpress-plugin\/images\/email.png'  alt='' class='book_img' border='none' style='margin:1px; padding: 0;'  \/><\/a><\/span><span style='font-weight:bold; padding-left: 5px;'><a href='http:\/\/wordpress.org\/extend\/plugins\/knxdt-bookmarks-wordpress-plugin\/' title='Plugin' rel='nofollow' target='_blank'>[?]<\/a><\/span><\/td><\/tr><\/table><br\/><br\/><\/div>","protected":false},"excerpt":{"rendered":"<p>\u00a0 Comentario sobre Lovejoy y sobre la idea del Alma El n\u00facleo antes que el \u00e1tomo http:\/\/www.wix. com\/universounif icado\/particulas elementales Del art\u00edculo Electr\u00f3n, Prot\u00f3n, Origen Descubierto de nuestro amigo JOS\u00c9 GERM\u00c1N VIDAL PALENCIA. Se trata de un compendio bien hecho que nos habla e muchas cuestiones que nosotros, siempre quisimos saber. Se remonta a los [&hellip;]<\/p>\n","protected":false},"author":2,"featured_media":0,"comment_status":"open","ping_status":"open","sticky":false,"template":"","format":"standard","meta":{"_s2mail":"yes","footnotes":""},"categories":[336],"tags":[],"_links":{"self":[{"href":"http:\/\/www.emiliosilveravazquez.com\/blog\/wp-json\/wp\/v2\/posts\/11867"}],"collection":[{"href":"http:\/\/www.emiliosilveravazquez.com\/blog\/wp-json\/wp\/v2\/posts"}],"about":[{"href":"http:\/\/www.emiliosilveravazquez.com\/blog\/wp-json\/wp\/v2\/types\/post"}],"author":[{"embeddable":true,"href":"http:\/\/www.emiliosilveravazquez.com\/blog\/wp-json\/wp\/v2\/users\/2"}],"replies":[{"embeddable":true,"href":"http:\/\/www.emiliosilveravazquez.com\/blog\/wp-json\/wp\/v2\/comments?post=11867"}],"version-history":[{"count":0,"href":"http:\/\/www.emiliosilveravazquez.com\/blog\/wp-json\/wp\/v2\/posts\/11867\/revisions"}],"wp:attachment":[{"href":"http:\/\/www.emiliosilveravazquez.com\/blog\/wp-json\/wp\/v2\/media?parent=11867"}],"wp:term":[{"taxonomy":"category","embeddable":true,"href":"http:\/\/www.emiliosilveravazquez.com\/blog\/wp-json\/wp\/v2\/categories?post=11867"},{"taxonomy":"post_tag","embeddable":true,"href":"http:\/\/www.emiliosilveravazquez.com\/blog\/wp-json\/wp\/v2\/tags?post=11867"}],"curies":[{"name":"wp","href":"https:\/\/api.w.org\/{rel}","templated":true}]}}