{"id":11866,"date":"2015-01-05T08:07:31","date_gmt":"2015-01-05T07:07:31","guid":{"rendered":"http:\/\/www.emiliosilveravazquez.com\/blog\/?p=11866"},"modified":"2015-01-05T08:07:31","modified_gmt":"2015-01-05T07:07:31","slug":"siempre-tratando-de-comprender","status":"publish","type":"post","link":"http:\/\/www.emiliosilveravazquez.com\/blog\/2015\/01\/05\/siempre-tratando-de-comprender\/","title":{"rendered":"Siempre tratando de comprender"},"content":{"rendered":"<div>\n<h2 style=\"text-align: justify;\">\u00a0\u00ab <a href=\"http:\/\/www.emiliosilveravazquez.com\/blog\/2014\/02\/18\/%c2%a1noticia-%c2%bfuna-nueva-fisica-por-%e2%80%9cdebajo%e2%80%9d-del-cero-absoluto\/\" rel=\"prev\">\u00a1Noticia! \u00bfUna nueva f\u00edsica por \u201cdebajo\u201d del cero absoluto?<\/a><\/h2>\n<\/div>\n<div style=\"text-align: justify;\">\n<div><a href=\"http:\/\/www.emiliosilveravazquez.com\/blog\/2014\/02\/18\/%c2%a1nuestras-mentes%e2%80%a6%c2%a1-%c2%bfllegaremos-a-comprenderlas-alguna-vez\/\" rel=\"next\">\u00a1Nuestras Mentes!\u2026\u00a1 \u00bfLlegaremos a comprenderlas alguna vez?<\/a> \u00bb<\/div>\n<\/div>\n<h3><\/h3>\n<div>\n<div>\n<p style=\"text-align: justify;\"><img decoding=\"async\" loading=\"lazy\" src=\"http:\/\/3.bp.blogspot.com\/-zu5vAt3_8Wc\/Tke7g7iPa9I\/AAAAAAAAEhs\/YuR3-FYTa5Q\/s640\/display_1313947.jpg\" alt=\"\" width=\"640\" height=\"537\" border=\"0\" \/><\/p>\n<h3 style=\"text-align: justify;\">\u00a0\u00a0\u00a0\u00a0\u00a0\u00a0\u00a0\u00a0 El cerebro es capaz de inventar recuerdos de hechos que nunca ocurrieron y visitar lugares que, \u00a1no sabemos si existir\u00e1n en alguna parte! Los cien mil millones de neuronas que no dejan de titilar produciendo fogonazos que hacen saltar las ideas que nos llegan, no pocas veces sin saber de d\u00f3nde, es a\u00fan un gran misterio que los estudiosos tratan de resolver. No se ha podido llegar a saber c\u00f3mo funciona el cerebro humano y su complejidad es tal que, s\u00f3lo el universo mismo se le podr\u00eda comparar. De hecho, nuestro cerebro es un &#8220;universo&#8221; en s\u00ed mismo.<\/h3>\n<p style=\"text-align: justify;\">La capacidad humana para aprender, inventar, buscar recursos, y sobre todo, adaptarse a las circunstancias es bastante grande. A lo largo de los \u00faltimos milenios Civilizaciones del pasado han demostrado que desarrollarse y constituir sociedades que apuntan maneras de querer hacer bien las cosas. Bueno, al menos esas son las sensaciones que yo he podido percibir.<\/p>\n<p style=\"text-align: justify;\">Aunque examinando la realidad de los hechos y la Historia del pasado, las perspectivas no se cunplieron\u2026, del todo.\u00a0 No se cumplen dichas espectativas. Sociedades democr\u00e1ticas y de derecho \u2013aquellas polis griegas del pasado-, El sue\u00f1o de un reparto equitativo de la riqueza es una quimera.<\/p>\n<p style=\"text-align: justify;\"><img decoding=\"async\" loading=\"lazy\" id=\"irc_mi\" src=\"http:\/\/www.radiocafayate.com\/wp-content\/uploads\/2009\/07\/hambre_1802.jpg\" alt=\"\" width=\"500\" height=\"343\" \/><\/p>\n<p style=\"text-align: justify;\">Hay cosas de las que, sin ser los responsables directos, nos hacen sentir verguenza<\/p>\n<p style=\"text-align: justify;\">Medio mundo se muere desnutrido y, el otro medio, se muere por la obesidad. Los pueblos, por motivos religiosos, de ocupaci\u00f3n de zonas ricas en recursos energ\u00e9ticos y por otras causas que nunca fueron justificadas, se est\u00e1n matando en pleno siglo XXI. \u00bfQu\u00e9 est\u00e1 pasando en M\u00e9xico, ese pueblo entra\u00f1able de cuya historia solo puedo recordar el sufrimiento? Tambi\u00e9n en otras regiones del mundo est\u00e1n pasando cosas que son motivos para pensar que somos menos humanos de lo que decimos o creemos.<\/p>\n<p style=\"text-align: justify;\"><img decoding=\"async\" src=\"http:\/\/2.bp.blogspot.com\/_wNQ9g4v4vIs\/TDdW-dWHVJI\/AAAAAAAAAqE\/F1fSVyS-oWc\/s1600\/anexo_2__portaaviones_de_la_iv_flota.jpg\" alt=\"\" \/><\/p>\n<p style=\"text-align: justify;\">\u00a0\u00a0\u00a0\u00a0\u00a0\u00a0\u00a0\u00a0\u00a0\u00a0\u00a0\u00a0\u00a0\u00a0\u00a0\u00a0\u00a0\u00a0\u00a0\u00a0\u00a0 Mientras estos monstruos sean necesarios\u2026 \u00a1Mal van las cosas!<\/p>\n<p style=\"text-align: justify;\">Con tal panorama, nadie podr\u00e1 negar que la Humanidad, no se ha ganado el derecho a tal nombre, estamos deshumanizados y en pleno proceso de \u201chumanizaci\u00f3n\u201d. Tenemos ingenios espaciales que nos env\u00edan datos de las estrellas, robots que hacen de planetas lejanos y hacen an\u00e1lisis de la composici\u00f3n del terreno de las lunas de J\u00fapiter o Saturno, sat\u00e9lites orbitando la Tierra que nos facilitan las comunicaciones y nos env\u00edan los par\u00e1metros del tiempo en los rincones m\u00e1s alejados del globo, ordenadores que se programan para que un <a href=\"http:\/\/www.emiliosilveravazquez.com\/blog\/category\/el-saber-del-mundo\/#\">l\u00e1ser<\/a> opere un ojo humano o mil maravillas m\u00e1s. Sin embargo, a pesar de todo eso, dentro de nosotros prevalece el instinto animal salvaje que de manera inconciente, nos hace desconfiar de los dem\u00e1s y nos empuja incluso a matar, por defender aquello que consideramos nuestro o que simplemente queremos. Y mientras que sea as\u00ed, la \u201cHumanidad\u201d no ser\u00e1 \u201chumana\u201d\u2026, todav\u00eda.\u00a0 Parece que nos falta evoluci\u00f3n y que el proceso contin\u00faa, a\u00fan falta bastante tiempo para alcanzar el nivel que, de manera definitiva, nos distinga de los animales irracionales. De momento, no hemos podido conquistar esa racionalidad que tanta falta nos hace. En algunos aspectos, nos comportamos como aut\u00e9nticos idiotas que no se dan cuenta (con lo sencillo que es saberlo), que todos somos uno y, cuando uno de nosotros sufre, todos lo deber\u00edamos sentir.<\/p>\n<p style=\"text-align: justify;\">\u00a0<img decoding=\"async\" loading=\"lazy\" id=\"irc_mi\" src=\"http:\/\/www.ccadicciones.es\/wp-content\/uploads\/2012\/12\/cocaina_envejecimiento-670xXx80.jpg\" alt=\"\" width=\"644\" height=\"372\" \/><\/p>\n<p style=\"text-align: justify;\">\u00bfC\u00f3mo podemos llamar Gobierno, a los mandatarios que consienten en el suelo de sus paises que cosas as\u00ed puedan ocurrir? La Droga es la lacra del mundo con la que los criminales de todos los paises amasan fortunas a costa de la vida de j\u00f3venes saludables que tienen la desgracia de caer en este submundo de maldad. \u00bfCu\u00e1ntos a\u00f1os llevamos ya soportando tal situaci\u00f3n? Simplemente con legalizarla se acabar\u00eda con \u00e9ste tr\u00e1fico indecente y, que las farmacias las expidean y controlen en la medida que expertos as\u00ed lo dictaminen. De esa manera, el tr\u00e1fico ilegal no tendr\u00eda ning\u00fan sentido. \u00bfPor qu\u00e9 no se ha hecho?<\/p>\n<p style=\"text-align: justify;\"><img decoding=\"async\" loading=\"lazy\" id=\"irc_mi\" src=\"http:\/\/img.europapress.net\/fotoweb\/fotonoticia_20141217134433_640.jpg\" alt=\"\" width=\"524\" height=\"393\" \/><\/p>\n<p style=\"text-align: justify;\">\u00a0\u00a0 Si por m\u00ed fuera, ning\u00fan Parlamento del Mundo aprobar\u00eda presupuestos de guerra<\/p>\n<p style=\"text-align: justify;\">\u00bfCu\u00e1ntos problemas podr\u00edamos solucionar y cu\u00e1ntos programas de investigaci\u00f3n podr\u00edamos llevar a buen fin, si se destinaran los presupuestos de todos los pa\u00edses del mundo gastados en armas y ej\u00e9rcitos a causas m\u00e1s nobles? Estamos inmersos en una sociedad del miedo, en la que los poderosos, tienen dominado al mundo que se rige por sus intereses, y, la mayor\u00eda de las personas, aunque no tienen cadenas ni grilletes los esclavos del pasado, s\u00ed tienen otros amarres que los tienen confinados en un mundo de Hipotecas y de trabajos precarios que, de alguna manera, viene a ser lo mismo.<\/p>\n<p style=\"text-align: justify;\">Hoy parece que me he salido del gui\u00f3n cient\u00edfico para explicar el motivo por el cual (guiado por el ego\u00edsmo de unos pocos), la Humanidad est\u00e1 dejando de lado su verdadera obligaci\u00f3n de avanzar en el sentido del conocimiento para que, llegado el momento, puedamos hacer frente a los terribles problemas que tendremos que resolver. De momento, el m\u00e1s prioritario y terrible de todos es el de conseguir una digna capacidad de vida para nuestros hermanos, tenemos que procurar una digna forma de vida para todos los seres del planeta y que, de manera pr\u00e1ctica y efectiva las regiones ricas acudan en ayuda de las regiones pobres del mundo evitando la miseria, el hambre, la enfermedad y la muerte que sin inmutarnos, estamos presenciando, cada d\u00eda, c\u00f3modamente sentados en nuestro confortable sof\u00e1 viendo y oyendo las horribles noticias que nos llegan esas desgraciadas regiones. Lo m\u00e1s lamentable es que tales sucesos, por su cotidianidad, han pasado a ser parte de nuestras vidas, se toma como algo inevitable que, al estar lejos de nosotros, no nos afecta.<\/p>\n<p style=\"text-align: justify;\"><img decoding=\"async\" src=\"http:\/\/4.bp.blogspot.com\/-7jfdoZ1Peho\/T_HkIMnP5zI\/AAAAAAAABgo\/OVAme_AbI9E\/s1600\/paisaje_1.jpg\" alt=\"\" \/><\/p>\n<p style=\"text-align: justify;\">Habr\u00e1 que despejar las brumas de la mente que nos impiden ver el paisaje. Tenemos que despertar de este terrible sue\u00f1o, para poder ver la horrible realidad. Tenemos la obligaci\u00f3n moral, \u00e9tica y social de cambiar todo lo que actualmente est\u00e1 pasando. El mundo no puede seguir as\u00ed por mucho tiempo.<\/p>\n<div>\n<p><a title=\"M\u00e1s...\" href=\"http:\/\/www.cubadebate.cu\/noticias\/2014\/12\/28\/pacientes-con-hepatitis-c-protestan-por-recortes-de-salud-en-espana\/#\" target=\"_blank\">12<\/a><\/p>\n<\/div>\n<p><strong><img decoding=\"async\" loading=\"lazy\" src=\"http:\/\/www.cubadebate.cu\/wp-content\/uploads\/2014\/12\/protestas-en-espa%C3%B1a-por-medicamentos-para-hepatitis-c-salud-580x328.jpg\" alt=\"protestas en espa\u00f1a por medicamentos para hepatitis c salud\" width=\"580\" height=\"328\" \/><\/strong><\/p>\n<p>&nbsp;<\/p>\n<p style=\"text-align: justify;\"><strong>Cientos de personas afectadas por Hepatitis C protestaron este s\u00e1bado en las calles de Madrid, en Espa\u00f1a, en contra de los recortes en materia de salud que realiz\u00f3 el gobierno del presidente Rajoy.\u00a0 <\/strong>La movilizaci\u00f3n fue convocada por la Plataforma de Afectados por la Hepatitis C, instancia que desde hace varios meses viene denunciando la falta de medicamentos para pacientes con esa enfermedad. Mientras tanto, la gente se muere sin remedio. \u00bfNo se les cae la cara de verguenza a estos pol\u00ecticos sin conciencia?<\/p>\n<p style=\"text-align: justify;\">Se pavonean de haber subido el salario m\u00ednimo interprofesional al que suben unos miserables euros, a las pensiones le suben 3 euros y as\u00ed todo. Son medidas electorales que nada solucionan y quieren enga\u00f1ar a los pobres con \u00ednfimas rebajas en los impuestos cuando, en realidad, en otras medidas del mismo Impuesto sobre la Renta, recuperan lo que han cedido.<\/p>\n<p style=\"text-align: justify;\">Todas esas medidas &#8220;basura&#8221; que no se cansan de pregonar por los medios, no vienen a solucionar nada y son simplemente medidas tomadas para hacer creer que se est\u00e1 haciendo algo positivo para el pueblo cuando, en lo que a ellos (los pol\u00edticos) se refiere, nada cambia: Siguen aforados -es decir, no se les puede juzgar por un delito como a los dem\u00e1s y tienen que ir al Supremo, lugar donde los jueces fueron nombrados por ellos y le deben favores. No hace mucho, con un ex-ministro, tuvimos una prueba de lo que les pasa cuando al final ven su asunto en el Alto Tribunal), mantienen los grandes beneficios que les concede ser diputados con grandes sueldos y enormes ventajas sobre el personal corriente&#8230; \u00bfD\u00f3nde queda la igualdad del art. 14 de la Constituci\u00f3n?<\/p>\n<p style=\"text-align: justify;\"><img decoding=\"async\" loading=\"lazy\" id=\"irc_mi\" src=\"http:\/\/3.bp.blogspot.com\/-iA7fej3BXSc\/TdWz54eR9pI\/AAAAAAAAAAM\/sZNwodUGBGU\/s1600\/Educacion+Superior2.jpg\" alt=\"\" width=\"560\" height=\"373\" \/><\/p>\n<p style=\"text-align: justify;\">Hay que garantizar el derecho a la educaci\u00f3n superior con calidad, es decir, que alcance la excelencia, el acceso universal, estabilidad, movilidad y el ingreso al mundo universitario de todos aquellos que as\u00ed lo quieran, y, el coste de tal medida debe ser sufragado por el Estado en aquellos casos en los que las familias sean humildes y no se lo puedan permitir.<\/p>\n<p style=\"text-align: justify;\"><strong>Un futuro mejor<\/strong><\/p>\n<p style=\"text-align: justify;\">Sin importar la procedencia familiar, ni el lugar de nacimiento, y teniendo en las capacidades personales de cada uno, todos, sin excepci\u00f3n, recibir\u00e1n las ense\u00f1anzas m\u00e1s adecuadas a sus capacidades. No podemos dejar escapar mentes de inmensa imaginaci\u00f3n y poderosas ideas por el simple hecho de no tener los medios para poder desarrolarlas. Recuerdo, en neste punto que, el padre de <a href=\"http:\/\/www.emiliosilveravazquez.com\/blog\/2014\/02\/18\/10581\/#\"><a href=\"#\" onclick=\"referencia('newton',event); return false;\">Newton<\/a><\/a>, era un humilde y peque\u00f1o agricultor que ni sabia escribir. Sin embargo, ello no impidi\u00f3 que su hijo destacara como uno de los cient\u00edficos m\u00e1s grandes de nuestro mundo.<\/p>\n<p style=\"text-align: justify;\">Matem\u00e1ticos, f\u00edsicos, qu\u00edmicos, bi\u00f3logos, astr\u00f3nomos, o simples peones de factor\u00edas, uno ser\u00e1 lo que quiera ser, lo que su mente le permita y sus deseos les exijan, hag\u00e1mos que sea una realidad el tan aireado -pero inexistente- libre albedrio. Dej\u00e9mos que cada cual pueda elegir su destino y que surjan escritores, m\u00fasicos pintores o actores. Tambi\u00e9n el esp\u00edritu tiene que ser alimentado.<\/p>\n<p style=\"text-align: justify;\">\u00a0<img decoding=\"async\" loading=\"lazy\" src=\"https:\/\/encrypted-tbn1.gstatic.com\/images?q=tbn:ANd9GcTlVEe1UiaU7DJ1T29dyztv3MGRImKdCrpfiTauTNndZthY5okAPQ\" alt=\"\" width=\"500\" height=\"300\" \/><\/p>\n<p style=\"text-align: justify;\">El mejor amigo\u2026 \u00a1Un libro! All\u00ed, lo mismo encontramos bellas\u00a0 historias que hacen volar nuestra imaginaci\u00f3n, como las respuestas a preguntas que nadie nos supo contestar. una fant\u00e1stica aventura, pasando por un poema de amor, hasta el m\u00e1s intrincado secreto de la Naturaleza<\/p>\n<p style=\"text-align: justify;\">Ahora, cada uno de nosotros -por lo general-, tiene lo que ha podido conseguir, no lo que verdaderamente quer\u00eda. \u00bfCu\u00e1ntos magn\u00edficos m\u00e9dicos, profesores, ingenieros o f\u00edsicos no se habr\u00e1n perdido por falta de apoyo? Tenemos que poner los medios que sean necesarios para que todos podamos ser lo que realmente queremos, una de las bases de la felicidad est\u00e1 en el principio de realizar aquello que m\u00e1s nos atrae. \u00bfCu\u00e1ntas veces hemos o\u00eddo decir\u2026 \u00a1me gusta tanto lo que hago que, m\u00e1s que un , es un gozo!?<\/p>\n<p style=\"text-align: justify;\">Es totalmente cierto, el que hace lo que le gusta no siente el paso del tiempo, se podr\u00eda pasar horas y horas inmerso en su trabajo, fascinado con lo que llena sus sentidos, mentalmente situado en su mundo particular, sin que nada le pueda distraer, se a\u00edsla del entorno y consigue la felicidad a trav\u00e9s de lo que hace.<\/p>\n<p style=\"text-align: justify;\"><img decoding=\"async\" src=\"http:\/\/img.desmotivaciones.es\/201203\/aaasnkala.jpg\" alt=\"Nada como esa felicidad, - al hacer lo que nos gusta\nsin miedo ni verg\u00fcenza\npor lo que vallan a decir los dem\u00e1s.\" \/><\/p>\n<p style=\"text-align: justify;\">Nuestra educaci\u00f3n deber\u00eda ser la de ver lo que hacen los dem\u00e1s sin criticarlos, dejar que liberen sus sentimientos y deseos siempre que \u00e9stos, como es natural, no afecten a terceros. Si no se molesta a nadie, cada cual que haga lo que quiere y haga uso de su libertad siempre dentro de una norma social del respeto y de la dignidad a las personas.<\/p>\n<p style=\"text-align: justify;\">Est\u00e1 claro que la calidad de vida, en todos los aspectos, estar\u00e1 presente all\u00ed donde se est\u00e9 desarrollando una actividad acorde con los deseos de las personas que la llevan a cabo. Quien desarrolla un trabajo no deseado se limita a cumplir de cualquier manera, est\u00e1 todo el rato mirando el reloj deseando que la jornada finalice, su rostro refleja el fastidio que la tarea le produce. Por el contrario, quien hace aquello que de verdad le gusta, lo har\u00e1 a conciencia, buscar\u00e1 la perfecci\u00f3n y la belleza en aquello que realiza, y, mientras lo hace, estar\u00e1 tan centrado y concentrado en su trabajo que, para un atento observador, parciera que est\u00e1 fuera de este mundo, fuera del entorno, sumergido en su propia realidad.<\/p>\n<p style=\"text-align: justify;\"><img decoding=\"async\" loading=\"lazy\" id=\"irc_mi\" src=\"http:\/\/blog.rtve.es\/.a\/6a014e6089cbd5970c01a511727893970c-pi\" alt=\"\" width=\"597\" height=\"393\" \/><\/p>\n<p style=\"text-align: justify;\">\u00a0\u00a0\u00a0\u00a0\u00a0\u00a0\u00a0\u00a0\u00a0\u00a0\u00a0\u00a0\u00a0\u00a0 Le gusta lo que hace y busca la perfecci\u00f3n y la belleza del estilo en el movimiento<\/p>\n<p style=\"text-align: justify;\">Dicho todo lo anterior, si no conseguimos alg\u00fan d\u00eda que todo eso sea una realidad todos, dif\u00edcilmente lograremos un mundo plenamente desarrollado y habitado por gente felices que, habiendo desarrollado sus intelectos, tambi\u00e9n, como consecuencia de ello, habr\u00e1n logrado construir una Sociedad en la que, todos tendr\u00e1n su lugar y nadie estar\u00e1 ni se sentir\u00e1 postergado.<\/p>\n<p style=\"text-align: justify;\">\u00bfCu\u00e1ntos problemas desaparecer\u00edan si pudi\u00e9ramos conseguir eso? Quiz\u00e1s alg\u00fan d\u00eda lejano, muy lejos a\u00fan en el futuro, podremos gozar de un panorama as\u00ed, en el que todos, tengan la oportunidad de desarrollar sus cualidades y las mentes, plenamente evolucionadas, dar\u00e1n sus ideas que todas las puedan compartir, y, los gobernantes ser\u00e1n gente de una alta moral \u00e9tica que se limitaran a realizar su trabajo para que todo eso sea posible, sin aprovecharse de su puesto, de la informaci\u00f3n privilegiada que tiene por su trabajo y, digo m\u00e1s, estar\u00e1 deseando que termine su per\u00edodo de ejercicio pol\u00edtico, toda vez que, seg\u00fan las nuevas reglas, ganar\u00e1 menos que en el sector privivado.<\/p>\n<p style=\"text-align: justify;\">\u00bfQue a\u00fan falta mucho para que eso llegue -si es que llega alg\u00fan d\u00eda-? No tanto como a simple vista nos pueda parecer, el transcurrir del tiempo es inexorable y, lo mismo que todo tuvo un principio, tambi\u00e9n tendr\u00e1 un final y, mientras ese final llega, si por el camino podemos alcanzar cosas buenas\u2026, mucho mejor. Cuando me pongo a escribir y a dejar mis ideas por ah\u00ed, escritas en las hojas de papel de una libreta, o, en \u00e9stas mismas p\u00e1ginas del Blog\u2026 Pienso que, el mundo, a estas alturas deber\u00eda ser mucho mejor de lo que en realidad es.+<\/p>\n<p style=\"text-align: justify;\">Hablemos de otras cuestiones.<\/p>\n<p style=\"text-align: justify;\"><img decoding=\"async\" loading=\"lazy\" title=\"d-brana\" src=\"http:\/\/www.emiliosilveravazquez.com\/blog\/wp-content\/uploads\/2009\/01\/d-brana.jpg\" alt=\"d-brana\" width=\"400\" height=\"267\" \/><\/p>\n<p style=\"text-align: justify;\">\u201cEl gr\u00e1fico representa un modelo de manguera de un espacio-tiempo de dimensiones m\u00e1s altas de <a href=\"http:\/\/www.emiliosilveravazquez.com\/blog\/2014\/02\/18\/10581\/#\"><a href=\"#\" onclick=\"referencia('kaluza klein',event); return false;\">Kaluza-Klein<\/a><\/a>, donde la longitud, o mejor, la dimensi\u00f3n a lo largo de la longitud de la manguera representa el 4-espacio-tiempo normal, y la dimensi\u00f3n alrededor de la manguera representa la dimensi\u00f3n extra \u201cpeque\u00f1as\u201d (quiz\u00e1 escala de Planck). Imaginemos un \u201cser\u201d que habite en mundo, que rebasa estas dimensiones extra \u201cpeque\u00f1as\u201d, y por ello no es realmente consciente de ellas.<\/p>\n<p style=\"text-align: justify;\">Es posible que, de la misma manera, tambi\u00e9n nosotros est\u00e9mos imposibilitados ver esas dimensiones extra que, sin embargo,\u00a0 nos permita ver m\u00e1s all\u00e1 de las matem\u00e1ticas topol\u00f3gicas, m\u00e1s all\u00e1 de las fluctuaciones de vac\u00edo, m\u00e1s all\u00e1 de los <a href=\"http:\/\/www.emiliosilveravazquez.com\/blog\/2013\/05\/12\/fluctuaciones-de-vacio-d-branas-dimensiones-extra-%c2%bfsera-nuestro-universo-asi\/comment-page-1\/#\">quarks<\/a>, m\u00e1s all\u00e1 de las <a href=\"http:\/\/www.emiliosilveravazquez.com\/blog\/2014\/02\/18\/10581\/#\"><a href=\"#\" onclick=\"referencia('singularidad',event); return false;\">singularidad<\/a><\/a>es y\u2026 \u00bfPor qu\u00e9 no decirlo? \u00a1M\u00e1s all\u00e1 de nuestro propio Universo! No podemos olvidarnos de que dentro de varios eones, nuestro Universo podr\u00eda morir.\u00a0 Estamos obligados a buscar la manera (si existe), de escapar de ese destino fatal.\u201d<\/p>\n<blockquote>\n<p style=\"text-align: justify;\"><strong>\u201cAlgo tuyo queda en esas hojas de papel o en las p\u00e1ginas escritas en un blog virtual que, de alguna manera, grita los mensajes que surgen de tu mente\u201d.<\/strong><\/p>\n<\/blockquote>\n<p style=\"text-align: justify;\">\u00a0\u00a0\u00a0\u00a0\u00a0 <img decoding=\"async\" loading=\"lazy\" id=\"irc_mi\" src=\"http:\/\/www.emiliosilveravazquez.com\/images\/cuadro.jpg\" alt=\"\" width=\"276\" height=\"393\" \/><\/p>\n<p style=\"text-align: justify;\">Cuando escribo, mis pensamientos recorren los caminos m\u00e1s inesperados, y relaciono cosas que a simple vista nadan tienen que ver con el tema que estoy tratando, pero no es as\u00ed, todo, de alguna manera, est\u00e1 conectado. Nuestros cerebros son tan complejos que se podr\u00edan definir los entes pensante del Universo -en otra ocasi\u00f3n trataremos sobre \u201c<em>La expansi\u00f3n del Universo\u2013La expansi\u00f3n de la mente<\/em>\u201c, un tema que nos habla de c\u00f3mo todo evoluciona, cambia y se transforma y, nosotros, no somos ninguna excepci\u00f3n.<\/p>\n<p style=\"text-align: justify;\">\u00a1Ah! Si no podemos aquello que queremos hacer\u2026 \u00bfD\u00f3nde queda el libre Albedr\u00edo?<\/p>\n<p style=\"text-align: justify;\"><img decoding=\"async\" loading=\"lazy\" id=\"irc_mi\" src=\"http:\/\/www.elperromorao.com\/wp-content\/uploads\/2009\/11\/bifurcacion1.jpg\" alt=\"\" width=\"458\" height=\"317\" \/><\/p>\n<p style=\"text-align: justify;\">\u00a0\u00a0\u00a0\u00a0\u00a0\u00a0\u00a0\u00a0\u00a0\u00a0\u00a0 No siempre hemos podido elegir el camino a seguir<\/p>\n<p style=\"text-align: justify;\">As\u00ed que, al igual que ocurre con el Amor (que nadie puede elegir de qui\u00e9n se podr\u00e1 enamorar), pasa en los dem\u00e1s estadios de la vida de una persona que, no pocas veces, se ve abocada a situaciones y momentos que cambian su vida sin que nada pueda hacer por remediarlo. Una cosa es nuestra intenci\u00f3n y nuestros deseos y otra muy distinta, lo que el destino nos tenga reservado. Cualquier suceso puede cambiar nuestras vidas. Siendo yo peque\u00f1o, mi padre fue parte de un terrible suceso. Siendo marinero pescador, en la amdrugada fr\u00eda y oscura de un d\u00eda de febrero de hace ya muchos a\u00f1os, el peque\u00f1o barco de madera en el que navegaba por las aguas de Cabo Verde, fue embestido por un mercante que lo part\u00edo en dos.<\/p>\n<p style=\"text-align: justify;\"><img decoding=\"async\" loading=\"lazy\" src=\"http:\/\/upload.wikimedia.org\/wikipedia\/commons\/thumb\/9\/97\/Satellite_image_of_Cape_Verde_in_December_2002.jpg\/642px-Satellite_image_of_Cape_Verde_in_December_2002.jpg\" alt=\"File:Satellite image of Cape Verde in December 2002.jpg\" width=\"642\" height=\"600\" \/><\/p>\n<p style=\"text-align: justify;\">Dos d\u00edas pudo aguantar agarrado a un tabl\u00f3n de su propio barco y, por suerte, los marineros de otro mercante que pas\u00f3 por all\u00ed lo recogieron y lo llevaron a puerto. Aquella experiencia lo dej\u00f3 asm\u00e1tico e imposibilitado para poder embarcarse m\u00e1s. Y, siendo aquello lo \u00fanico que sab\u00eda hacer, la familia qued\u00f3 desampaarada y sin ingresos. En aquellos tiempos no daban subsidios ni pagas por accidentes. Siendo el mayor de los hermanos, aunque un ni\u00f1o en edad de seguir en la escuela, tuve que dejarla y ponerme a trabajar para ayudar en casa y, de ah\u00ed, se puede seguir una larga historia que cambi\u00f3 por completo mi vida y tambi\u00e9n, la de toda mi familia. Un hecho fortu\u00edto, un accidente, cambi\u00f3 nuestro futuro.<\/p>\n<p style=\"text-align: justify;\">\u00bfQui\u00e9n est\u00e1 exento de que le pase algo similar, de que alg\u00fan suceso cambie su vida para siempre?<\/p>\n<p style=\"text-align: justify;\">\u00bfEl Libre Albedr\u00edo? S\u00ed, en una peque\u00f1a fracci\u00f3n de nuestros actos, nos permite elegir lo que queremos pero\u2026 \u00a1Nunca podremos hacer todo lo que podamos desear! El Libre Albedrio no existe, es una abstracci\u00f3n, una ilusi\u00f3n de la mente que se nos ha dado para que, no podamos caer en la desesperaci\u00f3n al ser consciente de que no somos due\u00f1os de nuestros propios destinos. Hacemos todo lo que podemos por conseguir lo deseado y, a veces, hasta lo podemos conseguir pero\u2026 \u00a1Ah\u00ed est\u00e1 lo imprevisto!<\/p>\n<p style=\"text-align: justify;\">emilio silvera<\/p>\n<\/div>\n<\/div>\n<div class='bookmark'>\r\n\t\t<table align='left' border='0' cellpadding='0' width='100%'>\r\n\t\t<tr><td><span class='pushbutton'><a href='http:\/\/delicious.com\/post?url=http%3A%2F%2Fwww.emiliosilveravazquez.com%2Fblog%2F2015%2F01%2F05%2Fsiempre-tratando-de-comprender%2F&amp;title=Siempre+tratando+de+comprender' title='Delicious' target='_blank' rel='nofollow'><img src='http:\/\/www.emiliosilveravazquez.com\/blog\/wp-content\/plugins\/knxdt-bookmarks-wordpress-plugin\/images\/delicious.png'  alt='' class='book_img' border='none' style='margin:1px; padding: 0;'  \/><\/a><\/span><span class='pushbutton'><a href='http:\/\/digg.com\/submit?url=http%3A%2F%2Fwww.emiliosilveravazquez.com%2Fblog%2F2015%2F01%2F05%2Fsiempre-tratando-de-comprender%2F&amp;title=Siempre+tratando+de+comprender' title='Digg' target='_blank' rel='nofollow'><img src='http:\/\/www.emiliosilveravazquez.com\/blog\/wp-content\/plugins\/knxdt-bookmarks-wordpress-plugin\/images\/digg.png'  alt='' class='book_img' border='none' style='margin:1px; padding: 0;'  \/><\/a><\/span><span class='pushbutton'><a href='http:\/\/www.google.com\/bookmarks\/mark?op=edit&amp;bkmk=http%3A%2F%2Fwww.emiliosilveravazquez.com%2Fblog%2F2015%2F01%2F05%2Fsiempre-tratando-de-comprender%2F&amp;title=Siempre+tratando+de+comprender' title='Google' target='_blank' rel='nofollow'><img src='http:\/\/www.emiliosilveravazquez.com\/blog\/wp-content\/plugins\/knxdt-bookmarks-wordpress-plugin\/images\/google.png'   alt='' class='book_img' border='none' style='margin:1px; padding: 0;'  \/><\/a><\/span><span class='pushbutton'><a href='http:\/\/myweb2.search.yahoo.com\/myresults\/bookmarklet?u=http%3A%2F%2Fwww.emiliosilveravazquez.com%2Fblog%2F2015%2F01%2F05%2Fsiempre-tratando-de-comprender%2F&amp;t=Siempre+tratando+de+comprender' title='Yahoo' target='_blank' rel='nofollow'><img src='http:\/\/www.emiliosilveravazquez.com\/blog\/wp-content\/plugins\/knxdt-bookmarks-wordpress-plugin\/images\/yahoo.png'  alt='' class='book_img' border='none' style='margin:1px; padding: 0;'  \/><\/a><\/span><span class='pushbutton'><a href='http:\/\/www.technorati.com\/faves?add=http%3A%2F%2Fwww.emiliosilveravazquez.com%2Fblog%2F2015%2F01%2F05%2Fsiempre-tratando-de-comprender%2F' title='Technorati' target='_blank' rel='nofollow'><img src='http:\/\/www.emiliosilveravazquez.com\/blog\/wp-content\/plugins\/knxdt-bookmarks-wordpress-plugin\/images\/technorati.png'  alt='' class='book_img' border='none' style='margin:1px; padding: 0;'  \/><\/a><\/span><span class='pushbutton'><a href='http:\/\/meneame.net\/submit.php?url=http%3A%2F%2Fwww.emiliosilveravazquez.com%2Fblog%2F2015%2F01%2F05%2Fsiempre-tratando-de-comprender%2F' title='Meneame' target='_blank' rel='nofollow'><img src='http:\/\/www.emiliosilveravazquez.com\/blog\/wp-content\/plugins\/knxdt-bookmarks-wordpress-plugin\/images\/meneame.png'  alt='' class='book_img' border='none' style='margin:1px; padding: 0;'  \/><\/a><\/span><span class='pushbutton'><a href='http:\/\/enchilame.com\/submit.php?url=http:\/\/www.emiliosilveravazquez.com\/blog\/2015\/01\/05\/siempre-tratando-de-comprender\/' target='_blank' rel='nofollow'><img title='Enchilame' src='http:\/\/www.emiliosilveravazquez.com\/blog\/wp-content\/plugins\/knxdt-bookmarks-wordpress-plugin\/images\/enchilame.png'  alt='' class='book_img' border='none' style='margin:1px; padding: 0;'  \/><\/a><\/span><span class='pushbutton'><a href='http:\/\/www.blinklist.com\/index.php?Action=Blink\/addblink.php&amp;Description=&amp;Url=http%3A%2F%2Fwww.emiliosilveravazquez.com%2Fblog%2F2015%2F01%2F05%2Fsiempre-tratando-de-comprender%2F&amp;title=Siempre+tratando+de+comprender' title='BlinkList' target='_blank' rel='nofollow'><img src='http:\/\/www.emiliosilveravazquez.com\/blog\/wp-content\/plugins\/knxdt-bookmarks-wordpress-plugin\/images\/blinklist.png'  alt='' class='book_img' border='none' style='margin:1px; padding: 0;'  \/><\/a><\/span><span class='pushbutton'><a href='http:\/\/reddit.com\/submit?url=http%3A%2F%2Fwww.emiliosilveravazquez.com%2Fblog%2F2015%2F01%2F05%2Fsiempre-tratando-de-comprender%2F&amp;title=Siempre+tratando+de+comprender' title='Reddit' target='_blank' rel='nofollow'><img src='http:\/\/www.emiliosilveravazquez.com\/blog\/wp-content\/plugins\/knxdt-bookmarks-wordpress-plugin\/images\/reddit.png'  alt='' class='book_img' border='none' style='margin:1px; padding: 0;'  \/><\/a><\/span><span class='pushbutton'><a href='http:\/\/www.tecnologiadiaria.com\/2009\/07\/abrir-com-hotmail-correo.html' target='_blank' title='hotmail'><img src='http:\/\/www.emiliosilveravazquez.com\/blog\/wp-content\/plugins\/knxdt-bookmarks-wordpress-plugin\/images\/linklove.png' alt='hotmail correo' class='book_img' border='none' style='margin:1px; padding: 0;' \/><\/a><\/span><span class='pushbutton'><a href='http:\/\/bitacoras.com\/votar\/anotacion\/externo\/mini\/www.emiliosilveravazquez.com\/blog\/2015\/01\/05\/siempre-tratando-de-comprender\/' title='Bitacoras.com' target='_blank' rel='nofollow'><img src='http:\/\/www.emiliosilveravazquez.com\/blog\/wp-content\/plugins\/knxdt-bookmarks-wordpress-plugin\/images\/bitacoras.png'  alt='' class='book_img' border='none' style='margin:1px; padding: 0;'  \/><\/a><\/span><span class='pushbutton'><a href='http:\/\/www.wikio.es\/vote?url=http%3A%2F%2Fwww.emiliosilveravazquez.com%2Fblog%2F2015%2F01%2F05%2Fsiempre-tratando-de-comprender%2F' title='Wikio' target='_blank' rel='nofollow'><img src='http:\/\/www.emiliosilveravazquez.com\/blog\/wp-content\/plugins\/knxdt-bookmarks-wordpress-plugin\/images\/wikio.png'   alt='' class='book_img' border='none' style='margin:1px; padding: 0;'   \/><\/a><\/span><span class='pushbutton'><a href='http:\/\/friendfeed.com\/?url=http%3A%2F%2Fwww.emiliosilveravazquez.com%2Fblog%2F2015%2F01%2F05%2Fsiempre-tratando-de-comprender%2F&amp;title=Siempre+tratando+de+comprender' title='Friend Feed' target='_blank' rel='nofollow'><img src='http:\/\/www.emiliosilveravazquez.com\/blog\/wp-content\/plugins\/knxdt-bookmarks-wordpress-plugin\/images\/friendfeed.png'  alt='' class='book_img' border='none' style='margin:1px; padding: 0;'  \/><\/a><\/span><span class='pushbutton'><a href='http:\/\/www.facebook.com\/share.php?u=http%3A%2F%2Fwww.emiliosilveravazquez.com%2Fblog%2F2015%2F01%2F05%2Fsiempre-tratando-de-comprender%2F&amp;t=Siempre+tratando+de+comprender' title='Facebook' target='_blank' rel='nofollow'><img src='http:\/\/www.emiliosilveravazquez.com\/blog\/wp-content\/plugins\/knxdt-bookmarks-wordpress-plugin\/images\/facebook.png'  alt='' class='book_img' border='none' style='margin:1px; padding: 0;'  \/><\/a><\/span><span class='pushbutton'><a href='http:\/\/twitter.com\/home?status=Siempre+tratando+de+comprender: http%3A%2F%2Fwww.emiliosilveravazquez.com%2Fblog%2F2015%2F01%2F05%2Fsiempre-tratando-de-comprender%2F' title='Twitter' target='_blank' rel='nofollow'><img src='http:\/\/www.emiliosilveravazquez.com\/blog\/wp-content\/plugins\/knxdt-bookmarks-wordpress-plugin\/images\/twitter.png'  alt='' class='book_img' border='none' style='margin:1px; padding: 0;'  \/><\/a><\/span><span class='pushbutton'><a href='http:\/\/www.feedburner.com\/fb\/a\/emailFlare?itemTitle=Siempre+tratando+de+comprender&amp;uri=http%3A%2F%2Fwww.emiliosilveravazquez.com%2Fblog%2F2015%2F01%2F05%2Fsiempre-tratando-de-comprender%2F' title='Enviar por Email' target='_blank' rel='nofollow'><img src='http:\/\/www.emiliosilveravazquez.com\/blog\/wp-content\/plugins\/knxdt-bookmarks-wordpress-plugin\/images\/email.png'  alt='' class='book_img' border='none' style='margin:1px; padding: 0;'  \/><\/a><\/span><span style='font-weight:bold; padding-left: 5px;'><a href='http:\/\/wordpress.org\/extend\/plugins\/knxdt-bookmarks-wordpress-plugin\/' title='Plugin' rel='nofollow' target='_blank'>[?]<\/a><\/span><\/td><\/tr><\/table><br\/><br\/><\/div>","protected":false},"excerpt":{"rendered":"<p>\u00a0\u00ab \u00a1Noticia! \u00bfUna nueva f\u00edsica por \u201cdebajo\u201d del cero absoluto? \u00a1Nuestras Mentes!\u2026\u00a1 \u00bfLlegaremos a comprenderlas alguna vez? \u00bb \u00a0\u00a0\u00a0\u00a0\u00a0\u00a0\u00a0\u00a0 El cerebro es capaz de inventar recuerdos de hechos que nunca ocurrieron y visitar lugares que, \u00a1no sabemos si existir\u00e1n en alguna parte! Los cien mil millones de neuronas que no dejan de titilar produciendo fogonazos [&hellip;]<\/p>\n","protected":false},"author":2,"featured_media":0,"comment_status":"open","ping_status":"open","sticky":false,"template":"","format":"standard","meta":{"_s2mail":"yes","footnotes":""},"categories":[56],"tags":[],"_links":{"self":[{"href":"http:\/\/www.emiliosilveravazquez.com\/blog\/wp-json\/wp\/v2\/posts\/11866"}],"collection":[{"href":"http:\/\/www.emiliosilveravazquez.com\/blog\/wp-json\/wp\/v2\/posts"}],"about":[{"href":"http:\/\/www.emiliosilveravazquez.com\/blog\/wp-json\/wp\/v2\/types\/post"}],"author":[{"embeddable":true,"href":"http:\/\/www.emiliosilveravazquez.com\/blog\/wp-json\/wp\/v2\/users\/2"}],"replies":[{"embeddable":true,"href":"http:\/\/www.emiliosilveravazquez.com\/blog\/wp-json\/wp\/v2\/comments?post=11866"}],"version-history":[{"count":0,"href":"http:\/\/www.emiliosilveravazquez.com\/blog\/wp-json\/wp\/v2\/posts\/11866\/revisions"}],"wp:attachment":[{"href":"http:\/\/www.emiliosilveravazquez.com\/blog\/wp-json\/wp\/v2\/media?parent=11866"}],"wp:term":[{"taxonomy":"category","embeddable":true,"href":"http:\/\/www.emiliosilveravazquez.com\/blog\/wp-json\/wp\/v2\/categories?post=11866"},{"taxonomy":"post_tag","embeddable":true,"href":"http:\/\/www.emiliosilveravazquez.com\/blog\/wp-json\/wp\/v2\/tags?post=11866"}],"curies":[{"name":"wp","href":"https:\/\/api.w.org\/{rel}","templated":true}]}}