{"id":1182,"date":"2009-10-22T08:46:13","date_gmt":"2009-10-22T06:46:13","guid":{"rendered":"http:\/\/www.emiliosilveravazquez.com\/blog\/?p=1182"},"modified":"2009-10-22T11:57:30","modified_gmt":"2009-10-22T09:57:30","slug":"%c2%bftendra-nuestro-universo-mas-dimensiones","status":"publish","type":"post","link":"http:\/\/www.emiliosilveravazquez.com\/blog\/2009\/10\/22\/%c2%bftendra-nuestro-universo-mas-dimensiones\/","title":{"rendered":"\u00bfTendr\u00e1 nuestro Universo m\u00e1s Dimensiones?"},"content":{"rendered":"<p style=\"margin: 0cm 0cm 0pt; text-indent: 35.45pt; text-align: justify;\">Mirando al cielo estrellado, o desde la orilla, la inmensidad del oc\u00e9ano que se pierde en el horizonte, nos podr\u00edamos sentir insignificantes.\u00a0 Sin embargo, no es as\u00ed como debemos mirarlo.\u00a0 He dicho alguna vez que, todo lo grande est\u00e1 hecho de cosas peque\u00f1as, y, esa afirmaci\u00f3n nos d\u00e1 la respuesta.\u00a0 Formamos parte de algo muy grande:\u00a0 El Universo.<\/p>\n<p style=\"margin: 0cm 0cm 0pt; text-indent: 35.45pt; text-align: justify;\">Estamos en un punto, o en un nivel de sabidur\u00eda aceptable pero insuficiente, es mucho el camino que nos queda por recorrer y, como dice Freund, la energ\u00eda necesaria para explorar la d\u00e9cima dimensi\u00f3n es mil billones de veces mayor que la energ\u00eda\u00a0 que puede producirse en nuestros mayores colisionadores de \u00e1tomos.\u00a0 La empresa resulta dif\u00edcil para seres que, como nosotros, apenas tenemos medios seguros para escapar del d\u00e9bil campo gravitatorio del planeta Tierra.<\/p>\n<p style=\"margin: 0cm 0cm 0pt; text-indent: 35.45pt; text-align: justify;\">Energ\u00edas del tal calibre, que sepamos, solo han estado disponibles en el instante de la creaci\u00f3n del Universo, en su nacimiento, en eso que llamamos <a href=\"#\" onclick=\"referencia('big bang',event); return false;\">Big Bang<\/a>.\u00a0 Solamente all\u00ed estuvo presente la energ\u00eda del Hiperespacio de diez dimensiones y, por eso se suele decir que, cuando se logre la teor\u00eda de cuerdas sabemos y podremos desvelar el secreto del origen del Universo.<\/p>\n<p style=\"margin: 0cm 0cm 0pt; text-indent: 35.45pt; text-align: justify;\">A los f\u00edsicos te\u00f3ricos siempre los result\u00f3 provechoso introducir dimensiones m\u00e1s altas para fisgar libremente en secretos celosamente escondidos.<\/p>\n<p style=\"margin: 0cm 0cm 0pt; text-indent: 35.45pt; text-align: justify;\">Seg\u00fan esa nueva teor\u00eda, antes del <a href=\"#\" onclick=\"referencia('big bang',event); return false;\">Big Bang<\/a> nuestro cosmos era realmente n universo perfecto de diez dimensiones, decadimensional, un mundo en el que el viaje interdimensional era posible.\u00a0 Sin embargo, ese mundo decadimensional era intestable, y eventualmente se &#8220;rompi\u00f3&#8221; en dos, dando lugar a dos universos separados: un universo de cuatro y otro universo de seis dimensiones.<\/p>\n<p style=\"margin: 0cm 0cm 0pt; text-indent: 35.45pt; text-align: justify;\">El Universo en el que vivimos naci\u00f3 en ese cataclismo c\u00f3smico. Nuestro Universo tetradimensional se expandi\u00f3 de forma explosiva, mientras que nuestro universo gemelo hexadimensional se contrajo violentamente hasta que se redujo a un tama\u00f1o casi infinitesimal.<\/p>\n<p style=\"margin: 0cm 0cm 0pt; text-indent: 35.45pt; text-align: justify;\">Eso podr\u00eda explicar el origen del <a href=\"#\" onclick=\"referencia('big bang',event); return false;\">Big Bang<\/a>, y, si la teor\u00eda es correcta, demuestra que la r\u00e1pida expansi\u00f3n del Universo fue simple consecuencia de un cataclismo c\u00f3smico mucho mayor, la ruptura de los propios espacio y tiempo.\u00a0 La energ\u00eda que impulsa la expansi\u00f3n observada del Universo se halla entonces en el colpaso del espacio y el tiempo de diez dimensiones.\u00a0 Seg\u00fan la teor\u00eda, las estrellas y las Galaxias distantes est\u00e1n alej\u00e1ndose de nosotras a velocidades astron\u00f3micas debido al colapso original del espacio y el tiempo de diez dimensiones.<\/p>\n<p style=\"margin: 0cm 0cm 0pt; text-indent: 35.45pt; text-align: justify;\">Esta teor\u00eda predice que nuestro Universo sigue teniendo un gemelo enano, un universo compa\u00f1ero que se ha enrollado en una peque\u00f1a bola de seis dimensiones (en la escala de Planck) mi. peque\u00f1a para ser observada.<\/p>\n<p style=\"margin: 0cm 0cm 0pt; text-indent: 35.45pt; text-align: justify;\">Ese Universo hexadimensional, lejos de ser un ap\u00e9ndice in\u00fatil de nuestro mundo, podr\u00eda ser en \u00faltima instancia, nuestra salvaci\u00f3n.<\/p>\n<p><!--more--><\/p>\n<p style=\"margin: 0cm 0cm 0pt; text-indent: 35.45pt; text-align: justify;\">Para el cosm\u00f3logo, la \u00fanica certeza es que el Universo morir\u00e1 un d\u00eda.\u00a0 Algunos creen que la muerte final del Universo llegar\u00e1 en la forma del big crunch. La gravitaci\u00f3n invertir\u00e1 la expansi\u00f3n c\u00f3smica generada por el big bang y comprimir\u00e1 las estrellas y las galaxias, de nuevo, en una masa primordial.\u00a0 A medida que las estrellas se contraen, las temperaturas aumentan espectacularmente hasta que toda la materia y la energ\u00eda del universo est\u00e1n concentradas en una colosal bola de <a href=\"#\" onclick=\"referencia('plasma',event); return false;\">plasma<\/a> ardiente que ser\u00e1 el resultado final de la destrucci\u00f3n del Universo tal como lo conocemos.<\/p>\n<p style=\"margin: 0cm 0cm 0pt; text-indent: 35.45pt; text-align: justify;\">Todas las formas de vida ser\u00e1n borradas de la faz de los mundo que las pudieran contener: evaporadas por las enormes temperaturas o aplastadas, \u00a1qu\u00e9 m\u00e1s d\u00e1! No habr\u00e1 escape.<\/p>\n<p style=\"margin: 0cm 0cm 0pt; text-indent: 35.45pt; text-align: justify;\">Cient\u00edficos y fil\u00f3sofos, como Charles Darwin y Bertrand Russell, han escrito lament\u00e1ndose de la futilidad de nuestras m\u00edseras existencias, sabiendo que nuestra civilizaci\u00f3n morir\u00e1 inexorablemente cuando llegue el fin de nuestro mundo.\u00a0 Las leyes de la f\u00edsica, aparentemente, llevan la garant\u00eda de una muerte final e irrevocable para todas las formas de vida, inteligente o no, del Universo.<\/p>\n<p style=\"margin: 0cm 0cm 0pt; text-indent: 35.45pt; text-align: justify;\">Yo, como Gerald Feinberg, f\u00edsico de la Universidad de Columbia (ya desaparecido), creo que s\u00ed puede haber, quiz\u00e1 s\u00f3lo una esperanza de evitar de calamidad final.<\/p>\n<p style=\"margin: 0cm 0cm 0pt; text-indent: 35.45pt; text-align: justify;\">El especul\u00f3 que la vida inteligente, llegando a dominar los misterios del espacio de m\u00e1s dimensiones (para lo que contaba con un poderoso aliado, el Tiempo de miles de millones de a\u00f1os), sabr\u00eda utilizar las otras dimensiones para escapar de la cat\u00e1strofe del <a href=\"#\" onclick=\"referencia('big crunch',event); return false; return false;\">Big Crunch<\/a>.\u00a0 En los momentos finales del colapso de nuestro Universo, el Universo hermano se abrir\u00eda de nuevo y el viaje interdimensional se har\u00eda posible mediante un t\u00fanel en el Hiperespacio hacia un Universo alternativo, evitando as\u00ed la p\u00e9rdida irreparable de la inteligencia de la que somos portadores.<\/p>\n<p style=\"margin: 0cm 0cm 0pt; text-indent: 35.45pt; text-align: justify;\">Si algo as\u00ed es posible, entonces, desde su santuario en el espacio de m\u00e1s dimensiones, la Humanidad, podr\u00eda ser testigo de la muerte del Universo que la vio nacer y florecer.<\/p>\n<p style=\"margin: 0cm 0cm 0pt; text-indent: 35.45pt; text-align: justify;\">Aunque la teor\u00eda de campos demuestra que la energ\u00eda necesaria para crear estas maravillosas distorsiones del espacio y el tiempo est\u00e1 mucho m\u00e1s all\u00e1 de cualquier cosa que pueda imaginar la civilizaci\u00f3n moderna, esto nos plantea dos cuestiones importantes:<\/p>\n<p style=\"margin: 0cm 0cm 0pt; text-indent: 35.45pt; text-align: justify;\">\u00bfCu\u00e1nto tardar\u00eda nuestra civilizaci\u00f3n, que est\u00e1 creciendo exponencialmente en conocimiento y poder, en alcanzar el punto de dominar la teor\u00eda de hiperespacio?<\/p>\n<p style=\"margin: 0cm 0cm 0pt; text-indent: 35.45pt; text-align: justify;\">\u00bfY qu\u00e9 sucede con otras formas de vida inteligente en el Universo, que puedan haber alcanzado ya este punto?<\/p>\n<p style=\"margin: 0cm 0cm 0pt; text-indent: 35.45pt; text-align: justify;\">Lo que hace interesante esa discusi\u00f3n es que cient\u00edficos serios han tratado de cuantificar el progreso de la civilizaci\u00f3n en un futuro lejano, cuando los viajes por el espacio sean una rutina en los sistemas estelares o incluso las galaxias vecinas hayan sido colonizadas.\u00a0 Aunque la escala de energ\u00eda necesaria para manipular el Hiperespacio es astron\u00f3micamente grande, estos cient\u00edficos se\u00f1alan que el crecimiento del conocimiento cient\u00edfico aumentara, sin ninguna duda, de forma exponencial durante los siglos y milenios pr\u00f3ximos, superando las capacidades de las mentes humanas para captarlo (como ocurre ahora con la <a href=\"#\" onclick=\"referencia('supercuerdas teoria',event); return false;\">teor\u00eda M<\/a>, parada en seco, esperando que alguien vea las matem\u00e1ticas necesarias para continuar su desarrollo).<\/p>\n<p style=\"margin: 0cm 0cm 0pt; text-indent: 35.45pt; text-align: justify;\">Cada 10\/15 a\u00f1os el conocimiento cient\u00edfico se doblar\u00e1, crecer\u00e1 el cien por ciento, as\u00ed que, el avance superar\u00e1 todas las previsiones.\u00a0 Tecnolog\u00edas que hoy solo son un sue\u00f1o (la energ\u00eda de fusi\u00f3n o en rob\u00f3tica, los cerebros positr\u00f3nicos), ser\u00e1n realidad en un tiempo muy corto en el futuro.\u00a0 Quiz\u00e1 entonces podamos discutir con cierto sentido la cuesti\u00f3n de si podremos o no ser se\u00f1ores del Hiperespacio.<\/p>\n<p style=\"margin: 0cm 0cm 0pt; text-indent: 35.45pt; text-align: justify;\">Viaje en el tiempo.\u00a0 Universos paralelos.\u00a0 Ventana dimensional.<\/p>\n<p style=\"margin: 0cm 0cm 0pt; text-indent: 35.45pt; text-align: center;\" align=\"center\">\u00bfSue\u00f1os?<\/p>\n<p style=\"margin: 0cm 0cm 0pt; text-indent: 35.45pt; text-align: justify;\">Mucho camino nos queda por recorrer antes de que seamos capaces de aprovechar energ\u00edas gravitacionales de <a href=\"#\" onclick=\"referencia('agujero negro',event); return false;\">agujeros negros<\/a>.<\/p>\n<p style=\"margin: 0cm 0cm 0pt; text-indent: 35.45pt; text-align: justify;\">Georg Bernard Riemann, lo empez\u00f3 todo.\u00a0 Es el responsable del descubrimiento del espacio multidimensional.\u00a0 Anticipando el siglo siguiente de progreso cient\u00edfico, Riemann (como ya he contado en otros trabajos), fue el primero en afirmar que la naturaleza encuentra su \u00e1mbito natural en la geometr\u00eda del espacio multidimensional, y gracias a su visi\u00f3n inicial, pudieron <a href=\"#\" onclick=\"referencia('plasma',event); return false;\">plasma<\/a>rse en realidad teor\u00edas como las de la <a href=\"#\" onclick=\"referencia('relatividad',event); return false;\">relatividad<\/a> general de <a href=\"#\" onclick=\"referencia('einstein',event); return false;\">Einstein<\/a>, encuadro dimensiones, la de <a href=\"#\" onclick=\"referencia('kaluza klein',event); return false;\">Kaluza-Klein<\/a>, en cinco dimensiones, o la m\u00e1s reciente teor\u00eda de cuerdas de diez dimensiones.<\/p>\n<p style=\"margin: 0cm 0cm 0pt; text-indent: 35.45pt; text-align: justify;\">El nombrarlo aqu\u00ed, es s\u00f3lo cuesti\u00f3n de justicia.\u00a0 No podemos hablar de espacios multidimensionales sin nombrar a Riemann que, nacido\u00a0 el 10 de junio de 1.854, con su golpe maestro cu\u00e1ndo dio aquella conferencia en la facultad de la Universidad de Gotinga en Alemania, dej\u00f3 pasar un rayo de luz a todas las mentes cient\u00edficas, no ya de su propio tiempo, sino a las del siglo siguiente.<\/p>\n<p style=\"margin: 0cm 0cm 0pt; text-indent: 35.45pt; text-align: justify;\">Bien es verdad que, de momento, nuestra mentes solo son capaces de percibir el Universo de cuatro dimensiones: tres espaciales y una temporal, con las que cotidianamente nos desenvolvemos.\u00a0 Esto quiere decir que, solo hemos sido capaces de reproducir las dimensiones m\u00e1s altas en la teor\u00eda de los n\u00fameros, y nuestras mentes (al menos la m\u00eda), por mucho que lo intente, no son capaces de &#8220;VER&#8221; un mundo de mas dimensiones, no podemos.\u00a0 Tenemos que evolucionar para poder captar ese nuevo universo de m\u00e1s dimensione que acoger\u00eda, sin crear problemas, todas las cuestiones cient\u00edficas hoy antag\u00f3nicas como la <a href=\"#\" onclick=\"referencia('relatividad',event); return false;\">relatividad<\/a> general y la mec\u00e1nica cu\u00e1ntica.<\/p>\n<p style=\"margin: 0cm 0cm 0pt; text-indent: 35.45pt; text-align: justify;\">\u00bfSer\u00e1 la Teor\u00eda M la que nos traiga la soluci\u00f3n?<\/p>\n<p style=\"margin: 0cm 0cm 0pt; text-indent: 35.45pt; text-align: justify;\"><a href=\"#\" onclick=\"referencia('einstein',event); return false;\">Einstein<\/a> era un hombre que pod\u00eda plantear cuestiones tremendamente simples, como por ejemplo: &#8220;\u00bfQu\u00e9 aspecto tendr\u00eda un rayo de luz si uno pudiera alcanzarlo?<\/p>\n<p style=\"margin: 0cm 0cm 0pt; text-indent: 35.45pt; text-align: justify;\">As\u00ed de &#8220;sencillas&#8221; o de complicadas pueden ser las cosas, solo se trata de qui\u00e9n responda la pregunta.<\/p>\n<p style=\"margin: 0cm 0cm 0pt; text-indent: 35.45pt; text-align: justify;\">\u00bfCu\u00e1ntos con mejor o peor fortuna han tratado de explicar lo que es el tiempo?<\/p>\n<p style=\"margin: 0cm 0cm 0pt; text-indent: 35.45pt; text-align: justify;\">Lo vemos o sentimos pasar ante nuestros ojos, transcurre incesante, nos trae el d\u00eda y la noche una y otra vez, pasan los a\u00f1os con el transcurso del tiempo \u00bfPero qu\u00e9 es?<\/p>\n<p style=\"margin: 0cm 0cm 0pt; text-indent: 35.45pt; text-align: justify;\">\u00a1Hay tantas cosas que no sabemos explicar que, si lo pensamos, terminamos profundamente frustrados!<\/p>\n<p style=\"margin: 0cm 0cm 0pt; text-indent: 35.45pt; text-align: justify;\">Ya se ha contado muchas veces (tambi\u00e9n yo) que, en 1.905, disponiendo de mucho tiempo libre en la oficina de Patentes, <a href=\"#\" onclick=\"referencia('einstein',event); return false;\">Einstein<\/a> analiz\u00f3 cuidadosamente las ecuaciones de campo de Maxwell, le a\u00f1adi\u00f3 algunos ingredientes de Lorentz y Poincar\u00e9 y fue llevado a postular el principio de <a href=\"#\" onclick=\"referencia('relatividad',event); return false;\">relatividad<\/a> especial: la velocidad de la luz es la misma entonos los sistemas de referencia en movimiento uniforme.\u00a0 El principio de apariencia inocente es uno de los mayores logros de la mente humana.\u00a0 Algunos han dicho que, junto con la Ley de gravitaci\u00f3n de <a href=\"#\" onclick=\"referencia('newton',event); return false;\">Newton<\/a>, se sit\u00faa como una de las m\u00e1s grandes creaciones cient\u00edficas de todos los tiempos.\u00a0 \u00bfQui\u00e9n soy yo para rebatirlo?<\/p>\n<p style=\"margin: 0cm 0cm 0pt; text-indent: 35.45pt; text-align: justify;\">Muchos han sido los aspectos interesantes deducidos a partir de la teor\u00eda relativista especial, y, el que m\u00e1s ha llamado siempre mi atenci\u00f3n es aquel que nos dice que el tiempo es la cuarta dimensi\u00f3n y que las leyes de la Naturaleza se simplifican y unifican en dimensiones m\u00e1s altas.<\/p>\n<p style=\"margin: 0cm 0cm 0pt; text-indent: 35.45pt; text-align: justify;\">Fue <a href=\"#\" onclick=\"referencia('minkowski',event); return false;\">Minkowski<\/a>, un antiguo profesor de <a href=\"#\" onclick=\"referencia('einstein',event); return false;\">Einstein<\/a>, el que, al leer la teor\u00eda de \u00e9ste, introdujo el concepto de cuarta dimensi\u00f3n referida al tiempo y super\u00f3 as\u00ed el concepto de tiempo que se remontaba hasta Arist\u00f3teles.\u00a0 El espacio y el tiempo quedaron as\u00ed irremediablemente unidos como : Espaciotiempo.<\/p>\n<p style=\"margin: 0cm 0cm 0pt; text-indent: 35.45pt; text-align: justify;\">As\u00ed pasamos de un mundo de tres dimensiones a un Universo de cuatro.\u00a0 La mente humana, pas\u00f3 entonces, a tener una visi\u00f3n m\u00e1s amplia del Universo.<\/p>\n<p style=\"margin: 0cm 0cm 0pt; text-indent: 35.45pt; text-align: justify;\">Tambi\u00e9n cambiaron conceptos como los de la masa y la energ\u00eda que, resultaron ser, la misma cosa.\u00a0\u00a0 Y, \u00bfQu\u00e9 decir de la posibilidad real de frenar el paso del tiempo al viajar a velocidades relativistas?<\/p>\n<p style=\"margin: 0cm 0cm 0pt; text-indent: 35.45pt; text-align: justify;\">\u00a1Son tantas maravillas!<\/p>\n<p style=\"margin: 0cm 0cm 0pt; text-indent: 35.45pt; text-align: right;\"><em>emilio silvera<\/em><\/p>\n<div class='bookmark'>\r\n\t\t<table align='left' border='0' cellpadding='0' width='100%'>\r\n\t\t<tr><td><span class='pushbutton'><a href='http:\/\/delicious.com\/post?url=http%3A%2F%2Fwww.emiliosilveravazquez.com%2Fblog%2F2009%2F10%2F22%2F%25c2%25bftendra-nuestro-universo-mas-dimensiones%2F&amp;title=%C2%BFTendr%C3%A1+nuestro+Universo+m%C3%A1s+Dimensiones%3F' title='Delicious' target='_blank' rel='nofollow'><img src='http:\/\/www.emiliosilveravazquez.com\/blog\/wp-content\/plugins\/knxdt-bookmarks-wordpress-plugin\/images\/delicious.png'  alt='' class='book_img' border='none' style='margin:1px; padding: 0;'  \/><\/a><\/span><span class='pushbutton'><a href='http:\/\/digg.com\/submit?url=http%3A%2F%2Fwww.emiliosilveravazquez.com%2Fblog%2F2009%2F10%2F22%2F%25c2%25bftendra-nuestro-universo-mas-dimensiones%2F&amp;title=%C2%BFTendr%C3%A1+nuestro+Universo+m%C3%A1s+Dimensiones%3F' title='Digg' target='_blank' rel='nofollow'><img src='http:\/\/www.emiliosilveravazquez.com\/blog\/wp-content\/plugins\/knxdt-bookmarks-wordpress-plugin\/images\/digg.png'  alt='' class='book_img' border='none' style='margin:1px; padding: 0;'  \/><\/a><\/span><span class='pushbutton'><a href='http:\/\/www.google.com\/bookmarks\/mark?op=edit&amp;bkmk=http%3A%2F%2Fwww.emiliosilveravazquez.com%2Fblog%2F2009%2F10%2F22%2F%25c2%25bftendra-nuestro-universo-mas-dimensiones%2F&amp;title=%C2%BFTendr%C3%A1+nuestro+Universo+m%C3%A1s+Dimensiones%3F' title='Google' target='_blank' rel='nofollow'><img src='http:\/\/www.emiliosilveravazquez.com\/blog\/wp-content\/plugins\/knxdt-bookmarks-wordpress-plugin\/images\/google.png'   alt='' class='book_img' border='none' style='margin:1px; padding: 0;'  \/><\/a><\/span><span class='pushbutton'><a href='http:\/\/myweb2.search.yahoo.com\/myresults\/bookmarklet?u=http%3A%2F%2Fwww.emiliosilveravazquez.com%2Fblog%2F2009%2F10%2F22%2F%25c2%25bftendra-nuestro-universo-mas-dimensiones%2F&amp;t=%C2%BFTendr%C3%A1+nuestro+Universo+m%C3%A1s+Dimensiones%3F' title='Yahoo' target='_blank' rel='nofollow'><img src='http:\/\/www.emiliosilveravazquez.com\/blog\/wp-content\/plugins\/knxdt-bookmarks-wordpress-plugin\/images\/yahoo.png'  alt='' class='book_img' border='none' style='margin:1px; padding: 0;'  \/><\/a><\/span><span class='pushbutton'><a href='http:\/\/www.technorati.com\/faves?add=http%3A%2F%2Fwww.emiliosilveravazquez.com%2Fblog%2F2009%2F10%2F22%2F%25c2%25bftendra-nuestro-universo-mas-dimensiones%2F' title='Technorati' target='_blank' rel='nofollow'><img src='http:\/\/www.emiliosilveravazquez.com\/blog\/wp-content\/plugins\/knxdt-bookmarks-wordpress-plugin\/images\/technorati.png'  alt='' class='book_img' border='none' style='margin:1px; padding: 0;'  \/><\/a><\/span><span class='pushbutton'><a href='http:\/\/meneame.net\/submit.php?url=http%3A%2F%2Fwww.emiliosilveravazquez.com%2Fblog%2F2009%2F10%2F22%2F%25c2%25bftendra-nuestro-universo-mas-dimensiones%2F' title='Meneame' target='_blank' rel='nofollow'><img src='http:\/\/www.emiliosilveravazquez.com\/blog\/wp-content\/plugins\/knxdt-bookmarks-wordpress-plugin\/images\/meneame.png'  alt='' class='book_img' border='none' style='margin:1px; padding: 0;'  \/><\/a><\/span><span class='pushbutton'><a href='http:\/\/enchilame.com\/submit.php?url=http:\/\/www.emiliosilveravazquez.com\/blog\/2009\/10\/22\/%c2%bftendra-nuestro-universo-mas-dimensiones\/' target='_blank' rel='nofollow'><img title='Enchilame' src='http:\/\/www.emiliosilveravazquez.com\/blog\/wp-content\/plugins\/knxdt-bookmarks-wordpress-plugin\/images\/enchilame.png'  alt='' class='book_img' border='none' style='margin:1px; padding: 0;'  \/><\/a><\/span><span class='pushbutton'><a href='http:\/\/www.blinklist.com\/index.php?Action=Blink\/addblink.php&amp;Description=&amp;Url=http%3A%2F%2Fwww.emiliosilveravazquez.com%2Fblog%2F2009%2F10%2F22%2F%25c2%25bftendra-nuestro-universo-mas-dimensiones%2F&amp;title=%C2%BFTendr%C3%A1+nuestro+Universo+m%C3%A1s+Dimensiones%3F' title='BlinkList' target='_blank' rel='nofollow'><img src='http:\/\/www.emiliosilveravazquez.com\/blog\/wp-content\/plugins\/knxdt-bookmarks-wordpress-plugin\/images\/blinklist.png'  alt='' class='book_img' border='none' style='margin:1px; padding: 0;'  \/><\/a><\/span><span class='pushbutton'><a href='http:\/\/reddit.com\/submit?url=http%3A%2F%2Fwww.emiliosilveravazquez.com%2Fblog%2F2009%2F10%2F22%2F%25c2%25bftendra-nuestro-universo-mas-dimensiones%2F&amp;title=%C2%BFTendr%C3%A1+nuestro+Universo+m%C3%A1s+Dimensiones%3F' title='Reddit' target='_blank' rel='nofollow'><img src='http:\/\/www.emiliosilveravazquez.com\/blog\/wp-content\/plugins\/knxdt-bookmarks-wordpress-plugin\/images\/reddit.png'  alt='' class='book_img' border='none' style='margin:1px; padding: 0;'  \/><\/a><\/span><span class='pushbutton'><a href='http:\/\/www.tecnologiadiaria.com\/2009\/07\/abrir-com-hotmail-correo.html' target='_blank' title='hotmail'><img src='http:\/\/www.emiliosilveravazquez.com\/blog\/wp-content\/plugins\/knxdt-bookmarks-wordpress-plugin\/images\/linklove.png' alt='hotmail correo' class='book_img' border='none' style='margin:1px; padding: 0;' \/><\/a><\/span><span class='pushbutton'><a href='http:\/\/bitacoras.com\/votar\/anotacion\/externo\/mini\/www.emiliosilveravazquez.com\/blog\/2009\/10\/22\/%c2%bftendra-nuestro-universo-mas-dimensiones\/' title='Bitacoras.com' target='_blank' rel='nofollow'><img src='http:\/\/www.emiliosilveravazquez.com\/blog\/wp-content\/plugins\/knxdt-bookmarks-wordpress-plugin\/images\/bitacoras.png'  alt='' class='book_img' border='none' style='margin:1px; padding: 0;'  \/><\/a><\/span><span class='pushbutton'><a href='http:\/\/www.wikio.es\/vote?url=http%3A%2F%2Fwww.emiliosilveravazquez.com%2Fblog%2F2009%2F10%2F22%2F%25c2%25bftendra-nuestro-universo-mas-dimensiones%2F' title='Wikio' target='_blank' rel='nofollow'><img src='http:\/\/www.emiliosilveravazquez.com\/blog\/wp-content\/plugins\/knxdt-bookmarks-wordpress-plugin\/images\/wikio.png'   alt='' class='book_img' border='none' style='margin:1px; padding: 0;'   \/><\/a><\/span><span class='pushbutton'><a href='http:\/\/friendfeed.com\/?url=http%3A%2F%2Fwww.emiliosilveravazquez.com%2Fblog%2F2009%2F10%2F22%2F%25c2%25bftendra-nuestro-universo-mas-dimensiones%2F&amp;title=%C2%BFTendr%C3%A1+nuestro+Universo+m%C3%A1s+Dimensiones%3F' title='Friend Feed' target='_blank' rel='nofollow'><img src='http:\/\/www.emiliosilveravazquez.com\/blog\/wp-content\/plugins\/knxdt-bookmarks-wordpress-plugin\/images\/friendfeed.png'  alt='' class='book_img' border='none' style='margin:1px; padding: 0;'  \/><\/a><\/span><span class='pushbutton'><a href='http:\/\/www.facebook.com\/share.php?u=http%3A%2F%2Fwww.emiliosilveravazquez.com%2Fblog%2F2009%2F10%2F22%2F%25c2%25bftendra-nuestro-universo-mas-dimensiones%2F&amp;t=%C2%BFTendr%C3%A1+nuestro+Universo+m%C3%A1s+Dimensiones%3F' title='Facebook' target='_blank' rel='nofollow'><img src='http:\/\/www.emiliosilveravazquez.com\/blog\/wp-content\/plugins\/knxdt-bookmarks-wordpress-plugin\/images\/facebook.png'  alt='' class='book_img' border='none' style='margin:1px; padding: 0;'  \/><\/a><\/span><span class='pushbutton'><a href='http:\/\/twitter.com\/home?status=%C2%BFTendr%C3%A1+nuestro+Universo+m%C3%A1s+Dimensiones%3F: http%3A%2F%2Fwww.emiliosilveravazquez.com%2Fblog%2F2009%2F10%2F22%2F%25c2%25bftendra-nuestro-universo-mas-dimensiones%2F' title='Twitter' target='_blank' rel='nofollow'><img src='http:\/\/www.emiliosilveravazquez.com\/blog\/wp-content\/plugins\/knxdt-bookmarks-wordpress-plugin\/images\/twitter.png'  alt='' class='book_img' border='none' style='margin:1px; padding: 0;'  \/><\/a><\/span><span class='pushbutton'><a href='http:\/\/www.feedburner.com\/fb\/a\/emailFlare?itemTitle=%C2%BFTendr%C3%A1+nuestro+Universo+m%C3%A1s+Dimensiones%3F&amp;uri=http%3A%2F%2Fwww.emiliosilveravazquez.com%2Fblog%2F2009%2F10%2F22%2F%25c2%25bftendra-nuestro-universo-mas-dimensiones%2F' title='Enviar por Email' target='_blank' rel='nofollow'><img src='http:\/\/www.emiliosilveravazquez.com\/blog\/wp-content\/plugins\/knxdt-bookmarks-wordpress-plugin\/images\/email.png'  alt='' class='book_img' border='none' style='margin:1px; padding: 0;'  \/><\/a><\/span><span style='font-weight:bold; padding-left: 5px;'><a href='http:\/\/wordpress.org\/extend\/plugins\/knxdt-bookmarks-wordpress-plugin\/' title='Plugin' rel='nofollow' target='_blank'>[?]<\/a><\/span><\/td><\/tr><\/table><br\/><br\/><\/div>","protected":false},"excerpt":{"rendered":"<p>Mirando al cielo estrellado, o desde la orilla, la inmensidad del oc\u00e9ano que se pierde en el horizonte, nos podr\u00edamos sentir insignificantes.\u00a0 Sin embargo, no es as\u00ed como debemos mirarlo.\u00a0 He dicho alguna vez que, todo lo grande est\u00e1 hecho de cosas peque\u00f1as, y, esa afirmaci\u00f3n nos d\u00e1 la respuesta.\u00a0 Formamos parte de algo muy [&hellip;]<\/p>\n","protected":false},"author":2,"featured_media":0,"comment_status":"open","ping_status":"open","sticky":false,"template":"","format":"standard","meta":{"_s2mail":"","footnotes":""},"categories":[8],"tags":[],"_links":{"self":[{"href":"http:\/\/www.emiliosilveravazquez.com\/blog\/wp-json\/wp\/v2\/posts\/1182"}],"collection":[{"href":"http:\/\/www.emiliosilveravazquez.com\/blog\/wp-json\/wp\/v2\/posts"}],"about":[{"href":"http:\/\/www.emiliosilveravazquez.com\/blog\/wp-json\/wp\/v2\/types\/post"}],"author":[{"embeddable":true,"href":"http:\/\/www.emiliosilveravazquez.com\/blog\/wp-json\/wp\/v2\/users\/2"}],"replies":[{"embeddable":true,"href":"http:\/\/www.emiliosilveravazquez.com\/blog\/wp-json\/wp\/v2\/comments?post=1182"}],"version-history":[{"count":0,"href":"http:\/\/www.emiliosilveravazquez.com\/blog\/wp-json\/wp\/v2\/posts\/1182\/revisions"}],"wp:attachment":[{"href":"http:\/\/www.emiliosilveravazquez.com\/blog\/wp-json\/wp\/v2\/media?parent=1182"}],"wp:term":[{"taxonomy":"category","embeddable":true,"href":"http:\/\/www.emiliosilveravazquez.com\/blog\/wp-json\/wp\/v2\/categories?post=1182"},{"taxonomy":"post_tag","embeddable":true,"href":"http:\/\/www.emiliosilveravazquez.com\/blog\/wp-json\/wp\/v2\/tags?post=1182"}],"curies":[{"name":"wp","href":"https:\/\/api.w.org\/{rel}","templated":true}]}}