{"id":11810,"date":"2014-12-24T06:56:14","date_gmt":"2014-12-24T05:56:14","guid":{"rendered":"http:\/\/www.emiliosilveravazquez.com\/blog\/?p=11810"},"modified":"2014-12-24T06:56:14","modified_gmt":"2014-12-24T05:56:14","slug":"%c2%a1la-desigualdad-%c2%bfcambiaremos-alguna-vez-2","status":"publish","type":"post","link":"http:\/\/www.emiliosilveravazquez.com\/blog\/2014\/12\/24\/%c2%a1la-desigualdad-%c2%bfcambiaremos-alguna-vez-2\/","title":{"rendered":"\u00a1La desigualdad! \u00bfCambiaremos alguna vez?"},"content":{"rendered":"<div>\n<h2 style=\"text-align: justify;\">\u00a0 <a href=\"http:\/\/www.emiliosilveravazquez.com\/blog\/2014\/05\/05\/la-comprension-del-universo-2\/\" rel=\"prev\">La comprensi\u00f3n del Universo<\/a><\/h2>\n<\/div>\n<div style=\"text-align: justify;\">\n<div><a href=\"http:\/\/www.emiliosilveravazquez.com\/blog\/2014\/05\/06\/si-muchas-son-las-cosas-que-no-sabemos-2\/\" rel=\"next\">S\u00ed, muchas son, las cosas que no sabemos<\/a><\/div>\n<\/div>\n<h3><\/h3>\n<p>&nbsp;<\/p>\n<blockquote><p><img decoding=\"async\" title=\"Turba III. serie La masa (2005)\" src=\"http:\/\/a1.typepad.com\/6a0168e601491e970c019b043522b9970d-550wi\" alt=\"Turba III. serie La masa (2005)\" \/><\/p>\n<p>&nbsp;<\/p>\n<p style=\"text-align: justify;\">S\u00ed, es posible que la peor enfermedad del ignorante sea el no saber que lo es. Tal como van las cosas, parece que una parte de los habitantes del planeta est\u00e1n procurando que el resto de sus cong\u00e9neres, est\u00e9n situados en una zona nebulosa, inmersa en la vor\u00e1gine que han creado para ellos de hipotecas, trabajos precarios o de muchas horas y mal remunerados, con pocas posibilidades de acceder al conocimiento. Esa parte situada en la regi\u00f3n privilegiada, necesita que todos los dem\u00e1s -esa mayor\u00eda silenciosa-, trabajen para que ellos puedan vivir en \u201cotro mundo\u201d y, como dec\u00eda aquel, \u201cla buena vida es cara.\u00a0 Hay otra m\u00e1s barata pero\u2026, \u00a1esa no es vida!\u201d. As\u00ed que, a costa de lo que sea, esa casta de privilegios (no siempre merecidos), mantiene esa desigualdad que, para ellos, es lo conveniente. \u00bfLa moral y la Conciencia? Bueno, para toda esa gente, esos son conceptos que pueden acomodar en sus mentes seg\u00fan les convenga en cada momento. Lo penoso de esta realidad es que, si miramos con atenci\u00f3n, podemos ver que la gente, en general, no es feliz.<\/p>\n<\/blockquote>\n<p style=\"text-align: justify;\"><img decoding=\"async\" loading=\"lazy\" src=\"http:\/\/3.bp.blogspot.com\/-wLZMudWMjbY\/T3EAoFZYhMI\/AAAAAAAAAiA\/cHVAcc7sgVE\/s320\/desigualdad-social.jpg\" alt=\"\" width=\"320\" height=\"320\" border=\"0\" \/><\/p>\n<p style=\"text-align: justify;\">Siempre hemos o\u00eddo decir que en el mundo,\u00a0 para que sea mundo, tiene que haber de todo. Est\u00e1 claro que ni todos podemos ser <a href=\"http:\/\/www.emiliosilveravazquez.com\/blog\/2014\/05\/06\/%C2%A1la-desigualdad-%C2%BFcambiaremos-alguna-vez\/#\"><a href=\"#\" onclick=\"referencia('einstein',event); return false;\">Einstein<\/a><\/a> ni tampoco todos podemos ser millonarios. Sin embargo, ser\u00eda deseable que todos pudieran tener un m\u00ednimo que asegure su dignidad como personas, \u00bfcu\u00e1ntos cient\u00edficos podemos perder por el simple hecho de que, sus padres, no pueden darle una educaci\u00f3n adecuada? Son muchas, las personas inteligentes que no pueden desarrollar sus capacidades por falta de medios y, desde muy j\u00f3venes, se ven obligados a trabajar en lo que sea para poder llevar la vida adelante, y, de esa manera, no solo son ellos los que pierden, sino que, la Sociedad en su conjunto, se ve privada de lo que esas mentes pudieran ofrecer.<\/p>\n<p style=\"text-align: justify;\"><img decoding=\"async\" loading=\"lazy\" id=\"irc_mi\" src=\"http:\/\/redi.um.es\/campusdigital\/images\/stories\/0000qw.jpg\" alt=\"\" width=\"561\" height=\"393\" \/><\/p>\n<p style=\"text-align: justify;\">Escenas como la de arriba me reconfortan. Tenemos la obligaci\u00f3n de procurar a los j\u00f3venes ese espacio que les permita desarrollarse como personas y que, cada cual, pueda elegir libremente lo que quiere hacer el d\u00eda de ma\u00f1ana, que puedan estudiar y prepararse para hacer frente a la vida con todas las garant\u00edas de una buena preparaci\u00f3n. Que cada uno sea libre de escoger hasta d\u00f3nde quiere sacrificarse para construir su futuro.Sin embargo, para que eso sea posible, desde ni\u00f1os debemos ense\u00f1arle el camino a seguir y, para que eso sea posible, tiene que estar presente la posibilidad de poder hacerlo sin muros econ\u00f3micos que lo puedan impedir.<\/p>\n<blockquote><p>\u201cEs preferible ense\u00f1ar a los jovenes de hoy, para no tener que castigar a los adultos delincuentes del ma\u00f1ana\u201d<\/p>\n<p>&nbsp;<\/p><\/blockquote>\n<p style=\"text-align: justify;\"><img decoding=\"async\" loading=\"lazy\" id=\"irc_mi\" src=\"http:\/\/cde.publimetro.e3.pe\/ima\/0\/0\/0\/1\/4\/14421.jpg\" alt=\"\" width=\"553\" height=\"393\" \/><\/p>\n<p style=\"text-align: justify;\">\u00a0\u00a0\u00a0\u00a0\u00a0\u00a0\u00a0 Es corriente contemplar cada d\u00eda escenas que deprimen, que nos encogen el Alma<\/p>\n<p style=\"text-align: justify;\">\u00bfEliminar las desigualdades? \u00bfDesde cuando vengo oyendo esa cantinela? En ese sentido,\u00a0 la Humanidad tiene una gran asignatura pendiente. Bueno, mejor ser\u00eda decir que una parte de la Humanidad tiene una deuda pendiente que no acaba de pagar. Lo bueno ser\u00eda que, como hacen los recaudadores de Hacienda, \u00a1los pudi\u00e9ramos embargas! Toda esa \u201cgentuza\u201d que, envueltos en tapicer\u00edas de cuero, confortablemente instalados en casas inmensas, con fortunas que no siempre son el fruto de un buen hacer, no mueven ni un dedo por remediar este mal del mundo que ellos, han ayudado a crear. No es suficiente para acallar sus conciencias con que, de vez en cuando, hagan alguna donaci\u00f3n y presuman de ayudar al necesitado, cuando la realidad, es que les importa un bledo que esa gran parte del mundo mal viva en condiciones tan precarias que, no pocas veces, es la muerte por hambre su destino.<\/p>\n<p style=\"text-align: justify;\"><img decoding=\"async\" loading=\"lazy\" id=\"irc_mi\" src=\"http:\/\/www.conevyt.org.mx\/cursos\/cursos\/mexico\/contenidos\/recursos\/revista\/imagenes\/41.jpg\" alt=\"\" width=\"534\" height=\"286\" \/><\/p>\n<p style=\"text-align: justify;\">Las desigualdades en nuestro mundo son muy profundas y, no todos son conscientes de ello<\/p>\n<p style=\"text-align: justify;\">Mucho es lo que se habla de \u201cDerechos Humanos\u201d y, en cualquier parte podemos leer bonitas palabras que est\u00e1n muy lejos de la realidad: \u201cLos <strong>derechos humanos<\/strong> son aquellas \u201c<em>condiciones instrumentales que le permiten a la persona su realizaci\u00f3n<\/em>\u201c. En consecuencia subsume aquellas libertades, facultades, instituciones o reivindicaciones relativas a bienes primarios o b\u00e1sicos<sup id=\"cite_ref-2\"><a href=\"http:\/\/es.wikipedia.org\/wiki\/Derechos_humanos#cite_note-2\">2<\/a><\/sup> que incluyen a toda persona, por el simple hecho de su condici\u00f3n humana, para la garant\u00eda de una vida digna, \u00absin distinci\u00f3n alguna de raza, color, sexo, idioma, religi\u00f3n, opini\u00f3n pol\u00edtica o de cualquier otra \u00edndole, origen nacional o social, posici\u00f3n econ\u00f3mica, nacimiento o cualquier otra condici\u00f3n.\u201d<\/p>\n<p style=\"text-align: justify;\">Todos estos tratados internacionales que han sido suscritos por las naciones del mundo, al final del camino, se han quedado en rimbombantes declaraciones sin sentido pr\u00e1ctico alguno, su eficacia en el \u201cmundo real\u201d nunca lleg\u00f3 a <a href=\"http:\/\/www.emiliosilveravazquez.com\/blog\/2014\/05\/06\/%C2%A1la-desigualdad-%C2%BFcambiaremos-alguna-vez\/#\"><a href=\"#\" onclick=\"referencia('plasma',event); return false;\">plasma<\/a><\/a>rse y, podemos ver, sin embargo, como priman los hechos que est\u00e1n encaminados a conseguir m\u00e1s poder y dinero a costa de lo que sea. Ese \u201clo que sea\u201d, nos lleva, en no pocos casos, a escenarios de dolor y muerte como, en estos momentos podemos ver en Chechenia, Siria y otras regiones del mundo en las que, la lucha por el poder y el dinero no puede ser frenada por nada ni por nadie.<\/p>\n<p style=\"text-align: justify;\"><img decoding=\"async\" loading=\"lazy\" src=\"https:\/\/encrypted-tbn0.gstatic.com\/images?q=tbn:ANd9GcTY9wnHgQWZQOUIbdFbp2M-yIU1blYzCpXWmM8GDQJ72fquo3_e\" alt=\"\" width=\"400\" height=\"303\" \/><\/p>\n<p style=\"text-align: justify;\">\u00a0\u00a0\u00a0 Est\u00e1 claro que esto no es convencer por medio de la palabra<\/p>\n<p style=\"text-align: justify;\">Nuestro planeta, la Tierra, es de todos los que en \u00e9l habitamos (tambi\u00e9n las criaturas no humanas tienen derecho a tener su propio espacio que debemos respetar) y, desde luego, a estas alturas es inadmisible que unos pocos quieran controlar grandes regiones y hacerlas exclusivas, apropiandose de sus riquezas a costa de que otros muchos lo pasen mal y no tengan, ese m\u00ednimo que a nadie debiera faltar.<\/p>\n<p style=\"text-align: justify;\"><img decoding=\"async\" id=\"BLOGGER_PHOTO_ID_5349176058621735890\" src=\"http:\/\/3.bp.blogspot.com\/_0uawuZFygtQ\/SjwXSL8sM9I\/AAAAAAAAAE0\/szZlhcrGI3E\/s400\/democa_reformismo.jpg\" alt=\"\" border=\"0\" \/><\/p>\n<p style=\"text-align: justify;\">No importa en que lugar del mundo podamos estar. Todos formamos parte de un mismo ecosistema que nos da cobijo y, permitir desigualdades es un signo de ignorancia no exenta uan brutalidad en la que no tiene cabida la conciencia, la moral, ni la ley. Debemos construir un Estado de Derecho en el que todos se\u00e1mos uno, en el que la Justicia impere y en el que, en lugar de bellas palabras que se conviertan en humo, sean los hechos los que prevalezcan para el bien com\u00fan, sea el estado natural de las cosas.<\/p>\n<p style=\"text-align: justify;\"><img decoding=\"async\" loading=\"lazy\" title=\"JUSTICIA CIEGA\" src=\"http:\/\/www.cadep.ufm.edu\/blog\/wp-content\/uploads\/2011\/12\/JUSTICIA-CIEGA2-192x300.jpg\" alt=\"\" width=\"192\" height=\"300\" \/><\/p>\n<p style=\"text-align: justify;\">Dicen que la Justicia es ciega y, yo me pregunto: \u00bfNo es ya el momento de que se quite la venda de los ojos? Seguramente se quedar\u00eda paralizada por el terror, al contemplar,\u00a0 la fealdad del mundo. La pobre Justicia, ajena a la realidad, est\u00e1 supeditada a las leyes de los hombres que, desgraciadamente,\u00a0 no siempre sonjustas ni tampoco imparciales.<\/p>\n<p style=\"text-align: justify;\">Si la manera de impartir la Justifcia dependen del ajusticiado&#8230; \u00a1Apaga y vamonos! Sea qui\u00e9n sea el que hizo el desman&#8230; \u00a1Que lo pague!<\/p>\n<p style=\"text-align: justify;\">emilio ssilvera<\/p>\n<div class='bookmark'>\r\n\t\t<table align='left' border='0' cellpadding='0' width='100%'>\r\n\t\t<tr><td><span class='pushbutton'><a href='http:\/\/delicious.com\/post?url=http%3A%2F%2Fwww.emiliosilveravazquez.com%2Fblog%2F2014%2F12%2F24%2F%25c2%25a1la-desigualdad-%25c2%25bfcambiaremos-alguna-vez-2%2F&amp;title=%C2%A1La+desigualdad%21+%C2%BFCambiaremos+alguna+vez%3F' title='Delicious' target='_blank' rel='nofollow'><img src='http:\/\/www.emiliosilveravazquez.com\/blog\/wp-content\/plugins\/knxdt-bookmarks-wordpress-plugin\/images\/delicious.png'  alt='' class='book_img' border='none' style='margin:1px; padding: 0;'  \/><\/a><\/span><span class='pushbutton'><a href='http:\/\/digg.com\/submit?url=http%3A%2F%2Fwww.emiliosilveravazquez.com%2Fblog%2F2014%2F12%2F24%2F%25c2%25a1la-desigualdad-%25c2%25bfcambiaremos-alguna-vez-2%2F&amp;title=%C2%A1La+desigualdad%21+%C2%BFCambiaremos+alguna+vez%3F' title='Digg' target='_blank' rel='nofollow'><img src='http:\/\/www.emiliosilveravazquez.com\/blog\/wp-content\/plugins\/knxdt-bookmarks-wordpress-plugin\/images\/digg.png'  alt='' class='book_img' border='none' style='margin:1px; padding: 0;'  \/><\/a><\/span><span class='pushbutton'><a href='http:\/\/www.google.com\/bookmarks\/mark?op=edit&amp;bkmk=http%3A%2F%2Fwww.emiliosilveravazquez.com%2Fblog%2F2014%2F12%2F24%2F%25c2%25a1la-desigualdad-%25c2%25bfcambiaremos-alguna-vez-2%2F&amp;title=%C2%A1La+desigualdad%21+%C2%BFCambiaremos+alguna+vez%3F' title='Google' target='_blank' rel='nofollow'><img src='http:\/\/www.emiliosilveravazquez.com\/blog\/wp-content\/plugins\/knxdt-bookmarks-wordpress-plugin\/images\/google.png'   alt='' class='book_img' border='none' style='margin:1px; padding: 0;'  \/><\/a><\/span><span class='pushbutton'><a href='http:\/\/myweb2.search.yahoo.com\/myresults\/bookmarklet?u=http%3A%2F%2Fwww.emiliosilveravazquez.com%2Fblog%2F2014%2F12%2F24%2F%25c2%25a1la-desigualdad-%25c2%25bfcambiaremos-alguna-vez-2%2F&amp;t=%C2%A1La+desigualdad%21+%C2%BFCambiaremos+alguna+vez%3F' title='Yahoo' target='_blank' rel='nofollow'><img src='http:\/\/www.emiliosilveravazquez.com\/blog\/wp-content\/plugins\/knxdt-bookmarks-wordpress-plugin\/images\/yahoo.png'  alt='' class='book_img' border='none' style='margin:1px; padding: 0;'  \/><\/a><\/span><span class='pushbutton'><a href='http:\/\/www.technorati.com\/faves?add=http%3A%2F%2Fwww.emiliosilveravazquez.com%2Fblog%2F2014%2F12%2F24%2F%25c2%25a1la-desigualdad-%25c2%25bfcambiaremos-alguna-vez-2%2F' title='Technorati' target='_blank' rel='nofollow'><img src='http:\/\/www.emiliosilveravazquez.com\/blog\/wp-content\/plugins\/knxdt-bookmarks-wordpress-plugin\/images\/technorati.png'  alt='' class='book_img' border='none' style='margin:1px; padding: 0;'  \/><\/a><\/span><span class='pushbutton'><a href='http:\/\/meneame.net\/submit.php?url=http%3A%2F%2Fwww.emiliosilveravazquez.com%2Fblog%2F2014%2F12%2F24%2F%25c2%25a1la-desigualdad-%25c2%25bfcambiaremos-alguna-vez-2%2F' title='Meneame' target='_blank' rel='nofollow'><img src='http:\/\/www.emiliosilveravazquez.com\/blog\/wp-content\/plugins\/knxdt-bookmarks-wordpress-plugin\/images\/meneame.png'  alt='' class='book_img' border='none' style='margin:1px; padding: 0;'  \/><\/a><\/span><span class='pushbutton'><a href='http:\/\/enchilame.com\/submit.php?url=http:\/\/www.emiliosilveravazquez.com\/blog\/2014\/12\/24\/%c2%a1la-desigualdad-%c2%bfcambiaremos-alguna-vez-2\/' target='_blank' rel='nofollow'><img title='Enchilame' src='http:\/\/www.emiliosilveravazquez.com\/blog\/wp-content\/plugins\/knxdt-bookmarks-wordpress-plugin\/images\/enchilame.png'  alt='' class='book_img' border='none' style='margin:1px; padding: 0;'  \/><\/a><\/span><span class='pushbutton'><a href='http:\/\/www.blinklist.com\/index.php?Action=Blink\/addblink.php&amp;Description=&amp;Url=http%3A%2F%2Fwww.emiliosilveravazquez.com%2Fblog%2F2014%2F12%2F24%2F%25c2%25a1la-desigualdad-%25c2%25bfcambiaremos-alguna-vez-2%2F&amp;title=%C2%A1La+desigualdad%21+%C2%BFCambiaremos+alguna+vez%3F' title='BlinkList' target='_blank' rel='nofollow'><img src='http:\/\/www.emiliosilveravazquez.com\/blog\/wp-content\/plugins\/knxdt-bookmarks-wordpress-plugin\/images\/blinklist.png'  alt='' class='book_img' border='none' style='margin:1px; padding: 0;'  \/><\/a><\/span><span class='pushbutton'><a href='http:\/\/reddit.com\/submit?url=http%3A%2F%2Fwww.emiliosilveravazquez.com%2Fblog%2F2014%2F12%2F24%2F%25c2%25a1la-desigualdad-%25c2%25bfcambiaremos-alguna-vez-2%2F&amp;title=%C2%A1La+desigualdad%21+%C2%BFCambiaremos+alguna+vez%3F' title='Reddit' target='_blank' rel='nofollow'><img src='http:\/\/www.emiliosilveravazquez.com\/blog\/wp-content\/plugins\/knxdt-bookmarks-wordpress-plugin\/images\/reddit.png'  alt='' class='book_img' border='none' style='margin:1px; padding: 0;'  \/><\/a><\/span><span class='pushbutton'><a href='http:\/\/www.tecnologiadiaria.com\/2009\/07\/abrir-com-hotmail-correo.html' target='_blank' title='hotmail'><img src='http:\/\/www.emiliosilveravazquez.com\/blog\/wp-content\/plugins\/knxdt-bookmarks-wordpress-plugin\/images\/linklove.png' alt='hotmail correo' class='book_img' border='none' style='margin:1px; padding: 0;' \/><\/a><\/span><span class='pushbutton'><a href='http:\/\/bitacoras.com\/votar\/anotacion\/externo\/mini\/www.emiliosilveravazquez.com\/blog\/2014\/12\/24\/%c2%a1la-desigualdad-%c2%bfcambiaremos-alguna-vez-2\/' title='Bitacoras.com' target='_blank' rel='nofollow'><img src='http:\/\/www.emiliosilveravazquez.com\/blog\/wp-content\/plugins\/knxdt-bookmarks-wordpress-plugin\/images\/bitacoras.png'  alt='' class='book_img' border='none' style='margin:1px; padding: 0;'  \/><\/a><\/span><span class='pushbutton'><a href='http:\/\/www.wikio.es\/vote?url=http%3A%2F%2Fwww.emiliosilveravazquez.com%2Fblog%2F2014%2F12%2F24%2F%25c2%25a1la-desigualdad-%25c2%25bfcambiaremos-alguna-vez-2%2F' title='Wikio' target='_blank' rel='nofollow'><img src='http:\/\/www.emiliosilveravazquez.com\/blog\/wp-content\/plugins\/knxdt-bookmarks-wordpress-plugin\/images\/wikio.png'   alt='' class='book_img' border='none' style='margin:1px; padding: 0;'   \/><\/a><\/span><span class='pushbutton'><a href='http:\/\/friendfeed.com\/?url=http%3A%2F%2Fwww.emiliosilveravazquez.com%2Fblog%2F2014%2F12%2F24%2F%25c2%25a1la-desigualdad-%25c2%25bfcambiaremos-alguna-vez-2%2F&amp;title=%C2%A1La+desigualdad%21+%C2%BFCambiaremos+alguna+vez%3F' title='Friend Feed' target='_blank' rel='nofollow'><img src='http:\/\/www.emiliosilveravazquez.com\/blog\/wp-content\/plugins\/knxdt-bookmarks-wordpress-plugin\/images\/friendfeed.png'  alt='' class='book_img' border='none' style='margin:1px; padding: 0;'  \/><\/a><\/span><span class='pushbutton'><a href='http:\/\/www.facebook.com\/share.php?u=http%3A%2F%2Fwww.emiliosilveravazquez.com%2Fblog%2F2014%2F12%2F24%2F%25c2%25a1la-desigualdad-%25c2%25bfcambiaremos-alguna-vez-2%2F&amp;t=%C2%A1La+desigualdad%21+%C2%BFCambiaremos+alguna+vez%3F' title='Facebook' target='_blank' rel='nofollow'><img src='http:\/\/www.emiliosilveravazquez.com\/blog\/wp-content\/plugins\/knxdt-bookmarks-wordpress-plugin\/images\/facebook.png'  alt='' class='book_img' border='none' style='margin:1px; padding: 0;'  \/><\/a><\/span><span class='pushbutton'><a href='http:\/\/twitter.com\/home?status=%C2%A1La+desigualdad%21+%C2%BFCambiaremos+alguna+vez%3F: http%3A%2F%2Fwww.emiliosilveravazquez.com%2Fblog%2F2014%2F12%2F24%2F%25c2%25a1la-desigualdad-%25c2%25bfcambiaremos-alguna-vez-2%2F' title='Twitter' target='_blank' rel='nofollow'><img src='http:\/\/www.emiliosilveravazquez.com\/blog\/wp-content\/plugins\/knxdt-bookmarks-wordpress-plugin\/images\/twitter.png'  alt='' class='book_img' border='none' style='margin:1px; padding: 0;'  \/><\/a><\/span><span class='pushbutton'><a href='http:\/\/www.feedburner.com\/fb\/a\/emailFlare?itemTitle=%C2%A1La+desigualdad%21+%C2%BFCambiaremos+alguna+vez%3F&amp;uri=http%3A%2F%2Fwww.emiliosilveravazquez.com%2Fblog%2F2014%2F12%2F24%2F%25c2%25a1la-desigualdad-%25c2%25bfcambiaremos-alguna-vez-2%2F' title='Enviar por Email' target='_blank' rel='nofollow'><img src='http:\/\/www.emiliosilveravazquez.com\/blog\/wp-content\/plugins\/knxdt-bookmarks-wordpress-plugin\/images\/email.png'  alt='' class='book_img' border='none' style='margin:1px; padding: 0;'  \/><\/a><\/span><span style='font-weight:bold; padding-left: 5px;'><a href='http:\/\/wordpress.org\/extend\/plugins\/knxdt-bookmarks-wordpress-plugin\/' title='Plugin' rel='nofollow' target='_blank'>[?]<\/a><\/span><\/td><\/tr><\/table><br\/><br\/><\/div>","protected":false},"excerpt":{"rendered":"<p>\u00a0 La comprensi\u00f3n del Universo S\u00ed, muchas son, las cosas que no sabemos &nbsp; &nbsp; S\u00ed, es posible que la peor enfermedad del ignorante sea el no saber que lo es. Tal como van las cosas, parece que una parte de los habitantes del planeta est\u00e1n procurando que el resto de sus cong\u00e9neres, est\u00e9n situados [&hellip;]<\/p>\n","protected":false},"author":2,"featured_media":0,"comment_status":"open","ping_status":"open","sticky":false,"template":"","format":"standard","meta":{"_s2mail":"yes","footnotes":""},"categories":[344],"tags":[],"_links":{"self":[{"href":"http:\/\/www.emiliosilveravazquez.com\/blog\/wp-json\/wp\/v2\/posts\/11810"}],"collection":[{"href":"http:\/\/www.emiliosilveravazquez.com\/blog\/wp-json\/wp\/v2\/posts"}],"about":[{"href":"http:\/\/www.emiliosilveravazquez.com\/blog\/wp-json\/wp\/v2\/types\/post"}],"author":[{"embeddable":true,"href":"http:\/\/www.emiliosilveravazquez.com\/blog\/wp-json\/wp\/v2\/users\/2"}],"replies":[{"embeddable":true,"href":"http:\/\/www.emiliosilveravazquez.com\/blog\/wp-json\/wp\/v2\/comments?post=11810"}],"version-history":[{"count":0,"href":"http:\/\/www.emiliosilveravazquez.com\/blog\/wp-json\/wp\/v2\/posts\/11810\/revisions"}],"wp:attachment":[{"href":"http:\/\/www.emiliosilveravazquez.com\/blog\/wp-json\/wp\/v2\/media?parent=11810"}],"wp:term":[{"taxonomy":"category","embeddable":true,"href":"http:\/\/www.emiliosilveravazquez.com\/blog\/wp-json\/wp\/v2\/categories?post=11810"},{"taxonomy":"post_tag","embeddable":true,"href":"http:\/\/www.emiliosilveravazquez.com\/blog\/wp-json\/wp\/v2\/tags?post=11810"}],"curies":[{"name":"wp","href":"https:\/\/api.w.org\/{rel}","templated":true}]}}