{"id":11765,"date":"2014-12-10T07:04:07","date_gmt":"2014-12-10T06:04:07","guid":{"rendered":"http:\/\/www.emiliosilveravazquez.com\/blog\/?p=11765"},"modified":"2014-12-10T07:04:07","modified_gmt":"2014-12-10T06:04:07","slug":"un-pozo-en-mexico","status":"publish","type":"post","link":"http:\/\/www.emiliosilveravazquez.com\/blog\/2014\/12\/10\/un-pozo-en-mexico\/","title":{"rendered":"Un pozo en M\u00e9xico"},"content":{"rendered":"<div style=\"text-align: justify;\"><img decoding=\"async\" id=\":2je\" src=\"https:\/\/mail.google.com\/mail\/u\/0\/images\/cleardot.gif\" alt=\"\" data-tooltip=\"Muestra detalles\" \/><\/div>\n<div style=\"text-align: justify;\"><img decoding=\"async\" src=\"https:\/\/ci5.googleusercontent.com\/proxy\/4_wqN-aLdJB3t_ny2bMc3FZVvCv9-FnywInNMPkriB1O1ecNe1AQ1tUdbGZcHLxbLuauT2IxioK8bsA00Qmhc46RbfiN4Bva6v2Q6I-rJ6YYArg39Hk_fm92nUTpE4YUearyko2LPQX78dOY=s0-d-e1-ft#http:\/\/estaticos01.elmundo.es\/assets\/multimedia\/imagenes\/2014\/12\/09\/14181064986387.jpg\" alt=\"L\u00edderes iberoamericanos en la Cumbre de Veracruz\" width=\"657\" \/><\/div>\n<div style=\"text-align: justify;\">\n<p>&nbsp;<\/p>\n<p>L\u00edderes iberoamericanos en la Cumbre de Veracruz. EFE<\/p>\n<\/div>\n<div style=\"text-align: justify;\">ALBERTO SOTILLOS<\/div>\n<p style=\"text-align: justify;\">Actualizado: 09\/12\/2014 07:30 horas<\/p>\n<p style=\"text-align: justify;\">Hemos convertido el mundo en un lugar inhumano. No se trata de una queja moral, de una alerta sobre la actual laxitud de valores ni uno de esos relatos para redes sociales que relatan lo ideal que era cuando de peque\u00f1os beb\u00edamos tranquilamente de la fuente de un parque.<\/p>\n<p style=\"text-align: justify;\">No es tan personal ni local, es m\u00e1s una cuesti\u00f3n global que tiene que ver en realidad con una cuesti\u00f3n de <strong>derechos humanos y de la dignidad<\/strong> de esos derechos m\u00e1s all\u00e1 de \u00e9ticas particulares y morales sujetas a creencias divinas.<\/p>\n<p style=\"text-align: justify;\">Se re\u00fanen estos d\u00edas mandatarios de toda <strong>Iberoam\u00e9rica<\/strong> en el epicentro de actualidad de la violencia y por ello de la protesta social y ciudadana. Millones de mexicanos gritan en calles y plazas por los <a href=\"http:\/\/www.elmundo.es\/america\/2014\/12\/07\/54838fa1268e3e112b8b457e.html\" target=\"_blank\">43 j\u00f3venes desparecidos<\/a>, los \u00faltimos -por ahora- de una apocal\u00edptica lista de muertes violentas en el que deber\u00eda ser uno de los mejores pa\u00edses del mundo pero que efectivamente est\u00e1 m\u00e1s cerca de ser ese &#8220;Estado fallido&#8221; que mencionaba <strong>Jos\u00e9 Mujica<\/strong>.<\/p>\n<div style=\"text-align: justify;\">\n<p>El que deber\u00eda ser uno de los mejores pa\u00edses del mundo est\u00e1 m\u00e1s cerca del &#8220;Estado fallido&#8221; que mencionaba Jos\u00e9 Mujica<\/p>\n<\/div>\n<p style=\"text-align: justify;\">Ha sido el \u00fanico en alzar la voz y no pocos han tratado de bajarla de volumen por las consecuencias diplom\u00e1ticas. Consecuencias diplom\u00e1ticas entre pa\u00edses por decir que &#8220;a uno le da una sensaci\u00f3n, visto a la distancia, que se trata de una especie de Estado fallido, que los poderes p\u00fablicos est\u00e1n perdidos totalmente de control, est\u00e1n carcomidos. Es muy doloroso lo de M\u00e9xico&#8221; como literalmente dijo, pero ninguna consecuencia diplom\u00e1tica por la violencia, la falta de explicaciones y la desaparici\u00f3n constante de j\u00f3venes.<\/p>\n<p style=\"text-align: justify;\">La confirmaci\u00f3n de que una de las muestras de huesos recogidas coincide con el ADN de uno de los estudiantes encamina la versi\u00f3n oficial a que los j\u00f3venes fueron detenidos por polic\u00edas locales y entregados a miembros del c\u00e1rtel <strong>Guerreros Unidos<\/strong>, quienes los llevaron al basurero de Cocula, los mataron, los calcinaron en una gran hoguera, trituraron sus huesos, los metieron en bolsas y los echaron al r\u00edo. &#8220;Y hay m\u00e1s evidencias que no voy a mencionar&#8221;, se\u00f1alaba Jes\u00fas Murillo Karam, procurador General de la Rep\u00fablica en informaci\u00f3n recogida por este diario.<\/p>\n<p style=\"text-align: justify;\">Esa es la realidad de <strong>M\u00e9xico<\/strong> hoy, lo urgente y lo importante. Un pozo oscuro que devora todo resto de humanidad y dignidad, uno de los muchos que a lo largo del globo van engullendo nuestros \u00faltimos rastros de humanidad sin que apenas prestemos un gramo de atenci\u00f3n.<\/p>\n<p style=\"text-align: justify;\">Y con ese <a href=\"#\" onclick=\"referencia('agujero negro',event); return false;\">agujero negro<\/a> activo, a pocos kil\u00f3metros de los mayores mandatarios de al menos un cuarto del mundo entero, se est\u00e1n atreviendo a hablar de macroeconom\u00eda o, de como asegura el t\u00edtulo de la <a href=\"http:\/\/www.elmundo.es\/america\/2014\/12\/09\/54866da3e2704e044c8b457c.html\" target=\"_blank\">Cumbre<\/a>, <strong>&#8220;Educaci\u00f3n, cultura e innovaci\u00f3n&#8221;<\/strong>.<\/p>\n<div style=\"text-align: justify;\">\n<p>Se cierra una nueva cumbre donde Iberoam\u00e9rica demuestra estar tan humanamente podrida como cualquier otra parte del mundo<\/p>\n<\/div>\n<p style=\"text-align: justify;\">All\u00ed han estado -entre los primeros en llegar- nuestro nuevo flamante <strong>Rey<\/strong> y el que result\u00f3 ser m\u00e1s votado en Espa\u00f1a para presidir el Gobierno. A coro han aplastado el grito de quienes piden justicia prefiriendo mancharse hablando de datos macroecon\u00f3micos y de crecimientos so\u00f1ados para 2015.<\/p>\n<p style=\"text-align: justify;\">Sin menciones para la realidad que aniquila la vida de mexicanos ante el gobierno de los corruptos y la droga, sin queja alguna ante los responsables m\u00e1ximos de un gobierno incapaz que lleva a demasiados inocentes a pagar por beneficios de mafias institucionalizadas, nuestros representantes p\u00fablicos est\u00e1n negando la voz a quienes la piden para defender vidas.<\/p>\n<p style=\"text-align: justify;\">Hace hasta anecd\u00f3tico que Felipe VI vaya a inaugurar la exposici\u00f3n fotogr\u00e1fica &#8220;<strong>Peregrinos y transterrados<\/strong>&#8221; que recoge buena parte del exilio republicano a M\u00e9xico, cuando en Espa\u00f1a seguimos con nuestra propia indecencia de mantener en cunetas los cuerpos de quienes lucharon por una libertad que les arrebat\u00f3 una dictadura y sigue humillada por una democracia cobarde.<\/p>\n<p style=\"text-align: justify;\">Se van a reunir todos los mandatarios para hablar de lo que no existe con tal de apagar el foco de lo real. Se vomitar\u00e1n cifras tras copiosas comidas oficiales, se enviar\u00e1n titulares grandilocuentes que roben papel a una ciudadan\u00eda desesperada en busca de sus amigos calcinados y triturados por la impunidad y se cerrar\u00e1 con \u00e9xito una nueva cumbre donde Iberoam\u00e9rica demostrar\u00e1 estar tan humanamente podrida como cualquier otra parte del mundo.<\/p>\n<p style=\"text-align: justify;\">Mientras, fuera del control de lo diplom\u00e1ticamente correcto, al margen de la oficialidad de los viajes de Estado, seguir\u00e1n las plazas llenas de multitudes sacudidas por la violencia y rematadas por la indiferencia. Ninguneados frente a la opulenta intelectualidad de lo vac\u00edo, adornada con proyecciones econ\u00f3micas falseadas para mantener la campa\u00f1a promocional que siga creando la eterna sensaci\u00f3n de crecimiento y desarrollo.<\/p>\n<p style=\"text-align: justify;\"><strong>Dos mundos<\/strong>. Uno demasiadas veces sostenido por la esencia de lo corrupto ante el real que lo sufre, relegado a la irrelevancia. Y la demagogia la dise\u00f1an ellos, encerr\u00e1ndose en salas engalanadas para escapar de los gritos de las plazas. No lo digo yo, lo hacen ellos.<\/p>\n<p style=\"text-align: justify;\">El sistema no s\u00f3lo se resquebraja en Espa\u00f1a, tal vez porque lo que nos une a los iberoamericanos sea mucho m\u00e1s que lo creado en la artificialidad de las reuniones de los mandatados.<\/p>\n<p style=\"text-align: justify;\">Fuente: El Diario El Mundo<\/p>\n<div class='bookmark'>\r\n\t\t<table align='left' border='0' cellpadding='0' width='100%'>\r\n\t\t<tr><td><span class='pushbutton'><a href='http:\/\/delicious.com\/post?url=http%3A%2F%2Fwww.emiliosilveravazquez.com%2Fblog%2F2014%2F12%2F10%2Fun-pozo-en-mexico%2F&amp;title=Un+pozo+en+M%C3%A9xico' title='Delicious' target='_blank' rel='nofollow'><img src='http:\/\/www.emiliosilveravazquez.com\/blog\/wp-content\/plugins\/knxdt-bookmarks-wordpress-plugin\/images\/delicious.png'  alt='' class='book_img' border='none' style='margin:1px; padding: 0;'  \/><\/a><\/span><span class='pushbutton'><a href='http:\/\/digg.com\/submit?url=http%3A%2F%2Fwww.emiliosilveravazquez.com%2Fblog%2F2014%2F12%2F10%2Fun-pozo-en-mexico%2F&amp;title=Un+pozo+en+M%C3%A9xico' title='Digg' target='_blank' rel='nofollow'><img src='http:\/\/www.emiliosilveravazquez.com\/blog\/wp-content\/plugins\/knxdt-bookmarks-wordpress-plugin\/images\/digg.png'  alt='' class='book_img' border='none' style='margin:1px; padding: 0;'  \/><\/a><\/span><span class='pushbutton'><a href='http:\/\/www.google.com\/bookmarks\/mark?op=edit&amp;bkmk=http%3A%2F%2Fwww.emiliosilveravazquez.com%2Fblog%2F2014%2F12%2F10%2Fun-pozo-en-mexico%2F&amp;title=Un+pozo+en+M%C3%A9xico' title='Google' target='_blank' rel='nofollow'><img src='http:\/\/www.emiliosilveravazquez.com\/blog\/wp-content\/plugins\/knxdt-bookmarks-wordpress-plugin\/images\/google.png'   alt='' class='book_img' border='none' style='margin:1px; padding: 0;'  \/><\/a><\/span><span class='pushbutton'><a href='http:\/\/myweb2.search.yahoo.com\/myresults\/bookmarklet?u=http%3A%2F%2Fwww.emiliosilveravazquez.com%2Fblog%2F2014%2F12%2F10%2Fun-pozo-en-mexico%2F&amp;t=Un+pozo+en+M%C3%A9xico' title='Yahoo' target='_blank' rel='nofollow'><img src='http:\/\/www.emiliosilveravazquez.com\/blog\/wp-content\/plugins\/knxdt-bookmarks-wordpress-plugin\/images\/yahoo.png'  alt='' class='book_img' border='none' style='margin:1px; padding: 0;'  \/><\/a><\/span><span class='pushbutton'><a href='http:\/\/www.technorati.com\/faves?add=http%3A%2F%2Fwww.emiliosilveravazquez.com%2Fblog%2F2014%2F12%2F10%2Fun-pozo-en-mexico%2F' title='Technorati' target='_blank' rel='nofollow'><img src='http:\/\/www.emiliosilveravazquez.com\/blog\/wp-content\/plugins\/knxdt-bookmarks-wordpress-plugin\/images\/technorati.png'  alt='' class='book_img' border='none' style='margin:1px; padding: 0;'  \/><\/a><\/span><span class='pushbutton'><a href='http:\/\/meneame.net\/submit.php?url=http%3A%2F%2Fwww.emiliosilveravazquez.com%2Fblog%2F2014%2F12%2F10%2Fun-pozo-en-mexico%2F' title='Meneame' target='_blank' rel='nofollow'><img src='http:\/\/www.emiliosilveravazquez.com\/blog\/wp-content\/plugins\/knxdt-bookmarks-wordpress-plugin\/images\/meneame.png'  alt='' class='book_img' border='none' style='margin:1px; padding: 0;'  \/><\/a><\/span><span class='pushbutton'><a href='http:\/\/enchilame.com\/submit.php?url=http:\/\/www.emiliosilveravazquez.com\/blog\/2014\/12\/10\/un-pozo-en-mexico\/' target='_blank' rel='nofollow'><img title='Enchilame' src='http:\/\/www.emiliosilveravazquez.com\/blog\/wp-content\/plugins\/knxdt-bookmarks-wordpress-plugin\/images\/enchilame.png'  alt='' class='book_img' border='none' style='margin:1px; padding: 0;'  \/><\/a><\/span><span class='pushbutton'><a href='http:\/\/www.blinklist.com\/index.php?Action=Blink\/addblink.php&amp;Description=&amp;Url=http%3A%2F%2Fwww.emiliosilveravazquez.com%2Fblog%2F2014%2F12%2F10%2Fun-pozo-en-mexico%2F&amp;title=Un+pozo+en+M%C3%A9xico' title='BlinkList' target='_blank' rel='nofollow'><img src='http:\/\/www.emiliosilveravazquez.com\/blog\/wp-content\/plugins\/knxdt-bookmarks-wordpress-plugin\/images\/blinklist.png'  alt='' class='book_img' border='none' style='margin:1px; padding: 0;'  \/><\/a><\/span><span class='pushbutton'><a href='http:\/\/reddit.com\/submit?url=http%3A%2F%2Fwww.emiliosilveravazquez.com%2Fblog%2F2014%2F12%2F10%2Fun-pozo-en-mexico%2F&amp;title=Un+pozo+en+M%C3%A9xico' title='Reddit' target='_blank' rel='nofollow'><img src='http:\/\/www.emiliosilveravazquez.com\/blog\/wp-content\/plugins\/knxdt-bookmarks-wordpress-plugin\/images\/reddit.png'  alt='' class='book_img' border='none' style='margin:1px; padding: 0;'  \/><\/a><\/span><span class='pushbutton'><a href='http:\/\/www.tecnologiadiaria.com\/2009\/07\/abrir-com-hotmail-correo.html' target='_blank' title='hotmail'><img src='http:\/\/www.emiliosilveravazquez.com\/blog\/wp-content\/plugins\/knxdt-bookmarks-wordpress-plugin\/images\/linklove.png' alt='hotmail correo' class='book_img' border='none' style='margin:1px; padding: 0;' \/><\/a><\/span><span class='pushbutton'><a href='http:\/\/bitacoras.com\/votar\/anotacion\/externo\/mini\/www.emiliosilveravazquez.com\/blog\/2014\/12\/10\/un-pozo-en-mexico\/' title='Bitacoras.com' target='_blank' rel='nofollow'><img src='http:\/\/www.emiliosilveravazquez.com\/blog\/wp-content\/plugins\/knxdt-bookmarks-wordpress-plugin\/images\/bitacoras.png'  alt='' class='book_img' border='none' style='margin:1px; padding: 0;'  \/><\/a><\/span><span class='pushbutton'><a href='http:\/\/www.wikio.es\/vote?url=http%3A%2F%2Fwww.emiliosilveravazquez.com%2Fblog%2F2014%2F12%2F10%2Fun-pozo-en-mexico%2F' title='Wikio' target='_blank' rel='nofollow'><img src='http:\/\/www.emiliosilveravazquez.com\/blog\/wp-content\/plugins\/knxdt-bookmarks-wordpress-plugin\/images\/wikio.png'   alt='' class='book_img' border='none' style='margin:1px; padding: 0;'   \/><\/a><\/span><span class='pushbutton'><a href='http:\/\/friendfeed.com\/?url=http%3A%2F%2Fwww.emiliosilveravazquez.com%2Fblog%2F2014%2F12%2F10%2Fun-pozo-en-mexico%2F&amp;title=Un+pozo+en+M%C3%A9xico' title='Friend Feed' target='_blank' rel='nofollow'><img src='http:\/\/www.emiliosilveravazquez.com\/blog\/wp-content\/plugins\/knxdt-bookmarks-wordpress-plugin\/images\/friendfeed.png'  alt='' class='book_img' border='none' style='margin:1px; padding: 0;'  \/><\/a><\/span><span class='pushbutton'><a href='http:\/\/www.facebook.com\/share.php?u=http%3A%2F%2Fwww.emiliosilveravazquez.com%2Fblog%2F2014%2F12%2F10%2Fun-pozo-en-mexico%2F&amp;t=Un+pozo+en+M%C3%A9xico' title='Facebook' target='_blank' rel='nofollow'><img src='http:\/\/www.emiliosilveravazquez.com\/blog\/wp-content\/plugins\/knxdt-bookmarks-wordpress-plugin\/images\/facebook.png'  alt='' class='book_img' border='none' style='margin:1px; padding: 0;'  \/><\/a><\/span><span class='pushbutton'><a href='http:\/\/twitter.com\/home?status=Un+pozo+en+M%C3%A9xico: http%3A%2F%2Fwww.emiliosilveravazquez.com%2Fblog%2F2014%2F12%2F10%2Fun-pozo-en-mexico%2F' title='Twitter' target='_blank' rel='nofollow'><img src='http:\/\/www.emiliosilveravazquez.com\/blog\/wp-content\/plugins\/knxdt-bookmarks-wordpress-plugin\/images\/twitter.png'  alt='' class='book_img' border='none' style='margin:1px; padding: 0;'  \/><\/a><\/span><span class='pushbutton'><a href='http:\/\/www.feedburner.com\/fb\/a\/emailFlare?itemTitle=Un+pozo+en+M%C3%A9xico&amp;uri=http%3A%2F%2Fwww.emiliosilveravazquez.com%2Fblog%2F2014%2F12%2F10%2Fun-pozo-en-mexico%2F' title='Enviar por Email' target='_blank' rel='nofollow'><img src='http:\/\/www.emiliosilveravazquez.com\/blog\/wp-content\/plugins\/knxdt-bookmarks-wordpress-plugin\/images\/email.png'  alt='' class='book_img' border='none' style='margin:1px; padding: 0;'  \/><\/a><\/span><span style='font-weight:bold; padding-left: 5px;'><a href='http:\/\/wordpress.org\/extend\/plugins\/knxdt-bookmarks-wordpress-plugin\/' title='Plugin' rel='nofollow' target='_blank'>[?]<\/a><\/span><\/td><\/tr><\/table><br\/><br\/><\/div>","protected":false},"excerpt":{"rendered":"<p>&nbsp; L\u00edderes iberoamericanos en la Cumbre de Veracruz. EFE ALBERTO SOTILLOS Actualizado: 09\/12\/2014 07:30 horas Hemos convertido el mundo en un lugar inhumano. No se trata de una queja moral, de una alerta sobre la actual laxitud de valores ni uno de esos relatos para redes sociales que relatan lo ideal que era cuando de [&hellip;]<\/p>\n","protected":false},"author":2,"featured_media":0,"comment_status":"open","ping_status":"open","sticky":false,"template":"","format":"standard","meta":{"_s2mail":"yes","footnotes":""},"categories":[142],"tags":[],"_links":{"self":[{"href":"http:\/\/www.emiliosilveravazquez.com\/blog\/wp-json\/wp\/v2\/posts\/11765"}],"collection":[{"href":"http:\/\/www.emiliosilveravazquez.com\/blog\/wp-json\/wp\/v2\/posts"}],"about":[{"href":"http:\/\/www.emiliosilveravazquez.com\/blog\/wp-json\/wp\/v2\/types\/post"}],"author":[{"embeddable":true,"href":"http:\/\/www.emiliosilveravazquez.com\/blog\/wp-json\/wp\/v2\/users\/2"}],"replies":[{"embeddable":true,"href":"http:\/\/www.emiliosilveravazquez.com\/blog\/wp-json\/wp\/v2\/comments?post=11765"}],"version-history":[{"count":0,"href":"http:\/\/www.emiliosilveravazquez.com\/blog\/wp-json\/wp\/v2\/posts\/11765\/revisions"}],"wp:attachment":[{"href":"http:\/\/www.emiliosilveravazquez.com\/blog\/wp-json\/wp\/v2\/media?parent=11765"}],"wp:term":[{"taxonomy":"category","embeddable":true,"href":"http:\/\/www.emiliosilveravazquez.com\/blog\/wp-json\/wp\/v2\/categories?post=11765"},{"taxonomy":"post_tag","embeddable":true,"href":"http:\/\/www.emiliosilveravazquez.com\/blog\/wp-json\/wp\/v2\/tags?post=11765"}],"curies":[{"name":"wp","href":"https:\/\/api.w.org\/{rel}","templated":true}]}}