{"id":11721,"date":"2014-12-01T06:11:27","date_gmt":"2014-12-01T05:11:27","guid":{"rendered":"http:\/\/www.emiliosilveravazquez.com\/blog\/?p=11721"},"modified":"2014-12-01T06:11:27","modified_gmt":"2014-12-01T05:11:27","slug":"el-universo-asombroso-8","status":"publish","type":"post","link":"http:\/\/www.emiliosilveravazquez.com\/blog\/2014\/12\/01\/el-universo-asombroso-8\/","title":{"rendered":"El Universo Asombroso"},"content":{"rendered":"<div>\n<h2 style=\"text-align: justify;\">\u00a0<a href=\"http:\/\/www.emiliosilveravazquez.com\/blog\/2013\/08\/30\/%c2%a1el-futuro-%c2%bfque-nos-deparara\/\" rel=\"prev\"><img decoding=\"async\" loading=\"lazy\" id=\"irc_mi\" src=\"http:\/\/3.bp.blogspot.com\/-PcVkRONjDAg\/URD3DpMZI2I\/AAAAAAAAHow\/hsTjWDW2KYc\/s1600\/ygvytrctgb.jpg\" alt=\"\" width=\"670\" height=\"390\" \/><br \/>\n<\/a><\/h2>\n<p>\u00a1Que cantidad de estrellas est\u00e1n calentando mundos para hacer posible la vida en ellos! Si lo supi\u00e9ramos nos asombrar\u00eda. Pero sepamos de nuestro Sol<\/p>\n<p>&nbsp;<\/p>\n<p>&nbsp;<\/p>\n<\/div>\n<div style=\"text-align: justify;\">\n<div><a href=\"http:\/\/www.emiliosilveravazquez.com\/blog\/2013\/08\/31\/existen-enigmas-en-el-sol-que-debemos-conocer\/\" rel=\"next\">Existen enigmas en el Sol que debemos conocer.<\/a><\/div>\n<\/div>\n<h3><\/h3>\n<p>&nbsp;<\/p>\n<div>\n<p style=\"text-align: justify;\"><strong>\u00bfEs viejo el Universo?<\/strong><\/p>\n<p style=\"text-align: justify;\"><img decoding=\"async\" loading=\"lazy\" id=\"irc_mi\" src=\"http:\/\/cs.astronomy.com\/asycs\/cfs-filesystemfile.ashx\/__key\/CommunityServer.Components.PostAttachments\/00.00.44.37.10\/Orion_5F00_Belt_5F00_Two_5F00_Dark_5F00_JpEG.jpg\" alt=\"\" width=\"794\" height=\"393\" \/><\/p>\n<p style=\"text-align: justify;\">Nuevas estrellas, vientos estelares, radiaci\u00f3n, energ\u00edas, estrellas de <a href=\"http:\/\/www.emiliosilveravazquez.com\/blog\/2013\/08\/31\/biologia-y-estrellas\/#\">neutrones<\/a> o <a href=\"http:\/\/www.emiliosilveravazquez.com\/blog\/2013\/08\/31\/biologia-y-estrellas\/#\"><a href=\"#\" onclick=\"referencia('pulsar',event); return false;\">p\u00falsares<\/a><\/a>, <a href=\"http:\/\/www.emiliosilveravazquez.com\/blog\/2013\/08\/31\/biologia-y-estrellas\/#\"><a href=\"#\" onclick=\"referencia('agujero negro',event); return false;\">agujeros negros<\/a><\/a>, enanas rojas y blancas, \u00bfestrellas de Quarks? \u00bf<a href=\"http:\/\/www.emiliosilveravazquez.com\/blog\/2013\/08\/31\/biologia-y-estrellas\/#\"><a href=\"#\" onclick=\"referencia('materia oscura',event); return false;\">materia oscura<\/a><\/a>? mundos\u2026\u00bfCivilizaciones? \u00a1El Universo! Lo que todo lo contiene, ah\u00ed estan presentes todas las cosas que existen y las que tienen que existir\u2026 El espaciotiempo, las fuerzas fundamentales de la Naturaleza\u2026\u00a1La Vida!<\/p>\n<p style=\"text-align: justify;\">Cuando pensamos en la edad y el tama\u00f1o del Universo lo hacemos generalmente utilizando medidas de tiempo y espacio como a\u00f1os, kil\u00f3metros o a\u00f1os-luz. Como y a hemos visto, estas medidas son extraordinariamente antropom\u00f3rficas. \u00bfPor qu\u00e9 medir la edad del Universo con un \u201creloj\u201d que hace \u201ctic\u201d cada vez que nuestro planeta completa una \u00f3rbita alrededor de su estrella madre, el Sol? \u00bfporqu\u00e9 medir su densidad en t\u00e9rminos de \u00e1tomos por metro c\u00fabico? Las respuestas a estas preguntas son por supuesto la misma: porque es conveniente y siempre lo hemos hecho as\u00ed.<\/p>\n<p style=\"text-align: justify;\"><img decoding=\"async\" loading=\"lazy\" id=\"irc_mi\" src=\"http:\/\/www.biografiasyvidas.com\/biografia\/s\/fotos\/stoney.jpg\" alt=\"\" width=\"340\" height=\"295\" \/><\/p>\n<p style=\"text-align: justify;\">En la f\u00edsica de las unidades de Stoney forman un sistema de unidades llevan el nombre del f\u00edsico irland\u00e9s George Johnstone Stoney, que fue el primero que propuso en 1881 &#8211; son el primer ejemplo hist\u00f3rico de unidades naturales, es decir, las unidades de medida dise\u00f1ado para que ciertas constantes f\u00edsicas fundamentales sirven de base unidades. El conjunto de constantes que Stoney utiliza como unidades de base es la siguiente:<\/p>\n<ul style=\"text-align: justify;\">\n<li>Carga elemental, e;<\/li>\n<li>Velocidad de la luz en el vac\u00edo, c;<\/li>\n<li>Constante gravitacional, G;<\/li>\n<li>Constante de Coulomb, 1 \/.<\/li>\n<\/ul>\n<p>&nbsp;<\/p>\n<p style=\"text-align: justify;\">La masa de Stoney <em>m<\/em><sub>S<\/sub> (expresada en t\u00e9rminos contempor\u00e1neos):<\/p>\n<dl>\n<dd><img decoding=\"async\" src=\"http:\/\/upload.wikimedia.org\/math\/f\/d\/5\/fd5d3b7fbfc24c6321f9cb446944cb5e.png\" alt=\"m_S=\\sqrt{\\frac{e^2}{4 \\pi \\varepsilon_0 G}} = \\sqrt{\\alpha}\\, m_P \" \/><\/dd>\n<dd><\/dd>\n<\/dl>\n<p style=\"text-align: justify;\">donde \u03b5<sub>0<\/sub> es la permitividad de espacio libre, <em>e<\/em> es la carga elemental\u00a0 y <em>G<\/em> es la constante gravitacional, y donde \u03b1 es la constante de estructura fina y <em>m<\/em><sub>P<\/sub> es la <a href=\"#\" onclick=\"referencia('planck masa de',event); return false;\">masa de Planck<\/a>. Aunque Stoney fue el primero, algunas d\u00e9cadas m\u00e1s tarde tambi\u00e9n Planck, de forma independiente, ideo sus unidades que definen la naturaleza de lo muy peque\u00f1o de manera magistral para la f\u00edsica del mundo, de la naturaleza del Universo.<\/p>\n<p style=\"text-align: justify;\">\u00c9xisten situaciones en las que resulta especialmente apropiado utilizar las unidades \u201cnaturales\u201d la masa, longitud y tiempo de Stoney y Planck, las que ellos introdujeron en la ciencia f\u00edsica para ayudarnos a escapar de la camisa de fuerza que supon\u00eda la perspectiva centrada en el ser humano.<\/p>\n<p><img decoding=\"async\" src=\"http:\/\/www.aprender-mat.info\/history\/photos\/Planck.jpeg\" alt=\"http:\/\/www.aprender-mat.info\/history\/photos\/Planck.jpeg\" \/><\/p>\n<p>&nbsp;<\/p>\n<p style=\"text-align: justify;\">El joven Planck<\/p>\n<p style=\"text-align: justify;\">Planck es uno de los f\u00edsicos m\u00e1s importantes de todos los tiempos. Como antes he apuntado, descubri\u00f3 la naturaleza cu\u00e1ntica de la energ\u00eda que puso en marcha la revoluci\u00f3n cu\u00e1ntica de nuestra comprensi\u00f3n del mundo, ofreci\u00f3 la primera descripci\u00f3n correcta de la radiaci\u00f3n t\u00e9rmica (\u201cespectro de Planck\u201d) y una de las constantes fundamentales de la naturaleza lleva su nombre.<\/p>\n<p style=\"text-align: justify;\">Ganador del premio Nobel de F\u00edsica de 1.918, tambi\u00e9n fue, en el primer momento, el \u00fanico que comprendi\u00f3 la importancia que, para la f\u00edsica y para el mundo, tendr\u00eda el art\u00edculo del joven <a href=\"http:\/\/www.emiliosilveravazquez.com\/blog\/2012\/08\/26\/las-unidades-naturales-de-planck\/#\"><a href=\"#\" onclick=\"referencia('einstein',event); return false;\">Einstein<\/a><\/a>, en 1.905, sobre la teor\u00eda de la <a href=\"http:\/\/www.emiliosilveravazquez.com\/blog\/2012\/08\/26\/las-unidades-naturales-de-planck\/#\"><a href=\"#\" onclick=\"referencia('relatividad',event); return false;\">relatividad<\/a><\/a> especial. Hombre tranquilo y modesto que fue profundamente admirado por sus contempor\u00e1neos m\u00e1s j\u00f3venes.<\/p>\n<p style=\"text-align: justify;\"><img decoding=\"async\" loading=\"lazy\" id=\"irc_mi\" src=\"http:\/\/upload.wikimedia.org\/wikipedia\/commons\/thumb\/d\/d4\/GraficaHh.png\/300px-GraficaHh.png\" alt=\"\" width=\"300\" height=\"211\" \/><\/p>\n<p style=\"text-align: justify;\">La <a href=\"http:\/\/www.emiliosilveravazquez.com\/blog\/2012\/08\/26\/las-unidades-naturales-de-planck\/#\"><a href=\"#\" onclick=\"referencia('planck constante de',event); return false;\">constante de Planck<\/a><\/a>determina la m\u00ednima unidad de cambio posible en que pueda alterarse la energ\u00eda, y que llam\u00f3 \u201ccuanto\u201d. Las unidades de Planck son las \u00fanicas combinaciones de dichas constantes que pueden formarse en dimensiones de masa, longitud, tiempo y temperatura. Sus valores no difieren mucho de los de Stoney que figuran en el trabajo siguiente de hoy:<\/p>\n<table border=\"1\" cellspacing=\"0\" cellpadding=\"0\">\n<tbody>\n<tr>\n<td width=\"93\"><em>M<sub>p<\/sub> =<\/em><\/td>\n<td width=\"134\"><em>(hc\/G)<sup>\u00bd<\/sup> =<\/em><\/td>\n<td width=\"184\"><em>5\u201956 \u00d7 10<sup>-5 <\/sup>gramos<\/em><\/td>\n<\/tr>\n<tr>\n<td width=\"93\"><em>L<sub>p <\/sub> =<\/em><\/td>\n<td width=\"134\"><em>(Gh\/c<sup>3<\/sup>)<sup> \u00bd <\/sup>=<\/em><\/td>\n<td width=\"184\"><em>4\u201913 \u00d7 10<sup>-33 <\/sup>cent\u00edmetros<\/em><\/td>\n<\/tr>\n<tr>\n<td width=\"93\"><em>T<sub>p<\/sub> =<\/em><\/td>\n<td width=\"134\"><em>(Gh\/c<sup>5<\/sup>)<sup> \u00bd <\/sup>=<\/em><\/td>\n<td width=\"184\"><em>1\u201938 \u00d7 10<sup>-43 <\/sup>segundos<\/em><\/td>\n<\/tr>\n<tr>\n<td width=\"93\"><em>Temp.<sub>p<\/sub> =<\/em><\/td>\n<td width=\"134\"><em>K<sup>-1<\/sup> (hc<sup>5<\/sup>\/G)<sup> \u00bd <\/sup>=<\/em><\/td>\n<td width=\"184\"><em>3\u20195 \u00d7 10<sup>32 \u00ba<\/sup>Kelvin<\/em><\/td>\n<\/tr>\n<\/tbody>\n<\/table>\n<p style=\"text-align: justify;\">Estas formulaciones con la masa, la longitud, el tiempo y la temperatura de Planck incorporan la <em>G<\/em> (constante de gravitaci\u00f3n), la <em>h<\/em> (la <a href=\"http:\/\/www.emiliosilveravazquez.com\/blog\/2012\/08\/26\/las-unidades-naturales-de-planck\/#\"><a href=\"#\" onclick=\"referencia('planck constante de',event); return false;\">constante de Planck<\/a><\/a>) y la <em>c<\/em>, la velocidad de la luz. La de la temperatura incorpora adem\u00e1s, la <em>K<\/em> de los grados Kelvin.<\/p>\n<p style=\"text-align: justify;\">La <a href=\"http:\/\/www.emiliosilveravazquez.com\/blog\/2012\/08\/26\/las-unidades-naturales-de-planck\/#\"><a href=\"#\" onclick=\"referencia('planck constante de',event); return false;\">constante de Planck<\/a><\/a> racionalizada (la m\u00e1s utilizada por los f\u00edsicos), se representa por <em>\u045b<\/em> que es igual a h\/2\u03c0 que vale del orden de 1\u2019054589<strong>\u00d7<\/strong>10<sup>-34<\/sup> Julios segundo.<\/p>\n<p style=\"text-align: justify;\">En las unidades de Planck, una vez m\u00e1s, vemos un contraste entre la peque\u00f1a, pero no escandalosamente reducida unidad natural de la masa y las unidades naturales fant\u00e1sticamente extremas del tiempo, longitud y temperatura. Estas cantidades ten\u00edan una significaci\u00f3n sobrehumana para Planck. Entraban en La Base de la realidad f\u00edsica:<\/p>\n<blockquote>\n<p style=\"text-align: justify;\"><em>\u201cEstas cantidades conservar\u00e1n su significado natural mientras la Ley de Gravitaci\u00f3n y la de Propagaci\u00f3n de la luz en el vac\u00edo y los dos principios de la termodin\u00e1mica sigan siendo v\u00e1lidos; por lo tanto, siempre deben encontrarse iguales cuando sean medidas por las inteligencias m\u00e1s diversas con los m\u00e9todos m\u00e1s diversos.\u201d<\/em><\/p>\n<p style=\"text-align: justify;\"><img decoding=\"async\" loading=\"lazy\" id=\"irc_mi\" src=\"http:\/\/www.escalofrio.com\/n\/alien_los_grises\/aliens_grises_01.jpg\" alt=\"\" width=\"250\" height=\"343\" \/><\/p>\n<\/blockquote>\n<p style=\"text-align: justify;\">Planck con estas palabras finales alude a la idea de observadores en otro lugar del universo que definen y entienden estas cantidades de la misma manera que nosotros. Lo cierto es que, estas unidades, al tener su origen en la Naturaleza y no ser invenciones de los seres humanos, de la misma manera que nosotros y, posiblemente por distintos caminos, seres de otros mundos tambi\u00e9n las hallar\u00e1n y ser\u00e1n id\u00e9nticas a las nuestras.<\/p>\n<p style=\"text-align: justify;\">De entrada hab\u00eda algo muy sorprendente en las unidades de Planck, como lo hab\u00eda tambi\u00e9n en las de Stoney. Entrelazaban la gravedad con las constantes que gobiernan la electricidad y el magnetismo. Planck nos dec\u00eda:<\/p>\n<blockquote>\n<p style=\"text-align: justify;\">\u201cLa creciente distancia entre la imagen del mundo f\u00edsico y el mundo de los sentidos no significa otra cosa que una aproximaci\u00f3n progresiva al mundo real.\u201d<\/p>\n<\/blockquote>\n<p style=\"text-align: justify;\">Es f\u00e1cil caer en la tentaci\u00f3n de mirarnos el ombligo y no hacerlo al entorno que nos rodea. Muchas m\u00e1s cosas habr\u00edamos evitado y habr\u00edamos descubierto si por una sola vez hubi\u00e9semos dejado el ego a un lado y, en lugar de estar pendientes de nosotros mismos, lo hubi\u00e9ramos hecho con respecto a la naturaleza que, en definitiva, es la que nos ense\u00f1a el camino a seguir.<\/p>\n<p style=\"text-align: justify;\"><img decoding=\"async\" loading=\"lazy\" src=\"http:\/\/www.circpau.org\/imagenes\/circpau.m9fcda80.jpg\" alt=\"\" name=\"gr\u00e1ficos1\" width=\"614\" height=\"461\" border=\"0\" hspace=\"10\" vspace=\"6\" \/><\/p>\n<p style=\"text-align: justify;\">Al menos una vez al d\u00eda, el cielo en su parte alta, es iluminado por un gran destello producido por grandes explosiones de <a href=\"http:\/\/www.emiliosilveravazquez.com\/blog\/2013\/08\/31\/biologia-y-estrellas\/#\"><a href=\"#\" onclick=\"referencia('gamma rayos',event); return false;\">rayos gamma<\/a><\/a>. A menudo, esos destellos alcanzan magnitudes superiores a las que pueden ser generadas por todo un conjunto de otros rayos c\u00f3smicos y desaparecen posteriormente sin dejar m\u00e1s rastro. Nadie puede predecir cuando volver\u00e1 a ocurrir la pr\u00f3xima explosi\u00f3n o de que direcci\u00f3n del cielo proceder\u00e1. Hasta ahora, no contamos con evidencias fiables como para asegurar cu\u00e1les podr\u00edan ser las fuentes precisas de donde provienen esos <a href=\"http:\/\/www.emiliosilveravazquez.com\/blog\/2013\/08\/31\/biologia-y-estrellas\/#\"><a href=\"#\" onclick=\"referencia('gamma rayos',event); return false;\">rayos gamma<\/a><\/a> que observamos en lo alto del cielo, las razones que ocasionan los grandes destellos y la distancia en la cual ocurre el fen\u00f3meno.<\/p>\n<p style=\"text-align: justify;\"><img decoding=\"async\" loading=\"lazy\" id=\"irc_mi\" src=\"http:\/\/www.nasa.gov\/centers\/goddard\/images\/content\/96118main_Mysteriesm.jpg\" alt=\"\" width=\"524\" height=\"393\" \/><\/p>\n<p style=\"text-align: justify;\"><em>La edad actual del Universo visible \u2248 10<sup>60<\/sup> tiempos de Planck<\/em><\/p>\n<p style=\"text-align: justify;\"><em>Tama\u00f1o actual del Universo visible \u2248 10<sup>60<\/sup> longitudes de Planck<\/em><\/p>\n<p style=\"text-align: justify;\"><em>La masa actual del Universo visible \u2248 10<sup>60<\/sup> masas de Planck<\/em><\/p>\n<p style=\"text-align: justify;\"><img decoding=\"async\" loading=\"lazy\" id=\"irc_mi\" src=\"http:\/\/upload.wikimedia.org\/wikipedia\/commons\/thumb\/9\/92\/Universos.gif\/400px-Universos.gif\" alt=\"\" width=\"400\" height=\"235\" \/><\/p>\n<p style=\"text-align: justify;\">Vemos as\u00ed que la baj\u00edsima densidad de materia en el Universo es un reflejo del hecho de que:<\/p>\n<p style=\"text-align: justify;\"><em>Densidad actual del Universo visible \u224810<sup>-120<\/sup> de la densidad de Planck<\/em><\/p>\n<p style=\"text-align: justify;\">Y la temperatura del espacio, a 3 grados sobre el cero absoluto, es, por tanto<\/p>\n<p style=\"text-align: justify;\"><em>Temperatura actual del Universo visible \u2248 10<sup>-30<\/sup> de la Planck<\/em><\/p>\n<p style=\"text-align: justify;\"><img decoding=\"async\" loading=\"lazy\" id=\"irc_mi\" src=\"http:\/\/djxhemary.files.wordpress.com\/2011\/03\/picture-8192.png\" alt=\"\" width=\"322\" height=\"393\" \/><\/p>\n<p style=\"text-align: justify;\">Estos n\u00fameros extraordinariamente grandes y estas fracciones extraordinariamente peque\u00f1as nos muestran inmediatamente que el Universo est\u00e1 estructurado en una escala sobrehumana de proporciones asombrosas cuando la sopesamos en los balances de su propia construcci\u00f3n. Hemos mirado hacia lo m\u00e1s profundo del Universo en sus escalas m\u00e1s peque\u00f1as y tambi\u00e9n, en los par\u00e1metros m\u00e1s grandes y, ambas, la peque\u00f1a y la grande, nos hablan de n\u00fameros naturales que no ha inventado el hombre.<\/p>\n<p style=\"text-align: justify;\">Con respecto a sus propios patrones el Universo es viejo. El tiempo de vida natural de un mundo gobernado por la gravedad, la <a href=\"http:\/\/www.emiliosilveravazquez.com\/blog\/2013\/08\/31\/biologia-y-estrellas\/#\"><a href=\"#\" onclick=\"referencia('relatividad',event); return false;\">relatividad<\/a><\/a> y la mec\u00e1nica cu\u00e1ntica es el fugaz breve <a href=\"http:\/\/www.emiliosilveravazquez.com\/blog\/2013\/08\/31\/biologia-y-estrellas\/#\"><a href=\"#\" onclick=\"referencia('planck tiempo de',event); return false;\">tiempo de Planck<\/a><\/a>. Parece que es mucho m\u00e1s viejo de lo que deber\u00eda ser.<\/p>\n<p style=\"text-align: justify;\">Pero, pese a la enorme edad del Universo en \u201ctics\u201d de Tiempos de Planck, hemos aprendido que casi todo este tiempo es necesario para producir estrellas y los elementos qu\u00edmicos que traen la vida.<\/p>\n<p style=\"text-align: justify;\"><img decoding=\"async\" loading=\"lazy\" src=\"http:\/\/www.circpau.org\/imagenes\/circpau.m3a86fe55.jpg\" alt=\"\" name=\"gr\u00e1ficos3\" width=\"614\" height=\"461\" border=\"0\" hspace=\"12\" \/><\/p>\n<p style=\"text-align: justify;\">En todas las regiones del espacio interestelar donde existen objetos de enormes densidades y estrellas supermasivas se pueden producir sucesos de inmensas energ\u00edas y, en regiones de gas y polvo de muchos a\u00f1os-luz de di\u00e1metro, es donde surgen los Sistemas solares que contienen planetas aptos para la vida.<\/p>\n<p style=\"text-align: justify;\">\u00bfPor qu\u00e9 nuestro Universo no es mucho m\u00e1s viejo de lo que parece ser? Es f\u00e1cil entender por qu\u00e9 el Universo no es mucho m\u00e1s joven. Las estrellas tardan mucho tiempo en formarse y producir elementos m\u00e1s pesados que son las que requiere la complejidad biol\u00f3gica. Pero los universos viejos tambi\u00e9n tienen sus problemas. Conforme para el tiempo en el Universo el proceso de formaci\u00f3n de estrellas se frena. Todo el gas y el polvo c\u00f3smico que constituyen las materias primas de las estrellas hab\u00edan sido procesados por las estrellas y lanzados al espacio intergal\u00e1ctico donde no pueden enfriarse y fundirse en nuevas estrellas. Pocas estrellas hacen que, a su vez, tambi\u00e9n sean pocos los sistemas solares y los planetas. Los planetas que se forman son menos activos que los que se formaron antes, la <a href=\"http:\/\/www.emiliosilveravazquez.com\/blog\/2013\/08\/31\/biologia-y-estrellas\/#\"><a href=\"#\" onclick=\"referencia('entropia',event); return false;\">entrop\u00eda<\/a><\/a> va debilitando la energ\u00eda del sistema para realizar trabajo. La producci\u00f3n de elementos radiactivos en las estrellas disminuir\u00e1, y los que se formen tendr\u00e1n semividas m\u00e1s largas. Los nuevos planetas ser\u00e1n menos activos geol\u00f3gicamente y carecer\u00e1n de muchos de los movimientos internos que impulsan el vulcanismo, la deriva continental y la elevaci\u00f3n de las monta\u00f1as en el planeta. Si esto tambi\u00e9n hace menos probable la presencia de un campo magn\u00e9tico en un planeta, entonces ser\u00e1 muy poco probable que la vida evolucione hasta formas complejas.<\/p>\n<p style=\"text-align: justify;\"><img decoding=\"async\" loading=\"lazy\" id=\"irc_mi\" src=\"http:\/\/k01.kn3.net\/ED3325868.jpg\" alt=\"\" width=\"600\" height=\"387\" \/><\/p>\n<p style=\"text-align: justify;\">Las estrellas t\u00edpicas como el Sol, emiten desde su superficie un viento de part\u00edculas cargadas el\u00e9ctricamente que barre los atm\u00f3sferas de los planetas en \u00f3rbitas a su alrededor y a menos que el viento pueda ser desviado por un campo magn\u00e9tico, los posibles habitantes de ese planeta lo podr\u00edan tener complicado soportando tal lluvia de <a href=\"http:\/\/www.emiliosilveravazquez.com\/blog\/2013\/08\/31\/biologia-y-estrellas\/#\"><a href=\"#\" onclick=\"referencia('radiactividad',event); return false;\">radiactividad<\/a><\/a>. En nuestro sistema solar el campo magn\u00e9tico de la Tierra ha protegido su atm\u00f3sfera del viento solar, pero Marte, que no est\u00e1 protegido por ning\u00fan campo magn\u00e9tico, perdi\u00f3 su atm\u00f3sfera hace tiempo.<\/p>\n<p style=\"text-align: justify;\">Probablemente no es f\u00e1cil mantener una larga vida en un planeta del Sistema solar. Poco a poco hemos llegado a apreciar cu\u00e1n precaria es. Dejando a un lado los intentos que siguen realizando los seres vivos de extinguirse a s\u00ed mismos, agotar los recursos naturales, propagan infecciones letales y venenos mortales y emponzo\u00f1ar la atm\u00f3sfera, tambi\u00e9n existen series amenazas exteriores.<\/p>\n<p style=\"text-align: justify;\"><img decoding=\"async\" loading=\"lazy\" src=\"http:\/\/i.space.com\/images\/i\/5606\/i02\/asteroid-sizes-100831-02.jpg\" alt=\"\" width=\"510\" height=\"420\" \/><\/p>\n<p style=\"text-align: justify;\"><em>Credit: Emily Lakdawalla\/Ted Stryk<\/em><\/p>\n<p style=\"text-align: justify;\">La mayor\u00eda de asteroides, incluyendo Vesta, est\u00e1n en el cintur\u00f3n de asteroides que se sit\u00faa entre Marte y J\u00fapiter. Otros asteroides giran en c\u00edrculos mas cerca del Sol que de la Tierra, mientras que un gran n\u00famero de ellos comparten orbitas planetaria. Dada esta gran variedad de asteroides, algunos particularmente extra\u00f1os han sido descubiertos en los \u00faltimos dos siglos desde que el primer asteroide fuera descubierto (Ceres en 1801).<\/p>\n<p style=\"text-align: justify;\">Los movimientos de cometas y asteroides, a pesar de tener la defensa de J\u00fapiter, son una serie y cierta amenaza para el desarrollo y persistencia de vida inteligente en las primeras etapas. Los impactos no han sido infrecuentes en el pasado lejano de la Tierra habiendo tenido efectos catastr\u00f3ficos. Somos afortunados al tener la protecci\u00f3n de la luna y de la enorme masa de J\u00fapiter que atrae hacia s\u00ed los cuerpos que llegan desde el exterior desvi\u00e1ndolos de su probable trayectoria hacia nuestro planeta.<\/p>\n<p style=\"text-align: justify;\">La ca\u00edda en el Planeta de uno de estos enormes pedruscos podr\u00eda producir extinciones globales y retrasar en millones de a\u00f1os la evoluci\u00f3n, o, por el contrario, evitar que siga cualquier clase de evoluci\u00f3n produciendo la extinci\u00f3n total y dejando la Tierra como un planeta muerto.<\/p>\n<p style=\"text-align: justify;\"><em>emilio silvera<\/em><\/p>\n<\/div>\n<div class='bookmark'>\r\n\t\t<table align='left' border='0' cellpadding='0' width='100%'>\r\n\t\t<tr><td><span class='pushbutton'><a href='http:\/\/delicious.com\/post?url=http%3A%2F%2Fwww.emiliosilveravazquez.com%2Fblog%2F2014%2F12%2F01%2Fel-universo-asombroso-8%2F&amp;title=El+Universo+Asombroso' title='Delicious' target='_blank' rel='nofollow'><img src='http:\/\/www.emiliosilveravazquez.com\/blog\/wp-content\/plugins\/knxdt-bookmarks-wordpress-plugin\/images\/delicious.png'  alt='' class='book_img' border='none' style='margin:1px; padding: 0;'  \/><\/a><\/span><span class='pushbutton'><a href='http:\/\/digg.com\/submit?url=http%3A%2F%2Fwww.emiliosilveravazquez.com%2Fblog%2F2014%2F12%2F01%2Fel-universo-asombroso-8%2F&amp;title=El+Universo+Asombroso' title='Digg' target='_blank' rel='nofollow'><img src='http:\/\/www.emiliosilveravazquez.com\/blog\/wp-content\/plugins\/knxdt-bookmarks-wordpress-plugin\/images\/digg.png'  alt='' class='book_img' border='none' style='margin:1px; padding: 0;'  \/><\/a><\/span><span class='pushbutton'><a href='http:\/\/www.google.com\/bookmarks\/mark?op=edit&amp;bkmk=http%3A%2F%2Fwww.emiliosilveravazquez.com%2Fblog%2F2014%2F12%2F01%2Fel-universo-asombroso-8%2F&amp;title=El+Universo+Asombroso' title='Google' target='_blank' rel='nofollow'><img src='http:\/\/www.emiliosilveravazquez.com\/blog\/wp-content\/plugins\/knxdt-bookmarks-wordpress-plugin\/images\/google.png'   alt='' class='book_img' border='none' style='margin:1px; padding: 0;'  \/><\/a><\/span><span class='pushbutton'><a href='http:\/\/myweb2.search.yahoo.com\/myresults\/bookmarklet?u=http%3A%2F%2Fwww.emiliosilveravazquez.com%2Fblog%2F2014%2F12%2F01%2Fel-universo-asombroso-8%2F&amp;t=El+Universo+Asombroso' title='Yahoo' target='_blank' rel='nofollow'><img src='http:\/\/www.emiliosilveravazquez.com\/blog\/wp-content\/plugins\/knxdt-bookmarks-wordpress-plugin\/images\/yahoo.png'  alt='' class='book_img' border='none' style='margin:1px; padding: 0;'  \/><\/a><\/span><span class='pushbutton'><a href='http:\/\/www.technorati.com\/faves?add=http%3A%2F%2Fwww.emiliosilveravazquez.com%2Fblog%2F2014%2F12%2F01%2Fel-universo-asombroso-8%2F' title='Technorati' target='_blank' rel='nofollow'><img src='http:\/\/www.emiliosilveravazquez.com\/blog\/wp-content\/plugins\/knxdt-bookmarks-wordpress-plugin\/images\/technorati.png'  alt='' class='book_img' border='none' style='margin:1px; padding: 0;'  \/><\/a><\/span><span class='pushbutton'><a href='http:\/\/meneame.net\/submit.php?url=http%3A%2F%2Fwww.emiliosilveravazquez.com%2Fblog%2F2014%2F12%2F01%2Fel-universo-asombroso-8%2F' title='Meneame' target='_blank' rel='nofollow'><img src='http:\/\/www.emiliosilveravazquez.com\/blog\/wp-content\/plugins\/knxdt-bookmarks-wordpress-plugin\/images\/meneame.png'  alt='' class='book_img' border='none' style='margin:1px; padding: 0;'  \/><\/a><\/span><span class='pushbutton'><a href='http:\/\/enchilame.com\/submit.php?url=http:\/\/www.emiliosilveravazquez.com\/blog\/2014\/12\/01\/el-universo-asombroso-8\/' target='_blank' rel='nofollow'><img title='Enchilame' src='http:\/\/www.emiliosilveravazquez.com\/blog\/wp-content\/plugins\/knxdt-bookmarks-wordpress-plugin\/images\/enchilame.png'  alt='' class='book_img' border='none' style='margin:1px; padding: 0;'  \/><\/a><\/span><span class='pushbutton'><a href='http:\/\/www.blinklist.com\/index.php?Action=Blink\/addblink.php&amp;Description=&amp;Url=http%3A%2F%2Fwww.emiliosilveravazquez.com%2Fblog%2F2014%2F12%2F01%2Fel-universo-asombroso-8%2F&amp;title=El+Universo+Asombroso' title='BlinkList' target='_blank' rel='nofollow'><img src='http:\/\/www.emiliosilveravazquez.com\/blog\/wp-content\/plugins\/knxdt-bookmarks-wordpress-plugin\/images\/blinklist.png'  alt='' class='book_img' border='none' style='margin:1px; padding: 0;'  \/><\/a><\/span><span class='pushbutton'><a href='http:\/\/reddit.com\/submit?url=http%3A%2F%2Fwww.emiliosilveravazquez.com%2Fblog%2F2014%2F12%2F01%2Fel-universo-asombroso-8%2F&amp;title=El+Universo+Asombroso' title='Reddit' target='_blank' rel='nofollow'><img src='http:\/\/www.emiliosilveravazquez.com\/blog\/wp-content\/plugins\/knxdt-bookmarks-wordpress-plugin\/images\/reddit.png'  alt='' class='book_img' border='none' style='margin:1px; padding: 0;'  \/><\/a><\/span><span class='pushbutton'><a href='http:\/\/www.tecnologiadiaria.com\/2009\/07\/abrir-com-hotmail-correo.html' target='_blank' title='hotmail'><img src='http:\/\/www.emiliosilveravazquez.com\/blog\/wp-content\/plugins\/knxdt-bookmarks-wordpress-plugin\/images\/linklove.png' alt='hotmail correo' class='book_img' border='none' style='margin:1px; padding: 0;' \/><\/a><\/span><span class='pushbutton'><a href='http:\/\/bitacoras.com\/votar\/anotacion\/externo\/mini\/www.emiliosilveravazquez.com\/blog\/2014\/12\/01\/el-universo-asombroso-8\/' title='Bitacoras.com' target='_blank' rel='nofollow'><img src='http:\/\/www.emiliosilveravazquez.com\/blog\/wp-content\/plugins\/knxdt-bookmarks-wordpress-plugin\/images\/bitacoras.png'  alt='' class='book_img' border='none' style='margin:1px; padding: 0;'  \/><\/a><\/span><span class='pushbutton'><a href='http:\/\/www.wikio.es\/vote?url=http%3A%2F%2Fwww.emiliosilveravazquez.com%2Fblog%2F2014%2F12%2F01%2Fel-universo-asombroso-8%2F' title='Wikio' target='_blank' rel='nofollow'><img src='http:\/\/www.emiliosilveravazquez.com\/blog\/wp-content\/plugins\/knxdt-bookmarks-wordpress-plugin\/images\/wikio.png'   alt='' class='book_img' border='none' style='margin:1px; padding: 0;'   \/><\/a><\/span><span class='pushbutton'><a href='http:\/\/friendfeed.com\/?url=http%3A%2F%2Fwww.emiliosilveravazquez.com%2Fblog%2F2014%2F12%2F01%2Fel-universo-asombroso-8%2F&amp;title=El+Universo+Asombroso' title='Friend Feed' target='_blank' rel='nofollow'><img src='http:\/\/www.emiliosilveravazquez.com\/blog\/wp-content\/plugins\/knxdt-bookmarks-wordpress-plugin\/images\/friendfeed.png'  alt='' class='book_img' border='none' style='margin:1px; padding: 0;'  \/><\/a><\/span><span class='pushbutton'><a href='http:\/\/www.facebook.com\/share.php?u=http%3A%2F%2Fwww.emiliosilveravazquez.com%2Fblog%2F2014%2F12%2F01%2Fel-universo-asombroso-8%2F&amp;t=El+Universo+Asombroso' title='Facebook' target='_blank' rel='nofollow'><img src='http:\/\/www.emiliosilveravazquez.com\/blog\/wp-content\/plugins\/knxdt-bookmarks-wordpress-plugin\/images\/facebook.png'  alt='' class='book_img' border='none' style='margin:1px; padding: 0;'  \/><\/a><\/span><span class='pushbutton'><a href='http:\/\/twitter.com\/home?status=El+Universo+Asombroso: http%3A%2F%2Fwww.emiliosilveravazquez.com%2Fblog%2F2014%2F12%2F01%2Fel-universo-asombroso-8%2F' title='Twitter' target='_blank' rel='nofollow'><img src='http:\/\/www.emiliosilveravazquez.com\/blog\/wp-content\/plugins\/knxdt-bookmarks-wordpress-plugin\/images\/twitter.png'  alt='' class='book_img' border='none' style='margin:1px; padding: 0;'  \/><\/a><\/span><span class='pushbutton'><a href='http:\/\/www.feedburner.com\/fb\/a\/emailFlare?itemTitle=El+Universo+Asombroso&amp;uri=http%3A%2F%2Fwww.emiliosilveravazquez.com%2Fblog%2F2014%2F12%2F01%2Fel-universo-asombroso-8%2F' title='Enviar por Email' target='_blank' rel='nofollow'><img src='http:\/\/www.emiliosilveravazquez.com\/blog\/wp-content\/plugins\/knxdt-bookmarks-wordpress-plugin\/images\/email.png'  alt='' class='book_img' border='none' style='margin:1px; padding: 0;'  \/><\/a><\/span><span style='font-weight:bold; padding-left: 5px;'><a href='http:\/\/wordpress.org\/extend\/plugins\/knxdt-bookmarks-wordpress-plugin\/' title='Plugin' rel='nofollow' target='_blank'>[?]<\/a><\/span><\/td><\/tr><\/table><br\/><br\/><\/div>","protected":false},"excerpt":{"rendered":"<p>\u00a0 \u00a1Que cantidad de estrellas est\u00e1n calentando mundos para hacer posible la vida en ellos! Si lo supi\u00e9ramos nos asombrar\u00eda. Pero sepamos de nuestro Sol &nbsp; &nbsp; Existen enigmas en el Sol que debemos conocer. &nbsp; \u00bfEs viejo el Universo? Nuevas estrellas, vientos estelares, radiaci\u00f3n, energ\u00edas, estrellas de neutrones o p\u00falsares, agujeros negros, enanas rojas [&hellip;]<\/p>\n","protected":false},"author":2,"featured_media":0,"comment_status":"open","ping_status":"open","sticky":false,"template":"","format":"standard","meta":{"_s2mail":"yes","footnotes":""},"categories":[197],"tags":[],"_links":{"self":[{"href":"http:\/\/www.emiliosilveravazquez.com\/blog\/wp-json\/wp\/v2\/posts\/11721"}],"collection":[{"href":"http:\/\/www.emiliosilveravazquez.com\/blog\/wp-json\/wp\/v2\/posts"}],"about":[{"href":"http:\/\/www.emiliosilveravazquez.com\/blog\/wp-json\/wp\/v2\/types\/post"}],"author":[{"embeddable":true,"href":"http:\/\/www.emiliosilveravazquez.com\/blog\/wp-json\/wp\/v2\/users\/2"}],"replies":[{"embeddable":true,"href":"http:\/\/www.emiliosilveravazquez.com\/blog\/wp-json\/wp\/v2\/comments?post=11721"}],"version-history":[{"count":0,"href":"http:\/\/www.emiliosilveravazquez.com\/blog\/wp-json\/wp\/v2\/posts\/11721\/revisions"}],"wp:attachment":[{"href":"http:\/\/www.emiliosilveravazquez.com\/blog\/wp-json\/wp\/v2\/media?parent=11721"}],"wp:term":[{"taxonomy":"category","embeddable":true,"href":"http:\/\/www.emiliosilveravazquez.com\/blog\/wp-json\/wp\/v2\/categories?post=11721"},{"taxonomy":"post_tag","embeddable":true,"href":"http:\/\/www.emiliosilveravazquez.com\/blog\/wp-json\/wp\/v2\/tags?post=11721"}],"curies":[{"name":"wp","href":"https:\/\/api.w.org\/{rel}","templated":true}]}}