{"id":11638,"date":"2024-08-27T08:56:29","date_gmt":"2024-08-27T07:56:29","guid":{"rendered":"http:\/\/www.emiliosilveravazquez.com\/blog\/?p=11638"},"modified":"2024-08-27T08:56:36","modified_gmt":"2024-08-27T07:56:36","slug":"si-%c2%a1todo-es-universo-3","status":"publish","type":"post","link":"http:\/\/www.emiliosilveravazquez.com\/blog\/2024\/08\/27\/si-%c2%a1todo-es-universo-3\/","title":{"rendered":"S\u00ed, \u00a1todo es Universo! Tambi\u00e9n nosotros"},"content":{"rendered":"<div>\n<h2 style=\"text-align: justify;\">\u00a0 <a href=\"http:\/\/www.emiliosilveravazquez.com\/blog\/2014\/04\/21\/la-necesidad-agudiza-la-imaginacion-2\/\" rel=\"prev\">La necesidad agudiza la imaginaci\u00f3n<\/a><\/h2>\n<p><img decoding=\"async\" loading=\"lazy\" class=\"\" src=\"https:\/\/www.iaea.org\/sites\/default\/files\/styles\/original_image_size\/public\/queesuranio.jpg?itok=_lJKoCcY\" alt=\"Qu\u00e9 es el uranio? | OIEA\" width=\"465\" height=\"261\" \/><\/p>\n<p><strong>Uranio 235<\/strong><\/p>\n<p>&nbsp;<\/p>\n<\/div>\n<p><strong>Uranio 235 es el bueno como combustible nuclear de fisi\u00f3n pero, en la Tierra solo supone el 7 por mil del Uranio que existe, el resto es Uranio 238.<\/strong><\/p>\n<p>&nbsp;<\/p>\n<div>\n<p><img decoding=\"async\" loading=\"lazy\" class=\"\" src=\"https:\/\/3.bp.blogspot.com\/-GLS8V5SDpvI\/UZZ5DjFQY2I\/AAAAAAAABH8\/PyHt-Hkw3Gg\/s1600\/uranium.jpg\" alt=\"Qu\u00e9 es el uranio empobrecido? \u2013 Ciencia de Sof\u00e1\" width=\"470\" height=\"364\" \/><\/p>\n<p><strong>Uranio 238<\/strong><\/p>\n<\/div>\n<p>De todo el Uranio que existe en la Tierra, este es el m\u00e1s abundante. Pero no sirve como combustible nuclear de fisi\u00f3n, como analog\u00eda podr\u00edamos compararlo con la madera mojada para hacer fuego.<\/p>\n<p>&nbsp;<\/p>\n<p><img decoding=\"async\" src=\"https:\/\/upload.wikimedia.org\/wikipedia\/commons\/thumb\/9\/98\/Plutonium3.jpg\/360px-Plutonium3.jpg\" alt=\"Plutonio - Wikiwand \/ articles\" \/><\/p>\n<p><strong>Plutonio 239<\/strong><\/p>\n<blockquote>\n<p style=\"text-align: justify;\">&#8220;El <b>plutonio<\/b>\u00a0es un\u00a0<a class=\"mw-redirect wl\" title=\"Elemento transur\u00e1nico\" href=\"https:\/\/www.wikiwand.com\/es\/articles\/Elemento_transur%C3%A1nico\">elemento transur\u00e1nico<\/a>\u00a0<a class=\"wl\" title=\"Radiactividad\" href=\"https:\/\/www.wikiwand.com\/es\/articles\/Radiactividad\">radiactivo<\/a>\u00a0con el\u00a0<a class=\"wl\" title=\"S\u00edmbolo qu\u00edmico\" href=\"https:\/\/www.wikiwand.com\/es\/articles\/S%C3%ADmbolo_qu%C3%ADmico\">s\u00edmbolo qu\u00edmico<\/a>\u00a0<b>Pu<\/b>\u00a0y el\u00a0<a class=\"wl\" title=\"N\u00famero at\u00f3mico\" href=\"https:\/\/www.wikiwand.com\/es\/articles\/N%C3%BAmero_at%C3%B3mico\">n\u00famero at\u00f3mico<\/a>\u00a0<b>94<\/b>. Es un\u00a0<a class=\"wl\" title=\"Metal\" href=\"https:\/\/www.wikiwand.com\/es\/articles\/Metal\">metal<\/a>\u00a0<a class=\"wl\" title=\"Act\u00ednido\" href=\"https:\/\/www.wikiwand.com\/es\/articles\/Act%C3%ADnido\">act\u00ednido<\/a>\u00a0con apariencia gris plateada que se oscurece cuando es expuesto al\u00a0<a class=\"wl\" title=\"Aire\" href=\"https:\/\/www.wikiwand.com\/es\/articles\/Aire\">aire<\/a>, formando una capa opaca cuando se\u00a0<a class=\"wl\" title=\"\u00d3xido\" href=\"https:\/\/www.wikiwand.com\/es\/articles\/%C3%93xido\">oxida<\/a>. El\u00a0<a class=\"wl\" title=\"Elemento qu\u00edmico\" href=\"https:\/\/www.wikiwand.com\/es\/articles\/Elemento_qu%C3%ADmico\">elemento<\/a>\u00a0normalmente exhibe seis estados\u00a0<a class=\"wl\" title=\"Alotrop\u00eda\" href=\"https:\/\/www.wikiwand.com\/es\/articles\/Alotrop%C3%ADa\">alotr\u00f3picos<\/a>\u00a0y cuatro de\u00a0<a class=\"wl\" title=\"Estado de oxidaci\u00f3n\" href=\"https:\/\/www.wikiwand.com\/es\/articles\/Estado_de_oxidaci%C3%B3n\">oxidaci\u00f3n<\/a>. Reacciona con el\u00a0<a class=\"wl\" title=\"Carbono\" href=\"https:\/\/www.wikiwand.com\/es\/articles\/Carbono\">carbono<\/a>, los\u00a0<a class=\"mw-redirect wl\" title=\"Hal\u00f3geno\" href=\"https:\/\/www.wikiwand.com\/es\/articles\/Hal%C3%B3geno\">hal\u00f3genos<\/a>,\u00a0<a class=\"wl\" title=\"Nitr\u00f3geno\" href=\"https:\/\/www.wikiwand.com\/es\/articles\/Nitr%C3%B3geno\">nitr\u00f3geno<\/a>\u00a0y\u00a0<a class=\"wl\" title=\"Silicio\" href=\"https:\/\/www.wikiwand.com\/es\/articles\/Silicio\">silicio<\/a>. Cuando se expone al aire h\u00famedo forma \u00f3xidos e\u00a0<a class=\"wl\" title=\"Hidruro\" href=\"https:\/\/www.wikiwand.com\/es\/articles\/Hidruro\">hidruros<\/a>\u00a0que expanden hasta un 70% su volumen, que a su vez, se desprende en forma de polvo que puede\u00a0<a class=\"wl\" title=\"Piroforicidad\" href=\"https:\/\/www.wikiwand.com\/es\/articles\/Piroforicidad\">inflamarse de forma espont\u00e1nea<\/a>. Tambi\u00e9n es un elemento\u00a0<a class=\"wl\" title=\"S\u00edndrome de irradiaci\u00f3n aguda\" href=\"https:\/\/www.wikiwand.com\/es\/articles\/S%C3%ADndrome_de_irradiaci%C3%B3n_aguda\">radiactivo<\/a>\u00a0y se puede acumular en los\u00a0<a class=\"wl\" title=\"Hueso\" href=\"https:\/\/www.wikiwand.com\/es\/articles\/Hueso\">huesos<\/a>. Estas propiedades hacen que manipular plutonio sea peligroso.\u00b7<\/p>\n<p>Es bueno como combustible nuclear de fisi\u00f3n.<\/p>\n<p><img decoding=\"async\" loading=\"lazy\" class=\"\" src=\"https:\/\/i.imgur.com\/k6le0oE.png\" width=\"717\" height=\"74\" \/><\/p><\/blockquote>\n<p style=\"text-align: justify;\">As\u00ed, la necesidad de material de fisi\u00f3n nos llev\u00f3 a emplear Uranio 238 (que no sirve para material de fisi\u00f3n), y, en el Reactor generador bombardearlo con <a href=\"#\" onclick=\"referencia('neutron',event); return false;\">neutrones<\/a> lentos de Uranio 235 (que s\u00ed sirve como combustible nuclear de fisi\u00f3n), y, lo que se obtiene es Plutonio 239 que es v\u00e1lido como combustible nuclear de fisi\u00f3n.<\/p>\n<p><strong>\u00a1La Necesidad agudiz\u00f3 nuestro Ingenio para solucionar el problema!<\/strong><\/p>\n<p>&nbsp;<\/p>\n<div style=\"text-align: justify;\">\n<div><a href=\"http:\/\/www.emiliosilveravazquez.com\/blog\/2014\/04\/22\/%c2%a1estrellas-de-quarks-materia-extrana-3\/\" rel=\"next\">\u00a1Estrellas de Quarks! Materia extra\u00f1a<\/a><\/div>\n<\/div>\n<div><\/div>\n<h3><img decoding=\"async\" loading=\"lazy\" class=\"\" src=\"https:\/\/francis.naukas.com\/files\/2013\/07\/dibujo20130725-quark-star-versus-neutron-star.jpg?w=584\" alt=\"C\u00f3mo distinguir estrellas de neutrones y estrellas de quarks con ondas gravitatorias - La Ciencia de la Mula Francis\" width=\"598\" height=\"463\" \/><\/h3>\n<p><img decoding=\"async\" loading=\"lazy\" class=\"\" src=\"https:\/\/i.imgur.com\/Ya1b3eA.png\" width=\"634\" height=\"155\" \/><\/p>\n<p><img decoding=\"async\" loading=\"lazy\" class=\"\" src=\"http:\/\/upload.wikimedia.org\/wikipedia\/commons\/d\/df\/Sn2006gy_light_curve.jpg\" width=\"619\" height=\"418\" \/><\/p>\n<p><img decoding=\"async\" loading=\"lazy\" class=\"\" src=\"https:\/\/i.imgur.com\/rAbMXwD.png\" width=\"652\" height=\"46\" \/><\/p>\n<p>&nbsp;<\/p>\n<div>\n<div style=\"text-align: justify;\">\n<h2>\u00a0 <a href=\"http:\/\/www.emiliosilveravazquez.com\/blog\/2013\/09\/23\/%c2%bf%c2%a1panspermia\/\" rel=\"prev\">\u00bf\u00a1Panspermia!?<\/a><\/h2>\n<p>&nbsp;<\/p>\n<\/div>\n<\/div>\n<p><img decoding=\"async\" src=\"https:\/\/www.abc.es\/media\/ciencia\/2018\/10\/26\/vida-Universo-ktz--620x349@abc.jpg\" alt=\"La teor\u00eda de la Panspermia dice que microorganismos o precursores de la vida pueden ser transportados de un sistema estelar a otro\" \/><\/p>\n<p><img decoding=\"async\" loading=\"lazy\" class=\"\" src=\"https:\/\/i.imgur.com\/E2qNH7T.png\" width=\"650\" height=\"102\" \/><\/p>\n<div>\n<div style=\"text-align: justify;\">\n<div><a href=\"http:\/\/www.emiliosilveravazquez.com\/blog\/2013\/09\/23\/un-rumor-del-saber\/\" rel=\"next\">\u00a1La Humanidad! sus creencias, su complejidad<\/a><\/div>\n<div><\/div>\n<\/div>\n<\/div>\n<div><\/div>\n<div><img decoding=\"async\" loading=\"lazy\" class=\"\" src=\"https:\/\/www.unitecoprofesional.es\/blog\/wp-content\/uploads\/2022\/03\/historia-de-la-medicina.jpg\" alt=\"Historia de la Medicina a trav\u00e9s de personas influyentes - Blog de Uniteco\" width=\"616\" height=\"347\" \/><\/div>\n<div><\/div>\n<div>Esta es una muestra de los muchos personajes que marcaron el camino de la Humanidad<\/div>\n<div><\/div>\n<div><img decoding=\"async\" loading=\"lazy\" class=\"\" src=\"https:\/\/i.imgur.com\/Kn6WWdK.png\" width=\"614\" height=\"479\" \/><\/div>\n<div><\/div>\n<div><\/div>\n<div><\/div>\n<div>\n<div style=\"text-align: justify;\"><img decoding=\"async\" loading=\"lazy\" src=\"http:\/\/farm6.static.flickr.com\/5021\/5668873139_5053186464_z.jpg\" alt=\"foto\" width=\"640\" height=\"609\" \/><\/div>\n<div style=\"text-align: justify;\">\n<div><strong>\u00a0 \u00a0 \u00a0 \u00a0 \u00a0 \u00a0 \u00a0 \u00a0 \u00a0 \u00a0 \u00a0 \u00a0 \u00a0 \u00a0 \u00a0\u00a1La Naturaleza! \u00bfCu\u00e1ndo dejar\u00e1 de sorprendernos?<\/strong><\/div>\n<\/div>\n<div style=\"text-align: justify;\"><strong>\u00a0<\/strong><\/div>\n<div id=\"header\" style=\"text-align: justify;\">\n<p>La Naturaleza y nosotros, una simbiosis de perfecta armon\u00eda que nuestra condici\u00f3n, podr\u00eda llegar a romper si el proceso de humanizaci\u00f3n se eterniza y no tomamos conciencia de lo importante que es, todo lo que nos rodea en su estado natural.\u00a0 No tenemos conciencia de que otros seres que, con nosotros, pueblan el planeta necesitan de nosotros para poder evolucionar sin que, nuestras actividades nocivas, contaminen el mundo. Todas las formas de vida tienen la misma fuente, el mismo origen: \u00a1El material &#8220;fabricado&#8221; en las estrellas!<\/p>\n<p>&nbsp;<\/p>\n<\/div>\n<div style=\"text-align: justify;\">\n<p><img decoding=\"async\" src=\"https:\/\/encrypted-tbn0.gstatic.com\/images?q=tbn:ANd9GcT40TLW8to_Fl_wiD9fYyVmWt0ZGGxp-_Mlww&amp;s\" alt=\"Ciencias Naturales y Desarrollo Humano Sexto grado\" \/><img decoding=\"async\" loading=\"lazy\" class=\"\" src=\"https:\/\/encrypted-tbn0.gstatic.com\/images?q=tbn:ANd9GcTwu42CKXTG0-c2VEmEJ5u_58IgGOtjmp49HQ&amp;s\" alt=\"Especies humanas que se perdieron en la evoluci\u00f3n - C\u00f3digo San Luis -  Peri\u00f3dico en l\u00ednea\" width=\"539\" height=\"303\" \/><img decoding=\"async\" loading=\"lazy\" class=\"\" src=\"https:\/\/encrypted-tbn0.gstatic.com\/images?q=tbn:ANd9GcTNtTTR01qvjpI4Vkk9eTM5uKjWcyfPZiJITQ&amp;s\" alt=\"Ciencia+ - El \u00c1rbol de la Vida: Un Mapa de la Evoluci\u00f3n... | Facebook\" width=\"704\" height=\"982\" \/><\/p>\n<\/div>\n<p><strong>Ser\u00eda interminable ponerlos a todos<\/strong><\/p>\n<div style=\"text-align: justify;\">\n<p>Los seres vivos que han poblado nuestro mundo, desde el origen de la vida que no ha dejado de evolucionar nunca. Todas las formas de vida, sin excepci\u00f3n, est\u00e1n basadas en el Carbono. Sabemos que actualmente existen s\u00f3lo el 1% de todas las especies que poblaron nuestro planeta y, seguimos descubriendo especies nuevas mientras que otras desaparecen al no saberse adaptar al entorno. Estar atentos a los mensajes que la Naturaleza nos env\u00eda, ser consciente de su grandeza, cuidar nuestro mundo.<\/p>\n<p>&nbsp;<\/p>\n<p><img decoding=\"async\" loading=\"lazy\" class=\"\" src=\"https:\/\/img.freepik.com\/fotos-premium\/sol-pone-sobre-montanas-encima-nubes-ai-generativo_902338-1638.jpg\" alt=\"Una monta\u00f1a con una luz brillante y un cielo azul con un resplandor solar en el fondo. | Foto Premium\" width=\"645\" height=\"968\" \/><\/p>\n<blockquote><p><strong>La monta\u00f1a que, curiosa, se asoma por encima de las nubes mientras el Sol la contempla y la ba\u00f1a con su resplandor. Escenarios maravillosos como este de arriba, en nuestro planeta est\u00e1 por todas partes. No sabemos valorar la suerte que hemos tenido al caer en este mundo.<\/strong><\/p><\/blockquote>\n<p>&nbsp;<\/p>\n<p><img decoding=\"async\" loading=\"lazy\" id=\"irc_mi\" src=\"http:\/\/2.bp.blogspot.com\/-C0K9B8ho9mU\/UJsjC0Z4AsI\/AAAAAAAADcw\/8SurL9rl2kw\/s1600\/Puesta-de-sol-bella.gif\" alt=\"\" width=\"527\" height=\"393\" \/><\/p>\n<blockquote><p><strong>El privilegio de poder contemplar la Naturaleza y ver como el Sol ti\u00f1e de rojo el paisaje al final del d\u00eda. Mi casa est\u00e1 a 15 minutos de parajes como el que arriba podemos contemplar, y, de vez en cuando, me permito visitarlos.<\/strong><\/p><\/blockquote>\n<p>&nbsp;<\/p>\n<p><img decoding=\"async\" loading=\"lazy\" id=\"irc_mi\" src=\"https:\/\/cuadernoderetazos.files.wordpress.com\/2014\/10\/buscando2.jpg\" alt=\"\" width=\"668\" height=\"393\" \/><\/p>\n<p><strong>La Tierra nos habla, \u00a1De tantas maneras! Pero&#8230; \u00a1Sabemos escucharla?<\/strong><\/p>\n<\/div>\n<div style=\"text-align: justify;\">\u00bfQu\u00e9 es la Belleza? \u00a1Est\u00e1 configurada de tantas formas, movimientos, colores y sabores! Tambi\u00e9n de sensaciones y rumores que te pueden transportar\u2026 simplemente imaginando, a otros mundos sin salir de nuestro. El universo utiliza los &#8220;pinceles&#8221; que manejan la experta mano de la Naturaleza para crear los m\u00e1s bellos cuadros ante los que nosotros, simples humanos, nos podemos asombrar al comprender su grandeza.<\/div>\n<div><\/div>\n<div><\/div>\n<div style=\"text-align: justify;\"><img decoding=\"async\" src=\"http:\/\/comps.fotosearch.com\/bigcomps\/IMP\/IMP003\/INGSAHE1623.jpg\" alt=\"\" \/><img decoding=\"async\" loading=\"lazy\" class=\"\" src=\"https:\/\/i.blogs.es\/b3a45a\/dineroefectivo\/1366_2000.jpg\" alt=\"Por qu\u00e9 existe una tendencia para acabar con el dinero en efectivo?\" width=\"557\" height=\"371\" \/><\/div>\n<div><\/div>\n<div style=\"text-align: justify;\">\u00a0\u00a0\u00a0\u00a0\u00a0\u00a0\u00a0\u00a0\u00a0\u00a0\u00a0\u00a0\u00a0\u00a0\u00a0\u00a0\u00a0\u00a0\u00a0\u00a0\u00a0\u00a0\u00a0\u00a0\u00a0\u00a0\u00a0\u00a0\u00a0\u00a0\u00a0\u00a0\u00a0\u00a0\u00a0\u00a0\u00a0\u00a0\u00a0\u00a0\u00a0\u00a0\u00a0\u00a0\u00a0\u00a0\u00a0\u00a0\u00a0\u00a0\u00a0\u00a0\u00a0\u00a0\u00a0\u00a0\u00a0\u00a0\u00a0\u00a0\u00a0 Arriba: El M<strong>AL del MUNDO<\/strong><\/div>\n<div><\/div>\n<div><\/div>\n<div style=\"text-align: justify;\"><strong><img decoding=\"async\" loading=\"lazy\" class=\"\" src=\"https:\/\/www.quironsalud.com\/blogs\/es\/aventura-madre\/lactancia-materna-beneficios-bebe.ficheros\/2030042-mama%20amamantando.jpg?width=700&amp;height=466&amp;aspectRatio=true\" alt=\"La lactancia materna y su beneficios para el beb\u00e9 | Blogs Quir\u00f3nsalud\" width=\"329\" height=\"219\" \/><img decoding=\"async\" src=\"https:\/\/encrypted-tbn0.gstatic.com\/images?q=tbn:ANd9GcR__1VMFGPceT-D8gNDcu4lZX53FbOGFET1fQ&amp;s\" alt=\"La familia: el eje fundamental de la sociedad - Universidad Cat\u00f3lica Santo Toribio de Mogrovejo\" \/><\/strong><\/div>\n<div style=\"text-align: justify;\"><img decoding=\"async\" src=\"http:\/\/comps.fotosearch.com\/bigcomps\/IGS\/IGS115\/EV018-018.jpg\" alt=\"\" \/><\/div>\n<div style=\"text-align: justify;\">Sin embargo, escenas como \u00e9sta, nos hacen olvidar la maldad. Estamos contemplando la mejor y m\u00e1s pura imagen del ser humano.<\/div>\n<div><\/div>\n<div style=\"text-align: justify;\">Me encantar\u00eda explicaros todas las im\u00e1genes que siguen a continuaci\u00f3n pero no tenemos el tiempo necesario ni es aqu\u00ed d\u00f3nde procede hacer ese trabajo que requerir\u00eda un extenso libro. De todas las maneras, os dejo escrito algunos pensamientos relacionados con ellas y con nosotros. Pero, de todas las maneras ve\u00e1moslas.<\/div>\n<div><\/div>\n<div><\/div>\n<div><img decoding=\"async\" src=\"https:\/\/www.elindependiente.com\/wp-content\/uploads\/2019\/03\/llamarada-solar.gif\" alt=\"La probabilidad de una tormenta solar catastr\u00f3fica no supera el 2% en 10 a\u00f1os\" \/><\/div>\n<div style=\"text-align: justify;\"><img decoding=\"async\" loading=\"lazy\" class=\"\" src=\"http:\/\/www.hola.com\/imagenes\/actualidad\/2010060414523\/imagenes\/universo\/nasa\/0-35-805\/12jetcarina--a.jpg\" alt=\"\" width=\"476\" height=\"308\" \/><img decoding=\"async\" loading=\"lazy\" class=\"\" src=\"https:\/\/media.es.wired.com\/photos\/65861bd409974b9527fda9ca\/4:3\/w_2664,h_1998,c_limit\/mejores%20imagenes%20james%20webb%202023.jpg\" alt=\"Las 10 mejores im\u00e1genes del espacio capturadas por el James Webb durante 2023 | WIRED\" width=\"479\" height=\"360\" \/><img decoding=\"async\" loading=\"lazy\" class=\"\" src=\"https:\/\/img.rtve.es\/imagenes\/james-webb-hubble-mejores-imagenes-espacio-universo\/1660895421260.jpg\" alt=\"Telescopio James Webb: las mejores fotograf\u00edas del espacio\" width=\"479\" height=\"270\" \/><img decoding=\"async\" loading=\"lazy\" class=\"\" src=\"https:\/\/media.es.wired.com\/photos\/64c30af82ffab1a554bf967f\/16:9\/w_2560%2Cc_limit\/HH%252046%252047.jpg\" alt=\"HH 46\/47: El James Webb revela la mejor foto de dos estrellas en proceso de formaci\u00f3n activa | WIRED\" width=\"480\" height=\"270\" \/><img decoding=\"async\" loading=\"lazy\" class=\"\" src=\"https:\/\/www.elespectador.com\/resizer\/v2\/MSO7RFW44NEXZOCFYJN37IAR2E.jpg?auth=8790c4e872594a1725db24f8945b7066b90e95552bc9137abc7ef6f2bc3c181e&amp;width=1096&amp;height=730&amp;smart=true&amp;quality=60\" alt=\"Las 10 mejores im\u00e1genes que capt\u00f3 el telescopio James Webb en 2022 | EL ESPECTADOR\" width=\"486\" height=\"324\" \/><img decoding=\"async\" loading=\"lazy\" class=\"\" src=\"https:\/\/c.files.bbci.co.uk\/11CDE\/production\/_127262927_weic2216d.jpg\" alt=\"James Webb: las deslumbrantes im\u00e1genes de los &quot;Pilares de la creaci\u00f3n&quot; captadas por el flamante telescopio - BBC News Mundo\" width=\"484\" height=\"238\" \/><\/div>\n<\/div>\n<div><\/div>\n<div><strong>Podr\u00edamos seguir, las maravillas del Universo son &#8220;infinitas&#8221;<\/strong><\/div>\n<div><\/div>\n<div><img decoding=\"async\" src=\"https:\/\/i.blogs.es\/885909\/4\/450_1000.jpeg\" alt=\"As\u00ed se ve el sol desde los distintos planetas del sistema solar\" \/><\/div>\n<div><\/div>\n<div>\n<div style=\"text-align: justify;\">\u00a0 \u00a0 \u00a0 \u00a0 \u00a0 \u00a0 \u00a0 \u00a0 <strong>\u00a0 \u00a0\u00bf Desde qu\u00e9 planeta estamos viendo el Sol?<\/strong><\/div>\n<div><\/div>\n<\/div>\n<div><\/div>\n<div><img decoding=\"async\" loading=\"lazy\" class=\"\" src=\"https:\/\/cdn.agenciasinc.es\/var\/ezwebin_site\/storage\/images\/_aliases\/img_1col\/opinion\/lo-que-hemos-aprendido-de-la-primera-imagen-de-sagitario-a\/9566550-1-esl-MX\/Lo-que-hemos-aprendido-de-la-primera-imagen-de-Sagitario-A.jpg\" alt=\"Lo que hemos aprendido de la primera imagen de Sagitario A*\" width=\"643\" height=\"413\" \/><\/div>\n<div><\/div>\n<div>\n<div>\n<div>\n<div>\n<p style=\"text-align: justify;\">Hay quien cree que la Tierra podr\u00eda ser tragada por <a href=\"http:\/\/www.emiliosilveravazquez.com\/blog\/2014\/04\/21\/si-%C2%A1todo-es-universo\/#\"><a href=\"#\" onclick=\"referencia('agujero negro',event); return false;\">agujero negro<\/a><\/a>. Sin embargo, la posibilidad es muy escasa, dir\u00eda que casi nula por completo. 27.000 a\u00f1os-luz nos separan del Centro Gal\u00e1ctico donde reside un Agunero negro que se traga todo lo que por all\u00ed pase , pensar en\u00a0 que pudiera llegar aqu\u00ed\u2026 Ser\u00eda ir demasiado lejos. Hemos tenido la suerte de venir a caer en una zona relativamente tranquila de nuestra Galaxia. En el Interiod del Brazo de Ori\u00f3n, ricamente instalado, nuestro sistema solar no se relaciona con estrellas conflictivas ni con <a href=\"#\" onclick=\"referencia('agujero negro',event); return false;\">agujeros negros<\/a> peligrosos.<\/p>\n<p>&nbsp;<\/p>\n<div>\n<p style=\"text-align: justify;\"><img decoding=\"async\" loading=\"lazy\" id=\"irc_mi\" src=\"http:\/\/www.surastronomico.com\/imagenes\/i_noticias_2009\/Chandra_20091002_2.jpg\" alt=\"\" width=\"515\" height=\"393\" \/><\/p>\n<p><strong>El Centro Gal\u00e1ctico con el <a href=\"#\" onclick=\"referencia('agujero negro',event); return false;\">agujero negro<\/a> que nunca nos har\u00e1 da\u00f1o<\/strong><\/p>\n<p style=\"text-align: justify;\">Hay algunas Asociaciones que en relaci\u00f3n a los avances de la Ciencia, siempre est\u00e1n poniendo pegas y haciendo protestas, como cuando se inaugur\u00f3 el LHC que, por todos los medios dec\u00edan que esa m\u00e1quina infernal provocar\u00e1 un <a href=\"#\" onclick=\"referencia('agujero negro',event); return false;\">agujero negro<\/a> que nos tragar\u00e1 a todos. En todos los tiempos han existido gente as\u00ed.<\/p>\n<p>&nbsp;<\/p>\n<\/div>\n<\/div>\n<\/div>\n<\/div>\n<\/div>\n<p><img decoding=\"async\" loading=\"lazy\" class=\"\" src=\"https:\/\/i.imgur.com\/txXOoCW.png\" width=\"416\" height=\"138\" \/><\/p>\n<div>\n<p style=\"text-align: justify;\">Los rayos Gamma son los <a href=\"http:\/\/www.emiliosilveravazquez.com\/blog\/2014\/04\/21\/si-%C2%A1todo-es-universo\/#\"><a href=\"#\" onclick=\"referencia('foton',event); return false;\">fotones<\/a><\/a> m\u00e1s energ\u00e9ticos conocidos, \u00bfSer\u00e1 ese nuestro final? \u00a1Convertirnos en pura energ\u00eda! Bueno, sabemos que aparecen en las explosiones de supernovas y en otros sucesos similares. \u00bfSeremos nosotros alg\u00fan d\u00eda fuentes de luz conscientes? A estas alturas ya nada debe extra\u00f1arnos. Hace poco unos cient\u00edficos han conseguido solidificar esos cuantos de luz que llamamos <a href=\"#\" onclick=\"referencia('foton',event); return false;\">fotones<\/a>. \u00bfHasta d\u00f3nde podremos llegar?<\/p>\n<\/div>\n<p><img decoding=\"async\" loading=\"lazy\" class=\"\" src=\"https:\/\/espanol.ucg.org\/files\/styles\/full_grid9\/public\/image\/article\/2019\/09\/02\/the-search-for-life-are-we-alone.jpg\" alt=\"B\u00fasqueda de vida en el universo:: \u00bfEstamos solos? | Iglesia de Dios Unida\" width=\"555\" height=\"362\" \/><\/p>\n<div>\n<div>\n<p style=\"text-align: justify;\">\u00a0 <strong>\u00a0\u00bfSabremos alguna vez comprender d\u00f3nde estamos y para qu\u00e9?<\/strong><\/p>\n<div>\n<p style=\"text-align: justify;\">\u00a1Es tan grande el Universo! \u00bfPodremos comprenderlo alguna vez? Sabemos que el Universo es todo lo que existe incluyendo la materia y el Espacio-Tiempo. Sin embargo, lo que no podemos saber (con plena certeza) es empez\u00f3 todo ni c\u00f3mo terminar\u00e1. Tampoco podemos dar una explicaci\u00f3n de si el universo est\u00e1 s\u00f3lo o, por el contrario, deambula acompa\u00f1ado por otros universos por un inmenso Metacosmos que engloba m\u00faltiples universos.<\/p>\n<p style=\"text-align: justify;\">Hemos puesto una serie de im\u00e1genes ah\u00ed arriba que quiere significar la diversidad que en el Universo existe, y, ni se pueden incluir todos los ejemplos que nos gustar\u00eda ni tampoco los tenemos a mano, ya que, la mayor\u00eda de los que podr\u00edamos poner, no est\u00e1n a nuestro alcance ni al alcance de nuestras tecnolog\u00edas.<\/p>\n<\/div>\n<\/div>\n<\/div>\n<p>&nbsp;<\/p>\n<p><img decoding=\"async\" loading=\"lazy\" class=\"\" src=\"https:\/\/s2.abcstatics.com\/abc\/www\/multimedia\/sociedad\/2023\/11\/03\/astro2-RJsrW726EoWoPwXFEoHc0tJ-1200x840@abc.jpg\" alt=\"La teor\u00eda de que el universo podr\u00eda ser como un ser pensante, \u00abel cambio de\" width=\"614\" height=\"430\" \/><\/p>\n<p><strong>\u00a0 \u00a0 \u00a0 \u00a0 \u00a0 \u00a0 \u00a0 \u00a0 \u00a0 \u00a0 \u00a0 Hacemos preguntas que nadie sabe contestar<\/strong><\/p>\n<div>\n<div>\n<div>\n<p style=\"text-align: justify;\">El Universo contin\u00faa, en muchos aspectos, siendo un gran misterio que pretendemos desvelar, pero como nos dec\u00eda hace unos d\u00edas Max Planck, el problema est\u00e1 en que nosotros, en \u00faltimo t\u00e9rmino, formamos parte de ese misterio que pretendemos .<\/p>\n<\/div>\n<\/div>\n<\/div>\n<p>&nbsp;<\/p>\n<p><img decoding=\"async\" loading=\"lazy\" class=\"\" src=\"https:\/\/imagenes.muyinteresante.com\/files\/article_social_75\/uploads\/2023\/12\/04\/656e1896c69df.jpeg\" alt=\"Los paisajes m\u00e1s bonitos de Escocia\" width=\"599\" height=\"315\" \/><img decoding=\"async\" loading=\"lazy\" class=\"\" src=\"https:\/\/i.blogs.es\/4d1ff5\/trendencias_42502910_559380657851323_5504673885947736318_n\/1366_2000.jpg\" alt=\"15 lugares de la Tierra con paisajes tan incre\u00edbles que parecen de otro planeta\" width=\"600\" height=\"704\" \/><img decoding=\"async\" loading=\"lazy\" class=\"\" src=\"https:\/\/i.pinimg.com\/236x\/4d\/62\/3b\/4d623b713fda685e282861a8a5c65818.jpg\" alt=\"Las mejores 900+ ideas de PAISAJES DE LA TIERRA | paisajes, foto, paisajismo\" width=\"599\" height=\"921\" \/><img decoding=\"async\" loading=\"lazy\" class=\"\" src=\"https:\/\/img.freepik.com\/fotos-premium\/nieve-montana-lago-bosque-hermosa-naturaleza-paisaje-invierno-fondo-pantalla-ilustracion-fondo_277370-4838.jpg\" alt=\"Nieve Monta\u00f1a lago Bosque Hermosa Naturaleza Paisaje invierno fondo de pantalla Ilustraci\u00f3n Fondo | Imagen Premium generada con IA\" width=\"599\" height=\"399\" \/><img decoding=\"async\" loading=\"lazy\" class=\"\" src=\"https:\/\/revistaestar.es\/wp-content\/uploads\/2021\/11\/oasis.jpg\" alt=\"Ser flores en el desierto - Revista H\u00e1gase Estar\" width=\"608\" height=\"328\" \/><img decoding=\"async\" loading=\"lazy\" class=\"\" src=\"https:\/\/i.gifer.com\/AKCy.gif\" alt=\"Tormenta borrasca tempestad GIF - Encontrar en GIFER\" width=\"606\" height=\"326\" \/><img decoding=\"async\" loading=\"lazy\" class=\"\" src=\"https:\/\/img.freepik.com\/foto-gratis\/planeta-tierra-espectacular-puesta-sol-imagen-generada-ia_511042-1784.jpg?size=626&amp;ext=jpg&amp;ga=GA1.1.1788614524.1717200000&amp;semt=ais_user\" alt=\"P\u00e1gina 2 | Im\u00e1genes de Tierra Iluminada Por Sol Desde Espacio - Descarga gratuita en Freepik\" width=\"604\" height=\"339\" \/><img decoding=\"async\" loading=\"lazy\" class=\"\" src=\"https:\/\/img.freepik.com\/fotos-premium\/estrellas-nebulosas-galaxias-espacio-exterior-componentes-imagen-fueron-proporcionados-nasa_410516-41974.jpg\" alt=\"Estrellas nebulosas y galaxias en el espacio exterior Los componentes de esta imagen fueron proporcionados por la NASA | Imagen Premium generada con IA\" width=\"599\" height=\"399\" \/><img decoding=\"async\" loading=\"lazy\" class=\"\" src=\"https:\/\/static.nationalgeographicla.com\/files\/styles\/image_3200\/public\/nationalgeographic_2191299_bx.jpg?w=1600&amp;h=1622&amp;p=top\" alt=\"Qu\u00e9 es una galaxia? Conoce los 8 tipos que existen seg\u00fan la NASA | National Geographic\" width=\"599\" height=\"607\" \/><\/p>\n<p><strong>Nuestro planeta es asombroso, como el Universo mismo<\/strong><\/p>\n<div>\n<div>\n<div>\n<p style=\"text-align: justify;\">Ah\u00ed arriba podemos contemplar im\u00e1genes de bonitos paisajes de la Tierra cambiante, del Sol y de Nebulosas y galaxias. Tambi\u00e9n de algunos seres humanos a los que el Universo, les ha otorgado el don de pensar (aunque no siempre lo demostremos). Algunas im\u00e1genes son de explosiones luminosos que nos ense\u00f1an y muestran las mayores energ\u00edas que en el Universo se pueden generar, a trav\u00e9s de explosiones de supernovas que son fuentes de potentes <a href=\"http:\/\/www.emiliosilveravazquez.com\/blog\/2014\/04\/21\/si-%C2%A1todo-es-universo\/#\"><a href=\"#\" onclick=\"referencia('gamma rayos',event); return false;\">rayos gamma<\/a><\/a>.<\/p>\n<p>&nbsp;<\/p>\n<p style=\"text-align: justify;\"><img decoding=\"async\" loading=\"lazy\" id=\"irc_mi\" class=\"\" src=\"http:\/\/1.bp.blogspot.com\/-3zEiyaVvEqU\/UBXQE1aqEUI\/AAAAAAAAATY\/RhXR07sGPys\/s1600\/%3Ca%20href=\" alt=\"\" width=\"656\" height=\"726\" \/><\/p>\n<blockquote><p><strong>No cejamos en nuestro empe\u00f1o de saber que es\u2026 \u00a1la materia! Incluso pensamos que podr\u00edan existir estrellas de Quarks-Gluones (La materia extra\u00f1a)<\/strong><\/p><\/blockquote>\n<p style=\"text-align: justify;\">La Materia y sus componentes han sido y son el objeto de muchos investigadores y pensadores que quieren profundizar y saber el por qu\u00e9, a partir de lo que llamamos materia inerte, pudo surgir, mediante cambios producidos en muy especiales\u2026\u00a1La Vida!<\/p>\n<p style=\"text-align: justify;\">Nos encontramos con el problema de la posible existencia de eso que llaman \u201c<a href=\"http:\/\/www.emiliosilveravazquez.com\/blog\/2014\/04\/21\/si-%C2%A1todo-es-universo\/#\"><a href=\"#\" onclick=\"referencia('materia oscura',event); return false;\">materia oscura<\/a><\/a>\u201d, y, a primera vista, puede parecer que la <a href=\"http:\/\/www.emiliosilveravazquez.com\/blog\/2014\/04\/21\/si-%C2%A1todo-es-universo\/#\"><a href=\"#\" onclick=\"referencia('materia oscura',event); return false;\">materia oscura<\/a><\/a> es s\u00f3lo una peque\u00f1a pieza del enorme rompecabezas que resulta ser nuestro universo, un par\u00e1metro m\u00e1s, ni m\u00e1s ni menos importante que tantas otras. Claro que, este ser\u00eda un punto de vista razonable si la <a href=\"http:\/\/www.emiliosilveravazquez.com\/blog\/2014\/04\/21\/si-%C2%A1todo-es-universo\/#\"><a href=\"#\" onclick=\"referencia('materia oscura',event); return false;\">materia oscura<\/a><\/a> s\u00f3lo formase una peque\u00f1a parte del Universo. En ese caso, la podr\u00edamos considerar como poco m\u00e1s que una nota a pie de p\u00e1gina de la materia luminosa, m\u00e1s importante, ya que, de ella, estamos hecho nosotros. Adem\u00e1s, es mucho m\u00e1s f\u00e1cil detectar la materia Bari\u00f3nica hecha de Quarks y Leptones que esa otra que, ni sabemos de qu\u00e9 estar\u00e1 hecha.<\/p>\n<p style=\"text-align: justify;\">Sin embargo, ese punto de vista estar\u00eda equivocado, toda vez que, seg\u00fan todos los indicios, esa \u201c<a href=\"http:\/\/www.emiliosilveravazquez.com\/blog\/2014\/04\/21\/si-%C2%A1todo-es-universo\/#\"><a href=\"#\" onclick=\"referencia('materia oscura',event); return false;\">materia oscura<\/a><\/a>\u201d supone casi el total del Universo junto con la \u201cenerg\u00eda Oscura\u201d, es decir, m\u00e1s del 90% de la materia-energ\u00eda del universo, es oscura. Puede que las brillantes espirales de las Galaxias sirvan simplemente marcadores pasivos, testimonios mudos de fuerzas que operan en un nivel invisible para nosotros.<\/p>\n<p>&nbsp;<\/p>\n<p style=\"text-align: justify;\"><img decoding=\"async\" src=\"http:\/\/2.bp.blogspot.com\/-3ANtOkdgUQw\/UFYqwpdLG2I\/AAAAAAAACDU\/DS_n2mZoDeU\/s1600\/Tiempo.jpg\" alt=\"\" \/><\/p>\n<p style=\"text-align: justify;\"><strong>El Universo y la Vida\u2026 El Tiempo que inexorable pasa\u2026<\/strong><\/p>\n<p style=\"text-align: justify;\">Es posible que, cuando sepamos m\u00e1s sobre nuestro Universo reconozcamos que nuestros conocimientos del universo visible, tan dif\u00edcilmente obtenidos, son poco m\u00e1s que el primer paso en el camino hacia la comprensi\u00f3n de c\u00f3mo son en realidad las cosas. Muchas de las nuevas teor\u00edas tratan de buscar nuevos caminos que divergen de los que seguimos y, buscando por otros lugares no explorados, es posible, s\u00f3lo posible que, podamos encontrar algunas respuestas que nos son negadas en las teor\u00edas actuales.<\/p>\n<p style=\"text-align: justify;\">Es inquietante que, a estas alturas, con seguridad, ning\u00fan Astr\u00f3nomo sepa darnos una respuesta fiel de c\u00f3mo se pudieron formar las Galaxias, y, todos, sin excepci\u00f3n, nos responden con hip\u00f3tesis y conjeturas que, de ninguna manera, podemos asimilar a la realidad de como fueron las cosas en aquellos comienzos del Universo.<\/p>\n<\/div>\n<\/div>\n<\/div>\n<p>&nbsp;<\/p>\n<p><img decoding=\"async\" src=\"https:\/\/imagenes.elpais.com\/resizer\/v2\/IUQPMFAOJZDFRINJ4QWVHP2VBY.png?auth=f74145b6e423c48152827238e512b6be58894b49389fcff25bac0e014a869cad&amp;width=414\" alt=\"La red c\u00f3smica: de creernos el centro del universo a saber que habitamos en un gigantesco agujero | Vac\u00edo C\u00f3smico | EL PA\u00cdS\" \/><\/p>\n<p><strong>Ser\u00eda el Ylem, la sustancia c\u00f3smica del Universo<\/strong><\/p>\n<div>\n<p style=\"text-align: justify;\">\u00bfQu\u00e9 fuerzas ocultas estaban ah\u00ed presentes para posible que las galaxias se pudieran conformar, y formarse los c\u00famulos de galaxias antes de que, la materia reci\u00e9n creada, se dispersara por todo el universo sin m\u00e1s? Seguramente, esa fuerza no podr\u00eda ser otra que la generada por la Materia Oscura que, a decir verdad, podr\u00eda ser la materia primaria que permea todo el Universo y, a partir de la cual, se puede estar formando (al evolucionar) la materia que s\u00ed podemos ver.<\/p>\n<p>&nbsp;<\/p>\n<p style=\"text-align: justify;\"><img decoding=\"async\" loading=\"lazy\" id=\"irc_mi\" src=\"http:\/\/3.bp.blogspot.com\/-vKr597DqLXs\/T38hTOjhIVI\/AAAAAAAAANY\/FpUF1Eunep4\/s1600\/429965_233747843387085_100002556147242_453316_305818471_n.jpg\" alt=\"\" width=\"524\" height=\"393\" \/><\/p>\n<p style=\"text-align: justify;\">A m\u00ed todo esto me sobrepasa, y, \u201cconociendo\u201d de qu\u00e9 est\u00e1 formada la materia de la que est\u00e1n hechas las estrellas y las monta\u00f1as, los r\u00edos y los oc\u00e9anos, o los delfines y tambi\u00e9n nosotros, no deja de sorprenderme (m\u00e1s bien maravillarme) que, de esa materia pudieran surgir seres vivos y que, algunos, como nosotros mismos, podamos pensar y ser conscientes de toda esta grandeza.<\/p>\n<p style=\"text-align: justify;\">Alguna vez, hemos podido sentirnos en un estado de euforia al sentirnos los \u201camos\u201d del universo, nuestros conocimientos nos hacen grandes y, posiblemente, nada se resistir\u00e1 ante tanta sabidur\u00eda. Sin embargo, ese estado de \u201cgracia\u201d suele durarnos muy poco. De inmediato caemos en la de que, la realidad, es muy distinta y recordamos lo que nos dijeron aquellos grandes pensadores como S\u00f3crates. Plat\u00f3n y m\u00e1s cercano a nosotros Popper: \u201cNuestro conocimiento es limitado, nuestra ignorancia infinita\u201d. Y, lo malo de dicha conclusi\u00f3n, es que era, y, sigue siendo cierta.<\/p>\n<p>&nbsp;<\/p>\n<p><img decoding=\"async\" src=\"https:\/\/caracol.com.co\/resizer\/v2\/VZOBXF46MJFXPCEEDZSDLYHCMI.jpg?auth=63e28144dd452e653ec5e84a0419f369615141a40b90745be1429dadfea47300&amp;width=650&amp;height=488&amp;quality=70&amp;smart=true\" alt=\"Es la consciencia parte del tejido del universo? As\u00ed lo creen algunos cient\u00edficos\" \/><\/p>\n<p><strong>\u00a0 \u00a0 \u00a0 \u00a0Somos parte del Universo que se expande, y, nuestras Mentes tambi\u00e9n<\/strong><\/p>\n<p style=\"text-align: justify;\">As\u00ed que, amigos m\u00edos, procuremos aprender, enterarnos de las cosas, ser conscientes de lo que no sabemos y, sobre todo, procurar entender lo que en la Naturaleza ocurre, ella siempre nos marca el camino a seguir pero, nosotros, no siempre prestamos la debida atenci\u00f3n.<\/p>\n<p style=\"text-align: justify;\"><strong>Emilio Silvera V.<\/strong><\/p>\n<\/div>\n<div class='bookmark'>\r\n\t\t<table align='left' border='0' cellpadding='0' width='100%'>\r\n\t\t<tr><td><span class='pushbutton'><a href='http:\/\/delicious.com\/post?url=http%3A%2F%2Fwww.emiliosilveravazquez.com%2Fblog%2F2024%2F08%2F27%2Fsi-%25c2%25a1todo-es-universo-3%2F&amp;title=S%C3%AD%2C+%C2%A1todo+es+Universo%21+Tambi%C3%A9n+nosotros' title='Delicious' target='_blank' rel='nofollow'><img src='http:\/\/www.emiliosilveravazquez.com\/blog\/wp-content\/plugins\/knxdt-bookmarks-wordpress-plugin\/images\/delicious.png'  alt='' class='book_img' border='none' style='margin:1px; padding: 0;'  \/><\/a><\/span><span class='pushbutton'><a href='http:\/\/digg.com\/submit?url=http%3A%2F%2Fwww.emiliosilveravazquez.com%2Fblog%2F2024%2F08%2F27%2Fsi-%25c2%25a1todo-es-universo-3%2F&amp;title=S%C3%AD%2C+%C2%A1todo+es+Universo%21+Tambi%C3%A9n+nosotros' title='Digg' target='_blank' rel='nofollow'><img src='http:\/\/www.emiliosilveravazquez.com\/blog\/wp-content\/plugins\/knxdt-bookmarks-wordpress-plugin\/images\/digg.png'  alt='' class='book_img' border='none' style='margin:1px; padding: 0;'  \/><\/a><\/span><span class='pushbutton'><a href='http:\/\/www.google.com\/bookmarks\/mark?op=edit&amp;bkmk=http%3A%2F%2Fwww.emiliosilveravazquez.com%2Fblog%2F2024%2F08%2F27%2Fsi-%25c2%25a1todo-es-universo-3%2F&amp;title=S%C3%AD%2C+%C2%A1todo+es+Universo%21+Tambi%C3%A9n+nosotros' title='Google' target='_blank' rel='nofollow'><img src='http:\/\/www.emiliosilveravazquez.com\/blog\/wp-content\/plugins\/knxdt-bookmarks-wordpress-plugin\/images\/google.png'   alt='' class='book_img' border='none' style='margin:1px; padding: 0;'  \/><\/a><\/span><span class='pushbutton'><a href='http:\/\/myweb2.search.yahoo.com\/myresults\/bookmarklet?u=http%3A%2F%2Fwww.emiliosilveravazquez.com%2Fblog%2F2024%2F08%2F27%2Fsi-%25c2%25a1todo-es-universo-3%2F&amp;t=S%C3%AD%2C+%C2%A1todo+es+Universo%21+Tambi%C3%A9n+nosotros' title='Yahoo' target='_blank' rel='nofollow'><img src='http:\/\/www.emiliosilveravazquez.com\/blog\/wp-content\/plugins\/knxdt-bookmarks-wordpress-plugin\/images\/yahoo.png'  alt='' class='book_img' border='none' style='margin:1px; padding: 0;'  \/><\/a><\/span><span class='pushbutton'><a href='http:\/\/www.technorati.com\/faves?add=http%3A%2F%2Fwww.emiliosilveravazquez.com%2Fblog%2F2024%2F08%2F27%2Fsi-%25c2%25a1todo-es-universo-3%2F' title='Technorati' target='_blank' rel='nofollow'><img src='http:\/\/www.emiliosilveravazquez.com\/blog\/wp-content\/plugins\/knxdt-bookmarks-wordpress-plugin\/images\/technorati.png'  alt='' class='book_img' border='none' style='margin:1px; padding: 0;'  \/><\/a><\/span><span class='pushbutton'><a href='http:\/\/meneame.net\/submit.php?url=http%3A%2F%2Fwww.emiliosilveravazquez.com%2Fblog%2F2024%2F08%2F27%2Fsi-%25c2%25a1todo-es-universo-3%2F' title='Meneame' target='_blank' rel='nofollow'><img src='http:\/\/www.emiliosilveravazquez.com\/blog\/wp-content\/plugins\/knxdt-bookmarks-wordpress-plugin\/images\/meneame.png'  alt='' class='book_img' border='none' style='margin:1px; padding: 0;'  \/><\/a><\/span><span class='pushbutton'><a href='http:\/\/enchilame.com\/submit.php?url=http:\/\/www.emiliosilveravazquez.com\/blog\/2024\/08\/27\/si-%c2%a1todo-es-universo-3\/' target='_blank' rel='nofollow'><img title='Enchilame' src='http:\/\/www.emiliosilveravazquez.com\/blog\/wp-content\/plugins\/knxdt-bookmarks-wordpress-plugin\/images\/enchilame.png'  alt='' class='book_img' border='none' style='margin:1px; padding: 0;'  \/><\/a><\/span><span class='pushbutton'><a href='http:\/\/www.blinklist.com\/index.php?Action=Blink\/addblink.php&amp;Description=&amp;Url=http%3A%2F%2Fwww.emiliosilveravazquez.com%2Fblog%2F2024%2F08%2F27%2Fsi-%25c2%25a1todo-es-universo-3%2F&amp;title=S%C3%AD%2C+%C2%A1todo+es+Universo%21+Tambi%C3%A9n+nosotros' title='BlinkList' target='_blank' rel='nofollow'><img src='http:\/\/www.emiliosilveravazquez.com\/blog\/wp-content\/plugins\/knxdt-bookmarks-wordpress-plugin\/images\/blinklist.png'  alt='' class='book_img' border='none' style='margin:1px; padding: 0;'  \/><\/a><\/span><span class='pushbutton'><a href='http:\/\/reddit.com\/submit?url=http%3A%2F%2Fwww.emiliosilveravazquez.com%2Fblog%2F2024%2F08%2F27%2Fsi-%25c2%25a1todo-es-universo-3%2F&amp;title=S%C3%AD%2C+%C2%A1todo+es+Universo%21+Tambi%C3%A9n+nosotros' title='Reddit' target='_blank' rel='nofollow'><img src='http:\/\/www.emiliosilveravazquez.com\/blog\/wp-content\/plugins\/knxdt-bookmarks-wordpress-plugin\/images\/reddit.png'  alt='' class='book_img' border='none' style='margin:1px; padding: 0;'  \/><\/a><\/span><span class='pushbutton'><a href='http:\/\/www.tecnologiadiaria.com\/2009\/07\/abrir-com-hotmail-correo.html' target='_blank' title='hotmail'><img src='http:\/\/www.emiliosilveravazquez.com\/blog\/wp-content\/plugins\/knxdt-bookmarks-wordpress-plugin\/images\/linklove.png' alt='hotmail correo' class='book_img' border='none' style='margin:1px; padding: 0;' \/><\/a><\/span><span class='pushbutton'><a href='http:\/\/bitacoras.com\/votar\/anotacion\/externo\/mini\/www.emiliosilveravazquez.com\/blog\/2024\/08\/27\/si-%c2%a1todo-es-universo-3\/' title='Bitacoras.com' target='_blank' rel='nofollow'><img src='http:\/\/www.emiliosilveravazquez.com\/blog\/wp-content\/plugins\/knxdt-bookmarks-wordpress-plugin\/images\/bitacoras.png'  alt='' class='book_img' border='none' style='margin:1px; padding: 0;'  \/><\/a><\/span><span class='pushbutton'><a href='http:\/\/www.wikio.es\/vote?url=http%3A%2F%2Fwww.emiliosilveravazquez.com%2Fblog%2F2024%2F08%2F27%2Fsi-%25c2%25a1todo-es-universo-3%2F' title='Wikio' target='_blank' rel='nofollow'><img src='http:\/\/www.emiliosilveravazquez.com\/blog\/wp-content\/plugins\/knxdt-bookmarks-wordpress-plugin\/images\/wikio.png'   alt='' class='book_img' border='none' style='margin:1px; padding: 0;'   \/><\/a><\/span><span class='pushbutton'><a href='http:\/\/friendfeed.com\/?url=http%3A%2F%2Fwww.emiliosilveravazquez.com%2Fblog%2F2024%2F08%2F27%2Fsi-%25c2%25a1todo-es-universo-3%2F&amp;title=S%C3%AD%2C+%C2%A1todo+es+Universo%21+Tambi%C3%A9n+nosotros' title='Friend Feed' target='_blank' rel='nofollow'><img src='http:\/\/www.emiliosilveravazquez.com\/blog\/wp-content\/plugins\/knxdt-bookmarks-wordpress-plugin\/images\/friendfeed.png'  alt='' class='book_img' border='none' style='margin:1px; padding: 0;'  \/><\/a><\/span><span class='pushbutton'><a href='http:\/\/www.facebook.com\/share.php?u=http%3A%2F%2Fwww.emiliosilveravazquez.com%2Fblog%2F2024%2F08%2F27%2Fsi-%25c2%25a1todo-es-universo-3%2F&amp;t=S%C3%AD%2C+%C2%A1todo+es+Universo%21+Tambi%C3%A9n+nosotros' title='Facebook' target='_blank' rel='nofollow'><img src='http:\/\/www.emiliosilveravazquez.com\/blog\/wp-content\/plugins\/knxdt-bookmarks-wordpress-plugin\/images\/facebook.png'  alt='' class='book_img' border='none' style='margin:1px; padding: 0;'  \/><\/a><\/span><span class='pushbutton'><a href='http:\/\/twitter.com\/home?status=S%C3%AD%2C+%C2%A1todo+es+Universo%21+Tambi%C3%A9n+nosotros: http%3A%2F%2Fwww.emiliosilveravazquez.com%2Fblog%2F2024%2F08%2F27%2Fsi-%25c2%25a1todo-es-universo-3%2F' title='Twitter' target='_blank' rel='nofollow'><img src='http:\/\/www.emiliosilveravazquez.com\/blog\/wp-content\/plugins\/knxdt-bookmarks-wordpress-plugin\/images\/twitter.png'  alt='' class='book_img' border='none' style='margin:1px; padding: 0;'  \/><\/a><\/span><span class='pushbutton'><a href='http:\/\/www.feedburner.com\/fb\/a\/emailFlare?itemTitle=S%C3%AD%2C+%C2%A1todo+es+Universo%21+Tambi%C3%A9n+nosotros&amp;uri=http%3A%2F%2Fwww.emiliosilveravazquez.com%2Fblog%2F2024%2F08%2F27%2Fsi-%25c2%25a1todo-es-universo-3%2F' title='Enviar por Email' target='_blank' rel='nofollow'><img src='http:\/\/www.emiliosilveravazquez.com\/blog\/wp-content\/plugins\/knxdt-bookmarks-wordpress-plugin\/images\/email.png'  alt='' class='book_img' border='none' style='margin:1px; padding: 0;'  \/><\/a><\/span><span style='font-weight:bold; padding-left: 5px;'><a href='http:\/\/wordpress.org\/extend\/plugins\/knxdt-bookmarks-wordpress-plugin\/' title='Plugin' rel='nofollow' target='_blank'>[?]<\/a><\/span><\/td><\/tr><\/table><br\/><br\/><\/div>","protected":false},"excerpt":{"rendered":"<p>\u00a0 La necesidad agudiza la imaginaci\u00f3n Uranio 235 &nbsp; Uranio 235 es el bueno como combustible nuclear de fisi\u00f3n pero, en la Tierra solo supone el 7 por mil del Uranio que existe, el resto es Uranio 238. &nbsp; Uranio 238 De todo el Uranio que existe en la Tierra, este es el m\u00e1s abundante. [&hellip;]<\/p>\n","protected":false},"author":2,"featured_media":0,"comment_status":"open","ping_status":"open","sticky":false,"template":"","format":"standard","meta":{"_s2mail":"yes","footnotes":""},"categories":[197],"tags":[],"_links":{"self":[{"href":"http:\/\/www.emiliosilveravazquez.com\/blog\/wp-json\/wp\/v2\/posts\/11638"}],"collection":[{"href":"http:\/\/www.emiliosilveravazquez.com\/blog\/wp-json\/wp\/v2\/posts"}],"about":[{"href":"http:\/\/www.emiliosilveravazquez.com\/blog\/wp-json\/wp\/v2\/types\/post"}],"author":[{"embeddable":true,"href":"http:\/\/www.emiliosilveravazquez.com\/blog\/wp-json\/wp\/v2\/users\/2"}],"replies":[{"embeddable":true,"href":"http:\/\/www.emiliosilveravazquez.com\/blog\/wp-json\/wp\/v2\/comments?post=11638"}],"version-history":[{"count":0,"href":"http:\/\/www.emiliosilveravazquez.com\/blog\/wp-json\/wp\/v2\/posts\/11638\/revisions"}],"wp:attachment":[{"href":"http:\/\/www.emiliosilveravazquez.com\/blog\/wp-json\/wp\/v2\/media?parent=11638"}],"wp:term":[{"taxonomy":"category","embeddable":true,"href":"http:\/\/www.emiliosilveravazquez.com\/blog\/wp-json\/wp\/v2\/categories?post=11638"},{"taxonomy":"post_tag","embeddable":true,"href":"http:\/\/www.emiliosilveravazquez.com\/blog\/wp-json\/wp\/v2\/tags?post=11638"}],"curies":[{"name":"wp","href":"https:\/\/api.w.org\/{rel}","templated":true}]}}