{"id":11603,"date":"2014-10-29T04:35:24","date_gmt":"2014-10-29T03:35:24","guid":{"rendered":"http:\/\/www.emiliosilveravazquez.com\/blog\/?p=11603"},"modified":"2014-10-29T04:35:24","modified_gmt":"2014-10-29T03:35:24","slug":"feria-medieval-en-el-castiloo-de-niebla-huelva","status":"publish","type":"post","link":"http:\/\/www.emiliosilveravazquez.com\/blog\/2014\/10\/29\/feria-medieval-en-el-castiloo-de-niebla-huelva\/","title":{"rendered":"Feria Medieval en el Castiloo de Niebla (Huelva)"},"content":{"rendered":"<p>&nbsp;<\/p>\n<p>&nbsp;<\/p>\n<header>\n<div>\n<div id=\"logo\"><a href=\"http:\/\/www.gruposentire.com\/index.html\"><img decoding=\"async\" src=\"http:\/\/www.gruposentire.com\/files\/uploads\/logo.png\" alt=\"Logo\" \/><\/a><\/div>\n<\/div>\n<\/header>\n<div>\n<h3><strong>Feria Medieval de Niebla 2014<\/strong><\/h3>\n<h6>D\u00edas Repletos de Actividades Medievales y Gastronom\u00eda dentro del <strong>Castillo de los Guzmanes<\/strong><\/h6>\n<p>&nbsp;<\/p>\n<p><img decoding=\"async\" src=\"http:\/\/www.gruposentire.com\/files\/images\/CASTILLO-DE-NIEBLA\/FERIA-MEDIEVAL-2014\/bailarinas-pasacalles-feria-medieval-de-niebla.jpg\" alt=\"pasacalles de la Feria Medieval de Niebla\" \/><\/p>\n<p>&nbsp;<\/p>\n<p style=\"text-align: justify;\">Un a\u00f1o m\u00e1s, el <strong>Castillo de Niebla <\/strong>se engalana para celebrar su ya consagrada <strong>Feria Medieval<\/strong>. Este a\u00f1o las fechas elegidas son los d\u00edas s\u00e1bado 1 y domingo 2 de noviembre de 2014. Todos se visten de \u00e9poca y el jolgorio y bullicio, la actividad de tenderetes t\u00edpicos y escenarios que nos llevan al pasado, para pasar un buen rato rememorando tiempos pasados que nunca volver\u00e1n.<\/p>\n<p style=\"text-align: justify;\"><img decoding=\"async\" loading=\"lazy\" src=\"http:\/\/www.gruposentire.com\/files\/images\/CASTILLO-DE-NIEBLA\/FERIA-MEDIEVAL-2014\/CARTEL-FERIA-MEDIEVAL-DE-NIEBLA-2014.jpg\" alt=\"CARTEL FERIA MEDIEVAL DE NIEBLA 2014\" width=\"561\" height=\"678\" align=\"absmiddle\" \/><\/p>\n<h4><strong>CENA MEDIEVAL &#8211; 31 OCTUBRE &#8211; 21 HORAS<\/strong><\/h4>\n<p style=\"text-align: justify;\">Como pre\u00e1mbulo a la<strong> Feria Franca Medieval de Niebla<\/strong>, y por segundo a\u00f1o consecutivo, la noche del Viernes 31 de Octubre tendr\u00e1 lugar nuestra <strong>Cena Medieval<\/strong>, a la que es obligatoria asistir vestido de \u00e9poca. Con un men\u00fa variado compuesto por caldos con tropezones, chacinas variadas, carnes a la parrilla hasta saciar y repostar\u00eda t\u00edpica andalus\u00ed; cervezas, refrescos y aguas las bebidas para &#8220;YANTAR Y MATAR LA SED&#8221;.<\/p>\n<p style=\"text-align: justify;\"><img decoding=\"async\" src=\"http:\/\/www.gruposentire.com\/files\/images\/CASTILLO-DE-NIEBLA\/FERIA-MEDIEVAL-2014\/cartel-cena-medieval-2014.jpg\" alt=\"CARTEL CENA MEDIEVAL DE NIEBLA 2014\" \/><\/p>\n<div>\n<h4><strong>SABADO 1 Y DOMINGO 2 NOVIEMBRE<\/strong><\/h4>\n<\/div>\n<p style=\"text-align: justify;\">Se recomienda al visitante llegar temprano al lugar. Coincidiendo con el \u00c1ngelus del mediod\u00eda, las puertas del <strong>Castillo de los Guzmanes<\/strong> se abren, saliendo de sus entra\u00f1as un sinf\u00edn de personajes medievales que dar\u00e1n color, m\u00fasica y ambientaci\u00f3n a las calles del<strong> pueblo de Niebla<\/strong>. Un recorrido que nos llevar\u00e1 hasta la <strong>Puerta del Socorro<\/strong>, lugar donde se dar\u00e1 lectura al preg\u00f3n del d\u00eda y se inaugurar\u00e1 cada una de las dos jornadas de las que consta este a\u00f1o <strong>La Feria Medieval de Niebla<\/strong>.<\/p>\n<p style=\"text-align: justify;\"><img decoding=\"async\" src=\"http:\/\/www.gruposentire.com\/files\/images\/CASTILLO-DE-NIEBLA\/FERIA-MEDIEVAL-2014\/feria-medieval-de-niebla.jpg\" alt=\"Integrantes del pasacalles de la Feria Medieval de Niebla\" \/><\/p>\n<p style=\"text-align: justify;\">Una vez concluido el preg\u00f3n, volvemos al Castillo para empezar las actividades dentro de \u00e9l, con la compa\u00f1\u00eda de nuestros ya amigos los malabares, m\u00fasicos, acr\u00f3batas, animadores, \u00e1guilas, moradores de las mazmorras, cetreros, b\u00fahos, monjes, bailarinas, lechuzas, y, as\u00ed, un largo etc\u00e9tera de personajes y animales que nos transportar\u00e1 a la \u00e9poca medieval que recrearemos dentro del Castillo de los Guzmanes.<\/p>\n<p style=\"text-align: justify;\"><img decoding=\"async\" src=\"http:\/\/www.gruposentire.com\/files\/images\/CASTILLO-DE-NIEBLA\/FERIA-MEDIEVAL-2014\/puerta-del-socorro-niebla.jpg\" alt=\"Puerta del Socorro - Preg\u00f3n de apertura jornadas de la Feria Medieval de Niebla\" \/><\/p>\n<p style=\"text-align: justify;\">Ya dentro de la fortaleza, podremos disfrutar de un recinto lleno de actividades y curiosidades relacionadas con la \u00e9poca medieval. Los cetreros har\u00e1n que disfrutemos de sus \u00e1guilas, b\u00fahos, serpientes y dem\u00e1s animales, con los que podremos interactuar.<\/p>\n<p style=\"text-align: justify;\">El Campamento Militar Moz\u00e1rabe nos tendr\u00e1 preparadas actividades y talleres participativos, as\u00ed como el RINC\u00d3N MEDIEVAL INFANTIL, destinado al disfrute de los m\u00e1s peque\u00f1os con juegos tradicionales y talleres participativos como esgrima o tiros de flechas con arcos.<\/p>\n<p style=\"text-align: justify;\"><img decoding=\"async\" src=\"http:\/\/www.gruposentire.com\/files\/images\/CASTILLO-DE-NIEBLA\/FERIA-MEDIEVAL-2014\/FERIA-MEDIEVAL-CASTILLO-DE-NIEBLA-%2833%29.jpg\" alt=\"actividades dentro del Castillo de Niebla - Feria Medieval\" \/><\/p>\n<p style=\"text-align: justify;\">Adentrarse en las mazmorras estar\u00e1 destinado a los m\u00e1s atrevidos, ya que las sorpresas, sustos y terror\u00edficas actuaciones de los moradores de la misma, solo est\u00e1n recomendadas para los corazones m\u00e1s fuertes. En el ZOCO ANDALUS\u00cd se podr\u00e1 observar como se trabajaba en la \u00e9poca, con oficios demostrativos y cetrer\u00eda.<\/p>\n<p style=\"text-align: justify;\"><img decoding=\"async\" src=\"http:\/\/www.gruposentire.com\/files\/images\/CASTILLO-DE-NIEBLA\/FERIA-MEDIEVAL-2014\/danza-del-vientre-feria-medieval-de-niebla.jpg\" alt=\"Bailarina de danza del Vientre en el Castillo de Niebla\" \/><\/p>\n<p style=\"text-align: justify;\">SORPRESA FINAL: como en a\u00f1os anteriores, una sorpresa aguarda el cierre de jornada. El a\u00f1o pasado fue una danza del fuego, \u00bfqu\u00e9 ser\u00e1 este? Algo distinto est\u00e1 preparado, pero tendr\u00e1 que esperar al final para poder disfrutarla.<\/p>\n<p style=\"text-align: justify;\">Mi hija Mar\u00eda desde M\u00e9xico, me env\u00eda el programa de la Feria Medieval de Niebla para que, con su madre, nos demos una vuelta por all\u00ed. He aprovechado para poneros aqu\u00ed las celebraciones, siempre gusta conocer que hacen en otros lugares del mundo, y, los que est\u00e9n m\u00b4\u00e7as cerca de mi tierra, incluso se podr\u00e1n dar una vueltecita por la Feria. Todo se celebra alrededor y en el interior del viejo castillo de Niebla. Este es el escenario:<\/p>\n<p style=\"text-align: justify;\"><img decoding=\"async\" loading=\"lazy\" id=\"irc_mi\" src=\"http:\/\/www.conocehuelva.com\/files\/productos\/panoramica_castillo.jpg\" alt=\"\" width=\"500\" height=\"375\" \/><img decoding=\"async\" loading=\"lazy\" id=\"irc_mi\" src=\"http:\/\/www.iescavaleri.com\/libro\/userimages\/61875805d03d.jpg\" alt=\"\" width=\"524\" height=\"393\" \/><img decoding=\"async\" loading=\"lazy\" id=\"irc_mi\" src=\"http:\/\/www.spainonline.com\/images\/HUELVA\/Castillos\/Niebla-Castillo%20de%20Niebla05.jpg\" alt=\"\" width=\"524\" height=\"393\" \/><img decoding=\"async\" loading=\"lazy\" id=\"irc_mi\" src=\"http:\/\/niebladigital.com\/castillo\/dossier_clip_image002_0011.jpg\" alt=\"\" width=\"524\" height=\"393\" \/><img decoding=\"async\" loading=\"lazy\" src=\"https:\/\/encrypted-tbn2.gstatic.com\/images?q=tbn:ANd9GcTI31jvf7qDo4AfQiqY7O6zg035HnAGcg6lctmbNUBKqneLQEJc\" alt=\"\" width=\"524\" height=\"393\" \/><img decoding=\"async\" loading=\"lazy\" id=\"irc_mi\" src=\"http:\/\/www.livingspain.es\/wp-content\/uploads\/2012\/04\/Niebla.jpg\" alt=\"\" width=\"500\" height=\"375\" \/><img decoding=\"async\" loading=\"lazy\" id=\"irc_mi\" src=\"http:\/\/www.visithuelva.com\/huelva_autentica\/img\/exp\/castillodeniebla\/12.jpg\" alt=\"\" width=\"522\" height=\"393\" \/><img decoding=\"async\" loading=\"lazy\" id=\"irc_mi\" src=\"http:\/\/huelvaya.es\/wp-content\/uploads\/2011\/09\/Castillo-de-Niebla.jpg\" alt=\"\" width=\"591\" height=\"393\" \/><\/p>\n<p style=\"text-align: justify;\">&#8220;El <strong>Castillo de Niebla<\/strong> (tambi\u00e9n conocido como castillo de los Guzmanes) es una fortificaci\u00f3n <a title=\"Espa\u00f1a\" href=\"http:\/\/es.wikipedia.org\/wiki\/Espa%C3%B1a\">espa\u00f1ola<\/a> situada en el municipio <a title=\"Andaluc\u00eda\" href=\"http:\/\/es.wikipedia.org\/wiki\/Andaluc%C3%ADa\">andaluz<\/a> de <a title=\"Niebla (Huelva)\" href=\"http:\/\/es.wikipedia.org\/wiki\/Niebla_%28Huelva%29\">Niebla<\/a>, en la <a title=\"Provincia de Huelva\" href=\"http:\/\/es.wikipedia.org\/wiki\/Provincia_de_Huelva\">provincia de Huelva<\/a>.<\/p>\n<p style=\"text-align: justify;\">El edificio, situado en un extremo de la cuidadela <a title=\"Al-\u00c1ndalus\" href=\"http:\/\/es.wikipedia.org\/wiki\/Al-%C3%81ndalus\">andalus\u00ed<\/a> construida durante la <a title=\"Taifa de Niebla\" href=\"http:\/\/es.wikipedia.org\/wiki\/Taifa_de_Niebla\">taifa de Niebla<\/a>, tiene planta cuadrangular, dividida en dos grandes patios rodeados de torreones cuadrados. La <a title=\"Torre del homenaje\" href=\"http:\/\/es.wikipedia.org\/wiki\/Torre_del_homenaje\">torre del homenaje<\/a> se levanta en la esquina nordeste y tiene planta cuadrada rematada por almenas defensivas. El material empleado en la construcci\u00f3n mezcla el aparejo de sillarejo, los sillares de piedra y el tapial.<\/p>\n<p style=\"text-align: justify;\">Aunque el castillo tiene restos <a title=\"B\u00e9tica\" href=\"http:\/\/es.wikipedia.org\/wiki\/B%C3%A9tica\">romanos<\/a>, <a title=\"Visigodos\" href=\"http:\/\/es.wikipedia.org\/wiki\/Visigodos\">visigodos<\/a> y andalus\u00edes, la construcci\u00f3n del edificio actual es posterior a la <a title=\"Reconquista\" href=\"http:\/\/es.wikipedia.org\/wiki\/Reconquista\">Reconquista<\/a> y a la creaci\u00f3n del <a title=\"Condado de Niebla\" href=\"http:\/\/es.wikipedia.org\/wiki\/Condado_de_Niebla\">condado de Niebla<\/a>, siendo el <a title=\"Enrique P\u00e9rez de Guzm\u00e1n y Meneses\" href=\"http:\/\/es.wikipedia.org\/wiki\/Enrique_P%C3%A9rez_de_Guzm%C3%A1n_y_Meneses\">II duque de Medina Sidonia<\/a> el constructor del castillo actual. El <a title=\"Terremoto de 1755\" href=\"http:\/\/es.wikipedia.org\/wiki\/Terremoto_de_1755\">terremoto de 1755<\/a> provoc\u00f3 graves desperfectos tanto en las murallas como en el castillo, pero principalmente en la torre del homenaje. Durante la <a title=\"Guerra de la Independencia Espa\u00f1ola\" href=\"http:\/\/es.wikipedia.org\/wiki\/Guerra_de_la_Independencia_Espa%C3%B1ola\">Guerra de la Independencia<\/a>, parte de las murallas y el castillo fueron destruidos por las tropas francesas.&#8221; (fuente Wikipedia).<\/p>\n<p style=\"text-align: justify;\">publica: emilio silvera<\/p>\n<\/div>\n<div class='bookmark'>\r\n\t\t<table align='left' border='0' cellpadding='0' width='100%'>\r\n\t\t<tr><td><span class='pushbutton'><a href='http:\/\/delicious.com\/post?url=http%3A%2F%2Fwww.emiliosilveravazquez.com%2Fblog%2F2014%2F10%2F29%2Fferia-medieval-en-el-castiloo-de-niebla-huelva%2F&amp;title=Feria+Medieval+en+el+Castiloo+de+Niebla+%28Huelva%29' title='Delicious' target='_blank' rel='nofollow'><img src='http:\/\/www.emiliosilveravazquez.com\/blog\/wp-content\/plugins\/knxdt-bookmarks-wordpress-plugin\/images\/delicious.png'  alt='' class='book_img' border='none' style='margin:1px; padding: 0;'  \/><\/a><\/span><span class='pushbutton'><a href='http:\/\/digg.com\/submit?url=http%3A%2F%2Fwww.emiliosilveravazquez.com%2Fblog%2F2014%2F10%2F29%2Fferia-medieval-en-el-castiloo-de-niebla-huelva%2F&amp;title=Feria+Medieval+en+el+Castiloo+de+Niebla+%28Huelva%29' title='Digg' target='_blank' rel='nofollow'><img src='http:\/\/www.emiliosilveravazquez.com\/blog\/wp-content\/plugins\/knxdt-bookmarks-wordpress-plugin\/images\/digg.png'  alt='' class='book_img' border='none' style='margin:1px; padding: 0;'  \/><\/a><\/span><span class='pushbutton'><a href='http:\/\/www.google.com\/bookmarks\/mark?op=edit&amp;bkmk=http%3A%2F%2Fwww.emiliosilveravazquez.com%2Fblog%2F2014%2F10%2F29%2Fferia-medieval-en-el-castiloo-de-niebla-huelva%2F&amp;title=Feria+Medieval+en+el+Castiloo+de+Niebla+%28Huelva%29' title='Google' target='_blank' rel='nofollow'><img src='http:\/\/www.emiliosilveravazquez.com\/blog\/wp-content\/plugins\/knxdt-bookmarks-wordpress-plugin\/images\/google.png'   alt='' class='book_img' border='none' style='margin:1px; padding: 0;'  \/><\/a><\/span><span class='pushbutton'><a href='http:\/\/myweb2.search.yahoo.com\/myresults\/bookmarklet?u=http%3A%2F%2Fwww.emiliosilveravazquez.com%2Fblog%2F2014%2F10%2F29%2Fferia-medieval-en-el-castiloo-de-niebla-huelva%2F&amp;t=Feria+Medieval+en+el+Castiloo+de+Niebla+%28Huelva%29' title='Yahoo' target='_blank' rel='nofollow'><img src='http:\/\/www.emiliosilveravazquez.com\/blog\/wp-content\/plugins\/knxdt-bookmarks-wordpress-plugin\/images\/yahoo.png'  alt='' class='book_img' border='none' style='margin:1px; padding: 0;'  \/><\/a><\/span><span class='pushbutton'><a href='http:\/\/www.technorati.com\/faves?add=http%3A%2F%2Fwww.emiliosilveravazquez.com%2Fblog%2F2014%2F10%2F29%2Fferia-medieval-en-el-castiloo-de-niebla-huelva%2F' title='Technorati' target='_blank' rel='nofollow'><img src='http:\/\/www.emiliosilveravazquez.com\/blog\/wp-content\/plugins\/knxdt-bookmarks-wordpress-plugin\/images\/technorati.png'  alt='' class='book_img' border='none' style='margin:1px; padding: 0;'  \/><\/a><\/span><span class='pushbutton'><a href='http:\/\/meneame.net\/submit.php?url=http%3A%2F%2Fwww.emiliosilveravazquez.com%2Fblog%2F2014%2F10%2F29%2Fferia-medieval-en-el-castiloo-de-niebla-huelva%2F' title='Meneame' target='_blank' rel='nofollow'><img src='http:\/\/www.emiliosilveravazquez.com\/blog\/wp-content\/plugins\/knxdt-bookmarks-wordpress-plugin\/images\/meneame.png'  alt='' class='book_img' border='none' style='margin:1px; padding: 0;'  \/><\/a><\/span><span class='pushbutton'><a href='http:\/\/enchilame.com\/submit.php?url=http:\/\/www.emiliosilveravazquez.com\/blog\/2014\/10\/29\/feria-medieval-en-el-castiloo-de-niebla-huelva\/' target='_blank' rel='nofollow'><img title='Enchilame' src='http:\/\/www.emiliosilveravazquez.com\/blog\/wp-content\/plugins\/knxdt-bookmarks-wordpress-plugin\/images\/enchilame.png'  alt='' class='book_img' border='none' style='margin:1px; padding: 0;'  \/><\/a><\/span><span class='pushbutton'><a href='http:\/\/www.blinklist.com\/index.php?Action=Blink\/addblink.php&amp;Description=&amp;Url=http%3A%2F%2Fwww.emiliosilveravazquez.com%2Fblog%2F2014%2F10%2F29%2Fferia-medieval-en-el-castiloo-de-niebla-huelva%2F&amp;title=Feria+Medieval+en+el+Castiloo+de+Niebla+%28Huelva%29' title='BlinkList' target='_blank' rel='nofollow'><img src='http:\/\/www.emiliosilveravazquez.com\/blog\/wp-content\/plugins\/knxdt-bookmarks-wordpress-plugin\/images\/blinklist.png'  alt='' class='book_img' border='none' style='margin:1px; padding: 0;'  \/><\/a><\/span><span class='pushbutton'><a href='http:\/\/reddit.com\/submit?url=http%3A%2F%2Fwww.emiliosilveravazquez.com%2Fblog%2F2014%2F10%2F29%2Fferia-medieval-en-el-castiloo-de-niebla-huelva%2F&amp;title=Feria+Medieval+en+el+Castiloo+de+Niebla+%28Huelva%29' title='Reddit' target='_blank' rel='nofollow'><img src='http:\/\/www.emiliosilveravazquez.com\/blog\/wp-content\/plugins\/knxdt-bookmarks-wordpress-plugin\/images\/reddit.png'  alt='' class='book_img' border='none' style='margin:1px; padding: 0;'  \/><\/a><\/span><span class='pushbutton'><a href='http:\/\/www.tecnologiadiaria.com\/2009\/07\/abrir-com-hotmail-correo.html' target='_blank' title='hotmail'><img src='http:\/\/www.emiliosilveravazquez.com\/blog\/wp-content\/plugins\/knxdt-bookmarks-wordpress-plugin\/images\/linklove.png' alt='hotmail correo' class='book_img' border='none' style='margin:1px; padding: 0;' \/><\/a><\/span><span class='pushbutton'><a href='http:\/\/bitacoras.com\/votar\/anotacion\/externo\/mini\/www.emiliosilveravazquez.com\/blog\/2014\/10\/29\/feria-medieval-en-el-castiloo-de-niebla-huelva\/' title='Bitacoras.com' target='_blank' rel='nofollow'><img src='http:\/\/www.emiliosilveravazquez.com\/blog\/wp-content\/plugins\/knxdt-bookmarks-wordpress-plugin\/images\/bitacoras.png'  alt='' class='book_img' border='none' style='margin:1px; padding: 0;'  \/><\/a><\/span><span class='pushbutton'><a href='http:\/\/www.wikio.es\/vote?url=http%3A%2F%2Fwww.emiliosilveravazquez.com%2Fblog%2F2014%2F10%2F29%2Fferia-medieval-en-el-castiloo-de-niebla-huelva%2F' title='Wikio' target='_blank' rel='nofollow'><img src='http:\/\/www.emiliosilveravazquez.com\/blog\/wp-content\/plugins\/knxdt-bookmarks-wordpress-plugin\/images\/wikio.png'   alt='' class='book_img' border='none' style='margin:1px; padding: 0;'   \/><\/a><\/span><span class='pushbutton'><a href='http:\/\/friendfeed.com\/?url=http%3A%2F%2Fwww.emiliosilveravazquez.com%2Fblog%2F2014%2F10%2F29%2Fferia-medieval-en-el-castiloo-de-niebla-huelva%2F&amp;title=Feria+Medieval+en+el+Castiloo+de+Niebla+%28Huelva%29' title='Friend Feed' target='_blank' rel='nofollow'><img src='http:\/\/www.emiliosilveravazquez.com\/blog\/wp-content\/plugins\/knxdt-bookmarks-wordpress-plugin\/images\/friendfeed.png'  alt='' class='book_img' border='none' style='margin:1px; padding: 0;'  \/><\/a><\/span><span class='pushbutton'><a href='http:\/\/www.facebook.com\/share.php?u=http%3A%2F%2Fwww.emiliosilveravazquez.com%2Fblog%2F2014%2F10%2F29%2Fferia-medieval-en-el-castiloo-de-niebla-huelva%2F&amp;t=Feria+Medieval+en+el+Castiloo+de+Niebla+%28Huelva%29' title='Facebook' target='_blank' rel='nofollow'><img src='http:\/\/www.emiliosilveravazquez.com\/blog\/wp-content\/plugins\/knxdt-bookmarks-wordpress-plugin\/images\/facebook.png'  alt='' class='book_img' border='none' style='margin:1px; padding: 0;'  \/><\/a><\/span><span class='pushbutton'><a href='http:\/\/twitter.com\/home?status=Feria+Medieval+en+el+Castiloo+de+Niebla+%28Huelva%29: http%3A%2F%2Fwww.emiliosilveravazquez.com%2Fblog%2F2014%2F10%2F29%2Fferia-medieval-en-el-castiloo-de-niebla-huelva%2F' title='Twitter' target='_blank' rel='nofollow'><img src='http:\/\/www.emiliosilveravazquez.com\/blog\/wp-content\/plugins\/knxdt-bookmarks-wordpress-plugin\/images\/twitter.png'  alt='' class='book_img' border='none' style='margin:1px; padding: 0;'  \/><\/a><\/span><span class='pushbutton'><a href='http:\/\/www.feedburner.com\/fb\/a\/emailFlare?itemTitle=Feria+Medieval+en+el+Castiloo+de+Niebla+%28Huelva%29&amp;uri=http%3A%2F%2Fwww.emiliosilveravazquez.com%2Fblog%2F2014%2F10%2F29%2Fferia-medieval-en-el-castiloo-de-niebla-huelva%2F' title='Enviar por Email' target='_blank' rel='nofollow'><img src='http:\/\/www.emiliosilveravazquez.com\/blog\/wp-content\/plugins\/knxdt-bookmarks-wordpress-plugin\/images\/email.png'  alt='' class='book_img' border='none' style='margin:1px; padding: 0;'  \/><\/a><\/span><span style='font-weight:bold; padding-left: 5px;'><a href='http:\/\/wordpress.org\/extend\/plugins\/knxdt-bookmarks-wordpress-plugin\/' title='Plugin' rel='nofollow' target='_blank'>[?]<\/a><\/span><\/td><\/tr><\/table><br\/><br\/><\/div>","protected":false},"excerpt":{"rendered":"<p>&nbsp; &nbsp; Feria Medieval de Niebla 2014 D\u00edas Repletos de Actividades Medievales y Gastronom\u00eda dentro del Castillo de los Guzmanes &nbsp; &nbsp; Un a\u00f1o m\u00e1s, el Castillo de Niebla se engalana para celebrar su ya consagrada Feria Medieval. Este a\u00f1o las fechas elegidas son los d\u00edas s\u00e1bado 1 y domingo 2 de noviembre de 2014. [&hellip;]<\/p>\n","protected":false},"author":2,"featured_media":0,"comment_status":"open","ping_status":"open","sticky":false,"template":"","format":"standard","meta":{"_s2mail":"yes","footnotes":""},"categories":[46],"tags":[],"_links":{"self":[{"href":"http:\/\/www.emiliosilveravazquez.com\/blog\/wp-json\/wp\/v2\/posts\/11603"}],"collection":[{"href":"http:\/\/www.emiliosilveravazquez.com\/blog\/wp-json\/wp\/v2\/posts"}],"about":[{"href":"http:\/\/www.emiliosilveravazquez.com\/blog\/wp-json\/wp\/v2\/types\/post"}],"author":[{"embeddable":true,"href":"http:\/\/www.emiliosilveravazquez.com\/blog\/wp-json\/wp\/v2\/users\/2"}],"replies":[{"embeddable":true,"href":"http:\/\/www.emiliosilveravazquez.com\/blog\/wp-json\/wp\/v2\/comments?post=11603"}],"version-history":[{"count":0,"href":"http:\/\/www.emiliosilveravazquez.com\/blog\/wp-json\/wp\/v2\/posts\/11603\/revisions"}],"wp:attachment":[{"href":"http:\/\/www.emiliosilveravazquez.com\/blog\/wp-json\/wp\/v2\/media?parent=11603"}],"wp:term":[{"taxonomy":"category","embeddable":true,"href":"http:\/\/www.emiliosilveravazquez.com\/blog\/wp-json\/wp\/v2\/categories?post=11603"},{"taxonomy":"post_tag","embeddable":true,"href":"http:\/\/www.emiliosilveravazquez.com\/blog\/wp-json\/wp\/v2\/tags?post=11603"}],"curies":[{"name":"wp","href":"https:\/\/api.w.org\/{rel}","templated":true}]}}