{"id":1128,"date":"2010-08-21T10:38:46","date_gmt":"2010-08-21T08:38:46","guid":{"rendered":"http:\/\/www.emiliosilveravazquez.com\/blog\/?p=1128"},"modified":"2010-08-21T10:39:09","modified_gmt":"2010-08-21T08:39:09","slug":"pensando-con-el-boligrafo-en-la-mano","status":"publish","type":"post","link":"http:\/\/www.emiliosilveravazquez.com\/blog\/2010\/08\/21\/pensando-con-el-boligrafo-en-la-mano\/","title":{"rendered":"Pensando con el bol\u00edgrafo en la mano"},"content":{"rendered":"<p style=\"margin: 0cm 0cm 12pt; text-indent: 27pt; text-align: justify;\">Alguien que escribi\u00f3 un libro, dej\u00f3 escrito este pensamiento:<\/p>\n<p style=\"margin: 0cm 0cm 12pt; text-indent: 27pt; text-align: right;\">&#8220;<em style=\"mso-bidi-font-style: normal;\">El pasado y el futuro son visiones del esp\u00edritu.<\/em>&#8220;<\/p>\n<p style=\"margin: 0cm 0cm 12pt; text-indent: 27pt; text-align: justify;\">Bonita frase, pero poco real.<\/p>\n<p style=\"margin: 0cm 0cm 12pt; text-indent: 27pt; text-align: justify;\">El pasado es una visi\u00f3n del recuerdo, mientras que el futuro es una visi\u00f3n de nuestra propia imaginaci\u00f3n. Claro que el libro contiene muchos y buenos pasajes sobre muy diversas cuestiones, s\u00f3lo que el autor adopta un plano de superioridad en la forma de contarlo que, al menos a m\u00ed, me choca.<\/p>\n<p style=\"margin: 0cm 0cm 12pt; text-indent: 27pt; text-align: justify;\">Como todo me hace pensar, cuando termino este comentario caigo en la cuenta de que no todos los buenos cient\u00edficos est\u00e1n siempre en lo cierto al exponer sus teor\u00edas.<\/p>\n<p style=\"margin: 0cm 0cm 12pt; text-indent: 27pt; text-align: justify;\">En el comentario anterior hemos nombrado el pasado y el futuro, y ambos t\u00e9rminos de lo que pas\u00f3 y de lo que pasar\u00e1, siempre llamaron mi atenci\u00f3n y he procurado informaci\u00f3n diversa sobre el tema.<\/p>\n<p style=\"margin: 0cm 0cm 12pt; text-indent: 27pt; text-align: justify;\">En escritos m\u00edos anteriores, me he referido a la teor\u00eda expuesta de manera magistral por el reconocido f\u00edsico te\u00f3rico Kip S. Thorne. \u00c9l cree firmemente que en el futuro ser\u00e1 posible viajar al pasado a trav\u00e9s de un <a href=\"#\" onclick=\"referencia('agujero de gusano',event); return false;\">agujero de gusano<\/a>.<\/p>\n<p style=\"margin: 0cm 0cm 12pt; text-indent: 27pt; text-align: justify;\">Nunca he dudado de tal maravilla. Alg\u00fan d\u00eda muy lejos en el futuro, puede ser realidad. Sin embargo, hay que puntualizar algunas cosas.<\/p>\n<p><!--more--><\/p>\n<ul class=\"unIndentedList\">\n<li>Todos hemos o\u00eddo contar, hemos le\u00eddo o hemos visionado alguna pel\u00edcula en la que el personaje principal viaja al pasado, se encuentra con su abuelo, se pelea con \u00e9l y lo mata, y as\u00ed, ni su padre ni \u00e9l mismo pudieron nacer.<\/li>\n<li>Tambi\u00e9n se podr\u00eda viajar al pasado, matar a Hitler y evitar el holocauso jud\u00edo.<\/li>\n<li>O impedir la crucifixi\u00f3n de Cristo.<\/li>\n<li>O&#8230;<\/li>\n<\/ul>\n<p style=\"margin: 0cm 0cm 12pt; text-indent: 27pt; text-align: justify;\">\u00a1Pues va a ser que no! Los mecanismos del universo no permitir\u00edan tal barbaridad.<\/p>\n<p style=\"margin: 0cm 0cm 12pt; text-indent: 27pt; text-align: justify;\">Si Thorne tiene raz\u00f3n y alguna vez vamos al pasado, a un mundo que fue y que no es el nuestro, creo que las leyes de la f\u00edsica impedir\u00e1n que nuestra presencia fuese material y que nuestras acciones pudieran incidir en los hechos para cambiar su curso; eso es imposible. Algunos hablan de que ir\u00edamos a un mundo paralelo al nuestro para no atentar contra la cl\u00e1usula cronol\u00f3gica de la Historia (S.Hawking)<\/p>\n<p style=\"margin: 0cm 0cm 12pt; text-indent: 27pt; text-align: justify;\">Nuestra presencia all\u00ed s\u00f3lo ser\u00eda incorp\u00f3rea; podr\u00edamos ver, observar, mirar con fascinaci\u00f3n de manera directa lo que all\u00ed pas\u00f3, ser testigos de hechos hist\u00f3ricos (seguramente ser\u00eda una forma de turismo del futuro), pero no nos estar\u00eda permitido intervenir.<\/p>\n<p style=\"margin: 0cm 0cm 12pt; text-indent: 27pt; text-align: justify;\">Lo que ya pas\u00f3 es irreversible. No podemos f\u00edsicamente retrotraer el tiempo para borrar lo que pas\u00f3.<\/p>\n<p style=\"margin: 0cm 0cm 12pt; text-indent: 27pt; text-align: justify;\">Cuando un astrof\u00edsico mira una galaxia que est\u00e1 a 1.000 millones de a\u00f1os-luz de nosotros, est\u00e1 mirando el pasado. La galaxia que ve es la galaxia que fue hace 1.000 millones de a\u00f1os, que es el tiempo que ha tardado su imagen en llegar a nosotros viajando a la velocidad de la luz. No estamos capacitados de ninguna manera para poder observar esa galaxia tal y como es ahora; la distancia que la separa de nosotros tiene que ser recorrida, y el viaje dur\u00f3 mil millones de a\u00f1os, as\u00ed que cuando lleguemos all\u00ed, la galaxia habr\u00e1 evolucionado y ser\u00e1 muy diferente a como era cuando iniciamos el viaje.<\/p>\n<p style=\"margin: 0cm 0cm 12pt; text-indent: 27pt; text-align: justify;\">El rayo de luz que es atra\u00eddo por un <a href=\"#\" onclick=\"referencia('agujero negro',event); return false;\">agujero negro<\/a> y desaparece en la <a href=\"#\" onclick=\"referencia('singularidad',event); return false;\">singularidad<\/a>, no puede volver para que lo podamos ver de nuevo.<\/p>\n<p style=\"margin: 0cm 0cm 12pt; text-indent: 27pt; text-align: justify;\">La <a href=\"#\" onclick=\"referencia('entropia',event); return false;\">entrop\u00eda<\/a> del universo es irreversible; el deterioro de los sistemas cerrados es imparable. Todo se transforma para convertir las cosas en otras diferentes. Son las leyes del universo, y a nosotros, simples mortales, s\u00f3lo nos queda tratar de comprenderlas para obtener de ellas &#8220;tal como son&#8221; el mayor beneficio posible. Cuando la ambici\u00f3n o la inconsciencia nos lleva a querer cambiar las leyes del universo y de su naturaleza, el resultado no puede ser bueno.<\/p>\n<p style=\"margin: 0cm 0cm 12pt; text-indent: 27pt; text-align: justify;\">Todas estas razones y muchas m\u00e1s que podr\u00edan exponerse aqu\u00ed son las que impedir\u00e1n alg\u00fan d\u00eda muy lejano de nuestro futuro, cambiar el pasado que, seg\u00fan mi opini\u00f3n, es inamovible. \u00a1Ah!, y en contra de lo que dice en su libro Jean Bouchart, creo que todo lo que ocurre est\u00e1 causado por lo que ocurri\u00f3. Es lo que los f\u00edsicos llaman <em style=\"mso-bidi-font-style: normal;\">causalidad<\/em>. Nada ocurre porque s\u00ed, todo tiene su causa.<\/p>\n<ul class=\"unIndentedList\">\n<li>Si de verdad amas, te amar\u00e1n.<\/li>\n<li>Si estudias, aprender\u00e1s.<\/li>\n<li>Si eres un vago, te llegar\u00e1 la miseria y la degradaci\u00f3n.<\/li>\n<li>Si haces lo que te gusta, ser\u00e1s m\u00e1s feliz.<\/li>\n<\/ul>\n<p style=\"margin: 0cm 0cm 12pt; text-indent: 27pt; text-align: justify;\">Todo es la consecuencia de lo que hacemos. Igualmente, en nuestro mundo y en nuestro universo, rige la misma ley: si contaminas el planeta, se deteriorar\u00e1 el medio ambiente y morir\u00e1 la atm\u00f3sfera que ahora nos da la vida. Si una estrella agota su combustible nuclear, morir\u00e1, dejar\u00e1 de brillar y se convertir\u00e1 en un objeto diferente. Todo es as\u00ed.<\/p>\n<p style=\"margin: 0cm 0cm 12pt; text-indent: 27pt; text-align: justify;\">Mi consejo: que nuestro comportamiento no sea nunca causante de males ajenos; que nos conformemos y sepamos valorar lo que tenemos; que tratemos cada d\u00eda de ser mejores adquiriendo nuevos conocimientos, el verdadero sustento del ser.<\/p>\n<p style=\"margin: 0cm 0cm 12pt; text-indent: 27pt; text-align: justify;\">Cuanto m\u00e1s sabemos, m\u00e1s podemos ofrecer a los dem\u00e1s.<\/p>\n<p style=\"margin: 0cm 0cm 12pt; text-indent: 27pt; text-align: justify;\">En mi transcurrir cotidiano, por mi trabajo, veo con mucha pena c\u00f3mo las personas tratan de enga\u00f1arse las unas a las otras. Es la forma general, y lo excepcional es el encontrar, muy de tarde en tarde, personas decentes y honradas, mejor o peor preparadas (qu\u00e9 m\u00e1s da) pero nobles de esp\u00edritu y limpias de coraz\u00f3n; cuando eso ocurre, es como una r\u00e1faga de aire fresco y perfumado que inunda los sentidos.<\/p>\n<p style=\"margin: 0cm 0cm 12pt; text-indent: 27pt; text-align: justify;\">Como lo normal es todo lo contrario, la fealdad interior, el enga\u00f1o, la falsedad, la ausencia de moralidad y de \u00e9tica, la traici\u00f3n de los &#8220;amigos&#8221; o familiares, etc., mi remedio es bien sencillo: me encierro en mi mundo particular de la f\u00edsica, la astronom\u00eda y, en definitiva, de cualquier rama del saber que est\u00e9 presente en ese momento en mis pensamientos, y de esa forma, por unos momentos, me olvido de la fea verdad que nos rodea.<\/p>\n<p style=\"margin: 0cm 0cm 12pt; text-indent: 27pt; text-align: justify;\">Claro que como antes dije, \u00a1menos mal!, de vez en cuando nos encontramos con r\u00e1fagas de aire puro y perfumado que emiten esos esp\u00edritus puros, \u00a1que los hay!<\/p>\n<p style=\"margin: 0cm 0cm 12pt; text-indent: 27pt; text-align: justify;\">El mes pasado (enero de 2.007), comenz\u00f3 y se celebr\u00f3 en la India el <em style=\"mso-bidi-font-style: normal;\">20 International Joint Conference of Artificial Intelligence<\/em>, un encuentro en el que se pusieron al d\u00eda todos los avances en inteligencia artificial, y donde fue celebrado el 50 cumplea\u00f1os de su creaci\u00f3n.<\/p>\n<p style=\"margin: 0cm 0cm 12pt; text-indent: 27pt; text-align: justify;\">El incremento de los resultados en este campo (ya me refer\u00ed antes a esta ciencia), ha sido asombroso. Internet es una buena prueba de ello en la b\u00fasqueda de informaci\u00f3n por contenido, comercio electr\u00f3nico, sistemas de recomendaci\u00f3n, web sem\u00e1ntica, etc. el futuro de Internet, de la industria y del comercio, de las ciudades futuras, de los viajes espaciales, de la medicina, etc., etc., etc., depender\u00e1n de los progresos que se realicen en el \u00e1mbito de la inteligencia artificial y en la nanotecnolog\u00eda; ah\u00ed parecen estar el progreso del futuro.<\/p>\n<p style=\"margin: 0cm 0cm 12pt; text-indent: 27pt; text-align: justify;\">La inteligencia artificial, entre otras cosas, podr\u00e1 llevar y facilitar informaci\u00f3n a pa\u00edses subdesarrollados que, de esta manera, podr\u00e1 ofrecer educaci\u00f3n a sus habitantes, mejorar\u00e1 la salud de la poblaci\u00f3n, su agricultura, etc. la calidad de vida, en definitiva.<\/p>\n<p style=\"margin: 0cm 0cm 12pt; text-indent: 27pt; text-align: justify;\">Ya se est\u00e1n desarrollando en Jap\u00f3n los ordenadores inteligentes (los llamados de <em style=\"mso-bidi-font-style: normal;\">quinta generaci\u00f3n<\/em>), y el entusiasmo de empresas inform\u00e1ticas japonesas y estadounidenses por la inteligencia artificial aconsej\u00f3 a Europa no quedarse atr\u00e1s y acometer sus propios proyectos mediante programas de investigaci\u00f3n en estas nuevas tecnolog\u00edas del futuro.<\/p>\n<p style=\"margin: 0cm 0cm 12pt; text-indent: 27pt; text-align: justify;\">El t\u00e9rmino de inteligencia artificial, si no me falla la memoria, se acu\u00f1\u00f3 en la reuni\u00f3n de Dartmouth en 1.956, que fue un evento \u00fanico e hist\u00f3rico. \u00danico porque no se volvi\u00f3 a celebrar, es decir, no fue el primero de un serie como ocurro con los congresos internacionales de lo que, como coment\u00e9 al principio, se llevan celebrando 20; y fue hist\u00f3rico por el hecho de que all\u00ed se acu\u00f1\u00f3 el t\u00e9rmino que ha prevalecido de inteligencia artificial.<\/p>\n<p style=\"margin: 0cm 0cm 12pt; text-indent: 27pt; text-align: justify;\">En DartMouth se present\u00f3 un \u00fanico resultado: un programa llamado <em style=\"mso-bidi-font-style: normal;\">Logic Theorist<\/em>, capaz de demostrar teoremas de l\u00f3gica proporcional contenidos (seg\u00fan le\u00ed) en la famosa obra &#8220;Principia Matematica&#8221; de Bertrand Russell y Alfred Whitehead (la obra m\u00e1s famosa de <a href=\"#\" onclick=\"referencia('newton',event); return false;\">Newton<\/a> lleva el mismo t\u00edtulo). El programa lo desarrollaron Herbert Sim\u00f3n (que en 1.978 recibi\u00f3 el premio Nobel de Econom\u00eda), Alan Newell y Clifford Shaw. Sin embargo, en \u00e9ste de enero en la India, se presentaron 470 resultados seleccionados entre los casi 1.400 que recibieron.<\/p>\n<p style=\"margin: 0cm 0cm 12pt; text-indent: 27pt; text-align: justify;\">Desde aquella reuni\u00f3n del 56, los hitos alcanzados en el campo de la IA han sido extraordinarios: desde jugar al ajedrez hasta diagnosticar enfermedades, comprender textos sobre temas concretos que implican conocimientos especializados&#8230; No obstante, el objetivo de desarrollar las inteligencias artificiales generales que los pioneros de esta ciencia, reunidos en 1.956, propusieron para ser alcanzados, quedan a\u00fan muy lejanos.<\/p>\n<p style=\"margin: 0cm 0cm 12pt; text-indent: 27pt; text-align: justify;\">Pero todo llegar\u00e1; todo es cuesti\u00f3n de \u00a1tiempo!<\/p>\n<p style=\"margin: 0cm 0cm 12pt; text-indent: 27pt; text-align: justify;\">Esta ciencia le debe mucho a las matem\u00e1ticas. Alan Turing es un ejemplo. Fue un gran matem\u00e1tico que formaliz\u00f3 conceptos tan b\u00e1sicos para la inform\u00e1tica como el concepto de algoritmo y el concepto de calculabilidad mediante la denominada M\u00e1quina de Turing, lo que nos lleva a considerar a Turing como a uno de los &#8220;padres&#8221; de la inform\u00e1tica y, m\u00e1s concretamente, de la inform\u00e1tica te\u00f3rica. En 1.950 public\u00f3 un ensayo, &#8220;Computing Machinery and Intelligence&#8221;, donde describi\u00f3 su famoso Test de Turing, seg\u00fan el cual se podr\u00eda determinar si una m\u00e1quina es o no inteligente. La IA le debe pues el test que lleva su nombre, pero la inform\u00e1tica le debe m\u00e1s.<\/p>\n<p style=\"margin: 0cm 0cm 12pt; text-indent: 27pt; text-align: justify;\">Est\u00e1 claro que la IA se aliar\u00e1 y formar\u00e1 equipo con la biolog\u00eda y la nanotecnolog\u00eda, y de esta uni\u00f3n surgir\u00e1n avances que ahora ni podemos imaginar en nuestra actual comprensi\u00f3n (limitada) de la inteligencia artificial.<\/p>\n<p style=\"margin: 0cm 0cm 12pt; text-indent: 27pt; text-align: justify;\">Como siempre me ocurre, cuando me pongo a escribir estoy hablando conmigo mismo y traslado la conversaci\u00f3n al papel. En los garabatos quiero expresar lo que recuerdo, lo que he le\u00eddo, lo que he estudiado del tema que en ese momento ocupa mi atenci\u00f3n, y as\u00ed ocurre que, no siendo infalible, los errores pueden ser muchos y algunas explicaciones o comentarios poco documentados (consulto muy poco escribiendo y me dejo llevar), por lo que pido disculpas. Sin embargo, mis lectores (que son pocos y buenos amigos), ganan en frescura y espontaneidad; el texto es m\u00e1s natural y en \u00e9l est\u00e1n ausentes las artificialidades. Creo que salen ganando.<\/p>\n<p style=\"margin: 0cm 0cm 12pt; text-indent: 27pt; text-align: justify;\">emilio silvera<\/p>\n<div class='bookmark'>\r\n\t\t<table align='left' border='0' cellpadding='0' width='100%'>\r\n\t\t<tr><td><span class='pushbutton'><a href='http:\/\/delicious.com\/post?url=http%3A%2F%2Fwww.emiliosilveravazquez.com%2Fblog%2F2010%2F08%2F21%2Fpensando-con-el-boligrafo-en-la-mano%2F&amp;title=Pensando+con+el+bol%C3%ADgrafo+en+la+mano' title='Delicious' target='_blank' rel='nofollow'><img src='http:\/\/www.emiliosilveravazquez.com\/blog\/wp-content\/plugins\/knxdt-bookmarks-wordpress-plugin\/images\/delicious.png'  alt='' class='book_img' border='none' style='margin:1px; padding: 0;'  \/><\/a><\/span><span class='pushbutton'><a href='http:\/\/digg.com\/submit?url=http%3A%2F%2Fwww.emiliosilveravazquez.com%2Fblog%2F2010%2F08%2F21%2Fpensando-con-el-boligrafo-en-la-mano%2F&amp;title=Pensando+con+el+bol%C3%ADgrafo+en+la+mano' title='Digg' target='_blank' rel='nofollow'><img src='http:\/\/www.emiliosilveravazquez.com\/blog\/wp-content\/plugins\/knxdt-bookmarks-wordpress-plugin\/images\/digg.png'  alt='' class='book_img' border='none' style='margin:1px; padding: 0;'  \/><\/a><\/span><span class='pushbutton'><a href='http:\/\/www.google.com\/bookmarks\/mark?op=edit&amp;bkmk=http%3A%2F%2Fwww.emiliosilveravazquez.com%2Fblog%2F2010%2F08%2F21%2Fpensando-con-el-boligrafo-en-la-mano%2F&amp;title=Pensando+con+el+bol%C3%ADgrafo+en+la+mano' title='Google' target='_blank' rel='nofollow'><img src='http:\/\/www.emiliosilveravazquez.com\/blog\/wp-content\/plugins\/knxdt-bookmarks-wordpress-plugin\/images\/google.png'   alt='' class='book_img' border='none' style='margin:1px; padding: 0;'  \/><\/a><\/span><span class='pushbutton'><a href='http:\/\/myweb2.search.yahoo.com\/myresults\/bookmarklet?u=http%3A%2F%2Fwww.emiliosilveravazquez.com%2Fblog%2F2010%2F08%2F21%2Fpensando-con-el-boligrafo-en-la-mano%2F&amp;t=Pensando+con+el+bol%C3%ADgrafo+en+la+mano' title='Yahoo' target='_blank' rel='nofollow'><img src='http:\/\/www.emiliosilveravazquez.com\/blog\/wp-content\/plugins\/knxdt-bookmarks-wordpress-plugin\/images\/yahoo.png'  alt='' class='book_img' border='none' style='margin:1px; padding: 0;'  \/><\/a><\/span><span class='pushbutton'><a href='http:\/\/www.technorati.com\/faves?add=http%3A%2F%2Fwww.emiliosilveravazquez.com%2Fblog%2F2010%2F08%2F21%2Fpensando-con-el-boligrafo-en-la-mano%2F' title='Technorati' target='_blank' rel='nofollow'><img src='http:\/\/www.emiliosilveravazquez.com\/blog\/wp-content\/plugins\/knxdt-bookmarks-wordpress-plugin\/images\/technorati.png'  alt='' class='book_img' border='none' style='margin:1px; padding: 0;'  \/><\/a><\/span><span class='pushbutton'><a href='http:\/\/meneame.net\/submit.php?url=http%3A%2F%2Fwww.emiliosilveravazquez.com%2Fblog%2F2010%2F08%2F21%2Fpensando-con-el-boligrafo-en-la-mano%2F' title='Meneame' target='_blank' rel='nofollow'><img src='http:\/\/www.emiliosilveravazquez.com\/blog\/wp-content\/plugins\/knxdt-bookmarks-wordpress-plugin\/images\/meneame.png'  alt='' class='book_img' border='none' style='margin:1px; padding: 0;'  \/><\/a><\/span><span class='pushbutton'><a href='http:\/\/enchilame.com\/submit.php?url=http:\/\/www.emiliosilveravazquez.com\/blog\/2010\/08\/21\/pensando-con-el-boligrafo-en-la-mano\/' target='_blank' rel='nofollow'><img title='Enchilame' src='http:\/\/www.emiliosilveravazquez.com\/blog\/wp-content\/plugins\/knxdt-bookmarks-wordpress-plugin\/images\/enchilame.png'  alt='' class='book_img' border='none' style='margin:1px; padding: 0;'  \/><\/a><\/span><span class='pushbutton'><a href='http:\/\/www.blinklist.com\/index.php?Action=Blink\/addblink.php&amp;Description=&amp;Url=http%3A%2F%2Fwww.emiliosilveravazquez.com%2Fblog%2F2010%2F08%2F21%2Fpensando-con-el-boligrafo-en-la-mano%2F&amp;title=Pensando+con+el+bol%C3%ADgrafo+en+la+mano' title='BlinkList' target='_blank' rel='nofollow'><img src='http:\/\/www.emiliosilveravazquez.com\/blog\/wp-content\/plugins\/knxdt-bookmarks-wordpress-plugin\/images\/blinklist.png'  alt='' class='book_img' border='none' style='margin:1px; padding: 0;'  \/><\/a><\/span><span class='pushbutton'><a href='http:\/\/reddit.com\/submit?url=http%3A%2F%2Fwww.emiliosilveravazquez.com%2Fblog%2F2010%2F08%2F21%2Fpensando-con-el-boligrafo-en-la-mano%2F&amp;title=Pensando+con+el+bol%C3%ADgrafo+en+la+mano' title='Reddit' target='_blank' rel='nofollow'><img src='http:\/\/www.emiliosilveravazquez.com\/blog\/wp-content\/plugins\/knxdt-bookmarks-wordpress-plugin\/images\/reddit.png'  alt='' class='book_img' border='none' style='margin:1px; padding: 0;'  \/><\/a><\/span><span class='pushbutton'><a href='http:\/\/www.tecnologiadiaria.com\/2009\/07\/abrir-com-hotmail-correo.html' target='_blank' title='hotmail'><img src='http:\/\/www.emiliosilveravazquez.com\/blog\/wp-content\/plugins\/knxdt-bookmarks-wordpress-plugin\/images\/linklove.png' alt='hotmail correo' class='book_img' border='none' style='margin:1px; padding: 0;' \/><\/a><\/span><span class='pushbutton'><a href='http:\/\/bitacoras.com\/votar\/anotacion\/externo\/mini\/www.emiliosilveravazquez.com\/blog\/2010\/08\/21\/pensando-con-el-boligrafo-en-la-mano\/' title='Bitacoras.com' target='_blank' rel='nofollow'><img src='http:\/\/www.emiliosilveravazquez.com\/blog\/wp-content\/plugins\/knxdt-bookmarks-wordpress-plugin\/images\/bitacoras.png'  alt='' class='book_img' border='none' style='margin:1px; padding: 0;'  \/><\/a><\/span><span class='pushbutton'><a href='http:\/\/www.wikio.es\/vote?url=http%3A%2F%2Fwww.emiliosilveravazquez.com%2Fblog%2F2010%2F08%2F21%2Fpensando-con-el-boligrafo-en-la-mano%2F' title='Wikio' target='_blank' rel='nofollow'><img src='http:\/\/www.emiliosilveravazquez.com\/blog\/wp-content\/plugins\/knxdt-bookmarks-wordpress-plugin\/images\/wikio.png'   alt='' class='book_img' border='none' style='margin:1px; padding: 0;'   \/><\/a><\/span><span class='pushbutton'><a href='http:\/\/friendfeed.com\/?url=http%3A%2F%2Fwww.emiliosilveravazquez.com%2Fblog%2F2010%2F08%2F21%2Fpensando-con-el-boligrafo-en-la-mano%2F&amp;title=Pensando+con+el+bol%C3%ADgrafo+en+la+mano' title='Friend Feed' target='_blank' rel='nofollow'><img src='http:\/\/www.emiliosilveravazquez.com\/blog\/wp-content\/plugins\/knxdt-bookmarks-wordpress-plugin\/images\/friendfeed.png'  alt='' class='book_img' border='none' style='margin:1px; padding: 0;'  \/><\/a><\/span><span class='pushbutton'><a href='http:\/\/www.facebook.com\/share.php?u=http%3A%2F%2Fwww.emiliosilveravazquez.com%2Fblog%2F2010%2F08%2F21%2Fpensando-con-el-boligrafo-en-la-mano%2F&amp;t=Pensando+con+el+bol%C3%ADgrafo+en+la+mano' title='Facebook' target='_blank' rel='nofollow'><img src='http:\/\/www.emiliosilveravazquez.com\/blog\/wp-content\/plugins\/knxdt-bookmarks-wordpress-plugin\/images\/facebook.png'  alt='' class='book_img' border='none' style='margin:1px; padding: 0;'  \/><\/a><\/span><span class='pushbutton'><a href='http:\/\/twitter.com\/home?status=Pensando+con+el+bol%C3%ADgrafo+en+la+mano: http%3A%2F%2Fwww.emiliosilveravazquez.com%2Fblog%2F2010%2F08%2F21%2Fpensando-con-el-boligrafo-en-la-mano%2F' title='Twitter' target='_blank' rel='nofollow'><img src='http:\/\/www.emiliosilveravazquez.com\/blog\/wp-content\/plugins\/knxdt-bookmarks-wordpress-plugin\/images\/twitter.png'  alt='' class='book_img' border='none' style='margin:1px; padding: 0;'  \/><\/a><\/span><span class='pushbutton'><a href='http:\/\/www.feedburner.com\/fb\/a\/emailFlare?itemTitle=Pensando+con+el+bol%C3%ADgrafo+en+la+mano&amp;uri=http%3A%2F%2Fwww.emiliosilveravazquez.com%2Fblog%2F2010%2F08%2F21%2Fpensando-con-el-boligrafo-en-la-mano%2F' title='Enviar por Email' target='_blank' rel='nofollow'><img src='http:\/\/www.emiliosilveravazquez.com\/blog\/wp-content\/plugins\/knxdt-bookmarks-wordpress-plugin\/images\/email.png'  alt='' class='book_img' border='none' style='margin:1px; padding: 0;'  \/><\/a><\/span><span style='font-weight:bold; padding-left: 5px;'><a href='http:\/\/wordpress.org\/extend\/plugins\/knxdt-bookmarks-wordpress-plugin\/' title='Plugin' rel='nofollow' target='_blank'>[?]<\/a><\/span><\/td><\/tr><\/table><br\/><br\/><\/div>","protected":false},"excerpt":{"rendered":"<p>Alguien que escribi\u00f3 un libro, dej\u00f3 escrito este pensamiento: &#8220;El pasado y el futuro son visiones del esp\u00edritu.&#8220; Bonita frase, pero poco real. El pasado es una visi\u00f3n del recuerdo, mientras que el futuro es una visi\u00f3n de nuestra propia imaginaci\u00f3n. Claro que el libro contiene muchos y buenos pasajes sobre muy diversas cuestiones, s\u00f3lo [&hellip;]<\/p>\n","protected":false},"author":2,"featured_media":0,"comment_status":"open","ping_status":"open","sticky":false,"template":"","format":"standard","meta":{"_s2mail":"","footnotes":""},"categories":[1],"tags":[],"_links":{"self":[{"href":"http:\/\/www.emiliosilveravazquez.com\/blog\/wp-json\/wp\/v2\/posts\/1128"}],"collection":[{"href":"http:\/\/www.emiliosilveravazquez.com\/blog\/wp-json\/wp\/v2\/posts"}],"about":[{"href":"http:\/\/www.emiliosilveravazquez.com\/blog\/wp-json\/wp\/v2\/types\/post"}],"author":[{"embeddable":true,"href":"http:\/\/www.emiliosilveravazquez.com\/blog\/wp-json\/wp\/v2\/users\/2"}],"replies":[{"embeddable":true,"href":"http:\/\/www.emiliosilveravazquez.com\/blog\/wp-json\/wp\/v2\/comments?post=1128"}],"version-history":[{"count":0,"href":"http:\/\/www.emiliosilveravazquez.com\/blog\/wp-json\/wp\/v2\/posts\/1128\/revisions"}],"wp:attachment":[{"href":"http:\/\/www.emiliosilveravazquez.com\/blog\/wp-json\/wp\/v2\/media?parent=1128"}],"wp:term":[{"taxonomy":"category","embeddable":true,"href":"http:\/\/www.emiliosilveravazquez.com\/blog\/wp-json\/wp\/v2\/categories?post=1128"},{"taxonomy":"post_tag","embeddable":true,"href":"http:\/\/www.emiliosilveravazquez.com\/blog\/wp-json\/wp\/v2\/tags?post=1128"}],"curies":[{"name":"wp","href":"https:\/\/api.w.org\/{rel}","templated":true}]}}