{"id":11276,"date":"2014-08-09T07:44:12","date_gmt":"2014-08-09T06:44:12","guid":{"rendered":"http:\/\/www.emiliosilveravazquez.com\/blog\/?p=11276"},"modified":"2014-08-09T07:44:12","modified_gmt":"2014-08-09T06:44:12","slug":"%c2%a1ah-%c2%bfpero-sabemos-3","status":"publish","type":"post","link":"http:\/\/www.emiliosilveravazquez.com\/blog\/2014\/08\/09\/%c2%a1ah-%c2%bfpero-sabemos-3\/","title":{"rendered":"\u00a1Ah! \u00bfPero sabemos?"},"content":{"rendered":"<div style=\"text-align: justify;\">\u00a0\u00ab <a href=\"http:\/\/www.emiliosilveravazquez.com\/blog\/2013\/02\/12\/%c2%bfcomo-llegamos-aqui-iii-esta-si\/\" rel=\"prev\">\u00bfC\u00f3mo llegamos aqu\u00ed? III<\/a><\/div>\n<div>\n<div style=\"text-align: justify;\">\n<div><a href=\"http:\/\/www.emiliosilveravazquez.com\/blog\/2013\/02\/13\/divagando-con-los-pensamientos\/\" rel=\"next\">Divagando con los pensamientos<\/a> \u00bb<\/div>\n<\/div>\n<div>\n<p style=\"text-align: justify;\"><img decoding=\"async\" loading=\"lazy\" id=\"irc_mi\" src=\"http:\/\/bimg1.mlstatic.com\/atlas-enciclopedia-el-mundo-del-saber-nuevo-en-caja-_MLU-F-30985693_3262.jpg\" alt=\"\" width=\"457\" height=\"343\" \/><\/p>\n<p style=\"text-align: justify;\">Como cada d\u00eda hace ya alg\u00fan tiempo, aqu\u00ed dejamos un retazo sobre el saber del mundo, del Universo y del estudio de los cuerpos celestes y sus movimientos, los fen\u00f3menos ligados a ellos que, sin duda, es la ciencia m\u00e1s antigua que nuestra especie conoce. Tambi\u00e9n venimos hablando de F\u00edsica, esa disciplina que nos hace ver el mundo tal como es. Por otra parte, tambi\u00e9n hablamos, maravillados, de la capacidad de nuestras mentes, la m\u00e1quina m\u00e1s compleja que se conoce y que, para nuestro propio asombro, es capaz de generar pensamientos e imaginar el futuro que llegar\u00e1 y, lo m\u00e1s sorprendente, de ah\u00ed nos llegan sensaciones que, a veces, nos hacen llorar.<\/p>\n<p style=\"text-align: justify;\"><img decoding=\"async\" loading=\"lazy\" id=\"irc_mi\" src=\"http:\/\/html.rincondelvago.com\/000706380.jpg\" alt=\"\" width=\"832\" height=\"321\" \/><\/p>\n<p style=\"text-align: justify;\">Neuronas sin fin (cien mil millones) que generan conexiones e impulsos el\u00e9ctricos que, como veh\u00edculos l\u00fam\u00ednicos transportan ideas y sentimientos<\/p>\n<p style=\"text-align: justify;\">La vida, tambi\u00e9n ha ocupado una buena de nuestro tiempo en este lugar y hemos hablado de ella, de la que est\u00e1 presente en nuestro planeta y, de la posible \u201cvida extraterrestre\u201d, posibilidad enorme en este universo nuestro, y, con esas y otras cuestiones de inter\u00e9s, hemos hecho camino juntos, en armon\u00eda y siempre tratando de conseguir ese saber que es el sustento de nuestra enorme curiosidad. Claro que, la F\u00edsica, esa disciplina que nos dice como funciona la Naturaleza, ocup\u00f3 una gran parte del recorrido.<\/p>\n<p style=\"text-align: justify;\"><img decoding=\"async\" loading=\"lazy\" id=\"irc_mi\" src=\"http:\/\/img22.xooimage.com\/files\/f\/6\/f\/vida-en-el-universo-10a91df.jpg\" alt=\"\" width=\"380\" height=\"253\" \/><\/p>\n<p style=\"text-align: justify;\">Estamos empe\u00f1ado en acercar el Universo a todos, y, aqu\u00ed, al menos lo procuramos. \u201cEl Universo para que lo conozcas\u201d. Aquella fue la frase emblem\u00e1tica del A\u00f1o Internacional de la Astronom\u00eda celebrado en 2009. Hemos logrado (al menos as\u00ed lo creo) que muchos hayan adquirido nuevos conocimientos a trav\u00e9s de este lugar (tambi\u00e9n nosotros los hemos adquirido de ellos), y, siendo as\u00ed (que lo es), el esfuerzo ha valido la pena. Veamos , otro pasaje del saber del mundo.<\/p>\n<p style=\"text-align: justify;\">dijo Kart Raimund Popper, fil\u00f3sofo brit\u00e1nico de origen austriaco (Viena, 1902 \u2013 Croydon, 1.994) que realiz\u00f3 sus mas importantes trabajos en el \u00e1mbito de la metodolog\u00eda de la ciencia:<\/p>\n<blockquote><p>\u201c<em>Cuanto m\u00e1s profundizo en el saber de las cosas, m\u00e1s consciente soy de lo poco que s\u00e9. Mis conocimientos son finitos , mi ignorancia, es infinita<\/em>\u201c.<\/p><\/blockquote>\n<p style=\"text-align: justify;\">Est\u00e1 claro que la mayor\u00eda de las veces, no hacemos la pregunta adecuada porque nos falta conocimiento para realizarla. As\u00ed, cuando se hacen nuevos descubrimientos nos dan la posibilidad de hacer nuevas preguntas, ya que en la ciencia, generalmente, cuando se abre una puerta nos lleva a una gran sala en la que encontramos otras puertas cerradas y tenemos la obligaci\u00f3n de buscar las llaves que nos permitan abrirlas para . Esas puertas cerradas esconden las cosas que no sabemos y las llaves que las pueden abrir son retazos de conocimientos que nos permiten entrar para descorrer el velo que oculta los secretos de la Naturaleza, de la que en definitva, formamos parte. En ella est\u00e1n\u2026 \u00a1todas las respuestas!<\/p>\n<p style=\"text-align: justify;\">\u00a0<img decoding=\"async\" loading=\"lazy\" id=\"irc_mi\" src=\"http:\/\/biancaatwell.files.wordpress.com\/2010\/11\/biancamantis2.jpg\" alt=\"\" width=\"350\" height=\"263\" \/><\/p>\n<p style=\"text-align: justify;\">Aunque parezca extra\u00f1o, todos los seres vivos de la Tierra, estamos hechos de la misma cosa y basados en el mismo elemento. De alguna manera, estamos emparentado con todos los seres vivos. Nosotros tuvimos la suerte de poder generar pensamientos. Tenemos que pensar que las mol\u00e9culas de la vida, est\u00e1n presentes en cualquier Nebulosa del Espacio Interestelar.<\/p>\n<p style=\"text-align: justify;\"><img decoding=\"async\" loading=\"lazy\" id=\"irc_mi\" src=\"http:\/\/img.emol.com\/2012\/08\/28\/alama_175141.jpg\" alt=\"\" width=\"590\" height=\"393\" \/><\/p>\n<p style=\"text-align: justify;\">\u00a1Cu\u00e1nto hay ah\u00ed, en esa bella Imagen de arriba! En espesas nubes moleculares en la que se concentran v\u00f3rtices obligadas por fuertes vientos estelares, radiaci\u00f3n y la Gravedad! Nacen nuevas estrellas y nuevos mundos. Ah\u00ed se transforman los matriales sencillos el Hidr\u00f3geno en otros m\u00e1s complejos y, la radiaci\u00f3n de las j\u00f3venes estrellas nuevas masivas, ti\u00f1en de rojo el gas y el povo del lugar, mientras ellas, presumidas, se exhiben rodeadas de ese azul suave que las distingue de aquellas otras m\u00e1s antiguas, que ti\u00f1en de amarillo y rojo toda la regi\u00f3n.<\/p>\n<p style=\"text-align: justify;\">\u00bfQu\u00e9 ser\u00eda de la cosmolog\u00eda actual sin la ecuaci\u00f3n de <a href=\"http:\/\/www.emiliosilveravazquez.com\/blog\/category\/%C2%A1necesitamos-saber\/#\"><a href=\"#\" onclick=\"referencia('einstein',event); return false;\">Einstein<\/a><\/a> de la <a href=\"http:\/\/www.emiliosilveravazquez.com\/blog\/category\/%C2%A1necesitamos-saber\/#\"><a href=\"#\" onclick=\"referencia('relatividad',event); return false;\">relatividad<\/a><\/a> general,\u00a0 donde es el tensor energ\u00eda-momento que mide el contenido de materia-energ\u00eda, mientras que es el Tensor de curvatura de Riemann contra\u00eddo que nos dice la cantidad de curvatura presente en el hiperespacio.<\/p>\n<p style=\"text-align: justify;\"><img decoding=\"async\" loading=\"lazy\" id=\"irc_mi\" src=\"http:\/\/2.bp.blogspot.com\/_js6wgtUcfdQ\/SwRDtuJhmnI\/AAAAAAAAI38\/xQdc1DMdHik\/s400\/paso_1_ecuaciones_de_campo_para_el_vacio_con_constante_cosmologica.png\" alt=\"\" width=\"284\" height=\"49\" \/><img decoding=\"async\" loading=\"lazy\" id=\"irc_mi\" src=\"https:\/\/jorgepalazon.files.wordpress.com\/2013\/06\/agujero_gusano-2.jpg\" alt=\"\" width=\"526\" height=\"377\" \/><\/p>\n<p style=\"text-align: justify;\">Esa ecuaci\u00f3n nos habl\u00f3 de la existencia de Agujeros negros, esos objetos de densidad \u201cinfinita\u201d en los que dejan de existir el espacio y el tiempo. La <a href=\"http:\/\/www.emiliosilveravazquez.com\/blog\/category\/%C2%A1necesitamos-saber\/#\"><a href=\"#\" onclick=\"referencia('singularidad',event); return false;\">singularidad<\/a><\/a> es el punto matem\u00e1tico en el que ciertas cantidades f\u00edsicas alcanzan valores infinitos. As\u00ed nos lo dice la <a href=\"http:\/\/www.emiliosilveravazquez.com\/blog\/category\/%C2%A1necesitamos-saber\/#\"><a href=\"#\" onclick=\"referencia('relatividad',event); return false;\">relatividad<\/a><\/a> general: la curvatura del espacio-tiempo se infinita en un <a href=\"http:\/\/www.emiliosilveravazquez.com\/blog\/category\/%C2%A1necesitamos-saber\/#\"><a href=\"#\" onclick=\"referencia('agujero negro',event); return false;\">agujero negro<\/a><\/a>. Las ecuaciones de campo de <a href=\"http:\/\/www.emiliosilveravazquez.com\/blog\/category\/%C2%A1necesitamos-saber\/#\"><a href=\"#\" onclick=\"referencia('einstein',event); return false;\">Einstein<\/a><\/a> de la <a href=\"http:\/\/www.emiliosilveravazquez.com\/blog\/category\/%C2%A1necesitamos-saber\/#\"><a href=\"#\" onclick=\"referencia('relatividad',event); return false;\">relatividad<\/a><\/a> general nos trajo la moderna cosmolog\u00eda y, aunque est\u00e1 a punto de cumplir cien a\u00f1os, todav\u00eda estamos sacando de ella mensajes que nos hacen conocer mejor el asombroso universo.<\/p>\n<p style=\"text-align: justify;\">La cosmolog\u00eda estar\u00eda 100 a\u00f1os atr\u00e1s sin esta ecuaci\u00f3n. Sin embargo , despu\u00e9s del siglo que se cumplir\u00e1 en el a\u00f1o 2.015, se van necesitando nuevas ideas que vayan\u2026, un poco m\u00e1s all\u00e1. Es necesario que nuevos postulados\u00a0 en el conocimiento del Universo (que a\u00fan esconde muchos secretos), hagan posible que viajando por otros caminos, otras ideas, podamos llegar hasta esos secretos que, todav\u00eda,\u00a0 no hemos podido desvelar.<\/p>\n<div style=\"text-align: justify;\"><img decoding=\"async\" loading=\"lazy\" title=\"Proyectan estudiar los secretos del universo desde un t\u00fanel en Los Andes\" src=\"http:\/\/noticias.emisorasunidas.com\/sites\/default\/files\/imagecache\/350x250\/images\/universo.jpg\" alt=\"Proyectan estudiar los secretos del universo desde un t\u00fanel en Los Andes\" width=\"350\" height=\"264\" \/><\/div>\n<div style=\"text-align: justify;\">\n<div>Foto. EFE.<\/div>\n<\/div>\n<p style=\"text-align: justify;\">Un grupo de cient\u00edficos apunta a desvelar los secretos del universo desde un laboratorio de f\u00edsica de part\u00edculas subterr\u00e1neo, el primero del hemisferio sur, que proyectan en un t\u00fanel en la cordillera de Los Andes destinado a unir a Argentina y Chile.<\/p>\n<p style=\"text-align: justify;\">El proyecto Andes involucra a cient\u00edficos de Argentina, Brasil, Chile y M\u00e9xico que han recibido el apoyo de colegas estadounidenses y europeos en pos de la cooperaci\u00f3n en el estudio de la \u201c<a href=\"http:\/\/www.emiliosilveravazquez.com\/blog\/category\/%C2%A1necesitamos-saber\/#\"><a href=\"#\" onclick=\"referencia('materia oscura',event); return false;\">materia oscura<\/a><\/a>\u201d, los <a href=\"http:\/\/www.emiliosilveravazquez.com\/blog\/2013\/02\/12\/%C2%A1ah-%C2%BFpero-sabemos\/#\">neutrinos<\/a> y otras part\u00edculas subat\u00f3micas, explic\u00f3 en su d\u00eda a Efe su coordinador, el f\u00edsico franco-argentino Xavier Bertou.\u201d Iniciativas as\u00ed son alentadoras \u2026\u201d<\/p>\n<p style=\"text-align: justify;\"><a href=\"http:\/\/www.emiliosilveravazquez.com\/blog\/category\/%C2%A1necesitamos-saber\/#\"><a href=\"#\" onclick=\"referencia('einstein',event); return false;\">Einstein<\/a><\/a>, con sus dos versiones de la <a href=\"http:\/\/www.emiliosilveravazquez.com\/blog\/category\/%C2%A1necesitamos-saber\/#\"><a href=\"#\" onclick=\"referencia('relatividad',event); return false;\">relatividad<\/a><\/a> que nos descubri\u00f3 un universo donde la velocidad estaba limitada a la de la luz, donde la energ\u00eda estaba escondida, quieta y callada, en de masa, y donde el espacio y el tiempo se curva y distorsiona cuando est\u00e1n presentes grandes objetos estelares, nos descubrio un Universo nuevo, un mundo fant\u00e1stico de posibilidades ilimitadas en el que pod\u00edan ocurrir maravillas como, por ejemplo, conseguir que el tiempo transcurriera m\u00e1s lentamente y d\u00f3nde reside la fuente de la energ\u00eda.<\/p>\n<p style=\"text-align: justify;\"><img decoding=\"async\" src=\"http:\/\/2.bp.blogspot.com\/-OCGN4PtXBWk\/TbpriyxBxPI\/AAAAAAAAAMU\/eriEvwff7vU\/s1600\/spiderman.jpeg\" alt=\"\" \/><img decoding=\"async\" loading=\"lazy\" id=\"irc_mi\" src=\"http:\/\/t3.gstatic.com\/images?q=tbn:ANd9GcRSMdWjmgxRbZl8efAVN6uLPcC0stUsTRGrcou46f7NOOw9WYDL\" alt=\"\" width=\"400\" height=\"305\" \/><\/p>\n<p style=\"text-align: justify;\">\u00a0\u00a0\u00a0\u00a0\u00a0 \u00a0 \u00a0\u00a0 La imaginaci\u00f3n humana est\u00e1 creando todo un planeta . Sin embargo, a veces\u2026 se pas\u00f3.<\/p>\n<p style=\"text-align: justify;\">No siempre hemos sabido utilizar de manera adecuada los conocimientos que las inteligencias nos han cedido, y, en el caso que se refleja en la segunda Imagen de arriba, hemos utilizado la ecuaci\u00f3n E = mc<sup>2<\/sup> hacernos da\u00f1o a nosotros mismos. \u00bfAprenderemos alguna vez? El Camino est\u00e1 en la Naturaleza y en los Laboratorios, en las nuevas tecnolog\u00edas, en la obervaci\u00f3n del Universo y, sobre todo\u2026\u00a1En nuestras Mentes! si son utilizadas de manera racional.<\/p>\n<p style=\"text-align: justify;\">\u00a0<img decoding=\"async\" loading=\"lazy\" id=\"imagenprincipal\" title=\"La regi\u00f3n de formaci\u00f3n estelar S106\" src=\"http:\/\/antwrp.gsfc.nasa.gov\/apod\/image\/1111\/s106_canarias_900.jpg\" alt=\"La regi\u00f3n de formaci\u00f3n estelar S106\" width=\"630\" height=\"482\" \/><img decoding=\"async\" loading=\"lazy\" id=\"irc_mi\" src=\"http:\/\/djxhemary.files.wordpress.com\/2011\/03\/picture-8192.png\" alt=\"\" width=\"322\" height=\"393\" \/><\/p>\n<p style=\"text-align: justify;\">Estamos hechos de polvo de estrellas y hacia ellas miramos<\/p>\n<p style=\"text-align: justify;\">De manera irremediable estamos conectados con el Universo del que formamos parte, Esa parte consciente que puede hablar de lo que en \u00e9l existe, de los fen\u00f3menos que por todas sus regiones podemos observar, de los cambios y transiciones, de la transmutaci\u00f3n de la materia en el cor\u00e1zon de las estrellas para que puedan existirt los materiales necesarios para vida, y, en fin, el paso m\u00e1s grande que hemos dado en el campo del conocimiento fue aquel que, nos posibilit\u00f3 conocer, ese recorrido asombroso que la materia ha tenido que realizar para llegar, desde lo inerte hasta los pensamientos.<\/p>\n<p style=\"text-align: justify;\"><img decoding=\"async\" loading=\"lazy\" id=\"irc_mi\" src=\"http:\/\/www.elalisio.com\/wp-content\/uploads\/2013\/05\/Cielo-estrellado.jpg\" alt=\"\" width=\"524\" height=\"393\" \/><\/p>\n<p style=\"text-align: justify;\">\u00a0\u00a0\u00a0\u00a0\u00a0\u00a0 Encontrarse frente a este panorama es\u2026 \u00a1Sobrecogedor! Y, muy hermoso<\/p>\n<p style=\"text-align: justify;\">\u00e9pocas ancestrales, nuestra especie siempre mir\u00f3 hac\u00eda el cielo con temor, \u00bfqu\u00e9 eran aquellos puntitos brillantes? \u00bfqu\u00e9 manten\u00eda iluminado al Sol durante el d\u00eda y por qu\u00e9 se marchaba por las noches \u00bfSe convert\u00eda en la Luna acaso? \u00bfQu\u00e9 lo sujetaba? La fascinaci\u00f3n por los astros del cielo ha sido una constante en nuestras vidas que nos llev\u00f3, llegado el momento, a estudiar sus movimientos y secretos: La Astronom\u00eda.<\/p>\n<p style=\"text-align: justify;\">En lo concerniente a cambios y transformaciones, el que m\u00e1s me ha llamado siempre la atenci\u00f3n es el de las estrellas que se forman a partir de gas y polvo c\u00f3smico. Nubes enormes de gas y polvo que son creadas en las explosiones supernovas a la muerte de estrellas masivas. Sus mol\u00e9culas, obligadas por la fuerza de gravedad, cada vez m\u00e1s apretadas se rozan, se ionizan y se calientan que en el n\u00facleo central de esa bola de gas caliente, la temperatura alcanza millones de grados.<\/p>\n<p style=\"text-align: justify;\"><img decoding=\"async\" loading=\"lazy\" id=\"irc_mi\" src=\"http:\/\/sphotos-a.xx.fbcdn.net\/hphotos-ash4\/c114.0.403.403\/p403x403\/388855_250865708307125_317410935_n.jpg\" alt=\"\" width=\"393\" height=\"393\" \/><\/p>\n<p style=\"text-align: justify;\">La enorme temperatura hace posible la fusi\u00f3n de los <a href=\"http:\/\/www.emiliosilveravazquez.com\/blog\/2012\/06\/22\/ano-internacional-de-la-astronomia2009-en-espana-aia-iya2009\/#\">protones<\/a> y, en ese instante, nace la estrella que brillar\u00e1 durante miles de millones de a\u00f1os y dar\u00e1 luz y calor. Su ciclo de vida estar\u00e1 supeditado a su masa. Si la estrella es supermasiva, varias masas solares, su vida ser\u00e1 m\u00e1s corta , ya que consumir\u00e1 el combustible nuclear de fusi\u00f3n (hidr\u00f3geno, helio, litio, ox\u00edgeno, etc) con m\u00e1s voracidad que una estrella mediana como nuestro Sol, de vida m\u00e1s duradera.<\/p>\n<p style=\"text-align: justify;\"><img decoding=\"async\" loading=\"lazy\" id=\"irc_mi\" src=\"http:\/\/4.bp.blogspot.com\/_tDgDcmcKMng\/S7ejpYahpUI\/AAAAAAAABa0\/hTU3dQQVnV0\/s1600\/rigel-z%5B1%5D.jpg\" alt=\"\" width=\"544\" height=\"393\" \/><\/p>\n<p style=\"text-align: justify;\">Una estrella, como todo en el universo, est\u00e1 sostenida por el equilibrio de dos fuerzas contrapuestas; en caso, la fuerza que tiende a expandir la estrella (la energ\u00eda termonuclear de la fusi\u00f3n) y la fuerza que tiende a contraerla (la fuerza gravitatoria de su propia masa). Cuando finalmente el proceso se detiene por agotamiento del combustible de fusi\u00f3n, la estrella pierde la fuerza de expansi\u00f3n y queda a merced de la fuerza de gravedad; se hunde bajo el peso de su propia masa, se contrae m\u00e1s y m\u00e1s, y en el caso de estrellas s\u00faper masivas, se convierten en una <a href=\"http:\/\/www.emiliosilveravazquez.com\/blog\/category\/%C2%A1necesitamos-saber\/#\"><a href=\"#\" onclick=\"referencia('singularidad',event); return false;\">singularidad<\/a><\/a>, una masa que se ha comprimido a tal extremo que acaba poseyendo una fuerza de gravedad de una magnitud dif\u00edcil de imaginar el com\u00fan de los mortales.<\/p>\n<p style=\"text-align: justify;\">Para hacernos una idea y entender algo mejor la fuerza de gravedad que puede generar la <a href=\"http:\/\/www.emiliosilveravazquez.com\/blog\/category\/%C2%A1necesitamos-saber\/#\"><a href=\"#\" onclick=\"referencia('singularidad',event); return false;\">singularidad<\/a><\/a> de un <a href=\"http:\/\/www.emiliosilveravazquez.com\/blog\/category\/%C2%A1necesitamos-saber\/#\"><a href=\"#\" onclick=\"referencia('agujero negro',event); return false;\">agujero negro<\/a><\/a> (que es el destino final las estrellas s\u00faper masivas), simplemente pensemos que para escapar del Planeta Tierra, los cohetes que lanzamos la ISS o el <a href=\"http:\/\/www.emiliosilveravazquez.com\/blog\/category\/%C2%A1necesitamos-saber\/#\"><a href=\"#\" onclick=\"referencia('hubble',event); return false;\">Hubble<\/a><\/a>, alcanzan una velocidad de 11 km\/s, es decir, la <a href=\"http:\/\/www.emiliosilveravazquez.com\/blog\/category\/%C2%A1necesitamos-saber\/#\"><a href=\"#\" onclick=\"referencia('velocidad de escape',event); return false;\">velocidad de escape<\/a><\/a> de la Gravedad que la Tierra genera. Sin embargo, escapar de un <a href=\"http:\/\/www.emiliosilveravazquez.com\/blog\/category\/%C2%A1necesitamos-saber\/#\"><a href=\"#\" onclick=\"referencia('agujero negro',event); return false;\">agujero negro<\/a><\/a>, ni la luz, que se mueve a 299.792.458 metros por segundo (300.000 Km\/s), es capaz escapar a su atracci\u00f3n.<\/p>\n<p style=\"text-align: justify;\"><img decoding=\"async\" src=\"http:\/\/1.bp.blogspot.com\/-jGCcR01k1hU\/UDpP42RP5wI\/AAAAAAAAABU\/nFQ0miNzV5Q\/s1600\/ClickHandler.ashx.jpg\" alt=\"\" border=\"0\" \/><\/p>\n<p style=\"text-align: justify;\">Cualquier estrella cerca de la <a href=\"http:\/\/www.emiliosilveravazquez.com\/blog\/category\/%C2%A1necesitamos-saber\/#\"><a href=\"#\" onclick=\"referencia('singularidad',event); return false;\">singularidad<\/a><\/a> del Agujero negro, ser\u00e1 engullida<\/p>\n<p style=\"text-align: justify;\">A nosotros nos puede parecer enorme, es el planeta que acoge a toda la Humanidad. Sin embargo, en el contexto del Universo y comparada con otros objetos cosmol\u00f3gicos, es menos que una mota de polvo y, si pensamos en ello, quiz\u00e1s (s\u00f3lo quiz\u00e1s), podamos llegar a la conclusi\u00f3n de que debemos cambiar y mirar las cosas otras perspectivas, al fin y al cabo no somos tan importantes como algunas veces podemos creer. La humildad es una buena postura para que, m\u00e1s adelante, no puedan sorprendernos acontecimientos que vendr\u00e1n.<\/p>\n<p style=\"text-align: justify;\">\u00a0<img decoding=\"async\" loading=\"lazy\" src=\"http:\/\/gemmav58.files.wordpress.com\/2013\/11\/13284941-el-planeta-tierra-altamente-detallado-en-la-noche-iluminada-por-el-sol-naciente-con-los-continentes.jpg?w=900\" alt=\"13284941-el-planeta-tierra-altamente-detallado-en-la-noche-iluminada-por-el-sol-naciente-con-los-continentes-\" width=\"900\" height=\"900\" \/><\/p>\n<p style=\"text-align: justify;\">\u00a0\u00a0\u00a0\u00a0\u00a0\u00a0\u00a0\u00a0\u00a0\u00a0\u00a0\u00a0\u00a0\u00a0\u00a0\u00a0\u00a0\u00a0\u00a0 Nuestro mundo est\u00e1 guardado por una fuerza invisible que nos preserva de muchos peligros que ni podemos imaginar<\/p>\n<p style=\"text-align: justify;\"><img decoding=\"async\" src=\"http:\/\/www.paisajeshermosos.com\/wp-content\/uploads\/2012\/08\/paisajes-hermosos-fiordos-noruegos.jpg\" alt=\"\" \/><\/p>\n<p style=\"text-align: justify;\">\u00a0\u00a0\u00a0\u00a0\u00a0\u00a0\u00a0\u00a0\u00a0\u00a0\u00a0\u00a0\u00a0\u00a0\u00a0\u00a0\u00a0\u00a0\u00a0\u00a0\u00a0\u00a0\u00a0\u00a0\u00a0\u00a0\u00a0\u00a0\u00a0\u00a0\u00a0\u00a0\u00a0\u00a0\u00a0\u00a0\u00a0\u00a0\u00a0\u00a0\u00a0\u00a0\u00a0\u00a0\u00a0\u00a0\u00a0\u00a0\u00a0\u00a0\u00a0\u00a0\u00a0\u00a0\u00a0 La Simetr\u00eda especular de la Naturaleza: La Monta\u00f1a reflejada por el Lago<\/p>\n<p style=\"text-align: justify;\"><img decoding=\"async\" src=\"http:\/\/3.bp.blogspot.com\/-lm560n0VT4E\/UlF3pDGxRtI\/AAAAAAAACFo\/VpAYj3-wcqQ\/s1600\/paisajes_surrealistas_Tierra_01.jpg\" alt=\"\" \/><\/p>\n<p style=\"text-align: justify;\">\u00a0\u00a0\u00a0\u00a0\u00a0 La diversidad de colores, de paisajes, de materiales, y\u2026 de formas de vida\u2026 \u00a1Son incre\u00edbles!<\/p>\n<p style=\"text-align: justify;\"><img decoding=\"async\" src=\"http:\/\/3.bp.blogspot.com\/-6c3KqzQ--iA\/UOCavoUlR8I\/AAAAAAAAANk\/5tecn80mCQ4\/s1600\/imagen-02+copia.jpg\" alt=\"\" \/><\/p>\n<p style=\"text-align: justify;\">\u00a0\u00a0\u00a0\u00a0\u00a0\u00a0\u00a0\u00a0\u00a0\u00a0\u00a0\u00a0\u00a0\u00a0\u00a0\u00a0\u00a0\u00a0\u00a0\u00a0\u00a0\u00a0\u00a0\u00a0\u00a0\u00a0\u00a0\u00a0\u00a0 Siempre tuvimos que enfrentarnos a la Naturaleza para llegar a nuestros destinos<\/p>\n<p style=\"text-align: justify;\">Todo eso (y mucho m\u00e1s) es la Tierra, un objeto min\u00fasculo en comparaci\u00f3n con esos objetos s\u00faper masivos planetarios y\u00a0 estelares. Nuestro planeta,\u00a0 genera una fuerza de gravedad que, para escapar de ella, una nave o cohete espacial tiene que salir disparado la superficie terrestre a una velocidad de 11\u201918 km\/s; el sol exige 617\u20193 km\/s. Es lo que se conoce como <em><a href=\"http:\/\/www.emiliosilveravazquez.com\/blog\/category\/%C2%A1necesitamos-saber\/#\"><a href=\"#\" onclick=\"referencia('velocidad de escape',event); return false;\">velocidad de escape<\/a><\/a><\/em>, que es la velocidad m\u00ednima requerida escapar de un campo gravitacional que, l\u00f3gicamente, aumenta en funci\u00f3n de la masa del objeto que la produce.<\/p>\n<p style=\"text-align: justify;\"><img decoding=\"async\" loading=\"lazy\" src=\"https:\/\/encrypted-tbn2.gstatic.com\/images?q=tbn:ANd9GcQk46YnieiN7ze2IJ083uVMp6rXDxqo7DTSAKFD722yL8J1tk4R\" alt=\"\" width=\"524\" height=\"393\" \/><\/p>\n<p style=\"text-align: justify;\">\u00a0\u00a0\u00a0\u00a0\u00a0\u00a0\u00a0\u00a0\u00a0\u00a0\u00a0\u00a0\u00a0\u00a0\u00a0\u00a0\u00a0\u00a0\u00a0\u00a0\u00a0\u00a0 A 11,16 Km\/s camino de la Estaci\u00f3n Espacial Internacional<\/p>\n<p style=\"text-align: justify;\">El objeto que escapa puede ser una cosa cualquiera, desde una mol\u00e9cula de gas a una nave espacial. La <a href=\"http:\/\/www.emiliosilveravazquez.com\/blog\/category\/%C2%A1necesitamos-saber\/#\"><a href=\"#\" onclick=\"referencia('velocidad de escape',event); return false;\">velocidad de escape<\/a><\/a> de un cuerpo est\u00e1 dada por , donde G es la constante gravitacional, M es la masa del cuerpo y R es la distancia del objeto que escapa del centro del cuerpo. Un objeto que se mueva con una velocidad menor que la de escape entra en una \u00f3rbita el\u00edptica; si se mueve a una velocidad exactamente igual a la de escape, sigue una \u00f3rbita , y si el objeto supera la <a href=\"http:\/\/www.emiliosilveravazquez.com\/blog\/category\/%C2%A1necesitamos-saber\/#\"><a href=\"#\" onclick=\"referencia('velocidad de escape',event); return false;\">velocidad de escape<\/a><\/a>, se mueve en una trayectoria hiperb\u00f3lica y rompe la atadura en que la manten\u00eda sujeto al planeta, la estrella o el objeto que emite la fuerza gravitatoria.<\/p>\n<p style=\"text-align: justify;\"><img decoding=\"async\" loading=\"lazy\" id=\"irc_mi\" src=\"http:\/\/4.bp.blogspot.com\/_IP-xhn2P2rQ\/SdWFKP3kAWI\/AAAAAAAABEg\/y3ar2k0H_ac\/s1600\/2002-30-a-web_print.jpg\" alt=\"\" width=\"457\" height=\"366\" \/><\/p>\n<p style=\"text-align: justify;\">Pod\u00e9is imaginar lo que ser\u00eda del sistema solar al que daba vida esta estrella que est\u00e1 siendo engullida por un <a href=\"#\" onclick=\"referencia('agujero negro',event); return false;\">agujero negro<\/a>. \u00bfQu\u00e9 ver\u00edan los mundos habitados que la orbitaran y que terror sentir\u00edan sus habitantes? Tendr\u00eda que ser una imagen estremecedora el poder contemplar como un <a href=\"http:\/\/www.emiliosilveravazquez.com\/blog\/category\/%C2%A1necesitamos-saber\/#\"><a href=\"#\" onclick=\"referencia('agujero negro',event); return false;\">agujero negro<\/a><\/a> se est\u00e1 comienso a \u201ctu\u201d estrella, la que le da luz y calor a tu planeta sin poder hacer nada por remediarlo.<\/p>\n<p style=\"text-align: justify;\">La mayor velocidad que es posible alcanzar en nuestro universo es la de la luz, c, velocidad que alcanza en el vac\u00edo y que es de 299.793\u2019458 km\/s. Muchas veces se ha intentado contradecir postulado de <a href=\"http:\/\/www.emiliosilveravazquez.com\/blog\/category\/%C2%A1necesitamos-saber\/#\"><a href=\"#\" onclick=\"referencia('einstein',event); return false;\">Einstein<\/a><\/a> en su <a href=\"http:\/\/www.emiliosilveravazquez.com\/blog\/category\/%C2%A1necesitamos-saber\/#\"><a href=\"#\" onclick=\"referencia('relatividad',event); return false;\">relatividad<\/a><\/a> especial (hace poco con los <a href=\"http:\/\/www.emiliosilveravazquez.com\/blog\/2012\/06\/22\/ano-internacional-de-la-astronomia2009-en-espana-aia-iya2009\/#\">neutrinos<\/a>), sin embargo, nunca se consigui\u00f3, la teor\u00eda del maestro sigue firme e inamovible en sus dos versiones.<\/p>\n<p style=\"text-align: justify;\">Pues , es tal la fuerza de gravedad de un <a href=\"http:\/\/www.emiliosilveravazquez.com\/blog\/category\/%C2%A1necesitamos-saber\/#\"><a href=\"#\" onclick=\"referencia('agujero negro',event); return false;\">agujero negro<\/a><\/a> que ni la luz escapar de all\u00ed; la <a href=\"http:\/\/www.emiliosilveravazquez.com\/blog\/category\/%C2%A1necesitamos-saber\/#\"><a href=\"#\" onclick=\"referencia('singularidad',event); return false;\">singularidad<\/a><\/a> la absorbe, la luz desaparece en su interior, de ah\u00ed su , <em><a href=\"http:\/\/www.emiliosilveravazquez.com\/blog\/category\/%C2%A1necesitamos-saber\/#\"><a href=\"#\" onclick=\"referencia('agujero negro',event); return false;\">agujero negro<\/a><\/a><\/em>, la estrella supermasiva se contrae, llega a un punto que desaparece de nuestra vista. De acuerdo con la <a href=\"http:\/\/www.emiliosilveravazquez.com\/blog\/category\/%C2%A1necesitamos-saber\/#\"><a href=\"#\" onclick=\"referencia('relatividad',event); return false;\">relatividad<\/a><\/a> general, cabe la posibilidad de que una masa se comprima y reduzca sin l\u00edmites su tama\u00f1o y se auto confine en un espacio infinitamente peque\u00f1o que encierre una densidad y una energ\u00eda infinitos. All\u00ed, el espacio y el tiempo dejan de existir.<\/p>\n<p style=\"text-align: justify;\"><img decoding=\"async\" loading=\"lazy\" id=\"irc_mi\" src=\"http:\/\/t0.gstatic.com\/images?q=tbn:ANd9GcQTAAlDNUX-2rYuV4CfKmG38WLLpjX9CM6VzCBGK3BjfQmWD1v2Ng\" alt=\"\" width=\"400\" height=\"277\" \/><\/p>\n<p style=\"text-align: justify;\">Las <a href=\"http:\/\/www.emiliosilveravazquez.com\/blog\/category\/%C2%A1necesitamos-saber\/#\"><a href=\"#\" onclick=\"referencia('singularidad',event); return false;\">singularidad<\/a><\/a>es ocurren en el <a href=\"http:\/\/www.emiliosilveravazquez.com\/blog\/category\/%C2%A1necesitamos-saber\/#\"><a href=\"#\" onclick=\"referencia('big bang',event); return false;\">Big Bang<\/a><\/a>, en los <a href=\"http:\/\/www.emiliosilveravazquez.com\/blog\/category\/%C2%A1necesitamos-saber\/#\"><a href=\"#\" onclick=\"referencia('agujero negro',event); return false;\">agujeros negros<\/a><\/a> y, si finalmente se produjera, en el <a href=\"http:\/\/www.emiliosilveravazquez.com\/blog\/category\/%C2%A1necesitamos-saber\/#\"><a href=\"#\" onclick=\"referencia('big crunch',event); return false; return false;\">Big Crunch<\/a><\/a> (que se podr\u00eda considerar una reuni\u00f3n de todos los <a href=\"http:\/\/www.emiliosilveravazquez.com\/blog\/category\/%C2%A1necesitamos-saber\/#\"><a href=\"#\" onclick=\"referencia('agujero negro',event); return false;\">agujeros negros<\/a><\/a> generados por el paso del tiempo en el universo y que nos llevar\u00e1 a un fin que ser\u00eda el comienzo -aunque \u00faltimamente, se ha desechado la idea del <a href=\"http:\/\/www.emiliosilveravazquez.com\/blog\/category\/%C2%A1necesitamos-saber\/#\"><a href=\"#\" onclick=\"referencia('big crunch',event); return false; return false;\">Big Crunch<\/a><\/a> al observar que la Densidad CR\u00edtica casi coincide con la ideal, la que nos llevar\u00e1 a la muerte t\u00e9rmica del Universo).<\/p>\n<p style=\"text-align: justify;\">Las <a href=\"http:\/\/www.emiliosilveravazquez.com\/blog\/category\/%C2%A1necesitamos-saber\/#\"><a href=\"#\" onclick=\"referencia('singularidad',event); return false;\">singularidad<\/a><\/a>es de los <a href=\"http:\/\/www.emiliosilveravazquez.com\/blog\/category\/%C2%A1necesitamos-saber\/#\"><a href=\"#\" onclick=\"referencia('agujero negro',event); return false;\">agujeros negros<\/a><\/a> est\u00e1n rodeados por una circunferencia invisible a su alrededor que marca el l\u00edmite de su influencia. El objeto que traspasa ese l\u00edmite es atra\u00eddo, irremisiblemente, la <a href=\"http:\/\/www.emiliosilveravazquez.com\/blog\/category\/%C2%A1necesitamos-saber\/#\"><a href=\"#\" onclick=\"referencia('singularidad',event); return false;\">singularidad<\/a><\/a> que lo engulle, sea una estrella, una nube de gas o cualquier otro objeto c\u00f3smico que ose traspasar la l\u00ednea que se conoce como <em>horizonte de sucesos<\/em> del <a href=\"http:\/\/www.emiliosilveravazquez.com\/blog\/category\/%C2%A1necesitamos-saber\/#\"><a href=\"#\" onclick=\"referencia('agujero negro',event); return false;\">agujero negro<\/a><\/a>.<\/p>\n<p style=\"text-align: justify;\">La existencia de los <a href=\"http:\/\/www.emiliosilveravazquez.com\/blog\/category\/%C2%A1necesitamos-saber\/#\"><a href=\"#\" onclick=\"referencia('agujero negro',event); return false;\">agujeros negros<\/a><\/a> fue deducida por Schwarzschild, en el a\u00f1o 1.916, a partir de las ecuaciones de <a href=\"http:\/\/www.emiliosilveravazquez.com\/blog\/category\/%C2%A1necesitamos-saber\/#\"><a href=\"#\" onclick=\"referencia('einstein',event); return false;\">Einstein<\/a><\/a> de la <a href=\"http:\/\/www.emiliosilveravazquez.com\/blog\/category\/%C2%A1necesitamos-saber\/#\"><a href=\"#\" onclick=\"referencia('relatividad',event); return false;\">relatividad<\/a><\/a> general. Este astr\u00f3nomo alem\u00e1n predijo su existencia, pero el de <a href=\"http:\/\/www.emiliosilveravazquez.com\/blog\/category\/%C2%A1necesitamos-saber\/#\"><a href=\"#\" onclick=\"referencia('agujero negro',event); return false;\">agujero negro<\/a><\/a> se debe a Jhon Wheeler. As\u00ed, el conocimiento de la <a href=\"http:\/\/www.emiliosilveravazquez.com\/blog\/category\/%C2%A1necesitamos-saber\/#\"><a href=\"#\" onclick=\"referencia('singularidad',event); return false;\">singularidad<\/a><\/a> est\u00e1 dado por la ecuaci\u00f3n de <a href=\"http:\/\/www.emiliosilveravazquez.com\/blog\/category\/%C2%A1necesitamos-saber\/#\"><a href=\"#\" onclick=\"referencia('einstein',event); return false;\">Einstein<\/a><\/a> que al principio rese\u00f1amos, y m\u00e1s tarde, por la observaci\u00f3n de las se\u00f1ales que la presencia del agujero generan. Es una fuente emisora de <a href=\"http:\/\/www.emiliosilveravazquez.com\/blog\/category\/%C2%A1necesitamos-saber\/#\"><a href=\"#\" onclick=\"referencia('rayos x',event); return false;\">rayos X<\/a><\/a> que se producen al engullir materia que traspasa el horizonte de sucesos y es atrapada hacia la <a href=\"http:\/\/www.emiliosilveravazquez.com\/blog\/category\/%C2%A1necesitamos-saber\/#\"><a href=\"#\" onclick=\"referencia('singularidad',event); return false;\">singularidad<\/a><\/a>, donde desaparece siempre sum\u00e1ndose a la masa del agujero cada vez mayor.<\/p>\n<p style=\"text-align: justify;\"><img decoding=\"async\" loading=\"lazy\" id=\"irc_mi\" src=\"http:\/\/upload.wikimedia.org\/wikipedia\/commons\/f\/f6\/Gcle.jpg\" alt=\"\" width=\"743\" height=\"563\" \/><\/p>\n<p style=\"text-align: justify;\">\u00a0\u00a0\u00a0\u00a0\u00a0\u00a0\u00a0\u00a0\u00a0\u00a0\u00a0\u00a0\u00a0\u00a0\u00a0\u00a0\u00a0\u00a0\u00a0\u00a0\u00a0\u00a0\u00a0\u00a0\u00a0\u00a0\u00a0\u00a0\u00a0\u00a0\u00a0\u00a0\u00a0\u00a0\u00a0\u00a0\u00a0\u00a0\u00a0\u00a0\u00a0\u00a0\u00a0\u00a0\u00a0\u00a0\u00a0\u00a0\u00a0\u00a0 Por ah\u00ed anda escondido un Agujero Negro Gigante<\/p>\n<p style=\"text-align: justify;\">Esta serie de ilustraciones que siguen muestra una estrella amarilla que se acerca demasiado a un <a href=\"http:\/\/www.emiliosilveravazquez.com\/blog\/category\/%C2%A1necesitamos-saber\/#\"><a href=\"#\" onclick=\"referencia('agujero negro',event); return false;\">agujero negro<\/a><\/a> gigante en el centro de la galaxia RX J1242-11. Al acercarse al <a href=\"http:\/\/www.emiliosilveravazquez.com\/blog\/category\/%C2%A1necesitamos-saber\/#\"><a href=\"#\" onclick=\"referencia('agujero negro',event); return false;\">agujero negro<\/a><\/a>, es estirada y destrozada por la marea gravitacional. Aunque una peque\u00f1a del material es atrapada por el <a href=\"http:\/\/www.emiliosilveravazquez.com\/blog\/category\/%C2%A1necesitamos-saber\/#\"><a href=\"#\" onclick=\"referencia('agujero negro',event); return false;\">agujero negro<\/a><\/a> y un disco en torno suyo, la mayor parte de los desechos gaseosos escapan del <a href=\"http:\/\/www.emiliosilveravazquez.com\/blog\/category\/%C2%A1necesitamos-saber\/#\"><a href=\"#\" onclick=\"referencia('agujero negro',event); return false;\">agujero negro<\/a><\/a>. En el disco, el gas se calienta a millones de grados de caer en el <a href=\"http:\/\/www.emiliosilveravazquez.com\/blog\/category\/%C2%A1necesitamos-saber\/#\"><a href=\"#\" onclick=\"referencia('agujero negro',event); return false;\">agujero negro<\/a><\/a>, por lo que produce <a href=\"http:\/\/www.emiliosilveravazquez.com\/blog\/category\/%C2%A1necesitamos-saber\/#\"><a href=\"#\" onclick=\"referencia('rayos x',event); return false;\">rayos X<\/a><\/a>. [ESA]<\/p>\n<p style=\"text-align: justify;\"><img decoding=\"async\" loading=\"lazy\" id=\"irc_mi\" src=\"http:\/\/blackholes.stardate.org\/images\/rxj1242_still_comp.jpg\" alt=\"\" width=\"583\" height=\"393\" \/><\/p>\n<p style=\"text-align: justify;\">En el centro de nuestra galaxia, la V\u00eda L\u00e1ctea, ha sido detectado un enorme <a href=\"http:\/\/www.emiliosilveravazquez.com\/blog\/category\/%C2%A1necesitamos-saber\/#\"><a href=\"#\" onclick=\"referencia('agujero negro',event); return false;\">agujero negro<\/a><\/a>, ya muy famoso, llamado Cygnus X-1. Despu\u00e9s de todo, la velocidad de la luz, la m\u00e1xima que podemos alcanzar en nuestro universo, no vencer la fuerza de gravedad del <a href=\"http:\/\/www.emiliosilveravazquez.com\/blog\/category\/%C2%A1necesitamos-saber\/#\"><a href=\"#\" onclick=\"referencia('agujero negro',event); return false;\">agujero negro<\/a><\/a> que la tiene confinada siempre. En nuestra galaxia, con cien mil a\u00f1os luz de di\u00e1metro y unos doscientos mil millones de estrellas, \u00bfcu\u00e1ntos <a href=\"http:\/\/www.emiliosilveravazquez.com\/blog\/category\/%C2%A1necesitamos-saber\/#\"><a href=\"#\" onclick=\"referencia('agujero negro',event); return false;\">agujeros negros<\/a><\/a> habr\u00e1?<\/p>\n<p style=\"text-align: justify;\">\u00a0<img decoding=\"async\" loading=\"lazy\" id=\"irc_mi\" src=\"http:\/\/upload.wikimedia.org\/wikipedia\/commons\/a\/af\/Cygnus_X-1.png\" alt=\"\" width=\"629\" height=\"393\" \/><\/p>\n<p style=\"text-align: justify;\">Representaci\u00f3n art\u00edstica del sistema binario HDE 226868 Cygnus X-1. (Ilustraci\u00f3n ESA\/<a href=\"http:\/\/www.emiliosilveravazquez.com\/blog\/category\/%C2%A1necesitamos-saber\/#\"><a href=\"#\" onclick=\"referencia('hubble',event); return false;\">Hubble<\/a><\/a>)<\/p>\n<p style=\"text-align: justify;\">No todas las cosas del Universo (aunque hablemos de ellas), son totalmente comprendidas por nosotros, los humanos que, tenemos conformadas nuestras mentes en un mundo de tres dimensiones y, en realidad, en comparaci\u00f3n con la inmensidad del Cosmos, no dejamos de ser una peque\u00f1a conformaci\u00f3n compuesta por una sola estrella corriente, nada especial, de las que existen miles de millones en nuestra propia Galaxia. Nunca podremos hacernos una idea exacta de esas inmensas distancias, de esos inmensos objetos y, de esas inconmensurables maravillas que en el Universo est\u00e1n presentes.<\/p>\n<p style=\"text-align: justify;\">Para m\u00ed, la cosa est\u00e1 clara: el tiempo inexorable en su transcurrir es imparable, el tic tac del reloj c\u00f3smico sigue y sigue andando al ritmo que el universo le ha marcado, sin que nada lo pueda parar, miles o cientos de miles, millones y millones de estrellas s\u00faper masivas explotar\u00e1n en brillantes supernovas para convertirse en temibles <a href=\"http:\/\/www.emiliosilveravazquez.com\/blog\/category\/%C2%A1necesitamos-saber\/#\"><a href=\"#\" onclick=\"referencia('agujero negro',event); return false;\">agujeros negros<\/a><\/a>, y, nosotros, testigos por un \u201ccorto espacio de tiempo\u201d de tales maravillas, sufrimos porque sabemos que, posiblemente, nuestros conocimientos adquiridos ir\u00e1n a parar a otros que, aunque construidos por nuestra especie, ya no ser\u00e1n humanos.<\/p>\n<p style=\"text-align: justify;\">\u00a1No! Ninguna mano mueve los hilos. Simplemente se trata de la din\u00e1mica que nos impone el Universo. Todo marcha a su ritmo, nada permanece y todo se destruye que todo siga igual. Los ciclos de destrucci\u00f3n y construcci\u00f3n son continuos, de ellos surgen las galaxias y sus mir\u00edadas de estrellas, los mundos y en ellos la vida.<\/p>\n<p style=\"text-align: justify;\"><img decoding=\"async\" loading=\"lazy\" id=\"irc_mi\" src=\"http:\/\/imagine.gsfc.nasa.gov\/Images\/news\/rxj1242_comp.jpg\" alt=\"\" width=\"333\" height=\"393\" \/><\/p>\n<p style=\"text-align: justify;\">Llegar\u00e1 un momento que el de <a href=\"http:\/\/www.emiliosilveravazquez.com\/blog\/category\/%C2%A1necesitamos-saber\/#\"><a href=\"#\" onclick=\"referencia('agujero negro',event); return false;\">agujeros negros<\/a><\/a> en las galaxias ser\u00e1 de tal magnitud que comenzar\u00e1n a fusionarse unos con otros que todo el universo se convierta en un inmenso <a href=\"http:\/\/www.emiliosilveravazquez.com\/blog\/category\/%C2%A1necesitamos-saber\/#\"><a href=\"#\" onclick=\"referencia('agujero negro',event); return false;\">agujero negro<\/a><\/a>, una enorme <a href=\"http:\/\/www.emiliosilveravazquez.com\/blog\/category\/%C2%A1necesitamos-saber\/#\"><a href=\"#\" onclick=\"referencia('singularidad',event); return false;\">singularidad<\/a><\/a>, lo \u00fanico que all\u00ed estar\u00e1 presente: la gravedad. Claro que , en funci\u00f3n de la Densidad Cr\u00edtica que realmente tenga el Universo (el Omega Negro, o, la cantidad de materia que contenga), se podr\u00eda expandir para siempre, las galaxias se alejar\u00e1n las unas de las otras y el fr\u00edo, se har\u00e1 due\u00f1o de todo, la muerte t\u00e9rmica llegar\u00e1 con el cero absoluto, es decir, -273 \u00baC, all\u00ed, ni los \u00e1tomos se podr\u00edan mover y, menos la vida.<\/p>\n<p style=\"text-align: justify;\">Esa fuerza de la naturaleza que ahora est\u00e1 sola, no se puede juntar con las otras fuerzas que, como se ha dicho, tienen sus en la mec\u00e1nica cu\u00e1ntica, mientras que la gravitaci\u00f3n residen en la inmensidad del cosmos; las unas ejercen su dominio en los confines microsc\u00f3picos del \u00e1tomo, mientras que la otra s\u00f3lo aparece de manera significativa en presencia de grandes masas estelares. All\u00ed, a su alrededor, se aposenta curvando el espacio y distorsionando el tiempo.<\/p>\n<p style=\"text-align: justify;\"><img decoding=\"async\" loading=\"lazy\" id=\"irc_mi\" src=\"http:\/\/2.bp.blogspot.com\/_IP-xhn2P2rQ\/TH0p0Li2_-I\/AAAAAAAAFYo\/VrZFHQE_7nk\/s400\/3.jpg\" alt=\"\" width=\"400\" height=\"360\" \/><\/p>\n<p style=\"text-align: justify;\">El tejido espacio-temporal se distorsiona y el Universo ser\u00e1\u2026 Lo que disponga la materia y su densidad.<\/p>\n<p style=\"text-align: justify;\">La otra posibilidad es reuni\u00f3n final de <a href=\"http:\/\/www.emiliosilveravazquez.com\/blog\/category\/%C2%A1necesitamos-saber\/#\"><a href=\"#\" onclick=\"referencia('agujero negro',event); return false;\">agujeros negros<\/a><\/a> ser\u00e1 la causa de que la Densidad Cr\u00edtica sea superior a la ideal. La gravedad generada por el inmenso <a href=\"http:\/\/www.emiliosilveravazquez.com\/blog\/category\/%C2%A1necesitamos-saber\/#\"><a href=\"#\" onclick=\"referencia('agujero negro',event); return false;\">agujero negro<\/a><\/a> que se ir\u00e1 formando en cada galaxia tendr\u00e1 la consecuencia de parar la expansi\u00f3n actual del universo. Todas las galaxias que ahora est\u00e1n separ\u00e1ndose las unas de las otras se ir\u00e1n frenando hasta parar y, despacio al principio m\u00e1s r\u00e1pido despu\u00e9s, comenzar\u00e1n a recorrer el camino hacia atr\u00e1s. Finalmente, toda la materia ser\u00e1 encontrada en un punto com\u00fan donde chocar\u00e1 violentamente formando una enorme bola de fuego.<\/p>\n<p style=\"text-align: justify;\">Antes de de que eso llegue, tendremos que resolver el primer problema: la muerte del Sol.<\/p>\n<p style=\"text-align: justify;\">Los cient\u00edficos se han preguntado a veces qu\u00e9 suceder\u00e1 eventualmente a los \u00e1tomos de nuestros cuerpos mucho tiempo despu\u00e9s de que hayamos muerto. La posibilidad m\u00e1s probable es que nuestras mol\u00e9culas vuelvan al Sol. En trabajos anteriores he explicado el destino del Sol: se agotar\u00e1 su combustible de hidr\u00f3geno y fusionar\u00e1 helio; se hinchar\u00e1 en gigante roja y su \u00f3rbita es probable que sobrepase la Tierra y la calcine; las mol\u00e9culas que hoy constituyen nuestros cuerpos ser\u00e1n consumidas por la atm\u00f3sfera solar.<\/p>\n<p style=\"text-align: justify;\"><img decoding=\"async\" loading=\"lazy\" src=\"http:\/\/jelbas.files.wordpress.com\/2009\/11\/sunspot_cycle_from_1995_to_2009.jpg\" alt=\"http:\/\/jelbas.files.wordpress.com\/2009\/11\/sunspot_cycle_from_1995_to_2009.jpg\" width=\"672\" height=\"504\" \/><\/p>\n<p style=\"text-align: justify;\">El final de nuestro Sol cuando finalice su ciclo en la secuencia principal, ser\u00e1 convertirse primera en gigante roja, expulsar material que formar\u00e1 nebulosa planetaria y, finalmente, se contraer\u00e1 hasta que se degeneren los <a href=\"http:\/\/www.emiliosilveravazquez.com\/blog\/2012\/04\/04\/2011\/10\/13\/universo-teorias-las-estrellas-y-%C2%A1tantas-cosas\/#\">electrones<\/a> y frene su implosi\u00f3n, quedamdo como una <a href=\"http:\/\/www.emiliosilveravazquez.com\/blog\/2013\/06\/29\/los-mistertios-del-universo\/#\"><a href=\"#\" onclick=\"referencia('enana blanca',event); return false;\">enana blanca<\/a><\/a> masiva de alta radiaci\u00f3n ultravioleta que se ir\u00e1 apagando con el paso del tiempo.<\/p>\n<p style=\"text-align: justify;\">Carl Sagan pinta el cuadro siguiente:<\/p>\n<blockquote>\n<p style=\"text-align: justify;\">\u201cDentro de miles de millones de a\u00f1os a partir de , habr\u00e1 un \u00faltimo d\u00eda perfecto en la Tierra\u2026 Las capas de hielo \u00c1rtica y Ant\u00e1rtica se fundir\u00e1n, inundando las costas del mundo. Las altas temperaturas oce\u00e1nicas liberar\u00e1n m\u00e1s vapor de agua al aire, incrementando la nubosidad y escondiendo a la Tierra de la luz solar retrasando el final. Pero la evoluci\u00f3n solar es inexorable. Finalmente los oc\u00e9anos hervir\u00e1n, la atm\u00f3sfera se evaporar\u00e1 en el espacio y nuestro planeta ser\u00e1 destruido por una cat\u00e1strofe de proporciones que ni podemos imaginar.\u201d<\/p>\n<p>&nbsp;<\/p>\n<p>&nbsp;<\/p>\n<p><img decoding=\"async\" loading=\"lazy\" id=\"irc_mi\" src=\"http:\/\/asusta2.com.ar\/wp-content\/uploads\/2012\/12\/andromeda-via-lactea.jpg\" alt=\"\" width=\"500\" height=\"277\" \/><\/p>\n<p>&nbsp;<\/p>\n<p>En unos miles de millones de a\u00f1os, Andr\u00f3meda y la V\u00eda L\u00e1ctea, se abrazar\u00e1n<\/p>\n<p>&nbsp;<\/p><\/blockquote>\n<p style=\"text-align: justify;\">En una escala de tiempo de varios miles de millones de a\u00f1os, debemos enfrentarnos al hecho de que la V\u00eda L\u00e1ctea, en la que vivimos, morir\u00e1. M\u00e1s exactamente, vivimos en el brazo espiral Ori\u00f3n de la V\u00eda L\u00e1ctea. Cuando miramos al cielo nocturno y nos sentimos reducidos, empeque\u00f1ecidos por la inmensidad de las luces celestes que punt\u00faan en el cielo, estamos mirando realmente una min\u00fascula porci\u00f3n de las estrellas localizadas en el brazo de Ori\u00f3n. El resto de los 200 mil millones de estrellas de la V\u00eda L\u00e1ctea est\u00e1n tan lejanas que apenas pueden ser vistas una cinta lechosa que cruza el cielo nocturno.<\/p>\n<p style=\"text-align: justify;\">Aproximadamente a dos millones de a\u00f1os luz de la V\u00eda L\u00e1ctea est\u00e1 nuestra galaxia vecina m\u00e1s cercana, la gran galaxia Andr\u00f3meda, dos o tres veces mayor que nuestra galaxia. Las dos galaxias se est\u00e1n aproximando a 125 km\/s, y chocar\u00e1n en un periodo de 5 a 10.000 millones de a\u00f1os. Como ha dicho el astr\u00f3nomo Lars Hernquist de la Universidad de California en Santa Cruz, colisi\u00f3n ser\u00e1 \u201c<em>parecida a un asalto. Nuestra galaxia ser\u00e1 literalmente consumida y destruida<\/em>\u201c. Pero esa, es otra historia.<\/p>\n<p style=\"text-align: justify;\"><em>emilio silvera<\/em><\/p>\n<\/div>\n<\/div>\n<div class='bookmark'>\r\n\t\t<table align='left' border='0' cellpadding='0' width='100%'>\r\n\t\t<tr><td><span class='pushbutton'><a href='http:\/\/delicious.com\/post?url=http%3A%2F%2Fwww.emiliosilveravazquez.com%2Fblog%2F2014%2F08%2F09%2F%25c2%25a1ah-%25c2%25bfpero-sabemos-3%2F&amp;title=%C2%A1Ah%21+%C2%BFPero+sabemos%3F' title='Delicious' target='_blank' rel='nofollow'><img src='http:\/\/www.emiliosilveravazquez.com\/blog\/wp-content\/plugins\/knxdt-bookmarks-wordpress-plugin\/images\/delicious.png'  alt='' class='book_img' border='none' style='margin:1px; padding: 0;'  \/><\/a><\/span><span class='pushbutton'><a href='http:\/\/digg.com\/submit?url=http%3A%2F%2Fwww.emiliosilveravazquez.com%2Fblog%2F2014%2F08%2F09%2F%25c2%25a1ah-%25c2%25bfpero-sabemos-3%2F&amp;title=%C2%A1Ah%21+%C2%BFPero+sabemos%3F' title='Digg' target='_blank' rel='nofollow'><img src='http:\/\/www.emiliosilveravazquez.com\/blog\/wp-content\/plugins\/knxdt-bookmarks-wordpress-plugin\/images\/digg.png'  alt='' class='book_img' border='none' style='margin:1px; padding: 0;'  \/><\/a><\/span><span class='pushbutton'><a href='http:\/\/www.google.com\/bookmarks\/mark?op=edit&amp;bkmk=http%3A%2F%2Fwww.emiliosilveravazquez.com%2Fblog%2F2014%2F08%2F09%2F%25c2%25a1ah-%25c2%25bfpero-sabemos-3%2F&amp;title=%C2%A1Ah%21+%C2%BFPero+sabemos%3F' title='Google' target='_blank' rel='nofollow'><img src='http:\/\/www.emiliosilveravazquez.com\/blog\/wp-content\/plugins\/knxdt-bookmarks-wordpress-plugin\/images\/google.png'   alt='' class='book_img' border='none' style='margin:1px; padding: 0;'  \/><\/a><\/span><span class='pushbutton'><a href='http:\/\/myweb2.search.yahoo.com\/myresults\/bookmarklet?u=http%3A%2F%2Fwww.emiliosilveravazquez.com%2Fblog%2F2014%2F08%2F09%2F%25c2%25a1ah-%25c2%25bfpero-sabemos-3%2F&amp;t=%C2%A1Ah%21+%C2%BFPero+sabemos%3F' title='Yahoo' target='_blank' rel='nofollow'><img src='http:\/\/www.emiliosilveravazquez.com\/blog\/wp-content\/plugins\/knxdt-bookmarks-wordpress-plugin\/images\/yahoo.png'  alt='' class='book_img' border='none' style='margin:1px; padding: 0;'  \/><\/a><\/span><span class='pushbutton'><a href='http:\/\/www.technorati.com\/faves?add=http%3A%2F%2Fwww.emiliosilveravazquez.com%2Fblog%2F2014%2F08%2F09%2F%25c2%25a1ah-%25c2%25bfpero-sabemos-3%2F' title='Technorati' target='_blank' rel='nofollow'><img src='http:\/\/www.emiliosilveravazquez.com\/blog\/wp-content\/plugins\/knxdt-bookmarks-wordpress-plugin\/images\/technorati.png'  alt='' class='book_img' border='none' style='margin:1px; padding: 0;'  \/><\/a><\/span><span class='pushbutton'><a href='http:\/\/meneame.net\/submit.php?url=http%3A%2F%2Fwww.emiliosilveravazquez.com%2Fblog%2F2014%2F08%2F09%2F%25c2%25a1ah-%25c2%25bfpero-sabemos-3%2F' title='Meneame' target='_blank' rel='nofollow'><img src='http:\/\/www.emiliosilveravazquez.com\/blog\/wp-content\/plugins\/knxdt-bookmarks-wordpress-plugin\/images\/meneame.png'  alt='' class='book_img' border='none' style='margin:1px; padding: 0;'  \/><\/a><\/span><span class='pushbutton'><a href='http:\/\/enchilame.com\/submit.php?url=http:\/\/www.emiliosilveravazquez.com\/blog\/2014\/08\/09\/%c2%a1ah-%c2%bfpero-sabemos-3\/' target='_blank' rel='nofollow'><img title='Enchilame' src='http:\/\/www.emiliosilveravazquez.com\/blog\/wp-content\/plugins\/knxdt-bookmarks-wordpress-plugin\/images\/enchilame.png'  alt='' class='book_img' border='none' style='margin:1px; padding: 0;'  \/><\/a><\/span><span class='pushbutton'><a href='http:\/\/www.blinklist.com\/index.php?Action=Blink\/addblink.php&amp;Description=&amp;Url=http%3A%2F%2Fwww.emiliosilveravazquez.com%2Fblog%2F2014%2F08%2F09%2F%25c2%25a1ah-%25c2%25bfpero-sabemos-3%2F&amp;title=%C2%A1Ah%21+%C2%BFPero+sabemos%3F' title='BlinkList' target='_blank' rel='nofollow'><img src='http:\/\/www.emiliosilveravazquez.com\/blog\/wp-content\/plugins\/knxdt-bookmarks-wordpress-plugin\/images\/blinklist.png'  alt='' class='book_img' border='none' style='margin:1px; padding: 0;'  \/><\/a><\/span><span class='pushbutton'><a href='http:\/\/reddit.com\/submit?url=http%3A%2F%2Fwww.emiliosilveravazquez.com%2Fblog%2F2014%2F08%2F09%2F%25c2%25a1ah-%25c2%25bfpero-sabemos-3%2F&amp;title=%C2%A1Ah%21+%C2%BFPero+sabemos%3F' title='Reddit' target='_blank' rel='nofollow'><img src='http:\/\/www.emiliosilveravazquez.com\/blog\/wp-content\/plugins\/knxdt-bookmarks-wordpress-plugin\/images\/reddit.png'  alt='' class='book_img' border='none' style='margin:1px; padding: 0;'  \/><\/a><\/span><span class='pushbutton'><a href='http:\/\/www.tecnologiadiaria.com\/2009\/07\/abrir-com-hotmail-correo.html' target='_blank' title='hotmail'><img src='http:\/\/www.emiliosilveravazquez.com\/blog\/wp-content\/plugins\/knxdt-bookmarks-wordpress-plugin\/images\/linklove.png' alt='hotmail correo' class='book_img' border='none' style='margin:1px; padding: 0;' \/><\/a><\/span><span class='pushbutton'><a href='http:\/\/bitacoras.com\/votar\/anotacion\/externo\/mini\/www.emiliosilveravazquez.com\/blog\/2014\/08\/09\/%c2%a1ah-%c2%bfpero-sabemos-3\/' title='Bitacoras.com' target='_blank' rel='nofollow'><img src='http:\/\/www.emiliosilveravazquez.com\/blog\/wp-content\/plugins\/knxdt-bookmarks-wordpress-plugin\/images\/bitacoras.png'  alt='' class='book_img' border='none' style='margin:1px; padding: 0;'  \/><\/a><\/span><span class='pushbutton'><a href='http:\/\/www.wikio.es\/vote?url=http%3A%2F%2Fwww.emiliosilveravazquez.com%2Fblog%2F2014%2F08%2F09%2F%25c2%25a1ah-%25c2%25bfpero-sabemos-3%2F' title='Wikio' target='_blank' rel='nofollow'><img src='http:\/\/www.emiliosilveravazquez.com\/blog\/wp-content\/plugins\/knxdt-bookmarks-wordpress-plugin\/images\/wikio.png'   alt='' class='book_img' border='none' style='margin:1px; padding: 0;'   \/><\/a><\/span><span class='pushbutton'><a href='http:\/\/friendfeed.com\/?url=http%3A%2F%2Fwww.emiliosilveravazquez.com%2Fblog%2F2014%2F08%2F09%2F%25c2%25a1ah-%25c2%25bfpero-sabemos-3%2F&amp;title=%C2%A1Ah%21+%C2%BFPero+sabemos%3F' title='Friend Feed' target='_blank' rel='nofollow'><img src='http:\/\/www.emiliosilveravazquez.com\/blog\/wp-content\/plugins\/knxdt-bookmarks-wordpress-plugin\/images\/friendfeed.png'  alt='' class='book_img' border='none' style='margin:1px; padding: 0;'  \/><\/a><\/span><span class='pushbutton'><a href='http:\/\/www.facebook.com\/share.php?u=http%3A%2F%2Fwww.emiliosilveravazquez.com%2Fblog%2F2014%2F08%2F09%2F%25c2%25a1ah-%25c2%25bfpero-sabemos-3%2F&amp;t=%C2%A1Ah%21+%C2%BFPero+sabemos%3F' title='Facebook' target='_blank' rel='nofollow'><img src='http:\/\/www.emiliosilveravazquez.com\/blog\/wp-content\/plugins\/knxdt-bookmarks-wordpress-plugin\/images\/facebook.png'  alt='' class='book_img' border='none' style='margin:1px; padding: 0;'  \/><\/a><\/span><span class='pushbutton'><a href='http:\/\/twitter.com\/home?status=%C2%A1Ah%21+%C2%BFPero+sabemos%3F: http%3A%2F%2Fwww.emiliosilveravazquez.com%2Fblog%2F2014%2F08%2F09%2F%25c2%25a1ah-%25c2%25bfpero-sabemos-3%2F' title='Twitter' target='_blank' rel='nofollow'><img src='http:\/\/www.emiliosilveravazquez.com\/blog\/wp-content\/plugins\/knxdt-bookmarks-wordpress-plugin\/images\/twitter.png'  alt='' class='book_img' border='none' style='margin:1px; padding: 0;'  \/><\/a><\/span><span class='pushbutton'><a href='http:\/\/www.feedburner.com\/fb\/a\/emailFlare?itemTitle=%C2%A1Ah%21+%C2%BFPero+sabemos%3F&amp;uri=http%3A%2F%2Fwww.emiliosilveravazquez.com%2Fblog%2F2014%2F08%2F09%2F%25c2%25a1ah-%25c2%25bfpero-sabemos-3%2F' title='Enviar por Email' target='_blank' rel='nofollow'><img src='http:\/\/www.emiliosilveravazquez.com\/blog\/wp-content\/plugins\/knxdt-bookmarks-wordpress-plugin\/images\/email.png'  alt='' class='book_img' border='none' style='margin:1px; padding: 0;'  \/><\/a><\/span><span style='font-weight:bold; padding-left: 5px;'><a href='http:\/\/wordpress.org\/extend\/plugins\/knxdt-bookmarks-wordpress-plugin\/' title='Plugin' rel='nofollow' target='_blank'>[?]<\/a><\/span><\/td><\/tr><\/table><br\/><br\/><\/div>","protected":false},"excerpt":{"rendered":"<p>\u00a0\u00ab \u00bfC\u00f3mo llegamos aqu\u00ed? III Divagando con los pensamientos \u00bb Como cada d\u00eda hace ya alg\u00fan tiempo, aqu\u00ed dejamos un retazo sobre el saber del mundo, del Universo y del estudio de los cuerpos celestes y sus movimientos, los fen\u00f3menos ligados a ellos que, sin duda, es la ciencia m\u00e1s antigua que nuestra especie conoce. [&hellip;]<\/p>\n","protected":false},"author":2,"featured_media":0,"comment_status":"open","ping_status":"open","sticky":false,"template":"","format":"standard","meta":{"_s2mail":"yes","footnotes":""},"categories":[197],"tags":[],"_links":{"self":[{"href":"http:\/\/www.emiliosilveravazquez.com\/blog\/wp-json\/wp\/v2\/posts\/11276"}],"collection":[{"href":"http:\/\/www.emiliosilveravazquez.com\/blog\/wp-json\/wp\/v2\/posts"}],"about":[{"href":"http:\/\/www.emiliosilveravazquez.com\/blog\/wp-json\/wp\/v2\/types\/post"}],"author":[{"embeddable":true,"href":"http:\/\/www.emiliosilveravazquez.com\/blog\/wp-json\/wp\/v2\/users\/2"}],"replies":[{"embeddable":true,"href":"http:\/\/www.emiliosilveravazquez.com\/blog\/wp-json\/wp\/v2\/comments?post=11276"}],"version-history":[{"count":0,"href":"http:\/\/www.emiliosilveravazquez.com\/blog\/wp-json\/wp\/v2\/posts\/11276\/revisions"}],"wp:attachment":[{"href":"http:\/\/www.emiliosilveravazquez.com\/blog\/wp-json\/wp\/v2\/media?parent=11276"}],"wp:term":[{"taxonomy":"category","embeddable":true,"href":"http:\/\/www.emiliosilveravazquez.com\/blog\/wp-json\/wp\/v2\/categories?post=11276"},{"taxonomy":"post_tag","embeddable":true,"href":"http:\/\/www.emiliosilveravazquez.com\/blog\/wp-json\/wp\/v2\/tags?post=11276"}],"curies":[{"name":"wp","href":"https:\/\/api.w.org\/{rel}","templated":true}]}}