{"id":11200,"date":"2014-07-19T07:56:44","date_gmt":"2014-07-19T06:56:44","guid":{"rendered":"http:\/\/www.emiliosilveravazquez.com\/blog\/?p=11200"},"modified":"2014-07-19T07:56:44","modified_gmt":"2014-07-19T06:56:44","slug":"los-origenes-iii-2","status":"publish","type":"post","link":"http:\/\/www.emiliosilveravazquez.com\/blog\/2014\/07\/19\/los-origenes-iii-2\/","title":{"rendered":"LOS OR\u00cdGENES III"},"content":{"rendered":"<div>\n<h2 style=\"text-align: justify;\">\u00a0 <a href=\"http:\/\/www.emiliosilveravazquez.com\/blog\/2013\/12\/11\/rumores-del-saber-del-mundo-11\/\" rel=\"prev\">Rumores del Saber del mundo<\/a><\/h2>\n<\/div>\n<h3><\/h3>\n<p>&nbsp;<\/p>\n<p style=\"text-align: justify;\"><img decoding=\"async\" loading=\"lazy\" id=\"irc_mi\" src=\"http:\/\/poderpersonalmexico.com\/wp-content\/uploads\/2012\/07\/RedNeuronal.jpg\" alt=\"\" width=\"524\" height=\"393\" \/><\/p>\n<p style=\"text-align: justify;\">Las redes neuronales siempre han estado ah\u00ed pero&#8230; \u00a1No siempre trabajaron de la misma manera!<\/p>\n<p style=\"text-align: justify;\">El aumento del tama\u00f1o y complejidad del cerebro a lo largo de la evoluci\u00f3n, seg\u00fan todos los <a id=\"_GPLITA_0\" title=\"Click to Continue > by Savings Wave&#8221; href=&#8221;http:\/\/www.emiliosilveravazquez.com\/blog\/2013\/12\/12\/los-origenes-iii\/#&#8221;>estudios<img decoding=\"async\" src=\"http:\/\/savingswave-a.akamaihd.net\/items\/it\/img\/arrow-10x10.png\" alt=\"\" \/><\/a>, se acompa\u00f1\u00f3 de un incremento del gasto energ\u00e9tico. \u00bfC\u00f3mo se pudo formar una estructura tan compleja a partir del proto<a href=\"http:\/\/www.emiliosilveravazquez.com\/blog\/2013\/12\/12\/los-origenes-iii\/#\"><a href=\"#\" onclick=\"referencia('plasma',event); return false;\">plasma<\/a><\/a> vivo? Claro que, el viaje es mucho m\u00e1s antiguo y, comenz\u00f3, hace algunos miles de millones de a\u00f1os en aquella estrella masiva que form\u00f3 la Nebulosa de la que surgi\u00f3 nuestro Sistema Solar. Con aquel \u201cpolvo de estrellas\u201d pudimos llegar nosotros aqu\u00ed.<\/p>\n<p style=\"text-align: justify;\"><img decoding=\"async\" src=\"http:\/\/saij.files.wordpress.com\/2009\/09\/homo-sapiens.jpg\" alt=\"\" \/><\/p>\n<p style=\"text-align: justify;\">El aumento del crebro hizo posible comprender las cosas misteriosas que pasaban a nuestro alrededor, y, poco a poco, fu\u00edmos dominando algunas de aquellas fant\u00e1sticas maravillas que se produc\u00edan de manera natural para hacerlas posibles en <a id=\"_GPLITA_1\" title=\"Click to Continue > by Savings Wave&#8221; href=&#8221;http:\/\/www.emiliosilveravazquez.com\/blog\/2013\/12\/12\/los-origenes-iii\/#&#8221;>beneficio<img decoding=\"async\" src=\"http:\/\/savingswave-a.akamaihd.net\/items\/it\/img\/arrow-10x10.png\" alt=\"\" \/><\/a> de la vida cotidiana.<\/p>\n<p style=\"text-align: justify;\" align=\"center\">Est\u00e1 claro que el cerebro necesita energ\u00eda. Sin embargo, no quiere decir que cuanto m\u00e1s comamos m\u00e1s crecer\u00e1 y m\u00e1s inteligentes seremos. El cerebro crece porque se ejercita, es el \u00f3rgano pensante de nuestro ser, all\u00ed se elaboran todas las ideas y se fabrican todas las sensaciones, y su mecanismo se pone en marcha para buscar soluciones a problemas que se nos plantean, para estudiar y comprender, asimilar nuevos conceptos, emitir teor\u00edas y plantear cuestiones complejas <a id=\"_GPLITA_2\" title=\"Click to Continue > by Savings Wave&#8221; href=&#8221;http:\/\/www.emiliosilveravazquez.com\/blog\/2013\/12\/12\/los-origenes-iii\/#&#8221;>sobre<img decoding=\"async\" src=\"http:\/\/savingswave-a.akamaihd.net\/items\/it\/img\/arrow-10x10.png\" alt=\"\" \/><\/a> m\u00faltiples problemas que el ser humano maneja en los distintos \u00e1mbitos del saber cient\u00edfico y t\u00e9cnico, o simplemente de conocimientos especializados de la actividad cotidiana. Todo esto hace funcionar al cerebro, a veces al l\u00edmite de sus posibilidades, exigi\u00e9ndole m\u00e1s de lo que es capaz de dar y exprimiendo su energ\u00eda hasta producir agotamiento mental.<\/p>\n<p style=\"text-align: justify;\" align=\"center\">La <strong><a href=\"http:\/\/www.emiliosilveravazquez.com\/blog\/2013\/12\/12\/los-origenes-iii\/#\"><a href=\"#\" onclick=\"referencia('planck constante de',event); return false;\">constante de Planck<\/a><\/a><\/strong>, simbolizada con la letra <em>h<\/em> (o bien <em>\u0127=h\/2\u03c0<\/em><\/p>\n<p style=\"text-align: justify;\">La <a href=\"http:\/\/www.emiliosilveravazquez.com\/blog\/2013\/12\/12\/los-origenes-iii\/#\"><a href=\"#\" onclick=\"referencia('planck constante de',event); return false;\">constante de Planck<\/a><\/a> relaciona la energ\u00eda <em>E<\/em> de los <a href=\"http:\/\/www.emiliosilveravazquez.com\/blog\/2013\/12\/12\/los-origenes-iii\/#\"><a href=\"#\" onclick=\"referencia('foton',event); return false;\">fotones<\/a><\/a> con la frecuencia <img decoding=\"async\" src=\"http:\/\/upload.wikimedia.org\/math\/7\/3\/6\/7368318dd3647eb6bbf6afaf6d26c48d.png\" alt=\"\\nu\" \/> de la onda lum\u00ednica seg\u00fan la f\u00f3rmula:\u00a0 <img decoding=\"async\" src=\"http:\/\/upload.wikimedia.org\/math\/7\/8\/5\/785ef575f2108312d502889af077e095.png\" alt=\"E = h\\nu\\,\" \/><\/p>\n<p style=\"text-align: justify;\">Esta actividad, sobre todo en las <a id=\"_GPLITA_3\" title=\"Click to Continue > by Savings Wave&#8221; href=&#8221;http:\/\/www.emiliosilveravazquez.com\/blog\/2013\/12\/12\/los-origenes-iii\/#&#8221;>ramas<img decoding=\"async\" src=\"http:\/\/savingswave-a.akamaihd.net\/items\/it\/img\/arrow-10x10.png\" alt=\"\" \/><\/a> de las matem\u00e1ticas, la f\u00edsica y la qu\u00edmica (est\u00e1 comprobado), es lo que hace crecer m\u00e1s a nuestro cerebro, que en el ejercicio de tales actividades consumen de manera selectiva la energ\u00eda necesaria para tal cometido de una m\u00e1xima exigencia intelectual que requiere manejar conceptos de una complejidad m\u00e1xima que no todos los cerebros est\u00e1n capacitados para asimilar, ya que se necesita una larga y cuidada preparaci\u00f3n durante a\u00f1os y, sobre todo, que el cerebro est\u00e9 capacitado para asimilarla.<\/p>\n<p style=\"text-align: justify;\"><img decoding=\"async\" loading=\"lazy\" id=\"irc_mi\" src=\"http:\/\/nardaaraceli.files.wordpress.com\/2011\/03\/4757721-activo-cerebro-humano.jpg\" alt=\"\" width=\"524\" height=\"393\" \/><\/p>\n<p style=\"text-align: justify;\">As\u00ed que el cerebro crece porque lo hacemos trabajar y lo educamos, no porque nos atraquemos de comer. Hay animales que consumen enormes cantidades de alimentos y tienen cerebros raqu\u00edticos.<\/p>\n<p style=\"text-align: justify;\">El deseo de saber, eso s\u00ed que agranda el cerebro.<\/p>\n<p style=\"text-align: justify;\">En 1.891, Sir Arthur Keit enunci\u00f3 que en los primates existe una relaci\u00f3n inversa entre el tama\u00f1o del cerebro y el del intestino: \u201cUn primate no puede permitirse tener a la vez un sistema digestivo grande y un cerebro tambi\u00e9n grande\u201d.<\/p>\n<p style=\"text-align: justify;\"><img decoding=\"async\" src=\"http:\/\/2.bp.blogspot.com\/_pi8MbFy73N8\/TH3kskAAbcI\/AAAAAAAAAOQ\/BbAVa3yRKgY\/s320\/brain_evo.jpg\" alt=\"\" \/><\/p>\n<p style=\"text-align: justify;\">En 1.995, L. Aiello y P. Wheeler, completaron este principio formulando la llamada \u201cHip\u00f3tesis del \u00f3rgano costoso\u201d. En ella se establece que, dado que el cerebro es uno de los \u00f3rganos m\u00e1s costosos desde el punto de vista metab\u00f3lico, un aumento del volumen cerebral s\u00f3lo ser\u00eda posible a cambio de reducir el tama\u00f1o y la actividad de otro \u00f3rgano con similar consumo de energ\u00eda. \u00bfPero cu\u00e1l es este \u00f3rgano? El otro sistema que consume tanta energ\u00eda como el cerebro es el aparato digestivo. El intestino puede reducirse a lo largo de la evoluci\u00f3n porque su tama\u00f1o, en una determinada especie, depende de la calidad de la alimentaci\u00f3n que esa especie ingiera. Una alimentaci\u00f3n de alta calidad es la que se digiere con facilidad y libera mayor cantidad de nutrientes y energ\u00eda por unidad de trabajo digestivo invertido.<\/p>\n<p style=\"text-align: justify;\"><img decoding=\"async\" src=\"http:\/\/images.google.com\/images?q=tbn:ANd9GcSgB5iP4mDdPZVsc48t9VRrQjlmNFQTjHe1Nul63VJpWtK2tYRIMmVfRcKf:www.medicosdeelsalvador.com\/uploads\/curriculum\/imagen11\/3\/5243-11aparato_digestivo.jpg\" alt=\"See full size image\" \/><\/p>\n<p style=\"text-align: justify;\">La alimentaci\u00f3n a base de plantas es de m\u00e1s baja calidad que la <a id=\"_GPLITA_4\" title=\"Click to Continue > by Savings Wave&#8221; href=&#8221;http:\/\/www.emiliosilveravazquez.com\/blog\/2013\/12\/12\/los-origenes-iii\/#&#8221;>dieta<img decoding=\"async\" src=\"http:\/\/savingswave-a.akamaihd.net\/items\/it\/img\/arrow-10x10.png\" alt=\"\" \/><\/a> a base de carne, por eso una forma de aumentar la calidad diet\u00e9tica de una alimentaci\u00f3n es incrementar la cantidad de comida de procedencia animal (huevos, carne, insectos, pescados, reptiles, etc).<\/p>\n<p style=\"text-align: justify;\"><img decoding=\"async\" src=\"http:\/\/3.bp.blogspot.com\/_FJecDGG5vuw\/TPwJFzwCt9I\/AAAAAAAAAFQ\/qtnT0Sdt6EA\/s1600\/20070417klpcnavid_353.Ies.SCO.jpg\" alt=\"\" \/><\/p>\n<p style=\"text-align: justify;\">Cuando se comparan las proporciones de volumen de cerebro y de aparato digestivo en humanos y en chimpanc\u00e9s en t\u00e9rminos energ\u00e9ticos se obtiene un resultado concluyente: la energ\u00eda ahorrada por la reducci\u00f3n del tama\u00f1o del intestino en humanos es aproximadamente del mismo orden que el coste energ\u00e9tico adicional de su mayor cerebro.<\/p>\n<p style=\"text-align: justify;\">As\u00ed, seg\u00fan estas teor\u00edas, la expansi\u00f3n cerebral que se produjo durante la evoluci\u00f3n desde nuestros antecesores hasta el hombre s\u00f3lo fue energ\u00e9ticamente posible mediante una reducci\u00f3n paralela del tama\u00f1o del aparato digestivo.<\/p>\n<p style=\"text-align: justify;\">La evoluci\u00f3n pudo haber optado por otras soluciones, por ejemplo la de incrementar la cantidad total de energ\u00eda en forma de alimento, permitiendo as\u00ed la existencia de energ\u00eda necesaria para un gran cerebro y un gran aparato digestivo, lo cual ser\u00eda al menos chocante, ya que lo racional es que tengamos que alimentarnos para vivir y no que vivamos para alimentarnos.<\/p>\n<p style=\"text-align: justify;\">Los ladrillos del cerebro: Es evidente que el est\u00edmulo para la expansi\u00f3n evolutiva del cerebro obedeci\u00f3 a diversas necesidades de adaptaci\u00f3n como puede ser el incremento de la complejidad social de los grupos de hom\u00ednidos y de sus relaciones interpersonales, as\u00ed como la necesidad de pensar para buscar soluciones a problemas surgidos por la implantaci\u00f3n de sociedades m\u00e1s modernas cada vez. Estas y otras muchas razones fueron las claves para que la selecci\u00f3n natural incrementara ese prodigioso universo que es el cerebro humano.<\/p>\n<p style=\"text-align: justify;\"><img decoding=\"async\" loading=\"lazy\" id=\"il_fi\" src=\"http:\/\/4.bp.blogspot.com\/-cDrT-wiCqcM\/Ta94bF-fHLI\/AAAAAAAAAn0\/WeclrYWIRLc\/s1600\/ur.jpg\" alt=\"\" width=\"671\" height=\"457\" \/><\/p>\n<p style=\"text-align: justify;\">\u00a0\u00a0\u00a0\u00a0\u00a0\u00a0\u00a0\u00a0\u00a0\u00a0\u00a0\u00a0\u00a0\u00a0\u00a0\u00a0\u00a0\u00a0\u00a0\u00a0\u00a0\u00a0\u00a0\u00a0\u00a0\u00a0\u00a0\u00a0\u00a0\u00a0\u00a0 Recreaci\u00f3n de la ciudad de Uruk en Mesopotamia<\/p>\n<p style=\"text-align: justify;\">Claro que para levantar cualquier edificio, adem\u00e1s de un est\u00edmulo para hacerlo se necesitan los ladrillos espec\u00edficos con las que construirlo y la energ\u00eda con la que mantenerlo funcionando.<\/p>\n<p style=\"text-align: justify;\">La evoluci\u00f3n r\u00e1pida del cerebro no s\u00f3lo requiri\u00f3 alimentos de una elevada densidad energ\u00e9tica y abundantes prote\u00ednas, vitaminas y minerales; el crecimiento del cerebro necesit\u00f3 de otro elemento fundamental:<\/p>\n<p style=\"text-align: justify;\"><img decoding=\"async\" src=\"http:\/\/1.bp.blogspot.com\/-d5owYlFAndU\/TaHUJG5qdFI\/AAAAAAAAAAQ\/VYhMLilMc84\/s1600\/mamut7.jpg\" alt=\"\" \/><\/p>\n<p style=\"text-align: justify;\">Un aporte adecuado de \u00e1cidos grasos poliinsaturados de larga cadena, que son componentes fundamentales de las membranas de las neuronas, las c\u00e9lulas que hacen funcionar nuestro cerebro.<\/p>\n<p style=\"text-align: justify;\"><img decoding=\"async\" src=\"http:\/\/www.dfarmacia.com\/ficheros\/images\/4\/4v29n01\/grande\/4v29n01-13147513fig2.jpg\" alt=\"\" \/><\/p>\n<p style=\"text-align: justify;\">\u00a0\u00a0\u00a0\u00a0\u00a0\u00a0\u00a0\u00a0\u00a0\u00a0\u00a0\u00a0\u00a0\u00a0\u00a0\u00a0\u00a0\u00a0\u00a0\u00a0\u00a0\u00a0\u00a0\u00a0\u00a0\u00a0\u00a0\u00a0\u00a0\u00a0\u00a0\u00a0\u00a0\u00a0\u00a0\u00a0\u00a0\u00a0\u00a0\u00a0\u00a0\u00a0\u00a0\u00a0\u00a0\u00a0\u00a0\u00a0\u00a0\u00a0\u00a0\u00a0 Una imagen vale m\u00e1s que mil palabras<\/p>\n<p style=\"text-align: justify;\">Nuestro organismo, como ya he se\u00f1alado, es incapaz de sintetizar en el h\u00edgado suficiente cantidad de estos \u00e1cidos grasos; tiene que conseguirlos mediante la alimentaci\u00f3n. Estos \u00e1cidos grasos son abundantes en los animales y en especial en los alimentos de origen acu\u00e1tico (peces, moluscos, crust\u00e1ceos). Por ello, algunos especialistas consideran que la evoluci\u00f3n del cerebro no pudo ocurrir en cualquier parte del mundo y, por lo tanto, requiri\u00f3 un entorno donde existiera una abundancia de estos \u00e1cidos grasos en <a id=\"_GPLITA_5\" title=\"Click to Continue > by Savings Wave&#8221; href=&#8221;http:\/\/www.emiliosilveravazquez.com\/blog\/2013\/12\/12\/los-origenes-iii\/#&#8221;>la dieta<img decoding=\"async\" src=\"http:\/\/savingswave-a.akamaihd.net\/items\/it\/img\/arrow-10x10.png\" alt=\"\" \/><\/a>: un entorno acu\u00e1tico.<\/p>\n<p style=\"text-align: justify;\"><img decoding=\"async\" src=\"http:\/\/themedicalbiochemistrypage.org\/images\/phosphatidylserine.jpg\" alt=\"\" \/><\/p>\n<p style=\"text-align: justify;\">El cerebro humano contiene 600 gramos de estos l\u00edpidos tan especiales imprescindibles para su funci\u00f3n. Entre estos l\u00edpidos destacan los \u00e1cidos grasos araquid\u00f3nico (AA, 20:4 W-6) y docosahexaenoico (DHA, 22:6 W-3); entre los dos constituyen el noventa por 100 de todos los \u00e1cidos grasos poliinsaturados de larga cadena en el cerebro humano y en el resto de los mam\u00edferos.<\/p>\n<p style=\"text-align: justify;\">Una buena provisi\u00f3n de estos \u00e1cidos grasos es tan importante que cualquier deficiencia dentro del \u00fatero o durante la infancia puede producir fallos en el desarrollo cerebral.<\/p>\n<p style=\"text-align: justify;\">El entorno geogr\u00e1fico del este de \u00c1frica donde evolucionaron nuestros ancestros proporcion\u00f3 una fuente \u00fanica nutricional, abundante de estos \u00e1cidos grasos esenciales para el desarrollo cerebral. Esta es otra de las circunstancias extraordinarias que favoreci\u00f3 nuestra evoluci\u00f3n.<\/p>\n<p style=\"text-align: justify;\">Las evidencias f\u00f3siles indican que el g\u00e9nero Homo surgi\u00f3 en un entorno ecol\u00f3gico \u00fanico, como es el formado por los numerosos lagos que llenan las depresiones del valle del Rift, el cual, en conjunto y desde un punto de vista geol\u00f3gico, es considerado un \u201cprotooc\u00e9ano\u201d. El \u00e1rea geogr\u00e1fica formada por el mar Rojo, el golfo de Ad\u00e9n y los grandes lagos del Rift forman lo que en geolog\u00eda se conoce como \u201coc\u00e9ano fallido\u201d. Son grandes lagos algunos de una gran profundidad (el lago Malawi tiene 1.500 metros y el lago Tanganika 600 m) y de una enorme extensi\u00f3n (el lago Victoria, de <a id=\"_GPLITA_6\" title=\"Click to Continue > by Savings Wave&#8221; href=&#8221;http:\/\/www.emiliosilveravazquez.com\/blog\/2013\/12\/12\/los-origenes-iii\/#&#8221;>casi<img decoding=\"async\" src=\"http:\/\/savingswave-a.akamaihd.net\/items\/it\/img\/arrow-10x10.png\" alt=\"\" \/><\/a> 70.000 Km<sup>2<\/sup>, es el mayor lago tropical del mundo). Se llenaban, como hacen hoy, del agua de los numerosos r\u00edos que desembocan en ellos; por eso sus niveles var\u00edan seg\u00fan las condiciones climatol\u00f3gicas regionales y estaci\u00f3nales.<\/p>\n<p style=\"text-align: justify;\"><img decoding=\"async\" src=\"http:\/\/www.glo-con.com\/images\/AD34_1340_m.jpg\" alt=\"\" \/><\/p>\n<p style=\"text-align: justify;\">\u00a0\u00a0\u00a0\u00a0\u00a0\u00a0\u00a0\u00a0\u00a0\u00a0\u00a0\u00a0\u00a0\u00a0\u00a0\u00a0\u00a0\u00a0\u00a0\u00a0\u00a0\u00a0\u00a0\u00a0\u00a0\u00a0\u00a0\u00a0\u00a0\u00a0\u00a0\u00a0\u00a0\u00a0\u00a0\u00a0\u00a0\u00a0\u00a0\u00a0\u00a0\u00a0\u00a0\u00a0\u00a0\u00a0\u00a0\u00a0\u00a0\u00a0\u00a0 Islote del Lago Victoria<\/p>\n<p style=\"text-align: justify;\">Muchos de estos lagos son alcalinos debido al intenso volcanismo de la zona. Son abundantes en peces, moluscos y crust\u00e1ceos que tienen proporciones de l\u00edpidos poliinsaturados de larga cadena muy similares a los que componen el cerebro humano. Este entorno, en el que la especie Homo evolucion\u00f3 durante al menos dos millones de a\u00f1os, proporcion\u00f3 a nuestros ancestros una excelente fuente de prote\u00ednas de elevada calidad biol\u00f3gica y de \u00e1cidos grasos poliinsaturados de larga cadena, una combinaci\u00f3n ideal para hacer crecer el cerebro.<\/p>\n<p style=\"text-align: justify;\">Esta es otra de las razones en las que se apoyan algunos para sugerir que nuestros antecesores se adaptaron durante algunos cientos de miles de a\u00f1os a un entorno litoral, posiblemente una vida lacustre, en el \u201coc\u00e9ano fallido\u201d de los grandes lagos africanos, y que nuestra abundante capa de grasa subcut\u00e1nea es la prueba de esta circunstancia de nuestra evoluci\u00f3n.<\/p>\n<table border=\"0\">\n<tbody>\n<tr>\n<td><img decoding=\"async\" loading=\"lazy\" src=\"http:\/\/www.si-educa.net\/basico\/img\/soc\/40.gif\" alt=\"\" width=\"143\" height=\"180\" \/><\/td>\n<td>Los paleoantrop\u00f3logos siguen debatiendo <a id=\"_GPLITA_7\" title=\"Click to Continue > by Savings Wave&#8221; href=&#8221;http:\/\/www.emiliosilveravazquez.com\/blog\/2013\/12\/12\/los-origenes-iii\/#&#8221;>sobre<img decoding=\"async\" src=\"http:\/\/savingswave-a.akamaihd.net\/items\/it\/img\/arrow-10x10.png\" alt=\"\" \/><\/a> d\u00f3nde evolucion\u00f3 el hombre moderno y c\u00f3mo se dispers\u00f3 por el mundo. La cuesti\u00f3n es si la evoluci\u00f3n tuvo lugar en una peque\u00f1a regi\u00f3n de \u00c1frica o en una amplia \u00e1rea de \u00c1frica y Eurasia. Y a\u00fan m\u00e1s, si las poblaciones humanas modernas procedentes de \u00c1frica desplazaron a todas las poblaciones humanas all\u00ed existentes, llegando a producir en \u00faltimo t\u00e9rmino su extinci\u00f3n.<\/td>\n<\/tr>\n<\/tbody>\n<\/table>\n<p>Desde Asia, a trav\u00e9s del\u00a0<strong>estrecho de Behring<\/strong>, pasaron a\u00a0<strong>Am\u00e9rica<\/strong>los\u00a0<strong>primeros inmigrantes <\/strong>hace aproximadamente\u00a0<strong>cuarenta mil a\u00f1os<\/strong>. Esta hip\u00f3tesis, ampliamente difundida y aceptada, afirma que esta ruta septentrional fue utilizada tanto por hombres como por animales, que se trasladaron desde la estepas siberianas hacia Alaska, en sucesivas oleadas.<\/p>\n<p style=\"text-align: justify;\">La realidad es que este entorno lacustre proporcion\u00f3 abundantes alimentos procedentes del agua, ricos en prote\u00ednas de buena calidad y en \u00e1cidos grasos poliinsaturados. Estos alimentos completaban la carro\u00f1a incierta o la caza <a id=\"_GPLITA_8\" title=\"Click to Continue > by Savings Wave&#8221; href=&#8221;http:\/\/www.emiliosilveravazquez.com\/blog\/2013\/12\/12\/los-origenes-iii\/#&#8221;>casi<img decoding=\"async\" src=\"http:\/\/savingswave-a.akamaihd.net\/items\/it\/img\/arrow-10x10.png\" alt=\"\" \/><\/a> imposible. Durante cientos de miles de a\u00f1os evolucionaron los hom\u00ednidos en este entorno entre la sabana ardiente y las extensiones interminables de aguas someras por las que vagaban los clanes de nuestros antepasados chapoteando a lo largo de kil\u00f3metros en busca de alimento. Este entorno \u00fanico no s\u00f3lo garantiz\u00f3 los nutrientes necesarios para desarrollar el cerebro, sino que aceler\u00f3 numerosos cambios evolutivos que confluir\u00edan en el Homo sapiens.<\/p>\n<p style=\"text-align: justify;\">Nuestra especie es muy homog\u00e9nea en sus caracter\u00edsticas: somos muy similares a pesar de lo que pudiera parecer a causa de las diferencias del color en la piel o en los rasgos faciales de las diferentes poblaciones. Tanto los datos de la gen\u00e9tica como los de la paleantropolog\u00eda muestran que los seres humanos, como especie, procedemos de un grupo peque\u00f1o de antepasados que viv\u00edan en \u00c1frica hace unos cuatrocientos mil a\u00f1os.<\/p>\n<p style=\"text-align: justify;\">Hemos logrado determinar con precisi\u00f3n nuestros or\u00edgenes como especie mediante precisos an\u00e1lisis gen\u00e9ticos; por ejemplo, los <a id=\"_GPLITA_9\" title=\"Click to Continue > by Savings Wave&#8221; href=&#8221;http:\/\/www.emiliosilveravazquez.com\/blog\/2013\/12\/12\/los-origenes-iii\/#&#8221;>estudios<img decoding=\"async\" src=\"http:\/\/savingswave-a.akamaihd.net\/items\/it\/img\/arrow-10x10.png\" alt=\"\" \/><\/a> llevados a cabo sobre los genes de las mitocondrias pertenecientes a individuos de todas las poblaciones del mundo y de todas las razas.<\/p>\n<p style=\"text-align: justify;\">Estudiando el ADN mitocondrial de miles de personas se ha llegado a formular la llamada \u201cTeor\u00eda de la Eva Negra\u201d, seg\u00fan la cual todos nosotros, los Homo sapiens, procedemos de una hembra que vivi\u00f3 en alg\u00fan lugar de \u00c1frica hace ahora unos trescientos mil a\u00f1os. Otros estudios se han realizado mediante el an\u00e1lisis del polimorfismo del cromosoma Y.<\/p>\n<h3 style=\"text-align: justify;\">Teor\u00eda de \u201cLa Eva Mitocondrial\u201d o\u201dEva Negra\u201d<\/h3>\n<p>&nbsp;<\/p>\n<h3 style=\"text-align: justify;\"><img decoding=\"async\" src=\"http:\/\/4.bp.blogspot.com\/_jpXIK9QxfZA\/SReP9-D7HZI\/AAAAAAAAAD4\/4JGXtBgCZ20\/s320\/eva+mitocondrial.jpg\" alt=\"\" \/><\/h3>\n<p>&nbsp;<\/p>\n<h3 style=\"text-align: justify;\">Escena que bien pudo ser una realidad<\/h3>\n<p style=\"text-align: justify;\">Seg\u00fan la teor\u00eda genetista,\u00a0la Eva\u00a0mitocondrial habr\u00eda sido una mujer africana que en la evoluci\u00f3n humana corresponder\u00eda al ancestro femenino que posee\u00eda las mitocondrias de las que descienden todas las mitocondrias de la poblaci\u00f3n humana actual. Por ello, si se sigue la l\u00ednea geneal\u00f3gica por v\u00eda materna de cada persona en el \u00e1rbol geneal\u00f3gico de toda la humanidad,\u00a0la Eva\u00a0mitocondrial corresponder\u00eda a un \u00fanico antepasado femenino de la que diverge toda la poblaci\u00f3n actual de Homo sapiens (seres humanos).<\/p>\n<p style=\"text-align: justify;\">Pero tanto unos <a id=\"_GPLITA_10\" title=\"Click to Continue > by Savings Wave&#8221; href=&#8221;http:\/\/www.emiliosilveravazquez.com\/blog\/2013\/12\/12\/los-origenes-iii\/#&#8221;>estudios<img decoding=\"async\" src=\"http:\/\/savingswave-a.akamaihd.net\/items\/it\/img\/arrow-10x10.png\" alt=\"\" \/><\/a> como otros han dado el resultado similar. Los estudios del material gen\u00e9tico del cromosoma Y confirman que la humanidad tuvo un antepasado var\u00f3n que vivi\u00f3 en \u00c1frica hace unos doscientos mil a\u00f1os; ser\u00eda la \u201cTeor\u00eda del Ad\u00e1n Negro\u201d. Estudios del gen de la hemoglobina ratifican que todas las poblaciones humanas modernas derivan de una poblaci\u00f3n ancestral africana de hace unos doscientos mil a\u00f1os compuesta por unos seiscientos individuos.<\/p>\n<p style=\"text-align: justify;\">emilio silvera<\/p>\n<p style=\"text-align: justify;\"><em>Fichero de diversas fuentes<\/em><\/p>\n<div class='bookmark'>\r\n\t\t<table align='left' border='0' cellpadding='0' width='100%'>\r\n\t\t<tr><td><span class='pushbutton'><a href='http:\/\/delicious.com\/post?url=http%3A%2F%2Fwww.emiliosilveravazquez.com%2Fblog%2F2014%2F07%2F19%2Flos-origenes-iii-2%2F&amp;title=LOS+OR%C3%8DGENES+III' title='Delicious' target='_blank' rel='nofollow'><img src='http:\/\/www.emiliosilveravazquez.com\/blog\/wp-content\/plugins\/knxdt-bookmarks-wordpress-plugin\/images\/delicious.png'  alt='' class='book_img' border='none' style='margin:1px; padding: 0;'  \/><\/a><\/span><span class='pushbutton'><a href='http:\/\/digg.com\/submit?url=http%3A%2F%2Fwww.emiliosilveravazquez.com%2Fblog%2F2014%2F07%2F19%2Flos-origenes-iii-2%2F&amp;title=LOS+OR%C3%8DGENES+III' title='Digg' target='_blank' rel='nofollow'><img src='http:\/\/www.emiliosilveravazquez.com\/blog\/wp-content\/plugins\/knxdt-bookmarks-wordpress-plugin\/images\/digg.png'  alt='' class='book_img' border='none' style='margin:1px; padding: 0;'  \/><\/a><\/span><span class='pushbutton'><a href='http:\/\/www.google.com\/bookmarks\/mark?op=edit&amp;bkmk=http%3A%2F%2Fwww.emiliosilveravazquez.com%2Fblog%2F2014%2F07%2F19%2Flos-origenes-iii-2%2F&amp;title=LOS+OR%C3%8DGENES+III' title='Google' target='_blank' rel='nofollow'><img src='http:\/\/www.emiliosilveravazquez.com\/blog\/wp-content\/plugins\/knxdt-bookmarks-wordpress-plugin\/images\/google.png'   alt='' class='book_img' border='none' style='margin:1px; padding: 0;'  \/><\/a><\/span><span class='pushbutton'><a href='http:\/\/myweb2.search.yahoo.com\/myresults\/bookmarklet?u=http%3A%2F%2Fwww.emiliosilveravazquez.com%2Fblog%2F2014%2F07%2F19%2Flos-origenes-iii-2%2F&amp;t=LOS+OR%C3%8DGENES+III' title='Yahoo' target='_blank' rel='nofollow'><img src='http:\/\/www.emiliosilveravazquez.com\/blog\/wp-content\/plugins\/knxdt-bookmarks-wordpress-plugin\/images\/yahoo.png'  alt='' class='book_img' border='none' style='margin:1px; padding: 0;'  \/><\/a><\/span><span class='pushbutton'><a href='http:\/\/www.technorati.com\/faves?add=http%3A%2F%2Fwww.emiliosilveravazquez.com%2Fblog%2F2014%2F07%2F19%2Flos-origenes-iii-2%2F' title='Technorati' target='_blank' rel='nofollow'><img src='http:\/\/www.emiliosilveravazquez.com\/blog\/wp-content\/plugins\/knxdt-bookmarks-wordpress-plugin\/images\/technorati.png'  alt='' class='book_img' border='none' style='margin:1px; padding: 0;'  \/><\/a><\/span><span class='pushbutton'><a href='http:\/\/meneame.net\/submit.php?url=http%3A%2F%2Fwww.emiliosilveravazquez.com%2Fblog%2F2014%2F07%2F19%2Flos-origenes-iii-2%2F' title='Meneame' target='_blank' rel='nofollow'><img src='http:\/\/www.emiliosilveravazquez.com\/blog\/wp-content\/plugins\/knxdt-bookmarks-wordpress-plugin\/images\/meneame.png'  alt='' class='book_img' border='none' style='margin:1px; padding: 0;'  \/><\/a><\/span><span class='pushbutton'><a href='http:\/\/enchilame.com\/submit.php?url=http:\/\/www.emiliosilveravazquez.com\/blog\/2014\/07\/19\/los-origenes-iii-2\/' target='_blank' rel='nofollow'><img title='Enchilame' src='http:\/\/www.emiliosilveravazquez.com\/blog\/wp-content\/plugins\/knxdt-bookmarks-wordpress-plugin\/images\/enchilame.png'  alt='' class='book_img' border='none' style='margin:1px; padding: 0;'  \/><\/a><\/span><span class='pushbutton'><a href='http:\/\/www.blinklist.com\/index.php?Action=Blink\/addblink.php&amp;Description=&amp;Url=http%3A%2F%2Fwww.emiliosilveravazquez.com%2Fblog%2F2014%2F07%2F19%2Flos-origenes-iii-2%2F&amp;title=LOS+OR%C3%8DGENES+III' title='BlinkList' target='_blank' rel='nofollow'><img src='http:\/\/www.emiliosilveravazquez.com\/blog\/wp-content\/plugins\/knxdt-bookmarks-wordpress-plugin\/images\/blinklist.png'  alt='' class='book_img' border='none' style='margin:1px; padding: 0;'  \/><\/a><\/span><span class='pushbutton'><a href='http:\/\/reddit.com\/submit?url=http%3A%2F%2Fwww.emiliosilveravazquez.com%2Fblog%2F2014%2F07%2F19%2Flos-origenes-iii-2%2F&amp;title=LOS+OR%C3%8DGENES+III' title='Reddit' target='_blank' rel='nofollow'><img src='http:\/\/www.emiliosilveravazquez.com\/blog\/wp-content\/plugins\/knxdt-bookmarks-wordpress-plugin\/images\/reddit.png'  alt='' class='book_img' border='none' style='margin:1px; padding: 0;'  \/><\/a><\/span><span class='pushbutton'><a href='http:\/\/www.tecnologiadiaria.com\/2009\/07\/abrir-com-hotmail-correo.html' target='_blank' title='hotmail'><img src='http:\/\/www.emiliosilveravazquez.com\/blog\/wp-content\/plugins\/knxdt-bookmarks-wordpress-plugin\/images\/linklove.png' alt='hotmail correo' class='book_img' border='none' style='margin:1px; padding: 0;' \/><\/a><\/span><span class='pushbutton'><a href='http:\/\/bitacoras.com\/votar\/anotacion\/externo\/mini\/www.emiliosilveravazquez.com\/blog\/2014\/07\/19\/los-origenes-iii-2\/' title='Bitacoras.com' target='_blank' rel='nofollow'><img src='http:\/\/www.emiliosilveravazquez.com\/blog\/wp-content\/plugins\/knxdt-bookmarks-wordpress-plugin\/images\/bitacoras.png'  alt='' class='book_img' border='none' style='margin:1px; padding: 0;'  \/><\/a><\/span><span class='pushbutton'><a href='http:\/\/www.wikio.es\/vote?url=http%3A%2F%2Fwww.emiliosilveravazquez.com%2Fblog%2F2014%2F07%2F19%2Flos-origenes-iii-2%2F' title='Wikio' target='_blank' rel='nofollow'><img src='http:\/\/www.emiliosilveravazquez.com\/blog\/wp-content\/plugins\/knxdt-bookmarks-wordpress-plugin\/images\/wikio.png'   alt='' class='book_img' border='none' style='margin:1px; padding: 0;'   \/><\/a><\/span><span class='pushbutton'><a href='http:\/\/friendfeed.com\/?url=http%3A%2F%2Fwww.emiliosilveravazquez.com%2Fblog%2F2014%2F07%2F19%2Flos-origenes-iii-2%2F&amp;title=LOS+OR%C3%8DGENES+III' title='Friend Feed' target='_blank' rel='nofollow'><img src='http:\/\/www.emiliosilveravazquez.com\/blog\/wp-content\/plugins\/knxdt-bookmarks-wordpress-plugin\/images\/friendfeed.png'  alt='' class='book_img' border='none' style='margin:1px; padding: 0;'  \/><\/a><\/span><span class='pushbutton'><a href='http:\/\/www.facebook.com\/share.php?u=http%3A%2F%2Fwww.emiliosilveravazquez.com%2Fblog%2F2014%2F07%2F19%2Flos-origenes-iii-2%2F&amp;t=LOS+OR%C3%8DGENES+III' title='Facebook' target='_blank' rel='nofollow'><img src='http:\/\/www.emiliosilveravazquez.com\/blog\/wp-content\/plugins\/knxdt-bookmarks-wordpress-plugin\/images\/facebook.png'  alt='' class='book_img' border='none' style='margin:1px; padding: 0;'  \/><\/a><\/span><span class='pushbutton'><a href='http:\/\/twitter.com\/home?status=LOS+OR%C3%8DGENES+III: http%3A%2F%2Fwww.emiliosilveravazquez.com%2Fblog%2F2014%2F07%2F19%2Flos-origenes-iii-2%2F' title='Twitter' target='_blank' rel='nofollow'><img src='http:\/\/www.emiliosilveravazquez.com\/blog\/wp-content\/plugins\/knxdt-bookmarks-wordpress-plugin\/images\/twitter.png'  alt='' class='book_img' border='none' style='margin:1px; padding: 0;'  \/><\/a><\/span><span class='pushbutton'><a href='http:\/\/www.feedburner.com\/fb\/a\/emailFlare?itemTitle=LOS+OR%C3%8DGENES+III&amp;uri=http%3A%2F%2Fwww.emiliosilveravazquez.com%2Fblog%2F2014%2F07%2F19%2Flos-origenes-iii-2%2F' title='Enviar por Email' target='_blank' rel='nofollow'><img src='http:\/\/www.emiliosilveravazquez.com\/blog\/wp-content\/plugins\/knxdt-bookmarks-wordpress-plugin\/images\/email.png'  alt='' class='book_img' border='none' style='margin:1px; padding: 0;'  \/><\/a><\/span><span style='font-weight:bold; padding-left: 5px;'><a href='http:\/\/wordpress.org\/extend\/plugins\/knxdt-bookmarks-wordpress-plugin\/' title='Plugin' rel='nofollow' target='_blank'>[?]<\/a><\/span><\/td><\/tr><\/table><br\/><br\/><\/div>","protected":false},"excerpt":{"rendered":"<p>\u00a0 Rumores del Saber del mundo &nbsp; Las redes neuronales siempre han estado ah\u00ed pero&#8230; \u00a1No siempre trabajaron de la misma manera! El aumento del tama\u00f1o y complejidad del cerebro a lo largo de la evoluci\u00f3n, seg\u00fan todos los by Savings Wave&#8221; href=&#8221;http:\/\/www.emiliosilveravazquez.com\/blog\/2013\/12\/12\/los-origenes-iii\/#&#8221;>beneficio de la vida cotidiana. Est\u00e1 claro que el cerebro necesita energ\u00eda. Sin [&hellip;]<\/p>\n","protected":false},"author":2,"featured_media":0,"comment_status":"open","ping_status":"open","sticky":false,"template":"","format":"standard","meta":{"_s2mail":"yes","footnotes":""},"categories":[161],"tags":[],"_links":{"self":[{"href":"http:\/\/www.emiliosilveravazquez.com\/blog\/wp-json\/wp\/v2\/posts\/11200"}],"collection":[{"href":"http:\/\/www.emiliosilveravazquez.com\/blog\/wp-json\/wp\/v2\/posts"}],"about":[{"href":"http:\/\/www.emiliosilveravazquez.com\/blog\/wp-json\/wp\/v2\/types\/post"}],"author":[{"embeddable":true,"href":"http:\/\/www.emiliosilveravazquez.com\/blog\/wp-json\/wp\/v2\/users\/2"}],"replies":[{"embeddable":true,"href":"http:\/\/www.emiliosilveravazquez.com\/blog\/wp-json\/wp\/v2\/comments?post=11200"}],"version-history":[{"count":0,"href":"http:\/\/www.emiliosilveravazquez.com\/blog\/wp-json\/wp\/v2\/posts\/11200\/revisions"}],"wp:attachment":[{"href":"http:\/\/www.emiliosilveravazquez.com\/blog\/wp-json\/wp\/v2\/media?parent=11200"}],"wp:term":[{"taxonomy":"category","embeddable":true,"href":"http:\/\/www.emiliosilveravazquez.com\/blog\/wp-json\/wp\/v2\/categories?post=11200"},{"taxonomy":"post_tag","embeddable":true,"href":"http:\/\/www.emiliosilveravazquez.com\/blog\/wp-json\/wp\/v2\/tags?post=11200"}],"curies":[{"name":"wp","href":"https:\/\/api.w.org\/{rel}","templated":true}]}}