{"id":11181,"date":"2014-07-14T11:35:18","date_gmt":"2014-07-14T10:35:18","guid":{"rendered":"http:\/\/www.emiliosilveravazquez.com\/blog\/?p=11181"},"modified":"2014-07-14T11:35:18","modified_gmt":"2014-07-14T10:35:18","slug":"si-el-universo-es%e2%80%a6-%c2%a1asombroso","status":"publish","type":"post","link":"http:\/\/www.emiliosilveravazquez.com\/blog\/2014\/07\/14\/si-el-universo-es%e2%80%a6-%c2%a1asombroso\/","title":{"rendered":"S\u00ed, el Universo es\u2026 \u00a1Asombroso!"},"content":{"rendered":"<div>\n<h2 style=\"text-align: justify;\">\u00a0 <a href=\"http:\/\/www.emiliosilveravazquez.com\/blog\/2014\/05\/06\/si-muchas-son-las-cosas-que-no-sabemos-2\/\" rel=\"prev\">S\u00ed, muchas son, las cosas que no sabemos<\/a><\/h2>\n<p>&nbsp;<\/p>\n<p><img decoding=\"async\" loading=\"lazy\" id=\"irc_mi\" src=\"http:\/\/3.bp.blogspot.com\/-gm3AGaTiaOc\/TxBWAwS1hpI\/AAAAAAAAD1E\/jTG0ZlMX1mk\/s1600\/neurona.jpg\" alt=\"\" width=\"400\" height=\"300\" \/><\/p>\n<p>&nbsp;<\/p>\n<\/div>\n<div style=\"text-align: justify;\">\n<div>Como dec\u00eda el viejo F\u00edsico que se relacionaba de manera muy directa con la Naturaleza y el Universo: &#8220;Lo que nos enfrente al mayor dilema es, que nosotros somos parte del problema que queremos resolver, como parte del Universo que somos.&#8221; No hemos podido llegar a comprender plenamente, de los mecanismos que hicieron posible la consciencia en nuestros cerebros, de que estos, generen un Ente que le es exterior e inmaterial que llamamos Mente, y, que todo eso pudiera surgir a partir de la &#8220;materia inerte&#8221;, que, cuando m\u00e1s la vamos conocimiendo, menos inerte nos parece.<\/div>\n<\/div>\n<p style=\"text-align: justify;\"><img decoding=\"async\" id=\"imagenprincipal\" title=\"Nebulosas circunferidas al complejo binario Wolf-Rayett-BATT99-49\" src=\"http:\/\/observatorio.info\/fotos\/2160\/nebulosas-circunferidas-al-complejo-binario-wolf-rayett-batt99-49\/\" alt=\"Nebulosas circunferidas al complejo binario Wolf-Rayett-BATT99-49\" \/><\/p>\n<p style=\"text-align: justify;\">El complejo binario Wolf-Rayet BATT99-49, nos muestra como sus energ\u00edas producen coloridos tonos en la espesas nubes de gas hidr\u00f3geno que ocultan las estrellas nuevas de potente radiaci\u00f3n que ionizan el lugar. Aqu\u00ed podemos contemplar la bonita imagen conseguida por la unidad Melipal del telescopio VLT, del Observatorio Europeo del Sur , resuelve con espl\u00e9ndido detalle el complejo BAT99-49 de esta nebulosa. La luz emitida por los \u00e1tomos de helio se registra en azules, la del ox\u00edgeno en verdes y la del hidr\u00f3geno en rojos. Una de las estrellas de esta dupla es del tipo enigm\u00e1tico Wolf-Rayet , mientras que la otra es una estrella O masiva. Esta pareja estelar y su nebulosa se encuentran en la Gran Nube de Magallanes , la m\u00e1s grande de las galaxias-sat\u00e9lite de nuestra V\u00eda L\u00e1ctea . Las estrellas Wolf-Rayet constituyen uno de los objetos m\u00e1s calientes del universo, mientras que las O son las m\u00e1s energ\u00e9ticas y masivas de la secuencia principal de evoluci\u00f3n estelar.<\/p>\n<p style=\"text-align: justify;\"><img decoding=\"async\" loading=\"lazy\" id=\"irc_mi\" src=\"http:\/\/www.sea-astronomia.es\/drupal\/sites\/default\/files\/archivos\/imagenes\/viento_estelar_burbuja_IAC.jpg\" alt=\"\" width=\"403\" height=\"418\" \/><\/p>\n<p style=\"text-align: justify;\">\u00a0\u00a0\u00a0\u00a0\u00a0\u00a0\u00a0\u00a0\u00a0 Vientos solares que crean burbulas en la Nebulosa<\/p>\n<p style=\"text-align: justify;\">Las <strong>estrellas de Wolf-Rayet<\/strong> o <strong>estrellas Wolf-Rayet<\/strong> (abreviadas frecuentemente como WR) son estrellas masivas (con m\u00e1s de 20-30 <a title=\"Masas solares\" href=\"http:\/\/es.wikipedia.org\/wiki\/Masas_solares\">masas solares<\/a>), calientes y evolucionadas que sufren grandes p\u00e9rdidas de masa debido a intensos vientos solares.<\/p>\n<p style=\"text-align: justify;\"><img decoding=\"async\" loading=\"lazy\" id=\"irc_mi\" src=\"http:\/\/media4.obspm.fr\/public\/VAU\/images\/evolucion\/etacarinaevlt.jpg\" alt=\"\" width=\"418\" height=\"418\" \/><\/p>\n<p style=\"text-align: justify;\">Este tipo de estrellas tiene temperaturas superficiales de entre de 25.000 \u2013 50.000 K (en algunos casos incluso m\u00e1s), elevadas luminosidades, y son muy azules, con su pico de emisi\u00f3n situado en el ultravioleta. Sus espectros muestran bandas de emisi\u00f3n brillantes correspondientes a hidr\u00f3geno o helio ionizado -los cuales son relativamente escasos-. La superficie estelar tambi\u00e9n presenta l\u00edneas de emisi\u00f3n anchas de carbono, nitr\u00f3geno y ox\u00edgeno.\u00a0 Constituyen el tipo espectral W, el cual se divide a su vez en tres tipos: WN (si abunda el nitr\u00f3geno, que se explica por la presencia en la superficie estelar de elementos que han intervenido en el ciclo CNO),\u00a0 y WC y WO (si abunda el carbono y si abunda el ox\u00edgeno respectivamente; el segundo es mucho m\u00e1s raro y en ambos casos, la presencia de dichos elementos se interpreta como la presencia en la fotosfera de productos del proceso triple alfa). Las estrellas Wolf-Rayet m\u00e1s brillantes son del primer tipo.<\/p>\n<p style=\"text-align: justify;\"><img decoding=\"async\" loading=\"lazy\" id=\"irc_mi\" src=\"http:\/\/upload.wikimedia.org\/wikipedia\/commons\/thumb\/5\/5d\/Triple-Alpha_Process.svg\/350px-Triple-Alpha_Process.svg.png\" alt=\"\" width=\"350\" height=\"233\" \/><\/p>\n<p style=\"text-align: justify;\">mediante el proceso Triple Alfa, las estrellas crean Carbono<\/p>\n<p style=\"text-align: justify;\">A menudo suelen formar parte de sistemas binarios en los cuales la otra estrella suele ser tambi\u00e9n una estrella masiva de tipo espectral O y B, o bien, en unos pocos casos, un objeto colapsado como una estrella de <a href=\"http:\/\/www.emiliosilveravazquez.com\/blog\/2014\/05\/06\/si-el-universo-es-%C2%A1asombroso-2\/#\">neutrones<\/a> o un <a href=\"http:\/\/www.emiliosilveravazquez.com\/blog\/2014\/05\/06\/si-el-universo-es-%C2%A1asombroso-2\/#\"><a href=\"#\" onclick=\"referencia('agujero negro',event); return false;\">agujero negro<\/a><\/a>.<\/p>\n<p style=\"text-align: justify;\"><img decoding=\"async\" loading=\"lazy\" id=\"irc_mi\" src=\"http:\/\/s2.djyimg.com\/n3\/eet-content\/uploads\/2014\/01\/pia17552-640.jpg\" alt=\"\" width=\"495\" height=\"271\" \/><\/p>\n<p style=\"text-align: justify;\">Estas estrellas masivas tienen una vida m\u00e1s corta que las estrellas como nuestro Sol o las enanas rojas que, llegan a alcanzar edades m\u00e1s largas que la que tiene actualmente nuestro Universo. Lo normal es que una estrella muy masiva, que consume gas hidr\u00f3geno en cantidades asombrosas, es decir, que fusiona los materiales m\u00e1s sencillos en otros m\u00e1s complejos, viven unos pocos millones de a\u00f1os hasta que, no puede seguir fusionando material y queda a merced de la Gravedad que la comprime m\u00e1s y m\u00e1s, explota como Supernova para convertirse en un aestrella de <a href=\"http:\/\/www.emiliosilveravazquez.com\/blog\/2014\/05\/06\/si-el-universo-es-%C2%A1asombroso-2\/#\">neutrones<\/a> o <a href=\"http:\/\/www.emiliosilveravazquez.com\/blog\/2014\/05\/06\/si-el-universo-es-%C2%A1asombroso-2\/#\"><a href=\"#\" onclick=\"referencia('agujero negro',event); return false;\">agujero negro<\/a><\/a> y, las capas exteriores, son eyectadas al espacio interestelar para formar una Nebulosa.<\/p>\n<p style=\"text-align: justify;\"><img decoding=\"async\" loading=\"lazy\" id=\"irc_mi\" src=\"http:\/\/www.elrongroup.org\/im2\/clip_image001_0057.gif\" alt=\"\" width=\"250\" height=\"190\" \/><\/p>\n<p style=\"text-align: justify;\">Los <a href=\"http:\/\/www.emiliosilveravazquez.com\/blog\/2014\/05\/06\/si-el-universo-es-%C2%A1asombroso-2\/#\"><a href=\"#\" onclick=\"referencia('agujero negro',event); return false;\">agujeros negros<\/a><\/a>, aunque nadie ha podido visitar ninguno hasta el momento, se cree son los objetos m\u00e1s densos del universo y, hasta tal punto es as\u00ed que el material que los conforma se contrae tanto que, llega a desaparecer de nuestra vista y, estrellas de m\u00e1s de 80 0 100 masas solares, quedan as\u00ed, convertidas en puntos, o, <a href=\"http:\/\/www.emiliosilveravazquez.com\/blog\/2014\/05\/06\/si-el-universo-es-%C2%A1asombroso-2\/#\"><a href=\"#\" onclick=\"referencia('singularidad',event); return false;\">singularidad<\/a><\/a>es de inemnsa densidad y energ\u00eda. Hasta tal punto es as\u00ed que la gravedad que genera no seja escapar ni a la luz que, como sab\u00e9is, camina a 300.000 Km\/s.<\/p>\n<p style=\"text-align: justify;\">El Universo amigos m\u00edos, como siempre digo: \u00a1Es asombroso!<\/p>\n<p style=\"text-align: justify;\"><img decoding=\"async\" loading=\"lazy\" id=\"irc_mi\" src=\"http:\/\/www.phpro.es\/portal\/images\/Nuestro-cerebro-es-como-un-procesador.jpg\" alt=\"\" width=\"323\" height=\"216\" \/><\/p>\n<p style=\"text-align: justify;\">Lo hemos comentado aqu\u00ed en muchas ocasiones. El cerebro se cuenta entre los objetos m\u00e1s complicados del Universo y es, sin duda, una de las estructuras m\u00e1s notables que haya podido producir la evoluci\u00f2n y, si pensamos que toda esa inmensa complejidad ha tenido su origen en los materiales creados en las estrellas, no tendremos otra opci\u00f3n que la del asombro. \u00bfA partir de la materia \u201cinerte\u201d llegaron los pensamientos?<\/p>\n<p style=\"text-align: justify;\">Antes incluso del advenimiento de la moderna neurociencia, se sab\u00eda ya que el cerebro era necesario para la percepci\u00f3n, los sentimientos y los pensamientos. Lo que no est\u00e1 tan claro es por qu\u00e9 la conciencia se encuentra causalmente asociada a ciertos procesos cerebrales pero no a otros.<\/p>\n<p><img decoding=\"async\" loading=\"lazy\" src=\"http:\/\/www.sidar.org\/contramano\/graficos\/cerebro.jpg\" alt=\"\" width=\"320\" height=\"295\" ismap=\"ismap\" border=\"0\" \/><\/p>\n<p style=\"text-align: justify;\">En tanto que objeto y sistema, el cerebro humano es especial: su conectividad, su din\u00e1mica, su forma de funcionamiento, su relaci\u00f3n con el cuerpo al que ordena qu\u00e9 funciones debe desarrollar en cada momento dependiendo de tal o cual situaci\u00f3n dada y tambi\u00e9n su relaci\u00f3n con el mundo exterior a \u00e9l que, por medio de los sentidos, le hace llegar informaci\u00f3n de todo lo que ocurre para que, pueda ado0ptar en cada momento, las medidas m\u00e1s adecuadas. Su car\u00e1cter \u00fanico hace que ofrecer una imagen fidedigna del cerebro, que pueda expresar todo lo que es, se convierta en un reto extraordinario que, en este momento, la ciencia no puede cumplir. Sin embargo, s\u00ed que puede, al menos, dar alguna que otra pista de lo que el cerebro y la conciencia puedan llegar a ser y aunque, a\u00fan lejos de una imagen completa, s\u00ed se puede dar una imagen parcial que siempre ser\u00e1 mejor que nada, especialmente si nos da la suficiente informaci\u00f3n como para tener, una idea aproximada, de lo que el cerebro y la conciencia que surge de \u00e9l, pueden llegar a ser.<\/p>\n<p>&nbsp;<\/p>\n<p><img decoding=\"async\" loading=\"lazy\" id=\"il_fi\" src=\"http:\/\/www.cienciaysociedad.info\/salud\/wp-content\/uploads\/2008\/11\/neuronas.jpg\" alt=\"\" width=\"500\" height=\"357\" \/><\/p>\n<p>&nbsp;<\/p>\n<p>&nbsp;<\/p>\n<p style=\"text-align: justify;\">Si nos paramos a pensar en el hecho cierto de que, el cerebro humano asulto, con poco m\u00e1s de un kilo de peso, contiene unos cien mil millones de c\u00e9lulas nerviosas o neuronas, La capa ondulada m\u00e1s exterior o corteza cerebral, que es la parte del cerebro de evoluci\u00f3n m\u00e1s reciente, contiene alrededor de 30 mil millones de neuronas y m\u00e1s de un bill\u00f3n de conexiones o sina<a href=\"http:\/\/www.emiliosilveravazquez.com\/blog\/2012\/06\/03\/#\"><a href=\"#\" onclick=\"referencia('psi',event); return false;\">psi<\/a><\/a>s. Si contar\u00e1mos una sina<a href=\"http:\/\/www.emiliosilveravazquez.com\/blog\/2012\/06\/03\/#\"><a href=\"#\" onclick=\"referencia('psi',event); return false;\">psi<\/a><\/a>s cada segundo, tardar\u00edamos 32 millones de a\u00f1os en completar el recuento. Si consideramos el n\u00famero posible de circuitos neuronales, tenemos que habern\u00f3sla con cifras hiperastron\u00f3micas: 10 seguido de un mill\u00f3n de ceros. No existe en el Universo ninguna optra cosa de la que pueda resultar una cantidad igual. Incluso el n\u00famero de part\u00edculas del universo conocido es de 10 seguido de tan s\u00f3lo 79 ceros. En comparaci\u00f3n con el n\u00famero de circuitos neuronales\u2026\u00a1No es nada!<\/p>\n<p style=\"text-align: justify;\"><img decoding=\"async\" loading=\"lazy\" id=\"il_fi\" src=\"http:\/\/universitam.com\/academicos\/wp-content\/uploads\/2012\/01\/neurona.jpg\" alt=\"\" width=\"639\" height=\"480\" \/><\/p>\n<p style=\"text-align: justify;\">El impulso nervioso viaja a lo largo del ax\u00f3n de la c\u00e9lula del cerebro, a trav\u00e9s del espacio sin\u00e1ptico a otra c\u00e9lula del cerebro y as\u00ed sucesivamente. Cuando una neurona se activa a otra de esta manera, es como si un interruptor se encendiera. Las neuronas se encienden, como una l\u00ednea de fichas de domin\u00f3 cayendo.\u00a0 Esta actividad es el proceso que crea el camino del pensamiento complejo, llamado tambi\u00e9n trazas de la memoria o caminos neuronales.<\/p>\n<p style=\"text-align: justify;\"><img decoding=\"async\" loading=\"lazy\" id=\"irc_mi\" src=\"http:\/\/www.innovacd.eu\/wp-content\/uploads\/2011\/06\/imagesCARIVKS5.jpg\" alt=\"\" width=\"252\" height=\"200\" \/><\/p>\n<p style=\"text-align: justify;\">El impulso nervioso viaja a lo largo del ax\u00f3n de la c\u00e9lula del cerebro, a trav\u00e9s del espacio sin\u00e1ptico a otra c\u00e9lula del cerebro y as\u00ed sucesivamente. Cuando una neurona se activa a otra de esta manera, es como si un interruptor se encendiera. Las neuronas se encienden, como una l\u00ednea de fichas de domin\u00f3 cayendo.\u00a0 Esta actividad es el proceso que crea el camino del pensamiento complejo, llamado tambi\u00e9n trazas de la memoria o caminos neuronales.<\/p>\n<p style=\"text-align: justify;\"><img decoding=\"async\" loading=\"lazy\" id=\"irc_mi\" src=\"http:\/\/3.bp.blogspot.com\/-QWg_3K58CCg\/ToU4q8vd5AI\/AAAAAAAABPg\/vm9oJAIzgeg\/s1600\/Neuronas1.jpg\" alt=\"\" width=\"414\" height=\"414\" \/><img decoding=\"async\" loading=\"lazy\" title=\"inteligencia-artificial[1]\" src=\"http:\/\/poderpersonalmexico.com\/blog\/wp-content\/uploads\/2011\/12\/inteligencia-artificial1.jpg\" alt=\"cerebro y computadora\" width=\"400\" height=\"300\" \/><\/p>\n<p>&nbsp;<\/p>\n<p>&nbsp;<\/p>\n<p style=\"text-align: justify;\">Entrando de lleno en toda esta complejidad que a\u00fan, no hemos podido llegar a desvelar en toda su inmensidad y s\u00f3lo conocemos pequelas parcelas de su estructura y funcionamiento, podemos tener una idea (m\u00e1s o menos) acertada de lo muchom que nos queda por aprender de nosotros mismos, de nuestro cerebro y de nuestro centro neur\u00e1lgico d\u00f3nde se fabrican los pensamientos, surgen los sentimientos, se delata el dolor y la tristeza y, en f\u00edn, podr\u00edamos decir sin el menor temnor a equivocarnos que, aqu\u00ed, en este complejo entramado que llamamos cerebro, en el que reside la conciencia y de donde surge la mente, est\u00e1 todo lo importante que nos hace diferentes a otros seres que, con nosotros comparten el mismo planeta. Gracias a \u00e9sta compleja \u201cmaquina\u201d creada por la Naturaleza, podemos ser conscientes y \u201csaber\u201d del mundo, de nosotros, del universo en toda su magnitud y esplendor.<\/p>\n<p style=\"text-align: justify;\"><img decoding=\"async\" loading=\"lazy\" src=\"http:\/\/2.bp.blogspot.com\/_oUkQW5QU8iM\/S3Cl-rXBRpI\/AAAAAAAABgI\/sYcdhPUX9KA\/s320\/cerebro_computadora.jpg\" alt=\"\" width=\"320\" height=\"237\" border=\"0\" \/><\/p>\n<p style=\"text-align: justify;\">No pocas veces hemos podido oir: \u201cEl cerebro es como una gran computadora\u201d. Lo cierto es que, no es verdad, nuestro cerebro, nuestra mente, es mucho m\u00e1s que ese algo artificial creado por el hombre y que, simplemente, trata de \u201cimitar\u201d de manera grosera, lo que el cerebro es. \u00bfC\u00f3mo puede una m\u00e1quina generar sentimientos? Y, \u00bfC\u00f3mo puede pensar? Bueno, la inteligencia del ser humano (precisamente basada en este maravilloso cerebro del que hablamos), podr\u00e1 crear sistemas que imiten y pretendan recrear lo que es un cerebro pero, al final del camino, ser\u00e1 otra cosa muy diferente. No digo si mejor o peor, pero distinta.<\/p>\n<p style=\"text-align: justify;\"><img decoding=\"async\" loading=\"lazy\" id=\"il_fi\" src=\"http:\/\/www.monografias.com\/trabajos14\/neuronas\/Image825.jpg\" alt=\"\" width=\"400\" height=\"415\" \/><\/p>\n<p style=\"text-align: justify;\">Las neuronas de las que existen una gran variedad de formas, poseeen unas proyecciones arborescentes llamadas dendritas mediante las cuales realizan las conexiones sin\u00e1pticas. posee as\u00edmismo una proyecci\u00f3n \u00fanica m\u00e1s larga, el ax\u00f3n, que establece conexiones sin\u00e1pticas con las dendritas o directamente con el cuerpo celular de otras neuronas. Nadie ha contado con precisi\u00f3n los diferentes tipos de neuronas del cerebro, pero uhna estima groso modo de unos cincuenta tipos seguramente no ser\u00eda excesiva. La longitud y patrones de ramificaci\u00f3n de las dendritas y el ax\u00f3n de un tipo determinado de neurona caen dentro de un rango de variaci\u00f3n determinado, pero incluso dentro de un mismo tipo, no existen dos c\u00e9lulas iguales.<\/p>\n<p style=\"text-align: justify;\">Hemos examinado la escasa bibliograf\u00eda fisiol\u00f3gioca existente que no es ucha m\u00e1s que la que hab\u00eda en la \u00e8poca de William James, por ejemplo, y hay que concluir diciendo que no existen pruebas suficientes para poder limitar los correlatos neuronales de la cionciencia al menos del cerebro completo. Eso s\u00ed, se ha podido descubrior que s\u00f3lo una porci\u00f3n determinada de la actividad neuronal del cerebro, contribuye de forma directa a la conciencia -as\u00f3 se ha podido determinar de complejos y profundos experimentos con estimulaci\u00f3n y lesiones -o est\u00e1 relacionada de forma directa con aspectos de la experiencia consciente- como indican los estudios de registros de actividad neuronal. \u00bfQuiere esto decir que, en realidad, todav\u00eda s\u00f3lo utilizamos una m\u00ednima parte del cerebro? No lo sabemos con certeza. Pero lo que si parece es que utilizamos todo el cerebro con el que podemos contar hoy, ma\u00f1ana, cuando evolucionado desarrolle m\u00e1s intelecto, podremos utilizar lo que el cerebro podr\u00e1 ofrecer en el futueo.<\/p>\n<p style=\"text-align: justify;\">emilio silvera<\/p>\n<p>&nbsp;<\/p>\n<div class='bookmark'>\r\n\t\t<table align='left' border='0' cellpadding='0' width='100%'>\r\n\t\t<tr><td><span class='pushbutton'><a href='http:\/\/delicious.com\/post?url=http%3A%2F%2Fwww.emiliosilveravazquez.com%2Fblog%2F2014%2F07%2F14%2Fsi-el-universo-es%25e2%2580%25a6-%25c2%25a1asombroso%2F&amp;title=S%C3%AD%2C+el+Universo+es%E2%80%A6+%C2%A1Asombroso%21' title='Delicious' target='_blank' rel='nofollow'><img src='http:\/\/www.emiliosilveravazquez.com\/blog\/wp-content\/plugins\/knxdt-bookmarks-wordpress-plugin\/images\/delicious.png'  alt='' class='book_img' border='none' style='margin:1px; padding: 0;'  \/><\/a><\/span><span class='pushbutton'><a href='http:\/\/digg.com\/submit?url=http%3A%2F%2Fwww.emiliosilveravazquez.com%2Fblog%2F2014%2F07%2F14%2Fsi-el-universo-es%25e2%2580%25a6-%25c2%25a1asombroso%2F&amp;title=S%C3%AD%2C+el+Universo+es%E2%80%A6+%C2%A1Asombroso%21' title='Digg' target='_blank' rel='nofollow'><img src='http:\/\/www.emiliosilveravazquez.com\/blog\/wp-content\/plugins\/knxdt-bookmarks-wordpress-plugin\/images\/digg.png'  alt='' class='book_img' border='none' style='margin:1px; padding: 0;'  \/><\/a><\/span><span class='pushbutton'><a href='http:\/\/www.google.com\/bookmarks\/mark?op=edit&amp;bkmk=http%3A%2F%2Fwww.emiliosilveravazquez.com%2Fblog%2F2014%2F07%2F14%2Fsi-el-universo-es%25e2%2580%25a6-%25c2%25a1asombroso%2F&amp;title=S%C3%AD%2C+el+Universo+es%E2%80%A6+%C2%A1Asombroso%21' title='Google' target='_blank' rel='nofollow'><img src='http:\/\/www.emiliosilveravazquez.com\/blog\/wp-content\/plugins\/knxdt-bookmarks-wordpress-plugin\/images\/google.png'   alt='' class='book_img' border='none' style='margin:1px; padding: 0;'  \/><\/a><\/span><span class='pushbutton'><a href='http:\/\/myweb2.search.yahoo.com\/myresults\/bookmarklet?u=http%3A%2F%2Fwww.emiliosilveravazquez.com%2Fblog%2F2014%2F07%2F14%2Fsi-el-universo-es%25e2%2580%25a6-%25c2%25a1asombroso%2F&amp;t=S%C3%AD%2C+el+Universo+es%E2%80%A6+%C2%A1Asombroso%21' title='Yahoo' target='_blank' rel='nofollow'><img src='http:\/\/www.emiliosilveravazquez.com\/blog\/wp-content\/plugins\/knxdt-bookmarks-wordpress-plugin\/images\/yahoo.png'  alt='' class='book_img' border='none' style='margin:1px; padding: 0;'  \/><\/a><\/span><span class='pushbutton'><a href='http:\/\/www.technorati.com\/faves?add=http%3A%2F%2Fwww.emiliosilveravazquez.com%2Fblog%2F2014%2F07%2F14%2Fsi-el-universo-es%25e2%2580%25a6-%25c2%25a1asombroso%2F' title='Technorati' target='_blank' rel='nofollow'><img src='http:\/\/www.emiliosilveravazquez.com\/blog\/wp-content\/plugins\/knxdt-bookmarks-wordpress-plugin\/images\/technorati.png'  alt='' class='book_img' border='none' style='margin:1px; padding: 0;'  \/><\/a><\/span><span class='pushbutton'><a href='http:\/\/meneame.net\/submit.php?url=http%3A%2F%2Fwww.emiliosilveravazquez.com%2Fblog%2F2014%2F07%2F14%2Fsi-el-universo-es%25e2%2580%25a6-%25c2%25a1asombroso%2F' title='Meneame' target='_blank' rel='nofollow'><img src='http:\/\/www.emiliosilveravazquez.com\/blog\/wp-content\/plugins\/knxdt-bookmarks-wordpress-plugin\/images\/meneame.png'  alt='' class='book_img' border='none' style='margin:1px; padding: 0;'  \/><\/a><\/span><span class='pushbutton'><a href='http:\/\/enchilame.com\/submit.php?url=http:\/\/www.emiliosilveravazquez.com\/blog\/2014\/07\/14\/si-el-universo-es%e2%80%a6-%c2%a1asombroso\/' target='_blank' rel='nofollow'><img title='Enchilame' src='http:\/\/www.emiliosilveravazquez.com\/blog\/wp-content\/plugins\/knxdt-bookmarks-wordpress-plugin\/images\/enchilame.png'  alt='' class='book_img' border='none' style='margin:1px; padding: 0;'  \/><\/a><\/span><span class='pushbutton'><a href='http:\/\/www.blinklist.com\/index.php?Action=Blink\/addblink.php&amp;Description=&amp;Url=http%3A%2F%2Fwww.emiliosilveravazquez.com%2Fblog%2F2014%2F07%2F14%2Fsi-el-universo-es%25e2%2580%25a6-%25c2%25a1asombroso%2F&amp;title=S%C3%AD%2C+el+Universo+es%E2%80%A6+%C2%A1Asombroso%21' title='BlinkList' target='_blank' rel='nofollow'><img src='http:\/\/www.emiliosilveravazquez.com\/blog\/wp-content\/plugins\/knxdt-bookmarks-wordpress-plugin\/images\/blinklist.png'  alt='' class='book_img' border='none' style='margin:1px; padding: 0;'  \/><\/a><\/span><span class='pushbutton'><a href='http:\/\/reddit.com\/submit?url=http%3A%2F%2Fwww.emiliosilveravazquez.com%2Fblog%2F2014%2F07%2F14%2Fsi-el-universo-es%25e2%2580%25a6-%25c2%25a1asombroso%2F&amp;title=S%C3%AD%2C+el+Universo+es%E2%80%A6+%C2%A1Asombroso%21' title='Reddit' target='_blank' rel='nofollow'><img src='http:\/\/www.emiliosilveravazquez.com\/blog\/wp-content\/plugins\/knxdt-bookmarks-wordpress-plugin\/images\/reddit.png'  alt='' class='book_img' border='none' style='margin:1px; padding: 0;'  \/><\/a><\/span><span class='pushbutton'><a href='http:\/\/www.tecnologiadiaria.com\/2009\/07\/abrir-com-hotmail-correo.html' target='_blank' title='hotmail'><img src='http:\/\/www.emiliosilveravazquez.com\/blog\/wp-content\/plugins\/knxdt-bookmarks-wordpress-plugin\/images\/linklove.png' alt='hotmail correo' class='book_img' border='none' style='margin:1px; padding: 0;' \/><\/a><\/span><span class='pushbutton'><a href='http:\/\/bitacoras.com\/votar\/anotacion\/externo\/mini\/www.emiliosilveravazquez.com\/blog\/2014\/07\/14\/si-el-universo-es%e2%80%a6-%c2%a1asombroso\/' title='Bitacoras.com' target='_blank' rel='nofollow'><img src='http:\/\/www.emiliosilveravazquez.com\/blog\/wp-content\/plugins\/knxdt-bookmarks-wordpress-plugin\/images\/bitacoras.png'  alt='' class='book_img' border='none' style='margin:1px; padding: 0;'  \/><\/a><\/span><span class='pushbutton'><a href='http:\/\/www.wikio.es\/vote?url=http%3A%2F%2Fwww.emiliosilveravazquez.com%2Fblog%2F2014%2F07%2F14%2Fsi-el-universo-es%25e2%2580%25a6-%25c2%25a1asombroso%2F' title='Wikio' target='_blank' rel='nofollow'><img src='http:\/\/www.emiliosilveravazquez.com\/blog\/wp-content\/plugins\/knxdt-bookmarks-wordpress-plugin\/images\/wikio.png'   alt='' class='book_img' border='none' style='margin:1px; padding: 0;'   \/><\/a><\/span><span class='pushbutton'><a href='http:\/\/friendfeed.com\/?url=http%3A%2F%2Fwww.emiliosilveravazquez.com%2Fblog%2F2014%2F07%2F14%2Fsi-el-universo-es%25e2%2580%25a6-%25c2%25a1asombroso%2F&amp;title=S%C3%AD%2C+el+Universo+es%E2%80%A6+%C2%A1Asombroso%21' title='Friend Feed' target='_blank' rel='nofollow'><img src='http:\/\/www.emiliosilveravazquez.com\/blog\/wp-content\/plugins\/knxdt-bookmarks-wordpress-plugin\/images\/friendfeed.png'  alt='' class='book_img' border='none' style='margin:1px; padding: 0;'  \/><\/a><\/span><span class='pushbutton'><a href='http:\/\/www.facebook.com\/share.php?u=http%3A%2F%2Fwww.emiliosilveravazquez.com%2Fblog%2F2014%2F07%2F14%2Fsi-el-universo-es%25e2%2580%25a6-%25c2%25a1asombroso%2F&amp;t=S%C3%AD%2C+el+Universo+es%E2%80%A6+%C2%A1Asombroso%21' title='Facebook' target='_blank' rel='nofollow'><img src='http:\/\/www.emiliosilveravazquez.com\/blog\/wp-content\/plugins\/knxdt-bookmarks-wordpress-plugin\/images\/facebook.png'  alt='' class='book_img' border='none' style='margin:1px; padding: 0;'  \/><\/a><\/span><span class='pushbutton'><a href='http:\/\/twitter.com\/home?status=S%C3%AD%2C+el+Universo+es%E2%80%A6+%C2%A1Asombroso%21: http%3A%2F%2Fwww.emiliosilveravazquez.com%2Fblog%2F2014%2F07%2F14%2Fsi-el-universo-es%25e2%2580%25a6-%25c2%25a1asombroso%2F' title='Twitter' target='_blank' rel='nofollow'><img src='http:\/\/www.emiliosilveravazquez.com\/blog\/wp-content\/plugins\/knxdt-bookmarks-wordpress-plugin\/images\/twitter.png'  alt='' class='book_img' border='none' style='margin:1px; padding: 0;'  \/><\/a><\/span><span class='pushbutton'><a href='http:\/\/www.feedburner.com\/fb\/a\/emailFlare?itemTitle=S%C3%AD%2C+el+Universo+es%E2%80%A6+%C2%A1Asombroso%21&amp;uri=http%3A%2F%2Fwww.emiliosilveravazquez.com%2Fblog%2F2014%2F07%2F14%2Fsi-el-universo-es%25e2%2580%25a6-%25c2%25a1asombroso%2F' title='Enviar por Email' target='_blank' rel='nofollow'><img src='http:\/\/www.emiliosilveravazquez.com\/blog\/wp-content\/plugins\/knxdt-bookmarks-wordpress-plugin\/images\/email.png'  alt='' class='book_img' border='none' style='margin:1px; padding: 0;'  \/><\/a><\/span><span style='font-weight:bold; padding-left: 5px;'><a href='http:\/\/wordpress.org\/extend\/plugins\/knxdt-bookmarks-wordpress-plugin\/' title='Plugin' rel='nofollow' target='_blank'>[?]<\/a><\/span><\/td><\/tr><\/table><br\/><br\/><\/div>","protected":false},"excerpt":{"rendered":"<p>\u00a0 S\u00ed, muchas son, las cosas que no sabemos &nbsp; &nbsp; Como dec\u00eda el viejo F\u00edsico que se relacionaba de manera muy directa con la Naturaleza y el Universo: &#8220;Lo que nos enfrente al mayor dilema es, que nosotros somos parte del problema que queremos resolver, como parte del Universo que somos.&#8221; No hemos podido [&hellip;]<\/p>\n","protected":false},"author":2,"featured_media":0,"comment_status":"open","ping_status":"open","sticky":false,"template":"","format":"standard","meta":{"_s2mail":"yes","footnotes":""},"categories":[169],"tags":[],"_links":{"self":[{"href":"http:\/\/www.emiliosilveravazquez.com\/blog\/wp-json\/wp\/v2\/posts\/11181"}],"collection":[{"href":"http:\/\/www.emiliosilveravazquez.com\/blog\/wp-json\/wp\/v2\/posts"}],"about":[{"href":"http:\/\/www.emiliosilveravazquez.com\/blog\/wp-json\/wp\/v2\/types\/post"}],"author":[{"embeddable":true,"href":"http:\/\/www.emiliosilveravazquez.com\/blog\/wp-json\/wp\/v2\/users\/2"}],"replies":[{"embeddable":true,"href":"http:\/\/www.emiliosilveravazquez.com\/blog\/wp-json\/wp\/v2\/comments?post=11181"}],"version-history":[{"count":0,"href":"http:\/\/www.emiliosilveravazquez.com\/blog\/wp-json\/wp\/v2\/posts\/11181\/revisions"}],"wp:attachment":[{"href":"http:\/\/www.emiliosilveravazquez.com\/blog\/wp-json\/wp\/v2\/media?parent=11181"}],"wp:term":[{"taxonomy":"category","embeddable":true,"href":"http:\/\/www.emiliosilveravazquez.com\/blog\/wp-json\/wp\/v2\/categories?post=11181"},{"taxonomy":"post_tag","embeddable":true,"href":"http:\/\/www.emiliosilveravazquez.com\/blog\/wp-json\/wp\/v2\/tags?post=11181"}],"curies":[{"name":"wp","href":"https:\/\/api.w.org\/{rel}","templated":true}]}}