{"id":11176,"date":"2014-07-13T06:35:37","date_gmt":"2014-07-13T05:35:37","guid":{"rendered":"http:\/\/www.emiliosilveravazquez.com\/blog\/?p=11176"},"modified":"2014-07-13T06:35:37","modified_gmt":"2014-07-13T05:35:37","slug":"el-universo-asombroso-6","status":"publish","type":"post","link":"http:\/\/www.emiliosilveravazquez.com\/blog\/2014\/07\/13\/el-universo-asombroso-6\/","title":{"rendered":"El Universo asombroso"},"content":{"rendered":"<div>\n<h2 style=\"text-align: justify;\">\u00a0 <a href=\"http:\/\/www.emiliosilveravazquez.com\/blog\/2014\/03\/20\/%c2%a1fluctuaciones-de-vacio-%c2%bfque-son-2\/\" rel=\"prev\">\u00a1Fluctuaciones de vac\u00edo! \u00bfQue son?<\/a><\/h2>\n<p>&nbsp;<\/p>\n<p>&nbsp;<\/p>\n<p><img decoding=\"async\" loading=\"lazy\" title=\"creaci\u00f3n-bigb-bang-\" src=\"http:\/\/cdn.pijamasurf.com\/wp-content\/uploads\/2011\/08\/creaci%C3%B3n-bigb-bang-.jpeg\" alt=\"\" width=\"672\" height=\"672\" \/><\/p>\n<p>&nbsp;<\/p>\n<p>&nbsp;<\/p>\n<\/div>\n<div style=\"text-align: justify;\">\n<div><a href=\"http:\/\/www.emiliosilveravazquez.com\/blog\/2014\/03\/21\/nuevas-maneras-de-mirar-el-universo\/\" rel=\"next\">Nuevas maneras de mirar el Universo<\/a><\/div>\n<\/div>\n<h3><\/h3>\n<p><img decoding=\"async\" loading=\"lazy\" id=\"irc_mi\" src=\"http:\/\/static.ddmcdn.com\/gif\/blogs\/6a00d8341bf67c53ef0148c695a026970c-800wi.jpg\" alt=\"\" width=\"737\" height=\"393\" \/><\/p>\n<p>&nbsp;<\/p>\n<p>S\u00ed, el Universo se podr\u00e1 ver de otra manera cuando adem\u00e1s de la luz, sepamos traducir los mensajes de las ondas gravitacionales<\/p>\n<p>&nbsp;<\/p>\n<div>\n<p style=\"text-align: justify;\"><img decoding=\"async\" loading=\"lazy\" id=\"irc_mi\" src=\"http:\/\/rastationclub.files.wordpress.com\/2012\/02\/526950696.jpg\" alt=\"\" width=\"595\" height=\"393\" \/><\/p>\n<p style=\"text-align: justify;\"><strong>\u00a0\u00a0\u00a0\u00a0\u00a0\u00a0\u00a0\u00a0\u00a0\u00a0\u00a0\u00a0\u00a0\u00a0 \u00a1NO! No es el gran Ojo que todo lo ve y nos mira <a id=\"_GPLITA_0\" title=\"Click to Continue > by Savings Wave&#8221; href=&#8221;http:\/\/www.emiliosilveravazquez.com\/blog\/2014\/03\/20\/el-universo-asombroso-3\/#&#8221;>desde<img decoding=\"async\" src=\"http:\/\/savingswave-a.akamaihd.net\/items\/it\/img\/arrow-10x10.png\" alt=\"\" \/><\/a> las alturas<\/strong><\/p>\n<p style=\"text-align: justify;\">Simplemente se trata del fen\u00f3meno que conocemos como \u201cHalo atmosf\u00e9rico\u201d, un anilo o arco de luz que parece rodear al Sol (<a id=\"_GPLITA_1\" title=\"Click to Continue > by Savings Wave&#8221; href=&#8221;http:\/\/www.emiliosilveravazquez.com\/blog\/2014\/03\/20\/el-universo-asombroso-3\/#&#8221;>tambi\u00e9n<img decoding=\"async\" src=\"http:\/\/savingswave-a.akamaihd.net\/items\/it\/img\/arrow-10x10.png\" alt=\"\" \/><\/a> a la Luna), resultado de la refracci\u00f3n y la reflexi\u00f3n de la luz solar o lunar por los cristales de hielo de los cirros. Los halos solares y lunares m\u00e1s comunes un di\u00e1metro angular de 46<sup>\u00ba<\/sup>. Por lo general, el borde del halo muestra un efecto prism\u00e1tico, estandio la luz azul refractada <a id=\"_GPLITA_2\" title=\"Click to Continue > by Savings Wave&#8221; href=&#8221;http:\/\/www.emiliosilveravazquez.com\/blog\/2014\/03\/20\/el-universo-asombroso-3\/#&#8221;>hacia<img decoding=\"async\" src=\"http:\/\/savingswave-a.akamaihd.net\/items\/it\/img\/arrow-10x10.png\" alt=\"\" \/><\/a> el borde exterior y la rpoja al interior. Como resultado de la refracci\u00f3n preferencial de la luz hacia el borde del halo , la zona del cielo interior a un halo es m\u00e1s oscura que la interior. Los halos lunares <a id=\"_GPLITA_3\" title=\"Click to Continue > by Savings Wave&#8221; href=&#8221;http:\/\/www.emiliosilveravazquez.com\/blog\/2014\/03\/20\/el-universo-asombroso-3\/#&#8221;>solo<img decoding=\"async\" src=\"http:\/\/savingswave-a.akamaihd.net\/items\/it\/img\/arrow-10x10.png\" alt=\"\" \/><\/a> pueden ser vistos claramente cuando la Luna es brillante, t\u00edpicamente en un intervalo de cinco d\u00edas en torno a la Luna llena.<\/p>\n<p style=\"text-align: justify;\"><img decoding=\"async\" src=\"http:\/\/2.bp.blogspot.com\/-B_FHtotrFKQ\/UeRJmY_LYQI\/AAAAAAAADZQ\/LetK3jnL7Ro\/s1600\/m104_hale200_933.jpg\" alt=\"\" \/><\/p>\n<p style=\"text-align: justify;\">El Halo Gal\u00e1ctico est\u00e1 referido a cualquier material situado en una distribic\u00f3n aproximadamente esf\u00e9rica de una galaxia, y que se extiende <a id=\"_GPLITA_4\" title=\"Click to Continue > by Savings Wave&#8221; href=&#8221;http:\/\/www.emiliosilveravazquez.com\/blog\/2014\/03\/20\/el-universo-asombroso-3\/#&#8221;>hasta<img decoding=\"async\" src=\"http:\/\/savingswave-a.akamaihd.net\/items\/it\/img\/arrow-10x10.png\" alt=\"\" \/><\/a> m\u00e1s all\u00e1 de las regiones visibles. Puede referirse a la poblaci\u00f3n de estrellas viejas (Poblaci\u00f3n II), incluyendo a los c\u00famulos globulares, con poca o ninguna rotaci\u00f3n alrededor del centro gal\u00e1ctico; o gas tenue, altamente ionizado y de alta temperatura que envelve a toda la galaxia, incluso, muchas veces el halo gal\u00e1ctico est\u00e1 referido a una especie de neblina inconcreta que circunda toda la galaxia sin que termine de hacerse presente pero, ah\u00ed est\u00e1.<\/p>\n<p style=\"text-align: justify;\"><img decoding=\"async\" loading=\"lazy\" src=\"http:\/\/upload.wikimedia.org\/wikipedia\/commons\/thumb\/f\/fb\/Ngc604_hst.jpg\/525px-Ngc604_hst.jpg\" alt=\"File:Ngc604 hst.jpg\" width=\"525\" height=\"599\" \/><\/p>\n<p style=\"text-align: justify;\">Alguna vez podemos contemplar una que nos parece m\u00e1s o menos atractiva pero, no sabemos discernir sobre lo que en realidad estamos contemplando. Por ejempo, arriba tenemos la conocida <a id=\"_GPLITA_5\" title=\"Click to Continue > by Savings Wave&#8221; href=&#8221;http:\/\/www.emiliosilveravazquez.com\/blog\/2014\/03\/20\/el-universo-asombroso-3\/#&#8221;>como<img decoding=\"async\" src=\"http:\/\/savingswave-a.akamaihd.net\/items\/it\/img\/arrow-10x10.png\" alt=\"\" \/><\/a> NGC 604,\u00a0 una regi\u00f3n H\u00a0II gigante en la galaxia del Tri\u00e1ngulo. Una <strong>regi\u00f3n H\u00a0II<\/strong> es una de gas y <a href=\"http:\/\/www.emiliosilveravazquez.com\/blog\/2014\/03\/20\/el-universo-asombroso-3\/#\"><a href=\"#\" onclick=\"referencia('plasma',event); return false;\">plasma<\/a><\/a> brillante que <a id=\"_GPLITA_6\" title=\"Click to Continue > by Savings Wave&#8221; href=&#8221;http:\/\/www.emiliosilveravazquez.com\/blog\/2014\/03\/20\/el-universo-asombroso-3\/#&#8221;>puede<img decoding=\"async\" src=\"http:\/\/savingswave-a.akamaihd.net\/items\/it\/img\/arrow-10x10.png\" alt=\"\" \/><\/a> alcanzar un tama\u00f1o de cientos de a\u00f1os-luz y en la cual se forman estrellas masivas. Dichas estrellas emiten copiosas cantidades de luz ultravioleta extrema (con longitudes de onda inferiores a 912\u00a0\u00c5ngstroms) que ionizan la Nebulosa a su alrededor.<\/p>\n<p style=\"text-align: justify;\"><img decoding=\"async\" loading=\"lazy\" src=\"http:\/\/upload.wikimedia.org\/wikipedia\/commons\/thumb\/1\/1f\/Ssc2005-02a.jpg\/750px-Ssc2005-02a.jpg\" alt=\"File:Ssc2005-02a.jpg\" width=\"750\" height=\"600\" \/><\/p>\n<p style=\"text-align: justify;\">\u00a0\u00a0\u00a0\u00a0\u00a0\u00a0\u00a0\u00a0\u00a0\u00a0\u00a0\u00a0\u00a0\u00a0\u00a0\u00a0\u00a0\u00a0\u00a0\u00a0\u00a0\u00a0\u00a0\u00a0\u00a0\u00a0\u00a0\u00a0\u00a0\u00a0\u00a0\u00a0\u00a0\u00a0\u00a0\u00a0\u00a0\u00a0\u00a0\u00a0\u00a0\u00a0\u00a0\u00a0\u00a0\u00a0\u00a0\u00a0\u00a0\u00a0\u00a0\u00a0\u00a0\u00a0\u00a0 Las regiones H II son muy abundantes en Galaxia<\/p>\n<p style=\"text-align: justify;\"><a id=\"_GPLITA_7\" title=\"Click to Continue > by Savings Wave&#8221; href=&#8221;http:\/\/www.emiliosilveravazquez.com\/blog\/2014\/03\/20\/el-universo-asombroso-3\/#&#8221;>Cada<img decoding=\"async\" src=\"http:\/\/savingswave-a.akamaihd.net\/items\/it\/img\/arrow-10x10.png\" alt=\"\" \/><\/a> de hidr\u00f3geno ionizado contribuye con dos part\u00edculas al gas, es decir, con un <a href=\"http:\/\/www.emiliosilveravazquez.com\/blog\/2014\/03\/20\/el-universo-asombroso-3\/#\"><a href=\"#\" onclick=\"referencia('proton',event); return false;\">prot\u00f3n<\/a><\/a> y un <a href=\"http:\/\/www.emiliosilveravazquez.com\/blog\/category\/el-universo-asombroso\/page\/2\/#\">electr\u00f3n<\/a>. Las Regiones H II son calientes con temperaturas t\u00edpicas de 10 000 K, y son <a id=\"_GPLITA_8\" title=\"Click to Continue > by Savings Wave&#8221; href=&#8221;http:\/\/www.emiliosilveravazquez.com\/blog\/2014\/03\/20\/el-universo-asombroso-3\/#&#8221;>entre<img decoding=\"async\" src=\"http:\/\/savingswave-a.akamaihd.net\/items\/it\/img\/arrow-10x10.png\" alt=\"\" \/><\/a> 10 y 100 000 veces m\u00e1s densas que las regiones H I. Se encuentran normalmente alrededor de las estrellas O y B j\u00f3venes y masivas, siendo el gas ionizado por su intensa luz ultraviloleta, haciendo que \u00e9ste brille. La Nebulosa de ori\u00f3n es una famosa Regi\u00f3n H II. Las Regiones H II pueden ser detectadas en la Galaxia por sus intensas emisiones en e infrarrojo. La radioemisi\u00f3n es debidaal bremsstrahlung del gas ionizado, y la radiaci\u00f3n infrarroja a la emisi\u00f3n t\u00e9rmica del polvo.<\/p>\n<p style=\"text-align: justify;\"><img decoding=\"async\" loading=\"lazy\" src=\"http:\/\/bitacoradegalileo.files.wordpress.com\/2010\/12\/m42_hallasnr.jpg\" alt=\"http:\/\/bitacoradegalileo.files.wordpress.com\/2010\/12\/m42_hallasnr.jpg\" width=\"850\" height=\"595\" \/><\/p>\n<p style=\"text-align: justify;\">Las Regiones H II aqu\u00ed muy presentes y dada su gran extensi\u00f3n. La nebulosa de Ori\u00f3n es uno de los objetos astron\u00f3micos m\u00e1s fotografiados, examinados, e investigados.<sup id=\"cite_ref-successor_8-0\"><a href=\"http:\/\/es.wikipedia.org\/wiki\/Nebulosa_de_Ori%C3%B3n#cite_note-successor-8\">8<\/a><\/sup> De ella se ha obtenido informaci\u00f3n determinante acerca de la de estrellas y planetas y a partir de nubes de polvo y gas en colisi\u00f3n. Los astr\u00f3nomos han observado en sus entra\u00f1as discos protoplanetarios, enananas marrones, fuertes turbulencias en el movimiento de part\u00edculas de gas y efectos fotoionizantes cerca de estrellas muy masivas pr\u00f3ximas a la nebulosa.<\/p>\n<p style=\"text-align: justify;\"><img decoding=\"async\" loading=\"lazy\" id=\"irc_mi\" src=\"http:\/\/www.esa.int\/var\/esa\/storage\/images\/esa_multimedia\/images\/2013\/04\/herschel_s_view_of_the_horsehead_nebula\/12631139-1-eng-GB\/Herschel_s_view_of_the_Horsehead_Nebula.jpg\" alt=\"\" width=\"826\" height=\"325\" \/><\/p>\n<p style=\"text-align: justify;\">Una <strong>regi\u00f3n H I<\/strong> es una nube formada por hidr\u00f3geno at\u00f3mico fr\u00edo, poco denso y no ionizado con temperaturas de alrededor de 100 K. Las regiones HI no emiten radiaci\u00f3n en el rango visual, s\u00f3lo en la regi\u00f3n de radio. La notaci\u00f3n H I se refiere al hecho de que los \u00e1tomos de Hidr\u00f3geno no est\u00e1n ionizados <a id=\"_GPLITA_9\" title=\"Click to Continue > by Savings Wave&#8221; href=&#8221;http:\/\/www.emiliosilveravazquez.com\/blog\/2014\/03\/20\/el-universo-asombroso-3\/#&#8221;>como<img decoding=\"async\" src=\"http:\/\/savingswave-a.akamaihd.net\/items\/it\/img\/arrow-10x10.png\" alt=\"\" \/><\/a> lo est\u00e1n en los que est\u00e1n presentes en la regiones H II (arriba). Cada \u00e1tomo de Hidr\u00f3geno neutro contribuye al gas justo con una part\u00edcula. la Densidad de las regiones H I es demasiado como <a id=\"_GPLITA_10\" title=\"Click to Continue > by Savings Wave&#8221; href=&#8221;http:\/\/www.emiliosilveravazquez.com\/blog\/2014\/03\/20\/el-universo-asombroso-3\/#&#8221;>para<img decoding=\"async\" src=\"http:\/\/savingswave-a.akamaihd.net\/items\/it\/img\/arrow-10x10.png\" alt=\"\" \/><\/a> que se formen mol\u00e9culas de hidr\u00f3geno, y la luz estyelar disociar\u00e1 cualquier mol\u00e9cula formada, de manera que el gas permanece en forma de \u00e1tomo. El Hidr\u00f1\u00f3geno neutro contrinuye aproximadamernte a la mitad de toda la materia interestelar en masa y en volumen,\u00a0 con una densidad media de 1 \u00c1tomo\/ cm<sup>3<\/sup>. Las regiones H I son fr\u00edas.<\/p>\n<p style=\"text-align: justify;\">Del asomnbroso universo son miuchas las cosas que desconocemos, y, poco a poco, vamos pudiendo <a id=\"_GPLITA_11\" title=\"Click to Continue > by Savings Wave&#8221; href=&#8221;http:\/\/www.emiliosilveravazquez.com\/blog\/2014\/03\/20\/el-universo-asombroso-3\/#&#8221;>descubrir<img decoding=\"async\" src=\"http:\/\/savingswave-a.akamaihd.net\/items\/it\/img\/arrow-10x10.png\" alt=\"\" \/><\/a> muchos de sus misterios que nos acercan cada vez m\u00e1s, a saber d\u00f3nde estamos y lo que podemos o no podemos esperar de lo que hay en nuestro entorno.<\/p>\n<div style=\"text-align: justify;\"><a href=\"http:\/\/apod.nasa.gov\/apod\/image\/1309\/localcloud_ibex_5580.jpg\"><img decoding=\"async\" src=\"http:\/\/1.bp.blogspot.com\/-UqvL8Lj5kJ4\/UkErFtGd7TI\/AAAAAAAAZwA\/PGC9pz_L1MA\/s1600\/localcloud_ibex_5580i.jpg\" alt=\"\" border=\"0\" \/>\u00a0<\/a><\/div>\n<div id=\"post-body-2290833551596067632\" style=\"text-align: justify;\"><strong>El Sol de desplaza por el de una tenue <a id=\"_GPLITA_12\" title=\"Click to Continue > by Savings Wave&#8221; href=&#8221;http:\/\/www.emiliosilveravazquez.com\/blog\/2014\/03\/20\/el-universo-asombroso-3\/#&#8221;>nube<img decoding=\"async\" src=\"http:\/\/savingswave-a.akamaihd.net\/items\/it\/img\/arrow-10x10.png\" alt=\"\" \/><\/a> de gas interestelar conocida como Local Fluff.<\/strong><\/div>\n<p style=\"text-align: justify;\">La de que la <em>Voyager 1<\/em> hab\u00eda dejado atr\u00e1s la zona bajo influencia directa del viento solar y se encontraba ya surcando el interplantario se convirti\u00f3 r\u00e1pidamente en una de las grandes noticias astron\u00f3micas del a\u00f1o, en especial por toda la carga simb\u00f3lica que representa que, por primera vez, un construido por la Humanidad hab\u00eda traspasado por primera vez esa frontera invisible que nos separa y aisla del oc\u00e9ano estelar. Pero para los cient\u00edficos de la misi\u00f3n la llegada a este <a id=\"_GPLITA_13\" title=\"Click to Continue > by Savings Wave&#8221; href=&#8221;http:\/\/www.emiliosilveravazquez.com\/blog\/2014\/03\/20\/el-universo-asombroso-3\/#&#8221;>nuevo<img decoding=\"async\" src=\"http:\/\/savingswave-a.akamaihd.net\/items\/it\/img\/arrow-10x10.png\" alt=\"\" \/><\/a> reino con una sonda a\u00fan operativa y capaz de seguir enviado al menos <a id=\"_GPLITA_14\" title=\"Click to Continue > by Savings Wave&#8221; href=&#8221;http:\/\/www.emiliosilveravazquez.com\/blog\/2014\/03\/20\/el-universo-asombroso-3\/#&#8221;>hasta<img decoding=\"async\" src=\"http:\/\/savingswave-a.akamaihd.net\/items\/it\/img\/arrow-10x10.png\" alt=\"\" \/><\/a> 2020 es un regalo del que esperan grandes resultados. Y es que m\u00e1s all\u00e1 del l\u00edmite solar se extiende una regi\u00f3n tan amplia como desconocida, y mucho m\u00e1s compleja de lo que podamos imaginar.<\/p>\n<p style=\"text-align: justify;\"><img decoding=\"async\" id=\"irc_mi\" src=\"http:\/\/lh5.ggpht.com\/_CGpuide4fUc\/S5HkjYrqfYI\/AAAAAAAAE6c\/QG1XfK11FGI\/estrella-que-desafiaba-a-%3Ca%20href=\" alt=\"\" \/><\/p>\n<p style=\"text-align: justify;\">El movimiento de <a id=\"_GPLITA_15\" title=\"Click to Continue > by Savings Wave&#8221; href=&#8221;http:\/\/www.emiliosilveravazquez.com\/blog\/2014\/03\/20\/el-universo-asombroso-3\/#&#8221;>esta<img decoding=\"async\" src=\"http:\/\/savingswave-a.akamaihd.net\/items\/it\/img\/arrow-10x10.png\" alt=\"\" \/><\/a> estrella binaria fue un misterio durante m\u00e1s de 30a\u00f1os, e incluso se present\u00f3 como un posible fracaso de la Relatividad General de <a href=\"http:\/\/www.emiliosilveravazquez.com\/blog\/2014\/03\/20\/el-universo-asombroso-3\/#\"><a href=\"#\" onclick=\"referencia('einstein',event); return false;\">Einstein<\/a><\/a>. <a id=\"_GPLITA_16\" title=\"Click to Continue > by Savings Wave&#8221; href=&#8221;http:\/\/www.emiliosilveravazquez.com\/blog\/2014\/03\/20\/el-universo-asombroso-3\/#&#8221;>Ahora<img decoding=\"async\" src=\"http:\/\/savingswave-a.akamaihd.net\/items\/it\/img\/arrow-10x10.png\" alt=\"\" \/><\/a> un encabezado por el Instituto de Astrof\u00edsica de Andaluc\u00eda (IAA-C<a href=\"http:\/\/www.emiliosilveravazquez.com\/blog\/2014\/03\/20\/el-universo-asombroso-3\/#\"><a href=\"#\" onclick=\"referencia('unidades del si',event); return false;\">SI<\/a><\/a>C) ha resuleto el misterio. Se observan hechos que no siempre podemos explicar y, persistimos en la b\u00fasqueda de las respuestas <a id=\"_GPLITA_17\" title=\"Click to Continue > by Savings Wave&#8221; href=&#8221;http:\/\/www.emiliosilveravazquez.com\/blog\/2014\/03\/20\/el-universo-asombroso-3\/#&#8221;>hasta<img decoding=\"async\" src=\"http:\/\/savingswave-a.akamaihd.net\/items\/it\/img\/arrow-10x10.png\" alt=\"\" \/><\/a> que las podemos encontrar.<\/p>\n<p style=\"text-align: justify;\">En el efecto periastro se puede contemplar el brillo de una estrella binaria que tiene una \u00f3rbita altamente exc\u00e9ntrica. Cuando la separaci\u00f3n <a id=\"_GPLITA_18\" title=\"Click to Continue > by Savings Wave&#8221; href=&#8221;http:\/\/www.emiliosilveravazquez.com\/blog\/2014\/03\/20\/el-universo-asombroso-3\/#&#8221;>entre<img decoding=\"async\" src=\"http:\/\/savingswave-a.akamaihd.net\/items\/it\/img\/arrow-10x10.png\" alt=\"\" \/><\/a> las componentes es m\u00ednima. Es de hecho, un aumento del efecto de reflexi\u00f3n en el instante del periastro, y surge por la misma causa: la irradiaci\u00f3n de una estrrella por la otra.<\/p>\n<p style=\"text-align: justify;\"><img decoding=\"async\" loading=\"lazy\" id=\"irc_mi\" src=\"http:\/\/cs.astronomy.com\/asycs\/cfs-filesystemfile.ashx\/__key\/CommunityServer.Components.PostAttachments\/00.00.44.37.10\/Orion_5F00_Belt_5F00_Two_5F00_Dark_5F00_JpEG.jpg\" alt=\"\" width=\"794\" height=\"393\" \/><\/p>\n<p style=\"text-align: justify;\">Hemos llegado a saber de nuevas estrellas, vientos estelares, radiaci\u00f3n, energ\u00edas, estrellas de <a href=\"http:\/\/www.emiliosilveravazquez.com\/blog\/2013\/08\/31\/biologia-y-estrellas\/#\">neutrones<\/a> o <a href=\"http:\/\/www.emiliosilveravazquez.com\/blog\/2014\/03\/20\/el-universo-asombroso-3\/#\"><a href=\"#\" onclick=\"referencia('pulsar',event); return false;\">p\u00falsares<\/a><\/a>, <a href=\"http:\/\/www.emiliosilveravazquez.com\/blog\/2014\/03\/20\/el-universo-asombroso-3\/#\"><a href=\"#\" onclick=\"referencia('agujero negro',event); return false;\">agujeros negros<\/a><\/a>, enanas rojas y blancas, \u00bfestrellas de Quarks? \u00bf<a href=\"http:\/\/www.emiliosilveravazquez.com\/blog\/2014\/03\/20\/el-universo-asombroso-3\/#\"><a href=\"#\" onclick=\"referencia('materia oscura',event); return false;\">materia oscura<\/a><\/a>? mundos\u2026\u00bfCivilizaciones? \u00a1El Universo! Lo que todo lo contiene, ah\u00ed estan presentes todas las cosas que existen y las que tienen que existir\u2026 El espaciotiempo, las fuerzas fundamentales de la Naturaleza\u2026\u00a1La Vida!<\/p>\n<p style=\"text-align: justify;\">Cuando pensamos en la edad y el tama\u00f1o del Universo lo hacemos generalmente utilizando medidas de tiempo y como a\u00f1os, kil\u00f3metros o a\u00f1os-luz. Como y a hemos visto, estas medidas son extraordinariamente antropom\u00f3rficas. \u00bfPor qu\u00e9 medir la edad del Universo con un \u201creloj\u201d que hace \u201ctic\u201d <a id=\"_GPLITA_19\" title=\"Click to Continue > by Savings Wave&#8221; href=&#8221;http:\/\/www.emiliosilveravazquez.com\/blog\/2014\/03\/20\/el-universo-asombroso-3\/#&#8221;>cada<img decoding=\"async\" src=\"http:\/\/savingswave-a.akamaihd.net\/items\/it\/img\/arrow-10x10.png\" alt=\"\" \/><\/a> vez que nuestro planeta completa una \u00f3rbita alrededor de su estrella madre, el Sol? \u00bfporqu\u00e9 medir su densidad en t\u00e9rminos de \u00e1tomos por metro c\u00fabico? Las a estas preguntas son por supuesto la misma: porque es conveniente y siempre lo hemos hecho as\u00ed.<\/p>\n<p style=\"text-align: justify;\">\u00c9sta es una situaci\u00f3n en resulta especialmente apropiado utilizar las unidades \u201cnaturales\u201d la , longitud y tiempo de Stoney y Planck, las que ellos introdujeron en la ciencia f\u00edsica <a id=\"_GPLITA_20\" title=\"Click to Continue > by Savings Wave&#8221; href=&#8221;http:\/\/www.emiliosilveravazquez.com\/blog\/2014\/03\/20\/el-universo-asombroso-3\/#&#8221;>para<img decoding=\"async\" src=\"http:\/\/savingswave-a.akamaihd.net\/items\/it\/img\/arrow-10x10.png\" alt=\"\" \/><\/a> ayudarnos a escapar de la camisa de fuerza que supon\u00eda la perspectiva centrada e el ser humano.<\/p>\n<p style=\"text-align: justify;\">Es caer en la tentaci\u00f3n de mirarnos el ombligo y no hacerlo al entorno que nos rodea. Muchas m\u00e1s cosas habr\u00edamos evitado y habr\u00edamos descubierto si por una sola vez hubi\u00e9semos dejado el ego a un lado y, en lugar de estar pendientes de nosotros , lo hubi\u00e9ramos hecho con respecto a la naturaleza que, en definitiva, es la que nos ense\u00f1a el camino a seguir.<\/p>\n<p style=\"text-align: justify;\"><img decoding=\"async\" loading=\"lazy\" src=\"http:\/\/www.circpau.org\/imagenes\/circpau.m9fcda80.jpg\" alt=\"\" name=\"gr\u00e1ficos1\" width=\"614\" height=\"461\" border=\"0\" hspace=\"10\" vspace=\"6\" \/><\/p>\n<p style=\"text-align: justify;\">A lo menos una vez al d\u00eda, el cielo en su <a id=\"_GPLITA_21\" title=\"Click to Continue > by Savings Wave&#8221; href=&#8221;http:\/\/www.emiliosilveravazquez.com\/blog\/2014\/03\/20\/el-universo-asombroso-3\/#&#8221;>parte<img decoding=\"async\" src=\"http:\/\/savingswave-a.akamaihd.net\/items\/it\/img\/arrow-10x10.png\" alt=\"\" \/><\/a> alta, es iluminado por un gran destello producido por grandes explosiones de <a href=\"http:\/\/www.emiliosilveravazquez.com\/blog\/2014\/03\/20\/el-universo-asombroso-3\/#\"><a href=\"#\" onclick=\"referencia('gamma rayos',event); return false;\">rayos gamma<\/a><\/a>. A menudo, esos destellos alcanzan magnitudes superiores a las que pueden ser generadas por todo un conjunto de otros rayos c\u00f3smicos y desaparecen posteriormente sin dejar m\u00e1s rastro. Nadie puede predecir cuando volver\u00e1 a ocurrir la pr\u00f3xima explosi\u00f3n o de que direcci\u00f3n del cielo proceder\u00e1. Hasta <a id=\"_GPLITA_22\" title=\"Click to Continue > by Savings Wave&#8221; href=&#8221;http:\/\/www.emiliosilveravazquez.com\/blog\/2014\/03\/20\/el-universo-asombroso-3\/#&#8221;>ahora<img decoding=\"async\" src=\"http:\/\/savingswave-a.akamaihd.net\/items\/it\/img\/arrow-10x10.png\" alt=\"\" \/><\/a>, no contamos con evidencias duras como para cu\u00e1les podr\u00edan ser las fuentes precisas de donde provienen esos <a href=\"http:\/\/www.emiliosilveravazquez.com\/blog\/2014\/03\/20\/el-universo-asombroso-3\/#\"><a href=\"#\" onclick=\"referencia('gamma rayos',event); return false;\">rayos gamma<\/a><\/a> que observamos en lo alto del cielo, las razones que ocasionan los grandes destellos y la distancia en la cual ocurre el fen\u00f3meno.<\/p>\n<p style=\"text-align: justify;\"><em>La edad del Universo visible \u2248 10<sup>60<\/sup> tiempos de Planck<\/em><\/p>\n<p style=\"text-align: justify;\"><em>Tama\u00f1o del Universo visible \u2248 10<sup>60<\/sup> longitudes de Planck<\/em><\/p>\n<p style=\"text-align: justify;\"><em>La masa del Universo visible \u2248 10<sup>60<\/sup> masas de Planck<\/em><\/p>\n<p style=\"text-align: justify;\">Vemos as\u00ed que la baj\u00edsima densidad de materia en el Universo es un reflejo del hecho de que:<\/p>\n<p style=\"text-align: justify;\"><em>Densidad del Universo visible \u224810<sup>-120<\/sup> de la densidad de Planck<\/em><\/p>\n<p style=\"text-align: justify;\">Y la temperatura del , a 3 grados sobre el cero absoluto, es, por tanto<\/p>\n<p style=\"text-align: justify;\"><em>Temperatura del Universo visible \u2248 10<sup>-30<\/sup> de la Planck<\/em><\/p>\n<p style=\"text-align: justify;\"><img decoding=\"async\" loading=\"lazy\" id=\"irc_mi\" src=\"http:\/\/3.bp.blogspot.com\/-1FY7RYgTo9g\/TpoLVTgZ-QI\/AAAAAAAAADA\/PmBiI9j0TB4\/s1600\/close-encounters-of-the-third-kind-original%2B%25282%2529.jpg\" alt=\"\" width=\"699\" height=\"393\" \/><\/p>\n<p style=\"text-align: justify;\">Nosotros, una simple brizna de materia que el Universo elabor\u00f3 utilizanso la evoluci\u00f3n que se produce en el del tiempo y, de esa manera, la evoluci\u00f3n de la materia \u201cinerte\u201d llega <a id=\"_GPLITA_23\" title=\"Click to Continue > by Savings Wave&#8221; href=&#8221;http:\/\/www.emiliosilveravazquez.com\/blog\/2014\/03\/20\/el-universo-asombroso-3\/#&#8221;>hasta<img decoding=\"async\" src=\"http:\/\/savingswave-a.akamaihd.net\/items\/it\/img\/arrow-10x10.png\" alt=\"\" \/><\/a> poder alcanzar los pensamientos, es decir, la Consciencia de Ser.<\/p>\n<p style=\"text-align: justify;\">n\u00fameros extraordinariamente grandes y estas fracciones extraordinariamente peque\u00f1as nos muestran inmediatamente que el Universo est\u00e1 estructurado en una escala sobre humana de proporciones asombrosas <a id=\"_GPLITA_24\" title=\"Click to Continue > by Savings Wave&#8221; href=&#8221;http:\/\/www.emiliosilveravazquez.com\/blog\/2014\/03\/20\/el-universo-asombroso-3\/#&#8221;>cuando<img decoding=\"async\" src=\"http:\/\/savingswave-a.akamaihd.net\/items\/it\/img\/arrow-10x10.png\" alt=\"\" \/><\/a> la sopesamos en los balances de su propia construcci\u00f3n.<\/p>\n<p style=\"text-align: justify;\">Con respecto a sus patrones el Universo es viejo. El tiempo de vida natural de un mundo gobernado por la gravedad, la <a href=\"http:\/\/www.emiliosilveravazquez.com\/blog\/2014\/03\/20\/el-universo-asombroso-3\/#\"><a href=\"#\" onclick=\"referencia('relatividad',event); return false;\">relatividad<\/a><\/a> y la mec\u00e1nica cu\u00e1ntica es el fugaz breve <a href=\"http:\/\/www.emiliosilveravazquez.com\/blog\/2014\/03\/20\/el-universo-asombroso-3\/#\"><a href=\"#\" onclick=\"referencia('planck tiempo de',event); return false;\">tiempo de Planck<\/a><\/a>. Parece que es mucho m\u00e1s viejo de lo que deber\u00eda ser.<\/p>\n<p style=\"text-align: justify;\"><a id=\"_GPLITA_25\" title=\"Click to Continue > by Savings Wave&#8221; href=&#8221;http:\/\/www.emiliosilveravazquez.com\/blog\/2014\/03\/20\/el-universo-asombroso-3\/#&#8221;>Pero<img decoding=\"async\" src=\"http:\/\/savingswave-a.akamaihd.net\/items\/it\/img\/arrow-10x10.png\" alt=\"\" \/><\/a>, pese a la enorme edad del Universo en \u201ctics\u201d de Tiempos de Planck, hemos aprendido que casi todo este tiempo es necesario para producir estrellas y los elementos qu\u00edmicos que traen la vida.<\/p>\n<p style=\"text-align: justify;\"><img decoding=\"async\" loading=\"lazy\" src=\"http:\/\/www.circpau.org\/imagenes\/circpau.m3a86fe55.jpg\" alt=\"\" name=\"gr\u00e1ficos3\" width=\"614\" height=\"461\" border=\"0\" hspace=\"12\" \/><\/p>\n<p style=\"text-align: justify;\">En todas las regiones del interestelar donde existen objetos de enormes densidades y estrellas supermasivas se pueden producir sucesos de inmensas energ\u00edas y, en regiones de gas y polvo de muchos a\u00f1os-luz de di\u00e1metro, es donde surgen los Sistemas solares que contienen planetas aptos <a id=\"_GPLITA_26\" title=\"Click to Continue > by Savings Wave&#8221; href=&#8221;http:\/\/www.emiliosilveravazquez.com\/blog\/2014\/03\/20\/el-universo-asombroso-3\/#&#8221;>para<img decoding=\"async\" src=\"http:\/\/savingswave-a.akamaihd.net\/items\/it\/img\/arrow-10x10.png\" alt=\"\" \/><\/a> la vida.<\/p>\n<p style=\"text-align: justify;\">\u00bfPor qu\u00e9 nuestro Universo no es mucho m\u00e1s viejo de lo que parece ser? Es f\u00e1cil entender por qu\u00e9 el Universo no es mucho m\u00e1s joven. Las estrellas tardan mucho tiempo en formarse y producir elementos m\u00e1s pesados que son las que requiere la complejidad biol\u00f3gica. Pero los universos viejos <a id=\"_GPLITA_27\" title=\"Click to Continue > by Savings Wave&#8221; href=&#8221;http:\/\/www.emiliosilveravazquez.com\/blog\/2014\/03\/20\/el-universo-asombroso-3\/#&#8221;>tambi\u00e9n<img decoding=\"async\" src=\"http:\/\/savingswave-a.akamaihd.net\/items\/it\/img\/arrow-10x10.png\" alt=\"\" \/><\/a> tienen sus problemas. Conforme para el tiempo en el Universo el proceso de de estrellas se frena. Todo el gas y el polvo c\u00f3smico que constituyen las materias primas de las estrellas hab\u00edan sido procesados por las estrellas y lanzados al intergal\u00e1ctico donde no pueden enfriarse y fundirse en nuevas estrellas. Pocas estrellas hacen que, a su vez, tambi\u00e9n sean pocos los sistemas solares y los planetas. Los planetas que se forman son menos activos que los que se formaron <a id=\"_GPLITA_28\" title=\"Click to Continue > by Savings Wave&#8221; href=&#8221;http:\/\/www.emiliosilveravazquez.com\/blog\/2014\/03\/20\/el-universo-asombroso-3\/#&#8221;>antes<img decoding=\"async\" src=\"http:\/\/savingswave-a.akamaihd.net\/items\/it\/img\/arrow-10x10.png\" alt=\"\" \/><\/a>, la <a href=\"http:\/\/www.emiliosilveravazquez.com\/blog\/2014\/03\/20\/el-universo-asombroso-3\/#\"><a href=\"#\" onclick=\"referencia('entropia',event); return false;\">entrop\u00eda<\/a><\/a> va debilitando la energ\u00eda del para realizar . La producci\u00f3n de elementos radiactivos en las estrellas disminuir\u00e1, y los que se formen tendr\u00e1n semividas m\u00e1s largas. Los nuevos planetas ser\u00e1n menos activos geol\u00f3gicamente y carecer\u00e1n de muchos de los movimientos internos que impulsan el vulcanismo, la deriva continental y la elevaci\u00f3n de las monta\u00f1as en el planeta. Si esto tambi\u00e9n hace menos probable la presencia de un magn\u00e9tico en un planeta, entonces ser\u00e1 muy poco probable que la vida evolucione <a id=\"_GPLITA_29\" title=\"Click to Continue > by Savings Wave&#8221; href=&#8221;http:\/\/www.emiliosilveravazquez.com\/blog\/2014\/03\/20\/el-universo-asombroso-3\/#&#8221;>hasta<img decoding=\"async\" src=\"http:\/\/savingswave-a.akamaihd.net\/items\/it\/img\/arrow-10x10.png\" alt=\"\" \/><\/a> formas complejas.<\/p>\n<p style=\"text-align: justify;\"><img decoding=\"async\" loading=\"lazy\" id=\"irc_mi\" src=\"http:\/\/static2.visitfinland.com\/es\/wp-content\/blogs.dir\/4\/files\/revontulet-930x523.jpg\" alt=\"\" width=\"699\" height=\"393\" \/><\/p>\n<p style=\"text-align: justify;\">Las estrellas t\u00edpicas como el Sol, emiten <a id=\"_GPLITA_30\" title=\"Click to Continue > by Savings Wave&#8221; href=&#8221;http:\/\/www.emiliosilveravazquez.com\/blog\/2014\/03\/20\/el-universo-asombroso-3\/#&#8221;>desde<img decoding=\"async\" src=\"http:\/\/savingswave-a.akamaihd.net\/items\/it\/img\/arrow-10x10.png\" alt=\"\" \/><\/a> su superficie un viento de part\u00edculas cargadas el\u00e9ctricamente que barre los atm\u00f3sferas de los planetas en \u00f3rbitas a su alrededor y a menos que el viento pueda ser desviado por un magn\u00e9tico, los posibles habitantes de ese planeta lo podr\u00edan complicado soportando tal lluvia de <a href=\"http:\/\/www.emiliosilveravazquez.com\/blog\/2014\/03\/20\/el-universo-asombroso-3\/#\"><a href=\"#\" onclick=\"referencia('radiactividad',event); return false;\">radiactividad<\/a><\/a>. En nuestro solar el magn\u00e9tico de la Tierra ha protegido su atm\u00f3sfera del viento solar, <a id=\"_GPLITA_31\" title=\"Click to Continue > by Savings Wave&#8221; href=&#8221;http:\/\/www.emiliosilveravazquez.com\/blog\/2014\/03\/20\/el-universo-asombroso-3\/#&#8221;>pero<img decoding=\"async\" src=\"http:\/\/savingswave-a.akamaihd.net\/items\/it\/img\/arrow-10x10.png\" alt=\"\" \/><\/a> Marte, que no est\u00e1 protegido por ning\u00fan magn\u00e9tico, perdi\u00f3 su atm\u00f3sfera hace tiempo.<\/p>\n<p style=\"text-align: justify;\">Probablemente no es f\u00e1cil mantener una larga vida en un planeta del solar. Poco a poco hemos llegado a apreciar cu\u00e1n precaria es. Dejando a un lado los intentos que siguen realizando los seres vivos de extinguirse a s\u00ed mismos, agotar los recursos naturales, propagan infecciones letales y venenos mortales y emponzo\u00f1ar la atm\u00f3sfera, <a id=\"_GPLITA_32\" title=\"Click to Continue > by Savings Wave&#8221; href=&#8221;http:\/\/www.emiliosilveravazquez.com\/blog\/2014\/03\/20\/el-universo-asombroso-3\/#&#8221;>tambi\u00e9n<img decoding=\"async\" src=\"http:\/\/savingswave-a.akamaihd.net\/items\/it\/img\/arrow-10x10.png\" alt=\"\" \/><\/a> existen series amenazas exteriores.<\/p>\n<p style=\"text-align: justify;\"><img decoding=\"async\" loading=\"lazy\" src=\"http:\/\/i.space.com\/images\/i\/5606\/i02\/asteroid-sizes-100831-02.jpg\" alt=\"\" width=\"510\" height=\"420\" \/><\/p>\n<p style=\"text-align: justify;\"><em>\u00a0\u00a0\u00a0\u00a0\u00a0\u00a0\u00a0\u00a0\u00a0\u00a0\u00a0\u00a0\u00a0\u00a0\u00a0\u00a0\u00a0\u00a0\u00a0\u00a0\u00a0\u00a0\u00a0\u00a0\u00a0\u00a0\u00a0\u00a0\u00a0\u00a0\u00a0\u00a0\u00a0\u00a0\u00a0\u00a0\u00a0\u00a0\u00a0\u00a0\u00a0\u00a0 <a id=\"_GPLITA_33\" title=\"Click to Continue > by Savings Wave&#8221; href=&#8221;http:\/\/www.emiliosilveravazquez.com\/blog\/2014\/03\/20\/el-universo-asombroso-3\/#&#8221;>Credit<img decoding=\"async\" src=\"http:\/\/savingswave-a.akamaihd.net\/items\/it\/img\/arrow-10x10.png\" alt=\"\" \/><\/a>: Emily Lakdawalla\/Ted Stryk<\/em><\/p>\n<p style=\"text-align: justify;\">La mayor\u00eda de asteroides, incluyendo Vesta, est\u00e1n en el cintur\u00f3n de asteroides que se sit\u00faa <a id=\"_GPLITA_34\" title=\"Click to Continue > by Savings Wave&#8221; href=&#8221;http:\/\/www.emiliosilveravazquez.com\/blog\/2014\/03\/20\/el-universo-asombroso-3\/#&#8221;>entre<img decoding=\"async\" src=\"http:\/\/savingswave-a.akamaihd.net\/items\/it\/img\/arrow-10x10.png\" alt=\"\" \/><\/a> Marte y J\u00fapiter. Otros asteroides giran en c\u00edrculos mas del Sol que de la Tierra, mientras que un gran de ellos comparten orbitas planetaria. Dada <a id=\"_GPLITA_35\" title=\"Click to Continue > by Savings Wave&#8221; href=&#8221;http:\/\/www.emiliosilveravazquez.com\/blog\/2014\/03\/20\/el-universo-asombroso-3\/#&#8221;>esta<img decoding=\"async\" src=\"http:\/\/savingswave-a.akamaihd.net\/items\/it\/img\/arrow-10x10.png\" alt=\"\" \/><\/a> gran variedad de asteroides, algunos particularmente extra\u00f1os han descubiertos en los \u00faltimos dos siglos desde que el primer asteroide fuera descubierto (Ceres en 1801).<\/p>\n<p style=\"text-align: justify;\">Los movimientos de cometas y asteroides, a pesar de tener la defensa de J\u00fapiter, son una serie y cierta amenaza para el desarrollo y persistencia de vida inteligente en las primeras etapas. Los impactos no han infrecuentes en el pasado lejano de la Tierra habiendo tenido efectos catastr\u00f3ficos. Somos afortunados al tener la protecci\u00f3n de la luna y de la enorme masa de J\u00fapiter que atrae hacia s\u00ed los cuerpos que llegan <a id=\"_GPLITA_36\" title=\"Click to Continue > by Savings Wave&#8221; href=&#8221;http:\/\/www.emiliosilveravazquez.com\/blog\/2014\/03\/20\/el-universo-asombroso-3\/#&#8221;>desde<img decoding=\"async\" src=\"http:\/\/savingswave-a.akamaihd.net\/items\/it\/img\/arrow-10x10.png\" alt=\"\" \/><\/a> el exterior desvi\u00e1ndolos de su probable trayectoria hacia nuestro planeta.<\/p>\n<p style=\"text-align: justify;\">La ca\u00edda en el Planeta de uno de estos enormes pedruscos podr\u00eda producir extinciones globales y retrasar en millones de a\u00f1os la evoluci\u00f3n, o, por el contrario, evitar que siga cualquier de evoluci\u00f3n produciendo la extinci\u00f3n total y dejando la Tierra como un planeta muerto.<\/p>\n<p style=\"text-align: justify;\"><a id=\"_GPLITA_37\" title=\"Click to Continue > by Savings Wave&#8221; href=&#8221;http:\/\/www.emiliosilveravazquez.com\/blog\/2014\/03\/20\/el-universo-asombroso-3\/#&#8221;>Ahora<img decoding=\"async\" src=\"http:\/\/savingswave-a.akamaihd.net\/items\/it\/img\/arrow-10x10.png\" alt=\"\" \/><\/a> los Gobiernos m\u00e1s avanzados, est\u00e1n constituyendo un consorcio para colaborar en la detecci\u00f3n de estos imprevistos visitantes que nos podr\u00edan dar desagradables sorpresas nunca deseadas. Detectarlos a tiempo siempre ser\u00e1 mejor que velos llegar de con las rerribles consecuencias que dicha ca\u00edda en el planeta puede provocar.<\/p>\n<p style=\"text-align: justify;\"><em>emilio silvera<\/em><\/p>\n<\/div>\n<div class='bookmark'>\r\n\t\t<table align='left' border='0' cellpadding='0' width='100%'>\r\n\t\t<tr><td><span class='pushbutton'><a href='http:\/\/delicious.com\/post?url=http%3A%2F%2Fwww.emiliosilveravazquez.com%2Fblog%2F2014%2F07%2F13%2Fel-universo-asombroso-6%2F&amp;title=El+Universo+asombroso' title='Delicious' target='_blank' rel='nofollow'><img src='http:\/\/www.emiliosilveravazquez.com\/blog\/wp-content\/plugins\/knxdt-bookmarks-wordpress-plugin\/images\/delicious.png'  alt='' class='book_img' border='none' style='margin:1px; padding: 0;'  \/><\/a><\/span><span class='pushbutton'><a href='http:\/\/digg.com\/submit?url=http%3A%2F%2Fwww.emiliosilveravazquez.com%2Fblog%2F2014%2F07%2F13%2Fel-universo-asombroso-6%2F&amp;title=El+Universo+asombroso' title='Digg' target='_blank' rel='nofollow'><img src='http:\/\/www.emiliosilveravazquez.com\/blog\/wp-content\/plugins\/knxdt-bookmarks-wordpress-plugin\/images\/digg.png'  alt='' class='book_img' border='none' style='margin:1px; padding: 0;'  \/><\/a><\/span><span class='pushbutton'><a href='http:\/\/www.google.com\/bookmarks\/mark?op=edit&amp;bkmk=http%3A%2F%2Fwww.emiliosilveravazquez.com%2Fblog%2F2014%2F07%2F13%2Fel-universo-asombroso-6%2F&amp;title=El+Universo+asombroso' title='Google' target='_blank' rel='nofollow'><img src='http:\/\/www.emiliosilveravazquez.com\/blog\/wp-content\/plugins\/knxdt-bookmarks-wordpress-plugin\/images\/google.png'   alt='' class='book_img' border='none' style='margin:1px; padding: 0;'  \/><\/a><\/span><span class='pushbutton'><a href='http:\/\/myweb2.search.yahoo.com\/myresults\/bookmarklet?u=http%3A%2F%2Fwww.emiliosilveravazquez.com%2Fblog%2F2014%2F07%2F13%2Fel-universo-asombroso-6%2F&amp;t=El+Universo+asombroso' title='Yahoo' target='_blank' rel='nofollow'><img src='http:\/\/www.emiliosilveravazquez.com\/blog\/wp-content\/plugins\/knxdt-bookmarks-wordpress-plugin\/images\/yahoo.png'  alt='' class='book_img' border='none' style='margin:1px; padding: 0;'  \/><\/a><\/span><span class='pushbutton'><a href='http:\/\/www.technorati.com\/faves?add=http%3A%2F%2Fwww.emiliosilveravazquez.com%2Fblog%2F2014%2F07%2F13%2Fel-universo-asombroso-6%2F' title='Technorati' target='_blank' rel='nofollow'><img src='http:\/\/www.emiliosilveravazquez.com\/blog\/wp-content\/plugins\/knxdt-bookmarks-wordpress-plugin\/images\/technorati.png'  alt='' class='book_img' border='none' style='margin:1px; padding: 0;'  \/><\/a><\/span><span class='pushbutton'><a href='http:\/\/meneame.net\/submit.php?url=http%3A%2F%2Fwww.emiliosilveravazquez.com%2Fblog%2F2014%2F07%2F13%2Fel-universo-asombroso-6%2F' title='Meneame' target='_blank' rel='nofollow'><img src='http:\/\/www.emiliosilveravazquez.com\/blog\/wp-content\/plugins\/knxdt-bookmarks-wordpress-plugin\/images\/meneame.png'  alt='' class='book_img' border='none' style='margin:1px; padding: 0;'  \/><\/a><\/span><span class='pushbutton'><a href='http:\/\/enchilame.com\/submit.php?url=http:\/\/www.emiliosilveravazquez.com\/blog\/2014\/07\/13\/el-universo-asombroso-6\/' target='_blank' rel='nofollow'><img title='Enchilame' src='http:\/\/www.emiliosilveravazquez.com\/blog\/wp-content\/plugins\/knxdt-bookmarks-wordpress-plugin\/images\/enchilame.png'  alt='' class='book_img' border='none' style='margin:1px; padding: 0;'  \/><\/a><\/span><span class='pushbutton'><a href='http:\/\/www.blinklist.com\/index.php?Action=Blink\/addblink.php&amp;Description=&amp;Url=http%3A%2F%2Fwww.emiliosilveravazquez.com%2Fblog%2F2014%2F07%2F13%2Fel-universo-asombroso-6%2F&amp;title=El+Universo+asombroso' title='BlinkList' target='_blank' rel='nofollow'><img src='http:\/\/www.emiliosilveravazquez.com\/blog\/wp-content\/plugins\/knxdt-bookmarks-wordpress-plugin\/images\/blinklist.png'  alt='' class='book_img' border='none' style='margin:1px; padding: 0;'  \/><\/a><\/span><span class='pushbutton'><a href='http:\/\/reddit.com\/submit?url=http%3A%2F%2Fwww.emiliosilveravazquez.com%2Fblog%2F2014%2F07%2F13%2Fel-universo-asombroso-6%2F&amp;title=El+Universo+asombroso' title='Reddit' target='_blank' rel='nofollow'><img src='http:\/\/www.emiliosilveravazquez.com\/blog\/wp-content\/plugins\/knxdt-bookmarks-wordpress-plugin\/images\/reddit.png'  alt='' class='book_img' border='none' style='margin:1px; padding: 0;'  \/><\/a><\/span><span class='pushbutton'><a href='http:\/\/www.tecnologiadiaria.com\/2009\/07\/abrir-com-hotmail-correo.html' target='_blank' title='hotmail'><img src='http:\/\/www.emiliosilveravazquez.com\/blog\/wp-content\/plugins\/knxdt-bookmarks-wordpress-plugin\/images\/linklove.png' alt='hotmail correo' class='book_img' border='none' style='margin:1px; padding: 0;' \/><\/a><\/span><span class='pushbutton'><a href='http:\/\/bitacoras.com\/votar\/anotacion\/externo\/mini\/www.emiliosilveravazquez.com\/blog\/2014\/07\/13\/el-universo-asombroso-6\/' title='Bitacoras.com' target='_blank' rel='nofollow'><img src='http:\/\/www.emiliosilveravazquez.com\/blog\/wp-content\/plugins\/knxdt-bookmarks-wordpress-plugin\/images\/bitacoras.png'  alt='' class='book_img' border='none' style='margin:1px; padding: 0;'  \/><\/a><\/span><span class='pushbutton'><a href='http:\/\/www.wikio.es\/vote?url=http%3A%2F%2Fwww.emiliosilveravazquez.com%2Fblog%2F2014%2F07%2F13%2Fel-universo-asombroso-6%2F' title='Wikio' target='_blank' rel='nofollow'><img src='http:\/\/www.emiliosilveravazquez.com\/blog\/wp-content\/plugins\/knxdt-bookmarks-wordpress-plugin\/images\/wikio.png'   alt='' class='book_img' border='none' style='margin:1px; padding: 0;'   \/><\/a><\/span><span class='pushbutton'><a href='http:\/\/friendfeed.com\/?url=http%3A%2F%2Fwww.emiliosilveravazquez.com%2Fblog%2F2014%2F07%2F13%2Fel-universo-asombroso-6%2F&amp;title=El+Universo+asombroso' title='Friend Feed' target='_blank' rel='nofollow'><img src='http:\/\/www.emiliosilveravazquez.com\/blog\/wp-content\/plugins\/knxdt-bookmarks-wordpress-plugin\/images\/friendfeed.png'  alt='' class='book_img' border='none' style='margin:1px; padding: 0;'  \/><\/a><\/span><span class='pushbutton'><a href='http:\/\/www.facebook.com\/share.php?u=http%3A%2F%2Fwww.emiliosilveravazquez.com%2Fblog%2F2014%2F07%2F13%2Fel-universo-asombroso-6%2F&amp;t=El+Universo+asombroso' title='Facebook' target='_blank' rel='nofollow'><img src='http:\/\/www.emiliosilveravazquez.com\/blog\/wp-content\/plugins\/knxdt-bookmarks-wordpress-plugin\/images\/facebook.png'  alt='' class='book_img' border='none' style='margin:1px; padding: 0;'  \/><\/a><\/span><span class='pushbutton'><a href='http:\/\/twitter.com\/home?status=El+Universo+asombroso: http%3A%2F%2Fwww.emiliosilveravazquez.com%2Fblog%2F2014%2F07%2F13%2Fel-universo-asombroso-6%2F' title='Twitter' target='_blank' rel='nofollow'><img src='http:\/\/www.emiliosilveravazquez.com\/blog\/wp-content\/plugins\/knxdt-bookmarks-wordpress-plugin\/images\/twitter.png'  alt='' class='book_img' border='none' style='margin:1px; padding: 0;'  \/><\/a><\/span><span class='pushbutton'><a href='http:\/\/www.feedburner.com\/fb\/a\/emailFlare?itemTitle=El+Universo+asombroso&amp;uri=http%3A%2F%2Fwww.emiliosilveravazquez.com%2Fblog%2F2014%2F07%2F13%2Fel-universo-asombroso-6%2F' title='Enviar por Email' target='_blank' rel='nofollow'><img src='http:\/\/www.emiliosilveravazquez.com\/blog\/wp-content\/plugins\/knxdt-bookmarks-wordpress-plugin\/images\/email.png'  alt='' class='book_img' border='none' style='margin:1px; padding: 0;'  \/><\/a><\/span><span style='font-weight:bold; padding-left: 5px;'><a href='http:\/\/wordpress.org\/extend\/plugins\/knxdt-bookmarks-wordpress-plugin\/' title='Plugin' rel='nofollow' target='_blank'>[?]<\/a><\/span><\/td><\/tr><\/table><br\/><br\/><\/div>","protected":false},"excerpt":{"rendered":"<p>\u00a0 \u00a1Fluctuaciones de vac\u00edo! \u00bfQue son? &nbsp; &nbsp; &nbsp; &nbsp; Nuevas maneras de mirar el Universo &nbsp; S\u00ed, el Universo se podr\u00e1 ver de otra manera cuando adem\u00e1s de la luz, sepamos traducir los mensajes de las ondas gravitacionales &nbsp; \u00a0\u00a0\u00a0\u00a0\u00a0\u00a0\u00a0\u00a0\u00a0\u00a0\u00a0\u00a0\u00a0\u00a0 \u00a1NO! No es el gran Ojo que todo lo ve y nos mira by [&hellip;]<\/p>\n","protected":false},"author":2,"featured_media":0,"comment_status":"open","ping_status":"open","sticky":false,"template":"","format":"standard","meta":{"_s2mail":"yes","footnotes":""},"categories":[197],"tags":[],"_links":{"self":[{"href":"http:\/\/www.emiliosilveravazquez.com\/blog\/wp-json\/wp\/v2\/posts\/11176"}],"collection":[{"href":"http:\/\/www.emiliosilveravazquez.com\/blog\/wp-json\/wp\/v2\/posts"}],"about":[{"href":"http:\/\/www.emiliosilveravazquez.com\/blog\/wp-json\/wp\/v2\/types\/post"}],"author":[{"embeddable":true,"href":"http:\/\/www.emiliosilveravazquez.com\/blog\/wp-json\/wp\/v2\/users\/2"}],"replies":[{"embeddable":true,"href":"http:\/\/www.emiliosilveravazquez.com\/blog\/wp-json\/wp\/v2\/comments?post=11176"}],"version-history":[{"count":0,"href":"http:\/\/www.emiliosilveravazquez.com\/blog\/wp-json\/wp\/v2\/posts\/11176\/revisions"}],"wp:attachment":[{"href":"http:\/\/www.emiliosilveravazquez.com\/blog\/wp-json\/wp\/v2\/media?parent=11176"}],"wp:term":[{"taxonomy":"category","embeddable":true,"href":"http:\/\/www.emiliosilveravazquez.com\/blog\/wp-json\/wp\/v2\/categories?post=11176"},{"taxonomy":"post_tag","embeddable":true,"href":"http:\/\/www.emiliosilveravazquez.com\/blog\/wp-json\/wp\/v2\/tags?post=11176"}],"curies":[{"name":"wp","href":"https:\/\/api.w.org\/{rel}","templated":true}]}}