{"id":11091,"date":"2014-06-20T05:46:54","date_gmt":"2014-06-20T04:46:54","guid":{"rendered":"http:\/\/www.emiliosilveravazquez.com\/blog\/?p=11091"},"modified":"2014-06-20T05:46:54","modified_gmt":"2014-06-20T04:46:54","slug":"%c2%a1alejandria-la-cultura-y-el-saber-2","status":"publish","type":"post","link":"http:\/\/www.emiliosilveravazquez.com\/blog\/2014\/06\/20\/%c2%a1alejandria-la-cultura-y-el-saber-2\/","title":{"rendered":"\u00a1Alejandr\u00eda! La Cultura y el Saber"},"content":{"rendered":"<div>\n<h2 style=\"text-align: justify;\">\u00a0\u00ab <a href=\"http:\/\/www.emiliosilveravazquez.com\/blog\/2012\/11\/29\/el-efecto-casimir-y-algunos-misterios-por-desvelar\/\" rel=\"prev\">El Efecto Casimir y algunos misterios por desvelar<\/a><\/h2>\n<\/div>\n<div style=\"text-align: justify;\">\n<div><a href=\"http:\/\/www.emiliosilveravazquez.com\/blog\/2012\/11\/30\/breve-historia-del-universo-i\/\" rel=\"next\">Breve historia del Universo I<\/a> \u00bb<\/div>\n<\/div>\n<h3><\/h3>\n<div align=\"center\"><img decoding=\"async\" src=\"http:\/\/lh4.ggpht.com\/_0_XWhqXM2VQ\/S5KzPr5Ph7I\/AAAAAAAAJs8\/tYOgGOOTr7w\/1692387141_5f1bab9da9_thumb4.jpg?imgmax=800\" alt=\"[I] Las 7 Maravillas del Mundo Antiguo\" border=\"0\" \/><\/div>\n<p>&nbsp;<\/p>\n<p>&nbsp;<\/p>\n<div>\n<p style=\"text-align: justify;\"><strong>La construcci\u00f3n del Faro de Alejandr\u00eda consist\u00eda en una amplia base cuadrada y una torre octogonal de unos 100 metros de altura. En la parte superior ard\u00eda le\u00f1a y resina; \u00e9sa luz serv\u00eda de aviso y se\u00f1al a los navegantes. Para los marineros, signific\u00f3 un gu\u00eda seguro para sus retornos al gran puerto. Para los arquitectos, signific\u00f3 a\u00fan m\u00e1s; era el edificio m\u00e1s alto sobre la tierra y para los cient\u00edficos era lo misterioso; pose\u00eda un espejo que los fascin\u00f3. El espejo daba un reflejo que podr\u00eda ser visto a m\u00e1s de 50 Km., fuera de la costa. Su ubicaci\u00f3n se sit\u00faa sobre la antigua Isla de Faros, <a id=\"_GPLITA_0\" title=\"Click to Continue > by Savings Wave&#8221; href=&#8221;http:\/\/www.emiliosilveravazquez.com\/blog\/2012\/11\/29\/%C2%A1alejandria-la-cultura-y-el-saber\/#&#8221;>ahora<img decoding=\"async\" src=\"http:\/\/savingswave-a.akamaihd.net\/items\/it\/img\/arrow-10x10.png\" alt=\"\" \/><\/a> un promontorio dentro de la ciudad de Alejandr\u00eda.<\/strong><\/p>\n<p style=\"text-align: justify;\"><img decoding=\"async\" loading=\"lazy\" id=\"il_fi\" src=\"http:\/\/paginaspersonales.deusto.es\/abaitua\/_outside\/ikasle\/dip_03\/grupo_f\/ciudad%20de%20alejandria%202.jpg\" alt=\"\" width=\"473\" height=\"354\" \/><\/p>\n<p style=\"text-align: justify;\">La ciudad de Alejandr\u00eda, en Egipto, una ciudad situada entre Oriente y Occidente, que fue durante varios siglos el centro del saber, \u201cun centro de c\u00e1lculo\u201d, \u201cun lugar paradigm\u00e1tico\u201d. Fundada por Alejandro Magno en 331 a.C., en <a id=\"_GPLITA_1\" title=\"Click to Continue > by Savings Wave&#8221; href=&#8221;http:\/\/www.emiliosilveravazquez.com\/blog\/2012\/11\/29\/%C2%A1alejandria-la-cultura-y-el-saber\/#&#8221;>parte<img decoding=\"async\" src=\"http:\/\/savingswave-a.akamaihd.net\/items\/it\/img\/arrow-10x10.png\" alt=\"\" \/><\/a> por su deseo de acercar Egipto al mundo griego y en parte porque quer\u00eda un puerto que no se viera afectado por las inundaciones del Nilo.<\/p>\n<p style=\"text-align: justify;\">Alejandr\u00eda fue pensada desde el principio como una \u201cmegal\u00f3polis\u201d, construida en <a id=\"_GPLITA_2\" title=\"Click to Continue > by Savings Wave&#8221; href=&#8221;http:\/\/www.emiliosilveravazquez.com\/blog\/2012\/11\/29\/%C2%A1alejandria-la-cultura-y-el-saber\/#&#8221;>forma<img decoding=\"async\" src=\"http:\/\/savingswave-a.akamaihd.net\/items\/it\/img\/arrow-10x10.png\" alt=\"\" \/><\/a> de chlamys, una capa militar Macedonia, y\u00a0 provista de murallas que se extender\u00edan \u201csin cesar\u201d en la distancia, con las calles tan amplias como nunca se hab\u00eda visto, basada en el dise\u00f1o aristot\u00e9lico de la ciudad ideal (una cuadr\u00edcula dispuesta de tal manera que se beneficiara de las brisas marinas, pero proporcionara refugio frente al viento).<\/p>\n<p style=\"text-align: justify;\">Un tercio de la ciudad era \u201cterritorio real\u201d, y \u00e9sta constitu\u00eda un centro de comercio convenientemente situado en el extremo oriental del Mediterr\u00e1neo, cerca del lugar en el que el Nilo y el mar Rojo conforman un cruce de caminos internacional, y donde muchas caravanas procedentes del interior de \u00c1frica y de Asia converg\u00edan en la costa.<\/p>\n<p style=\"text-align: justify;\">Dispon\u00eda de dos puertos, uno de los cuales ostentaba el famoso faro de casi cuarenta y cinco metro de alto (otros historiadores dicen que cien), una de las maravillas del mundo antiguo, que pod\u00eda ser visto <a id=\"_GPLITA_3\" title=\"Click to Continue > by Savings Wave&#8221; href=&#8221;http:\/\/www.emiliosilveravazquez.com\/blog\/2012\/11\/29\/%C2%A1alejandria-la-cultura-y-el-saber\/#&#8221;>desde<img decoding=\"async\" src=\"http:\/\/savingswave-a.akamaihd.net\/items\/it\/img\/arrow-10x10.png\" alt=\"\" \/><\/a> una distancia de m\u00e1s de cincuenta kil\u00f3metros.<\/p>\n<p style=\"text-align: justify;\"><img decoding=\"async\" loading=\"lazy\" id=\"il_fi\" src=\"http:\/\/www.biografiasyvidas.com\/monografia\/alejandro_magno\/fotos\/alejandro_11.jpg\" alt=\"\" width=\"600\" height=\"400\" \/><\/p>\n<p style=\"text-align: justify;\">Tras la muerte de Alejandro, sus generales se pelearon entre s\u00ed, lo que finaliz\u00f3 con una divisi\u00f3n del imperio en la que Selenco se hizo con el control de la parte septentrional, incluidos Israel y Siria, mientras que los territorios egipcios quedaron bajo el control de Ptolomeo I, al menos desde el a\u00f1o 306 a.C.<\/p>\n<p style=\"text-align: justify;\">Con todo, Alejandr\u00eda era principalmente famosa como centro de conocimiento.\u00a0\u00a0 Seg\u00fan la tradici\u00f3n, el mismo Alejandro, cuando hubo decidido cu\u00e1l era el lugar ideal <a id=\"_GPLITA_4\" title=\"Click to Continue > by Savings Wave&#8221; href=&#8221;http:\/\/www.emiliosilveravazquez.com\/blog\/2012\/11\/29\/%C2%A1alejandria-la-cultura-y-el-saber\/#&#8221;>para<img decoding=\"async\" src=\"http:\/\/savingswave-a.akamaihd.net\/items\/it\/img\/arrow-10x10.png\" alt=\"\" \/><\/a> su nueva ciudad, orden\u00f3 tambi\u00e9n la construcci\u00f3n en ella de una gran Biblioteca dedicada a las musas.<\/p>\n<p style=\"text-align: justify;\"><img decoding=\"async\" title=\"M\u00e1s...\" src=\"http:\/\/www.emiliosilveravazquez.com\/blog\/wp-includes\/js\/tinymce\/plugins\/wordpress\/img\/trans.gif\" alt=\"\" \/><\/p>\n<p style=\"text-align: justify;\">La idea no era nueva: en Babilonia se hab\u00edan reunido diversas bibliotecas y otras hab\u00edan surgido en diversos lugares del Mediterr\u00e1neo, en particular en P\u00e9rgamo y Efeso.\u00a0 No obstante, <a id=\"_GPLITA_5\" title=\"Click to Continue > by Savings Wave&#8221; href=&#8221;http:\/\/www.emiliosilveravazquez.com\/blog\/2012\/11\/29\/%C2%A1alejandria-la-cultura-y-el-saber\/#&#8221;>desde<img decoding=\"async\" src=\"http:\/\/savingswave-a.akamaihd.net\/items\/it\/img\/arrow-10x10.png\" alt=\"\" \/><\/a> el principio la ambici\u00f3n era mayor en Alejandr\u00eda que en cualquier otro lugar y, en palabras de un estudioso, lo que se organiz\u00f3 all\u00ed fue una verdadera \u201cfuente del conocimiento\u201d.\u00a0 Ya en 283 a.C. hab\u00eda un s\u00ednodo, una comunidad de entre treinta y cincuenta hombres instruidos (s\u00f3lo hombres), vinculado a la biblioteca y dotado de especiales privilegios: los estudiosos estaban exentos del pago de impuestos y pod\u00edan abastecerse y hospedarse gratis en el sector real de la ciudad.<\/p>\n<p style=\"text-align: justify;\"><img decoding=\"async\" loading=\"lazy\" id=\"il_fi\" src=\"http:\/\/4.bp.blogspot.com\/-UfYFPUVay2Q\/T7UMCfT6pBI\/AAAAAAAAAp8\/9KHcK-xiYOk\/s1600\/alejandria_biblioteca.jpg\" alt=\"\" width=\"676\" height=\"396\" \/><\/p>\n<p style=\"text-align: justify;\">La biblioteca estaba dirigida por un erudito-bibliotecario, nombrado por el rey y quien adem\u00e1s ocupaba el cargo de tutor real.\u00a0 Esta biblioteca ten\u00eda varias alas, con filas de anaqueles, o thaike, dispuestos a lo largo de paseos cubiertos y provistos de nichos, en los que se guardaban las distintas categor\u00edas del saber.\u00a0 Hab\u00eda <a id=\"_GPLITA_6\" title=\"Click to Continue > by Savings Wave&#8221; href=&#8221;http:\/\/www.emiliosilveravazquez.com\/blog\/2012\/11\/29\/%C2%A1alejandria-la-cultura-y-el-saber\/#&#8221;>salas de conferencias<img decoding=\"async\" src=\"http:\/\/savingswave-a.akamaihd.net\/items\/it\/img\/arrow-10x10.png\" alt=\"\" \/><\/a> y un jard\u00edn bot\u00e1nico.<\/p>\n<p style=\"text-align: justify;\">El primer bibliotecario fue Demetrio y para la \u00e9poca del poeta Cal\u00edmaco, uno de sus sucesores m\u00e1s famosos, en el siglo III a. de C., la biblioteca pose\u00eda m\u00e1s de 400.000 rollos m\u00faltiples y noventa mil rollos \u00fanicos.\u00a0 Posteriormente, el Serapeo, la biblioteca hija de la de Alejandr\u00eda, alojada en el templo de Serapis, un <a id=\"_GPLITA_7\" title=\"Click to Continue > by Savings Wave&#8221; href=&#8221;http:\/\/www.emiliosilveravazquez.com\/blog\/2012\/11\/29\/%C2%A1alejandria-la-cultura-y-el-saber\/#&#8221;>nuevo<img decoding=\"async\" src=\"http:\/\/savingswave-a.akamaihd.net\/items\/it\/img\/arrow-10x10.png\" alt=\"\" \/><\/a> culto greco-egipcio, acaso basado en el de Hades, el dios griego de los muertos, lleg\u00f3 a reunir otros 40.000 rollos.<\/p>\n<p style=\"text-align: justify;\">Cal\u00edmaco cre\u00f3 el primer cat\u00e1logo tem\u00e1tico del mundo, el Pinakes, uno de cuyos efectos fue que para el siglo IV d.C., hasta cien estudiosos acud\u00edan a la vez a la biblioteca para consultar sus libros y discutir los textos unos con otros.\u00a0 <a id=\"_GPLITA_8\" title=\"Click to Continue > by Savings Wave&#8221; href=&#8221;http:\/\/www.emiliosilveravazquez.com\/blog\/2012\/11\/29\/%C2%A1alejandria-la-cultura-y-el-saber\/#&#8221;>Esta<img decoding=\"async\" src=\"http:\/\/savingswave-a.akamaihd.net\/items\/it\/img\/arrow-10x10.png\" alt=\"\" \/><\/a> distinguida comunidad existi\u00f3 durante unos setecientos a\u00f1os.\u00a0 Los estudiosos escrib\u00edan sobre papiro, material sobre el que Alejandr\u00eda mantuvo un monopolio durante cierto tiempo, y luego sobre pergamino, cuando el rey dej\u00f3 de exportar papiro en un intento de impedir la construcci\u00f3n de bibliotecas rivales en otros lugares, en especial en P\u00e9rgamo.<\/p>\n<p style=\"text-align: justify;\"><img decoding=\"async\" loading=\"lazy\" src=\"http:\/\/laposadadehermes.eresmas.com\/fotos\/biblioteca_de_alejandria.jpg\" alt=\"Biblioteca de Alejandr\u00eda\" width=\"300\" height=\"239\" \/><\/p>\n<p style=\"text-align: justify;\">Los libros de pergamino y papiro se escrib\u00edan en rollos (su longitud era m\u00e1s o menos equivalentes a la de uno de nuestros cap\u00edtulos) y se almacenaban en fundas de cuero o lino y se colocaban en estantes.\u00a0 <a id=\"_GPLITA_9\" title=\"Click to Continue > by Savings Wave&#8221; href=&#8221;http:\/\/www.emiliosilveravazquez.com\/blog\/2012\/11\/29\/%C2%A1alejandria-la-cultura-y-el-saber\/#&#8221;>Para<img decoding=\"async\" src=\"http:\/\/savingswave-a.akamaihd.net\/items\/it\/img\/arrow-10x10.png\" alt=\"\" \/><\/a> la \u00e9poca de los romanos, no todos los libros eran ya rollos: se hab\u00edan introducido los c\u00f3dices que se almacenaban en cajas de madera.<\/p>\n<p style=\"text-align: justify;\">La biblioteca tambi\u00e9n contaba con muchos charakitai, \u201camanuenses\u201d <a id=\"_GPLITA_10\" title=\"Click to Continue > by Savings Wave&#8221; href=&#8221;http:\/\/www.emiliosilveravazquez.com\/blog\/2012\/11\/29\/%C2%A1alejandria-la-cultura-y-el-saber\/#&#8221;>como<img decoding=\"async\" src=\"http:\/\/savingswave-a.akamaihd.net\/items\/it\/img\/arrow-10x10.png\" alt=\"\" \/><\/a> se los denominaba, y que eran de hecho traductores.<\/p>\n<p style=\"text-align: justify;\">A los reyes de Alejandr\u00eda, los Ptolomeos, les encantaba adquirir copias de todos los libros que a\u00fan no pose\u00edan, en un esfuerzo por reunir toda la sabidur\u00eda de Grecia, Babilonia, la India y dem\u00e1s lugares.\u00a0 En particular, Ptolomeo III Evergetes encarg\u00f3 a agentes que registraran todo el Mediterr\u00e1neo en busca de textos y \u00e9l mismo escribi\u00f3 a todos los soberanos del mundo conocido pidi\u00e9ndoles que le prestaran sus libros para copiarlos.<\/p>\n<p style=\"text-align: justify;\">Cuando le fueron prestadas las obras de Eur\u00edpides, Esquilo y S\u00f3focles, conserv\u00f3 los originales y devolvi\u00f3 las copias que hab\u00edan hecho, renunciando a la fianza\u00a0 que hab\u00eda pagado.\u00a0 De igual <a id=\"_GPLITA_11\" title=\"Click to Continue > by Savings Wave&#8221; href=&#8221;http:\/\/www.emiliosilveravazquez.com\/blog\/2012\/11\/29\/%C2%A1alejandria-la-cultura-y-el-saber\/#&#8221;>forma<img decoding=\"async\" src=\"http:\/\/savingswave-a.akamaihd.net\/items\/it\/img\/arrow-10x10.png\" alt=\"\" \/><\/a>, todas las embarcaciones que pasaban por Alejandr\u00eda estaban obligadas a depositar todos sus libros (los que transportaran) en la biblioteca, donde se los copiaba y catalogaba como \u201cde las naves\u201d.\u00a0 En su mayor\u00eda, lo que se devolv\u00eda a las naves eran las copias de los libros confiscados.<\/p>\n<p style=\"text-align: justify;\"><img decoding=\"async\" src=\"http:\/\/elultimocataro.files.wordpress.com\/2008\/09\/antigua-biblioteca-de-alejandria.jpg\" alt=\"\" border=\"0\" \/><\/p>\n<p style=\"text-align: justify;\">\u00a0\u00a0\u00a0\u00a0\u00a0\u00a0\u00a0\u00a0\u00a0\u00a0\u00a0\u00a0\u00a0\u00a0 Una <a id=\"_GPLITA_12\" title=\"Click to Continue > by Savings Wave&#8221; href=&#8221;http:\/\/www.emiliosilveravazquez.com\/blog\/2012\/11\/29\/%C2%A1alejandria-la-cultura-y-el-saber\/#&#8221;>parte<img decoding=\"async\" src=\"http:\/\/savingswave-a.akamaihd.net\/items\/it\/img\/arrow-10x10.png\" alt=\"\" \/><\/a> de aquella biblioteca de la antig\u00fcedad<\/p>\n<p style=\"text-align: justify;\">As\u00ed, la riqueza de saber y cultura que acumul\u00f3 aquella biblioteca del pasado fue incalculable e hizo que desempe\u00f1ara un papel primordial en el mundo civilizado de la antig\u00fcedad. Entre los famosos estudiosos que se hicieron en Alejandr\u00eda se encuentran Eucl\u00eddes, quien pudo haber escrito sus Elementos durante el reinado de Ptolomeo I (323-285 a.C.), Aristarco, que propuso una descripci\u00f3n helioc\u00e9ntrica del sistema planetario, y Apolunio de Perga, \u201cel gran ge\u00f3metra\u201d, que escribi\u00f3 su influyente libro sobre las secciones c\u00f3smicas en la ciudad.\u00a0 Apolunio de Rodas fue el autor de la epopeya El <a id=\"_GPLITA_13\" title=\"Click to Continue > by Savings Wave&#8221; href=&#8221;http:\/\/www.emiliosilveravazquez.com\/blog\/2012\/11\/29\/%C2%A1alejandria-la-cultura-y-el-saber\/#&#8221;>viaje<img decoding=\"async\" src=\"http:\/\/savingswave-a.akamaihd.net\/items\/it\/img\/arrow-10x10.png\" alt=\"\" \/><\/a> de los argonautas (c. 270 a.C.) y quien presento a Arqu\u00edmedes de Siracusa, que durante un tiempo se dedico a estudiar las crecidas del Nilo e invent\u00f3 el tornillo que lo har\u00eda famoso.\u00a0 Arqu\u00edmedes tambi\u00e9n inici\u00f3 la hidrost\u00e1tica y esboz\u00f3 su m\u00e9todo para calcular el \u00e1rea y el volumen que, mil ochocientos a\u00f1os despu\u00e9s, conformar\u00eda las bases del c\u00e1lculo.<\/p>\n<p style=\"text-align: justify;\"><img decoding=\"async\" loading=\"lazy\" src=\"https:\/\/encrypted-tbn2.gstatic.com\/images?q=tbn:ANd9GcSCHYZSzkI3-_sHezH7G0lValYxm-W4MYsBJKhWikzqrO_JZIq8\" alt=\"\" width=\"501\" height=\"393\" \/><\/p>\n<p style=\"text-align: justify;\">Un bibliotecario posterior, Erat\u00f3stenes (276-196 a.C.), fue ge\u00f3grafo y\u00a0 matem\u00e1tico.\u00a0 Gran amigo de Arqu\u00edmedes, cre\u00eda que todos los oc\u00e9anos de la Tierra estaban conectados entre s\u00ed, que alg\u00fan d\u00eda ser\u00eda posible circunnavegar \u00c1frica y que podr\u00eda llegarse a la India \u201cnavegando en direcci\u00f3n oeste <a id=\"_GPLITA_14\" title=\"Click to Continue > by Savings Wave&#8221; href=&#8221;http:\/\/www.emiliosilveravazquez.com\/blog\/2012\/11\/29\/%C2%A1alejandria-la-cultura-y-el-saber\/#&#8221;>desde<img decoding=\"async\" src=\"http:\/\/savingswave-a.akamaihd.net\/items\/it\/img\/arrow-10x10.png\" alt=\"\" \/><\/a> Espa\u00f1a\u201d.<\/p>\n<p style=\"text-align: justify;\"><img decoding=\"async\" loading=\"lazy\" id=\"irc_mi\" src=\"http:\/\/2.bp.blogspot.com\/-7eGu65TUn-k\/UcbZuO-_T2I\/AAAAAAAABHU\/kvuNXAYQPLQ\/s640\/Panorama1.jpg\" alt=\"\" width=\"462\" height=\"207\" \/><\/p>\n<div style=\"text-align: justify;\">En el solsticio de verano los rayos solares inciden perpendicularmente sobre Siena. En Alejandr\u00eda, m\u00e1s al norte, midiendo la altura de un edificio y la longitud de la sombra que proyecta, se <a id=\"_GPLITA_15\" title=\"Click to Continue > by Savings Wave&#8221; href=&#8221;http:\/\/www.emiliosilveravazquez.com\/blog\/2012\/11\/29\/%C2%A1alejandria-la-cultura-y-el-saber\/#&#8221;>puede<img decoding=\"async\" src=\"http:\/\/savingswave-a.akamaihd.net\/items\/it\/img\/arrow-10x10.png\" alt=\"\" \/><\/a> determinar el \u00e1ngulo formado con el plano de la ecl\u00edptica, en el que se encuentran el Sol y la ciudad de Siena, \u00e1ngulo que es precisamente la diferencia de latitud entre ambas ciudades. Conocida \u00e9sta, basta medir el arco de circunferencia y extrapolar el resultado a la circunferencia completa (360\u00ba).<\/div>\n<p style=\"text-align: justify;\">Fue Erat\u00f3stenes quien calcul\u00f3 la duraci\u00f3n correcta del a\u00f1o, quien propuso la idea de que la Tierra es redonda y quien calcul\u00f3 su di\u00e1metro con un error de <a id=\"_GPLITA_16\" title=\"Click to Continue > by Savings Wave&#8221; href=&#8221;http:\/\/www.emiliosilveravazquez.com\/blog\/2012\/11\/29\/%C2%A1alejandria-la-cultura-y-el-saber\/#&#8221;>solo<img decoding=\"async\" src=\"http:\/\/savingswave-a.akamaihd.net\/items\/it\/img\/arrow-10x10.png\" alt=\"\" \/><\/a> 80 km.<\/p>\n<p style=\"text-align: justify;\">Erat\u00f3stenes tambi\u00e9n dio origen a la ciencia de la cronolog\u00eda al establecer con mucho cuidado las fechas de la ca\u00edda de Troya (1.184 a.C.), la primera olimpiada (776 a.C.) y el estallido de la guerra de peloponeso (432 a.C.).\u00a0 Asimismo, ide\u00f3 el calendario que finalmente establecer\u00eda Julio Cesar y dise\u00f1o un m\u00e9todo <a id=\"_GPLITA_17\" title=\"Click to Continue > by Savings Wave&#8221; href=&#8221;http:\/\/www.emiliosilveravazquez.com\/blog\/2012\/11\/29\/%C2%A1alejandria-la-cultura-y-el-saber\/#&#8221;>para<img decoding=\"async\" src=\"http:\/\/savingswave-a.akamaihd.net\/items\/it\/img\/arrow-10x10.png\" alt=\"\" \/><\/a> identificar los n\u00fameros primos.<\/p>\n<p style=\"text-align: justify;\"><a id=\"_GPLITA_18\" title=\"Click to Continue > by Savings Wave&#8221; href=&#8221;http:\/\/www.emiliosilveravazquez.com\/blog\/2012\/11\/29\/%C2%A1alejandria-la-cultura-y-el-saber\/#&#8221;>Entre<img decoding=\"async\" src=\"http:\/\/savingswave-a.akamaihd.net\/items\/it\/img\/arrow-10x10.png\" alt=\"\" \/><\/a> los estudiosos se le conoc\u00eda como \u201cBeta\u201d (Plat\u00f3n era \u201cAlfa\u201d).<\/p>\n<p style=\"text-align: justify;\"><img decoding=\"async\" loading=\"lazy\" id=\"il_fi\" src=\"http:\/\/euler.us.es\/%7Elibros\/images\/euclides44.jpg\" alt=\"\" width=\"395\" height=\"568\" \/><\/p>\n<p style=\"text-align: justify;\">Los Elementos de Euclides es un texto reconocido por lo general como el m\u00e1s influyente de todos los tiempos.\u00a0 Escrito hacia el a\u00f1o 300 a. C., de \u00e9l se han hecho much\u00edsimas copias de ediciones que, <a id=\"_GPLITA_19\" title=\"Click to Continue > by Savings Wave&#8221; href=&#8221;http:\/\/www.emiliosilveravazquez.com\/blog\/2012\/11\/29\/%C2%A1alejandria-la-cultura-y-el-saber\/#&#8221;>seguramente<img decoding=\"async\" src=\"http:\/\/savingswave-a.akamaihd.net\/items\/it\/img\/arrow-10x10.png\" alt=\"\" \/><\/a> lo convierta en el libro m\u00e1s reeditado en el mundo despu\u00e9s de la Biblia (sus contenidos, m\u00e1s de 2.000 a\u00f1os despu\u00e9s, a\u00fan se ense\u00f1an en las escuelas de secundarias).<\/p>\n<p style=\"text-align: justify;\">Es posible que Euclides (ev significa \u201cbueno\u201d y kleis significa \u201cllave\u201d) estudiara en la Academia de Plat\u00f3n, incluso con el gran maestro en persona (naci\u00f3 en Atenas hacia el a\u00f1o 330 a.C.); aunque no produjo ninguna nueva idea en s\u00ed, sus Elementos (Stoichia) se consideran una historia completa de la matem\u00e1tica griega hasta ese <a id=\"_GPLITA_20\" title=\"Click to Continue > by Savings Wave&#8221; href=&#8221;http:\/\/www.emiliosilveravazquez.com\/blog\/2012\/11\/29\/%C2%A1alejandria-la-cultura-y-el-saber\/#&#8221;>momento<img decoding=\"async\" src=\"http:\/\/savingswave-a.akamaihd.net\/items\/it\/img\/arrow-10x10.png\" alt=\"\" \/><\/a>.<\/p>\n<p style=\"text-align: justify;\">El libro comienza con una serie de definiciones, como la del punto (\u201clo que no tiene <a id=\"_GPLITA_21\" title=\"Click to Continue > by Savings Wave&#8221; href=&#8221;http:\/\/www.emiliosilveravazquez.com\/blog\/2012\/11\/29\/%C2%A1alejandria-la-cultura-y-el-saber\/#&#8221;>parte<img decoding=\"async\" src=\"http:\/\/savingswave-a.akamaihd.net\/items\/it\/img\/arrow-10x10.png\" alt=\"\" \/><\/a>\u201d) o la l\u00ednea (\u201cuna longitud sin amplitud\u201d), describe diversos \u00e1ngulos y planos, sigue despu\u00e9s con cinco postulados (como el de que \u201cpuede trazarse una l\u00ednea de un punto cualquiera a otro punto cualquiera\u201d) y cinco axiomas, como el de que\u201d todas las cosas iguales a la\u00a0 misma cosa son iguales entre s\u00ed\u201d.\u00a0 Los trece libros, o cap\u00edtulos, que siguen exploran la geometr\u00eda del plano, la geometr\u00eda de los s\u00f3lidos, la teor\u00eda de los n\u00fameros, las proporciones y su famoso m\u00e9todo de \u201cagotamiento\u201d.\u00a0 En este Euclides muestra c\u00f3mo \u201cagotar\u201d el \u00e1rea de un c\u00edrculo inscribiendo pol\u00edgonos en \u00e9l.<\/p>\n<p style=\"text-align: justify;\"><img decoding=\"async\" loading=\"lazy\" id=\"il_fi\" src=\"http:\/\/img235.imageshack.us\/img235\/377\/mundopalanca2mq1.gif\" alt=\"\" width=\"277\" height=\"166\" \/><\/p>\n<p style=\"text-align: justify;\">\u00a0\u00a0\u00a0\u00a0\u00a0 Dadme una palanca y mover\u00e9 el mundo<\/p>\n<p style=\"text-align: justify;\"><img decoding=\"async\" loading=\"lazy\" id=\"il_fi\" src=\"http:\/\/upload.wikimedia.org\/wikipedia\/commons\/thumb\/c\/c6\/Thesaurus_opticus_Titelblatt.jpg\/200px-Thesaurus_opticus_Titelblatt.jpg\" alt=\"\" width=\"200\" height=\"220\" \/><\/p>\n<p style=\"text-align: justify;\">Los famosos espejos de Arqu\u00edmedes quemaban las velas de las embarcaciones enemigas.<\/p>\n<p style=\"text-align: justify;\"><img decoding=\"async\" src=\"http:\/\/upload.wikimedia.org\/wikipedia\/commons\/4\/43\/Archimedes.png\" alt=\"\" \/><\/p>\n<div>\n<div><a href=\"http:\/\/commons.wikimedia.org\/wiki\/File:Archimedes-screw_one-screw-threads_with-ball_3D-view_animated_small.gif\"><img decoding=\"async\" loading=\"lazy\" src=\"http:\/\/upload.wikimedia.org\/wikipedia\/commons\/2\/22\/Archimedes-screw_one-screw-threads_with-ball_3D-view_animated_small.gif\" alt=\"\" width=\"200\" height=\"146\" data-file-width=\"200\" data-file-height=\"146\" \/><\/a><\/div>\n<\/div>\n<div>El Tornillo de Arqu\u00edmedes y su funcionamientouncionamiento. Verdaderamente era un adelantado a su tiempo y ten\u00eda ideas que, a\u00fan hoy, prevalecen.<\/div>\n<\/div>\n<div style=\"text-align: justify;\">\n<p><em><br \/>\n<\/em><\/p>\n<\/div>\n<p style=\"text-align: justify;\">Tambi\u00e9n es digno de menci\u00f3n aqu\u00ed un personaje singular como Arqu\u00edmedes de Siracusa (287-219 a.C.), el m\u00e1s vers\u00e1til de los matem\u00e1ticos hel\u00e9nicos.\u00a0 Al parecer estudi\u00f3 en Alejandr\u00eda durante un tiempo, con disc\u00edpulos de Euclides, y aunque vivi\u00f3 principalmente en Siracusa, donde muri\u00f3, estuvo en <a id=\"_GPLITA_22\" title=\"Click to Continue > by Savings Wave&#8221; href=&#8221;http:\/\/www.emiliosilveravazquez.com\/blog\/2012\/11\/29\/%C2%A1alejandria-la-cultura-y-el-saber\/#&#8221;>contacto<img decoding=\"async\" src=\"http:\/\/savingswave-a.akamaihd.net\/items\/it\/img\/arrow-10x10.png\" alt=\"\" \/><\/a> constante con los investigadores de esta ciudad.<\/p>\n<p style=\"text-align: justify;\">Durante la segunda guerra p\u00fanica, Siracusa fue arrastrada por el conflicto entre Roma y Cartago y, unida a este \u00faltimo bando, fue sitiada por los romanos entre 214 y 212 a.C. Durante esta guerra, nos dice Plutarco en su vida del general romano Marcelo, Arqu\u00edmedes invent\u00f3 un gran <a id=\"_GPLITA_23\" title=\"Click to Continue > by Savings Wave&#8221; href=&#8221;http:\/\/www.emiliosilveravazquez.com\/blog\/2012\/11\/29\/%C2%A1alejandria-la-cultura-y-el-saber\/#&#8221;>n\u00famero<img decoding=\"async\" src=\"http:\/\/savingswave-a.akamaihd.net\/items\/it\/img\/arrow-10x10.png\" alt=\"\" \/><\/a> de ingeniosas armas para defenderse del enemigo, incluidas catapultas y espejos capaces de prender fuego a las embarcaciones romanas.\u00a0 Pese a todo, sus esfuerzos resultaron in\u00fatiles y la ciudad cay\u00f3.\u00a0\u00a0 Pese a que Marcelo hab\u00eda ordenado que respetaran la vida de Arqu\u00edmedes, un soldado romano le mat\u00f3 con su espada mientras dibujaba una figura geom\u00e9trica en la arena.<\/p>\n<p style=\"text-align: justify;\">Arqu\u00edmedes fue un innovador con sus ideas de extraordinario valor sobre las palancas, en su obra sobre el equilibrio de los planos, y sobre hidrost\u00e1tica, en sobre los cuerpos flotantes.\u00a0 En este \u00faltimo encontramos su famosa idea de que \u201ccualquier s\u00f3lido menos pesado que un fluido se hundir\u00e1, al ser colocado en \u00e9l, <a id=\"_GPLITA_24\" title=\"Click to Continue > by Savings Wave&#8221; href=&#8221;http:\/\/www.emiliosilveravazquez.com\/blog\/2012\/11\/29\/%C2%A1alejandria-la-cultura-y-el-saber\/#&#8221;>hasta<img decoding=\"async\" src=\"http:\/\/savingswave-a.akamaihd.net\/items\/it\/img\/arrow-10x10.png\" alt=\"\" \/><\/a> el punto en el que el peso del flu\u00eddo desplazado sea igual al peso del s\u00f3lido\u201d.<\/p>\n<p style=\"text-align: justify;\">Tambi\u00e9n explor\u00f3 los n\u00fameros grandes, una preocupaci\u00f3n que siglos despu\u00e9s conducir\u00eda a la invenci\u00f3n de los logaritmos, y consigui\u00f3 el c\u00e1lculo m\u00e1s acertado de p hasta la <a id=\"_GPLITA_25\" title=\"Click to Continue > by Savings Wave&#8221; href=&#8221;http:\/\/www.emiliosilveravazquez.com\/blog\/2012\/11\/29\/%C2%A1alejandria-la-cultura-y-el-saber\/#&#8221;>fecha<img decoding=\"async\" src=\"http:\/\/savingswave-a.akamaihd.net\/items\/it\/img\/arrow-10x10.png\" alt=\"\" \/><\/a>.<\/p>\n<p style=\"text-align: justify;\"><img decoding=\"async\" loading=\"lazy\" id=\"il_fi\" src=\"http:\/\/www.egiptologia.com\/images\/stories\/noticias\/2007-08-02.jpg\" alt=\"\" width=\"400\" height=\"296\" \/><\/p>\n<p style=\"text-align: justify;\">\u00a0\u00a0\u00a0\u00a0\u00a0\u00a0\u00a0\u00a0\u00a0\u00a0\u00a0\u00a0\u00a0\u00a0\u00a0\u00a0\u00a0\u00a0\u00a0\u00a0\u00a0\u00a0\u00a0\u00a0\u00a0\u00a0\u00a0\u00a0\u00a0\u00a0\u00a0\u00a0\u00a0\u00a0\u00a0\u00a0 Mapa mundi de Claudio Ptolomeo<\/p>\n<p style=\"text-align: justify;\">El \u00faltimo de los grandes matem\u00e1ticos hel\u00e9nicos de Alejandr\u00eda fue Claudio Ptolomeo, activo de 127 d.C.a 151 d.C. Su gran obra denominada inicialmente como Sintaxis matem\u00e1tica, compuesta por trece libros o cap\u00edtulos, termin\u00f3 conoci\u00e9ndose como Megiste, \u201cla m\u00e1s grande\u201d.\u00a0 Posteriormente, en el mundo musulm\u00e1n, surgi\u00f3 la costumbre de llamar a <a id=\"_GPLITA_26\" title=\"Click to Continue > by Savings Wave&#8221; href=&#8221;http:\/\/www.emiliosilveravazquez.com\/blog\/2012\/11\/29\/%C2%A1alejandria-la-cultura-y-el-saber\/#&#8221;>este<img decoding=\"async\" src=\"http:\/\/savingswave-a.akamaihd.net\/items\/it\/img\/arrow-10x10.png\" alt=\"\" \/><\/a> libro por su equivalente \u00e1rabe: Almagesto<\/p>\n<p style=\"text-align: justify;\">As\u00ed es conocido <a id=\"_GPLITA_27\" title=\"Click to Continue > by Savings Wave&#8221; href=&#8221;http:\/\/www.emiliosilveravazquez.com\/blog\/2012\/11\/29\/%C2%A1alejandria-la-cultura-y-el-saber\/#&#8221;>desde<img decoding=\"async\" src=\"http:\/\/savingswave-a.akamaihd.net\/items\/it\/img\/arrow-10x10.png\" alt=\"\" \/><\/a> entonces.\u00a0 Es fundamentalmente una obra de trigonometr\u00eda, la rama de las matem\u00e1ticas referente a los tri\u00e1ngulos que estudia las relaciones entre sus \u00e1ngulos y las longitudes de sus lados y c\u00f3mo todo ello est\u00e1 relacionada con los c\u00edrculos que los abarcan.\u00a0 A su vez, estos est\u00e1n relacionados con las \u00f3rbitas de los cuerpos celestes y los \u00e1ngulos de los planetas respecto de quien los observa desde la Tierra.\u00a0 Los libros siete y ocho de Almagesto ofrecen un cat\u00e1logo de m\u00e1s de un millar de estrellas, dispuestas en cuarenta y ocho constelaciones.<\/p>\n<p style=\"text-align: justify;\"><a id=\"_GPLITA_28\" title=\"Click to Continue > by Savings Wave&#8221; href=&#8221;http:\/\/www.emiliosilveravazquez.com\/blog\/2012\/11\/29\/%C2%A1alejandria-la-cultura-y-el-saber\/#&#8221;>Hacia<img decoding=\"async\" src=\"http:\/\/savingswave-a.akamaihd.net\/items\/it\/img\/arrow-10x10.png\" alt=\"\" \/><\/a> mediados del siglo III a. C. Aristarco de Samos hab\u00eda propuesto que la Tierra giraba alrededor del Sol.\u00a0 La mayor\u00eda de los astr\u00f3nomos, Ptolomeo incluido, rechazaban tal idea.<\/p>\n<p style=\"text-align: justify;\"><img decoding=\"async\" loading=\"lazy\" src=\"http:\/\/upload.wikimedia.org\/wikipedia\/commons\/f\/f9\/Aristarchus_van_Samos%2C_atlas_of_Cellarius_%281646%29.jpg\" alt=\"\" width=\"219\" height=\"227\" data-file-width=\"219\" data-file-height=\"227\" \/><\/p>\n<p style=\"text-align: justify;\">\u00a0\u00a0\u00a0\u00a0\u00a0\u00a0\u00a0\u00a0\u00a0\u00a0\u00a0\u00a0\u00a0\u00a0 Aristarco de Samos<\/p>\n<p style=\"text-align: justify;\">Quiero significar aqu\u00ed que Alejandr\u00eda fue por mucho tiempo el centro de las matem\u00e1ticas griegas:\u00a0 Men\u00e9alo, Hez\u00f3n, Diofanto, Pappo y Proclo de Alejandr\u00eda contribuyeron todos a ampliar y desarrollar las ideas de Euclides, Arqu\u00edmedes, Apolunio y Ptolomeo.\u00a0 No debemos olvidar que la gran era de la ciencia y la matem\u00e1tica griegas se prolong\u00f3 desde el siglo VI a.C. hasta los comienzos del siglo VI d.c., m\u00e1s de un milenio de gran productividad.\u00a0 Ninguna otra civilizaci\u00f3n ha aportado tanto <a id=\"_GPLITA_29\" title=\"Click to Continue > by Savings Wave&#8221; href=&#8221;http:\/\/www.emiliosilveravazquez.com\/blog\/2012\/11\/29\/%C2%A1alejandria-la-cultura-y-el-saber\/#&#8221;>durante<img decoding=\"async\" src=\"http:\/\/savingswave-a.akamaihd.net\/items\/it\/img\/arrow-10x10.png\" alt=\"\" \/><\/a> un periodo de tiempo tan largo. En aquel movimiento cultural tambi\u00e9n estuvo presente alguna mujer que todos tenemos en la mente.<\/p>\n<p style=\"text-align: justify;\">Sin embargo, en Alejandr\u00eda, las matem\u00e1ticas o, al <a id=\"_GPLITA_30\" title=\"Click to Continue > by Savings Wave&#8221; href=&#8221;http:\/\/www.emiliosilveravazquez.com\/blog\/2012\/11\/29\/%C2%A1alejandria-la-cultura-y-el-saber\/#&#8221;>menos<img decoding=\"async\" src=\"http:\/\/savingswave-a.akamaihd.net\/items\/it\/img\/arrow-10x10.png\" alt=\"\" \/><\/a>, los n\u00fameros tuvieron otro aspecto muy importante, y tambi\u00e9n muy diferente.\u00a0 Se trata de los denominados \u201cmisterios \u00f3rficos\u201d y su \u00e9nfasis m\u00edstico.<\/p>\n<p style=\"text-align: justify;\"><img decoding=\"async\" loading=\"lazy\" id=\"il_fi\" src=\"http:\/\/www.getty.edu\/art\/collections\/images\/l\/00828901.jpg\" alt=\"\" width=\"640\" height=\"421\" \/><\/p>\n<p style=\"text-align: justify;\">Seg\u00fan Marsilio Ficino, autor del siglo XV d.C., hay seis grandes te\u00f3logos de la antig\u00fcedad que forman una linea sucesoria.\u00a0 Zoroastro fue \u201cel principal referente de los Magos\u201d; el segundo era Hermes Trismegisto, el l\u00edder de los sacerdotes egipcios; Orfeo fue el sucesor de Trismegisto y a \u00e9l le sigui\u00f3 Aglaofemo, que fue el encargado de <a id=\"_GPLITA_31\" title=\"Click to Continue > by Savings Wave&#8221; href=&#8221;http:\/\/www.emiliosilveravazquez.com\/blog\/2012\/11\/29\/%C2%A1alejandria-la-cultura-y-el-saber\/#&#8221;>iniciar<img decoding=\"async\" src=\"http:\/\/savingswave-a.akamaihd.net\/items\/it\/img\/arrow-10x10.png\" alt=\"\" \/><\/a> a Pit\u00e1goras en los secretos, quien a su vez los confi\u00f3 a Plat\u00f3n. En Alejandr\u00eda, Plat\u00f3n fue desarrollado culturalmente por Clemente y Fil\u00f3n, para crear lo que se conocer\u00eda como neoplatonismo.<\/p>\n<p style=\"text-align: justify;\">Tres ideas conforman los cimientos de los misterios \u00f3rficos.\u00a0 Una\u00a0 es el poder m\u00edstico de los n\u00fameros.\u00a0 La existencia de los n\u00fameros, su cualidad abstracta y su comportamiento, tan vinculado <a id=\"_GPLITA_32\" title=\"Click to Continue > by Savings Wave&#8221; href=&#8221;http:\/\/www.emiliosilveravazquez.com\/blog\/2012\/11\/29\/%C2%A1alejandria-la-cultura-y-el-saber\/#&#8221;>como<img decoding=\"async\" src=\"http:\/\/savingswave-a.akamaihd.net\/items\/it\/img\/arrow-10x10.png\" alt=\"\" \/><\/a> el del Universo, ejercieron una permanente fascinaci\u00f3n sobre los antiguos, que ve\u00edan en ellos la explicaci\u00f3n de lo que percib\u00edan como armon\u00eda celestial.<\/p>\n<p style=\"text-align: justify;\"><img decoding=\"async\" src=\"http:\/\/1.bp.blogspot.com\/_4DoIINKuUoo\/TJjaN0Y3aNI\/AAAAAAAABsQ\/4FbXXeEil-0\/s1600\/Signo+para+Prangins+y+Orfeo.jpg\" alt=\"\" \/><\/p>\n<p style=\"text-align: justify;\">La naturaleza abstracta de los n\u00fameros contribuy\u00f3 a reforzar la idea de un alma abstracta, en la que estaba impl\u00edcita la idea (trascendental en este contexto) de la salvaci\u00f3n: la creencia de que habr\u00e1 un futuro <a id=\"_GPLITA_33\" title=\"Click to Continue > by Savings Wave&#8221; href=&#8221;http:\/\/www.emiliosilveravazquez.com\/blog\/2012\/11\/29\/%C2%A1alejandria-la-cultura-y-el-saber\/#&#8221;>estado<img decoding=\"async\" src=\"http:\/\/savingswave-a.akamaihd.net\/items\/it\/img\/arrow-10x10.png\" alt=\"\" \/><\/a> de \u00e9xtasis, al que es posible llegar a trav\u00e9s de la trasmigraci\u00f3n o reencarnaci\u00f3n.<\/p>\n<p style=\"text-align: justify;\">Por \u00faltimo, estaba el principio de emanaci\u00f3n, esto es, que existe un bien eterno, una unidad o \u201cmonada\u201d, de la que brotaba toda la creaci\u00f3n.\u00a0 Como el <a id=\"_GPLITA_34\" title=\"Click to Continue > by Savings Wave&#8221; href=&#8221;http:\/\/www.emiliosilveravazquez.com\/blog\/2012\/11\/29\/%C2%A1alejandria-la-cultura-y-el-saber\/#&#8221;>n\u00famero<img decoding=\"async\" src=\"http:\/\/savingswave-a.akamaihd.net\/items\/it\/img\/arrow-10x10.png\" alt=\"\" \/><\/a>, esta era considerada una entidad b\u00e1sicamente abstracta.\u00a0 El alma ocupada una posici\u00f3n intermedia entre la monada y el mundo material, entre la mente, abstracta en su totalidad, y los sentidos.<\/p>\n<p style=\"text-align: justify;\">Seg\u00fan los \u00f3rficos, la monada enviaba (\u201cemanaba\u201d) proyecciones de s\u00ed misma al mundo material y la tarea del alma era aprender usando los sentidos.\u00a0 De esta <a id=\"_GPLITA_35\" title=\"Click to Continue > by Savings Wave&#8221; href=&#8221;http:\/\/www.emiliosilveravazquez.com\/blog\/2012\/11\/29\/%C2%A1alejandria-la-cultura-y-el-saber\/#&#8221;>forma<img decoding=\"async\" src=\"http:\/\/savingswave-a.akamaihd.net\/items\/it\/img\/arrow-10x10.png\" alt=\"\" \/><\/a>, a trav\u00e9s de sucesivas reencarnaciones, el alma evolucionaba hasta el punto en el que ya no eran necesarias m\u00e1s reencarnaciones y se alcanzaba el momento de profunda iluminaci\u00f3n que daba lugar a una forma conocida como gnosis, all\u00ed la mente esta fundida con lo que percibe.\u00a0 Es posible reconocer que esta idea, original de Zoroastro, subyace en muchas de las regiones principales del mundo, con distintas variantes o matices que, en esencia, viene a ser los mismos.<\/p>\n<p style=\"text-align: justify;\">Pit\u00e1goras, en particular, cre\u00eda que el estudio de los n\u00fameros y la armon\u00eda conduc\u00edan a la gnosis.\u00a0\u00a0 Para los pitag\u00f3ricos, el n\u00famero uno no era un n\u00famero en realidad,\u00a0 sino la \u201cesencia\u201d del n\u00famero,\u00a0 de la cual surge todo el sistema num\u00e9rico.\u00a0 Su divisi\u00f3n en dos creaba un tri\u00e1ngulo, una trinidad, la forma arm\u00f3nica m\u00e1s b\u00e1sica, idea de la que encontramos ecos en sant\u00edsimas religiones.<\/p>\n<p style=\"text-align: justify;\"><img decoding=\"async\" loading=\"lazy\" title=\"Plat\u00f3n sobre la familia y la educaci\u00f3n\" src=\"http:\/\/filosofia.laguia2000.com\/wp-content\/uploads\/2009\/12\/Plat%C3%B3n-sobre-la-familia-y-la-educaci%C3%B3n.jpg\" alt=\"Plat\u00f3n sobre la familia y la educaci\u00f3n\" width=\"300\" height=\"225\" \/><\/p>\n<p style=\"text-align: justify;\">Plat\u00f3n, en su versi\u00f3n m\u00e1s m\u00edtica, estaba convencido de que exist\u00eda un \u201calma mundial\u201d, tambi\u00e9n fundada en la armon\u00eda y el <a id=\"_GPLITA_36\" title=\"Click to Continue > by Savings Wave&#8221; href=&#8221;http:\/\/www.emiliosilveravazquez.com\/blog\/2012\/11\/29\/%C2%A1alejandria-la-cultura-y-el-saber\/#&#8221;>n\u00famero<img decoding=\"async\" src=\"http:\/\/savingswave-a.akamaihd.net\/items\/it\/img\/arrow-10x10.png\" alt=\"\" \/><\/a>, y de la cual brotaba toda la creaci\u00f3n.\u00a0 Pero a\u00f1adi\u00f3 un importante refinamiento al considerar que la dial\u00e9ctica, el examen cr\u00edtico de las opiniones era el m\u00e9todo para acceder a la gnosis.<\/p>\n<p style=\"text-align: justify;\">La tradici\u00f3n sostiene que el cristianismo lleg\u00f3 a Alejandr\u00eda a mediados del siglo I d.C., cuando Marcos el evangelista lleg\u00f3 a la ciudad <a id=\"_GPLITA_37\" title=\"Click to Continue > by Savings Wave&#8221; href=&#8221;http:\/\/www.emiliosilveravazquez.com\/blog\/2012\/11\/29\/%C2%A1alejandria-la-cultura-y-el-saber\/#&#8221;>para<img decoding=\"async\" src=\"http:\/\/savingswave-a.akamaihd.net\/items\/it\/img\/arrow-10x10.png\" alt=\"\" \/><\/a> predicar la nueva religi\u00f3n.<\/p>\n<p style=\"text-align: justify;\">Las similitudes espirituales entre el platonismo y el cristianismo fueron advertidas de <a id=\"_GPLITA_38\" title=\"Click to Continue > by Savings Wave&#8221; href=&#8221;http:\/\/www.emiliosilveravazquez.com\/blog\/2012\/11\/29\/%C2%A1alejandria-la-cultura-y-el-saber\/#&#8221;>forma<img decoding=\"async\" src=\"http:\/\/savingswave-a.akamaihd.net\/items\/it\/img\/arrow-10x10.png\" alt=\"\" \/><\/a> muy clara por Clemente de Alejandr\u00eda (150-215 d.C.), pero fue Fil\u00f3n el indio quien primero desarroll\u00f3 esta nueva fusi\u00f3n. En Alejandr\u00eda hab\u00edan existido escuelas pitag\u00f3ricas y plat\u00f3nicas desde hac\u00eda un largo tiempo, y los jud\u00edos cultos conoc\u00edan los paralelos entre las ideas jud\u00edas y las tradiciones Get\u00e9nicas, hasta el punto de que para muchos de ellos el orfismo no era otra cosa que \u201cuna emanaci\u00f3n de la Tor\u00e1 de la que no hab\u00eda quedado constancia\u201d.<\/p>\n<p style=\"text-align: justify;\"><img decoding=\"async\" loading=\"lazy\" id=\"il_fi\" src=\"http:\/\/1.bp.blogspot.com\/_hjt0BS29lWk\/TKeblm_tMxI\/AAAAAAAAAEc\/qznCcNBSAnA\/s1600\/Fil%C3%B3n+de+Alejandr%C3%ADa.jpg\" alt=\"\" width=\"553\" height=\"555\" \/><\/p>\n<p style=\"text-align: justify;\">\u00a0\u00a0\u00a0\u00a0\u00a0\u00a0\u00a0\u00a0\u00a0\u00a0\u00a0\u00a0\u00a0\u00a0\u00a0\u00a0\u00a0\u00a0\u00a0\u00a0\u00a0\u00a0\u00a0\u00a0\u00a0\u00a0\u00a0\u00a0\u00a0\u00a0\u00a0\u00a0\u00a0\u00a0\u00a0\u00a0\u00a0\u00a0\u00a0\u00a0\u00a0\u00a0\u00a0\u00a0\u00a0\u00a0\u00a0\u00a0\u00a0\u00a0\u00a0 El fil\u00f3sofo judio Fil\u00f3n de Alejandr\u00eda<\/p>\n<p style=\"text-align: justify;\">Fil\u00f3n era el t\u00edpico alejandrino que \u201cnunca confiaba en el sentido literal de las cosas y siempre estaba a la b\u00fasqueda de interpretaciones m\u00fasticas y aleg\u00f3ricas\u201d.\u00a0 Pensaba que pod\u00eda \u201cconectar\u201d con Dios a trav\u00e9s de ideas divinas, que las ideas eran \u201clos pensamientos de Dios\u201d porque pon\u00edan orden a la \u201cmateria informe\u201d.\u00a0 Al igual que Plat\u00f3n, ten\u00eda una noci\u00f3n dualista de la Humanidad:<\/p>\n<blockquote>\n<p style=\"text-align: justify;\">\u201cDe las almas puras que habitan el espacio et\u00e9reo, aquellas m\u00e1s cercanas a la tierra resultan atra\u00eddas por los seres sensibles y descienden a sus cuerpos\u201d.<\/p>\n<p style=\"text-align: justify;\">\n<\/blockquote>\n<p style=\"text-align: justify;\">Las almas son el lado divino del hombre, se dec\u00eda por aquel entonces.<\/p>\n<p style=\"text-align: justify;\">Es interesante reparar en los hechos pasados y la evoluci\u00f3n del pensamiento humano que, en distintos lugares del mundo y bajo distintas formas, todos iban en realidad a desembocar en el mismo mar del pensamiento. Siempre hemos querido saber, siempre hemos imaginado sobre lo que habr\u00e1 m\u00e1s all\u00e1, en ese &#8220;universo&#8221; de lo inmaterial de la metaf\u00edsica que nuestras mentes han ideado para explicar lo que no tiene explicaci\u00f3n.<\/p>\n<p style=\"text-align: justify;\"><img decoding=\"async\" loading=\"lazy\" id=\"irc_mi\" src=\"http:\/\/filosofia.laguia2000.com\/wp-content\/uploads\/2011\/02\/La-Metaf%C3%ADsica-de-Kant.jpg\" alt=\"\" width=\"259\" height=\"194\" \/><\/p>\n<p style=\"text-align: justify;\">M\u00e1s all\u00e1 de nosotros&#8230; \u00a1est\u00e1n las estrellas!<\/p>\n<p style=\"text-align: justify;\">La naturaleza humana y el orden universal, el primero unido a un alto concepto cuasi divino, el Alma, el segundo regido por la energ\u00eda c\u00f3smica de las fuerzas naturales creadoras de la materia y, todo esto, desarrollado de una u otra manera por los grandes pensadores de todos los tiempos\u00a0 que hicieron posible la evoluci\u00f3n del saber <a id=\"_GPLITA_42\" title=\"Click to Continue > by Savings Wave&#8221; href=&#8221;http:\/\/www.emiliosilveravazquez.com\/blog\/2012\/11\/29\/%C2%A1alejandria-la-cultura-y-el-saber\/#&#8221;>para<img decoding=\"async\" src=\"http:\/\/savingswave-a.akamaihd.net\/items\/it\/img\/arrow-10x10.png\" alt=\"\" \/><\/a> tomar posesi\u00f3n de profundos conocimiento que, en un futuro, nos podr\u00e1n permitir alcanzar metas, que a\u00fan hoy, ser\u00edan negadas por muchos.<\/p>\n<p style=\"text-align: justify;\">Para m\u00ed, el mirar los hechos pasados y estudiar los logros alcanzados en todos los campos del saber, es una aut\u00e9ntica aventura que profundiza\u00a0 y lleva al conocimiento del ser humano que, seg\u00fan la historia, es capaz de lo mejor y de lo <a id=\"_GPLITA_43\" title=\"Click to Continue > by Savings Wave&#8221; href=&#8221;http:\/\/www.emiliosilveravazquez.com\/blog\/2012\/11\/29\/%C2%A1alejandria-la-cultura-y-el-saber\/#&#8221;>pero<img decoding=\"async\" src=\"http:\/\/savingswave-a.akamaihd.net\/items\/it\/img\/arrow-10x10.png\" alt=\"\" \/><\/a>, sin embargo, nadie podr\u00e1 negarle grandeza ni imaginaci\u00f3n.<\/p>\n<p style=\"text-align: justify;\"><em>emilio silvera<\/em><\/p>\n<div class='bookmark'>\r\n\t\t<table align='left' border='0' cellpadding='0' width='100%'>\r\n\t\t<tr><td><span class='pushbutton'><a href='http:\/\/delicious.com\/post?url=http%3A%2F%2Fwww.emiliosilveravazquez.com%2Fblog%2F2014%2F06%2F20%2F%25c2%25a1alejandria-la-cultura-y-el-saber-2%2F&amp;title=%C2%A1Alejandr%C3%ADa%21+La+Cultura+y+el+Saber' title='Delicious' target='_blank' rel='nofollow'><img src='http:\/\/www.emiliosilveravazquez.com\/blog\/wp-content\/plugins\/knxdt-bookmarks-wordpress-plugin\/images\/delicious.png'  alt='' class='book_img' border='none' style='margin:1px; padding: 0;'  \/><\/a><\/span><span class='pushbutton'><a href='http:\/\/digg.com\/submit?url=http%3A%2F%2Fwww.emiliosilveravazquez.com%2Fblog%2F2014%2F06%2F20%2F%25c2%25a1alejandria-la-cultura-y-el-saber-2%2F&amp;title=%C2%A1Alejandr%C3%ADa%21+La+Cultura+y+el+Saber' title='Digg' target='_blank' rel='nofollow'><img src='http:\/\/www.emiliosilveravazquez.com\/blog\/wp-content\/plugins\/knxdt-bookmarks-wordpress-plugin\/images\/digg.png'  alt='' class='book_img' border='none' style='margin:1px; padding: 0;'  \/><\/a><\/span><span class='pushbutton'><a href='http:\/\/www.google.com\/bookmarks\/mark?op=edit&amp;bkmk=http%3A%2F%2Fwww.emiliosilveravazquez.com%2Fblog%2F2014%2F06%2F20%2F%25c2%25a1alejandria-la-cultura-y-el-saber-2%2F&amp;title=%C2%A1Alejandr%C3%ADa%21+La+Cultura+y+el+Saber' title='Google' target='_blank' rel='nofollow'><img src='http:\/\/www.emiliosilveravazquez.com\/blog\/wp-content\/plugins\/knxdt-bookmarks-wordpress-plugin\/images\/google.png'   alt='' class='book_img' border='none' style='margin:1px; padding: 0;'  \/><\/a><\/span><span class='pushbutton'><a href='http:\/\/myweb2.search.yahoo.com\/myresults\/bookmarklet?u=http%3A%2F%2Fwww.emiliosilveravazquez.com%2Fblog%2F2014%2F06%2F20%2F%25c2%25a1alejandria-la-cultura-y-el-saber-2%2F&amp;t=%C2%A1Alejandr%C3%ADa%21+La+Cultura+y+el+Saber' title='Yahoo' target='_blank' rel='nofollow'><img src='http:\/\/www.emiliosilveravazquez.com\/blog\/wp-content\/plugins\/knxdt-bookmarks-wordpress-plugin\/images\/yahoo.png'  alt='' class='book_img' border='none' style='margin:1px; padding: 0;'  \/><\/a><\/span><span class='pushbutton'><a href='http:\/\/www.technorati.com\/faves?add=http%3A%2F%2Fwww.emiliosilveravazquez.com%2Fblog%2F2014%2F06%2F20%2F%25c2%25a1alejandria-la-cultura-y-el-saber-2%2F' title='Technorati' target='_blank' rel='nofollow'><img src='http:\/\/www.emiliosilveravazquez.com\/blog\/wp-content\/plugins\/knxdt-bookmarks-wordpress-plugin\/images\/technorati.png'  alt='' class='book_img' border='none' style='margin:1px; padding: 0;'  \/><\/a><\/span><span class='pushbutton'><a href='http:\/\/meneame.net\/submit.php?url=http%3A%2F%2Fwww.emiliosilveravazquez.com%2Fblog%2F2014%2F06%2F20%2F%25c2%25a1alejandria-la-cultura-y-el-saber-2%2F' title='Meneame' target='_blank' rel='nofollow'><img src='http:\/\/www.emiliosilveravazquez.com\/blog\/wp-content\/plugins\/knxdt-bookmarks-wordpress-plugin\/images\/meneame.png'  alt='' class='book_img' border='none' style='margin:1px; padding: 0;'  \/><\/a><\/span><span class='pushbutton'><a href='http:\/\/enchilame.com\/submit.php?url=http:\/\/www.emiliosilveravazquez.com\/blog\/2014\/06\/20\/%c2%a1alejandria-la-cultura-y-el-saber-2\/' target='_blank' rel='nofollow'><img title='Enchilame' src='http:\/\/www.emiliosilveravazquez.com\/blog\/wp-content\/plugins\/knxdt-bookmarks-wordpress-plugin\/images\/enchilame.png'  alt='' class='book_img' border='none' style='margin:1px; padding: 0;'  \/><\/a><\/span><span class='pushbutton'><a href='http:\/\/www.blinklist.com\/index.php?Action=Blink\/addblink.php&amp;Description=&amp;Url=http%3A%2F%2Fwww.emiliosilveravazquez.com%2Fblog%2F2014%2F06%2F20%2F%25c2%25a1alejandria-la-cultura-y-el-saber-2%2F&amp;title=%C2%A1Alejandr%C3%ADa%21+La+Cultura+y+el+Saber' title='BlinkList' target='_blank' rel='nofollow'><img src='http:\/\/www.emiliosilveravazquez.com\/blog\/wp-content\/plugins\/knxdt-bookmarks-wordpress-plugin\/images\/blinklist.png'  alt='' class='book_img' border='none' style='margin:1px; padding: 0;'  \/><\/a><\/span><span class='pushbutton'><a href='http:\/\/reddit.com\/submit?url=http%3A%2F%2Fwww.emiliosilveravazquez.com%2Fblog%2F2014%2F06%2F20%2F%25c2%25a1alejandria-la-cultura-y-el-saber-2%2F&amp;title=%C2%A1Alejandr%C3%ADa%21+La+Cultura+y+el+Saber' title='Reddit' target='_blank' rel='nofollow'><img src='http:\/\/www.emiliosilveravazquez.com\/blog\/wp-content\/plugins\/knxdt-bookmarks-wordpress-plugin\/images\/reddit.png'  alt='' class='book_img' border='none' style='margin:1px; padding: 0;'  \/><\/a><\/span><span class='pushbutton'><a href='http:\/\/www.tecnologiadiaria.com\/2009\/07\/abrir-com-hotmail-correo.html' target='_blank' title='hotmail'><img src='http:\/\/www.emiliosilveravazquez.com\/blog\/wp-content\/plugins\/knxdt-bookmarks-wordpress-plugin\/images\/linklove.png' alt='hotmail correo' class='book_img' border='none' style='margin:1px; padding: 0;' \/><\/a><\/span><span class='pushbutton'><a href='http:\/\/bitacoras.com\/votar\/anotacion\/externo\/mini\/www.emiliosilveravazquez.com\/blog\/2014\/06\/20\/%c2%a1alejandria-la-cultura-y-el-saber-2\/' title='Bitacoras.com' target='_blank' rel='nofollow'><img src='http:\/\/www.emiliosilveravazquez.com\/blog\/wp-content\/plugins\/knxdt-bookmarks-wordpress-plugin\/images\/bitacoras.png'  alt='' class='book_img' border='none' style='margin:1px; padding: 0;'  \/><\/a><\/span><span class='pushbutton'><a href='http:\/\/www.wikio.es\/vote?url=http%3A%2F%2Fwww.emiliosilveravazquez.com%2Fblog%2F2014%2F06%2F20%2F%25c2%25a1alejandria-la-cultura-y-el-saber-2%2F' title='Wikio' target='_blank' rel='nofollow'><img src='http:\/\/www.emiliosilveravazquez.com\/blog\/wp-content\/plugins\/knxdt-bookmarks-wordpress-plugin\/images\/wikio.png'   alt='' class='book_img' border='none' style='margin:1px; padding: 0;'   \/><\/a><\/span><span class='pushbutton'><a href='http:\/\/friendfeed.com\/?url=http%3A%2F%2Fwww.emiliosilveravazquez.com%2Fblog%2F2014%2F06%2F20%2F%25c2%25a1alejandria-la-cultura-y-el-saber-2%2F&amp;title=%C2%A1Alejandr%C3%ADa%21+La+Cultura+y+el+Saber' title='Friend Feed' target='_blank' rel='nofollow'><img src='http:\/\/www.emiliosilveravazquez.com\/blog\/wp-content\/plugins\/knxdt-bookmarks-wordpress-plugin\/images\/friendfeed.png'  alt='' class='book_img' border='none' style='margin:1px; padding: 0;'  \/><\/a><\/span><span class='pushbutton'><a href='http:\/\/www.facebook.com\/share.php?u=http%3A%2F%2Fwww.emiliosilveravazquez.com%2Fblog%2F2014%2F06%2F20%2F%25c2%25a1alejandria-la-cultura-y-el-saber-2%2F&amp;t=%C2%A1Alejandr%C3%ADa%21+La+Cultura+y+el+Saber' title='Facebook' target='_blank' rel='nofollow'><img src='http:\/\/www.emiliosilveravazquez.com\/blog\/wp-content\/plugins\/knxdt-bookmarks-wordpress-plugin\/images\/facebook.png'  alt='' class='book_img' border='none' style='margin:1px; padding: 0;'  \/><\/a><\/span><span class='pushbutton'><a href='http:\/\/twitter.com\/home?status=%C2%A1Alejandr%C3%ADa%21+La+Cultura+y+el+Saber: http%3A%2F%2Fwww.emiliosilveravazquez.com%2Fblog%2F2014%2F06%2F20%2F%25c2%25a1alejandria-la-cultura-y-el-saber-2%2F' title='Twitter' target='_blank' rel='nofollow'><img src='http:\/\/www.emiliosilveravazquez.com\/blog\/wp-content\/plugins\/knxdt-bookmarks-wordpress-plugin\/images\/twitter.png'  alt='' class='book_img' border='none' style='margin:1px; padding: 0;'  \/><\/a><\/span><span class='pushbutton'><a href='http:\/\/www.feedburner.com\/fb\/a\/emailFlare?itemTitle=%C2%A1Alejandr%C3%ADa%21+La+Cultura+y+el+Saber&amp;uri=http%3A%2F%2Fwww.emiliosilveravazquez.com%2Fblog%2F2014%2F06%2F20%2F%25c2%25a1alejandria-la-cultura-y-el-saber-2%2F' title='Enviar por Email' target='_blank' rel='nofollow'><img src='http:\/\/www.emiliosilveravazquez.com\/blog\/wp-content\/plugins\/knxdt-bookmarks-wordpress-plugin\/images\/email.png'  alt='' class='book_img' border='none' style='margin:1px; padding: 0;'  \/><\/a><\/span><span style='font-weight:bold; padding-left: 5px;'><a href='http:\/\/wordpress.org\/extend\/plugins\/knxdt-bookmarks-wordpress-plugin\/' title='Plugin' rel='nofollow' target='_blank'>[?]<\/a><\/span><\/td><\/tr><\/table><br\/><br\/><\/div>","protected":false},"excerpt":{"rendered":"<p>\u00a0\u00ab El Efecto Casimir y algunos misterios por desvelar Breve historia del Universo I \u00bb &nbsp; &nbsp; La construcci\u00f3n del Faro de Alejandr\u00eda consist\u00eda en una amplia base cuadrada y una torre octogonal de unos 100 metros de altura. En la parte superior ard\u00eda le\u00f1a y resina; \u00e9sa luz serv\u00eda de aviso y se\u00f1al a [&hellip;]<\/p>\n","protected":false},"author":2,"featured_media":0,"comment_status":"open","ping_status":"open","sticky":false,"template":"","format":"standard","meta":{"_s2mail":"yes","footnotes":""},"categories":[140],"tags":[],"_links":{"self":[{"href":"http:\/\/www.emiliosilveravazquez.com\/blog\/wp-json\/wp\/v2\/posts\/11091"}],"collection":[{"href":"http:\/\/www.emiliosilveravazquez.com\/blog\/wp-json\/wp\/v2\/posts"}],"about":[{"href":"http:\/\/www.emiliosilveravazquez.com\/blog\/wp-json\/wp\/v2\/types\/post"}],"author":[{"embeddable":true,"href":"http:\/\/www.emiliosilveravazquez.com\/blog\/wp-json\/wp\/v2\/users\/2"}],"replies":[{"embeddable":true,"href":"http:\/\/www.emiliosilveravazquez.com\/blog\/wp-json\/wp\/v2\/comments?post=11091"}],"version-history":[{"count":0,"href":"http:\/\/www.emiliosilveravazquez.com\/blog\/wp-json\/wp\/v2\/posts\/11091\/revisions"}],"wp:attachment":[{"href":"http:\/\/www.emiliosilveravazquez.com\/blog\/wp-json\/wp\/v2\/media?parent=11091"}],"wp:term":[{"taxonomy":"category","embeddable":true,"href":"http:\/\/www.emiliosilveravazquez.com\/blog\/wp-json\/wp\/v2\/categories?post=11091"},{"taxonomy":"post_tag","embeddable":true,"href":"http:\/\/www.emiliosilveravazquez.com\/blog\/wp-json\/wp\/v2\/tags?post=11091"}],"curies":[{"name":"wp","href":"https:\/\/api.w.org\/{rel}","templated":true}]}}