{"id":11073,"date":"2014-06-15T07:23:04","date_gmt":"2014-06-15T06:23:04","guid":{"rendered":"http:\/\/www.emiliosilveravazquez.com\/blog\/?p=11073"},"modified":"2014-06-15T07:23:04","modified_gmt":"2014-06-15T06:23:04","slug":"parafraseando-a-hilbert-%c2%a1tenemos-que-saber-y-sabremos","status":"publish","type":"post","link":"http:\/\/www.emiliosilveravazquez.com\/blog\/2014\/06\/15\/parafraseando-a-hilbert-%c2%a1tenemos-que-saber-y-sabremos\/","title":{"rendered":"Parafraseando a Hilbert: \u00a1Tenemos que saber, y sabremos!"},"content":{"rendered":"<div>\n<h2 style=\"text-align: justify;\">\u00a0\u00ab <a href=\"http:\/\/www.emiliosilveravazquez.com\/blog\/2013\/08\/23\/la-simetria-biologica-del-universo\/\" rel=\"prev\">La simetr\u00eda biol\u00f3gica del universo<\/a><\/h2>\n<\/div>\n<div style=\"text-align: justify;\">\n<div><a href=\"http:\/\/www.emiliosilveravazquez.com\/blog\/2013\/08\/24\/algunos-desarrollos-de-la-fisica-teorica-son-notables\/\" rel=\"next\">Algunos desarrollos de la F\u00edsica Te\u00f3rica\u2026Son notables<\/a> \u00bb<\/div>\n<\/div>\n<h3><\/h3>\n<p>&nbsp;<\/p>\n<div>\n<p style=\"text-align: justify;\">Cuando hablamos de \u201cEstrellas de Quarks\u201d,\u00a0 \u201cMateria Oscura\u201d, \u201cBos\u00f3n de <a href=\"http:\/\/www.emiliosilveravazquez.com\/blog\/2013\/08\/23\/si-%C2%A1tenemos-que-saber-y-sabremos\/#\"><a href=\"#\" onclick=\"referencia('higgs',event); return false;\">Higgs<\/a><\/a>\u201d, \u201cSingularidad\u201d, \u201cvac\u00edo\u201d, Supercuerdas\u201d, o,\u00a0 Teor\u00eda de Todo\u201d Agujeros negros, Fluctuaciones de vac\u00edo y otros muchos conceptos de f\u00edsica, astrof\u00edsica o astronom\u00eda no podemos dejar de plantearnos una pregunta: \u00bfEstar\u00e1 la teor\u00eda realmente confirmada, o, por el contrario,\u00a0 ser\u00e1 que los experimentadores han sucumbido bajo la pressi\u00f3n de los te\u00f3ricos?<\/p>\n<p style=\"text-align: justify;\">En una prestigiosa p\u00e1gina de ciencia, en relaci\u00f3n al Bos\u00f3n de <a href=\"http:\/\/www.emiliosilveravazquez.com\/blog\/2013\/08\/23\/si-%C2%A1tenemos-que-saber-y-sabremos\/#\"><a href=\"#\" onclick=\"referencia('higgs',event); return false;\">Higgs<\/a><\/a>, el pasado d\u00eda 13 de Julio de 2013, se planteaba \u00e9sta pregunta: \u00bfEl <a href=\"http:\/\/www.emiliosilveravazquez.com\/blog\/2013\/08\/23\/si-%C2%A1tenemos-que-saber-y-sabremos\/#\">bos\u00f3n<\/a> de <a href=\"http:\/\/www.emiliosilveravazquez.com\/blog\/2013\/08\/23\/si-%C2%A1tenemos-que-saber-y-sabremos\/#\"><a href=\"#\" onclick=\"referencia('higgs',event); return false;\">Higgs<\/a><\/a> descubierto en el LHC es el predicho por el Modelo Est\u00e1ndar?<\/p>\n<p style=\"text-align: justify;\"><img decoding=\"async\" loading=\"lazy\" title=\"Dibujo20120712 combined higgs boson properties\" src=\"http:\/\/francisthemulenews.files.wordpress.com\/2012\/07\/dibujo20120712-combined-higgs-boson-properties.jpg?w=580&amp;h=374\" alt=\"\" width=\"580\" height=\"374\" \/><\/p>\n<p style=\"text-align: justify;\">Se hicieron declaraciones como esta:<\/p>\n<blockquote>\n<p style=\"text-align: justify;\">&#8220;La combinaci\u00f3n de todos los resultados experimentales disponibles, tanto en el Tevatr\u00f3n (CDF+DZero) <a id=\"_GPLITA_2\" title=\"Click to Continue > by Savings Wave&#8221; href=&#8221;http:\/\/www.emiliosilveravazquez.com\/blog\/2013\/08\/23\/si-%C2%A1tenemos-que-saber-y-sabremos\/#&#8221;>como<img decoding=\"async\" src=\"http:\/\/savingswave-a.akamaihd.net\/items\/it\/img\/arrow-10x10.png\" alt=\"\" \/><\/a> en el LHC (Atlas+CMS), indica que el <a href=\"http:\/\/www.emiliosilveravazquez.com\/blog\/2013\/08\/23\/si-%C2%A1tenemos-que-saber-y-sabremos\/#\">bos\u00f3n<\/a> escalar con una masa de 125,5 GeV descubierto el 4 de julio es el <a href=\"http:\/\/www.emiliosilveravazquez.com\/blog\/2013\/08\/23\/si-%C2%A1tenemos-que-saber-y-sabremos\/#\">bos\u00f3n<\/a> de <a href=\"http:\/\/www.emiliosilveravazquez.com\/blog\/2013\/08\/23\/si-%C2%A1tenemos-que-saber-y-sabremos\/#\"><a href=\"#\" onclick=\"referencia('higgs',event); return false;\">Higgs<\/a><\/a> del modelo est\u00e1ndar. Si no lo es y se trata de un \u201cimpostor\u201d, la diferencia entre ambos es muy peque\u00f1a. La figura que abre <a id=\"_GPLITA_3\" title=\"Click to Continue > by Savings Wave&#8221; href=&#8221;http:\/\/www.emiliosilveravazquez.com\/blog\/2013\/08\/23\/si-%C2%A1tenemos-que-saber-y-sabremos\/#&#8221;>esta<img decoding=\"async\" src=\"http:\/\/savingswave-a.akamaihd.net\/items\/it\/img\/arrow-10x10.png\" alt=\"\" \/><\/a> entrada muestra que el descubrimiento de la nueva part\u00edcula tiene 6,9 <a href=\"http:\/\/www.emiliosilveravazquez.com\/blog\/2013\/08\/23\/si-%C2%A1tenemos-que-saber-y-sabremos\/#\"><a href=\"#\" onclick=\"referencia('sigma',event); return false;\">sigma<\/a><\/a>s de confianza estad\u00edstica (la banda gris marca \u00b11\u00a0\u03c3). Adem\u00e1s, el cociente entre la tasa de producci\u00f3n de \u00a0la nueva part\u00edcula y la tasa de producci\u00f3n predicha por el modelo est\u00e1ndar es de solo \u03bc = 1,02\u00a0\u00b1 0,15, lo que implica un gran acuerdo con el valor predicho\u00a0\u03bc = 1. El mejor ajuste combinado <a id=\"_GPLITA_4\" title=\"Click to Continue > by Savings Wave&#8221; href=&#8221;http:\/\/www.emiliosilveravazquez.com\/blog\/2013\/08\/23\/si-%C2%A1tenemos-que-saber-y-sabremos\/#&#8221;>para<img decoding=\"async\" src=\"http:\/\/savingswave-a.akamaihd.net\/items\/it\/img\/arrow-10x10.png\" alt=\"\" \/><\/a> la masa del <a href=\"http:\/\/www.emiliosilveravazquez.com\/blog\/2013\/08\/23\/si-%C2%A1tenemos-que-saber-y-sabremos\/#\"><a href=\"#\" onclick=\"referencia('higgs',event); return false;\">Higgs<\/a><\/a> es m = 125,5\u00a0\u00b1\u00a00,54 GeV, como muestra la figura de abajo.&#8221;<\/p>\n<p style=\"text-align: justify;\"><img decoding=\"async\" loading=\"lazy\" id=\"irc_mi\" src=\"http:\/\/francisthemulenews.files.wordpress.com\/2012\/07\/dibujo20120712-higgs-boson-rate-favored-as-function-of-higgs-mass.jpg\" alt=\"\" width=\"405\" height=\"393\" \/><\/p>\n<\/blockquote>\n<p style=\"text-align: justify;\">El ajuste entre la part\u00edcula descubierta en el LHC y el <a href=\"http:\/\/www.emiliosilveravazquez.com\/blog\/2013\/08\/23\/si-%C2%A1tenemos-que-saber-y-sabremos\/#\">bos\u00f3n<\/a> de <a href=\"http:\/\/www.emiliosilveravazquez.com\/blog\/2013\/08\/23\/si-%C2%A1tenemos-que-saber-y-sabremos\/#\"><a href=\"#\" onclick=\"referencia('higgs',event); return false;\">Higgs<\/a><\/a> es muy bueno, y si nadie demuestra lo contrario&#8230;,\u00a0 se habr\u00e1 descubierto el <a href=\"http:\/\/www.emiliosilveravazquez.com\/blog\/2013\/08\/23\/si-%C2%A1tenemos-que-saber-y-sabremos\/#\">bos\u00f3n<\/a> de <a href=\"http:\/\/www.emiliosilveravazquez.com\/blog\/2013\/08\/23\/si-%C2%A1tenemos-que-saber-y-sabremos\/#\"><a href=\"#\" onclick=\"referencia('higgs',event); return false;\">Higgs<\/a><\/a> del modelo est\u00e1ndar. De hecho, la cuesti\u00f3n parece que no tiene marcha atr\u00e1s, se concedieron premios internacionales como el Principe de Asturias y el N\u00f3bel de F\u00edsica a los que predijeron la part\u00edcula y al centro investigador, El CERN con su increible Acelerador de part\u00edculas, el LHC.<\/p>\n<p style=\"text-align: justify;\"><img decoding=\"async\" loading=\"lazy\" id=\"il_fi\" src=\"http:\/\/www.investigacionyciencia.es\/files\/8570.jpg\" alt=\"\" width=\"600\" height=\"385\" \/><\/p>\n<p style=\"text-align: justify;\">Por aquel entonces proliferaron declaraciones como \u00e9stas:<\/p>\n<blockquote>\n<p style=\"text-align: justify;\">&#8220;Hablamos de aproximaci\u00f3n y nada es a\u00fan seguro, queda mucho <a id=\"_GPLITA_7\" title=\"Click to Continue > by Savings Wave&#8221; href=&#8221;http:\/\/www.emiliosilveravazquez.com\/blog\/2013\/08\/23\/si-%C2%A1tenemos-que-saber-y-sabremos\/#&#8221;>trabajo<img decoding=\"async\" src=\"http:\/\/savingswave-a.akamaihd.net\/items\/it\/img\/arrow-10x10.png\" alt=\"\" \/><\/a> por delante para poder confirmar, asegurando que se trata de hecho, del famoso Bos\u00f3n de <a href=\"http:\/\/www.emiliosilveravazquez.com\/blog\/2013\/08\/23\/si-%C2%A1tenemos-que-saber-y-sabremos\/#\"><a href=\"#\" onclick=\"referencia('higgs',event); return false;\">Higgs<\/a><\/a>.\u00a0 Pero, tal y como est\u00e1n las cosas, la inmensa cantidad <a id=\"_GPLITA_8\" title=\"Click to Continue > by Savings Wave&#8221; href=&#8221;http:\/\/www.emiliosilveravazquez.com\/blog\/2013\/08\/23\/si-%C2%A1tenemos-que-saber-y-sabremos\/#&#8221;>de dinero<img decoding=\"async\" src=\"http:\/\/savingswave-a.akamaihd.net\/items\/it\/img\/arrow-10x10.png\" alt=\"\" \/><\/a> que se ha empleado en el Proyecto, las personas que est\u00e1n implicadas en el mismo\u2026 nos llevan a plantearnos otra pregunta: \u00bfSon esos resultados reales o son simplemente el producto de los buenos deseos? Esto \u00faltimo es lo que aveces sospechan los cr\u00edticos y los historiadores de la Ciencia. Parece que si la teor\u00eda no lo necesita, no existe, mientras que si la teor\u00eda lo requiere, todos los experimentadores lo ver\u00e1n r\u00e1pidamente.&#8221;<\/p>\n<p style=\"text-align: justify;\">\n<\/blockquote>\n<p style=\"text-align: justify;\">Claro que, este comentario est\u00e1 hecho con el mayor respeto hacia los experimentadores a los que, de partida, no considero sospechosos, pero esas ganas de encontrar algo\u2026te puede llevar a \u201cver\u201d lo que no hay. Un buen cient\u00edfico debe subestimar m\u00e1s que sobreestimar los resultados y la precisi\u00f3n de los mismos y de manera muy especial si esos resultados resultan ser de tanta importancia. Hasta tal punto lo es en este caso que, el mism\u00edsimo Modelo Est\u00e1ndar de la F\u00edsica de Part\u00edculas e interaacciones, est\u00e1 pendiente de dicha confirmaci\u00f3n <a id=\"_GPLITA_9\" title=\"Click to Continue > by Savings Wave&#8221; href=&#8221;http:\/\/www.emiliosilveravazquez.com\/blog\/2013\/08\/23\/si-%C2%A1tenemos-que-saber-y-sabremos\/#&#8221;>para<img decoding=\"async\" src=\"http:\/\/savingswave-a.akamaihd.net\/items\/it\/img\/arrow-10x10.png\" alt=\"\" \/><\/a> saber, de d\u00f3nde procede la masa de las part\u00edculas.&#8221;<\/p>\n<p style=\"text-align: justify;\">Como siempre pasa, otros experimentos posteriores nos dar\u00e1n las respuestas definitivas que vendr\u00e1n, a confirmar aquella primera impresi\u00f3n positiva o, por el contrario (como pas\u00f3 otras veces) delatar\u00e1 un error cometido. En ambos casos, tendremos la verdad y eso, ya es bastante para saber que caminos debemos o no debemos seguir.<\/p>\n<p style=\"text-align: justify;\"><img decoding=\"async\" loading=\"lazy\" id=\"il_fi\" src=\"http:\/\/espacioteca.files.wordpress.com\/2008\/07\/materia.jpg\" alt=\"\" width=\"400\" height=\"400\" \/><img decoding=\"async\" loading=\"lazy\" id=\"il_fi\" src=\"http:\/\/www.pedroamoros.com\/images\/stories\/articulos\/art026.jpg\" alt=\"\" width=\"400\" height=\"304\" \/><\/p>\n<p style=\"text-align: justify;\">En el tema de la &#8220;<a href=\"#\" onclick=\"referencia('materia oscura',event); return false;\">materia oscura<\/a>&#8221;, nos encontramos tambi\u00e9n algo confusos y, tenemos experimentos para todos los gustos. Unos dicen que han\u00a0 detectado &#8220;<a href=\"#\" onclick=\"referencia('materia oscura',event); return false;\">materia oscura<\/a>&#8221; alrededor de las galaxias y, m\u00e1s tarde, vienen a decir que no, que no era &#8220;<a href=\"#\" onclick=\"referencia('materia oscura',event); return false;\">materia oscura<\/a>&#8221; y que la observaci\u00f3n se hab\u00eda desviado hacia derroteros enga\u00f1osos. Muchos son los que confirman la &#8220;<a href=\"#\" onclick=\"referencia('materia oscura',event); return false;\">materia oscura<\/a>&#8221; y muchos tambi\u00e9n, los que la niegan.<\/p>\n<p style=\"text-align: justify;\"><strong>Claro que todos\u00a0 sabemos que \u201cMateria oscura\u201d<\/strong> es la materia hipot\u00e9tica de composici\u00f3n desconocida que no emite o refleja suficiente radiaci\u00f3n electromagn\u00e9tica para ser observada directamente con los medios t\u00e9cnicos actuales pero cuya existencia puede inferirse a partir de los efectos gravitacionales que causa en la materia visible, tales como las estrellas o las galaxias, as\u00ed como en las anisotrop\u00edas del fondo c\u00f3smico de microondas. No se debe confundir la <a href=\"#\" onclick=\"referencia('materia oscura',event); return false;\">materia oscura<\/a> con la energ\u00eda oscura. De acuerdo con las observaciones actuales de estructuras mayores que una galaxia,\u00a0 as\u00ed como la cosmolog\u00eda del <a href=\"#\" onclick=\"referencia('big bang',event); return false;\">Big Bang<\/a>, \u00a0 la <a href=\"#\" onclick=\"referencia('materia oscura',event); return false;\">materia oscura<\/a> constituye la gran mayor\u00eda de la masa en el Universo observable. Frits Zwicky la utiliz\u00f3 por primera vez para declarar el fen\u00f3meno observado consistente con las observaciones de <a href=\"#\" onclick=\"referencia('materia oscura',event); return false;\">materia oscura<\/a> como la velocidad rotacional de las galaxias y las velocidades orbitales de las galaxias en los c\u00famulos, las lentes gravitacionales de objetos de fondo por los c\u00famulos de gal\u00e1xias as\u00ed como&#8230;<\/p>\n<p style=\"text-align: justify;\"><img decoding=\"async\" src=\"http:\/\/upload.wikimedia.org\/wikipedia\/commons\/e\/ea\/Bullet_cluster.jpg\" alt=\"\" \/><\/p>\n<p style=\"text-align: justify;\">el C\u00famulo Bala (1E 0657-56) y la distribuci\u00f3n de temperatura de gas caliente en galaxias y c\u00famulos de galaxias. La <a href=\"#\" onclick=\"referencia('materia oscura',event); return false;\">materia oscura<\/a> tambi\u00e9n juega un papel central en la formaci\u00f3n de estructuras y la evoluci\u00f3n de galaxias y tiene efectos medibles en la anisotrop\u00eda de la radiaci\u00f3n de fondo de microondas. Todas estas l\u00edneas de pruebas sugieren que las galaxias, los c\u00famulos de galaxias y el Universo como un todo contienen mucha m\u00e1s materia que la que interact\u00faa con la radiaci\u00f3n electromagn\u00e9tica: lo restante es llamado \u201cel componente de <a href=\"#\" onclick=\"referencia('materia oscura',event); return false;\">materia oscura<\/a>\u201d. Claro que, tambi\u00e9n todo esas anomal\u00edas observadas pudieran ser debidas a una fuerza que no hemos podido observar o descubrir, y, tambi\u00e9n, a cualquier otro factor desconocido de los que t\u00e1ntos esconde el Universo. Incluso, algunos Astr\u00f3nomos apuestan por un universo vecino que tira del nuestro.<\/p>\n<p style=\"text-align: justify;\"><img decoding=\"async\" src=\"http:\/\/2.bp.blogspot.com\/_w1kycNNBkOE\/TR0O-c0Zq2I\/AAAAAAAAEtY\/atYeCkv8jpc\/s1600\/materia_oscura_hst2.jpg\" alt=\"\" \/><\/p>\n<h3 style=\"text-align: justify;\">Los f\u00edsicos proponen un mecanismo que explica el origen tanto de la <a href=\"http:\/\/www.emiliosilveravazquez.com\/blog\/2013\/08\/23\/si-%C2%A1tenemos-que-saber-y-sabremos\/#\"><a href=\"#\" onclick=\"referencia('materia oscura',event); return false;\">materia oscura<\/a><\/a> como de la materia ordinaria.\u00a0Este mapa en 3D muestra la distribuci\u00f3n a gran escala de la <a href=\"http:\/\/www.emiliosilveravazquez.com\/blog\/2013\/08\/23\/si-%C2%A1tenemos-que-saber-y-sabremos\/#\"><a href=\"#\" onclick=\"referencia('materia oscura',event); return false;\">materia oscura<\/a><\/a>, reconstruida a partir de las mediciones realizadas por el m\u00e9todo de las lentes gravitatorias d\u00e9biles con el Telescopio Espacial <a href=\"http:\/\/www.emiliosilveravazquez.com\/blog\/2013\/08\/23\/si-%C2%A1tenemos-que-saber-y-sabremos\/#\"><a href=\"#\" onclick=\"referencia('hubble',event); return false;\">Hubble<\/a><\/a>. El campo de visi\u00f3n abarca cerca de nueve veces el tama\u00f1o de la Luna llena.<\/h3>\n<p>&nbsp;<\/p>\n<div style=\"text-align: justify;\">A trav\u00e9s de precisas mediciones cosmol\u00f3gicas, los cient\u00edficos saben que cerca del 4,6% del Universo est\u00e1 compuesto por materia bari\u00f3nica (\u00e1tomos normales), aproximadamente el 23% lo <a id=\"_GPLITA_17\" title=\"Click to Continue > by Savings Wave&#8221; href=&#8221;http:\/\/www.emiliosilveravazquez.com\/blog\/2013\/08\/23\/si-%C2%A1tenemos-que-saber-y-sabremos\/#&#8221;>forma<img decoding=\"async\" src=\"http:\/\/savingswave-a.akamaihd.net\/items\/it\/img\/arrow-10x10.png\" alt=\"\" \/><\/a> la <a href=\"http:\/\/www.emiliosilveravazquez.com\/blog\/2013\/08\/23\/si-%C2%A1tenemos-que-saber-y-sabremos\/#\"><a href=\"#\" onclick=\"referencia('materia oscura',event); return false;\">materia oscura<\/a><\/a>, y el 72% restante o <a id=\"_GPLITA_18\" title=\"Click to Continue > by Savings Wave&#8221; href=&#8221;http:\/\/www.emiliosilveravazquez.com\/blog\/2013\/08\/23\/si-%C2%A1tenemos-que-saber-y-sabremos\/#&#8221;>menos<img decoding=\"async\" src=\"http:\/\/savingswave-a.akamaihd.net\/items\/it\/img\/arrow-10x10.png\" alt=\"\" \/><\/a>, corresponde a la energ\u00eda oscura. Los cient\u00edficos tambi\u00e9n saben que casi toda la materia bari\u00f3nica del Universo observable es materia con una carga positiva de <a href=\"http:\/\/www.emiliosilveravazquez.com\/blog\/2013\/08\/23\/si-%C2%A1tenemos-que-saber-y-sabremos\/#\">bariones<\/a>, en vez de antimateria, con una carga negativa de <a href=\"http:\/\/www.emiliosilveravazquez.com\/blog\/2013\/08\/23\/si-%C2%A1tenemos-que-saber-y-sabremos\/#\">bariones<\/a>. Pero exactamente por qu\u00e9 se llegaron a estas proporciones de materia y energ\u00eda sigue siendo un misterio.<\/div>\n<div style=\"text-align: justify;\">En un estudio reciente, los f\u00edsicos han propuesto un <a id=\"_GPLITA_19\" title=\"Click to Continue > by Savings Wave&#8221; href=&#8221;http:\/\/www.emiliosilveravazquez.com\/blog\/2013\/08\/23\/si-%C2%A1tenemos-que-saber-y-sabremos\/#&#8221;>nuevo<img decoding=\"async\" src=\"http:\/\/savingswave-a.akamaihd.net\/items\/it\/img\/arrow-10x10.png\" alt=\"\" \/><\/a> mecanismo que puede generar la asimetr\u00eda bari\u00f3nica y la densidad de <a href=\"http:\/\/www.emiliosilveravazquez.com\/blog\/2013\/08\/23\/si-%C2%A1tenemos-que-saber-y-sabremos\/#\"><a href=\"#\" onclick=\"referencia('materia oscura',event); return false;\">materia oscura<\/a><\/a> del Universo simult\u00e1neamente. La composici\u00f3n de la <a href=\"http:\/\/www.emiliosilveravazquez.com\/blog\/2013\/08\/23\/si-%C2%A1tenemos-que-saber-y-sabremos\/#\"><a href=\"#\" onclick=\"referencia('materia oscura',event); return false;\">materia oscura<\/a><\/a> se desconoce, pero <a id=\"_GPLITA_20\" title=\"Click to Continue > by Savings Wave&#8221; href=&#8221;http:\/\/www.emiliosilveravazquez.com\/blog\/2013\/08\/23\/si-%C2%A1tenemos-que-saber-y-sabremos\/#&#8221;>puede<img decoding=\"async\" src=\"http:\/\/savingswave-a.akamaihd.net\/items\/it\/img\/arrow-10x10.png\" alt=\"\" \/><\/a> incluir <a href=\"http:\/\/www.emiliosilveravazquez.com\/blog\/2013\/08\/23\/si-%C2%A1tenemos-que-saber-y-sabremos\/#\">neutrinos<\/a> ordinarios y pesados, part\u00edculas elementales recientemente postuladas <a id=\"_GPLITA_21\" title=\"Click to Continue > by Savings Wave&#8221; href=&#8221;http:\/\/www.emiliosilveravazquez.com\/blog\/2013\/08\/23\/si-%C2%A1tenemos-que-saber-y-sabremos\/#&#8221;>como<img decoding=\"async\" src=\"http:\/\/savingswave-a.akamaihd.net\/items\/it\/img\/arrow-10x10.png\" alt=\"\" \/><\/a> los WIMPs y los axiones, cuerpos astron\u00f3micos como las estrellas enanas y marrones y los\u00a0 planetas (colectivamente llamados MACHO) y las nubes de gases no luminosos. Las pruebas actuales favorecen los modelos en que el componente primario de la <a href=\"http:\/\/www.emiliosilveravazquez.com\/blog\/2013\/08\/23\/si-%C2%A1tenemos-que-saber-y-sabremos\/#\"><a href=\"#\" onclick=\"referencia('materia oscura',event); return false;\">materia oscura<\/a><\/a> son las nuevas part\u00edculas elementales llamadas colectivamente <a href=\"http:\/\/www.emiliosilveravazquez.com\/blog\/2013\/08\/23\/si-%C2%A1tenemos-que-saber-y-sabremos\/#\"><a href=\"#\" onclick=\"referencia('materia oscura',event); return false;\">materia oscura<\/a><\/a> no bari\u00f3nica.<\/div>\n<p style=\"text-align: justify;\"><img decoding=\"async\" loading=\"lazy\" id=\"il_fi\" src=\"http:\/\/html.rincondelvago.com\/000588638.jpg\" alt=\"\" width=\"480\" height=\"358\" \/><\/p>\n<p style=\"text-align: justify;\">De la lecturta del \u00faltimo p\u00e1rrafo, uno sale convencido totalmente de que, nadie sabe lo que la \u201c<a href=\"http:\/\/www.emiliosilveravazquez.com\/blog\/2013\/08\/23\/si-%C2%A1tenemos-que-saber-y-sabremos\/#\"><a href=\"#\" onclick=\"referencia('materia oscura',event); return false;\">materia oscura<\/a><\/a>\u201d puesa ser. Es como aquel criste que contaban en el que, un cazador que ten\u00eda tenblores era el que m\u00e1s p\u00e1jaros mataba. Uno del grupo, algo mosca, dec\u00eda: \u201cClaro es que apunta a todos los lados\u201d. De la misma manera, los \u201cexpertos, se curan en salud y dicen que la hipot\u00e9tica \u201cmatria oscura\u201d pueden ser: \u201d los WIMPs y los axiones, cuerpos astron\u00f3micos como las estrellas enanas y marrones y los\u00a0 planetas (colectivamente llamados MACHO) y las nubes de gases no luminosos.\u201d y, seguro que me dejo algunop por detr\u00e1s, ya ue me fantan los <a href=\"http:\/\/www.emiliosilveravazquez.com\/blog\/2013\/08\/23\/si-%C2%A1tenemos-que-saber-y-sabremos\/#\">neutrinos<\/a> y los <a href=\"http:\/\/www.emiliosilveravazquez.com\/blog\/2013\/08\/23\/si-%C2%A1tenemos-que-saber-y-sabremos\/#\"><a href=\"#\" onclick=\"referencia('agujero negro',event); return false;\">agujeros negros<\/a><\/a> que <a id=\"_GPLITA_22\" title=\"Click to Continue > by Savings Wave&#8221; href=&#8221;http:\/\/www.emiliosilveravazquez.com\/blog\/2013\/08\/23\/si-%C2%A1tenemos-que-saber-y-sabremos\/#&#8221;>tambi\u00e9n<img decoding=\"async\" src=\"http:\/\/savingswave-a.akamaihd.net\/items\/it\/img\/arrow-10x10.png\" alt=\"\" \/><\/a>, fueron candidatos a \u201c<a href=\"http:\/\/www.emiliosilveravazquez.com\/blog\/2013\/08\/23\/si-%C2%A1tenemos-que-saber-y-sabremos\/#\"><a href=\"#\" onclick=\"referencia('materia oscura',event); return false;\">materia oscura<\/a><\/a>\u201d.<\/p>\n<p style=\"text-align: justify;\"><img decoding=\"async\" id=\"imagenprincipal\" title=\"Detectado un inmenso vac\u00edo en el Universo lejano\" src=\"http:\/\/observatorio.info\/fotos\/2805\/detectado-un-inmenso-vacio-en-el-universo-lejano\/\" alt=\"Detectado un inmenso vac\u00edo en el Universo lejano\" \/><\/p>\n<p style=\"text-align: justify;\">En lo que al vac\u00edo se refiere, son muchos los conceptos que <a id=\"_GPLITA_23\" title=\"Click to Continue > by Savings Wave&#8221; href=&#8221;http:\/\/www.emiliosilveravazquez.com\/blog\/2013\/08\/23\/si-%C2%A1tenemos-que-saber-y-sabremos\/#&#8221;>como<img decoding=\"async\" src=\"http:\/\/savingswave-a.akamaihd.net\/items\/it\/img\/arrow-10x10.png\" alt=\"\" \/><\/a> vac\u00edo est\u00e1 en nuestras bocas y, podemos decir: \u201cSe ha detectado un inmenso vac\u00edo en el Universo lejano\u201d. En la p\u00e1gina de Astronom\u00eda Of The Day de la Nasa, con esa imagen de arriba, nos dec\u00edan:<\/p>\n<p style=\"text-align: justify;\">\u201c\u00bfQu\u00e9 ha creado <a id=\"_GPLITA_24\" title=\"Click to Continue > by Savings Wave&#8221; href=&#8221;http:\/\/www.emiliosilveravazquez.com\/blog\/2013\/08\/23\/si-%C2%A1tenemos-que-saber-y-sabremos\/#&#8221;>este<img decoding=\"async\" src=\"http:\/\/savingswave-a.akamaihd.net\/items\/it\/img\/arrow-10x10.png\" alt=\"\" \/><\/a> gigantesco volumen vac\u00edo en el Universo? Nadie est\u00e1 a\u00fan seguro. Es m\u00e1s: se sigue investigando incluso el tama\u00f1o del hueco, estimado en unos millones de a\u00f1os-luz.\u00a0 El vac\u00edo no es un \u201cagujero en el espacio\u201d como podr\u00eda serlo un <a href=\"http:\/\/www.emiliosilveravazquez.com\/blog\/2013\/08\/23\/si-%C2%A1tenemos-que-saber-y-sabremos\/#\"><a href=\"#\" onclick=\"referencia('agujero negro',event); return false;\">agujero negro<\/a><\/a>, sino m\u00e1s <a id=\"_GPLITA_25\" title=\"Click to Continue > by Savings Wave&#8221; href=&#8221;http:\/\/www.emiliosilveravazquez.com\/blog\/2013\/08\/23\/si-%C2%A1tenemos-que-saber-y-sabremos\/#&#8221;>bien<img decoding=\"async\" src=\"http:\/\/savingswave-a.akamaihd.net\/items\/it\/img\/arrow-10x10.png\" alt=\"\" \/><\/a> una inmensa regi\u00f3n del Universo en la que al parecer no hay materia normal, o, siquiera, <a href=\"http:\/\/www.emiliosilveravazquez.com\/blog\/2013\/08\/23\/si-%C2%A1tenemos-que-saber-y-sabremos\/#\"><a href=\"#\" onclick=\"referencia('materia oscura',event); return false;\">materia oscura<\/a><\/a>. Se cree que el vac\u00edo <a id=\"_GPLITA_26\" title=\"Click to Continue > by Savings Wave&#8221; href=&#8221;http:\/\/www.emiliosilveravazquez.com\/blog\/2013\/08\/23\/si-%C2%A1tenemos-que-saber-y-sabremos\/#&#8221;>puede<img decoding=\"async\" src=\"http:\/\/savingswave-a.akamaihd.net\/items\/it\/img\/arrow-10x10.png\" alt=\"\" \/><\/a> contener energ\u00eda oscura,\u00a0 sin embargo, y es claramente transparente a la luz.<\/p>\n<p style=\"text-align: justify;\">La existencia de esta zona vac\u00eda se postula como posible explicaci\u00f3n para la inusuales zonas fr\u00edas cartografiadas en elmapa de la misi\u00f3n WMAP del fondo c\u00f3smico de microondas\u00a0 (CMB). Una posibilidad es que esta regi\u00f3n del fondo c\u00f3smico de microondas no est\u00e9 realmente tan fr\u00eda,\u00a0 sino que la luz proveniente de ella haya sufrido, de alguna manera, un desplazamiento cosmol\u00f1\u00f3gico al rojo mayor que el esperado. Se conocen otros vac\u00edos de estas caracter\u00edsticas en el Universo, pero \u00e9ste parece tener efectos gravitatorios inusualmente grandes, por lo que podr\u00eda ser el mayor vac\u00edo del Universo conocido. En una investigaci\u00f3n sobre el tema, un reciente estudio encontr\u00f3 un <a id=\"_GPLITA_27\" title=\"Click to Continue > by Savings Wave&#8221; href=&#8221;http:\/\/www.emiliosilveravazquez.com\/blog\/2013\/08\/23\/si-%C2%A1tenemos-que-saber-y-sabremos\/#&#8221;>n\u00famero<img decoding=\"async\" src=\"http:\/\/savingswave-a.akamaihd.net\/items\/it\/img\/arrow-10x10.png\" alt=\"\" \/><\/a> extra\u00f1amente reducido de fuentes c\u00edsmicas de radio entre la Tierra y esta zona fr\u00eda del fondo c\u00f3smico de microondas, dato que llev\u00f3 a inferir la existencia de esta inmensa zona vac\u00eda.\u201d Es decir, continuamos dando palos de ciego y, cuando no sabemos, teorizados y emitimos conjeturas e hip\u00f3tesis que, no siempre, reflejan la realidad.<\/p>\n<p style=\"text-align: justify;\"><img decoding=\"async\" loading=\"lazy\" title=\"fractal vacio cuantico\" src=\"http:\/\/cesarmarcano.files.wordpress.com\/2012\/04\/fractal-vacio-cuantico.jpg?w=474&amp;h=357\" alt=\"\" width=\"474\" height=\"357\" \/><\/p>\n<p style=\"text-align: justify;\">Es el estado cu\u00e1ntico con la menor energ\u00eda posible. Generalmente no contiene part\u00edculas f\u00edsicas. El t\u00e9rmino \u201cEnerg\u00eda del punto cero\u201d es usado ocasionalmente como sin\u00f3nimo para el vac\u00edo cu\u00e1ntico de un determinado campo cu\u00e1ntico.\u00a0 De acuerdo a lo que se entiende actualmente por vac\u00edo cu\u00e1ntico o \u201cestado de vac\u00edo\u201d, este \u201cno es <a id=\"_GPLITA_28\" title=\"Click to Continue > by Savings Wave&#8221; href=&#8221;http:\/\/www.emiliosilveravazquez.com\/blog\/2013\/08\/23\/si-%C2%A1tenemos-que-saber-y-sabremos\/#&#8221;>desde<img decoding=\"async\" src=\"http:\/\/savingswave-a.akamaihd.net\/items\/it\/img\/arrow-10x10.png\" alt=\"\" \/><\/a> ning\u00fan punto de vista un simple espacio vac\u00edo\u201d. , y otra vez: \u201ces un error pensar en cualquier vac\u00edo f\u00edsico como un absoluto espacio vac\u00edo.\u201d De acuerdo con la mec\u00e1nica cu\u00e1ntica, el vac\u00edo cu\u00e1ntico no est\u00e1 verdaderamente vac\u00edo sino que contiene ondas electromagn\u00e9ticas fluctuantes y part\u00edculas que saltan adentro y fuera de la existencia.<\/p>\n<p style=\"text-align: justify;\">La existencia del cuanto de acci\u00f3n supone, realmente, la desaparici\u00f3n del vac\u00edo como tal. La m\u00ednima energ\u00eda posible en el espacio (fluctuaciones cu\u00e1nticas) deja de ser cero <a id=\"_GPLITA_29\" title=\"Click to Continue > by Savings Wave&#8221; href=&#8221;http:\/\/www.emiliosilveravazquez.com\/blog\/2013\/08\/23\/si-%C2%A1tenemos-que-saber-y-sabremos\/#&#8221;>para<img decoding=\"async\" src=\"http:\/\/savingswave-a.akamaihd.net\/items\/it\/img\/arrow-10x10.png\" alt=\"\" \/><\/a> pasar a depender del inverso de la distancia considerada. A la menor distancia posible (<a href=\"http:\/\/www.emiliosilveravazquez.com\/blog\/2013\/08\/23\/si-%C2%A1tenemos-que-saber-y-sabremos\/#\"><a href=\"#\" onclick=\"referencia('planck longitud de',event); return false;\">longitud de Planck<\/a><\/a> = 10-35 metros) , se le asocia una energ\u00eda considerable, equivalente a una masa de 0,00002 gramos, y si mantuvi\u00e9ramos la misma relaci\u00f3n, la masa correspondiente a un metro ser\u00eda del orden de 1,2 x1024 toneladas. <a id=\"_GPLITA_30\" title=\"Click to Continue > by Savings Wave&#8221; href=&#8221;http:\/\/www.emiliosilveravazquez.com\/blog\/2013\/08\/23\/si-%C2%A1tenemos-que-saber-y-sabremos\/#&#8221;>Pero<img decoding=\"async\" src=\"http:\/\/savingswave-a.akamaihd.net\/items\/it\/img\/arrow-10x10.png\" alt=\"\" \/><\/a> la propia existencia del m\u00ednimo cuanto de acci\u00f3n \u2013 <a href=\"http:\/\/www.emiliosilveravazquez.com\/blog\/2013\/08\/23\/si-%C2%A1tenemos-que-saber-y-sabremos\/#\"><a href=\"#\" onclick=\"referencia('indeterminacion principio de',event); return false;\">principio de incertidumbre<\/a><\/a> \u2013 determina que las fluctuaciones de energ\u00eda del vac\u00edo queden acotadas, y sean cada vez menores conforme aumenta la distancia. Para las distancias macrosc\u00f3picas, cotidianas para nosotros, son pr\u00e1cticamente nulas.<\/p>\n<p style=\"text-align: justify;\"><img decoding=\"async\" id=\"BLOGGER_PHOTO_ID_5586929491957207410\" src=\"http:\/\/3.bp.blogspot.com\/-jjDWhUenSSc\/TYjCxalDUXI\/AAAAAAAAAOA\/ZRNNW4lIFFY\/s320\/untitled.bmp\" alt=\"\" border=\"0\" \/><\/p>\n<p style=\"text-align: justify;\">Despu\u00e9s de leer todo lo anterior, tenemos que pensar y hacernos preguntas sobre lo que es y lo que realmente puede ser. Cierto que, no estamos en disposici\u00f3n de discernir entre la verdad y la mentira de todo lo que se dice y, <a id=\"_GPLITA_31\" title=\"Click to Continue > by Savings Wave&#8221; href=&#8221;http:\/\/www.emiliosilveravazquez.com\/blog\/2013\/08\/23\/si-%C2%A1tenemos-que-saber-y-sabremos\/#&#8221;>para<img decoding=\"async\" src=\"http:\/\/savingswave-a.akamaihd.net\/items\/it\/img\/arrow-10x10.png\" alt=\"\" \/><\/a> no estar seguros, no sabemos, con certeza, ni siquiera si el <a href=\"http:\/\/www.emiliosilveravazquez.com\/blog\/2013\/08\/23\/si-%C2%A1tenemos-que-saber-y-sabremos\/#\"><a href=\"#\" onclick=\"referencia('big bang',event); return false;\">Big Bang<\/a><\/a> existi\u00f3 y fue el origen del Universo, o, por el contrario, el Universo ya estaba aqu\u00ed, o, se form\u00f3 de otra manera.<\/p>\n<p style=\"text-align: justify;\">Muchas de las cosas que se nos presentan <a id=\"_GPLITA_32\" title=\"Click to Continue > by Savings Wave&#8221; href=&#8221;http:\/\/www.emiliosilveravazquez.com\/blog\/2013\/08\/23\/si-%C2%A1tenemos-que-saber-y-sabremos\/#&#8221;>como<img decoding=\"async\" src=\"http:\/\/savingswave-a.akamaihd.net\/items\/it\/img\/arrow-10x10.png\" alt=\"\" \/><\/a> ciertas\u2026No lo son, y, sin embargo, ah\u00ed perduran en nuestras mentes como si de algo real se tratara y, pasado el tiempo, se descubre que aquello, no era tal como nos lo contaron sino que, se trataba de algo distinto y totalmente opuesto a lo que fue nuestro credo.<\/p>\n<p style=\"text-align: justify;\">As\u00ed hemos venido caminando los componentes de este grupo que <a id=\"_GPLITA_33\" title=\"Click to Continue > by Savings Wave&#8221; href=&#8221;http:\/\/www.emiliosilveravazquez.com\/blog\/2013\/08\/23\/si-%C2%A1tenemos-que-saber-y-sabremos\/#&#8221;>forma<img decoding=\"async\" src=\"http:\/\/savingswave-a.akamaihd.net\/items\/it\/img\/arrow-10x10.png\" alt=\"\" \/><\/a> una especie que llamamos humanidad. Somos curiosos y queremos saber sobre todo lo que a nuestro alrededor pasa, saber c\u00f3mo pasaron las cosas y llegar a comprender el por qu\u00e9 sucedi\u00f3 as\u00ed y no de otra manera. Pero la ciencia, la \u00fanica que nos pod\u00eda dar una respuesta, no es f\u00e1cil y exige de ciertas reglas que debemos cumplir y, desde luego, no siempre hemos estado preparados para cumplirlas y, la mejor herramienta que hemos tenido ha sido nuestra Mente. Imaginaci\u00f3n y pensamientos que nos llevaron a dibujhar en nuestras mentes un \u201cmundo\u201d que no siempre coincide con el mundo pero, de esa manera, hemos avanzado y lo seguimos haciendo.<\/p>\n<p style=\"text-align: justify;\"><img decoding=\"async\" loading=\"lazy\" id=\"il_fi\" src=\"http:\/\/observatorio.info\/fotos\/5079\/la-nebulosa-del-capullo-desde-cfht\/\" alt=\"\" width=\"640\" height=\"480\" \/><\/p>\n<p style=\"text-align: justify;\"><img decoding=\"async\" loading=\"lazy\" id=\"il_fi\" src=\"http:\/\/eltamiz.com\/wp-content\/uploads\/2008\/01\/pulsar.png\" alt=\"\" width=\"400\" height=\"300\" \/><\/p>\n<p style=\"text-align: justify;\"><img decoding=\"async\" loading=\"lazy\" id=\"il_fi\" src=\"http:\/\/4.bp.blogspot.com\/_BE3r0Kiaaco\/SjI1JbweuhI\/AAAAAAAABsM\/lcsM0PSkOoE\/s400\/chromosome.jpg\" alt=\"\" width=\"304\" height=\"400\" \/><\/p>\n<p style=\"text-align: justify;\"><img decoding=\"async\" loading=\"lazy\" id=\"il_fi\" src=\"http:\/\/t2.gstatic.com\/images?q=tbn:ANd9GcR4uD9vF1HHzoqyIA1KErUgyrzqwugB4Gh-FT4SRxMt8TlFdLuW_lh3rYRd\" alt=\"\" width=\"225\" height=\"225\" \/><\/p>\n<p style=\"text-align: justify;\"><img decoding=\"async\" loading=\"lazy\" id=\"il_fi\" src=\"http:\/\/2.bp.blogspot.com\/_RBY8mNz0HBE\/TOMSW6XtY1I\/AAAAAAAAAlA\/yP9J4NdZx-M\/s1600\/ciencia-y-fe.jpg\" alt=\"\" width=\"600\" height=\"450\" \/><\/p>\n<p style=\"text-align: justify;\">Bueno, es cierto, y debemos reconocer que a\u00fan no sabemos \u201ctodo\u201d y, sin embargo, hemos podido llegar a comprender muchas cosas que s\u00ed podr\u00edamos explicar, todas esas im\u00e1genes de arriba y muchas m\u00e1s pueden ser explicadas de manera muy detallada y con abundancia de <a id=\"_GPLITA_34\" title=\"Click to Continue > by Savings Wave&#8221; href=&#8221;http:\/\/www.emiliosilveravazquez.com\/blog\/2013\/08\/23\/si-%C2%A1tenemos-que-saber-y-sabremos\/#&#8221;>datos<img decoding=\"async\" src=\"http:\/\/savingswave-a.akamaihd.net\/items\/it\/img\/arrow-10x10.png\" alt=\"\" \/><\/a>. La Humanidad no est\u00e1 pasara, nunca dej\u00f3 de moverse y la imaginaci\u00f3n que genera sus mentes\u2026evoluciona sin cesar, es una fuente de creaci\u00f3n y, aunque sea lentamente (el ritmo lo impone el Universo), vamos sabiendo y, alg\u00fan d\u00eda sabremos lo que realmente pueda ser eso que llamamos \u201c<a href=\"http:\/\/www.emiliosilveravazquez.com\/blog\/2013\/08\/23\/si-%C2%A1tenemos-que-saber-y-sabremos\/#\"><a href=\"#\" onclick=\"referencia('materia oscura',event); return false;\">materia oscura<\/a><\/a>\u201d, sabremos si el <a href=\"http:\/\/www.emiliosilveravazquez.com\/blog\/2013\/08\/23\/si-%C2%A1tenemos-que-saber-y-sabremos\/#\"><a href=\"#\" onclick=\"referencia('higgs',event); return false;\">Higgs<\/a><\/a> es el dador de las masas, y podremos comprender sobre el vac\u00edo y sus verdaderas propiedades y, adem\u00e1s, sabremos sobre otros muchos secretos que el Universo guarda y que, nosotros, los &#8220;insignificantes&#8221; seres de una especie llamada Humana, podemos desvelar.<\/p>\n<p style=\"text-align: justify;\">emilio silvera<\/p>\n<\/div>\n<div class='bookmark'>\r\n\t\t<table align='left' border='0' cellpadding='0' width='100%'>\r\n\t\t<tr><td><span class='pushbutton'><a href='http:\/\/delicious.com\/post?url=http%3A%2F%2Fwww.emiliosilveravazquez.com%2Fblog%2F2014%2F06%2F15%2Fparafraseando-a-hilbert-%25c2%25a1tenemos-que-saber-y-sabremos%2F&amp;title=Parafraseando+a+Hilbert%3A+%C2%A1Tenemos+que+saber%2C+y+sabremos%21' title='Delicious' target='_blank' rel='nofollow'><img src='http:\/\/www.emiliosilveravazquez.com\/blog\/wp-content\/plugins\/knxdt-bookmarks-wordpress-plugin\/images\/delicious.png'  alt='' class='book_img' border='none' style='margin:1px; padding: 0;'  \/><\/a><\/span><span class='pushbutton'><a href='http:\/\/digg.com\/submit?url=http%3A%2F%2Fwww.emiliosilveravazquez.com%2Fblog%2F2014%2F06%2F15%2Fparafraseando-a-hilbert-%25c2%25a1tenemos-que-saber-y-sabremos%2F&amp;title=Parafraseando+a+Hilbert%3A+%C2%A1Tenemos+que+saber%2C+y+sabremos%21' title='Digg' target='_blank' rel='nofollow'><img src='http:\/\/www.emiliosilveravazquez.com\/blog\/wp-content\/plugins\/knxdt-bookmarks-wordpress-plugin\/images\/digg.png'  alt='' class='book_img' border='none' style='margin:1px; padding: 0;'  \/><\/a><\/span><span class='pushbutton'><a href='http:\/\/www.google.com\/bookmarks\/mark?op=edit&amp;bkmk=http%3A%2F%2Fwww.emiliosilveravazquez.com%2Fblog%2F2014%2F06%2F15%2Fparafraseando-a-hilbert-%25c2%25a1tenemos-que-saber-y-sabremos%2F&amp;title=Parafraseando+a+Hilbert%3A+%C2%A1Tenemos+que+saber%2C+y+sabremos%21' title='Google' target='_blank' rel='nofollow'><img src='http:\/\/www.emiliosilveravazquez.com\/blog\/wp-content\/plugins\/knxdt-bookmarks-wordpress-plugin\/images\/google.png'   alt='' class='book_img' border='none' style='margin:1px; padding: 0;'  \/><\/a><\/span><span class='pushbutton'><a href='http:\/\/myweb2.search.yahoo.com\/myresults\/bookmarklet?u=http%3A%2F%2Fwww.emiliosilveravazquez.com%2Fblog%2F2014%2F06%2F15%2Fparafraseando-a-hilbert-%25c2%25a1tenemos-que-saber-y-sabremos%2F&amp;t=Parafraseando+a+Hilbert%3A+%C2%A1Tenemos+que+saber%2C+y+sabremos%21' title='Yahoo' target='_blank' rel='nofollow'><img src='http:\/\/www.emiliosilveravazquez.com\/blog\/wp-content\/plugins\/knxdt-bookmarks-wordpress-plugin\/images\/yahoo.png'  alt='' class='book_img' border='none' style='margin:1px; padding: 0;'  \/><\/a><\/span><span class='pushbutton'><a href='http:\/\/www.technorati.com\/faves?add=http%3A%2F%2Fwww.emiliosilveravazquez.com%2Fblog%2F2014%2F06%2F15%2Fparafraseando-a-hilbert-%25c2%25a1tenemos-que-saber-y-sabremos%2F' title='Technorati' target='_blank' rel='nofollow'><img src='http:\/\/www.emiliosilveravazquez.com\/blog\/wp-content\/plugins\/knxdt-bookmarks-wordpress-plugin\/images\/technorati.png'  alt='' class='book_img' border='none' style='margin:1px; padding: 0;'  \/><\/a><\/span><span class='pushbutton'><a href='http:\/\/meneame.net\/submit.php?url=http%3A%2F%2Fwww.emiliosilveravazquez.com%2Fblog%2F2014%2F06%2F15%2Fparafraseando-a-hilbert-%25c2%25a1tenemos-que-saber-y-sabremos%2F' title='Meneame' target='_blank' rel='nofollow'><img src='http:\/\/www.emiliosilveravazquez.com\/blog\/wp-content\/plugins\/knxdt-bookmarks-wordpress-plugin\/images\/meneame.png'  alt='' class='book_img' border='none' style='margin:1px; padding: 0;'  \/><\/a><\/span><span class='pushbutton'><a href='http:\/\/enchilame.com\/submit.php?url=http:\/\/www.emiliosilveravazquez.com\/blog\/2014\/06\/15\/parafraseando-a-hilbert-%c2%a1tenemos-que-saber-y-sabremos\/' target='_blank' rel='nofollow'><img title='Enchilame' src='http:\/\/www.emiliosilveravazquez.com\/blog\/wp-content\/plugins\/knxdt-bookmarks-wordpress-plugin\/images\/enchilame.png'  alt='' class='book_img' border='none' style='margin:1px; padding: 0;'  \/><\/a><\/span><span class='pushbutton'><a href='http:\/\/www.blinklist.com\/index.php?Action=Blink\/addblink.php&amp;Description=&amp;Url=http%3A%2F%2Fwww.emiliosilveravazquez.com%2Fblog%2F2014%2F06%2F15%2Fparafraseando-a-hilbert-%25c2%25a1tenemos-que-saber-y-sabremos%2F&amp;title=Parafraseando+a+Hilbert%3A+%C2%A1Tenemos+que+saber%2C+y+sabremos%21' title='BlinkList' target='_blank' rel='nofollow'><img src='http:\/\/www.emiliosilveravazquez.com\/blog\/wp-content\/plugins\/knxdt-bookmarks-wordpress-plugin\/images\/blinklist.png'  alt='' class='book_img' border='none' style='margin:1px; padding: 0;'  \/><\/a><\/span><span class='pushbutton'><a href='http:\/\/reddit.com\/submit?url=http%3A%2F%2Fwww.emiliosilveravazquez.com%2Fblog%2F2014%2F06%2F15%2Fparafraseando-a-hilbert-%25c2%25a1tenemos-que-saber-y-sabremos%2F&amp;title=Parafraseando+a+Hilbert%3A+%C2%A1Tenemos+que+saber%2C+y+sabremos%21' title='Reddit' target='_blank' rel='nofollow'><img src='http:\/\/www.emiliosilveravazquez.com\/blog\/wp-content\/plugins\/knxdt-bookmarks-wordpress-plugin\/images\/reddit.png'  alt='' class='book_img' border='none' style='margin:1px; padding: 0;'  \/><\/a><\/span><span class='pushbutton'><a href='http:\/\/www.tecnologiadiaria.com\/2009\/07\/abrir-com-hotmail-correo.html' target='_blank' title='hotmail'><img src='http:\/\/www.emiliosilveravazquez.com\/blog\/wp-content\/plugins\/knxdt-bookmarks-wordpress-plugin\/images\/linklove.png' alt='hotmail correo' class='book_img' border='none' style='margin:1px; padding: 0;' \/><\/a><\/span><span class='pushbutton'><a href='http:\/\/bitacoras.com\/votar\/anotacion\/externo\/mini\/www.emiliosilveravazquez.com\/blog\/2014\/06\/15\/parafraseando-a-hilbert-%c2%a1tenemos-que-saber-y-sabremos\/' title='Bitacoras.com' target='_blank' rel='nofollow'><img src='http:\/\/www.emiliosilveravazquez.com\/blog\/wp-content\/plugins\/knxdt-bookmarks-wordpress-plugin\/images\/bitacoras.png'  alt='' class='book_img' border='none' style='margin:1px; padding: 0;'  \/><\/a><\/span><span class='pushbutton'><a href='http:\/\/www.wikio.es\/vote?url=http%3A%2F%2Fwww.emiliosilveravazquez.com%2Fblog%2F2014%2F06%2F15%2Fparafraseando-a-hilbert-%25c2%25a1tenemos-que-saber-y-sabremos%2F' title='Wikio' target='_blank' rel='nofollow'><img src='http:\/\/www.emiliosilveravazquez.com\/blog\/wp-content\/plugins\/knxdt-bookmarks-wordpress-plugin\/images\/wikio.png'   alt='' class='book_img' border='none' style='margin:1px; padding: 0;'   \/><\/a><\/span><span class='pushbutton'><a href='http:\/\/friendfeed.com\/?url=http%3A%2F%2Fwww.emiliosilveravazquez.com%2Fblog%2F2014%2F06%2F15%2Fparafraseando-a-hilbert-%25c2%25a1tenemos-que-saber-y-sabremos%2F&amp;title=Parafraseando+a+Hilbert%3A+%C2%A1Tenemos+que+saber%2C+y+sabremos%21' title='Friend Feed' target='_blank' rel='nofollow'><img src='http:\/\/www.emiliosilveravazquez.com\/blog\/wp-content\/plugins\/knxdt-bookmarks-wordpress-plugin\/images\/friendfeed.png'  alt='' class='book_img' border='none' style='margin:1px; padding: 0;'  \/><\/a><\/span><span class='pushbutton'><a href='http:\/\/www.facebook.com\/share.php?u=http%3A%2F%2Fwww.emiliosilveravazquez.com%2Fblog%2F2014%2F06%2F15%2Fparafraseando-a-hilbert-%25c2%25a1tenemos-que-saber-y-sabremos%2F&amp;t=Parafraseando+a+Hilbert%3A+%C2%A1Tenemos+que+saber%2C+y+sabremos%21' title='Facebook' target='_blank' rel='nofollow'><img src='http:\/\/www.emiliosilveravazquez.com\/blog\/wp-content\/plugins\/knxdt-bookmarks-wordpress-plugin\/images\/facebook.png'  alt='' class='book_img' border='none' style='margin:1px; padding: 0;'  \/><\/a><\/span><span class='pushbutton'><a href='http:\/\/twitter.com\/home?status=Parafraseando+a+Hilbert%3A+%C2%A1Tenemos+que+saber%2C+y+sabremos%21: http%3A%2F%2Fwww.emiliosilveravazquez.com%2Fblog%2F2014%2F06%2F15%2Fparafraseando-a-hilbert-%25c2%25a1tenemos-que-saber-y-sabremos%2F' title='Twitter' target='_blank' rel='nofollow'><img src='http:\/\/www.emiliosilveravazquez.com\/blog\/wp-content\/plugins\/knxdt-bookmarks-wordpress-plugin\/images\/twitter.png'  alt='' class='book_img' border='none' style='margin:1px; padding: 0;'  \/><\/a><\/span><span class='pushbutton'><a href='http:\/\/www.feedburner.com\/fb\/a\/emailFlare?itemTitle=Parafraseando+a+Hilbert%3A+%C2%A1Tenemos+que+saber%2C+y+sabremos%21&amp;uri=http%3A%2F%2Fwww.emiliosilveravazquez.com%2Fblog%2F2014%2F06%2F15%2Fparafraseando-a-hilbert-%25c2%25a1tenemos-que-saber-y-sabremos%2F' title='Enviar por Email' target='_blank' rel='nofollow'><img src='http:\/\/www.emiliosilveravazquez.com\/blog\/wp-content\/plugins\/knxdt-bookmarks-wordpress-plugin\/images\/email.png'  alt='' class='book_img' border='none' style='margin:1px; padding: 0;'  \/><\/a><\/span><span style='font-weight:bold; padding-left: 5px;'><a href='http:\/\/wordpress.org\/extend\/plugins\/knxdt-bookmarks-wordpress-plugin\/' title='Plugin' rel='nofollow' target='_blank'>[?]<\/a><\/span><\/td><\/tr><\/table><br\/><br\/><\/div>","protected":false},"excerpt":{"rendered":"<p>\u00a0\u00ab La simetr\u00eda biol\u00f3gica del universo Algunos desarrollos de la F\u00edsica Te\u00f3rica\u2026Son notables \u00bb &nbsp; Cuando hablamos de \u201cEstrellas de Quarks\u201d,\u00a0 \u201cMateria Oscura\u201d, \u201cBos\u00f3n de Higgs\u201d, \u201cSingularidad\u201d, \u201cvac\u00edo\u201d, Supercuerdas\u201d, o,\u00a0 Teor\u00eda de Todo\u201d Agujeros negros, Fluctuaciones de vac\u00edo y otros muchos conceptos de f\u00edsica, astrof\u00edsica o astronom\u00eda no podemos dejar de plantearnos una pregunta: \u00bfEstar\u00e1 [&hellip;]<\/p>\n","protected":false},"author":2,"featured_media":0,"comment_status":"open","ping_status":"open","sticky":false,"template":"","format":"standard","meta":{"_s2mail":"yes","footnotes":""},"categories":[219],"tags":[],"_links":{"self":[{"href":"http:\/\/www.emiliosilveravazquez.com\/blog\/wp-json\/wp\/v2\/posts\/11073"}],"collection":[{"href":"http:\/\/www.emiliosilveravazquez.com\/blog\/wp-json\/wp\/v2\/posts"}],"about":[{"href":"http:\/\/www.emiliosilveravazquez.com\/blog\/wp-json\/wp\/v2\/types\/post"}],"author":[{"embeddable":true,"href":"http:\/\/www.emiliosilveravazquez.com\/blog\/wp-json\/wp\/v2\/users\/2"}],"replies":[{"embeddable":true,"href":"http:\/\/www.emiliosilveravazquez.com\/blog\/wp-json\/wp\/v2\/comments?post=11073"}],"version-history":[{"count":0,"href":"http:\/\/www.emiliosilveravazquez.com\/blog\/wp-json\/wp\/v2\/posts\/11073\/revisions"}],"wp:attachment":[{"href":"http:\/\/www.emiliosilveravazquez.com\/blog\/wp-json\/wp\/v2\/media?parent=11073"}],"wp:term":[{"taxonomy":"category","embeddable":true,"href":"http:\/\/www.emiliosilveravazquez.com\/blog\/wp-json\/wp\/v2\/categories?post=11073"},{"taxonomy":"post_tag","embeddable":true,"href":"http:\/\/www.emiliosilveravazquez.com\/blog\/wp-json\/wp\/v2\/tags?post=11073"}],"curies":[{"name":"wp","href":"https:\/\/api.w.org\/{rel}","templated":true}]}}