{"id":11063,"date":"2014-06-12T05:44:32","date_gmt":"2014-06-12T04:44:32","guid":{"rendered":"http:\/\/www.emiliosilveravazquez.com\/blog\/?p=11063"},"modified":"2014-06-12T05:44:32","modified_gmt":"2014-06-12T04:44:32","slug":"mirando-al-pasado-2","status":"publish","type":"post","link":"http:\/\/www.emiliosilveravazquez.com\/blog\/2014\/06\/12\/mirando-al-pasado-2\/","title":{"rendered":"Mirando al pasado"},"content":{"rendered":"<div>\n<h2 style=\"text-align: justify;\">\u00a0\u00ab <a href=\"http:\/\/www.emiliosilveravazquez.com\/blog\/2013\/05\/27\/la-palma-del-condado\/\" rel=\"prev\">La Palma del Condado<\/a><\/h2>\n<\/div>\n<div style=\"text-align: justify;\">\n<div><a href=\"http:\/\/www.emiliosilveravazquez.com\/blog\/2013\/05\/28\/%c2%a1nuestro-sentido-comun-que-a-veces-nos-engana\/\" rel=\"next\">Nuestro \u201cSentido Com\u00fan\u201d\u00a0 \u00a1Que a veces nos enga\u00f1a<\/a>! \u00bb<\/div>\n<\/div>\n<h3><\/h3>\n<p>&nbsp;<\/p>\n<div>\n<div>\n<p style=\"text-align: justify;\"><img decoding=\"async\" loading=\"lazy\" id=\"il_fi\" src=\"http:\/\/1.bp.blogspot.com\/-Ye2TM3qSs5Q\/TrYC6XGUVXI\/AAAAAAAAF-Y\/ditanaYnfWs\/s1600\/copernico.gif\" alt=\"\" width=\"550\" height=\"509\" \/><\/p>\n<p style=\"text-align: justify;\">Lo revolucionario de la Teor\u00eda de Cop\u00e9rnico (aunque lo mismo dijo Aristarco de Samos muchos a\u00f1os antes que \u00e9l), resid\u00eda en la afirmaci\u00f3n de que la propia Tierra se mov\u00eda y, si nuestro planeta se mov\u00eda alrededor del Sol, entonces, era el Sol el Centro del Universo y no la Tierra.<\/p>\n<p style=\"text-align: justify;\">Del mismo modo que Col\u00f3n confi\u00f3 en las ideas de Ptolomeo y de otros textos tradicionales cuyas sugerencias, pensaba \u00e9l, no hab\u00edan sido llevadas a la pr\u00e1ctica con la suficiente energ\u00eda, tambi\u00e9n\u00a0 Cop\u00e9rnico\u00a0 hall\u00f3 referencias en las tero\u00edas antiguas. En primer lugar en el pitagorismo, la influyente doctrina de los seguidores de Pit\u00e1goras de Samos, fil\u00f3sofo y matem\u00e1tico griego del siglo VI a. C.<\/p>\n<p style=\"text-align: justify;\">No nos ha llegado ninguna obra del propio Pit\u00e1goras,\u00a0 pero las ideas que le atribuyen sus seguidores est\u00e1n entre las m\u00e1s influyentes de la histortia\u00a0 moderna. De hecho, no podemos pasear por las grandes calles de las importantes ciudades del mundo sin contemplar, la esencia de su teorema, <a href=\"#\" onclick=\"referencia('plasma',event); return false;\">plasma<\/a>do en los mejores y m\u00e1s grandiosos edificios.<\/p>\n<p style=\"text-align: justify;\"><img decoding=\"async\" loading=\"lazy\" id=\"irc_mi\" style=\"margin-top: 66px;\" src=\"http:\/\/2.bp.blogspot.com\/_Wbrv4TZOFic\/SXiwbmRNqAI\/AAAAAAAAAjE\/QMsDQiS0CBI\/s320\/pitagoras2.jpg\" alt=\"\" width=\"320\" height=\"262\" \/><\/p>\n<p style=\"text-align: justify;\">S\u00ed, del teorema de Pit\u00e1goras tendr\u00edamos mucho que decir y, desde luego, aunque se saber que antes que \u00e9l otros matem\u00e1ticos ya lo sacaron a la luz, lo cierto es que, en su escuela, se le dio la imagen que hoy de \u00e9l tenemos y, el aprovechamiento de que este teorema hizo la Humanidad, tenemos las pruebas de ello en la arquitectura repartida por todo el mundo e incluso, en algunos casos, en la propia Naturaleza.<\/p>\n<p style=\"text-align: justify;\"><img decoding=\"async\" loading=\"lazy\" id=\"irc_mi\" style=\"margin-top: 0px;\" src=\"http:\/\/2.bp.blogspot.com\/_jDsZRZn33Po\/TG3mWA46czI\/AAAAAAAAAeY\/ZoMubeMEHzc\/s1600\/28518_129224537100467_123011597721761_225901_3224804_n.jpg\" alt=\"\" width=\"524\" height=\"393\" \/><\/p>\n<p style=\"text-align: justify;\">El conocimiento puro, sosten\u00edan los pitag\u00f3ricos, era la purificaci\u00f3n (catharsis) del Alma. Esto significaba elevarse por encima de los datos procedentes de los sentidos humanos. La realidad pura y esencial, dec\u00edan, se hallaba solamente el el reino de los n\u00fameros. La simple y maravillosa proporci\u00f3n de los n\u00fameros explicar\u00eda la armon\u00eda musical que\u00a0 que constitu\u00eda la belleza del sonido en el o\u00eddo. Por esta raz\u00f3n introdujeron la terminolog\u00eda musical de la octava, la quinta y la cuarta, expresadas como 2:1, 3:1, y 4:3.<\/p>\n<p style=\"text-align: justify;\">Para la Astronom\u00eda la adoraci\u00f3n pitag\u00f3rica de los n\u00fameros llevaba consigo un mensaje arrollador. Arist\u00f3teles lo resum\u00eda sucintamente en la Mataf\u00edsica:<\/p>\n<p style=\"text-align: justify;\"><img decoding=\"async\" loading=\"lazy\" id=\"il_fi\" src=\"http:\/\/www.biografiasyvidas.com\/monografia\/aristoteles\/fotos\/aristoteles_busto.jpg\" alt=\"\" width=\"340\" height=\"321\" \/><\/p>\n<p style=\"text-align: justify;\"><em>Dicen que las propias cosas son n\u00fameros, y nos sit\u00faan los objetos de las matem\u00e1ticas entre las formas y las cosas sensibles. Pues de nuevo, percibieron que las modificaciones y las relaciones\u00a0 de las escalas musicales pod\u00edan expresarse con n\u00fameros; y, siendo as\u00ed, parec\u00eda que todas las dem\u00e1s cosas por su naturaleza tomaban los n\u00fameros como modelo, y parec\u00eda que los n\u00fameros eran las primeras cosas de toda la naturaleza, supon\u00edan que los elementos de los n\u00fameros eran los elementos de todas las cosas y que todo el cielo era una escala musical y un n\u00famero\u2026 y recogieron la distribuci\u00f3n del cielo y la acomodaron a su esquema; y, si en elag\u00fan lugar hab\u00eda una laguna, a\u00f1adieron inmediatamente lo necesario para que toda su propia teor\u00eda fuera coherente.<\/em><\/p>\n<p style=\"text-align: justify;\"><img decoding=\"async\" loading=\"lazy\" id=\"irc_mi\" style=\"margin-top: 0px;\" src=\"http:\/\/3.bp.blogspot.com\/-PSx_T_nrl2Y\/UTs8US-JAuI\/AAAAAAAAEGc\/uNx0VUXC2GQ\/s1600\/cerebro_musico.jpg\" alt=\"\" width=\"577\" height=\"393\" \/><\/p>\n<p style=\"text-align: justify;\">\u00a0\u00a0\u00a0\u00a0\u00a0\u00a0\u00a0\u00a0\u00a0\u00a0\u00a0\u00a0\u00a0\u00a0\u00a0\u00a0\u00a0\u00a0\u00a0\u00a0\u00a0\u00a0\u00a0\u00a0\u00a0\u00a0\u00a0\u00a0\u00a0\u00a0\u00a0\u00a0\u00a0\u00a0 La m\u00fasica siempre ha incidido en nuestros sentidos<\/p>\n<p style=\"text-align: justify;\">(En realidad, hac\u00edan la misma cosa que hoy hacen los f\u00edsicos con sus teor\u00edas que, cuando no saben cuadrarlas, lo hacen con Bosines de <a href=\"#\" onclick=\"referencia('higgs',event); return false;\">Higgs<\/a> o los cosm\u00f3logos con &#8220;<a href=\"#\" onclick=\"referencia('materia oscura',event); return false;\">materia oscura<\/a>&#8221;. Claro que los pit\u00e1g\u00f3ricosm en la \u00e9poca de Cop\u00e9rnico, a\u00fan cre\u00edan ciegamente que la \u00fanica manera, la \u00fanica forma, de llegar a la verdad era a trav\u00e9s de las matem\u00e1ticas que, en definitiva, era el mejor lenguaje para expresar la ciencia y la naturaleza del \u201cmundo\u201d (del universo).<\/p>\n<p style=\"text-align: justify;\"><img decoding=\"async\" loading=\"lazy\" id=\"irc_mi\" style=\"margin-top: 0px;\" src=\"http:\/\/losojosdehipatia.com.es\/wp-content\/uploads\/primera_filosofa1.jpg\" alt=\"\" width=\"534\" height=\"393\" \/><\/p>\n<p style=\"text-align: justify;\" align=\"justify\">En la llamada \u201cEscuela de Alejandr\u00eda\u201d, el neoplatonismo tiene sus \u00faltimos representantes en el c\u00edrculo que Olimpiodoro fund\u00f3 en Alejandr\u00eda en el siglo IV, y que continu\u00f3 con varios autores de no mucho relieve, entre otros: la fil\u00f3sofa Hipatia, Hierocles, Filip\u00f3n (ca. 490-530) \u2014comentador de Arist\u00f3teles convertido luego al cristianismo\u2014 y por \u00faltimo, ya en el siglo VII, otro comentador de Arist\u00f3teles, Esteban de Alejandr\u00eda.<\/p>\n<p style=\"text-align: justify;\" align=\"justify\">Tambi\u00e9n los neoplat\u00f3nicos\u00a0 basaron toda su visi\u00f3n del mundo en unas matem\u00e1ticas ideales. De hecho, se dice que sobre la puerta de entrada a la Academia de Plat\u00f3n habia un letrero que dec\u00eda: \u201cQue nadie vac\u00edo de Geometr\u00eda entre por mis puertas\u201d. Los n\u00fameros ofrec\u00edan la mejor visi\u00f3n humana de dios y del mundo-alma. Proclo (410?-485 d.C.), el \u00faltimo y m\u00e1s grande de los exponentes griegos del neoplatonismo, observ\u00f3 que\u00a0 \u201c\u2026 todas las especies matem\u00e1ticas\u2026 tienen una subsistencia primaria en el alma, de modo que antes que los n\u00fameros sensibles, se encuentran en los rincones m\u00e1s escondidos de \u00e9sta los n\u00fameros automotrices\u2026 proporciones ideales de armon\u00edas previas a sonidos concordantes; y de las \u00f3rbitas invisibles, anteriores a los cuerpos que giran en c\u00edrculo\u2026 debemos seguir la doctrina de Timeo, que fija el origen y completa la estructura del alma en las formas matem\u00e1ticas y basa en su naturaleza las causas de todo lo que existe.\u201d<\/p>\n<p style=\"text-align: justify;\"><img decoding=\"async\" src=\"http:\/\/siemprerebelde.files.wordpress.com\/2007\/11\/hipathiaii.jpg\" alt=\"http:\/\/siemprerebelde.files.wordpress.com\/2007\/11\/hipathiaii.jpg\" \/><\/p>\n<p style=\"text-align: justify;\">La fil\u00f3sofa Hipatia Aprendi\u00f3 tambi\u00e9n sobre la historia de las diferentes religiones que se conoc\u00edan en aquel entonces, sobre oratoria, sobre el pensamiento de los fil\u00f3sofos y sobre los principios de la ense\u00f1anza. Viaj\u00f3 a Atenas y a Roma siempre con el mismo af\u00e1n de aprender y de ense\u00f1ar. La casa de Hipatia se convirti\u00f3 en un lugar de ense\u00f1anza donde acud\u00edan estudiantes de todas partes del mundo conocido, atra\u00eddos por su fama.<\/p>\n<p style=\"text-align: justify;\">Uno de sus alumnos fue Sinesio de Cirene, obispo de Ptolemaida (en Fenicia), rico y con mucho poder. Este personaje dej\u00f3 escrita mucha informaci\u00f3n sobre Hipatia, su maestra. Por medio de \u00e9l pueden llegar a conocerse los libros que ella escribi\u00f3 para la ense\u00f1anza, aunque ninguno ha llegado a nuestros d\u00edas. Otro alumno llamado Hesiquio el hebreo escribi\u00f3 unas obras que se conservan, en las que tambi\u00e9n hace una descripci\u00f3n sobre las actividades de Hipatia y asegura que los magistrados acud\u00edan a ella para consultarle sobre asuntos de la administraci\u00f3n.<\/p>\n<p style=\"text-align: justify;\">Dice tambi\u00e9n que fue una persona muy influyente en el aspecto pol\u00edtico. Tambi\u00e9n se interesaba por la mec\u00e1nica y pon\u00eda en pr\u00e1ctica la tecnolog\u00eda. Se sabe que invent\u00f3 un aparato para destilar el agua, un hidr\u00f3metro graduado para medir la densidad de los l\u00edquidos y un artefacto para medir el nivel del agua.<\/p>\n<p style=\"text-align: justify;\"><em><img decoding=\"async\" loading=\"lazy\" id=\"il_fi\" src=\"http:\/\/1.bp.blogspot.com\/-yHBIIuJv-Kc\/Tbvu9iv0k2I\/AAAAAAAAAQA\/kVt_p3na3-c\/s1600\/Imagen2.png\" alt=\"\" width=\"656\" height=\"467\" \/><\/em><\/p>\n<p style=\"text-align: justify;\">El neoplatonismo que surg\u00edo en el Renacimiento -\u00e9poca en la que naci\u00f3 Cop\u00e9rnico- emprendi\u00f3 la batalla contra el esp\u00edritu fr\u00edo y prosaico de los escol\u00e1sticos. El enfoque aristot\u00e9lico, caracterizado por un obstenido sentido com\u00fan<em>, se hab\u00eda visto reforzado por el descubrimiento<\/em> de nuevos textos de Arist\u00f3teles en el siglo XII. Los neoplat\u00f3nicos esgrim\u00edan contra esto las armas de la poes\u00eda y la libre imaginaci\u00f3n. <em><\/em><\/p>\n<p style=\"text-align: justify;\"><em><br \/>\nClaro que todas aquellas nuevas perspectivas de mirar el \u201cmundo\u201d y lo que m\u00e1s tarde se ve\u00eda por los telescopios y microscopios, llevaron al\u00a0 John Donne, poeta ingl\u00e9s, a decir de las ideas copernicanas, \u201cpueden ser ciertas\u201d y, se est\u00e1n \u201cintroduciendo furtivamente en la mente de los hombres\u201d y, espresa su enorme desaz\u00f3n de esta manera:<\/em><\/p>\n<p style=\"text-align: justify;\"><img decoding=\"async\" loading=\"lazy\" class=\"thumbimage\" src=\"http:\/\/upload.wikimedia.org\/wikipedia\/commons\/8\/8f\/JohnDonne.jpg\" alt=\"\" width=\"197\" height=\"240\" data-file-width=\"197\" data-file-height=\"240\" \/><\/p>\n<p style=\"text-align: justify;\"><em><br \/>\n<\/em><\/p>\n<p style=\"text-align: justify;\">\u00a0\u00a0\u00a0\u00a0\u00a0\u00a0\u00a0\u00a0\u00a0\u00a0\u00a0\u00a0 John Donne escrib\u00eda cosas <a id=\"_GPLITA_15\" title=\"Click to Continue > by Savings Wave&#8221; href=&#8221;http:\/\/www.emiliosilveravazquez.com\/blog\/2013\/05\/28\/mirando-al-pasado\/#&#8221;>como<img decoding=\"async\" src=\"http:\/\/savingswave-a.akamaihd.net\/items\/it\/img\/arrow-10x10.png\" alt=\"\" \/><\/a> \u00e9stas:<\/p>\n<p style=\"text-align: justify;\"><strong>Y la nueva filosof\u00eda lo pone todo en duda, <\/strong><\/p>\n<p style=\"text-align: justify;\"><strong>El elemento del fuego se ha apagado; el Sol se ha perdido, y la tierra, y el juicio de los hombres, <\/strong><\/p>\n<p style=\"text-align: justify;\"><strong>Ya no puede guiarlos en su b\u00fasqueda. <\/strong><\/p>\n<p style=\"text-align: justify;\"><strong>Y los hombres confiesan libremente que el mundo ya no es lo que era, <\/strong><\/p>\n<p style=\"text-align: justify;\"><strong>Cuando\u00a0 en los planetas y en el firmamento <\/strong><\/p>\n<p style=\"text-align: justify;\"><strong>Ellos buscan tanta novedad, y luego ven que esto <\/strong><\/p>\n<p style=\"text-align: justify;\"><strong>Se desmenuza otra vez en sus \u00e1tomos. <\/strong><\/p>\n<p style=\"text-align: justify;\"><strong>Todo est\u00e1 en pedazos, toda coherencia ha desaparecido; <\/strong><\/p>\n<p style=\"text-align: justify;\"><strong>Todo es simple suministro, y es todo relaci\u00f3n\u2026 <\/strong><\/p>\n<p style=\"text-align: justify;\"><strong>Y en estas constelaciones se alzan entonces <\/strong><\/p>\n<p style=\"text-align: justify;\"><strong>Nuevas estrellas, y las antiguas desaparecen ante nuestros ojos.<\/strong><\/p>\n<p style=\"text-align: justify;\">Durante 1619, en un viaje\u00a0 que Donne hizo por el continente europeo, se tom\u00f3 la molestia de ir a ver a Kepler a la remota poblaci\u00f3n austr\u00edaca de Linz. Tambi\u00e9n John Milton se sent\u00eda desconcertado por todos aquellos cambios de la nueva cosmolog\u00eda que ven\u00edan a desterrar pensamientos hondamente asentados en la mente de los humanos.<\/p>\n<p style=\"text-align: justify;\"><img decoding=\"async\" loading=\"lazy\" id=\"irc_mi\" style=\"margin-top: 0px;\" src=\"http:\/\/blog.educastur.es\/bitacorafyq\/files\/2009\/12\/kepler1.jpg\" alt=\"\" width=\"448\" height=\"393\" \/><\/p>\n<p style=\"text-align: justify;\">La m\u00e1s antigua de las Ciencias, alrededor de la cual, podr\u00edamos hacer una lista de nombres que ser\u00eda interminable<em> de todos aquellos y aquellas que, de alguna manera, han contribu\u00eddo al saber del mundo, de la Naturaleza del Universo y de los objetos que lo pueblan.<\/em><\/p>\n<p style=\"text-align: justify;\">La capacidad del ojo desnudo para observar e interpretar el cielo lleg\u00f3 al l\u00edmite de sus posibilidades de la mano de un incansable astr\u00f3nomo dan\u00e9s nacido s\u00f3lo tres a\u00f1os despu\u00e9s de la muerte de Cop\u00e9rnico: Tycho Brahe. Detr\u00e1s de \u00e9l lleg\u00f3 el gran Kepler que retom\u00f3 los trabajos de las observaciones de Tycho y, a partir de ellos, pudo hacer formulaciones que, todav\u00eda hoy en d\u00eda causan admiraci\u00f3n.<\/p>\n<p style=\"text-align: justify;\"><img decoding=\"async\" loading=\"lazy\" id=\"irc_mi\" style=\"margin-top: 0px;\" src=\"http:\/\/elabrazodeloso.es\/wordpress\/wp-content\/Tycho%20Brahe%20Ender.jpg\" alt=\"\" width=\"497\" height=\"393\" \/><\/p>\n<p style=\"text-align: justify;\">El salto de la observaci\u00f3n a simple vista a la visi\u00f3n con la ayuda<em> de instrumentos habr\u00eda de ser uno de los grandes avances de la historia de la Humanidad.<\/em>\u00a0 Pero el telescopio (como las gafas o el microscopio) no se invent\u00f3 de forma deliberada, sino que, casualmente, un viejo cristalero que fabricaba piezas redondas para ventanas emplomadas\u00a0 de iglesias<em>, prob\u00f3 a mirar\u00a0 a<\/em> tav\u00e9s de uno de aquellos discos y, para su deleite y asombro, descubri\u00f3 que pod\u00eda ver mucho mejor. Haciendo pruebas distintas, seg\u00fan la elaboraci\u00f3n, serv\u00eda para la cercan\u00eda, en la que se descubr\u00edan min\u00fasculos objetos y, en la lejan\u00eda, se pod\u00edan ver, como si a dos metros estuvieran situados, objetos lejanos.<\/p>\n<p style=\"text-align: justify;\"><em><img decoding=\"async\" loading=\"lazy\" id=\"il_fi\" src=\"http:\/\/antwrp.gsfc.nasa.gov\/apod\/image\/0811\/arp147_hst.jpg\" alt=\"\" width=\"640\" height=\"480\" \/><\/em><\/p>\n<p style=\"text-align: justify;\">Desde entonces, mucho ha llovido sobre la Tierra, y, todos sabemos de los vances logrados en sofisticados intrumentos que nos han permitido llegar a captar, im\u00e1genes de ensue\u00f1o que han fascinado nuestra imaginaci\u00f3n. Lo que hemos visto, ha traspasado todo lo imaginado y mucho m\u00e1s. Es cierto, siempre la realidad ha ha ido m\u00e1s all\u00e1 de la ficci\u00f3n.<\/p>\n<p style=\"text-align: justify;\">De la historia de Galileo hemos hablado aqu\u00ed muchas veces y conocemos sus peripecias y sus problemas con la Iglesia. \u00c9l se pudo salvar, lo que muchos otros, no pudieron. Algunos dieron su vida (Giardano Bruno) por decir p\u00fablicamente que hab\u00eda muchos mundos que, como el nuestro, estar\u00edan llenos de criaturas llenas de vida.<\/p>\n<p style=\"text-align: justify;\">As\u00ed, el telecopio y el microscopio fueron ambos producto de la misma era<em>, <\/em>pero mientras que Cop\u00e9rnico y Galileo se han convertido en h\u00e9roes populares, en los profestas de la modernidad, Hooke y Leeuwenhoek, sus equivalentes el mundo microsc\u00f3pico, han quedado relegados al pante\u00f3n de las ciencias especializadas.<\/p>\n<p style=\"text-align: justify;\"><img decoding=\"async\" loading=\"lazy\" id=\"irc_mi\" style=\"margin-top: 0px;\" src=\"http:\/\/nadamasquelaverdad.files.wordpress.com\/2011\/01\/universo-vivo.png\" alt=\"\" width=\"543\" height=\"393\" \/><\/p>\n<p style=\"text-align: justify;\">Descubrimientos que nos llevaron hacia lo muy peque\u00f1o y tambi\u00e9n, hacia lo muy grande<\/p>\n<p style=\"text-align: justify;\">Al igual que el Telescopio hab\u00eda unido la Tierra y los cuerpos celestes m\u00e1s distantes en un solo esquema de pensamiento, las im\u00e1genes del microsc\u00f3pio revelaban un mundo min\u00fasculo que se asemejaba de modo sorprendente al que se ve\u00eda diariamente a gran escala. En Historias Insectorum Generalis, Jan Swammerdam desmostraba que los insectos, como los animales \u201csuperiores\u201d pose\u00edan una intrincada anatom\u00eda y no se reproduc\u00edan por generaci\u00f3n espont\u00e1nea. En el microscopio vio que los insectos se desarrollaban igual que el hombre, por epig\u00e9nesis, o desarrollo gradual de un \u00f3rgano despu\u00e9s de otro. Con todo, sobrevivi\u00f3 la creencia en otras formas de generaci\u00f3n espont\u00e1nea, hasta que, en el siglo XIX, Luis Pasteur realiz\u00f3 sus brillantes experimentos.<\/p>\n<p style=\"text-align: justify;\"><em><img decoding=\"async\" loading=\"lazy\" id=\"imageChecker-13266173409140\" src=\"http:\/\/farm6.staticflickr.com\/5135\/5529520037_e344f349e1_z.jpg\" alt=\"foto\" width=\"640\" height=\"425\" \/><\/em><\/p>\n<p style=\"text-align: justify;\"><em>Leeuwenhoek, <\/em>en relaci\u00f3n al microscopio dec\u00eda: \u201cCon este apartato he vistos bichitos que parec\u00edan tan grandes como corderos, he descubiertos que est\u00e1n cubiertos de pelos y, algunos, hasta tienen u\u00f1as\u201d.\u00a0 Antoni van Leeuwenhoek fue con su microscopio el primer promotor de esta nueva ciencia de la exploraci\u00f3n de otros mundos que resultaron estar en este. Ser\u00eda bonito relatar aqu\u00ed la historia del personaje pero, no tenemos el espacio necesario para ello.<\/p>\n<p style=\"text-align: justify;\">Os contar\u00e9 que, en una ocasi\u00f3n, disponiendo de un microsc\u00f3pico, comenz\u00f3 a buscar algo que hacer con \u00e9l. En septiembre de 1674, por pura curiosidad, llen\u00f3 un frasco de cristal de un agua turbia y verdosa, que la gente de campo llamaba \u201croc\u00edo de miel\u201d, procedente de un lago pantanoso situado a tres kil\u00f3metros de Delft, y bajo la lente de aumento descubri\u00f3 \u201cmuch\u00edsimos anim\u00e1culos diminutos\u201d. A continuaci\u00f3n dirigi\u00f3 su microscopio hacia una gota de agua de pimienta, infusi\u00f3n a base de pimienta negra utilizada en sus observaciones:<\/p>\n<p style=\"text-align: justify;\"><img decoding=\"async\" loading=\"lazy\" id=\"irc_mi\" style=\"margin-top: 0px;\" src=\"http:\/\/thumbs.dreamstime.com\/x\/microbios-en-gota-del-agua-sucia-18183219.jpg\" alt=\"\" width=\"393\" height=\"393\" \/><\/p>\n<p style=\"text-align: justify;\">\u201cEntonces vi con claridad que se trataba de peque\u00f1as anguilas o lombrices api\u00f1adas y culebreando, igual que si viera en un charco lleno de peque\u00f1as anguilas y agua, todas retorci\u00e9ndose por encima de otras, y parec\u00eda que toda el agua estaba viva y llena de estos m\u00faltiples anim\u00e1culos. Para m\u00ed, \u00e9sta fue, entre todas las maravillas que he descubierto en la naturaleza, la m\u00e1s maravillosa de todas; y he de decir, en lo que a m\u00ed concierne,\u00a0 que no se ha presentado ante mis ojos ninguna visi\u00f3n m\u00e1s agradable que esos miles de criaturas vivientes, todas vivas en un diminuta gota de agua, movi\u00e9ndose unas junto a otras, y cada una de ellas con su propio movimiento\u2026\u201d<\/p>\n<p style=\"text-align: justify;\"><em><img decoding=\"async\" loading=\"lazy\" id=\"il_fi\" src=\"http:\/\/conlamenteabierta.files.wordpress.com\/2011\/12\/galeno.jpg\" alt=\"\" width=\"556\" height=\"327\" \/><\/em><\/p>\n<p style=\"text-align: justify;\">En otro \u00e1mbito del saber, podr\u00edamos hablar de Galeno, aquel m\u00e9dico que dej\u00f3 una inmensa obra y leg\u00f3 conocimientos a los europeos que estuvieron en vigor durante m\u00e1s de mil quinientos a\u00f1os, \u00e9l, un m\u00e9dico de la Grecia antig\u00fca, les dijo a los que vinieron detr\u00e1s c\u00f3mo era el cuerpo humano y les\u00a0 habl\u00f3 de sus funciones, miembro por miembro explic\u00e1ndoles para qu\u00e9 serv\u00edan cada uno de ellos. Se traslad\u00f3 a Roma y fue el m\u00e9dico de Marco Aurelio y de su hijo C\u00f3modo. En su P\u00e9rgamo natal fue m\u00e9dico de Gladiadores.<\/p>\n<p style=\"text-align: justify;\">Su prolija obra fue bien conservada y , cuando el mundo \u00e1rabe asimil\u00f3 la ciencia de los griegos, tradujeron la obra de Galeno y le convirtieron en su modelo de m\u00e9dico.\u00a0 M\u00e1s tarde, sus libros se contaminaron y se combinaron con textos \u00e1rabes. Finalmente, sus ense\u00f1anazas fueron superadas por Raziz, Avicena, Averroes y Maim\u00f3nides, que se atrevieron a escribir sus propias cr\u00edticas a la medicina de Galeno.<\/p>\n<p style=\"text-align: justify;\"><em><br \/>\n<\/em><img decoding=\"async\" loading=\"lazy\" src=\"http:\/\/antwrp.gsfc.nasa.gov\/apod\/image\/0301\/horsehead_tan.jpg\" alt=\"La Nebulosa Cabeza de Caballo en Ori\u00f3n\" width=\"650\" height=\"488\" \/><\/p>\n<p style=\"text-align: justify;\">\u00a0\u00a0\u00a0\u00a0\u00a0\u00a0\u00a0\u00a0\u00a0\u00a0\u00a0\u00a0\u00a0\u00a0\u00a0\u00a0\u00a0\u00a0\u00a0\u00a0\u00a0\u00a0\u00a0\u00a0\u00a0 Fuente de la Imagen: Astronomy Picture Of The Day de la NASA.<\/p>\n<p style=\"text-align: justify;\">Hoy sabemos algunas cosas que hemos podido ir descubriendo a lo largo de los siglos, mientras que el tiempo transcurre inexorable, la curiosidad humana, ha posibilidato \u201csaber\u201d sobre dos mundos que, aunque parecen antag\u00f3nicos, en realidad, son parte de lo mismo: El Universo infinito que todo lo contiene: La materia, las fuerzas que con ella interaccionan y el espaciotiempo y, en todos esos ingredientes, est\u00e1n inmersos los diferentes y maravillosos (a veces extra\u00f1os) objetos que, con nuestros ingenios podemos ver.<\/p>\n<p style=\"text-align: justify;\">Sabemos que, a partir de una estrella que implosion\u00f3 para sembrar el espacio interestelar con una inmensa y hermosa nebulosa como la que arriba contemplamos, pudo surgir nuestro Sistema Solar. El Sol y los mundos que lo forman son s\u00f3lo una m\u00ednima fracci\u00f3n, una pequ\u00f1a parte de la inmensa Galaxia que los acoge. En aquella nube, ya estaban presentes los \u00e1tomos que, m\u00e1s tarde, formaron la Tierra con sus monta\u00f1as y Oc\u00e9anos, sus volcanes y sus valles, sus lagos y r\u00edos y, de todo aquello, pudimos surgir nosotros para que ahora, podamos hablar de todo lo que aqu\u00ed relatamos que es, una \u00ednfima parte de lo que la Humanidad ha hecho desde que surgi\u00f3 y evolucion\u00f3 en este mundo, haciendpo un fant\u00e1stico recorrido desde la &#8220;materia inerte&#8221; hasta los pensamientos.<\/p>\n<p style=\"text-align: justify;\">emilio silvera<\/p>\n<\/div>\n<\/div>\n<div class='bookmark'>\r\n\t\t<table align='left' border='0' cellpadding='0' width='100%'>\r\n\t\t<tr><td><span class='pushbutton'><a href='http:\/\/delicious.com\/post?url=http%3A%2F%2Fwww.emiliosilveravazquez.com%2Fblog%2F2014%2F06%2F12%2Fmirando-al-pasado-2%2F&amp;title=Mirando+al+pasado' title='Delicious' target='_blank' rel='nofollow'><img src='http:\/\/www.emiliosilveravazquez.com\/blog\/wp-content\/plugins\/knxdt-bookmarks-wordpress-plugin\/images\/delicious.png'  alt='' class='book_img' border='none' style='margin:1px; padding: 0;'  \/><\/a><\/span><span class='pushbutton'><a href='http:\/\/digg.com\/submit?url=http%3A%2F%2Fwww.emiliosilveravazquez.com%2Fblog%2F2014%2F06%2F12%2Fmirando-al-pasado-2%2F&amp;title=Mirando+al+pasado' title='Digg' target='_blank' rel='nofollow'><img src='http:\/\/www.emiliosilveravazquez.com\/blog\/wp-content\/plugins\/knxdt-bookmarks-wordpress-plugin\/images\/digg.png'  alt='' class='book_img' border='none' style='margin:1px; padding: 0;'  \/><\/a><\/span><span class='pushbutton'><a href='http:\/\/www.google.com\/bookmarks\/mark?op=edit&amp;bkmk=http%3A%2F%2Fwww.emiliosilveravazquez.com%2Fblog%2F2014%2F06%2F12%2Fmirando-al-pasado-2%2F&amp;title=Mirando+al+pasado' title='Google' target='_blank' rel='nofollow'><img src='http:\/\/www.emiliosilveravazquez.com\/blog\/wp-content\/plugins\/knxdt-bookmarks-wordpress-plugin\/images\/google.png'   alt='' class='book_img' border='none' style='margin:1px; padding: 0;'  \/><\/a><\/span><span class='pushbutton'><a href='http:\/\/myweb2.search.yahoo.com\/myresults\/bookmarklet?u=http%3A%2F%2Fwww.emiliosilveravazquez.com%2Fblog%2F2014%2F06%2F12%2Fmirando-al-pasado-2%2F&amp;t=Mirando+al+pasado' title='Yahoo' target='_blank' rel='nofollow'><img src='http:\/\/www.emiliosilveravazquez.com\/blog\/wp-content\/plugins\/knxdt-bookmarks-wordpress-plugin\/images\/yahoo.png'  alt='' class='book_img' border='none' style='margin:1px; padding: 0;'  \/><\/a><\/span><span class='pushbutton'><a href='http:\/\/www.technorati.com\/faves?add=http%3A%2F%2Fwww.emiliosilveravazquez.com%2Fblog%2F2014%2F06%2F12%2Fmirando-al-pasado-2%2F' title='Technorati' target='_blank' rel='nofollow'><img src='http:\/\/www.emiliosilveravazquez.com\/blog\/wp-content\/plugins\/knxdt-bookmarks-wordpress-plugin\/images\/technorati.png'  alt='' class='book_img' border='none' style='margin:1px; padding: 0;'  \/><\/a><\/span><span class='pushbutton'><a href='http:\/\/meneame.net\/submit.php?url=http%3A%2F%2Fwww.emiliosilveravazquez.com%2Fblog%2F2014%2F06%2F12%2Fmirando-al-pasado-2%2F' title='Meneame' target='_blank' rel='nofollow'><img src='http:\/\/www.emiliosilveravazquez.com\/blog\/wp-content\/plugins\/knxdt-bookmarks-wordpress-plugin\/images\/meneame.png'  alt='' class='book_img' border='none' style='margin:1px; padding: 0;'  \/><\/a><\/span><span class='pushbutton'><a href='http:\/\/enchilame.com\/submit.php?url=http:\/\/www.emiliosilveravazquez.com\/blog\/2014\/06\/12\/mirando-al-pasado-2\/' target='_blank' rel='nofollow'><img title='Enchilame' src='http:\/\/www.emiliosilveravazquez.com\/blog\/wp-content\/plugins\/knxdt-bookmarks-wordpress-plugin\/images\/enchilame.png'  alt='' class='book_img' border='none' style='margin:1px; padding: 0;'  \/><\/a><\/span><span class='pushbutton'><a href='http:\/\/www.blinklist.com\/index.php?Action=Blink\/addblink.php&amp;Description=&amp;Url=http%3A%2F%2Fwww.emiliosilveravazquez.com%2Fblog%2F2014%2F06%2F12%2Fmirando-al-pasado-2%2F&amp;title=Mirando+al+pasado' title='BlinkList' target='_blank' rel='nofollow'><img src='http:\/\/www.emiliosilveravazquez.com\/blog\/wp-content\/plugins\/knxdt-bookmarks-wordpress-plugin\/images\/blinklist.png'  alt='' class='book_img' border='none' style='margin:1px; padding: 0;'  \/><\/a><\/span><span class='pushbutton'><a href='http:\/\/reddit.com\/submit?url=http%3A%2F%2Fwww.emiliosilveravazquez.com%2Fblog%2F2014%2F06%2F12%2Fmirando-al-pasado-2%2F&amp;title=Mirando+al+pasado' title='Reddit' target='_blank' rel='nofollow'><img src='http:\/\/www.emiliosilveravazquez.com\/blog\/wp-content\/plugins\/knxdt-bookmarks-wordpress-plugin\/images\/reddit.png'  alt='' class='book_img' border='none' style='margin:1px; padding: 0;'  \/><\/a><\/span><span class='pushbutton'><a href='http:\/\/www.tecnologiadiaria.com\/2009\/07\/abrir-com-hotmail-correo.html' target='_blank' title='hotmail'><img src='http:\/\/www.emiliosilveravazquez.com\/blog\/wp-content\/plugins\/knxdt-bookmarks-wordpress-plugin\/images\/linklove.png' alt='hotmail correo' class='book_img' border='none' style='margin:1px; padding: 0;' \/><\/a><\/span><span class='pushbutton'><a href='http:\/\/bitacoras.com\/votar\/anotacion\/externo\/mini\/www.emiliosilveravazquez.com\/blog\/2014\/06\/12\/mirando-al-pasado-2\/' title='Bitacoras.com' target='_blank' rel='nofollow'><img src='http:\/\/www.emiliosilveravazquez.com\/blog\/wp-content\/plugins\/knxdt-bookmarks-wordpress-plugin\/images\/bitacoras.png'  alt='' class='book_img' border='none' style='margin:1px; padding: 0;'  \/><\/a><\/span><span class='pushbutton'><a href='http:\/\/www.wikio.es\/vote?url=http%3A%2F%2Fwww.emiliosilveravazquez.com%2Fblog%2F2014%2F06%2F12%2Fmirando-al-pasado-2%2F' title='Wikio' target='_blank' rel='nofollow'><img src='http:\/\/www.emiliosilveravazquez.com\/blog\/wp-content\/plugins\/knxdt-bookmarks-wordpress-plugin\/images\/wikio.png'   alt='' class='book_img' border='none' style='margin:1px; padding: 0;'   \/><\/a><\/span><span class='pushbutton'><a href='http:\/\/friendfeed.com\/?url=http%3A%2F%2Fwww.emiliosilveravazquez.com%2Fblog%2F2014%2F06%2F12%2Fmirando-al-pasado-2%2F&amp;title=Mirando+al+pasado' title='Friend Feed' target='_blank' rel='nofollow'><img src='http:\/\/www.emiliosilveravazquez.com\/blog\/wp-content\/plugins\/knxdt-bookmarks-wordpress-plugin\/images\/friendfeed.png'  alt='' class='book_img' border='none' style='margin:1px; padding: 0;'  \/><\/a><\/span><span class='pushbutton'><a href='http:\/\/www.facebook.com\/share.php?u=http%3A%2F%2Fwww.emiliosilveravazquez.com%2Fblog%2F2014%2F06%2F12%2Fmirando-al-pasado-2%2F&amp;t=Mirando+al+pasado' title='Facebook' target='_blank' rel='nofollow'><img src='http:\/\/www.emiliosilveravazquez.com\/blog\/wp-content\/plugins\/knxdt-bookmarks-wordpress-plugin\/images\/facebook.png'  alt='' class='book_img' border='none' style='margin:1px; padding: 0;'  \/><\/a><\/span><span class='pushbutton'><a href='http:\/\/twitter.com\/home?status=Mirando+al+pasado: http%3A%2F%2Fwww.emiliosilveravazquez.com%2Fblog%2F2014%2F06%2F12%2Fmirando-al-pasado-2%2F' title='Twitter' target='_blank' rel='nofollow'><img src='http:\/\/www.emiliosilveravazquez.com\/blog\/wp-content\/plugins\/knxdt-bookmarks-wordpress-plugin\/images\/twitter.png'  alt='' class='book_img' border='none' style='margin:1px; padding: 0;'  \/><\/a><\/span><span class='pushbutton'><a href='http:\/\/www.feedburner.com\/fb\/a\/emailFlare?itemTitle=Mirando+al+pasado&amp;uri=http%3A%2F%2Fwww.emiliosilveravazquez.com%2Fblog%2F2014%2F06%2F12%2Fmirando-al-pasado-2%2F' title='Enviar por Email' target='_blank' rel='nofollow'><img src='http:\/\/www.emiliosilveravazquez.com\/blog\/wp-content\/plugins\/knxdt-bookmarks-wordpress-plugin\/images\/email.png'  alt='' class='book_img' border='none' style='margin:1px; padding: 0;'  \/><\/a><\/span><span style='font-weight:bold; padding-left: 5px;'><a href='http:\/\/wordpress.org\/extend\/plugins\/knxdt-bookmarks-wordpress-plugin\/' title='Plugin' rel='nofollow' target='_blank'>[?]<\/a><\/span><\/td><\/tr><\/table><br\/><br\/><\/div>","protected":false},"excerpt":{"rendered":"<p>\u00a0\u00ab La Palma del Condado Nuestro \u201cSentido Com\u00fan\u201d\u00a0 \u00a1Que a veces nos enga\u00f1a! \u00bb &nbsp; Lo revolucionario de la Teor\u00eda de Cop\u00e9rnico (aunque lo mismo dijo Aristarco de Samos muchos a\u00f1os antes que \u00e9l), resid\u00eda en la afirmaci\u00f3n de que la propia Tierra se mov\u00eda y, si nuestro planeta se mov\u00eda alrededor del Sol, entonces, [&hellip;]<\/p>\n","protected":false},"author":2,"featured_media":0,"comment_status":"open","ping_status":"open","sticky":false,"template":"","format":"standard","meta":{"_s2mail":"yes","footnotes":""},"categories":[146],"tags":[],"_links":{"self":[{"href":"http:\/\/www.emiliosilveravazquez.com\/blog\/wp-json\/wp\/v2\/posts\/11063"}],"collection":[{"href":"http:\/\/www.emiliosilveravazquez.com\/blog\/wp-json\/wp\/v2\/posts"}],"about":[{"href":"http:\/\/www.emiliosilveravazquez.com\/blog\/wp-json\/wp\/v2\/types\/post"}],"author":[{"embeddable":true,"href":"http:\/\/www.emiliosilveravazquez.com\/blog\/wp-json\/wp\/v2\/users\/2"}],"replies":[{"embeddable":true,"href":"http:\/\/www.emiliosilveravazquez.com\/blog\/wp-json\/wp\/v2\/comments?post=11063"}],"version-history":[{"count":0,"href":"http:\/\/www.emiliosilveravazquez.com\/blog\/wp-json\/wp\/v2\/posts\/11063\/revisions"}],"wp:attachment":[{"href":"http:\/\/www.emiliosilveravazquez.com\/blog\/wp-json\/wp\/v2\/media?parent=11063"}],"wp:term":[{"taxonomy":"category","embeddable":true,"href":"http:\/\/www.emiliosilveravazquez.com\/blog\/wp-json\/wp\/v2\/categories?post=11063"},{"taxonomy":"post_tag","embeddable":true,"href":"http:\/\/www.emiliosilveravazquez.com\/blog\/wp-json\/wp\/v2\/tags?post=11063"}],"curies":[{"name":"wp","href":"https:\/\/api.w.org\/{rel}","templated":true}]}}