{"id":10964,"date":"2014-05-17T07:34:19","date_gmt":"2014-05-17T06:34:19","guid":{"rendered":"http:\/\/www.emiliosilveravazquez.com\/blog\/?p=10964"},"modified":"2014-05-17T07:34:19","modified_gmt":"2014-05-17T06:34:19","slug":"la-libertad-es-una-ficcion-cerebral-2","status":"publish","type":"post","link":"http:\/\/www.emiliosilveravazquez.com\/blog\/2014\/05\/17\/la-libertad-es-una-ficcion-cerebral-2\/","title":{"rendered":"La libertad es una ficci\u00f3n cerebral"},"content":{"rendered":"<div>\n<h2 style=\"text-align: justify;\">\u00a0\u00ab <a href=\"http:\/\/www.emiliosilveravazquez.com\/blog\/2013\/10\/14\/%c2%a1los-materiales-para-la-vida-2\/\" rel=\"prev\">\u00a1Los materiales para la vida!<\/a><\/h2>\n<\/div>\n<div style=\"text-align: justify;\">\n<div><a href=\"http:\/\/www.emiliosilveravazquez.com\/blog\/2013\/10\/15\/%c2%a1definir-la-ciencia-y-sus-curiosidades\/\" rel=\"next\">\u00a1Definir la Ciencia! ?Y sus curiosidades?<\/a> \u00bb<\/div>\n<\/div>\n<h3><\/h3>\n<p><img decoding=\"async\" loading=\"lazy\" id=\"irc_mi\" style=\"margin-top: 72px;\" src=\"http:\/\/opfocus.org\/content\/v15\/s8\/opfocus_v15_s8_p1_250.jpg\" alt=\"\" width=\"250\" height=\"250\" \/><img decoding=\"async\" loading=\"lazy\" id=\"irc_mi\" style=\"margin-top: 0px;\" src=\"http:\/\/cronicadeunatraicion.files.wordpress.com\/2012\/05\/universo.jpg\" alt=\"\" width=\"495\" height=\"393\" \/><img decoding=\"async\" class=\"rg_i\" style=\"width: 231px; height: 214px; margin-left: 0px; margin-right: 0px; margin-top: 0px;\" src=\"https:\/\/encrypted-tbn2.gstatic.com\/images?q=tbn:ANd9GcQdmIDyjk5ksQuZFA0hexg_0Gd4ZfgIpIaz-_ulaMerfIDu-GqEEw\" alt=\"\" name=\"R3fS1tNsBvtBNM:\" data-src=\"https:\/\/encrypted-tbn2.gstatic.com\/images?q=tbn:ANd9GcQdmIDyjk5ksQuZFA0hexg_0Gd4ZfgIpIaz-_ulaMerfIDu-GqEEw\" data-sz=\"f\" \/><\/p>\n<p>&nbsp;<\/p>\n<p style=\"text-align: justify;\">Todo, en nuestro Universo, est\u00e1 determinado por unas fuerzas y unas constantes de cuyos n\u00fameros depende todo lo que aqu\u00ed sucede, sin excluir el comportamiento y evoluci\u00f3n de nuestras mentes que, al igual que el propio universo, no deja de expandirse y crecer para que, alg\u00fan d\u00eda, muy lejos en el fiuturo, se pueda fundir con la mater\u00eda expresada en su m\u00e1s alto grado: \u00a1La Luz! Todo en el Universo es energ\u00eda y, nosotros, tambi\u00e9n.<\/p>\n<div>\n<h3 style=\"text-align: justify;\">Estamos determinados, como el resto del Universo, por las leyes naturales<\/h3>\n<p style=\"text-align: justify;\">La libertad es una ficci\u00f3n cerebral, seg\u00fan confirman las \u00faltimas investigaciones sobre neurociencias. Estas investigaciones han determinado que la actividad cerebral previa a un movimiento, realizado por el sujeto en un tiempo por \u00e9l elegido, es muy anterior (<a id=\"_GPLITA_0\" title=\"Click to Continue > by Savings Wave&#8221; href=&#8221;http:\/\/www.emiliosilveravazquez.com\/blog\/2013\/10\/14\/la-libertad-es-una-ficcion-cerebral\/#&#8221;>hasta<img decoding=\"async\" src=\"http:\/\/savingswave-a.akamaihd.net\/items\/it\/img\/arrow-10x10.png\" alt=\"\" \/><\/a> 10 segundos) a la impresi\u00f3n subjetiva del propio sujeto de que va a realizar ese movimiento. Y aunque la falta de libertad es algo contraintuitivo, los experimentos indican que estamos determinados por las leyes de la Naturaleza. Por eso en Alemania algunos especialistas est\u00e1n reclamando la revisi\u00f3n del c\u00f3digo penal para adecuarlo a los resultados de la neurociencia. Y aunque sigamos encarcelando a los que violen las leyes, \u00bfcambiar\u00e1 la imagen que tenemos tanto de esos criminales como de nosotros mismos?<\/p>\n<p style=\"text-align: justify;\">\u00a0<img decoding=\"async\" loading=\"lazy\" id=\"il_fi\" src=\"http:\/\/globedia.com\/imagenes\/usuarios\/noticias\/32206\/1252272349.jpg\" alt=\"\" width=\"400\" height=\"311\" \/><\/p>\n<p style=\"text-align: justify;\">\u00a0\u00a0\u00a0\u00a0\u00a0\u00a0 No siempre podemos dominar los impulsos de la mente<\/p>\n<p style=\"text-align: justify;\">No pocas veces, nuestras mentes se ven abocadas a tener que retener, ese primer impulso, esa iniciativa de libertad, o, de libre albedr\u00edo. La complejidad en la que estamos inmersos nos prohibe, en la mayor parte de las ocasiones, poder desarrollar y poner en pr\u00e1ctica ese \u201c<a id=\"_GPLITA_1\" title=\"Click to Continue > by Savings Wave&#8221; href=&#8221;http:\/\/www.emiliosilveravazquez.com\/blog\/2013\/10\/14\/la-libertad-es-una-ficcion-cerebral\/#&#8221;>estado<img decoding=\"async\" src=\"http:\/\/savingswave-a.akamaihd.net\/items\/it\/img\/arrow-10x10.png\" alt=\"\" \/><\/a> de libertad\u201d que \u00bfnos fue dado? pero que, en realidad, podr\u00eda ser una ficci\u00f3n de la mente. Decidir lo que se dice decidir\u2026, como todo en el universo, es algo limitado.<\/p>\n<p style=\"text-align: justify;\"><img decoding=\"async\" title=\"Contornos de machos y hembras de overlaping en condiciones de servidumbre por la llama de la vela  Foto de archivo\" src=\"http:\/\/us.123rf.com\/400wm\/400\/400\/agsandrew\/agsandrew1008\/agsandrew100800009\/7483891-contornos-de-machos-y-hembras-de-overlaping-en-condiciones-de-servidumbre-por-la-llama-de-la-vela.jpg\" alt=\"Contornos de machos y hembras de overlaping en condiciones de servidumbre por la llama de la vela  Foto de archivo - 7483891\" border=\"0\" \/><\/p>\n<p style=\"text-align: justify;\">Claro que pretender que la llama de una vela ilumine nuestra ignorancia\u2026, no ser\u00e1 posible y necesitaremos algo m\u00e1s. La evoluci\u00f3n de nuestra especie (llevamos cientos de miles de a\u00f1os evolucionando), es lenta y <a id=\"_GPLITA_2\" title=\"Click to Continue > by Savings Wave&#8221; href=&#8221;http:\/\/www.emiliosilveravazquez.com\/blog\/2013\/10\/14\/la-libertad-es-una-ficcion-cerebral\/#&#8221;>hasta<img decoding=\"async\" src=\"http:\/\/savingswave-a.akamaihd.net\/items\/it\/img\/arrow-10x10.png\" alt=\"\" \/><\/a> alcanzar el estadio de \u201cvisi\u00f3n\u201d perfecta del mundo, nos queda un largo camino por recorrer.<\/p>\n<p style=\"text-align: justify;\"><img decoding=\"async\" loading=\"lazy\" id=\"irc_mi\" src=\"http:\/\/img209.imageshack.us\/img209\/3\/hypernovaei5.jpg\" alt=\"\" width=\"358\" height=\"393\" \/><\/p>\n<p style=\"text-align: justify;\">Sabemos (casi) de que est\u00e1 hecha la materia que podemos ver y detectar, suponemos y sospechamos que otra materia (m\u00e1s abundante) pulula por todo el Universo sin que podamos encontrarla, sospechamos de otras dimensiones, de otros universos y, <a id=\"_GPLITA_3\" title=\"Click to Continue > by Savings Wave&#8221; href=&#8221;http:\/\/www.emiliosilveravazquez.com\/blog\/2013\/10\/14\/la-libertad-es-una-ficcion-cerebral\/#&#8221;>desde<img decoding=\"async\" src=\"http:\/\/savingswave-a.akamaihd.net\/items\/it\/img\/arrow-10x10.png\" alt=\"\" \/><\/a> luego, de otra F\u00edsica. S\u00ed, es verdad, todas son sospechas y, las sospechas en F\u00edsica\u2026tienen que ser demostradas, ya que, en caso contrario, se quedan en nada, en pensamientos vac\u00edos.<\/p>\n<p style=\"text-align: justify;\">Sospecho que, nuestros conocimientos de la mente\u2026son muy limitados y que, todo esto, nos viene grande. Mientras sigamos pregunt\u00e1ndo: \u00bfQui\u00e9nes somos? \u00bfDe d\u00f3nde venimos? \u00bf<a id=\"_GPLITA_4\" title=\"Click to Continue > by Savings Wave&#8221; href=&#8221;http:\/\/www.emiliosilveravazquez.com\/blog\/2013\/10\/14\/la-libertad-es-una-ficcion-cerebral\/#&#8221;>Hacia<img decoding=\"async\" src=\"http:\/\/savingswave-a.akamaihd.net\/items\/it\/img\/arrow-10x10.png\" alt=\"\" \/><\/a> d\u00f3nde vamos? \u00bfEstamos s\u00f3los en el Universo? Estamos dejando al descubierto nuestra gran ignorancia pero, el simple hecho de preguntar y de querer saber\u2026nos pone en el camino correcto.<\/p>\n<p style=\"text-align: justify;\">emilio silvera<\/p>\n<\/div>\n<div class='bookmark'>\r\n\t\t<table align='left' border='0' cellpadding='0' width='100%'>\r\n\t\t<tr><td><span class='pushbutton'><a href='http:\/\/delicious.com\/post?url=http%3A%2F%2Fwww.emiliosilveravazquez.com%2Fblog%2F2014%2F05%2F17%2Fla-libertad-es-una-ficcion-cerebral-2%2F&amp;title=La+libertad+es+una+ficci%C3%B3n+cerebral' title='Delicious' target='_blank' rel='nofollow'><img src='http:\/\/www.emiliosilveravazquez.com\/blog\/wp-content\/plugins\/knxdt-bookmarks-wordpress-plugin\/images\/delicious.png'  alt='' class='book_img' border='none' style='margin:1px; padding: 0;'  \/><\/a><\/span><span class='pushbutton'><a href='http:\/\/digg.com\/submit?url=http%3A%2F%2Fwww.emiliosilveravazquez.com%2Fblog%2F2014%2F05%2F17%2Fla-libertad-es-una-ficcion-cerebral-2%2F&amp;title=La+libertad+es+una+ficci%C3%B3n+cerebral' title='Digg' target='_blank' rel='nofollow'><img src='http:\/\/www.emiliosilveravazquez.com\/blog\/wp-content\/plugins\/knxdt-bookmarks-wordpress-plugin\/images\/digg.png'  alt='' class='book_img' border='none' style='margin:1px; padding: 0;'  \/><\/a><\/span><span class='pushbutton'><a href='http:\/\/www.google.com\/bookmarks\/mark?op=edit&amp;bkmk=http%3A%2F%2Fwww.emiliosilveravazquez.com%2Fblog%2F2014%2F05%2F17%2Fla-libertad-es-una-ficcion-cerebral-2%2F&amp;title=La+libertad+es+una+ficci%C3%B3n+cerebral' title='Google' target='_blank' rel='nofollow'><img src='http:\/\/www.emiliosilveravazquez.com\/blog\/wp-content\/plugins\/knxdt-bookmarks-wordpress-plugin\/images\/google.png'   alt='' class='book_img' border='none' style='margin:1px; padding: 0;'  \/><\/a><\/span><span class='pushbutton'><a href='http:\/\/myweb2.search.yahoo.com\/myresults\/bookmarklet?u=http%3A%2F%2Fwww.emiliosilveravazquez.com%2Fblog%2F2014%2F05%2F17%2Fla-libertad-es-una-ficcion-cerebral-2%2F&amp;t=La+libertad+es+una+ficci%C3%B3n+cerebral' title='Yahoo' target='_blank' rel='nofollow'><img src='http:\/\/www.emiliosilveravazquez.com\/blog\/wp-content\/plugins\/knxdt-bookmarks-wordpress-plugin\/images\/yahoo.png'  alt='' class='book_img' border='none' style='margin:1px; padding: 0;'  \/><\/a><\/span><span class='pushbutton'><a href='http:\/\/www.technorati.com\/faves?add=http%3A%2F%2Fwww.emiliosilveravazquez.com%2Fblog%2F2014%2F05%2F17%2Fla-libertad-es-una-ficcion-cerebral-2%2F' title='Technorati' target='_blank' rel='nofollow'><img src='http:\/\/www.emiliosilveravazquez.com\/blog\/wp-content\/plugins\/knxdt-bookmarks-wordpress-plugin\/images\/technorati.png'  alt='' class='book_img' border='none' style='margin:1px; padding: 0;'  \/><\/a><\/span><span class='pushbutton'><a href='http:\/\/meneame.net\/submit.php?url=http%3A%2F%2Fwww.emiliosilveravazquez.com%2Fblog%2F2014%2F05%2F17%2Fla-libertad-es-una-ficcion-cerebral-2%2F' title='Meneame' target='_blank' rel='nofollow'><img src='http:\/\/www.emiliosilveravazquez.com\/blog\/wp-content\/plugins\/knxdt-bookmarks-wordpress-plugin\/images\/meneame.png'  alt='' class='book_img' border='none' style='margin:1px; padding: 0;'  \/><\/a><\/span><span class='pushbutton'><a href='http:\/\/enchilame.com\/submit.php?url=http:\/\/www.emiliosilveravazquez.com\/blog\/2014\/05\/17\/la-libertad-es-una-ficcion-cerebral-2\/' target='_blank' rel='nofollow'><img title='Enchilame' src='http:\/\/www.emiliosilveravazquez.com\/blog\/wp-content\/plugins\/knxdt-bookmarks-wordpress-plugin\/images\/enchilame.png'  alt='' class='book_img' border='none' style='margin:1px; padding: 0;'  \/><\/a><\/span><span class='pushbutton'><a href='http:\/\/www.blinklist.com\/index.php?Action=Blink\/addblink.php&amp;Description=&amp;Url=http%3A%2F%2Fwww.emiliosilveravazquez.com%2Fblog%2F2014%2F05%2F17%2Fla-libertad-es-una-ficcion-cerebral-2%2F&amp;title=La+libertad+es+una+ficci%C3%B3n+cerebral' title='BlinkList' target='_blank' rel='nofollow'><img src='http:\/\/www.emiliosilveravazquez.com\/blog\/wp-content\/plugins\/knxdt-bookmarks-wordpress-plugin\/images\/blinklist.png'  alt='' class='book_img' border='none' style='margin:1px; padding: 0;'  \/><\/a><\/span><span class='pushbutton'><a href='http:\/\/reddit.com\/submit?url=http%3A%2F%2Fwww.emiliosilveravazquez.com%2Fblog%2F2014%2F05%2F17%2Fla-libertad-es-una-ficcion-cerebral-2%2F&amp;title=La+libertad+es+una+ficci%C3%B3n+cerebral' title='Reddit' target='_blank' rel='nofollow'><img src='http:\/\/www.emiliosilveravazquez.com\/blog\/wp-content\/plugins\/knxdt-bookmarks-wordpress-plugin\/images\/reddit.png'  alt='' class='book_img' border='none' style='margin:1px; padding: 0;'  \/><\/a><\/span><span class='pushbutton'><a href='http:\/\/www.tecnologiadiaria.com\/2009\/07\/abrir-com-hotmail-correo.html' target='_blank' title='hotmail'><img src='http:\/\/www.emiliosilveravazquez.com\/blog\/wp-content\/plugins\/knxdt-bookmarks-wordpress-plugin\/images\/linklove.png' alt='hotmail correo' class='book_img' border='none' style='margin:1px; padding: 0;' \/><\/a><\/span><span class='pushbutton'><a href='http:\/\/bitacoras.com\/votar\/anotacion\/externo\/mini\/www.emiliosilveravazquez.com\/blog\/2014\/05\/17\/la-libertad-es-una-ficcion-cerebral-2\/' title='Bitacoras.com' target='_blank' rel='nofollow'><img src='http:\/\/www.emiliosilveravazquez.com\/blog\/wp-content\/plugins\/knxdt-bookmarks-wordpress-plugin\/images\/bitacoras.png'  alt='' class='book_img' border='none' style='margin:1px; padding: 0;'  \/><\/a><\/span><span class='pushbutton'><a href='http:\/\/www.wikio.es\/vote?url=http%3A%2F%2Fwww.emiliosilveravazquez.com%2Fblog%2F2014%2F05%2F17%2Fla-libertad-es-una-ficcion-cerebral-2%2F' title='Wikio' target='_blank' rel='nofollow'><img src='http:\/\/www.emiliosilveravazquez.com\/blog\/wp-content\/plugins\/knxdt-bookmarks-wordpress-plugin\/images\/wikio.png'   alt='' class='book_img' border='none' style='margin:1px; padding: 0;'   \/><\/a><\/span><span class='pushbutton'><a href='http:\/\/friendfeed.com\/?url=http%3A%2F%2Fwww.emiliosilveravazquez.com%2Fblog%2F2014%2F05%2F17%2Fla-libertad-es-una-ficcion-cerebral-2%2F&amp;title=La+libertad+es+una+ficci%C3%B3n+cerebral' title='Friend Feed' target='_blank' rel='nofollow'><img src='http:\/\/www.emiliosilveravazquez.com\/blog\/wp-content\/plugins\/knxdt-bookmarks-wordpress-plugin\/images\/friendfeed.png'  alt='' class='book_img' border='none' style='margin:1px; padding: 0;'  \/><\/a><\/span><span class='pushbutton'><a href='http:\/\/www.facebook.com\/share.php?u=http%3A%2F%2Fwww.emiliosilveravazquez.com%2Fblog%2F2014%2F05%2F17%2Fla-libertad-es-una-ficcion-cerebral-2%2F&amp;t=La+libertad+es+una+ficci%C3%B3n+cerebral' title='Facebook' target='_blank' rel='nofollow'><img src='http:\/\/www.emiliosilveravazquez.com\/blog\/wp-content\/plugins\/knxdt-bookmarks-wordpress-plugin\/images\/facebook.png'  alt='' class='book_img' border='none' style='margin:1px; padding: 0;'  \/><\/a><\/span><span class='pushbutton'><a href='http:\/\/twitter.com\/home?status=La+libertad+es+una+ficci%C3%B3n+cerebral: http%3A%2F%2Fwww.emiliosilveravazquez.com%2Fblog%2F2014%2F05%2F17%2Fla-libertad-es-una-ficcion-cerebral-2%2F' title='Twitter' target='_blank' rel='nofollow'><img src='http:\/\/www.emiliosilveravazquez.com\/blog\/wp-content\/plugins\/knxdt-bookmarks-wordpress-plugin\/images\/twitter.png'  alt='' class='book_img' border='none' style='margin:1px; padding: 0;'  \/><\/a><\/span><span class='pushbutton'><a href='http:\/\/www.feedburner.com\/fb\/a\/emailFlare?itemTitle=La+libertad+es+una+ficci%C3%B3n+cerebral&amp;uri=http%3A%2F%2Fwww.emiliosilveravazquez.com%2Fblog%2F2014%2F05%2F17%2Fla-libertad-es-una-ficcion-cerebral-2%2F' title='Enviar por Email' target='_blank' rel='nofollow'><img src='http:\/\/www.emiliosilveravazquez.com\/blog\/wp-content\/plugins\/knxdt-bookmarks-wordpress-plugin\/images\/email.png'  alt='' class='book_img' border='none' style='margin:1px; padding: 0;'  \/><\/a><\/span><span style='font-weight:bold; padding-left: 5px;'><a href='http:\/\/wordpress.org\/extend\/plugins\/knxdt-bookmarks-wordpress-plugin\/' title='Plugin' rel='nofollow' target='_blank'>[?]<\/a><\/span><\/td><\/tr><\/table><br\/><br\/><\/div>","protected":false},"excerpt":{"rendered":"<p>\u00a0\u00ab \u00a1Los materiales para la vida! \u00a1Definir la Ciencia! ?Y sus curiosidades? \u00bb &nbsp; Todo, en nuestro Universo, est\u00e1 determinado por unas fuerzas y unas constantes de cuyos n\u00fameros depende todo lo que aqu\u00ed sucede, sin excluir el comportamiento y evoluci\u00f3n de nuestras mentes que, al igual que el propio universo, no deja de expandirse [&hellip;]<\/p>\n","protected":false},"author":2,"featured_media":0,"comment_status":"open","ping_status":"open","sticky":false,"template":"","format":"standard","meta":{"_s2mail":"yes","footnotes":""},"categories":[243],"tags":[],"_links":{"self":[{"href":"http:\/\/www.emiliosilveravazquez.com\/blog\/wp-json\/wp\/v2\/posts\/10964"}],"collection":[{"href":"http:\/\/www.emiliosilveravazquez.com\/blog\/wp-json\/wp\/v2\/posts"}],"about":[{"href":"http:\/\/www.emiliosilveravazquez.com\/blog\/wp-json\/wp\/v2\/types\/post"}],"author":[{"embeddable":true,"href":"http:\/\/www.emiliosilveravazquez.com\/blog\/wp-json\/wp\/v2\/users\/2"}],"replies":[{"embeddable":true,"href":"http:\/\/www.emiliosilveravazquez.com\/blog\/wp-json\/wp\/v2\/comments?post=10964"}],"version-history":[{"count":0,"href":"http:\/\/www.emiliosilveravazquez.com\/blog\/wp-json\/wp\/v2\/posts\/10964\/revisions"}],"wp:attachment":[{"href":"http:\/\/www.emiliosilveravazquez.com\/blog\/wp-json\/wp\/v2\/media?parent=10964"}],"wp:term":[{"taxonomy":"category","embeddable":true,"href":"http:\/\/www.emiliosilveravazquez.com\/blog\/wp-json\/wp\/v2\/categories?post=10964"},{"taxonomy":"post_tag","embeddable":true,"href":"http:\/\/www.emiliosilveravazquez.com\/blog\/wp-json\/wp\/v2\/tags?post=10964"}],"curies":[{"name":"wp","href":"https:\/\/api.w.org\/{rel}","templated":true}]}}