{"id":10931,"date":"2014-05-10T07:39:08","date_gmt":"2014-05-10T06:39:08","guid":{"rendered":"http:\/\/www.emiliosilveravazquez.com\/blog\/?p=10931"},"modified":"2014-05-10T07:39:08","modified_gmt":"2014-05-10T06:39:08","slug":"concierto-en-la-catedral-de-huelva","status":"publish","type":"post","link":"http:\/\/www.emiliosilveravazquez.com\/blog\/2014\/05\/10\/concierto-en-la-catedral-de-huelva\/","title":{"rendered":"Concierto en la Catedral de Huelva"},"content":{"rendered":"<h1>Euterpe\u00b4s Dream<\/h1>\n<p><img decoding=\"async\" loading=\"lazy\" src=\"http:\/\/www.actidea.com.es\/imagenes\/Fotos_Grupos\/Musica_Antigua\/Euterpes_Dream.jpg\" alt=\"\" width=\"252\" height=\"147\" \/><\/p>\n<div>\n<h2 id=\"title0\">M\u00fasicos<\/h2>\n<p>Irene G\u00f3mez\u00a0viola da gamba|\u00a0\u00a0Mar\u00eda Silveraclave<\/p>\n<p>&nbsp;<\/p>\n<\/div>\n<div>\n<h2 id=\"title1\">Presentaci\u00f3n<\/h2>\n<p>Siendo Irene G\u00f3mez y Mar\u00eda Silvera andaluzas de origen (nacieron en Huelva y C\u00e1diz), y habiendo coincidido a\u00f1os atr\u00e1s en ambientes musicales; ambas residieron en otras ciudades y pa\u00edses durante su formaci\u00f3n y <a id=\"_GPLITA_2\" title=\"Click to Continue > by Savings Wave&#8221; href=&#8221;http:\/\/www.actidea.com\/gestion-cultural\/artistas\/m%C3%BAsica-antigua\/euterpe-s-dream#&#8221;>parte<img decoding=\"async\" src=\"http:\/\/savingswave-a.akamaihd.net\/items\/it\/img\/arrow-10x10.png\" alt=\"\" \/><\/a> de su trayectoria profesional, hasta que finalmente se reencontraron en Sevilla para acabar creando este interesante proyecto.<\/p>\n<p style=\"text-align: justify;\">Euterpe&#8217;s Dream naci\u00f3 por nuestro particular deseo de ahondar en el repertorio de c\u00e1mara existente para viola da gamba y clavec\u00edn. <a id=\"_GPLITA_3\" title=\"Click to Continue > by Savings Wave&#8221; href=&#8221;http:\/\/www.actidea.com\/gestion-cultural\/artistas\/m%C3%BAsica-antigua\/euterpe-s-dream#&#8221;>Desde<img decoding=\"async\" src=\"http:\/\/savingswave-a.akamaihd.net\/items\/it\/img\/arrow-10x10.png\" alt=\"\" \/><\/a> nuestros comienzos en 2011, hemos trabajado ya en la m\u00fasica de compositores como Forqueray, Marais, Bach, Abel y H\u00f6ffler entre otros. Nuestro d\u00fao tiene como principio b\u00e1sico el de investigar e ir siempre un poco m\u00e1s all\u00e1, indagando acerca de los compositores y las obras que tocamos, intentando dar una vuelta de tuerca a cuanto repertorio preparamos. Resulta cuanto menos interesante, y siempre nos llevamos alguna que otra sorpresa, que luego disfrutamos comparti\u00e9ndola con el p\u00fablico.<\/p>\n<\/div>\n<h2 id=\"title2\">Programa<\/h2>\n<h3>Caleidoscopio (Tres Sonatas para viola da gamba y clavec\u00edn)<\/h3>\n<p>Obras de Johann Sebastian Bach<\/p>\n<p>Nuestro programa se centra en esta ocasi\u00f3n en las fabulosas sonatas <a id=\"_GPLITA_4\" title=\"Click to Continue > by Savings Wave&#8221; href=&#8221;http:\/\/www.actidea.com\/gestion-cultural\/artistas\/m%C3%BAsica-antigua\/euterpe-s-dream#&#8221;>para<img decoding=\"async\" src=\"http:\/\/savingswave-a.akamaihd.net\/items\/it\/img\/arrow-10x10.png\" alt=\"\" \/><\/a> Viola da Gamba y Clave de Johann Sebastian Bach.<\/p>\n<p style=\"text-align: justify;\">Estas sonatas constituyen parte de la literatura de c\u00e1mara m\u00e1s importante escrita para Viola da Gamba hasta la <a id=\"_GPLITA_5\" title=\"Click to Continue > by Savings Wave&#8221; href=&#8221;http:\/\/www.actidea.com\/gestion-cultural\/artistas\/m%C3%BAsica-antigua\/euterpe-s-dream#&#8221;>fecha<img decoding=\"async\" src=\"http:\/\/savingswave-a.akamaihd.net\/items\/it\/img\/arrow-10x10.png\" alt=\"\" \/><\/a>. Si bien en ellas se distingue claramente la firma del compositor, cada una de las sonatas tiene una estructura y escritura muy diferente de las dem\u00e1s, y en ellas encontramos (pr\u00e1cticamente en cada movimiento) un contraste asombroso.<\/p>\n<p>&nbsp;<\/p>\n<p><img decoding=\"async\" loading=\"lazy\" id=\"irc_mi\" style=\"margin-top: 0px;\" src=\"http:\/\/blogimages.bloggen.be\/carloclaes\/1470390-99635a9b24ab5f3295e515fed288394f.jpg\" alt=\"\" width=\"279\" height=\"393\" \/><img decoding=\"async\" loading=\"lazy\" id=\"irc_mi\" style=\"margin-top: 90px;\" src=\"http:\/\/www.march.es\/musica\/jovenes\/guiapiano\/img\/detalles\/02-clave_doble.jpg\" alt=\"\" width=\"450\" height=\"214\" \/><\/p>\n<p>&nbsp;<\/p>\n<p>&nbsp;<\/p>\n<p style=\"text-align: justify;\">Las sonatas para viola da gamba y clave tienen estilos compositivos muy diversos, y en ellas podemos reconocer partes que parecieran estar escritas, en origen,\u00a0para orquesta; otras se asemejan a las arias de alguna cantata, y otras simplemente parecen adaptaciones de m\u00fasica hecha para otros instrumentos (como es habitual en la obra instrumental de Bach).<\/p>\n<p style=\"text-align: justify;\"><img decoding=\"async\" loading=\"lazy\" class=\"imagecache imagecache-imagen_destacada imagecache-default imagecache-imagen_destacada_default\" title=\"\" src=\"http:\/\/www.juntadeandalucia.es\/cultura\/andaluciatucultura\/sites\/default\/files\/imagecache\/imagen_destacada\/Irene%20B_N_0.JPG\" alt=\"\" width=\"400\" height=\"300\" \/><\/p>\n<p style=\"text-align: justify;\">La maravilla reside en que, si bien este contraste de estilos es tan evidente; Bach consigue en todo <a id=\"_GPLITA_6\" title=\"Click to Continue > by Savings Wave&#8221; href=&#8221;http:\/\/www.actidea.com\/gestion-cultural\/artistas\/m%C3%BAsica-antigua\/euterpe-s-dream#&#8221;>momento<img decoding=\"async\" src=\"http:\/\/savingswave-a.akamaihd.net\/items\/it\/img\/arrow-10x10.png\" alt=\"\" \/><\/a>, haciendo gala de su maestr\u00eda como int\u00e9rprete y compositor, un lenguaje absolutamente idiom\u00e1tico, aprovechando al m\u00e1ximo las caracter\u00edsticas de cada instrumento y escribiendo espec\u00edficamente de acuerdo a la t\u00e9cnica y posibilidades de cada uno.<\/p>\n<p>\u00a0<img decoding=\"async\" loading=\"lazy\" src=\"http:\/\/www.actidea.com.es\/imagenes\/Fotos_Grupos\/Musica_Antigua\/Euterpes_Dream.jpg\" alt=\"\" width=\"136\" height=\"72\" \/><\/p>\n<p>&nbsp;<\/p>\n<ul>\n<li>\n<div>\n<h2><a href=\"http:\/\/www.actidea.com\/gestion-cultural\/artistas\/m%C3%BAsica-antigua\/euterpe-s-dream\">Euterpe\u00b4s Dream<\/a><\/h2>\n<p>20\/05, 21:00<br \/>\nCatedral de la Merced<br \/>\nHuelva<br \/>\n8\u00ba Ciclo &#8220;Arquitectura &amp; M\u00fasica&#8221;<\/p>\n<p>&nbsp;<\/p>\n<\/div>\n<\/li>\n<\/ul>\n<p><a id=\"_GPLITA_0\" title=\"Click to Continue > by Savings Wave&#8221; href=&#8221;http:\/\/www.actidea.com\/gestion-cultural\/artistas\/m%C3%BAsica-antigua\/euterpe-s-dream#&#8221;>Cada<img decoding=\"async\" src=\"http:\/\/savingswave-a.akamaihd.net\/items\/it\/img\/arrow-10x10.png\" alt=\"\" \/><\/a> una de las sonatas nos transporta a un universo de colores extraordinarios, en donde cada paisaje es irrepetible. Si quereis disfrutar del evento, los que tengan la oportunidad, que se pasen por la Catedral de Huelva, en la Plaza de la Merced el rp\u00f3ximo d\u00eda 20 a las 20 h., all\u00ed podr\u00e1n disfrutar de la mag\u00eda de la m\u00fasica\u00a0 antigua que, con sus instrumentos, os ofreceran estas dos guapas chicas profesoras de m\u00fasica de una grean sensibilidad y que tienen en sus manos la potestad de elevar el esp\u00edritu de todos aquellos que la puedan oir desarrollar sus talentos.<\/p>\n<p>\u00a1No os lo perd\u00e1is!.<\/p>\n<div class='bookmark'>\r\n\t\t<table align='left' border='0' cellpadding='0' width='100%'>\r\n\t\t<tr><td><span class='pushbutton'><a href='http:\/\/delicious.com\/post?url=http%3A%2F%2Fwww.emiliosilveravazquez.com%2Fblog%2F2014%2F05%2F10%2Fconcierto-en-la-catedral-de-huelva%2F&amp;title=Concierto+en+la+Catedral+de+Huelva' title='Delicious' target='_blank' rel='nofollow'><img src='http:\/\/www.emiliosilveravazquez.com\/blog\/wp-content\/plugins\/knxdt-bookmarks-wordpress-plugin\/images\/delicious.png'  alt='' class='book_img' border='none' style='margin:1px; padding: 0;'  \/><\/a><\/span><span class='pushbutton'><a href='http:\/\/digg.com\/submit?url=http%3A%2F%2Fwww.emiliosilveravazquez.com%2Fblog%2F2014%2F05%2F10%2Fconcierto-en-la-catedral-de-huelva%2F&amp;title=Concierto+en+la+Catedral+de+Huelva' title='Digg' target='_blank' rel='nofollow'><img src='http:\/\/www.emiliosilveravazquez.com\/blog\/wp-content\/plugins\/knxdt-bookmarks-wordpress-plugin\/images\/digg.png'  alt='' class='book_img' border='none' style='margin:1px; padding: 0;'  \/><\/a><\/span><span class='pushbutton'><a href='http:\/\/www.google.com\/bookmarks\/mark?op=edit&amp;bkmk=http%3A%2F%2Fwww.emiliosilveravazquez.com%2Fblog%2F2014%2F05%2F10%2Fconcierto-en-la-catedral-de-huelva%2F&amp;title=Concierto+en+la+Catedral+de+Huelva' title='Google' target='_blank' rel='nofollow'><img src='http:\/\/www.emiliosilveravazquez.com\/blog\/wp-content\/plugins\/knxdt-bookmarks-wordpress-plugin\/images\/google.png'   alt='' class='book_img' border='none' style='margin:1px; padding: 0;'  \/><\/a><\/span><span class='pushbutton'><a href='http:\/\/myweb2.search.yahoo.com\/myresults\/bookmarklet?u=http%3A%2F%2Fwww.emiliosilveravazquez.com%2Fblog%2F2014%2F05%2F10%2Fconcierto-en-la-catedral-de-huelva%2F&amp;t=Concierto+en+la+Catedral+de+Huelva' title='Yahoo' target='_blank' rel='nofollow'><img src='http:\/\/www.emiliosilveravazquez.com\/blog\/wp-content\/plugins\/knxdt-bookmarks-wordpress-plugin\/images\/yahoo.png'  alt='' class='book_img' border='none' style='margin:1px; padding: 0;'  \/><\/a><\/span><span class='pushbutton'><a href='http:\/\/www.technorati.com\/faves?add=http%3A%2F%2Fwww.emiliosilveravazquez.com%2Fblog%2F2014%2F05%2F10%2Fconcierto-en-la-catedral-de-huelva%2F' title='Technorati' target='_blank' rel='nofollow'><img src='http:\/\/www.emiliosilveravazquez.com\/blog\/wp-content\/plugins\/knxdt-bookmarks-wordpress-plugin\/images\/technorati.png'  alt='' class='book_img' border='none' style='margin:1px; padding: 0;'  \/><\/a><\/span><span class='pushbutton'><a href='http:\/\/meneame.net\/submit.php?url=http%3A%2F%2Fwww.emiliosilveravazquez.com%2Fblog%2F2014%2F05%2F10%2Fconcierto-en-la-catedral-de-huelva%2F' title='Meneame' target='_blank' rel='nofollow'><img src='http:\/\/www.emiliosilveravazquez.com\/blog\/wp-content\/plugins\/knxdt-bookmarks-wordpress-plugin\/images\/meneame.png'  alt='' class='book_img' border='none' style='margin:1px; padding: 0;'  \/><\/a><\/span><span class='pushbutton'><a href='http:\/\/enchilame.com\/submit.php?url=http:\/\/www.emiliosilveravazquez.com\/blog\/2014\/05\/10\/concierto-en-la-catedral-de-huelva\/' target='_blank' rel='nofollow'><img title='Enchilame' src='http:\/\/www.emiliosilveravazquez.com\/blog\/wp-content\/plugins\/knxdt-bookmarks-wordpress-plugin\/images\/enchilame.png'  alt='' class='book_img' border='none' style='margin:1px; padding: 0;'  \/><\/a><\/span><span class='pushbutton'><a href='http:\/\/www.blinklist.com\/index.php?Action=Blink\/addblink.php&amp;Description=&amp;Url=http%3A%2F%2Fwww.emiliosilveravazquez.com%2Fblog%2F2014%2F05%2F10%2Fconcierto-en-la-catedral-de-huelva%2F&amp;title=Concierto+en+la+Catedral+de+Huelva' title='BlinkList' target='_blank' rel='nofollow'><img src='http:\/\/www.emiliosilveravazquez.com\/blog\/wp-content\/plugins\/knxdt-bookmarks-wordpress-plugin\/images\/blinklist.png'  alt='' class='book_img' border='none' style='margin:1px; padding: 0;'  \/><\/a><\/span><span class='pushbutton'><a href='http:\/\/reddit.com\/submit?url=http%3A%2F%2Fwww.emiliosilveravazquez.com%2Fblog%2F2014%2F05%2F10%2Fconcierto-en-la-catedral-de-huelva%2F&amp;title=Concierto+en+la+Catedral+de+Huelva' title='Reddit' target='_blank' rel='nofollow'><img src='http:\/\/www.emiliosilveravazquez.com\/blog\/wp-content\/plugins\/knxdt-bookmarks-wordpress-plugin\/images\/reddit.png'  alt='' class='book_img' border='none' style='margin:1px; padding: 0;'  \/><\/a><\/span><span class='pushbutton'><a href='http:\/\/www.tecnologiadiaria.com\/2009\/07\/abrir-com-hotmail-correo.html' target='_blank' title='hotmail'><img src='http:\/\/www.emiliosilveravazquez.com\/blog\/wp-content\/plugins\/knxdt-bookmarks-wordpress-plugin\/images\/linklove.png' alt='hotmail correo' class='book_img' border='none' style='margin:1px; padding: 0;' \/><\/a><\/span><span class='pushbutton'><a href='http:\/\/bitacoras.com\/votar\/anotacion\/externo\/mini\/www.emiliosilveravazquez.com\/blog\/2014\/05\/10\/concierto-en-la-catedral-de-huelva\/' title='Bitacoras.com' target='_blank' rel='nofollow'><img src='http:\/\/www.emiliosilveravazquez.com\/blog\/wp-content\/plugins\/knxdt-bookmarks-wordpress-plugin\/images\/bitacoras.png'  alt='' class='book_img' border='none' style='margin:1px; padding: 0;'  \/><\/a><\/span><span class='pushbutton'><a href='http:\/\/www.wikio.es\/vote?url=http%3A%2F%2Fwww.emiliosilveravazquez.com%2Fblog%2F2014%2F05%2F10%2Fconcierto-en-la-catedral-de-huelva%2F' title='Wikio' target='_blank' rel='nofollow'><img src='http:\/\/www.emiliosilveravazquez.com\/blog\/wp-content\/plugins\/knxdt-bookmarks-wordpress-plugin\/images\/wikio.png'   alt='' class='book_img' border='none' style='margin:1px; padding: 0;'   \/><\/a><\/span><span class='pushbutton'><a href='http:\/\/friendfeed.com\/?url=http%3A%2F%2Fwww.emiliosilveravazquez.com%2Fblog%2F2014%2F05%2F10%2Fconcierto-en-la-catedral-de-huelva%2F&amp;title=Concierto+en+la+Catedral+de+Huelva' title='Friend Feed' target='_blank' rel='nofollow'><img src='http:\/\/www.emiliosilveravazquez.com\/blog\/wp-content\/plugins\/knxdt-bookmarks-wordpress-plugin\/images\/friendfeed.png'  alt='' class='book_img' border='none' style='margin:1px; padding: 0;'  \/><\/a><\/span><span class='pushbutton'><a href='http:\/\/www.facebook.com\/share.php?u=http%3A%2F%2Fwww.emiliosilveravazquez.com%2Fblog%2F2014%2F05%2F10%2Fconcierto-en-la-catedral-de-huelva%2F&amp;t=Concierto+en+la+Catedral+de+Huelva' title='Facebook' target='_blank' rel='nofollow'><img src='http:\/\/www.emiliosilveravazquez.com\/blog\/wp-content\/plugins\/knxdt-bookmarks-wordpress-plugin\/images\/facebook.png'  alt='' class='book_img' border='none' style='margin:1px; padding: 0;'  \/><\/a><\/span><span class='pushbutton'><a href='http:\/\/twitter.com\/home?status=Concierto+en+la+Catedral+de+Huelva: http%3A%2F%2Fwww.emiliosilveravazquez.com%2Fblog%2F2014%2F05%2F10%2Fconcierto-en-la-catedral-de-huelva%2F' title='Twitter' target='_blank' rel='nofollow'><img src='http:\/\/www.emiliosilveravazquez.com\/blog\/wp-content\/plugins\/knxdt-bookmarks-wordpress-plugin\/images\/twitter.png'  alt='' class='book_img' border='none' style='margin:1px; padding: 0;'  \/><\/a><\/span><span class='pushbutton'><a href='http:\/\/www.feedburner.com\/fb\/a\/emailFlare?itemTitle=Concierto+en+la+Catedral+de+Huelva&amp;uri=http%3A%2F%2Fwww.emiliosilveravazquez.com%2Fblog%2F2014%2F05%2F10%2Fconcierto-en-la-catedral-de-huelva%2F' title='Enviar por Email' target='_blank' rel='nofollow'><img src='http:\/\/www.emiliosilveravazquez.com\/blog\/wp-content\/plugins\/knxdt-bookmarks-wordpress-plugin\/images\/email.png'  alt='' class='book_img' border='none' style='margin:1px; padding: 0;'  \/><\/a><\/span><span style='font-weight:bold; padding-left: 5px;'><a href='http:\/\/wordpress.org\/extend\/plugins\/knxdt-bookmarks-wordpress-plugin\/' title='Plugin' rel='nofollow' target='_blank'>[?]<\/a><\/span><\/td><\/tr><\/table><br\/><br\/><\/div>","protected":false},"excerpt":{"rendered":"<p>Euterpe\u00b4s Dream M\u00fasicos Irene G\u00f3mez\u00a0viola da gamba|\u00a0\u00a0Mar\u00eda Silveraclave &nbsp; Presentaci\u00f3n Siendo Irene G\u00f3mez y Mar\u00eda Silvera andaluzas de origen (nacieron en Huelva y C\u00e1diz), y habiendo coincidido a\u00f1os atr\u00e1s en ambientes musicales; ambas residieron en otras ciudades y pa\u00edses durante su formaci\u00f3n y by Savings Wave&#8221; href=&#8221;http:\/\/www.actidea.com\/gestion-cultural\/artistas\/m%C3%BAsica-antigua\/euterpe-s-dream#&#8221;>Desde nuestros comienzos en 2011, hemos trabajado ya en [&hellip;]<\/p>\n","protected":false},"author":2,"featured_media":0,"comment_status":"open","ping_status":"open","sticky":false,"template":"","format":"standard","meta":{"_s2mail":"yes","footnotes":""},"categories":[1],"tags":[],"_links":{"self":[{"href":"http:\/\/www.emiliosilveravazquez.com\/blog\/wp-json\/wp\/v2\/posts\/10931"}],"collection":[{"href":"http:\/\/www.emiliosilveravazquez.com\/blog\/wp-json\/wp\/v2\/posts"}],"about":[{"href":"http:\/\/www.emiliosilveravazquez.com\/blog\/wp-json\/wp\/v2\/types\/post"}],"author":[{"embeddable":true,"href":"http:\/\/www.emiliosilveravazquez.com\/blog\/wp-json\/wp\/v2\/users\/2"}],"replies":[{"embeddable":true,"href":"http:\/\/www.emiliosilveravazquez.com\/blog\/wp-json\/wp\/v2\/comments?post=10931"}],"version-history":[{"count":0,"href":"http:\/\/www.emiliosilveravazquez.com\/blog\/wp-json\/wp\/v2\/posts\/10931\/revisions"}],"wp:attachment":[{"href":"http:\/\/www.emiliosilveravazquez.com\/blog\/wp-json\/wp\/v2\/media?parent=10931"}],"wp:term":[{"taxonomy":"category","embeddable":true,"href":"http:\/\/www.emiliosilveravazquez.com\/blog\/wp-json\/wp\/v2\/categories?post=10931"},{"taxonomy":"post_tag","embeddable":true,"href":"http:\/\/www.emiliosilveravazquez.com\/blog\/wp-json\/wp\/v2\/tags?post=10931"}],"curies":[{"name":"wp","href":"https:\/\/api.w.org\/{rel}","templated":true}]}}