{"id":10925,"date":"2014-05-08T06:33:23","date_gmt":"2014-05-08T05:33:23","guid":{"rendered":"http:\/\/www.emiliosilveravazquez.com\/blog\/?p=10925"},"modified":"2014-05-08T06:33:23","modified_gmt":"2014-05-08T05:33:23","slug":"siempre-es-bueno-recordar","status":"publish","type":"post","link":"http:\/\/www.emiliosilveravazquez.com\/blog\/2014\/05\/08\/siempre-es-bueno-recordar\/","title":{"rendered":"Siempre es bueno recordar"},"content":{"rendered":"<div>\n<div style=\"text-align: justify;\"><a href=\"http:\/\/www.emiliosilveravazquez.com\/blog\/2012\/04\/09\/%c2%a1aquellos-grandes-fisicos\/\" rel=\"next\">\u00a1Aquellos grandes F\u00edsicos!<\/a><\/div>\n<\/div>\n<h3><\/h3>\n<div>\n<p style=\"text-align: justify;\"><strong>La Ciencia avanza sin cesar<\/strong><\/p>\n<p style=\"text-align: justify;\"><img decoding=\"async\" loading=\"lazy\" id=\"imagenprincipal\" title=\"El tri\u00e1ngulo de verano sobre Catalu\u00f1a\" src=\"http:\/\/antwrp.gsfc.nasa.gov\/apod\/image\/1108\/stpan_casado_annotated_900.jpg\" alt=\"El tri\u00e1ngulo de verano sobre Catalu\u00f1a\" width=\"630\" height=\"420\" \/><\/p>\n<p style=\"text-align: justify;\">La madre Naturaleza que, si da un suspiro a destiempo, nos podr\u00eda alejar de la faz de la Tierra para siempre y, ah\u00ed se acab\u00f3 nuestro hist\u00f3rico recorrido por el este Valle de L\u00e1grimas que, aunque nos ha dado la posibilidad de conocer la Belleza, algo de Felicidad, el Amor y el placer de <a id=\"_GPLITA_0\" title=\"Click to Continue > by Savings Wave&#8221; href=&#8221;http:\/\/www.emiliosilveravazquez.com\/blog\/2012\/04\/08\/recordando-algunos-hechos\/#&#8221;>Descubrir<img decoding=\"async\" src=\"http:\/\/savingswave-a.akamaihd.net\/items\/it\/img\/arrow-10x10.png\" alt=\"\" \/><\/a> para saber\u2026no nos ha entretgado un Certificado de Garant\u00edas de nuestra permanencia para siempre en este bello planeta que, no siempre hemos sabido tratar como se merece.<\/p>\n<p style=\"text-align: justify;\">En el siglo XX hemos podido ser testigos de m\u00faltiples y maravillosos descubrimientos cient\u00edficos que han cambiado la concepci\u00f3n que del mundo pod\u00edamos tener: La teor\u00eda de Planck del cuanto que nos llev\u00f3 directamente a la Mec\u00e1nica Cu\u00e1ntica, el Relatividad de <a href=\"http:\/\/www.emiliosilveravazquez.com\/blog\/2012\/04\/08\/recordando-algunos-hechos\/#\"><a href=\"#\" onclick=\"referencia('einstein',event); return false;\">Einstein<\/a><\/a> que nos lleva a un espacio-tiempo de cuatro dimensiones, nos dijo que la luz marcaba el l\u00edmite de transmitir la informaci\u00f3n y, nos dijo que la masa y la energ\u00eda eran una misma cosa, as\u00ed <a id=\"_GPLITA_1\" title=\"Click to Continue > by Savings Wave&#8221; href=&#8221;http:\/\/www.emiliosilveravazquez.com\/blog\/2012\/04\/08\/recordando-algunos-hechos\/#&#8221;>como<img decoding=\"async\" src=\"http:\/\/savingswave-a.akamaihd.net\/items\/it\/img\/arrow-10x10.png\" alt=\"\" \/><\/a> que, el Tiempo, era relativo y no absoluto. M\u00e1s tarde, en su ampliaci\u00f3n de la teor\u00eda en 1916, nos dijo que la presencia de grandes masas distorsionaba el espacio-tiempo.<\/p>\n<p style=\"text-align: justify;\">Estos dos claros exponentes de aquella revoluci\u00f3n cient\u00edfica nos abrieron los ojos y la mente a un Universo distinto que <a id=\"_GPLITA_2\" title=\"Click to Continue > by Savings Wave&#8221; href=&#8221;http:\/\/www.emiliosilveravazquez.com\/blog\/2012\/04\/08\/recordando-algunos-hechos\/#&#8221;>ahora<img decoding=\"async\" src=\"http:\/\/savingswave-a.akamaihd.net\/items\/it\/img\/arrow-10x10.png\" alt=\"\" \/><\/a>, despu\u00e9s de dichas teor\u00edas, ten\u00eda m\u00e1s sentido.<\/p>\n<p style=\"text-align: justify;\">Otro de aquellos descubrimientos explosivos, fue la teor\u00eda cosmol\u00f3gica del big bang, que surgi\u00f3 como combinaci\u00f3n de ambas, y, justo es que, se digan quienes fueron sus protagonistas que, no por sabido, estar\u00e1 dem\u00e1s dejar aqu\u00ed un peque\u00f1o homenaje.<\/p>\n<p style=\"text-align: justify;\">Cuando <a href=\"http:\/\/www.emiliosilveravazquez.com\/blog\/2012\/04\/08\/recordando-algunos-hechos\/#\"><a href=\"#\" onclick=\"referencia('einstein',event); return false;\">Einstein<\/a><\/a> public\u00f3 en 1916 la teor\u00eda de la <a href=\"http:\/\/www.emiliosilveravazquez.com\/blog\/2012\/04\/08\/recordando-algunos-hechos\/#\"><a href=\"#\" onclick=\"referencia('relatividad',event); return false;\">relatividad<\/a><\/a> general era consciente de que \u00e9sta modificar\u00eda la ley de la gravedad <a id=\"_GPLITA_3\" title=\"Click to Continue > by Savings Wave&#8221; href=&#8221;http:\/\/www.emiliosilveravazquez.com\/blog\/2012\/04\/08\/recordando-algunos-hechos\/#&#8221;>universal<img decoding=\"async\" src=\"http:\/\/savingswave-a.akamaihd.net\/items\/it\/img\/arrow-10x10.png\" alt=\"\" \/><\/a> de <a href=\"http:\/\/www.emiliosilveravazquez.com\/blog\/2012\/04\/08\/recordando-algunos-hechos\/#\"><a href=\"#\" onclick=\"referencia('newton',event); return false;\">Newton<\/a><\/a>: la soluci\u00f3n a sus ecuaciones no s\u00f3lo sustituyo el planteamiento din\u00e1mico de fuerza de atracci\u00f3n por otro geom\u00e9trico de deformaci\u00f3n del espacio-tiempo, sino que permit\u00eda explicar el universo en su conjunto.<\/p>\n<p style=\"text-align: justify;\">\u00a0Fue \u00e9l el primer sorprendido al encontrar que dicha soluci\u00f3n global tra\u00eda como consecuencia un mundo cambiante, un universo que inicialmente estim\u00f3 en contracci\u00f3n. Como esto no le cab\u00eda en la cabeza introdujo un t\u00e9rmino en las ecuaciones que contrarrestara el efecto gravitatorio: una fuerza repulsiva, a la que llam\u00f3 constante cosmol\u00f3gica (\u039b) <a id=\"_GPLITA_4\" title=\"Click to Continue > by Savings Wave&#8221; href=&#8221;http:\/\/www.emiliosilveravazquez.com\/blog\/2012\/04\/08\/recordando-algunos-hechos\/#&#8221;>Esta<img decoding=\"async\" src=\"http:\/\/savingswave-a.akamaihd.net\/items\/it\/img\/arrow-10x10.png\" alt=\"\" \/><\/a> constante dotaba al espacio vac\u00edo de una presi\u00f3n que manten\u00eda separados a los astros, logrando as\u00ed un mundo acorde a sus pensamientos: est\u00e1tico, finito, homog\u00e9neo e is\u00f3tropo.<\/p>\n<p style=\"text-align: justify;\"><img decoding=\"async\" loading=\"lazy\" id=\"irc_mi\" style=\"margin-top: 0px;\" src=\"http:\/\/blg.mypicturetown.com\/cache\/nltQRv1WwYyQRZJI&amp;mqNKmxCoC-9XRGtR1Ler3lJ.0Lz8rhBBe-GWFMzAc%256%252m\/item.JPG?rot=0\" alt=\"\" width=\"582\" height=\"393\" \/><\/p>\n<p style=\"text-align: justify;\">El Universo se expande y las galaxias se alejan las unas de las otras. Eso no ocurre en el \u00e1mbito local<\/p>\n<p style=\"text-align: justify;\">A\u00f1os m\u00e1s tarde, <a href=\"http:\/\/www.emiliosilveravazquez.com\/blog\/2012\/04\/08\/recordando-algunos-hechos\/#\"><a href=\"#\" onclick=\"referencia('einstein',event); return false;\">Einstein<\/a><\/a> comentar\u00eda que la introducci\u00f3n de esta constante, hab\u00eda sido el mayor error de su vida, porque (con una mejor estimaci\u00f3n de la densidad) pod\u00eda haber predicho la expansi\u00f3n del universo <a id=\"_GPLITA_5\" title=\"Click to Continue > by Savings Wave&#8221; href=&#8221;http:\/\/www.emiliosilveravazquez.com\/blog\/2012\/04\/08\/recordando-algunos-hechos\/#&#8221;>antes<img decoding=\"async\" src=\"http:\/\/savingswave-a.akamaihd.net\/items\/it\/img\/arrow-10x10.png\" alt=\"\" \/><\/a> de que fuera observada experimentalmente. Claro que, su excusa era admisible, cuando el introdujo la constante cosmol\u00f3gica, nadie sab\u00eda que el universo estaba en expansi\u00f3n.<\/p>\n<p style=\"text-align: justify;\"><img decoding=\"async\" loading=\"lazy\" src=\"http:\/\/www.astroufo.com\/einstein.jpg\" alt=\"\" width=\"330\" height=\"220\" \/><\/p>\n<p style=\"text-align: justify;\">Con todo y a pesar de su enorme importancia, la teor\u00eda de la <a href=\"http:\/\/www.emiliosilveravazquez.com\/blog\/2012\/04\/08\/recordando-algunos-hechos\/#\"><a href=\"#\" onclick=\"referencia('relatividad',event); return false;\">relatividad<\/a><\/a> no lleg\u00f3 a tener verdadera importancia <a id=\"_GPLITA_6\" title=\"Click to Continue > by Savings Wave&#8221; href=&#8221;http:\/\/www.emiliosilveravazquez.com\/blog\/2012\/04\/08\/recordando-algunos-hechos\/#&#8221;>hasta<img decoding=\"async\" src=\"http:\/\/savingswave-a.akamaihd.net\/items\/it\/img\/arrow-10x10.png\" alt=\"\" \/><\/a> que, en 1919, Arthur Eddintong confirm\u00f3 la predicci\u00f3n del f\u00edsico alem\u00e1n con respecto a la curvatura de la luz, aprovech\u00f3 el eclipse solar de Sol de ese a\u00f1o. De la noche a la ma\u00f1ana, <a href=\"http:\/\/www.emiliosilveravazquez.com\/blog\/2012\/04\/08\/recordando-algunos-hechos\/#\"><a href=\"#\" onclick=\"referencia('einstein',event); return false;\">Einstein<\/a><\/a> se convirti\u00f3 en el f\u00edsico m\u00e1s popular del mundo al predecir con su ingenio y con su enorme intuici\u00f3n fen\u00f3menos que eran reales antes de que \u00e9stos fueran comprobados. As\u00ed, con car\u00e1cter desenfado, expres\u00e1ndose en t\u00e9rminos sencillos y muy distintos (menos estirados) que los de sus colegas, hab\u00eda dado respuesta a preguntas que hab\u00edan sido formuladas <a id=\"_GPLITA_7\" title=\"Click to Continue > by Savings Wave&#8221; href=&#8221;http:\/\/www.emiliosilveravazquez.com\/blog\/2012\/04\/08\/recordando-algunos-hechos\/#&#8221;>pero<img decoding=\"async\" src=\"http:\/\/savingswave-a.akamaihd.net\/items\/it\/img\/arrow-10x10.png\" alt=\"\" \/><\/a>, que nadie hasta entonces, hab\u00eda sabido contestar.<\/p>\n<p style=\"text-align: justify;\">Entre tanto, el astr\u00f3nomo holand\u00e9s Willem de Sitter obtuvo en 1917 una soluci\u00f3n a las ecuaciones del sabio alem\u00e1n, sugiriendo la posibilidad de que el universo fuera infinito, aparentemente est\u00e1tico y de densidad pr\u00e1cticamente nula en el que tan solo hab\u00eda energ\u00eda. Por otro lado, el matem\u00e1tico ruso Alexander Friedmann consigui\u00f3 en 1922 varias soluciones a las ecuaciones proponiendo universos que se contra\u00edan o que se expand\u00edan, seg\u00fan los valores que tomara la constante cosmol\u00f3gica. Cuando su <a id=\"_GPLITA_8\" title=\"Click to Continue > by Savings Wave&#8221; href=&#8221;http:\/\/www.emiliosilveravazquez.com\/blog\/2012\/04\/08\/recordando-algunos-hechos\/#&#8221;>trabajo<img decoding=\"async\" src=\"http:\/\/savingswave-a.akamaihd.net\/items\/it\/img\/arrow-10x10.png\" alt=\"\" \/><\/a> se public\u00f3 en Alemania, <a href=\"http:\/\/www.emiliosilveravazquez.com\/blog\/2012\/04\/08\/recordando-algunos-hechos\/#\"><a href=\"#\" onclick=\"referencia('einstein',event); return false;\">Einstein<\/a><\/a> respondi\u00f3 con una nota en la misma revista presumiendo un error matem\u00e1tico. El error result\u00f3 finalmente inexistente, pero <a href=\"http:\/\/www.emiliosilveravazquez.com\/blog\/2012\/04\/08\/recordando-algunos-hechos\/#\"><a href=\"#\" onclick=\"referencia('einstein',event); return false;\">Einstein<\/a><\/a> tard\u00f3 en rectificar, por lo que la respuesta de Friedmann qued\u00f3 en un segundo plano.<\/p>\n<p style=\"text-align: justify;\">\u00a0<img decoding=\"async\" loading=\"lazy\" src=\"http:\/\/www.astroufo.com\/friedman.jpg\" alt=\"\" width=\"140\" height=\"149\" \/><\/p>\n<p style=\"text-align: justify;\">Alexander Friedman<\/p>\n<p style=\"text-align: justify;\">Los dos grandes retos que los Astr\u00f3nomos hab\u00edan tenido <a id=\"_GPLITA_9\" title=\"Click to Continue > by Savings Wave&#8221; href=&#8221;http:\/\/www.emiliosilveravazquez.com\/blog\/2012\/04\/08\/recordando-algunos-hechos\/#&#8221;>desde<img decoding=\"async\" src=\"http:\/\/savingswave-a.akamaihd.net\/items\/it\/img\/arrow-10x10.png\" alt=\"\" \/><\/a> siempre hab\u00edan sido medir las distancias a las estrellas y averiguar su composici\u00f3n. Como sab\u00e9is, el primero de los problemas se solucion\u00f3 al utilizar las Cefeidas, estrellas de brillo variable, como est\u00e1ndares. Estas estrellas hab\u00edan sido estudiadas por la astr\u00f3noma americana Henrietta Leavitt, y en 1912 hab\u00eda conseguido relacionar la magnitud absoluta (brillo intr\u00ednseco de una estrella) con el per\u00edodo de su oscilaci\u00f3n luminosa.<\/p>\n<p style=\"text-align: justify;\">Teniendo en <a id=\"_GPLITA_10\" title=\"Click to Continue > by Savings Wave&#8221; href=&#8221;http:\/\/www.emiliosilveravazquez.com\/blog\/2012\/04\/08\/recordando-algunos-hechos\/#&#8221;>cuenta<img decoding=\"async\" src=\"http:\/\/savingswave-a.akamaihd.net\/items\/it\/img\/arrow-10x10.png\" alt=\"\" \/><\/a> esta Ley, Edwin <a href=\"http:\/\/www.emiliosilveravazquez.com\/blog\/2012\/04\/08\/recordando-algunos-hechos\/#\"><a href=\"#\" onclick=\"referencia('hubble',event); return false;\">Hubble<\/a><\/a> hab\u00eda detectado en 1925 en el Mount Wilson Observatory doce cefeidas en la \u201cNebulosa\u201d de Andr\u00f3meda que las situaban a una distancia mayor que el tama\u00f1o de nuestra Galaxia. Esto romp\u00eda todas las expectativas, ya que en ese <a id=\"_GPLITA_11\" title=\"Click to Continue > by Savings Wave&#8221; href=&#8221;http:\/\/www.emiliosilveravazquez.com\/blog\/2012\/04\/08\/recordando-algunos-hechos\/#&#8221;>momento<img decoding=\"async\" src=\"http:\/\/savingswave-a.akamaihd.net\/items\/it\/img\/arrow-10x10.png\" alt=\"\" \/><\/a> se pensaba que todo el Universo estaba contenido en la V\u00eda L\u00e1ctea.<\/p>\n<p style=\"text-align: justify;\"><img decoding=\"async\" loading=\"lazy\" src=\"http:\/\/upload.wikimedia.org\/wikipedia\/commons\/thumb\/a\/a1\/Clark_dome.jpg\/250px-Clark_dome.jpg\" alt=\"Clark dome.jpg\" width=\"250\" height=\"222\" \/><\/p>\n<p style=\"text-align: justify;\">\u00a0\u00a0 Lowell Observatory de Flagstaff<\/p>\n<p style=\"text-align: justify;\">El segundo reto hab\u00eda llevado a los astr\u00f3nomos a estudiar el espectro de la luz que emiten las estrellas. Aunque en esa \u00e9poca la t\u00e9cnica espectrosc\u00f3pica era muy rudimentaria, comenz\u00f3 a dar sus frutos. Uno de ellos vino de la mano de Vesto Slipher, quien en la conferencia que imparti\u00f3 en el Lowell Observatory de Flagstaff (Arizona), en junio de 1925, anunci\u00f3 que el espectro de la luz que hab\u00eda recogido en la mayor <a id=\"_GPLITA_12\" title=\"Click to Continue > by Savings Wave&#8221; href=&#8221;http:\/\/www.emiliosilveravazquez.com\/blog\/2012\/04\/08\/recordando-algunos-hechos\/#&#8221;>parte<img decoding=\"async\" src=\"http:\/\/savingswave-a.akamaihd.net\/items\/it\/img\/arrow-10x10.png\" alt=\"\" \/><\/a> de las galaxias estaba desplazado hacia el rojo. No se sab\u00eda a ciencia cierta lo que esto pod\u00eda significar, pero Harlow Shapley, apoyado en el Efecto Doppler, consider\u00f3 que e4se corrimiento hacia el rojo era consecuencia de que las galaxias se desplazaban.<\/p>\n<p style=\"text-align: justify;\"><strong>Un Universo eterno en evoluci\u00f3n<\/strong><\/p>\n<p style=\"text-align: justify;\">Georges Lama\u00ectre irrumpi\u00f3 en ese escenario t\u00edmidamente, como un estudiante de postgrado. Hab\u00eda nacido a finales del siglo XIX en el sur de B\u00e9lgica. Era el mayor de cuatro hermanos. Su padre hab\u00eda estudiado Derecho en la Universidad de Louvain y ten\u00eda una f\u00e1brica de vidrio. Georges comenz\u00f3 la carrera de Ingeniero de Minas en Lovaina, pero sus estudios se vieron interrumpidos al estallar la Primera Guerra Mundial, en la que particip\u00f3 como artillero. Al acabar el conflicto b\u00e9lico, regreso a las Aulas, pero no para <a id=\"_GPLITA_13\" title=\"Click to Continue > by Savings Wave&#8221; href=&#8221;http:\/\/www.emiliosilveravazquez.com\/blog\/2012\/04\/08\/recordando-algunos-hechos\/#&#8221;>continuar<img decoding=\"async\" src=\"http:\/\/savingswave-a.akamaihd.net\/items\/it\/img\/arrow-10x10.png\" alt=\"\" \/><\/a> sus estudios de Ingenier\u00eda, sino que, se matricul\u00f3 de en el segundo ciclo de F\u00edsica y Matem\u00e1ticas. A su t\u00e9rmino, ingres\u00f3 en el Seminario de Malinas y en 1923 recibi\u00f3 las \u00d3rdenes sagradas.<\/p>\n<p style=\"text-align: justify;\"><img decoding=\"async\" loading=\"lazy\" src=\"http:\/\/upload.wikimedia.org\/wikipedia\/commons\/thumb\/5\/52\/Lemaitre.jpg\/250px-Lemaitre.jpg\" alt=\"Lemaitre.jpg\" width=\"250\" height=\"366\" \/><\/p>\n<p style=\"text-align: justify;\">Georges Lema\u00eetre en 1933, <a id=\"_GPLITA_14\" title=\"Click to Continue > by Savings Wave&#8221; href=&#8221;http:\/\/www.emiliosilveravazquez.com\/blog\/2012\/04\/08\/recordando-algunos-hechos\/#&#8221;>durante<img decoding=\"async\" src=\"http:\/\/savingswave-a.akamaihd.net\/items\/it\/img\/arrow-10x10.png\" alt=\"\" \/><\/a> una de sus exposiciones.<\/p>\n<p style=\"text-align: justify;\">Su condici\u00f3n de sacerdote no le impidi\u00f3 <a id=\"_GPLITA_15\" title=\"Click to Continue > by Savings Wave&#8221; href=&#8221;http:\/\/www.emiliosilveravazquez.com\/blog\/2012\/04\/08\/recordando-algunos-hechos\/#&#8221;>continuar<img decoding=\"async\" src=\"http:\/\/savingswave-a.akamaihd.net\/items\/it\/img\/arrow-10x10.png\" alt=\"\" \/><\/a> en su carrera cient\u00edfica y pidi\u00f3 ser admitido como estudiante investigador de Astronom\u00eda en el Royal Observatory de Greenwich para el curso 1923-24. All\u00ed fue alumno de Eddintong, que le ense\u00f1\u00f3 a conjugar la Astronom\u00eda con la Teor\u00eda de la Relatividad. No dej\u00f3 de estar al d\u00eda con todos y cada uno de los adelantos y experimentos que se realizaban en aquel campo de la Astronom\u00eda Cosmol\u00f3gica.<\/p>\n<p style=\"text-align: justify;\">En 1926, el Jurado de su Doctorado le comunic\u00f3 que su tesis conten\u00edan todos y cada uno de los requisitos exigidos para su admisi\u00f3n y, resaltaban su grado de madurez matem\u00e1tica. En 1927, public\u00f3 un <a id=\"_GPLITA_16\" title=\"Click to Continue > by Savings Wave&#8221; href=&#8221;http:\/\/www.emiliosilveravazquez.com\/blog\/2012\/04\/08\/recordando-algunos-hechos\/#&#8221;>trabajo<img decoding=\"async\" src=\"http:\/\/savingswave-a.akamaihd.net\/items\/it\/img\/arrow-10x10.png\" alt=\"\" \/><\/a> en el que presentaba una soluci\u00f3n a las ecuaciones de la Relatividad general y que explicaba el Universo en su Conjunto.<\/p>\n<p style=\"text-align: justify;\">Cuando escribi\u00f3 el trabajo no ten\u00eda noticias de trabajos previos de Friedmann, pues estaban escritos en ruso o alem\u00e1n, y ninguno de los modelos ni soluciones que conoc\u00eda <a id=\"_GPLITA_17\" title=\"Click to Continue > by Savings Wave&#8221; href=&#8221;http:\/\/www.emiliosilveravazquez.com\/blog\/2012\/04\/08\/recordando-algunos-hechos\/#&#8221;>hasta<img decoding=\"async\" src=\"http:\/\/savingswave-a.akamaihd.net\/items\/it\/img\/arrow-10x10.png\" alt=\"\" \/><\/a> entonces le convenc\u00edan: el de <a href=\"http:\/\/www.emiliosilveravazquez.com\/blog\/2012\/04\/08\/recordando-algunos-hechos\/#\"><a href=\"#\" onclick=\"referencia('einstein',event); return false;\">Einstein<\/a><\/a> conten\u00eda materia, pero era est\u00e1tico; el de De Sitter ajustando la constante cosmol\u00f3gica: un universo de simetr\u00eda esf\u00e9rica era din\u00e1mico pero carec\u00eda de materia. Al considerar que la densidad de materia pod\u00eda variar en el tiempo, Lama\u00edtre propuso una soluci\u00f3n intermedia <a id=\"_GPLITA_18\" title=\"Click to Continue > by Savings Wave&#8221; href=&#8221;http:\/\/www.emiliosilveravazquez.com\/blog\/2012\/04\/08\/recordando-algunos-hechos\/#&#8221;>entre<img decoding=\"async\" src=\"http:\/\/savingswave-a.akamaihd.net\/items\/it\/img\/arrow-10x10.png\" alt=\"\" \/><\/a> la de <a href=\"http:\/\/www.emiliosilveravazquez.com\/blog\/2012\/04\/08\/recordando-algunos-hechos\/#\"><a href=\"#\" onclick=\"referencia('einstein',event); return false;\">Einstein<\/a><\/a> y la de De Sitter ajustando la constante cosmol\u00f3gica: un universo de simetr\u00eda esf\u00e9rica, eterno y en evoluci\u00f3n. Con ese modelo no s\u00f3lo buscaba una soluci\u00f3n matem\u00e1tica correcta, sino que fuera compatible con la F\u00edsica, al dar explicaci\u00f3n a las observaciones astron\u00f3micas.<\/p>\n<p style=\"text-align: justify;\"><img decoding=\"async\" loading=\"lazy\" src=\"http:\/\/www.astroufo.com\/hubble.jpg\" alt=\"\" width=\"200\" height=\"220\" \/><\/p>\n<p style=\"text-align: justify;\">\u00a0\u00a0\u00a0\u00a0\u00a0\u00a0 Edwin <a href=\"http:\/\/www.emiliosilveravazquez.com\/blog\/2012\/04\/08\/recordando-algunos-hechos\/#\"><a href=\"#\" onclick=\"referencia('hubble',event); return false;\">Hubble<\/a><\/a><\/p>\n<p style=\"text-align: justify;\">A\u00f1os m\u00e1s tarde, <a href=\"http:\/\/www.emiliosilveravazquez.com\/blog\/2012\/04\/08\/recordando-algunos-hechos\/#\"><a href=\"#\" onclick=\"referencia('hubble',event); return false;\">Hubble<\/a><\/a> hizo la misma propuesta que hoy conocemos con Constante de <a href=\"http:\/\/www.emiliosilveravazquez.com\/blog\/2012\/04\/08\/recordando-algunos-hechos\/#\"><a href=\"#\" onclick=\"referencia('hubble',event); return false;\">Hubble<\/a><\/a>. As\u00ed que, el trabajo de Lama\u00edtre pas\u00f3 muy desapercibido y ello, le oblig\u00f3 a darlo a conocer para que, al menos, se le diera el m\u00e9rito a que era acreedor por justicia. Lama\u00edtre consider\u00f3 que el universo estaba en expansi\u00f3n exponencial con un pasado infinito, donde su tama\u00f1o, era casi constante en un primer momento, para luego crecer r\u00e1pidamente.<\/p>\n<p style=\"text-align: justify;\">La celebraci\u00f3n del V Congreso Solvay de F\u00edsica, que tuvo lugar en Octubre de 1927 en Bruselas, le facilit\u00f3 a Lema\u00edtre la oportunidad de reivindicarse. Acudi\u00f3 y al t\u00e9rmino de una de ellas, se entrevist\u00f3 con <a href=\"http:\/\/www.emiliosilveravazquez.com\/blog\/2012\/04\/08\/recordando-algunos-hechos\/#\"><a href=\"#\" onclick=\"referencia('einstein',event); return false;\">Einstein<\/a><\/a>, que le coment\u00f3: \u201cHe le\u00eddo su art\u00edculo. Sus c\u00e1lculos son correctos, pero su f\u00edsica es abominable\u201d. A pesar de todo, Lema\u00edtre no se desanim\u00f3 y esper\u00f3 otra oportunidad. <a id=\"_GPLITA_19\" title=\"Click to Continue > by Savings Wave&#8221; href=&#8221;http:\/\/www.emiliosilveravazquez.com\/blog\/2012\/04\/08\/recordando-algunos-hechos\/#&#8221;>Esta<img decoding=\"async\" src=\"http:\/\/savingswave-a.akamaihd.net\/items\/it\/img\/arrow-10x10.png\" alt=\"\" \/><\/a> se present\u00f3 en Enero de 1930, con motivo de la Reuni\u00f3n habitual de la Royal Astronomical Society. En ella, DE Sitter mostr\u00f3 sus dudas sobre el modelo est\u00e1tico de <a href=\"http:\/\/www.emiliosilveravazquez.com\/blog\/2012\/04\/08\/recordando-algunos-hechos\/#\"><a href=\"#\" onclick=\"referencia('einstein',event); return false;\">Einstein<\/a><\/a>, opini\u00f3n que era compartida por Eddintong. Cuando Lema\u00edtre ley\u00f3 las Actas de la reuni\u00f3n, volvi\u00f3 a escribir a Eddintong, su antiguo profesor para recordarle que hac\u00eda tiempo que hab\u00eda propuesto una soluci\u00f3n a ese problema. Su Profesor cay\u00f3 en la <a id=\"_GPLITA_20\" title=\"Click to Continue > by Savings Wave&#8221; href=&#8221;http:\/\/www.emiliosilveravazquez.com\/blog\/2012\/04\/08\/recordando-algunos-hechos\/#&#8221;>cuenta<img decoding=\"async\" src=\"http:\/\/savingswave-a.akamaihd.net\/items\/it\/img\/arrow-10x10.png\" alt=\"\" \/><\/a> del \u201colvido\u201d y rectific\u00f3 dando una conferencia titulada \u201cLa inestabilidad del universo esf\u00e9rico de <a href=\"http:\/\/www.emiliosilveravazquez.com\/blog\/2012\/04\/08\/recordando-algunos-hechos\/#\"><a href=\"#\" onclick=\"referencia('einstein',event); return false;\">Einstein<\/a><\/a>\u201d, en la que aplic\u00f3 la soluci\u00f3n de Lema\u00edtre.<\/p>\n<p style=\"text-align: justify;\">All\u00ed qued\u00f3 reconocido el m\u00e9rito debido al primero que expuso un universo en expansi\u00f3n que, por motivos misteriosos de la historia, se llev\u00f3 <a href=\"http:\/\/www.emiliosilveravazquez.com\/blog\/2012\/04\/08\/recordando-algunos-hechos\/#\"><a href=\"#\" onclick=\"referencia('hubble',event); return false;\">Hubble<\/a><\/a>. De la misma manera, Cop\u00e9rnico se adjudic\u00f3 lo que propuso, muchos a\u00f1os <a id=\"_GPLITA_21\" title=\"Click to Continue > by Savings Wave&#8221; href=&#8221;http:\/\/www.emiliosilveravazquez.com\/blog\/2012\/04\/08\/recordando-algunos-hechos\/#&#8221;>antes<img decoding=\"async\" src=\"http:\/\/savingswave-a.akamaihd.net\/items\/it\/img\/arrow-10x10.png\" alt=\"\" \/><\/a>, Aristarco de Samos.<\/p>\n<p style=\"text-align: justify;\">\u00a1Qu\u00e9 cosas!<\/p>\n<p style=\"text-align: justify;\">emilio silvera<\/p>\n<\/div>\n<div class='bookmark'>\r\n\t\t<table align='left' border='0' cellpadding='0' width='100%'>\r\n\t\t<tr><td><span class='pushbutton'><a href='http:\/\/delicious.com\/post?url=http%3A%2F%2Fwww.emiliosilveravazquez.com%2Fblog%2F2014%2F05%2F08%2Fsiempre-es-bueno-recordar%2F&amp;title=Siempre+es+bueno+recordar' title='Delicious' target='_blank' rel='nofollow'><img src='http:\/\/www.emiliosilveravazquez.com\/blog\/wp-content\/plugins\/knxdt-bookmarks-wordpress-plugin\/images\/delicious.png'  alt='' class='book_img' border='none' style='margin:1px; padding: 0;'  \/><\/a><\/span><span class='pushbutton'><a href='http:\/\/digg.com\/submit?url=http%3A%2F%2Fwww.emiliosilveravazquez.com%2Fblog%2F2014%2F05%2F08%2Fsiempre-es-bueno-recordar%2F&amp;title=Siempre+es+bueno+recordar' title='Digg' target='_blank' rel='nofollow'><img src='http:\/\/www.emiliosilveravazquez.com\/blog\/wp-content\/plugins\/knxdt-bookmarks-wordpress-plugin\/images\/digg.png'  alt='' class='book_img' border='none' style='margin:1px; padding: 0;'  \/><\/a><\/span><span class='pushbutton'><a href='http:\/\/www.google.com\/bookmarks\/mark?op=edit&amp;bkmk=http%3A%2F%2Fwww.emiliosilveravazquez.com%2Fblog%2F2014%2F05%2F08%2Fsiempre-es-bueno-recordar%2F&amp;title=Siempre+es+bueno+recordar' title='Google' target='_blank' rel='nofollow'><img src='http:\/\/www.emiliosilveravazquez.com\/blog\/wp-content\/plugins\/knxdt-bookmarks-wordpress-plugin\/images\/google.png'   alt='' class='book_img' border='none' style='margin:1px; padding: 0;'  \/><\/a><\/span><span class='pushbutton'><a href='http:\/\/myweb2.search.yahoo.com\/myresults\/bookmarklet?u=http%3A%2F%2Fwww.emiliosilveravazquez.com%2Fblog%2F2014%2F05%2F08%2Fsiempre-es-bueno-recordar%2F&amp;t=Siempre+es+bueno+recordar' title='Yahoo' target='_blank' rel='nofollow'><img src='http:\/\/www.emiliosilveravazquez.com\/blog\/wp-content\/plugins\/knxdt-bookmarks-wordpress-plugin\/images\/yahoo.png'  alt='' class='book_img' border='none' style='margin:1px; padding: 0;'  \/><\/a><\/span><span class='pushbutton'><a href='http:\/\/www.technorati.com\/faves?add=http%3A%2F%2Fwww.emiliosilveravazquez.com%2Fblog%2F2014%2F05%2F08%2Fsiempre-es-bueno-recordar%2F' title='Technorati' target='_blank' rel='nofollow'><img src='http:\/\/www.emiliosilveravazquez.com\/blog\/wp-content\/plugins\/knxdt-bookmarks-wordpress-plugin\/images\/technorati.png'  alt='' class='book_img' border='none' style='margin:1px; padding: 0;'  \/><\/a><\/span><span class='pushbutton'><a href='http:\/\/meneame.net\/submit.php?url=http%3A%2F%2Fwww.emiliosilveravazquez.com%2Fblog%2F2014%2F05%2F08%2Fsiempre-es-bueno-recordar%2F' title='Meneame' target='_blank' rel='nofollow'><img src='http:\/\/www.emiliosilveravazquez.com\/blog\/wp-content\/plugins\/knxdt-bookmarks-wordpress-plugin\/images\/meneame.png'  alt='' class='book_img' border='none' style='margin:1px; padding: 0;'  \/><\/a><\/span><span class='pushbutton'><a href='http:\/\/enchilame.com\/submit.php?url=http:\/\/www.emiliosilveravazquez.com\/blog\/2014\/05\/08\/siempre-es-bueno-recordar\/' target='_blank' rel='nofollow'><img title='Enchilame' src='http:\/\/www.emiliosilveravazquez.com\/blog\/wp-content\/plugins\/knxdt-bookmarks-wordpress-plugin\/images\/enchilame.png'  alt='' class='book_img' border='none' style='margin:1px; padding: 0;'  \/><\/a><\/span><span class='pushbutton'><a href='http:\/\/www.blinklist.com\/index.php?Action=Blink\/addblink.php&amp;Description=&amp;Url=http%3A%2F%2Fwww.emiliosilveravazquez.com%2Fblog%2F2014%2F05%2F08%2Fsiempre-es-bueno-recordar%2F&amp;title=Siempre+es+bueno+recordar' title='BlinkList' target='_blank' rel='nofollow'><img src='http:\/\/www.emiliosilveravazquez.com\/blog\/wp-content\/plugins\/knxdt-bookmarks-wordpress-plugin\/images\/blinklist.png'  alt='' class='book_img' border='none' style='margin:1px; padding: 0;'  \/><\/a><\/span><span class='pushbutton'><a href='http:\/\/reddit.com\/submit?url=http%3A%2F%2Fwww.emiliosilveravazquez.com%2Fblog%2F2014%2F05%2F08%2Fsiempre-es-bueno-recordar%2F&amp;title=Siempre+es+bueno+recordar' title='Reddit' target='_blank' rel='nofollow'><img src='http:\/\/www.emiliosilveravazquez.com\/blog\/wp-content\/plugins\/knxdt-bookmarks-wordpress-plugin\/images\/reddit.png'  alt='' class='book_img' border='none' style='margin:1px; padding: 0;'  \/><\/a><\/span><span class='pushbutton'><a href='http:\/\/www.tecnologiadiaria.com\/2009\/07\/abrir-com-hotmail-correo.html' target='_blank' title='hotmail'><img src='http:\/\/www.emiliosilveravazquez.com\/blog\/wp-content\/plugins\/knxdt-bookmarks-wordpress-plugin\/images\/linklove.png' alt='hotmail correo' class='book_img' border='none' style='margin:1px; padding: 0;' \/><\/a><\/span><span class='pushbutton'><a href='http:\/\/bitacoras.com\/votar\/anotacion\/externo\/mini\/www.emiliosilveravazquez.com\/blog\/2014\/05\/08\/siempre-es-bueno-recordar\/' title='Bitacoras.com' target='_blank' rel='nofollow'><img src='http:\/\/www.emiliosilveravazquez.com\/blog\/wp-content\/plugins\/knxdt-bookmarks-wordpress-plugin\/images\/bitacoras.png'  alt='' class='book_img' border='none' style='margin:1px; padding: 0;'  \/><\/a><\/span><span class='pushbutton'><a href='http:\/\/www.wikio.es\/vote?url=http%3A%2F%2Fwww.emiliosilveravazquez.com%2Fblog%2F2014%2F05%2F08%2Fsiempre-es-bueno-recordar%2F' title='Wikio' target='_blank' rel='nofollow'><img src='http:\/\/www.emiliosilveravazquez.com\/blog\/wp-content\/plugins\/knxdt-bookmarks-wordpress-plugin\/images\/wikio.png'   alt='' class='book_img' border='none' style='margin:1px; padding: 0;'   \/><\/a><\/span><span class='pushbutton'><a href='http:\/\/friendfeed.com\/?url=http%3A%2F%2Fwww.emiliosilveravazquez.com%2Fblog%2F2014%2F05%2F08%2Fsiempre-es-bueno-recordar%2F&amp;title=Siempre+es+bueno+recordar' title='Friend Feed' target='_blank' rel='nofollow'><img src='http:\/\/www.emiliosilveravazquez.com\/blog\/wp-content\/plugins\/knxdt-bookmarks-wordpress-plugin\/images\/friendfeed.png'  alt='' class='book_img' border='none' style='margin:1px; padding: 0;'  \/><\/a><\/span><span class='pushbutton'><a href='http:\/\/www.facebook.com\/share.php?u=http%3A%2F%2Fwww.emiliosilveravazquez.com%2Fblog%2F2014%2F05%2F08%2Fsiempre-es-bueno-recordar%2F&amp;t=Siempre+es+bueno+recordar' title='Facebook' target='_blank' rel='nofollow'><img src='http:\/\/www.emiliosilveravazquez.com\/blog\/wp-content\/plugins\/knxdt-bookmarks-wordpress-plugin\/images\/facebook.png'  alt='' class='book_img' border='none' style='margin:1px; padding: 0;'  \/><\/a><\/span><span class='pushbutton'><a href='http:\/\/twitter.com\/home?status=Siempre+es+bueno+recordar: http%3A%2F%2Fwww.emiliosilveravazquez.com%2Fblog%2F2014%2F05%2F08%2Fsiempre-es-bueno-recordar%2F' title='Twitter' target='_blank' rel='nofollow'><img src='http:\/\/www.emiliosilveravazquez.com\/blog\/wp-content\/plugins\/knxdt-bookmarks-wordpress-plugin\/images\/twitter.png'  alt='' class='book_img' border='none' style='margin:1px; padding: 0;'  \/><\/a><\/span><span class='pushbutton'><a href='http:\/\/www.feedburner.com\/fb\/a\/emailFlare?itemTitle=Siempre+es+bueno+recordar&amp;uri=http%3A%2F%2Fwww.emiliosilveravazquez.com%2Fblog%2F2014%2F05%2F08%2Fsiempre-es-bueno-recordar%2F' title='Enviar por Email' target='_blank' rel='nofollow'><img src='http:\/\/www.emiliosilveravazquez.com\/blog\/wp-content\/plugins\/knxdt-bookmarks-wordpress-plugin\/images\/email.png'  alt='' class='book_img' border='none' style='margin:1px; padding: 0;'  \/><\/a><\/span><span style='font-weight:bold; padding-left: 5px;'><a href='http:\/\/wordpress.org\/extend\/plugins\/knxdt-bookmarks-wordpress-plugin\/' title='Plugin' rel='nofollow' target='_blank'>[?]<\/a><\/span><\/td><\/tr><\/table><br\/><br\/><\/div>","protected":false},"excerpt":{"rendered":"<p>\u00a1Aquellos grandes F\u00edsicos! La Ciencia avanza sin cesar La madre Naturaleza que, si da un suspiro a destiempo, nos podr\u00eda alejar de la faz de la Tierra para siempre y, ah\u00ed se acab\u00f3 nuestro hist\u00f3rico recorrido por el este Valle de L\u00e1grimas que, aunque nos ha dado la posibilidad de conocer la Belleza, algo de [&hellip;]<\/p>\n","protected":false},"author":2,"featured_media":0,"comment_status":"open","ping_status":"open","sticky":false,"template":"","format":"standard","meta":{"_s2mail":"yes","footnotes":""},"categories":[179],"tags":[],"_links":{"self":[{"href":"http:\/\/www.emiliosilveravazquez.com\/blog\/wp-json\/wp\/v2\/posts\/10925"}],"collection":[{"href":"http:\/\/www.emiliosilveravazquez.com\/blog\/wp-json\/wp\/v2\/posts"}],"about":[{"href":"http:\/\/www.emiliosilveravazquez.com\/blog\/wp-json\/wp\/v2\/types\/post"}],"author":[{"embeddable":true,"href":"http:\/\/www.emiliosilveravazquez.com\/blog\/wp-json\/wp\/v2\/users\/2"}],"replies":[{"embeddable":true,"href":"http:\/\/www.emiliosilveravazquez.com\/blog\/wp-json\/wp\/v2\/comments?post=10925"}],"version-history":[{"count":0,"href":"http:\/\/www.emiliosilveravazquez.com\/blog\/wp-json\/wp\/v2\/posts\/10925\/revisions"}],"wp:attachment":[{"href":"http:\/\/www.emiliosilveravazquez.com\/blog\/wp-json\/wp\/v2\/media?parent=10925"}],"wp:term":[{"taxonomy":"category","embeddable":true,"href":"http:\/\/www.emiliosilveravazquez.com\/blog\/wp-json\/wp\/v2\/categories?post=10925"},{"taxonomy":"post_tag","embeddable":true,"href":"http:\/\/www.emiliosilveravazquez.com\/blog\/wp-json\/wp\/v2\/tags?post=10925"}],"curies":[{"name":"wp","href":"https:\/\/api.w.org\/{rel}","templated":true}]}}