{"id":10840,"date":"2014-04-19T08:29:02","date_gmt":"2014-04-19T07:29:02","guid":{"rendered":"http:\/\/www.emiliosilveravazquez.com\/blog\/?p=10840"},"modified":"2014-04-19T08:29:02","modified_gmt":"2014-04-19T07:29:02","slug":"el-extrano-universo-%c2%a1el-universo-cotidiano-3","status":"publish","type":"post","link":"http:\/\/www.emiliosilveravazquez.com\/blog\/2014\/04\/19\/el-extrano-universo-%c2%a1el-universo-cotidiano-3\/","title":{"rendered":"!El extra\u00f1o Universo! \u00a1El Universo cotidiano!"},"content":{"rendered":"<div>\n<div>\n<p style=\"text-align: justify;\"><img decoding=\"async\" loading=\"lazy\" src=\"http:\/\/www.elpais.com\/recorte\/20110110elpepusoc_4\/LCO340\/Ies\/Objeto_Hanny.jpg\" alt=\"El Objeto de Hanny\" width=\"340\" height=\"470\" \/><\/p>\n<p style=\"text-align: justify;\">\u00bfQue ser\u00e1n, estos extra\u00f1os cuerpos. Lo llaman Objeto de Hanny es una extra\u00f1a y brillante <a id=\"_GPLITA_3\" title=\"Click to Continue > by Savings Wave&#8221; href=&#8221;http:\/\/www.emiliosilveravazquez.com\/blog\/category\/el-universo-y-los-pensamientos\/#&#8221;>nube<img decoding=\"async\" src=\"http:\/\/savingswave-a.akamaihd.net\/items\/it\/img\/arrow-10x10.png\" alt=\"\" \/><\/a> de gas verde que, en su momento, intrig\u00f3 a los astr\u00f3nomos desde que se descubri\u00f3 en 2007. La nube destaca cerca de una galaxia espiral porque un cu\u00e1sar (un <a href=\"http:\/\/www.emiliosilveravazquez.com\/blog\/category\/el-universo-y-los-pensamientos\/#\"><a href=\"#\" onclick=\"referencia('agujero negro',event); return false;\">agujero negro<\/a><\/a> supermasivo) en su n\u00facleo la ha iluminado como si fuera un foco. En su momento, como cada vez que se descubren objetos misteriosos, fue estudiada con mucho m\u00e1s detalle gracias a las <a id=\"_GPLITA_4\" title=\"Click to Continue > by Savings Wave&#8221; href=&#8221;http:\/\/www.emiliosilveravazquez.com\/blog\/category\/el-universo-y-los-pensamientos\/#&#8221;>im\u00e1genes<img decoding=\"async\" src=\"http:\/\/savingswave-a.akamaihd.net\/items\/it\/img\/arrow-10x10.png\" alt=\"\" \/><\/a> tomadas por el telescopio\u00a0<em><a href=\"http:\/\/www.emiliosilveravazquez.com\/blog\/category\/el-universo-y-los-pensamientos\/#\"><a href=\"#\" onclick=\"referencia('hubble',event); return false;\">Hubble<\/a><\/a><\/em>, que fueron expuestas en Seattle (EE UU).<\/p>\n<p style=\"text-align: justify;\">Considerado uno de los objetos m\u00e1s extra\u00f1os de los much\u00edsimos observados en el espacio, en Hanny\u2019s Voorwerp (en holand\u00e9s), que tiene el tama\u00f1o de la V\u00eda L\u00e1ctea, el\u00a0<em><a href=\"http:\/\/www.emiliosilveravazquez.com\/blog\/category\/el-universo-y-los-pensamientos\/#\"><a href=\"#\" onclick=\"referencia('hubble',event); return false;\">Hubble<\/a><\/a> <\/em>pudo descubrir delicados filamentos de gas y un grupo de c\u00famulos de j\u00f3venes estrellas. El color verde de la <a id=\"_GPLITA_5\" title=\"Click to Continue > by Savings Wave&#8221; href=&#8221;http:\/\/www.emiliosilveravazquez.com\/blog\/category\/el-universo-y-los-pensamientos\/#&#8221;>nube<img decoding=\"async\" src=\"http:\/\/savingswave-a.akamaihd.net\/items\/it\/img\/arrow-10x10.png\" alt=\"\" \/><\/a> se debe al ox\u00edgeno ionizado.<\/p>\n<p style=\"text-align: justify;\">Su descubridora, Hanny van Arkel, explic\u00f3 en su <a href=\"http:\/\/www.hannysvoorwerp.com\/\" target=\"_blank\">blog <\/a>que est\u00e1 encantada de asistir a la reuni\u00f3n de la\u00a0<a href=\"http:\/\/aas.org\/meetings\/aas217\" target=\"_blank\">Sociedad Americana de Astronom\u00eda<\/a> , donde se presentaron las nueva im\u00e1genes, y en general, de haber entrado en <a id=\"_GPLITA_6\" title=\"Click to Continue > by Savings Wave&#8221; href=&#8221;http:\/\/www.emiliosilveravazquez.com\/blog\/category\/el-universo-y-los-pensamientos\/#&#8221;>contacto<img decoding=\"async\" src=\"http:\/\/savingswave-a.akamaihd.net\/items\/it\/img\/arrow-10x10.png\" alt=\"\" \/><\/a> con el mundo de la astronom\u00eda. Ella es una profesora que descubri\u00f3 la estructura celeste en 2007 mediante el proyecto Galaxy Zoo, que estimula la participaci\u00f3n de no especialistas para que ayuden a clasificar las m\u00e1s de un mill\u00f3n de galaxias catalogadas en el Sloan Digital Sky Survey y las captadas por el propio\u00a0<em><a href=\"http:\/\/www.emiliosilveravazquez.com\/blog\/category\/el-universo-y-los-pensamientos\/#\"><a href=\"#\" onclick=\"referencia('hubble',event); return false;\">Hubble<\/a><\/a> <\/em>en sus <a id=\"_GPLITA_7\" title=\"Click to Continue > by Savings Wave&#8221; href=&#8221;http:\/\/www.emiliosilveravazquez.com\/blog\/category\/el-universo-y-los-pensamientos\/#&#8221;>im\u00e1genes<img decoding=\"async\" src=\"http:\/\/savingswave-a.akamaihd.net\/items\/it\/img\/arrow-10x10.png\" alt=\"\" \/><\/a> de campo profundo. Lo cierto es que la labor callada de los aficionados a la astronom\u00eda, no siempre es bien conocida y, desde luego, tampoco reconocida como se merece.<\/p>\n<p style=\"text-align: justify;\"><img decoding=\"async\" src=\"http:\/\/www.todoelsistemasolar.com.ar\/_androm1.jpg\" alt=\"Galaxia Andr\u00f3meda\" \/><\/p>\n<p style=\"text-align: justify;\">\u00a0\u00a0\u00a0\u00a0\u00a0\u00a0\u00a0\u00a0\u00a0\u00a0\u00a0\u00a0\u00a0\u00a0\u00a0\u00a0\u00a0\u00a0\u00a0\u00a0\u00a0\u00a0\u00a0\u00a0\u00a0\u00a0\u00a0\u00a0\u00a0\u00a0\u00a0\u00a0\u00a0\u00a0\u00a0\u00a0\u00a0\u00a0\u00a0\u00a0\u00a0\u00a0\u00a0 Nuestro vecina del Grupo <a id=\"_GPLITA_8\" title=\"Click to Continue > by Savings Wave&#8221; href=&#8221;http:\/\/www.emiliosilveravazquez.com\/blog\/category\/el-universo-y-los-pensamientos\/#&#8221;>Local<img decoding=\"async\" src=\"http:\/\/savingswave-a.akamaihd.net\/items\/it\/img\/arrow-10x10.png\" alt=\"\" \/><\/a><\/p>\n<p style=\"text-align: justify;\"><strong>Un astr\u00f3nomo persa, al-Sufi (<strong>Azophi)<\/strong>, ha sido reconocido como el primero en describir el d\u00e9bil fragmento de luz en la constelaci\u00f3n Andr\u00f3meda que sabemos <a id=\"_GPLITA_9\" title=\"Click to Continue > by Savings Wave&#8221; href=&#8221;http:\/\/www.emiliosilveravazquez.com\/blog\/category\/el-universo-y-los-pensamientos\/#&#8221;>ahora<img decoding=\"async\" src=\"http:\/\/savingswave-a.akamaihd.net\/items\/it\/img\/arrow-10x10.png\" alt=\"\" \/><\/a> que es una galaxia compa\u00f1era de la nuestra. En 1780, el astr\u00f3nomo franc\u00e9s Charles Messier public\u00f3 una lista de objetos no estelares que inclu\u00eda 32 objetos que son, en realidad, galaxias. Estas galaxias se identifican ahora por sus n\u00fameros Messier (M); la galaxia Andr\u00f3meda, por ejemplo, se conoce entre los astr\u00f3nomos como M31.<\/strong><\/p>\n<p style=\"text-align: justify;\"><strong>En la primera parte del siglo XIX, miles de galaxias fueron identificadas y catalogadas por William y Caroline Herschel, y John Herschel. <a id=\"_GPLITA_10\" title=\"Click to Continue > by Savings Wave&#8221; href=&#8221;http:\/\/www.emiliosilveravazquez.com\/blog\/category\/el-universo-y-los-pensamientos\/#&#8221;>Desde<img decoding=\"async\" src=\"http:\/\/savingswave-a.akamaihd.net\/items\/it\/img\/arrow-10x10.png\" alt=\"\" \/><\/a> 1900, se han descubierto en exploraciones fotogr\u00e1ficas gran cantidad de galaxias. \u00c9stas, a enormes distancias de la\u00a0<a href=\"http:\/\/www.todoelsistemasolar.com.ar\/tierra.htm\">Tierra<\/a>, aparecen tan diminutas en una fotograf\u00eda que resulta muy dif\u00edcil distinguirlas de las estrellas. La mayor galaxia conocida tiene aproximadamente trece veces <a id=\"_GPLITA_11\" title=\"Click to Continue > by Savings Wave&#8221; href=&#8221;http:\/\/www.emiliosilveravazquez.com\/blog\/category\/el-universo-y-los-pensamientos\/#&#8221;>m\u00e1s<img decoding=\"async\" src=\"http:\/\/savingswave-a.akamaihd.net\/items\/it\/img\/arrow-10x10.png\" alt=\"\" \/><\/a> estrellas que la V\u00eda L\u00e1ctea.<\/strong><\/p>\n<p style=\"text-align: justify;\"><img decoding=\"async\" loading=\"lazy\" id=\"irc_mi\" src=\"http:\/\/www.librosmaravillosos.com\/nuevaastronomia\/imagenes\/figura014.jpg\" alt=\"\" width=\"400\" height=\"338\" \/><img decoding=\"async\" loading=\"lazy\" id=\"irc_mi\" src=\"http:\/\/cdn.physorg.com\/newman\/gfx\/news\/hires\/2013\/2-1-areourtextbo.jpg\" alt=\"\" width=\"516\" height=\"393\" \/><\/p>\n<p style=\"text-align: justify;\"><strong>En 1912 el astr\u00f3nomo estadounidense Vesto M. Slipher, trabajando en el Observatorio Lowell de Arizona (EEUU), descubri\u00f3 que las l\u00edneas espectrales de todas las galaxias se hab\u00edan desplazado <a id=\"_GPLITA_12\" title=\"Click to Continue > by Savings Wave&#8221; href=&#8221;http:\/\/www.emiliosilveravazquez.com\/blog\/category\/el-universo-y-los-pensamientos\/#&#8221;>hacia<img decoding=\"async\" src=\"http:\/\/savingswave-a.akamaihd.net\/items\/it\/img\/arrow-10x10.png\" alt=\"\" \/><\/a> la regi\u00f3n espectral roja. Su compatriota Edwin <a href=\"http:\/\/www.emiliosilveravazquez.com\/blog\/category\/el-universo-y-los-pensamientos\/#\"><a href=\"#\" onclick=\"referencia('hubble',event); return false;\">Hubble<\/a><\/a> interpret\u00f3 esto como una evidencia de que todas las galaxias se alejaban unas de otras y lleg\u00f3 a la conclusi\u00f3n de que el Universo se expand\u00eda. No se sabe si continuar\u00e1 expandi\u00e9ndose o si contiene materia suficiente para frenar la expansi\u00f3n de las galaxias, de forma que \u00e9stas, finalmente, se junten de <a id=\"_GPLITA_13\" title=\"Click to Continue > by Savings Wave&#8221; href=&#8221;http:\/\/www.emiliosilveravazquez.com\/blog\/category\/el-universo-y-los-pensamientos\/#&#8221;>nuevo<img decoding=\"async\" src=\"http:\/\/savingswave-a.akamaihd.net\/items\/it\/img\/arrow-10x10.png\" alt=\"\" \/><\/a>, parece que \u00e9sto \u00faltimo no suceder\u00e1 nunca. La materia del Universo pararece estar aproximadamente en la tasa de la Densidad Cr\u00edtica.<\/strong><\/p>\n<p style=\"text-align: justify;\"><strong><\/strong>Andr\u00f3meda se est\u00e1 acercando a la V\u00eda L\u00e1ctea a unos 300 kil\u00f3metros por segundo, y se cree que de aqu\u00ed a aproximadamente unos tres mil <a id=\"_GPLITA_14\" title=\"Click to Continue > by Savings Wave&#8221; href=&#8221;http:\/\/www.emiliosilveravazquez.com\/blog\/category\/el-universo-y-los-pensamientos\/#&#8221;>millones<img decoding=\"async\" src=\"http:\/\/savingswave-a.akamaihd.net\/items\/it\/img\/arrow-10x10.png\" alt=\"\" \/><\/a> de a\u00f1os\u00a0<a title=\"Colisi\u00f3n V\u00eda L\u00e1ctea-Andr\u00f3meda\" href=\"http:\/\/es.wikipedia.org\/wiki\/Colisi%C3%B3n_V%C3%ADa_L%C3%A1ctea-Andr%C3%B3meda\">podr\u00eda colisionar con la nuestra<\/a> y fusionarse ambas <a id=\"_GPLITA_15\" title=\"Click to Continue > by Savings Wave&#8221; href=&#8221;http:\/\/www.emiliosilveravazquez.com\/blog\/category\/el-universo-y-los-pensamientos\/#&#8221;>formando<img decoding=\"async\" src=\"http:\/\/savingswave-a.akamaihd.net\/items\/it\/img\/arrow-10x10.png\" alt=\"\" \/><\/a> una <a title=\"Galaxia el\u00edptica\" href=\"http:\/\/es.wikipedia.org\/wiki\/Galaxia_el%C3%ADptica\">galaxia el\u00edptica<\/a> gigante. Claro que, no se est\u00e1 de acuerdo con la velocidad a la que Andr\u00f3meda, se acerca a nosotros. Seg\u00fan algunos c\u00e1lculos, podr\u00eda llegar cuando nuestro Sol, est\u00e9 en la agon\u00eda de su final para convertirse en gigante Roja primero y enana Blanca despu\u00e9s, y, si es as\u00ed, poco nos importar\u00e1 ya a nosotros que no estaremos por aqu\u00ed.<\/p>\n<p style=\"text-align: justify;\">\u00a0<img decoding=\"async\" loading=\"lazy\" id=\"irc_mi\" src=\"http:\/\/astronomia2009.es\/data\/imagen\/archivo_622.png\" alt=\"\" width=\"625\" height=\"393\" \/><\/p>\n<p style=\"text-align: justify;\">La semilla desde la que se desarroll\u00f3 nuestro Universo fue una Bola de fuego de pura energ\u00eda inmensamente densa e inmensamente caliente. La <a id=\"_GPLITA_17\" title=\"Click to Continue > by Savings Wave&#8221; href=&#8221;http:\/\/www.emiliosilveravazquez.com\/blog\/category\/el-universo-y-los-pensamientos\/#&#8221;>pregunta<img decoding=\"async\" src=\"http:\/\/savingswave-a.akamaihd.net\/items\/it\/img\/arrow-10x10.png\" alt=\"\" \/><\/a> es, \u00bfc\u00f3mo lleg\u00f3 esta bola de fuego hasta el tipo de materia bari\u00f3nica que podemos ver alrededor de todos nosotros, mientras el Universo se expand\u00eda y se enfriaba? O, si se prefiere \u00bfde donde salieron los <a href=\"http:\/\/www.emiliosilveravazquez.com\/blog\/2013\/09\/24\/el-extrano-universo-%C2%A1el-universo-cotidiano\/#\">quarks<\/a> y los <a href=\"http:\/\/www.emiliosilveravazquez.com\/blog\/category\/el-universo-y-los-pensamientos\/#\"><a href=\"#\" onclick=\"referencia('leptones',event); return false;\">leptones<\/a><\/a>? Y, puestos a preguntar, esa <a href=\"http:\/\/www.emiliosilveravazquez.com\/blog\/category\/el-universo-y-los-pensamientos\/#\"><a href=\"#\" onclick=\"referencia('materia oscura',event); return false;\">materia oscura<\/a><\/a> de la que tanto hablamos, \u00bfestaba ya all\u00ed cuando lleg\u00f3 la bari\u00f3nica? Si no fuese <a id=\"_GPLITA_18\" title=\"Click to Continue > by Savings Wave&#8221; href=&#8221;http:\/\/www.emiliosilveravazquez.com\/blog\/category\/el-universo-y-los-pensamientos\/#&#8221;>as\u00ed<img decoding=\"async\" src=\"http:\/\/savingswave-a.akamaihd.net\/items\/it\/img\/arrow-10x10.png\" alt=\"\" \/><\/a>, \u00bfc\u00f3mo se puedieron formar las Galaxias?<\/p>\n<p style=\"text-align: justify;\">Creemos que conocemos la <a id=\"_GPLITA_19\" title=\"Click to Continue > by Savings Wave&#8221; href=&#8221;http:\/\/www.emiliosilveravazquez.com\/blog\/category\/el-universo-y-los-pensamientos\/#&#8221;>respuesta<img decoding=\"async\" src=\"http:\/\/savingswave-a.akamaihd.net\/items\/it\/img\/arrow-10x10.png\" alt=\"\" \/><\/a>, aunque, en realidad, lo que s\u00ed tenemos es un modelo de que c\u00f3mo creemos que sucedi\u00f3, ya que, como a menudo es el caso de las historias, la explicaci\u00f3n es m\u00e1s especulativa cuanto m\u00e1s atr\u00e1s en el tiempo miremos y, en el caso del Universo, esto tambi\u00e9n corresponde a las energ\u00edas m\u00e1s altas que se tienen que considerar.<\/p>\n<p style=\"text-align: justify;\">Nos vamos <a id=\"_GPLITA_20\" title=\"Click to Continue > by Savings Wave&#8221; href=&#8221;http:\/\/www.emiliosilveravazquez.com\/blog\/category\/el-universo-y-los-pensamientos\/#&#8221;>hacia<img decoding=\"async\" src=\"http:\/\/savingswave-a.akamaihd.net\/items\/it\/img\/arrow-10x10.png\" alt=\"\" \/><\/a> atr\u00e1s en el tiempo y ponemos se\u00f1ales y nombres como los del l\u00edmite y <a href=\"http:\/\/www.emiliosilveravazquez.com\/blog\/category\/el-universo-y-los-pensamientos\/#\"><a href=\"#\" onclick=\"referencia('planck tiempo de',event); return false;\">tiempo de Planck<\/a><\/a>, era hadr\u00f3nica (quarks: <a href=\"http:\/\/www.emiliosilveravazquez.com\/blog\/2013\/09\/24\/el-extrano-universo-%C2%A1el-universo-cotidiano\/#\">protones<\/a> y <a href=\"http:\/\/www.emiliosilveravazquez.com\/blog\/2013\/09\/24\/el-extrano-universo-%C2%A1el-universo-cotidiano\/#\">neutrones<\/a>, etc.) y era lept\u00f3nicas (<a href=\"http:\/\/www.emiliosilveravazquez.com\/blog\/2013\/09\/24\/el-extrano-universo-%C2%A1el-universo-cotidiano\/#\">electrones<\/a>, <a href=\"http:\/\/www.emiliosilveravazquez.com\/blog\/category\/el-universo-y-los-pensamientos\/#\"><a href=\"#\" onclick=\"referencia('muon',event); return false;\">muones<\/a><\/a> y part\u00edcula <a href=\"http:\/\/www.emiliosilveravazquez.com\/blog\/2013\/09\/24\/el-extrano-universo-%C2%A1el-universo-cotidiano\/#\">tau<\/a> con sus <a href=\"http:\/\/www.emiliosilveravazquez.com\/blog\/2013\/09\/24\/el-extrano-universo-%C2%A1el-universo-cotidiano\/#\">neutrinos<\/a> asociados). Ah\u00ed amigos, est\u00e1 toda la materia que podemos ver. Sin embargo, \u00bfqu\u00e9 sabemos en realidad de la materia? No olvidemos que de la materia llamada inerte, provenimos nosotros cuyos materiales fueron fabricados en los <a id=\"_GPLITA_21\" title=\"Click to Continue > by Savings Wave&#8221; href=&#8221;http:\/\/www.emiliosilveravazquez.com\/blog\/category\/el-universo-y-los-pensamientos\/#&#8221;>hornos<img decoding=\"async\" src=\"http:\/\/savingswave-a.akamaihd.net\/items\/it\/img\/arrow-10x10.png\" alt=\"\" \/><\/a> nucleares de las estrellas.<\/p>\n<p style=\"text-align: justify;\"><img decoding=\"async\" loading=\"lazy\" src=\"http:\/\/www.astronoo.com\/images\/sondes\/univers-wmap_320.jpg\" alt=\"Radiaci\u00f3n de fondo de microondas (CMB) WMAP\" width=\"320\" height=\"160\" \/><\/p>\n<h3 style=\"text-align: justify;\">Imagen : El an\u00e1lisis de la imagen WMAP de todo el cielo sugiere que el universo es mayor de 13.7 millones de a\u00f1os (con una precisi\u00f3n del 1%). Se compone de 73% de energ\u00eda oscura, 23% de la <a href=\"http:\/\/www.emiliosilveravazquez.com\/blog\/category\/el-universo-y-los-pensamientos\/#\"><a href=\"#\" onclick=\"referencia('materia oscura',event); return false;\">materia oscura<\/a><\/a> fr\u00eda, y s\u00f3lo el 4% de los \u00e1tomos. En la actualidad se expande a una velocidad de 71 km\/s \/ Mpc (con una precisi\u00f3n del 5%), se elev\u00f3 por episodios de r\u00e1pido crecimiento llamado inflaci\u00f3n y crecer para siempre. Cr\u00e9dito: Equipo de WMAP Ciencia, la NASA<\/h3>\n<p>&nbsp;<\/p>\n<p style=\"text-align: justify;\">Estas sombras ser\u00edan una especie de eco del\u00a0<em>big bang<\/em> en las microondas, lo que pone en duda la validez de la popular teor\u00eda sobre el origen del Universo. El <a id=\"_GPLITA_22\" title=\"Click to Continue > by Savings Wave&#8221; href=&#8221;http:\/\/www.emiliosilveravazquez.com\/blog\/category\/el-universo-y-los-pensamientos\/#&#8221;>trabajo<img decoding=\"async\" src=\"http:\/\/savingswave-a.akamaihd.net\/items\/it\/img\/arrow-10x10.png\" alt=\"\" \/><\/a> se public\u00f3 en la edici\u00f3n del 1 de septiembre de 2006 del\u00a0<em>Astrophysical Journal<\/em>.<\/p>\n<p style=\"text-align: justify;\">El estudio se bas\u00f3 en observaciones realizadas con el observatorio orbital de la NASA WMAP (Wilkinson Microwave Anisotropy Probe \u2013 <a id=\"_GPLITA_23\" title=\"Click to Continue > by Savings Wave&#8221; href=&#8221;http:\/\/www.emiliosilveravazquez.com\/blog\/category\/el-universo-y-los-pensamientos\/#&#8221;>prueba<img decoding=\"async\" src=\"http:\/\/savingswave-a.akamaihd.net\/items\/it\/img\/arrow-10x10.png\" alt=\"\" \/><\/a> Wilkinson de la anisotrop\u00eda en microondas), que tiene como objetivo estudiar la radiaci\u00f3n c\u00f3smica de fondo. Para ello se estudiaron las sombras dejadas en esta radiaci\u00f3n c\u00f3smica de fondo por 31 c\u00famulos de galaxias.<\/p>\n<p style=\"text-align: justify;\">El Dr Lieu expresa que \u201cEstas sombras son algo bien conocido que hab\u00eda sido previsto hace a\u00f1os\u201d, y es \u201cel \u00fanico m\u00e9todo directo para determinar la distancia al origen de la radiaci\u00f3n c\u00f3smica de fondo\u201d, hasta <a id=\"_GPLITA_24\" title=\"Click to Continue > by Savings Wave&#8221; href=&#8221;http:\/\/www.emiliosilveravazquez.com\/blog\/category\/el-universo-y-los-pensamientos\/#&#8221;>ahora<img decoding=\"async\" src=\"http:\/\/savingswave-a.akamaihd.net\/items\/it\/img\/arrow-10x10.png\" alt=\"\" \/><\/a> toda la evidencia apuntaba a que era originada por una gran bola de fuego denominada\u00a0<em>big bang<\/em> y ha sido circunstancial.<\/p>\n<p style=\"text-align: justify;\">Lieu menciona tambi\u00e9n que \u201csi usted ve una sombra, indica que la radiaci\u00f3n viene m\u00e1s all\u00e1 del c\u00famulo de galaxias, y si no las ve, hay un problema, entre los 31 c\u00famulos estudiados, algunos mostraron el efecto de sombra y otras no\u201d.<\/p>\n<p style=\"text-align: justify;\"><img decoding=\"async\" loading=\"lazy\" id=\"irc_mi\" src=\"http:\/\/upload.wikimedia.org\/wikipedia\/commons\/d\/d4\/WMAP_Leaving_the_Earth_or_Moon_toward_L2.jpg\" alt=\"\" width=\"589\" height=\"393\" \/><\/p>\n<p style=\"text-align: justify;\">En estudios previos, se han reportado la presencia de este tipo de sombras en la radiaci\u00f3n c\u00f3smica de fondo, estos estudios sin embargo no usaron los <a id=\"_GPLITA_25\" title=\"Click to Continue > by Savings Wave&#8221; href=&#8221;http:\/\/www.emiliosilveravazquez.com\/blog\/category\/el-universo-y-los-pensamientos\/#&#8221;>datos<img decoding=\"async\" src=\"http:\/\/savingswave-a.akamaihd.net\/items\/it\/img\/arrow-10x10.png\" alt=\"\" \/><\/a> proporcionados por el WMAP el cual est\u00e1 dise\u00f1ado y construido espec\u00edficamente para estudiar esta radiaci\u00f3n de fondo.<\/p>\n<p style=\"text-align: justify;\">Si la teor\u00eda est\u00e1ndar de la creaci\u00f3n del Universo o\u00a0<em><a href=\"http:\/\/www.emiliosilveravazquez.com\/blog\/category\/el-universo-y-los-pensamientos\/#\"><a href=\"#\" onclick=\"referencia('big bang',event); return false;\">Big Bang<\/a><\/a><\/em> es la correcta y la radiaci\u00f3n c\u00f3smica de fondo viene a la Tierra desde los confines del Universo, los c\u00famulos masivos de galaxias que emiten <a href=\"http:\/\/www.emiliosilveravazquez.com\/blog\/category\/el-universo-y-los-pensamientos\/#\"><a href=\"#\" onclick=\"referencia('rayos x',event); return false;\">rayos X<\/a><\/a>, cercanos a la V\u00eda L\u00e1ctea, deber\u00edan <a id=\"_GPLITA_26\" title=\"Click to Continue > by Savings Wave&#8221; href=&#8221;http:\/\/www.emiliosilveravazquez.com\/blog\/category\/el-universo-y-los-pensamientos\/#&#8221;>mostrar<img decoding=\"async\" src=\"http:\/\/savingswave-a.akamaihd.net\/items\/it\/img\/arrow-10x10.png\" alt=\"\" \/><\/a> todos, la presencia de estas sombras en la radiaci\u00f3n c\u00f3smica de fondo.<\/p>\n<p style=\"text-align: justify;\">Los cient\u00edficos aseguran tambi\u00e9n que basados en todo el conocimiento, hasta <a id=\"_GPLITA_27\" title=\"Click to Continue > by Savings Wave&#8221; href=&#8221;http:\/\/www.emiliosilveravazquez.com\/blog\/category\/el-universo-y-los-pensamientos\/#&#8221;>ahora<img decoding=\"async\" src=\"http:\/\/savingswave-a.akamaihd.net\/items\/it\/img\/arrow-10x10.png\" alt=\"\" \/><\/a>, de las fuentes de radiaci\u00f3n y halos alrededor de los c\u00famulos de galaxias, es imposible que estos c\u00famulos gal\u00e1cticos puedan emitir microondas a una frecuencia e intensidad id\u00e9nticos a la radiaci\u00f3n c\u00f3smica de fondo.<\/p>\n<p style=\"text-align: justify;\"><a href=\"http:\/\/commons.wikimedia.org\/wiki\/File:Sunyaev.jpg\"><img decoding=\"async\" loading=\"lazy\" src=\"http:\/\/upload.wikimedia.org\/wikipedia\/commons\/thumb\/3\/33\/Sunyaev.jpg\/220px-Sunyaev.jpg\" alt=\"Sunyaev.jpg\" width=\"220\" height=\"329\" \/><img decoding=\"async\" loading=\"lazy\" id=\"irc_mi\" src=\"http:\/\/nuclearweaponarchive.org\/Russia\/Zeldovch.jpg\" alt=\"\" width=\"160\" height=\"239\" \/><\/a><\/p>\n<p style=\"text-align: justify;\">\u00a0\u00a0\u00a0\u00a0\u00a0\u00a0\u00a0\u00a0\u00a0\u00a0\u00a0\u00a0\u00a0\u00a0\u00a0\u00a0 Rashid Sunyaev\u00a0\u00a0\u00a0\u00a0\u00a0\u00a0\u00a0\u00a0\u00a0\u00a0\u00a0\u00a0\u00a0\u00a0\u00a0\u00a0\u00a0\u00a0\u00a0\u00a0\u00a0\u00a0\u00a0\u00a0\u00a0\u00a0\u00a0\u00a0\u00a0 Yakov Zel\u2019dovich<\/p>\n<p style=\"text-align: justify;\">La <a id=\"_GPLITA_28\" title=\"Click to Continue > by Savings Wave&#8221; href=&#8221;http:\/\/www.emiliosilveravazquez.com\/blog\/category\/el-universo-y-los-pensamientos\/#&#8221;>predicci\u00f3n<img decoding=\"async\" src=\"http:\/\/savingswave-a.akamaihd.net\/items\/it\/img\/arrow-10x10.png\" alt=\"\" \/><\/a> de la radiaci\u00f3n c\u00f3smica de fondo data del a\u00f1o 1948 y fue descubierta en 1965. La predicci\u00f3n del efecto de sombra fue realizada en 1969, por los cient\u00edficos rusos Rashid Sunyaev y Yakov Zel\u2019dovich. El efecto se crear\u00eda de la siguiente forma: los c\u00famulos de galaxias emiten luz en <a href=\"http:\/\/www.emiliosilveravazquez.com\/blog\/category\/el-universo-y-los-pensamientos\/#\"><a href=\"#\" onclick=\"referencia('rayos x',event); return false;\">rayos X<\/a><\/a> por acci\u00f3n de la gravedad de su centro, que atrapa gas y lo calienta enormemente. Este gas es tan <a id=\"_GPLITA_29\" title=\"Click to Continue > by Savings Wave&#8221; href=&#8221;http:\/\/www.emiliosilveravazquez.com\/blog\/category\/el-universo-y-los-pensamientos\/#&#8221;>caliente<img decoding=\"async\" src=\"http:\/\/savingswave-a.akamaihd.net\/items\/it\/img\/arrow-10x10.png\" alt=\"\" \/><\/a> que pierde sus <a href=\"http:\/\/www.emiliosilveravazquez.com\/blog\/2013\/09\/24\/el-extrano-universo-%C2%A1el-universo-cotidiano\/#\">electrones<\/a>, o sea que se ioniza, produciendo, a su vez, enormes espacios llenos de <a href=\"http:\/\/www.emiliosilveravazquez.com\/blog\/2013\/09\/24\/el-extrano-universo-%C2%A1el-universo-cotidiano\/#\">electrones<\/a> libres. Estos <a href=\"http:\/\/www.emiliosilveravazquez.com\/blog\/2013\/09\/24\/el-extrano-universo-%C2%A1el-universo-cotidiano\/#\">electrones<\/a> libres interact\u00faan con los <a href=\"http:\/\/www.emiliosilveravazquez.com\/blog\/category\/el-universo-y-los-pensamientos\/#\"><a href=\"#\" onclick=\"referencia('foton',event); return false;\">fotones<\/a><\/a> individuales de la radiaci\u00f3n c\u00f3smica de <a id=\"_GPLITA_30\" title=\"Click to Continue > by Savings Wave&#8221; href=&#8221;http:\/\/www.emiliosilveravazquez.com\/blog\/category\/el-universo-y-los-pensamientos\/#&#8221;>fondo<img decoding=\"async\" src=\"http:\/\/savingswave-a.akamaihd.net\/items\/it\/img\/arrow-10x10.png\" alt=\"\" \/><\/a>, originando con esto la desviaci\u00f3n de sus trayectorias originales y produciendo el efecto de sombra.<\/p>\n<p style=\"text-align: justify;\">Como vereis, siempre habr\u00e1n motivos m\u00e1s que sobrados para la pol\u00e9mica y, a medida que se avanza la pol\u00e9mica crece, toda vez que, esos avances, dejan al descubierto muchas de las creencias largamanete asentadas que <a id=\"_GPLITA_31\" title=\"Click to Continue > by Savings Wave&#8221; href=&#8221;http:\/\/www.emiliosilveravazquez.com\/blog\/category\/el-universo-y-los-pensamientos\/#&#8221;>ahora<img decoding=\"async\" src=\"http:\/\/savingswave-a.akamaihd.net\/items\/it\/img\/arrow-10x10.png\" alt=\"\" \/><\/a>, con las nuevas tecnolog\u00edas, podemos descubrir que, en realidad, eran distintas de como se hab\u00edan imaginado.<\/p>\n<p style=\"text-align: justify;\"><img decoding=\"async\" src=\"http:\/\/2.bp.blogspot.com\/_keNzm18eAvs\/So1xMebxdeI\/AAAAAAAABnM\/552FTiPJL1c\/s320\/envejecimiento-retardar.jpg\" alt=\"\" \/><\/p>\n<p style=\"text-align: justify;\">\u00a0\u00a0\u00a0\u00a0\u00a0\u00a0\u00a0\u00a0\u00a0\u00a0\u00a0\u00a0\u00a0\u00a0\u00a0\u00a0 \u00bfQue hace la Entrop\u00eda con <a id=\"_GPLITA_32\" title=\"Click to Continue > by Savings Wave&#8221; href=&#8221;http:\/\/www.emiliosilveravazquez.com\/blog\/category\/el-universo-y-los-pensamientos\/#&#8221;>nosotros<img decoding=\"async\" src=\"http:\/\/savingswave-a.akamaihd.net\/items\/it\/img\/arrow-10x10.png\" alt=\"\" \/><\/a>?<\/p>\n<p style=\"text-align: justify;\">Si hablamos del Universo no podemos olvidar \u201cEl Tiempo\u201d con su inseparabl\u00f1e compa\u00f1era,\u00a0 \u201cla Entrop\u00eda\u201d destructora de todo lo que existe que, a medida que el primero transcurre, la segunda lo transforma todo. Debemos aprovechar ese corto espacio de tiempo que nos otorga el transcurrir entre las tres <a id=\"_GPLITA_33\" title=\"Click to Continue > by Savings Wave&#8221; href=&#8221;http:\/\/www.emiliosilveravazquez.com\/blog\/category\/el-universo-y-los-pensamientos\/#&#8221;>im\u00e1genes<img decoding=\"async\" src=\"http:\/\/savingswave-a.akamaihd.net\/items\/it\/img\/arrow-10x10.png\" alt=\"\" \/><\/a> de arriba, sin no sabemos aprovecharlos\u2026\u00bfpara qu\u00e9 estamos aqu\u00ed? \u00bfAcaso ser\u00e1 cierto que todo comenz\u00f3 con la explosi\u00f3n de una <a href=\"http:\/\/www.emiliosilveravazquez.com\/blog\/category\/el-universo-y-los-pensamientos\/#\"><a href=\"#\" onclick=\"referencia('singularidad',event); return false;\">singularidad<\/a><\/a> que <a id=\"_GPLITA_34\" title=\"Click to Continue > by Savings Wave&#8221; href=&#8221;http:\/\/www.emiliosilveravazquez.com\/blog\/category\/el-universo-y-los-pensamientos\/#&#8221;>produjo<img decoding=\"async\" src=\"http:\/\/savingswave-a.akamaihd.net\/items\/it\/img\/arrow-10x10.png\" alt=\"\" \/><\/a> lo que llamamos bis bang?<\/p>\n<p style=\"text-align: justify;\">S\u00ed, es posible que todo comenzara as\u00ed. Sin embargo, nadie lo puede asegurar. Y, algunosm dicen que somos uno de tantos universos que en el Multiverso est\u00e1n. Si eso fuera as\u00ed \u00bfHabr\u00e1 otros seres en esos otros universos? En las imagenes de abjo os pongo dos bellezas, una bionita Nebulosa y la Tierra que nos acoge, sin embargo, en el \u00e1mbito cercano y familiar, podemos encontrar <a id=\"_GPLITA_35\" title=\"Click to Continue > by Savings Wave&#8221; href=&#8221;http:\/\/www.emiliosilveravazquez.com\/blog\/category\/el-universo-y-los-pensamientos\/#&#8221;>im\u00e1genes<img decoding=\"async\" src=\"http:\/\/savingswave-a.akamaihd.net\/items\/it\/img\/arrow-10x10.png\" alt=\"\" \/><\/a> m\u00e1s bellas. Bueno, al, menos yo, tengo varias.<\/p>\n<p style=\"text-align: justify;\"><img decoding=\"async\" id=\"foro_img\" src=\"http:\/\/www.ecoloquia.com\/08\/universo.jpg\" alt=\"\" align=\"top\" border=\"0\" \/><\/p>\n<p style=\"text-align: justify;\"><img decoding=\"async\" src=\"http:\/\/www.abc.es\/Media\/201010\/22\/new-most-distant-galaxy-ultra-deep-field_27705_600x450--478x270.jpg\" alt=\"La \u00faltima frontera del Universo\" \/><\/p>\n<p style=\"text-align: justify;\">\u00bfSer\u00e1 \u00e9sta la \u00faltima frontera? No,\u00a0 creo que no, el Universo que nosotros conocemos, por muchom que corramos tras \u00e9l, nunca podremos alcanzar el final. Siendo as\u00ed, hablar de la \u00faltima frontera, es\u2026, al menos, arriesgado. No conocemos bien ni los objetos que pueblan nuestro propio <a id=\"_GPLITA_37\" title=\"Click to Continue > by Savings Wave&#8221; href=&#8221;http:\/\/www.emiliosilveravazquez.com\/blog\/category\/el-universo-y-los-pensamientos\/#&#8221;>Sistema<img decoding=\"async\" src=\"http:\/\/savingswave-a.akamaihd.net\/items\/it\/img\/arrow-10x10.png\" alt=\"\" \/><\/a> solar, esos mundos enormes y gaseosos que, a su vez, est\u00e1n rodeados de otros peque\u00f1os mundos en los que, posiblemente, la vida est\u00e9 presente. Sin embargo, nos permitimos hablar de los confines del Universo situados en lugares inaccesibles para nosotros. Bueno, al menos de momento.<\/p>\n<p style=\"text-align: justify;\"><img decoding=\"async\" src=\"http:\/\/byfiles.storage.live.com\/y1psRlahnjPQqxxBIaU-3oT9LalrDrF5IIvNiEIBoeH3Y9mvfa5_2fAVEttXj71SwWVIXbYBY5jHWM\" alt=\"\" \/><\/p>\n<p style=\"text-align: justify;\">\u00a0Contemplar una flor, un paisaje, sentir la brisa del Mar, mirar las estrellas\u2026 \u00a1No cuesta <a id=\"_GPLITA_39\" title=\"Click to Continue > by Savings Wave&#8221; href=&#8221;http:\/\/www.emiliosilveravazquez.com\/blog\/category\/el-universo-y-los-pensamientos\/#&#8221;>nada<img decoding=\"async\" src=\"http:\/\/savingswave-a.akamaihd.net\/items\/it\/img\/arrow-10x10.png\" alt=\"\" \/><\/a> y alimenta el esp\u00edritu! \u00bfOs dais cuenta? La Naturaleza, el Coraz\u00f3n, los sentimientos&#8230; \u00a1Todo forma parte de lo mismo!<\/p>\n<p style=\"text-align: justify;\">El poco tiempo que estamos aqu\u00ed, si podemos disfrutar de <a id=\"_GPLITA_40\" title=\"Click to Continue > by Savings Wave&#8221; href=&#8221;http:\/\/www.emiliosilveravazquez.com\/blog\/category\/el-universo-y-los-pensamientos\/#&#8221;>Im\u00e1genes<img decoding=\"async\" src=\"http:\/\/savingswave-a.akamaihd.net\/items\/it\/img\/arrow-10x10.png\" alt=\"\" \/><\/a> como \u00e9sta, de nuestra amiga Anadelagua, lo podemos dar por bien empleado. Vistas as\u00ed consiguen sacar de nosotros lo mejor y, si eso es as\u00ed (que lo es), mir\u00e9mosla durante un largo rato.<\/p>\n<p style=\"text-align: justify;\">\u00a1Que sentimiento de paz! \u00a1De simbiosis con la Naturaleza!<\/p>\n<p style=\"text-align: justify;\"><em><a id=\"_GPLITA_41\" title=\"Click to Continue > by Savings Wave&#8221; href=&#8221;http:\/\/www.emiliosilveravazquez.com\/blog\/category\/el-universo-y-los-pensamientos\/#&#8221;>emilio<img decoding=\"async\" src=\"http:\/\/savingswave-a.akamaihd.net\/items\/it\/img\/arrow-10x10.png\" alt=\"\" \/><\/a> silvera<\/em><\/p>\n<\/div>\n<\/div>\n<div class='bookmark'>\r\n\t\t<table align='left' border='0' cellpadding='0' width='100%'>\r\n\t\t<tr><td><span class='pushbutton'><a href='http:\/\/delicious.com\/post?url=http%3A%2F%2Fwww.emiliosilveravazquez.com%2Fblog%2F2014%2F04%2F19%2Fel-extrano-universo-%25c2%25a1el-universo-cotidiano-3%2F&amp;title=%21El+extra%C3%B1o+Universo%21+%C2%A1El+Universo+cotidiano%21' title='Delicious' target='_blank' rel='nofollow'><img src='http:\/\/www.emiliosilveravazquez.com\/blog\/wp-content\/plugins\/knxdt-bookmarks-wordpress-plugin\/images\/delicious.png'  alt='' class='book_img' border='none' style='margin:1px; padding: 0;'  \/><\/a><\/span><span class='pushbutton'><a href='http:\/\/digg.com\/submit?url=http%3A%2F%2Fwww.emiliosilveravazquez.com%2Fblog%2F2014%2F04%2F19%2Fel-extrano-universo-%25c2%25a1el-universo-cotidiano-3%2F&amp;title=%21El+extra%C3%B1o+Universo%21+%C2%A1El+Universo+cotidiano%21' title='Digg' target='_blank' rel='nofollow'><img src='http:\/\/www.emiliosilveravazquez.com\/blog\/wp-content\/plugins\/knxdt-bookmarks-wordpress-plugin\/images\/digg.png'  alt='' class='book_img' border='none' style='margin:1px; padding: 0;'  \/><\/a><\/span><span class='pushbutton'><a href='http:\/\/www.google.com\/bookmarks\/mark?op=edit&amp;bkmk=http%3A%2F%2Fwww.emiliosilveravazquez.com%2Fblog%2F2014%2F04%2F19%2Fel-extrano-universo-%25c2%25a1el-universo-cotidiano-3%2F&amp;title=%21El+extra%C3%B1o+Universo%21+%C2%A1El+Universo+cotidiano%21' title='Google' target='_blank' rel='nofollow'><img src='http:\/\/www.emiliosilveravazquez.com\/blog\/wp-content\/plugins\/knxdt-bookmarks-wordpress-plugin\/images\/google.png'   alt='' class='book_img' border='none' style='margin:1px; padding: 0;'  \/><\/a><\/span><span class='pushbutton'><a href='http:\/\/myweb2.search.yahoo.com\/myresults\/bookmarklet?u=http%3A%2F%2Fwww.emiliosilveravazquez.com%2Fblog%2F2014%2F04%2F19%2Fel-extrano-universo-%25c2%25a1el-universo-cotidiano-3%2F&amp;t=%21El+extra%C3%B1o+Universo%21+%C2%A1El+Universo+cotidiano%21' title='Yahoo' target='_blank' rel='nofollow'><img src='http:\/\/www.emiliosilveravazquez.com\/blog\/wp-content\/plugins\/knxdt-bookmarks-wordpress-plugin\/images\/yahoo.png'  alt='' class='book_img' border='none' style='margin:1px; padding: 0;'  \/><\/a><\/span><span class='pushbutton'><a href='http:\/\/www.technorati.com\/faves?add=http%3A%2F%2Fwww.emiliosilveravazquez.com%2Fblog%2F2014%2F04%2F19%2Fel-extrano-universo-%25c2%25a1el-universo-cotidiano-3%2F' title='Technorati' target='_blank' rel='nofollow'><img src='http:\/\/www.emiliosilveravazquez.com\/blog\/wp-content\/plugins\/knxdt-bookmarks-wordpress-plugin\/images\/technorati.png'  alt='' class='book_img' border='none' style='margin:1px; padding: 0;'  \/><\/a><\/span><span class='pushbutton'><a href='http:\/\/meneame.net\/submit.php?url=http%3A%2F%2Fwww.emiliosilveravazquez.com%2Fblog%2F2014%2F04%2F19%2Fel-extrano-universo-%25c2%25a1el-universo-cotidiano-3%2F' title='Meneame' target='_blank' rel='nofollow'><img src='http:\/\/www.emiliosilveravazquez.com\/blog\/wp-content\/plugins\/knxdt-bookmarks-wordpress-plugin\/images\/meneame.png'  alt='' class='book_img' border='none' style='margin:1px; padding: 0;'  \/><\/a><\/span><span class='pushbutton'><a href='http:\/\/enchilame.com\/submit.php?url=http:\/\/www.emiliosilveravazquez.com\/blog\/2014\/04\/19\/el-extrano-universo-%c2%a1el-universo-cotidiano-3\/' target='_blank' rel='nofollow'><img title='Enchilame' src='http:\/\/www.emiliosilveravazquez.com\/blog\/wp-content\/plugins\/knxdt-bookmarks-wordpress-plugin\/images\/enchilame.png'  alt='' class='book_img' border='none' style='margin:1px; padding: 0;'  \/><\/a><\/span><span class='pushbutton'><a href='http:\/\/www.blinklist.com\/index.php?Action=Blink\/addblink.php&amp;Description=&amp;Url=http%3A%2F%2Fwww.emiliosilveravazquez.com%2Fblog%2F2014%2F04%2F19%2Fel-extrano-universo-%25c2%25a1el-universo-cotidiano-3%2F&amp;title=%21El+extra%C3%B1o+Universo%21+%C2%A1El+Universo+cotidiano%21' title='BlinkList' target='_blank' rel='nofollow'><img src='http:\/\/www.emiliosilveravazquez.com\/blog\/wp-content\/plugins\/knxdt-bookmarks-wordpress-plugin\/images\/blinklist.png'  alt='' class='book_img' border='none' style='margin:1px; padding: 0;'  \/><\/a><\/span><span class='pushbutton'><a href='http:\/\/reddit.com\/submit?url=http%3A%2F%2Fwww.emiliosilveravazquez.com%2Fblog%2F2014%2F04%2F19%2Fel-extrano-universo-%25c2%25a1el-universo-cotidiano-3%2F&amp;title=%21El+extra%C3%B1o+Universo%21+%C2%A1El+Universo+cotidiano%21' title='Reddit' target='_blank' rel='nofollow'><img src='http:\/\/www.emiliosilveravazquez.com\/blog\/wp-content\/plugins\/knxdt-bookmarks-wordpress-plugin\/images\/reddit.png'  alt='' class='book_img' border='none' style='margin:1px; padding: 0;'  \/><\/a><\/span><span class='pushbutton'><a href='http:\/\/www.tecnologiadiaria.com\/2009\/07\/abrir-com-hotmail-correo.html' target='_blank' title='hotmail'><img src='http:\/\/www.emiliosilveravazquez.com\/blog\/wp-content\/plugins\/knxdt-bookmarks-wordpress-plugin\/images\/linklove.png' alt='hotmail correo' class='book_img' border='none' style='margin:1px; padding: 0;' \/><\/a><\/span><span class='pushbutton'><a href='http:\/\/bitacoras.com\/votar\/anotacion\/externo\/mini\/www.emiliosilveravazquez.com\/blog\/2014\/04\/19\/el-extrano-universo-%c2%a1el-universo-cotidiano-3\/' title='Bitacoras.com' target='_blank' rel='nofollow'><img src='http:\/\/www.emiliosilveravazquez.com\/blog\/wp-content\/plugins\/knxdt-bookmarks-wordpress-plugin\/images\/bitacoras.png'  alt='' class='book_img' border='none' style='margin:1px; padding: 0;'  \/><\/a><\/span><span class='pushbutton'><a href='http:\/\/www.wikio.es\/vote?url=http%3A%2F%2Fwww.emiliosilveravazquez.com%2Fblog%2F2014%2F04%2F19%2Fel-extrano-universo-%25c2%25a1el-universo-cotidiano-3%2F' title='Wikio' target='_blank' rel='nofollow'><img src='http:\/\/www.emiliosilveravazquez.com\/blog\/wp-content\/plugins\/knxdt-bookmarks-wordpress-plugin\/images\/wikio.png'   alt='' class='book_img' border='none' style='margin:1px; padding: 0;'   \/><\/a><\/span><span class='pushbutton'><a href='http:\/\/friendfeed.com\/?url=http%3A%2F%2Fwww.emiliosilveravazquez.com%2Fblog%2F2014%2F04%2F19%2Fel-extrano-universo-%25c2%25a1el-universo-cotidiano-3%2F&amp;title=%21El+extra%C3%B1o+Universo%21+%C2%A1El+Universo+cotidiano%21' title='Friend Feed' target='_blank' rel='nofollow'><img src='http:\/\/www.emiliosilveravazquez.com\/blog\/wp-content\/plugins\/knxdt-bookmarks-wordpress-plugin\/images\/friendfeed.png'  alt='' class='book_img' border='none' style='margin:1px; padding: 0;'  \/><\/a><\/span><span class='pushbutton'><a href='http:\/\/www.facebook.com\/share.php?u=http%3A%2F%2Fwww.emiliosilveravazquez.com%2Fblog%2F2014%2F04%2F19%2Fel-extrano-universo-%25c2%25a1el-universo-cotidiano-3%2F&amp;t=%21El+extra%C3%B1o+Universo%21+%C2%A1El+Universo+cotidiano%21' title='Facebook' target='_blank' rel='nofollow'><img src='http:\/\/www.emiliosilveravazquez.com\/blog\/wp-content\/plugins\/knxdt-bookmarks-wordpress-plugin\/images\/facebook.png'  alt='' class='book_img' border='none' style='margin:1px; padding: 0;'  \/><\/a><\/span><span class='pushbutton'><a href='http:\/\/twitter.com\/home?status=%21El+extra%C3%B1o+Universo%21+%C2%A1El+Universo+cotidiano%21: http%3A%2F%2Fwww.emiliosilveravazquez.com%2Fblog%2F2014%2F04%2F19%2Fel-extrano-universo-%25c2%25a1el-universo-cotidiano-3%2F' title='Twitter' target='_blank' rel='nofollow'><img src='http:\/\/www.emiliosilveravazquez.com\/blog\/wp-content\/plugins\/knxdt-bookmarks-wordpress-plugin\/images\/twitter.png'  alt='' class='book_img' border='none' style='margin:1px; padding: 0;'  \/><\/a><\/span><span class='pushbutton'><a href='http:\/\/www.feedburner.com\/fb\/a\/emailFlare?itemTitle=%21El+extra%C3%B1o+Universo%21+%C2%A1El+Universo+cotidiano%21&amp;uri=http%3A%2F%2Fwww.emiliosilveravazquez.com%2Fblog%2F2014%2F04%2F19%2Fel-extrano-universo-%25c2%25a1el-universo-cotidiano-3%2F' title='Enviar por Email' target='_blank' rel='nofollow'><img src='http:\/\/www.emiliosilveravazquez.com\/blog\/wp-content\/plugins\/knxdt-bookmarks-wordpress-plugin\/images\/email.png'  alt='' class='book_img' border='none' style='margin:1px; padding: 0;'  \/><\/a><\/span><span style='font-weight:bold; padding-left: 5px;'><a href='http:\/\/wordpress.org\/extend\/plugins\/knxdt-bookmarks-wordpress-plugin\/' title='Plugin' rel='nofollow' target='_blank'>[?]<\/a><\/span><\/td><\/tr><\/table><br\/><br\/><\/div>","protected":false},"excerpt":{"rendered":"<p>\u00bfQue ser\u00e1n, estos extra\u00f1os cuerpos. Lo llaman Objeto de Hanny es una extra\u00f1a y brillante by Savings Wave&#8221; href=&#8221;http:\/\/www.emiliosilveravazquez.com\/blog\/category\/el-universo-y-los-pensamientos\/#&#8221;>im\u00e1genes tomadas por el telescopio\u00a0Hubble, que fueron expuestas en Seattle (EE UU). Considerado uno de los objetos m\u00e1s extra\u00f1os de los much\u00edsimos observados en el espacio, en Hanny\u2019s Voorwerp (en holand\u00e9s), que tiene el tama\u00f1o de la [&hellip;]<\/p>\n","protected":false},"author":2,"featured_media":0,"comment_status":"open","ping_status":"open","sticky":false,"template":"","format":"standard","meta":{"_s2mail":"yes","footnotes":""},"categories":[49],"tags":[],"_links":{"self":[{"href":"http:\/\/www.emiliosilveravazquez.com\/blog\/wp-json\/wp\/v2\/posts\/10840"}],"collection":[{"href":"http:\/\/www.emiliosilveravazquez.com\/blog\/wp-json\/wp\/v2\/posts"}],"about":[{"href":"http:\/\/www.emiliosilveravazquez.com\/blog\/wp-json\/wp\/v2\/types\/post"}],"author":[{"embeddable":true,"href":"http:\/\/www.emiliosilveravazquez.com\/blog\/wp-json\/wp\/v2\/users\/2"}],"replies":[{"embeddable":true,"href":"http:\/\/www.emiliosilveravazquez.com\/blog\/wp-json\/wp\/v2\/comments?post=10840"}],"version-history":[{"count":0,"href":"http:\/\/www.emiliosilveravazquez.com\/blog\/wp-json\/wp\/v2\/posts\/10840\/revisions"}],"wp:attachment":[{"href":"http:\/\/www.emiliosilveravazquez.com\/blog\/wp-json\/wp\/v2\/media?parent=10840"}],"wp:term":[{"taxonomy":"category","embeddable":true,"href":"http:\/\/www.emiliosilveravazquez.com\/blog\/wp-json\/wp\/v2\/categories?post=10840"},{"taxonomy":"post_tag","embeddable":true,"href":"http:\/\/www.emiliosilveravazquez.com\/blog\/wp-json\/wp\/v2\/tags?post=10840"}],"curies":[{"name":"wp","href":"https:\/\/api.w.org\/{rel}","templated":true}]}}