{"id":10716,"date":"2014-03-23T13:00:56","date_gmt":"2014-03-23T12:00:56","guid":{"rendered":"http:\/\/www.emiliosilveravazquez.com\/blog\/?p=10716"},"modified":"2014-03-23T13:00:56","modified_gmt":"2014-03-23T12:00:56","slug":"la-mitica-tierra-de-tartessos-2","status":"publish","type":"post","link":"http:\/\/www.emiliosilveravazquez.com\/blog\/2014\/03\/23\/la-mitica-tierra-de-tartessos-2\/","title":{"rendered":"LA M\u00cdTICA TIERRA DE TARTESSOS"},"content":{"rendered":"<div>\n<h2 style=\"text-align: justify;\">\u00a0\u00ab <a href=\"http:\/\/www.emiliosilveravazquez.com\/blog\/2012\/03\/25\/la-libertad-asintotica\/\" rel=\"prev\">La Libertad Asint\u00f3tica en El Carnaval de la F\u00edsica<\/a><\/h2>\n<\/div>\n<div style=\"text-align: justify;\">\n<div><a href=\"http:\/\/www.emiliosilveravazquez.com\/blog\/2012\/03\/29\/la-fisica-esta-en-todo\/\" rel=\"next\">\u00a1La F\u00edsica! \u00a1Nos dice t\u00e1ntas cosas\u2026! (Carnaval de F\u00edsica)<\/a> \u00bb<\/div>\n<\/div>\n<div>\n<p style=\"text-align: justify;\"><strong>LA LEYENDA<\/strong><strong> DE<\/strong><strong> TARTESSOS EN LA ANTIG\u00dcEDAD<\/strong><\/p>\n<p style=\"text-align: justify;\"><img decoding=\"async\" src=\"http:\/\/upload.wikimedia.org\/wikipedia\/commons\/thumb\/8\/8a\/Tartessos.svg\/220px-Tartessos.svg.png\" alt=\"\" \/><\/p>\n<p style=\"text-align: justify;\">Casi todas las noticias documentales que se tienen de Tartessos se deben a antiguos autores griegos. En ellas se confunden con frecuencia lo hist\u00f3rico con lo m\u00edtico o semim\u00edtico, con reyes <a id=\"_GPLITA_26\" title=\"Click to Continue > by Savings Wave&#8221; href=&#8221;http:\/\/www.emiliosilveravazquez.com\/blog\/2012\/03\/27\/la-mitica-tierra-de-tartessos\/#&#8221;>como<img decoding=\"async\" src=\"http:\/\/savingswave-a.akamaihd.net\/items\/it\/img\/arrow-10x10.png\" alt=\"\" \/><\/a>\u00a0<a href=\"http:\/\/es.wikipedia.org\/wiki\/Geri%C3%B3n\">Geri\u00f3n<\/a>,\u00a0<a href=\"http:\/\/es.wikipedia.org\/wiki\/Habis\">Habis<\/a>,\u00a0<a title=\"N\u00f3rax\" href=\"http:\/\/es.wikipedia.org\/wiki\/N%C3%B3rax\">N\u00f3rax<\/a> y\u00a0<a href=\"http:\/\/es.wikipedia.org\/wiki\/Argantonio\">Argantonio<\/a>. Asimismo ha sido frecuente la identificaci\u00f3n de la<a title=\"Atl\u00e1ntida (continente)\" href=\"http:\/\/es.wikipedia.org\/wiki\/Atl%C3%A1ntida_%28continente%29\">Atl\u00e1ntida<\/a> descrita por\u00a0<a href=\"http:\/\/es.wikipedia.org\/wiki\/Plat%C3%B3n\">Plat\u00f3n<\/a> en sus di\u00e1logos\u00a0<a href=\"http:\/\/es.wikipedia.org\/wiki\/Timeo\">Timeo<\/a> y\u00a0<a href=\"http:\/\/es.wikipedia.org\/wiki\/Critias\">Critias<\/a> con la capital o ciudad de Tartessos.<\/p>\n<p style=\"text-align: justify;\">La idea de la tierra occidental de Tartessos aparece en uno de los mitos hel\u00e9nicos m\u00e1s extendidos. El ge\u00f3grafo Estrab\u00f3n (escritor romano de la \u00e9poca de Augusto) relata la historia del viaje de H\u00e9rcules al lejano oeste, donde llev\u00f3 a cabo su d\u00e9cimo <a id=\"_GPLITA_25\" title=\"Click to Continue > by Savings Wave&#8221; href=&#8221;http:\/\/www.emiliosilveravazquez.com\/blog\/2012\/03\/27\/la-mitica-tierra-de-tartessos\/#&#8221;>trabajo<img decoding=\"async\" src=\"http:\/\/savingswave-a.akamaihd.net\/items\/it\/img\/arrow-10x10.png\" alt=\"\" \/><\/a>. En esta regi\u00f3n de Tartessos construy\u00f3 H\u00e9rcules dos columnas como monumento a su arduo viaje; y en la isla de Eritia, situada en aguas costeras, se le pidi\u00f3 que vigilase el ganado de Geri\u00f3n (Estrab\u00f3n 3, 5, 4; 3, 2, 11).<\/p>\n<p style=\"text-align: justify;\">El mito de Tartessos se consideraba paradigma del avance de la humanidad hacia una <a id=\"_GPLITA_0\" title=\"Click to Continue > by Savings Wave&#8221; href=&#8221;http:\/\/www.emiliosilveravazquez.com\/blog\/2012\/03\/27\/la-mitica-tierra-de-tartessos\/#&#8221;>forma<img decoding=\"async\" src=\"http:\/\/savingswave-a.akamaihd.net\/items\/it\/img\/arrow-10x10.png\" alt=\"\" \/><\/a> civilizada de vivir. Hay una historia interesante en el Epitome del historiador romano Justino (que en el siglo IV d.C. resumi\u00f3 la extensa Historiae Philippicae de Pompeyo Trogo). En el bosque de los tartesios, donde abundaba el ganado vacuno, hab\u00eda una vez un rey llamado G\u00e1rgoris que fue la primera persona que supo c\u00f3mo se recog\u00eda la miel. Ten\u00eda un hijo ileg\u00edtimo, llamado Habis, que ense\u00f1\u00f3 a su pueblo (los tartesios) a utilizar el arado; impidi\u00f3 que se convirtieran en esclavos y los dividi\u00f3 en siete tribus (o siete ciudades) (Justino 44, 1, 14).<\/p>\n<p style=\"text-align: justify;\"><img decoding=\"async\" src=\"http:\/\/upload.wikimedia.org\/wikipedia\/commons\/thumb\/7\/72\/SNG_BM_16.jpg\/220px-SNG_BM_16.jpg\" alt=\"\" \/><\/p>\n<p style=\"text-align: justify;\">\u201c\u2026son considerados los m\u00e1s cultos de los iberos, ya que conocen la escritura y, seg\u00fan sus tradiciones ancestrales, incluso tienen cr\u00f3nicas hist\u00f3ricas, poemas y leyes en verso que ellos dicen de seis mil <a id=\"_GPLITA_3\" title=\"Click to Continue > by Savings Wave&#8221; href=&#8221;http:\/\/www.emiliosilveravazquez.com\/blog\/2012\/03\/27\/la-mitica-tierra-de-tartessos\/#&#8221;>a\u00f1os<img decoding=\"async\" src=\"http:\/\/savingswave-a.akamaihd.net\/items\/it\/img\/arrow-10x10.png\" alt=\"\" \/><\/a> de antig\u00fcedad.<\/p>\n<div style=\"text-align: justify;\">Estrab\u00f3n, III 1,6\u2033<\/div>\n<div style=\"text-align: justify;\">\n<p><strong>Argantonio<\/strong> (?, h.\u00a0<a title=\"670 a. C.\" href=\"http:\/\/es.wikipedia.org\/wiki\/670_a._C.\">670\u00a0a.\u00a0C.<\/a> &#8211;\u00a0?, h.\u00a0<a title=\"550 a. C.\" href=\"http:\/\/es.wikipedia.org\/wiki\/550_a._C.\">550\u00a0a.\u00a0C.<\/a>) fue el \u00faltimo rey\u00a0<a title=\"Tartessos\" href=\"http:\/\/es.wikipedia.org\/wiki\/Tartessos\">tart\u00e9sico<\/a>, \u00fanico del que se tienen referencias hist\u00f3ricas. Debido a su longevidad, hay historiadores que piensan que podr\u00eda tratarse no de un rey sino de una dinast\u00eda ya que se le atribuyen tesoros con unos 300 a\u00f1os de diferencia. Aparece en fuentes griegas por su relaci\u00f3n militar y comercial con\u00a0<a href=\"http:\/\/es.wikipedia.org\/wiki\/Focea\">Focea<\/a> (colonia de los griegos en Asia Menor).<\/p>\n<\/div>\n<p style=\"text-align: justify;\">El oscur\u00edsimo mito de Tartessos fue absorbido por la poes\u00eda hel\u00e9nica: por poner un ejemplo sacado de la literatura cl\u00e1sica, \u00a0\u00ab Tartessos era conocida de o\u00eddas [ en tiempos de Homero ] como \u201c la m\u00e1s lejana en el oeste \u201d, donde, como dice el propio poeta [ Homero ] , cae en el Oc\u00e9ano, \u201c la brillante luz del sol, tendiendo la negra noche sobre la tierra, el que da grano \u201d \u00bb (Estrab\u00f3n 3, 2, 12). Tambi\u00e9n se refiere a su propia fuente, Estes\u00edcoro de Himera (poeta griego de Sicilia que vivi\u00f3 en los tiempos de los viajes hel\u00e9nicos a los mares occidentales) <a id=\"_GPLITA_1\" title=\"Click to Continue > by Savings Wave&#8221; href=&#8221;http:\/\/www.emiliosilveravazquez.com\/blog\/2012\/03\/27\/la-mitica-tierra-de-tartessos\/#&#8221;>para<img decoding=\"async\" src=\"http:\/\/savingswave-a.akamaihd.net\/items\/it\/img\/arrow-10x10.png\" alt=\"\" \/><\/a> instaurar la tradici\u00f3n, cuyas ra\u00edces son muy profundas, del \u201creino\u201d de Tartessos; y aqu\u00ed el mito de Geri\u00f3n y su ganado en Tartessos se vuelve m\u00e1s pertinente:<\/p>\n<p style=\"text-align: justify;\">Parece que los antiguos llamaron al r\u00edo Baetis \u00ab Tartessos \u00bb; y que llamaron a Gades y a la isla contigua \u00ab Eritia \u00bb; y se supone que <a id=\"_GPLITA_2\" title=\"Click to Continue > by Savings Wave&#8221; href=&#8221;http:\/\/www.emiliosilveravazquez.com\/blog\/2012\/03\/27\/la-mitica-tierra-de-tartessos\/#&#8221;>esta<img decoding=\"async\" src=\"http:\/\/savingswave-a.akamaihd.net\/items\/it\/img\/arrow-10x10.png\" alt=\"\" \/><\/a> es la raz\u00f3n por la cual Estes\u00edcoro habl\u00f3 de aquel modo del vaquero [pastor de ganado vacuno] de Geri\u00f3n, a saber, que naci\u00f3 m\u00e1s o menos enfrente de la famosa Eritia, junto a las ilimitadas fuentes con ra\u00edces de plata del r\u00edo Tartessos, en una caverna de un precipicio (Estrab\u00f3n 3, 2, 11).<\/p>\n<p style=\"text-align: justify;\"><img decoding=\"async\" src=\"http:\/\/upload.wikimedia.org\/wikipedia\/commons\/thumb\/a\/af\/Dolmen_de_la_Zarcita.jpg\/220px-Dolmen_de_la_Zarcita.jpg\" alt=\"\" \/><\/p>\n<p style=\"text-align: justify;\">Lugares como \u00e9ste de vestigios del pasado, son abundantes en muchas zonas de Huelva.<\/p>\n<p style=\"text-align: justify;\"><a id=\"_GPLITA_4\" title=\"Click to Continue > by Savings Wave&#8221; href=&#8221;http:\/\/www.emiliosilveravazquez.com\/blog\/2012\/03\/27\/la-mitica-tierra-de-tartessos\/#&#8221;>Ahora<img decoding=\"async\" src=\"http:\/\/savingswave-a.akamaihd.net\/items\/it\/img\/arrow-10x10.png\" alt=\"\" \/><\/a> nos enteramos de que en Tartessos se exhib\u00edan grandes cantidades de plata. Sin embargo, si le dejamos que hable, Estrab\u00f3n nos asegurar\u00e1 que Tartessos estaba situada m\u00e1s all\u00e1 de un remoto paso en el sur de la Pen\u00ednsula Ib\u00e9rica, y nos advertir\u00e1 que en la Antig\u00fcedad no hab\u00eda unanimidad acerca de los l\u00edmites geogr\u00e1ficos de Tartessos. Y tampoco hab\u00eda opiniones no discutidas acerca de su asociaci\u00f3n con un r\u00edo, con una ciudad, o con ambas cosas, cada una de las cuales, seg\u00fan se consideraba, ofrec\u00eda una provisi\u00f3n igualmente favorable de buena suerte y prosperidad:<\/p>\n<p style=\"text-align: justify;\">Dado que el r\u00edo ten\u00eda dos bocas, se dice que en tiempos antiguos se proyect\u00f3 una ciudad en el territorio intermedio, una ciudad a la que llamaron \u00ab Tartessos \u00bb, por el nombre del r\u00edo; y al pa\u00eds, que <a id=\"_GPLITA_5\" title=\"Click to Continue > by Savings Wave&#8221; href=&#8221;http:\/\/www.emiliosilveravazquez.com\/blog\/2012\/03\/27\/la-mitica-tierra-de-tartessos\/#&#8221;>ahora<img decoding=\"async\" src=\"http:\/\/savingswave-a.akamaihd.net\/items\/it\/img\/arrow-10x10.png\" alt=\"\" \/><\/a> est\u00e1 ocupado por t\u00fardulos, lo llamaron \u00ab Tart\u00e9side \u00bb \u2026 A Erast\u00f3tenes le contradice Artemidoro, que dice que esta es otra afirmaci\u00f3n falsa de Erast\u00f3tenes\u00a0 \u2026y, en realidad, todas las dem\u00e1s afirmaciones que ha hecho confiando en Piteas el navegante-aventurero, debido a las falsas pretensiones de \u00e9ste ( Estrab\u00f3n 3, 2, 11 ).<\/p>\n<p style=\"text-align: justify;\"><img decoding=\"async\" loading=\"lazy\" src=\"http:\/\/upload.wikimedia.org\/wikipedia\/commons\/thumb\/5\/55\/Astarte_-_Fragment_of_a_brooch_-_7th_cent._A.D._-_Seville_-_Museo_Arqueol%C3%B3gico_de_Sevilla.JPG\/800px-Astarte_-_Fragment_of_a_brooch_-_7th_cent._A.D._-_Seville_-_Museo_Arqueol%C3%B3gico_de_Sevilla.JPG\" alt=\"File:Astarte - Fragment of a brooch - 7th cent. A.D. - Seville - Museo Arqueol\u00f3gico de Sevilla.JPG\" width=\"800\" height=\"531\" \/><\/p>\n<p style=\"text-align: justify;\">Bronce tart\u00e9sico conocido como &#8220;Bronce carriazo&#8221; &#8220;, que representa a la diosa fenecia Astart\u00e9 como diosa de las marismas y los esteros que en la costa de Huelva son abundantes y su riqueza atrae a las \u00e1nades y variopintas familias de bonitos seres voladores.\u00a0 El objeto se encuentra en el Museo Arqueol\u00f3gico de Sevilla\u00a0 y es una de las obras tart\u00e9sicas m\u00e1s conocidas.<\/p>\n<p style=\"text-align: justify;\">La tierra de Tartessos se mencionaba en acontecimientos hist\u00f3ricos documentados. Herodoto, historiador griego del siglo V a.C., tom\u00f3 nota de m\u00e1s detalles del reino de Tartessos. Era gobernada por una rey en la \u00e9poca en que los coceos navegaron <a id=\"_GPLITA_7\" title=\"Click to Continue > by Savings Wave&#8221; href=&#8221;http:\/\/www.emiliosilveravazquez.com\/blog\/2012\/03\/27\/la-mitica-tierra-de-tartessos\/#&#8221;>hasta<img decoding=\"async\" src=\"http:\/\/savingswave-a.akamaihd.net\/items\/it\/img\/arrow-10x10.png\" alt=\"\" \/><\/a> el Mediterr\u00e1neo occidental (c. 630-590 a.C.). El siguiente extracto de Herodoto se refiere a la muralla de Focea:<\/p>\n<p style=\"text-align: justify;\">Cuando [los coceos] llegaron a Tartessos se hicieron amigos del rey de los tartesios, que se llamaba Argantonio; gobern\u00f3 Tartessos durante ochenta a\u00f1os y vivi\u00f3 ciento veinte. Los coceos se granjearon tanto la amistad de este hombre, que primero \u00e9ste les inst\u00f3 a irse de Jonia e instalarse en su pa\u00eds donde quisieran; y luego, al ver que no pod\u00eda persuadirles y enterarse por ellos de que el poder\u00edo de los medos iba en aumento, les dio dinero <a id=\"_GPLITA_6\" title=\"Click to Continue > by Savings Wave&#8221; href=&#8221;http:\/\/www.emiliosilveravazquez.com\/blog\/2012\/03\/27\/la-mitica-tierra-de-tartessos\/#&#8221;>para<img decoding=\"async\" src=\"http:\/\/savingswave-a.akamaihd.net\/items\/it\/img\/arrow-10x10.png\" alt=\"\" \/><\/a> que con \u00e9l construyesen una muralla alrededor de su ciudad. Sin escatimar se lo dio; porque el circuito de la muralla mide muchos estadios, y todo esto est\u00e1 hecho con grandes piedras bien ensambladas (Herodoto 1, 163).<\/p>\n<p style=\"text-align: justify;\">El mito de la rica tierra de Tartessos fue transmiti\u00e9ndose a lo largo de los siglos. Estrab\u00f3n recuerda el pasaje en que Herodoto habla de la abundancia en la Pen\u00ednsula Ib\u00e9rica. Dice Estrab\u00f3n:<\/p>\n<p style=\"text-align: justify;\">Y cabr\u00eda suponer que fue por su gran prosperidad que la gente de all\u00ed recibi\u00f3 el <a id=\"_GPLITA_9\" title=\"Click to Continue > by Savings Wave&#8221; href=&#8221;http:\/\/www.emiliosilveravazquez.com\/blog\/2012\/03\/27\/la-mitica-tierra-de-tartessos\/#&#8221;>nombre<img decoding=\"async\" src=\"http:\/\/savingswave-a.akamaihd.net\/items\/it\/img\/arrow-10x10.png\" alt=\"\" \/><\/a> complementario de \u00ab Macraeones \u00bb [gente de larga vida] y en particular los jefes; y por esto Anacreonte dijo lo siguiente: \u00ab Yo, por mi parte, no deber\u00eda ni desear el cuerno de Amaltea, ni ser el rey de Tartessos durante ciento cincuenta a\u00f1os \u00bb; y por esto Herodoto tom\u00f3 nota incluso del nombre del rey, a quien llam\u00f3 Argantonio (Estrab\u00f3n 3, 2. 13-14).<\/p>\n<p style=\"text-align: justify;\">\u00a0<img decoding=\"async\" loading=\"lazy\" id=\"irc_mi\" class=\"irc_mut\" style=\"margin-top: 0px;\" src=\"http:\/\/img144.imageshack.us\/img144\/9426\/2salidadelpuertodepalosei6.jpg\" alt=\"\" width=\"686\" height=\"393\" \/><\/p>\n<p style=\"text-align: justify;\">Es incrible como la orograf\u00eda del terreno cambia con el transcurrir de los a\u00f1os. Sin embargo, todav\u00eda hoy, si te das una vuelta por Palos de la Frontera, podr\u00e1s ver esa vieja fuente en la que los barcos se surt\u00edan de agua potable y la mujer, lava su ropa. Parece que el tiempo no ha pasado y all\u00ed sigue. Sin embargo, otras cosas han cambiado o desaparecido. El cuadro quiere significar la partida del puerto de Palos en 1492, pintura de Evaristo Dom\u00ednguez, en el ayuntamiento de Palos de la Frontera (Huelva).<\/p>\n<p style=\"text-align: justify;\">Las limitaciones de espacio nos impiden presentar otras citas y comentarios sobre Tartessos que se encuentran en la literatura cl\u00e1sica. Los que hemos dado son s\u00f3lo algunos de los ejemplos m\u00e1s conocidos, los m\u00e1s valiosos para ayudarnos a comprender el concepto de Tartessos en la Antig\u00fcedad. Como m\u00ednimo, sirven para relatar las caracter\u00edsticas principales de Tartessos. Aparte de estar situada vagamente en el remoto oeste \u2014\u00ab la m\u00e1s lejana en el oeste \u00bb\u2014, la m\u00edtica Tartessos transmit\u00eda, de <a id=\"_GPLITA_10\" title=\"Click to Continue > by Savings Wave&#8221; href=&#8221;http:\/\/www.emiliosilveravazquez.com\/blog\/2012\/03\/27\/la-mitica-tierra-de-tartessos\/#&#8221;>forma<img decoding=\"async\" src=\"http:\/\/savingswave-a.akamaihd.net\/items\/it\/img\/arrow-10x10.png\" alt=\"\" \/><\/a> abstracta, las siguientes percepciones. Era una regi\u00f3n, accesible desde Gades, que asombraba a viajeros y extranjeros debido a su abundancia de metales. Era una tierra ocupada por una raza de gente con una identidad conocida y or\u00edgenes reconocibles, y result\u00f3 beneficiosa para los extranjeros en lo que se refiere al comercio.<\/p>\n<p style=\"text-align: justify;\"><img decoding=\"async\" loading=\"lazy\" id=\"irc_mi\" class=\"irc_mut\" style=\"margin-top: 0px;\" src=\"http:\/\/rotaaldia.com\/upload\/img\/periodico\/img_25178.jpg\" alt=\"\" width=\"499\" height=\"393\" \/><\/p>\n<p style=\"text-align: justify;\"><strong>EVALUACI\u00d3N DE TARTESSOS EB T\u00c9RMINOS ARQUEOL\u00d3GICOS:<\/strong><\/p>\n<p style=\"text-align: justify;\">Amalgamar la importancia de los mitos antiguos con <a id=\"_GPLITA_8\" title=\"Click to Continue > by Savings Wave&#8221; href=&#8221;http:\/\/www.emiliosilveravazquez.com\/blog\/2012\/03\/27\/la-mitica-tierra-de-tartessos\/#&#8221;>datos<img decoding=\"async\" src=\"http:\/\/savingswave-a.akamaihd.net\/items\/it\/img\/arrow-10x10.png\" alt=\"\" \/><\/a> arqueol\u00f3gicos verificables con el fin de construir una cr\u00f3nica digna de confianza es un objetivo muy convincente, pero representa una tarea dif\u00edcil que requiere mucho cuidado. El mito de Tartessos es un paradigma de esa forma de erudici\u00f3n hist\u00f3rica. Se ha hecho uso de comentarios que aparecen en los textos antiguos, del an\u00e1lisis meticuloso de hallazgos prehist\u00f3ricos y de informes procedentes de ambos campos de estudio. Se han hecho esfuerzos intensos por descubrir la verdad sobre Tartessos. Se ha dedicado mucho trabajo a identificar el r\u00edo Tartessos (por no hablar del emplazamiento de la ciudad de Tartessos), por describir el gran \u201creino\u201d de Tartessos y por comprender el r\u00e9gimen bajo el cual viv\u00edan los tartesios. Dada la naturaleza ambigua de la informaci\u00f3n que contienen las fuentes antiguas, es comprensible que no sea f\u00e1cil alcanzar tales objetivos. En una etapa la fascinaci\u00f3n que ejerc\u00eda el mito lo hizo confundir con la realidad: Tartessos, seg\u00fan se ha dicho, \u00ab\u2026no fue un mito. Los mercaderes coceos lo verificaron \u00bb. El problema no se ha resuelto todav\u00eda, pero ahora se le ha dado un tratamiento m\u00e1s pragm\u00e1tico y equilibrado. En la actualidad, un equipo est\u00e1, desde hace dos a\u00f1os, indagando sobre Tartessos en la regi\u00f3n de Do\u00f1ana y, seg\u00fan parece, algo han encontrado.<\/p>\n<p style=\"text-align: justify;\"><img decoding=\"async\" loading=\"lazy\" src=\"http:\/\/upload.wikimedia.org\/wikipedia\/commons\/thumb\/e\/e5\/PAN-Minas_Rey_Salom%C3%B3n_-_Riotinto.jpg\/800px-PAN-Minas_Rey_Salom%C3%B3n_-_Riotinto.jpg\" alt=\"File:PAN-Minas Rey Salom\u00f3n - Riotinto.jpg\" width=\"800\" height=\"225\" \/><\/p>\n<p style=\"text-align: justify;\">\u00a0\u00a0\u00a0\u00a0\u00a0\u00a0\u00a0\u00a0\u00a0\u00a0\u00a0\u00a0\u00a0\u00a0\u00a0\u00a0\u00a0\u00a0\u00a0\u00a0\u00a0\u00a0\u00a0\u00a0\u00a0\u00a0\u00a0\u00a0\u00a0\u00a0\u00a0\u00a0 Conocida como Mina del Rey Salom\u00f3n, donde seg\u00fan la Leyenda sacaban el Oro para su Palacio<\/p>\n<p style=\"text-align: justify;\">Regi\u00f3n de Rio Tinto en la que, los antiguos fenecios y Griegos obten\u00edan oro y cobre. Mas recientemente, la NASA aha hecho investigaciones de estas aguas que podeis ver y que tienen un PH imposible que no impide la presencia de vida. Se cree que en Marte, se pueden dar condcionones parecidas.<\/p>\n<p style=\"text-align: justify;\">Si hemos de dar cr\u00e9dito del mito erudito de Tartessos, debemos decidir si Tartessos es una ciudad, un r\u00edo, un reino, un concepto geogr\u00e1fico o todas estas cosas a la vez. En el valle del Bajo Guadalquivir se han identificado m\u00e1s de 300 asentamientos que cronol\u00f3gicamente pueden incluirse en el per\u00edodo tartesio, pero ninguno de ellos re\u00fane <a id=\"_GPLITA_12\" title=\"Click to Continue > by Savings Wave&#8221; href=&#8221;http:\/\/www.emiliosilveravazquez.com\/blog\/2012\/03\/27\/la-mitica-tierra-de-tartessos\/#&#8221;>condiciones<img decoding=\"async\" src=\"http:\/\/savingswave-a.akamaihd.net\/items\/it\/img\/arrow-10x10.png\" alt=\"\" \/><\/a> para haber sido emplazamiento real de Tartessos: hasta ahora la b\u00fasqueda de la ciudad ha sido infructuosa. C\u00e1diz, que a menudo se confunde con Tartessos en la \u00e9poca romana y que probablemente es la m\u00e1s importante de las ciudades del Mediterr\u00e1neo occidental del siglo VI a.C., es indiscutiblemente la ciudad fenicia de Occidente. Igualmente dif\u00edcil es determinar a que r\u00edo deber\u00edamos llamar Tartessos: algunos lectores de Estrab\u00f3n escoger\u00edan el r\u00edo Betis (Guadalquivir), mientras que algunos lectores de Avieno (poeta romano del siglo IV d.C. que escribi\u00f3 un largo poema titulado Ora mar\u00edtima, siguiendo el texto de un antiguo itinerario geogr\u00e1fico datado generalmente en c. 600 a.C.) optar\u00edan por el r\u00edo Tinto, en Huelva. De modo parecido, no es f\u00e1cil definir un reino de Tartessos, ya sea bas\u00e1ndonos en los escritos de los historiadores antiguos o en t\u00e9rminos arqueol\u00f3gicos, Es probable que el concepto de un rey de los tartesios est\u00e9 relacionado con un relato ficticio que era popular entre los fil\u00f3sofos y poetas helen\u00edsticos y trataba del origen y la evoluci\u00f3n de la raza humana.<\/p>\n<p style=\"text-align: justify;\"><img decoding=\"async\" src=\"http:\/\/upload.wikimedia.org\/wikipedia\/commons\/thumb\/1\/12\/R%C3%ADo_Odiel.JPG\/800px-R%C3%ADo_Odiel.JPG\" alt=\"File:R\u00edo Odiel.JPG\" \/><\/p>\n<p style=\"text-align: justify;\">El r\u00edo Odiel (antiguo r\u00edo Tartesso) baja <a id=\"_GPLITA_14\" title=\"Click to Continue > by Savings Wave&#8221; href=&#8221;http:\/\/www.emiliosilveravazquez.com\/blog\/2012\/03\/27\/la-mitica-tierra-de-tartessos\/#&#8221;>desde<img decoding=\"async\" src=\"http:\/\/savingswave-a.akamaihd.net\/items\/it\/img\/arrow-10x10.png\" alt=\"\" \/><\/a> la Sierra de Huelva hasta la Capital, donde es navegable y desemboco en el Atl\u00e1ntico<\/p>\n<p style=\"text-align: justify;\">Si esto es as\u00ed, entonces Geri\u00f3n, G\u00e1rgoris y Habis son personajes sin ninguna base hist\u00f3rica real. Mantener ganado vacuno, recoger miel y avanzar hacia una <a id=\"_GPLITA_13\" title=\"Click to Continue > by Savings Wave&#8221; href=&#8221;http:\/\/www.emiliosilveravazquez.com\/blog\/2012\/03\/27\/la-mitica-tierra-de-tartessos\/#&#8221;>forma<img decoding=\"async\" src=\"http:\/\/savingswave-a.akamaihd.net\/items\/it\/img\/arrow-10x10.png\" alt=\"\" \/><\/a> de vida m\u00e1s civilizada son rasgos de la conducta humana que muchas leyendas tienen en com\u00fan. Toda pretensi\u00f3n de que Argantonio era descendiente de los antiguos \u201creyes\u201d\u00a0 tambi\u00e9n debe tratarse con escepticismo. Por tanto, probablemente es m\u00e1s apropiado usar la expresi\u00f3n \u00ab el reino de Tartessos \u00bb como concepto geogr\u00e1fico abstracto que puede abarcar un orden social de car\u00e1cter totalmente distinto del de una monarqu\u00eda.<\/p>\n<p style=\"text-align: justify;\">En una etapa de las investigaciones exist\u00eda la creencia de que Tartessos se ajustaba a una \u00ab cultura arqueol\u00f3gica \u00bb\u00a0 que demostraba la influencia que los colonizadores orientales ejercieron sobre la poblaci\u00f3n aut\u00f3ctona del sur de la Pen\u00ednsula Ib\u00e9rica. El mito de Tartessos se ve\u00eda entonces, en t\u00e9rminos arqueol\u00f3gicos, como el resultado final de un proceso de \u00ab <a id=\"_GPLITA_11\" title=\"Click to Continue > by Savings Wave&#8221; href=&#8221;http:\/\/www.emiliosilveravazquez.com\/blog\/2012\/03\/27\/la-mitica-tierra-de-tartessos\/#&#8221;>contacto<img decoding=\"async\" src=\"http:\/\/savingswave-a.akamaihd.net\/items\/it\/img\/arrow-10x10.png\" alt=\"\" \/><\/a> cultural \u00bb. Podr\u00eda, pues considerarse que valiosos objetos\u00a0 funerarios (tales como jarros de bronce, peines de marfil y cer\u00e1mica fina) y joyas espectaculares halladas en dep\u00f3sitos demuestran no s\u00f3lo la participaci\u00f3n de los tartesios en costumbres y rituales orientales, sino tambi\u00e9n la riqueza de algunos miembros de esta sociedad. Se pensaba que esta opulencia percibida del per\u00edodo tartessico encajaba bien en el mito de Tartessos: dicho de otro modo, podr\u00eda ser que la aportaci\u00f3n decisiva de los colonizadores fenicios diera vida al mito de Tartessos y lo hiciese veros\u00edmil.<\/p>\n<p style=\"text-align: justify;\">Esta explicaci\u00f3n resultaba muy justificable y, de hecho, era muy respetada en aquel tiempo. El per\u00edodo tartessico se asoci\u00f3 de manera provisional con el per\u00edodo de influencia oriental en la Pen\u00ednsula Ib\u00e9rica. Sin embargo, esta opini\u00f3n no era del todo concluyente. No guarda una correlaci\u00f3n plena con las fuentes escritas, que describen un \u201creino\u201d con una larga historia aut\u00f3noma: y tampoco se corresponde con los descubrimientos arqueol\u00f3gicos, que han sacado a la luz un intenso per\u00edodo de habitaci\u00f3n en el suroeste de Espa\u00f1a antes de los primeros vestigios de actividad comercial de los fenicios en Tartessos (c.750 a.C.). La teor\u00eda de una Tartessos sometida a una influencia oriental se ha ajustado de acuerdo con ello: <a id=\"_GPLITA_16\" title=\"Click to Continue > by Savings Wave&#8221; href=&#8221;http:\/\/www.emiliosilveravazquez.com\/blog\/2012\/03\/27\/la-mitica-tierra-de-tartessos\/#&#8221;>ahora<img decoding=\"async\" src=\"http:\/\/savingswave-a.akamaihd.net\/items\/it\/img\/arrow-10x10.png\" alt=\"\" \/><\/a> se conciben dos fases del per\u00edodo tartessico: la prefenicia y la posfenicia, o la de preorientalizaci\u00f3n (o protoorientalizaci\u00f3n) y la de postorientalizaci\u00f3n.<\/p>\n<p style=\"text-align: justify;\"><img decoding=\"async\" src=\"http:\/\/www.culturandalucia.com\/Fenicios-dibujo_1.jpg\" alt=\"\" \/><\/p>\n<p style=\"text-align: justify;\">Los vestigios de las culturas Fenicia y Griega en Huelva, son claros y as\u00ed lo demuestra la arqueolog\u00eda<\/p>\n<p style=\"text-align: justify;\">En a\u00f1os recientes, se ha quitado gradualmente importancia a los componentes \u00ab orientales \u00bb del concepto de Tartessos y en su lugar se ha sancionado un concepto local. Ahora se piensa que los tartesios originales eran comunidades que precedieron a los fenicios, y la b\u00fasqueda de la aut\u00e9ntica Tartessos se ha centrado en los asentamientos del Bronce Final en la regi\u00f3n de C\u00e1diz, la provincia de Huelva y el valle del Bajo Guadalquivir. Como cab\u00eda esperar, antes se ten\u00eda entendido que los nativos se hab\u00edan adaptado a las circunstancias nuevas que impusieron los colonizadores. Sin embargo, aunque estos postulados parec\u00edan razonables, un examen minucioso revel\u00f3 sus defectos. La divisi\u00f3n cronol\u00f3gica entre los tartesios y los anteriores grupos de principios de la Edad del Bronce en el suroeste no es clara. Algunos de los rasgos fundamentales de la antigua (prefenicia) sociedad tart\u00e9sica no ser\u00edan desplazados apresuradamente: por ejemplo, en algunas partes de la sociedad es probable que los rituales funerarios y las unidades dom\u00e9sticas no experimentasen ning\u00fan cambio durante cierto tiempo. Por desgracia, existe s\u00f3lo una comprensi\u00f3n rudimentaria de estos problemas pendientes de resoluci\u00f3n en el per\u00edodo prefenicio del Bronce Final. Adem\u00e1s, la regi\u00f3n tart\u00e9sica es un territorio inmenso y es dif\u00edcil concebir que fuese unificado por una pauta uniforme de civilizaci\u00f3n. En teor\u00eda, se extiende desde el centro del suroeste de Espa\u00f1a hasta la llamada \u00ab periferia \u00bb: las regiones de Extremadura y del valle del Alto Guadalquivir. Los guerreros\u00a0 que aparecen en las estelas bien podr\u00edan tomarse por tartesios. Hubo, de hecho, cambios sin precedentes en la regi\u00f3n de Tartessos una vez los colonizadores llegaron a ella: un aumento del <a id=\"_GPLITA_15\" title=\"Click to Continue > by Savings Wave&#8221; href=&#8221;http:\/\/www.emiliosilveravazquez.com\/blog\/2012\/03\/27\/la-mitica-tierra-de-tartessos\/#&#8221;>n\u00famero<img decoding=\"async\" src=\"http:\/\/savingswave-a.akamaihd.net\/items\/it\/img\/arrow-10x10.png\" alt=\"\" \/><\/a> de asentamientos; una notable exhibici\u00f3n de artefactos ex\u00f3ticos en las tumbas; un incremento de la producci\u00f3n de minerales; etc. Estos hallazgos han planteado una serie de problemas sociales y econ\u00f3micos: la aceleraci\u00f3n del comercio; las consecuencias t\u00e9cnicas, comerciales y sociol\u00f3gicas de la producci\u00f3n de metal: la aparici\u00f3n de una clase dirigente; y otras nuevas cuestiones \u00ab tart\u00e9sicas \u00bb. Actualmente existe un Equipo de especialistas que investigan en la Zona de Do\u00f1ana y, al parecer, sus hallazgos pueden clarificar el panorama de la realidad de Tartessos.<\/p>\n<p style=\"text-align: justify;\"><img decoding=\"async\" loading=\"lazy\" id=\"irc_mi\" class=\"irc_mut\" style=\"margin-top: 47px;\" src=\"http:\/\/www.umbrete.es\/opencms\/export\/sites\/default\/umbrete\/galeriaInterior\/imagenesnuevaspuebloehistoria\/3-expansixn_fenicia22.JPG_268164931.jpg\" alt=\"\" width=\"594\" height=\"300\" \/><\/p>\n<p style=\"text-align: justify;\">Fenicios y Griegos ven\u00edan por el Mediterr\u00e1neo hasta pasar Las Columnas de H\u00e9rcules hacia el Atl\u00e1ntico<\/p>\n<p style=\"text-align: justify;\"><strong>EL MITO Y LA REALIDAD DEL BRONCE FINAL<\/strong><\/p>\n<p style=\"text-align: justify;\">Afortunadamente, hay cierta veracidad en el mito de Tartessos. Se consideraba que era una regi\u00f3n que ofrec\u00eda ricos minerales metal\u00edferos, en especial de plata, y se supon\u00eda que los tartesios hab\u00edan creado una fuerte tradici\u00f3n cultural: estas circunstancias se dan en el sur de la Pen\u00ednsula Ib\u00e9rica. Los estuarios de los r\u00edos Guadalquivir, Guadiana, Tinto y Odiel cuadran bien con las descripciones que hicieron los ge\u00f3grafos antiguos (tales como Estrab\u00f3n y Avieno) de una serie de r\u00edos que pasan por el territorio de Tartessos, Es casi seguro que el renombrado lacus ligustinus guarda correlaci\u00f3n con las marismas del estuario del r\u00edo Guadalquivir. Los numerosos yacimientos que recientemente se han descubierto en <a id=\"_GPLITA_18\" title=\"Click to Continue > by Savings Wave&#8221; href=&#8221;http:\/\/www.emiliosilveravazquez.com\/blog\/2012\/03\/27\/la-mitica-tierra-de-tartessos\/#&#8221;>esta<img decoding=\"async\" src=\"http:\/\/savingswave-a.akamaihd.net\/items\/it\/img\/arrow-10x10.png\" alt=\"\" \/><\/a> regi\u00f3n, y que se han reconocido como \u00ab tart\u00e9sicos \u00bb, estar\u00edan ubicados cerca de esta masa de agua en la Antig\u00fcedad.<\/p>\n<p style=\"text-align: justify;\"><img decoding=\"async\" loading=\"lazy\" id=\"irc_mi\" class=\"irc_mut\" style=\"margin-top: 0px;\" src=\"http:\/\/www.ojodigital.com\/foro\/attachments\/paisajes\/68028d1267114726-tharsis-tharsis_010.jpg\" alt=\"\" width=\"573\" height=\"393\" \/><\/p>\n<p style=\"text-align: justify;\">San Bartolom\u00e9 de Almonte- aqu\u00ed hay un error, se refieren a Tharsis, una cuenca minera cerca de San Bartolom\u00e9 y Alosno- en la provincia de Huelva, era un asentamiento metal\u00fargico prefenicio. Los <a id=\"_GPLITA_17\" title=\"Click to Continue > by Savings Wave&#8221; href=&#8221;http:\/\/www.emiliosilveravazquez.com\/blog\/2012\/03\/27\/la-mitica-tierra-de-tartessos\/#&#8221;>hornos<img decoding=\"async\" src=\"http:\/\/savingswave-a.akamaihd.net\/items\/it\/img\/arrow-10x10.png\" alt=\"\" \/><\/a> rudimentarios para la combusti\u00f3n de minerales, los vasos perforados que se usan para la copelaci\u00f3n y los desechos de \u00e9sta que se encontraron en este peque\u00f1o pueblo de chozas son testimonio de que los nativos pose\u00edan la capacidad de aprovechar las menas de cobre, plata y oro de la regi\u00f3n durante el siglo VIII a.C. En otros pueblos parecidos del Bronce Final (tales como Quebrantahuesos, Chinfl\u00f3n y Niebla), es probable que las t\u00e9cnicas metal\u00fargicas se estuvieran perfeccionando desde el Calcol\u00edtico. Es muy posible que en las laderas de las colinas de la propia Huelva ya en el siglo XI a.c. encontrase sustento una poblaci\u00f3n dotada de t\u00e9cnicas metal\u00fargicas. Los minerales se transportaban desde la sierra de Aznalc\u00f3llar hasta Almonte, y desde Riotinto, Tharsis y las otras minas hasta los asentamientos metal\u00fargicos de Huelva. Los fenicios aprovechar\u00edan plenamente los recursos locales: se mantendr\u00edan ambas rutas, aunque se producir\u00edan cambios significativos en la pauta de la habitaci\u00f3n. Se fundar\u00edan nuevos asentamientos (por ejemplo, Tejada la Vieja) como centros de distribuci\u00f3n\u00a0 de mineral; y desaparecer\u00edan algunos de los antiguos (tales como San Bartolom\u00e9 de Almonte), mientras otros (Huelva o Niebla, por ejemplo) formar\u00edan el n\u00facleo de la expansi\u00f3n urban\u00edstica. Los minerales metal\u00edferos servir\u00edan a los intereses de los explotadores, lo que, como es natural, har\u00eda que los tartesios se enriquecieran. Al ver c\u00f3mo cristaliza una nueva serie de circunstancias econ\u00f3micas como esta, Tartessos ya no es una tierra \u00ab remota \u00bb en el oeste, y tampoco es un territorio puramente aborigen: de un modo u otro pierde su intr\u00ednseca naturaleza m\u00edtica.<\/p>\n<p style=\"text-align: justify;\"><img decoding=\"async\" src=\"http:\/\/www.arteguias.com\/murcia\/cartagena3.jpg\" alt=\"Muralla p\u00fanica de Cartegena\" \/><\/p>\n<p style=\"text-align: justify;\">Las comunidades del Bronce Final en la regi\u00f3n de Tartessos eran consumadas productoras de cer\u00e1mica bru\u00f1ida de gran calidad. Platos y cuencos a menudo muestran la caracter\u00edstica decoraci\u00f3n de l\u00edneas en ambos lados. Esta cer\u00e1mica unifica a las primeras comunidades tart\u00e9sicas y da a entender que exist\u00edan niveles de vida parecidos. Otro <a id=\"_GPLITA_19\" title=\"Click to Continue > by Savings Wave&#8221; href=&#8221;http:\/\/www.emiliosilveravazquez.com\/blog\/2012\/03\/27\/la-mitica-tierra-de-tartessos\/#&#8221;>tipo<img decoding=\"async\" src=\"http:\/\/savingswave-a.akamaihd.net\/items\/it\/img\/arrow-10x10.png\" alt=\"\" \/><\/a> de cer\u00e1mica \u00ab tart\u00e9sica \u00bb \u2014 la cer\u00e1mica pintada de estilo \u00ab Carambolo \u00bb\u2014 revela la existencia de comunidades que pose\u00edan gran habilidad pero segu\u00edan vi\u00e9ndose limitadas a una simple econom\u00eda de subsistencia. Ni siquiera los logros que hemos se\u00f1alado indican que hubiera individuos ricos en la primitiva sociedad de Tartessos, Las comunidades viv\u00edan en chozas redondas construidas con zarzo y adobe, y, al parecer, depend\u00edan del cultivo de cosechas y de la ganader\u00eda. En comparaci\u00f3n con los logros de los primitivos metal\u00fargicos del sureste, los restos de los metal\u00fargicos del bronce en el per\u00edodo prefenicio siguen siendo muy limitados. Por esto, el concepto de una Tartessos rica parece mucho m\u00e1s aplicable al per\u00edodo posfenicio, en el que la sociedad mostraba verdaderas se\u00f1ales de riqueza. El mito de una Tartessos opulenta se deriva probablemente de historias sobre sus f\u00e9rtiles tierras y de especulaciones en torno a los ingresos que produc\u00edan sus minas.<\/p>\n<p style=\"text-align: justify;\"><img decoding=\"async\" src=\"http:\/\/data1.blog.de\/media\/917\/541917_20d045d8b0_m.jpeg\" alt=\"\" \/><\/p>\n<p style=\"text-align: justify;\">Son muchos los indicios que nos inducen a pensar que, el antoguo Tartessos est\u00e1 aqu\u00ed, cerca de mi casa en Huelva, y, si finalmente se descubren sus ru\u00ednas, tendremos la oportunidad de exponer aqu\u00ed un buen reportaje de todo lo que se pueda averiguar.<\/p>\n<p style=\"text-align: justify;\">Arriba os he dejado una rese\u00f1a de la Prehistoria de mi Regi\u00f3n que abarca, no s\u00f3lo Huelva, sino los terrenos de C\u00e1diz y Sevilla\u00a0con parte del Algarve Portugu\u00e9s que era la zona que dominaba el reino de Argantonio, aquel rey legendario.<\/p>\n<p style=\"text-align: justify;\"><em>emilio silvera<\/em><\/p>\n<\/div>\n<div class='bookmark'>\r\n\t\t<table align='left' border='0' cellpadding='0' width='100%'>\r\n\t\t<tr><td><span class='pushbutton'><a href='http:\/\/delicious.com\/post?url=http%3A%2F%2Fwww.emiliosilveravazquez.com%2Fblog%2F2014%2F03%2F23%2Fla-mitica-tierra-de-tartessos-2%2F&amp;title=LA+M%C3%8DTICA+TIERRA+DE+TARTESSOS' title='Delicious' target='_blank' rel='nofollow'><img src='http:\/\/www.emiliosilveravazquez.com\/blog\/wp-content\/plugins\/knxdt-bookmarks-wordpress-plugin\/images\/delicious.png'  alt='' class='book_img' border='none' style='margin:1px; padding: 0;'  \/><\/a><\/span><span class='pushbutton'><a href='http:\/\/digg.com\/submit?url=http%3A%2F%2Fwww.emiliosilveravazquez.com%2Fblog%2F2014%2F03%2F23%2Fla-mitica-tierra-de-tartessos-2%2F&amp;title=LA+M%C3%8DTICA+TIERRA+DE+TARTESSOS' title='Digg' target='_blank' rel='nofollow'><img src='http:\/\/www.emiliosilveravazquez.com\/blog\/wp-content\/plugins\/knxdt-bookmarks-wordpress-plugin\/images\/digg.png'  alt='' class='book_img' border='none' style='margin:1px; padding: 0;'  \/><\/a><\/span><span class='pushbutton'><a href='http:\/\/www.google.com\/bookmarks\/mark?op=edit&amp;bkmk=http%3A%2F%2Fwww.emiliosilveravazquez.com%2Fblog%2F2014%2F03%2F23%2Fla-mitica-tierra-de-tartessos-2%2F&amp;title=LA+M%C3%8DTICA+TIERRA+DE+TARTESSOS' title='Google' target='_blank' rel='nofollow'><img src='http:\/\/www.emiliosilveravazquez.com\/blog\/wp-content\/plugins\/knxdt-bookmarks-wordpress-plugin\/images\/google.png'   alt='' class='book_img' border='none' style='margin:1px; padding: 0;'  \/><\/a><\/span><span class='pushbutton'><a href='http:\/\/myweb2.search.yahoo.com\/myresults\/bookmarklet?u=http%3A%2F%2Fwww.emiliosilveravazquez.com%2Fblog%2F2014%2F03%2F23%2Fla-mitica-tierra-de-tartessos-2%2F&amp;t=LA+M%C3%8DTICA+TIERRA+DE+TARTESSOS' title='Yahoo' target='_blank' rel='nofollow'><img src='http:\/\/www.emiliosilveravazquez.com\/blog\/wp-content\/plugins\/knxdt-bookmarks-wordpress-plugin\/images\/yahoo.png'  alt='' class='book_img' border='none' style='margin:1px; padding: 0;'  \/><\/a><\/span><span class='pushbutton'><a href='http:\/\/www.technorati.com\/faves?add=http%3A%2F%2Fwww.emiliosilveravazquez.com%2Fblog%2F2014%2F03%2F23%2Fla-mitica-tierra-de-tartessos-2%2F' title='Technorati' target='_blank' rel='nofollow'><img src='http:\/\/www.emiliosilveravazquez.com\/blog\/wp-content\/plugins\/knxdt-bookmarks-wordpress-plugin\/images\/technorati.png'  alt='' class='book_img' border='none' style='margin:1px; padding: 0;'  \/><\/a><\/span><span class='pushbutton'><a href='http:\/\/meneame.net\/submit.php?url=http%3A%2F%2Fwww.emiliosilveravazquez.com%2Fblog%2F2014%2F03%2F23%2Fla-mitica-tierra-de-tartessos-2%2F' title='Meneame' target='_blank' rel='nofollow'><img src='http:\/\/www.emiliosilveravazquez.com\/blog\/wp-content\/plugins\/knxdt-bookmarks-wordpress-plugin\/images\/meneame.png'  alt='' class='book_img' border='none' style='margin:1px; padding: 0;'  \/><\/a><\/span><span class='pushbutton'><a href='http:\/\/enchilame.com\/submit.php?url=http:\/\/www.emiliosilveravazquez.com\/blog\/2014\/03\/23\/la-mitica-tierra-de-tartessos-2\/' target='_blank' rel='nofollow'><img title='Enchilame' src='http:\/\/www.emiliosilveravazquez.com\/blog\/wp-content\/plugins\/knxdt-bookmarks-wordpress-plugin\/images\/enchilame.png'  alt='' class='book_img' border='none' style='margin:1px; padding: 0;'  \/><\/a><\/span><span class='pushbutton'><a href='http:\/\/www.blinklist.com\/index.php?Action=Blink\/addblink.php&amp;Description=&amp;Url=http%3A%2F%2Fwww.emiliosilveravazquez.com%2Fblog%2F2014%2F03%2F23%2Fla-mitica-tierra-de-tartessos-2%2F&amp;title=LA+M%C3%8DTICA+TIERRA+DE+TARTESSOS' title='BlinkList' target='_blank' rel='nofollow'><img src='http:\/\/www.emiliosilveravazquez.com\/blog\/wp-content\/plugins\/knxdt-bookmarks-wordpress-plugin\/images\/blinklist.png'  alt='' class='book_img' border='none' style='margin:1px; padding: 0;'  \/><\/a><\/span><span class='pushbutton'><a href='http:\/\/reddit.com\/submit?url=http%3A%2F%2Fwww.emiliosilveravazquez.com%2Fblog%2F2014%2F03%2F23%2Fla-mitica-tierra-de-tartessos-2%2F&amp;title=LA+M%C3%8DTICA+TIERRA+DE+TARTESSOS' title='Reddit' target='_blank' rel='nofollow'><img src='http:\/\/www.emiliosilveravazquez.com\/blog\/wp-content\/plugins\/knxdt-bookmarks-wordpress-plugin\/images\/reddit.png'  alt='' class='book_img' border='none' style='margin:1px; padding: 0;'  \/><\/a><\/span><span class='pushbutton'><a href='http:\/\/www.tecnologiadiaria.com\/2009\/07\/abrir-com-hotmail-correo.html' target='_blank' title='hotmail'><img src='http:\/\/www.emiliosilveravazquez.com\/blog\/wp-content\/plugins\/knxdt-bookmarks-wordpress-plugin\/images\/linklove.png' alt='hotmail correo' class='book_img' border='none' style='margin:1px; padding: 0;' \/><\/a><\/span><span class='pushbutton'><a href='http:\/\/bitacoras.com\/votar\/anotacion\/externo\/mini\/www.emiliosilveravazquez.com\/blog\/2014\/03\/23\/la-mitica-tierra-de-tartessos-2\/' title='Bitacoras.com' target='_blank' rel='nofollow'><img src='http:\/\/www.emiliosilveravazquez.com\/blog\/wp-content\/plugins\/knxdt-bookmarks-wordpress-plugin\/images\/bitacoras.png'  alt='' class='book_img' border='none' style='margin:1px; padding: 0;'  \/><\/a><\/span><span class='pushbutton'><a href='http:\/\/www.wikio.es\/vote?url=http%3A%2F%2Fwww.emiliosilveravazquez.com%2Fblog%2F2014%2F03%2F23%2Fla-mitica-tierra-de-tartessos-2%2F' title='Wikio' target='_blank' rel='nofollow'><img src='http:\/\/www.emiliosilveravazquez.com\/blog\/wp-content\/plugins\/knxdt-bookmarks-wordpress-plugin\/images\/wikio.png'   alt='' class='book_img' border='none' style='margin:1px; padding: 0;'   \/><\/a><\/span><span class='pushbutton'><a href='http:\/\/friendfeed.com\/?url=http%3A%2F%2Fwww.emiliosilveravazquez.com%2Fblog%2F2014%2F03%2F23%2Fla-mitica-tierra-de-tartessos-2%2F&amp;title=LA+M%C3%8DTICA+TIERRA+DE+TARTESSOS' title='Friend Feed' target='_blank' rel='nofollow'><img src='http:\/\/www.emiliosilveravazquez.com\/blog\/wp-content\/plugins\/knxdt-bookmarks-wordpress-plugin\/images\/friendfeed.png'  alt='' class='book_img' border='none' style='margin:1px; padding: 0;'  \/><\/a><\/span><span class='pushbutton'><a href='http:\/\/www.facebook.com\/share.php?u=http%3A%2F%2Fwww.emiliosilveravazquez.com%2Fblog%2F2014%2F03%2F23%2Fla-mitica-tierra-de-tartessos-2%2F&amp;t=LA+M%C3%8DTICA+TIERRA+DE+TARTESSOS' title='Facebook' target='_blank' rel='nofollow'><img src='http:\/\/www.emiliosilveravazquez.com\/blog\/wp-content\/plugins\/knxdt-bookmarks-wordpress-plugin\/images\/facebook.png'  alt='' class='book_img' border='none' style='margin:1px; padding: 0;'  \/><\/a><\/span><span class='pushbutton'><a href='http:\/\/twitter.com\/home?status=LA+M%C3%8DTICA+TIERRA+DE+TARTESSOS: http%3A%2F%2Fwww.emiliosilveravazquez.com%2Fblog%2F2014%2F03%2F23%2Fla-mitica-tierra-de-tartessos-2%2F' title='Twitter' target='_blank' rel='nofollow'><img src='http:\/\/www.emiliosilveravazquez.com\/blog\/wp-content\/plugins\/knxdt-bookmarks-wordpress-plugin\/images\/twitter.png'  alt='' class='book_img' border='none' style='margin:1px; padding: 0;'  \/><\/a><\/span><span class='pushbutton'><a href='http:\/\/www.feedburner.com\/fb\/a\/emailFlare?itemTitle=LA+M%C3%8DTICA+TIERRA+DE+TARTESSOS&amp;uri=http%3A%2F%2Fwww.emiliosilveravazquez.com%2Fblog%2F2014%2F03%2F23%2Fla-mitica-tierra-de-tartessos-2%2F' title='Enviar por Email' target='_blank' rel='nofollow'><img src='http:\/\/www.emiliosilveravazquez.com\/blog\/wp-content\/plugins\/knxdt-bookmarks-wordpress-plugin\/images\/email.png'  alt='' class='book_img' border='none' style='margin:1px; padding: 0;'  \/><\/a><\/span><span style='font-weight:bold; padding-left: 5px;'><a href='http:\/\/wordpress.org\/extend\/plugins\/knxdt-bookmarks-wordpress-plugin\/' title='Plugin' rel='nofollow' target='_blank'>[?]<\/a><\/span><\/td><\/tr><\/table><br\/><br\/><\/div>","protected":false},"excerpt":{"rendered":"<p>\u00a0\u00ab La Libertad Asint\u00f3tica en El Carnaval de la F\u00edsica \u00a1La F\u00edsica! \u00a1Nos dice t\u00e1ntas cosas\u2026! (Carnaval de F\u00edsica) \u00bb LA LEYENDA DE TARTESSOS EN LA ANTIG\u00dcEDAD Casi todas las noticias documentales que se tienen de Tartessos se deben a antiguos autores griegos. En ellas se confunden con frecuencia lo hist\u00f3rico con lo m\u00edtico o [&hellip;]<\/p>\n","protected":false},"author":2,"featured_media":0,"comment_status":"open","ping_status":"open","sticky":false,"template":"","format":"standard","meta":{"_s2mail":"yes","footnotes":""},"categories":[11],"tags":[],"_links":{"self":[{"href":"http:\/\/www.emiliosilveravazquez.com\/blog\/wp-json\/wp\/v2\/posts\/10716"}],"collection":[{"href":"http:\/\/www.emiliosilveravazquez.com\/blog\/wp-json\/wp\/v2\/posts"}],"about":[{"href":"http:\/\/www.emiliosilveravazquez.com\/blog\/wp-json\/wp\/v2\/types\/post"}],"author":[{"embeddable":true,"href":"http:\/\/www.emiliosilveravazquez.com\/blog\/wp-json\/wp\/v2\/users\/2"}],"replies":[{"embeddable":true,"href":"http:\/\/www.emiliosilveravazquez.com\/blog\/wp-json\/wp\/v2\/comments?post=10716"}],"version-history":[{"count":0,"href":"http:\/\/www.emiliosilveravazquez.com\/blog\/wp-json\/wp\/v2\/posts\/10716\/revisions"}],"wp:attachment":[{"href":"http:\/\/www.emiliosilveravazquez.com\/blog\/wp-json\/wp\/v2\/media?parent=10716"}],"wp:term":[{"taxonomy":"category","embeddable":true,"href":"http:\/\/www.emiliosilveravazquez.com\/blog\/wp-json\/wp\/v2\/categories?post=10716"},{"taxonomy":"post_tag","embeddable":true,"href":"http:\/\/www.emiliosilveravazquez.com\/blog\/wp-json\/wp\/v2\/tags?post=10716"}],"curies":[{"name":"wp","href":"https:\/\/api.w.org\/{rel}","templated":true}]}}