{"id":10660,"date":"2014-03-10T07:18:30","date_gmt":"2014-03-10T06:18:30","guid":{"rendered":"http:\/\/www.emiliosilveravazquez.com\/blog\/?p=10660"},"modified":"2014-03-10T07:18:30","modified_gmt":"2014-03-10T06:18:30","slug":"%c2%a1agun-dia-sabremos","status":"publish","type":"post","link":"http:\/\/www.emiliosilveravazquez.com\/blog\/2014\/03\/10\/%c2%a1agun-dia-sabremos\/","title":{"rendered":"\u00a1Ag\u00fan d\u00eda sabremos!"},"content":{"rendered":"<div>\n<div>\n<p><img decoding=\"async\" loading=\"lazy\" id=\"irc_mi\" src=\"http:\/\/1.bp.blogspot.com\/-m4Z-WZKacY8\/Tcdvk8SPXUI\/AAAAAAAAAGc\/EBT_oyvy7rU\/s1600\/caminoaoz.jpg\" alt=\"\" width=\"538\" height=\"393\" \/><\/p>\n<p>&nbsp;<\/p>\n<p>&nbsp;<\/p>\n<p style=\"text-align: justify;\">De alguna manera, llevamos dentro de nosotros aquel camino de Hoz. Pero ser\u00e1 la Ciencia la que nos indique la manera de crear nuevos caminos que nos lleven hacia esa armon\u00eda que buscamos en un universo del que formamos parte y que no hemos llegado a comprender. Son muchas las cosas que no sabemos.<\/p>\n<p style=\"text-align: justify;\">Desde que <a href=\"http:\/\/www.emiliosilveravazquez.com\/blog\/category\/ciencia-y-vida\/#\"><a href=\"#\" onclick=\"referencia('einstein',event); return false;\">Einstein<\/a><\/a> en 1.905 nos dijo que el Tiempo no es un reloj universal que marcha al mismo ritmo para todos, y que un gemelo que parte en un viaje al espacio a gran velocidad no envejer\u00e1 tanto como el otro que se queda en casa, nada ha sido lo mismo. Esa paradoja la\u00a0 entendemos y nos parece escandalosamente incre\u00edble, y pese a todo es correcta. Cosas as\u00ed despiertan la imaginaci\u00f3n de las personas curiosas que, de alguna manera, acceden a la realidad,\u00a0 a otra realidad y constatan que sus conceptos del \u201cmundo\u201d estaban equivocados.<\/p>\n<p style=\"text-align: justify;\"><img decoding=\"async\" loading=\"lazy\" id=\"irc_mi\" class=\"irc_mut\" style=\"margin-top: 0px;\" src=\"http:\/\/www.xabiaaldia.es\/imagenes\/foto\/big\/Cursodeconocimientop_8613_4366.jpg\" alt=\"\" width=\"525\" height=\"393\" \/><\/p>\n<p style=\"text-align: justify;\">Viv\u00edmos en &#8220;nuestra realidad&#8221; la que nos deja &#8220;ver&#8221; nuestras mentes pero, \u00bfes esa la realidad?<\/p>\n<p style=\"text-align: justify;\">Estar equivocados nos sorprende y, al mismo tiempo, nos ense\u00f1a algo sobre nosotros mismos. <strong>No solo hay cosas que no sabemos, sino que las cosas que creemos saber pueden no ser ciertas. Como nos dice la filosof\u00eda, nada es como se ve a primera vista, todo depende bajo el punto de vista desde el que miremos las cosas y, si es el correcto, estaremos en esa verdad que incansables buscamos. Claro que, &#8220;nuestra realidad&#8221; est\u00e1 escenificada por los mensajes que los sentidos env\u00edan al cerebro y, el cerebro conforma el escenario de esa realidad seg\u00fan los datos proporcionados pero, nuestros sentidos no son perfectos, as\u00ed que&#8230;<br \/>\n<\/strong><\/p>\n<p style=\"text-align: justify;\">No resulta nada f\u00e1cil descubrir los caminos por los que deambula la Naturaleza y las razones que \u00e9sta tiene para recorrerlos de la manera que lo hace y no de otra. Una cosa es cierta, la Naturaleza siempre trata de conseguir sus fines con el menor esfuerzo posible y, cuestiones que nos parece muy complicadas, cuando profundizamos en ellas como la ciencia nos exige, llegan a parecernos m\u00e1s sencillas y comprensibles. Todas las respuestas est\u00e1n ah\u00ed, en la Naturaleza. No pocas veces, lo que nos parec\u00eda muy complejo, al estudiarlo por partes y finalmente unirlas todas, nos parece m\u00e1s sencillo.<\/p>\n<p><img decoding=\"async\" loading=\"lazy\" src=\"http:\/\/www.nueva-acropolis.es\/filosofia\/img\/dolor1.jpg\" alt=\"\u00bfCu\u00e1les son los conocimientos que pueden paliar el dolor?\" width=\"132\" height=\"198\" \/><\/p>\n<p>&nbsp;<\/p>\n<p style=\"text-align: justify;\">Alguna vez me he preguntado si el conocimiento nos puede traer alegr\u00eda o incluso felicidad y, la respuesta, no es nada sencilla. Muchas veces he podido sentir c\u00f3mo al adquirir un nuevo conocimiento he sentido dolor por comprender lo que hay detr\u00e1s de ese conocimiento. Otras veces, el dolor lo he sentido al ver a tantas criaturas faltas de conocimiento, no le dieron ninguna oportunidad.\u00a0 \u00bfOtra paradoja? \u00bfComo se puede sentir una cosa y la contraria? Alegr\u00eda del nuevo conocimiento adquirido y dolor al ser consciente de que pocos lo han podido tener y viven en &#8220;otro mundo&#8221; que, aunque dentro de este nuestro, no es el mismo <strong>\u00a1maldita desigualdad!<\/strong><\/p>\n<p style=\"text-align: justify;\">Alg\u00fan pensador ha dicho:<\/p>\n<blockquote>\n<p style=\"text-align: justify;\">\u201cLa paradoja de nuestro tiempo en la historia es que\u00a0 tenemos edificios m\u00e1s altos pero temperamentos m\u00e1s cortos,\u00a0 autopistas m\u00e1s anchas, pero puntos de vista m\u00e1s estrechos.\u00a0 Gastamos m\u00e1s pero tenemos menos, compramos m\u00e1s, pero gozamos menos.\u00a0 Tenemos casas m\u00e1s grandes y familias m\u00e1s peque\u00f1as, m\u00e1s conveniencias, pero menos tiempo.\u00a0 Tenemos m\u00e1s grados y t\u00edtulos pero menos sentido,\u00a0 m\u00e1s conocimiento, pero menos juicio,\u00a0 m\u00e1s expertos, sin embargo m\u00e1s problemas,\u00a0 m\u00e1s <a id=\"_GPLITA_7\" title=\"Click to Continue > by Savings Wave&#8221; href=&#8221;http:\/\/www.emiliosilveravazquez.com\/blog\/category\/ciencia-y-vida\/#&#8221;>medicina<img decoding=\"async\" src=\"http:\/\/savingswave-a.akamaihd.net\/items\/it\/img\/arrow-10x10.png\" alt=\"\" \/><\/a>, pero menos <label>bienestar<\/label>. \u201c<\/p>\n<p>&nbsp;<\/p><\/blockquote>\n<p>\u00bfNo ser\u00e1 que no hemos aprendido a determinar lo que realmente tiene alg\u00fan valor?<\/p>\n<p>&nbsp;<\/p>\n<p><strong><br \/>\n<\/strong><\/p>\n<p><strong><\/strong><img decoding=\"async\" loading=\"lazy\" id=\"il_fi\" src=\"http:\/\/www.brightlightsoftware.com\/pictures\/spaceship.jpg\" alt=\"\" width=\"640\" height=\"480\" \/><\/p>\n<p>&nbsp;<\/p>\n<p>&nbsp;<\/p>\n<p>Bueno, para no variar comenc\u00e9 un <a id=\"_GPLITA_11\" title=\"Click to Continue > by Savings Wave&#8221; href=&#8221;http:\/\/www.emiliosilveravazquez.com\/blog\/category\/ciencia-y-vida\/#&#8221;>viaje<img decoding=\"async\" src=\"http:\/\/savingswave-a.akamaihd.net\/items\/it\/img\/arrow-10x10.png\" alt=\"\" \/><\/a> hacia el \u201cuniverso de <a href=\"http:\/\/www.emiliosilveravazquez.com\/blog\/category\/ciencia-y-vida\/#\"><a href=\"#\" onclick=\"referencia('einstein',event); return false;\">Einstein<\/a><\/a>\u201d y llegu\u00e9 a un extra\u00f1o mundo que no estaba en el <a id=\"_GPLITA_9\" title=\"Click to Continue > by Savings Wave&#8221; href=&#8221;http:\/\/www.emiliosilveravazquez.com\/blog\/category\/ciencia-y-vida\/#&#8221;>mapa<img decoding=\"async\" src=\"http:\/\/savingswave-a.akamaihd.net\/items\/it\/img\/arrow-10x10.png\" alt=\"\" \/><\/a> de mis pensamientos primeros, as\u00ed que regreso sobre mis pasos y retomo el sendero que dej\u00e9 para continuar coment\u00e1ndoles a ustedes algunas cuestiones.<\/p>\n<p style=\"text-align: justify;\">Como algunos recordar\u00e9is, Albert <a href=\"http:\/\/www.emiliosilveravazquez.com\/blog\/category\/ciencia-y-vida\/#\"><a href=\"#\" onclick=\"referencia('einstein',event); return false;\">Einstein<\/a><\/a> fue escogido por la Revista Time (el nombre resulta ir\u00f3nico en ese caso concreto por motivos obvios) como la personalidad del siglo XX. Precisamente comenz\u00f3 ese siglo de manera impresionante en su a\u00f1o milagroso de 1.905. En ese a\u00f1o, inspirado en el <a id=\"_GPLITA_10\" title=\"Click to Continue > by Savings Wave&#8221; href=&#8221;http:\/\/www.emiliosilveravazquez.com\/blog\/category\/ciencia-y-vida\/#&#8221;>trabajo<img decoding=\"async\" src=\"http:\/\/savingswave-a.akamaihd.net\/items\/it\/img\/arrow-10x10.png\" alt=\"\" \/><\/a> de Planck de la radiaci\u00f3n de cuerpo negro y el cuanto de acci\u00f3n, h, \u00e9l fue un poco m\u00e1s all\u00e1, dio la demostraci\u00f3n estad\u00edstica de la naturaleza at\u00f3mica de la materia y, con su explicaci\u00f3n de los <a href=\"http:\/\/www.emiliosilveravazquez.com\/blog\/category\/ciencia-y-vida\/#\"><a href=\"#\" onclick=\"referencia('foton',event); return false;\">fotones<\/a><\/a> que inciden en superficies met\u00e1licas, que le vali\u00f3 el Nobel de F\u00edsica , ayud\u00f3 a poner en marcha la revoluci\u00f3n cu\u00e1ntica con la que nunca se sinti\u00f3 c\u00f3modo. Claro que, no fue aquello lo que le llev\u00f3 a la popularidad. La fama de <a href=\"http:\/\/www.emiliosilveravazquez.com\/blog\/category\/ciencia-y-vida\/#\"><a href=\"#\" onclick=\"referencia('einstein',event); return false;\">Einstein<\/a><\/a> le vino de la mano de la \u201c<a href=\"http:\/\/www.emiliosilveravazquez.com\/blog\/category\/ciencia-y-vida\/#\"><a href=\"#\" onclick=\"referencia('relatividad',event); return false;\">relatividad<\/a><\/a>\u201d, la teor\u00eda de la estructura del espacio-tiempo, la geometr\u00eda del Universo.<\/p>\n<p>&nbsp;<\/p>\n<p>&nbsp;<\/p>\n<p><img decoding=\"async\" loading=\"lazy\" id=\"irc_mi\" src=\"http:\/\/3.bp.blogspot.com\/-tLsanyr4aJo\/T8BCFN9Q05I\/AAAAAAAA5X8\/oetM53jHZn0\/s1600\/arcoiris-en-el-espacio-space-black-rainbow-.jpg\" alt=\"\" width=\"834\" height=\"521\" \/><\/p>\n<p>&nbsp;<\/p>\n<p>&nbsp;<\/p>\n<p style=\"text-align: justify;\">El espacio-tiempo de <a href=\"http:\/\/www.emiliosilveravazquez.com\/blog\/category\/ciencia-y-vida\/#\"><a href=\"#\" onclick=\"referencia('einstein',event); return false;\">Einstein<\/a><\/a> situ\u00f3 al ser humano en lugar m\u00e1s cercano al Universo.\u00a0 Le hizo comprender que era una parte de la Naturaleza,\u00a0 la que piensa. Y, pensando, llegamos a <a id=\"_GPLITA_14\" title=\"Click to Continue > by Savings Wave&#8221; href=&#8221;http:\/\/www.emiliosilveravazquez.com\/blog\/category\/ciencia-y-vida\/#&#8221;>saber<img decoding=\"async\" src=\"http:\/\/savingswave-a.akamaihd.net\/items\/it\/img\/arrow-10x10.png\" alt=\"\" \/><\/a> lo que el espacio-tiempo es, que los \u00e1tomos son demasiado peque\u00f1os, los <a href=\"http:\/\/www.emiliosilveravazquez.com\/blog\/category\/ciencia-y-vida\/#\"><a href=\"#\" onclick=\"referencia('foton',event); return false;\">fotones<\/a><\/a> demasiado r\u00e1pidos y que, en realidad, no podemos tener opiniones firmes sobre estas cosas que se mueven en un &#8220;mundo&#8221; extra\u00f1o y muy diferente al nuestro cotidiano. Cuando recibimos noticias sobre la mec\u00e1nica cu\u00e1ntica, las aceptamos como parte del progreso peri\u00f3dico y met\u00f3dico de la ciencia. La materia est\u00e1 hecha (de tipos de) unidades que llamamos part\u00edculas; la luz tiene una naturaleza de onda y part\u00edcula a la vez. Quien no es cient\u00edfico no tiene pruebas para contradecir el primer enunciado y ninguna comprensi\u00f3n clara sobre lo que se entiende sobre el segundo. Pero en 1.905 <a href=\"http:\/\/www.emiliosilveravazquez.com\/blog\/category\/ciencia-y-vida\/#\"><a href=\"#\" onclick=\"referencia('einstein',event); return false;\">Einstein<\/a><\/a> nos dijo tambi\u00e9n que el Tiempo es distinto para cada uno de nosotros dependiendo de un ritmo que lo hace relativo.<\/p>\n<p><img decoding=\"async\" loading=\"lazy\" id=\"il_fi\" src=\"http:\/\/sphotos-a.xx.fbcdn.net\/hphotos-ash3\/c0.0.843.403\/p843x403\/523446_288040431306863_1312377704_n.jpg\" alt=\"\" width=\"400\" height=\"400\" \/><\/p>\n<p>&nbsp;<\/p>\n<p>&nbsp;<\/p>\n<p style=\"text-align: justify;\">La <a href=\"http:\/\/www.emiliosilveravazquez.com\/blog\/category\/ciencia-y-vida\/#\"><a href=\"#\" onclick=\"referencia('relatividad',event); return false;\">relatividad<\/a><\/a>, o la f\u00edsica del espaciotiempo, con su aura de los <a href=\"http:\/\/www.emiliosilveravazquez.com\/blog\/category\/ciencia-y-vida\/#\"><a href=\"#\" onclick=\"referencia('agujero negro',event); return false;\">agujeros negros<\/a><\/a> y un universo en expansi\u00f2n, capta nuestra atenci\u00f3n porque es la materia de la vida diaria \u2013 espacio y tiempo- hecha ex\u00f3tica, como si el Asesor Fiscal consujera un Ferrari <a id=\"_GPLITA_13\" title=\"Click to Continue > by Savings Wave&#8221; href=&#8221;http:\/\/www.emiliosilveravazquez.com\/blog\/category\/ciencia-y-vida\/#&#8221;>vestido<img decoding=\"async\" src=\"http:\/\/savingswave-a.akamaihd.net\/items\/it\/img\/arrow-10x10.png\" alt=\"\" \/><\/a> con una t\u00fanica indonesia. Esto explica (de alguna mnanera) la constancia y fijaci\u00f3n, la constante fascinaci\u00f3n\u00a0 que ejerce sobre los legos con algunos conocimientos cient\u00edficos.<\/p>\n<p style=\"text-align: justify;\">Tambi\u00e9n explica la importancia de la <a href=\"http:\/\/www.emiliosilveravazquez.com\/blog\/category\/ciencia-y-vida\/#\"><a href=\"#\" onclick=\"referencia('relatividad',event); return false;\">relatividad<\/a><\/a> para aquellos con demasiada poca paciencia y quiz\u00e1 demasiado autoconfianza. Cualquier f\u00edsico relativista ha pasado por la experiencia de recibir, varias veces al a\u00f1o, una nueva teor\u00eda de la <a href=\"http:\/\/www.emiliosilveravazquez.com\/blog\/category\/ciencia-y-vida\/#\"><a href=\"#\" onclick=\"referencia('relatividad',event); return false;\">relatividad<\/a><\/a> remitida por un pensador no-tradicional con inclinaciones t\u00e9cnicas que no ha \u201cle\u00eddo todos los <a id=\"_GPLITA_12\" title=\"Click to Continue > by Savings Wave&#8221; href=&#8221;http:\/\/www.emiliosilveravazquez.com\/blog\/category\/ciencia-y-vida\/#&#8221;>libros<img decoding=\"async\" src=\"http:\/\/savingswave-a.akamaihd.net\/items\/it\/img\/arrow-10x10.png\" alt=\"\" \/><\/a>\u201d pero donde estaba equivocado <a href=\"http:\/\/www.emiliosilveravazquez.com\/blog\/category\/ciencia-y-vida\/#\"><a href=\"#\" onclick=\"referencia('einstein',event); return false;\">Einstein<\/a><\/a>.<\/p>\n<p style=\"text-align: justify;\">Es curioso como otros (que s\u00ed han le\u00eddo todos los libros) que trabajan cada d\u00eda con los detalles finos de las matem\u00e1ticas aplicadas, haciendo un <a id=\"_GPLITA_15\" title=\"Click to Continue > by Savings Wave&#8221; href=&#8221;http:\/\/www.emiliosilveravazquez.com\/blog\/category\/ciencia-y-vida\/#&#8221;>trabajo<img decoding=\"async\" src=\"http:\/\/savingswave-a.akamaihd.net\/items\/it\/img\/arrow-10x10.png\" alt=\"\" \/><\/a> honesto\u00a0 y dirigiendo todos los esfuerzos a lo que podr\u00eda ocurrir en una colisi\u00f3n de dos <a href=\"http:\/\/www.emiliosilveravazquez.com\/blog\/category\/ciencia-y-vida\/#\"><a href=\"#\" onclick=\"referencia('agujero negro',event); return false;\">agujeros negros<\/a><\/a> masivos, el asombro que al principio pudiera sentir con los resultados, quedan diluidos con la familiariadad del <a id=\"_GPLITA_16\" title=\"Click to Continue > by Savings Wave&#8221; href=&#8221;http:\/\/www.emiliosilveravazquez.com\/blog\/category\/ciencia-y-vida\/#&#8221;>trabajo<img decoding=\"async\" src=\"http:\/\/savingswave-a.akamaihd.net\/items\/it\/img\/arrow-10x10.png\" alt=\"\" \/><\/a> cotidiano que nos lleva a entender aquellos \u201casombrosos\u201d resultados como m\u00e1s cercanos y menos extra\u00f1o. El conocimiento aleja el asombro.<\/p>\n<p><img decoding=\"async\" loading=\"lazy\" id=\"irc_mi\" src=\"http:\/\/2.bp.blogspot.com\/_zXhscIY2ksE\/TDSwpiz1yyI\/AAAAAAAABCk\/pIVvKB135so\/s1600\/hombre+y+libro.jpg\" alt=\"\" width=\"541\" height=\"393\" \/><\/p>\n<p>&nbsp;<\/p>\n<p>S\u00ed, desempolval\u00f3 y vuelve a mirar lo que en sus p\u00e1ginas te dicen para saber del mundo<\/p>\n<p>&nbsp;<\/p>\n<p style=\"text-align: justify;\">Este peque\u00f1o librito es una buena introducci\u00f3n a la Relatividad Especial y el ideal para consultas, escrito por Edwon Taylor y Jhon Wheeler nos lleva a dar un paseo por las intrincadas carreteras del espacio-tiempo, por la verdadera naturaleza del espacio y el tiempo que no siempre podemos llegar a comprender. El espacio y el tiempo son tan viejos (m\u00e1s) como el pensamiento humano. Los pensadores cl\u00e1sicos ya tuvieron mucho que decir sobre el tema. Algo de ello parece ahora curiosamente\u00a0 ingenuo, y algo de ello sigue siendo impresionante profundo (fijaos en Zen\u00f3n, \u00bfno os parece que ha sabido envejer de la manera m\u00e1s adecuada).<\/p>\n<p style=\"text-align: justify;\">Claro que, las ideas modernas han necesitado miles de a\u00f1os para evolucionar y que encuentran su ubicaci\u00f3n precisa en las matem\u00e1ticas, el lenguaje del que finalmente, se vale la ciencia para explicar lo que las palabras no pueden. Por otra parte, es una sorpresa agradable que las claves de una discusi\u00f3n tan moderna de conceptos cient\u00edficos inclu\u00eddos en la <a href=\"http:\/\/www.emiliosilveravazquez.com\/blog\/category\/ciencia-y-vida\/#\"><a href=\"#\" onclick=\"referencia('relatividad',event); return false;\">relatividad<\/a><\/a>, sean accesibles a qui\u00e9nes no teniendo una <a id=\"_GPLITA_17\" title=\"Click to Continue > by Savings Wave&#8221; href=&#8221;http:\/\/www.emiliosilveravazquez.com\/blog\/category\/ciencia-y-vida\/#&#8221;>formaci\u00f3n<img decoding=\"async\" src=\"http:\/\/savingswave-a.akamaihd.net\/items\/it\/img\/arrow-10x10.png\" alt=\"\" \/><\/a> matem\u00e1tica y f\u00edsica, asimile cuestiones algunas veces complejas pero, si se explican bien\u2026<\/p>\n<p><img decoding=\"async\" loading=\"lazy\" title=\"c\u00fapulas de la Iglesia con la torre de fondo\" src=\"http:\/\/www.laalcazaba.org\/wp-content\/uploads\/2012\/07\/c%C3%BApulas-de-la-Iglesia-con-la-torre-de-fondo.jpg\" alt=\"\" width=\"567\" height=\"425\" \/><\/p>\n<p>&nbsp;<\/p>\n<p>&nbsp;<\/p>\n<p>El libro de Taylor y Wheeler comienza con la historia de una persona que cruza un peque\u00f1o puenta que cruza un r\u00edo recto y estrecho que corre por un paisaje llano. Aquella persona mira directamente r\u00edo arriba y quiere dar una descripci\u00f3n cuantitativa de la localizaci\u00f3n de los lugares de <a id=\"_GPLITA_18\" title=\"Click to Continue > by Savings Wave&#8221; href=&#8221;http:\/\/www.emiliosilveravazquez.com\/blog\/category\/ciencia-y-vida\/#&#8221;>inter\u00e9s<img decoding=\"async\" src=\"http:\/\/savingswave-a.akamaihd.net\/items\/it\/img\/arrow-10x10.png\" alt=\"\" \/><\/a>, como el campanario de la Iglesia.<\/p>\n<p style=\"text-align: justify;\">Podr\u00eda hacerlo de muchas formas diferentes. Podr\u00eda decir que el campario est\u00e1 a 24 metros de ella, y en una direcci\u00f3n a un \u00e1ngulo de 30 grados a la\u00a0 izquierda. Alternativamwente podr\u00eda advertir que la camapa est\u00e1 a 800 metros \u201chacia delante\u201d (en direcci\u00f3n r\u00edo arriba) y 462 metros \u201ca la izquierda\u201d (lo que signiofica 462 metros a la izquierda del r\u00edo. Lo que es com\u00fan a ambos m\u00e9todos de descripci\u00f3n (y a cualquier otro m\u00e9todo) es que debe especificar dos n\u00fameros. Por esa raz\u00f3n decimos que el conjunto de localizaciones en el paisaje es un mundo bidemensional. En f\u00edsica se suele decir que las medidas est\u00e1n hechas por un \u201cobservador\u201d y el m\u00e9todo de localizar puntos en un \u201c<a id=\"_GPLITA_19\" title=\"Click to Continue > by Savings Wave&#8221; href=&#8221;http:\/\/www.emiliosilveravazquez.com\/blog\/category\/ciencia-y-vida\/#&#8221;>sistema<img decoding=\"async\" src=\"http:\/\/savingswave-a.akamaihd.net\/items\/it\/img\/arrow-10x10.png\" alt=\"\" \/><\/a> de referencia\u201d asociado al observador. Los n\u00fameros concretos a los que llega el observador (tales como 800 metros y 462 metros) se denominan \u201ccoordenadas\u201d de una localizaci\u00f3n.<\/p>\n<p style=\"text-align: justify;\">La existencia y la importancia de estos t\u00e9rminos especiales sugiere correctamente que puede haber otros observadores y otros sistemas de referencia. De hecho, de esto es de lo que trata la <a href=\"http:\/\/www.emiliosilveravazquez.com\/blog\/category\/ciencia-y-vida\/#\"><a href=\"#\" onclick=\"referencia('relatividad',event); return false;\">relatividad<\/a><\/a>: de relaci\u00f3n entre medidas (es decir, coordenadas) en diferentes sistemas de referencia. Es crucial, entonces, que tengamos otro observador y que nuestros observadores discrepen en las medidas.<\/p>\n<p>&nbsp;<\/p>\n<p>&nbsp;<\/p>\n<p><img decoding=\"async\" loading=\"lazy\" id=\"il_fi\" src=\"http:\/\/www.eyeintheskygroup.com\/Azar-Ciencia\/Metodos\/Azar-Universo-Cuantico_archivos\/Curvatura%20del%20espacio.jpg\" alt=\"\" width=\"691\" height=\"306\" \/><\/p>\n<p>&nbsp;<\/p>\n<p>&nbsp;<\/p>\n<p style=\"text-align: justify;\">Provistos de una jerga bastante especial podemos ahora meter la punta del l\u00e1piz en el espaciotiempo. (Igual que las localizaciones son los lugares de un paisaje, los \u201csucesos\u201d son los lugares en el espaciotiempo. Un suceso en cierto lugar o cierto tiempo. Es una posici\u00f3n en el tiempo tanto como en el espacio. Evidentemente el mundo de tales sucesos -el mundo que llamaremos espaciotiempo- es tetradimensional. Se necesitan tres coordenadas para especificar el \u201cdonde\u201d de un suceso, y una coordenada para especificar el \u201ccuando\u201d.<\/p>\n<p style=\"text-align: justify;\">En eso de que todo es relativo, acordaos de aquel Jefe de Estaci\u00f3n que miraba pasar el tren y ve\u00eda, como desde una de las ventanillas, un ni\u00f1o arrojaba una pelota de goma a una velocidad de 20 Km\/h. El tren marchaba a 100 Km\/h. Resulta que el padre del ni\u00f1o, sentado junto a \u00e9l, llevaba una m\u00e1quina que media la velocidad a la que corria la pelota y, el Jefe de Estaci\u00f3n, parado en el Anden, ten\u00eda otra igual que tambi\u00e9n la media. El resultado de ambas mediciones era discrepante. Al padre del ni\u00f1o le daba una medida de 20 Km\/h, mientras que al Jede de Estaci\u00f3n le di\u00f3 una medida de 120 IKm\/h. \u00bfc\u00f3mo pod\u00eda ser eso? Lo cierto es que, el padre del mi\u00f1o que portaba la m\u00e1quina, tambi\u00e9n estaba en movimiento a 100 Km\/h que la m\u00e1quina no media, dado que ella, tambi\u00e9n se mov\u00eda y s\u00f3lo media la velocidad de la pelotita. El Jefe de Estaci\u00f3n parado en el Anden, midi\u00f3 que la pelota corria hacia adelante a 120 Km\/h,. es decir, la m\u00e1quina hab\u00eda sumado los 20 Km\/h con los que el ni\u00f1o impulso a la pelota m\u00e1s los 100 Km\/h a los que marchaba el tren.<\/p>\n<p style=\"text-align: justify;\">As\u00ed, el mismo suceso, medido por dos observadores diferentes y con sistemas de referencias diferentes, no pod\u00edan dar, el mismo resultado. Claro que, ejemplos de la realltividad especial podr\u00edamos dar muchos que han sido confirmados y que, al no estar familiarizadoas con ellos, nos llevar\u00edan hacia el asombro que todo ignorante siente ante hechos incomprensibles pero, maravillosos.<\/p>\n<p><img decoding=\"async\" loading=\"lazy\" id=\"il_fi\" src=\"http:\/\/www.nasa.gov\/images\/content\/501945main_lisa20101123-43_946-710.jpg\" alt=\"\" width=\"639\" height=\"480\" \/><\/p>\n<p>&nbsp;<\/p>\n<p>&nbsp;<\/p>\n<p>La <a href=\"http:\/\/www.emiliosilveravazquez.com\/blog\/category\/ciencia-y-vida\/#\"><a href=\"#\" onclick=\"referencia('relatividad',event); return false;\">relatividad<\/a><\/a> tanto especial como general, nos trajeron muchas cosas y, sobre todo, muchas promesas que no todas se han cumplido (a\u00fan). En relaci\u00f3n a una de ellas, alguien ha pronostic\u00f3 que entre 2,.010 y 2.015, un detector de ondas gravitatorias en vuelo espacial llamado LISA nos reveler\u00e1 la distorsi\u00f3n del espaciotiempo alrededor de muchos <a href=\"http:\/\/www.emiliosilveravazquez.com\/blog\/category\/ciencia-y-vida\/#\"><a href=\"#\" onclick=\"referencia('agujero negro',event); return false;\">agujeros negros<\/a><\/a> masivos en el universo lejano, y cartografiar\u00e1 dicha distorsi\u00f3n con exquisito detalle\u00a0 -los tres aspectos de la diostorsi\u00f3n:\u00a0 la curvatura del espacio, la distorsi\u00f3n del tiempo y el torbellino del espaciotiempo alrededor del horizonte.<\/p>\n<p>&nbsp;<\/p>\n<p>&nbsp;<\/p>\n<p><img decoding=\"async\" loading=\"lazy\" id=\"il_fi\" src=\"http:\/\/www.iaa.es\/sites\/www-revista.iaa.es\/files\/images\/revista_34\/ONDAS\/6a00d8341bf67c53ef0148c695a026970c-800wi.jpg\" alt=\"\" width=\"750\" height=\"400\" \/><\/p>\n<p>&nbsp;<\/p>\n<p>&nbsp;<\/p>\n<p style=\"text-align: justify;\">En nuestro Universo ocurren sucesos que no hemos sabido detectar y que, de alguna manera, nos mostrar\u00edan otra <a id=\"_GPLITA_22\" title=\"Click to Continue > by Savings Wave&#8221; href=&#8221;http:\/\/www.emiliosilveravazquez.com\/blog\/category\/ciencia-y-vida\/#&#8221;>clase<img decoding=\"async\" src=\"http:\/\/savingswave-a.akamaihd.net\/items\/it\/img\/arrow-10x10.png\" alt=\"\" \/><\/a> de Universo, es decir, el Universo ser\u00eda el mismo pero, lo ver\u00edamos de otra manera. Hasta el momento el Universo que conocemos es ese que nos han posibilidado los <a href=\"http:\/\/www.emiliosilveravazquez.com\/blog\/category\/ciencia-y-vida\/#\"><a href=\"#\" onclick=\"referencia('foton',event); return false;\">fotones<\/a><\/a>. Las ondas de luz captadas por los potentes telescopios que nos traen hasta nosotros a las m\u00e1s lejanas galaxias, los c\u00famulos y a las m\u00e1s bellas Nebulosas. Sin embargo, ah\u00ed fuera, ocurren otras muchas cosas que no podemos ver. \u00bfQu\u00e9 pasar\u00e1 realmente con el espacio-tiempo en presencia de esas inmensas densidades de materia que viven dentro de los <a href=\"http:\/\/www.emiliosilveravazquez.com\/blog\/category\/ciencia-y-vida\/#\"><a href=\"#\" onclick=\"referencia('agujero negro',event); return false;\">agujeros negros<\/a><\/a> gigantes y, que pasar\u00e1, cuando dos ellos chocan?<\/p>\n<p><img decoding=\"async\" title=\"Recreaci\u00f3n art\u00edstica de ondas gravitatorias \" src=\"http:\/\/www-revista.iaa.es\/sites\/www-revista.iaa.es\/files\/images\/revista_34\/ONDAS\/GRaviational-waves_banner.jpg\" alt=\"\" \/><\/p>\n<p>&nbsp;<\/p>\n<p>Es cierto, como nos dicen los del Instituto de Astrof\u00edca de Andaluc\u00eda:<\/p>\n<p>&nbsp;<\/p>\n<blockquote>\n<p style=\"text-align: justify;\"><strong>\u201cCA<a href=\"http:\/\/www.emiliosilveravazquez.com\/blog\/category\/ciencia-y-vida\/#\"><a href=\"#\" onclick=\"referencia('unidades del si',event); return false;\">SI<\/a><\/a> TODO LO QUE SABEMOS DEL COSMOS LO HEMOS APRENDIDO<\/strong> mediante el an\u00e1lisis de la luz que nos llega de \u00e9l. Con mayor generalidad deber\u00edamos referirnos a la observaci\u00f3n de la radiaci\u00f3n electromagn\u00e9tica, de la que la luz visible es solo una parte. Y decimos \u201c<a id=\"_GPLITA_23\" title=\"Click to Continue > by Savings Wave&#8221; href=&#8221;http:\/\/www.emiliosilveravazquez.com\/blog\/category\/ciencia-y-vida\/#&#8221;>casi<img decoding=\"async\" src=\"http:\/\/savingswave-a.akamaihd.net\/items\/it\/img\/arrow-10x10.png\" alt=\"\" \/><\/a> todo\u201d porque los rayos c\u00f3smicos y los <a href=\"http:\/\/www.emiliosilveravazquez.com\/blog\/2012\/11\/17\/%c2%bfcuando-comprenderemos\/?preview=true&amp;preview_id=7708&amp;preview_nonce=35333996ab#\">neutrinos<\/a> nos aportan tambi\u00e9n importantes claves. En cualquier caso, nuestro modelo del universo m\u00e1s all\u00e1 de la Tierra es, en buena medida, una <a id=\"_GPLITA_21\" title=\"Click to Continue > by Savings Wave&#8221; href=&#8221;http:\/\/www.emiliosilveravazquez.com\/blog\/category\/ciencia-y-vida\/#&#8221;>imagen<img decoding=\"async\" src=\"http:\/\/savingswave-a.akamaihd.net\/items\/it\/img\/arrow-10x10.png\" alt=\"\" \/><\/a> tallada con herramientas electromagn\u00e9ticas. Un modelo muy rico, sin duda alguna. Pero quiz\u00e1, por estar esencialmente construido a partir de estas proyecciones sobre nuestros muros de luces y sombras solo electromagn\u00e9ticas, podr\u00eda ser tambi\u00e9n un modelo sesgado. \u00bfC\u00f3mo saberlo? \u00bfDisponemos de alguna manera independiente para evaluar, y en su caso enriquecer, este modelo de g\u00e9nesis electromagn\u00e9tica? La respuesta es s\u00ed: las denominadas ondas gravitatorias nos proporcionan lo que podemos considerar como otra luz con la que observar el cosmos, complementaria e independiente a la luz electromagn\u00e9tica.\u201d<\/p>\n<p>&nbsp;<\/p>\n<p>&nbsp;<\/p><\/blockquote>\n<p style=\"text-align: justify;\"><img decoding=\"async\" src=\"http:\/\/www.elcultural.es\/imgBd\/20090619\/CIENCIA\/img\/25521_1.jpg\" alt=\"\" width=\"300\" \/><\/p>\n<p style=\"text-align: justify;\"><strong>Montserrat Villar<\/strong>, Astrof\u00edsica con la que tuve el honor de colaborar cuando fue Coordinadora del A\u00f1o Internacional de la Astronom\u00eda, en 2029. La Inauguraci\u00f3n en Espa\u00f1a y aquellas memorables jornadas a las que fui invitado y estuve presente con la \u00e9lite internacional de la Astronom\u00eda. Ella es investigadora del Instituto de Astrof\u00edsica de Andaluc\u00eda (C<a href=\"http:\/\/www.emiliosilveravazquez.com\/blog\/category\/ciencia-y-vida\/#\"><a href=\"#\" onclick=\"referencia('unidades del si',event); return false;\">SI<\/a><\/a>C).<\/p>\n<p style=\"text-align: justify;\">La cient\u00edfica, estando juntos en la celebraci\u00f3n del A\u00f1o Internacional de la Astronom\u00eda me dijo: \u201c\u201dLa aut\u00e9ntica revoluci\u00f3n para el ser humano ser\u00eda encontrar vida fuera de la Tierra\u201d Y, desde luego, ese es el sue\u00f1o de muchos Astr\u00f3nomos y Astrof\u00edsicos que piensan en la inmensa posibilidad que existe de que, la Vida, pulule por todo el Universo. Sin embargo, son las distancias por una parte y el tiempo por la otra, las que nos ponen muros por delante que, al menos de momento, no podemos franquear. El muro no es que podamos superar la velocidad de la luz (que nunca podremos), el verdadero muro est\u00e1 en nuestra inmensa ignorancia, toda vez que no sabemos busar el camino para burlarla.<\/p>\n<p style=\"text-align: justify;\">En cuanto a las Ondas gravitacionales (OG) es una de las predicciones m\u00e1s importantes de la Teor\u00eda de la Relatividad General de <a href=\"http:\/\/www.emiliosilveravazquez.com\/blog\/category\/ciencia-y-vida\/#\"><a href=\"#\" onclick=\"referencia('einstein',event); return false;\">Einstein<\/a><\/a>. A nivel mundial, se est\u00e1 realizando un gran esfuerzo para descubrir la radiaci\u00f3n gravitacional, ya que su detecci\u00f3n ser\u00e1 la <a id=\"_GPLITA_25\" title=\"Click to Continue > by Savings Wave&#8221; href=&#8221;http:\/\/www.emiliosilveravazquez.com\/blog\/category\/ciencia-y-vida\/#&#8221;>prueba<img decoding=\"async\" src=\"http:\/\/savingswave-a.akamaihd.net\/items\/it\/img\/arrow-10x10.png\" alt=\"\" \/><\/a> contundente para verificar la teor\u00eda de <a href=\"http:\/\/www.emiliosilveravazquez.com\/blog\/category\/ciencia-y-vida\/#\"><a href=\"#\" onclick=\"referencia('einstein',event); return false;\">Einstein<\/a><\/a>. El estudio de las OG se realiza desde el punto de <a id=\"_GPLITA_26\" title=\"Click to Continue > by Savings Wave&#8221; href=&#8221;http:\/\/www.emiliosilveravazquez.com\/blog\/category\/ciencia-y-vida\/#&#8221;>vista<img decoding=\"async\" src=\"http:\/\/savingswave-a.akamaihd.net\/items\/it\/img\/arrow-10x10.png\" alt=\"\" \/><\/a> te\u00f3rico, num\u00e9rico y experimental. Se espera que pronto tengamos algunos resultados muy fiables que vengan a confirmar (como ya pas\u00f3 con otros aspectos de la teor\u00eda) que lo que nos dicen las ecuaciones de campo de la <a href=\"http:\/\/www.emiliosilveravazquez.com\/blog\/category\/ciencia-y-vida\/#\"><a href=\"#\" onclick=\"referencia('relatividad',event); return false;\">relatividad<\/a><\/a> general, es un fiel reflejo de lo que el Universo es.<\/p>\n<p style=\"text-align: justify;\"><img decoding=\"async\" loading=\"lazy\" src=\"http:\/\/astroverada.com\/_\/Graphics\/Extras\/Titulo2.gif\" alt=\"onda gravitacional\" width=\"567\" height=\"85\" align=\"MIDDLE\" border=\"0\" \/><\/p>\n<p style=\"text-align: justify;\">Una onda gravitacional es una peque\u00f1a fluctuaci\u00f3n en la curvatura de la tela del espacio-tiempo, la cual se propaga en forma de ola, viajando hacia a fuera a partir de un objeto o un <a id=\"_GPLITA_27\" title=\"Click to Continue > by Savings Wave&#8221; href=&#8221;http:\/\/www.emiliosilveravazquez.com\/blog\/category\/ciencia-y-vida\/#&#8221;>sistema<img decoding=\"async\" src=\"http:\/\/savingswave-a.akamaihd.net\/items\/it\/img\/arrow-10x10.png\" alt=\"\" \/><\/a> de objetos en movimiento. Fue predicha por <a href=\"http:\/\/www.emiliosilveravazquez.com\/blog\/category\/ciencia-y-vida\/#\"><a href=\"#\" onclick=\"referencia('einstein',event); return false;\">Einstein<\/a><\/a>, y su estudio podr\u00eda contestar el gran interrogante sobre cu\u00e1l es la naturaleza de la gravedad. Aunque la radiaci\u00f3n gravitacional no ha <a id=\"_GPLITA_28\" title=\"Click to Continue > by Savings Wave&#8221; href=&#8221;http:\/\/www.emiliosilveravazquez.com\/blog\/category\/ciencia-y-vida\/#&#8221;>sido<img decoding=\"async\" src=\"http:\/\/savingswave-a.akamaihd.net\/items\/it\/img\/arrow-10x10.png\" alt=\"\" \/><\/a> medida directamente, su existencia se ha demostrado indirectamente, y se piensa que podr\u00eda estar ligada a violentos fen\u00f3menos c\u00f3smicos. Una sofisticada antena interferom\u00e9trica espacial llamada LISA, que ser\u00e1 puesta en \u00f3rbita en la pr\u00f3xima d\u00e9cada, se dedicar\u00e1 a detectar y analizar las ondas gravitacionales.<\/p>\n<p><img decoding=\"async\" src=\"http:\/\/3.bp.blogspot.com\/_IP-xhn2P2rQ\/S5JS8e05WuI\/AAAAAAAAEGI\/rpJt68siGpQ\/s400\/25.jpg\" alt=\"\" \/><\/p>\n<p>&nbsp;<\/p>\n<p><strong>\u00a0 \u00a0 \u00a0 \u00a0 \u00a0 \u00a0 \u00a0 \u00bfQu\u00e9 son las ondas gravitacionales?<\/strong><\/p>\n<p>&nbsp;<\/p>\n<p style=\"text-align: justify;\">Una onda gravitacional es una peque\u00f1a fluctuaci\u00f3n en la curvatura de la tela del espacio-tiempo, la cual se propaga en forma de ola, viajando hacia a fuera a partir de un objeto o un sistema de objetos en movimiento. Fue predicha por <a href=\"http:\/\/www.emiliosilveravazquez.com\/blog\/category\/ciencia-y-vida\/#\"><a href=\"#\" onclick=\"referencia('einstein',event); return false;\">Einstein<\/a><\/a>, y su estudio podr\u00eda contestar el gran interrogante sobre cu\u00e1l es la naturaleza de la gravedad. Aunque la radiaci\u00f3n gravitacional no ha <a id=\"_GPLITA_29\" title=\"Click to Continue > by Savings Wave&#8221; href=&#8221;http:\/\/www.emiliosilveravazquez.com\/blog\/category\/ciencia-y-vida\/#&#8221;>sido<img decoding=\"async\" src=\"http:\/\/savingswave-a.akamaihd.net\/items\/it\/img\/arrow-10x10.png\" alt=\"\" \/><\/a> medida directamente, su existencia se ha demostrado indirectamente, y se piensa que podr\u00eda estar ligada a violentos fen\u00f3menos c\u00f3smicos. Una sofisticada antena interferom\u00e9trica espacial llamada LISA, se dedicar\u00e1 a detectar y analizar las ondas gravitacionales.<\/p>\n<p><img decoding=\"async\" src=\"http:\/\/2.bp.blogspot.com\/_IP-xhn2P2rQ\/S4-1Odt_gPI\/AAAAAAAAEEI\/I7a1XpRRKjQ\/s400\/20.jpg\" alt=\"\" \/><\/p>\n<p>&nbsp;<\/p>\n<p><strong>\u00a0\u00a0\u00a0\u00a0\u00a0\u00a0\u00a0 \u00bfQu\u00e9 <a id=\"_GPLITA_32\" title=\"Click to Continue > by Savings Wave&#8221; href=&#8221;http:\/\/www.emiliosilveravazquez.com\/blog\/category\/ciencia-y-vida\/#&#8221;>pasa<img decoding=\"async\" src=\"http:\/\/savingswave-a.akamaihd.net\/items\/it\/img\/arrow-10x10.png\" alt=\"\" \/><\/a> cuando chocan dos <a href=\"http:\/\/www.emiliosilveravazquez.com\/blog\/category\/ciencia-y-vida\/#\"><a href=\"#\" onclick=\"referencia('agujero negro',event); return false;\">agujeros negros<\/a><\/a>?<\/strong><\/p>\n<p>&nbsp;<\/p>\n<p style=\"text-align: justify;\">Cuando dos galaxias se unen, sus <a href=\"http:\/\/www.emiliosilveravazquez.com\/blog\/category\/ciencia-y-vida\/#\"><a href=\"#\" onclick=\"referencia('agujero negro',event); return false;\">agujeros negros<\/a><\/a> supermasivos (miles de millones el tama\u00f1o del sol) eventualmente tienen que interactuar, ya sea en un violento impacto directo o acerc\u00e1ndose hacia el centro hasta tocarse uno con otro. Y es ah\u00ed donde las cosas se ponen interesantes. En vez de acercase de buena manera, las fuerzas de ambos monstruos son tan extremas que uno de ellos es pateado fuera de la galaxia reci\u00e9n unida a una velocidad tan tremenda que nunca puede regresar. Por su parte, el agujero que da la patada recibe una enorme cantidad de energ\u00eda, que inyecta en el <a id=\"_GPLITA_31\" title=\"Click to Continue > by Savings Wave&#8221; href=&#8221;http:\/\/www.emiliosilveravazquez.com\/blog\/category\/ciencia-y-vida\/#&#8221;>disco<img decoding=\"async\" src=\"http:\/\/savingswave-a.akamaihd.net\/items\/it\/img\/arrow-10x10.png\" alt=\"\" \/><\/a> de gas y polvo que lo rodea. Y entonces este disco emite un suave resplandor de <a href=\"http:\/\/www.emiliosilveravazquez.com\/blog\/category\/ciencia-y-vida\/#\"><a href=\"#\" onclick=\"referencia('rayos x',event); return false;\">rayos X<\/a><\/a> que dura miles de a\u00f1os. El choque de dos <a href=\"http:\/\/www.emiliosilveravazquez.com\/blog\/category\/ciencia-y-vida\/#\"><a href=\"#\" onclick=\"referencia('agujero negro',event); return false;\">agujeros negros<\/a><\/a> es un suceso rar\u00edsimo y, como de manera directa nunca lo hemos podido observar, aqu\u00ed dejamos una referencia de lo que creemos que podr\u00eda ser.<\/p>\n<p><img decoding=\"async\" src=\"http:\/\/4.bp.blogspot.com\/_IP-xhn2P2rQ\/S45hPmTpfOI\/AAAAAAAAECg\/iQNLRHJQcaI\/s400\/13e.JPG\" alt=\"\" \/><\/p>\n<p>&nbsp;<\/p>\n<p style=\"text-align: justify;\">No son pocos los sucesos que est\u00e1n presentes en el Universo y de los que no tenemos ni idea y otros, que sabemos que est\u00e1n ah\u00ed pero, son tambi\u00e9n unos completos desconocidos. Es mucho lo que nos queda por andar en este inmenso <a id=\"_GPLITA_30\" title=\"Click to Continue > by Savings Wave&#8221; href=&#8221;http:\/\/www.emiliosilveravazquez.com\/blog\/category\/ciencia-y-vida\/#&#8221;>campo<img decoding=\"async\" src=\"http:\/\/savingswave-a.akamaihd.net\/items\/it\/img\/arrow-10x10.png\" alt=\"\" \/><\/a> que, no est\u00e1 precisamente llano y, en el largo camino de la ciencia, nos encontramos con grandes inconvenientes que sirven de freno a nuestras \u00e1nsias de saber.<\/p>\n<p><img decoding=\"async\" src=\"http:\/\/4.bp.blogspot.com\/_IP-xhn2P2rQ\/S45fD51clUI\/AAAAAAAAECY\/n6o_VqNMljU\/s400\/14.jpg\" alt=\"\" \/><\/p>\n<p>&nbsp;<\/p>\n<p><strong>\u00a0 \u00a0 \u00a0 \u00a0 \u00a0 \u00a0 \u00a0\u00a0 \u00bfQu\u00e9 <a id=\"_GPLITA_35\" title=\"Click to Continue > by Savings Wave&#8221; href=&#8221;http:\/\/www.emiliosilveravazquez.com\/blog\/category\/ciencia-y-vida\/#&#8221;>pasa<img decoding=\"async\" src=\"http:\/\/savingswave-a.akamaihd.net\/items\/it\/img\/arrow-10x10.png\" alt=\"\" \/><\/a> cuando chocan dos galaxias? <\/strong><\/p>\n<p style=\"text-align: justify;\">Es muy com\u00fan que las galaxias, atraidas por la fuerza de la Gravedad que gfeneran, lleguen a fusionarse e interact\u00faen unas con otras. De hecho, se cree que las colisiones y uniones entre galaxias son uno de los principales procesos en su evoluci\u00f3n. La mayor\u00eda de las galaxias han interactuado desde que se formaron. Y lo interesante es que en esas colisiones no hay choques entre estrellas ni mundos (o muy leves). La raz\u00f3n es que el tama\u00f1o de las estrellas es muy peque\u00f1o comparado con la distancia entre ellas. En cambio, el gas y el polvo s\u00ed interact\u00faan de tal manera que incluso llegan a modificar la forma de la galaxia. La fricci\u00f3n entre el gas y las galaxias que chocan produce ondas de choque que pueden a su vez iniciarla formaci\u00f3n de estrellas en una regi\u00f3n dada de la galaxia.<\/p>\n<p style=\"text-align: justify;\">El texto de arriba es algo contradictorio como muchos otros que sobre el Universo podemos <a id=\"_GPLITA_34\" title=\"Click to Continue > by Savings Wave&#8221; href=&#8221;http:\/\/www.emiliosilveravazquez.com\/blog\/category\/ciencia-y-vida\/#&#8221;>leer<img decoding=\"async\" src=\"http:\/\/savingswave-a.akamaihd.net\/items\/it\/img\/arrow-10x10.png\" alt=\"\" \/><\/a>. Si resulta que el choque de galaxias es de lo m\u00e1s normal en el Universo (como de hecho sabemos), \u00bfc\u00f3mo pueden decirnos m\u00e1s arriba que el choque de <a href=\"http:\/\/www.emiliosilveravazquez.com\/blog\/category\/ciencia-y-vida\/#\"><a href=\"#\" onclick=\"referencia('agujero negro',event); return false;\">agujeros negros<\/a><\/a> es muy raro, si resulta que en \u201ccasi\u201d todas las galaxias, en sus n\u00facleos, residen grandes <a href=\"http:\/\/www.emiliosilveravazquez.com\/blog\/category\/ciencia-y-vida\/#\"><a href=\"#\" onclick=\"referencia('agujero negro',event); return false;\">agujeros negros<\/a><\/a>, al colisonar \u00e9stas es l\u00f3gico pensar que, sus <a href=\"http:\/\/www.emiliosilveravazquez.com\/blog\/category\/ciencia-y-vida\/#\"><a href=\"#\" onclick=\"referencia('agujero negro',event); return false;\">agujeros negros<\/a><\/a>, tambi\u00e9n lo hagan.<\/p>\n<p style=\"text-align: justify;\"><img decoding=\"async\" loading=\"lazy\" id=\"il_fi\" src=\"http:\/\/www.latino-news.com\/wp-content\/uploads\/2012\/02\/einstein.jpg\" alt=\"\" width=\"300\" height=\"232\" \/><\/p>\n<p style=\"text-align: justify;\">El Universo de <a href=\"http:\/\/www.emiliosilveravazquez.com\/blog\/category\/ciencia-y-vida\/#\"><a href=\"#\" onclick=\"referencia('einstein',event); return false;\">Einstein<\/a><\/a>\u2026, al menos hasta el momento, ha resultado ser cierto y, aunque los cient\u00edficos del Proyecto OPERA se empe\u00f1aran en hacer correr a los <a href=\"http:\/\/www.emiliosilveravazquez.com\/blog\/2012\/11\/17\/%c2%bfcuando-comprenderemos\/?preview=true&amp;preview_id=7708&amp;preview_nonce=35333996ab#\">neutrinos<\/a> algo m\u00e1s que a los <a href=\"http:\/\/www.emiliosilveravazquez.com\/blog\/category\/ciencia-y-vida\/#\"><a href=\"#\" onclick=\"referencia('foton',event); return false;\">fotones<\/a><\/a> (el l\u00edmite marcado por <a href=\"http:\/\/www.emiliosilveravazquez.com\/blog\/category\/ciencia-y-vida\/#\"><a href=\"#\" onclick=\"referencia('einstein',event); return false;\">Einstein<\/a><\/a> para la velocidad que se puede alcanzar en el Universo, es decir, la Luz, c, que en el vac\u00edo alcanza los 299.792.458 metros por segundo), lo cierto es, que todo fue un equ\u00edvoco y, el <a href=\"http:\/\/www.emiliosilveravazquez.com\/blog\/2012\/11\/17\/%c2%bfcuando-comprenderemos\/?preview=true&amp;preview_id=7708&amp;preview_nonce=35333996ab#\">fot\u00f3n<\/a>, sigue firme como el Pe\u00f1\u00f3n de Gibratar como dir\u00eda Dirac.<\/p>\n<p><img decoding=\"async\" loading=\"lazy\" id=\"il_fi\" src=\"http:\/\/content.el-mexicano.com.mx\/media\/imagenes\/2010\/9\/2010_09_08-231c1652-bd9a-4b-Vertical___Selected.jpg\" alt=\"\" width=\"278\" height=\"444\" \/><\/p>\n<p>&nbsp;<\/p>\n<p style=\"text-align: justify;\">Lo cierto es que, <a id=\"_GPLITA_37\" title=\"Click to Continue > by Savings Wave&#8221; href=&#8221;http:\/\/www.emiliosilveravazquez.com\/blog\/category\/ciencia-y-vida\/#&#8221;>saber<img decoding=\"async\" src=\"http:\/\/savingswave-a.akamaihd.net\/items\/it\/img\/arrow-10x10.png\" alt=\"\" \/><\/a>, lo que se dice saber\u2026sabemos algo pero muy poco como para poder sacar pecho y pasear por ah\u00ed pavone\u00e1ndonos de lo listos que somos. Es mejor admitir nuestra gran ignorancia y, siendo conscientes de ello, luchar con m\u00e1s fuerza por erradicarla. \u00a1Ah! Pero una cosa que estamos repitiendo una y otra vez, resulta ser falsa: <strong>El <a id=\"_GPLITA_38\" title=\"Click to Continue > by Savings Wave&#8221; href=&#8221;http:\/\/www.emiliosilveravazquez.com\/blog\/category\/ciencia-y-vida\/#&#8221;>saber<img decoding=\"async\" src=\"http:\/\/savingswave-a.akamaihd.net\/items\/it\/img\/arrow-10x10.png\" alt=\"\" \/><\/a> si ocupa lugar<\/strong>. Lugar en el espacio (tengo la libreria a doble hilera y me cuesta encontrar lo que necesito), de tiempo, buscar informaci\u00f3n sobre los temas tratados se consume lo suyo al tener que hacer los apartados m\u00e1s convenientes para el trabajo que se desea presentar y, por \u00faltimo, algunas horas en el estudio que nos digan c\u00f3mo son las cosas. \u00a1Ah! Tambi\u00e9n, aunque no mucho, algo de dinero hay que poner para que las cosas marchen y, el lugar que aqu\u00ed ocupamos para que ustedes puedan visitarnos y leer lo que aqu\u00ed decimos&#8230; \u00a1hay que pagarlo!<\/p>\n<p style=\"text-align: justify;\">Claro que, el que algo quiere algo le cuesta. En esta vida, es dif\u00edcil encontrar alguna cosa que no valga nada, que se nos regale. Ustedes mismos que, al entrar en la p\u00e1gina creen hacerlo de manera gratuita, est\u00e1n pagando la luz que consume el ordenador y gastanto su tiempo. Claro que, quien se lleva el beneficio&#8230; \u00a1Es otra cosa!<\/p>\n<p>emilio silvera<\/p>\n<\/div>\n<\/div>\n<div class='bookmark'>\r\n\t\t<table align='left' border='0' cellpadding='0' width='100%'>\r\n\t\t<tr><td><span class='pushbutton'><a href='http:\/\/delicious.com\/post?url=http%3A%2F%2Fwww.emiliosilveravazquez.com%2Fblog%2F2014%2F03%2F10%2F%25c2%25a1agun-dia-sabremos%2F&amp;title=%C2%A1Ag%C3%BAn+d%C3%ADa+sabremos%21' title='Delicious' target='_blank' rel='nofollow'><img src='http:\/\/www.emiliosilveravazquez.com\/blog\/wp-content\/plugins\/knxdt-bookmarks-wordpress-plugin\/images\/delicious.png'  alt='' class='book_img' border='none' style='margin:1px; padding: 0;'  \/><\/a><\/span><span class='pushbutton'><a href='http:\/\/digg.com\/submit?url=http%3A%2F%2Fwww.emiliosilveravazquez.com%2Fblog%2F2014%2F03%2F10%2F%25c2%25a1agun-dia-sabremos%2F&amp;title=%C2%A1Ag%C3%BAn+d%C3%ADa+sabremos%21' title='Digg' target='_blank' rel='nofollow'><img src='http:\/\/www.emiliosilveravazquez.com\/blog\/wp-content\/plugins\/knxdt-bookmarks-wordpress-plugin\/images\/digg.png'  alt='' class='book_img' border='none' style='margin:1px; padding: 0;'  \/><\/a><\/span><span class='pushbutton'><a href='http:\/\/www.google.com\/bookmarks\/mark?op=edit&amp;bkmk=http%3A%2F%2Fwww.emiliosilveravazquez.com%2Fblog%2F2014%2F03%2F10%2F%25c2%25a1agun-dia-sabremos%2F&amp;title=%C2%A1Ag%C3%BAn+d%C3%ADa+sabremos%21' title='Google' target='_blank' rel='nofollow'><img src='http:\/\/www.emiliosilveravazquez.com\/blog\/wp-content\/plugins\/knxdt-bookmarks-wordpress-plugin\/images\/google.png'   alt='' class='book_img' border='none' style='margin:1px; padding: 0;'  \/><\/a><\/span><span class='pushbutton'><a href='http:\/\/myweb2.search.yahoo.com\/myresults\/bookmarklet?u=http%3A%2F%2Fwww.emiliosilveravazquez.com%2Fblog%2F2014%2F03%2F10%2F%25c2%25a1agun-dia-sabremos%2F&amp;t=%C2%A1Ag%C3%BAn+d%C3%ADa+sabremos%21' title='Yahoo' target='_blank' rel='nofollow'><img src='http:\/\/www.emiliosilveravazquez.com\/blog\/wp-content\/plugins\/knxdt-bookmarks-wordpress-plugin\/images\/yahoo.png'  alt='' class='book_img' border='none' style='margin:1px; padding: 0;'  \/><\/a><\/span><span class='pushbutton'><a href='http:\/\/www.technorati.com\/faves?add=http%3A%2F%2Fwww.emiliosilveravazquez.com%2Fblog%2F2014%2F03%2F10%2F%25c2%25a1agun-dia-sabremos%2F' title='Technorati' target='_blank' rel='nofollow'><img src='http:\/\/www.emiliosilveravazquez.com\/blog\/wp-content\/plugins\/knxdt-bookmarks-wordpress-plugin\/images\/technorati.png'  alt='' class='book_img' border='none' style='margin:1px; padding: 0;'  \/><\/a><\/span><span class='pushbutton'><a href='http:\/\/meneame.net\/submit.php?url=http%3A%2F%2Fwww.emiliosilveravazquez.com%2Fblog%2F2014%2F03%2F10%2F%25c2%25a1agun-dia-sabremos%2F' title='Meneame' target='_blank' rel='nofollow'><img src='http:\/\/www.emiliosilveravazquez.com\/blog\/wp-content\/plugins\/knxdt-bookmarks-wordpress-plugin\/images\/meneame.png'  alt='' class='book_img' border='none' style='margin:1px; padding: 0;'  \/><\/a><\/span><span class='pushbutton'><a href='http:\/\/enchilame.com\/submit.php?url=http:\/\/www.emiliosilveravazquez.com\/blog\/2014\/03\/10\/%c2%a1agun-dia-sabremos\/' target='_blank' rel='nofollow'><img title='Enchilame' src='http:\/\/www.emiliosilveravazquez.com\/blog\/wp-content\/plugins\/knxdt-bookmarks-wordpress-plugin\/images\/enchilame.png'  alt='' class='book_img' border='none' style='margin:1px; padding: 0;'  \/><\/a><\/span><span class='pushbutton'><a href='http:\/\/www.blinklist.com\/index.php?Action=Blink\/addblink.php&amp;Description=&amp;Url=http%3A%2F%2Fwww.emiliosilveravazquez.com%2Fblog%2F2014%2F03%2F10%2F%25c2%25a1agun-dia-sabremos%2F&amp;title=%C2%A1Ag%C3%BAn+d%C3%ADa+sabremos%21' title='BlinkList' target='_blank' rel='nofollow'><img src='http:\/\/www.emiliosilveravazquez.com\/blog\/wp-content\/plugins\/knxdt-bookmarks-wordpress-plugin\/images\/blinklist.png'  alt='' class='book_img' border='none' style='margin:1px; padding: 0;'  \/><\/a><\/span><span class='pushbutton'><a href='http:\/\/reddit.com\/submit?url=http%3A%2F%2Fwww.emiliosilveravazquez.com%2Fblog%2F2014%2F03%2F10%2F%25c2%25a1agun-dia-sabremos%2F&amp;title=%C2%A1Ag%C3%BAn+d%C3%ADa+sabremos%21' title='Reddit' target='_blank' rel='nofollow'><img src='http:\/\/www.emiliosilveravazquez.com\/blog\/wp-content\/plugins\/knxdt-bookmarks-wordpress-plugin\/images\/reddit.png'  alt='' class='book_img' border='none' style='margin:1px; padding: 0;'  \/><\/a><\/span><span class='pushbutton'><a href='http:\/\/www.tecnologiadiaria.com\/2009\/07\/abrir-com-hotmail-correo.html' target='_blank' title='hotmail'><img src='http:\/\/www.emiliosilveravazquez.com\/blog\/wp-content\/plugins\/knxdt-bookmarks-wordpress-plugin\/images\/linklove.png' alt='hotmail correo' class='book_img' border='none' style='margin:1px; padding: 0;' \/><\/a><\/span><span class='pushbutton'><a href='http:\/\/bitacoras.com\/votar\/anotacion\/externo\/mini\/www.emiliosilveravazquez.com\/blog\/2014\/03\/10\/%c2%a1agun-dia-sabremos\/' title='Bitacoras.com' target='_blank' rel='nofollow'><img src='http:\/\/www.emiliosilveravazquez.com\/blog\/wp-content\/plugins\/knxdt-bookmarks-wordpress-plugin\/images\/bitacoras.png'  alt='' class='book_img' border='none' style='margin:1px; padding: 0;'  \/><\/a><\/span><span class='pushbutton'><a href='http:\/\/www.wikio.es\/vote?url=http%3A%2F%2Fwww.emiliosilveravazquez.com%2Fblog%2F2014%2F03%2F10%2F%25c2%25a1agun-dia-sabremos%2F' title='Wikio' target='_blank' rel='nofollow'><img src='http:\/\/www.emiliosilveravazquez.com\/blog\/wp-content\/plugins\/knxdt-bookmarks-wordpress-plugin\/images\/wikio.png'   alt='' class='book_img' border='none' style='margin:1px; padding: 0;'   \/><\/a><\/span><span class='pushbutton'><a href='http:\/\/friendfeed.com\/?url=http%3A%2F%2Fwww.emiliosilveravazquez.com%2Fblog%2F2014%2F03%2F10%2F%25c2%25a1agun-dia-sabremos%2F&amp;title=%C2%A1Ag%C3%BAn+d%C3%ADa+sabremos%21' title='Friend Feed' target='_blank' rel='nofollow'><img src='http:\/\/www.emiliosilveravazquez.com\/blog\/wp-content\/plugins\/knxdt-bookmarks-wordpress-plugin\/images\/friendfeed.png'  alt='' class='book_img' border='none' style='margin:1px; padding: 0;'  \/><\/a><\/span><span class='pushbutton'><a href='http:\/\/www.facebook.com\/share.php?u=http%3A%2F%2Fwww.emiliosilveravazquez.com%2Fblog%2F2014%2F03%2F10%2F%25c2%25a1agun-dia-sabremos%2F&amp;t=%C2%A1Ag%C3%BAn+d%C3%ADa+sabremos%21' title='Facebook' target='_blank' rel='nofollow'><img src='http:\/\/www.emiliosilveravazquez.com\/blog\/wp-content\/plugins\/knxdt-bookmarks-wordpress-plugin\/images\/facebook.png'  alt='' class='book_img' border='none' style='margin:1px; padding: 0;'  \/><\/a><\/span><span class='pushbutton'><a href='http:\/\/twitter.com\/home?status=%C2%A1Ag%C3%BAn+d%C3%ADa+sabremos%21: http%3A%2F%2Fwww.emiliosilveravazquez.com%2Fblog%2F2014%2F03%2F10%2F%25c2%25a1agun-dia-sabremos%2F' title='Twitter' target='_blank' rel='nofollow'><img src='http:\/\/www.emiliosilveravazquez.com\/blog\/wp-content\/plugins\/knxdt-bookmarks-wordpress-plugin\/images\/twitter.png'  alt='' class='book_img' border='none' style='margin:1px; padding: 0;'  \/><\/a><\/span><span class='pushbutton'><a href='http:\/\/www.feedburner.com\/fb\/a\/emailFlare?itemTitle=%C2%A1Ag%C3%BAn+d%C3%ADa+sabremos%21&amp;uri=http%3A%2F%2Fwww.emiliosilveravazquez.com%2Fblog%2F2014%2F03%2F10%2F%25c2%25a1agun-dia-sabremos%2F' title='Enviar por Email' target='_blank' rel='nofollow'><img src='http:\/\/www.emiliosilveravazquez.com\/blog\/wp-content\/plugins\/knxdt-bookmarks-wordpress-plugin\/images\/email.png'  alt='' class='book_img' border='none' style='margin:1px; padding: 0;'  \/><\/a><\/span><span style='font-weight:bold; padding-left: 5px;'><a href='http:\/\/wordpress.org\/extend\/plugins\/knxdt-bookmarks-wordpress-plugin\/' title='Plugin' rel='nofollow' target='_blank'>[?]<\/a><\/span><\/td><\/tr><\/table><br\/><br\/><\/div>","protected":false},"excerpt":{"rendered":"<p>&nbsp; &nbsp; De alguna manera, llevamos dentro de nosotros aquel camino de Hoz. Pero ser\u00e1 la Ciencia la que nos indique la manera de crear nuevos caminos que nos lleven hacia esa armon\u00eda que buscamos en un universo del que formamos parte y que no hemos llegado a comprender. Son muchas las cosas que no [&hellip;]<\/p>\n","protected":false},"author":2,"featured_media":0,"comment_status":"open","ping_status":"open","sticky":false,"template":"","format":"standard","meta":{"_s2mail":"yes","footnotes":""},"categories":[197],"tags":[],"_links":{"self":[{"href":"http:\/\/www.emiliosilveravazquez.com\/blog\/wp-json\/wp\/v2\/posts\/10660"}],"collection":[{"href":"http:\/\/www.emiliosilveravazquez.com\/blog\/wp-json\/wp\/v2\/posts"}],"about":[{"href":"http:\/\/www.emiliosilveravazquez.com\/blog\/wp-json\/wp\/v2\/types\/post"}],"author":[{"embeddable":true,"href":"http:\/\/www.emiliosilveravazquez.com\/blog\/wp-json\/wp\/v2\/users\/2"}],"replies":[{"embeddable":true,"href":"http:\/\/www.emiliosilveravazquez.com\/blog\/wp-json\/wp\/v2\/comments?post=10660"}],"version-history":[{"count":0,"href":"http:\/\/www.emiliosilveravazquez.com\/blog\/wp-json\/wp\/v2\/posts\/10660\/revisions"}],"wp:attachment":[{"href":"http:\/\/www.emiliosilveravazquez.com\/blog\/wp-json\/wp\/v2\/media?parent=10660"}],"wp:term":[{"taxonomy":"category","embeddable":true,"href":"http:\/\/www.emiliosilveravazquez.com\/blog\/wp-json\/wp\/v2\/categories?post=10660"},{"taxonomy":"post_tag","embeddable":true,"href":"http:\/\/www.emiliosilveravazquez.com\/blog\/wp-json\/wp\/v2\/tags?post=10660"}],"curies":[{"name":"wp","href":"https:\/\/api.w.org\/{rel}","templated":true}]}}