{"id":10659,"date":"2026-03-15T08:17:10","date_gmt":"2026-03-15T07:17:10","guid":{"rendered":"http:\/\/www.emiliosilveravazquez.com\/blog\/?p=10659"},"modified":"2026-03-15T08:17:38","modified_gmt":"2026-03-15T07:17:38","slug":"el-universo-siempre-asombroso","status":"publish","type":"post","link":"http:\/\/www.emiliosilveravazquez.com\/blog\/2026\/03\/15\/el-universo-siempre-asombroso\/","title":{"rendered":"El UNiverso siempre asombroso"},"content":{"rendered":"<p align=\"justify\">\n<p align=\"justify\">\n<p align=\"justify\">\n<p align=\"justify\">\n<p style=\"text-align: justify;\" align=\"justify\">\u00a0<a href=\"http:\/\/www.eluniverso.org.es\/2012\/10\/el-tiempo-de-planck-y-otros\/\" rel=\"bookmark\">El Tiempo de Planck y otros<\/a><\/p>\n<p align=\"justify\">\n<p align=\"justify\"><img decoding=\"async\" loading=\"lazy\" class=\"\" src=\"https:\/\/s2.abcstatics.com\/abc\/www\/multimedia\/ciencia\/2023\/09\/26\/Why-Antimatter-Matters-Rbva2KXbQknAPqIMbZxT2QO-1200x840@abc.jpg\" alt=\"Equilibrio, estabilidad: el resultado de dos fuerzas contrapuestas : Blog  de Emilio Silvera V.\" width=\"357\" height=\"250\" \/><img decoding=\"async\" loading=\"lazy\" class=\"\" src=\"https:\/\/upload.wikimedia.org\/wikipedia\/commons\/thumb\/3\/3c\/Yin_and_Yang_symbol.svg\/330px-Yin_and_Yang_symbol.svg.png\" alt=\"Yin y yang - Wikipedia, la enciclopedia libre\" width=\"251\" height=\"251\" \/><\/p>\n<p align=\"justify\">\n<div>\n<p style=\"text-align: justify;\">Todos los objetos del Universo son el resulta de fuerzas antag\u00f3nicas que, al ser iguales, se equilibran y consiguen la estabilidad. Las estrellas son el mejor ejemplo: La Gravedad trata de comprimir a la estrella que, mediante la fusi\u00f3n tiende a expandirse y, la lucha de esas dos fuerzas crea la estabilidad.<\/p>\n<\/div>\n<p>&nbsp;<\/p>\n<p><img decoding=\"async\" loading=\"lazy\" class=\"\" src=\"https:\/\/1.bp.blogspot.com\/_-xT7MahYMs0\/TBBz2N62OQI\/AAAAAAAABSs\/Q1EqCQCMqDs\/s1600\/Gnosis.01.jpg\" alt=\"El Tiempo de Planck y otras maravillas : Blog de Emilio Silvera V.\" width=\"627\" height=\"406\" \/><\/p>\n<p>&nbsp;<\/p>\n<div>\n<p style=\"text-align: justify;\">Estas estructuras, podemos decir que son entidades estables que existen en el Universo. Existen porque son malabarismos estables <a id=\"_GPLITA_46\" title=\"Click to Continue &gt; by Savings Wave\" href=\"http:\/\/www.eluniverso.org.es\/2012\/10\/#\">entre<img decoding=\"async\" src=\"http:\/\/savingswave-a.akamaihd.net\/items\/it\/img\/arrow-10x10.png\" alt=\"\" \/><\/a> fuerzas competidoras de atracci\u00f3n y repulsi\u00f3n. Por ejemplo, en el caso de un planeta, como la Tierra, hay un equilibrio entre la fuerza atractiva de la Gravedad y la repulsi\u00f3n at\u00f3mica que aparece cuando los \u00e1tomos se comprimen demasiado juntos. Todos estos equilibrios pueden expresarse aproximadamente en t\u00e9rminos de dos n\u00fameros puros creados a partir de las constantes e (<a href=\"http:\/\/www.emiliosilveravazquez.com\/blog\/2012\/10\/30\/el-tiempo-de-planck-y-otros\/\">electr\u00f3n<\/a>), h (<a href=\"http:\/\/www.emiliosilveravazquez.com\/blog\/2012\/10\/30\/el-tiempo-de-planck-y-otros\/\"><a href=\"#\" onclick=\"referencia('planck constante de',event); return false;\">constante de Planck<\/a><\/a>), G (constante de gravitaci\u00f3n) y mp (masa del <a href=\"http:\/\/www.emiliosilveravazquez.com\/blog\/2012\/10\/30\/el-tiempo-de-planck-y-otros\/\"><a href=\"#\" onclick=\"referencia('proton',event); return false;\">prot\u00f3n<\/a><\/a>), c (la velocidad de la luz en el vac\u00edo). Pero, \u00bfque es el Tiempo de Planck.<\/p>\n<p style=\"text-align: justify;\"><strong>El Tiempo de Planck que se denota:<br \/>\n<\/strong><\/p>\n<ul class=\"KsbFXc U6u95\" data-sfc-cb=\"\" data-processed=\"true\">\n<li class=\"dF3vjf\" data-sfc-cb=\"\" data-hveid=\"CAQQAg\" data-processed=\"true\"><span class=\"T286Pc\" data-sfc-cp=\"\" data-sfc-cb=\"\" data-processed=\"true\"><strong class=\"Yjhzub\" data-sfc-cb=\"\" data-processed=\"true\">Valor:<\/strong><\/span>\n<div data-processed=\"true\"><img decoding=\"async\" role=\"presentation\" draggable=\"false\" src=\"data:image\/gif;base64,R0lGODlhAQABAIAAAP\/\/\/wAAACH5BAEAAAAALAAAAAABAAEAAAICRAEAOw==\" aria-hidden=\"true\" data-xpm-latex=\"t_P \" data-imglogged=\"true\" data-processed=\"true\" \/><\/div>\n<div data-processed=\"true\"><img decoding=\"async\" role=\"presentation\" draggable=\"false\" src=\"data:image\/gif;base64,R0lGODlhAQABAIAAAP\/\/\/wAAACH5BAEAAAAALAAAAAABAAEAAAICRAEAOw==\" aria-hidden=\"true\" data-xpm-latex=\"\\hphantom{}= \\sqrt{\\frac{\\hbar G}{c^5}} \" data-imglogged=\"true\" data-processed=\"true\" \/><\/p>\n<table class=\"wikitable col1cen col4cen\">\n<tbody>\n<tr>\n<td><strong><span class=\"mwe-math-element mwe-math-element-inline\"><img decoding=\"async\" class=\"mwe-math-fallback-image-inline mw-invert skin-invert\" src=\"https:\/\/wikimedia.org\/api\/rest_v1\/media\/math\/render\/svg\/5190f9ac88f7527038d929916c0db1b7024ca6bf\" alt=\"{\\displaystyle t_{P}}\" aria-hidden=\"true\" \/><\/span><\/strong><\/td>\n<td><strong>Tiempo de Planck<\/strong><\/td>\n<td><strong><span class=\"mwe-math-element mwe-math-element-inline\"><span class=\"mwe-math-mathml-inline mwe-math-mathml-a11y\">\u2248<\/span><img decoding=\"async\" class=\"mwe-math-fallback-image-inline mw-invert skin-invert\" src=\"https:\/\/wikimedia.org\/api\/rest_v1\/media\/math\/render\/svg\/c6cbeb6e40e672a6cc4d28c32daa9dac5f24656b\" alt=\"{\\displaystyle \\approx \\,}\" aria-hidden=\"true\" \/><\/span>5.39106(32)E-44<\/strong><\/td>\n<td><strong>s<\/strong><\/td>\n<\/tr>\n<\/tbody>\n<\/table>\n<\/div>\n<div data-processed=\"true\"><img decoding=\"async\" role=\"presentation\" draggable=\"false\" src=\"data:image\/gif;base64,R0lGODlhAQABAIAAAP\/\/\/wAAACH5BAEAAAAALAAAAAABAAEAAAICRAEAOw==\" aria-hidden=\"true\" data-xpm-latex=\"\\hphantom{}\\approx 5.391 \" data-imglogged=\"true\" data-processed=\"true\" \/><\/div>\n<div data-processed=\"true\"><img decoding=\"async\" role=\"presentation\" draggable=\"false\" src=\"data:image\/gif;base64,R0lGODlhAQABAIAAAP\/\/\/wAAACH5BAEAAAAALAAAAAABAAEAAAICRAEAOw==\" aria-hidden=\"true\" data-xpm-latex=\"\\hphantom{}\\times 10^{-44} \" data-imglogged=\"true\" data-processed=\"true\" \/><\/div>\n<div data-processed=\"true\"><img decoding=\"async\" role=\"presentation\" draggable=\"false\" src=\"data:image\/gif;base64,R0lGODlhAQABAIAAAP\/\/\/wAAACH5BAEAAAAALAAAAAABAAEAAAICRAEAOw==\" aria-hidden=\"true\" data-xpm-latex=\"\\text{ s}\" data-imglogged=\"true\" data-processed=\"true\" \/><\/div>\n<p><span class=\"T286Pc\" data-sfc-cp=\"\" data-sfc-cb=\"\" data-processed=\"true\">.<\/span><\/li>\n<\/ul>\n<p style=\"text-align: justify;\">Es el tiempo que necesita el <a href=\"http:\/\/www.emiliosilveravazquez.com\/blog\/2012\/10\/30\/el-tiempo-de-planck-y-otros\/\">fot\u00f3n<\/a> (viajando a la velocidad de la luz, <em>c<\/em>, para moverse a trav\u00e9s de una distancia igual a la <a href=\"http:\/\/www.emiliosilveravazquez.com\/blog\/2012\/10\/30\/el-tiempo-de-planck-y-otros\/\"><a href=\"#\" onclick=\"referencia('planck longitud de',event); return false;\">longitud de Planck<\/a><\/a>. Est\u00e1 dado por \u00a0segundos, donde <em>G<\/em> es la constante gravitacional (6\u2019672 59 (85) \u00d710<sup>-11<\/sup> N m<sup>2<\/sup> kg<sup>-2<\/sup>), <em>\u0127<\/em> es la <a href=\"http:\/\/www.emiliosilveravazquez.com\/blog\/2012\/10\/30\/el-tiempo-de-planck-y-otros\/\"><a href=\"#\" onclick=\"referencia('planck constante de',event); return false;\">constante de Planck<\/a><\/a> racionalizada (\u0127 = h\/2\u03c0 = 1\u2019054589 \u00d7 10<sup>-34<\/sup> Julios segundo) y <em>c<\/em> es la velocidad de la luz (299.792.458 m\/s).<\/p>\n<\/div>\n<blockquote><p><img decoding=\"async\" src=\"https:\/\/wikimedia.org\/api\/rest_v1\/media\/math\/render\/svg\/628b580dcd254a7fde49a8edd9bde8f79b34f1e0\" alt=\"{\\displaystyle t_{P}={\\sqrt {\\frac {\\hbar G}{c^{5}}}}}\" \/><\/p><\/blockquote>\n<div>\n<p style=\"text-align: justify;\">\u00a0\u00a0\u00a0\u00a0\u00a0\u00a0\u00a0 <strong>\u00a0 \u00a0Otra variante del Tp<\/strong><\/p>\n<p style=\"text-align: justify;\">El valor del tiempo del Planck es del orden de 10<sup>-43<\/sup> segundos. En la cosmolog\u00eda del <a href=\"http:\/\/www.emiliosilveravazquez.com\/blog\/2012\/10\/30\/el-tiempo-de-planck-y-otros\/\"><a href=\"#\" onclick=\"referencia('big bang',event); return false;\">Big Bang<\/a><\/a>, hasta un tiempo (T<sub>p<\/sub>) despu\u00e9s del instante inicial, es necesaria usar una teor\u00eda cu\u00e1ntica de la gravedad para describir la evoluci\u00f3n del universo. Expresado en n\u00fameros corrientes que todos podamos entender, su valor es 0\u2019000.000.000.000.000.000.000.000.000.000.000.000.000.000.1 de 1 segundo, que es el tiempo que necesita el <a href=\"http:\/\/www.emiliosilveravazquez.com\/blog\/2012\/10\/30\/el-tiempo-de-planck-y-otros\/\">fot\u00f3n<\/a> para recorrer la <a href=\"http:\/\/www.emiliosilveravazquez.com\/blog\/2012\/10\/30\/el-tiempo-de-planck-y-otros\/\"><a href=\"#\" onclick=\"referencia('planck longitud de',event); return false;\">longitud de Planck<\/a><\/a>, de 10<sup>-35 <\/sup>metrtos (veinte \u00f3rdenes de magnitud menor que el tama\u00f1o de del <a href=\"http:\/\/www.emiliosilveravazquez.com\/blog\/2012\/10\/30\/el-tiempo-de-planck-y-otros\/\"><a href=\"#\" onclick=\"referencia('proton',event); return false;\">prot\u00f3n<\/a><\/a> de 10<sup>-15<\/sup> metros). el l\u00edmite de Planck es L<sub>p<\/sub> = \u221a(G\u0127\/c<sup>3<\/sup> \u2248 1\u201961624 x 10<sup>-35<\/sup> m.<\/p>\n<p style=\"text-align: justify;\">Todo, <a id=\"_GPLITA_44\" title=\"Click to Continue &gt; by Savings Wave\" href=\"http:\/\/www.eluniverso.org.es\/2012\/10\/#\">desde<img decoding=\"async\" src=\"http:\/\/savingswave-a.akamaihd.net\/items\/it\/img\/arrow-10x10.png\" alt=\"\" \/><\/a> <a href=\"http:\/\/www.emiliosilveravazquez.com\/blog\/2012\/10\/30\/el-tiempo-de-planck-y-otros\/\"><a href=\"#\" onclick=\"referencia('einstein',event); return false;\">Einstein<\/a><\/a>, es relativo. Depende de la pregunta que se formule y de qui\u00e9n nos de la respuesta.<\/p>\n<p style=\"text-align: justify;\"><img decoding=\"async\" loading=\"lazy\" id=\"irc_mi\" class=\"irc_mut\" style=\"margin-top: 47px;\" src=\"http:\/\/3.bp.blogspot.com\/_gdfaZAzxY9s\/TMifBTtxXzI\/AAAAAAAAAwM\/W9xyy_IIhC8\/s400\/escaleralibre.jpg\" alt=\"\" width=\"400\" height=\"300\" \/><\/p>\n<p style=\"text-align: justify;\">El tiempo es la escalera con pelda\u00f1os hasta el infinito que nos llevar\u00eda hasta el fin de la eternidad pero que&#8230; \u00a1Ninguno podremos recorrrer! Nuestro tiempo, como el de las estrellas y los mundos, es finito. No importa que el nuestro sea de una escala menor de decenas de a\u00f1os y el de la estrella de miles de millones, lo cierto es que, ambos, nosotros y las estrellas, tenemos un comienzo y un fin, as\u00ed lo dispuso la Naturaleza que, nos deja estar aqui el tiempo preciso para que podamos desarrollar la funci\u00f3n encomendada.<\/p>\n<p style=\"text-align: justify;\">Si preguntamos \u00bfqu\u00e9 es el tiempo?, tendr\u00edamos que ser precisos y especificar si estamos preguntando por esa dimensi\u00f3n temporal que no deja de fluir <a id=\"_GPLITA_45\" title=\"Click to Continue &gt; by Savings Wave\" href=\"http:\/\/www.eluniverso.org.es\/2012\/10\/#\">desde<img decoding=\"async\" src=\"http:\/\/savingswave-a.akamaihd.net\/items\/it\/img\/arrow-10x10.png\" alt=\"\" \/><\/a> el <a href=\"http:\/\/www.emiliosilveravazquez.com\/blog\/2012\/10\/30\/el-tiempo-de-planck-y-otros\/\"><a href=\"#\" onclick=\"referencia('big bang',event); return false;\">Big Bang<\/a><\/a> y que nos acompa\u00f1a a lo largo de nuestras vidas, o nos referimos al tiempo at\u00f3mico, ese adoptado por el <a href=\"http:\/\/www.emiliosilveravazquez.com\/blog\/2012\/10\/30\/el-tiempo-de-planck-y-otros\/\"><a href=\"#\" onclick=\"referencia('unidades del si',event); return false;\">SI<\/a><\/a>, cuya unidad es el segundo y se basa en las frecuencias at\u00f3micas, definida a partir de una l\u00ednea espectral particular de \u00e1tomo de cesio-133, o nos referimos a lo que se conoce como tiempo civil, tiempo coordinado, tiempo de crecimiento, tiempo de cruce, tiempo de integraci\u00f3n, tiempo de relajaci\u00f3n, tiempo din\u00e1mico o din\u00e1mico de Baric\u00e9ntrico, din\u00e1mico terrestre, tiempo terrestre, tiempo de Efem\u00e9rides, de huso horario, tiempo est\u00e1ndar, <a id=\"_GPLITA_43\" title=\"Click to Continue &gt; by Savings Wave\" href=\"http:\/\/www.eluniverso.org.es\/2012\/10\/#\">tiempo local<img decoding=\"async\" src=\"http:\/\/savingswave-a.akamaihd.net\/items\/it\/img\/arrow-10x10.png\" alt=\"\" \/><\/a>, tiempo luz, tiempo medio, etc, etc. Cada una de estas versiones del tiempo tiene una respuesta diferente, ya que no es lo mismo el tiempo propio que el tiempo sid\u00e9reo o el tiempo solar, o solar aparente, o solar medio, o tiempo terrestre, o tiempo universal. Como se puede ver, la respuesta depender\u00e1 de c\u00f3mo hagamos la pregunta dejando claro de qu\u00e9 clase de tiempo queremos saber.<\/p>\n<p style=\"text-align: justify;\">Hasta se ha llegado a pensar que el &#8220;Tiempo&#8221;, eso que llamamos <strong>&#8220;pasado, presente y futuro&#8221;<\/strong>, era una simple abstracci\u00f3n inventada por nosotros para poder manejarnos en nuestras vidas cotidianas adaptando a la rotaci\u00f3n de la Tierra sobre s\u00ed misma, y alrededor del Sol, una serie de n\u00fameros que denominamos segundos, minutos, horas, d\u00edas&#8230; meses, a\u00f1os, siglos, milenios&#8230; Para encuadradar el &#8220;tiempo&#8221; en que sucediron las cosas, la hora de salir y entrar en la oficina, quedar con un amigo para tomar un caf\u00e9&#8230;<\/p>\n<p style=\"text-align: justify;\">Claro que, el Tiempo es mucho m\u00e1s que todo eso. De todas las maneras, nosotros, siempre hemos tendido a racionarlo todo y, con el Tiempo, inventamos el reloj que, primera fue de Sol, despu\u00e9s de arena, de p\u00e9ndulo&#8230; Hasta llegar a los relojes at\u00f3micos de Cesio.<\/p>\n<p>&nbsp;<\/p>\n<blockquote>\n<p style=\"text-align: justify;\"><img decoding=\"async\" loading=\"lazy\" src=\"http:\/\/eltamiz.com\/images\/2010\/March\/reloj-cesio-1.jpg\" alt=\"\" width=\"121\" height=\"216\" \/><\/p>\n<\/blockquote>\n<p style=\"text-align: justify;\">Relos de Cesio cuyo funcionamiento se basa en la diferencia de energ\u00eda entre dos estados del n\u00facleo de Cesio-133 cuando se sit\u00faa en un campo magn\u00e9tico. En un tipo, los \u00e1tomos de cesio-133 son irradiados con radiaci\u00f3n de radiofrecuencia, cuya frecuencia es elegida para corresponder a la diferencia de energ\u00eda entre los dos estados. Es decir, nos valemos de un <a id=\"_GPLITA_48\" title=\"Click to Continue &gt; by Savings Wave\" href=\"http:\/\/www.eluniverso.org.es\/2012\/10\/#\">sistema<img decoding=\"async\" src=\"http:\/\/savingswave-a.akamaihd.net\/items\/it\/img\/arrow-10x10.png\" alt=\"\" \/><\/a> complejo para determinar lo que el tiempo es basado en lo que de \u00e9l nos indica la Naturaleza.<\/p>\n<p style=\"text-align: justify;\">En realidad, para todos nosotros el \u00fanico tiempo que rige es el que tenemos a lo largo de nuestras vidas; los otros tiempos, son inventos del hombre para facilitar sus tareas de medida, de convivencia o de otras cuestiones t\u00e9cnicas o astron\u00f3micas pero, sin embargo, el tiempo es s\u00f3lo uno; ese que comenz\u00f3 cuando naci\u00f3 el universo y que finalizar\u00e1 cuando \u00e9ste llegue a su final.<\/p>\n<\/div>\n<p style=\"text-align: justify;\">\n<blockquote><p><img decoding=\"async\" loading=\"lazy\" class=\"\" src=\"https:\/\/encrypted-tbn0.gstatic.com\/images?q=tbn:ANd9GcSj_3YSRuVSxGF_8lMQOhoye-ehwRiZ6rlGCg&amp;s\" alt=\"Eta Carinae&quot;, la estrella vecina que ayuda a explicar el Universo | CNN\" width=\"443\" height=\"249\" \/><\/p><\/blockquote>\n<div>\n<p style=\"text-align: justify;\">Ah\u00ed, enterrada en el centro de esa inmensa concentraci\u00f3n de gas y polvo, est\u00e1 escondido la estrella hipergigante Eta Carinae, una estrella variable que lleg\u00f3 a ser la segunda estrella m\u00e1s brillante del cielo con una magnitud de -0,8. Es una variable Azul luminosa y est\u00e1 clasificada como una estrella S Doradus. Se estima que tiene una masa de 100 masas solares (es decir, cien soles juntos) y, sin duda alguna, podr\u00eda ser una de las estrellas m\u00e1s masivas de la Galaxia.<\/p>\n<p style=\"text-align: justify;\">La masa m\u00e1xima estimada para una estrella est\u00e1 en unas 120 masas solares, ya que, de ser m\u00e1s masiva, su propia radiaci\u00f3n la destruir\u00eda y, es precisamente eso lo que le ocurre a Eta Carinae que, para no ser destruida ha encontrado el &#8220;truco&#8221; de eyectar material al espacio interestelar que ahora la envuelve evitando as\u00ed su destrucci\u00f3n. Aqu\u00ed la estrella queda oculta y lo \u00fanico que contemplamos es el espectro visible de la Nebulosa del Hom\u00fanculo como se conoce esa envoltura que la oculta. Est\u00e1 a 8.000 a\u00f1os-luz del Sol y las observaciones nos dicen que es una intensa fuente de radiaci\u00f3n infrarroja y su importante p\u00e9rdida de masa (alrededor de 0,l masa solares a\u00f1 a\u00f1o) tiene asociadas energ\u00edas pr\u00f3ximas a las de las supernovas.<\/p>\n<p style=\"text-align: justify;\">Lo cierto es que para las estrellas supermasivas, cuando llegan al final de su ciclo y dejan de brillar por agotamiento de su combustible nuclear, en ese preciso instante, el tiempo se agota para ella. Cuando una estrella pierde el equilibrio existente entre la energ\u00eda termonuclear (que tiende a expandir la estrella) y la fuerza de gravedad (que tiende a comprimirla), al quedar sin oposici\u00f3n esta \u00faltima, la estrella supermasiva se contrae aplastada bajo su propia masa. Queda comprimida hasta tal nivel que llega un momento que desaparece, para convertirse en un <a href=\"http:\/\/www.emiliosilveravazquez.com\/blog\/2012\/10\/30\/el-tiempo-de-planck-y-otros\/\"><a href=\"#\" onclick=\"referencia('agujero negro',event); return false;\">agujero negro<\/a><\/a>, una <a href=\"http:\/\/www.emiliosilveravazquez.com\/blog\/2012\/10\/30\/el-tiempo-de-planck-y-otros\/\"><a href=\"#\" onclick=\"referencia('singularidad',event); return false;\">singularidad<\/a><\/a>, donde dejan de existir el \u201ctiempo\u201d y el <a id=\"_GPLITA_49\" title=\"Click to Continue &gt; by Savings Wave\" href=\"http:\/\/www.eluniverso.org.es\/2012\/10\/#\">espacio<img decoding=\"async\" src=\"http:\/\/savingswave-a.akamaihd.net\/items\/it\/img\/arrow-10x10.png\" alt=\"\" \/><\/a>. A su alrededor nace un <em>horizonte de sucesos<\/em>, que si se traspasa se es engullido por la enorme gravedad del <a href=\"http:\/\/www.emiliosilveravazquez.com\/blog\/2012\/10\/30\/el-tiempo-de-planck-y-otros\/\"><a href=\"#\" onclick=\"referencia('agujero negro',event); return false;\">agujero negro<\/a><\/a>.<\/p>\n<p style=\"text-align: justify;\">Seg\u00fan todos los indicios, la F\u00edsica nos dice que, al llegar a la <a href=\"http:\/\/www.emiliosilveravazquez.com\/blog\/2012\/10\/30\/el-tiempo-de-planck-y-otros\/\"><a href=\"#\" onclick=\"referencia('singularidad',event); return false;\">singularidad<\/a><\/a> de un <a href=\"http:\/\/www.emiliosilveravazquez.com\/blog\/2012\/10\/30\/el-tiempo-de-planck-y-otros\/\"><a href=\"#\" onclick=\"referencia('agujero negro',event); return false;\">agujero negro<\/a><\/a>, no podremos <a id=\"_GPLITA_47\" title=\"Click to Continue &gt; by Savings Wave\" href=\"http:\/\/www.eluniverso.org.es\/2012\/10\/#\">encontrar<img decoding=\"async\" src=\"http:\/\/savingswave-a.akamaihd.net\/items\/it\/img\/arrow-10x10.png\" alt=\"\" \/><\/a> ni tiempo ni espacio. Es una regi\u00f3n que, estando en este mundo, es como si estuviera en otro al que s\u00f3lo se podr\u00e1 llegar a trav\u00e9s de la teor\u00eda tan esperada de la gravedad cu\u00e1ntica. Aqu\u00ed, en la Singularidad, la Relatividad de <a href=\"http:\/\/www.emiliosilveravazquez.com\/blog\/2012\/10\/30\/el-tiempo-de-planck-y-otros\/\"><a href=\"#\" onclick=\"referencia('einstein',event); return false;\">Einstein<\/a><\/a> llega y hace mutis por el foro.<\/p>\n<p style=\"text-align: justify;\">El tiempo, de esta manera, deja de existir en <a id=\"_GPLITA_52\" title=\"Click to Continue &gt; by Savings Wave\" href=\"http:\/\/www.eluniverso.org.es\/2012\/10\/#\">estas<img decoding=\"async\" src=\"http:\/\/savingswave-a.akamaihd.net\/items\/it\/img\/arrow-10x10.png\" alt=\"\" \/><\/a> regiones del universo que conocemos como <em><a href=\"http:\/\/www.emiliosilveravazquez.com\/blog\/2012\/10\/30\/el-tiempo-de-planck-y-otros\/\"><a href=\"#\" onclick=\"referencia('singularidad',event); return false;\">singularidad<\/a><\/a><\/em>. El mismo <a href=\"http:\/\/www.emiliosilveravazquez.com\/blog\/2012\/10\/30\/el-tiempo-de-planck-y-otros\/\"><a href=\"#\" onclick=\"referencia('big bang',event); return false;\">Big Bang<\/a><\/a> surgi\u00f3 de una <a href=\"http:\/\/www.emiliosilveravazquez.com\/blog\/2012\/10\/30\/el-tiempo-de-planck-y-otros\/\"><a href=\"#\" onclick=\"referencia('singularidad',event); return false;\">singularidad<\/a><\/a> de energ\u00eda y densidad infinitas que, al explotar, se expandi\u00f3 y cre\u00f3 el tiempo, el <a id=\"_GPLITA_50\" title=\"Click to Continue &gt; by Savings Wave\" href=\"http:\/\/www.eluniverso.org.es\/2012\/10\/#\">espacio<img decoding=\"async\" src=\"http:\/\/savingswave-a.akamaihd.net\/items\/it\/img\/arrow-10x10.png\" alt=\"\" \/><\/a> y la materia.<\/p>\n<\/div>\n<p style=\"text-align: justify;\">\n<p><img decoding=\"async\" loading=\"lazy\" class=\"\" src=\"https:\/\/storage.noirlab.edu\/media\/archives\/images\/screen\/noirlab2405a.jpg\" alt=\"Astron\u00f3mos miden el par de Agujeros Negros m\u00e1s pesado jam\u00e1s encontrado |  NOIRLab\" width=\"686\" height=\"386\" \/><\/p>\n<p>&nbsp;<\/p>\n<div>\n<p style=\"text-align: justify;\">Cuando hablamos de estrellas masivas que, al final de sus viodas se conviereten en Agujeros Negros, no pensamos en la inmensa densidad que, dichas <a href=\"#\" onclick=\"referencia('singularidad',event); return false;\">singularidad<\/a>es pueden llegar a alcanzar, de all\u00ed no escapa ni la lus que tiene el record de velocidad en nuestro Universo. Ve\u00e1mos:<\/p>\n<p style=\"text-align: justify;\">Hemos comprendido que, a mayor masa del cuerpo del que se pretende escapar, mayor ser\u00e1 la velocidad que necesitamos para escapar de \u00e9l. Una muestra:<\/p>\n<p>&nbsp;<\/p>\n<table border=\"1\" cellspacing=\"0\" cellpadding=\"0\">\n<tbody>\n<tr>\n<td width=\"115\">Objeto<\/td>\n<td width=\"166\">Velocidad de escape<\/td>\n<\/tr>\n<tr>\n<td width=\"115\">La Tierra<\/td>\n<td width=\"166\">\u2026\u2026\u2026\u2026.11,18 Km\/s<\/td>\n<\/tr>\n<tr>\n<td width=\"115\">El Sol<\/td>\n<td width=\"166\">\u2026\u2026\u2026\u2026.617,3 Km\/s<\/td>\n<\/tr>\n<tr>\n<td width=\"115\">J\u00fapiter<\/td>\n<td width=\"166\">\u2026\u2026\u2026\u2026\u202659,6 Km\/s<\/td>\n<\/tr>\n<tr>\n<td width=\"115\"><a id=\"_GPLITA_40\" title=\"Click to Continue &gt; by Savings Wave\" href=\"http:\/\/www.eluniverso.org.es\/2012\/12\/de-estrella-masiva-a-un-agujero-negro\/#\">Saturno<img decoding=\"async\" src=\"http:\/\/savingswave-a.akamaihd.net\/items\/it\/img\/arrow-10x10.png\" alt=\"\" \/><\/a><\/td>\n<td width=\"166\">\u2026\u2026\u2026\u2026\u202635,6 Km\/s<\/td>\n<\/tr>\n<tr>\n<td width=\"115\">Venus<\/td>\n<td width=\"166\">\u2026\u2026\u2026\u2026.10,36 Km\/s<\/td>\n<\/tr>\n<tr>\n<td width=\"115\">Agujero <a id=\"_GPLITA_38\" title=\"Click to Continue &gt; by Savings Wave\" href=\"http:\/\/www.eluniverso.org.es\/2012\/12\/de-estrella-masiva-a-un-agujero-negro\/#\">negro<img decoding=\"async\" src=\"http:\/\/savingswave-a.akamaihd.net\/items\/it\/img\/arrow-10x10.png\" alt=\"\" \/><\/a><\/td>\n<td width=\"166\">\u2026.+ de 299.000 Km\/s<\/td>\n<\/tr>\n<\/tbody>\n<\/table>\n<p style=\"text-align: justify;\">Ponernos a comentar sobre objetos y fen\u00f3menos que en el Universo est\u00e1n presentes, puede <a id=\"_GPLITA_39\" title=\"Click to Continue &gt; by Savings Wave\" href=\"http:\/\/www.eluniverso.org.es\/2012\/12\/de-estrella-masiva-a-un-agujero-negro\/#\">llegar<img decoding=\"async\" src=\"http:\/\/savingswave-a.akamaihd.net\/items\/it\/img\/arrow-10x10.png\" alt=\"\" \/><\/a> a sar fascinante. A medida que nos sumergimos en las complejidades de las cosas, los procesos mediante los cu\u00e1les cambian para convertirse en otras diferentes de las que en un principio eran, los ritmos y energ\u00edas, las fuerzas fundamentales que act\u00faan sobre ellos\u2026Es una maravilla.<\/p>\n<\/div>\n<p>&nbsp;<\/p>\n<p><img decoding=\"async\" src=\"https:\/\/2.bp.blogspot.com\/-o8qYxB76QZQ\/TzqcBDTeMjI\/AAAAAAAAArI\/GBl1bHCgNoU\/s1600\/u3-t4-i5.JPG\" alt=\"Enanas Blancas, estrellas misteriosas : Blog de Emilio Silvera V.\" \/><\/p>\n<p>&nbsp;<\/p>\n<div>\n<p style=\"text-align: justify;\">Como contraposici\u00f3n a estas enormes densidades de las enanas blancas, estrellas de <a href=\"http:\/\/www.emiliosilveravazquez.com\/blog\/2012\/10\/30\/el-tiempo-de-planck-y-otros\/\">neutrones<\/a> y <a href=\"http:\/\/www.emiliosilveravazquez.com\/blog\/2012\/10\/30\/el-tiempo-de-planck-y-otros\/\"><a href=\"#\" onclick=\"referencia('agujero negro',event); return false;\">agujeros negros<\/a><\/a>, existen regiones del <a id=\"_GPLITA_51\" title=\"Click to Continue &gt; by Savings Wave\" href=\"http:\/\/www.eluniverso.org.es\/2012\/10\/#\">espacio<img decoding=\"async\" src=\"http:\/\/savingswave-a.akamaihd.net\/items\/it\/img\/arrow-10x10.png\" alt=\"\" \/><\/a> que contienen menos galaxias que el promedio o incluso ninguna galaxia; a estas regiones las conocemos como vac\u00edo c\u00f3smico. Han sido detectados vac\u00edos con menos de una d\u00e9cima de la densidad promedio del universo en escalas de hasta 200 millones de a\u00f1os luz en exploraciones a gran escala. Estas regiones son a menudo esf\u00e9ricas. El primer gran vac\u00edo en ser detectado fue el de Bo\u00f6tes en 1.981; tiene un radio de unos 180 millones de a\u00f1os luz y su centro se encuentra aproximadamente a 500 millones de a\u00f1os luz de la V\u00eda L\u00e1ctea. La existencia de grandes vac\u00edos no es sorprendente, dada la existencia de c\u00famulos de galaxias y superc\u00famulos a escalas muy grandes.<\/p>\n<p style=\"text-align: justify;\"><a href=\"http:\/\/3.bp.blogspot.com\/_w1kycNNBkOE\/TGFZBGNLkrI\/AAAAAAAAEF8\/aSOuB_DBbg4\/s1600\/0211_diameter_ill3.jpg\"><img decoding=\"async\" loading=\"lazy\" src=\"http:\/\/3.bp.blogspot.com\/_w1kycNNBkOE\/TGFZBGNLkrI\/AAAAAAAAEF8\/aSOuB_DBbg4\/s1600\/0211_diameter_ill3.jpg\" alt=\"\" width=\"640\" height=\"500\" \/><\/a><\/p>\n<p style=\"text-align: justify;\">Muchos son los misterios que nos quedan por resolver y muchos tambi\u00e9n los objetos que, estando ah\u00ed, a\u00fan no han sido localizados. La vastedad del inmenso Universo, hace dif\u00edcil saber la realidad de todo su <a id=\"_GPLITA_55\" title=\"Click to Continue &gt; by Savings Wave\" href=\"http:\/\/www.eluniverso.org.es\/2012\/10\/#\">contenido<img decoding=\"async\" src=\"http:\/\/savingswave-a.akamaihd.net\/items\/it\/img\/arrow-10x10.png\" alt=\"\" \/><\/a> y, necesitaremos siglos de estudio y observaci\u00f3n para poder acernos, aunque sea m\u00ednimamente, a sus secretos.<\/p>\n<p style=\"text-align: justify;\">Mientras que en estas regiones la materia es muy escasa, en una sola estrella de <a href=\"http:\/\/www.emiliosilveravazquez.com\/blog\/2012\/10\/30\/el-tiempo-de-planck-y-otros\/\">neutrones<\/a>, si pudi\u00e9ramos retirar 1 cm<sup>3<\/sup> de su masa, obtendr\u00edamos una cantidad de materia incre\u00edble. Su densidad es de 10<sup>17<\/sup> Kg\/m<sup>3<\/sup>; los <a href=\"http:\/\/www.emiliosilveravazquez.com\/blog\/2012\/10\/30\/el-tiempo-de-planck-y-otros\/\">electrones<\/a> y los <a href=\"http:\/\/www.emiliosilveravazquez.com\/blog\/2012\/10\/30\/el-tiempo-de-planck-y-otros\/\">protones<\/a> est\u00e1n tan juntos que se combinan y forman <a href=\"http:\/\/www.emiliosilveravazquez.com\/blog\/2012\/10\/30\/el-tiempo-de-planck-y-otros\/\">neutrones<\/a> que se degeneran haciendo estable la estrella de ese nombre que, despu\u00e9s del <a href=\"http:\/\/www.emiliosilveravazquez.com\/blog\/2012\/10\/30\/el-tiempo-de-planck-y-otros\/\"><a href=\"#\" onclick=\"referencia('agujero negro',event); return false;\">agujero negro<\/a><\/a>, es el objeto estelar m\u00e1s denso del universo.<\/p>\n<p style=\"text-align: justify;\">Es interesante ver c\u00f3mo a trav\u00e9s de las matem\u00e1ticas y la geometr\u00eda, han sabido los humanos <a id=\"_GPLITA_54\" title=\"Click to Continue &gt; by Savings Wave\" href=\"http:\/\/www.eluniverso.org.es\/2012\/10\/#\">encontrar<img decoding=\"async\" src=\"http:\/\/savingswave-a.akamaihd.net\/items\/it\/img\/arrow-10x10.png\" alt=\"\" \/><\/a> la forma de medir el mundo y encontrar las formas del universo. Pasando por Arqu\u00edmedes, Pit\u00e1goras, <a href=\"http:\/\/www.emiliosilveravazquez.com\/blog\/2012\/10\/30\/el-tiempo-de-planck-y-otros\/\"><a href=\"#\" onclick=\"referencia('newton',event); return false;\">Newton<\/a><\/a>, Gauss o Riemann (entre otros), siempre hemos tratado de <a id=\"_GPLITA_53\" title=\"Click to Continue &gt; by Savings Wave\" href=\"http:\/\/www.eluniverso.org.es\/2012\/10\/#\">buscar<img decoding=\"async\" src=\"http:\/\/savingswave-a.akamaihd.net\/items\/it\/img\/arrow-10x10.png\" alt=\"\" \/><\/a> las respuestas de las cosas por medio de las matem\u00e1ticas.<\/p>\n<blockquote>\n<p style=\"text-align: justify;\">Arthur C. Clarke<em> nos dec\u00eda: \u201cMagia es cualquier tecnolog\u00eda suficientemente avanzada\u201d <\/em><\/p>\n<p style=\"text-align: justify;\">\n<\/blockquote>\n<p style=\"text-align: justify;\">Por mi partre creo que la magia, la verdadera magia yace en nosotros mismos que hemos sido capaces de evolucionar y llegar a conocer sobre los secretos de las estrellas y del Universo. Cuando sepamos comprender otros muchos de los misterios que encierra la Naturaleza (entre ellos nosotros)<em>, <\/em>entonces tomaremos consciencia de que, la magia, est\u00e1 por todas partes, simplemente tenemos que saber observarla y que no se escape a nuestros sentidos.<em><br \/>\n<\/em><\/p>\n<p style=\"text-align: justify;\"><img decoding=\"async\" loading=\"lazy\" src=\"http:\/\/www.ciberdroide.com\/wordpress\/wp-content\/uploads\/2001-odisea1.jpg\" alt=\"\" width=\"450\" height=\"338\" \/><\/p>\n<p style=\"text-align: justify;\">Pero tambi\u00e9n es magia el hecho de que en cualquier tiempo y lugar, de manera inesperada, aparezca una <a id=\"_GPLITA_57\" title=\"Click to Continue &gt; by Savings Wave\" href=\"http:\/\/www.eluniverso.org.es\/2012\/10\/#\">persona<img decoding=\"async\" src=\"http:\/\/savingswave-a.akamaihd.net\/items\/it\/img\/arrow-10x10.png\" alt=\"\" \/><\/a> dotada de condiciones especiales que le permiten ver estructuras complejas matem\u00e1ticas que hacen posible que la humanidad avance considerablemente a trav\u00e9s de esos nuevos conceptos que nos permiten <a id=\"_GPLITA_56\" title=\"Click to Continue &gt; by Savings Wave\" href=\"http:\/\/www.eluniverso.org.es\/2012\/10\/#\">entrar<img decoding=\"async\" src=\"http:\/\/savingswave-a.akamaihd.net\/items\/it\/img\/arrow-10x10.png\" alt=\"\" \/><\/a> en espacios antes cerrados, ampliando el horizonte de nuestro saber.<\/p>\n<p style=\"text-align: justify;\"><img decoding=\"async\" loading=\"lazy\" src=\"http:\/\/images.google.com\/images?q=tbn:ANd9GcQe7ywQgACcKfVKKq63xLZ_DIbxk_GDZDF5WseaRzUH-iYYHW45I8kYIHI7:cosas.files.wordpress.com\/2010\/06\/ramanujan.jpg\" alt=\"\" width=\"150\" height=\"142\" \/><\/p>\n<p style=\"text-align: justify;\">Recuerdo aqu\u00ed uno de esos extra\u00f1os casos que surgi\u00f3 el d\u00eda 10 de Junio de 1.854 con el nacimiento de una nueva geometr\u00eda: la teor\u00eda de dimensiones m\u00e1s altas que fue introducida cuando Georg Friedrich Bernhard Riemann dio su c\u00e9lebre conferencia en la facultad de la Universidad de G\u00f6ttingen en Alemania. Aquello fue como abrir de golpe todas las ventanas cerradas durante 2.000 a\u00f1os de una l\u00f3brega habitaci\u00f3n que, de <a id=\"_GPLITA_58\" title=\"Click to Continue &gt; by Savings Wave\" href=\"http:\/\/www.eluniverso.org.es\/2012\/10\/#\">pronto<img decoding=\"async\" src=\"http:\/\/savingswave-a.akamaihd.net\/items\/it\/img\/arrow-10x10.png\" alt=\"\" \/><\/a>, se ve inundada por la luz cegadora de un Sol radiante. Riemann regal\u00f3 al mundo las sorprendentes propiedades del espacio multidimensional.<\/p>\n<p style=\"text-align: justify;\">\u00a0<img decoding=\"async\" loading=\"lazy\" id=\"irc_mi\" style=\"margin-top: 79px;\" src=\"http:\/\/2.bp.blogspot.com\/_js6wgtUcfdQ\/RxpVbEsZrvI\/AAAAAAAAAcQ\/314mRCgm3lU\/s400\/seudoesfera.gif\" alt=\"\" width=\"222\" height=\"235\" \/><\/p>\n<p style=\"text-align: justify;\">\u00a0\u00a0\u00a0\u00a0\u00a0\u00a0\u00a0\u00a0\u00a0\u00a0\u00a0\u00a0\u00a0\u00a0\u00a0\u00a0\u00a0\u00a0\u00a0\u00a0\u00a0\u00a0\u00a0\u00a0\u00a0\u00a0\u00a0\u00a0\u00a0\u00a0\u00a0\u00a0\u00a0\u00a0\u00a0\u00a0\u00a0\u00a0\u00a0\u00a0\u00a0\u00a0\u00a0\u00a0\u00a0\u00a0 La nueva geometr\u00eda de Riemann nos dijo como era la realidad del espacio, del Universo<\/p>\n<p style=\"text-align: justify;\">Su ensayo, de profunda importancia y elegancia excepcional, \u201c<em>sobre las hip\u00f3tesis que subyacen en los fundamentos de la geometr\u00eda<\/em>\u201d derrib\u00f3 pilares de la geometr\u00eda cl\u00e1sica griega, que hab\u00edan resistido con \u00e9xito todos los asaltos de los esc\u00e9pticos durante dos milenios.<\/p>\n<blockquote>\n<p style=\"text-align: justify;\"><img decoding=\"async\" loading=\"lazy\" id=\"irc_mi\" style=\"margin-top: 0px;\" src=\"http:\/\/alonsogonzalezm.files.wordpress.com\/2007\/05\/euclides44.jpg\" alt=\"\" width=\"273\" height=\"393\" \/><\/p>\n<\/blockquote>\n<p style=\"text-align: justify;\">La vieja geometr\u00eda de Euclides, en la cual todas las figuras geom\u00e9tricas son de dos o tres dimensiones, se ven\u00eda abajo, mientras una nueva geometr\u00eda riemanniana surg\u00eda de sus ruinas. La revoluci\u00f3n riemanniana iba a tener grandes consecuencias para el futuro de las artes y las ciencias. En menos de tres decenios, la \u201cmisteriosa cuarta dimensi\u00f3n\u201d influir\u00eda en la evoluci\u00f3n del arte, la filosof\u00eda y la literatura en toda Europa. Antes de que hubieran pasado seis decenios a partir de la conferencia de Riemann, <a href=\"http:\/\/www.emiliosilveravazquez.com\/blog\/2012\/10\/30\/el-tiempo-de-planck-y-otros\/\"><a href=\"#\" onclick=\"referencia('einstein',event); return false;\">Einstein<\/a><\/a> utilizar\u00eda la geometr\u00eda riemanniana tetradimensional para explicar la creaci\u00f3n del universo y su evoluci\u00f3n mediante su asombrosa teor\u00eda de la <a href=\"http:\/\/www.emiliosilveravazquez.com\/blog\/2012\/10\/30\/el-tiempo-de-planck-y-otros\/\"><a href=\"#\" onclick=\"referencia('relatividad',event); return false;\">relatividad<\/a><\/a> <a id=\"_GPLITA_59\" title=\"Click to Continue &gt; by Savings Wave\" href=\"http:\/\/www.eluniverso.org.es\/2012\/10\/#\">general<img decoding=\"async\" src=\"http:\/\/savingswave-a.akamaihd.net\/items\/it\/img\/arrow-10x10.png\" alt=\"\" \/><\/a>. Ciento treinta a\u00f1os despu\u00e9s de su conferencia, los f\u00edsicos utilizar\u00edan la geometr\u00eda decadimensional para intentar unir todas las leyes del universo. El n\u00facleo de la obra de Riemann era la comprensi\u00f3n de las leyes f\u00edsicas mediante su simplificaci\u00f3n al contemplarlas en espacios de m\u00e1s dimensiones.<\/p>\n<p style=\"text-align: justify;\">Contradictoriamente, Riemann era la persona menos indicada para anunciar tan profunda y completa evoluci\u00f3n en el pensamiento matem\u00e1tico y f\u00edsico. Era hura\u00f1o, solitario y sufr\u00eda crisis nerviosas. De salud muy precaria que arruin\u00f3 su vida en la miseria abyecta y la tuberculosis. Al igual que aquel otro genio, Ramanujan, murio muy joven.<\/p>\n<p style=\"text-align: justify;\"><img decoding=\"async\" loading=\"lazy\" id=\"irc_mi\" class=\"irc_mut\" style=\"margin-top: 37px;\" src=\"http:\/\/3.bp.blogspot.com\/-c2C7_QQFhnk\/TuntPw1H_ZI\/AAAAAAAAAUA\/m-dCvXHryEg\/s1600\/_0245.jpg\" alt=\"\" width=\"558\" height=\"320\" \/><\/p>\n<p style=\"text-align: justify;\">Despu\u00e9s de un largo recorrido por este mundo, de un sin fin de experiencias, de pasar por situaciones m\u00faltiples en todos los sentidos del bien y del mal, de graves problemas laborales y familiares, de muchas horas de estudio y observaci\u00f3n, de pensar profundamente en el origen de las cosas&#8230; Despu\u00e9s de todo eso y una larga vida, se puede llegar a adquirir algo de sabidur\u00eda<\/p>\n<p style=\"text-align: justify;\">Claro que la Sabidur\u00eda es una buena noticia para todos nosotros. Si alguien la posee, siempre tender\u00e1 a exponerla a los dem\u00e1s para que, de una u otra <a id=\"_GPLITA_147\" title=\"Click to Continue &gt; by Savings Wave\" href=\"http:\/\/www.eluniverso.org.es\/2012\/10\/#\">forma<img decoding=\"async\" src=\"http:\/\/savingswave-a.akamaihd.net\/items\/it\/img\/arrow-10x10.png\" alt=\"\" \/><\/a> podamos disfrutar de ella aunque s\u00f3lo sea a trav\u00e9s de la admiraci\u00f3n hacia el Sabio que nos la muestra pero, en realidad, en el \u00faltimo momento, lo que deseamos es apropiarnos de algo de esa sabidur\u00eda para nosotros. \u00a1Necesitamos saber! Dicen que un <strong>Hombre solo est\u00e1 en mala compa\u00f1\u00eda<\/strong> y, se podr\u00eda a\u00f1adir tambi\u00e9n que, <strong>Un Ser que no posee un conocimiento, aunque sea somero y superficial, del mundo que le acoge, de la Naturaleza y del Universo en fin, m\u00e1s que s\u00f3lo estar\u00e1 vac\u00edo. \u00bfQue sentido tiene no saber?<\/strong><\/p>\n<p style=\"text-align: justify;\">Es el saber popular de todas las Sociedades a lo alrgo de la Historia, la sabidur\u00eda siempre ha sido asociada con los ancianos. La sabidur\u00eda ha sido el m\u00e1s preciado bien y, en torno a ella, todos nos hemos puesto en coro a escuchar esas palabras sabias que nos indicaban el camino a seguir.<\/p>\n<p>&nbsp;<\/p>\n<p style=\"text-align: justify;\"><img decoding=\"async\" loading=\"lazy\" id=\"il_fi\" src=\"http:\/\/elnuevodespertar.files.wordpress.com\/2011\/12\/realidad2.jpg?w=497\" alt=\"\" width=\"497\" height=\"372\" \/><\/p>\n<p style=\"text-align: justify;\">\u00bfQu\u00e9 es la realidad?, \u00bfComo la definimos?, \u00bfCu\u00e1ntas realidades hay?, \u00bfCada uno de nosotros tiene su propia realidad?\u00bfQu\u00e9 realidad nos transmite el Universo en nuestro Mundo, ser\u00e1 distinta a realidades de otros Mundos? \u00bfEs una realidad la cu\u00e1ntica? \u00bfExisten realidades que no podemos percibir? La realidad va en funci\u00f3n de la percepci\u00f3n que se tenga de ella, y esta <a id=\"_GPLITA_144\" title=\"Click to Continue &gt; by Savings Wave\" href=\"http:\/\/www.eluniverso.org.es\/2012\/10\/#\">forma<img decoding=\"async\" src=\"http:\/\/savingswave-a.akamaihd.net\/items\/it\/img\/arrow-10x10.png\" alt=\"\" \/><\/a> parte de la Conciencia. Nuestra conciencia actual es un condicionamiento de nuestra visi\u00f3n del mundo actual y colectivo, es la que nos ense\u00f1aron nuestros padres, maestros, la sociedad, gobierno y religiones. A esta manera de ver y entender el mundo, pertenece el antiguo paradigma. Y, como nos dir\u00eda Tom Wood, necesitamos nuevos paradigmas para poder entender la \u201crealidad\u201d de la Naturaleza.<\/p>\n<p style=\"text-align: justify;\">Es cierto que, algunas veces, cuando profundamente pensamos en todos estos conceptos, llegamos a la conclusi\u00f3n de que la realidad no existe, y, si entramos en el mundo de la filos\u00f3f\u00eda podr\u00edamos argumentar que nunca nadie ha podido \u201cver\u201d un pensamiento y, sin embargo, \u00bfcu\u00e1ntos generamos durante nuestras vidas?<\/p>\n<blockquote>\n<p style=\"text-align: justify;\">\u00a0<img decoding=\"async\" loading=\"lazy\" id=\"irc_mi\" class=\"irc_mut\" style=\"margin-top: 68px;\" src=\"http:\/\/trinityeyes.files.wordpress.com\/2008\/08\/galatomo.jpg\" alt=\"\" width=\"350\" height=\"258\" \/><\/p>\n<\/blockquote>\n<p style=\"text-align: justify;\">Nosotros estamos en un mundo F\u00edsico donde est\u00e1 presente lo peque\u00f1o y lo grande. Todo lo grande est\u00e1 hecho de cosas peque\u00f1as. De la materia &#8220;inerte&#8221; saurgieron los pensamientos. De esos pensamientos que son generados por el cerebro de un ser consciente, ha llegado a nacer algo m\u00e1s, un Ente que est\u00e1 m\u00e1s all\u00e1 de la F\u00edsica y, se eleva hacia lo Metaf\u00edsico que no hemos llegado a comprender, eso otro elevado a un nivel superior y que llamamos Mente, est\u00e1, sin duda, conectado mediante hilos invisibles al Universo mismo del que forma parte.<\/p>\n<p style=\"text-align: justify;\">El mundo f\u00edsico, incluido nuestro cuerpo, es una reacci\u00f3n del observador. Creamos el cuerpo seg\u00fan creamos la experiencia de nuestro mundo.En su estado esencial (microc\u00f3smico), el cuerpo est\u00e1 formado de energ\u00eda e informaci\u00f3n, y no de materia s\u00f3lida. Esta energ\u00eda e informaci\u00f3n, surge de los infinitos campos de energ\u00eda e informaci\u00f3n que abarcan todos los universos. La mente y sus cuerpos, <a id=\"_GPLITA_145\" title=\"Click to Continue &gt; by Savings Wave\" href=\"http:\/\/www.eluniverso.org.es\/2012\/10\/#\">desde<img decoding=\"async\" src=\"http:\/\/savingswave-a.akamaihd.net\/items\/it\/img\/arrow-10x10.png\" alt=\"\" \/><\/a> el f\u00edsico hasta el espiritual y sus m\u00faltiples manifestaciones multidimensionales, son inseparablemente uno, o sea la unidad YO SOY.<\/p>\n<p style=\"text-align: justify;\"><img decoding=\"async\" loading=\"lazy\" id=\"irc_mi\" class=\"irc_mut\" style=\"margin-top: 0px;\" src=\"http:\/\/1.bp.blogspot.com\/_Vvde0qFaG18\/S_XsQRaQwMI\/AAAAAAAAACU\/onwxBMRzC_E\/s1600\/7-Anclando+la+mente+1.20m+x+1m.JPG\" alt=\"\" width=\"524\" height=\"393\" \/><\/p>\n<p style=\"text-align: justify;\">\u00a0\u00a0\u00a0\u00a0\u00a0\u00a0\u00a0\u00a0\u00a0\u00a0\u00a0\u00a0\u00a0\u00a0\u00a0\u00a0\u00a0\u00a0\u00a0 Como el t\u00edtulo del cuadro, todos andamos anclados en la Mente<\/p>\n<p style=\"text-align: justify;\">El YO, dependiendo de qui\u00e9n lo est\u00e9 manejando y hasta que punto pueda ser consciente del arma que tiene a su servicio, puede ser muy poderoso: Yo puedo, Yo quiero, Yo soy capaz&#8230; \u00bfCu\u00e1ntas cosas no se habr\u00e1n conseguido con esos pensamientos? Creer en s\u00ed mismo, es vital para conseguir los logros propuestos. La Mente est\u00e1 formada por un conjunto de pensamientos, y, en ella, reside ese YO que no conocemos.<\/p>\n<p style=\"text-align: justify;\">Esta unidad Yo Soy, la separaremos en dos corrientes de experiencia. La experimentamos primero como corriente subjetiva, como pensamientos, ideas, sentimientos, deseos y emociones. La corriente objetiva la experimentamos como el cuerpo f\u00edsico, mas sin embargo en un plano mas profundo, las dos corrientes se encuentran en una sola fuente creativa, y es a partir de esta , <a id=\"_GPLITA_146\" title=\"Click to Continue &gt; by Savings Wave\" href=\"http:\/\/www.eluniverso.org.es\/2012\/10\/#\">desde<img decoding=\"async\" src=\"http:\/\/savingswave-a.akamaihd.net\/items\/it\/img\/arrow-10x10.png\" alt=\"\" \/><\/a> donde realmente nos manifestamos y tenemos nuestro ser.<\/p>\n<p style=\"text-align: justify;\">Claro que, todas las metas perseguidas tienen un precio y, si no estamos dispuestos a pagarlo&#8230; \u00a1Mala cosa ser\u00e1! Nada se nos regala. En este mundo nuestro, todo tiene un precio y, sacrificarse para conseguir los objetivos, es esencial.<\/p>\n<p style=\"text-align: justify;\">La bioqu\u00edmica del cuerpo es un producto de la conciencia, las creencias, los sentimientos, las emociones, los pensamientos e ideas, crean reacciones que sostienen la vida en <a id=\"_GPLITA_142\" title=\"Click to Continue &gt; by Savings Wave\" href=\"http:\/\/www.eluniverso.org.es\/2012\/10\/#\">cada<img decoding=\"async\" src=\"http:\/\/savingswave-a.akamaihd.net\/items\/it\/img\/arrow-10x10.png\" alt=\"\" \/><\/a> c\u00e9lula. La percepci\u00f3n parece como algo autom\u00e1tico, pero esto es un fen\u00f3meno aprendido, si cambias tu percepci\u00f3n, cambias la experiencia de tu yo , y por ende de tu mundo.<\/p>\n<p>&nbsp;<\/p>\n<blockquote>\n<p style=\"text-align: justify;\"><img decoding=\"async\" src=\"http:\/\/www.sindioses.org\/colGlenys\/glenys20120611_incertidumbre.jpg\" alt=\"\" \/><\/p>\n<\/blockquote>\n<p style=\"text-align: justify;\">Por supuesto, todos sabemos el dilema del observador en la cu\u00e1ntica. Se trata del enigm\u00e1tico <a href=\"http:\/\/www.emiliosilveravazquez.com\/blog\/2012\/10\/28\/cerebro-mente-inteligencia-sabiduria\/\"><a href=\"#\" onclick=\"referencia('indeterminacion principio de',event); return false;\">principio de incertidumbre<\/a><\/a> que nos impide medir una part\u00edcula sin afectar el resultado. Es posible conocer una cosa, m\u00e1s no la otra. Por mucho tiempo, Copenhague fue el modelo que rigi\u00f3 ese conocimiento espec\u00edfico de la cu\u00e1ntica pero ya existe otro. Tenemos el experimento del f\u00edsico John Cramer que bas\u00f3 su modelo en la teor\u00eda de radiaci\u00f3n electromagn\u00e9tica de Wheeler-Feynman y predice los resultados de los experimentos cu\u00e1nticos tan bien <a id=\"_GPLITA_143\" title=\"Click to Continue &gt; by Savings Wave\" href=\"http:\/\/www.eluniverso.org.es\/2012\/10\/#\">como<img decoding=\"async\" src=\"http:\/\/savingswave-a.akamaihd.net\/items\/it\/img\/arrow-10x10.png\" alt=\"\" \/><\/a> el \u201cviejo\u201d modelo lo hace. Lo m\u00e1s atractivo: el observador no tiene ning\u00fan papel especial en el resultado.<\/p>\n<p style=\"text-align: justify;\">Los humanos seguimos afianz\u00e1ndonos a todo lo que nos ponga en el centro de las cosas. Los fen\u00f3menos que no pueden ser explicados nos excitan y hemos estado us\u00e1ndolos para justificar a nuestros dioses <a id=\"_GPLITA_141\" title=\"Click to Continue &gt; by Savings Wave\" href=\"http:\/\/www.eluniverso.org.es\/2012\/10\/#\">desde<img decoding=\"async\" src=\"http:\/\/savingswave-a.akamaihd.net\/items\/it\/img\/arrow-10x10.png\" alt=\"\" \/><\/a> que descubrimos que podemos producir ilusiones para tapar nuestra ignorancia. Cada vez que algo es explicado, movemos nuestras pertenencias hacia el pr\u00f3ximo misterio; y cuando ese enigma revela sus mecanismos nos pasamos a otro. No es la ausencia de evidencia lo que mortifica al creyente que propone afirmaciones extraordinarias como verdaderas, son las evidencias del otro, del cient\u00edfico en el laboratorio; \u00e9l lo obliga a buscar otra casa y mudarse donde no haya iluminaci\u00f3n.<\/p>\n<p style=\"text-align: justify;\">Lo cierto es que, creamos nuestra propia realidad dentro de otra realidad m\u00e1s grande que resulta ser el UNIVERSO.<\/p>\n<p style=\"text-align: justify;\"><img decoding=\"async\" loading=\"lazy\" src=\"http:\/\/static.flickr.com\/88\/236908625_db6e158108.jpg\" alt=\"\" width=\"388\" height=\"290\" align=\"middle\" border=\"0\" hspace=\"6\" vspace=\"6\" \/><\/p>\n<p style=\"text-align: justify;\">Claro que, esa sabidur\u00eda a la que antes me refer\u00eda nos deber\u00eda llevar <a id=\"_GPLITA_139\" title=\"Click to Continue &gt; by Savings Wave\" href=\"http:\/\/www.eluniverso.org.es\/2012\/10\/#\">hasta<img decoding=\"async\" src=\"http:\/\/savingswave-a.akamaihd.net\/items\/it\/img\/arrow-10x10.png\" alt=\"\" \/><\/a> prop\u00f3sitos superiores, incluso de una c\u00e9lula podr\u00edamos aprender: Cada C\u00e9lula del cuerpo acuerda <a id=\"_GPLITA_138\" title=\"Click to Continue &gt; by Savings Wave\" href=\"http:\/\/www.eluniverso.org.es\/2012\/10\/#\">trabajar<img decoding=\"async\" src=\"http:\/\/savingswave-a.akamaihd.net\/items\/it\/img\/arrow-10x10.png\" alt=\"\" \/><\/a> por el bien del Todo; el Bienestar individual es secundario. Si es preciso, morir\u00e1 para proteger al cuerpo (Lo que ocurre con frecuencia). La vida de cualquier c\u00e9lula es much\u00edsimo m\u00e1s breve que la nuestra. Las celulas de la piel mueren por cientos cada hora, al igual que las inmunol\u00f3gicas que combaten los microbios invasores. El ego\u00edsmo resulta inconcebible, incluso cuando la supervivencia de las c\u00e9lulas est\u00e1 en juego.<\/p>\n<p style=\"text-align: justify;\">\u00bfPor qu\u00e9 no hacemos nosotros lo mismo? \u00bfAcaso no hemos finalizado nuestro proceso de Humanizaci\u00f3n, o, por el contrario, simplemente se trata de que somos as\u00ed. Seres egoistas en los que prima lo individual y el YO, contra el NOSOTROS, <a id=\"_GPLITA_140\" title=\"Click to Continue &gt; by Savings Wave\" href=\"http:\/\/www.eluniverso.org.es\/2012\/10\/#\">como<img decoding=\"async\" src=\"http:\/\/savingswave-a.akamaihd.net\/items\/it\/img\/arrow-10x10.png\" alt=\"\" \/><\/a> Ente principal. Hay una cuesti\u00f3n que me da algo de esperanza: Cuando hablamos de nuestros hijos, de nuestro ser Amado\u2026El Yo se queda detr\u00e1s y prevalecen esos valores que, en realidad, son los que nos ditinguen y nos hacen grandes.<\/p>\n<p style=\"text-align: justify;\">Bueno, pero \u00bfno estaba hablando de estrellas masivas, de la Mente, la Sabidur\u00eda y la Inteligencia? S\u00ed, es posible. Sin embargo, todo siempre viene a desembocar en&#8230; \u00a1Nosotros y el Universo! Que, al fin y akl cabo, somos la misma cosa.<\/p>\n<blockquote>\n<p style=\"text-align: justify;\"><strong>Emilio Silvera V.<\/strong><\/p>\n<\/blockquote>\n<p>&nbsp;<\/p>\n<p style=\"text-align: justify;\"><em>\u00a0<\/em><\/p>\n<\/div>\n<div class='bookmark'>\r\n\t\t<table align='left' border='0' cellpadding='0' width='100%'>\r\n\t\t<tr><td><span class='pushbutton'><a href='http:\/\/delicious.com\/post?url=http%3A%2F%2Fwww.emiliosilveravazquez.com%2Fblog%2F2026%2F03%2F15%2Fel-universo-siempre-asombroso%2F&amp;title=El+UNiverso+siempre+asombroso' title='Delicious' target='_blank' rel='nofollow'><img src='http:\/\/www.emiliosilveravazquez.com\/blog\/wp-content\/plugins\/knxdt-bookmarks-wordpress-plugin\/images\/delicious.png'  alt='' class='book_img' border='none' style='margin:1px; padding: 0;'  \/><\/a><\/span><span class='pushbutton'><a href='http:\/\/digg.com\/submit?url=http%3A%2F%2Fwww.emiliosilveravazquez.com%2Fblog%2F2026%2F03%2F15%2Fel-universo-siempre-asombroso%2F&amp;title=El+UNiverso+siempre+asombroso' title='Digg' target='_blank' rel='nofollow'><img src='http:\/\/www.emiliosilveravazquez.com\/blog\/wp-content\/plugins\/knxdt-bookmarks-wordpress-plugin\/images\/digg.png'  alt='' class='book_img' border='none' style='margin:1px; padding: 0;'  \/><\/a><\/span><span class='pushbutton'><a href='http:\/\/www.google.com\/bookmarks\/mark?op=edit&amp;bkmk=http%3A%2F%2Fwww.emiliosilveravazquez.com%2Fblog%2F2026%2F03%2F15%2Fel-universo-siempre-asombroso%2F&amp;title=El+UNiverso+siempre+asombroso' title='Google' target='_blank' rel='nofollow'><img src='http:\/\/www.emiliosilveravazquez.com\/blog\/wp-content\/plugins\/knxdt-bookmarks-wordpress-plugin\/images\/google.png'   alt='' class='book_img' border='none' style='margin:1px; padding: 0;'  \/><\/a><\/span><span class='pushbutton'><a href='http:\/\/myweb2.search.yahoo.com\/myresults\/bookmarklet?u=http%3A%2F%2Fwww.emiliosilveravazquez.com%2Fblog%2F2026%2F03%2F15%2Fel-universo-siempre-asombroso%2F&amp;t=El+UNiverso+siempre+asombroso' title='Yahoo' target='_blank' rel='nofollow'><img src='http:\/\/www.emiliosilveravazquez.com\/blog\/wp-content\/plugins\/knxdt-bookmarks-wordpress-plugin\/images\/yahoo.png'  alt='' class='book_img' border='none' style='margin:1px; padding: 0;'  \/><\/a><\/span><span class='pushbutton'><a href='http:\/\/www.technorati.com\/faves?add=http%3A%2F%2Fwww.emiliosilveravazquez.com%2Fblog%2F2026%2F03%2F15%2Fel-universo-siempre-asombroso%2F' title='Technorati' target='_blank' rel='nofollow'><img src='http:\/\/www.emiliosilveravazquez.com\/blog\/wp-content\/plugins\/knxdt-bookmarks-wordpress-plugin\/images\/technorati.png'  alt='' class='book_img' border='none' style='margin:1px; padding: 0;'  \/><\/a><\/span><span class='pushbutton'><a href='http:\/\/meneame.net\/submit.php?url=http%3A%2F%2Fwww.emiliosilveravazquez.com%2Fblog%2F2026%2F03%2F15%2Fel-universo-siempre-asombroso%2F' title='Meneame' target='_blank' rel='nofollow'><img src='http:\/\/www.emiliosilveravazquez.com\/blog\/wp-content\/plugins\/knxdt-bookmarks-wordpress-plugin\/images\/meneame.png'  alt='' class='book_img' border='none' style='margin:1px; padding: 0;'  \/><\/a><\/span><span class='pushbutton'><a href='http:\/\/enchilame.com\/submit.php?url=http:\/\/www.emiliosilveravazquez.com\/blog\/2026\/03\/15\/el-universo-siempre-asombroso\/' target='_blank' rel='nofollow'><img title='Enchilame' src='http:\/\/www.emiliosilveravazquez.com\/blog\/wp-content\/plugins\/knxdt-bookmarks-wordpress-plugin\/images\/enchilame.png'  alt='' class='book_img' border='none' style='margin:1px; padding: 0;'  \/><\/a><\/span><span class='pushbutton'><a href='http:\/\/www.blinklist.com\/index.php?Action=Blink\/addblink.php&amp;Description=&amp;Url=http%3A%2F%2Fwww.emiliosilveravazquez.com%2Fblog%2F2026%2F03%2F15%2Fel-universo-siempre-asombroso%2F&amp;title=El+UNiverso+siempre+asombroso' title='BlinkList' target='_blank' rel='nofollow'><img src='http:\/\/www.emiliosilveravazquez.com\/blog\/wp-content\/plugins\/knxdt-bookmarks-wordpress-plugin\/images\/blinklist.png'  alt='' class='book_img' border='none' style='margin:1px; padding: 0;'  \/><\/a><\/span><span class='pushbutton'><a href='http:\/\/reddit.com\/submit?url=http%3A%2F%2Fwww.emiliosilveravazquez.com%2Fblog%2F2026%2F03%2F15%2Fel-universo-siempre-asombroso%2F&amp;title=El+UNiverso+siempre+asombroso' title='Reddit' target='_blank' rel='nofollow'><img src='http:\/\/www.emiliosilveravazquez.com\/blog\/wp-content\/plugins\/knxdt-bookmarks-wordpress-plugin\/images\/reddit.png'  alt='' class='book_img' border='none' style='margin:1px; padding: 0;'  \/><\/a><\/span><span class='pushbutton'><a href='http:\/\/www.tecnologiadiaria.com\/2009\/07\/abrir-com-hotmail-correo.html' target='_blank' title='hotmail'><img src='http:\/\/www.emiliosilveravazquez.com\/blog\/wp-content\/plugins\/knxdt-bookmarks-wordpress-plugin\/images\/linklove.png' alt='hotmail correo' class='book_img' border='none' style='margin:1px; padding: 0;' \/><\/a><\/span><span class='pushbutton'><a href='http:\/\/bitacoras.com\/votar\/anotacion\/externo\/mini\/www.emiliosilveravazquez.com\/blog\/2026\/03\/15\/el-universo-siempre-asombroso\/' title='Bitacoras.com' target='_blank' rel='nofollow'><img src='http:\/\/www.emiliosilveravazquez.com\/blog\/wp-content\/plugins\/knxdt-bookmarks-wordpress-plugin\/images\/bitacoras.png'  alt='' class='book_img' border='none' style='margin:1px; padding: 0;'  \/><\/a><\/span><span class='pushbutton'><a href='http:\/\/www.wikio.es\/vote?url=http%3A%2F%2Fwww.emiliosilveravazquez.com%2Fblog%2F2026%2F03%2F15%2Fel-universo-siempre-asombroso%2F' title='Wikio' target='_blank' rel='nofollow'><img src='http:\/\/www.emiliosilveravazquez.com\/blog\/wp-content\/plugins\/knxdt-bookmarks-wordpress-plugin\/images\/wikio.png'   alt='' class='book_img' border='none' style='margin:1px; padding: 0;'   \/><\/a><\/span><span class='pushbutton'><a href='http:\/\/friendfeed.com\/?url=http%3A%2F%2Fwww.emiliosilveravazquez.com%2Fblog%2F2026%2F03%2F15%2Fel-universo-siempre-asombroso%2F&amp;title=El+UNiverso+siempre+asombroso' title='Friend Feed' target='_blank' rel='nofollow'><img src='http:\/\/www.emiliosilveravazquez.com\/blog\/wp-content\/plugins\/knxdt-bookmarks-wordpress-plugin\/images\/friendfeed.png'  alt='' class='book_img' border='none' style='margin:1px; padding: 0;'  \/><\/a><\/span><span class='pushbutton'><a href='http:\/\/www.facebook.com\/share.php?u=http%3A%2F%2Fwww.emiliosilveravazquez.com%2Fblog%2F2026%2F03%2F15%2Fel-universo-siempre-asombroso%2F&amp;t=El+UNiverso+siempre+asombroso' title='Facebook' target='_blank' rel='nofollow'><img src='http:\/\/www.emiliosilveravazquez.com\/blog\/wp-content\/plugins\/knxdt-bookmarks-wordpress-plugin\/images\/facebook.png'  alt='' class='book_img' border='none' style='margin:1px; padding: 0;'  \/><\/a><\/span><span class='pushbutton'><a href='http:\/\/twitter.com\/home?status=El+UNiverso+siempre+asombroso: http%3A%2F%2Fwww.emiliosilveravazquez.com%2Fblog%2F2026%2F03%2F15%2Fel-universo-siempre-asombroso%2F' title='Twitter' target='_blank' rel='nofollow'><img src='http:\/\/www.emiliosilveravazquez.com\/blog\/wp-content\/plugins\/knxdt-bookmarks-wordpress-plugin\/images\/twitter.png'  alt='' class='book_img' border='none' style='margin:1px; padding: 0;'  \/><\/a><\/span><span class='pushbutton'><a href='http:\/\/www.feedburner.com\/fb\/a\/emailFlare?itemTitle=El+UNiverso+siempre+asombroso&amp;uri=http%3A%2F%2Fwww.emiliosilveravazquez.com%2Fblog%2F2026%2F03%2F15%2Fel-universo-siempre-asombroso%2F' title='Enviar por Email' target='_blank' rel='nofollow'><img src='http:\/\/www.emiliosilveravazquez.com\/blog\/wp-content\/plugins\/knxdt-bookmarks-wordpress-plugin\/images\/email.png'  alt='' class='book_img' border='none' style='margin:1px; padding: 0;'  \/><\/a><\/span><span style='font-weight:bold; padding-left: 5px;'><a href='http:\/\/wordpress.org\/extend\/plugins\/knxdt-bookmarks-wordpress-plugin\/' title='Plugin' rel='nofollow' target='_blank'>[?]<\/a><\/span><\/td><\/tr><\/table><br\/><br\/><\/div>","protected":false},"excerpt":{"rendered":"<p>\u00a0El Tiempo de Planck y otros Todos los objetos del Universo son el resulta de fuerzas antag\u00f3nicas que, al ser iguales, se equilibran y consiguen la estabilidad. Las estrellas son el mejor ejemplo: La Gravedad trata de comprimir a la estrella que, mediante la fusi\u00f3n tiende a expandirse y, la lucha de esas dos fuerzas [&hellip;]<\/p>\n","protected":false},"author":2,"featured_media":0,"comment_status":"open","ping_status":"open","sticky":false,"template":"","format":"standard","meta":{"_s2mail":"yes","footnotes":""},"categories":[169],"tags":[],"_links":{"self":[{"href":"http:\/\/www.emiliosilveravazquez.com\/blog\/wp-json\/wp\/v2\/posts\/10659"}],"collection":[{"href":"http:\/\/www.emiliosilveravazquez.com\/blog\/wp-json\/wp\/v2\/posts"}],"about":[{"href":"http:\/\/www.emiliosilveravazquez.com\/blog\/wp-json\/wp\/v2\/types\/post"}],"author":[{"embeddable":true,"href":"http:\/\/www.emiliosilveravazquez.com\/blog\/wp-json\/wp\/v2\/users\/2"}],"replies":[{"embeddable":true,"href":"http:\/\/www.emiliosilveravazquez.com\/blog\/wp-json\/wp\/v2\/comments?post=10659"}],"version-history":[{"count":0,"href":"http:\/\/www.emiliosilveravazquez.com\/blog\/wp-json\/wp\/v2\/posts\/10659\/revisions"}],"wp:attachment":[{"href":"http:\/\/www.emiliosilveravazquez.com\/blog\/wp-json\/wp\/v2\/media?parent=10659"}],"wp:term":[{"taxonomy":"category","embeddable":true,"href":"http:\/\/www.emiliosilveravazquez.com\/blog\/wp-json\/wp\/v2\/categories?post=10659"},{"taxonomy":"post_tag","embeddable":true,"href":"http:\/\/www.emiliosilveravazquez.com\/blog\/wp-json\/wp\/v2\/tags?post=10659"}],"curies":[{"name":"wp","href":"https:\/\/api.w.org\/{rel}","templated":true}]}}