{"id":10636,"date":"2014-03-02T09:18:13","date_gmt":"2014-03-02T08:18:13","guid":{"rendered":"http:\/\/www.emiliosilveravazquez.com\/blog\/?p=10636"},"modified":"2014-03-02T09:18:13","modified_gmt":"2014-03-02T08:18:13","slug":"repasando-rumores-del-saber-xiv-2","status":"publish","type":"post","link":"http:\/\/www.emiliosilveravazquez.com\/blog\/2014\/03\/02\/repasando-rumores-del-saber-xiv-2\/","title":{"rendered":"Repasando Rumores del Saber XIV"},"content":{"rendered":"<div>\n<h2 style=\"text-align: justify;\">\u00a0 <a href=\"http:\/\/www.emiliosilveravazquez.com\/blog\/2013\/04\/28\/%c2%bfes-igual-el-universo-en-todas-partes\/\" rel=\"prev\">\u00bfEs igual el Universo en todas partes?<\/a><\/h2>\n<\/div>\n<div>\n<p style=\"text-align: justify;\"><img decoding=\"async\" loading=\"lazy\" id=\"irc_mi\" src=\"http:\/\/4.bp.blogspot.com\/-6_k03W1cqNI\/UNr8SwEdieI\/AAAAAAAAAkQ\/ktZooqZBoiE\/s1600\/JeanDelville--OrpheMort1893+%284%29.jpg\" alt=\"\" width=\"485\" height=\"393\" \/><\/p>\n<p style=\"text-align: justify;\">En la serie rumores del saber del mundo, hemos ido dejando aqu\u00ed, de manera espor\u00e1dica, algunos retazos de ese saber que por el mundo, a lo largo y a lo ancho del discurrir del tiempo, han ido dejando los pueblos y civilizaciones que nos precedieron. Ellos sentaron las bases de lo que hoy somos. Hemos hablado aqu\u00ed de los sumerios, egipcios, hind\u00faes, chinos y de otras civilizaciones tambi\u00e9n misteriosas. Hemos dedicado alg\u00fan tienmpo al surgir de la escritura y de los n\u00fameros.<\/p>\n<p style=\"text-align: justify;\"><img decoding=\"async\" loading=\"lazy\" id=\"irc_mi\" class=\"irc_mut\" style=\"margin-top: 30px;\" src=\"http:\/\/www.planetasapiens.com\/wp-content\/uploads\/2010\/04\/Hipatia.jpg\" alt=\"\" width=\"500\" height=\"333\" \/><\/p>\n<p style=\"text-align: justify;\"><strong>\u00a0\u00a0\u00a0\u00a0\u00a0\u00a0\u00a0\u00a0\u00a0\u00a0\u00a0\u00a0 Hipat\u00eda una cient\u00ecfica que se adelant\u00f3 a su tiempo<\/strong><\/p>\n<p style=\"text-align: justify;\">Sin embargo, en Alejandr\u00eda, las matem\u00e1ticas o, al menos, los n\u00fameros tuvieron otro aspecto muy <a id=\"_GPLITA_7\" title=\"Click to Continue > by Savings Wave&#8221; href=&#8221;http:\/\/www.emiliosilveravazquez.com\/blog\/2013\/04\/29\/repasando-rumores-del-saber-xiv\/#&#8221;>importante<img decoding=\"async\" src=\"http:\/\/savingswave-a.akamaihd.net\/items\/it\/img\/arrow-10x10.png\" alt=\"\" \/><\/a>, y tambi\u00e9n muy diferente. Se trata de los denominados \u201cmisterios \u00f3rficos\u201d y su \u00e9nfasis m\u00edstico.<\/p>\n<p style=\"text-align: justify;\">Seg\u00fan Marsilio Ficino, autor del siglo XV d.C., hay seis grandes te\u00f3logos de la antig\u00fcedad que forman una linea sucesoria. Zoroastro fue \u201cel principal referente de los Magos\u201d; el segundo era Hermes Trismegisto, el l\u00edder de los sacerdotes egipcios; Orfeo fue el sucesor de Trismegisto y a \u00e9l le sigui\u00f3 Aglaofemo, que fue el encargado de <a id=\"_GPLITA_4\" title=\"Click to Continue > by Savings Wave&#8221; href=&#8221;http:\/\/www.emiliosilveravazquez.com\/blog\/2013\/04\/29\/repasando-rumores-del-saber-xiv\/#&#8221;>iniciar<img decoding=\"async\" src=\"http:\/\/savingswave-a.akamaihd.net\/items\/it\/img\/arrow-10x10.png\" alt=\"\" \/><\/a> a Pit\u00e1goras en los secretos, quien a su vez los confi\u00f3 a Plat\u00f3n. En Alejandr\u00eda, Plat\u00f3n fue desarrollado por clemente y Fil\u00f3n, para crear lo que se conocer\u00eda como neoplatonismo.<\/p>\n<p style=\"text-align: justify;\"><img decoding=\"async\" loading=\"lazy\" id=\"irc_mi\" class=\"irc_mut\" style=\"margin-top: 0px;\" src=\"http:\/\/exposedplanet.com\/wp-content\/uploads\/2010\/07\/ficino-statue-rome-parc.jpg\" alt=\"\" width=\"262\" height=\"393\" \/><\/p>\n<p style=\"text-align: justify;\">Tres ideas conforman los cimientos de los misterios \u00f3rficos. Una es el poder m\u00edstico de los n\u00fameros. La existencia de los n\u00fameros, su cualidad abstracta y su comportamiento, tan vinculado como el del Universo, ejercieron una permanente fascinaci\u00f3n sobre los antiguos, que ve\u00edan en ellos la explicaci\u00f3n de lo que percib\u00edan como armon\u00eda celestial.<\/p>\n<p style=\"text-align: justify;\">La naturaleza abstracta de los n\u00fameros contribuy\u00f3 a reforzar la idea de un alma abstracta, en la que estaba impl\u00edcita la idea (trascendental en este contexto) de la salvaci\u00f3n: la creencia de que habr\u00e1 un futuro estado de \u00e9xtasis, al que es posible llegar a trav\u00e9s de la trasmigraci\u00f3n o reencarnaci\u00f3n.<\/p>\n<p style=\"text-align: justify;\"><img decoding=\"async\" loading=\"lazy\" id=\"irc_mi\" class=\"irc_mut\" style=\"margin-top: 52px;\" src=\"http:\/\/2.bp.blogspot.com\/-ywyW7hl6kjQ\/Ulc21BVycBI\/AAAAAAAAgKw\/BLoVRvlrza0\/s1600\/new12177.jpg\" alt=\"\" width=\"520\" height=\"290\" \/><\/p>\n<p style=\"text-align: justify;\">Aquellos pensadores cre\u00edan en algo m\u00e1s poderoso que lo material: Un Esp\u00edritu, un Alma<\/p>\n<p style=\"text-align: justify;\">Por \u00faltimo, estaba el principio de emanaci\u00f3n, esto es, que existe un bien eterno, una unidad o \u201cmonada\u201d, de la que brotaba toda la creaci\u00f3n. Como el <a id=\"_GPLITA_5\" title=\"Click to Continue > by Savings Wave&#8221; href=&#8221;http:\/\/www.emiliosilveravazquez.com\/blog\/2013\/04\/29\/repasando-rumores-del-saber-xiv\/#&#8221;>n\u00famero<img decoding=\"async\" src=\"http:\/\/savingswave-a.akamaihd.net\/items\/it\/img\/arrow-10x10.png\" alt=\"\" \/><\/a>, esta era considerada una entidad b\u00e1sicamente abstracta. El alma ocupada una posici\u00f3n intermedia entre la monada y el mundo material, entre la mente, abstracta en su totalidad, y los sentidos.<\/p>\n<p style=\"text-align: justify;\">Seg\u00fan los \u00f3rficos, la monada enviaba (\u201cemanaba\u201d) proyecciones de s\u00ed misma al mundo material y la tarea del alma era aprender usando los sentidos. De esta forma, a trav\u00e9s de sucesivas reencarnaciones, el alma evolucionaba hasta el punto en el que ya no eran necesarias m\u00e1s reencarnaciones y se alcanzaba el momento de profunda <a id=\"_GPLITA_3\" title=\"Click to Continue > by Savings Wave&#8221; href=&#8221;http:\/\/www.emiliosilveravazquez.com\/blog\/2013\/04\/29\/repasando-rumores-del-saber-xiv\/#&#8221;>iluminaci\u00f3n<img decoding=\"async\" src=\"http:\/\/savingswave-a.akamaihd.net\/items\/it\/img\/arrow-10x10.png\" alt=\"\" \/><\/a> que daba lugar a una forma conocida como gnosis, all\u00ed la mente esta fundida con lo que percibe. Es posible reconocer que esta idea, original de Zoroastro, subyace en muchas de las regiones principales del mundo, con distintas variantes o matices que, en esencia, viene a ser los mismos.<\/p>\n<p style=\"text-align: justify;\"><img decoding=\"async\" loading=\"lazy\" id=\"irc_mi\" class=\"irc_mut\" style=\"margin-top: 47px;\" src=\"http:\/\/cala.unex.es\/cala\/epistemowikia\/images\/9\/99\/Numerology-avatar1.jpg\" alt=\"\" width=\"300\" height=\"299\" \/><\/p>\n<p style=\"text-align: justify;\">Pit\u00e1goras, en particular, cre\u00eda que el estudio de los n\u00fameros y la armon\u00eda conduc\u00edan a la gnosis. Para los pitag\u00f3ricos, el <a id=\"_GPLITA_6\" title=\"Click to Continue > by Savings Wave&#8221; href=&#8221;http:\/\/www.emiliosilveravazquez.com\/blog\/2013\/04\/29\/repasando-rumores-del-saber-xiv\/#&#8221;>n\u00famero<img decoding=\"async\" src=\"http:\/\/savingswave-a.akamaihd.net\/items\/it\/img\/arrow-10x10.png\" alt=\"\" \/><\/a> uno no era un n\u00famero en realidad, sino la \u201cesencia\u201d del n\u00famero, de la cual surge todo el sistema num\u00e9rico. Su divisi\u00f3n en dos creaba un tri\u00e1ngulo, una trinidad, la forma arm\u00f3nica m\u00e1s b\u00e1sica, idea de la que encontramos ecos en sant\u00edsimas religiones.<\/p>\n<p style=\"text-align: justify;\">Plat\u00f3n, en su versi\u00f3n m\u00e1s m\u00edtica, estaba convencido de que exist\u00eda un \u201calma mundial\u201d, tambi\u00e9n fundada en la armon\u00eda y el n\u00famero, y de la cual brotaba toda la creaci\u00f3n. Pero a\u00f1adi\u00f3 un importante refinamiento al considerar que la dial\u00e9ctica, el examen cr\u00edtico de las opiniones era el m\u00e9todo para <a id=\"_GPLITA_8\" title=\"Click to Continue > by Savings Wave&#8221; href=&#8221;http:\/\/www.emiliosilveravazquez.com\/blog\/2013\/04\/29\/repasando-rumores-del-saber-xiv\/#&#8221;>acceder<img decoding=\"async\" src=\"http:\/\/savingswave-a.akamaihd.net\/items\/it\/img\/arrow-10x10.png\" alt=\"\" \/><\/a> a la gnosis.<\/p>\n<p style=\"text-align: justify;\"><img decoding=\"async\" loading=\"lazy\" id=\"irc_mi\" class=\"irc_mut\" style=\"margin-top: 38px;\" src=\"http:\/\/encuentra.com\/images\/upload\/San-Marcos-Evangelista.jpg\" alt=\"\" width=\"250\" height=\"317\" \/><\/p>\n<p style=\"text-align: justify;\">La tradici\u00f3n sostiene que el cristianismo lleg\u00f3 a Alejandr\u00eda a mediados del siglo I d.C., cuando Marcos el evangelista lleg\u00f3 a la ciudad para predicar la nueva religi\u00f3n.<\/p>\n<p style=\"text-align: justify;\">Las similitudes espirituales entre el platonismo y el cristianismo fueron advertidas de forma muy clara por Clemente de Alejandr\u00eda (150-215 d.C.), pero fue Fil\u00f3n el indio quien primero desarroll\u00f3 esta nueva fusi\u00f3n. En Alejandr\u00eda hab\u00edan existido escuelas pitag\u00f3ricas y plat\u00f3nicas desde hac\u00eda un largo tiempo, y los jud\u00edos cultos conoc\u00edan los paralelos entre las ideas jud\u00edas y las tradiciones Get\u00e9nicas, hasta el punto de que para muchos de ellos el orfismo no era otra cosa que \u201cuna emanaci\u00f3n de la Tor\u00e1 de la que no hab\u00eda quedado constancia\u201d.<\/p>\n<p style=\"text-align: justify;\"><img decoding=\"async\" loading=\"lazy\" id=\"irc_mi\" class=\"irc_mut\" style=\"margin-top: 0px;\" src=\"http:\/\/1.bp.blogspot.com\/_hjt0BS29lWk\/TKeblm_tMxI\/AAAAAAAAAEc\/qznCcNBSAnA\/s1600\/Fil%C3%B3n+de+Alejandr%C3%ADa.jpg\" alt=\"\" width=\"392\" height=\"393\" \/><\/p>\n<p style=\"text-align: justify;\">\u00a0\u00a0\u00a0\u00a0\u00a0\u00a0\u00a0\u00a0\u00a0\u00a0\u00a0\u00a0\u00a0 Fil\u00f3n de Alejandr\u00eda, un fil\u00f3sofo muy particular<\/p>\n<p style=\"text-align: justify;\">Fil\u00f3n era el t\u00edpico alejandrino que \u201cnunca confiaba en el sentido literal de las cosas y siempre estaba a la <a id=\"_GPLITA_11\" title=\"Click to Continue > by Savings Wave&#8221; href=&#8221;http:\/\/www.emiliosilveravazquez.com\/blog\/2013\/04\/29\/repasando-rumores-del-saber-xiv\/#&#8221;>b\u00fasqueda<img decoding=\"async\" src=\"http:\/\/savingswave-a.akamaihd.net\/items\/it\/img\/arrow-10x10.png\" alt=\"\" \/><\/a> de interpretaciones m\u00edsticas y aleg\u00f3ricas\u201d. Pensaba que pod\u00eda \u201cconectar\u201d con Dios a trav\u00e9s de ideas divinas, que las ideas eran \u201clos pensamientos de Dios\u201d porque pon\u00edan orden a la \u201cmateria informe\u201d. Al igual que Plat\u00f3n, ten\u00eda una noci\u00f3n dualista de la Humanidad:<\/p>\n<blockquote>\n<p style=\"text-align: justify;\">\u201cDe las almas puras que habitan el <a id=\"_GPLITA_12\" title=\"Click to Continue > by Savings Wave&#8221; href=&#8221;http:\/\/www.emiliosilveravazquez.com\/blog\/2013\/04\/29\/repasando-rumores-del-saber-xiv\/#&#8221;>espacio<img decoding=\"async\" src=\"http:\/\/savingswave-a.akamaihd.net\/items\/it\/img\/arrow-10x10.png\" alt=\"\" \/><\/a> et\u00e9reo, aquellas m\u00e1s cercanas a la tierra resultan atra\u00eddas por los seres sensibles y descienden a sus cuerpos\u201d.\u00a0 Las almas son el lado divino del hombre (sol\u00eda decir).<\/p>\n<p style=\"text-align: justify;\"><img decoding=\"async\" loading=\"lazy\" id=\"irc_mi\" class=\"irc_mut\" style=\"margin-top: 19px;\" src=\"http:\/\/sphotos-b.ak.fbcdn.net\/hphotos-ak-ash3\/74592_294439270659076_1307995777_n.jpg\" alt=\"\" width=\"480\" height=\"356\" \/><\/p>\n<p style=\"text-align: justify;\">\u00a1Si pol\u00edticos y banqueros atendieran a este pensamiento! \u00a1Otra cosa ser\u00eda!<\/p>\n<\/blockquote>\n<p style=\"text-align: justify;\">Es interesante reparar los hechos pasados y la evoluci\u00f3n del pensamiento humano que, en distintos lugares del mundo y bajo distintas formas, todos iban en realidad a desembocar en el mismo mar del pensamiento.<\/p>\n<p style=\"text-align: justify;\">La naturaleza humana y el <a id=\"_GPLITA_13\" title=\"Click to Continue > by Savings Wave&#8221; href=&#8221;http:\/\/www.emiliosilveravazquez.com\/blog\/2013\/04\/29\/repasando-rumores-del-saber-xiv\/#&#8221;>orden<img decoding=\"async\" src=\"http:\/\/savingswave-a.akamaihd.net\/items\/it\/img\/arrow-10x10.png\" alt=\"\" \/><\/a> universal, el primero unido a un alto concepto cuasi divino, el Alma, el segundo regido por la energ\u00eda c\u00f3smica de las fuerzas naturales creadoras de la materia y, todo esto, desarrollado de una u otra manera por los grandes pensadores de todos los tiempos que hicieron posible la evoluci\u00f3n del saber para tomar posesi\u00f3n de profundos conocimiento que, en un futuro, nos podr\u00e1n permitir alcanzar metas, que a\u00fan hoy, ser\u00edan negadas por muchos.<\/p>\n<p style=\"text-align: justify;\">Para m\u00ed, el mirar los hechos pasados y estudiar los logros alcanzados en todos los <a id=\"_GPLITA_9\" title=\"Click to Continue > by Savings Wave&#8221; href=&#8221;http:\/\/www.emiliosilveravazquez.com\/blog\/2013\/04\/29\/repasando-rumores-del-saber-xiv\/#&#8221;>campos<img decoding=\"async\" src=\"http:\/\/savingswave-a.akamaihd.net\/items\/it\/img\/arrow-10x10.png\" alt=\"\" \/><\/a> del saber, es una aut\u00e9ntica aventura que profundiza y lleva al conocimiento del ser humano que, seg\u00fan la historia, es capaz de lo mejor y de lo pero, sin embargo, nadie podr\u00e1 negarle grandeza ni imaginaci\u00f3n.<\/p>\n<p style=\"text-align: justify;\"><img decoding=\"async\" loading=\"lazy\" id=\"irc_mi\" class=\"irc_mut\" style=\"margin-top: 0px;\" src=\"http:\/\/lh3.ggpht.com\/-SvnbAo1YBdw\/TwdldlQlB5I\/AAAAAAAADAA\/anlzlHD8xqc\/%25255BUNSET%25255D.jpg?imgmax=800\" alt=\"\" width=\"295\" height=\"393\" \/><\/p>\n<p style=\"text-align: justify;\">\u00a0\u00a0\u00a0\u00a0\u00a0\u00a0\u00a0\u00a0\u00a0\u00a0\u00a0 Fray Girolamo Savonarola<\/p>\n<p style=\"text-align: justify;\">Por ejemplo, el \u00faltimo d\u00eda del carnaval de Florencia de 1.497 (y lo mismo ocurri\u00f3 al a\u00f1o siguiente) apareci\u00f3 una construcci\u00f3n muy curiosa en medio de la Piazza Della Signoria, dominada por el Palazzo Vecchio. El centro de la estructura estaba compuesto por varios tramos de escalera que formaban juntos una pir\u00e1mide. En el escal\u00f3n m\u00e1s bajo se hab\u00eda colocado distintos disfraces, m\u00e1s caras y barbas postizas utilizadas en el carnaval. Sobre ellos se encontraban algunos <a id=\"_GPLITA_10\" title=\"Click to Continue > by Savings Wave&#8221; href=&#8221;http:\/\/www.emiliosilveravazquez.com\/blog\/2013\/04\/29\/repasando-rumores-del-saber-xiv\/#&#8221;>libros<img decoding=\"async\" src=\"http:\/\/savingswave-a.akamaihd.net\/items\/it\/img\/arrow-10x10.png\" alt=\"\" \/><\/a> (tanto textos impresos como manuscritos) de poetas latinos e italianos, entre ellos Boccacccio y Petrarca. Luego hab\u00eda varios utensilios de adorno femenino (espejos, velos, cosm\u00e9ticos, perfumes) y encima de ellos la\u00fades, arpas, barajas y piezas de ajedrez.<\/p>\n<p style=\"text-align: justify;\"><img decoding=\"async\" loading=\"lazy\" class=\"aligncenter marco\" src=\"http:\/\/4.bp.blogspot.com\/_AbeQ-V24DWc\/TGFDxhpWRpI\/AAAAAAAACyY\/btl4Oo3Spto\/s1600\/Savonarola_1498.jpg\" alt=\"\" width=\"620\" height=\"500\" \/><\/p>\n<p style=\"text-align: justify;\">En la cima de esta extra\u00f1a edificaci\u00f3n hab\u00eda dos niveles en los que hab\u00eda dispuestos algunos cuadros; se trataba de cuadros de un tipo <a id=\"_GPLITA_18\" title=\"Click to Continue > by Savings Wave&#8221; href=&#8221;http:\/\/www.emiliosilveravazquez.com\/blog\/2013\/04\/29\/repasando-rumores-del-saber-xiv\/#&#8221;>especial<img decoding=\"async\" src=\"http:\/\/savingswave-a.akamaihd.net\/items\/it\/img\/arrow-10x10.png\" alt=\"\" \/><\/a>, ya que mostraban beldades y en particular beldades con nombres cl\u00e1sicos: Lucrecia, Cleopatra, Faustina, Bencina.<\/p>\n<p style=\"text-align: justify;\">Cuando se prendi\u00f3 fuego a esta \u201choguera de las vanidades\u201d, los miembros de la Signoria, la asamblea pol\u00edtica, contemplaron el acontecimiento desde los balcones de sus palacios. Se toc\u00f3 la m\u00fasica, se cant\u00f3 y repicaron las campanas de la Iglesia.<\/p>\n<p style=\"text-align: justify;\">A continuaci\u00f3n, toda la gente se traslad\u00f3 a la Piazza di San Marco donde, para bailar, formaron tres c\u00edrculos conc\u00e9ntricos. Los monjes ocupaban el central, alternados con ni\u00f1os <a id=\"_GPLITA_16\" title=\"Click to Continue > by Savings Wave&#8221; href=&#8221;http:\/\/www.emiliosilveravazquez.com\/blog\/2013\/04\/29\/repasando-rumores-del-saber-xiv\/#&#8221;>vestidos<img decoding=\"async\" src=\"http:\/\/savingswave-a.akamaihd.net\/items\/it\/img\/arrow-10x10.png\" alt=\"\" \/><\/a> como \u00e1ngeles; despu\u00e9s ven\u00edan otros eclesi\u00e1sticos y por \u00faltimo los ciudadanos en general.<\/p>\n<p style=\"text-align: justify;\"><img decoding=\"async\" loading=\"lazy\" class=\"aligncenter\" src=\"http:\/\/2.bp.blogspot.com\/-GdfD-8awuYo\/TV0y986UvWI\/AAAAAAAAAPU\/S8qGPs64khE\/s1600\/mas4web.jpg\" alt=\"\" width=\"510\" height=\"383\" \/><\/p>\n<p style=\"text-align: justify;\">\u00a0\u00a0\u00a0\u00a0\u00a0\u00a0\u00a0\u00a0\u00a0\u00a0\u00a0\u00a0\u00a0\u00a0\u00a0\u00a0\u00a0\u00a0\u00a0\u00a0\u00a0\u00a0\u00a0\u00a0\u00a0\u00a0\u00a0\u00a0\u00a0\u00a0\u00a0\u00a0\u00a0\u00a0\u00a0\u00a0\u00a0\u00a0\u00a0\u00a0\u00a0\u00a0\u00a0\u00a0\u00a0\u00a0\u00a0\u00a0\u00a0\u00a0\u00a0\u00a0\u00a0\u00a0\u00a0\u00a0\u00a0\u00a0\u00a0\u00a0\u00a0\u00a0\u00a0\u00a0\u00a0\u00a0\u00a0\u00a0\u00a0\u00a0\u00a0\u00a0\u00a0\u00a0\u00a0\u00a0\u00a0\u00a0\u00a0\u00a0\u00a0\u00a0\u00a0\u00a0\u00a0\u00a0\u00a0\u00a0\u00a0\u00a0\u00a0\u00a0 Siempre hemos sido propensos a ocultar nuestro verdadero yo<\/p>\n<p style=\"text-align: justify;\">Todo esto se realiz\u00f3 para satisfacci\u00f3n del profeta dominico fray Girolamo Savonarola, de Ferrara. \u201cAgudo y carism\u00e1tico\u201d, convencido de que Dios le hab\u00eda enviado para propiciar la reforma espiritual de los italianos y de la del predicador, alt\u00edsima posici\u00f3n \u201csolo inferior a la de los \u00e1ngeles\u201d. Buscaba regenerar la Iglesia a trav\u00e9s de una serie de escenarios como el descrito, y en cada uno de ellos, destru\u00eda un mal.<\/p>\n<p style=\"text-align: justify;\">Los pensadores del Renacimiento cre\u00edan que todo el Universo era un modelo de la idea divina y que el hombre era \u201cun creador que ven\u00eda despu\u00e9s del creador divino\u201d. Esta concepci\u00f3n era el concepto de belleza, una forma de armon\u00eda que reflejaba las intenciones de la divinidad.<\/p>\n<p style=\"text-align: justify;\">Lo que era placentero para los ojos, el o\u00eddo y la mente era bueno, moralmente valioso en s\u00ed mismo. M\u00e1s a\u00fan: revelaba parte del <a id=\"_GPLITA_17\" title=\"Click to Continue > by Savings Wave&#8221; href=&#8221;http:\/\/www.emiliosilveravazquez.com\/blog\/2013\/04\/29\/repasando-rumores-del-saber-xiv\/#&#8221;>plan<img decoding=\"async\" src=\"http:\/\/savingswave-a.akamaihd.net\/items\/it\/img\/arrow-10x10.png\" alt=\"\" \/><\/a> divino para la Humanidad, pues evidenciaba la relaci\u00f3n de las partes con el todo.<\/p>\n<p style=\"text-align: justify;\"><img decoding=\"async\" loading=\"lazy\" class=\"aligncenter\" src=\"http:\/\/www.fotos.org\/galeria\/data\/522\/medium\/3Leonardo-Da-Vinci-Mona-Lisa-_La-Gioconda_.jpg\" alt=\"\" width=\"450\" height=\"699\" \/><\/p>\n<p style=\"text-align: justify;\"><strong>\u00a0\u00a0\u00a0\u00a0\u00a0\u00a0\u00a0\u00a0\u00a0\u00a0\u00a0\u00a0\u00a0\u00a0\u00a0\u00a0\u00a0\u00a0\u00a0\u00a0\u00a0\u00a0\u00a0\u00a0\u00a0\u00a0\u00a0\u00a0\u00a0\u00a0\u00a0\u00a0\u00a0\u00a0\u00a0\u00a0\u00a0\u00a0\u00a0\u00a0\u00a0\u00a0\u00a0\u00a0\u00a0\u00a0\u00a0\u00a0\u00a0\u00a0\u00a0\u00a0\u00a0\u00a0\u00a0\u00a0\u00a0\u00a0\u00a0\u00a0\u00a0\u00a0\u00a0\u00a0\u00a0\u00a0\u00a0\u00a0\u00a0\u00a0\u00a0\u00a0\u00a0\u00a0\u00a0\u00a0\u00a0\u00a0\u00a0\u00a0\u00a0\u00a0\u00a0\u00a0\u00a0\u00a0\u00a0\u00a0\u00a0\u00a0\u00a0\u00a0\u00a0\u00a0\u00a0\u00a0 Leonardo-Da-Vinci y su Mona-Lisa (La-Gioconda)<\/strong><\/p>\n<p style=\"text-align: justify;\">Este ideal renacentista de belleza respaldaba la noci\u00f3n de que esta ten\u00eda dos funciones, noci\u00f3n aplicable a todas las disciplinas. En un nivel, la arquitectura, las artes visuales, la m\u00fasica y los aspectos formales de las artes literarias y dram\u00e1ticas informaban a la mente; en segundo nivel, la complac\u00edan mediante el decoro, el estilo y la simetr\u00eda. De esta forma se estableci\u00f3 una asociaci\u00f3n entre belleza e ilustraci\u00f3n. Tambi\u00e9n esto era lo que entonces significaba la sabidur\u00eda.<\/p>\n<p style=\"text-align: justify;\">El fin perseguido era el deseo de universalidad <a id=\"_GPLITA_14\" title=\"Click to Continue > by Savings Wave&#8221; href=&#8221;http:\/\/www.emiliosilveravazquez.com\/blog\/2013\/04\/29\/repasando-rumores-del-saber-xiv\/#&#8221;>personal<img decoding=\"async\" src=\"http:\/\/savingswave-a.akamaihd.net\/items\/it\/img\/arrow-10x10.png\" alt=\"\" \/><\/a>, la consecuci\u00f3n de conocimientos universales, la conjunci\u00f3n de disciplinas diferentes como ramas del todo, del saber profundo que abarcaba desde el n\u00facleo las distintas esferas del conocimiento universales, la conjunci\u00f3n de disciplinas diferentes como ramas del todo, del saber profundo que abarcaba desde el n\u00facleo las distintas esferas del conocimiento como partes de ese todo.<\/p>\n<p style=\"text-align: justify;\">El reconocimiento de la belleza se funda en los dones divinos del intelecto humano. Durante el Renacimiento se escribieron unos cuarenta y tres tratados sobre la belleza. La idea de hombre universal es una idea com\u00fan a casi todos ellos.<\/p>\n<p style=\"text-align: justify;\"><img decoding=\"async\" loading=\"lazy\" id=\"irc_mi\" class=\"irc_mut\" style=\"margin-top: 0px;\" src=\"http:\/\/hacerviajes.es\/wp-content\/uploads\/2010\/03\/florencia2.jpg\" alt=\"\" width=\"584\" height=\"393\" \/><\/p>\n<p style=\"text-align: justify;\">Todav\u00eda hoy, si pasamos por Florencia podremos ver como all\u00ed se forj\u00f3 la cuna del Renacimiento.<\/p>\n<p style=\"text-align: justify;\">Peter Burke ha destacado a quince hombres universales del Renacimiento (\u201cuniversales\u201d en tanto evidenciaron su talento, m\u00e1s all\u00e1 del mero diletantismo, en tres o m\u00e1s campos del saber huemano. Simplemte con echar una mirada a sus hisrtorias podremos ver que eran elegidos par ala posteridad y que sus ideas estaban muy adelantadas a su propio tiempo. Estos eran:<\/p>\n<ul style=\"text-align: justify;\">\n<li>Filippo Brunelleschi (1377-1446), arquitecto, ingeniero, escultor, pintor.<\/li>\n<li><a id=\"_GPLITA_20\" title=\"Click to Continue > by Savings Wave&#8221; href=&#8221;http:\/\/www.emiliosilveravazquez.com\/blog\/2013\/04\/29\/repasando-rumores-del-saber-xiv\/#&#8221;>Antonio<img decoding=\"async\" src=\"http:\/\/savingswave-a.akamaihd.net\/items\/it\/img\/arrow-10x10.png\" alt=\"\" \/><\/a> Filarete (1400-1465), arquitecto, escultor escritor.<\/li>\n<li>Le\u00f3n Battista Alberti (1404-1472), arquitecto, escritor, pintor.<\/li>\n<li>Lorenzo Vecchietta (1405-1489), arquitecto, pintor, escultor, ingeniero.<\/li>\n<li>Bernard Zenale (1436-1526), arquitecto, pintor, escritor.<\/li>\n<li>Francesco di Giorgio Mart\u00edn (1439-1506), arquitecto, ingeniero, escultor, pintor.<\/li>\n<li>Donato Bramante (1444-1514), arquitecto, ingeniero, pintor, poeta.<\/li>\n<li>Leonardo da Vinci (1452-1519), arquitecto, escultor, pintor, cient\u00edfico.<\/li>\n<li>Giovanni Giocondo (1457-1525), arquitecto, ingeniero, humanista.<\/li>\n<li>Silvestre Aquilano (<a id=\"_GPLITA_21\" title=\"Click to Continue > by Savings Wave&#8221; href=&#8221;http:\/\/www.emiliosilveravazquez.com\/blog\/2013\/04\/29\/repasando-rumores-del-saber-xiv\/#&#8221;>antes<img decoding=\"async\" src=\"http:\/\/savingswave-a.akamaihd.net\/items\/it\/img\/arrow-10x10.png\" alt=\"\" \/><\/a> de 1471-1504), arquitecto, escultor, pintor.<\/li>\n<li>Sebastiano Serlio (1475-1554), arquitecto, pintor, escritor.<\/li>\n<li>Michelangelo Buonarroti (1475-1464), arquitecto, escultor, pintor, escritor.<\/li>\n<li>Guido Mas\u00f3n (antes de 1.477-1518), escritor, pintor, productor teatral.<\/li>\n<li>Piero Liborio (1500-1583), arquitecto, ingeniero, escultor, pintor.<\/li>\n<li>Giorgio Vasari (1511-1574), arquitecto, escritor, escultor y pintor.<\/li>\n<\/ul>\n<p>&nbsp;<\/p>\n<p style=\"text-align: justify;\">El que esto est\u00e1 leyendo advertir\u00e1 que en esta lista, de un total de quince hombres universales, catorce eran arquitectos, trece pintores, diez escultores, seis ingenieros y seis escritores. Solo un cient\u00edfico. \u00bfEs que en aquellos tiempos, la ciencia todav\u00eda no estaba a la altura y, el mundo se conoc\u00eda bajo otras premisas que, al evolucionar, nos trajeron a esta, la ciencia que, sin duda alguna, es la llave de nuestro futuro.<\/p>\n<p style=\"text-align: justify;\">\u00bfQu\u00e9 ten\u00eda en particular la arquitectura para ocupar un lugar tan destacado frente a todas las dem\u00e1s actividades? En el Renacimiento, la aspiraci\u00f3n de muchos artistas era el progreso arquitect\u00f3nico. En el siglo XV la arquitectura era una de las actividades que m\u00e1s se aproximaban a las artes liberales, mientras que la pintura y la escultura era s\u00f3lo mec\u00e1nica. Esto cambiar\u00eda despu\u00e9s, pero ayuda a explicar las prioridades en la Italia del quatrocento.<\/p>\n<div><a href=\"https:\/\/www.google.es\/imgres?imgurl=http%3A%2F%2Fwww.arquitectura-antigua.es%2Fcatedrales%2Fimages%2Fflorencia.jpg&amp;imgrefurl=http%3A%2F%2Fwww.arquitectura-antigua.es%2Fcatedrales%2Fflorencia.htm&amp;docid=Gj_H58TvnVaFYM&amp;tbnid=SZ1VtjUg5AHMCM%3A&amp;w=288&amp;h=295&amp;ei=pOgSU5rHO4SV0QWUjYHgBg&amp;ved=0CAIQxiAwAA&amp;iact=c\" data-target-tbnid=\"SZ1VtjUg5AHMCM:\" data-ld=\"0CAIQxiAwAA\" data-ved=\"0CAIQxiAwAA\" data-item-id=\"SZ1VtjUg5AHMCM:\"><img decoding=\"async\" src=\"https:\/\/encrypted-tbn1.gstatic.com\/images?q=tbn:ANd9GcQBJFuQ3UzTU0TUxAxBctJh4E24UUIJ_yiYzDwnw1uzd2sRezSy_w\" alt=\"\" \/><\/a><a href=\"https:\/\/www.google.es\/imgres?imgurl=http%3A%2F%2Fwww.florencia.es%2Fimmagini%2FResize%2FHL_390%2FDuomo_Facciata_Sfum.jpg&amp;imgrefurl=http%3A%2F%2Fwww.florencia.es%2Farquitectura-y-arte%2F&amp;docid=L3vZCL5Pc446sM&amp;tbnid=n7KN3GIipirXZM&amp;w=390&amp;h=292&amp;ei=pOgSU5rHO4SV0QWUjYHgBg&amp;ved=0CAMQxiAwAQ&amp;iact=c\" data-target-tbnid=\"SZ1VtjUg5AHMCM:\" data-ld=\"0CAMQxiAwAQ\" data-ved=\"0CAMQxiAwAQ\" data-item-id=\"n7KN3GIipirXZM\"><img decoding=\"async\" src=\"https:\/\/encrypted-tbn3.gstatic.com\/images?q=tbn:ANd9GcQI0arSnS5hy1x3IU5m5OXi1m6cAoXQW3R3qrCUTOcV90b2DlM4ovo7XA\" alt=\"\" \/><\/a><a href=\"https:\/\/www.google.es\/imgres?imgurl=http%3A%2F%2Fwww.sofiaoriginals.com%2FRenBruext.jpg&amp;imgrefurl=http%3A%2F%2Fwww.sofiaoriginals.com%2Fabri86techos7.htm&amp;docid=oq7XcMJRNieAqM&amp;tbnid=J6erspQQJa08qM&amp;w=819&amp;h=1091&amp;ei=pOgSU5rHO4SV0QWUjYHgBg&amp;ved=0CAQQxiAwAg&amp;iact=c\" data-target-tbnid=\"SZ1VtjUg5AHMCM:\" data-ld=\"0CAQQxiAwAg\" data-ved=\"0CAQQxiAwAg\" data-item-id=\"J6erspQQJa08qM\"><img decoding=\"async\" src=\"https:\/\/encrypted-tbn3.gstatic.com\/images?q=tbn:ANd9GcSClpSydgURiuVS2d1_eGLWHBGCmZDHArocGucC9eWa8EO7HDaJTq59gQ\" alt=\"\" \/><\/a><a href=\"https:\/\/www.google.es\/imgres?imgurl=http%3A%2F%2Fimgpe.trivago.com%2Fuploadimages%2F48%2F02%2F4802260_l.jpeg&amp;imgrefurl=http%3A%2F%2Fquijotediscipulo.wordpress.com%2Fcategory%2Fhistoria-del-arte-y-fe-cristiana%2F14-el-arte-renacentista-en-europa-y-america%2F&amp;docid=2xRYzQpVLEOkzM&amp;tbnid=Q6daVuZi7NESQM&amp;w=480&amp;h=360&amp;ei=pOgSU5rHO4SV0QWUjYHgBg&amp;ved=0CAUQxiAwAw&amp;iact=c\" data-target-tbnid=\"SZ1VtjUg5AHMCM:\" data-ld=\"0CAUQxiAwAw\" data-ved=\"0CAUQxiAwAw\" data-item-id=\"Q6daVuZi7NESQM\"><img decoding=\"async\" src=\"https:\/\/encrypted-tbn3.gstatic.com\/images?q=tbn:ANd9GcRZOSec4fUfLVaJJydhbWR-d8Ox0OYDNdA-8TEK6AGFL6Rc5cm4GVQleA\" alt=\"\" \/><\/a><a href=\"https:\/\/www.google.es\/imgres?imgurl=http%3A%2F%2Fimgpe.trivago.com%2Fuploadimages%2F36%2F17%2F361736_l.jpeg&amp;imgrefurl=http%3A%2F%2Fquijotediscipulo.wordpress.com%2Fcategory%2Fhistoria-del-arte-y-fe-cristiana%2F14-el-arte-renacentista-en-europa-y-america%2F&amp;docid=2xRYzQpVLEOkzM&amp;tbnid=zC_4IxyjSMphZM&amp;w=480&amp;h=360&amp;ei=pOgSU5rHO4SV0QWUjYHgBg&amp;ved=0CAYQxiAwBA&amp;iact=c\" data-target-tbnid=\"SZ1VtjUg5AHMCM:\" data-ld=\"0CAYQxiAwBA\" data-ved=\"0CAYQxiAwBA\" data-item-id=\"zC_4IxyjSMphZM\"><img decoding=\"async\" src=\"https:\/\/encrypted-tbn0.gstatic.com\/images?q=tbn:ANd9GcTdz9rdaC9kjThPaVrmnDID6XRjkuTeBaf9JH4kK1XDp0POEPuzPWUEJw\" alt=\"\" \/><\/a><a href=\"https:\/\/www.google.es\/imgres?imgurl=http%3A%2F%2Fwww.arteespana.com%2Fimagenes%2Fsantamarianovellaflorencia.jpg&amp;imgrefurl=http%3A%2F%2Fwww.arteespana.com%2Frenacimiento.htm&amp;docid=w4JFo1Bm90AgBM&amp;tbnid=RfU82X8PYrdllM&amp;w=350&amp;h=355&amp;ei=pOgSU5rHO4SV0QWUjYHgBg&amp;ved=0CAcQxiAwBQ&amp;iact=c\" data-target-tbnid=\"SZ1VtjUg5AHMCM:\" data-ld=\"0CAcQxiAwBQ\" data-ved=\"0CAcQxiAwBQ\" data-item-id=\"RfU82X8PYrdllM\"><img decoding=\"async\" src=\"https:\/\/encrypted-tbn1.gstatic.com\/images?q=tbn:ANd9GcTWxrroG_Zu26Zb_f1D_Zw-e49urxePZjhz7-bKYGSQ4wxIEpRepVVZoA\" alt=\"\" \/><\/a><a href=\"https:\/\/www.google.es\/imgres?imgurl=http%3A%2F%2Fwww.monografias.com%2Ftrabajos10%2Frenac%2FImage4342.jpg&amp;imgrefurl=http%3A%2F%2Fwww.monografias.com%2Ftrabajos10%2Frenac%2Frenac.shtml&amp;docid=o4j7aVrHj26MSM&amp;tbnid=2MBWH1QL8nsprM&amp;w=281&amp;h=295&amp;ei=pOgSU5rHO4SV0QWUjYHgBg&amp;ved=0CAgQxiAwBg&amp;iact=c\" data-target-tbnid=\"SZ1VtjUg5AHMCM:\" data-ld=\"0CAgQxiAwBg\" data-ved=\"0CAgQxiAwBg\" data-item-id=\"2MBWH1QL8nsprM\"><img decoding=\"async\" src=\"https:\/\/encrypted-tbn0.gstatic.com\/images?q=tbn:ANd9GcQHUI4KdPYGVmj4G0vRBvliAImOKorflM2JG9TjiGasF2Qxy2BeiqtwYg\" alt=\"\" \/><\/a><a href=\"https:\/\/www.google.es\/imgres?imgurl=http%3A%2F%2F3.bp.blogspot.com%2F_Lp8H7fB9ccU%2FTAbGm-57kBI%2FAAAAAAAABGk%2Flhmye0R8sGI%2Fs200%2FOrvietoDuomo.jpg&amp;imgrefurl=http%3A%2F%2Faquitemjovem.blogspot.com%2F2010_06_01_archive.html&amp;docid=MRd53PDLXorniM&amp;tbnid=AxC6baFSnomHpM&amp;w=1200&amp;h=1600&amp;ei=pOgSU5rHO4SV0QWUjYHgBg&amp;ved=0CAkQxiAwBw&amp;iact=c\" data-target-tbnid=\"SZ1VtjUg5AHMCM:\" data-ld=\"0CAkQxiAwBw\" data-ved=\"0CAkQxiAwBw\" data-item-id=\"AxC6baFSnomHpM\"><img decoding=\"async\" src=\"https:\/\/encrypted-tbn3.gstatic.com\/images?q=tbn:ANd9GcRAJgJeXrPgZPMD3GPUgmVt13z4gMUZjfPBZVrTdJX5nuv2JEsUEaFcYA\" alt=\"\" \/><\/a><\/div>\n<div>\u00a0\u00a0\u00a0\u00a0\u00a0\u00a0\u00a0\u00a0\u00a0\u00a0\u00a0\u00a0\u00a0\u00a0\u00a0\u00a0\u00a0\u00a0 Bueno, si nos damos una vuelta por Florencia y otras ciudades de Italia, podremos comprender mejor las cosas<\/div>\n<p style=\"text-align: justify;\"><em>emilio silvera<\/em><\/p>\n<\/div>\n<div class='bookmark'>\r\n\t\t<table align='left' border='0' cellpadding='0' width='100%'>\r\n\t\t<tr><td><span class='pushbutton'><a href='http:\/\/delicious.com\/post?url=http%3A%2F%2Fwww.emiliosilveravazquez.com%2Fblog%2F2014%2F03%2F02%2Frepasando-rumores-del-saber-xiv-2%2F&amp;title=Repasando+Rumores+del+Saber+XIV' title='Delicious' target='_blank' rel='nofollow'><img src='http:\/\/www.emiliosilveravazquez.com\/blog\/wp-content\/plugins\/knxdt-bookmarks-wordpress-plugin\/images\/delicious.png'  alt='' class='book_img' border='none' style='margin:1px; padding: 0;'  \/><\/a><\/span><span class='pushbutton'><a href='http:\/\/digg.com\/submit?url=http%3A%2F%2Fwww.emiliosilveravazquez.com%2Fblog%2F2014%2F03%2F02%2Frepasando-rumores-del-saber-xiv-2%2F&amp;title=Repasando+Rumores+del+Saber+XIV' title='Digg' target='_blank' rel='nofollow'><img src='http:\/\/www.emiliosilveravazquez.com\/blog\/wp-content\/plugins\/knxdt-bookmarks-wordpress-plugin\/images\/digg.png'  alt='' class='book_img' border='none' style='margin:1px; padding: 0;'  \/><\/a><\/span><span class='pushbutton'><a href='http:\/\/www.google.com\/bookmarks\/mark?op=edit&amp;bkmk=http%3A%2F%2Fwww.emiliosilveravazquez.com%2Fblog%2F2014%2F03%2F02%2Frepasando-rumores-del-saber-xiv-2%2F&amp;title=Repasando+Rumores+del+Saber+XIV' title='Google' target='_blank' rel='nofollow'><img src='http:\/\/www.emiliosilveravazquez.com\/blog\/wp-content\/plugins\/knxdt-bookmarks-wordpress-plugin\/images\/google.png'   alt='' class='book_img' border='none' style='margin:1px; padding: 0;'  \/><\/a><\/span><span class='pushbutton'><a href='http:\/\/myweb2.search.yahoo.com\/myresults\/bookmarklet?u=http%3A%2F%2Fwww.emiliosilveravazquez.com%2Fblog%2F2014%2F03%2F02%2Frepasando-rumores-del-saber-xiv-2%2F&amp;t=Repasando+Rumores+del+Saber+XIV' title='Yahoo' target='_blank' rel='nofollow'><img src='http:\/\/www.emiliosilveravazquez.com\/blog\/wp-content\/plugins\/knxdt-bookmarks-wordpress-plugin\/images\/yahoo.png'  alt='' class='book_img' border='none' style='margin:1px; padding: 0;'  \/><\/a><\/span><span class='pushbutton'><a href='http:\/\/www.technorati.com\/faves?add=http%3A%2F%2Fwww.emiliosilveravazquez.com%2Fblog%2F2014%2F03%2F02%2Frepasando-rumores-del-saber-xiv-2%2F' title='Technorati' target='_blank' rel='nofollow'><img src='http:\/\/www.emiliosilveravazquez.com\/blog\/wp-content\/plugins\/knxdt-bookmarks-wordpress-plugin\/images\/technorati.png'  alt='' class='book_img' border='none' style='margin:1px; padding: 0;'  \/><\/a><\/span><span class='pushbutton'><a href='http:\/\/meneame.net\/submit.php?url=http%3A%2F%2Fwww.emiliosilveravazquez.com%2Fblog%2F2014%2F03%2F02%2Frepasando-rumores-del-saber-xiv-2%2F' title='Meneame' target='_blank' rel='nofollow'><img src='http:\/\/www.emiliosilveravazquez.com\/blog\/wp-content\/plugins\/knxdt-bookmarks-wordpress-plugin\/images\/meneame.png'  alt='' class='book_img' border='none' style='margin:1px; padding: 0;'  \/><\/a><\/span><span class='pushbutton'><a href='http:\/\/enchilame.com\/submit.php?url=http:\/\/www.emiliosilveravazquez.com\/blog\/2014\/03\/02\/repasando-rumores-del-saber-xiv-2\/' target='_blank' rel='nofollow'><img title='Enchilame' src='http:\/\/www.emiliosilveravazquez.com\/blog\/wp-content\/plugins\/knxdt-bookmarks-wordpress-plugin\/images\/enchilame.png'  alt='' class='book_img' border='none' style='margin:1px; padding: 0;'  \/><\/a><\/span><span class='pushbutton'><a href='http:\/\/www.blinklist.com\/index.php?Action=Blink\/addblink.php&amp;Description=&amp;Url=http%3A%2F%2Fwww.emiliosilveravazquez.com%2Fblog%2F2014%2F03%2F02%2Frepasando-rumores-del-saber-xiv-2%2F&amp;title=Repasando+Rumores+del+Saber+XIV' title='BlinkList' target='_blank' rel='nofollow'><img src='http:\/\/www.emiliosilveravazquez.com\/blog\/wp-content\/plugins\/knxdt-bookmarks-wordpress-plugin\/images\/blinklist.png'  alt='' class='book_img' border='none' style='margin:1px; padding: 0;'  \/><\/a><\/span><span class='pushbutton'><a href='http:\/\/reddit.com\/submit?url=http%3A%2F%2Fwww.emiliosilveravazquez.com%2Fblog%2F2014%2F03%2F02%2Frepasando-rumores-del-saber-xiv-2%2F&amp;title=Repasando+Rumores+del+Saber+XIV' title='Reddit' target='_blank' rel='nofollow'><img src='http:\/\/www.emiliosilveravazquez.com\/blog\/wp-content\/plugins\/knxdt-bookmarks-wordpress-plugin\/images\/reddit.png'  alt='' class='book_img' border='none' style='margin:1px; padding: 0;'  \/><\/a><\/span><span class='pushbutton'><a href='http:\/\/www.tecnologiadiaria.com\/2009\/07\/abrir-com-hotmail-correo.html' target='_blank' title='hotmail'><img src='http:\/\/www.emiliosilveravazquez.com\/blog\/wp-content\/plugins\/knxdt-bookmarks-wordpress-plugin\/images\/linklove.png' alt='hotmail correo' class='book_img' border='none' style='margin:1px; padding: 0;' \/><\/a><\/span><span class='pushbutton'><a href='http:\/\/bitacoras.com\/votar\/anotacion\/externo\/mini\/www.emiliosilveravazquez.com\/blog\/2014\/03\/02\/repasando-rumores-del-saber-xiv-2\/' title='Bitacoras.com' target='_blank' rel='nofollow'><img src='http:\/\/www.emiliosilveravazquez.com\/blog\/wp-content\/plugins\/knxdt-bookmarks-wordpress-plugin\/images\/bitacoras.png'  alt='' class='book_img' border='none' style='margin:1px; padding: 0;'  \/><\/a><\/span><span class='pushbutton'><a href='http:\/\/www.wikio.es\/vote?url=http%3A%2F%2Fwww.emiliosilveravazquez.com%2Fblog%2F2014%2F03%2F02%2Frepasando-rumores-del-saber-xiv-2%2F' title='Wikio' target='_blank' rel='nofollow'><img src='http:\/\/www.emiliosilveravazquez.com\/blog\/wp-content\/plugins\/knxdt-bookmarks-wordpress-plugin\/images\/wikio.png'   alt='' class='book_img' border='none' style='margin:1px; padding: 0;'   \/><\/a><\/span><span class='pushbutton'><a href='http:\/\/friendfeed.com\/?url=http%3A%2F%2Fwww.emiliosilveravazquez.com%2Fblog%2F2014%2F03%2F02%2Frepasando-rumores-del-saber-xiv-2%2F&amp;title=Repasando+Rumores+del+Saber+XIV' title='Friend Feed' target='_blank' rel='nofollow'><img src='http:\/\/www.emiliosilveravazquez.com\/blog\/wp-content\/plugins\/knxdt-bookmarks-wordpress-plugin\/images\/friendfeed.png'  alt='' class='book_img' border='none' style='margin:1px; padding: 0;'  \/><\/a><\/span><span class='pushbutton'><a href='http:\/\/www.facebook.com\/share.php?u=http%3A%2F%2Fwww.emiliosilveravazquez.com%2Fblog%2F2014%2F03%2F02%2Frepasando-rumores-del-saber-xiv-2%2F&amp;t=Repasando+Rumores+del+Saber+XIV' title='Facebook' target='_blank' rel='nofollow'><img src='http:\/\/www.emiliosilveravazquez.com\/blog\/wp-content\/plugins\/knxdt-bookmarks-wordpress-plugin\/images\/facebook.png'  alt='' class='book_img' border='none' style='margin:1px; padding: 0;'  \/><\/a><\/span><span class='pushbutton'><a href='http:\/\/twitter.com\/home?status=Repasando+Rumores+del+Saber+XIV: http%3A%2F%2Fwww.emiliosilveravazquez.com%2Fblog%2F2014%2F03%2F02%2Frepasando-rumores-del-saber-xiv-2%2F' title='Twitter' target='_blank' rel='nofollow'><img src='http:\/\/www.emiliosilveravazquez.com\/blog\/wp-content\/plugins\/knxdt-bookmarks-wordpress-plugin\/images\/twitter.png'  alt='' class='book_img' border='none' style='margin:1px; padding: 0;'  \/><\/a><\/span><span class='pushbutton'><a href='http:\/\/www.feedburner.com\/fb\/a\/emailFlare?itemTitle=Repasando+Rumores+del+Saber+XIV&amp;uri=http%3A%2F%2Fwww.emiliosilveravazquez.com%2Fblog%2F2014%2F03%2F02%2Frepasando-rumores-del-saber-xiv-2%2F' title='Enviar por Email' target='_blank' rel='nofollow'><img src='http:\/\/www.emiliosilveravazquez.com\/blog\/wp-content\/plugins\/knxdt-bookmarks-wordpress-plugin\/images\/email.png'  alt='' class='book_img' border='none' style='margin:1px; padding: 0;'  \/><\/a><\/span><span style='font-weight:bold; padding-left: 5px;'><a href='http:\/\/wordpress.org\/extend\/plugins\/knxdt-bookmarks-wordpress-plugin\/' title='Plugin' rel='nofollow' target='_blank'>[?]<\/a><\/span><\/td><\/tr><\/table><br\/><br\/><\/div>","protected":false},"excerpt":{"rendered":"<p>\u00a0 \u00bfEs igual el Universo en todas partes? En la serie rumores del saber del mundo, hemos ido dejando aqu\u00ed, de manera espor\u00e1dica, algunos retazos de ese saber que por el mundo, a lo largo y a lo ancho del discurrir del tiempo, han ido dejando los pueblos y civilizaciones que nos precedieron. Ellos sentaron [&hellip;]<\/p>\n","protected":false},"author":2,"featured_media":0,"comment_status":"open","ping_status":"open","sticky":false,"template":"","format":"standard","meta":{"_s2mail":"yes","footnotes":""},"categories":[11],"tags":[],"_links":{"self":[{"href":"http:\/\/www.emiliosilveravazquez.com\/blog\/wp-json\/wp\/v2\/posts\/10636"}],"collection":[{"href":"http:\/\/www.emiliosilveravazquez.com\/blog\/wp-json\/wp\/v2\/posts"}],"about":[{"href":"http:\/\/www.emiliosilveravazquez.com\/blog\/wp-json\/wp\/v2\/types\/post"}],"author":[{"embeddable":true,"href":"http:\/\/www.emiliosilveravazquez.com\/blog\/wp-json\/wp\/v2\/users\/2"}],"replies":[{"embeddable":true,"href":"http:\/\/www.emiliosilveravazquez.com\/blog\/wp-json\/wp\/v2\/comments?post=10636"}],"version-history":[{"count":0,"href":"http:\/\/www.emiliosilveravazquez.com\/blog\/wp-json\/wp\/v2\/posts\/10636\/revisions"}],"wp:attachment":[{"href":"http:\/\/www.emiliosilveravazquez.com\/blog\/wp-json\/wp\/v2\/media?parent=10636"}],"wp:term":[{"taxonomy":"category","embeddable":true,"href":"http:\/\/www.emiliosilveravazquez.com\/blog\/wp-json\/wp\/v2\/categories?post=10636"},{"taxonomy":"post_tag","embeddable":true,"href":"http:\/\/www.emiliosilveravazquez.com\/blog\/wp-json\/wp\/v2\/tags?post=10636"}],"curies":[{"name":"wp","href":"https:\/\/api.w.org\/{rel}","templated":true}]}}