{"id":10610,"date":"2024-07-31T11:14:36","date_gmt":"2024-07-31T10:14:36","guid":{"rendered":"http:\/\/www.emiliosilveravazquez.com\/blog\/?p=10610"},"modified":"2024-07-31T11:15:06","modified_gmt":"2024-07-31T10:15:06","slug":"%c2%a1que-historias-%c2%a1que-personajes-%c2%a1que-tiempos","status":"publish","type":"post","link":"http:\/\/www.emiliosilveravazquez.com\/blog\/2024\/07\/31\/%c2%a1que-historias-%c2%a1que-personajes-%c2%a1que-tiempos\/","title":{"rendered":"\u00a1Qu\u00e9 historias! \u00a1Qu\u00e9 personajes! \u00a1Qu\u00e9 tiempos!"},"content":{"rendered":"<div>\n<h2 style=\"text-align: justify;\"><a href=\"http:\/\/www.emiliosilveravazquez.com\/blog\/2013\/05\/23\/la-naturaleza-esta-en-nuestras-mentes\/\" rel=\"prev\">La Naturaleza est\u00e1 en nuestras Mentes<\/a><\/h2>\n<\/div>\n<div style=\"text-align: justify;\">\n<div><a href=\"http:\/\/www.emiliosilveravazquez.com\/blog\/2013\/05\/24\/%c2%a1la-sabiduria-l-la-experiencia\/\" rel=\"next\">\u00a1La Sabidur\u00eda! l La Experiencia!<\/a><\/div>\n<div><\/div>\n<\/div>\n<div><\/div>\n<div>\u00a0 \u00a0 \u00a0 \u00a0 \u00a0 \u00a0 \u00a0 \u00a0 \u00a0 \u00a0 \u00a0 \u00a0 \u00a0 \u00a0 <img decoding=\"async\" src=\"https:\/\/lh4.googleusercontent.com\/proxy\/JhF_JP5ru5dEPCGMwMtb2BtO3-tKspamnAL5SAf73vu4Gwdy2UWsH61axBtbzCjLkBeg3EIncxkOh2S3nROYK7bFxUJhwHTDycsM1SWq5kFq75TQrAK6_SaegYg\" alt=\"Historia de la navegaci\u00f3n (Sucesos N\u00b0 20) - Edwin Harrington y Guillermo Galvez\" \/><\/div>\n<div><\/div>\n<blockquote>\n<div style=\"text-align: justify;\">Es una hermosa y terrible historia esta de la navegaci\u00f3n. Bella y espantosa como el mar mismo. Porque frente a las notables proezas de los marinos de todos los tiempos, a sus descubrimientos, a sus maravillosas leyendas y tradiciones, al colorido de los piratas, corsarios y bucaneros, se oponen la s\u00f3rdida condici\u00f3n de los marineros antes del advenimiento del vapor, los galeotes encadenados a los remos, las estremecedoras historias de los barcos devorados por el mar, los cientos de batallas despiadadas que se libraron en sus aguas y, en \u00faltimo an\u00e1lisis, el universo desconocido y ominoso que vive subyacente en las entra\u00f1as del oc\u00e9ano.<\/div>\n<\/blockquote>\n<div><\/div>\n<div>\u00a0 \u00a0 \u00a0 \u00a0 \u00a0 \u00a0 \u00a0 \u00a0 \u00a0 <img decoding=\"async\" src=\"https:\/\/www.biografiasyvidas.com\/monografia\/shakespeare\/fotos\/tempestad_1.jpg\" alt=\"Resumen de La tempestad, de William Shakespeare\" \/><\/div>\n<div>\n<p class=\"monotit\"><strong>La tempestad<\/strong><\/p>\n<blockquote>\n<p style=\"text-align: justify;\">&#8220;Escrito en 1611 y estrenado el mismo a\u00f1o, este drama en cinco actos en verso y prosa de <a href=\"https:\/\/www.biografiasyvidas.com\/monografia\/shakespeare\/\">William Shakespeare<\/a>\u00a0se public\u00f3 en el in-folio de 1623, donde precede a todas las dem\u00e1s piezas. La fuente de esta obra debe buscarse en la\u00a0<em>commedia dell&#8217;arte<\/em>\u00a0italiana; algunas intrigas an\u00e1logas a la suya han sido descritas por diversos estudiosos. Shakespeare combin\u00f3 con estos elementos italianos detalles del naufragio en las Bermudas de sir George Somers (25 de julio de 1609). Otros eruditos consideran como fuente probable de la tragedia la novela castellana\u00a0<em>La gran conquista de Ultramar<\/em>.&#8221;<\/p>\n<\/blockquote>\n<\/div>\n<p><strong><em>La gran conquista de Ultramar<\/em><\/strong><\/p>\n<p>&nbsp;<\/p>\n<p>&nbsp;<\/p>\n<p><img decoding=\"async\" src=\"https:\/\/upload.wikimedia.org\/wikipedia\/en\/thumb\/8\/8c\/Madrid_BNE_1187%2C_Gran_conquista_de_Ultramar%2C_first_miniature.png\/290px-Madrid_BNE_1187%2C_Gran_conquista_de_Ultramar%2C_first_miniature.png\" alt=\"Gran conquista de Ultramar - Wikipedia\" \/><img decoding=\"async\" loading=\"lazy\" class=\"\" src=\"https:\/\/imagessl0.casadellibro.com\/a\/l\/s5\/30\/9781271576630.webp\" alt=\"LA GRAN CONQUISTA DE ULTRAMAR | PASCUAL DE GAYANGOS | Nabu Press | Casa del Libro\" width=\"146\" height=\"190\" \/><\/p>\n<p>&nbsp;<\/p>\n<div><\/div>\n<div><\/div>\n<div>\n<p style=\"text-align: justify;\">Los navegantes, tal como narraba Shakespeare, gustaban de exagerar sus experiencias y hablaban de hombres\u00a0 cuyas cabezas nac\u00edan abajo de los hombros, o que no ten\u00edan cabeza, o de aquellos que, como los patagones, s\u00f3lo ten\u00edan un pie muy grande, o los de Labrador, que ten\u00edan cola. Todo esto origin\u00f3 un \u201crenacimiento de la superstici\u00f3n\u201d. Aquellos viajeros crearon en sus mentes escenarios fant\u00e1sticos, que los situaban m\u00e1s all\u00e1 del tiempo y del espacio, en mundos ignotos donde nuevos \u00f3rdenes de razas monstruosas de animales fant\u00e1sticos exist\u00edan. Dado que es casi tan dif\u00edcil inventarse un animal <a id=\"_GPLITA_0\" title=\"Click to Continue &gt; by Savings Wave\" href=\"http:\/\/www.emiliosilveravazquez.com\/blog\/2013\/05\/23\/%C2%A1que-historias-%C2%A1que-personajes\/#\">nuevo<img decoding=\"async\" src=\"http:\/\/savingswave-a.akamaihd.net\/items\/it\/img\/arrow-10x10.png\" alt=\"\" \/><\/a> como descubrirlo, a las criaturas m\u00edticas y folkl\u00f3ricas conocidas se les a\u00f1adieron otros rasgos imaginarios.<\/p>\n<\/div>\n<p>&nbsp;<\/p>\n<p><img decoding=\"async\" loading=\"lazy\" class=\"\" src=\"https:\/\/novaciencia.es\/wp-content\/uploads\/2022\/08\/Mapamundi-de-Ptolomeo.jpg\" alt=\"La Era de los Descubrimientos y la nueva imagen del Mundo\" width=\"561\" height=\"347\" \/><\/p>\n<p>&nbsp;<\/p>\n<div>\n<p style=\"text-align: justify;\">As\u00ed, la era del descubrimiento trajo consigo un renacimiento de la f\u00e1bula. Las serpientes marinas de ciento cincuenta metros de largo se multiplicaron como nunca, y, era raro el marinero que habiendo viajado a lejanos horizontes de nuevas tierras, no contaba, a su regreso, fant\u00e1sticas historias de animales que sobrepasaban la fantas\u00eda de la imaginaci\u00f3n m\u00e1s creadora: Sirenas y Tritones, Unicornios y <a id=\"_GPLITA_1\" title=\"Click to Continue &gt; by Savings Wave\" href=\"http:\/\/www.emiliosilveravazquez.com\/blog\/2013\/05\/23\/%C2%A1que-historias-%C2%A1que-personajes\/#\">hasta<img decoding=\"async\" src=\"http:\/\/savingswave-a.akamaihd.net\/items\/it\/img\/arrow-10x10.png\" alt=\"\" \/><\/a> bellas mujeres de larga cabellera que andaban suavemente por encima del agua de maravillosos lagos de cascadas de incre\u00edble belleza.<\/p>\n<p>&nbsp;<\/p>\n<p style=\"text-align: justify;\"><img decoding=\"async\" loading=\"lazy\" id=\"irc_mi\" class=\"\" src=\"http:\/\/bloghogwarts.com\/wp-content\/uploads\/2008\/03\/bloghogwarts-sea-serpent.jpg\" alt=\"\" width=\"452\" height=\"689\" \/><strong><img decoding=\"async\" loading=\"lazy\" class=\"\" src=\"https:\/\/www.cadena3.com\/admin\/playerswf\/fotos\/ARCHI_366323.jpg\" alt=\"Serpientes gigantes marinas, \u00bfun mito que puede ser real? - Noticias - Cadena 3 Argentina\" width=\"459\" height=\"295\" \/><\/strong><\/p>\n<p><strong>La imaginaci\u00f3n desmesurada de los marines aventureros<\/strong><\/p>\n<p style=\"text-align: justify;\">Las leyendas dudosas eran <a id=\"_GPLITA_3\" title=\"Click to Continue &gt; by Savings Wave\" href=\"http:\/\/www.emiliosilveravazquez.com\/blog\/2013\/05\/23\/%C2%A1que-historias-%C2%A1que-personajes\/#\">ahora<img decoding=\"async\" src=\"http:\/\/savingswave-a.akamaihd.net\/items\/it\/img\/arrow-10x10.png\" alt=\"\" \/><\/a> confirmadas por jesuitas misioneros, por adinerados plantadores de az\u00facar y por sobrios capitanes de barcos. A las quimeras de la fantas\u00eda medieval se a\u00f1ad\u00edan ahora criaturas reales cuyas noticias llegaban con cada viaje procedente de las Am\u00e9ricas, de China y de otros lejanos horizontes.\u00a0 Los que no le\u00edan lat\u00edn pod\u00edan disfrutar de las numerosas ilustraciones que acompa\u00f1aban a los textos que abundaban para deleite de los m\u00e1s so\u00f1adores.<\/p>\n<p style=\"text-align: justify;\">Im\u00e1genes como esas de arriba,\u00a0 eran las que adornaban aquellas pioneras publicaciones en las que se contaban las historias de marineros-aventureros que, viniendo de lugares lejanos, siempre tra\u00edan consigo narrativas de leyendas que dejaban boquiabiertos a los lectores u oyentes de las mismas.<\/p>\n<p>&nbsp;<\/p>\n<p style=\"text-align: justify;\"><img decoding=\"async\" loading=\"lazy\" class=\"\" src=\"https:\/\/www.lavozdegalicia.es\/default\/2019\/03\/09\/00121552127581476116175\/Foto\/FM10C4F1_113240.jpg\" alt=\"Sab\u00edas por qu\u00e9 aparecen monstruos marinos en las antiguas cartas n\u00e1uticas?\" width=\"454\" height=\"255\" \/><\/p>\n<\/div>\n<p>&nbsp;<\/p>\n<div>\n<p style=\"text-align: justify;\">Todo aquello inspir\u00f3 el surgir de una nueva generaci\u00f3n de enciclopedistas de la Naturaleza. El m\u00e1s destacado de todos ellos, Konrad Gesner (1516-1565), ten\u00eda habilidad para combinar lo <a id=\"_GPLITA_2\" title=\"Click to Continue &gt; by Savings Wave\" href=\"http:\/\/www.emiliosilveravazquez.com\/blog\/2013\/05\/23\/%C2%A1que-historias-%C2%A1que-personajes\/#\">nuevo<img decoding=\"async\" src=\"http:\/\/savingswave-a.akamaihd.net\/items\/it\/img\/arrow-10x10.png\" alt=\"\" \/><\/a> con lo antiguo. Gesner, que conoc\u00eda extraordinariamente bien varias lenguas, se debat\u00eda entre lo que hab\u00eda le\u00eddo y lo que ve\u00eda.<\/p>\n<p>&nbsp;<\/p>\n<p style=\"text-align: justify;\"><img decoding=\"async\" loading=\"lazy\" id=\"irc_mi\" class=\"\" src=\"http:\/\/thonyc.files.wordpress.com\/2011\/03\/conrad_gesner_1662.jpg\" alt=\"\" width=\"232\" height=\"340\" \/><img decoding=\"async\" loading=\"lazy\" class=\"\" src=\"https:\/\/c8.alamy.com\/comp\/C41NN6\/zoology-mythological-creatures-sea-devil-reputedly-caught-in-the-early-C41NN6.jpg\" alt=\"Konrad gesner hi-res stock photography and images - Alamy\" width=\"414\" height=\"332\" \/><\/p>\n<p><strong>Gesnerus y sus criaturas<\/strong><\/p>\n<p style=\"text-align: justify;\">A los 20 a\u00f1os escribi\u00f3 un diccionario Griego-Latin. Durante los treinta a\u00f1os que siguieron produjo treinta viol\u00fames sobre todos los temas imaginables. Su monumental Biblioteca Universal en cuatro vol\u00fames (1545-1555) pretend\u00eda ser un cat\u00e1logo de todos los escritos producidos en griego, lat\u00edn y hebreo a lo largo de la historia.<\/p>\n<p>&nbsp;<\/p>\n<\/div>\n<p style=\"text-align: justify;\">\n<p><img decoding=\"async\" src=\"https:\/\/www.biografiasyvidas.com\/biografia\/g\/fotos\/gesner.jpg\" alt=\"Biografia de Conrad Gesner\" \/><\/p>\n<p>&nbsp;<\/p>\n<div>\n<p style=\"text-align: justify;\"><strong>Gesner<\/strong>\u00a0clasific\u00f3 mil ochocientos autores y los t\u00edtulos de sus obras manuscritas e impresas, acompa\u00f1adas de un resumen de su contenido. De este modo gan\u00f3 el t\u00edtulo de \u201cpadre de la bibliograf\u00eda\u201d. La bibliograf\u00eda ser\u00eda para las Bibliotecas lo que la cartograf\u00eda para los exploradores de la tierra y de los mares.<\/p>\n<p style=\"text-align: justify;\">En la Biblioteca de los Fugger, Gesner encontr\u00f3 un manuscrito griego enciclop\u00e9dico del siglo\u00a0 II que le inspir\u00f3 para convertirse en un Plinio moderno. Por fin, su Historia Animalium, que segu\u00eda la disposici\u00f3n de Arist\u00f3teles, recog\u00edam todo lo que se conoc\u00eda, especulaba, imaginaba o contaba de cada uno de los animales conocidos. Como Plinio, Gesner produjo una miscel\u00e1nea, pero a\u00f1adi\u00f3 los <a id=\"_GPLITA_4\" title=\"Click to Continue &gt; by Savings Wave\" href=\"http:\/\/www.emiliosilveravazquez.com\/blog\/2013\/05\/23\/%C2%A1que-historias-%C2%A1que-personajes\/#\">datos<img decoding=\"async\" src=\"http:\/\/savingswave-a.akamaihd.net\/items\/it\/img\/arrow-10x10.png\" alt=\"\" \/><\/a> que se hab\u00edan acumulado en el milenio y medio transcurrido desde entonces. Sin bien era algo m\u00e1s cr\u00edtico que Plinio, \u00e9l tampoco desminti\u00f3 las leyendas incre\u00edbles, y mostr\u00f3 una serpiente marina de noventa metros de largo. Pero describi\u00f3 la caza de ballenas e incorpor\u00f3 la primera ilustraci\u00f3n de una ballena que estaba siendo despellejada para obtener la grasa.<\/p>\n<\/div>\n<p>&nbsp;<\/p>\n<p><img decoding=\"async\" loading=\"lazy\" class=\"\" src=\"https:\/\/m.media-amazon.com\/images\/I\/91PIBJvCLaL._AC_UF894,1000_QL80_.jpg\" alt=\"El fant\u00e1stico mundo de los unicornios\" width=\"398\" height=\"187\" \/><\/p>\n<p>&nbsp;<\/p>\n<div>\n<p style=\"text-align: justify;\">Unicornios montados por bellas y misteriosas amazonas y otras fant\u00e1sticas criaturas llenaban las mentes con la \u00fanica libertad que se nos ha dado \u00a1El Pensamiento! \u00bfQui\u00e9n no ha pensado alguna vez en fant\u00e1sticos mundos poblados por criaturas de inimaginable belleza, o, tambi\u00e9n, de fealdad indescriptible.<\/p>\n<p>&nbsp;<\/p>\n<\/div>\n<p><img decoding=\"async\" loading=\"lazy\" class=\"\" src=\"https:\/\/farm8.staticflickr.com\/7129\/6970191566_517b5a60eb.jpg\" alt=\"odisea2008: ICONES ANIMALIUM\" width=\"328\" height=\"445\" \/><img decoding=\"async\" loading=\"lazy\" class=\"\" src=\"https:\/\/a.1stdibscdn.com\/archivesE\/upload\/1121189\/f_325003521675271146313\/32500352_datamatics.jpeg\" alt=\"1558 Demonio Monstruo Marino, Primera Edici\u00f3n, Conrad Gesner, Xilograf\u00eda, Coloreado a mano, Mito\" width=\"422\" height=\"422\" \/><\/p>\n<p>&nbsp;<\/p>\n<p>&nbsp;<\/p>\n<div>\n<p style=\"text-align: justify;\">La duradera influencia de la obra de Gesner emanaba de su sentido del folklore y de su capacidad para presentar la fantas\u00eda y la realidad con la misma convincente veracidad. Cuando alguien escribe con pasi\u00f3n y <a href=\"http:\/\/www.emiliosilveravazquez.com\/blog\/2013\/05\/23\/%C2%A1que-historias-%C2%A1que-personajes\/#\"><a href=\"#\" onclick=\"referencia('plasma',event); return false;\">plasma<\/a><\/a> en el papel lo que siente, de alguna manera, es m\u00e1s f\u00e1cil que pueda llegar al lector que, presiente, el mensaje que el autor le quiere hacer llegar.<\/p>\n<p style=\"text-align: justify;\">Al cabo de un siglo, el lector ingl\u00e9s ya ten\u00eda acceso a la popular enciclopedia de Gesner gracias a la traducci\u00f3n de Edward Topsell, que \u00e9ste titul\u00f3 Historias de las bestias de cuatro patas, de las serpientes y de los insectos, 1658. All\u00ed podemos saber con respecto a la gorgona que&#8230;<\/p>\n<p>&nbsp;<\/p>\n<p style=\"text-align: justify;\"><img decoding=\"async\" loading=\"lazy\" class=\"\" src=\"http:\/\/upload.wikimedia.org\/wikipedia\/commons\/thumb\/8\/8c\/Gorgon_at_the_Corfu_Archaelogical_Museum.jpg\/799px-Gorgon_at_the_Corfu_Archaelogical_Museum.jpg\" alt=\"File:Gorgon at the Corfu Archaelogical Museum.jpg\" width=\"616\" height=\"178\" \/><\/p>\n<p>&nbsp;<\/p>\n<p style=\"text-align: justify;\">La gorgona, flanqueada por leonas y mostrando su cintur\u00f3n de serpientes, tal como aparece en el pedimento del templo del siglo VII\u00a0a.\u00a0C. expuesto en el Museo arqueol\u00f3gico de Corf\u00fa. Todos estos mitos y leyendas han llegado a nuestro tiempo de las maneras m\u00e1s diversas cuando, aquellos personajes del pasado quer\u00edan escenificar todas aquellas &#8220;historias&#8221; y las <a href=\"#\" onclick=\"referencia('plasma',event); return false;\">plasma<\/a>ban en dibujos y relieves o quedaban escritas hasta en las piedras.<a class=\"new\" title=\"Museo Arqueol\u00f3gico de Corf\u00fa (a\u00fan no redactado)\" href=\"http:\/\/es.wikipedia.org\/w\/index.php?title=Museo_Arqueol%C3%B3gico_de_Corf%C3%BA&amp;action=edit&amp;redlink=1\"><br \/>\n<\/a><\/p>\n<\/div>\n<p>&nbsp;<\/p>\n<p><img decoding=\"async\" src=\"https:\/\/encrypted-tbn2.gstatic.com\/images?q=tbn:ANd9GcRUz_BczEHhLA69-VaUTobaSXZhM1hzNUVK6A73_cpVRSxAc9om\" \/><\/p>\n<p><strong>gorgona<\/strong><\/p>\n<div>\n<blockquote>\n<p style=\"text-align: justify;\">&#8220;En la <a title=\"Mitolog\u00eda griega\" href=\"http:\/\/es.wikipedia.org\/wiki\/Mitolog%C3%ADa_griega\">mitolog\u00eda griega<\/a>, una <strong>gorgona<\/strong> (en <a title=\"Griego antiguo\" href=\"http:\/\/es.wikipedia.org\/wiki\/Griego_antiguo\">griego antiguo<\/a> \u03b3\u03bf\u03c1\u03b3\u03ce <em>gorg\u014d<\/em> o \u03b3\u03bf\u03c1\u03b3\u03ce\u03bd <em>gorg\u014dn<\/em>, terrible\u2019) era un despiadado <a title=\"Monstruo\" href=\"http:\/\/es.wikipedia.org\/wiki\/Monstruo\">monstruo<\/a> <a title=\"Femenino\" href=\"http:\/\/es.wikipedia.org\/wiki\/Femenino\">femenino<\/a> a la vez que una <a title=\"Deidad\" href=\"http:\/\/es.wikipedia.org\/wiki\/Deidad\">deidad<\/a> protectora procedente de los conceptos religiosos m\u00e1s antiguos. Su poder era tan grande que cualquiera que intentase mirarla quedaba <a title=\"Petrificaci\u00f3n\" href=\"http:\/\/es.wikipedia.org\/wiki\/Petrificaci%C3%B3n\">petrificado<\/a>, por lo que su imagen se ubicaba en todo tipo de lugares, desde <a title=\"Templo griego\" href=\"http:\/\/es.wikipedia.org\/wiki\/Templo_griego\">templos<\/a> a <a title=\"Cr\u00e1tera\" href=\"http:\/\/es.wikipedia.org\/wiki\/Cr%C3%A1tera\">cr\u00e1teras<\/a> de <a title=\"Vino\" href=\"http:\/\/es.wikipedia.org\/wiki\/Vino\">vino<\/a>, para propiciar su protecci\u00f3n. La gorgona llevaba un <a title=\"Cintur\u00f3n (prenda)\" href=\"http:\/\/es.wikipedia.org\/wiki\/Cintur%C3%B3n_%28prenda%29\">cintur\u00f3n<\/a> de <a title=\"Serpiente\" href=\"http:\/\/es.wikipedia.org\/wiki\/Serpiente\">serpientes<\/a>, entrelazadas como una hebilla y <a title=\"Animales confrontados (a\u00fan no redactado)\" href=\"http:\/\/es.wikipedia.org\/w\/index.php?title=Animales_confrontados&amp;action=edit&amp;redlink=1\">confrontadas<\/a> entre s\u00ed&#8221;.<\/p>\n<p>&nbsp;<\/p>\n<p style=\"text-align: justify;\"><img decoding=\"async\" loading=\"lazy\" id=\"irc_mi\" class=\"irc_mut\" style=\"margin-top: 0px;\" src=\"http:\/\/1.bp.blogspot.com\/-ahFwfQXweig\/TxhskanNc2I\/AAAAAAAAAFM\/dUrSiGOCdq4\/s1600\/medusa%2B%25283%2529.jpg\" alt=\"\" width=\"390\" height=\"393\" \/><\/p>\n<p style=\"text-align: justify;\">\u00a0\u00a0\u00a0\u00a0\u00a0\u00a0\u00a0\u00a0\u00a0\u00a0\u00a0\u00a0\u00a0\u00a0\u00a0\u00a0\u00a0\u00a0\u00a0\u00a0\u00a0\u00a0\u00a0\u00a0\u00a0\u00a0\u00a0\u00a0\u00a0<strong>\u00a0\u00a0\u00a0\u00a0 G\u00f3rgonas y Medusas<\/strong><\/p>\n<\/blockquote>\n<p style=\"text-align: justify;\"><em>\u2026se plante\u00f3 la cuesti\u00f3n de si el veneno que hab\u00eda emitido proced\u00eda de su aliento o de los ojos. Es m\u00e1s probable que, como el basilisco, matara con la mirada y tambi\u00e9n lo hiciera con el aliento de su boca, lo cual no es comparable con ninguna otra bestia del mundo\u2026 Al considerar esa bestia, se demostr\u00f3 de modo evidente la divina sabiduria y providencia del Creador, que hab\u00eda vuelto los ojos de <a id=\"_GPLITA_6\" title=\"Click to Continue &gt; by Savings Wave\" href=\"http:\/\/www.emiliosilveravazquez.com\/blog\/2013\/05\/23\/%C2%A1que-historias-%C2%A1que-personajes\/#\">esta<img decoding=\"async\" src=\"http:\/\/savingswave-a.akamaihd.net\/items\/it\/img\/arrow-10x10.png\" alt=\"\" \/><\/a> criatura hacia la tierra, como si as\u00ed enterrara su veneno y evitara que da\u00f1ara al hombre, y los hab\u00eda ensombrecido con un cabello fuerte, largo y \u00e1spero, para que los rayos envenenados no pudieran dirigirse hacia arriba, hasta que la bestia se viera azuzada por el miedo o la ira\u2026<\/em><\/p>\n<\/div>\n<p>&nbsp;<\/p>\n<p><img decoding=\"async\" loading=\"lazy\" class=\"\" src=\"https:\/\/www.meisterdrucke.es\/kunstwerke\/1260px\/Swiss_School_-_Unicorn_illustration_from_Historiae_Animalium_by_Conrad_Gesner_-_%28MeisterDrucke-935342%29.jpg\" alt=\"Unicornio, ilustraci\u00f3n de &quot;Historiae Animalium&quot; de Conrad Gesner\" width=\"546\" height=\"437\" \/><\/p>\n<p>&nbsp;<\/p>\n<div>\n<p style=\"text-align: justify;\">Tras recurrir al indiscutible testimonio del salmo nonag\u00e9simo segundo, Gesner declara que los Unicornios son sagrados porque \u201creverencian a las v\u00edrgenes y a las j\u00f3venes doncellas\u201d y muchas veces al verlas se vuelven mansos y se acercan a dormir a su lado\u2026 ocasi\u00f3n que los cazadores indios y et\u00edopes aprovechan para apoderarse de la bestia. Toman a un hombre joven, fuerte y hermoso, lo visten de mujer y lo adornan con diversas flores y especias olorosas\u201d.<\/p>\n<p>&nbsp;<\/p>\n<p style=\"text-align: justify;\"><img decoding=\"async\" loading=\"lazy\" id=\"rg_hi\" src=\"http:\/\/t1.gstatic.com\/images?q=tbn:ANd9GcR_vAYQjP4auJ8F5nKMIuHL16UsWFtHwVwr6ekAjmkn3Z_I2RrP\" alt=\"\" width=\"176\" height=\"286\" data-height=\"286\" data-width=\"176\" \/><img decoding=\"async\" src=\"https:\/\/encrypted-tbn0.gstatic.com\/images?q=tbn:ANd9GcSYfXPNKWlodIUlK4-SYHlfihbRPRTjG6qVdA&amp;s\" alt=\"Conrad Gesner (1516-1565), monstrum eruditionis\" \/><img decoding=\"async\" loading=\"lazy\" class=\"\" src=\"https:\/\/a.1stdibscdn.com\/archivesE\/upload\/1121189\/f_318414821671728305245\/31841482_datamatics.jpeg\" alt=\"1558 Conrad Gesner, Una ballena monstruosa ataca a un velero, xilograf\u00eda en hoja\" width=\"279\" height=\"279\" \/><\/p>\n<p id=\"rg_hn\" style=\"text-align: justify;\">de la obra de <strong>Gesner<\/strong><\/p>\n<p style=\"text-align: justify;\">Pese a la fantas\u00eda de su texto, el millar de grabados de Gesner contribuy\u00f3 a que la biolog\u00eda tomara un rumbo distinto. Al igual que los padres alemanes de la bot\u00e1nica, Gesner colabor\u00f3 con los artistas y present\u00f3 los dibujos m\u00e1s realistas hechos hasta el momento de todos los tipos de criaturas, <a id=\"_GPLITA_5\" title=\"Click to Continue &gt; by Savings Wave\" href=\"http:\/\/www.emiliosilveravazquez.com\/blog\/2013\/05\/23\/%C2%A1que-historias-%C2%A1que-personajes\/#\">desde<img decoding=\"async\" src=\"http:\/\/savingswave-a.akamaihd.net\/items\/it\/img\/arrow-10x10.png\" alt=\"\" \/><\/a> el \u201cvulgar ratoncillo\u201d al s\u00e1tiro, la esfinge, el gato, el topo y el elefante. Durero fue el autor de su ilustraci\u00f3n del rinoceronte, \u201cla segunda maravilla de la naturaleza\u2026como el elefante era la primera\u201d. Estos incunables de la ilustraci\u00f3n biol\u00f3gica empezaron a liberar a los lectores de los herbarios y los bestiarios.<\/p>\n<p>&nbsp;<\/p>\n<p style=\"text-align: justify;\"><img decoding=\"async\" loading=\"lazy\" id=\"irc_mi\" class=\"irc_mut\" style=\"margin-top: 0px;\" src=\"http:\/\/3.bp.blogspot.com\/-FasiTs8VCjI\/To0WNo-wKbI\/AAAAAAAAA6U\/PRlKWhiXcT0\/s1600\/Gesner+icones.jpg\" alt=\"\" width=\"493\" height=\"393\" \/><\/p>\n<p>&nbsp;<\/p>\n<p style=\"text-align: justify;\">La obra de Gesner, reimpresa, traducida y resumida, domin\u00f3 la zoolog\u00eda post-aristot\u00e9lica hasta los innovadores estudios modernos de Ray y Linneo, que no estaban ilustrados. Sus notas in\u00e9ditas fueron la base, el el siglo siguiente, del primer tratado completo que se escribi\u00f3 sobre los insectos. Para su Opera Bot\u00e1nica recogi\u00f3 cerca de un millar de dibujos, algunos realizados por \u00e9l mismo, pero no lleg\u00f3 a terminar su gran <a id=\"_GPLITA_7\" title=\"Click to Continue &gt; by Savings Wave\" href=\"http:\/\/www.emiliosilveravazquez.com\/blog\/2013\/05\/23\/%C2%A1que-historias-%C2%A1que-personajes\/#\">trabajo<img decoding=\"async\" src=\"http:\/\/savingswave-a.akamaihd.net\/items\/it\/img\/arrow-10x10.png\" alt=\"\" \/><\/a> sobre las plantas, que hab\u00edan sido su primer amor.<\/p>\n<p>&nbsp;<\/p>\n<p style=\"text-align: justify;\"><img decoding=\"async\" src=\"https:\/\/cdn1.despertaferro-ediciones.com\/wp-content\/uploads\/2024\/06\/portada-DF85-2-20240604_page-0003-305x430.jpg.webp\" alt=\"Mitr\u00eddates el Grande. Enemigo de Roma - Desperta Ferro Libros\" \/><\/p>\n<\/div>\n<h1>Enemigo implacable de Roma<\/h1>\n<div>\n<p style=\"text-align: justify;\">Gesner nunca se liber\u00f3 completamente de su obsesi\u00f3n filol\u00f3gica. En su libro de 158 p\u00e1ginas <strong>Mitr\u00eddates<\/strong>, u observaciones sobre las diferencias existentes entre las lenguas que han <a id=\"_GPLITA_9\" title=\"Click to Continue &gt; by Savings Wave\" href=\"http:\/\/www.emiliosilveravazquez.com\/blog\/2013\/05\/23\/%C2%A1que-historias-%C2%A1que-personajes\/#\">estado<img decoding=\"async\" src=\"http:\/\/savingswave-a.akamaihd.net\/items\/it\/img\/arrow-10x10.png\" alt=\"\" \/><\/a> o est\u00e1n en uso en las diversas naciones del mundo entero (1555), intent\u00f3 hacer con las lenguas lo que ya estaba haciendo con los animales y las plantas. Tomando como base su traducci\u00f3n del padrenuestro, Gesner describi\u00f3 y compar\u00f3 \u201cla totalidad\u201d de las ciento treinta lenguas del mundo. Por vez primera,\u00a0 incluy\u00f3 un vocabulario del lenguaje de los gitanos.<\/p>\n<p>&nbsp;<\/p>\n<\/div>\n<p><img decoding=\"async\" loading=\"lazy\" class=\"\" src=\"https:\/\/imagenes.heraldo.es\/files\/image_1920_1080\/uploads\/imagenes\/2019\/05\/24\/un-alpinista-contempla-el-monte-everest-a-8-850-metros-de-altura.jpeg\" alt=\"Doce sherpas logran la primera cima del Everest durante la pandemia\" width=\"552\" height=\"311\" \/><img decoding=\"async\" loading=\"lazy\" class=\"\" src=\"https:\/\/cloudfront-us-east-1.images.arcpublishing.com\/semana\/L2VGWWW7ABH4XE54LX6T2HDFMU.jpg\" alt=\"La cumbre del Everest est\u00e1 cubierta por una gruesa capa de hielo, \u00bfcu\u00e1nto mide?\" width=\"553\" height=\"311\" \/><\/p>\n<p>&nbsp;<\/p>\n<div>\n<p style=\"text-align: justify;\">\u00a0\u00a0\u00a0 Nadie nunca se hubiera atrevido a querer visitar las misteriosas cumbres de las monta\u00f1as<\/p>\n<p style=\"text-align: justify;\">Al revelar p\u00fablicamente su intenci\u00f3n de explorar las altas monta\u00f1as, que hasta entonces hab\u00edan inspirado pasmo y terror, Gesner hall\u00f3 un modo t\u00edpicamente suizo de <a id=\"_GPLITA_8\" title=\"Click to Continue &gt; by Savings Wave\" href=\"http:\/\/www.emiliosilveravazquez.com\/blog\/2013\/05\/23\/%C2%A1que-historias-%C2%A1que-personajes\/#\">descubrir<img decoding=\"async\" src=\"http:\/\/savingswave-a.akamaihd.net\/items\/it\/img\/arrow-10x10.png\" alt=\"\" \/><\/a> la naturaleza. La Europa renacentista hab\u00eda presenciado un breve y prematuro surgir de la fascinaci\u00f3n por la aventura de las monta\u00f1as. Petrarca (1304-1374) hab\u00eda sido el precursor, con su ascensi\u00f3n al monte Ventoux, cerca de Avignon, en 1336. En la cumbre ley\u00f3 en un ejemplar de las confesiones de san Agust\u00edn que se sac\u00f3 del bolsillo una advertencia dirigida a los hombres que \u201cvan a admirar las altas monta\u00f1as y la inmensidad del oc\u00e9ano y el curso de los astros\u2026 y se olvidan de s\u00ed mismos\u201d. Leonardo Da Vinci explor\u00f3 el monte Bo en 1511 con ojos de artista y naturalista. El reformista y humanista suizo Joachim Vadian (1484-1551), amigo de Lutero y defensor de Zwinglio, lleg\u00f3 a la cumbre de Gnepfstein, cerca de Lucerna, en 1555, escribi\u00f3 su peque\u00f1a obra cl\u00e1sica.<\/p>\n<\/div>\n<p>&nbsp;<\/p>\n<p><img decoding=\"async\" loading=\"lazy\" class=\"\" src=\"https:\/\/www.bloischambord.es\/sites\/blois-tourisme\/files\/styles\/gallery_lightbox\/public\/content\/images\/1558361579-1711443283.jpg?itok=s-VtyMsU\" alt=\"Leonardo da Vinci | Blois Chambord Turismo\" width=\"638\" height=\"915\" \/><\/p>\n<p>&nbsp;<\/p>\n<div>\n<blockquote>\n<p style=\"text-align: justify;\"><em>\u201cSi dese\u00e1<\/em><em>is ampliar vuestro campo de visi\u00f3n, dirigid la mirada a vuestro alrededor y contemplad todas las cosas que hay a lo largo y a lo ancho. No faltan atalayas y riscos, <a id=\"_GPLITA_10\" title=\"Click to Continue &gt; by Savings Wave\" href=\"http:\/\/www.emiliosilveravazquez.com\/blog\/2013\/05\/23\/%C2%A1que-historias-%C2%A1que-personajes\/#\">desde<img decoding=\"async\" src=\"http:\/\/savingswave-a.akamaihd.net\/items\/it\/img\/arrow-10x10.png\" alt=\"\" \/><\/a> donde os parecer\u00e1 que ten\u00e9is la cabeza en la nubes. Si, por otra parte, prefer\u00eds reducir la visi\u00f3n, pod\u00e9is mirar los prados y los verdes bosques, o adentraros en ellos; y si la quer\u00e9is reducir todav\u00eda m\u00e1s, pod\u00e9is observar los oscuros valles, las sombr\u00edas rocas y las oscuras cavernas\u2026 En verdad, en ning\u00fan otro lugar se encuentran tal variedad en tan reducido espacio con en las monta\u00f1as, en las cuales\u2026 en un solo d\u00eda se puede contemplar y sentir las cuatro estaciones del a\u00f1o, verano, oto\u00f1o, primavera e invierno. Adem\u00e1s, desde los picos m\u00e1s altos de las monta\u00f1as, la c\u00fapula entera de nuestro cielo se tender\u00e1 audazmente abierta ante nuestra mirada, y podr\u00e9eis presenciar la salida y la puesta de las constelaciones sin ning\u00fan estorbo, y comprobareis que el Sol se pone mucho despu\u00e9s y sale mucho antes.\u201d<\/em><\/p>\n<p>&nbsp;<\/p>\n<p style=\"text-align: justify;\"><em><img decoding=\"async\" loading=\"lazy\" class=\"\" src=\"https:\/\/cdn.artphotolimited.com\/images\/5ca5bf82ce46dc3d348294d2\/1000x1000\/mont-blanc-mountain.jpg\" alt=\"La monta\u00f1a del Mont Blanc\" width=\"405\" height=\"270\" \/><\/em><\/p>\n<p><strong>El Mont Blanc<\/strong><\/p><\/blockquote>\n<p style=\"text-align: justify;\">Pero resultaba tan dif\u00edcil vencer los temores primitivos que tendr\u00edan que transcurrir dos siglos entre las excursiones de Gesner y los verdaderos comienzos del monta\u00f1ismo moderno. El Mont Blanc (4.810 m), el pico m\u00e1s alto de Europa aparte del C\u00e1ucaso, no fue escalado hasta 1786 por un monta\u00f1ero que se propon\u00eda cobrar la recompensa que hab\u00eda ofrecido un ge\u00f3logo suizo, Horace-B\u00e9nedict de Saussure (1740-1779), veinticinco a\u00f1os antes.<\/p>\n<p style=\"text-align: justify;\">En tanto los naturalistas dispusieran las plantas y los animales por orden alfab\u00e9tico, el estudio de la naturaleza estaba condenado a seguir siendo te\u00f3rico\u2026Pero, \u00a1esa es otra historia que no toca hoy!<\/p>\n<p style=\"text-align: justify;\">Lo cierto es que, leyendo estas historias del pasado nos podemos situar en aquel tiempo y llegar a comprender c\u00f3mo la gente ten\u00edan aquellos pensamientos, el desconocimiento del mundo y de las cosas y los seres que lo pueblan hacen que la imaginaci\u00f3n desbocada vague por caminos que, en la mayor\u00eda de los casos, est\u00e1n aconsejados por la ignorancia. Pero, el tiempo pasa y las sociedades y sus gentes evolucionan, los descubrimientos no cesan y la ciencia avanza. Ahora, todo aquello \u00a1nos queda tan lejano!<\/p>\n<p style=\"text-align: justify;\"><strong><em>Emilio Silvera V-<\/em><\/strong><\/p>\n<p style=\"text-align: justify;\">Historias como estas son contadas por <strong>Daniel J. Boorstin<\/strong> en sus libros titulados Los Descubridores\u2026La Naturaleza. Los podeis encontrar en la Biblioteca de Divulgaci\u00f3n Cient\u00edfica (1986 Editorial Cr\u00edtica, S.A.) ISBN (Obra completa): 84-873-0174-5. Cuatro Caminos s\/n. Sant Vicent\u00e7 dels Hirts (Barcelona).<\/p>\n<\/div>\n<div class='bookmark'>\r\n\t\t<table align='left' border='0' cellpadding='0' width='100%'>\r\n\t\t<tr><td><span class='pushbutton'><a href='http:\/\/delicious.com\/post?url=http%3A%2F%2Fwww.emiliosilveravazquez.com%2Fblog%2F2024%2F07%2F31%2F%25c2%25a1que-historias-%25c2%25a1que-personajes-%25c2%25a1que-tiempos%2F&amp;title=%C2%A1Qu%C3%A9+historias%21+%C2%A1Qu%C3%A9+personajes%21+%C2%A1Qu%C3%A9+tiempos%21' title='Delicious' target='_blank' rel='nofollow'><img src='http:\/\/www.emiliosilveravazquez.com\/blog\/wp-content\/plugins\/knxdt-bookmarks-wordpress-plugin\/images\/delicious.png'  alt='' class='book_img' border='none' style='margin:1px; padding: 0;'  \/><\/a><\/span><span class='pushbutton'><a href='http:\/\/digg.com\/submit?url=http%3A%2F%2Fwww.emiliosilveravazquez.com%2Fblog%2F2024%2F07%2F31%2F%25c2%25a1que-historias-%25c2%25a1que-personajes-%25c2%25a1que-tiempos%2F&amp;title=%C2%A1Qu%C3%A9+historias%21+%C2%A1Qu%C3%A9+personajes%21+%C2%A1Qu%C3%A9+tiempos%21' title='Digg' target='_blank' rel='nofollow'><img src='http:\/\/www.emiliosilveravazquez.com\/blog\/wp-content\/plugins\/knxdt-bookmarks-wordpress-plugin\/images\/digg.png'  alt='' class='book_img' border='none' style='margin:1px; padding: 0;'  \/><\/a><\/span><span class='pushbutton'><a href='http:\/\/www.google.com\/bookmarks\/mark?op=edit&amp;bkmk=http%3A%2F%2Fwww.emiliosilveravazquez.com%2Fblog%2F2024%2F07%2F31%2F%25c2%25a1que-historias-%25c2%25a1que-personajes-%25c2%25a1que-tiempos%2F&amp;title=%C2%A1Qu%C3%A9+historias%21+%C2%A1Qu%C3%A9+personajes%21+%C2%A1Qu%C3%A9+tiempos%21' title='Google' target='_blank' rel='nofollow'><img src='http:\/\/www.emiliosilveravazquez.com\/blog\/wp-content\/plugins\/knxdt-bookmarks-wordpress-plugin\/images\/google.png'   alt='' class='book_img' border='none' style='margin:1px; padding: 0;'  \/><\/a><\/span><span class='pushbutton'><a href='http:\/\/myweb2.search.yahoo.com\/myresults\/bookmarklet?u=http%3A%2F%2Fwww.emiliosilveravazquez.com%2Fblog%2F2024%2F07%2F31%2F%25c2%25a1que-historias-%25c2%25a1que-personajes-%25c2%25a1que-tiempos%2F&amp;t=%C2%A1Qu%C3%A9+historias%21+%C2%A1Qu%C3%A9+personajes%21+%C2%A1Qu%C3%A9+tiempos%21' title='Yahoo' target='_blank' rel='nofollow'><img src='http:\/\/www.emiliosilveravazquez.com\/blog\/wp-content\/plugins\/knxdt-bookmarks-wordpress-plugin\/images\/yahoo.png'  alt='' class='book_img' border='none' style='margin:1px; padding: 0;'  \/><\/a><\/span><span class='pushbutton'><a href='http:\/\/www.technorati.com\/faves?add=http%3A%2F%2Fwww.emiliosilveravazquez.com%2Fblog%2F2024%2F07%2F31%2F%25c2%25a1que-historias-%25c2%25a1que-personajes-%25c2%25a1que-tiempos%2F' title='Technorati' target='_blank' rel='nofollow'><img src='http:\/\/www.emiliosilveravazquez.com\/blog\/wp-content\/plugins\/knxdt-bookmarks-wordpress-plugin\/images\/technorati.png'  alt='' class='book_img' border='none' style='margin:1px; padding: 0;'  \/><\/a><\/span><span class='pushbutton'><a href='http:\/\/meneame.net\/submit.php?url=http%3A%2F%2Fwww.emiliosilveravazquez.com%2Fblog%2F2024%2F07%2F31%2F%25c2%25a1que-historias-%25c2%25a1que-personajes-%25c2%25a1que-tiempos%2F' title='Meneame' target='_blank' rel='nofollow'><img src='http:\/\/www.emiliosilveravazquez.com\/blog\/wp-content\/plugins\/knxdt-bookmarks-wordpress-plugin\/images\/meneame.png'  alt='' class='book_img' border='none' style='margin:1px; padding: 0;'  \/><\/a><\/span><span class='pushbutton'><a href='http:\/\/enchilame.com\/submit.php?url=http:\/\/www.emiliosilveravazquez.com\/blog\/2024\/07\/31\/%c2%a1que-historias-%c2%a1que-personajes-%c2%a1que-tiempos\/' target='_blank' rel='nofollow'><img title='Enchilame' src='http:\/\/www.emiliosilveravazquez.com\/blog\/wp-content\/plugins\/knxdt-bookmarks-wordpress-plugin\/images\/enchilame.png'  alt='' class='book_img' border='none' style='margin:1px; padding: 0;'  \/><\/a><\/span><span class='pushbutton'><a href='http:\/\/www.blinklist.com\/index.php?Action=Blink\/addblink.php&amp;Description=&amp;Url=http%3A%2F%2Fwww.emiliosilveravazquez.com%2Fblog%2F2024%2F07%2F31%2F%25c2%25a1que-historias-%25c2%25a1que-personajes-%25c2%25a1que-tiempos%2F&amp;title=%C2%A1Qu%C3%A9+historias%21+%C2%A1Qu%C3%A9+personajes%21+%C2%A1Qu%C3%A9+tiempos%21' title='BlinkList' target='_blank' rel='nofollow'><img src='http:\/\/www.emiliosilveravazquez.com\/blog\/wp-content\/plugins\/knxdt-bookmarks-wordpress-plugin\/images\/blinklist.png'  alt='' class='book_img' border='none' style='margin:1px; padding: 0;'  \/><\/a><\/span><span class='pushbutton'><a href='http:\/\/reddit.com\/submit?url=http%3A%2F%2Fwww.emiliosilveravazquez.com%2Fblog%2F2024%2F07%2F31%2F%25c2%25a1que-historias-%25c2%25a1que-personajes-%25c2%25a1que-tiempos%2F&amp;title=%C2%A1Qu%C3%A9+historias%21+%C2%A1Qu%C3%A9+personajes%21+%C2%A1Qu%C3%A9+tiempos%21' title='Reddit' target='_blank' rel='nofollow'><img src='http:\/\/www.emiliosilveravazquez.com\/blog\/wp-content\/plugins\/knxdt-bookmarks-wordpress-plugin\/images\/reddit.png'  alt='' class='book_img' border='none' style='margin:1px; padding: 0;'  \/><\/a><\/span><span class='pushbutton'><a href='http:\/\/www.tecnologiadiaria.com\/2009\/07\/abrir-com-hotmail-correo.html' target='_blank' title='hotmail'><img src='http:\/\/www.emiliosilveravazquez.com\/blog\/wp-content\/plugins\/knxdt-bookmarks-wordpress-plugin\/images\/linklove.png' alt='hotmail correo' class='book_img' border='none' style='margin:1px; padding: 0;' \/><\/a><\/span><span class='pushbutton'><a href='http:\/\/bitacoras.com\/votar\/anotacion\/externo\/mini\/www.emiliosilveravazquez.com\/blog\/2024\/07\/31\/%c2%a1que-historias-%c2%a1que-personajes-%c2%a1que-tiempos\/' title='Bitacoras.com' target='_blank' rel='nofollow'><img src='http:\/\/www.emiliosilveravazquez.com\/blog\/wp-content\/plugins\/knxdt-bookmarks-wordpress-plugin\/images\/bitacoras.png'  alt='' class='book_img' border='none' style='margin:1px; padding: 0;'  \/><\/a><\/span><span class='pushbutton'><a href='http:\/\/www.wikio.es\/vote?url=http%3A%2F%2Fwww.emiliosilveravazquez.com%2Fblog%2F2024%2F07%2F31%2F%25c2%25a1que-historias-%25c2%25a1que-personajes-%25c2%25a1que-tiempos%2F' title='Wikio' target='_blank' rel='nofollow'><img src='http:\/\/www.emiliosilveravazquez.com\/blog\/wp-content\/plugins\/knxdt-bookmarks-wordpress-plugin\/images\/wikio.png'   alt='' class='book_img' border='none' style='margin:1px; padding: 0;'   \/><\/a><\/span><span class='pushbutton'><a href='http:\/\/friendfeed.com\/?url=http%3A%2F%2Fwww.emiliosilveravazquez.com%2Fblog%2F2024%2F07%2F31%2F%25c2%25a1que-historias-%25c2%25a1que-personajes-%25c2%25a1que-tiempos%2F&amp;title=%C2%A1Qu%C3%A9+historias%21+%C2%A1Qu%C3%A9+personajes%21+%C2%A1Qu%C3%A9+tiempos%21' title='Friend Feed' target='_blank' rel='nofollow'><img src='http:\/\/www.emiliosilveravazquez.com\/blog\/wp-content\/plugins\/knxdt-bookmarks-wordpress-plugin\/images\/friendfeed.png'  alt='' class='book_img' border='none' style='margin:1px; padding: 0;'  \/><\/a><\/span><span class='pushbutton'><a href='http:\/\/www.facebook.com\/share.php?u=http%3A%2F%2Fwww.emiliosilveravazquez.com%2Fblog%2F2024%2F07%2F31%2F%25c2%25a1que-historias-%25c2%25a1que-personajes-%25c2%25a1que-tiempos%2F&amp;t=%C2%A1Qu%C3%A9+historias%21+%C2%A1Qu%C3%A9+personajes%21+%C2%A1Qu%C3%A9+tiempos%21' title='Facebook' target='_blank' rel='nofollow'><img src='http:\/\/www.emiliosilveravazquez.com\/blog\/wp-content\/plugins\/knxdt-bookmarks-wordpress-plugin\/images\/facebook.png'  alt='' class='book_img' border='none' style='margin:1px; padding: 0;'  \/><\/a><\/span><span class='pushbutton'><a href='http:\/\/twitter.com\/home?status=%C2%A1Qu%C3%A9+historias%21+%C2%A1Qu%C3%A9+personajes%21+%C2%A1Qu%C3%A9+tiempos%21: http%3A%2F%2Fwww.emiliosilveravazquez.com%2Fblog%2F2024%2F07%2F31%2F%25c2%25a1que-historias-%25c2%25a1que-personajes-%25c2%25a1que-tiempos%2F' title='Twitter' target='_blank' rel='nofollow'><img src='http:\/\/www.emiliosilveravazquez.com\/blog\/wp-content\/plugins\/knxdt-bookmarks-wordpress-plugin\/images\/twitter.png'  alt='' class='book_img' border='none' style='margin:1px; padding: 0;'  \/><\/a><\/span><span class='pushbutton'><a href='http:\/\/www.feedburner.com\/fb\/a\/emailFlare?itemTitle=%C2%A1Qu%C3%A9+historias%21+%C2%A1Qu%C3%A9+personajes%21+%C2%A1Qu%C3%A9+tiempos%21&amp;uri=http%3A%2F%2Fwww.emiliosilveravazquez.com%2Fblog%2F2024%2F07%2F31%2F%25c2%25a1que-historias-%25c2%25a1que-personajes-%25c2%25a1que-tiempos%2F' title='Enviar por Email' target='_blank' rel='nofollow'><img src='http:\/\/www.emiliosilveravazquez.com\/blog\/wp-content\/plugins\/knxdt-bookmarks-wordpress-plugin\/images\/email.png'  alt='' class='book_img' border='none' style='margin:1px; padding: 0;'  \/><\/a><\/span><span style='font-weight:bold; padding-left: 5px;'><a href='http:\/\/wordpress.org\/extend\/plugins\/knxdt-bookmarks-wordpress-plugin\/' title='Plugin' rel='nofollow' target='_blank'>[?]<\/a><\/span><\/td><\/tr><\/table><br\/><br\/><\/div>","protected":false},"excerpt":{"rendered":"<p>La Naturaleza est\u00e1 en nuestras Mentes \u00a1La Sabidur\u00eda! l La Experiencia! \u00a0 \u00a0 \u00a0 \u00a0 \u00a0 \u00a0 \u00a0 \u00a0 \u00a0 \u00a0 \u00a0 \u00a0 \u00a0 \u00a0 Es una hermosa y terrible historia esta de la navegaci\u00f3n. Bella y espantosa como el mar mismo. Porque frente a las notables proezas de los marinos de todos los tiempos, [&hellip;]<\/p>\n","protected":false},"author":2,"featured_media":0,"comment_status":"open","ping_status":"open","sticky":false,"template":"","format":"standard","meta":{"_s2mail":"yes","footnotes":""},"categories":[11],"tags":[],"_links":{"self":[{"href":"http:\/\/www.emiliosilveravazquez.com\/blog\/wp-json\/wp\/v2\/posts\/10610"}],"collection":[{"href":"http:\/\/www.emiliosilveravazquez.com\/blog\/wp-json\/wp\/v2\/posts"}],"about":[{"href":"http:\/\/www.emiliosilveravazquez.com\/blog\/wp-json\/wp\/v2\/types\/post"}],"author":[{"embeddable":true,"href":"http:\/\/www.emiliosilveravazquez.com\/blog\/wp-json\/wp\/v2\/users\/2"}],"replies":[{"embeddable":true,"href":"http:\/\/www.emiliosilveravazquez.com\/blog\/wp-json\/wp\/v2\/comments?post=10610"}],"version-history":[{"count":0,"href":"http:\/\/www.emiliosilveravazquez.com\/blog\/wp-json\/wp\/v2\/posts\/10610\/revisions"}],"wp:attachment":[{"href":"http:\/\/www.emiliosilveravazquez.com\/blog\/wp-json\/wp\/v2\/media?parent=10610"}],"wp:term":[{"taxonomy":"category","embeddable":true,"href":"http:\/\/www.emiliosilveravazquez.com\/blog\/wp-json\/wp\/v2\/categories?post=10610"},{"taxonomy":"post_tag","embeddable":true,"href":"http:\/\/www.emiliosilveravazquez.com\/blog\/wp-json\/wp\/v2\/tags?post=10610"}],"curies":[{"name":"wp","href":"https:\/\/api.w.org\/{rel}","templated":true}]}}