{"id":10600,"date":"2014-02-22T09:55:25","date_gmt":"2014-02-22T08:55:25","guid":{"rendered":"http:\/\/www.emiliosilveravazquez.com\/blog\/?p=10600"},"modified":"2014-02-22T09:55:25","modified_gmt":"2014-02-22T08:55:25","slug":"el-divagar-de-la-mente-2","status":"publish","type":"post","link":"http:\/\/www.emiliosilveravazquez.com\/blog\/2014\/02\/22\/el-divagar-de-la-mente-2\/","title":{"rendered":"El divagar de la mente"},"content":{"rendered":"<div>\n<h2 style=\"text-align: justify;\">\u00a0\u00ab <a href=\"http:\/\/www.emiliosilveravazquez.com\/blog\/2010\/04\/02\/nuevas-teorias-materia-oscura-nuevas-particulas-2%c2%aa\/\" rel=\"prev\">Nuevas teor\u00edas, <a href=\"#\" onclick=\"referencia('materia oscura',event); return false;\">materia oscura<\/a>, nuevas part\u00edculas. 2\u00aa<\/a><\/h2>\n<\/div>\n<div style=\"text-align: justify;\">\n<div><a href=\"http:\/\/www.emiliosilveravazquez.com\/blog\/2010\/04\/05\/despertando-la-curiosidad-por-saber\/\" rel=\"next\">Despertando la curiosidad por saber<\/a> \u00bb<\/div>\n<\/div>\n<div><img decoding=\"async\" loading=\"lazy\" class=\"irc_mut\" style=\"margin-top: 47px;\" src=\"https:\/\/encrypted-tbn0.gstatic.com\/images?q=tbn:ANd9GcT3KNGnkr4EvRPhujWnhoGfSmvcAYR0LQpAetbYJO-N71uD5iZM\" alt=\"\" width=\"400\" height=\"300\" \/><\/p>\n<p style=\"text-align: justify;\">Los procesos cient\u00edficos que comentamos en <a id=\"_GPLITA_2\" title=\"Click to Continue > by Savings Wave&#8221; href=&#8221;http:\/\/www.emiliosilveravazquez.com\/blog\/2010\/04\/03\/el-divagar-de-la-mente\/#&#8221;>este<img decoding=\"async\" src=\"http:\/\/savingswave-a.akamaihd.net\/items\/it\/img\/arrow-10x10.png\" alt=\"\" \/><\/a> lugar, los fen\u00f3menos del Universo que hemos debatido y, tambi\u00e9n, \u00a0los misterios y secretos que el inmenso\u00a0Cosmos nos oculta han contribuido, aunque inadvertidamente, a comprometer e involucrar a nuestra especie en la vastedad del universo. La astronom\u00eda al destrozar las esferas cristalinas que, seg\u00fan se dec\u00eda, aislaban la Tierra de los \u00e1mbitos et\u00e9reos que se hallan por encima de la Luna, nos puso en el universo. La F\u00edsica cu\u00e1ntica\u00a0 destruy\u00f3 la metaf\u00f3rica hoja de cristal que supuestamente separaba al observador distante del mundo observado; descubrimos que estamos inevitablemente enredados en aquello que estudiamos.<\/p>\n<p style=\"text-align: justify;\"><img decoding=\"async\" loading=\"lazy\" id=\"irc_mi\" class=\"irc_mut\" style=\"margin-top: 0px;\" src=\"http:\/\/cronicadeunatraicion.files.wordpress.com\/2012\/05\/universo.jpg\" alt=\"\" width=\"495\" height=\"393\" \/><\/p>\n<p style=\"text-align: justify;\">La Astrof\u00edsica, al demostrar que la materia es la misma en todas partes y que en todas partes obedece a las mismas leyes, revel\u00f3 una unidad c\u00f3smica que se extiende <a id=\"_GPLITA_0\" title=\"Click to Continue > by Savings Wave&#8221; href=&#8221;http:\/\/www.emiliosilveravazquez.com\/blog\/2010\/04\/03\/el-divagar-de-la-mente\/#&#8221;>desde<img decoding=\"async\" src=\"http:\/\/savingswave-a.akamaihd.net\/items\/it\/img\/arrow-10x10.png\" alt=\"\" \/><\/a> la fusi\u00f3n nuclear en las estrellas hasta la qu\u00edmica de la vida que all\u00ed se produce a lo largo de todo el Universo. La evoluci\u00f3n darwiniana, al destacar que todas las especies de la vida terrestre est\u00e1n relacionadas y que todas surgieron de la materia ordinaria, puso de manifiesto que no hay ninguna muralla que nos separe de las otras criaturas de la Tierra, o del planeta que nos dio la vida: que estamos hechos del mismo material del que est\u00e1n hechos los mundos.<\/p>\n<p style=\"text-align: justify;\"><img decoding=\"async\" loading=\"lazy\" id=\"irc_mi\" class=\"irc_mut\" style=\"margin-top: 17px;\" src=\"http:\/\/egasmoniz2.blogs.sapo.pt\/arquivo\/universo.jpg\" alt=\"\" width=\"428\" height=\"360\" \/><\/p>\n<p style=\"text-align: justify;\">La convicci\u00f3n de que, en cierto sentido, formamos una unidad con el universo, por supuesto, ha sido afirmada antes muchas veces, en otras esferas de pensamiento. Hahv\u00e9 cre\u00f3 a Ad\u00e1n del polvo; el griego Her\u00e1clito escribi\u00f3 que \u201ctodas las cosas son una sola\u201d; Lao-tse, en China, describi\u00f3 al hombre y la naturaleza como gobernados por un solo principio (\u201clo llam\u00f3 el Tao\u201d); y la creencia en la unidad de la Humanidad con el cosmos estaba difundida <a id=\"_GPLITA_1\" title=\"Click to Continue > by Savings Wave&#8221; href=&#8221;http:\/\/www.emiliosilveravazquez.com\/blog\/2010\/04\/03\/el-divagar-de-la-mente\/#&#8221;>entre<img decoding=\"async\" src=\"http:\/\/savingswave-a.akamaihd.net\/items\/it\/img\/arrow-10x10.png\" alt=\"\" \/><\/a> los pueblos anteriores a la escritura, como lo puso de relieve el jefe indio suquamish Seattle, quien declar\u00f3 en su lecho de muerte que, \u201ctodas las cosas est\u00e1n conectadas, como la sangre que une a una misma familia. Todo es como una misma familia, os lo digo\u201d.<\/p>\n<p style=\"text-align: justify;\"><img decoding=\"async\" loading=\"lazy\" id=\"irc_mi\" class=\"irc_mut\" style=\"margin-top: 37px;\" src=\"http:\/\/3.bp.blogspot.com\/-fR5Qwl16hC8\/T7UOr5__UyI\/AAAAAAAAAsY\/J2jdeEKXOrk\/s1600\/adn-esquema-genes-cromosomas-proteinas-gen.jpg\" alt=\"\" width=\"480\" height=\"320\" \/><\/p>\n<p style=\"text-align: justify;\">Pero hay algo sorprendente en el hecho de que la misma concepci\u00f3n general ha surgido de ciencias que se enorgullecen de su l\u00facida b\u00fasqueda de hechos objetivos, emp\u00edricos. <a id=\"_GPLITA_4\" title=\"Click to Continue > by Savings Wave&#8221; href=&#8221;http:\/\/www.emiliosilveravazquez.com\/blog\/2010\/04\/03\/el-divagar-de-la-mente\/#&#8221;>Desde<img decoding=\"async\" src=\"http:\/\/savingswave-a.akamaihd.net\/items\/it\/img\/arrow-10x10.png\" alt=\"\" \/><\/a> los mapas de cromosomas y los registros f\u00f3siles que representan las interconexiones de todos los seres vivos de la Tierra, hasta la semejanza de las proporciones qu\u00edmicas c\u00f3smicas con las de las especies vivas terrestres, nos muestran que realmente formamos parte del universo en su conjunto.<\/p>\n<p style=\"text-align: justify;\"><img decoding=\"async\" loading=\"lazy\" id=\"irc_mi\" class=\"irc_mut\" style=\"margin-top: 54px;\" src=\"http:\/\/3.bp.blogspot.com\/-M4SMYITlG2w\/UFAFira5RDI\/AAAAAAAAAYk\/_4V7N458eQQ\/s1600\/alien.jpg\" alt=\"\" width=\"560\" height=\"286\" \/><\/p>\n<p style=\"text-align: justify;\">La verificaci\u00f3n cient\u00edfica de nuestra participaci\u00f3n en las acciones del cosmos tiene, <a id=\"_GPLITA_5\" title=\"Click to Continue > by Savings Wave&#8221; href=&#8221;http:\/\/www.emiliosilveravazquez.com\/blog\/2010\/04\/03\/el-divagar-de-la-mente\/#&#8221;>desde<img decoding=\"async\" src=\"http:\/\/savingswave-a.akamaihd.net\/items\/it\/img\/arrow-10x10.png\" alt=\"\" \/><\/a> luego, muchas implicaciones. Una de ellas es, si la vida inteligente ha evolucionado en este planeta, tambi\u00e9n puede haberlo hecho en otras partes. La Teor\u00eda de la evoluci\u00f3n de Darwin, aunque no explica el antiguo enigma de por qu\u00e9 existe la vida, deja claro que la vida puede surgir de la materia ordinaria y evolucionar hasta una forma \u201cinteligente\u201d, al menos en un planeta como la Tierra que gira alredeedor de una estrella como el Sol (m\u00e1s de dioez mil millones en la V\u00eda L\u00e1ctea solamente) y, presumiblemente, m\u00e1s que unos pocos planetas semejantes a la Tierra, podemos especular que no somos la \u00fanica especie que ha estudiado el universo y se ha preguntado sobre su papel en \u00e9l.<\/p>\n<p style=\"text-align: justify;\"><img decoding=\"async\" loading=\"lazy\" id=\"irc_mi\" class=\"irc_mut\" style=\"margin-top: 25px;\" src=\"http:\/\/gabrielamp02.files.wordpress.com\/2013\/05\/57068-knowledge2.jpg?w=593\" alt=\"\" width=\"593\" height=\"344\" \/><\/p>\n<p style=\"text-align: justify;\">Nuestra comprensi\u00f3n de la relaci\u00f3n entre la Mente el el Universo puede depender de que podamos tomar <a id=\"_GPLITA_3\" title=\"Click to Continue > by Savings Wave&#8221; href=&#8221;http:\/\/www.emiliosilveravazquez.com\/blog\/2010\/04\/03\/el-divagar-de-la-mente\/#&#8221;>contacto<img decoding=\"async\" src=\"http:\/\/savingswave-a.akamaihd.net\/items\/it\/img\/arrow-10x10.png\" alt=\"\" \/><\/a> con otra especie inteligente con la cual compararnos. Raramente la ciencia ha obtenido buenos resultados al estudiar fen\u00f3menos de los que s\u00f3lo ten\u00eda un ejemplo: Las leyes de <a href=\"http:\/\/www.emiliosilveravazquez.com\/blog\/2010\/04\/03\/el-divagar-de-la-mente\/#\"><a href=\"#\" onclick=\"referencia('newton',event); return false;\">Newton<\/a><\/a> y <a href=\"http:\/\/www.emiliosilveravazquez.com\/blog\/2010\/04\/03\/el-divagar-de-la-mente\/#\"><a href=\"#\" onclick=\"referencia('einstein',event); return false;\">Einstein<\/a><\/a> habr\u00edan sido mucho m\u00e1s dif\u00edciles -quiz\u00e1 imposibles- de fortmular si s\u00f3lo hubiese habido un planeta para someterlas a prueba, y a menudo se dice que el problema de la cosmolog\u00eda es que s\u00f3lo tenemos un universo para examinar. (El descubrimiento de la evolucoi\u00f3n c\u00f3smica reduce un poco esta dificultad al ofrecer a nuestra consideraci\u00f3n el <a id=\"_GPLITA_6\" title=\"Click to Continue > by Savings Wave&#8221; href=&#8221;http:\/\/www.emiliosilveravazquez.com\/blog\/2010\/04\/03\/el-divagar-de-la-mente\/#&#8221;>estado<img decoding=\"async\" src=\"http:\/\/savingswave-a.akamaihd.net\/items\/it\/img\/arrow-10x10.png\" alt=\"\" \/><\/a> muy diferente del universo en los primeros momentos de la evoluci\u00f3n c\u00f3smica.) La cuesti\u00f3n de la vida estraterrestre, pues, va m\u00e1s all\u00e1 de problemas\u00a0 como el de\u00a0si estamos solos en el universo, o si podemos esperar tener compa\u00f1ia c\u00f3smica o si debemos temer invasiones exteriores; tambi\u00e9n es un modo de examinarnos a nosotros mismos y nuestra relaci\u00f3n con el resto de la Naturaleza.<\/p>\n<p style=\"text-align: justify;\"><img decoding=\"async\" loading=\"lazy\" id=\"irc_mi\" class=\"irc_mut\" style=\"margin-top: 62px;\" src=\"http:\/\/www.abc.es\/Media\/201304\/22\/encuentros-en-la-tercera-fase-steven-spielberg--644x270.jpg\" alt=\"\" width=\"644\" height=\"270\" \/><\/p>\n<p style=\"text-align: justify;\">Aunque mucho de esto es <a id=\"_GPLITA_7\" title=\"Click to Continue > by Savings Wave&#8221; href=&#8221;http:\/\/www.emiliosilveravazquez.com\/blog\/2010\/04\/03\/el-divagar-de-la-mente\/#&#8221;>nuevo<img decoding=\"async\" src=\"http:\/\/savingswave-a.akamaihd.net\/items\/it\/img\/arrow-10x10.png\" alt=\"\" \/><\/a>, el inter\u00e9s reciente por la vida estraterrestre puede considerarse como un resultasdo del \u00faltimo vuelco en la fortuna del materialismo, la doctrina filos\u00f3fica seg\u00fan la cual es posible explicar los sucesos exclusivamente en t\u00e9rminos de interacciones materiales, sin recurrir a conceptos insustanciales tales como el esp\u00edritu. El darwinismo engendr\u00f3 una nueva actitud de respeto hacia las potencialidades de la materia ordinaria: un mont\u00f3n de barro en un charco de agua de lluvia empieza a parecer m\u00e1gico, si se piensa que sus iguales de anta\u00f1o lograron elevarse hasta dar origen a todo el conjunto de la vida terrestre, inclusive la del individuo que contempla el barro. Una persona reflexiva, recordando que su ascendencia se remonta, a trav\u00e9s de los mam\u00edferos, hasta los peces, los amino\u00e1cidos, los az\u00facares de la materia prebi\u00f3tica, no puede estar de acuerdo con Mart\u00edn Lutero en que la Tierra es \u201csucia\u201d y \u201cnociva\u201d, o aceptar el veredicto de la Christia Sciencie de que \u201cno hay vida, verdad, sustancia ni inteligencia en la materia\u201d.<\/p>\n<p style=\"text-align: justify;\"><img decoding=\"async\" loading=\"lazy\" id=\"irc_mi\" class=\"irc_mut\" style=\"margin-top: 0px;\" src=\"http:\/\/www.reverte.com\/catalogo\/ficha\/img\/libros\/T0_9788429141597.jpg\" alt=\"\" width=\"274\" height=\"393\" \/><\/p>\n<p style=\"text-align: justify;\">Hist\u00f3ricamente, los materialistas se han inclinado a pensarque hay vida en otros mundos. El atomista Metrodoro escribi\u00f3 en el siglo IV a. de C. que \u201cconsiderar la Tierra <a id=\"_GPLITA_8\" title=\"Click to Continue > by Savings Wave&#8221; href=&#8221;http:\/\/www.emiliosilveravazquez.com\/blog\/2010\/04\/03\/el-divagar-de-la-mente\/#&#8221;>como<img decoding=\"async\" src=\"http:\/\/savingswave-a.akamaihd.net\/items\/it\/img\/arrow-10x10.png\" alt=\"\" \/><\/a> el \u00fanico mundo poblado en el espacio infinito es tan absurdo como afirmar que en todo un campo sembrado de mijo s\u00f3lo un grano crecer\u00e1\u201d. Cinco siglos m\u00e1s tarde, el epicur\u00e9o Lucrecio sostuvo que \u201chay infinitos mundos iguales y diferentes de este mundo nuestro\u201d. La Iglesia cat\u00f3lica romana, convencida de que los seres humanos son esencialmente esp\u00edritus inmateriales, se sinti\u00f3 amenazada por el punto de vista materialista: cuando Giordiano Bruno, el decano renacentista del misticismo popular, afirmaba que la materia \u201ces en verdad toda la naturaleza y la madre de todo lo vivo, y declar\u00f3 que Dios \u201ces glorificado, no en uno, sino en incontables soles; no es una sola Tierra, sino en mil, que digo, en infinidad de mundos\u201d, fue atado a una estaca de hierro y quemado vivo, el 19 de febrero de 1600, en la Piazza Campo dei Fiori de Roma.<\/p>\n<p style=\"text-align: justify;\">Sin embargo, cuando la ciencia creci\u00f3 tambi\u00e9n lo hizo el materialismo, y con \u00e9l la creencia de una pluralidad de mundos. Podr\u00edamos seguir por este camino y filosofar sobre lo que fue, lo que es y, lo que probablemente ser\u00e1 pero, el tiempo se me acaba y, <a id=\"_GPLITA_11\" title=\"Click to Continue > by Savings Wave&#8221; href=&#8221;http:\/\/www.emiliosilveravazquez.com\/blog\/2010\/04\/03\/el-divagar-de-la-mente\/#&#8221;>desde<img decoding=\"async\" src=\"http:\/\/savingswave-a.akamaihd.net\/items\/it\/img\/arrow-10x10.png\" alt=\"\" \/><\/a> luego, no quisiera cerrar este <a id=\"_GPLITA_10\" title=\"Click to Continue > by Savings Wave&#8221; href=&#8221;http:\/\/www.emiliosilveravazquez.com\/blog\/2010\/04\/03\/el-divagar-de-la-mente\/#&#8221;>trabajo<img decoding=\"async\" src=\"http:\/\/savingswave-a.akamaihd.net\/items\/it\/img\/arrow-10x10.png\" alt=\"\" \/><\/a> sin dejar una falsa sensaci\u00f3n.<\/p>\n<p style=\"text-align: justify;\"><img decoding=\"async\" loading=\"lazy\" id=\"irc_mi\" class=\"irc_mut\" style=\"margin-top: 62px;\" src=\"http:\/\/www.emartv.es\/wp-content\/uploads\/2013\/10\/13_10_24_fosa_comun_alcala.jpg\" alt=\"\" width=\"480\" height=\"270\" \/><\/p>\n<p style=\"text-align: justify;\">S\u00ed, la materia tiene memoria y deja sus huelllas por todas partes&#8230; \u00a1Hay saber buscar!<\/p>\n<p style=\"text-align: justify;\">La Ciencia est\u00e1 muy bien, el materialismo viene a poner nuestros pies en el suelo y hacer que no fijemos en las cosas tal como son o, al menos, tal como creemos que son. Sin embargo, una cuesti\u00f3n me tiene desconcertado: \u00bfC\u00f3mo podemos sentir en la <a id=\"_GPLITA_14\" title=\"Click to Continue > by Savings Wave&#8221; href=&#8221;http:\/\/www.emiliosilveravazquez.com\/blog\/2010\/04\/03\/el-divagar-de-la-mente\/#&#8221;>forma<img decoding=\"async\" src=\"http:\/\/savingswave-a.akamaihd.net\/items\/it\/img\/arrow-10x10.png\" alt=\"\" \/><\/a> que sentimos? \u00bfDe donde vienen esos sentimientos? \u00bfSer\u00e1 quiz\u00e1 una muestra suprema de la evoluci\u00f3n del mundo material? \u00bfTendr\u00e1 memoria la materia?<\/p>\n<p style=\"text-align: justify;\">Por si acaso, yo dejar\u00eda aqu\u00ed un gran signo de interrogaci\u00f3n, ya que, hemos alcanzado una peque\u00f1a cota de la alt\u00edsima monta\u00f1a que nos hemos propuesta escalar, y, <a id=\"_GPLITA_12\" title=\"Click to Continue > by Savings Wave&#8221; href=&#8221;http:\/\/www.emiliosilveravazquez.com\/blog\/2010\/04\/03\/el-divagar-de-la-mente\/#&#8221;>desde<img decoding=\"async\" src=\"http:\/\/savingswave-a.akamaihd.net\/items\/it\/img\/arrow-10x10.png\" alt=\"\" \/><\/a> luego, no sabemos lo que nos podremos encontrar cuando lleguemos a cotas m\u00e1s elevadas, ya que, pensar en llegar al final\u2026no parece nada f\u00e1cil.<\/p>\n<p style=\"text-align: justify;\"><em>emilio silvera<\/em><\/p>\n<\/div>\n<div class='bookmark'>\r\n\t\t<table align='left' border='0' cellpadding='0' width='100%'>\r\n\t\t<tr><td><span class='pushbutton'><a href='http:\/\/delicious.com\/post?url=http%3A%2F%2Fwww.emiliosilveravazquez.com%2Fblog%2F2014%2F02%2F22%2Fel-divagar-de-la-mente-2%2F&amp;title=El+divagar+de+la+mente' title='Delicious' target='_blank' rel='nofollow'><img src='http:\/\/www.emiliosilveravazquez.com\/blog\/wp-content\/plugins\/knxdt-bookmarks-wordpress-plugin\/images\/delicious.png'  alt='' class='book_img' border='none' style='margin:1px; padding: 0;'  \/><\/a><\/span><span class='pushbutton'><a href='http:\/\/digg.com\/submit?url=http%3A%2F%2Fwww.emiliosilveravazquez.com%2Fblog%2F2014%2F02%2F22%2Fel-divagar-de-la-mente-2%2F&amp;title=El+divagar+de+la+mente' title='Digg' target='_blank' rel='nofollow'><img src='http:\/\/www.emiliosilveravazquez.com\/blog\/wp-content\/plugins\/knxdt-bookmarks-wordpress-plugin\/images\/digg.png'  alt='' class='book_img' border='none' style='margin:1px; padding: 0;'  \/><\/a><\/span><span class='pushbutton'><a href='http:\/\/www.google.com\/bookmarks\/mark?op=edit&amp;bkmk=http%3A%2F%2Fwww.emiliosilveravazquez.com%2Fblog%2F2014%2F02%2F22%2Fel-divagar-de-la-mente-2%2F&amp;title=El+divagar+de+la+mente' title='Google' target='_blank' rel='nofollow'><img src='http:\/\/www.emiliosilveravazquez.com\/blog\/wp-content\/plugins\/knxdt-bookmarks-wordpress-plugin\/images\/google.png'   alt='' class='book_img' border='none' style='margin:1px; padding: 0;'  \/><\/a><\/span><span class='pushbutton'><a href='http:\/\/myweb2.search.yahoo.com\/myresults\/bookmarklet?u=http%3A%2F%2Fwww.emiliosilveravazquez.com%2Fblog%2F2014%2F02%2F22%2Fel-divagar-de-la-mente-2%2F&amp;t=El+divagar+de+la+mente' title='Yahoo' target='_blank' rel='nofollow'><img src='http:\/\/www.emiliosilveravazquez.com\/blog\/wp-content\/plugins\/knxdt-bookmarks-wordpress-plugin\/images\/yahoo.png'  alt='' class='book_img' border='none' style='margin:1px; padding: 0;'  \/><\/a><\/span><span class='pushbutton'><a href='http:\/\/www.technorati.com\/faves?add=http%3A%2F%2Fwww.emiliosilveravazquez.com%2Fblog%2F2014%2F02%2F22%2Fel-divagar-de-la-mente-2%2F' title='Technorati' target='_blank' rel='nofollow'><img src='http:\/\/www.emiliosilveravazquez.com\/blog\/wp-content\/plugins\/knxdt-bookmarks-wordpress-plugin\/images\/technorati.png'  alt='' class='book_img' border='none' style='margin:1px; padding: 0;'  \/><\/a><\/span><span class='pushbutton'><a href='http:\/\/meneame.net\/submit.php?url=http%3A%2F%2Fwww.emiliosilveravazquez.com%2Fblog%2F2014%2F02%2F22%2Fel-divagar-de-la-mente-2%2F' title='Meneame' target='_blank' rel='nofollow'><img src='http:\/\/www.emiliosilveravazquez.com\/blog\/wp-content\/plugins\/knxdt-bookmarks-wordpress-plugin\/images\/meneame.png'  alt='' class='book_img' border='none' style='margin:1px; padding: 0;'  \/><\/a><\/span><span class='pushbutton'><a href='http:\/\/enchilame.com\/submit.php?url=http:\/\/www.emiliosilveravazquez.com\/blog\/2014\/02\/22\/el-divagar-de-la-mente-2\/' target='_blank' rel='nofollow'><img title='Enchilame' src='http:\/\/www.emiliosilveravazquez.com\/blog\/wp-content\/plugins\/knxdt-bookmarks-wordpress-plugin\/images\/enchilame.png'  alt='' class='book_img' border='none' style='margin:1px; padding: 0;'  \/><\/a><\/span><span class='pushbutton'><a href='http:\/\/www.blinklist.com\/index.php?Action=Blink\/addblink.php&amp;Description=&amp;Url=http%3A%2F%2Fwww.emiliosilveravazquez.com%2Fblog%2F2014%2F02%2F22%2Fel-divagar-de-la-mente-2%2F&amp;title=El+divagar+de+la+mente' title='BlinkList' target='_blank' rel='nofollow'><img src='http:\/\/www.emiliosilveravazquez.com\/blog\/wp-content\/plugins\/knxdt-bookmarks-wordpress-plugin\/images\/blinklist.png'  alt='' class='book_img' border='none' style='margin:1px; padding: 0;'  \/><\/a><\/span><span class='pushbutton'><a href='http:\/\/reddit.com\/submit?url=http%3A%2F%2Fwww.emiliosilveravazquez.com%2Fblog%2F2014%2F02%2F22%2Fel-divagar-de-la-mente-2%2F&amp;title=El+divagar+de+la+mente' title='Reddit' target='_blank' rel='nofollow'><img src='http:\/\/www.emiliosilveravazquez.com\/blog\/wp-content\/plugins\/knxdt-bookmarks-wordpress-plugin\/images\/reddit.png'  alt='' class='book_img' border='none' style='margin:1px; padding: 0;'  \/><\/a><\/span><span class='pushbutton'><a href='http:\/\/www.tecnologiadiaria.com\/2009\/07\/abrir-com-hotmail-correo.html' target='_blank' title='hotmail'><img src='http:\/\/www.emiliosilveravazquez.com\/blog\/wp-content\/plugins\/knxdt-bookmarks-wordpress-plugin\/images\/linklove.png' alt='hotmail correo' class='book_img' border='none' style='margin:1px; padding: 0;' \/><\/a><\/span><span class='pushbutton'><a href='http:\/\/bitacoras.com\/votar\/anotacion\/externo\/mini\/www.emiliosilveravazquez.com\/blog\/2014\/02\/22\/el-divagar-de-la-mente-2\/' title='Bitacoras.com' target='_blank' rel='nofollow'><img src='http:\/\/www.emiliosilveravazquez.com\/blog\/wp-content\/plugins\/knxdt-bookmarks-wordpress-plugin\/images\/bitacoras.png'  alt='' class='book_img' border='none' style='margin:1px; padding: 0;'  \/><\/a><\/span><span class='pushbutton'><a href='http:\/\/www.wikio.es\/vote?url=http%3A%2F%2Fwww.emiliosilveravazquez.com%2Fblog%2F2014%2F02%2F22%2Fel-divagar-de-la-mente-2%2F' title='Wikio' target='_blank' rel='nofollow'><img src='http:\/\/www.emiliosilveravazquez.com\/blog\/wp-content\/plugins\/knxdt-bookmarks-wordpress-plugin\/images\/wikio.png'   alt='' class='book_img' border='none' style='margin:1px; padding: 0;'   \/><\/a><\/span><span class='pushbutton'><a href='http:\/\/friendfeed.com\/?url=http%3A%2F%2Fwww.emiliosilveravazquez.com%2Fblog%2F2014%2F02%2F22%2Fel-divagar-de-la-mente-2%2F&amp;title=El+divagar+de+la+mente' title='Friend Feed' target='_blank' rel='nofollow'><img src='http:\/\/www.emiliosilveravazquez.com\/blog\/wp-content\/plugins\/knxdt-bookmarks-wordpress-plugin\/images\/friendfeed.png'  alt='' class='book_img' border='none' style='margin:1px; padding: 0;'  \/><\/a><\/span><span class='pushbutton'><a href='http:\/\/www.facebook.com\/share.php?u=http%3A%2F%2Fwww.emiliosilveravazquez.com%2Fblog%2F2014%2F02%2F22%2Fel-divagar-de-la-mente-2%2F&amp;t=El+divagar+de+la+mente' title='Facebook' target='_blank' rel='nofollow'><img src='http:\/\/www.emiliosilveravazquez.com\/blog\/wp-content\/plugins\/knxdt-bookmarks-wordpress-plugin\/images\/facebook.png'  alt='' class='book_img' border='none' style='margin:1px; padding: 0;'  \/><\/a><\/span><span class='pushbutton'><a href='http:\/\/twitter.com\/home?status=El+divagar+de+la+mente: http%3A%2F%2Fwww.emiliosilveravazquez.com%2Fblog%2F2014%2F02%2F22%2Fel-divagar-de-la-mente-2%2F' title='Twitter' target='_blank' rel='nofollow'><img src='http:\/\/www.emiliosilveravazquez.com\/blog\/wp-content\/plugins\/knxdt-bookmarks-wordpress-plugin\/images\/twitter.png'  alt='' class='book_img' border='none' style='margin:1px; padding: 0;'  \/><\/a><\/span><span class='pushbutton'><a href='http:\/\/www.feedburner.com\/fb\/a\/emailFlare?itemTitle=El+divagar+de+la+mente&amp;uri=http%3A%2F%2Fwww.emiliosilveravazquez.com%2Fblog%2F2014%2F02%2F22%2Fel-divagar-de-la-mente-2%2F' title='Enviar por Email' target='_blank' rel='nofollow'><img src='http:\/\/www.emiliosilveravazquez.com\/blog\/wp-content\/plugins\/knxdt-bookmarks-wordpress-plugin\/images\/email.png'  alt='' class='book_img' border='none' style='margin:1px; padding: 0;'  \/><\/a><\/span><span style='font-weight:bold; padding-left: 5px;'><a href='http:\/\/wordpress.org\/extend\/plugins\/knxdt-bookmarks-wordpress-plugin\/' title='Plugin' rel='nofollow' target='_blank'>[?]<\/a><\/span><\/td><\/tr><\/table><br\/><br\/><\/div>","protected":false},"excerpt":{"rendered":"<p>\u00a0\u00ab Nuevas teor\u00edas, materia oscura, nuevas part\u00edculas. 2\u00aa Despertando la curiosidad por saber \u00bb Los procesos cient\u00edficos que comentamos en by Savings Wave&#8221; href=&#8221;http:\/\/www.emiliosilveravazquez.com\/blog\/2010\/04\/03\/el-divagar-de-la-mente\/#&#8221;>desde la fusi\u00f3n nuclear en las estrellas hasta la qu\u00edmica de la vida que all\u00ed se produce a lo largo de todo el Universo. La evoluci\u00f3n darwiniana, al destacar que todas las [&hellip;]<\/p>\n","protected":false},"author":2,"featured_media":0,"comment_status":"open","ping_status":"open","sticky":false,"template":"","format":"standard","meta":{"_s2mail":"yes","footnotes":""},"categories":[56],"tags":[],"_links":{"self":[{"href":"http:\/\/www.emiliosilveravazquez.com\/blog\/wp-json\/wp\/v2\/posts\/10600"}],"collection":[{"href":"http:\/\/www.emiliosilveravazquez.com\/blog\/wp-json\/wp\/v2\/posts"}],"about":[{"href":"http:\/\/www.emiliosilveravazquez.com\/blog\/wp-json\/wp\/v2\/types\/post"}],"author":[{"embeddable":true,"href":"http:\/\/www.emiliosilveravazquez.com\/blog\/wp-json\/wp\/v2\/users\/2"}],"replies":[{"embeddable":true,"href":"http:\/\/www.emiliosilveravazquez.com\/blog\/wp-json\/wp\/v2\/comments?post=10600"}],"version-history":[{"count":0,"href":"http:\/\/www.emiliosilveravazquez.com\/blog\/wp-json\/wp\/v2\/posts\/10600\/revisions"}],"wp:attachment":[{"href":"http:\/\/www.emiliosilveravazquez.com\/blog\/wp-json\/wp\/v2\/media?parent=10600"}],"wp:term":[{"taxonomy":"category","embeddable":true,"href":"http:\/\/www.emiliosilveravazquez.com\/blog\/wp-json\/wp\/v2\/categories?post=10600"},{"taxonomy":"post_tag","embeddable":true,"href":"http:\/\/www.emiliosilveravazquez.com\/blog\/wp-json\/wp\/v2\/tags?post=10600"}],"curies":[{"name":"wp","href":"https:\/\/api.w.org\/{rel}","templated":true}]}}