{"id":10587,"date":"2014-02-20T08:03:10","date_gmt":"2014-02-20T07:03:10","guid":{"rendered":"http:\/\/www.emiliosilveravazquez.com\/blog\/?p=10587"},"modified":"2014-02-20T08:03:10","modified_gmt":"2014-02-20T07:03:10","slug":"la-fisica-del-pasado-un-repaso","status":"publish","type":"post","link":"http:\/\/www.emiliosilveravazquez.com\/blog\/2014\/02\/20\/la-fisica-del-pasado-un-repaso\/","title":{"rendered":"La F\u00edsica del pasado, un repaso"},"content":{"rendered":"<div dir=\"ltr\">\n<div>\n<div>\n<div>\n<div>\n<div>\n<div>\n<h2 style=\"text-align: justify;\">L\u00ednea de tiempo de la f\u00edsica moderna<\/h2>\n<\/div>\n<p style=\"text-align: justify;\"><strong><img decoding=\"async\" loading=\"lazy\" src=\"https:\/\/ci6.googleusercontent.com\/proxy\/EoI5q1apGlhAwAQc6e2Yiblh4t9IjtCKESeqhiN3QGAIbhclBYRlIKoSymPsvBvcDE82pco8QZf_PPWvCk-BHvt4WZh0d1jUEQqxYpS-DnIDwSghLJoAhXor4rfZa2Ofb26Nk82wAuxJC84=s0-d-e1-ft#http:\/\/www.explora.cl\/images_new\/Saberde\/CienciasFisicasyMatematica\/Fsica_moderna.jpg\" alt=\"Fsica_moderna\" width=\"200\" height=\"197\" \/><br \/>\n<\/strong><br \/>\n<strong>1895<\/strong><\/p>\n<p style=\"text-align: justify;\">Se descubren los <a href=\"#\" onclick=\"referencia('rayos x',event); return false;\">rayos X<\/a> y se estudian sus propiedadesEl f\u00edsico alem\u00e1n Wilhelm R\u00f6ntgen logra la primera radiograf\u00eda experimentando con un tubo de rayos cat\u00f3dicos que hab\u00eda forrado en un grueso papel negro. Se da cuenta de que el tubo adem\u00e1s emit\u00eda unos misteriosos rayos que ten\u00edan la propiedad de penetrar los cuerpos opacos. Los llam\u00f3 <a href=\"#\" onclick=\"referencia('rayos x',event); return false;\">rayos X<\/a>. Por este aporte fue galardonado con el primer premio Nobel de F\u00edsica, en 1901.<\/p>\n<p><strong>1896-1898<\/strong><\/p>\n<p style=\"text-align: justify;\"><img decoding=\"async\" loading=\"lazy\" src=\"https:\/\/ci5.googleusercontent.com\/proxy\/4mkYmFndFdUG2j45eSEUkVJ7gfBE8CdR1kyHNnA8lyLEb5ErMWBm8jBFTZ0wjm8jnxvrbT-NcNvE3enYLZ1DeXizAibT3QjB9Z1Wyxrx-1nrosWmL07PV9f6KxIPsJk=s0-d-e1-ft#http:\/\/upload.wikimedia.org\/wikipedia\/commons\/e\/e7\/Twain_in_Tesla_Lab.jpg\" alt=\"\" width=\"323\" height=\"408\" \/><\/p>\n<p style=\"text-align: justify;\">Se descubre la radioactividad y se a\u00edsla el radio en 1898, el f\u00edsico franc\u00e9s Henri Becquerel descubre que el uranio emite una penetrante radiaci\u00f3n. Dos a\u00f1os m\u00e1s tarde, sus colegas Marie y Pierre Curie comenzaron a aislar el radio, con sus emisiones positivas (alfa), negativas (beta) y neutras (gama).<\/p>\n<p><strong>1897<\/strong><\/p>\n<p style=\"text-align: justify;\"><strong><br \/>\n<\/strong><\/p>\n<p style=\"text-align: justify;\"><img decoding=\"async\" loading=\"lazy\" src=\"https:\/\/ci3.googleusercontent.com\/proxy\/XAFa0p8K_1bHvQaI8aDxfrYLEORYl2lOp-GorhHdiSiZYLBkix-qovc_Cv9gHMfQ392vhzcoBFAW27SCrOKDVflVwBGq7C7YcVlzpkfBCB8iuSLHUZYqTu_djVtVVPo4BqTRMSmFid5NsdSBLFbP5ybKX3gRJN4TdMsfke9f=s0-d-e1-ft#https:\/\/encrypted-tbn2.gstatic.com\/images?q=tbn:ANd9GcQV9Vc6W9CqMmTENlVxa31rwskzT6x_xxHJORx_ZKYBvRNxI75h\" alt=\"\" width=\"363\" height=\"408\" \/><\/p>\n<p style=\"text-align: justify;\">Se descubre el <a href=\"#\" onclick=\"referencia('electron',event); return false;\">electr\u00f3n<\/a>. El investigador brit\u00e1nico Joseph John Thomson determina que los rayos cat\u00f3dicos, observados en tubos vac\u00edos bajo alto voltaje, son \u201ccuerpos negativamente cargados\u201d. Estos son los <a href=\"#\" onclick=\"referencia('electron',event); return false;\">electrones<\/a>, la primera y genuina part\u00edcula indivisible encontrada.<\/p>\n<p><strong>1900<\/strong><\/p>\n<p style=\"text-align: justify;\"><strong><br \/>\n<\/strong><\/p>\n<p style=\"text-align: justify;\"><img decoding=\"async\" loading=\"lazy\" src=\"https:\/\/ci4.googleusercontent.com\/proxy\/CSE44Y2H5G80uAkuuhs_bWpRichyVKKf_a_cH-7qMmtkzPuAvXt1GF0uJFlS3Ctii4CK-JwufkHXkC7XU0sZYOqDrFO9eM6OE-M9LvvQSzFbF_NMTDz19Gbdm9vMPYQM698AaTVuPpREKNBQfvqbrPdMTwcH04E=s0-d-e1-ft#http:\/\/2fisicamoderna.files.wordpress.com\/2012\/03\/radiaciondelcuerponegro.gif%3Fw%3D400%26h%3D206\" alt=\"\" width=\"400\" height=\"206\" \/><\/p>\n<p style=\"text-align: justify;\">Max Planck propone el quantum de energ\u00eda, Para explicar los colores del calor de la materia incandescente, el f\u00edsico alem\u00e1n Max Planck asumi\u00f3 que la emisi\u00f3n y absorci\u00f3n de radiaci\u00f3n ocurre en cantidades discretas y cuantificadas de energ\u00eda. Su idea marc\u00f3 el inicio de la teor\u00eda cu\u00e1ntica de la materia y la luz.<\/p>\n<p><strong>1901<\/strong><\/p>\n<p style=\"text-align: justify;\"><strong><br \/>\n<\/strong><\/p>\n<p style=\"text-align: justify;\"><img decoding=\"async\" loading=\"lazy\" src=\"https:\/\/ci4.googleusercontent.com\/proxy\/66GKdQF9CHpUh56we9IvkjkoKhxTjU7nADeNjNPZHt9Of2WyYS3KUN6iGk1frVy-z_J-_AdaMQpSbu0He56-3_XlJMkYmg=s0-d-e1-ft#http:\/\/www.ecured.cu\/images\/2\/22\/Ondas-radio.jpg\" alt=\"Archivo:Ondas-radio.jpg\" width=\"276\" height=\"183\" \/><\/p>\n<p style=\"text-align: justify;\">Las ondas electromagn\u00e9ticas cruzan el oc\u00e9ano. Guglielmo Marconi, un inventor italiano, genera ondas de radio que son detectadas cruzando el oc\u00e9ano Atl\u00e1ntico. Despu\u00e9s de unos pocos a\u00f1os, la radio es ampliamente usada por los barcos en el mar.<br \/>\n<strong><\/strong><\/p>\n<p><strong>1905 &#8211; 1914<\/strong><\/p>\n<p style=\"text-align: justify;\"><img decoding=\"async\" loading=\"lazy\" src=\"https:\/\/ci6.googleusercontent.com\/proxy\/n9yAystNCt0J_RdApEjAxvWe7tV7h4RydG7q_qy8Y7J45ibGcD2zN51mTDGD-_I_bBtBpKFlcNM_QrQJvhjR8Qyuewed3IQznb8oWVICG-vppxYev3-Rluvv4o38i6JO4ULjhNJvgX5LBEnmv-7YAkY9LxWY-CAfkPxn8ZT58Cowag8Nt4eqOgI=s0-d-e1-ft#http:\/\/teleformacion.edu.aytolacoruna.es\/FISICA\/document\/fisicaInteractiva\/Ef_Fotoelectrico\/imagenes\/foton_elec.gif\" alt=\"\" width=\"471\" height=\"251\" \/><\/p>\n<p style=\"text-align: justify;\"><img decoding=\"async\" loading=\"lazy\" src=\"https:\/\/ci5.googleusercontent.com\/proxy\/S9uGNQVt_uVDkCcLsjimuAdqc03XyHrubSzhCe9ixOcBTd3Ko5iVxvPK3TyJ1CVW9UksR-q3YbMwISRT7tPcH-O_cYlL57LnInPHCwuUVd7p_w=s0-d-e1-ft#http:\/\/francis.naukas.com\/files\/2008\/02\/dibujo26ene2008b.jpg\" alt=\"\" width=\"406\" height=\"161\" \/><\/p>\n<p style=\"text-align: justify;\">Se propone la dualidad onda-part\u00edcula de la luz. Albert <a href=\"#\" onclick=\"referencia('einstein',event); return false;\">Einstein<\/a> propone que la luz, que tiene propiedades de onda, tambi\u00e9n estaba formada por paquetes de energ\u00eda cuantificados y discretos, que m\u00e1s tarde fueron llamados <a href=\"#\" onclick=\"referencia('foton',event); return false;\">fotones<\/a>. Este modelo explica el efecto fotoel\u00e9ctrico, en que la luz &#8220;expulsa&#8221; <a href=\"#\" onclick=\"referencia('electron',event); return false;\">electrones<\/a> de una placa de metal.<\/p>\n<p><strong>1905<\/strong><\/p>\n<p style=\"text-align: justify;\"><img decoding=\"async\" src=\"https:\/\/ci3.googleusercontent.com\/proxy\/gBNTNp6OgDTimdXJ-dOrdNg8wk5aqgBSvIr53zYkJvW428cgaTQ2w2jCdTEgSOH_XU5LpqLBgVrm5VgO-MyyL8bfx_I_uX6i-F1rDEp738HqlWczDlbbUuulparH49l_mIL-3eOVy9hrmfA=s0-d-e1-ft#http:\/\/www.iac.es\/cosmoeduca\/relatividad\/imagenes\/charla1imag\/alto640\/carrerabaja.jpg\" alt=\"http:\/\/www.iac.es\/cosmoeduca\/relatividad\/imagenes\/charla1imag\/alto640\/carrerabaja.jpg\" \/><\/p>\n<p style=\"text-align: justify;\"><img decoding=\"async\" loading=\"lazy\" src=\"https:\/\/ci4.googleusercontent.com\/proxy\/zynvt0QcONh3EqiuiPo1EjTwh5jTmQ5VyBD58tG_FpbgTgvI3CN3TJ0zTibGBLRUYD3FzRhyy0aks8QLQIqJOQe0QsfSoDQdqnPf_xGTXA2xTD7E5EE6ube8I1u-JWdfuYaTqzar2frEJ5FuezoFrtympjIWeAkZDMkvDw=s0-d-e1-ft#http:\/\/upload.wikimedia.org\/wikipedia\/commons\/thumb\/1\/14\/World_line-es.svg\/481px-World_line-es.svg.png\" alt=\"\" width=\"481\" height=\"491\" \/><\/p>\n<p style=\"text-align: justify;\"><img decoding=\"async\" loading=\"lazy\" src=\"https:\/\/ci3.googleusercontent.com\/proxy\/7XmMa8fkSDvw2nbgYlB-5qPxRoLMOE8Yc00qKK0yyL2k7kXgD4kf9dOuYZCE6IhB7K91GekmlJ0QSVSLIYvrLs1-BSDuPE8QyLB0dJpeTK_pUwKM3LdyF8XGrBtAEw=s0-d-e1-ft#http:\/\/www.carolinacrown.org\/web\/images\/stories\/2013Crown\/Emc2_32sec.jpg\" alt=\"\" width=\"495\" height=\"276\" \/><\/p>\n<p style=\"text-align: justify;\">La teor\u00eda de la <a href=\"#\" onclick=\"referencia('relatividad',event); return false;\">relatividad<\/a> redefine el tiempo y el espacio. Albert <a href=\"#\" onclick=\"referencia('einstein',event); return false;\">Einstein<\/a> publica su teor\u00eda de la <a href=\"#\" onclick=\"referencia('relatividad',event); return false;\">relatividad<\/a> especial, donde postula que nada <a title=\"Click to Continue > by Savings Addon&#8221; href=&#8221;http:\/\/www.explora.cl\/index.php?option=com_content&amp;view=article&amp;id=600%3Alinea-de-tiempo-de-la-fisica-moderna-&amp;Itemid=1090#&#8221; target=&#8221;_blank&#8221;>puede<img decoding=\"async\" src=\"https:\/\/ci4.googleusercontent.com\/proxy\/fdDifr8ftEgvXndZ0r7ZbejIv3bH9PEMAzDuVktprso-jQe6NoLUa4a6NTcALrzaNr2_xf8DLp8cqHxlE6dGm82RFn3jDHZwUMRk-jBYh0T9=s0-d-e1-ft#http:\/\/cdncache-a.akamaihd.net\/items\/it\/img\/arrow-10x10.png\" alt=\"\" \/><\/a> moverse m\u00e1s r\u00e1pido que la luz, que el tiempo y el espacio no son absolutos, y que la materia y la energ\u00eda son equivalentes (E=mc2). Nunca nadie dijo tanto con tan poco. Aqu\u00ed empezamos a poder entablar un serio di\u00e1logo con los <a href=\"#\" onclick=\"referencia('foton',event); return false;\">fotones<\/a>.<\/p>\n<p style=\"text-align: justify;\"><strong>1908-1913<\/strong><\/p>\n<p style=\"text-align: justify;\"><img decoding=\"async\" loading=\"lazy\" src=\"https:\/\/ci4.googleusercontent.com\/proxy\/luJP3etMSGbdLAn0S-dd6CA03m0Wp-jWnBX6SqB50hqAtvEmZufZI-uhrxALIg0GZgRoReLohp7efhh09sbu8TT_Z6YfDsLU4-roCkJgDSEs_zLEsqYGKUOxL41F3fvj67E=s0-d-e1-ft#http:\/\/www.astroentrerios.com.ar\/site\/images\/stories\/easygallery\/variab2.jpg\" alt=\"\" width=\"375\" height=\"316\" \/><\/p>\n<p style=\"text-align: justify;\">Se clasifican las estrellas. El astr\u00f3nomo dan\u00e9s Ejnar Hertzsprung y el astrof\u00edsico norteamericano Henry Norris Russell correlacionan la energ\u00eda emitida por una estrella con su temperatura. Esto ordena los tipos estelares <a title=\"Click to Continue > by Savings Addon&#8221; href=&#8221;http:\/\/www.explora.cl\/index.php?option=com_content&amp;view=article&amp;id=600%3Alinea-de-tiempo-de-la-fisica-moderna-&amp;Itemid=1090#&#8221; target=&#8221;_blank&#8221;>desde<img decoding=\"async\" src=\"https:\/\/ci4.googleusercontent.com\/proxy\/fdDifr8ftEgvXndZ0r7ZbejIv3bH9PEMAzDuVktprso-jQe6NoLUa4a6NTcALrzaNr2_xf8DLp8cqHxlE6dGm82RFn3jDHZwUMRk-jBYh0T9=s0-d-e1-ft#http:\/\/cdncache-a.akamaihd.net\/items\/it\/img\/arrow-10x10.png\" alt=\"\" \/><\/a> las gigantes rojas hasta las enanas blancas, y permite la comprensi\u00f3n de c\u00f3mo las estrellas nacen y mueren.<\/p>\n<p><strong>1911<\/strong><\/p>\n<p style=\"text-align: justify;\"><img decoding=\"async\" loading=\"lazy\" src=\"https:\/\/3.bp.blogspot.com\/_pO6_LWzFSx4\/TEUaBoQVGPI\/AAAAAAAADn8\/6AiLECwlZ44\/s1600\/experimento%2Brutherford.jpg\" alt=\"\" width=\"411\" height=\"408\" \/><\/p>\n<p style=\"text-align: justify;\">Se propone el modelo nuclear del \u00e1tomo de Ernest Rutherford (f\u00edsico neozeland\u00e9s que trabaja en Inglaterra) propone el modelo nuclear del \u00e1tomo <a title=\"Click to Continue > by Savings Addon&#8221; href=&#8221;http:\/\/www.explora.cl\/index.php?option=com_content&amp;view=article&amp;id=600%3Alinea-de-tiempo-de-la-fisica-moderna-&amp;Itemid=1090#&#8221; target=&#8221;_blank&#8221;>para<img decoding=\"async\" src=\"https:\/\/ci4.googleusercontent.com\/proxy\/fdDifr8ftEgvXndZ0r7ZbejIv3bH9PEMAzDuVktprso-jQe6NoLUa4a6NTcALrzaNr2_xf8DLp8cqHxlE6dGm82RFn3jDHZwUMRk-jBYh0T9=s0-d-e1-ft#http:\/\/cdncache-a.akamaihd.net\/items\/it\/img\/arrow-10x10.png\" alt=\"\" \/><\/a> explicar el &#8220;rebote&#8221; de las <a href=\"#\" onclick=\"referencia('particula alfa',event); return false;\">part\u00edculas alfa<\/a> desde una delgada l\u00e1mina de oro. Descubre que en el centro del \u00e1tomo est\u00e1 el n\u00facleo (la verdadera materia) que supone tan solo el 1\/100.000 del \u00e1tomo, el resto, son espacios vac\u00edos.<\/p>\n<p><strong>1911<\/strong><\/p>\n<p style=\"text-align: justify;\"><img decoding=\"async\" loading=\"lazy\" src=\"https:\/\/ci5.googleusercontent.com\/proxy\/wSDvawmSw6eril4eDtLtQq1JcF6gQtoAvBuUNjoGAhG8he96-Oc4BFNI_t_ObhoPYBQluDVqZTREsShO6PobXTJC-Bi5KvDfsh0jKEgYxknsBZU0-m0EdXqcxh0oxYgU2mR5xBTI0RD_BHKl3Z5XkxBy5NvNTfEusYOgCqlrvR0K_CyDHwuisVw3GU46ljOCf_bSjHNP2ncdOMk=s0-d-e1-ft#http:\/\/upload.wikimedia.org\/wikipedia\/commons\/thumb\/9\/93\/Heike_Kamerlingh_Onnes%2C_1878.jpg\/150px-Heike_Kamerlingh_Onnes%2C_1878.jpg\" alt=\"Heike Kamerlingh Onnes, 1878.jpg\" width=\"150\" height=\"221\" \/><\/p>\n<p style=\"text-align: justify;\">Se descubre la superconductividad El f\u00edsico holand\u00e9s Heike Kamerlingh Onnes observa que el mercurio pierde su resistencia el\u00e9ctrica a temperaturas cercanas al cero absoluto. Este efecto de la baja temperatura tambi\u00e9n se observa en otros materiales. Le concedieron el Nobel de F\u00edsica de 1913.<\/p>\n<p><strong>1911-1912<\/strong><\/p>\n<p style=\"text-align: justify;\"><img decoding=\"async\" loading=\"lazy\" src=\"https:\/\/ci5.googleusercontent.com\/proxy\/n2-t54JIT1jLCRv12AmAysooOjTjzB7cyw9KXuAMJkVXMTNTSIMQCpf2JNHmvyDjcl2Eh0vsz9VRSY8lS0PvMFnEV1am41tc_yNzKATR7QjiPEID1GhQhWFZ6W1_Fg=s0-d-e1-ft#http:\/\/www.xtal.iqfr.csic.es\/Cristalografia\/archivos_01\/graphite-mov.gif\" alt=\"\" width=\"300\" height=\"278\" \/><\/p>\n<p style=\"text-align: justify;\">Se revela la estructura at\u00f3mica de cristalesLa t\u00e9cnica de la cristalograf\u00eda de <a href=\"#\" onclick=\"referencia('rayos x',event); return false;\">rayos X<\/a>, desarrollada por el equipo de William y Henry Lawrence Bragg, padre e hijo, en Gran Breta\u00f1a, y Max von Laue en Alemania, muestra que la hermosa simetr\u00eda de los cristales s\u00f3lidos revela la disposici\u00f3n de los \u00e1tomos.<\/p>\n<p><strong>1913<\/strong><\/p>\n<p style=\"text-align: justify;\"><img decoding=\"async\" loading=\"lazy\" src=\"https:\/\/ci4.googleusercontent.com\/proxy\/-Fc1_VOMPxGUzbDbZlgPgGTTxiqCGyGUz0Wi9iKdkTPzDTCoXISnJQL2H2JY4M04lZdeQIvWHZ8XipuO7Yl6LvJjxLayEqEKXWmWRNX6pyeGHH1Fv-AlqfbywGsS-1sn846K5sxoF_lxz21N_NGnXZ0pv-uABQdvy1Excg=s0-d-e1-ft#http:\/\/upload.wikimedia.org\/wikipedia\/commons\/thumb\/5\/55\/Bohr-atom-PAR.svg\/310px-Bohr-atom-PAR.svg.png\" alt=\"File:Bohr-atom-PAR.svg\" width=\"310\" height=\"270\" \/><\/p>\n<p style=\"text-align: justify;\">Diagrama del modelo at\u00f3mico de Bohr.<\/p>\n<p style=\"text-align: justify;\">Se expone el modelo de \u00e1tomo de Niels BohrNiels Bohr, f\u00edsico dan\u00e9s, presenta su modelo at\u00f3mico en que los <a href=\"#\" onclick=\"referencia('electron',event); return false;\">electrones<\/a> giran a grandes velocidades en \u00f3rbitas circulares alrededor del n\u00facleo ocupando la \u00f3rbita de menor energ\u00eda posible, esto es, la \u00f3rbita m\u00e1s cercana al n\u00facleo. El <a href=\"#\" onclick=\"referencia('electron',event); return false;\">electr\u00f3n<\/a> <a title=\"Click to Continue > by Savings Addon&#8221; href=&#8221;http:\/\/www.explora.cl\/index.php?option=com_content&amp;view=article&amp;id=600%3Alinea-de-tiempo-de-la-fisica-moderna-&amp;Itemid=1090#&#8221; target=&#8221;_blank&#8221;>puede<img decoding=\"async\" src=\"https:\/\/ci4.googleusercontent.com\/proxy\/fdDifr8ftEgvXndZ0r7ZbejIv3bH9PEMAzDuVktprso-jQe6NoLUa4a6NTcALrzaNr2_xf8DLp8cqHxlE6dGm82RFn3jDHZwUMRk-jBYh0T9=s0-d-e1-ft#http:\/\/cdncache-a.akamaihd.net\/items\/it\/img\/arrow-10x10.png\" alt=\"\" \/><\/a> \u201csubir\u201d o \u201ccaer\u201d de nivel de energ\u00eda, para lo cual necesita &#8220;absorber&#8221; o \u201cemitir\u201d energ\u00eda, por ejemplo en <a title=\"Click to Continue > by Savings Addon&#8221; href=&#8221;http:\/\/www.explora.cl\/index.php?option=com_content&amp;view=article&amp;id=600%3Alinea-de-tiempo-de-la-fisica-moderna-&amp;Itemid=1090#&#8221; target=&#8221;_blank&#8221;>forma<img decoding=\"async\" src=\"https:\/\/ci4.googleusercontent.com\/proxy\/fdDifr8ftEgvXndZ0r7ZbejIv3bH9PEMAzDuVktprso-jQe6NoLUa4a6NTcALrzaNr2_xf8DLp8cqHxlE6dGm82RFn3jDHZwUMRk-jBYh0T9=s0-d-e1-ft#http:\/\/cdncache-a.akamaihd.net\/items\/it\/img\/arrow-10x10.png\" alt=\"\" \/><\/a> de radiaci\u00f3n o de <a href=\"#\" onclick=\"referencia('foton',event); return false;\">fotones<\/a>.<\/p>\n<p><strong>1913<\/strong><\/p>\n<p style=\"text-align: justify;\"><img decoding=\"async\" loading=\"lazy\" id=\"irc_mi\" class=\"irc_mut\" style=\"margin-top: 24px;\" src=\"http:\/\/fismoderna.wikispaces.com\/file\/view\/espectroH.png\/242694639\/espectroH.png\" alt=\"\" width=\"694\" height=\"346\" \/><\/p>\n<p style=\"text-align: justify;\">La teor\u00eda cu\u00e1ntica explica el espectro del hidr\u00f3geno. El f\u00edsico dan\u00e9s Niels Bohr usa la idea del quantum <a title=\"Click to Continue > by Savings Addon&#8221; href=&#8221;http:\/\/www.explora.cl\/index.php?option=com_content&amp;view=article&amp;id=600%3Alinea-de-tiempo-de-la-fisica-moderna-&amp;Itemid=1090#&#8221; target=&#8221;_blank&#8221;>para<img decoding=\"async\" src=\"https:\/\/ci4.googleusercontent.com\/proxy\/fdDifr8ftEgvXndZ0r7ZbejIv3bH9PEMAzDuVktprso-jQe6NoLUa4a6NTcALrzaNr2_xf8DLp8cqHxlE6dGm82RFn3jDHZwUMRk-jBYh0T9=s0-d-e1-ft#http:\/\/cdncache-a.akamaihd.net\/items\/it\/img\/arrow-10x10.png\" alt=\"\" \/><\/a> predecir la longitud de onda de la luz emitida por el hidr\u00f3geno incandescente, que la f\u00edsica cl\u00e1sica no logra explicar.<\/p>\n<p><strong>1915-1924<\/strong><\/p>\n<p style=\"text-align: justify;\"><strong><\/strong><img decoding=\"async\" loading=\"lazy\" src=\"https:\/\/3.bp.blogspot.com\/_nzMpM-6ZutE\/TH86_eqUvXI\/AAAAAAAAABI\/caXvqzfR244\/S760\/mente1.jpg\" alt=\"\" width=\"495\" height=\"342\" \/><\/p>\n<p style=\"text-align: justify;\">Despu\u00e9s de una larga carrera a la b\u00fasqueda de la manera en que deb\u00eda ser formulada,\u00a0 <a href=\"#\" onclick=\"referencia('einstein',event); return false;\">Einstein<\/a> consigui\u00f3 <a href=\"#\" onclick=\"referencia('plasma',event); return false;\">plasma<\/a>r en realidad uno de los m\u00e1s complejos pensamientos de la Mente Huamna, \u00c9l nos dijo como funciona la Naturaleza en presencia de los grandes cuerpos que curvan el espaciotiempo y dibujan la geometria espacial del universo.<\/p>\n<p style=\"text-align: justify;\">La teor\u00eda de la <a href=\"#\" onclick=\"referencia('relatividad',event); return false;\">relatividad<\/a> general reemplaza la ley de gravedad de <a href=\"#\" onclick=\"referencia('newton',event); return false;\">Newton<\/a>Albert <a href=\"#\" onclick=\"referencia('einstein',event); return false;\">Einstein<\/a> extendi\u00f3 su teor\u00eda especial <a title=\"Click to Continue > by Savings Addon&#8221; href=&#8221;http:\/\/www.explora.cl\/index.php?option=com_content&amp;view=article&amp;id=600%3Alinea-de-tiempo-de-la-fisica-moderna-&amp;Itemid=1090#&#8221; target=&#8221;_blank&#8221;>para<img decoding=\"async\" src=\"https:\/\/ci4.googleusercontent.com\/proxy\/fdDifr8ftEgvXndZ0r7ZbejIv3bH9PEMAzDuVktprso-jQe6NoLUa4a6NTcALrzaNr2_xf8DLp8cqHxlE6dGm82RFn3jDHZwUMRk-jBYh0T9=s0-d-e1-ft#http:\/\/cdncache-a.akamaihd.net\/items\/it\/img\/arrow-10x10.png\" alt=\"\" \/><\/a> describir la gravedad como una propiedad inherente al espacio-tiempo de cuatro dimensiones. <a href=\"#\" onclick=\"referencia('einstein',event); return false;\">Einstein<\/a> reemplaza la ley de gravedad de <a href=\"#\" onclick=\"referencia('newton',event); return false;\">Newton<\/a> por una ecuaci\u00f3n que explica la gravitaci\u00f3n como una curvatura del espacio-tiempo. La teor\u00eda explica correctamente la desviaci\u00f3n gradual de la \u00f3rbita del planeta Mercurio.<\/p>\n<p>&nbsp;<\/p>\n<p style=\"text-align: justify;\"><strong>1916<\/strong><\/p>\n<p style=\"text-align: justify;\"><a href=\"http:\/\/commons.wikimedia.org\/wiki\/File:Robert-millikan2.jpg\" target=\"_blank\"><img decoding=\"async\" loading=\"lazy\" src=\"https:\/\/ci3.googleusercontent.com\/proxy\/0crzYi2iL3Nu2xJcNUbvncKjlYGnCsUThpbyZnQp1CA2qvgtAmi59WIe4949xxJU2r-WypiBaP9t12XdJuOQVyi3NPa3UQTQgY9W7_pTpx1wZmyqA5eE1RkTfNMp=s0-d-e1-ft#http:\/\/upload.wikimedia.org\/wikipedia\/commons\/a\/a6\/Robert-millikan2.jpg\" alt=\"Robert-millikan2.jpg\" width=\"200\" height=\"263\" \/><\/a><\/p>\n<p style=\"text-align: justify;\">Robert Andrews Millikan en 1891<\/p>\n<p style=\"text-align: justify;\">Se determina la magnitud de la constante cu\u00e1ntica. El norteamericano Robert Millikan usa el efecto fotoel\u00e9ctrico que <a href=\"#\" onclick=\"referencia('einstein',event); return false;\">Einstein<\/a> explic\u00f3 en 1905, <a title=\"Click to Continue > by Savings Addon&#8221; href=&#8221;http:\/\/www.explora.cl\/index.php?option=com_content&amp;view=article&amp;id=600%3Alinea-de-tiempo-de-la-fisica-moderna-&amp;Itemid=1090#&#8221; target=&#8221;_blank&#8221;>para<img decoding=\"async\" src=\"https:\/\/ci4.googleusercontent.com\/proxy\/fdDifr8ftEgvXndZ0r7ZbejIv3bH9PEMAzDuVktprso-jQe6NoLUa4a6NTcALrzaNr2_xf8DLp8cqHxlE6dGm82RFn3jDHZwUMRk-jBYh0T9=s0-d-e1-ft#http:\/\/cdncache-a.akamaihd.net\/items\/it\/img\/arrow-10x10.png\" alt=\"\" \/><\/a> medir h, la constante matem\u00e1tica introducida por Max Planck para definir su quantum de energ\u00eda, que es: 6,626 x 10-34 joule-segundo.<\/p>\n<p><strong>1917<\/strong><\/p>\n<p style=\"text-align: justify;\"><img decoding=\"async\" loading=\"lazy\" src=\"https:\/\/4.bp.blogspot.com\/-xQTXtH92I2E\/UYkTUmcBNbI\/AAAAAAAAASY\/eWHeCpIl-aU\/s1600\/gran%252Btelescopio%252Bcanarias%252B.%252Bwikimedia.jpg\" alt=\"\" width=\"495\" height=\"371\" \/><\/p>\n<p style=\"text-align: justify;\">El telescopio del Monte Wilson comienza sus operaciones. Un telescopio con un espejo de 100 pulgadas (el m\u00e1s grande por 30 a\u00f1os) es instalado en la cima del Monte Wilson, en California, elegido por la tranquilidad y claridad de su atm\u00f3sfera.<\/p>\n<p><strong>1919<\/strong><\/p>\n<p style=\"text-align: justify;\"><img decoding=\"async\" loading=\"lazy\" src=\"https:\/\/ci3.googleusercontent.com\/proxy\/OS5jhFNyMLHlu_5np6mtx0m90UkIOaqenqb_pfIo3Bu-wH1wAk5ZAHaLtaqnwtCOWM7g3GCOxOp2I4l5G8-2ehnqFbs6gcNvrNawvVT-54DW=s0-d-e1-ft#http:\/\/www.caosyciencia.com\/img\/actualidad\/Eddingtonjpg.jpg\" alt=\"\" width=\"310\" height=\"408\" \/><\/p>\n<p style=\"text-align: justify;\"><a title=\"Click to Continue > by Savings Addon&#8221; href=&#8221;http:\/\/www.explora.cl\/index.php?option=com_content&amp;view=article&amp;id=600%3Alinea-de-tiempo-de-la-fisica-moderna-&amp;Itemid=1090#&#8221; target=&#8221;_blank&#8221;>Durante<img decoding=\"async\" src=\"https:\/\/ci4.googleusercontent.com\/proxy\/fdDifr8ftEgvXndZ0r7ZbejIv3bH9PEMAzDuVktprso-jQe6NoLUa4a6NTcALrzaNr2_xf8DLp8cqHxlE6dGm82RFn3jDHZwUMRk-jBYh0T9=s0-d-e1-ft#http:\/\/cdncache-a.akamaihd.net\/items\/it\/img\/arrow-10x10.png\" alt=\"\" \/><\/a> un eclipse solar se comprueba la deflexi\u00f3n de la luz por el campo gravitacional, tal como predijo la teor\u00eda de la <a href=\"#\" onclick=\"referencia('relatividad',event); return false;\">relatividad<\/a> general. De acuerdo con la teor\u00eda de la <a href=\"#\" onclick=\"referencia('relatividad',event); return false;\">relatividad<\/a> general de <a href=\"#\" onclick=\"referencia('einstein',event); return false;\">Einstein<\/a>, la gravedad curva el espacio y desv\u00eda los haces de luz. Una expedici\u00f3n montada por la Real Sociedad Astron\u00f3mica observa el efecto predicho en las ideales <a title=\"Click to Continue > by Savings Addon&#8221; href=&#8221;http:\/\/www.explora.cl\/index.php?option=com_content&amp;view=article&amp;id=600%3Alinea-de-tiempo-de-la-fisica-moderna-&amp;Itemid=1090#&#8221; target=&#8221;_blank&#8221;>condiciones<img decoding=\"async\" src=\"https:\/\/ci4.googleusercontent.com\/proxy\/fdDifr8ftEgvXndZ0r7ZbejIv3bH9PEMAzDuVktprso-jQe6NoLUa4a6NTcALrzaNr2_xf8DLp8cqHxlE6dGm82RFn3jDHZwUMRk-jBYh0T9=s0-d-e1-ft#http:\/\/cdncache-a.akamaihd.net\/items\/it\/img\/arrow-10x10.png\" alt=\"\" \/><\/a> de un eclipse solar. La confirmaci\u00f3n hace famoso a <a href=\"#\" onclick=\"referencia('einstein',event); return false;\">Einstein<\/a>.<\/p>\n<p><strong>1922<\/strong><\/p>\n<p style=\"text-align: justify;\"><img decoding=\"async\" loading=\"lazy\" src=\"https:\/\/ci6.googleusercontent.com\/proxy\/mhQeJIurTVyT-nC9P4PbCtl6Bp3ecY2-NQzyfr5ltdSSrE5cENOQwAFCsiVv7KN3FRlR4UqBeUaFCXrXnp0nPU-sw4yWQo4NkFxyMG1L6xi90ijUSoqePTpb_FzYM6WpJ3a6cvbPFu1OLqb4hR8yuHLHAUQbXWvQVCPSM6R0WUyng9eL9yzmSj5N91o=s0-d-e1-ft#http:\/\/www.tecnologiahechapalabra.com\/img_noticias\/2013\/3\/%7BC4FA7BC9-8680-4E4C-81F1-87FAFBB564E4%7D_ecuacionA-600.jpg\" alt=\"\" width=\"495\" height=\"300\" \/><\/p>\n<p style=\"text-align: justify;\">La teor\u00eda de la <a href=\"#\" onclick=\"referencia('relatividad',event); return false;\">relatividad<\/a> general predice un universo expansivo.Aunque <a href=\"#\" onclick=\"referencia('einstein',event); return false;\">Einstein<\/a> en un principio rechaz\u00f3 el resultado, su teor\u00eda de la <a href=\"#\" onclick=\"referencia('relatividad',event); return false;\">relatividad<\/a> general predijo que todo el espacio-tiempo se expande, como se\u00f1al\u00f3 el matem\u00e1tico y meteor\u00f3logo sovi\u00e9tico Alexander Friedmann.<\/p>\n<p><strong>1923<\/strong><\/p>\n<p style=\"text-align: justify;\"><img decoding=\"async\" loading=\"lazy\" src=\"https:\/\/ci4.googleusercontent.com\/proxy\/1i-AtzfvmiW95f-d8qGX4vI8vggKWKUB6sAT4ipnFa_UEkSroqOh2KwkvQFBULBaxvNmL00gIK7sfc0DK_1B2iZ4mfdT3roHljAMbPWXOBpSqtkDusQ=s0-d-e1-ft#http:\/\/djxhemary.files.wordpress.com\/2012\/04\/onda-particula2.jpg\" alt=\"\" width=\"495\" height=\"280\" \/><\/p>\n<p style=\"text-align: justify;\">Se confirma la dualidad onda-part\u00edcula de la luzEl f\u00edsico norteamericano Arthur Holly Compton observa que en sus interacciones con <a href=\"#\" onclick=\"referencia('electron',event); return false;\">electrones<\/a>, las ondas electromagn\u00e9ticas se comportan como part\u00edculas, por ejemplo, como peque\u00f1\u00edsimas bolas de billar, una nueva evidencia que confirma la realidad del <a href=\"#\" onclick=\"referencia('foton',event); return false;\">fot\u00f3n<\/a>.<\/p>\n<p><strong>1923<\/strong><\/p>\n<p style=\"text-align: justify;\"><img decoding=\"async\" loading=\"lazy\" src=\"https:\/\/ci5.googleusercontent.com\/proxy\/QTfLvpC15MO_v0B-GVvC_dfP9Vj2b9qBicObfmBFkifsCEsaOhf6Dq0Q3MeX_08d6sXZcuYgjj22SWgc4fHiU6WisGhi18facas_FiKXWd-Mg8vuockH9izBi21t52G7I0X6GwxgN9TokdNMLcjWGnuwMt8=s0-d-e1-ft#http:\/\/upload.wikimedia.org\/wikipedia\/commons\/thumb\/d\/d2\/Broglie_Big.jpg\/220px-Broglie_Big.jpg\" alt=\"\" width=\"220\" height=\"279\" \/><\/p>\n<p style=\"text-align: justify;\">Se propone la dualidad onda-part\u00edcula de la materiaInspirado en <a title=\"Click to Continue > by Savings Addon&#8221; href=&#8221;http:\/\/www.explora.cl\/index.php?option=com_content&amp;view=article&amp;id=600%3Alinea-de-tiempo-de-la-fisica-moderna-&amp;Itemid=1090#&#8221; target=&#8221;_blank&#8221;>parte<img decoding=\"async\" src=\"https:\/\/ci4.googleusercontent.com\/proxy\/fdDifr8ftEgvXndZ0r7ZbejIv3bH9PEMAzDuVktprso-jQe6NoLUa4a6NTcALrzaNr2_xf8DLp8cqHxlE6dGm82RFn3jDHZwUMRk-jBYh0T9=s0-d-e1-ft#http:\/\/cdncache-a.akamaihd.net\/items\/it\/img\/arrow-10x10.png\" alt=\"\" \/><\/a> por su experiencia en la Primera Guerra Mundial con las ondas de radio, el f\u00edsico franc\u00e9s Louis de Broglie generaliza la dualidad onda-part\u00edcula sugiriendo que las part\u00edculas de materia tambi\u00e9n se comportan como ondas.<\/p>\n<p><strong>1923<\/strong><\/p>\n<p style=\"text-align: justify;\"><img decoding=\"async\" loading=\"lazy\" id=\"irc_mi\" class=\"irc_mut\" style=\"margin-top: 0px;\" src=\"http:\/\/www.nasa.gov\/images\/content\/201679main_galex-a20071114-browse.jpg\" alt=\"\" width=\"491\" height=\"393\" \/><\/p>\n<p style=\"text-align: justify;\">Se descubre la naturaleza de las galaxias. El astr\u00f3nomo norteamericano Edwin <a href=\"#\" onclick=\"referencia('hubble',event); return false;\">Hubble<\/a>, usando el telescopio del Monte Wilson, determina que la galaxia Andr\u00f3meda est\u00e1 a un mill\u00f3n de a\u00f1os luz (m\u00e1s tarde se corrigi\u00f3 a dos millones de a\u00f1os luz). Esto resuelve un largo debate sobre las distancias c\u00f3smicas.<\/p>\n<p><strong>1924<\/strong><\/p>\n<p style=\"text-align: justify;\"><img decoding=\"async\" src=\"https:\/\/ci3.googleusercontent.com\/proxy\/7oJ1NvrcCEXYPkdFrzkXea7jWSomI8UBexBWDjKIcmx5sMs3Ug-uf5bTxX_KjiT8XvLsFrPUouqvfMRBs51spz-MyWIAX6ZaiLe1c16FAVZU1u9P1AgCQR2D0SayronYSX_nZbBGnEbKOKNEea4-n6RmgZw6fak96TlN0-JExY0=s0-d-e1-ft#https:\/\/encrypted-tbn1.gstatic.com\/images?q=tbn:ANd9GcRAfSLKO3m1YYRYGd-LpRBFN6RZmvaoL53nVxCKTs_exddQYaSzSA\" alt=\"\" \/><\/p>\n<p style=\"text-align: justify;\">Se publica El cohete en el espacio interplanetario. El pionero alem\u00e1n de cohetes Hermann Obert muestra c\u00f3mo un cohete <a title=\"Click to Continue > by Savings Addon&#8221; href=&#8221;http:\/\/www.explora.cl\/index.php?option=com_content&amp;view=article&amp;id=600%3Alinea-de-tiempo-de-la-fisica-moderna-&amp;Itemid=1090#&#8221; target=&#8221;_blank&#8221;>puede<img decoding=\"async\" src=\"https:\/\/ci4.googleusercontent.com\/proxy\/fdDifr8ftEgvXndZ0r7ZbejIv3bH9PEMAzDuVktprso-jQe6NoLUa4a6NTcALrzaNr2_xf8DLp8cqHxlE6dGm82RFn3jDHZwUMRk-jBYh0T9=s0-d-e1-ft#http:\/\/cdncache-a.akamaihd.net\/items\/it\/img\/arrow-10x10.png\" alt=\"\" \/><\/a> desarrollar suficiente velocidad de salida para vencer la atracci\u00f3n gravitacional de la Tierra. Sin embargo, no ser\u00eda justo dejarlo aqu\u00ed. En <a title=\"1903\" href=\"http:\/\/es.wikipedia.org\/wiki\/1903\">1903<\/a>, el profesor de matem\u00e1ticas de educaci\u00f3n secundaria <a title=\"Konstant\u00edn Tsiolkovsky\" href=\"http:\/\/es.wikipedia.org\/wiki\/Konstant%C3%ADn_Tsiolkovsky\">Konstant\u00edn Tsiolkovsky<\/a> (<a title=\"1857\" href=\"http:\/\/es.wikipedia.org\/wiki\/1857\">1857<\/a>&#8211;<a title=\"1935\" href=\"http:\/\/es.wikipedia.org\/wiki\/1935\">1935<\/a>) public\u00f3 <em>\u0418\u0441\u0441\u043b\u0435\u0434\u043e\u0432\u0430\u043d\u0438\u0435 \u043c\u0438\u0440\u043e\u0432\u044b\u0445 \u043f\u0440\u043e\u0441\u0442\u0440\u0430\u043d\u0441\u0442\u0432 \u0440\u0435\u0430\u043a\u0442\u0438\u0432\u043d\u044b\u043c\u0438 \u043f\u0440\u0438\u0431\u043e\u0440\u0430\u043c\u0438<\/em> (&#8220;La exploraci\u00f3n del espacio c\u00f3smico por m\u00e9todos de reacci\u00f3n&#8221;), el primer trabajo cient\u00edfico serio que trataba de vuelos espaciales. La <a title=\"Ecuaci\u00f3n del cohete de Tsiolskovski\" href=\"http:\/\/es.wikipedia.org\/wiki\/Ecuaci%C3%B3n_del_cohete_de_Tsiolskovski\">ecuaci\u00f3n del cohete de Tsiolskovski<\/a> \u2014el principio que gobierna la propulsi\u00f3n de cohetes\u2014 lleva su nombre en su honor. Su trabajo fue particularmente desconocido fuera de la <a title=\"Uni\u00f3n Sovi\u00e9tica\" href=\"http:\/\/es.wikipedia.org\/wiki\/Uni%C3%B3n_Sovi%C3%A9tica\">Uni\u00f3n Sovi\u00e9tica<\/a>, donde inspir\u00f3 extensas investigaciones, experimentaci\u00f3n, y la formaci\u00f3n de la Sociedad Cosmon\u00e1utica. Su trabajo se volvi\u00f3 a publicar en el 1920 en respuesta al inter\u00e9s ruso sobre el trabajo de Robert Goddard. Entre otras ideas, Tsiolkovsky propuso acertadamente el uso de ox\u00edgeno e hidr\u00f3geno l\u00edquidos como un excelente par propulsor, determin\u00f3 la estructura que se deb\u00eda construir y dise\u00f1\u00f3 la forma en que deb\u00edan estar los cohetes para aumentar la eficiencia de masa y aumentar as\u00ed radio de alcance.<\/p>\n<p><strong>1925-1934<\/strong><\/p>\n<p style=\"text-align: justify;\"><strong><\/strong><img decoding=\"async\" loading=\"lazy\" src=\"https:\/\/ci5.googleusercontent.com\/proxy\/096H1uMqnNfCOnJBdDpIxKVF4tQ0qV-KJknarg9ivbAIfFRJ79sidaSH8KTUxbL_D7-ttn_Fowv5cekj71Ijm2jByW8JHJxB5seqRLBB-74x4ohbyQNMQv01dkGuWXEhrLPg2v6BmSVbhv-O6A=s0-d-e1-ft#http:\/\/bibliotecadigital.ilce.edu.mx\/sites\/ciencia\/volumen1\/ciencia2\/11\/imgs\/f19p76.jpg\" alt=\"\" width=\"243\" height=\"250\" border=\"0\" \/><\/p>\n<p style=\"text-align: justify;\">Se formulan nuevos fundamentos <a title=\"Click to Continue > by Savings Addon&#8221; href=&#8221;http:\/\/www.explora.cl\/index.php?option=com_content&amp;view=article&amp;id=600%3Alinea-de-tiempo-de-la-fisica-moderna-&amp;Itemid=1090#&#8221; target=&#8221;_blank&#8221;>para<img decoding=\"async\" src=\"https:\/\/ci4.googleusercontent.com\/proxy\/fdDifr8ftEgvXndZ0r7ZbejIv3bH9PEMAzDuVktprso-jQe6NoLUa4a6NTcALrzaNr2_xf8DLp8cqHxlE6dGm82RFn3jDHZwUMRk-jBYh0T9=s0-d-e1-ft#http:\/\/cdncache-a.akamaihd.net\/items\/it\/img\/arrow-10x10.png\" alt=\"\" \/><\/a> la mec\u00e1nica cu\u00e1ntica. El f\u00edsico alem\u00e1n Werner Heisenberg aplica el concepto matem\u00e1tico de matrices para dar <a title=\"Click to Continue > by Savings Addon&#8221; href=&#8221;http:\/\/www.explora.cl\/index.php?option=com_content&amp;view=article&amp;id=600%3Alinea-de-tiempo-de-la-fisica-moderna-&amp;Itemid=1090#&#8221; target=&#8221;_blank&#8221;>cuenta<img decoding=\"async\" src=\"https:\/\/ci4.googleusercontent.com\/proxy\/fdDifr8ftEgvXndZ0r7ZbejIv3bH9PEMAzDuVktprso-jQe6NoLUa4a6NTcALrzaNr2_xf8DLp8cqHxlE6dGm82RFn3jDHZwUMRk-jBYh0T9=s0-d-e1-ft#http:\/\/cdncache-a.akamaihd.net\/items\/it\/img\/arrow-10x10.png\" alt=\"\" \/><\/a> de los cuantos de luz discretos emitidos y absorbidos por los \u00e1tomos. Su idea provee de una estructura a la nueva f\u00edsica cu\u00e1ntica.<\/p>\n<p style=\"text-align: justify;\">La <strong>Mec\u00e1nica matricial<\/strong> es una formulaci\u00f3n de la mec\u00e1nica cu\u00e1ntica creada por <a title=\"Werner Heisenberg\" href=\"http:\/\/es.wikipedia.org\/wiki\/Werner_Heisenberg\" target=\"_blank\">Werner Heisenberg<\/a>, <a title=\"Max Born\" href=\"http:\/\/es.wikipedia.org\/wiki\/Max_Born\" target=\"_blank\">Max Born<\/a> y <a title=\"Pascual Jordan\" href=\"http:\/\/es.wikipedia.org\/wiki\/Pascual_Jordan\" target=\"_blank\">Pascual Jordan<\/a> en 1925. La mec\u00e1nica matricial fue la primera definici\u00f3n completa y correcta de la <a title=\"Mec\u00e1nica cu\u00e1ntica\" href=\"http:\/\/es.wikipedia.org\/wiki\/Mec%C3%A1nica_cu%C3%A1ntica\" target=\"_blank\">mec\u00e1nica cu\u00e1ntica<\/a>. Extiende el <a title=\"Modelo de Bohr\" href=\"http:\/\/es.wikipedia.org\/wiki\/Modelo_de_Bohr\" target=\"_blank\">modelo de Bohr<\/a> al describir como ocurren los <a title=\"Salto cu\u00e1ntico\" href=\"http:\/\/es.wikipedia.org\/wiki\/Salto_cu%C3%A1ntico\" target=\"_blank\">saltos cu\u00e1nticos<\/a>. Lo realiza interpretando las propiedades f\u00edsicas de las part\u00edculas como matrices que evolucionan en el tiempo. Es el equivalente a la formulaci\u00f3n ondulatoria planteada por <a title=\"Erwin Schr\u00f6dinger\" href=\"http:\/\/es.wikipedia.org\/wiki\/Erwin_Schr%C3%B6dinger\" target=\"_blank\">Erwin Schr\u00f6dinger<\/a> y es la base de la <a title=\"Notaci\u00f3n bra-ket\" href=\"http:\/\/es.wikipedia.org\/wiki\/Notaci%C3%B3n_bra-ket\" target=\"_blank\">notaci\u00f3n bra-ket<\/a> de <a title=\"Paul Dirac\" href=\"http:\/\/es.wikipedia.org\/wiki\/Paul_Dirac\" target=\"_blank\">Paul Dirac<\/a> para la formulaci\u00f3n ondulatoria.<\/p>\n<p><strong>1925<\/strong><\/p>\n<p style=\"text-align: justify;\"><img decoding=\"async\" loading=\"lazy\" src=\"https:\/\/ci3.googleusercontent.com\/proxy\/2Fj9lrYlHSWlzWa9qK1qgXygc6EUuhIE3xP7mkjQQ4N1_GpM4Y1Pc9KHgj8w_z2DdY85gGwtO7Jex5MhgkCSQRsAiOtCmWx15Dg=s0-d-e1-ft#http:\/\/astronomia2009.es\/data\/imagen\/archivo_112.png\" alt=\"\" width=\"423\" height=\"408\" \/><\/p>\n<p style=\"text-align: justify;\">Comienza el estudio de la estructura estelar. El astrof\u00edsico ingl\u00e9s Arthur Eddington encuentra una relaci\u00f3n simple <a title=\"Click to Continue > by Savings Addon&#8221; href=&#8221;http:\/\/www.explora.cl\/index.php?option=com_content&amp;view=article&amp;id=600%3Alinea-de-tiempo-de-la-fisica-moderna-&amp;Itemid=1090#&#8221; target=&#8221;_blank&#8221;>entre<img decoding=\"async\" src=\"https:\/\/ci4.googleusercontent.com\/proxy\/fdDifr8ftEgvXndZ0r7ZbejIv3bH9PEMAzDuVktprso-jQe6NoLUa4a6NTcALrzaNr2_xf8DLp8cqHxlE6dGm82RFn3jDHZwUMRk-jBYh0T9=s0-d-e1-ft#http:\/\/cdncache-a.akamaihd.net\/items\/it\/img\/arrow-10x10.png\" alt=\"\" \/><\/a> la masa de una estrella y la energ\u00eda que irradia.<\/p>\n<p><strong>1926<\/strong><\/p>\n<p style=\"text-align: justify;\"><img decoding=\"async\" loading=\"lazy\" src=\"https:\/\/ci4.googleusercontent.com\/proxy\/IZ8lHQKfg9ShtUT00YnWLH70uKxcYN2dfgu-v6nh8GoVj5QnYHFPgBIKvaDxtsMrXWFfOnKsNdLatHPqHZlJyLx8eEo87NnV6BwFyysQOQx_zLiN7rZENCgpg8pp=s0-d-e1-ft#http:\/\/www.rinconsolidario.org\/higgs\/imagenes\/1\/ecuacionSchrodinger.png\" alt=\"\" width=\"495\" height=\"116\" \/><\/p>\n<p style=\"text-align: justify;\">La <a href=\"#\" onclick=\"referencia('schrodinger ecuacion de',event); return false;\">ecuaci\u00f3n de Schr\u00f6dinger<\/a> describe la naturaleza ondulatoria de la materia. El f\u00edsico austriaco Erwin Schr\u00f6dinger introduce su famosa ecuaci\u00f3n (figura 1) que describe la naturaleza de onda de la materia, la que se convierte en una piedra angular de la mec\u00e1nica cu\u00e1ntica. Donde \u03a8 es la funci\u00f3n de onda de una part\u00edcula, m su masa y V su energ\u00eda potencial.<\/p>\n<p style=\"text-align: justify;\">Al comienzo del <a title=\"Siglo XX\" href=\"http:\/\/es.wikipedia.org\/wiki\/Siglo_XX\" target=\"_blank\">siglo XX<\/a> se hab\u00eda comprobado que la luz presentaba una <a title=\"Dualidad onda corp\u00fasculo\" href=\"http:\/\/es.wikipedia.org\/wiki\/Dualidad_onda_corp%C3%BAsculo\" target=\"_blank\">dualidad onda corp\u00fasculo<\/a>, es decir, la luz se pod\u00eda manifestar (seg\u00fan las circunstancias) como part\u00edcula (<a title=\"Fot\u00f3n\" href=\"http:\/\/es.wikipedia.org\/wiki\/Fot%C3%B3n\" target=\"_blank\">fot\u00f3n<\/a> en el <a title=\"Efecto fotoel\u00e9ctrico\" href=\"http:\/\/es.wikipedia.org\/wiki\/Efecto_fotoel%C3%A9ctrico\" target=\"_blank\">efecto fotoel\u00e9ctrico<\/a>), o como <a title=\"Onda electromagn\u00e9tica\" href=\"http:\/\/es.wikipedia.org\/wiki\/Onda_electromagn%C3%A9tica\" target=\"_blank\">onda electromagn\u00e9tica<\/a> en la interferencia luminosa. En 1923 <a title=\"Louis-Victor de Broglie\" href=\"http:\/\/es.wikipedia.org\/wiki\/Louis-Victor_de_Broglie\" target=\"_blank\">Louis-Victor de Broglie<\/a> propuso generalizar esta dualidad a todas las part\u00edculas conocidas. Propuso la hip\u00f3tesis, parad\u00f3jica en su momento, de que a toda part\u00edcula cl\u00e1sica microsc\u00f3pica se le puede asignar una onda, lo cual se comprob\u00f3 experimentalmente en <a title=\"1927\" href=\"http:\/\/es.wikipedia.org\/wiki\/1927\" target=\"_blank\">1927<\/a> cuando se observ\u00f3 la <a title=\"Difracci\u00f3n de electrones\" href=\"http:\/\/es.wikipedia.org\/wiki\/Difracci%C3%B3n_de_electrones\" target=\"_blank\">difracci\u00f3n de <a href=\"#\" onclick=\"referencia('electron',event); return false;\">electrones<\/a><\/a>. Por analog\u00eda con los <a href=\"#\" onclick=\"referencia('foton',event); return false;\">fotones<\/a>, De Broglie asocia a cada <a title=\"Part\u00edcula libre\" href=\"http:\/\/es.wikipedia.org\/wiki\/Part%C3%ADcula_libre\" target=\"_blank\">part\u00edcula libre<\/a> con energ\u00eda <img decoding=\"async\" src=\"https:\/\/ci4.googleusercontent.com\/proxy\/Y1bTBBYmualx3AMwu6vAbHVJ-bHNMtqrKM5BU9TZHQRktUFEINhQS3nVYfuR0rap_6bMOUTJioIm-4H-koD09HrWqCcdbIuklW698DQtbEeCCmtRd_KpbPHzPJJSZ_-k_g=s0-d-e1-ft#http:\/\/upload.wikimedia.org\/math\/3\/a\/3\/3a3ea00cfc35332cedf6e5e9a32e94da.png\" alt=\"E\" \/> y <a title=\"Cantidad de movimiento\" href=\"http:\/\/es.wikipedia.org\/wiki\/Cantidad_de_movimiento\" target=\"_blank\">cantidad de movimiento<\/a> <img decoding=\"async\" src=\"https:\/\/ci3.googleusercontent.com\/proxy\/DcjE8gUXVsdZQVoQX2iLFpg2XEJBjm7wxPuiXigbN14CzkpUDlLFWqFNrpvjamTwvvmqdBfAcSBIcx0tD1BSQsRwjQ8BpBbf7nlEuGV-r0rYO_mZ7DrCtyOwmpoxmbHPnw=s0-d-e1-ft#http:\/\/upload.wikimedia.org\/math\/8\/3\/8\/83878c91171338902e0fe0fb97a8c47a.png\" alt=\"p\" \/> una frecuencia <img decoding=\"async\" src=\"https:\/\/ci3.googleusercontent.com\/proxy\/1oJggIl4BtUogQYp7h14y_w2ri0MQ-mn1XuGJnZYjwepx7TS5bu1nc4YZufm4jOkkhfi-yGCkOr2Dp2ucvZDgbg8CXP3BR7uCqriA8yqgLlCDusBztq_zfrhwjxBg0ZzzA=s0-d-e1-ft#http:\/\/upload.wikimedia.org\/math\/7\/3\/6\/7368318dd3647eb6bbf6afaf6d26c48d.png\" alt=\"\\nu \" \/> y una longitud de onda <img decoding=\"async\" src=\"https:\/\/ci4.googleusercontent.com\/proxy\/weAZm6BhLZGgCMtSwA93kXRy6g-12NrpHpAZws7fOOVd6-zQGZc2U7oD1_n2Xvqo3H6B86UodRHboYrDauCignuLqc1bGbThZUJKu_Lpnipua0cvjsvjUhrdz92gUolYLA=s0-d-e1-ft#http:\/\/upload.wikimedia.org\/math\/e\/0\/5\/e05a30d96800384dd38b22851322a6b5.png\" alt=\"\\lambda \" \/>:<\/p>\n<blockquote><p><img decoding=\"async\" src=\"https:\/\/ci3.googleusercontent.com\/proxy\/whfhFYsI4LP1FFoZuAnvFk0B6VNmpSlLWemXMBvzkmD0Cl-yI1r486Ni4MXB876P6xFq7gzxYIpmNcWvLst7iURFZOcjhx8Vft5O7aVsxXuHykVi6o-KyjzpJUjR3bSR0A=s0-d-e1-ft#http:\/\/upload.wikimedia.org\/math\/2\/f\/0\/2f0b27e8bef15d24f52f5e23c4219a2f.png\" alt=\"\\left\\{{\\begin{matrix}E=h\\nu \\\\p=h\/\\lambda \\end{matrix}}\\right.\" \/><\/p>\n<p>&nbsp;<\/p><\/blockquote>\n<p style=\"text-align: justify;\">La comprobaci\u00f3n experimental hecha por <a title=\"Clinton Joseph Davisson\" href=\"http:\/\/es.wikipedia.org\/wiki\/Clinton_Joseph_Davisson\" target=\"_blank\">Clinton Davisson<\/a> y <a title=\"Lester Germer (a\u00fan no redactado)\" href=\"http:\/\/es.wikipedia.org\/w\/index.php?title=Lester_Germer&amp;action=edit&amp;redlink=1\" target=\"_blank\">Lester Germer<\/a> mostr\u00f3 que la longitud de onda asociada a los <a href=\"#\" onclick=\"referencia('electron',event); return false;\">electrones<\/a> medida en la difracci\u00f3n seg\u00fan la <a title=\"Ley de Bragg\" href=\"http:\/\/es.wikipedia.org\/wiki\/Ley_de_Bragg\" target=\"_blank\">f\u00f3rmula de Bragg<\/a> se correspond\u00eda con la longitud de onda predicha por la f\u00f3rmula de <a title=\"Louis-Victor de Broglie\" href=\"http:\/\/es.wikipedia.org\/wiki\/Louis-Victor_de_Broglie\" target=\"_blank\">De Broglie<\/a>.<\/p>\n<p style=\"text-align: justify;\">Esa predicci\u00f3n llev\u00f3 a Schr\u00f6dinger a tratar de escribir una ecuaci\u00f3n para la onda asociada de De Broglie que para escalas macrosc\u00f3picas se redujera a la ecuaci\u00f3n de la mec\u00e1nica cl\u00e1sica de la part\u00edcula.<\/p>\n<p>&nbsp;<\/p>\n<p style=\"text-align: justify;\"><strong>1926-1928<\/strong><\/p>\n<p style=\"text-align: justify;\"><img decoding=\"async\" loading=\"lazy\" src=\"https:\/\/ci3.googleusercontent.com\/proxy\/I12Jd-gXErK8uIa8pVb0kmV0fXze7ptJmRagoeralHCCknEcFMzg6pXrNxEHzwPXx1wgvesokPxx8rNWTd6Q04Xij6NdifweBddD1Bjqd0sfW-CKNUPXXB_id_lTUVfdv6tP_QGBVUE0Rg=s0-d-e1-ft#http:\/\/images.teinteresa.es\/tele\/Primera-imagen-television_TINIMA20121121_0301_5.jpg\" alt=\"\" width=\"495\" height=\"278\" \/><\/p>\n<p style=\"text-align: justify;\">Se desarrolla la televisi\u00f3n y se transmite una se\u00f1al sobre el oc\u00e9ano. El ingeniero el\u00e9ctrico brit\u00e1nico John Baird transmite la primera imagen de televisi\u00f3n de objetos en movimiento. En 1928, env\u00eda una pel\u00edcula a trav\u00e9s de tecnolog\u00eda inal\u00e1mbrica que cruza el oc\u00e9ano Atl\u00e1ntico.<\/p>\n<p><strong>1927<\/strong><\/p>\n<div style=\"text-align: justify;\">\n<div><a href=\"http:\/\/commons.wikimedia.org\/wiki\/File:Total_internal_reflection.jpg\" target=\"_blank\"><img decoding=\"async\" loading=\"lazy\" src=\"https:\/\/ci5.googleusercontent.com\/proxy\/B7J-o-1kuiXZKYACClaZBosrI62WUew1ir11-0U2XHhmD8uwxPKpV25x4Ogkx346glH4VYY_IAms3URydgIs1oaVex3G1FE772HQnmM2sTmvAb2sV9gR3mu374p4v2pnD55Es08PH-Of84E3u4UGs7lJH6esgxhNob31rswkWLiEzv2EV2kdawExsOJaw9g5=s0-d-e1-ft#http:\/\/upload.wikimedia.org\/wikipedia\/commons\/thumb\/e\/ec\/Total_internal_reflection.jpg\/300px-Total_internal_reflection.jpg\" alt=\"\" width=\"300\" height=\"221\" \/><\/a><\/div>\n<div>\n<div>\u00a0\u00a0\u00a0 La luz, onda y corp\u00fasculo. Dos teor\u00edas diferentes convergen gracias a la <a title=\"F\u00edsica cu\u00e1ntica\" href=\"http:\/\/es.wikipedia.org\/wiki\/F%C3%ADsica_cu%C3%A1ntica\" target=\"_blank\">f\u00edsica cu\u00e1ntica<\/a>.<\/div>\n<\/div>\n<\/div>\n<p style=\"text-align: justify;\">Se prueba la dualidad onda-part\u00edcula de la materiaClinton Davisson y Lester Germer, del laboratorio de Tel\u00e9fonos Bell, muestran que los <a href=\"#\" onclick=\"referencia('electron',event); return false;\">electrones<\/a> &#8220;rebotan&#8221; <a title=\"Click to Continue > by Savings Addon&#8221; href=&#8221;http:\/\/www.explora.cl\/index.php?option=com_content&amp;view=article&amp;id=600%3Alinea-de-tiempo-de-la-fisica-moderna-&amp;Itemid=1090#&#8221; target=&#8221;_blank&#8221;>desde<img decoding=\"async\" src=\"https:\/\/ci4.googleusercontent.com\/proxy\/fdDifr8ftEgvXndZ0r7ZbejIv3bH9PEMAzDuVktprso-jQe6NoLUa4a6NTcALrzaNr2_xf8DLp8cqHxlE6dGm82RFn3jDHZwUMRk-jBYh0T9=s0-d-e1-ft#http:\/\/cdncache-a.akamaihd.net\/items\/it\/img\/arrow-10x10.png\" alt=\"\" \/><\/a> una hilera de \u00e1tomos en un cristal de n\u00edquel de manera que las ondas de luz se reflejan y difractan desde una superficie corrugada.<\/p>\n<p><strong>1927<\/strong><\/p>\n<p style=\"text-align: justify;\"><img decoding=\"async\" loading=\"lazy\" src=\"https:\/\/ci5.googleusercontent.com\/proxy\/xXfqdRoay_PXQWvovMTFNvvq4PjrghRACH0T-rnu8Fl_rSsNUBhgWYMO_vp5oNRhDXoaKYA7IPf0eQm-g16GJOc4zVe40tP3AYCuS0F165QAaU1omlDd6fUfFTw9RI26BSw8hs4JxDzniVjUqbABuDyXQ7R6Jga-NAEIy54LaQ=s0-d-e1-ft#http:\/\/www.itespresso.es\/wp-content\/uploads\/2010\/08\/500x_custom_1280806016134_quantum_entanglement_01.jpg\" alt=\"\" width=\"495\" height=\"387\" \/><\/p>\n<p style=\"text-align: justify;\">Werner Heisenberg propone el principio cu\u00e1ntico de incertidumbreWerner Heisenberg, f\u00edsico alem\u00e1n, establece su principio cu\u00e1ntico de incertidumbre, seg\u00fan el cual es imposible medir exactamente la posici\u00f3n y velocidad de una part\u00edcula al mismo tiempo.<\/p>\n<p><strong>1927<\/strong><\/p>\n<p style=\"text-align: justify;\"><img decoding=\"async\" loading=\"lazy\" src=\"https:\/\/ci5.googleusercontent.com\/proxy\/sKsgrg_248neUjiJCEd0mAqidAG_Nj9j4mjvlEjqA82iP3-sYeu5N0KtvCJvSfX7uDx1aFNGbFySdAgLbL7RJ0GiW93jf5k_6Sjg1Vr42WZDSniC=s0-d-e1-ft#http:\/\/www.abc.es\/Media\/201111\/10\/hubble_lemaitre--644x362.jpg\" alt=\"\" width=\"495\" height=\"278\" \/><\/p>\n<p style=\"text-align: justify;\">Se postula que el universo comenz\u00f3 <a title=\"Click to Continue > by Savings Addon&#8221; href=&#8221;http:\/\/www.explora.cl\/index.php?option=com_content&amp;view=article&amp;id=600%3Alinea-de-tiempo-de-la-fisica-moderna-&amp;Itemid=1090#&#8221; target=&#8221;_blank&#8221;>desde<img decoding=\"async\" src=\"https:\/\/ci4.googleusercontent.com\/proxy\/fdDifr8ftEgvXndZ0r7ZbejIv3bH9PEMAzDuVktprso-jQe6NoLUa4a6NTcALrzaNr2_xf8DLp8cqHxlE6dGm82RFn3jDHZwUMRk-jBYh0T9=s0-d-e1-ft#http:\/\/cdncache-a.akamaihd.net\/items\/it\/img\/arrow-10x10.png\" alt=\"\" \/><\/a> un \u00fanico evento. Georges Lemaitre, astr\u00f3nomo y cl\u00e9rigo belga, concluye que el universo comenz\u00f3 su expansi\u00f3n desde un peque\u00f1o y caliente \u201chuevo c\u00f3smico\u201d. Este es el origen de la teor\u00eda del <a href=\"#\" onclick=\"referencia('big bang',event); return false;\">Big Bang<\/a>. Despu\u00e9s de aquellos primeros escarceos, vinieron a desarrollar la idea una legi\u00f3n de cosm\u00f3logos, astr\u00f3nomos y f\u00edsicos que, con la ayuda de modernos aparatos y rtelescopios, han podido ir acercando la idea primera a un moderno Modelo Cosmol\u00f3gico que, hay en d\u00eda es el m\u00e1s aceptado: El <a href=\"#\" onclick=\"referencia('big bang',event); return false;\">Big Bang<\/a>.<\/p>\n<p><strong>1928<\/strong><\/p>\n<p style=\"text-align: justify;\"><img decoding=\"async\" loading=\"lazy\" src=\"https:\/\/3.bp.blogspot.com\/_xBXZbW6ivIs\/SredwgF7InI\/AAAAAAAAEsE\/sDZHS3iNnbc\/s400\/abell370_hst.jpg\" alt=\"\" width=\"400\" height=\"328\" \/><\/p>\n<p style=\"text-align: justify;\">Se descubre una nueva interacci\u00f3n <a title=\"Click to Continue > by Savings Addon&#8221; href=&#8221;http:\/\/www.explora.cl\/index.php?option=com_content&amp;view=article&amp;id=600%3Alinea-de-tiempo-de-la-fisica-moderna-&amp;Itemid=1090#&#8221; target=&#8221;_blank&#8221;>entre<img decoding=\"async\" src=\"https:\/\/ci4.googleusercontent.com\/proxy\/fdDifr8ftEgvXndZ0r7ZbejIv3bH9PEMAzDuVktprso-jQe6NoLUa4a6NTcALrzaNr2_xf8DLp8cqHxlE6dGm82RFn3jDHZwUMRk-jBYh0T9=s0-d-e1-ft#http:\/\/cdncache-a.akamaihd.net\/items\/it\/img\/arrow-10x10.png\" alt=\"\" \/><\/a> la luz y la materia. El f\u00edsico indio Chandrasekhara Venkata Raman encuentra que un haz de luz cambia su longitud de onda si es desviado por la materia. Con la llegada del <a href=\"#\" onclick=\"referencia('laser',event); return false;\">l\u00e1ser<\/a>, Raman r\u00e1pidamente logra una importante herramienta para el estudio de los materiales org\u00e1nicos e inorg\u00e1nicos.<\/p>\n<p><strong>1928<\/strong><\/p>\n<p style=\"text-align: justify;\"><img decoding=\"async\" loading=\"lazy\" src=\"https:\/\/ci3.googleusercontent.com\/proxy\/fk2C0EZBeqnBhV3xvpu6W0s35RJrzfOLzS6xfG-TewKyWQlvWXy8EtJprFgnDbi321XWLm8p8c_J1stcW67nBtP2ibXRty0q9TIzKDnLyaVfSECa=s0-d-e1-ft#http:\/\/www2.uah.es\/vivatacademia\/images\/n92\/fisica\/dirac3b.jpg\" alt=\"dirac3b.jpg (7338 bytes)\" width=\"250\" height=\"215\" \/><\/p>\n<p style=\"text-align: justify;\">Se predicen las antipart\u00edculas. Combinando la <a href=\"#\" onclick=\"referencia('relatividad',event); return false;\">relatividad<\/a> especial con la mec\u00e1nica cu\u00e1ntica, el f\u00edsico brit\u00e1nico Paul Dirac elabora una ecuaci\u00f3n <a title=\"Click to Continue > by Savings Addon&#8221; href=&#8221;http:\/\/www.explora.cl\/index.php?option=com_content&amp;view=article&amp;id=600%3Alinea-de-tiempo-de-la-fisica-moderna-&amp;Itemid=1090#&#8221; target=&#8221;_blank&#8221;>para<img decoding=\"async\" src=\"https:\/\/ci4.googleusercontent.com\/proxy\/fdDifr8ftEgvXndZ0r7ZbejIv3bH9PEMAzDuVktprso-jQe6NoLUa4a6NTcALrzaNr2_xf8DLp8cqHxlE6dGm82RFn3jDHZwUMRk-jBYh0T9=s0-d-e1-ft#http:\/\/cdncache-a.akamaihd.net\/items\/it\/img\/arrow-10x10.png\" alt=\"\" \/><\/a> el comportamiento de los <a href=\"#\" onclick=\"referencia('electron',event); return false;\">electrones<\/a>, que inesperadamente tambi\u00e9n predice la existencia de nuevas part\u00edculas con propiedades similares pero carga opuesta, llamadas gen\u00e9ricamente antipart\u00edculas: <strong>\u00a1el Positr\u00f3n!<\/strong><\/p>\n<p><strong>1929<\/strong><\/p>\n<p style=\"text-align: justify;\"><img decoding=\"async\" loading=\"lazy\" src=\"https:\/\/ci6.googleusercontent.com\/proxy\/CPu4MZilXHer5pd6RXjkKNQL481APPZ5QOTH8R7aJfyQuyNXaTni2uNy3VeIbgQM1MLpuGOVVOC1drlZwIhl_NmETNXwtima8w=s0-d-e1-ft#http:\/\/www.astromia.com\/biografias\/fotos\/hubble.jpg\" alt=\"\" width=\"146\" height=\"192\" \/><img decoding=\"async\" loading=\"lazy\" src=\"https:\/\/ci4.googleusercontent.com\/proxy\/QJ0plyDd2fikiBmhkxHuuszbfDUeKN8ypEw7-DGZF-R-Oyrmnh1fA_Fyj4DaD3-8nxg6hwAwkmjzwN0giJ-oJ7xmQula9DsNA6LdUTpV89hIogQradpAY00zWA=s0-d-e1-ft#http:\/\/www.astroyciencia.com\/wp-content\/uploads\/2007\/11\/expansion.jpg\" alt=\"\" width=\"250\" height=\"199\" \/><\/p>\n<p style=\"text-align: justify;\">Se establece la expansi\u00f3n del universoEdwin <a href=\"#\" onclick=\"referencia('hubble',event); return false;\">Hubble<\/a> descubre que mientras m\u00e1s lejos est\u00e1 una galaxia de nosotros, m\u00e1s de su luz se desplaza <a title=\"Click to Continue > by Savings Addon&#8221; href=&#8221;http:\/\/www.explora.cl\/index.php?option=com_content&amp;view=article&amp;id=600%3Alinea-de-tiempo-de-la-fisica-moderna-&amp;Itemid=1090#&#8221; target=&#8221;_blank&#8221;>hacia<img decoding=\"async\" src=\"https:\/\/ci4.googleusercontent.com\/proxy\/fdDifr8ftEgvXndZ0r7ZbejIv3bH9PEMAzDuVktprso-jQe6NoLUa4a6NTcALrzaNr2_xf8DLp8cqHxlE6dGm82RFn3jDHZwUMRk-jBYh0T9=s0-d-e1-ft#http:\/\/cdncache-a.akamaihd.net\/items\/it\/img\/arrow-10x10.png\" alt=\"\" \/><\/a> el rojo y m\u00e1s r\u00e1pido se separa de nosotros. Esto sugiere que el universo se expande, como fue predicho en 1922.<\/p>\n<p><strong>1929-1932<\/strong><\/p>\n<p style=\"text-align: justify;\"><img decoding=\"async\" loading=\"lazy\" id=\"irc_mi\" class=\"irc_mut\" style=\"margin-top: 0px;\" src=\"http:\/\/maestroviejo.files.wordpress.com\/2011\/12\/red-neuronal.jpg\" alt=\"\" width=\"524\" height=\"393\" \/><\/p>\n<p style=\"text-align: justify;\">Se demuestra la actividad el\u00e9ctrica en c\u00e9lulas nerviosas. El neurofisi\u00f3logo brit\u00e1nico Edgar Adrian usa instrumentos electr\u00f3nicos como el osciloscopio para detectar eventos el\u00e9ctricos en nervios y c\u00e9lulas cerebrales. M\u00e1s tarde, Adrian estudia c\u00f3mo <a title=\"Click to Continue > by Savings Addon&#8221; href=&#8221;http:\/\/www.explora.cl\/index.php?option=com_content&amp;view=article&amp;id=600%3Alinea-de-tiempo-de-la-fisica-moderna-&amp;Itemid=1090#&#8221; target=&#8221;_blank&#8221;>esta<img decoding=\"async\" src=\"https:\/\/ci4.googleusercontent.com\/proxy\/fdDifr8ftEgvXndZ0r7ZbejIv3bH9PEMAzDuVktprso-jQe6NoLUa4a6NTcALrzaNr2_xf8DLp8cqHxlE6dGm82RFn3jDHZwUMRk-jBYh0T9=s0-d-e1-ft#http:\/\/cdncache-a.akamaihd.net\/items\/it\/img\/arrow-10x10.png\" alt=\"\" \/><\/a> actividad el\u00e9ctrica se relaciona con la epile<a href=\"#\" onclick=\"referencia('psi',event); return false;\">psi<\/a>a.<\/p>\n<p><strong>1930<\/strong><\/p>\n<p style=\"text-align: justify;\"><img decoding=\"async\" loading=\"lazy\" src=\"https:\/\/ci4.googleusercontent.com\/proxy\/qyLkTGZFl9Hr74JYOF-6Bid1wBN1PtKS1QQ9g-SMUNMy304Zx7SX9rjO2VF8-3JwVQ63luQjdcZUYf2d8988yrXQcKhKzW3n4nXcb-m6fgJEOyoBFqHkVpxWZeQIZIHpaokLHeqBQY-loAfFbz1ZASDu52rbxq9Vv_bEnfDSebylgBS5h1r_yw=s0-d-e1-ft#http:\/\/upload.wikimedia.org\/wikipedia\/commons\/thumb\/2\/2e\/Engine.f15.arp.750pix.jpg\/320px-Engine.f15.arp.750pix.jpg\" alt=\"\" width=\"320\" height=\"214\" \/><\/p>\n<p style=\"text-align: justify;\">Se inventa el motor de reacci\u00f3n a chorro. Frank White, un ingeniero aeron\u00e1utico brit\u00e1nico, patenta el primer motor de reacci\u00f3n a chorro, que ser\u00eda testeado en un <a title=\"Click to Continue > by Savings Addon&#8221; href=&#8221;http:\/\/www.explora.cl\/index.php?option=com_content&amp;view=article&amp;id=600%3Alinea-de-tiempo-de-la-fisica-moderna-&amp;Itemid=1090#&#8221; target=&#8221;_blank&#8221;>vuelo<img decoding=\"async\" src=\"https:\/\/ci4.googleusercontent.com\/proxy\/fdDifr8ftEgvXndZ0r7ZbejIv3bH9PEMAzDuVktprso-jQe6NoLUa4a6NTcALrzaNr2_xf8DLp8cqHxlE6dGm82RFn3jDHZwUMRk-jBYh0T9=s0-d-e1-ft#http:\/\/cdncache-a.akamaihd.net\/items\/it\/img\/arrow-10x10.png\" alt=\"\" \/><\/a> de prueba en 1941.<\/p>\n<p><strong>1930-1935<\/strong><\/p>\n<p style=\"text-align: justify;\"><img decoding=\"async\" loading=\"lazy\" src=\"https:\/\/ci3.googleusercontent.com\/proxy\/andqiW3zHUawTM687qCSvY-YWLESdEebH9cWGG7vVNOY88yzZZ-Z6iNqX8C63iPqlpJwqGlHIZJ4uJjl6yX6Achl5yqemBfRyYYwfU0LNwsY1PBQxZ7UuP-r3ToyCP8x_V4YDg=s0-d-e1-ft#http:\/\/img.irtve.es\/imagenes\/plastico-biodegradable-segundos\/1280501496754.jpg\" alt=\"\" width=\"495\" height=\"371\" \/><\/p>\n<p style=\"text-align: justify;\">Se inventa el pl\u00e1stico. El qu\u00edmico alem\u00e1n Hermann Staudinger muestra c\u00f3mo las peque\u00f1as mol\u00e9culas forman cadenas de pol\u00edmeros, estructura fundamental del pl\u00e1stico, y sugiere c\u00f3mo <a title=\"Click to Continue > by Savings Addon&#8221; href=&#8221;http:\/\/www.explora.cl\/index.php?option=com_content&amp;view=article&amp;id=600%3Alinea-de-tiempo-de-la-fisica-moderna-&amp;Itemid=1090#&#8221; target=&#8221;_blank&#8221;>hacer<img decoding=\"async\" src=\"https:\/\/ci4.googleusercontent.com\/proxy\/fdDifr8ftEgvXndZ0r7ZbejIv3bH9PEMAzDuVktprso-jQe6NoLUa4a6NTcALrzaNr2_xf8DLp8cqHxlE6dGm82RFn3jDHZwUMRk-jBYh0T9=s0-d-e1-ft#http:\/\/cdncache-a.akamaihd.net\/items\/it\/img\/arrow-10x10.png\" alt=\"\" \/><\/a> pol\u00edmeros. En la Compa\u00f1\u00eda E. I. du Pont de Nemours, el qu\u00edmico norteamericano Wallace Hume Carohers desarrolla el nylon y la goma sint\u00e9tica.<\/p>\n<p><strong>1932<\/strong><\/p>\n<p style=\"text-align: justify;\"><img decoding=\"async\" title=\"Como-se-descubrio-el-electron-1.jpg\" src=\"https:\/\/ci4.googleusercontent.com\/proxy\/6cxNLnmDqksmM51L7P3SaIqWV_vfFDwOFdmeySWHK0vuvJQcAzLfXVznyJMUVZnDkMcWKDuYeIJEKLnmJG3mIgbPMum0-k21wviDdnCeyywm6spphDncbEbPp5FlHx47fpYDvgqCjUMtSOp-8n3eTR5udx5fnM3dq-6-zDjYhNFy-XZLrPZxo6-uHjA=s0-d-e1-ft#http:\/\/www.ojocientifico.com\/sites\/www.ojocientifico.com\/files\/imagecache\/completa\/Como-se-descubrio-el-electron-1.jpg\" alt=\"Como-se-descubrio-el-electron-1.jpg\" \/><\/p>\n<p style=\"text-align: justify;\">Se descubre el <a href=\"#\" onclick=\"referencia('neutron',event); return false;\">neutr\u00f3n<\/a>. El f\u00edsico brit\u00e1nico James Chadwick bombardea berilio con n\u00facleos de helio y encuentra el <a href=\"#\" onclick=\"referencia('neutron',event); return false;\">neutr\u00f3n<\/a>, el segundo constituyente del n\u00facleo at\u00f3mico junto con el <a href=\"#\" onclick=\"referencia('proton',event); return false;\">prot\u00f3n<\/a>. <a title=\"Click to Continue > by Savings Addon&#8221; href=&#8221;http:\/\/www.explora.cl\/index.php?option=com_content&amp;view=article&amp;id=600%3Alinea-de-tiempo-de-la-fisica-moderna-&amp;Itemid=1090#&#8221; target=&#8221;_blank&#8221;>Esta<img decoding=\"async\" src=\"https:\/\/ci4.googleusercontent.com\/proxy\/fdDifr8ftEgvXndZ0r7ZbejIv3bH9PEMAzDuVktprso-jQe6NoLUa4a6NTcALrzaNr2_xf8DLp8cqHxlE6dGm82RFn3jDHZwUMRk-jBYh0T9=s0-d-e1-ft#http:\/\/cdncache-a.akamaihd.net\/items\/it\/img\/arrow-10x10.png\" alt=\"\" \/><\/a> part\u00edcula el\u00e9ctricamente neutra se <a title=\"Click to Continue > by Savings Addon&#8221; href=&#8221;http:\/\/www.explora.cl\/index.php?option=com_content&amp;view=article&amp;id=600%3Alinea-de-tiempo-de-la-fisica-moderna-&amp;Itemid=1090#&#8221; target=&#8221;_blank&#8221;>puede<img decoding=\"async\" src=\"https:\/\/ci4.googleusercontent.com\/proxy\/fdDifr8ftEgvXndZ0r7ZbejIv3bH9PEMAzDuVktprso-jQe6NoLUa4a6NTcALrzaNr2_xf8DLp8cqHxlE6dGm82RFn3jDHZwUMRk-jBYh0T9=s0-d-e1-ft#http:\/\/cdncache-a.akamaihd.net\/items\/it\/img\/arrow-10x10.png\" alt=\"\" \/><\/a> usar para bombardear y probar el n\u00facleo.<\/p>\n<p><strong>1932<\/strong><\/p>\n<div style=\"text-align: justify;\">\n<div><a href=\"http:\/\/commons.wikimedia.org\/wiki\/File:PET-image.jpg\" target=\"_blank\"><img decoding=\"async\" loading=\"lazy\" src=\"https:\/\/ci6.googleusercontent.com\/proxy\/TSu3OpQY7TuCi8M76W63uVrt6C3wt0sPfbsItAOTpAtWtFs4Fj-xqekRRTH-dFUwwrdoKmCNMhh1Vbnj0Osg9rMJCiDGxSb-ll6PDg36_bCSLdQjKZ9QUvTN6w3f-rvU8dzF1utRibDjb3Nr3ZyeAw=s0-d-e1-ft#http:\/\/upload.wikimedia.org\/wikipedia\/commons\/thumb\/c\/c6\/PET-image.jpg\/220px-PET-image.jpg\" alt=\"\" width=\"220\" height=\"249\" \/><\/a><\/div>\n<div>\n<div>Imagen capturada en una PET cerebral t\u00edpica.<\/div>\n<\/div>\n<\/div>\n<p style=\"text-align: justify;\">Los positrones, la part\u00edcula contrapuesta al <a href=\"#\" onclick=\"referencia('electron',event); return false;\">electr\u00f3n<\/a>, es muy utilizada en medidina. La <strong>tomograf\u00eda por emisi\u00f3n de positrones<\/strong><strong><\/strong><em><\/em>, es una <a title=\"Tecnolog\u00eda sanitaria\" href=\"http:\/\/es.wikipedia.org\/wiki\/Tecnolog%C3%ADa_sanitaria\" target=\"_blank\">tecnolog\u00eda sanitaria<\/a> propia de una especialidad m\u00e9dica llamada <a title=\"Medicina nuclear\" href=\"http:\/\/es.wikipedia.org\/wiki\/Medicina_nuclear\" target=\"_blank\">medicina nuclear<\/a>.<\/p>\n<p style=\"text-align: justify;\">Se encuentra la primera antipart\u00edculaEl f\u00edsico norteamericano Carl D. Anderson examina los rastros dejados por un rayo de part\u00edculas c\u00f3smicas en una c\u00e1mara de niebla. Anderson descubri\u00f3 la huella de la trayectoria de un <a href=\"#\" onclick=\"referencia('electron',event); return false;\">electr\u00f3n<\/a> positivo, o positr\u00f3n, cuya existencia hab\u00eda predicho Paul Dirac en 1928.<\/p>\n<p style=\"text-align: justify;\"><strong>1932<\/strong><\/p>\n<p style=\"text-align: justify;\">\u00a0<img decoding=\"async\" loading=\"lazy\" id=\"irc_mi\" class=\"irc_mut\" style=\"margin-top: 0px;\" src=\"http:\/\/1.bp.blogspot.com\/-PgEE6p8HYKo\/TyyXEPFubqI\/AAAAAAAAAHk\/bF_9oP0w0nI\/s1600\/000677430.jpg\" alt=\"\" width=\"361\" height=\"393\" \/><\/p>\n<p style=\"text-align: justify;\">Se propone el mecanismo de creaci\u00f3n de <a href=\"#\" onclick=\"referencia('agujero negro',event); return false;\">agujeros negros<\/a>. Basado en la teor\u00eda de la <a href=\"#\" onclick=\"referencia('relatividad',event); return false;\">relatividad<\/a> general, el astr\u00f3nomo alem\u00e1n Karl Schwarzschild mostr\u00f3 en 1916 que un cuerpo denso <a title=\"Click to Continue > by Savings Addon&#8221; href=&#8221;http:\/\/www.explora.cl\/index.php?option=com_content&amp;view=article&amp;id=600%3Alinea-de-tiempo-de-la-fisica-moderna-&amp;Itemid=1090#&#8221; target=&#8221;_blank&#8221;>puede<img decoding=\"async\" src=\"https:\/\/ci4.googleusercontent.com\/proxy\/fdDifr8ftEgvXndZ0r7ZbejIv3bH9PEMAzDuVktprso-jQe6NoLUa4a6NTcALrzaNr2_xf8DLp8cqHxlE6dGm82RFn3jDHZwUMRk-jBYh0T9=s0-d-e1-ft#http:\/\/cdncache-a.akamaihd.net\/items\/it\/img\/arrow-10x10.png\" alt=\"\" \/><\/a> producir un efecto gravitacional tan fuerte que la luz no puede escapar: un <a href=\"#\" onclick=\"referencia('agujero negro',event); return false;\">agujero negro<\/a>. En 1932, el astrof\u00edsico indioestadounidense Subrahmanyan Chandrasekhar calcul\u00f3 que una estrella de una cierta masa colapsa bajo su propia gravedad y se convierte en una <a href=\"#\" onclick=\"referencia('enana blanca',event); return false;\">enana blanca<\/a>. Para una masa mucho mayor el colapso puede llevar a una estrella de <a href=\"#\" onclick=\"referencia('neutron',event); return false;\">neutrones<\/a> y finalmente a un <a href=\"#\" onclick=\"referencia('agujero negro',event); return false;\">agujero negro<\/a>.<\/p>\n<p><strong>1932<\/strong><\/p>\n<p style=\"text-align: justify;\"><img decoding=\"async\" loading=\"lazy\" src=\"http:\/\/www.sc.ehu.es\/sbweb\/fisica\/elecmagnet\/ciclotron\/CICLO_1.gif\" alt=\"CICLO_1.gif (3041 bytes)\" width=\"252\" height=\"325\" \/> El ciclotr\u00f3n consta de dos placas semicirculares huecas, que se montan con sus bordes diametrales adyacentes dentro de un campo magn\u00e9tico uniforme que es normal al plano de las placas y se hace el vac\u00edo. A dichas placas se le aplican oscilaciones de alta frecuencia que producen un campo el\u00e9ctrico oscilante en la regi\u00f3n diametral entre ambas. Como consecuencia, durante un semiciclo el <a id=\"_GPLITA_3\" title=\"Click to Continue > by Savings Wave&#8221; href=&#8221;http:\/\/www.sc.ehu.es\/sbweb\/fisica\/elecmagnet\/ciclotron\/ciclo.html#&#8221;>campo<img decoding=\"async\" src=\"http:\/\/savingswave-a.akamaihd.net\/items\/it\/img\/arrow-10x10.png\" alt=\"\" \/><\/a> el\u00e9ctrico acelera los iones, formados en la regi\u00f3n diametral, hacia el interior de uno de los electrodos, llamados &#8216;Ds&#8217;, donde se les obliga a recorrer una trayectoria circular mediante un campo magn\u00e9tico y finalmente, a<\/p>\n<p style=\"text-align: justify;\">Se inventa el ciclotr\u00f3n. El f\u00edsico norteamericano Ernest O. Lawrence y el estudiante M. Stanley Livingston construyen un ingenioso dispositivo para estudiar el n\u00facleo at\u00f3mico sonde\u00e1ndolos con part\u00edculas subat\u00f3micas energizadas. Su ciclotr\u00f3n acelera esas part\u00edculas haci\u00e9ndolas pasar repetidamente por un ciclo a trav\u00e9s de un campo el\u00e9ctrico y produce part\u00edculas con una energ\u00eda extremadamente alta. El dise\u00f1o inspira generaciones de aceleradores de part\u00edculas que examinan el n\u00facleo y las part\u00edculas elementales.<\/p>\n<p><strong>1933<\/strong><\/p>\n<p style=\"text-align: justify;\"><img decoding=\"async\" loading=\"lazy\" class=\"irc_mut\" style=\"margin-top: 65px;\" src=\"http:\/\/t3.gstatic.com\/images?q=tbn:ANd9GcQgvcrzZEZdoSp5He34R4bCBqLOqyr0SDQR7ZtVS-sbFHbA2OwW\" alt=\"\" width=\"600\" height=\"425\" \/><\/p>\n<p style=\"text-align: justify;\">Se presenta el problema de la <a href=\"#\" onclick=\"referencia('materia oscura',event); return false;\">materia oscura<\/a>. Fritz Zwicky, un astr\u00f3nomo suizo en California, examina la rotaci\u00f3n de las galaxias, concluye que ellas deben contener m\u00e1s masa de la que podemos ver y llama a este inexplicable material \u201c<a href=\"#\" onclick=\"referencia('materia oscura',event); return false;\">materia oscura<\/a>\u201d. En 1934 se producen is\u00f3topos radioactivos artificiales, Ir\u00e8ne Joliot-Curie (hija de Pierre y Marie Curie) y su marido, Fr\u00e9d\u00e9ric Joliot-Curie, bombardean aluminio con n\u00facleos de helio para producir un is\u00f3topo radioactivo artificial: f\u00f3sforo-30. Los is\u00f3topos radioactivos son prontamente utilizados en ex\u00e1menes biol\u00f3gicos como la toma de yodo <a title=\"Click to Continue > by Savings Addon&#8221; href=&#8221;http:\/\/www.explora.cl\/index.php?option=com_content&amp;view=article&amp;id=600%3Alinea-de-tiempo-de-la-fisica-moderna-&amp;Itemid=1090#&#8221; target=&#8221;_blank&#8221;>desde<img decoding=\"async\" src=\"https:\/\/ci4.googleusercontent.com\/proxy\/fdDifr8ftEgvXndZ0r7ZbejIv3bH9PEMAzDuVktprso-jQe6NoLUa4a6NTcALrzaNr2_xf8DLp8cqHxlE6dGm82RFn3jDHZwUMRk-jBYh0T9=s0-d-e1-ft#http:\/\/cdncache-a.akamaihd.net\/items\/it\/img\/arrow-10x10.png\" alt=\"\" \/><\/a> la gl\u00e1ndula tiroides.<br \/>\n<strong><\/strong><\/p>\n<p><strong>1935-1938<\/strong><\/p>\n<p style=\"text-align: justify;\"><img decoding=\"async\" loading=\"lazy\" class=\"aligncenter\" src=\"http:\/\/cdn.dipity.com\/uploads\/events\/36070aa5789b7ed722327b4cfe099b2f_1M.png\" alt=\"\" width=\"390\" height=\"306\" \/><\/p>\n<p style=\"text-align: justify;\">Se inventa la fotocopiadora. El inventor norteamericano Chester Carlson inventa un m\u00e9todo para copiar basado en el hecho de que el selenio se vuelve un buen conductor el\u00e9ctrico cuando se ilumina. La primera fotocopiadora comercial, Xerox modelo A, se operaba manualmente y usaba un papel especial. La primera fotocopiadora autom\u00e1tica se produjo bajo el <a title=\"Click to Continue > by Savings Addon&#8221; href=&#8221;http:\/\/www.explora.cl\/index.php?option=com_content&amp;view=article&amp;id=600%3Alinea-de-tiempo-de-la-fisica-moderna-&amp;Itemid=1090#&#8221; target=&#8221;_blank&#8221;>nombre<img decoding=\"async\" src=\"https:\/\/ci4.googleusercontent.com\/proxy\/fdDifr8ftEgvXndZ0r7ZbejIv3bH9PEMAzDuVktprso-jQe6NoLUa4a6NTcALrzaNr2_xf8DLp8cqHxlE6dGm82RFn3jDHZwUMRk-jBYh0T9=s0-d-e1-ft#http:\/\/cdncache-a.akamaihd.net\/items\/it\/img\/arrow-10x10.png\" alt=\"\" \/><\/a> Xerox en 1959.<\/p>\n<p><strong>1936<\/strong><\/p>\n<p style=\"text-align: justify;\"><img decoding=\"async\" loading=\"lazy\" class=\"aligncenter\" src=\"http:\/\/vintagecassettes.com\/_history\/Magnetophone_K1.jpg\" alt=\"\" width=\"309\" height=\"225\" \/><\/p>\n<p style=\"text-align: justify;\">El sonido se graba en una cinta magn\u00e9tica. El dispositivo llamado \u201cmagnet\u00f3fono\u201d usa cinta magn\u00e9tica \u2015primero fabricado de polvo magn\u00e9tico aplicado a una tira de papel\u2015 para grabar un concierto dirigido por Sir Thomas Beecham.<\/p>\n<p><strong>1937<\/strong><\/p>\n<p style=\"text-align: justify;\"><img decoding=\"async\" loading=\"lazy\" src=\"http:\/\/centros5.pntic.mec.es\/ies.victoria.kent\/Rincon-C\/practica2\/pr-78\/la_chambre_html_m59649e01.png\" alt=\"\" name=\"gr\u00e1ficos1\" width=\"376\" height=\"273\" align=\"LEFT\" border=\"0\" \/><\/p>\n<p style=\"text-align: justify;\">Se encuentra un \u201c<a href=\"#\" onclick=\"referencia('electron',event); return false;\">electr\u00f3n<\/a> pesado: \u201d<a title=\"Click to Continue > by Savings Addon&#8221; href=&#8221;http:\/\/www.explora.cl\/index.php?option=com_content&amp;view=article&amp;id=600%3Alinea-de-tiempo-de-la-fisica-moderna-&amp;Itemid=1090#&#8221; target=&#8221;_blank&#8221;>Entre<img decoding=\"async\" src=\"https:\/\/ci4.googleusercontent.com\/proxy\/fdDifr8ftEgvXndZ0r7ZbejIv3bH9PEMAzDuVktprso-jQe6NoLUa4a6NTcALrzaNr2_xf8DLp8cqHxlE6dGm82RFn3jDHZwUMRk-jBYh0T9=s0-d-e1-ft#http:\/\/cdncache-a.akamaihd.net\/items\/it\/img\/arrow-10x10.png\" alt=\"\" \/><\/a> los rayos c\u00f3smicos examinados en una c\u00e1mara de niebla, el f\u00edsico norteamericano Carl D. Anderson y Seth Neddermeyer encuentran el <a href=\"#\" onclick=\"referencia('muon',event); return false;\">mu\u00f3n<\/a>, una part\u00edcula elemental 200 veces m\u00e1s masiva que un <a href=\"#\" onclick=\"referencia('electron',event); return false;\">electr\u00f3n<\/a>.<\/p>\n<p>&nbsp;<\/p>\n<p style=\"text-align: justify;\"><strong>1937<\/strong><\/p>\n<p style=\"text-align: justify;\"><img decoding=\"async\" loading=\"lazy\" id=\"irc_mi\" class=\"irc_mut\" style=\"margin-top: 77px;\" src=\"http:\/\/www.saberia.com\/wp-content\/uploads\/2013\/03\/radar.jpg\" alt=\"\" width=\"240\" height=\"240\" \/><\/p>\n<p style=\"text-align: justify;\">Se inventa el radar y se pone en operaciones. Robert Watson-Watt y otros ingenieros brit\u00e1nicos desarrollan el radar (acr\u00f3nimo de \u201cRadio Detection and Ranging\u201d [detecci\u00f3n y medici\u00f3n de distancias mediante ondas radioel\u00e9ctricas]), un m\u00e9todo para detectar objetos distantes ilumin\u00e1ndolos con ondas de radio y midiendo la se\u00f1al reflectante; su primera aplicaci\u00f3n fue en la defensa a\u00e9rea.<\/p>\n<p>&nbsp;<\/p>\n<p style=\"text-align: justify;\"><strong>1938<\/strong><\/p>\n<p style=\"text-align: justify;\"><img decoding=\"async\" loading=\"lazy\" id=\"irc_mi\" class=\"irc_mut\" style=\"margin-top: 0px;\" src=\"http:\/\/www.scienceinschool.org\/repository\/images\/issue4fusion2_large.jpg\" alt=\"\" width=\"322\" height=\"393\" \/><\/p>\n<p style=\"text-align: justify;\">Se descubre el mecanismo de producci\u00f3n de energ\u00eda de las estrellas. La f\u00edsica cl\u00e1sica no <a title=\"Click to Continue > by Savings Addon&#8221; href=&#8221;http:\/\/www.explora.cl\/index.php?option=com_content&amp;view=article&amp;id=600%3Alinea-de-tiempo-de-la-fisica-moderna-&amp;Itemid=1090#&#8221; target=&#8221;_blank&#8221;>puede<img decoding=\"async\" src=\"https:\/\/ci4.googleusercontent.com\/proxy\/fdDifr8ftEgvXndZ0r7ZbejIv3bH9PEMAzDuVktprso-jQe6NoLUa4a6NTcALrzaNr2_xf8DLp8cqHxlE6dGm82RFn3jDHZwUMRk-jBYh0T9=s0-d-e1-ft#http:\/\/cdncache-a.akamaihd.net\/items\/it\/img\/arrow-10x10.png\" alt=\"\" \/><\/a> cuantificar la enorme energ\u00eda que genera una estrella de tama\u00f1o promedio como nuestro sol. El f\u00edsico alem\u00e1n-estadounidense Hans Bethe explica este fen\u00f3meno en t\u00e9rminos de la teor\u00eda de las reacciones nucleares. Bethe calcul\u00f3 que la alta temperatura dentro de las estrellas causa que los n\u00facleos de hidr\u00f3geno se fusionen, constituyan helio y liberen una gran energ\u00eda por billones de a\u00f1os.<\/p>\n<p><strong>1938<\/strong><\/p>\n<p style=\"text-align: justify;\"><img decoding=\"async\" loading=\"lazy\" id=\"irc_mi\" class=\"irc_mut\" style=\"margin-top: 9px;\" src=\"http:\/\/2.bp.blogspot.com\/-5gNpuL_ojxE\/UhJbMPvIgoI\/AAAAAAAACfI\/gFMgz0hxemU\/s1600\/superfluidos.jpg\" alt=\"\" width=\"500\" height=\"375\" \/><\/p>\n<p style=\"text-align: justify;\">Se encuentra un <a title=\"Click to Continue > by Savings Addon&#8221; href=&#8221;http:\/\/www.explora.cl\/index.php?option=com_content&amp;view=article&amp;id=600%3Alinea-de-tiempo-de-la-fisica-moderna-&amp;Itemid=1090#&#8221; target=&#8221;_blank&#8221;>nuevo<img decoding=\"async\" src=\"https:\/\/ci4.googleusercontent.com\/proxy\/fdDifr8ftEgvXndZ0r7ZbejIv3bH9PEMAzDuVktprso-jQe6NoLUa4a6NTcALrzaNr2_xf8DLp8cqHxlE6dGm82RFn3jDHZwUMRk-jBYh0T9=s0-d-e1-ft#http:\/\/cdncache-a.akamaihd.net\/items\/it\/img\/arrow-10x10.png\" alt=\"\" \/><\/a> <a title=\"Click to Continue > by Savings Addon&#8221; href=&#8221;http:\/\/www.explora.cl\/index.php?option=com_content&amp;view=article&amp;id=600%3Alinea-de-tiempo-de-la-fisica-moderna-&amp;Itemid=1090#&#8221; target=&#8221;_blank&#8221;>tipo<img decoding=\"async\" src=\"https:\/\/ci4.googleusercontent.com\/proxy\/fdDifr8ftEgvXndZ0r7ZbejIv3bH9PEMAzDuVktprso-jQe6NoLUa4a6NTcALrzaNr2_xf8DLp8cqHxlE6dGm82RFn3jDHZwUMRk-jBYh0T9=s0-d-e1-ft#http:\/\/cdncache-a.akamaihd.net\/items\/it\/img\/arrow-10x10.png\" alt=\"\" \/><\/a> de comportamiento de fluidos. Trabajando a temperaturas cercanas al cero absoluto, el f\u00edsico sovi\u00e9tico Pyotr Kapitsa encuentra que el helio l\u00edquido tiene propiedades de superfluido; fluye casi sin ninguna fricci\u00f3n interna, exhibiendo comportamientos bizarros como una tendencia a escalar espont\u00e1neamente fuera de su envase.<\/p>\n<p><strong>1938-1939<\/strong><\/p>\n<p style=\"text-align: justify;\"><img decoding=\"async\" loading=\"lazy\" id=\"irc_mi\" class=\"irc_mut\" style=\"margin-top: 121px;\" src=\"http:\/\/energianuclear.webcindario.com\/images\/reaccionCadena.jpg\" alt=\"\" width=\"433\" height=\"313\" \/><\/p>\n<p style=\"text-align: justify;\">Se observa la fisi\u00f3n nuclear en el uranio. Los qu\u00edmicos alemanes Otto Hahn y Fritz Strassmann detectaron &#8220;elementos livianos&#8221; en el uranio irradiado con <a href=\"#\" onclick=\"referencia('neutron',event); return false;\">neutrones<\/a>; la f\u00edsica austriaca Lise Meitner (fugada de los nazis) y su sobrino Otto Frish explican este resultado como una fisi\u00f3n nuclear.<\/p>\n<p><strong>1939<\/strong><\/p>\n<p style=\"text-align: justify;\"><img decoding=\"async\" loading=\"lazy\" id=\"irc_mi\" class=\"irc_mut\" style=\"margin-top: 40px;\" src=\"http:\/\/ingaeronautica.files.wordpress.com\/2010\/11\/primer-helicoptero.jpg\" alt=\"\" width=\"401\" height=\"314\" \/><img decoding=\"async\" loading=\"lazy\" id=\"irc_mi\" class=\"irc_mut\" style=\"margin-top: 54px;\" src=\"http:\/\/html.rincondelvago.com\/000203052.png\" alt=\"\" width=\"471\" height=\"286\" \/><\/p>\n<p style=\"text-align: justify;\">Vuela el primer helic\u00f3ptero dise\u00f1ado para la producci\u00f3n en masa. Despu\u00e9s de su fracaso al construir un helic\u00f3ptero viable en 1909-1910, el ingeniero aeron\u00e1utico ruso Igor Sikorsky usa los nuevos conocimientos en aerodin\u00e1mica para construir y volar exitosamente su helic\u00f3ptero VVS-300.<\/p>\n<p><strong>1942<\/strong><\/p>\n<p style=\"text-align: justify;\"><img decoding=\"async\" loading=\"lazy\" id=\"irc_mi\" class=\"irc_mut\" style=\"margin-top: 0px;\" src=\"http:\/\/upload.wikimedia.org\/wikipedia\/commons\/e\/ee\/Reconstructed_Spanish_Flu_Virus.jpg\" alt=\"\" width=\"638\" height=\"393\" \/><\/p>\n<p style=\"text-align: justify;\">Se usa el microscopio de <a href=\"#\" onclick=\"referencia('electron',event); return false;\">electrones<\/a> para examinar un virus. Los <a href=\"#\" onclick=\"referencia('electron',event); return false;\">electrones<\/a>, debido a su comportamiento ondulatorio, tienen asociada una longitud de onda. En el microscopio electr\u00f3nico, inventado por el ingeniero alem\u00e1n Ernst Ruska, un haz de <a href=\"#\" onclick=\"referencia('electron',event); return false;\">electrones<\/a> de onda corta examina una muestra con m\u00e1s alta resoluci\u00f3n que la que <a title=\"Click to Continue > by Savings Addon&#8221; href=&#8221;http:\/\/www.explora.cl\/index.php?option=com_content&amp;view=article&amp;id=600%3Alinea-de-tiempo-de-la-fisica-moderna-&amp;Itemid=1090#&#8221; target=&#8221;_blank&#8221;>puede<img decoding=\"async\" src=\"https:\/\/ci4.googleusercontent.com\/proxy\/fdDifr8ftEgvXndZ0r7ZbejIv3bH9PEMAzDuVktprso-jQe6NoLUa4a6NTcALrzaNr2_xf8DLp8cqHxlE6dGm82RFn3jDHZwUMRk-jBYh0T9=s0-d-e1-ft#http:\/\/cdncache-a.akamaihd.net\/items\/it\/img\/arrow-10x10.png\" alt=\"\" \/><\/a> ser obtenida con un microscopio \u00f3ptico. En 1942, Salvador Edward Luria, un bi\u00f3logo italoestadounidense, usa el dispositivo para tomar im\u00e1genes de un virus de tama\u00f1o 10-7 metros.<\/p>\n<p><strong>1942<\/strong><\/p>\n<p style=\"text-align: justify;\"><img decoding=\"async\" loading=\"lazy\" id=\"irc_mi\" class=\"irc_mut\" style=\"margin-top: 67px;\" src=\"http:\/\/actualidad.orange.es\/UpImages\/2186\/estados_unidos_aprueba_el_diseno_del_primer_reactor_nuclear_en_treinta_anos_9b02abb7151ebe9fb5da88739_s.jpg\" alt=\"\" width=\"470\" height=\"259\" \/><\/p>\n<p style=\"text-align: justify;\">Comienza a operar el primer reactor nuclear. Debajo de las galer\u00edas del estadio de f\u00fatbol de la Universidad de Chicago, un equipo encabezado por el f\u00edsico italoestadounidense Enrico <a href=\"#\" onclick=\"referencia('fermi',event); return false;\">Fermi<\/a> inici\u00f3 la primera reacci\u00f3n en cadena de fisi\u00f3n nuclear controlada, en una \u201cpila at\u00f3mica\u201d que conten\u00eda uranio y grafito.<\/p>\n<p><strong>1942<\/strong><\/p>\n<div class=\"thumb tleft\">\n<div class=\"thumbinner\" style=\"width: 222px;\"><a class=\"image\" href=\"http:\/\/commons.wikimedia.org\/wiki\/File:Hanford_B_Reactor.jpg\"><img decoding=\"async\" loading=\"lazy\" class=\"thumbimage\" src=\"http:\/\/upload.wikimedia.org\/wikipedia\/commons\/thumb\/e\/e5\/Hanford_B_Reactor.jpg\/220px-Hanford_B_Reactor.jpg\" alt=\"\" width=\"220\" height=\"172\" \/><\/a><\/div>\n<\/div>\n<div class=\"thumbcaption\">El <a title=\"Reactor B\" href=\"http:\/\/es.wikipedia.org\/wiki\/Reactor_B\">Reactor B<\/a> de Hanford en construcci\u00f3n. El primer reactor productor de plutonio.<\/div>\n<\/div>\n<\/div>\n<p style=\"text-align: justify;\">Se produce el elemento plutonio y se a\u00edsla el uranio\u2013235. Se realizan dos descubrimientos fundamentales en Estados Unidos, basados en tecnolog\u00eda militar. Glenn Seaborg y sus colegas bombardearon uranio en un ciclotr\u00f3n y produjeron el elemento plutonio fisionable, uno de los nueve elementos nuevos m\u00e1s pesados que el uranio que Seaborg ayudar\u00eda a <a title=\"Click to Continue > by Savings Addon&#8221; href=&#8221;http:\/\/www.explora.cl\/index.php?option=com_content&amp;view=article&amp;id=600%3Alinea-de-tiempo-de-la-fisica-moderna-&amp;Itemid=1090#&#8221; target=&#8221;_blank&#8221;>descubrir<img decoding=\"async\" src=\"https:\/\/ci4.googleusercontent.com\/proxy\/fdDifr8ftEgvXndZ0r7ZbejIv3bH9PEMAzDuVktprso-jQe6NoLUa4a6NTcALrzaNr2_xf8DLp8cqHxlE6dGm82RFn3jDHZwUMRk-jBYh0T9=s0-d-e1-ft#http:\/\/cdncache-a.akamaihd.net\/items\/it\/img\/arrow-10x10.png\" alt=\"\" \/><\/a>. John Dunning y sus colaboradores mostraron que el uranio-235 es una forma fisionable del uranio y desarrollaron un m\u00e9todo para aislar este is\u00f3topo. El plutonio-239 y el uranio-235 llegaron a ser esenciales para la producci\u00f3n de la bomba at\u00f3mica.<\/p>\n<p><strong>1944<\/strong><\/p>\n<p style=\"text-align: justify;\"><img decoding=\"async\" loading=\"lazy\" id=\"irc_mi\" class=\"irc_mut\" style=\"margin-top: 0px;\" src=\"http:\/\/upload.wikimedia.org\/wikipedia\/commons\/a\/a7\/Onsager_1968.jpg\" alt=\"\" width=\"278\" height=\"393\" \/><\/p>\n<p style=\"text-align: justify;\">Se resuelve un problema b\u00e1sico de magnetismo. El qu\u00edmico noruego-estadounidense Lars Onsager desarrolla una ingeniosa descripci\u00f3n matem\u00e1tica del modelo Ising, una simulaci\u00f3n en dos dimensiones de un magneto compuesto por muchos peque\u00f1os magnetos at\u00f3micos. M\u00e1s tarde, este <a title=\"Click to Continue > by Savings Addon&#8221; href=&#8221;http:\/\/www.explora.cl\/index.php?option=com_content&amp;view=article&amp;id=600%3Alinea-de-tiempo-de-la-fisica-moderna-&amp;Itemid=1090#&#8221; target=&#8221;_blank&#8221;>trabajo<img decoding=\"async\" src=\"https:\/\/ci4.googleusercontent.com\/proxy\/fdDifr8ftEgvXndZ0r7ZbejIv3bH9PEMAzDuVktprso-jQe6NoLUa4a6NTcALrzaNr2_xf8DLp8cqHxlE6dGm82RFn3jDHZwUMRk-jBYh0T9=s0-d-e1-ft#http:\/\/cdncache-a.akamaihd.net\/items\/it\/img\/arrow-10x10.png\" alt=\"\" \/><\/a> prob\u00f3 ser \u00fatil en el an\u00e1lisis de otros sistemas complejos, como los gases adheridos a superficies s\u00f3lidas y las mol\u00e9culas de hemoglobina que transportan ox\u00edgeno.<\/p>\n<p>&nbsp;<\/p>\n<p><strong>1946<\/strong><\/p>\n<p style=\"text-align: justify;\"><img decoding=\"async\" loading=\"lazy\" id=\"irc_mi\" class=\"irc_mut\" style=\"margin-top: 0px;\" src=\"http:\/\/www.ehu.es\/biomoleculas\/isotopos\/jpg\/c14_cycle.gif\" alt=\"\" width=\"251\" height=\"393\" \/><\/p>\n<p style=\"text-align: justify;\">Se inventa la dataci\u00f3n con carbono (carbono 14). El qu\u00edmico norteamericano Willard Frank Libby muestra c\u00f3mo encontrar la data de muerte de organismos vivos midiendo el decaimiento del carbono 14 radiactivo. La dataci\u00f3n por radiocarbono es certera para eventos de m\u00e1s de 50 000 mil a\u00f1os, y es ampliamente usada por arque\u00f3logos, antrop\u00f3logos e investigadores de la Tierra.<\/p>\n<p style=\"text-align: justify;\"><strong>1946<\/strong><\/p>\n<p style=\"text-align: justify;\"><img decoding=\"async\" loading=\"lazy\" src=\"http:\/\/upload.wikimedia.org\/wikipedia\/commons\/thumb\/4\/4e\/Eniac.jpg\/270px-Eniac.jpg\" alt=\"Eniac.jpg\" width=\"270\" height=\"206\" \/><\/p>\n<p style=\"text-align: justify;\">Se completa el primer computador electr\u00f3nico digital programable. El computador ENIAC (iniciales en ingl\u00e9s de Integrador y Comparador Num\u00e9rico Electr\u00f3nico), basado en tubos al vac\u00edo, entra al servicio de la Universidad de Pensylvania. Sus caracter\u00edsticas b\u00e1sicas son: una m\u00e1quina electr\u00f3nica, digital y programable, caracter\u00edsticas que aun son esenciales en los modernos computadores.<\/p>\n<p><strong>1947<\/strong><\/p>\n<p style=\"text-align: justify;\"><img decoding=\"async\" loading=\"lazy\" src=\"http:\/\/upload.wikimedia.org\/wikipedia\/commons\/4\/4b\/Parkes.arp.750pix.jpg\" alt=\"File:Parkes.arp.750pix.jpg\" width=\"750\" height=\"520\" \/><\/p>\n<p style=\"text-align: justify;\">Se termina el primer gran radiotelescopio. Delineando sobre el <a title=\"Click to Continue > by Savings Addon&#8221; href=&#8221;http:\/\/www.explora.cl\/index.php?option=com_content&amp;view=article&amp;id=600%3Alinea-de-tiempo-de-la-fisica-moderna-&amp;Itemid=1090#&#8221; target=&#8221;_blank&#8221;>trabajo<img decoding=\"async\" src=\"https:\/\/ci4.googleusercontent.com\/proxy\/fdDifr8ftEgvXndZ0r7ZbejIv3bH9PEMAzDuVktprso-jQe6NoLUa4a6NTcALrzaNr2_xf8DLp8cqHxlE6dGm82RFn3jDHZwUMRk-jBYh0T9=s0-d-e1-ft#http:\/\/cdncache-a.akamaihd.net\/items\/it\/img\/arrow-10x10.png\" alt=\"\" \/><\/a> pionero del ingeniero norteamericano Karl Jansky, y gracias a la tecnolog\u00eda radial desarrollada durante la Segunda Guerra Mundial, Bernard Lowell y sus colegas construyen un radiotelescopio de 218 pies de di\u00e1metro, en Jodrell Bank (Inglaterra).<\/p>\n<p><strong>1947<\/strong><\/p>\n<p style=\"text-align: justify;\"><img decoding=\"async\" loading=\"lazy\" id=\"irc_mi\" class=\"irc_mut\" style=\"margin-top: 0px;\" src=\"http:\/\/weblogs.clarin.com\/revistaenie-nerdsallstar\/files\/2011\/01\/0482johnbardeen.jpg\" alt=\"\" width=\"279\" height=\"393\" \/><\/p>\n<p style=\"text-align: justify;\">Se inventa el transistor. Los f\u00edsicos estadounidenses John Bardeen, William Shockley y Walter Brattain inventan el transistor, un amplificador electr\u00f3nico compuesto por peque\u00f1as piezas de material semiconductor. Este es el precursor del circuito integrado y de los chips de memoria.<\/p>\n<p><strong>1947<\/strong><\/p>\n<p style=\"text-align: justify;\"><img decoding=\"async\" loading=\"lazy\" src=\"http:\/\/upload.wikimedia.org\/wikipedia\/commons\/thumb\/6\/62\/Quark_structure_pion.svg\/220px-Quark_structure_pion.svg.png\" alt=\"Quark structure pion.svg\" width=\"220\" height=\"220\" \/><\/p>\n<p style=\"text-align: justify;\">Se descubre el <a href=\"#\" onclick=\"referencia('pion',event); return false;\">pi\u00f3n<\/a>. Con m\u00e9todos fotogr\u00e1ficos, el f\u00edsico brit\u00e1nico Cecil Frank Powell encuentra evidencia en los rayos c\u00f3smicos estudiados del <a href=\"#\" onclick=\"referencia('mesones',event); return false;\">mes\u00f3n<\/a> pi o <a href=\"#\" onclick=\"referencia('pion',event); return false;\">pi\u00f3n<\/a>, una part\u00edcula predicha por Yukawa en 1935.<\/p>\n<p><strong>1948<\/strong><\/p>\n<p style=\"text-align: justify;\"><img decoding=\"async\" loading=\"lazy\" id=\"irc_mi\" class=\"irc_mut\" style=\"margin-top: 44px;\" src=\"http:\/\/jewishcurrents.org\/wp-content\/uploads\/2012\/02\/Richard-Feynman-10133330.jpg\" alt=\"\" width=\"483\" height=\"305\" \/><\/p>\n<p style=\"text-align: justify;\">Se formula la teor\u00eda moderna de luz y <a href=\"#\" onclick=\"referencia('electron',event); return false;\">electrones<\/a>, electrodin\u00e1mica cu\u00e1ntica. Los f\u00edsicos estadounidenses Richard Feynman y Julian Schwinger y el f\u00edsico japon\u00e9s Sin-Itiro Tomonaga, desarrollan la electrodin\u00e1mica cu\u00e1ntica (QED), la primera teor\u00eda completa de la interacci\u00f3n de <a href=\"#\" onclick=\"referencia('foton',event); return false;\">fotones<\/a> y <a href=\"#\" onclick=\"referencia('electron',event); return false;\">electrones<\/a>.<\/p>\n<p><strong>1949<\/strong><\/p>\n<p style=\"text-align: justify;\"><img decoding=\"async\" loading=\"lazy\" id=\"irc_mi\" class=\"irc_mut\" style=\"margin-top: 0px;\" src=\"http:\/\/www.lnf.infn.it\/theory\/pancheri\/nucleo_atomo.jpg\" alt=\"\" width=\"491\" height=\"393\" \/><\/p>\n<p style=\"text-align: justify;\">Se modela el n\u00facleo at\u00f3mico. La f\u00edsica alemana-estadounidense Mar\u00eda Goeppert Mayer y Hans Jensen, en Alemania, describen que el n\u00facleo at\u00f3mico est\u00e1 constituido por capas esf\u00e9ricas de <a href=\"#\" onclick=\"referencia('neutron',event); return false;\">neutrones<\/a> y <a href=\"#\" onclick=\"referencia('proton',event); return false;\">protones<\/a>. Esto explica la especial estabilidad del n\u00facleo. Aunque en realidad, la estabilidad del n\u00facleo biene dada por los <a href=\"#\" onclick=\"referencia('bosones',event); return false;\">bosones<\/a> intermediarios de la fuerza nuclear fuewrte que los constituyen. Sin olvidar que, el n\u00facleo tiene carga positiva y se estabiliza cuando es rodeado por el mismo n\u00famero de <a href=\"#\" onclick=\"referencia('electron',event); return false;\">electrones<\/a> que <a href=\"#\" onclick=\"referencia('proton',event); return false;\">protones<\/a> tiene, y, al ser los <a href=\"#\" onclick=\"referencia('electron',event); return false;\">electrones<\/a> part\u00edculas de carga negativa, equilibra el \u00e1tomo en general.<\/p>\n<p style=\"text-align: justify;\"><strong>1949<\/strong><br \/>\nSe inventa la memoria de n\u00facleo magn\u00e9tico para computadorEl ingeniero estadounidense Jay Forrester, quien trabajaba para la Armada de Estados Unidos, concibe el uso de peque\u00f1os anillos que se pueden magnetizar en el norte o sur para representar los n\u00fameros binarios 1 \u00f3 0. Su memoria de centro de ferrito, tridimensional y de alta velocidad, llega a ser un hito en el dise\u00f1o de computadores.<\/p>\n<p><strong>1950<\/strong><br \/>\nSe publica investigaci\u00f3n pionera en f\u00edsica de <a href=\"#\" onclick=\"referencia('plasma',event); return false;\">plasma<\/a>En electrodin\u00e1mica c\u00f3smica, el astrof\u00edsico sueco Hannes Alfv\u00e9n resume su <a title=\"Click to Continue > by Savings Addon&#8221; href=&#8221;http:\/\/www.explora.cl\/index.php?option=com_content&amp;view=article&amp;id=600%3Alinea-de-tiempo-de-la-fisica-moderna-&amp;Itemid=1090#&#8221; target=&#8221;_blank&#8221;>trabajo<img decoding=\"async\" src=\"https:\/\/ci4.googleusercontent.com\/proxy\/fdDifr8ftEgvXndZ0r7ZbejIv3bH9PEMAzDuVktprso-jQe6NoLUa4a6NTcALrzaNr2_xf8DLp8cqHxlE6dGm82RFn3jDHZwUMRk-jBYh0T9=s0-d-e1-ft#http:\/\/cdncache-a.akamaihd.net\/items\/it\/img\/arrow-10x10.png\" alt=\"\" \/><\/a> temprano en f\u00edsica del <a href=\"#\" onclick=\"referencia('plasma',event); return false;\">plasma<\/a>, el estudio de los gases ionizados, que se relaciona con fen\u00f3menos del campo magn\u00e9tico de la Tierra como la aurora boreal, la ciencia del espacio, y con investigaciones posteriores en fusi\u00f3n nuclear.<\/p>\n<p><strong>1951<\/strong><br \/>\nSe construye el primer computador electr\u00f3nico comercialLos ingenieros estadounidenses John Mauchly y John Eckert construyeron el Univac I (Universal Automatic Computer I) con 5 mil tubos al vac\u00edo y almacenamiento de <a title=\"Click to Continue > by Savings Addon&#8221; href=&#8221;http:\/\/www.explora.cl\/index.php?option=com_content&amp;view=article&amp;id=600%3Alinea-de-tiempo-de-la-fisica-moderna-&amp;Itemid=1090#&#8221; target=&#8221;_blank&#8221;>datos<img decoding=\"async\" src=\"https:\/\/ci4.googleusercontent.com\/proxy\/fdDifr8ftEgvXndZ0r7ZbejIv3bH9PEMAzDuVktprso-jQe6NoLUa4a6NTcALrzaNr2_xf8DLp8cqHxlE6dGm82RFn3jDHZwUMRk-jBYh0T9=s0-d-e1-ft#http:\/\/cdncache-a.akamaihd.net\/items\/it\/img\/arrow-10x10.png\" alt=\"\" \/><\/a> en cinta magn\u00e9tica. En 1952, un computador Univac recopil\u00f3 la votaci\u00f3n presidencial de Estados Unidos, anticipando el triunfo de Dwight Eisenhower.<\/p>\n<p><strong>1952<\/strong><br \/>\nSe analiza el ADN usando <a href=\"#\" onclick=\"referencia('rayos x',event); return false;\">rayos X<\/a>La f\u00edsico-qu\u00edmica brit\u00e1nica Rosalind Franklin realiza estudios del ADN utilizando <a href=\"#\" onclick=\"referencia('rayos x',event); return false;\">rayos X<\/a>. Estos estudios se usan luego para establecer la estructura del ADN.<\/p>\n<p><strong>1952-1953<\/strong><br \/>\nSe concibe y construye el precursor del l\u00e1serEl f\u00edsico estadounidense Charles H. Townes y sus colegas sovi\u00e9ticos Alexander Mikhailovich Prokhorov y Nikolai Gennadiyevich Basov sugieren en <a title=\"Click to Continue > by Savings Addon&#8221; href=&#8221;http:\/\/www.explora.cl\/index.php?option=com_content&amp;view=article&amp;id=600%3Alinea-de-tiempo-de-la-fisica-moderna-&amp;Itemid=1090#&#8221; target=&#8221;_blank&#8221;>forma<img decoding=\"async\" src=\"https:\/\/ci4.googleusercontent.com\/proxy\/fdDifr8ftEgvXndZ0r7ZbejIv3bH9PEMAzDuVktprso-jQe6NoLUa4a6NTcALrzaNr2_xf8DLp8cqHxlE6dGm82RFn3jDHZwUMRk-jBYh0T9=s0-d-e1-ft#http:\/\/cdncache-a.akamaihd.net\/items\/it\/img\/arrow-10x10.png\" alt=\"\" \/><\/a> independiente una forma de inducir a las mol\u00e9culas para que emitan microondas intensas y coherentes. Townes construy\u00f3 y le dio <a title=\"Click to Continue > by Savings Addon&#8221; href=&#8221;http:\/\/www.explora.cl\/index.php?option=com_content&amp;view=article&amp;id=600%3Alinea-de-tiempo-de-la-fisica-moderna-&amp;Itemid=1090#&#8221; target=&#8221;_blank&#8221;>nombre<img decoding=\"async\" src=\"https:\/\/ci4.googleusercontent.com\/proxy\/fdDifr8ftEgvXndZ0r7ZbejIv3bH9PEMAzDuVktprso-jQe6NoLUa4a6NTcALrzaNr2_xf8DLp8cqHxlE6dGm82RFn3jDHZwUMRk-jBYh0T9=s0-d-e1-ft#http:\/\/cdncache-a.akamaihd.net\/items\/it\/img\/arrow-10x10.png\" alt=\"\" \/><\/a> al primer maser (t\u00e9rmino proveniente de las iniciales en ingl\u00e9s de Microwave Amplification by Stimulated Emission of Radiation [amplificaci\u00f3n de microondas mediante radiaci\u00f3n de emisi\u00f3n estimulada]).<\/p>\n<p><strong>1953<\/strong><br \/>\nSe propone la estructura de doble h\u00e9lice para el ADNEl bi\u00f3logo Maurice Wilkins y el biof\u00edsico Francis Crick, ambos brit\u00e1nicos, junto con el bi\u00f3logo estadounidense James Watson, descubrieron la estructura de doble h\u00e9lice de la compleja mol\u00e9cula org\u00e1nica que codifica la informaci\u00f3n gen\u00e9tica: el ADN.<\/p>\n<p><strong>1954<\/strong><br \/>\nSe inventa la celda solarCient\u00edficos de los laboratorios Bell desarrollan la celda fotovoltaica, un dispositivo de silicio que usa luz solar para generar una corriente el\u00e9ctrica.<\/p>\n<p><strong>1954-1956<\/strong><br \/>\nNace la fibra \u00f3ptica<br \/>\nEl f\u00edsico holand\u00e9s Abraham van Heel descubre que un revestimiento de pel\u00edcula mejora la transmisi\u00f3n de luz por fibras de vidrio, lo que conduce al r\u00e1pido desarrollo de <a title=\"Click to Continue > by Savings Addon&#8221; href=&#8221;http:\/\/www.explora.cl\/index.php?option=com_content&amp;view=article&amp;id=600%3Alinea-de-tiempo-de-la-fisica-moderna-&amp;Itemid=1090#&#8221; target=&#8221;_blank&#8221;>esta<img decoding=\"async\" src=\"https:\/\/ci4.googleusercontent.com\/proxy\/fdDifr8ftEgvXndZ0r7ZbejIv3bH9PEMAzDuVktprso-jQe6NoLUa4a6NTcALrzaNr2_xf8DLp8cqHxlE6dGm82RFn3jDHZwUMRk-jBYh0T9=s0-d-e1-ft#http:\/\/cdncache-a.akamaihd.net\/items\/it\/img\/arrow-10x10.png\" alt=\"\" \/><\/a> tecnolog\u00eda. En 1956, el ingeniero indio Narinder Kapany acu\u00f1a el t\u00e9rmino \u201cfibras \u00f3pticas\u201d.<br \/>\n<strong><\/strong><\/p>\n<p><strong>1956-1957<\/strong><br \/>\nSe derriba una ley fundamental de las part\u00edculas elementales<br \/>\nLa ley de conservaci\u00f3n de la paridad afirma que las part\u00edculas elementales y sus im\u00e1genes en un espejo deber\u00edan comportarse en <a title=\"Click to Continue > by Savings Addon&#8221; href=&#8221;http:\/\/www.explora.cl\/index.php?option=com_content&amp;view=article&amp;id=600%3Alinea-de-tiempo-de-la-fisica-moderna-&amp;Itemid=1090#&#8221; target=&#8221;_blank&#8221;>forma<img decoding=\"async\" src=\"https:\/\/ci4.googleusercontent.com\/proxy\/fdDifr8ftEgvXndZ0r7ZbejIv3bH9PEMAzDuVktprso-jQe6NoLUa4a6NTcALrzaNr2_xf8DLp8cqHxlE6dGm82RFn3jDHZwUMRk-jBYh0T9=s0-d-e1-ft#http:\/\/cdncache-a.akamaihd.net\/items\/it\/img\/arrow-10x10.png\" alt=\"\" \/><\/a> id\u00e9ntica. Despu\u00e9s de que dos f\u00edsicos estadounidenses de origen chino, Tsung-Dao Lee y Chen Ning Tang, propusieran que algunos procesos subat\u00f3micos violan esta ley, un equipo liderado por un tercer f\u00edsico estadounidense de origen chino, Chien-Shiung Wu, confirm\u00f3 la predicci\u00f3n.1957Se lanza la primera nave espacial orbitalEn una asombrosa haza\u00f1a que puso inicio a la era espacial, la Uni\u00f3n Sovi\u00e9tica lanza el primer sat\u00e9lite artificial, el Sputnik I, de 184 libras de peso, seguido por el Sputnik II, de 1.000 libras.<\/p>\n<p><strong>1957<\/strong><br \/>\nSe explica la superconductividadEl equipo estadounidense conformado por John Bardeen, Leon Cooper y Robert Schrieffer resuelve el viejo acertijo de la superconductividad, descubierta en 1911. Ellos mostraron que los <a href=\"#\" onclick=\"referencia('electron',event); return false;\">electrones<\/a> en superconductores forman pares cuyas propiedades cu\u00e1nticas les permiten viajar sin perder energ\u00eda.1958Se inventa el circuito integradoRobert Noyce, de la Fairchild Semiconductor Corporation, y Jack Kilby, de Texas Instruments, inventaron en <a title=\"Click to Continue > by Savings Addon&#8221; href=&#8221;http:\/\/www.explora.cl\/index.php?option=com_content&amp;view=article&amp;id=600%3Alinea-de-tiempo-de-la-fisica-moderna-&amp;Itemid=1090#&#8221; target=&#8221;_blank&#8221;>forma<img decoding=\"async\" src=\"https:\/\/ci4.googleusercontent.com\/proxy\/fdDifr8ftEgvXndZ0r7ZbejIv3bH9PEMAzDuVktprso-jQe6NoLUa4a6NTcALrzaNr2_xf8DLp8cqHxlE6dGm82RFn3jDHZwUMRk-jBYh0T9=s0-d-e1-ft#http:\/\/cdncache-a.akamaihd.net\/items\/it\/img\/arrow-10x10.png\" alt=\"\" \/><\/a> independiente el circuito integrado, que incorpora muchos transistores y otros <a title=\"Click to Continue > by Savings Addon&#8221; href=&#8221;http:\/\/www.explora.cl\/index.php?option=com_content&amp;view=article&amp;id=600%3Alinea-de-tiempo-de-la-fisica-moderna-&amp;Itemid=1090#&#8221; target=&#8221;_blank&#8221;>componentes electr\u00f3nicos<img decoding=\"async\" src=\"https:\/\/ci4.googleusercontent.com\/proxy\/fdDifr8ftEgvXndZ0r7ZbejIv3bH9PEMAzDuVktprso-jQe6NoLUa4a6NTcALrzaNr2_xf8DLp8cqHxlE6dGm82RFn3jDHZwUMRk-jBYh0T9=s0-d-e1-ft#http:\/\/cdncache-a.akamaihd.net\/items\/it\/img\/arrow-10x10.png\" alt=\"\" \/><\/a> en un solo chip hecho del semiconductor silicio (el primer circuito integrado de Kilby).<\/p>\n<p><strong>1958<\/strong><br \/>\nSe usa el ultrasonido por primera vez en aplicaciones m\u00e9dicasInspirado en el \u00e9xito del sonar antisubmarino durante la Segunda Guerra Mundial, el obstetra brit\u00e1nico Ian Donald comienza a usar ondas de sonido de alta frecuencia para examinar fetos en mujeres embarazadas. <a title=\"Click to Continue > by Savings Addon&#8221; href=&#8221;http:\/\/www.explora.cl\/index.php?option=com_content&amp;view=article&amp;id=600%3Alinea-de-tiempo-de-la-fisica-moderna-&amp;Itemid=1090#&#8221; target=&#8221;_blank&#8221;>Esta<img decoding=\"async\" src=\"https:\/\/ci4.googleusercontent.com\/proxy\/fdDifr8ftEgvXndZ0r7ZbejIv3bH9PEMAzDuVktprso-jQe6NoLUa4a6NTcALrzaNr2_xf8DLp8cqHxlE6dGm82RFn3jDHZwUMRk-jBYh0T9=s0-d-e1-ft#http:\/\/cdncache-a.akamaihd.net\/items\/it\/img\/arrow-10x10.png\" alt=\"\" \/><\/a> t\u00e9cnica de ultrasonido evita los riesgos de los <a href=\"#\" onclick=\"referencia('rayos x',event); return false;\">rayos X<\/a> y se comienza a usar ampliamente en obstetricia y otras aplicaciones m\u00e9dicas.<\/p>\n<p><strong>1958-1962<\/strong><br \/>\nSe exploran y aplican los t\u00faneles cu\u00e1nticos.<br \/>\nEn 1958, el f\u00edsico japon\u00e9s Leo Esaki, de Sony Corporation, usa t\u00faneles cu\u00e1nticos que permiten a <a href=\"#\" onclick=\"referencia('electron',event); return false;\">electrones<\/a>, con comportamiento de onda, pasar barreras consideradas impenetrables por la f\u00edsica cl\u00e1sica, en el <a title=\"Click to Continue > by Savings Addon&#8221; href=&#8221;http:\/\/www.explora.cl\/index.php?option=com_content&amp;view=article&amp;id=600%3Alinea-de-tiempo-de-la-fisica-moderna-&amp;Itemid=1090#&#8221; target=&#8221;_blank&#8221;>nuevo<img decoding=\"async\" src=\"https:\/\/ci4.googleusercontent.com\/proxy\/fdDifr8ftEgvXndZ0r7ZbejIv3bH9PEMAzDuVktprso-jQe6NoLUa4a6NTcALrzaNr2_xf8DLp8cqHxlE6dGm82RFn3jDHZwUMRk-jBYh0T9=s0-d-e1-ft#http:\/\/cdncache-a.akamaihd.net\/items\/it\/img\/arrow-10x10.png\" alt=\"\" \/><\/a> dispositivo electr\u00f3nico \u201cdiodo t\u00fanel\u201d.<br \/>\nEn 1962, Brian Josephson, estudiante de 22 a\u00f1os de la Universidad de Cambridge, descubre que los pares de <a href=\"#\" onclick=\"referencia('electron',event); return false;\">electrones<\/a> pueden perforar un t\u00fanel <a title=\"Click to Continue > by Savings Addon&#8221; href=&#8221;http:\/\/www.explora.cl\/index.php?option=com_content&amp;view=article&amp;id=600%3Alinea-de-tiempo-de-la-fisica-moderna-&amp;Itemid=1090#&#8221; target=&#8221;_blank&#8221;>entre<img decoding=\"async\" src=\"https:\/\/ci4.googleusercontent.com\/proxy\/fdDifr8ftEgvXndZ0r7ZbejIv3bH9PEMAzDuVktprso-jQe6NoLUa4a6NTcALrzaNr2_xf8DLp8cqHxlE6dGm82RFn3jDHZwUMRk-jBYh0T9=s0-d-e1-ft#http:\/\/cdncache-a.akamaihd.net\/items\/it\/img\/arrow-10x10.png\" alt=\"\" \/><\/a> dos superconductores separados, un efecto que se usa en pruebas de sensibilidad magn\u00e9tica en geolog\u00eda, medicina y f\u00edsica.<\/p>\n<p><strong>1959<\/strong><br \/>\nSe predice y confirma un <a title=\"Click to Continue > by Savings Addon&#8221; href=&#8221;http:\/\/www.explora.cl\/index.php?option=com_content&amp;view=article&amp;id=600%3Alinea-de-tiempo-de-la-fisica-moderna-&amp;Itemid=1090#&#8221; target=&#8221;_blank&#8221;>nuevo<img decoding=\"async\" src=\"https:\/\/ci4.googleusercontent.com\/proxy\/fdDifr8ftEgvXndZ0r7ZbejIv3bH9PEMAzDuVktprso-jQe6NoLUa4a6NTcALrzaNr2_xf8DLp8cqHxlE6dGm82RFn3jDHZwUMRk-jBYh0T9=s0-d-e1-ft#http:\/\/cdncache-a.akamaihd.net\/items\/it\/img\/arrow-10x10.png\" alt=\"\" \/><\/a> efecto cu\u00e1ntico.<br \/>\nEl f\u00edsico estadounidense David Bohm y el estudiante graduado israel\u00ed Yakir Aharonov predijeron que un campo magn\u00e9tico afecta las propiedades cu\u00e1nticas de un <a href=\"#\" onclick=\"referencia('electron',event); return false;\">electr\u00f3n<\/a> en una <a title=\"Click to Continue > by Savings Addon&#8221; href=&#8221;http:\/\/www.explora.cl\/index.php?option=com_content&amp;view=article&amp;id=600%3Alinea-de-tiempo-de-la-fisica-moderna-&amp;Itemid=1090#&#8221; target=&#8221;_blank&#8221;>forma<img decoding=\"async\" src=\"https:\/\/ci4.googleusercontent.com\/proxy\/fdDifr8ftEgvXndZ0r7ZbejIv3bH9PEMAzDuVktprso-jQe6NoLUa4a6NTcALrzaNr2_xf8DLp8cqHxlE6dGm82RFn3jDHZwUMRk-jBYh0T9=s0-d-e1-ft#http:\/\/cdncache-a.akamaihd.net\/items\/it\/img\/arrow-10x10.png\" alt=\"\" \/><\/a> no admitida por la f\u00edsica cl\u00e1sica. El efecto Aharonov-Bohm se observa en 1960 e insin\u00faa el caudal de sorpresas que segu\u00edan latentes en la mec\u00e1nica cu\u00e1ntica.<\/p>\n<p><strong>1960<\/strong><br \/>\nSe construye el primer l\u00e1serEn la compa\u00f1\u00eda aeron\u00e1utica Hughes, el f\u00edsico estadounidense Theodore Maiman extrae una brillante y altamente concentrada luz de color muy puro de un cilindro de rub\u00ed. El <a href=\"#\" onclick=\"referencia('laser',event); return false;\">l\u00e1ser<\/a> es un producto de la teor\u00eda cu\u00e1ntica y pronto se usa en un amplio rango de aplicaciones comerciales.<\/p>\n<p><strong>1962<\/strong><br \/>\nSe inventan los <a href=\"#\" onclick=\"referencia('laser',event); return false;\">l\u00e1ser<\/a> semiconductoresInvestigadores de GE, IBM y del Laboratorio Lincoln del MIT descubren que los dispositivos diodos basados en el semiconductor arseniuro de galio (GaAs) convierten la energ\u00eda el\u00e9ctrica en luz. En la d\u00e9cada de 1990, se fabricaron billones de <a href=\"#\" onclick=\"referencia('laser',event); return false;\">l\u00e1ser<\/a> semiconductores <a title=\"Click to Continue > by Savings Addon&#8221; href=&#8221;http:\/\/www.explora.cl\/index.php?option=com_content&amp;view=article&amp;id=600%3Alinea-de-tiempo-de-la-fisica-moderna-&amp;Itemid=1090#&#8221; target=&#8221;_blank&#8221;>cada<img decoding=\"async\" src=\"https:\/\/ci4.googleusercontent.com\/proxy\/fdDifr8ftEgvXndZ0r7ZbejIv3bH9PEMAzDuVktprso-jQe6NoLUa4a6NTcALrzaNr2_xf8DLp8cqHxlE6dGm82RFn3jDHZwUMRk-jBYh0T9=s0-d-e1-ft#http:\/\/cdncache-a.akamaihd.net\/items\/it\/img\/arrow-10x10.png\" alt=\"\" \/><\/a> a\u00f1o para usarlos en telecomunicaciones y reproductores de CD.<\/p>\n<p><strong>1963<\/strong><br \/>\nSe descubren los qu\u00e1saresEl astr\u00f3nomo holand\u00e9s-estadounidense Maarten Schmidt analiza el corrimiento al rojo de la luz emitida por el objeto astron\u00f3mico 3C 273 y muestra que est\u00e1 extremadamente distante. Este es el primer <a href=\"#\" onclick=\"referencia('quasars',event); return false;\">quasar<\/a> conocido, un objeto que se ve similar a una estrella, pero m\u00e1s brillante que algunas galaxias. Los qu\u00e1sares pueden ser asociados con <a href=\"#\" onclick=\"referencia('agujero negro',event); return false;\">agujeros negros<\/a> gigantes.<\/p>\n<p><strong>1964<\/strong><br \/>\nSe postula la existencia de los <a href=\"#\" onclick=\"referencia('quarks',event); return false;\">quarks<\/a>Los te\u00f3ricos estadounidenses Murray Gell-Mann y George Zweig postulan en <a title=\"Click to Continue > by Savings Addon&#8221; href=&#8221;http:\/\/www.explora.cl\/index.php?option=com_content&amp;view=article&amp;id=600%3Alinea-de-tiempo-de-la-fisica-moderna-&amp;Itemid=1090#&#8221; target=&#8221;_blank&#8221;>forma<img decoding=\"async\" src=\"https:\/\/ci4.googleusercontent.com\/proxy\/fdDifr8ftEgvXndZ0r7ZbejIv3bH9PEMAzDuVktprso-jQe6NoLUa4a6NTcALrzaNr2_xf8DLp8cqHxlE6dGm82RFn3jDHZwUMRk-jBYh0T9=s0-d-e1-ft#http:\/\/cdncache-a.akamaihd.net\/items\/it\/img\/arrow-10x10.png\" alt=\"\" \/><\/a> independiente la existencia de los <a href=\"#\" onclick=\"referencia('quarks',event); return false;\">quarks<\/a>, part\u00edculas con cargas el\u00e9ctricas que son fracciones de las cargas de los <a href=\"#\" onclick=\"referencia('electron',event); return false;\">electrones<\/a>, como los ladrillos de <a href=\"#\" onclick=\"referencia('proton',event); return false;\">protones<\/a>, <a href=\"#\" onclick=\"referencia('neutron',event); return false;\">neutrones<\/a> y otras part\u00edculas de interacci\u00f3n fuerte. Esto introduce un nuevo orden dentro del mundo subat\u00f3mico.<br \/>\n<strong><\/strong><\/p>\n<p><strong>1965<\/strong><br \/>\nLey de MooreGordon Moore, cofundador de Intel Corporation, nota que el <a title=\"Click to Continue > by Savings Addon&#8221; href=&#8221;http:\/\/www.explora.cl\/index.php?option=com_content&amp;view=article&amp;id=600%3Alinea-de-tiempo-de-la-fisica-moderna-&amp;Itemid=1090#&#8221; target=&#8221;_blank&#8221;>n\u00famero<img decoding=\"async\" src=\"https:\/\/ci4.googleusercontent.com\/proxy\/fdDifr8ftEgvXndZ0r7ZbejIv3bH9PEMAzDuVktprso-jQe6NoLUa4a6NTcALrzaNr2_xf8DLp8cqHxlE6dGm82RFn3jDHZwUMRk-jBYh0T9=s0-d-e1-ft#http:\/\/cdncache-a.akamaihd.net\/items\/it\/img\/arrow-10x10.png\" alt=\"\" \/><\/a> de elementos activos que se pueden <a title=\"Click to Continue > by Savings Addon&#8221; href=&#8221;http:\/\/www.explora.cl\/index.php?option=com_content&amp;view=article&amp;id=600%3Alinea-de-tiempo-de-la-fisica-moderna-&amp;Itemid=1090#&#8221; target=&#8221;_blank&#8221;>instalar<img decoding=\"async\" src=\"https:\/\/ci4.googleusercontent.com\/proxy\/fdDifr8ftEgvXndZ0r7ZbejIv3bH9PEMAzDuVktprso-jQe6NoLUa4a6NTcALrzaNr2_xf8DLp8cqHxlE6dGm82RFn3jDHZwUMRk-jBYh0T9=s0-d-e1-ft#http:\/\/cdncache-a.akamaihd.net\/items\/it\/img\/arrow-10x10.png\" alt=\"\" \/><\/a> en un chip de computador se duplica cada 18 meses. La regla conocida como ley de Moore contin\u00faa vigente por m\u00e1s de tres d\u00e9cadas. Para fines del siglo XX, algunos chips contendr\u00edan m\u00e1s de 109 transistores.<\/p>\n<p><strong>1966<\/strong><br \/>\nSe demuestra la potencialidad del vidrio como medio eficaz de transmisi\u00f3n a larga distancia (fibra \u00f3ptica)Charles Kao y George Hockham, de los Laboratorios Standard Communications, de Inglaterra, publican un art\u00edculo que demuestra te\u00f3ricamente qu<\/p>\n<\/div>\n<\/div>\n<\/div>\n<\/div>\n<p style=\"text-align: justify;\">&#8230;<\/p>\n<p style=\"text-align: justify;\"><strong>La Historia sigue hasta llegar a nuestros d\u00edas y, desde el a\u00f1o 1.966 hasta la fecha, son muchos los sucesos, descubrimientos e inventos que se han realizado. Sin embargo, hemos querido dejar aqu\u00ed un recuerdo del pasado que, por gentileza del Programa Explora chileno, pod\u00e9is disfrutar hoy aqu\u00ed.<\/strong><\/p>\n<div class='bookmark'>\r\n\t\t<table align='left' border='0' cellpadding='0' width='100%'>\r\n\t\t<tr><td><span class='pushbutton'><a href='http:\/\/delicious.com\/post?url=http%3A%2F%2Fwww.emiliosilveravazquez.com%2Fblog%2F2014%2F02%2F20%2Fla-fisica-del-pasado-un-repaso%2F&amp;title=La+F%C3%ADsica+del+pasado%2C+un+repaso' title='Delicious' target='_blank' rel='nofollow'><img src='http:\/\/www.emiliosilveravazquez.com\/blog\/wp-content\/plugins\/knxdt-bookmarks-wordpress-plugin\/images\/delicious.png'  alt='' class='book_img' border='none' style='margin:1px; padding: 0;'  \/><\/a><\/span><span class='pushbutton'><a href='http:\/\/digg.com\/submit?url=http%3A%2F%2Fwww.emiliosilveravazquez.com%2Fblog%2F2014%2F02%2F20%2Fla-fisica-del-pasado-un-repaso%2F&amp;title=La+F%C3%ADsica+del+pasado%2C+un+repaso' title='Digg' target='_blank' rel='nofollow'><img src='http:\/\/www.emiliosilveravazquez.com\/blog\/wp-content\/plugins\/knxdt-bookmarks-wordpress-plugin\/images\/digg.png'  alt='' class='book_img' border='none' style='margin:1px; padding: 0;'  \/><\/a><\/span><span class='pushbutton'><a href='http:\/\/www.google.com\/bookmarks\/mark?op=edit&amp;bkmk=http%3A%2F%2Fwww.emiliosilveravazquez.com%2Fblog%2F2014%2F02%2F20%2Fla-fisica-del-pasado-un-repaso%2F&amp;title=La+F%C3%ADsica+del+pasado%2C+un+repaso' title='Google' target='_blank' rel='nofollow'><img src='http:\/\/www.emiliosilveravazquez.com\/blog\/wp-content\/plugins\/knxdt-bookmarks-wordpress-plugin\/images\/google.png'   alt='' class='book_img' border='none' style='margin:1px; padding: 0;'  \/><\/a><\/span><span class='pushbutton'><a href='http:\/\/myweb2.search.yahoo.com\/myresults\/bookmarklet?u=http%3A%2F%2Fwww.emiliosilveravazquez.com%2Fblog%2F2014%2F02%2F20%2Fla-fisica-del-pasado-un-repaso%2F&amp;t=La+F%C3%ADsica+del+pasado%2C+un+repaso' title='Yahoo' target='_blank' rel='nofollow'><img src='http:\/\/www.emiliosilveravazquez.com\/blog\/wp-content\/plugins\/knxdt-bookmarks-wordpress-plugin\/images\/yahoo.png'  alt='' class='book_img' border='none' style='margin:1px; padding: 0;'  \/><\/a><\/span><span class='pushbutton'><a href='http:\/\/www.technorati.com\/faves?add=http%3A%2F%2Fwww.emiliosilveravazquez.com%2Fblog%2F2014%2F02%2F20%2Fla-fisica-del-pasado-un-repaso%2F' title='Technorati' target='_blank' rel='nofollow'><img src='http:\/\/www.emiliosilveravazquez.com\/blog\/wp-content\/plugins\/knxdt-bookmarks-wordpress-plugin\/images\/technorati.png'  alt='' class='book_img' border='none' style='margin:1px; padding: 0;'  \/><\/a><\/span><span class='pushbutton'><a href='http:\/\/meneame.net\/submit.php?url=http%3A%2F%2Fwww.emiliosilveravazquez.com%2Fblog%2F2014%2F02%2F20%2Fla-fisica-del-pasado-un-repaso%2F' title='Meneame' target='_blank' rel='nofollow'><img src='http:\/\/www.emiliosilveravazquez.com\/blog\/wp-content\/plugins\/knxdt-bookmarks-wordpress-plugin\/images\/meneame.png'  alt='' class='book_img' border='none' style='margin:1px; padding: 0;'  \/><\/a><\/span><span class='pushbutton'><a href='http:\/\/enchilame.com\/submit.php?url=http:\/\/www.emiliosilveravazquez.com\/blog\/2014\/02\/20\/la-fisica-del-pasado-un-repaso\/' target='_blank' rel='nofollow'><img title='Enchilame' src='http:\/\/www.emiliosilveravazquez.com\/blog\/wp-content\/plugins\/knxdt-bookmarks-wordpress-plugin\/images\/enchilame.png'  alt='' class='book_img' border='none' style='margin:1px; padding: 0;'  \/><\/a><\/span><span class='pushbutton'><a href='http:\/\/www.blinklist.com\/index.php?Action=Blink\/addblink.php&amp;Description=&amp;Url=http%3A%2F%2Fwww.emiliosilveravazquez.com%2Fblog%2F2014%2F02%2F20%2Fla-fisica-del-pasado-un-repaso%2F&amp;title=La+F%C3%ADsica+del+pasado%2C+un+repaso' title='BlinkList' target='_blank' rel='nofollow'><img src='http:\/\/www.emiliosilveravazquez.com\/blog\/wp-content\/plugins\/knxdt-bookmarks-wordpress-plugin\/images\/blinklist.png'  alt='' class='book_img' border='none' style='margin:1px; padding: 0;'  \/><\/a><\/span><span class='pushbutton'><a href='http:\/\/reddit.com\/submit?url=http%3A%2F%2Fwww.emiliosilveravazquez.com%2Fblog%2F2014%2F02%2F20%2Fla-fisica-del-pasado-un-repaso%2F&amp;title=La+F%C3%ADsica+del+pasado%2C+un+repaso' title='Reddit' target='_blank' rel='nofollow'><img src='http:\/\/www.emiliosilveravazquez.com\/blog\/wp-content\/plugins\/knxdt-bookmarks-wordpress-plugin\/images\/reddit.png'  alt='' class='book_img' border='none' style='margin:1px; padding: 0;'  \/><\/a><\/span><span class='pushbutton'><a href='http:\/\/www.tecnologiadiaria.com\/2009\/07\/abrir-com-hotmail-correo.html' target='_blank' title='hotmail'><img src='http:\/\/www.emiliosilveravazquez.com\/blog\/wp-content\/plugins\/knxdt-bookmarks-wordpress-plugin\/images\/linklove.png' alt='hotmail correo' class='book_img' border='none' style='margin:1px; padding: 0;' \/><\/a><\/span><span class='pushbutton'><a href='http:\/\/bitacoras.com\/votar\/anotacion\/externo\/mini\/www.emiliosilveravazquez.com\/blog\/2014\/02\/20\/la-fisica-del-pasado-un-repaso\/' title='Bitacoras.com' target='_blank' rel='nofollow'><img src='http:\/\/www.emiliosilveravazquez.com\/blog\/wp-content\/plugins\/knxdt-bookmarks-wordpress-plugin\/images\/bitacoras.png'  alt='' class='book_img' border='none' style='margin:1px; padding: 0;'  \/><\/a><\/span><span class='pushbutton'><a href='http:\/\/www.wikio.es\/vote?url=http%3A%2F%2Fwww.emiliosilveravazquez.com%2Fblog%2F2014%2F02%2F20%2Fla-fisica-del-pasado-un-repaso%2F' title='Wikio' target='_blank' rel='nofollow'><img src='http:\/\/www.emiliosilveravazquez.com\/blog\/wp-content\/plugins\/knxdt-bookmarks-wordpress-plugin\/images\/wikio.png'   alt='' class='book_img' border='none' style='margin:1px; padding: 0;'   \/><\/a><\/span><span class='pushbutton'><a href='http:\/\/friendfeed.com\/?url=http%3A%2F%2Fwww.emiliosilveravazquez.com%2Fblog%2F2014%2F02%2F20%2Fla-fisica-del-pasado-un-repaso%2F&amp;title=La+F%C3%ADsica+del+pasado%2C+un+repaso' title='Friend Feed' target='_blank' rel='nofollow'><img src='http:\/\/www.emiliosilveravazquez.com\/blog\/wp-content\/plugins\/knxdt-bookmarks-wordpress-plugin\/images\/friendfeed.png'  alt='' class='book_img' border='none' style='margin:1px; padding: 0;'  \/><\/a><\/span><span class='pushbutton'><a href='http:\/\/www.facebook.com\/share.php?u=http%3A%2F%2Fwww.emiliosilveravazquez.com%2Fblog%2F2014%2F02%2F20%2Fla-fisica-del-pasado-un-repaso%2F&amp;t=La+F%C3%ADsica+del+pasado%2C+un+repaso' title='Facebook' target='_blank' rel='nofollow'><img src='http:\/\/www.emiliosilveravazquez.com\/blog\/wp-content\/plugins\/knxdt-bookmarks-wordpress-plugin\/images\/facebook.png'  alt='' class='book_img' border='none' style='margin:1px; padding: 0;'  \/><\/a><\/span><span class='pushbutton'><a href='http:\/\/twitter.com\/home?status=La+F%C3%ADsica+del+pasado%2C+un+repaso: http%3A%2F%2Fwww.emiliosilveravazquez.com%2Fblog%2F2014%2F02%2F20%2Fla-fisica-del-pasado-un-repaso%2F' title='Twitter' target='_blank' rel='nofollow'><img src='http:\/\/www.emiliosilveravazquez.com\/blog\/wp-content\/plugins\/knxdt-bookmarks-wordpress-plugin\/images\/twitter.png'  alt='' class='book_img' border='none' style='margin:1px; padding: 0;'  \/><\/a><\/span><span class='pushbutton'><a href='http:\/\/www.feedburner.com\/fb\/a\/emailFlare?itemTitle=La+F%C3%ADsica+del+pasado%2C+un+repaso&amp;uri=http%3A%2F%2Fwww.emiliosilveravazquez.com%2Fblog%2F2014%2F02%2F20%2Fla-fisica-del-pasado-un-repaso%2F' title='Enviar por Email' target='_blank' rel='nofollow'><img src='http:\/\/www.emiliosilveravazquez.com\/blog\/wp-content\/plugins\/knxdt-bookmarks-wordpress-plugin\/images\/email.png'  alt='' class='book_img' border='none' style='margin:1px; padding: 0;'  \/><\/a><\/span><span style='font-weight:bold; padding-left: 5px;'><a href='http:\/\/wordpress.org\/extend\/plugins\/knxdt-bookmarks-wordpress-plugin\/' title='Plugin' rel='nofollow' target='_blank'>[?]<\/a><\/span><\/td><\/tr><\/table><br\/><br\/><\/div>","protected":false},"excerpt":{"rendered":"<p>L\u00ednea de tiempo de la f\u00edsica moderna 1895 Se descubren los rayos X y se estudian sus propiedadesEl f\u00edsico alem\u00e1n Wilhelm R\u00f6ntgen logra la primera radiograf\u00eda experimentando con un tubo de rayos cat\u00f3dicos que hab\u00eda forrado en un grueso papel negro. Se da cuenta de que el tubo adem\u00e1s emit\u00eda unos misteriosos rayos que ten\u00edan [&hellip;]<\/p>\n","protected":false},"author":2,"featured_media":0,"comment_status":"open","ping_status":"open","sticky":false,"template":"","format":"standard","meta":{"_s2mail":"yes","footnotes":""},"categories":[11],"tags":[],"_links":{"self":[{"href":"http:\/\/www.emiliosilveravazquez.com\/blog\/wp-json\/wp\/v2\/posts\/10587"}],"collection":[{"href":"http:\/\/www.emiliosilveravazquez.com\/blog\/wp-json\/wp\/v2\/posts"}],"about":[{"href":"http:\/\/www.emiliosilveravazquez.com\/blog\/wp-json\/wp\/v2\/types\/post"}],"author":[{"embeddable":true,"href":"http:\/\/www.emiliosilveravazquez.com\/blog\/wp-json\/wp\/v2\/users\/2"}],"replies":[{"embeddable":true,"href":"http:\/\/www.emiliosilveravazquez.com\/blog\/wp-json\/wp\/v2\/comments?post=10587"}],"version-history":[{"count":0,"href":"http:\/\/www.emiliosilveravazquez.com\/blog\/wp-json\/wp\/v2\/posts\/10587\/revisions"}],"wp:attachment":[{"href":"http:\/\/www.emiliosilveravazquez.com\/blog\/wp-json\/wp\/v2\/media?parent=10587"}],"wp:term":[{"taxonomy":"category","embeddable":true,"href":"http:\/\/www.emiliosilveravazquez.com\/blog\/wp-json\/wp\/v2\/categories?post=10587"},{"taxonomy":"post_tag","embeddable":true,"href":"http:\/\/www.emiliosilveravazquez.com\/blog\/wp-json\/wp\/v2\/tags?post=10587"}],"curies":[{"name":"wp","href":"https:\/\/api.w.org\/{rel}","templated":true}]}}