{"id":10540,"date":"2014-02-06T04:04:02","date_gmt":"2014-02-06T03:04:02","guid":{"rendered":"http:\/\/www.emiliosilveravazquez.com\/blog\/?p=10540"},"modified":"2014-02-06T04:04:02","modified_gmt":"2014-02-06T03:04:02","slug":"%c2%bfla-mecanica-cuantica-%c2%a1el-efecto-tunel-y-%c2%bfcuanto-mas","status":"publish","type":"post","link":"http:\/\/www.emiliosilveravazquez.com\/blog\/2014\/02\/06\/%c2%bfla-mecanica-cuantica-%c2%a1el-efecto-tunel-y-%c2%bfcuanto-mas\/","title":{"rendered":"\u00bfLa Mec\u00e1nica Cu\u00e1ntica! \u00a1El Efecto T\u00fanel! Y, \u00bfcuanto m\u00e1s?"},"content":{"rendered":"<div>\n<div style=\"text-align: justify;\">\u00ab <a href=\"http:\/\/www.emiliosilveravazquez.com\/blog\/2013\/10\/27\/%c2%a1la-entropia-con-el-paso-del-tiempo-todo-lo-destruye\/\" rel=\"prev\">\u00a1La Entrop\u00eda! con el paso del tiempo, todo lo destruye<\/a><\/div>\n<div style=\"text-align: justify;\"><a href=\"http:\/\/www.emiliosilveravazquez.com\/blog\/2013\/10\/28\/%c2%a1es-tan-bonito-saber-a-mi-me-gustaria\/\" rel=\"next\">\u00a1Es tan bonito saber! A m\u00ed me gustar\u00eda.<\/a> \u00bb<\/div>\n<\/div>\n<div style=\"text-align: justify;\">\n<h3><\/h3>\n<p>Como otras tantas veces aqu\u00ed, comenzar\u00e9 hablando del \u00e1tomo de Carbono que, para m\u00ed, es el m\u00e1s importante de todos al ser el que posibilita la vida tal como la conocemos.<\/p>\n<p>&nbsp;<\/p>\n<p><img decoding=\"async\" loading=\"lazy\" src=\"http:\/\/www.textoscientificos.com\/imagenes\/quimica\/hibridacion-sp3.jpg\" alt=\"Hibridaci\u00f3n\" width=\"500\" height=\"417\" \/><img decoding=\"async\" loading=\"lazy\" src=\"http:\/\/www.textoscientificos.com\/imagenes\/quimica\/estructura-metano.jpg\" alt=\"Metano CH4\" width=\"500\" height=\"170\" \/><\/p>\n<p>&nbsp;<\/p>\n<p>El \u00e1tomo de carbono<\/p>\n<p>La qu\u00edmica de los compuestos que contienen carbono se denomina qu\u00edmica org\u00e1nica.\u00a0 Originalmente se la llamaba as\u00ed porque se cre\u00eda que solo los organismos vivos pod\u00edan fabricar o poseer estos compuestos.<\/p>\n<p>Los compuestos org\u00e1nicos se basan en el carbono combinado con otros \u00e1tomos de carbono y con otros elementos como el hidr\u00f3geno, el nitr\u00f3geno, el azufre , etc. Formando grandes estructuras con distinta complejidad y diversidad, el \u00e1tomo de carbono <a id=\"_GPLITA_3\" title=\"Click to Continue > by Savings Wave&#8221; href=&#8221;http:\/\/biologialosalpes.wordpress.com\/2010\/07\/22\/el-atomo-de-carbono-y-los-grupos-funcionales\/#&#8221;>puede<img decoding=\"async\" src=\"http:\/\/savingswave-a.akamaihd.net\/items\/it\/img\/arrow-10x10.png\" alt=\"\" \/><\/a> unirse a otros \u00e1tomos de carbono formando largas cadenas las cuales pueden ser lineales, ramificadas o bien c\u00edclicas. Se han aislado miles de compuestos de carbono de varios sistemas biol\u00f3gicos, aqu\u00ed algunos ejemplos:<\/p>\n<p>&nbsp;<\/p>\n<p><img decoding=\"async\" loading=\"lazy\" src=\"http:\/\/www.textoscientificos.com\/imagenes\/quimica\/estructura-etano.jpg\" alt=\"Etano CH3CH3\" width=\"399\" height=\"423\" \/><\/p>\n<p>&nbsp;<\/p>\n<p>&nbsp;<\/p>\n<p><a href=\"http:\/\/biologialosalpes.files.wordpress.com\/2010\/07\/02-09-g-1.gif\"><img decoding=\"async\" title=\"02-09-G 1\" src=\"http:\/\/biologialosalpes.files.wordpress.com\/2010\/07\/02-09-g-1.gif?w=614\" alt=\"\" \/><\/a><a href=\"http:\/\/biologialosalpes.files.wordpress.com\/2010\/07\/02-09-g-6.jpg\"><img decoding=\"async\" title=\"02-09-G 6\" src=\"http:\/\/biologialosalpes.files.wordpress.com\/2010\/07\/02-09-g-6.jpg?w=614\" alt=\"\" \/><\/a><\/p>\n<p><a href=\"http:\/\/biologialosalpes.files.wordpress.com\/2010\/07\/02-09-g-41.jpg\"><img decoding=\"async\" title=\"02-09-G 4\" src=\"http:\/\/biologialosalpes.files.wordpress.com\/2010\/07\/02-09-g-41.jpg?w=614\" alt=\"\" \/><\/a><\/p>\n<p><a href=\"http:\/\/biologialosalpes.files.wordpress.com\/2010\/07\/02-09-g-51.gif\"><img decoding=\"async\" title=\"02-09-G 5\" src=\"http:\/\/biologialosalpes.files.wordpress.com\/2010\/07\/02-09-g-51.gif?w=614\" alt=\"\" \/><\/a><\/p>\n<p>&nbsp;<\/p>\n<p>Fig. 2.9 \u2013 Los \u00e1tomos de carbono pueden unirse con otros \u00e1tomos de carbono y con muchos de otro <a id=\"_GPLITA_2\" title=\"Click to Continue > by Savings Wave&#8221; href=&#8221;http:\/\/biologialosalpes.wordpress.com\/2010\/07\/22\/el-atomo-de-carbono-y-los-grupos-funcionales\/#&#8221;>tipo<img decoding=\"async\" src=\"http:\/\/savingswave-a.akamaihd.net\/items\/it\/img\/arrow-10x10.png\" alt=\"\" \/><\/a> para formar una gran variedad de compuestos org\u00e1nicos. Las mismas fuerzas que mantienen unido al metano (CH<sub>4<\/sub>) tambi\u00e9n permiten la formaci\u00f3n de mol\u00e9culas extremadamente complicadas pero estables. En diversas estructuras, como los triacilgliceroles. predominan las cadenas lineales. En otras, como el az\u00facar glucosa. son anillos. La muscona, el atrayente sexual del venado almizclero del Tibet, tambi\u00e9n se basa en un anillo de carbonos. Otras mol\u00e9culas vitales como la clorofila y la vitamina B<sub>12<\/sub> contienen cadenas, anillos e iones met\u00e1licos.<\/p>\n<p>El \u00e1tomo de carbono tiene seis <a href=\"#\" onclick=\"referencia('proton',event); return false;\">protones<\/a> y seis <a href=\"#\" onclick=\"referencia('electron',event); return false;\">electrones<\/a> ubicados en dos niveles de energ\u00eda, en la capa interna encontramos dos y en la m\u00e1s externa cuatro.\u00a0 Dada esta configuraci\u00f3n el carbono tiene poca tendencia a ganar o perder <a href=\"#\" onclick=\"referencia('electron',event); return false;\">electrones<\/a> , sino que tiende a compartirlos con otros \u00e1tomos,\u00a0 por lo tanto se forman uniones covalentes. Los <a href=\"#\" onclick=\"referencia('electron',event); return false;\">electrones<\/a> que participan de dichas uniones covalentes son los cuatro que se ubican en el nivel exterior y son conocidos como <a href=\"#\" onclick=\"referencia('electron',event); return false;\">electrones<\/a> de valencia.\u00a0 Estos cuatro <a href=\"#\" onclick=\"referencia('electron',event); return false;\">electrones<\/a> de valencia se ubican <a id=\"_GPLITA_4\" title=\"Click to Continue > by Savings Wave&#8221; href=&#8221;http:\/\/biologialosalpes.wordpress.com\/2010\/07\/22\/el-atomo-de-carbono-y-los-grupos-funcionales\/#&#8221;>hacia<img decoding=\"async\" src=\"http:\/\/savingswave-a.akamaihd.net\/items\/it\/img\/arrow-10x10.png\" alt=\"\" \/><\/a> los v\u00e9rtices de un tetraedro equil\u00e1tero, es decir que los \u00e1ngulos de uni\u00f3n no son en 90\u00b0 ( de lo que resultar\u00eda una estructura plana) si no que son superiores a los 100\u00b0.\u00a0 Como resultado de est\u00e1 estructura tetra\u00e9drica las mol\u00e9culas tienen entonces estructuras tridimensionales.\u00a0 Cuando el carbono se une a cuatro \u00e1tomos distintos, \u00e9stos se pueden unir a \u00e9l de dos maneras distintas.<\/p>\n<p>&nbsp;<\/p>\n<p>&nbsp;<\/p>\n<p><a href=\"http:\/\/biologialosalpes.files.wordpress.com\/2010\/07\/02-10-g.gif\"><img decoding=\"async\" title=\"02-10-G\" src=\"http:\/\/biologialosalpes.files.wordpress.com\/2010\/07\/02-10-g.gif?w=614\" alt=\"\" \/><\/a><\/p>\n<p>&nbsp;<\/p>\n<p>&nbsp;<\/p>\n<p>Fig. 2.10 \u2013 (a) Cuando un \u00e1tomo de carbono <a id=\"_GPLITA_6\" title=\"Click to Continue > by Savings Wave&#8221; href=&#8221;http:\/\/biologialosalpes.wordpress.com\/2010\/07\/22\/el-atomo-de-carbono-y-los-grupos-funcionales\/#&#8221;>forma<img decoding=\"async\" src=\"http:\/\/savingswave-a.akamaihd.net\/items\/it\/img\/arrow-10x10.png\" alt=\"\" \/><\/a> enlaces covalentes con otros cuatro \u00e1tomos, los <a href=\"#\" onclick=\"referencia('electron',event); return false;\">electrones<\/a> de su nivel de energ\u00eda exterior forman nuevos orbitales. Estos nuevos orbitales, que son todos de la misma configuraci\u00f3n, se orientan hacia los cuatro v\u00e9rtices de un tetraedro. As\u00ed, los cuatro orbitales e encuentran separados tanto como es posible. (b) Cuando un \u00e1tomo de carbono reacciona con cuatro \u00e1tomos de hidr\u00f3geno, cada uno de los <a href=\"#\" onclick=\"referencia('electron',event); return false;\">electrones<\/a> en su nivel de energ\u00eda exterior forma un enlace covalente con el \u00fanico <a href=\"#\" onclick=\"referencia('electron',event); return false;\">electr\u00f3n<\/a> de un \u00e1tomo de hidr\u00f3geno, produci\u00e9ndose una mol\u00e9cula de metano. (c) Cada par de <a href=\"#\" onclick=\"referencia('electron',event); return false;\">electrones<\/a> se mueve en un orbital molecular <a id=\"_GPLITA_5\" title=\"Click to Continue > by Savings Wave&#8221; href=&#8221;http:\/\/biologialosalpes.wordpress.com\/2010\/07\/22\/el-atomo-de-carbono-y-los-grupos-funcionales\/#&#8221;>nuevo<img decoding=\"async\" src=\"http:\/\/savingswave-a.akamaihd.net\/items\/it\/img\/arrow-10x10.png\" alt=\"\" \/><\/a>. La mol\u00e9cula adopta configuraci\u00f3n de un tetraedro.<\/p>\n<p>&nbsp;<\/p>\n<p>&nbsp;<\/p>\n<p><a href=\"http:\/\/biologialosalpes.files.wordpress.com\/2010\/07\/02-11-g.gif\"><img decoding=\"async\" title=\"02-11-G\" src=\"http:\/\/biologialosalpes.files.wordpress.com\/2010\/07\/02-11-g.gif?w=614\" alt=\"\" \/><\/a><\/p>\n<p>&nbsp;<\/p>\n<p>&nbsp;<\/p>\n<p>Fig. 2.11 \u2013 Como las valencias del carbono est\u00e1n ordenadas en forma tetra\u00e9drica, la mol\u00e9cula tridimensional que se muestra <a id=\"_GPLITA_7\" title=\"Click to Continue > by Savings Wave&#8221; href=&#8221;http:\/\/biologialosalpes.wordpress.com\/2010\/07\/22\/el-atomo-de-carbono-y-los-grupos-funcionales\/#&#8221;>puede<img decoding=\"async\" src=\"http:\/\/savingswave-a.akamaihd.net\/items\/it\/img\/arrow-10x10.png\" alt=\"\" \/><\/a> construirse en dos formas que son im\u00e1genes especulares una de la otra. Esto se aplica a cualquier \u00e1tomo de carbono que tenga cuatro grupos distintos unidos a \u00e9l. Aunque las propiedades qu\u00edmicas de estos pares de compuestos son similares, sus propiedades biol\u00f3gicas suelen ser muy distintas. Esto se debe a que el reconocimiento biol\u00f3gico funciona por interacciones entre mol\u00e9culas que tienen formas complementarias. Generalmente una de las mol\u00e9culas tendr\u00e1 actividad biol\u00f3gica y la otra ser\u00e1 totalmente inactiva. Hasta aqu\u00ed la rese\u00f1a que tiene su fuente en\u00a0 <a href=\"http:\/\/biologialosalpes.wordpress.com\/\">biologialosalpes&#8217;s Blog<\/a>.<\/p>\n<p>&nbsp;<\/p>\n<p>&nbsp;<\/p>\n<p><img decoding=\"async\" class=\"aligncenter\" title=\"taglio In pi\u00f9 l ENEL \u00e8 l unica societ\u00e0 che potrebbe realizzarlo in quanto l ENI ha una visione geo politica che parte dalla Libia e arriva alla Russia attraverso le tubazione del gas L atomo italiano ha invece una forte opzione francese che tende a trasferire le tecnologie ma anche le attivit\u00e0 di controllo L Italia potrebbe decidere di spingere ENEL a investire sul\" src=\"http:\/\/adria.blogolandia.it\/files\/2009\/07\/atomo.gif\" alt=\"taglio In pi\u00f9 l ENEL \u00e8 l unica societ\u00e0 che potrebbe realizzarlo in quanto l ENI ha una visione geo politica che parte dalla Libia e arriva alla Russia attraverso le tubazione del gas L atomo italiano ha invece una forte opzione francese che tende a trasferire le tecnologie ma anche le attivit\u00e0 di controllo L Italia potrebbe decidere di spingere ENEL a investire sul\" width=\"465px\" height=\"454px\" \/><\/p>\n<p>&nbsp;<\/p>\n<p>&nbsp;<\/p>\n<\/div>\n<div>\n<p style=\"text-align: justify;\">Los n\u00facleos <a id=\"_GPLITA_1\" title=\"Click to Continue > by Savings Wave&#8221; href=&#8221;http:\/\/www.emiliosilveravazquez.com\/blog\/2013\/10\/28\/hablando-de-fisica-y-otras-cuestiones\/#&#8221;>para<\/a> formar \u00e1tomos est\u00e1n rodeados por varios niveles de <a href=\"http:\/\/www.emiliosilveravazquez.com\/blog\/2013\/10\/28\/hablando-de-fisica-y-otras-cuestiones\/#\">electrones<\/a> y todos sabemos que un \u00e1tomo es la <a id=\"_GPLITA_0\" title=\"Click to Continue > by Savings Wave&#8221; href=&#8221;http:\/\/www.emiliosilveravazquez.com\/blog\/2013\/10\/28\/hablando-de-fisica-y-otras-cuestiones\/#&#8221;>parte<\/a> m\u00e1s peque\u00f1aque puede existir de un elemento, es la fracci\u00f3n m\u00ednima de ese elemento. Consta de un denso n\u00facleo de <a href=\"http:\/\/www.emiliosilveravazquez.com\/blog\/2013\/10\/28\/hablando-de-fisica-y-otras-cuestiones\/#\">protones<\/a> y <a href=\"http:\/\/www.emiliosilveravazquez.com\/blog\/2013\/10\/28\/hablando-de-fisica-y-otras-cuestiones\/#\">neutrones<\/a> (los <a href=\"http:\/\/www.emiliosilveravazquez.com\/blog\/2013\/10\/28\/hablando-de-fisica-y-otras-cuestiones\/#\"><a href=\"#\" onclick=\"referencia('nucleones',event); return false;\">nucleones<\/a><\/a>) rodeados de <a href=\"http:\/\/www.emiliosilveravazquez.com\/blog\/2013\/10\/28\/hablando-de-fisica-y-otras-cuestiones\/#\">electrones<\/a> movi\u00e9ndose a velocidades cercanas a las de la luz. Es lo que se conoce <a id=\"_GPLITA_2\" title=\"Click to Continue > by Savings Wave&#8221; href=&#8221;http:\/\/www.emiliosilveravazquez.com\/blog\/2013\/10\/28\/hablando-de-fisica-y-otras-cuestiones\/#&#8221;>como<\/a> estructura electr\u00f3nica del n\u00facleo y que tiene que ver con los niveles de energ\u00eda que los <a href=\"http:\/\/www.emiliosilveravazquez.com\/blog\/2013\/10\/28\/hablando-de-fisica-y-otras-cuestiones\/#\">electrones<\/a> ocupan en sus orbitales.<\/p>\n<p style=\"text-align: justify;\">El orbital s tiene simetr\u00eda esf\u00e9rica alrededor del n\u00facleo at\u00f3mico. En la figura siguiente se muestran dos formas alternativas para representar la nube electr\u00f3nica de un orbital s: en la primera, la probabilidad de encontrar al <a href=\"http:\/\/www.emiliosilveravazquez.com\/blog\/2013\/10\/28\/hablando-de-fisica-y-otras-cuestiones\/#\">electr\u00f3n<\/a> (representada por la densidad de puntos) disminuye a medida que nos alejamos del centro; en la segunda, se representa el volumen esf\u00e9rico en que el <a href=\"http:\/\/www.emiliosilveravazquez.com\/blog\/2013\/10\/28\/hablando-de-fisica-y-otras-cuestiones\/#\">electr\u00f3n<\/a> pasa la mayor <a id=\"_GPLITA_4\" title=\"Click to Continue > by Savings Wave&#8221; href=&#8221;http:\/\/www.emiliosilveravazquez.com\/blog\/2013\/10\/28\/hablando-de-fisica-y-otras-cuestiones\/#&#8221;>parte<\/a> del tiempo.<\/p>\n<p style=\"text-align: justify;\"><img decoding=\"async\" loading=\"lazy\" class=\"aligncenter\" src=\"http:\/\/upload.wikimedia.org\/wikipedia\/commons\/5\/58\/Es-Orbital_s.png\" alt=\"Archivo:Es-Orbital s.png\" width=\"638\" height=\"186\" \/><\/p>\n<p style=\"text-align: justify;\">La forma geom\u00e9trica de los orbitales p es la de dos esferas achatadas hacia el punto de <a id=\"_GPLITA_3\" title=\"Click to Continue > by Savings Wave&#8221; href=&#8221;http:\/\/www.emiliosilveravazquez.com\/blog\/2013\/10\/28\/hablando-de-fisica-y-otras-cuestiones\/#&#8221;>contacto<\/a> (el n\u00facleo at\u00f3mico) y orientadas seg\u00fan los ejes de coordenadas. En funci\u00f3n de los valores que puede tomar el tercer n\u00famero cu\u00e1ntico m<sub>l<\/sub> (-1, 0 y 1) se obtienen los tres orbitales p sim\u00e9tricos respecto a los ejes <em>x<\/em>, <em>z<\/em> e <em>y<\/em>. An\u00e1logamente al caso anterior, los orbitales p presentan n-2 nodos radiales en la densidad electr\u00f3nica, de modo que al incrementarse el valor del n\u00famero cu\u00e1ntico principal la probabilidad de encontrar el <a href=\"http:\/\/www.emiliosilveravazquez.com\/blog\/2013\/10\/28\/hablando-de-fisica-y-otras-cuestiones\/#\">electr\u00f3n<\/a> se aleja del n\u00facleo at\u00f3mico. El orbital \u201cp\u201d representa tambi\u00e9n la energ\u00eda que posee un <a href=\"http:\/\/www.emiliosilveravazquez.com\/blog\/2013\/10\/28\/hablando-de-fisica-y-otras-cuestiones\/#\">electr\u00f3n<\/a> y se incrementa a medida que se aleja <a id=\"_GPLITA_5\" title=\"Click to Continue > by Savings Wave&#8221; href=&#8221;http:\/\/www.emiliosilveravazquez.com\/blog\/2013\/10\/28\/hablando-de-fisica-y-otras-cuestiones\/#&#8221;>entre<\/a> la distancia del n\u00facleo y el orbital.<\/p>\n<p style=\"text-align: justify;\"><img decoding=\"async\" loading=\"lazy\" class=\"aligncenter\" src=\"http:\/\/upload.wikimedia.org\/wikipedia\/commons\/9\/9e\/Es-Orbitales_p.png\" alt=\"Es-Orbitales p.png\" width=\"647\" height=\"210\" \/><\/p>\n<p style=\"text-align: justify;\">Los orbitales d tienen formas m\u00e1s diversas cuatro de ellos tienen <a id=\"_GPLITA_6\" title=\"Click to Continue > by Savings Wave&#8221; href=&#8221;http:\/\/www.emiliosilveravazquez.com\/blog\/2013\/10\/28\/hablando-de-fisica-y-otras-cuestiones\/#&#8221;>forma<\/a> de 4 l\u00f3bulos de signos alternados (dos planos nodales, en diferentes orientaciones del espacio), y el \u00faltimo es un doble l\u00f3bulo rodeado por un anillo (un doble cono nodal). Siguiendo la misma tendencia, presentan n-3 nodos radiales.<\/p>\n<p style=\"text-align: justify;\">\u00a0<img decoding=\"async\" loading=\"lazy\" class=\"aligncenter\" src=\"http:\/\/upload.wikimedia.org\/wikipedia\/commons\/d\/d2\/Orbitales_d.jpg\" alt=\"Orbitales d.jpg\" width=\"500\" height=\"350\" \/><\/p>\n<p style=\"text-align: justify;\">Los orbitales f tienen formas a\u00fan m\u00e1s ex\u00f3ticas, que se pueden derivar de a\u00f1adir un plano nodal a las formas de los orbitales d. Presentan n-4 nodos radiales.<\/p>\n<p style=\"text-align: justify;\">Una vez dejada la rese\u00f1a b\u00e1sica de lo que es el \u00e1tomo y donde est\u00e1n situados los <a href=\"http:\/\/www.emiliosilveravazquez.com\/blog\/2013\/10\/28\/hablando-de-fisica-y-otras-cuestiones\/#\">electrones<\/a> por capas o niveles alrededor de su n\u00facleo, veamos el fen\u00f3meno principal de <a id=\"_GPLITA_9\" title=\"Click to Continue > by Savings Wave&#8221; href=&#8221;http:\/\/www.emiliosilveravazquez.com\/blog\/2013\/10\/28\/hablando-de-fisica-y-otras-cuestiones\/#&#8221;>este<\/a> comentario referido a \u201cesquivar el tiempo\u201d.<\/p>\n<p style=\"text-align: justify;\">Si un <a href=\"http:\/\/www.emiliosilveravazquez.com\/blog\/2013\/10\/28\/hablando-de-fisica-y-otras-cuestiones\/#\">fot\u00f3n<\/a> viajero va por el espacio a 299.792\u2019458 Km\/s, velocidad de <em>c<\/em>, golpea a un <a href=\"http:\/\/www.emiliosilveravazquez.com\/blog\/2013\/10\/28\/hablando-de-fisica-y-otras-cuestiones\/#\">electr\u00f3n<\/a> situado alrededor de un n\u00facleo, lo que ocurre trae de cabeza a los cient\u00edficos que no saben explicar de manera convincente la realidad de los hechos. El <a href=\"http:\/\/www.emiliosilveravazquez.com\/blog\/2013\/10\/28\/hablando-de-fisica-y-otras-cuestiones\/#\">electr\u00f3n<\/a> golpeado absorbe el <a href=\"http:\/\/www.emiliosilveravazquez.com\/blog\/2013\/10\/28\/hablando-de-fisica-y-otras-cuestiones\/#\">fot\u00f3n<\/a> y, de manera inmediata, desaparece del nivel que ocupa y, sin recorrer la distancia que los separa, simult\u00e1neamente aparece en el nivel superior. Es lo que llamamos el \u201c<a href=\"http:\/\/www.emiliosilveravazquez.com\/blog\/2013\/10\/28\/hablando-de-fisica-y-otras-cuestiones\/#\"><a href=\"#\" onclick=\"referencia('salto cuantico',event); return false;\">salto cu\u00e1ntico<\/a><\/a>\u201d que es ir, m\u00e1s all\u00e1 de los l\u00edmites que podemos comprender, el fen\u00f3meno se aparta de lo que nos dicta el sentido com\u00fan.<\/p>\n<p style=\"text-align: justify;\">\u00a0<img decoding=\"async\" loading=\"lazy\" class=\"aligncenter\" src=\"http:\/\/upload.wikimedia.org\/wikipedia\/commons\/thumb\/6\/64\/Dualite.jpg\/250px-Dualite.jpg\" alt=\"\" width=\"250\" height=\"200\" \/><\/p>\n<p style=\"text-align: justify;\">Imagen ilustrativa de la dualidad onda-part\u00edcula, en el cual se <a id=\"_GPLITA_7\" title=\"Click to Continue > by Savings Wave&#8221; href=&#8221;http:\/\/www.emiliosilveravazquez.com\/blog\/2013\/10\/28\/hablando-de-fisica-y-otras-cuestiones\/#&#8221;>puede<\/a> ver c\u00f3mo un mismo fen\u00f3meno puede tener dos percepciones distintas. La Mec\u00e1nica cu\u00e1ntica, ese Modelo de la F\u00edsica que nos habla del mundo infinitesimal, aunque est\u00e1 muy avanzada y se utiliza como una eficiente herramienta cient\u00edfica, lo cierto es que, tiene a\u00fan muchos rincones en sombra que nos impide ver m\u00e1s all\u00e1. Sin embargo, se tiene la esperanza de que, en un futruro pr\u00f3ximo, la luz del entendimiento inunde esos lugares en penumbra y nos permita, al f\u00edn, comprender la verdadera personalidad de la naturaleza de la materia y de las fuerzas que la rigen.<\/p>\n<p style=\"text-align: justify;\">El Salto cu\u00e1ntico es uno de los muchos misterrios que desean desvelar los f\u00edsicos, y, la pregunta a contestar es: \u00bfPor d\u00f3nde hizo el viaje el electr\u00f3n? \u00bfEn qu\u00e9 lugar se escondi\u00f3 mientras desapareci\u00f3? \u00bfC\u00f3mo pudo aparecer simult\u00e1neamente en otro lugar, sin recorrer la distancia existente <a id=\"_GPLITA_8\" title=\"Click to Continue > by Savings Wave&#8221; href=&#8221;http:\/\/www.emiliosilveravazquez.com\/blog\/2013\/10\/28\/hablando-de-fisica-y-otras-cuestiones\/#&#8221;>entre<\/a> el nivel de partida y el de llegada? Y, \u00bfc\u00f3mo esquiv\u00f3 el tiempo para que todo ocurriera simult\u00e1neamente?<\/p>\n<p style=\"text-align: justify;\">Estas son preguntas que a\u00fan no podemos contestar, aunque s\u00ed es verdad que nos gusta especular con el hecho de que ser\u00eda una posible manera traspasar el muro que supone, para los viajes espaciales, la velocidad de la luz y si pudi\u00e9ramos <a id=\"_GPLITA_10\" title=\"Click to Continue > by Savings Wave&#8221; href=&#8221;http:\/\/www.emiliosilveravazquez.com\/blog\/2013\/10\/28\/hablando-de-fisica-y-otras-cuestiones\/#&#8221;>descubrir<\/a> ese misterio,podr\u00edamos so\u00f1ar con viajar en el tiempo, y lo del <a href=\"http:\/\/www.emiliosilveravazquez.com\/blog\/2013\/10\/28\/hablando-de-fisica-y-otras-cuestiones\/#\">electr\u00f3n<\/a>, conocido como \u201c<em>efecto t\u00fanel<\/em>\u201d o <em><a href=\"http:\/\/www.emiliosilveravazquez.com\/blog\/2013\/10\/28\/hablando-de-fisica-y-otras-cuestiones\/#\"><a href=\"#\" onclick=\"referencia('salto cuantico',event); return false;\">salto cu\u00e1ntico<\/a><\/a>,<\/em> es una idea que,<a id=\"_GPLITA_12\" title=\"Click to Continue > by Savings Wave&#8221; href=&#8221;http:\/\/www.emiliosilveravazquez.com\/blog\/2013\/10\/28\/hablando-de-fisica-y-otras-cuestiones\/#&#8221;>desde<\/a> hace alg\u00fan tiempo, no deja de resonar en la mente de muchos con este fin.<\/p>\n<p style=\"text-align: justify;\">\u00a0<img decoding=\"async\" loading=\"lazy\" class=\"aligncenter\" src=\"http:\/\/1.bp.blogspot.com\/_--V--Hap59U\/TVKZVSvvscI\/AAAAAAAADVc\/S6bLQBFATiU\/s1600\/salto.JPG\" alt=\"http:\/\/1.bp.blogspot.com\/_--V--Hap59U\/TVKZVSvvscI\/AAAAAAAADVc\/S6bLQBFATiU\/s1600\/salto.JPG\" width=\"300\" height=\"204\" \/><\/p>\n<p style=\"text-align: justify;\">\u00a0\u00a0\u00a0\u00a0\u00a0\u00a0\u00a0\u00a0\u00a0\u00a0\u00a0\u00a0\u00a0\u00a0\u00a0\u00a0\u00a0\u00a0\u00a0\u00a0\u00a0\u00a0\u00a0\u00a0\u00a0\u00a0\u00a0\u00a0\u00a0\u00a0\u00a0\u00a0\u00a0\u00a0\u00a0\u00a0\u00a0\u00a0\u00a0\u00a0\u00a0\u00a0\u00a0\u00a0\u00a0\u00a0\u00a0\u00a0\u00a0\u00a0\u00a0\u00a0\u00a0\u00a0\u00a0\u00a0\u00a0\u00a0\u00a0\u00a0\u00a0\u00a0\u00a0\u00a0\u00a0\u00a0\u00a0\u00a0\u00a0\u00a0\u00a0\u00a0\u00a0\u00a0\u00a0\u00a0\u00a0\u00a0\u00a0\u00a0\u00a0 \u00bfEstar\u00e1 la respuesta del viaje a otros mundos en la mec\u00e1nica cu\u00e1ntica?<\/p>\n<p style=\"text-align: justify;\">Necesitamos tiempo para cambiar las cosas. Sobre todo, la cultura cient\u00edfica de los pueblos.La Ciencia es un \u00e1mbito que s\u00f3lo visitan unos pocos. Deber\u00eda ser obligatorio que en las escuelas todos salieran sabiendo (de manera b\u00e1sica) lo que es la Ciencia, en qu\u00e9 mundo vivimos, el origen de los seres humanos y de las dem\u00e1s criaturas, y, desde luego, un conocimiento sencillo de la Naturaleza y del Universo al que pertenecemos. Es penoso que, preguntados unos recien licenciados por c\u00f3mo se formaban las estrellas, de una encuesta realizada a 100 individuos, s\u00f3lo tres contestaron de manera correcta.<\/p>\n<p style=\"text-align: justify;\">Sinceramente creo que son los gobiernos los que fomentan este <a id=\"_GPLITA_11\" title=\"Click to Continue > by Savings Wave&#8221; href=&#8221;http:\/\/www.emiliosilveravazquez.com\/blog\/2013\/10\/28\/hablando-de-fisica-y-otras-cuestiones\/#&#8221;>tipo<\/a> de sociedades \u201cno pensantes\u201d que se pueden guiar f\u00e1cilmente con los programas \u201cbasura\u201d de las televisiones que facilitan y colaboran a que no levantemos cabeza. La TV que deber\u00eda ser educativa, la mayor\u00eda de las veces s\u00f3lo contienen programas enbrutecedores. Con raz\u00f3n dec\u00eda uno de los famosos hermanos Max, el llamado Grucho que, &#8220;la televisi\u00f3n es educativa, en casa, en cuanto la encienden, me voy a mi habitaci\u00f3n a leer un libro.<\/p>\n<p style=\"text-align: justify;\">\u00a0<img decoding=\"async\" loading=\"lazy\" id=\"irc_mi\" class=\"irc_mut\" style=\"margin-top: 0px;\" src=\"http:\/\/pe.gocmenizm.com\/resimler2013\/Combate-Yamila-Pinero-y-Manuela-Gomez-se-pelean-por-Ernesto-Jimenez-250021363.jpg\" alt=\"\" width=\"524\" height=\"393\" \/><\/p>\n<p style=\"text-align: justify;\">\u00a1\u00a1 Es una pena!! Sin embargo, as\u00ed suele ser y los programas embrutecedores y mediocres llenan las pantallas de televisi\u00f3n en la mayor\u00eda de los hogares.<\/p>\n<p style=\"text-align: justify;\">Tenemos que desterrar esta situaci\u00f3n de programas vac\u00edos de contenido o prensa embrutecedora de los sentidos. Mejorar los h\u00e1bitos y, <a id=\"_GPLITA_15\" title=\"Click to Continue > by Savings Wave&#8221; href=&#8221;http:\/\/www.emiliosilveravazquez.com\/blog\/2013\/10\/28\/hablando-de-fisica-y-otras-cuestiones\/#&#8221;>desde<\/a> peque\u00f1itos, hacer que los ni\u00f1os lean mucho, que se interesen por las cosas verdaderamente importantes y que sientan dentro de su ser la curiosidad, la necesidad de saber.<\/p>\n<p style=\"text-align: justify;\">Para seguir avanzando habr\u00e1 que eliminar esta clase de sociedad aberrante, lo que de <a id=\"_GPLITA_14\" title=\"Click to Continue > by Savings Wave&#8221; href=&#8221;http:\/\/www.emiliosilveravazquez.com\/blog\/2013\/10\/28\/hablando-de-fisica-y-otras-cuestiones\/#&#8221;>nuevo<\/a> nos lleva a la misma cruda realidad, necesitamos tiempo\u2026 y buena voluntad. Pero sigamos con lo nuestro.<\/p>\n<p style=\"text-align: justify;\">El tiempo es una dimensi\u00f3n que permite distinguir entre dos sucesos que ocurren en el mismo punto del espacio y que de otra forma ser\u00edan id\u00e9nticos (espacio-tiempo). El intervalo entre dos de esos sucesos constituye la base de la medida del tiempo. Para prop\u00f3sitos generales, m\u00e1s cotidianos, la rotaci\u00f3n de la Tierra sobre su eje sirve para definir las unidades del reloj (el d\u00eda y la noche con 24 horas) y la \u00f3rbita del planeta Tierra, alrededor del Sol, (el a\u00f1o) se utiliza para definir las unidades del calendario con 365 d\u00edas. Para fines cient\u00edficos, los intervalos de tiempo son <a id=\"_GPLITA_13\" title=\"Click to Continue > by Savings Wave&#8221; href=&#8221;http:\/\/www.emiliosilveravazquez.com\/blog\/2013\/10\/28\/hablando-de-fisica-y-otras-cuestiones\/#&#8221;>ahora<\/a> definidos mediante la frecuencia de una radiaci\u00f3n electromagn\u00e9tica especificada. Tambi\u00e9n es interesante pararse a ver lo que es dilataci\u00f3n de tiempos que est\u00e1 dado en un factor . Por otra parte, podr\u00edamos hablar de la operaci\u00f3n de reemplazar el tiempo <em>t<\/em> por el tiempo <em>-t<\/em>.La simetr\u00eda de la inversi\u00f3n temporal es conocida como invariancia.<\/p>\n<p style=\"text-align: justify;\">Como estamos comentando asuntos diversos que de alguna manera pueden estar relacionados con el tiempo, y comentamos tambi\u00e9n las diversas perspectivas y formas o enfoques de mirar el tiempo, no me puedo resistir aqu\u00ed una rese\u00f1a de lo que es el\u2026<\/p>\n<p style=\"text-align: justify;\">\u00a0<img decoding=\"async\" loading=\"lazy\" class=\"aligncenter\" src=\"http:\/\/upload.wikimedia.org\/wikipedia\/commons\/6\/62\/Max_Planck_1878.GIF\" alt=\"http:\/\/upload.wikimedia.org\/wikipedia\/commons\/6\/62\/Max_Planck_1878.GIF\" width=\"332\" height=\"484\" \/><\/p>\n<p style=\"text-align: justify;\">\u00a0\u00a0\u00a0\u00a0\u00a0\u00a0\u00a0\u00a0\u00a0\u00a0\u00a0\u00a0\u00a0\u00a0\u00a0\u00a0\u00a0\u00a0\u00a0\u00a0\u00a0\u00a0\u00a0\u00a0\u00a0\u00a0\u00a0\u00a0\u00a0\u00a0\u00a0\u00a0\u00a0\u00a0\u00a0\u00a0\u00a0\u00a0\u00a0\u00a0\u00a0\u00a0\u00a0\u00a0\u00a0\u00a0\u00a0\u00a0\u00a0\u00a0\u00a0\u00a0\u00a0\u00a0\u00a0\u00a0\u00a0\u00a0\u00a0\u00a0\u00a0\u00a0\u00a0\u00a0\u00a0\u00a0\u00a0\u00a0\u00a0\u00a0\u00a0\u00a0\u00a0\u00a0\u00a0\u00a0\u00a0\u00a0\u00a0\u00a0\u00a0\u00a0\u00a0\u00a0\u00a0\u00a0\u00a0\u00a0\u00a0\u00a0\u00a0\u00a0\u00a0\u00a0\u00a0\u00a0\u00a0\u00a0\u00a0\u00a0\u00a0\u00a0\u00a0\u00a0\u00a0\u00a0\u00a0\u00a0\u00a0\u00a0 El joven Planck en su \u00e9poca de estudiante<\/p>\n<p style=\"text-align: justify;\"><strong>Tiempo de Planck<\/strong><\/p>\n<p style=\"text-align: justify;\">Es el tiempo que necesita el <a href=\"http:\/\/www.emiliosilveravazquez.com\/blog\/2013\/10\/28\/hablando-de-fisica-y-otras-cuestiones\/#\">fot\u00f3n<\/a> (viajando a la velocidad de la luz, <em>c<\/em>, <a id=\"_GPLITA_17\" title=\"Click to Continue > by Savings Wave&#8221; href=&#8221;http:\/\/www.emiliosilveravazquez.com\/blog\/2013\/10\/28\/hablando-de-fisica-y-otras-cuestiones\/#&#8221;>para<\/a> moverse a trav\u00e9s de una distancia igual a la <a href=\"http:\/\/www.emiliosilveravazquez.com\/blog\/2013\/10\/28\/hablando-de-fisica-y-otras-cuestiones\/#\"><a href=\"#\" onclick=\"referencia('planck longitud de',event); return false;\">longitud de Planck<\/a><\/a>. Est\u00e1 dado por segundos, donde <em>G<\/em> es la constante gravitacional (6\u2019672 59 (85) \u00d710<sup>-11<\/sup> N m<sup>2<\/sup> kg<sup>-2<\/sup>), <em>\u0127<\/em> es la <a href=\"http:\/\/www.emiliosilveravazquez.com\/blog\/2013\/10\/28\/hablando-de-fisica-y-otras-cuestiones\/#\"><a href=\"#\" onclick=\"referencia('planck constante de',event); return false;\">constante de Planck<\/a><\/a> racionalizada (\u0127 = h\/2\u03c0 = 1\u2019054589 \u00d7 10<sup>-34<\/sup> Julios segundo) y <em>c<\/em> es la velocidad de la luz (299.792.458 m\/s).<\/p>\n<p style=\"text-align: justify;\">El valor del tiempo del Planck es del orden de 10<sup>-44<\/sup> segundos. En la cosmolog\u00eda del <a href=\"http:\/\/www.emiliosilveravazquez.com\/blog\/2013\/10\/28\/hablando-de-fisica-y-otras-cuestiones\/#\"><a href=\"#\" onclick=\"referencia('big bang',event); return false;\">Big Bang<\/a><\/a>, <a id=\"_GPLITA_16\" title=\"Click to Continue > by Savings Wave&#8221; href=&#8221;http:\/\/www.emiliosilveravazquez.com\/blog\/2013\/10\/28\/hablando-de-fisica-y-otras-cuestiones\/#&#8221;>hasta<\/a> un tiempo T<sub>p<\/sub> despu\u00e9s del instante inicial, es necesaria usar una teor\u00eda cu\u00e1ntica de la gravedad <a id=\"_GPLITA_18\" title=\"Click to Continue > by Savings Wave&#8221; href=&#8221;http:\/\/www.emiliosilveravazquez.com\/blog\/2013\/10\/28\/hablando-de-fisica-y-otras-cuestiones\/#&#8221;>para<\/a> describir la evoluci\u00f3n del universo.<\/p>\n<p style=\"text-align: justify;\">Expresado en n\u00fameros corrientes que todos podamos entender, su valor es el de la fracci\u00f3n de 1 segundo, que es el tiempo que necesita el <a href=\"http:\/\/www.emiliosilveravazquez.com\/blog\/2013\/10\/28\/hablando-de-fisica-y-otras-cuestiones\/#\">fot\u00f3n<\/a> para recorrer la <a href=\"http:\/\/www.emiliosilveravazquez.com\/blog\/2013\/10\/28\/hablando-de-fisica-y-otras-cuestiones\/#\"><a href=\"#\" onclick=\"referencia('planck longitud de',event); return false;\">longitud de Planck<\/a><\/a>, de 10<sup>-35<\/sup> metros (veinte ordenes de magnitud menor que el tama\u00f1o del <a href=\"http:\/\/www.emiliosilveravazquez.com\/blog\/2013\/10\/28\/hablando-de-fisica-y-otras-cuestiones\/#\"><a href=\"#\" onclick=\"referencia('proton',event); return false;\">prot\u00f3n<\/a><\/a> de 10<sup>-15<\/sup> metros).\u00a0 El l\u00edmite de Planck es L<sub>p<\/sub><sub>=<\/sub> \u221a ( G \u0127 \/ C<sup>3<\/sup> )<\/p>\n<p style=\"text-align: justify;\"><img decoding=\"async\" loading=\"lazy\" id=\"irc_mi\" class=\"irc_mut\" style=\"margin-top: 0px;\" src=\"http:\/\/3.bp.blogspot.com\/_2Y-BCmJL654\/SazroVz7wCI\/AAAAAAAAHRU\/ULkOutnFdyo\/s400\/Einstein__EverythingIsRelative.jpg\" alt=\"\" width=\"310\" height=\"393\" \/><\/p>\n<p style=\"text-align: justify;\">Todo, <a id=\"_GPLITA_20\" title=\"Click to Continue > by Savings Wave&#8221; href=&#8221;http:\/\/www.emiliosilveravazquez.com\/blog\/2013\/10\/28\/hablando-de-fisica-y-otras-cuestiones\/#&#8221;>desde<\/a> <a href=\"http:\/\/www.emiliosilveravazquez.com\/blog\/2013\/10\/28\/hablando-de-fisica-y-otras-cuestiones\/#\"><a href=\"#\" onclick=\"referencia('einstein',event); return false;\">Einstein<\/a><\/a>, es relativo. Depende de la pregunta que se formule y de qui\u00e9n nos de la respuesta. Y, <a id=\"_GPLITA_21\" title=\"Click to Continue > by Savings Wave&#8221; href=&#8221;http:\/\/www.emiliosilveravazquez.com\/blog\/2013\/10\/28\/hablando-de-fisica-y-otras-cuestiones\/#&#8221;>desde<\/a> luego, si nos sumergimos en el \u201cuniverso\u201d de la Me\u00b4canica Cu\u00e1ntica, adem\u00e1s de relativo, nos puede resultar m\u00e1gico, incomprensible, inaudito, asombroso, increible, y, cualquier calificativo de negaci\u00f3n que podamos encontrar\u2026le vendr\u00eda bien a las cosas que realmente pueden ocurrir en ese \u201cmundo\u201d de \u201crealidad fant\u00e1stica\u201d que no todos quisieron comprender.<\/p>\n<p style=\"text-align: justify;\">Fue por eso que <a href=\"http:\/\/www.emiliosilveravazquez.com\/blog\/2013\/10\/28\/hablando-de-fisica-y-otras-cuestiones\/#\"><a href=\"#\" onclick=\"referencia('einstein',event); return false;\">Einstein<\/a><\/a> se neg\u00f3 a aceptar las conclusiones que pudiesen llegar de un m\u00e9todo cient\u00edfico tan abierto a errores relativos, enunciando as\u00ed su ya conocida frase \u201cNo creo que Dios juegue a los dados con nosotros\u201d.<\/p>\n<p style=\"text-align: justify;\">Sin embargo, la Teor\u00eda Cu\u00e1ntica sigui\u00f3 adelante y hemos llegado a lo que hemos llegado. Hoy podemos explicar algunos de los m\u00e1s especiales fen\u00f3menos de <a id=\"_GPLITA_23\" title=\"Click to Continue > by Savings Wave&#8221; href=&#8221;http:\/\/www.emiliosilveravazquez.com\/blog\/2013\/10\/28\/hablando-de-fisica-y-otras-cuestiones\/#&#8221;>entre<\/a> los a\u00f1os 1930-1950, y, posterioemente, muchos han sido los avances que en la F\u00edsica cu\u00e1ntica se han logrado.<\/p>\n<p style=\"text-align: justify;\"><img decoding=\"async\" loading=\"lazy\" id=\"irc_mi\" class=\"irc_mut\" style=\"margin-top: 75px;\" src=\"http:\/\/centros5.pntic.mec.es\/ies.victoria.kent\/Rincon-C\/Curiosid\/rc-85\/p-3\/image012.jpg\" alt=\"\" width=\"291\" height=\"243\" \/><\/p>\n<p style=\"text-align: justify;\">Si hasta casi 1930 las \u00fanicas part\u00edculas realmente conocidas eran los <a href=\"http:\/\/www.emiliosilveravazquez.com\/blog\/2013\/10\/28\/hablando-de-fisica-y-otras-cuestiones\/#\">electrones<\/a> y los <a href=\"http:\/\/www.emiliosilveravazquez.com\/blog\/2013\/10\/28\/hablando-de-fisica-y-otras-cuestiones\/#\"><a href=\"#\" onclick=\"referencia('foton',event); return false;\">fotones<\/a><\/a>, a partir de entonces comenzaron a descubrirse te\u00f3ricamente m\u00e1s tipos de ellas, y experimentalmente a lo largo de las d\u00e9cadas siguientes. Hoy son cientos las part\u00edculas conocidas y sabemos las funciones que cada una de ellas tiene asignado, sus vidas medias, sus masas y cargas, sus espines, y, en definitiva, podemos estar orgullosos de conocer, en gran medida, a los principales componentes de la mate3ria que nos rodea y podemos ver y detectar por medio de su radiaci\u00f3n elecdtromagn\u00e9tica. Incluso, estamos buscando part\u00edculas profundamente escondidas, unas pueden estar en los oc\u00e9anos de <a href=\"http:\/\/www.emiliosilveravazquez.com\/blog\/2013\/10\/28\/hablando-de-fisica-y-otras-cuestiones\/#\"><a href=\"#\" onclick=\"referencia('higgs',event); return false;\">Higgs<\/a><\/a>, como el dicho Bos\u00f3n que supuestamente le da masa a las dem\u00e1s part\u00edculas, y, otras, como el <a href=\"http:\/\/www.emiliosilveravazquez.com\/blog\/2013\/10\/28\/hablando-de-fisica-y-otras-cuestiones\/#\"><a href=\"#\" onclick=\"referencia('graviton',event); return false;\">gravit\u00f3n<\/a><\/a>, <a id=\"_GPLITA_22\" title=\"Click to Continue > by Savings Wave&#8221; href=&#8221;http:\/\/www.emiliosilveravazquez.com\/blog\/2013\/10\/28\/hablando-de-fisica-y-otras-cuestiones\/#&#8221;>puede<\/a> estar escondido por todo el Universo pero, su inmenso radio de acci\u00f3n y su peque\u00f1ez, lo hacen \u201cinvisible\u201d a nuestros detectores.<\/p>\n<p style=\"text-align: justify;\">No pocas veces nos olvidamos de que todo lo grande est\u00e1 hecho de cosas peque\u00f1as, y, as\u00ed, una estrella est\u00e1 compuesta de part\u00edculas peque\u00f1\u00edsimas que juntas hace ese todo descomunal que brilla en el cielo y emite luz y calor al espacio que la circunda. Hay estrellas, como VY Canis Majoris cuyo di\u00e1metro es de entre ~ 3,600 a 4,200 D\u2609, su radio podr\u00eda extenderse mas all\u00e1 de la \u00f3rbita de saturno, alrededor de 9 <a href=\"http:\/\/www.emiliosilveravazquez.com\/blog\/2013\/10\/28\/hablando-de-fisica-y-otras-cuestiones\/#\">UA<\/a>.<\/p>\n<p style=\"text-align: justify;\"><img decoding=\"async\" loading=\"lazy\" src=\"http:\/\/upload.wikimedia.org\/wikipedia\/commons\/thumb\/f\/fe\/Sun_and_VY_Canis_Majoris.svg\/800px-Sun_and_VY_Canis_Majoris.svg.png\" alt=\"File:Sun and VY Canis Majoris.svg\" width=\"800\" height=\"500\" \/><\/p>\n<p style=\"text-align: justify;\">Lo cierto es que para las estrellas supermasivas, cuando llegan al final de su ciclo y dejan de brillar por agotamiento de su combustible nuclear, en ese preciso instante, el tiempo se agota para ella. Cuando una estrella pierde el equilibrio existente entre la energ\u00eda termonuclear (que tiende a expandir la estrella) y la fuerza de gravedad (que tiende a comprimirla), al quedar sin oposici\u00f3n esta \u00faltima, la estrella supermasiva se contrae aplastada bajo su propia masa. Queda comprimida hasta tal nivel que llega un momento que desaparece, para convertirse en un <a href=\"http:\/\/www.emiliosilveravazquez.com\/blog\/2013\/10\/28\/hablando-de-fisica-y-otras-cuestiones\/#\"><a href=\"#\" onclick=\"referencia('agujero negro',event); return false;\">agujero negro<\/a><\/a>, una <a href=\"http:\/\/www.emiliosilveravazquez.com\/blog\/2013\/10\/28\/hablando-de-fisica-y-otras-cuestiones\/#\"><a href=\"#\" onclick=\"referencia('singularidad',event); return false;\">singularidad<\/a><\/a>, donde dejan de existir el \u201ctiempo\u201d y el espacio. A su alrededor nace un <em>horizonte de sucesos<\/em>, que si se traspasa se es engullido por la enorme gravedad del <a href=\"http:\/\/www.emiliosilveravazquez.com\/blog\/2013\/10\/28\/hablando-de-fisica-y-otras-cuestiones\/#\"><a href=\"#\" onclick=\"referencia('agujero negro',event); return false;\">agujero negro<\/a><\/a>, y, es precisamente cuando se forma ese <a id=\"_GPLITA_19\" title=\"Click to Continue > by Savings Wave&#8221; href=&#8221;http:\/\/www.emiliosilveravazquez.com\/blog\/2013\/10\/28\/hablando-de-fisica-y-otras-cuestiones\/#&#8221;>nuevo<\/a> y ex\u00f3tico objeto, cuando necesitamos de nuevo de la Me\u00b4canica cu\u00e1ntica para poder comprender, lo que una <a href=\"http:\/\/www.emiliosilveravazquez.com\/blog\/2013\/10\/28\/hablando-de-fisica-y-otras-cuestiones\/#\"><a href=\"#\" onclick=\"referencia('singularidad',event); return false;\">singularidad<\/a><\/a> es.<\/p>\n<p style=\"text-align: justify;\">En fin amigos, \u00a1es todo tan complej0!<\/p>\n<p style=\"text-align: justify;\"><em>emilio silvera<\/em><\/p>\n<\/div>\n<div class='bookmark'>\r\n\t\t<table align='left' border='0' cellpadding='0' width='100%'>\r\n\t\t<tr><td><span class='pushbutton'><a href='http:\/\/delicious.com\/post?url=http%3A%2F%2Fwww.emiliosilveravazquez.com%2Fblog%2F2014%2F02%2F06%2F%25c2%25bfla-mecanica-cuantica-%25c2%25a1el-efecto-tunel-y-%25c2%25bfcuanto-mas%2F&amp;title=%C2%BFLa+Mec%C3%A1nica+Cu%C3%A1ntica%21+%C2%A1El+Efecto+T%C3%BAnel%21+Y%2C+%C2%BFcuanto+m%C3%A1s%3F' title='Delicious' target='_blank' rel='nofollow'><img src='http:\/\/www.emiliosilveravazquez.com\/blog\/wp-content\/plugins\/knxdt-bookmarks-wordpress-plugin\/images\/delicious.png'  alt='' class='book_img' border='none' style='margin:1px; padding: 0;'  \/><\/a><\/span><span class='pushbutton'><a href='http:\/\/digg.com\/submit?url=http%3A%2F%2Fwww.emiliosilveravazquez.com%2Fblog%2F2014%2F02%2F06%2F%25c2%25bfla-mecanica-cuantica-%25c2%25a1el-efecto-tunel-y-%25c2%25bfcuanto-mas%2F&amp;title=%C2%BFLa+Mec%C3%A1nica+Cu%C3%A1ntica%21+%C2%A1El+Efecto+T%C3%BAnel%21+Y%2C+%C2%BFcuanto+m%C3%A1s%3F' title='Digg' target='_blank' rel='nofollow'><img src='http:\/\/www.emiliosilveravazquez.com\/blog\/wp-content\/plugins\/knxdt-bookmarks-wordpress-plugin\/images\/digg.png'  alt='' class='book_img' border='none' style='margin:1px; padding: 0;'  \/><\/a><\/span><span class='pushbutton'><a href='http:\/\/www.google.com\/bookmarks\/mark?op=edit&amp;bkmk=http%3A%2F%2Fwww.emiliosilveravazquez.com%2Fblog%2F2014%2F02%2F06%2F%25c2%25bfla-mecanica-cuantica-%25c2%25a1el-efecto-tunel-y-%25c2%25bfcuanto-mas%2F&amp;title=%C2%BFLa+Mec%C3%A1nica+Cu%C3%A1ntica%21+%C2%A1El+Efecto+T%C3%BAnel%21+Y%2C+%C2%BFcuanto+m%C3%A1s%3F' title='Google' target='_blank' rel='nofollow'><img src='http:\/\/www.emiliosilveravazquez.com\/blog\/wp-content\/plugins\/knxdt-bookmarks-wordpress-plugin\/images\/google.png'   alt='' class='book_img' border='none' style='margin:1px; padding: 0;'  \/><\/a><\/span><span class='pushbutton'><a href='http:\/\/myweb2.search.yahoo.com\/myresults\/bookmarklet?u=http%3A%2F%2Fwww.emiliosilveravazquez.com%2Fblog%2F2014%2F02%2F06%2F%25c2%25bfla-mecanica-cuantica-%25c2%25a1el-efecto-tunel-y-%25c2%25bfcuanto-mas%2F&amp;t=%C2%BFLa+Mec%C3%A1nica+Cu%C3%A1ntica%21+%C2%A1El+Efecto+T%C3%BAnel%21+Y%2C+%C2%BFcuanto+m%C3%A1s%3F' title='Yahoo' target='_blank' rel='nofollow'><img src='http:\/\/www.emiliosilveravazquez.com\/blog\/wp-content\/plugins\/knxdt-bookmarks-wordpress-plugin\/images\/yahoo.png'  alt='' class='book_img' border='none' style='margin:1px; padding: 0;'  \/><\/a><\/span><span class='pushbutton'><a href='http:\/\/www.technorati.com\/faves?add=http%3A%2F%2Fwww.emiliosilveravazquez.com%2Fblog%2F2014%2F02%2F06%2F%25c2%25bfla-mecanica-cuantica-%25c2%25a1el-efecto-tunel-y-%25c2%25bfcuanto-mas%2F' title='Technorati' target='_blank' rel='nofollow'><img src='http:\/\/www.emiliosilveravazquez.com\/blog\/wp-content\/plugins\/knxdt-bookmarks-wordpress-plugin\/images\/technorati.png'  alt='' class='book_img' border='none' style='margin:1px; padding: 0;'  \/><\/a><\/span><span class='pushbutton'><a href='http:\/\/meneame.net\/submit.php?url=http%3A%2F%2Fwww.emiliosilveravazquez.com%2Fblog%2F2014%2F02%2F06%2F%25c2%25bfla-mecanica-cuantica-%25c2%25a1el-efecto-tunel-y-%25c2%25bfcuanto-mas%2F' title='Meneame' target='_blank' rel='nofollow'><img src='http:\/\/www.emiliosilveravazquez.com\/blog\/wp-content\/plugins\/knxdt-bookmarks-wordpress-plugin\/images\/meneame.png'  alt='' class='book_img' border='none' style='margin:1px; padding: 0;'  \/><\/a><\/span><span class='pushbutton'><a href='http:\/\/enchilame.com\/submit.php?url=http:\/\/www.emiliosilveravazquez.com\/blog\/2014\/02\/06\/%c2%bfla-mecanica-cuantica-%c2%a1el-efecto-tunel-y-%c2%bfcuanto-mas\/' target='_blank' rel='nofollow'><img title='Enchilame' src='http:\/\/www.emiliosilveravazquez.com\/blog\/wp-content\/plugins\/knxdt-bookmarks-wordpress-plugin\/images\/enchilame.png'  alt='' class='book_img' border='none' style='margin:1px; padding: 0;'  \/><\/a><\/span><span class='pushbutton'><a href='http:\/\/www.blinklist.com\/index.php?Action=Blink\/addblink.php&amp;Description=&amp;Url=http%3A%2F%2Fwww.emiliosilveravazquez.com%2Fblog%2F2014%2F02%2F06%2F%25c2%25bfla-mecanica-cuantica-%25c2%25a1el-efecto-tunel-y-%25c2%25bfcuanto-mas%2F&amp;title=%C2%BFLa+Mec%C3%A1nica+Cu%C3%A1ntica%21+%C2%A1El+Efecto+T%C3%BAnel%21+Y%2C+%C2%BFcuanto+m%C3%A1s%3F' title='BlinkList' target='_blank' rel='nofollow'><img src='http:\/\/www.emiliosilveravazquez.com\/blog\/wp-content\/plugins\/knxdt-bookmarks-wordpress-plugin\/images\/blinklist.png'  alt='' class='book_img' border='none' style='margin:1px; padding: 0;'  \/><\/a><\/span><span class='pushbutton'><a href='http:\/\/reddit.com\/submit?url=http%3A%2F%2Fwww.emiliosilveravazquez.com%2Fblog%2F2014%2F02%2F06%2F%25c2%25bfla-mecanica-cuantica-%25c2%25a1el-efecto-tunel-y-%25c2%25bfcuanto-mas%2F&amp;title=%C2%BFLa+Mec%C3%A1nica+Cu%C3%A1ntica%21+%C2%A1El+Efecto+T%C3%BAnel%21+Y%2C+%C2%BFcuanto+m%C3%A1s%3F' title='Reddit' target='_blank' rel='nofollow'><img src='http:\/\/www.emiliosilveravazquez.com\/blog\/wp-content\/plugins\/knxdt-bookmarks-wordpress-plugin\/images\/reddit.png'  alt='' class='book_img' border='none' style='margin:1px; padding: 0;'  \/><\/a><\/span><span class='pushbutton'><a href='http:\/\/www.tecnologiadiaria.com\/2009\/07\/abrir-com-hotmail-correo.html' target='_blank' title='hotmail'><img src='http:\/\/www.emiliosilveravazquez.com\/blog\/wp-content\/plugins\/knxdt-bookmarks-wordpress-plugin\/images\/linklove.png' alt='hotmail correo' class='book_img' border='none' style='margin:1px; padding: 0;' \/><\/a><\/span><span class='pushbutton'><a href='http:\/\/bitacoras.com\/votar\/anotacion\/externo\/mini\/www.emiliosilveravazquez.com\/blog\/2014\/02\/06\/%c2%bfla-mecanica-cuantica-%c2%a1el-efecto-tunel-y-%c2%bfcuanto-mas\/' title='Bitacoras.com' target='_blank' rel='nofollow'><img src='http:\/\/www.emiliosilveravazquez.com\/blog\/wp-content\/plugins\/knxdt-bookmarks-wordpress-plugin\/images\/bitacoras.png'  alt='' class='book_img' border='none' style='margin:1px; padding: 0;'  \/><\/a><\/span><span class='pushbutton'><a href='http:\/\/www.wikio.es\/vote?url=http%3A%2F%2Fwww.emiliosilveravazquez.com%2Fblog%2F2014%2F02%2F06%2F%25c2%25bfla-mecanica-cuantica-%25c2%25a1el-efecto-tunel-y-%25c2%25bfcuanto-mas%2F' title='Wikio' target='_blank' rel='nofollow'><img src='http:\/\/www.emiliosilveravazquez.com\/blog\/wp-content\/plugins\/knxdt-bookmarks-wordpress-plugin\/images\/wikio.png'   alt='' class='book_img' border='none' style='margin:1px; padding: 0;'   \/><\/a><\/span><span class='pushbutton'><a href='http:\/\/friendfeed.com\/?url=http%3A%2F%2Fwww.emiliosilveravazquez.com%2Fblog%2F2014%2F02%2F06%2F%25c2%25bfla-mecanica-cuantica-%25c2%25a1el-efecto-tunel-y-%25c2%25bfcuanto-mas%2F&amp;title=%C2%BFLa+Mec%C3%A1nica+Cu%C3%A1ntica%21+%C2%A1El+Efecto+T%C3%BAnel%21+Y%2C+%C2%BFcuanto+m%C3%A1s%3F' title='Friend Feed' target='_blank' rel='nofollow'><img src='http:\/\/www.emiliosilveravazquez.com\/blog\/wp-content\/plugins\/knxdt-bookmarks-wordpress-plugin\/images\/friendfeed.png'  alt='' class='book_img' border='none' style='margin:1px; padding: 0;'  \/><\/a><\/span><span class='pushbutton'><a href='http:\/\/www.facebook.com\/share.php?u=http%3A%2F%2Fwww.emiliosilveravazquez.com%2Fblog%2F2014%2F02%2F06%2F%25c2%25bfla-mecanica-cuantica-%25c2%25a1el-efecto-tunel-y-%25c2%25bfcuanto-mas%2F&amp;t=%C2%BFLa+Mec%C3%A1nica+Cu%C3%A1ntica%21+%C2%A1El+Efecto+T%C3%BAnel%21+Y%2C+%C2%BFcuanto+m%C3%A1s%3F' title='Facebook' target='_blank' rel='nofollow'><img src='http:\/\/www.emiliosilveravazquez.com\/blog\/wp-content\/plugins\/knxdt-bookmarks-wordpress-plugin\/images\/facebook.png'  alt='' class='book_img' border='none' style='margin:1px; padding: 0;'  \/><\/a><\/span><span class='pushbutton'><a href='http:\/\/twitter.com\/home?status=%C2%BFLa+Mec%C3%A1nica+Cu%C3%A1ntica%21+%C2%A1El+Efecto+T%C3%BAnel%21+Y%2C+%C2%BFcuanto+m%C3%A1s%3F: http%3A%2F%2Fwww.emiliosilveravazquez.com%2Fblog%2F2014%2F02%2F06%2F%25c2%25bfla-mecanica-cuantica-%25c2%25a1el-efecto-tunel-y-%25c2%25bfcuanto-mas%2F' title='Twitter' target='_blank' rel='nofollow'><img src='http:\/\/www.emiliosilveravazquez.com\/blog\/wp-content\/plugins\/knxdt-bookmarks-wordpress-plugin\/images\/twitter.png'  alt='' class='book_img' border='none' style='margin:1px; padding: 0;'  \/><\/a><\/span><span class='pushbutton'><a href='http:\/\/www.feedburner.com\/fb\/a\/emailFlare?itemTitle=%C2%BFLa+Mec%C3%A1nica+Cu%C3%A1ntica%21+%C2%A1El+Efecto+T%C3%BAnel%21+Y%2C+%C2%BFcuanto+m%C3%A1s%3F&amp;uri=http%3A%2F%2Fwww.emiliosilveravazquez.com%2Fblog%2F2014%2F02%2F06%2F%25c2%25bfla-mecanica-cuantica-%25c2%25a1el-efecto-tunel-y-%25c2%25bfcuanto-mas%2F' title='Enviar por Email' target='_blank' rel='nofollow'><img src='http:\/\/www.emiliosilveravazquez.com\/blog\/wp-content\/plugins\/knxdt-bookmarks-wordpress-plugin\/images\/email.png'  alt='' class='book_img' border='none' style='margin:1px; padding: 0;'  \/><\/a><\/span><span style='font-weight:bold; padding-left: 5px;'><a href='http:\/\/wordpress.org\/extend\/plugins\/knxdt-bookmarks-wordpress-plugin\/' title='Plugin' rel='nofollow' target='_blank'>[?]<\/a><\/span><\/td><\/tr><\/table><br\/><br\/><\/div>","protected":false},"excerpt":{"rendered":"<p>\u00ab \u00a1La Entrop\u00eda! con el paso del tiempo, todo lo destruye \u00a1Es tan bonito saber! A m\u00ed me gustar\u00eda. \u00bb Como otras tantas veces aqu\u00ed, comenzar\u00e9 hablando del \u00e1tomo de Carbono que, para m\u00ed, es el m\u00e1s importante de todos al ser el que posibilita la vida tal como la conocemos. &nbsp; &nbsp; El \u00e1tomo [&hellip;]<\/p>\n","protected":false},"author":2,"featured_media":0,"comment_status":"open","ping_status":"open","sticky":false,"template":"","format":"standard","meta":{"_s2mail":"yes","footnotes":""},"categories":[190],"tags":[],"_links":{"self":[{"href":"http:\/\/www.emiliosilveravazquez.com\/blog\/wp-json\/wp\/v2\/posts\/10540"}],"collection":[{"href":"http:\/\/www.emiliosilveravazquez.com\/blog\/wp-json\/wp\/v2\/posts"}],"about":[{"href":"http:\/\/www.emiliosilveravazquez.com\/blog\/wp-json\/wp\/v2\/types\/post"}],"author":[{"embeddable":true,"href":"http:\/\/www.emiliosilveravazquez.com\/blog\/wp-json\/wp\/v2\/users\/2"}],"replies":[{"embeddable":true,"href":"http:\/\/www.emiliosilveravazquez.com\/blog\/wp-json\/wp\/v2\/comments?post=10540"}],"version-history":[{"count":0,"href":"http:\/\/www.emiliosilveravazquez.com\/blog\/wp-json\/wp\/v2\/posts\/10540\/revisions"}],"wp:attachment":[{"href":"http:\/\/www.emiliosilveravazquez.com\/blog\/wp-json\/wp\/v2\/media?parent=10540"}],"wp:term":[{"taxonomy":"category","embeddable":true,"href":"http:\/\/www.emiliosilveravazquez.com\/blog\/wp-json\/wp\/v2\/categories?post=10540"},{"taxonomy":"post_tag","embeddable":true,"href":"http:\/\/www.emiliosilveravazquez.com\/blog\/wp-json\/wp\/v2\/tags?post=10540"}],"curies":[{"name":"wp","href":"https:\/\/api.w.org\/{rel}","templated":true}]}}