{"id":10538,"date":"2014-02-05T06:31:57","date_gmt":"2014-02-05T05:31:57","guid":{"rendered":"http:\/\/www.emiliosilveravazquez.com\/blog\/?p=10538"},"modified":"2014-02-05T06:31:57","modified_gmt":"2014-02-05T05:31:57","slug":"%c2%bfla-mecanica-cuantica-%c2%a1extrano-mundo","status":"publish","type":"post","link":"http:\/\/www.emiliosilveravazquez.com\/blog\/2014\/02\/05\/%c2%bfla-mecanica-cuantica-%c2%a1extrano-mundo\/","title":{"rendered":"\u00bfLa Mec\u00e1nica cu\u00e1ntica? \u00a1Extra\u00f1o &#8220;mundo&#8221;!"},"content":{"rendered":"<p><img decoding=\"async\" loading=\"lazy\" id=\"il_fi\" src=\"http:\/\/www.princetoninstruments.com\/Uploads\/Princeton\/Images\/pcimages3_med_res.jpg\" alt=\"\" width=\"662\" height=\"463\" \/><\/p>\n<p>&nbsp;<\/p>\n<p>&nbsp;<\/p>\n<p style=\"text-align: justify;\">La condensaci\u00f3n Bose-<a href=\"http:\/\/www.emiliosilveravazquez.com\/blog\/2012\/11\/18\/%C2%A1materia-%C2%A1antimateria-y-nosotros-inmersos-en-todo-esto\/#\"><a href=\"#\" onclick=\"referencia('einstein',event); return false;\">Einstein<\/a><\/a> es de importancia fundamental para explicar el fen\u00f3meno de la superfluidez. A temperaturas muy bajas (del orden de 2\u00d710<sup>-7<\/sup> K) se puede formar un condensado de Bose-<a href=\"http:\/\/www.emiliosilveravazquez.com\/blog\/2012\/11\/18\/%C2%A1materia-%C2%A1antimateria-y-nosotros-inmersos-en-todo-esto\/#\"><a href=\"#\" onclick=\"referencia('einstein',event); return false;\">Einstein<\/a><\/a>, en el que varios miles de \u00e1tomos forman una \u00fanica entidad (un super\u00e1tomo). Este efecto ha sido observado con \u00e1tomos de rubidio y litio. Como ha habr\u00e9is podido suponer, la condensaci\u00f3n Bose-<a href=\"http:\/\/www.emiliosilveravazquez.com\/blog\/2012\/11\/18\/%C2%A1materia-%C2%A1antimateria-y-nosotros-inmersos-en-todo-esto\/#\"><a href=\"#\" onclick=\"referencia('einstein',event); return false;\">Einstein<\/a><\/a> es llamada as\u00ed en honor al f\u00edsico Satyendra Nath Bose (1.894 \u2013 1.974) y a Albert <a href=\"http:\/\/www.emiliosilveravazquez.com\/blog\/2012\/11\/18\/%C2%A1materia-%C2%A1antimateria-y-nosotros-inmersos-en-todo-esto\/#\"><a href=\"#\" onclick=\"referencia('einstein',event); return false;\">Einstein<\/a><\/a>. As\u00ed que, el <a href=\"http:\/\/www.emiliosilveravazquez.com\/blog\/2012\/11\/18\/%C2%A1materia-%C2%A1antimateria-y-nosotros-inmersos-en-todo-esto\/#\"><a href=\"#\" onclick=\"referencia('exclusion principio de',event); return false;\">principio de exclusi\u00f3n<\/a><\/a> de Pauli tiene aplicaci\u00f3n no s\u00f3lo a los <a href=\"http:\/\/www.emiliosilveravazquez.com\/blog\/2012\/11\/18\/%C2%A1materia-%C2%A1antimateria-y-nosotros-inmersos-en-todo-esto\/#\">electrones<\/a>, sino tambi\u00e9n a los <a href=\"http:\/\/www.emiliosilveravazquez.com\/blog\/2012\/11\/18\/%C2%A1materia-%C2%A1antimateria-y-nosotros-inmersos-en-todo-esto\/#\"><a href=\"#\" onclick=\"referencia('fermion',event); return false;\">fermiones<\/a><\/a>; pero no a los <a href=\"http:\/\/www.emiliosilveravazquez.com\/blog\/2012\/11\/18\/%C2%A1materia-%C2%A1antimateria-y-nosotros-inmersos-en-todo-esto\/#\"><a href=\"#\" onclick=\"referencia('bosones',event); return false;\">bosones<\/a><\/a>. Debido al <a href=\"http:\/\/www.emiliosilveravazquez.com\/blog\/2012\/11\/18\/%C2%A1materia-%C2%A1antimateria-y-nosotros-inmersos-en-todo-esto\/#\"><a href=\"#\" onclick=\"referencia('exclusion principio de',event); return false;\">principio de exclusi\u00f3n<\/a><\/a> de Pauli, es imposible que dos <a href=\"http:\/\/www.emiliosilveravazquez.com\/blog\/2012\/11\/18\/%C2%A1materia-%C2%A1antimateria-y-nosotros-inmersos-en-todo-esto\/#\"><a href=\"#\" onclick=\"referencia('fermion',event); return false;\">fermiones<\/a><\/a> ocupen el mismo <a id=\"_GPLITA_9\" title=\"Click to Continue > by Savings Wave&#8221; href=&#8221;http:\/\/www.emiliosilveravazquez.com\/blog\/2012\/11\/18\/%C2%A1materia-%C2%A1antimateria-y-nosotros-inmersos-en-todo-esto\/#&#8221;>estado<img decoding=\"async\" src=\"http:\/\/savingswave-a.akamaihd.net\/items\/it\/img\/arrow-10x10.png\" alt=\"\" \/><\/a> cu\u00e1ntico (al contrario de lo que ocurre con los <a href=\"http:\/\/www.emiliosilveravazquez.com\/blog\/2012\/11\/18\/%C2%A1materia-%C2%A1antimateria-y-nosotros-inmersos-en-todo-esto\/#\"><a href=\"#\" onclick=\"referencia('bosones',event); return false;\">bosones<\/a><\/a>).<\/p>\n<p style=\"text-align: justify;\">De esa manera, el condensado de Bose-Eintein, es un fen\u00f3meno que ocurre en los sistemas macrosc\u00f3picos\u00a0 consistente en un gran n\u00famero de Bosones a temperaturas suficientemente bajas, en el que una fracci\u00f3n significativa de esas part\u00edculas ocupan un \u00fanico estado cu\u00e1ntico de energ\u00eda m\u00e1s baja (el estado fundamental). As\u00ed que el condensado de Bose-<a href=\"#\" onclick=\"referencia('einstein',event); return false;\">Einstein<\/a> s\u00f3lo puede ocurrir para los Bosones, toda vez que para los <a href=\"#\" onclick=\"referencia('fermion',event); return false;\">fermiones<\/a>, el Principio de esclusi\u00f3n de Pauli no lo permite, por lo que no hay fen\u00f3menos an\u00e1logos de condensaci\u00f3n para estas part\u00edculas.<\/p>\n<p style=\"text-align: justify;\"><img decoding=\"async\" loading=\"lazy\" id=\"irc_mi\" class=\"irc_mut\" style=\"margin-top: 106px;\" src=\"http:\/\/upload.wikimedia.org\/wikipedia\/commons\/thumb\/1\/13\/Classical-quantum.svg\/280px-Classical-quantum.svg.png\" alt=\"\" width=\"280\" height=\"182\" \/><\/p>\n<p style=\"text-align: justify;\"><strong>Part\u00edculas y campos, cl\u00e1sicos y cu\u00e1nticos.<\/strong> Las nociones cl\u00e1sicas de part\u00edcula y campo comparadas con su contrapartida cu\u00e1ntica. Una part\u00edcula cu\u00e1ntica est\u00e1 deslocalizada: su posici\u00f3n se reparte en una distribuci\u00f3n de probabilidad. Un campo cu\u00e1ntico es equivalente a un colectivo de part\u00edculas cu\u00e1nticas.<\/p>\n<p style=\"text-align: justify;\">El concepto de &#8220;Campo&#8221; est\u00e1 muy ligado a los experimentos de Faraday. Hist\u00f3ricamente fue introducido para explicar la acci\u00f3n a distancia de las fuerzas magn\u00e9ticas, el\u00e9ctricas y, m\u00e1s tarde de gravedad. Con el tiempo y los nuevos conocimientos,\u00a0 su significado se ha extendido substancialmente, para describir varianciones de temperatura, tensiones mec\u00e1nicas en un cuerpo, propagaci\u00f3n de ondas&#8230;, y otros fen\u00f3menos a los que le son de aplicaci\u00f3n el concepto de &#8220;campo&#8221;.<\/p>\n<div class=\"thumb tright\" style=\"width: 352px;\">\n<div class=\"thumbinner\">\n<div style=\"float: left; margin: 1px; width: 134px;\">\n<div class=\"thumbimage\"><a class=\"image\" href=\"http:\/\/commons.wikimedia.org\/wiki\/File:Feynman_at_Los_Alamos.jpg\"><img decoding=\"async\" loading=\"lazy\" src=\"http:\/\/upload.wikimedia.org\/wikipedia\/commons\/thumb\/a\/aa\/Feynman_at_Los_Alamos.jpg\/132px-Feynman_at_Los_Alamos.jpg\" alt=\"Feynman at Los Alamos.jpg\" width=\"132\" height=\"141\" \/><\/a><\/div>\n<\/div>\n<div style=\"float: left; margin: 1px; width: 102px;\">\n<div class=\"thumbimage\"><a class=\"image\" href=\"http:\/\/commons.wikimedia.org\/wiki\/File:Tomonaga.jpg\"><img decoding=\"async\" loading=\"lazy\" src=\"http:\/\/upload.wikimedia.org\/wikipedia\/commons\/thumb\/3\/3a\/Tomonaga.jpg\/100px-Tomonaga.jpg\" alt=\"Tomonaga.jpg\" width=\"100\" height=\"141\" \/><\/a><\/div>\n<\/div>\n<div style=\"float: left; margin: 1px; width: 102px;\">\n<div class=\"thumbimage\"><a class=\"image\" href=\"http:\/\/commons.wikimedia.org\/wiki\/File:Schwinger.jpg\"><img decoding=\"async\" loading=\"lazy\" src=\"http:\/\/upload.wikimedia.org\/wikipedia\/commons\/thumb\/3\/3c\/Schwinger.jpg\/100px-Schwinger.jpg\" alt=\"Schwinger.jpg\" width=\"100\" height=\"141\" \/><\/a><\/div>\n<\/div>\n<div class=\"thumbcaption\" style=\"clear: both; background-color: transparent; text-align: justify;\">Richard Feynman, Shin`ichiro Tomanaga y Julian Schwinger, desarrollaron la electrodin\u00e1mica cu\u00e1ntica y, por ello, recibieron el Nobel en 1965<\/div>\n<\/div>\n<\/div>\n<p style=\"text-align: justify;\">La <strong>teor\u00eda cu\u00e1ntica de campos<\/strong> es una disciplina de la f\u00edsica que aplica los principios de la mec\u00e1nica cu\u00e1ntica a los sistemas cl\u00e1sicos de campos, como por ejemplo el campo electromagn\u00e9tico. Una consecuencia inmediata de esta teor\u00eda es que el comportamiento cu\u00e1ntico de un campo continuo es equivalente al de un sistema de part\u00edculas<sup id=\"cite_ref-1\"><a href=\"http:\/\/es.wikipedia.org\/wiki\/Teor%C3%ADa_cu%C3%A1ntica_de_campos#cite_note-1\">n 1<\/a><\/sup> cuyo n\u00famero no es constante, es decir, que pueden crearse o destruirse. Tambi\u00e9n se la denomina <strong>teor\u00eda de campos cu\u00e1nticos<\/strong>, <strong>TCC<\/strong>o <em><strong>QFT<\/strong><\/em>, sigla en ingl\u00e9s de <em>quantum field theory<\/em>.<\/p>\n<p style=\"text-align: justify;\">Su principal aplicaci\u00f3n es la f\u00edsica de altas energ\u00edas,\u00a0 donde se combina con los postulados de la <a href=\"#\" onclick=\"referencia('relatividad',event); return false;\">relatividad<\/a> especial. En este r\u00e9gimen se usa para estudiar las part\u00edculas subat\u00f3micas y sus interacciones, y permite explicar fen\u00f3menos como la relaci\u00f3n entre estp\u00edn y estad\u00edstica, la simetr\u00eda CPT, la existencias de antimateria&#8230; etc.<\/p>\n<p style=\"text-align: justify;\">La <strong>radiaci\u00f3n de sincrotr\u00f3n<\/strong> es laradiaci\u00f3n electromagn\u00e9tica generada por part\u00edculas cargadas (tales como <a href=\"#\" onclick=\"referencia('electron',event); return false;\">electrones<\/a>) que se mueven seg\u00fan una trayectoria curva a alta velocidad (una fracci\u00f3n apreciable de la velocidad de la luz) en un campo magn\u00e9tico. Cuanto m\u00e1s r\u00e1pido se mueven los <a href=\"#\" onclick=\"referencia('electron',event); return false;\">electrones<\/a>, m\u00e1s corta es la longitud de onda de la radiaci\u00f3n. La emisi\u00f3n sincrotr\u00f3n se produce artificialmente en los anillos de almacenamiento de un sincrotr\u00f3n,\u00a0 y en la naturaleza se produce por los <a href=\"#\" onclick=\"referencia('electron',event); return false;\">electrones<\/a> a muy altas velocidades movi\u00e9ndose a trav\u00e9s de los campos magn\u00e9ticos del espacio, y se observa en las explosiones y en remanentes de supernovas, radiogalaxias y <a href=\"#\" onclick=\"referencia('pulsar',event); return false;\">p\u00falsares<\/a> entre otros.<\/p>\n<p style=\"text-align: justify;\"><img decoding=\"async\" loading=\"lazy\" src=\"http:\/\/www.extraconfidencial.com\/archivos2\/esquema_pulsar.jpg\" alt=\"\" width=\"320\" height=\"158\" align=\"left\" hspace=\"10\" vspace=\"10\" \/><\/p>\n<p style=\"text-align: justify;\">La <strong>radiaci\u00f3n sincrotr\u00f3n<\/strong> es la que produce una part\u00edcula cargada; por ejemplo, un <a href=\"http:\/\/www.emiliosilveravazquez.com\/blog\/2012\/11\/18\/%C2%A1materia-%C2%A1antimateria-y-nosotros-inmersos-en-todo-esto\/#\">electr\u00f3n<\/a>, cuando gira en un campo magn\u00e9tico. En funci\u00f3n de la energ\u00eda del <a href=\"http:\/\/www.emiliosilveravazquez.com\/blog\/2012\/11\/18\/%C2%A1materia-%C2%A1antimateria-y-nosotros-inmersos-en-todo-esto\/#\">electr\u00f3n<\/a>, los <a href=\"http:\/\/www.emiliosilveravazquez.com\/blog\/2012\/11\/18\/%C2%A1materia-%C2%A1antimateria-y-nosotros-inmersos-en-todo-esto\/#\"><a href=\"#\" onclick=\"referencia('foton',event); return false;\">fotones<\/a><\/a> emitidos pueden tener energ\u00edas de radio, de <a href=\"http:\/\/www.emiliosilveravazquez.com\/blog\/2012\/11\/18\/%C2%A1materia-%C2%A1antimateria-y-nosotros-inmersos-en-todo-esto\/#\"><a href=\"#\" onclick=\"referencia('rayos x',event); return false;\">rayos X<\/a><\/a> o mayores.<\/p>\n<p><img decoding=\"async\" loading=\"lazy\" src=\"http:\/\/www.extraconfidencial.com\/imagenes\/fotosdeldia\/pq_923_nebulosa_cangrejo.jpg\" alt=\"\" width=\"285\" height=\"217\" \/><\/p>\n<p>&nbsp;<\/p>\n<p>&nbsp;<\/p>\n<p style=\"text-align: justify;\">La observaci\u00f3n de este fen\u00f3meno ha sido posible gracias al sat\u00e9lite <strong>Fermi<\/strong>, especializado en <a href=\"http:\/\/www.emiliosilveravazquez.com\/blog\/2012\/11\/18\/%C2%A1materia-%C2%A1antimateria-y-nosotros-inmersos-en-todo-esto\/#\"><a href=\"#\" onclick=\"referencia('gamma rayos',event); return false;\">rayos gamma<\/a><\/a>, que <a id=\"_GPLITA_7\" title=\"Click to Continue > by Savings Wave&#8221; href=&#8221;http:\/\/www.emiliosilveravazquez.com\/blog\/2012\/11\/18\/%C2%A1materia-%C2%A1antimateria-y-nosotros-inmersos-en-todo-esto\/#&#8221;>cuenta<img decoding=\"async\" src=\"http:\/\/savingswave-a.akamaihd.net\/items\/it\/img\/arrow-10x10.png\" alt=\"\" \/><\/a> con un gran telescopio conocido como <strong>LAT<\/strong> (<strong>Large Area Telescope<\/strong>, por sus siglas en ingl\u00e9s). <a id=\"_GPLITA_8\" title=\"Click to Continue > by Savings Wave&#8221; href=&#8221;http:\/\/www.emiliosilveravazquez.com\/blog\/2012\/11\/18\/%C2%A1materia-%C2%A1antimateria-y-nosotros-inmersos-en-todo-esto\/#&#8221;>Desde<img decoding=\"async\" src=\"http:\/\/savingswave-a.akamaihd.net\/items\/it\/img\/arrow-10x10.png\" alt=\"\" \/><\/a> su puesta en \u00f3rbita, en junio de 2008, el<strong> LAT<\/strong> ha monitoreado la <strong>nebulosa del Cangrej<\/strong><strong>o<\/strong>.<\/p>\n<p style=\"text-align: justify;\">Si nos fijamos en todo lo que estamos hablando aqu\u00ed, es f\u00e1cil comprender c\u00f3mo <a id=\"_GPLITA_10\" title=\"Click to Continue > by Savings Wave&#8221; href=&#8221;http:\/\/www.emiliosilveravazquez.com\/blog\/2012\/11\/18\/%C2%A1materia-%C2%A1antimateria-y-nosotros-inmersos-en-todo-esto\/#&#8221;>forma<img decoding=\"async\" src=\"http:\/\/savingswave-a.akamaihd.net\/items\/it\/img\/arrow-10x10.png\" alt=\"\" \/><\/a>\u00a0 un campo magn\u00e9tico la part\u00edcula cargada que gira, pero ya no resulta tan f\u00e1cil saber por qu\u00e9 ha de hacer lo mismo un <a href=\"http:\/\/www.emiliosilveravazquez.com\/blog\/2012\/11\/18\/%C2%A1materia-%C2%A1antimateria-y-nosotros-inmersos-en-todo-esto\/#\"><a href=\"#\" onclick=\"referencia('neutron',event); return false;\">neutr\u00f3n<\/a><\/a> descargado. Lo cierto es que cuando un rayo de <a href=\"http:\/\/www.emiliosilveravazquez.com\/blog\/2012\/11\/18\/%C2%A1materia-%C2%A1antimateria-y-nosotros-inmersos-en-todo-esto\/#\">neutrones<\/a> incide sobre un hierro magnetizado, no se comporta de la misma <a id=\"_GPLITA_11\" title=\"Click to Continue > by Savings Wave&#8221; href=&#8221;http:\/\/www.emiliosilveravazquez.com\/blog\/2012\/11\/18\/%C2%A1materia-%C2%A1antimateria-y-nosotros-inmersos-en-todo-esto\/#&#8221;>forma<img decoding=\"async\" src=\"http:\/\/savingswave-a.akamaihd.net\/items\/it\/img\/arrow-10x10.png\" alt=\"\" \/><\/a> que lo har\u00eda si el hierro no estuviese magnetizado. El magnetismo del <a href=\"http:\/\/www.emiliosilveravazquez.com\/blog\/2012\/11\/18\/%C2%A1materia-%C2%A1antimateria-y-nosotros-inmersos-en-todo-esto\/#\"><a href=\"#\" onclick=\"referencia('neutron',event); return false;\">neutr\u00f3n<\/a><\/a> sigue siendo un misterio; los f\u00edsicos sospechan que contiene cargas positivas y negativas equivalente a cero, aunque por alguna raz\u00f3n desconocida, logran crear un campo magn\u00e9tico cuando gira la part\u00edcula.<\/p>\n<p style=\"text-align: justify;\">Particularmente creo que, si el <a href=\"http:\/\/www.emiliosilveravazquez.com\/blog\/2012\/11\/18\/%C2%A1materia-%C2%A1antimateria-y-nosotros-inmersos-en-todo-esto\/#\"><a href=\"#\" onclick=\"referencia('neutron',event); return false;\">neutr\u00f3n<\/a><\/a> tiene masa, si la masa es energ\u00eda (<em>E = mc<sup>2<\/sup><\/em>), y si la energ\u00eda es electricidad y magnetismo (seg\u00fan Maxwell), el magnetismo del <a href=\"http:\/\/www.emiliosilveravazquez.com\/blog\/2012\/11\/18\/%C2%A1materia-%C2%A1antimateria-y-nosotros-inmersos-en-todo-esto\/#\"><a href=\"#\" onclick=\"referencia('neutron',event); return false;\">neutr\u00f3n<\/a><\/a> no es tan extra\u00f1o, sino que es un aspecto de lo que en realidad es: \u00a1materia! La materia es la luz, la energ\u00eda, el magnetismo, en\u00a0 definitiva, la fuerza que reina en el universo y que est\u00e1 presente de una u otra <a id=\"_GPLITA_12\" title=\"Click to Continue > by Savings Wave&#8221; href=&#8221;http:\/\/www.emiliosilveravazquez.com\/blog\/2012\/11\/18\/%C2%A1materia-%C2%A1antimateria-y-nosotros-inmersos-en-todo-esto\/#&#8221;>forma<img decoding=\"async\" src=\"http:\/\/savingswave-a.akamaihd.net\/items\/it\/img\/arrow-10x10.png\" alt=\"\" \/><\/a> en todas partes (aunque a veces no podamos verla).<\/p>\n<p><img decoding=\"async\" loading=\"lazy\" id=\"il_fi\" src=\"http:\/\/upload.wikimedia.org\/wikipedia\/commons\/d\/d6\/CPdiagram.png\" alt=\"\" width=\"557\" height=\"503\" \/><\/p>\n<p>&nbsp;<\/p>\n<p>Sea como fuere, la rotaci\u00f3n del <a href=\"http:\/\/www.emiliosilveravazquez.com\/blog\/2012\/11\/18\/%C2%A1materia-%C2%A1antimateria-y-nosotros-inmersos-en-todo-esto\/#\"><a href=\"#\" onclick=\"referencia('neutron',event); return false;\">neutr\u00f3n<\/a><\/a> nos da la respuesta a esas preguntas:<\/p>\n<p>&nbsp;<\/p>\n<p style=\"text-align: justify;\">\u00bfQu\u00e9 es el anti<a href=\"http:\/\/www.emiliosilveravazquez.com\/blog\/2012\/11\/18\/%C2%A1materia-%C2%A1antimateria-y-nosotros-inmersos-en-todo-esto\/#\"><a href=\"#\" onclick=\"referencia('neutron',event); return false;\">neutr\u00f3n<\/a><\/a>? Pues, simplemente, un <a href=\"http:\/\/www.emiliosilveravazquez.com\/blog\/2012\/11\/18\/%C2%A1materia-%C2%A1antimateria-y-nosotros-inmersos-en-todo-esto\/#\"><a href=\"#\" onclick=\"referencia('neutron',event); return false;\">neutr\u00f3n<\/a><\/a> cuyo movimiento rotatorio se ha invertido; su polo sur magn\u00e9tico, por decirlo as\u00ed, est\u00e1 arriba y no abajo. En realidad, el <a href=\"http:\/\/www.emiliosilveravazquez.com\/blog\/2012\/11\/18\/%C2%A1materia-%C2%A1antimateria-y-nosotros-inmersos-en-todo-esto\/#\"><a href=\"#\" onclick=\"referencia('proton',event); return false;\">prot\u00f3n<\/a><\/a> y el anti<a href=\"http:\/\/www.emiliosilveravazquez.com\/blog\/2012\/11\/18\/%C2%A1materia-%C2%A1antimateria-y-nosotros-inmersos-en-todo-esto\/#\"><a href=\"#\" onclick=\"referencia('proton',event); return false;\">prot\u00f3n<\/a><\/a>, el <a href=\"http:\/\/www.emiliosilveravazquez.com\/blog\/2012\/11\/18\/%C2%A1materia-%C2%A1antimateria-y-nosotros-inmersos-en-todo-esto\/#\">electr\u00f3n<\/a> y el positr\u00f3n, muestran exactamente el mismo fen\u00f3meno de los polos invertidos. Es indudable que las antipart\u00edculas pueden combinarse para formar la antimateria, de la misma <a id=\"_GPLITA_15\" title=\"Click to Continue > by Savings Wave&#8221; href=&#8221;http:\/\/www.emiliosilveravazquez.com\/blog\/2012\/11\/18\/%C2%A1materia-%C2%A1antimateria-y-nosotros-inmersos-en-todo-esto\/#&#8221;>forma<img decoding=\"async\" src=\"http:\/\/savingswave-a.akamaihd.net\/items\/it\/img\/arrow-10x10.png\" alt=\"\" \/><\/a> que las part\u00edculas corrientes forman la materia ordinaria.<\/p>\n<p style=\"text-align: justify;\">La primera demostraci\u00f3n efectiva de antimateria se tuvo en Brookhaven en 1.965, donde fue bombardeado un blanco de berilio con 7 <a href=\"http:\/\/www.emiliosilveravazquez.com\/blog\/2012\/11\/18\/%C2%A1materia-%C2%A1antimateria-y-nosotros-inmersos-en-todo-esto\/#\">protones<\/a> BeV y se produjeron combinaciones de antiprotones y antineutrones, o sea, un <em>antideuter\u00f3n<\/em>. <a id=\"_GPLITA_14\" title=\"Click to Continue > by Savings Wave&#8221; href=&#8221;http:\/\/www.emiliosilveravazquez.com\/blog\/2012\/11\/18\/%C2%A1materia-%C2%A1antimateria-y-nosotros-inmersos-en-todo-esto\/#&#8221;>Desde<img decoding=\"async\" src=\"http:\/\/savingswave-a.akamaihd.net\/items\/it\/img\/arrow-10x10.png\" alt=\"\" \/><\/a> entonces se ha producido el <em>antihelio 3<\/em>, y no cabe duda de que se podr\u00eda crear otros antin\u00facleos m\u00e1s complicados a\u00fan si se abordara el problema con m\u00e1s inter\u00e9s.\u201d<\/p>\n<p><img decoding=\"async\" loading=\"lazy\" id=\"il_fi\" src=\"http:\/\/4.bp.blogspot.com\/-XQZFpB26wmQ\/TtPKYM69IrI\/AAAAAAAAADs\/YG_QlEqIXJM\/s1600\/experimento-nucle-atomo-alfa-pan-de-oro.jpg\" alt=\"\" width=\"663\" height=\"462\" \/><\/p>\n<p>&nbsp;<\/p>\n<p>&nbsp;<\/p>\n<p>&nbsp;<\/p>\n<p style=\"text-align: justify;\">\u00bfQu\u00e9 no ser\u00e1 capaz de inventar el hombre para <a id=\"_GPLITA_13\" title=\"Click to Continue > by Savings Wave&#8221; href=&#8221;http:\/\/www.emiliosilveravazquez.com\/blog\/2012\/11\/18\/%C2%A1materia-%C2%A1antimateria-y-nosotros-inmersos-en-todo-esto\/#&#8221;>descubrir<img decoding=\"async\" src=\"http:\/\/savingswave-a.akamaihd.net\/items\/it\/img\/arrow-10x10.png\" alt=\"\" \/><\/a> los misterios de la naturaleza? Podemos recordar (aunque ha pasado mucho tiempo) lo que hizo Rutherford para identificar la primera part\u00edcula nuclear (la part\u00edcula Alfa). El camino ha sido largo y muy duro, con muchos intentos fallidos antes de ir consiguiendo los triunfos (los \u00fanicos que suenan), y muchos han sido los nombres que contribuyen para conseguir llegar al conocimiento del \u00e1tomo y del n\u00facleo actual; los <a href=\"http:\/\/www.emiliosilveravazquez.com\/blog\/2012\/11\/18\/%C2%A1materia-%C2%A1antimateria-y-nosotros-inmersos-en-todo-esto\/#\">electrones<\/a> circulando alrededor del n\u00facleo, en sus diferentes niveles, con un n\u00facleo compuesto de <a href=\"http:\/\/www.emiliosilveravazquez.com\/blog\/2012\/11\/18\/%C2%A1materia-%C2%A1antimateria-y-nosotros-inmersos-en-todo-esto\/#\">protones<\/a> y <a href=\"http:\/\/www.emiliosilveravazquez.com\/blog\/2012\/11\/18\/%C2%A1materia-%C2%A1antimateria-y-nosotros-inmersos-en-todo-esto\/#\">neutrones<\/a> que, a su vez, son constituidos por los <a href=\"http:\/\/www.emiliosilveravazquez.com\/blog\/2012\/11\/18\/%C2%A1materia-%C2%A1antimateria-y-nosotros-inmersos-en-todo-esto\/#\">quarks<\/a> all\u00ed confinados por los fluones, las part\u00edculas mediadoras de la <a href=\"http:\/\/www.emiliosilveravazquez.com\/blog\/2012\/11\/18\/%C2%A1materia-%C2%A1antimateria-y-nosotros-inmersos-en-todo-esto\/#\"><a href=\"#\" onclick=\"referencia('fuerza nuclear fuerte',event); return false;\">fuerza nuclear fuerte<\/a><\/a>.\u00a0 Pero, \u00bfqu\u00e9 habr\u00e1 m\u00e1s all\u00e1 de los <a href=\"http:\/\/www.emiliosilveravazquez.com\/blog\/2012\/11\/18\/%C2%A1materia-%C2%A1antimateria-y-nosotros-inmersos-en-todo-esto\/#\">quarks<\/a>?, \u00bflas supercuerdas vibrantes? Alg\u00fan d\u00eda se sabr\u00e1.<\/p>\n<p><img decoding=\"async\" loading=\"lazy\" src=\"http:\/\/img383.imageshack.us\/img383\/6867\/partculahiggscp0.jpg\" alt=\"\" width=\"640\" height=\"477\" \/><\/p>\n<p>&nbsp;<\/p>\n<p>\u00a1Hablamos de t\u00e1ntas cosas! Desde\u00a0 fluctuaciones de vac\u00edo hasta part\u00edculas de <a href=\"#\" onclick=\"referencia('higgs',event); return false;\">Higgs<\/a> dadoras de masa<\/p>\n<p>&nbsp;<\/p>\n<p style=\"text-align: justify;\">Pero, \u00bfexiste en realidad la antimateria? \u00bfHay masas de antimateria en el universo? Si las hubiera, no revelar\u00edan su presencia a cierta distancia. Sus efectos gravitatorios y la luz que produjeran ser\u00edan id\u00e9nticos a los de la materia corriente. Sin embargo, cuando se encontrasen las masas de las distintas materias, deber\u00edan ser claramente perceptibles las reacciones masivas del aniquilamiento mutuo resultante del encuentro. As\u00ed pues, los astr\u00f3nomos observan especulativamente las galaxias, <a id=\"_GPLITA_18\" title=\"Click to Continue > by Savings Wave&#8221; href=&#8221;http:\/\/www.emiliosilveravazquez.com\/blog\/2012\/11\/18\/%C2%A1materia-%C2%A1antimateria-y-nosotros-inmersos-en-todo-esto\/#&#8221;>para<img decoding=\"async\" src=\"http:\/\/savingswave-a.akamaihd.net\/items\/it\/img\/arrow-10x10.png\" alt=\"\" \/><\/a> tratar de encontrar alguna actividad inusual que delate interacciones materia-antimateria.<\/p>\n<p>&nbsp;<\/p>\n<p>&nbsp;<\/p>\n<p><a title=\"Colisiones en CMS\" href=\"http:\/\/farm6.static.flickr.com\/5054\/5392928191_f01c7cdac8.jpg\" rel=\"nofollow\"><img decoding=\"async\" src=\"http:\/\/farm6.static.flickr.com\/5054\/5392928191_f01c7cdac8.jpg\" alt=\"Colisiones en CMS\" \/><\/a><\/p>\n<p>&nbsp;<\/p>\n<p>&nbsp;<\/p>\n<p style=\"text-align: justify;\">El 22 marzo 2011 se produjo la creaci\u00f3n de 18 n\u00facleos de antihelio-4 (un hito en la f\u00edsica de alta energ\u00eda). Una de las grandes cuestiones que crean problemas a los cosm\u00f3logos y f\u00edsicos de part\u00edculas es la distribuci\u00f3n de materia y antimateria en el universo. Ciertamente parece que la materia predomina en el cosmos, pero las apariencias pueden enga\u00f1ar. Puede que simplemente vivamos en un rinc\u00f3n del universo que parece estar dominado por la materia. Con logros como este, algunos hablan ya de galaxias de antimateria. Lo cierto es que, hoy, encontramos que hay un poco de antimateria extra en nuestro rinc\u00f3n gracias al <a id=\"_GPLITA_16\" title=\"Click to Continue > by Savings Wave&#8221; href=&#8221;http:\/\/www.emiliosilveravazquez.com\/blog\/2012\/11\/18\/%C2%A1materia-%C2%A1antimateria-y-nosotros-inmersos-en-todo-esto\/#&#8221;>trabajo<img decoding=\"async\" src=\"http:\/\/savingswave-a.akamaihd.net\/items\/it\/img\/arrow-10x10.png\" alt=\"\" \/><\/a> de la colaboraci\u00f3n STAR en el RHIC del Laboratorio Nacional Brookhaven en los Estados Unidos.<\/p>\n<p style=\"text-align: justify;\">En fin amigos, que como siempre estamos diciendo, nos queda mucho por saber sobre el comportamiento de la materia y, hasta donde \u00e9sta puede llegar con la evoluci\u00f3n a la que est\u00e1 abocada por el transcurso del tiempo, las energ\u00edas y el ritmo del Universo que, como sabemos, es un ritmo en el que el Tiempo, tiene un papel estelar.<\/p>\n<p style=\"text-align: justify;\"><img decoding=\"async\" loading=\"lazy\" id=\"irc_mi\" class=\"irc_mut\" style=\"margin-top: 47px;\" src=\"http:\/\/news.softpedia.com\/images\/news-700\/The-Eagle-Nebula-Like-You-ve-Never-Seen-It-Before.jpg\" alt=\"\" width=\"728\" height=\"300\" \/><\/p>\n<p style=\"text-align: justify;\">\u00a0 La materia est\u00e1 distribuida en las galaxias en formas muy diversas pero siempre, para cumplir una misi\u00f3n que la Naturaleza le tiene encomendada. Arriba, en la Nebulosa del \u00c1guila, surgir\u00e1n nuevas estrellas y nuevos mundos que, vaya usted a saber sino ser\u00e1n recintos para futuros ecosistemas cargados de toda clase de formas de vida.<\/p>\n<p style=\"text-align: justify;\">La Materia, en cada momento, est\u00e1 conformada en el nivel que las muchas transiciones de fase ha producido en ella mediante los mecanismos que la Naturaleza tiene para ello, y, <a id=\"_GPLITA_19\" title=\"Click to Continue > by Savings Wave&#8221; href=&#8221;http:\/\/www.emiliosilveravazquez.com\/blog\/2012\/11\/18\/%C2%A1materia-%C2%A1antimateria-y-nosotros-inmersos-en-todo-esto\/#&#8221;>desde<img decoding=\"async\" src=\"http:\/\/savingswave-a.akamaihd.net\/items\/it\/img\/arrow-10x10.png\" alt=\"\" \/><\/a> luego, una porci\u00f3n de ella puede estar hoy formando el lecho de un rumoroso r\u00edo, y, \u201cma\u00f1ana\u201d, podr\u00eda estar formando parte de un f\u00e9rtil \u00e1rbol que proporciona una sabrosa fruta, o, \u00bfpor qu\u00e9 no? Podr\u00eda estar formando parte de un ex\u00f3tico <a href=\"http:\/\/www.emiliosilveravazquez.com\/blog\/2012\/11\/18\/%C2%A1materia-%C2%A1antimateria-y-nosotros-inmersos-en-todo-esto\/#\"><a href=\"#\" onclick=\"referencia('agujero negro',event); return false;\">agujero negro<\/a><\/a>. Cualquier cosa que podamos pensar sobre la materia, en realidad es posible. S\u00f3lo se necesita tiempo para que el cambio, finalmente, se pueda producir.<\/p>\n<p style=\"text-align: justify;\">\u00bfQu\u00e9 seremos nosotros dentro de 10 millones de A\u00f1os? \u00bfEstaremos aqu\u00ed? \u00bfEn qu\u00e9 <a id=\"_GPLITA_21\" title=\"Click to Continue > by Savings Wave&#8221; href=&#8221;http:\/\/www.emiliosilveravazquez.com\/blog\/2012\/11\/18\/%C2%A1materia-%C2%A1antimateria-y-nosotros-inmersos-en-todo-esto\/#&#8221;>forma<img decoding=\"async\" src=\"http:\/\/savingswave-a.akamaihd.net\/items\/it\/img\/arrow-10x10.png\" alt=\"\" \/><\/a>? \u00bfQu\u00e9 cambios se habr\u00e1n producido en nosotros? Y, si hemos conseguido vencer ese per\u00edodo de tiempo, lo que de verdad espero es que la Humanidad o lo que pueda ser en lo que se convierta la actual, si tiene consciencia de SER, que al menos, con los cambios y mutaciones, no pierda ese bien tan preciado que llamamos\u00a0 SENTIMIENTOS aunque, para entonces, est\u00e9n hechos de antimateria.<\/p>\n<p>emilio silvera<\/p>\n<div class='bookmark'>\r\n\t\t<table align='left' border='0' cellpadding='0' width='100%'>\r\n\t\t<tr><td><span class='pushbutton'><a href='http:\/\/delicious.com\/post?url=http%3A%2F%2Fwww.emiliosilveravazquez.com%2Fblog%2F2014%2F02%2F05%2F%25c2%25bfla-mecanica-cuantica-%25c2%25a1extrano-mundo%2F&amp;title=%C2%BFLa+Mec%C3%A1nica+cu%C3%A1ntica%3F+%C2%A1Extra%C3%B1o+%26%238220%3Bmundo%26%238221%3B%21' title='Delicious' target='_blank' rel='nofollow'><img src='http:\/\/www.emiliosilveravazquez.com\/blog\/wp-content\/plugins\/knxdt-bookmarks-wordpress-plugin\/images\/delicious.png'  alt='' class='book_img' border='none' style='margin:1px; padding: 0;'  \/><\/a><\/span><span class='pushbutton'><a href='http:\/\/digg.com\/submit?url=http%3A%2F%2Fwww.emiliosilveravazquez.com%2Fblog%2F2014%2F02%2F05%2F%25c2%25bfla-mecanica-cuantica-%25c2%25a1extrano-mundo%2F&amp;title=%C2%BFLa+Mec%C3%A1nica+cu%C3%A1ntica%3F+%C2%A1Extra%C3%B1o+%26%238220%3Bmundo%26%238221%3B%21' title='Digg' target='_blank' rel='nofollow'><img src='http:\/\/www.emiliosilveravazquez.com\/blog\/wp-content\/plugins\/knxdt-bookmarks-wordpress-plugin\/images\/digg.png'  alt='' class='book_img' border='none' style='margin:1px; padding: 0;'  \/><\/a><\/span><span class='pushbutton'><a href='http:\/\/www.google.com\/bookmarks\/mark?op=edit&amp;bkmk=http%3A%2F%2Fwww.emiliosilveravazquez.com%2Fblog%2F2014%2F02%2F05%2F%25c2%25bfla-mecanica-cuantica-%25c2%25a1extrano-mundo%2F&amp;title=%C2%BFLa+Mec%C3%A1nica+cu%C3%A1ntica%3F+%C2%A1Extra%C3%B1o+%26%238220%3Bmundo%26%238221%3B%21' title='Google' target='_blank' rel='nofollow'><img src='http:\/\/www.emiliosilveravazquez.com\/blog\/wp-content\/plugins\/knxdt-bookmarks-wordpress-plugin\/images\/google.png'   alt='' class='book_img' border='none' style='margin:1px; padding: 0;'  \/><\/a><\/span><span class='pushbutton'><a href='http:\/\/myweb2.search.yahoo.com\/myresults\/bookmarklet?u=http%3A%2F%2Fwww.emiliosilveravazquez.com%2Fblog%2F2014%2F02%2F05%2F%25c2%25bfla-mecanica-cuantica-%25c2%25a1extrano-mundo%2F&amp;t=%C2%BFLa+Mec%C3%A1nica+cu%C3%A1ntica%3F+%C2%A1Extra%C3%B1o+%26%238220%3Bmundo%26%238221%3B%21' title='Yahoo' target='_blank' rel='nofollow'><img src='http:\/\/www.emiliosilveravazquez.com\/blog\/wp-content\/plugins\/knxdt-bookmarks-wordpress-plugin\/images\/yahoo.png'  alt='' class='book_img' border='none' style='margin:1px; padding: 0;'  \/><\/a><\/span><span class='pushbutton'><a href='http:\/\/www.technorati.com\/faves?add=http%3A%2F%2Fwww.emiliosilveravazquez.com%2Fblog%2F2014%2F02%2F05%2F%25c2%25bfla-mecanica-cuantica-%25c2%25a1extrano-mundo%2F' title='Technorati' target='_blank' rel='nofollow'><img src='http:\/\/www.emiliosilveravazquez.com\/blog\/wp-content\/plugins\/knxdt-bookmarks-wordpress-plugin\/images\/technorati.png'  alt='' class='book_img' border='none' style='margin:1px; padding: 0;'  \/><\/a><\/span><span class='pushbutton'><a href='http:\/\/meneame.net\/submit.php?url=http%3A%2F%2Fwww.emiliosilveravazquez.com%2Fblog%2F2014%2F02%2F05%2F%25c2%25bfla-mecanica-cuantica-%25c2%25a1extrano-mundo%2F' title='Meneame' target='_blank' rel='nofollow'><img src='http:\/\/www.emiliosilveravazquez.com\/blog\/wp-content\/plugins\/knxdt-bookmarks-wordpress-plugin\/images\/meneame.png'  alt='' class='book_img' border='none' style='margin:1px; padding: 0;'  \/><\/a><\/span><span class='pushbutton'><a href='http:\/\/enchilame.com\/submit.php?url=http:\/\/www.emiliosilveravazquez.com\/blog\/2014\/02\/05\/%c2%bfla-mecanica-cuantica-%c2%a1extrano-mundo\/' target='_blank' rel='nofollow'><img title='Enchilame' src='http:\/\/www.emiliosilveravazquez.com\/blog\/wp-content\/plugins\/knxdt-bookmarks-wordpress-plugin\/images\/enchilame.png'  alt='' class='book_img' border='none' style='margin:1px; padding: 0;'  \/><\/a><\/span><span class='pushbutton'><a href='http:\/\/www.blinklist.com\/index.php?Action=Blink\/addblink.php&amp;Description=&amp;Url=http%3A%2F%2Fwww.emiliosilveravazquez.com%2Fblog%2F2014%2F02%2F05%2F%25c2%25bfla-mecanica-cuantica-%25c2%25a1extrano-mundo%2F&amp;title=%C2%BFLa+Mec%C3%A1nica+cu%C3%A1ntica%3F+%C2%A1Extra%C3%B1o+%26%238220%3Bmundo%26%238221%3B%21' title='BlinkList' target='_blank' rel='nofollow'><img src='http:\/\/www.emiliosilveravazquez.com\/blog\/wp-content\/plugins\/knxdt-bookmarks-wordpress-plugin\/images\/blinklist.png'  alt='' class='book_img' border='none' style='margin:1px; padding: 0;'  \/><\/a><\/span><span class='pushbutton'><a href='http:\/\/reddit.com\/submit?url=http%3A%2F%2Fwww.emiliosilveravazquez.com%2Fblog%2F2014%2F02%2F05%2F%25c2%25bfla-mecanica-cuantica-%25c2%25a1extrano-mundo%2F&amp;title=%C2%BFLa+Mec%C3%A1nica+cu%C3%A1ntica%3F+%C2%A1Extra%C3%B1o+%26%238220%3Bmundo%26%238221%3B%21' title='Reddit' target='_blank' rel='nofollow'><img src='http:\/\/www.emiliosilveravazquez.com\/blog\/wp-content\/plugins\/knxdt-bookmarks-wordpress-plugin\/images\/reddit.png'  alt='' class='book_img' border='none' style='margin:1px; padding: 0;'  \/><\/a><\/span><span class='pushbutton'><a href='http:\/\/www.tecnologiadiaria.com\/2009\/07\/abrir-com-hotmail-correo.html' target='_blank' title='hotmail'><img src='http:\/\/www.emiliosilveravazquez.com\/blog\/wp-content\/plugins\/knxdt-bookmarks-wordpress-plugin\/images\/linklove.png' alt='hotmail correo' class='book_img' border='none' style='margin:1px; padding: 0;' \/><\/a><\/span><span class='pushbutton'><a href='http:\/\/bitacoras.com\/votar\/anotacion\/externo\/mini\/www.emiliosilveravazquez.com\/blog\/2014\/02\/05\/%c2%bfla-mecanica-cuantica-%c2%a1extrano-mundo\/' title='Bitacoras.com' target='_blank' rel='nofollow'><img src='http:\/\/www.emiliosilveravazquez.com\/blog\/wp-content\/plugins\/knxdt-bookmarks-wordpress-plugin\/images\/bitacoras.png'  alt='' class='book_img' border='none' style='margin:1px; padding: 0;'  \/><\/a><\/span><span class='pushbutton'><a href='http:\/\/www.wikio.es\/vote?url=http%3A%2F%2Fwww.emiliosilveravazquez.com%2Fblog%2F2014%2F02%2F05%2F%25c2%25bfla-mecanica-cuantica-%25c2%25a1extrano-mundo%2F' title='Wikio' target='_blank' rel='nofollow'><img src='http:\/\/www.emiliosilveravazquez.com\/blog\/wp-content\/plugins\/knxdt-bookmarks-wordpress-plugin\/images\/wikio.png'   alt='' class='book_img' border='none' style='margin:1px; padding: 0;'   \/><\/a><\/span><span class='pushbutton'><a href='http:\/\/friendfeed.com\/?url=http%3A%2F%2Fwww.emiliosilveravazquez.com%2Fblog%2F2014%2F02%2F05%2F%25c2%25bfla-mecanica-cuantica-%25c2%25a1extrano-mundo%2F&amp;title=%C2%BFLa+Mec%C3%A1nica+cu%C3%A1ntica%3F+%C2%A1Extra%C3%B1o+%26%238220%3Bmundo%26%238221%3B%21' title='Friend Feed' target='_blank' rel='nofollow'><img src='http:\/\/www.emiliosilveravazquez.com\/blog\/wp-content\/plugins\/knxdt-bookmarks-wordpress-plugin\/images\/friendfeed.png'  alt='' class='book_img' border='none' style='margin:1px; padding: 0;'  \/><\/a><\/span><span class='pushbutton'><a href='http:\/\/www.facebook.com\/share.php?u=http%3A%2F%2Fwww.emiliosilveravazquez.com%2Fblog%2F2014%2F02%2F05%2F%25c2%25bfla-mecanica-cuantica-%25c2%25a1extrano-mundo%2F&amp;t=%C2%BFLa+Mec%C3%A1nica+cu%C3%A1ntica%3F+%C2%A1Extra%C3%B1o+%26%238220%3Bmundo%26%238221%3B%21' title='Facebook' target='_blank' rel='nofollow'><img src='http:\/\/www.emiliosilveravazquez.com\/blog\/wp-content\/plugins\/knxdt-bookmarks-wordpress-plugin\/images\/facebook.png'  alt='' class='book_img' border='none' style='margin:1px; padding: 0;'  \/><\/a><\/span><span class='pushbutton'><a href='http:\/\/twitter.com\/home?status=%C2%BFLa+Mec%C3%A1nica+cu%C3%A1ntica%3F+%C2%A1Extra%C3%B1o+%26%238220%3Bmundo%26%238221%3B%21: http%3A%2F%2Fwww.emiliosilveravazquez.com%2Fblog%2F2014%2F02%2F05%2F%25c2%25bfla-mecanica-cuantica-%25c2%25a1extrano-mundo%2F' title='Twitter' target='_blank' rel='nofollow'><img src='http:\/\/www.emiliosilveravazquez.com\/blog\/wp-content\/plugins\/knxdt-bookmarks-wordpress-plugin\/images\/twitter.png'  alt='' class='book_img' border='none' style='margin:1px; padding: 0;'  \/><\/a><\/span><span class='pushbutton'><a href='http:\/\/www.feedburner.com\/fb\/a\/emailFlare?itemTitle=%C2%BFLa+Mec%C3%A1nica+cu%C3%A1ntica%3F+%C2%A1Extra%C3%B1o+%26%238220%3Bmundo%26%238221%3B%21&amp;uri=http%3A%2F%2Fwww.emiliosilveravazquez.com%2Fblog%2F2014%2F02%2F05%2F%25c2%25bfla-mecanica-cuantica-%25c2%25a1extrano-mundo%2F' title='Enviar por Email' target='_blank' rel='nofollow'><img src='http:\/\/www.emiliosilveravazquez.com\/blog\/wp-content\/plugins\/knxdt-bookmarks-wordpress-plugin\/images\/email.png'  alt='' class='book_img' border='none' style='margin:1px; padding: 0;'  \/><\/a><\/span><span style='font-weight:bold; padding-left: 5px;'><a href='http:\/\/wordpress.org\/extend\/plugins\/knxdt-bookmarks-wordpress-plugin\/' title='Plugin' rel='nofollow' target='_blank'>[?]<\/a><\/span><\/td><\/tr><\/table><br\/><br\/><\/div>","protected":false},"excerpt":{"rendered":"<p>&nbsp; &nbsp; La condensaci\u00f3n Bose-Einstein es de importancia fundamental para explicar el fen\u00f3meno de la superfluidez. A temperaturas muy bajas (del orden de 2\u00d710-7 K) se puede formar un condensado de Bose-Einstein, en el que varios miles de \u00e1tomos forman una \u00fanica entidad (un super\u00e1tomo). Este efecto ha sido observado con \u00e1tomos de rubidio y [&hellip;]<\/p>\n","protected":false},"author":2,"featured_media":0,"comment_status":"open","ping_status":"open","sticky":false,"template":"","format":"standard","meta":{"_s2mail":"yes","footnotes":""},"categories":[7],"tags":[],"_links":{"self":[{"href":"http:\/\/www.emiliosilveravazquez.com\/blog\/wp-json\/wp\/v2\/posts\/10538"}],"collection":[{"href":"http:\/\/www.emiliosilveravazquez.com\/blog\/wp-json\/wp\/v2\/posts"}],"about":[{"href":"http:\/\/www.emiliosilveravazquez.com\/blog\/wp-json\/wp\/v2\/types\/post"}],"author":[{"embeddable":true,"href":"http:\/\/www.emiliosilveravazquez.com\/blog\/wp-json\/wp\/v2\/users\/2"}],"replies":[{"embeddable":true,"href":"http:\/\/www.emiliosilveravazquez.com\/blog\/wp-json\/wp\/v2\/comments?post=10538"}],"version-history":[{"count":0,"href":"http:\/\/www.emiliosilveravazquez.com\/blog\/wp-json\/wp\/v2\/posts\/10538\/revisions"}],"wp:attachment":[{"href":"http:\/\/www.emiliosilveravazquez.com\/blog\/wp-json\/wp\/v2\/media?parent=10538"}],"wp:term":[{"taxonomy":"category","embeddable":true,"href":"http:\/\/www.emiliosilveravazquez.com\/blog\/wp-json\/wp\/v2\/categories?post=10538"},{"taxonomy":"post_tag","embeddable":true,"href":"http:\/\/www.emiliosilveravazquez.com\/blog\/wp-json\/wp\/v2\/tags?post=10538"}],"curies":[{"name":"wp","href":"https:\/\/api.w.org\/{rel}","templated":true}]}}