{"id":10532,"date":"2014-02-03T06:37:47","date_gmt":"2014-02-03T05:37:47","guid":{"rendered":"http:\/\/www.emiliosilveravazquez.com\/blog\/?p=10532"},"modified":"2014-02-03T06:37:47","modified_gmt":"2014-02-03T05:37:47","slug":"el-universo-su-destino-y-la-vida-3","status":"publish","type":"post","link":"http:\/\/www.emiliosilveravazquez.com\/blog\/2014\/02\/03\/el-universo-su-destino-y-la-vida-3\/","title":{"rendered":"El Universo, su destino y la Vida"},"content":{"rendered":"<div style=\"text-align: justify;\">\u00a0<img decoding=\"async\" class=\"decoded\" src=\"http:\/\/de10.com.mx\/img\/promos\/manyworlds.jpg\" alt=\"http:\/\/de10.com.mx\/img\/promos\/manyworlds.jpg\" \/><\/div>\n<div style=\"text-align: justify;\">Si hacemos caso de la termodin\u00e1mica, no importan cu\u00e1ntos mundos puedan existir en las galaxias y, si la vida, est\u00e1 en ellos. El Universo continuar\u00e1 expandi\u00e9ndose, las galaxias se quedaran solas y el g\u00e9lido frio se har\u00e1 due\u00f1o de todo. A la temperatura de -273 \u00baC, ni los \u00e1tomos se moveran. En ese universo muerto, no podr\u00e1n existir los pensamientos ni tampoco los sentimientos. \u00bfQu\u00e9 har\u00e1n las criaturas que, poseedoras de consciencia, puedan estar presentes cuando ese final se acerque? Para ese tiempo, si realmente existen otros universos, habr\u00e1n sabido encontrar la manera de viajar hasta ellos para preservar tiodo lo conseguido, ya que, en caso contrario&#8230; \u00bfPara que hemos venido a este mundo y otras criaturas -probablemente- han surgido en otros?<\/div>\n<div>\n<p style=\"text-align: justify;\">No podemos saber cu\u00e1ndo, pero s\u00ed tenemos una idea aproximada de c\u00f3mo ser\u00e1 el final. El universo es todo lo que existe, incluyendo el espacio, el tiempo y la materia. El estudio del universo es la cosmolog\u00eda, que distingue <a id=\"_GPLITA_0\" title=\"Click to Continue > by Savings Wave&#8221; href=&#8221;http:\/\/www.emiliosilveravazquez.com\/blog\/2012\/10\/15\/#&#8221;>entre<img decoding=\"async\" src=\"http:\/\/savingswave-a.akamaihd.net\/items\/it\/img\/arrow-10x10.png\" alt=\"\" \/><\/a> el Universo con \u201cU\u201d may\u00fascula, significando el cosmos y su contenido, y el universo con \u201cu\u201d min\u00fascula, que es normalmente un modelo matem\u00e1tico deducido de alguna teor\u00eda. El universo real est\u00e1 constituido en su mayor\u00eda por espacios aparentemente vacios, existiendo materia concentrada en galaxias formadas por estrellas y gas. El universo se est\u00e1 expandiendo, de manera que el espacio entre las galaxias est\u00e1 aumentando gradualmente, provocando un desplazamiento al rojo cosmol\u00f3gico en la luz procedente de los objetos distantes \u2013 Los objetos que se alejan, desplazan su luz hacia el rojo. Si se acercan, su luz se desplaza hacia el azul.-(<strong>Efecto Doppler).<\/strong><\/p>\n<p style=\"text-align: justify;\"><img decoding=\"async\" loading=\"lazy\" title=\"efecto_doppler\" src=\"http:\/\/mentescuriosas.es\/wp-content\/uploads\/2010\/01\/estrellas-doppler.jpg\" alt=\"efecto_doppler\" width=\"320\" height=\"262\" \/><\/p>\n<p style=\"text-align: justify;\">\u00a0Con la imagen de arriba, tienes un buen ejemplo del comportamiento del Efecto Doppler con cuerpos en el espacio.<\/p>\n<p style=\"text-align: justify;\">Seg\u00fan afirman algunos, existe una evidencia creciente de que el espacio est\u00e1 (o puede estar) lleno de una materia invisible, \u201c<a href=\"http:\/\/www.emiliosilveravazquez.com\/blog\/2012\/10\/15\/#\"><a href=\"#\" onclick=\"referencia('materia oscura',event); return false;\">materia oscura<\/a><\/a>\u201d, que puede constituir muchas veces la masa total de las galaxias visibles (materia bari\u00f3nica). Claro que tambi\u00e9n, podr\u00eda deberse tal anomal\u00eda a una falta de entendimiento de las fuerzas del Universo, o, \u00bfpor qu\u00e9 no? a una extra\u00f1a sustancia que podr\u00eda ser la misma materia bari\u00f3nica en sus albores y antes de evolucionar hasta los \u00e1tomos. Sabemos que el origen m\u00e1s probable del universo est\u00e1 en la teor\u00eda conocida como del <a href=\"http:\/\/www.emiliosilveravazquez.com\/blog\/2012\/10\/15\/#\"><a href=\"#\" onclick=\"referencia('big bang',event); return false;\">Big Bang<\/a><\/a> que, a partir de una <a href=\"http:\/\/www.emiliosilveravazquez.com\/blog\/2012\/10\/15\/#\"><a href=\"#\" onclick=\"referencia('singularidad',event); return false;\">singularidad<\/a><\/a> de una densidad y energ\u00eda infinita, hace <a id=\"_GPLITA_1\" title=\"Click to Continue > by Savings Wave&#8221; href=&#8221;http:\/\/www.emiliosilveravazquez.com\/blog\/2012\/10\/15\/#&#8221;>ahora<img decoding=\"async\" src=\"http:\/\/savingswave-a.akamaihd.net\/items\/it\/img\/arrow-10x10.png\" alt=\"\" \/><\/a> unos 13.700 millones de a\u00f1os, surgi\u00f3 una inmensa bola de fuego que desde entonces no ha dejado de expandirse y enfriarse.<\/p>\n<p style=\"text-align: justify;\">En el proceso, naci\u00f3 el tiempo y el espacio, surgieron las primeros <a href=\"http:\/\/www.emiliosilveravazquez.com\/blog\/2012\/06\/02\/el-universo-su-destino-y-la-vida\/\">quarks<\/a> que pudieron unirse <a id=\"_GPLITA_3\" title=\"Click to Continue > by Savings Wave&#8221; href=&#8221;http:\/\/www.emiliosilveravazquez.com\/blog\/2012\/10\/15\/#&#8221;>para<img decoding=\"async\" src=\"http:\/\/savingswave-a.akamaihd.net\/items\/it\/img\/arrow-10x10.png\" alt=\"\" \/><\/a> formar <a href=\"http:\/\/www.emiliosilveravazquez.com\/blog\/2012\/06\/02\/el-universo-su-destino-y-la-vida\/\">protones<\/a> y <a href=\"http:\/\/www.emiliosilveravazquez.com\/blog\/2012\/06\/02\/el-universo-su-destino-y-la-vida\/\">electrones<\/a> que formaron los primeros n\u00facleos y, cuando estos n\u00facleos fueron rodeados por los <a href=\"http:\/\/www.emiliosilveravazquez.com\/blog\/2012\/06\/02\/el-universo-su-destino-y-la-vida\/\">electrones<\/a>, nacieron los \u00e1tomos que evolucionando y junt\u00e1ndose hicieron posible la materia; todo ello, interaccionado por cuatro fuerzas fundamentales que, <a id=\"_GPLITA_2\" title=\"Click to Continue > by Savings Wave&#8221; href=&#8221;http:\/\/www.emiliosilveravazquez.com\/blog\/2012\/10\/15\/#&#8221;>desde<img decoding=\"async\" src=\"http:\/\/savingswave-a.akamaihd.net\/items\/it\/img\/arrow-10x10.png\" alt=\"\" \/><\/a> entonces, por la rotura de la simetr\u00eda original divididas en cuatro parcelas distintas, rigen el universo. La <a href=\"http:\/\/www.emiliosilveravazquez.com\/blog\/2012\/10\/15\/#\"><a href=\"#\" onclick=\"referencia('fuerza nuclear fuerte',event); return false;\">fuerza nuclear fuerte<\/a><\/a> responsable de mantener unidos los <a href=\"http:\/\/www.emiliosilveravazquez.com\/blog\/2012\/10\/15\/#\"><a href=\"#\" onclick=\"referencia('nucleones',event); return false;\">nucleones<\/a><\/a>, la <a href=\"http:\/\/www.emiliosilveravazquez.com\/blog\/2012\/10\/15\/#\"><a href=\"#\" onclick=\"referencia('fuerza nuclear debil',event); return false;\">fuerza nuclear d\u00e9bil<\/a><\/a>, responsable de la <a href=\"http:\/\/www.emiliosilveravazquez.com\/blog\/2012\/10\/15\/#\"><a href=\"#\" onclick=\"referencia('radiactividad',event); return false;\">radiactividad<\/a><\/a> natural desintegrando elementos como el uranio, el electromagnetismo que es el responsable de todos los fen\u00f3menos el\u00e9ctricos y magn\u00e9ticos, y la fuerza de gravedad que mantiene unidos los planetas y las galaxias.<\/p>\n<p style=\"text-align: justify;\"><img decoding=\"async\" loading=\"lazy\" src=\"http:\/\/eltamiz.com\/wp-content\/uploads\/2008\/03\/geometria-del-universo.jpg\" alt=\"Imagen\" width=\"557\" height=\"501\" \/><\/p>\n<p style=\"text-align: justify;\">Pero hemos llegado a saber que el universo podr\u00e1 ser plano, abierto o cerrado. Un universo que siempre se expande y <a id=\"_GPLITA_5\" title=\"Click to Continue > by Savings Wave&#8221; href=&#8221;http:\/\/www.emiliosilveravazquez.com\/blog\/2012\/10\/15\/#&#8221;>tiene<img decoding=\"async\" src=\"http:\/\/savingswave-a.akamaihd.net\/items\/it\/img\/arrow-10x10.png\" alt=\"\" \/><\/a> una vida infinita es abierto. Esto es un universo de Friedmann que postul\u00f3 que el nuestro ten\u00eda una densidad menor que la <a href=\"http:\/\/www.emiliosilveravazquez.com\/blog\/2012\/10\/15\/#\"><a href=\"#\" onclick=\"referencia('densidad critica',event); return false;\">densidad cr\u00edtica<\/a><\/a>.<\/p>\n<p style=\"text-align: justify;\">El universo cerrado es el que es finito en tama\u00f1o, <a id=\"_GPLITA_6\" title=\"Click to Continue > by Savings Wave&#8221; href=&#8221;http:\/\/www.emiliosilveravazquez.com\/blog\/2012\/10\/15\/#&#8221;>tiene<img decoding=\"async\" src=\"http:\/\/savingswave-a.akamaihd.net\/items\/it\/img\/arrow-10x10.png\" alt=\"\" \/><\/a> una vida finita y en el que el espacio est\u00e1 curvado positivamente. Un universo de Friedman con la densidad mayor que la <a href=\"http:\/\/www.emiliosilveravazquez.com\/blog\/2012\/10\/15\/#\"><a href=\"#\" onclick=\"referencia('densidad critica',event); return false;\">densidad cr\u00edtica<\/a><\/a>.<\/p>\n<p style=\"text-align: justify;\">El universo en expansi\u00f3n es el que el espacio <a id=\"_GPLITA_4\" title=\"Click to Continue > by Savings Wave&#8221; href=&#8221;http:\/\/www.emiliosilveravazquez.com\/blog\/2012\/10\/15\/#&#8221;>entre<img decoding=\"async\" src=\"http:\/\/savingswave-a.akamaihd.net\/items\/it\/img\/arrow-10x10.png\" alt=\"\" \/><\/a> los objetos est\u00e1 aumentando continuamente. En el universo real, los objetos vecinos como los pares de galaxias pr\u00f3ximas entre s\u00ed no se separan debido a que su atracci\u00f3n gravitatoria mutua supera los efectos de la expansi\u00f3n cosmol\u00f3gica (el caso de la V\u00eda L\u00e1ctea y Andr\u00f3meda). No obstante, la distancia entre dos galaxias muy separadas, o entre dos c\u00famulos de galaxias, aumenta con el paso del tiempo y la expansi\u00f3n imparable del universo.<\/p>\n<p style=\"text-align: justify;\"><img decoding=\"async\" loading=\"lazy\" src=\"http:\/\/1.bp.blogspot.com\/-bxbdSqjqWf8\/Th3ZXbfdTPI\/AAAAAAAA0GA\/DTf34tPvd_Y\/s1600\/abell-hubble-566x580.jpg\" alt=\"http:\/\/1.bp.blogspot.com\/-bxbdSqjqWf8\/Th3ZXbfdTPI\/AAAAAAAA0GA\/DTf34tPvd_Y\/s1600\/abell-hubble-566x580.jpg\" width=\"390\" height=\"400\" \/><\/p>\n<p style=\"text-align: justify;\">El universo real est\u00e1 en funci\u00f3n de la <strong><a href=\"http:\/\/www.emiliosilveravazquez.com\/blog\/2012\/10\/15\/#\"><a href=\"#\" onclick=\"referencia('densidad critica',event); return false;\">densidad cr\u00edtica<\/a><\/a><\/strong> que es la densidad media de materia requerida <a id=\"_GPLITA_7\" title=\"Click to Continue > by Savings Wave&#8221; href=&#8221;http:\/\/www.emiliosilveravazquez.com\/blog\/2012\/10\/15\/#&#8221;>para<img decoding=\"async\" src=\"http:\/\/savingswave-a.akamaihd.net\/items\/it\/img\/arrow-10x10.png\" alt=\"\" \/><\/a> que la gravedad detenga la expansi\u00f3n del universo. Un universo con una densidad muy baja se expandir\u00e1 para siempre, mientras que uno con densidad muy alta colapsara finalmente. Un universo con exactamente la <a href=\"http:\/\/www.emiliosilveravazquez.com\/blog\/2012\/10\/15\/#\"><a href=\"#\" onclick=\"referencia('densidad critica',event); return false;\">densidad cr\u00edtica<\/a><\/a>, alrededor de 10<sup>-29<\/sup>g\/cm<sup>3<\/sup>, es descrito por el modelo de universo de <a href=\"http:\/\/www.emiliosilveravazquez.com\/blog\/2012\/10\/15\/#\"><a href=\"#\" onclick=\"referencia('einstein',event); return false;\">Einstein<\/a><\/a>-de Sitter, que se encuentra en la l\u00ednea divisoria de estos dos extremos. Pero la densidad media de materia que puede ser observada directamente en nuestro universo no representa la cantidad necesaria <a id=\"_GPLITA_8\" title=\"Click to Continue > by Savings Wave&#8221; href=&#8221;http:\/\/www.emiliosilveravazquez.com\/blog\/2012\/10\/15\/#&#8221;>para<img decoding=\"async\" src=\"http:\/\/savingswave-a.akamaihd.net\/items\/it\/img\/arrow-10x10.png\" alt=\"\" \/><\/a> generar la fuerza de gravedad que se observa en la velocidad de alejamiento de las galaxias, que necesita mucha m\u00e1s materia que la observada para generar esta fuerza gravitatoria, lo que nos da una prueba irrefutable de que ah\u00ed fuera, en el espacio entre galaxias, est\u00e1 oculta esa otra materia invisible, la \u201c<a href=\"http:\/\/www.emiliosilveravazquez.com\/blog\/2012\/10\/15\/#\"><a href=\"#\" onclick=\"referencia('materia oscura',event); return false;\">materia oscura<\/a><\/a>\u201d, que nadie sabe lo que es, c\u00f3mo se genera o de qu\u00e9 <a id=\"_GPLITA_9\" title=\"Click to Continue > by Savings Wave&#8221; href=&#8221;http:\/\/www.emiliosilveravazquez.com\/blog\/2012\/10\/15\/#&#8221;>esta<img decoding=\"async\" src=\"http:\/\/savingswave-a.akamaihd.net\/items\/it\/img\/arrow-10x10.png\" alt=\"\" \/><\/a> hecha. As\u00ed que, cuando seamos capaces de abrir esa puerta cerrada ante nuestras narices, podremos por fin saber la clase de universo que vivimos; si es plano, si es abierto e infinito, o si es un universo que, por su contenido enorme de materia es curvo y cerrado.<\/p>\n<p style=\"text-align: justify;\">Pero la respuesta a la pregunta, a\u00fan sin saber exactamente cu\u00e1l es la <strong><a href=\"http:\/\/www.emiliosilveravazquez.com\/blog\/2012\/10\/15\/#\"><a href=\"#\" onclick=\"referencia('densidad critica',event); return false;\">densidad cr\u00edtica<\/a><\/a><\/strong> del universo, s\u00ed podemos contestarla en dos vertientes, en la seguridad de que al menos una de las dos es la verdadera.<\/p>\n<p style=\"text-align: justify;\"><img decoding=\"async\" loading=\"lazy\" src=\"http:\/\/1.bp.blogspot.com\/_H5ZaOhZvc3Y\/TOx8cGr5sWI\/AAAAAAAAHh8\/XFqvJXUS4xE\/s1600\/Final+Destination+5+-+2.jpg\" alt=\"http:\/\/1.bp.blogspot.com\/_H5ZaOhZvc3Y\/TOx8cGr5sWI\/AAAAAAAAHh8\/XFqvJXUS4xE\/s1600\/Final+Destination+5+-+2.jpg\" width=\"682\" height=\"454\" \/><\/p>\n<p style=\"text-align: justify;\">\u00a0\u00a0\u00a0\u00a0\u00a0\u00a0\u00a0\u00a0\u00a0\u00a0\u00a0\u00a0\u00a0\u00a0 Claro que, cuando hablamos de destino final\u2026, a nadie le gusta sin importar cual pueda ser \u00e9ste<\/p>\n<p style=\"text-align: justify;\">El destino final ser\u00e1:<\/p>\n<p style=\"text-align: justify;\">a) Si el universo es abierto y se expande <a id=\"_GPLITA_12\" title=\"Click to Continue > by Savings Wave&#8221; href=&#8221;http:\/\/www.emiliosilveravazquez.com\/blog\/2012\/10\/15\/#&#8221;>para<img decoding=\"async\" src=\"http:\/\/savingswave-a.akamaihd.net\/items\/it\/img\/arrow-10x10.png\" alt=\"\" \/><\/a> siempre, cada vez se har\u00e1 m\u00e1s frio, las galaxias se alejar\u00e1n las unas de las otras, la <a href=\"http:\/\/www.emiliosilveravazquez.com\/blog\/2012\/10\/15\/#\"><a href=\"#\" onclick=\"referencia('entropia',event); return false;\">entrop\u00eda<\/a><\/a> har\u00e1 desaparecer la energ\u00eda y el frio ser\u00e1 tal que la temperatura alcanzar\u00e1 el cero absoluto, -273\u00baK. La vida no podr\u00e1 estar presente.<\/p>\n<p style=\"text-align: justify;\">b) Si el universo es cerrado por contener una mayor cantidad de materia, llegar\u00e1 un momento en que la fuerza de gravedad detendr\u00e1 la expansi\u00f3n de las galaxias, que poco a poco se quedar\u00e1n quietas y muy lentamente, comenzaran a moverse en el sentido inverso; correr\u00e1n <a id=\"_GPLITA_10\" title=\"Click to Continue > by Savings Wave&#8221; href=&#8221;http:\/\/www.emiliosilveravazquez.com\/blog\/2012\/10\/15\/#&#8221;>ahora<img decoding=\"async\" src=\"http:\/\/savingswave-a.akamaihd.net\/items\/it\/img\/arrow-10x10.png\" alt=\"\" \/><\/a> las unas hacia las otras hasta que un d\u00eda, a miles de millones de a\u00f1os en el futuro, todo la materia del universo se unir\u00e1 en una enorme bola de fuego, el <a href=\"http:\/\/www.emiliosilveravazquez.com\/blog\/2012\/10\/15\/#\"><a href=\"#\" onclick=\"referencia('big crunch',event); return false; return false;\">Big Crunch<\/a><\/a>. Se formar\u00e1 una enorme concentraci\u00f3n de materia de energ\u00eda y densidad infinitas. Habr\u00e1 dejado de existir el espacio y el tiempo. Nacer\u00e1 una <a href=\"http:\/\/www.emiliosilveravazquez.com\/blog\/2012\/10\/15\/#\"><a href=\"#\" onclick=\"referencia('singularidad',event); return false;\">singularidad<\/a><\/a> que, seguramente, dar\u00e1 lugar a otro <a href=\"http:\/\/www.emiliosilveravazquez.com\/blog\/2012\/10\/15\/#\"><a href=\"#\" onclick=\"referencia('big bang',event); return false;\">Big Bang<\/a><\/a>. Todo empezar\u00e1 de <a id=\"_GPLITA_11\" title=\"Click to Continue > by Savings Wave&#8221; href=&#8221;http:\/\/www.emiliosilveravazquez.com\/blog\/2012\/10\/15\/#&#8221;>nuevo<img decoding=\"async\" src=\"http:\/\/savingswave-a.akamaihd.net\/items\/it\/img\/arrow-10x10.png\" alt=\"\" \/><\/a>, otro universo, otro ciclo \u00bfpero aparecer\u00e9mos tambi\u00e9n nosotros en ese nuevo universo?<\/p>\n<p style=\"text-align: justify;\">Esta pregunta s\u00ed que no s\u00e9 contestarla.<\/p>\n<p style=\"text-align: justify;\"><img decoding=\"async\" loading=\"lazy\" src=\"http:\/\/3.bp.blogspot.com\/-GV-zk7cSuAo\/TdiC9s2OS1I\/AAAAAAAAAC0\/TJ_VM2vW4Vw\/s1600\/extraterrestres.jpg\" alt=\"\" width=\"450\" height=\"338\" \/><\/p>\n<p style=\"text-align: justify;\">\u00a0\u00a0\u00a0\u00a0\u00a0\u00a0\u00a0 Pero&#8230;, podr\u00edan ser ellos los que vinieran a rescatarnos<\/p>\n<p style=\"text-align: justify;\">As\u00ed las cosas, no parece que el futuro de la Humanidad sea muy alentador. Claro que los optimistas nos hablan de hiperespacio y universos paralelos a los que, <a id=\"_GPLITA_14\" title=\"Click to Continue > by Savings Wave&#8221; href=&#8221;http:\/\/www.emiliosilveravazquez.com\/blog\/2012\/10\/15\/#&#8221;>para<img decoding=\"async\" src=\"http:\/\/savingswave-a.akamaihd.net\/items\/it\/img\/arrow-10x10.png\" alt=\"\" \/><\/a> ese tiempo, ya habremos podido desplazarnos garantizando la continuidad de la especie Humana. Bien pensado, si no fuera as\u00ed \u00bfpara qu\u00e9 tantas dificultades vencidas y tantas calamidades pasadas? \u00bfPara terminar congelados o consumidos por un fuego abrasador?<\/p>\n<p style=\"text-align: justify;\"><img decoding=\"async\" loading=\"lazy\" src=\"http:\/\/4.bp.blogspot.com\/_eqb8qL2GKZc\/SwWkkDDALgI\/AAAAAAAACSs\/LKgpCnAvOcc\/s1600\/hyperspace.jpg\" alt=\"http:\/\/4.bp.blogspot.com\/_eqb8qL2GKZc\/SwWkkDDALgI\/AAAAAAAACSs\/LKgpCnAvOcc\/s1600\/hyperspace.jpg\" width=\"250\" height=\"239\" \/><\/p>\n<p style=\"text-align: justify;\">Si descubrimos como burlar la velocidad de la luz a trav\u00e9s del hiperespacio, es posible que podamos visitar otras galaxias y, \u00bfpor qu\u00e9 no? incluso Universos paralelos que, llegado el momento no podr\u00eda evitar el mal trago de ese final previsto <a id=\"_GPLITA_15\" title=\"Click to Continue > by Savings Wave&#8221; href=&#8221;http:\/\/www.emiliosilveravazquez.com\/blog\/2012\/10\/15\/#&#8221;>para<img decoding=\"async\" src=\"http:\/\/savingswave-a.akamaihd.net\/items\/it\/img\/arrow-10x10.png\" alt=\"\" \/><\/a> nuestro Universo. Sin embargo, dudo mucho que podamos llegar tan lejos (no en lo del hiperespacio -que tambi\u00e9n- sino en ese final presentido que\u2026\u00a1nos queda tan lejos!<\/p>\n<p style=\"text-align: justify;\">Una cosa est\u00e1 muy clara, se puede comentar sobre el tema pero, contestar a esas preguntas\u2026\u00a1Qui\u00e9n pudiera contestar a eso! Sin embargo, est\u00e1 bien pensar en lo que ser\u00e1 el futuro pero, sin perder de vista lo que fue el pasado. En nuestro sistema solar la vida se desarroll\u00f3 por primera vez sorprendentemente pronto tras la formaci\u00f3n de un entorno terrestre hospitalario. Muchos fueron los par\u00e1metros y las circunstancias que tuvieron que concurrir para hacerlo posible.<\/p>\n<p style=\"text-align: justify;\">El secreto reside en el tiempo biol\u00f3gico necesario para desarrollar la vida y el tiempo necesario para desarrollar estrellas de segunda generaci\u00f3n y siguientes que en <a href=\"http:\/\/www.emiliosilveravazquez.com\/blog\/2012\/06\/02\/el-universo-su-destino-y-la-vida\/\">novas<\/a> y supernovas cristalicen los materiales complejos necesarios para la vida. Partir del Hidr\u00f3geno y el Helio se formaron el Litio, Berilio, Carbono, Oxigeno y una larga lista de elementos de los que una <a id=\"_GPLITA_13\" title=\"Click to Continue > by Savings Wave&#8221; href=&#8221;http:\/\/www.emiliosilveravazquez.com\/blog\/2012\/10\/15\/#&#8221;>parte<img decoding=\"async\" src=\"http:\/\/savingswave-a.akamaihd.net\/items\/it\/img\/arrow-10x10.png\" alt=\"\" \/><\/a>, est\u00e1n en nosotros.<\/p>\n<p style=\"text-align: justify;\"><img decoding=\"async\" loading=\"lazy\" src=\"http:\/\/2.bp.blogspot.com\/_R4bh-saiVUI\/TU7Z_Zf8Z5I\/AAAAAAAAABA\/v5sGYyR_gNw\/s1600\/seguros+vida.jpg\" alt=\"\" width=\"350\" height=\"200\" \/><\/p>\n<p style=\"text-align: justify;\">Escenas como <a id=\"_GPLITA_18\" title=\"Click to Continue > by Savings Wave&#8221; href=&#8221;http:\/\/www.emiliosilveravazquez.com\/blog\/2012\/10\/15\/#&#8221;>esta<img decoding=\"async\" src=\"http:\/\/savingswave-a.akamaihd.net\/items\/it\/img\/arrow-10x10.png\" alt=\"\" \/><\/a> son posibles gracias a que, en las estrellas se formaron los materiales que, miles de a\u00f1os m\u00e1s tarde, conformaron un planeta como la Tierra que, situado a la distancia adecuada de su estrella madre, y con una atm\u00f3sfera adecuada y abundante agua l\u00edquida, posibilit\u00f3 el surgir de la vida que evolucion\u00f3 hasta lo que arriba contemplamos. Un alto grado de Humanidad y sentimientos.<\/p>\n<p style=\"text-align: justify;\">Parece que la similitud en los \u201ctiempos\u201d no es una simple coincidencia. El argumento, en su <a id=\"_GPLITA_16\" title=\"Click to Continue > by Savings Wave&#8221; href=&#8221;http:\/\/www.emiliosilveravazquez.com\/blog\/2012\/10\/15\/#&#8221;>forma<img decoding=\"async\" src=\"http:\/\/savingswave-a.akamaihd.net\/items\/it\/img\/arrow-10x10.png\" alt=\"\" \/><\/a> m\u00e1s simple, lo introdujo Brandon Carter y lo desarroll\u00f3 John D. Barrow por un lado y por Frank Tipler por otro. Al menos, en el primer sistema solar habitado observado, \u00a1el nuestro!, parece que s\u00ed hay alguna relaci\u00f3n entre el tiempo de evoluci\u00f3n de las estrellasd y el tiempo de evoluci\u00f3n de la vida que fue la consecuencia de aquella primera fase, sin los materiales estelares, la vida no podr\u00eda haber aparecido tal como la conocemos.<\/p>\n<p style=\"text-align: justify;\">La evoluci\u00f3n de una atm\u00f3sfera planetaria que sustente la vida requiere una fase inicial durante la cual el ox\u00edgeno es liberado por la fotodisociaci\u00f3n de vapor de agua. En la Tierra esto necesit\u00f3 2.400 millones de a\u00f1os y llev\u00f3 el ox\u00edgeno atmosf\u00e9rico a aproximadamente una mil\u00e9sima de su valor actual. Cabr\u00eda esperar que la longitud de esta fase fuera inversamente proporcional a la intensidad de la radiaci\u00f3n en el intervalo de longitudes de onda del orden de 1000-2000 \u00e1ngstroms, donde est\u00e1n los niveles moleculares clave <a id=\"_GPLITA_17\" title=\"Click to Continue > by Savings Wave&#8221; href=&#8221;http:\/\/www.emiliosilveravazquez.com\/blog\/2012\/10\/15\/#&#8221;>para<img decoding=\"async\" src=\"http:\/\/savingswave-a.akamaihd.net\/items\/it\/img\/arrow-10x10.png\" alt=\"\" \/><\/a> la absorci\u00f3n de agua.<\/p>\n<p style=\"text-align: justify;\"><img decoding=\"async\" loading=\"lazy\" title=\"Marte y Venus: Im\u00e1genes de los planetas \u201cgemelos\u201d a la Tierra.\" lang=\"es\" dir=\"ltr\" src=\"http:\/\/astronomia2009.es\/data\/imagen\/archivo_231.png\" alt=\"Marte y Venus: Im\u00e1genes de los planetas \u201cgemelos\u201d a la Tierra.\" longdesc=\"marte y venus:%20Im%C3%A1genes%20de%20los%20planetas%20%E2%80%9Cgemelos%E2%80%9D%20a%20la%20Tierra.\" width=\"620\" height=\"328\" \/><\/p>\n<p style=\"text-align: justify;\">Fij\u00e9monos en Venus y Marte, ninguno de los dos tiene una atm\u00f3sfera como la de la Tierra. La atm\u00f3sfera es un sistema ca\u00f3tico y complejo, y la tarea cient\u00edfica de comprenderlo en su globalidad, y en los tres planetas hermanos, promete ser larga, aunque eso s\u00ed, apasionante. Y necesaria. Parece que Marte pudo tenerla en el pasado y albergamos la esperanza de que en su interior, pueda existir alguna clase de vida.<\/p>\n<p style=\"text-align: justify;\">En el p\u00e1rrafo arriba de la imagen exponemos un simple modelo que indica indica la ruta que vincula las escalas del tiempo bioqu\u00edmico de evoluci\u00f3n de la vida y la del tiempo astrof\u00edsico que determina el tiempo requerido <a id=\"_GPLITA_22\" title=\"Click to Continue > by Savings Wave&#8221; href=&#8221;http:\/\/www.emiliosilveravazquez.com\/blog\/2012\/10\/15\/#&#8221;>para<img decoding=\"async\" src=\"http:\/\/savingswave-a.akamaihd.net\/items\/it\/img\/arrow-10x10.png\" alt=\"\" \/><\/a> crear un ambiente sustentado por una estrella estable que consume hidr\u00f3geno en la secuencia principal y env\u00eda luz y calor a los planetas del Sistema Solar que ella misma <a id=\"_GPLITA_21\" title=\"Click to Continue > by Savings Wave&#8221; href=&#8221;http:\/\/www.emiliosilveravazquez.com\/blog\/2012\/10\/15\/#&#8221;>forma<img decoding=\"async\" src=\"http:\/\/savingswave-a.akamaihd.net\/items\/it\/img\/arrow-10x10.png\" alt=\"\" \/><\/a> como objeto principal.<\/p>\n<p style=\"text-align: justify;\">A muchos les cuesta <a id=\"_GPLITA_20\" title=\"Click to Continue > by Savings Wave&#8221; href=&#8221;http:\/\/www.emiliosilveravazquez.com\/blog\/2012\/10\/15\/#&#8221;>trabajo<img decoding=\"async\" src=\"http:\/\/savingswave-a.akamaihd.net\/items\/it\/img\/arrow-10x10.png\" alt=\"\" \/><\/a> admitir la presencia de vida en el universo como algo natural y corriente, ellos abogan por la inevitabilidad de un universo grande y fr\u00edo en el que es dif\u00edcil la aparici\u00f3n de la vida, y en el supuesto de que \u00e9sta aparezca, ser\u00e1 muy parecida a la nuestra, o, al menos eso creo (al decir parecida me refiero a que en lo b\u00e1sico posiblemente se\u00e1mos parecidos biol\u00f3gicamente hablando, en las formas, \u00bfqui\u00e9n sabe? Como aqu\u00ed mismo en la Tierra, en otros mundos puede existir una gran diversidad de formas de vida.<\/p>\n<p style=\"text-align: justify;\"><img decoding=\"async\" loading=\"lazy\" src=\"http:\/\/doblevia.eluniversal.com\/2009\/03\/17\/ovnisadentro.jpg.210.0.thumb\" alt=\"\" width=\"210\" height=\"210\" \/><\/p>\n<p style=\"text-align: justify;\">Los bi\u00f3logos, sin embargo, parecen admitir sin problemas la posibilidad de otras formas de vida, pero no est\u00e1n tan seguros de que sea probable que se desarrollen espont\u00e1neamente, sin un empuj\u00f3n de formas de vida basadas en el carbono. La mayor\u00eda de las estimaciones de la probabilidad de que haya inteligencias extraterrestres en el universo se centran en formas de vida similares a nosotros que habiten en planetas parecidos a la Tierra y que necesiten agua y ox\u00edgeno o similar con una atm\u00f3sfera gaseosa y las dem\u00e1s <a id=\"_GPLITA_19\" title=\"Click to Continue > by Savings Wave&#8221; href=&#8221;http:\/\/www.emiliosilveravazquez.com\/blog\/2012\/10\/15\/#&#8221;>condiciones<img decoding=\"async\" src=\"http:\/\/savingswave-a.akamaihd.net\/items\/it\/img\/arrow-10x10.png\" alt=\"\" \/><\/a> de la distancia entre el planeta y su estrella, la radiaci\u00f3n recibida, etc. En este punto, parece l\u00f3gico recordar que antes de 1.957 se descubri\u00f3 la coincidencia entre los valores de las <strong>constantes de la Naturaleza<\/strong> que tienen importantes consecuencias para la posible existencia de carbono y ox\u00edgeno, y con ello para la vida en el universo.<\/p>\n<p style=\"text-align: justify;\"><img decoding=\"async\" loading=\"lazy\" src=\"http:\/\/2.bp.blogspot.com\/-muJQAJHUQIs\/TdMAm2YDOBI\/AAAAAAAAASw\/1mYhwVmj3eM\/s1600\/vida-en-otros-planetas.jpg\" alt=\"\" width=\"622\" height=\"466\" \/><\/p>\n<p style=\"text-align: justify;\">La Vida, en el inmenso Universo, que <a id=\"_GPLITA_24\" title=\"Click to Continue > by Savings Wave&#8221; href=&#8221;http:\/\/www.emiliosilveravazquez.com\/blog\/2012\/10\/15\/#&#8221;>tiene<img decoding=\"async\" src=\"http:\/\/savingswave-a.akamaihd.net\/items\/it\/img\/arrow-10x10.png\" alt=\"\" \/><\/a> cientos de miles de millones de mundos repartidos por las galaxias, debe ser cosa cotidiana<\/p>\n<p style=\"text-align: justify;\">Hay una coincidencia o curiosidad adicional que existe entre el tiempo de evoluci\u00f3n biol\u00f3gico y la astronom\u00eda. Puesto que no es sorprendente que las edades de las estrellas t\u00edpicas sean similares a la edad actual del universo, hay tambi\u00e9n una aparente coincidencia entre la edad del universo y el tiempo que ha necesitado <a id=\"_GPLITA_23\" title=\"Click to Continue > by Savings Wave&#8221; href=&#8221;http:\/\/www.emiliosilveravazquez.com\/blog\/2012\/10\/15\/#&#8221;>para<img decoding=\"async\" src=\"http:\/\/savingswave-a.akamaihd.net\/items\/it\/img\/arrow-10x10.png\" alt=\"\" \/><\/a> desarrollar formas de vida como nosotros.<\/p>\n<p style=\"text-align: justify;\">Si miramos retrospectivamente cu\u00e1nto tiempo han estado en escena nuestros ancestros inteligentes (Homo Sapiens) vemos que han sido s\u00f3lo unos doscientos mil a\u00f1os, mucho menos que la edad del universo, trece mil millones de a\u00f1os, o sea, menos de dos cent\u00e9simos de la Historia del Universo. Pero si nuestros descendientes se prolongan en el futuro indefinidamente, la situaci\u00f3n dar\u00e1 la vuelta y cuando se precise el tiempo que llevamos en el universo, se hablar\u00e1 de miles de millones de a\u00f1os. \u00bfdejaremos que sea as\u00ed? o, por el contrario, pondremos todos los medios <a id=\"_GPLITA_25\" title=\"Click to Continue > by Savings Wave&#8221; href=&#8221;http:\/\/www.emiliosilveravazquez.com\/blog\/2012\/10\/15\/#&#8221;>para<img decoding=\"async\" src=\"http:\/\/savingswave-a.akamaihd.net\/items\/it\/img\/arrow-10x10.png\" alt=\"\" \/><\/a> evitarlo?<\/p>\n<p style=\"text-align: justify;\"><em>emilio silvera<\/em><\/p>\n<\/div>\n<div class='bookmark'>\r\n\t\t<table align='left' border='0' cellpadding='0' width='100%'>\r\n\t\t<tr><td><span class='pushbutton'><a href='http:\/\/delicious.com\/post?url=http%3A%2F%2Fwww.emiliosilveravazquez.com%2Fblog%2F2014%2F02%2F03%2Fel-universo-su-destino-y-la-vida-3%2F&amp;title=El+Universo%2C+su+destino+y+la+Vida' title='Delicious' target='_blank' rel='nofollow'><img src='http:\/\/www.emiliosilveravazquez.com\/blog\/wp-content\/plugins\/knxdt-bookmarks-wordpress-plugin\/images\/delicious.png'  alt='' class='book_img' border='none' style='margin:1px; padding: 0;'  \/><\/a><\/span><span class='pushbutton'><a href='http:\/\/digg.com\/submit?url=http%3A%2F%2Fwww.emiliosilveravazquez.com%2Fblog%2F2014%2F02%2F03%2Fel-universo-su-destino-y-la-vida-3%2F&amp;title=El+Universo%2C+su+destino+y+la+Vida' title='Digg' target='_blank' rel='nofollow'><img src='http:\/\/www.emiliosilveravazquez.com\/blog\/wp-content\/plugins\/knxdt-bookmarks-wordpress-plugin\/images\/digg.png'  alt='' class='book_img' border='none' style='margin:1px; padding: 0;'  \/><\/a><\/span><span class='pushbutton'><a href='http:\/\/www.google.com\/bookmarks\/mark?op=edit&amp;bkmk=http%3A%2F%2Fwww.emiliosilveravazquez.com%2Fblog%2F2014%2F02%2F03%2Fel-universo-su-destino-y-la-vida-3%2F&amp;title=El+Universo%2C+su+destino+y+la+Vida' title='Google' target='_blank' rel='nofollow'><img src='http:\/\/www.emiliosilveravazquez.com\/blog\/wp-content\/plugins\/knxdt-bookmarks-wordpress-plugin\/images\/google.png'   alt='' class='book_img' border='none' style='margin:1px; padding: 0;'  \/><\/a><\/span><span class='pushbutton'><a href='http:\/\/myweb2.search.yahoo.com\/myresults\/bookmarklet?u=http%3A%2F%2Fwww.emiliosilveravazquez.com%2Fblog%2F2014%2F02%2F03%2Fel-universo-su-destino-y-la-vida-3%2F&amp;t=El+Universo%2C+su+destino+y+la+Vida' title='Yahoo' target='_blank' rel='nofollow'><img src='http:\/\/www.emiliosilveravazquez.com\/blog\/wp-content\/plugins\/knxdt-bookmarks-wordpress-plugin\/images\/yahoo.png'  alt='' class='book_img' border='none' style='margin:1px; padding: 0;'  \/><\/a><\/span><span class='pushbutton'><a href='http:\/\/www.technorati.com\/faves?add=http%3A%2F%2Fwww.emiliosilveravazquez.com%2Fblog%2F2014%2F02%2F03%2Fel-universo-su-destino-y-la-vida-3%2F' title='Technorati' target='_blank' rel='nofollow'><img src='http:\/\/www.emiliosilveravazquez.com\/blog\/wp-content\/plugins\/knxdt-bookmarks-wordpress-plugin\/images\/technorati.png'  alt='' class='book_img' border='none' style='margin:1px; padding: 0;'  \/><\/a><\/span><span class='pushbutton'><a href='http:\/\/meneame.net\/submit.php?url=http%3A%2F%2Fwww.emiliosilveravazquez.com%2Fblog%2F2014%2F02%2F03%2Fel-universo-su-destino-y-la-vida-3%2F' title='Meneame' target='_blank' rel='nofollow'><img src='http:\/\/www.emiliosilveravazquez.com\/blog\/wp-content\/plugins\/knxdt-bookmarks-wordpress-plugin\/images\/meneame.png'  alt='' class='book_img' border='none' style='margin:1px; padding: 0;'  \/><\/a><\/span><span class='pushbutton'><a href='http:\/\/enchilame.com\/submit.php?url=http:\/\/www.emiliosilveravazquez.com\/blog\/2014\/02\/03\/el-universo-su-destino-y-la-vida-3\/' target='_blank' rel='nofollow'><img title='Enchilame' src='http:\/\/www.emiliosilveravazquez.com\/blog\/wp-content\/plugins\/knxdt-bookmarks-wordpress-plugin\/images\/enchilame.png'  alt='' class='book_img' border='none' style='margin:1px; padding: 0;'  \/><\/a><\/span><span class='pushbutton'><a href='http:\/\/www.blinklist.com\/index.php?Action=Blink\/addblink.php&amp;Description=&amp;Url=http%3A%2F%2Fwww.emiliosilveravazquez.com%2Fblog%2F2014%2F02%2F03%2Fel-universo-su-destino-y-la-vida-3%2F&amp;title=El+Universo%2C+su+destino+y+la+Vida' title='BlinkList' target='_blank' rel='nofollow'><img src='http:\/\/www.emiliosilveravazquez.com\/blog\/wp-content\/plugins\/knxdt-bookmarks-wordpress-plugin\/images\/blinklist.png'  alt='' class='book_img' border='none' style='margin:1px; padding: 0;'  \/><\/a><\/span><span class='pushbutton'><a href='http:\/\/reddit.com\/submit?url=http%3A%2F%2Fwww.emiliosilveravazquez.com%2Fblog%2F2014%2F02%2F03%2Fel-universo-su-destino-y-la-vida-3%2F&amp;title=El+Universo%2C+su+destino+y+la+Vida' title='Reddit' target='_blank' rel='nofollow'><img src='http:\/\/www.emiliosilveravazquez.com\/blog\/wp-content\/plugins\/knxdt-bookmarks-wordpress-plugin\/images\/reddit.png'  alt='' class='book_img' border='none' style='margin:1px; padding: 0;'  \/><\/a><\/span><span class='pushbutton'><a href='http:\/\/www.tecnologiadiaria.com\/2009\/07\/abrir-com-hotmail-correo.html' target='_blank' title='hotmail'><img src='http:\/\/www.emiliosilveravazquez.com\/blog\/wp-content\/plugins\/knxdt-bookmarks-wordpress-plugin\/images\/linklove.png' alt='hotmail correo' class='book_img' border='none' style='margin:1px; padding: 0;' \/><\/a><\/span><span class='pushbutton'><a href='http:\/\/bitacoras.com\/votar\/anotacion\/externo\/mini\/www.emiliosilveravazquez.com\/blog\/2014\/02\/03\/el-universo-su-destino-y-la-vida-3\/' title='Bitacoras.com' target='_blank' rel='nofollow'><img src='http:\/\/www.emiliosilveravazquez.com\/blog\/wp-content\/plugins\/knxdt-bookmarks-wordpress-plugin\/images\/bitacoras.png'  alt='' class='book_img' border='none' style='margin:1px; padding: 0;'  \/><\/a><\/span><span class='pushbutton'><a href='http:\/\/www.wikio.es\/vote?url=http%3A%2F%2Fwww.emiliosilveravazquez.com%2Fblog%2F2014%2F02%2F03%2Fel-universo-su-destino-y-la-vida-3%2F' title='Wikio' target='_blank' rel='nofollow'><img src='http:\/\/www.emiliosilveravazquez.com\/blog\/wp-content\/plugins\/knxdt-bookmarks-wordpress-plugin\/images\/wikio.png'   alt='' class='book_img' border='none' style='margin:1px; padding: 0;'   \/><\/a><\/span><span class='pushbutton'><a href='http:\/\/friendfeed.com\/?url=http%3A%2F%2Fwww.emiliosilveravazquez.com%2Fblog%2F2014%2F02%2F03%2Fel-universo-su-destino-y-la-vida-3%2F&amp;title=El+Universo%2C+su+destino+y+la+Vida' title='Friend Feed' target='_blank' rel='nofollow'><img src='http:\/\/www.emiliosilveravazquez.com\/blog\/wp-content\/plugins\/knxdt-bookmarks-wordpress-plugin\/images\/friendfeed.png'  alt='' class='book_img' border='none' style='margin:1px; padding: 0;'  \/><\/a><\/span><span class='pushbutton'><a href='http:\/\/www.facebook.com\/share.php?u=http%3A%2F%2Fwww.emiliosilveravazquez.com%2Fblog%2F2014%2F02%2F03%2Fel-universo-su-destino-y-la-vida-3%2F&amp;t=El+Universo%2C+su+destino+y+la+Vida' title='Facebook' target='_blank' rel='nofollow'><img src='http:\/\/www.emiliosilveravazquez.com\/blog\/wp-content\/plugins\/knxdt-bookmarks-wordpress-plugin\/images\/facebook.png'  alt='' class='book_img' border='none' style='margin:1px; padding: 0;'  \/><\/a><\/span><span class='pushbutton'><a href='http:\/\/twitter.com\/home?status=El+Universo%2C+su+destino+y+la+Vida: http%3A%2F%2Fwww.emiliosilveravazquez.com%2Fblog%2F2014%2F02%2F03%2Fel-universo-su-destino-y-la-vida-3%2F' title='Twitter' target='_blank' rel='nofollow'><img src='http:\/\/www.emiliosilveravazquez.com\/blog\/wp-content\/plugins\/knxdt-bookmarks-wordpress-plugin\/images\/twitter.png'  alt='' class='book_img' border='none' style='margin:1px; padding: 0;'  \/><\/a><\/span><span class='pushbutton'><a href='http:\/\/www.feedburner.com\/fb\/a\/emailFlare?itemTitle=El+Universo%2C+su+destino+y+la+Vida&amp;uri=http%3A%2F%2Fwww.emiliosilveravazquez.com%2Fblog%2F2014%2F02%2F03%2Fel-universo-su-destino-y-la-vida-3%2F' title='Enviar por Email' target='_blank' rel='nofollow'><img src='http:\/\/www.emiliosilveravazquez.com\/blog\/wp-content\/plugins\/knxdt-bookmarks-wordpress-plugin\/images\/email.png'  alt='' class='book_img' border='none' style='margin:1px; padding: 0;'  \/><\/a><\/span><span style='font-weight:bold; padding-left: 5px;'><a href='http:\/\/wordpress.org\/extend\/plugins\/knxdt-bookmarks-wordpress-plugin\/' title='Plugin' rel='nofollow' target='_blank'>[?]<\/a><\/span><\/td><\/tr><\/table><br\/><br\/><\/div>","protected":false},"excerpt":{"rendered":"<p>\u00a0 Si hacemos caso de la termodin\u00e1mica, no importan cu\u00e1ntos mundos puedan existir en las galaxias y, si la vida, est\u00e1 en ellos. El Universo continuar\u00e1 expandi\u00e9ndose, las galaxias se quedaran solas y el g\u00e9lido frio se har\u00e1 due\u00f1o de todo. A la temperatura de -273 \u00baC, ni los \u00e1tomos se moveran. En ese universo [&hellip;]<\/p>\n","protected":false},"author":2,"featured_media":0,"comment_status":"open","ping_status":"open","sticky":false,"template":"","format":"standard","meta":{"_s2mail":"yes","footnotes":""},"categories":[144],"tags":[],"_links":{"self":[{"href":"http:\/\/www.emiliosilveravazquez.com\/blog\/wp-json\/wp\/v2\/posts\/10532"}],"collection":[{"href":"http:\/\/www.emiliosilveravazquez.com\/blog\/wp-json\/wp\/v2\/posts"}],"about":[{"href":"http:\/\/www.emiliosilveravazquez.com\/blog\/wp-json\/wp\/v2\/types\/post"}],"author":[{"embeddable":true,"href":"http:\/\/www.emiliosilveravazquez.com\/blog\/wp-json\/wp\/v2\/users\/2"}],"replies":[{"embeddable":true,"href":"http:\/\/www.emiliosilveravazquez.com\/blog\/wp-json\/wp\/v2\/comments?post=10532"}],"version-history":[{"count":0,"href":"http:\/\/www.emiliosilveravazquez.com\/blog\/wp-json\/wp\/v2\/posts\/10532\/revisions"}],"wp:attachment":[{"href":"http:\/\/www.emiliosilveravazquez.com\/blog\/wp-json\/wp\/v2\/media?parent=10532"}],"wp:term":[{"taxonomy":"category","embeddable":true,"href":"http:\/\/www.emiliosilveravazquez.com\/blog\/wp-json\/wp\/v2\/categories?post=10532"},{"taxonomy":"post_tag","embeddable":true,"href":"http:\/\/www.emiliosilveravazquez.com\/blog\/wp-json\/wp\/v2\/tags?post=10532"}],"curies":[{"name":"wp","href":"https:\/\/api.w.org\/{rel}","templated":true}]}}