{"id":10492,"date":"2014-01-23T05:47:32","date_gmt":"2014-01-23T04:47:32","guid":{"rendered":"http:\/\/www.emiliosilveravazquez.com\/blog\/?p=10492"},"modified":"2014-01-23T05:47:32","modified_gmt":"2014-01-23T04:47:32","slug":"%c2%bfque-hariamos-sin-la-fisica-3","status":"publish","type":"post","link":"http:\/\/www.emiliosilveravazquez.com\/blog\/2014\/01\/23\/%c2%bfque-hariamos-sin-la-fisica-3\/","title":{"rendered":"\u00bfQu\u00e9 har\u00edamos sin la F\u00edsica?"},"content":{"rendered":"<div>\n<h2 style=\"text-align: justify;\">\u00a0<a href=\"http:\/\/www.emiliosilveravazquez.com\/blog\/2012\/04\/25\/sobre-el-modelo-estandard-de-la-fisica\/\" rel=\"next\">Sobre el Modelo Est\u00e1ndard de la F\u00edsica<\/a><\/h2>\n<\/div>\n<div style=\"text-align: justify;\">\n<h3><\/h3>\n<p>&nbsp;<\/p>\n<p>&nbsp;<\/p>\n<p>&nbsp;<\/p>\n<p>&nbsp;<\/p>\n<p>&nbsp;<\/p>\n<\/div>\n<div>\n<p style=\"text-align: justify;\"><img decoding=\"async\" loading=\"lazy\" src=\"http:\/\/3.bp.blogspot.com\/_upkOSmMYdG4\/TLo80mXoFiI\/AAAAAAAAAF8\/fpaXg64heqE\/s400\/espetro+2.png\" alt=\"\" width=\"400\" height=\"227\" border=\"0\" \/><\/p>\n<p style=\"text-align: justify;\">Existen l\u00edmites a los que a\u00fan no han podido llegar nuestras teor\u00edas, y, el L\u00edmite de Planck es el que marca las fronteras de las teor\u00edas actuales que, nunca han podido llegar tan lejos como lo que nos dice <a id=\"_GPLITA_40\" title=\"Click to Continue > by Savings Wave&#8221; href=&#8221;http:\/\/www.emiliosilveravazquez.com\/blog\/2012\/04\/24\/%c2%bfque-hariamos-sin-la-fisica-2\/#&#8221;>esta<img decoding=\"async\" src=\"http:\/\/savingswave-a.akamaihd.net\/items\/it\/img\/arrow-10x10.png\" alt=\"\" \/><\/a> simple ecuaci\u00f3n:<\/p>\n<p style=\"text-align: justify;\"><img decoding=\"async\" loading=\"lazy\" title=\"longitud-planck\" src=\"http:\/\/abcienciade.files.wordpress.com\/2009\/11\/longitud-planck1.gif?w=643&amp;h=217\" alt=\"longitud-planck\" width=\"643\" height=\"217\" \/><\/p>\n<p style=\"text-align: justify;\">Un d\u00eda de 1.900, se public\u00f3 un art\u00edculo de ocho p\u00e1ginas que sentaron las bases de la Mec\u00e1nica Cu\u00e1ntica. Su autor, Max Planck, cambi\u00f3 conceptos cl\u00e1sicos <a id=\"_GPLITA_2\" title=\"Click to Continue > by Savings Wave&#8221; href=&#8221;http:\/\/www.emiliosilveravazquez.com\/blog\/2012\/04\/24\/%c2%bfque-hariamos-sin-la-fisica-2\/#&#8221;>para<img decoding=\"async\" src=\"http:\/\/savingswave-a.akamaihd.net\/items\/it\/img\/arrow-10x10.png\" alt=\"\" \/><\/a> traernos una nueva visi\u00f3n del universo infinitesimal (10 con exponente -35 m.) a una distancia conocida como l\u00edmite de Planck , mucho m\u00e1s all\u00e1 de donde los Quarks est\u00e1n confinados en tripletes formando <a href=\"http:\/\/www.emiliosilveravazquez.com\/blog\/2012\/04\/24\/%c2%bfque-hariamos-sin-la-fisica-2\/#\">protones<\/a> y <a href=\"http:\/\/www.emiliosilveravazquez.com\/blog\/2012\/04\/24\/%c2%bfque-hariamos-sin-la-fisica-2\/#\">neutrones<\/a> y la <a href=\"http:\/\/www.emiliosilveravazquez.com\/blog\/2012\/04\/24\/%c2%bfque-hariamos-sin-la-fisica-2\/#\"><a href=\"#\" onclick=\"referencia('fuerza nuclear fuerte',event); return false;\">fuerza nuclear fuerte<\/a><\/a> tiene su dominio y se deja sentir a trav\u00e9s de los <a href=\"http:\/\/www.emiliosilveravazquez.com\/blog\/2012\/04\/24\/%c2%bfque-hariamos-sin-la-fisica-2\/#\"><a href=\"#\" onclick=\"referencia('bosones',event); return false;\">bosones<\/a><\/a> portadores, los Gluones.<\/p>\n<p style=\"text-align: justify;\">\u00a0<img decoding=\"async\" loading=\"lazy\" src=\"http:\/\/phoenlx.pagesperso-orange.fr\/sitecdz\/descriptionperso\/or\/images\/courbure.jpg\" alt=\"\" width=\"640\" height=\"334\" border=\"0\" \/><\/p>\n<p style=\"text-align: justify;\"><strong><em>Los <a href=\"http:\/\/www.emiliosilveravazquez.com\/blog\/2012\/04\/24\/%c2%bfque-hariamos-sin-la-fisica-2\/#\"><a href=\"#\" onclick=\"referencia('agujero de gusano',event); return false; return false;\">agujeros de gusano<\/a><\/a> del inter-universo<\/em><\/strong> que asocian un universo con otro diferente y son denominados <a href=\"http:\/\/www.emiliosilveravazquez.com\/blog\/2012\/04\/24\/%c2%bfque-hariamos-sin-la-fisica-2\/#\"><a href=\"#\" onclick=\"referencia('agujero de gusano',event); return false; return false;\">agujeros de gusano<\/a><\/a> de Schwarzschild. Esto nos permite especular si tales <a href=\"http:\/\/www.emiliosilveravazquez.com\/blog\/2012\/04\/24\/%c2%bfque-hariamos-sin-la-fisica-2\/#\"><a href=\"#\" onclick=\"referencia('agujero de gusano',event); return false; return false;\">agujeros de gusano<\/a><\/a> podr\u00edan usarse para viajar de un universo a otro paralelo. Otra aplicaci\u00f3n de un <a href=\"http:\/\/www.emiliosilveravazquez.com\/blog\/2012\/04\/24\/%c2%bfque-hariamos-sin-la-fisica-2\/#\"><a href=\"#\" onclick=\"referencia('agujero de gusano',event); return false;\">agujero de gusano<\/a><\/a> podr\u00eda ser el viaje en el tiempo. En ese caso ser\u00eda un atajo para desplazarse de un punto espaciotemporal a otro diferente. En la teor\u00eda de cuerdas un <a href=\"http:\/\/www.emiliosilveravazquez.com\/blog\/2012\/04\/24\/%c2%bfque-hariamos-sin-la-fisica-2\/#\"><a href=\"#\" onclick=\"referencia('agujero de gusano',event); return false;\">agujero de gusano<\/a><\/a> es visualizado como la conexi\u00f3n <a id=\"_GPLITA_1\" title=\"Click to Continue > by Savings Wave&#8221; href=&#8221;http:\/\/www.emiliosilveravazquez.com\/blog\/2012\/04\/24\/%c2%bfque-hariamos-sin-la-fisica-2\/#&#8221;>entre<img decoding=\"async\" src=\"http:\/\/savingswave-a.akamaihd.net\/items\/it\/img\/arrow-10x10.png\" alt=\"\" \/><\/a> dos D-branas, donde las bocas est\u00e1n asociadas a las branas y conectadas por un tubo de flujo. Se cree que los <a href=\"http:\/\/www.emiliosilveravazquez.com\/blog\/2012\/04\/24\/%c2%bfque-hariamos-sin-la-fisica-2\/#\"><a href=\"#\" onclick=\"referencia('agujero de gusano',event); return false; return false;\">agujeros de gusano<\/a><\/a> son una <a id=\"_GPLITA_0\" title=\"Click to Continue > by Savings Wave&#8221; href=&#8221;http:\/\/www.emiliosilveravazquez.com\/blog\/2012\/04\/24\/%c2%bfque-hariamos-sin-la-fisica-2\/#&#8221;>parte<img decoding=\"async\" src=\"http:\/\/savingswave-a.akamaihd.net\/items\/it\/img\/arrow-10x10.png\" alt=\"\" \/><\/a> de la espuma cu\u00e1ntica o espaciotemporal.<\/p>\n<p style=\"text-align: justify;\"><img decoding=\"async\" loading=\"lazy\" title=\"Fractal\" src=\"http:\/\/kokotriso.files.wordpress.com\/2009\/09\/94668.jpg?w=512&amp;h=383\" alt=\"Fractal\" width=\"512\" height=\"383\" \/><\/p>\n<p style=\"text-align: justify;\">El vac\u00edo estable y absoluto de <a href=\"http:\/\/www.emiliosilveravazquez.com\/blog\/2012\/04\/24\/%c2%bfque-hariamos-sin-la-fisica-2\/#\"><a href=\"#\" onclick=\"referencia('newton',event); return false;\">Newton<\/a><\/a>, con trayectorias continuas y determinadas, ha dejado paso al vac\u00edo cu\u00e1ntico asociado a unas extra\u00f1as trayectorias (*) discontinuas y fracturadas, llamadas por ello trayectorias fractales (no son propiamente trayectorias). La existencia del cuanto de acci\u00f3n o <a href=\"http:\/\/www.emiliosilveravazquez.com\/blog\/2012\/04\/24\/%c2%bfque-hariamos-sin-la-fisica-2\/#\"><a href=\"#\" onclick=\"referencia('planck constante de',event); return false;\">constante de Planck<\/a><\/a> (se llama acci\u00f3n al producto de una energ\u00eda por un tiempo), base de la f\u00edsica cu\u00e1ntica, es la causa de ese cambio fundamental, y de otros muchos, con profundas consecuencias. Mediante la geometr\u00eda fractal, este <a id=\"_GPLITA_5\" title=\"Click to Continue > by Savings Wave&#8221; href=&#8221;http:\/\/www.emiliosilveravazquez.com\/blog\/2012\/04\/24\/%c2%bfque-hariamos-sin-la-fisica-2\/#&#8221;>nuevo<img decoding=\"async\" src=\"http:\/\/savingswave-a.akamaihd.net\/items\/it\/img\/arrow-10x10.png\" alt=\"\" \/><\/a> marco nos ofrece nuevas e interesantes perspectivas.<\/p>\n<p style=\"text-align: justify;\">Planck, nos habl\u00f3 del \u201ccuanto\u201d de acci\u00f3n h, y nos dijo que la energ\u00eda se transmite en paquetes de manera discontinua. Aquello, asombr\u00f3 al mundo y el mismo Planck fue consciente de que, sus creencias sobre la F\u00edsica, a partir de ese momento, ser\u00edan otras.<\/p>\n<p style=\"text-align: justify;\">Inspirado en el <a id=\"_GPLITA_3\" title=\"Click to Continue > by Savings Wave&#8221; href=&#8221;http:\/\/www.emiliosilveravazquez.com\/blog\/2012\/04\/24\/%c2%bfque-hariamos-sin-la-fisica-2\/#&#8221;>trabajo<img decoding=\"async\" src=\"http:\/\/savingswave-a.akamaihd.net\/items\/it\/img\/arrow-10x10.png\" alt=\"\" \/><\/a> de Planck, Albert <a href=\"http:\/\/www.emiliosilveravazquez.com\/blog\/2012\/04\/24\/%c2%bfque-hariamos-sin-la-fisica-2\/#\"><a href=\"#\" onclick=\"referencia('einstein',event); return false;\">Einstein<\/a><\/a> desarrollo un <a id=\"_GPLITA_4\" title=\"Click to Continue > by Savings Wave&#8221; href=&#8221;http:\/\/www.emiliosilveravazquez.com\/blog\/2012\/04\/24\/%c2%bfque-hariamos-sin-la-fisica-2\/#&#8221;>trabajo<img decoding=\"async\" src=\"http:\/\/savingswave-a.akamaihd.net\/items\/it\/img\/arrow-10x10.png\" alt=\"\" \/><\/a> sobre el \u201cEfecto Fotoel\u00e9ctrico \u201d \u2013 que le vali\u00f3 el Nobel de F\u00edsica de 1.921 \u2013 y, contribuy\u00f3 de manera activa al desarrollo de la Mec\u00e1nica Cu\u00e1ntica que, m\u00e1s tarde, combati\u00f3.<\/p>\n<p style=\"text-align: justify;\"><img decoding=\"async\" loading=\"lazy\" title=\"cuantica\" src=\"http:\/\/circuitoaleph.files.wordpress.com\/2011\/02\/quantum-image.jpg?w=300&amp;h=240\" alt=\"\" width=\"300\" height=\"240\" \/><\/p>\n<p style=\"text-align: justify;\">La noci\u00f3n del entrelazamiento cu\u00e1ntico es una idea nada nueva que se remonta a principio del siglo XX, a 1900, cuando el f\u00edsico alem\u00e1n Max Planck, considerado el padre de la teor\u00eda cu\u00e1ntica, propuso que no podemos hablar de una cantidad infinita de energ\u00eda, sino que <a id=\"_GPLITA_6\" title=\"Click to Continue > by Savings Wave&#8221; href=&#8221;http:\/\/www.emiliosilveravazquez.com\/blog\/2012\/04\/24\/%c2%bfque-hariamos-sin-la-fisica-2\/#&#8221;>esta<img decoding=\"async\" src=\"http:\/\/savingswave-a.akamaihd.net\/items\/it\/img\/arrow-10x10.png\" alt=\"\" \/><\/a> se transmite en peque\u00f1as cantidades o paquetes llamados cuantos. En 1905, Albert <a href=\"http:\/\/www.emiliosilveravazquez.com\/blog\/2012\/04\/24\/%c2%bfque-hariamos-sin-la-fisica-2\/#\"><a href=\"#\" onclick=\"referencia('einstein',event); return false;\">Einstein<\/a><\/a>, bas\u00e1ndose en los experimentos de otro gran f\u00edsico, Philipp Lenard, sobre el efecto fotoel\u00e9ctrico, propuso que las ondas de luz se pueden propagar como ondas y como part\u00edculas al mismo tiempo. De hecho, propuso al <a href=\"http:\/\/www.emiliosilveravazquez.com\/blog\/2012\/04\/24\/%c2%bfque-hariamos-sin-la-fisica-2\/#\">fot\u00f3n<\/a> como la part\u00edcula portadora de la luz.<\/p>\n<p style=\"text-align: justify;\">Llegaron nuevos F\u00edsicos como Werner Heisenberg, Schr\u00f6dinger, Dirac, Feynman y otros que, desarrollaron lo que hoy conocemos como Mec\u00e1nica Cu\u00e1ntica. Heisenberg con su Principio de Incertidumbre nos demostr\u00f3 que no pod\u00edamos saberlo todo al mismo tiempo. Si queremos conocer la situaci\u00f3n de un <a href=\"http:\/\/www.emiliosilveravazquez.com\/blog\/2012\/04\/24\/%c2%bfque-hariamos-sin-la-fisica-2\/#\">electr\u00f3n<\/a> y para ello utilizamos un microscopio electr\u00f3nico, el mismo hecho de su utilizaci\u00f3n transformar\u00e1 el medio observado, ya que, los <a href=\"http:\/\/www.emiliosilveravazquez.com\/blog\/2012\/04\/24\/%c2%bfque-hariamos-sin-la-fisica-2\/#\"><a href=\"#\" onclick=\"referencia('foton',event); return false;\">fotones<\/a><\/a> enviados por el microscopio cambiar\u00e1n la direcci\u00f3n de dicho <a href=\"http:\/\/www.emiliosilveravazquez.com\/blog\/2012\/04\/24\/%c2%bfque-hariamos-sin-la-fisica-2\/#\">electr\u00f3n<\/a>. De esta manera, podemos saber d\u00f3nde est\u00e1, pero no sabremos a donde se dirige.<\/p>\n<p style=\"text-align: justify;\">Schr\u00f6dinger, con su funci\u00f3n de onda, nos dio una buena herramienta <a id=\"_GPLITA_11\" title=\"Click to Continue > by Savings Wave&#8221; href=&#8221;http:\/\/www.emiliosilveravazquez.com\/blog\/2012\/04\/24\/%c2%bfque-hariamos-sin-la-fisica-2\/#&#8221;>para<img decoding=\"async\" src=\"http:\/\/savingswave-a.akamaihd.net\/items\/it\/img\/arrow-10x10.png\" alt=\"\" \/><\/a> buscar la part\u00edcula mediante un sistema de alta probabilidad de su situaci\u00f3n.<\/p>\n<p style=\"text-align: justify;\"><img decoding=\"async\" loading=\"lazy\" id=\"irc_mi\" class=\"irc_mut\" style=\"margin-top: 120px;\" src=\"http:\/\/web.educastur.princast.es\/proyectos\/jimena\/pj_franciscga\/e-schrodinger.gif\" alt=\"\" width=\"405\" height=\"154\" \/><img decoding=\"async\" loading=\"lazy\" id=\"irc_mi\" class=\"irc_mut\" style=\"margin-top: 59px;\" src=\"http:\/\/eltamiz.com\/images\/2008\/onda2.jpg\" alt=\"\" width=\"500\" height=\"275\" \/><\/p>\n<p style=\"text-align: justify;\">La Mec\u00e1nica cu\u00e1ntica describe el <a id=\"_GPLITA_9\" title=\"Click to Continue > by Savings Wave&#8221; href=&#8221;http:\/\/www.emiliosilveravazquez.com\/blog\/2012\/04\/24\/%c2%bfque-hariamos-sin-la-fisica-2\/#&#8221;>estado<img decoding=\"async\" src=\"http:\/\/savingswave-a.akamaihd.net\/items\/it\/img\/arrow-10x10.png\" alt=\"\" \/><\/a> instant\u00e1neo de un sistema (estado cu\u00e1ntico) con una funci\u00f3n de onda que codifica la distribuci\u00f3n de probabilidad de todas las propiedades medibles, u observables. Algunos observables posibles sobre un sistema dado son la energ\u00eda, posici\u00f3n, momento y momento angular. La mec\u00e1nica cu\u00e1ntica no asigna valores definidos a los observables, sino que hace predicciones sobre sus distribuciones de probabilidad. Las propiedades ondulatorias de la materia son explicadas por la interferencia de las funciones de onda. Estas funciones de onda pueden variar con el transcurso del tiempo. Esta evoluci\u00f3n es determinista si sobre el sistema no se realiza ninguna medida aunque esta evoluci\u00f3n es estoc\u00e1stica y se produce mediante colapso de la funci\u00f3n de onda cuando se realiza una medida sobre el sistema. Por ejemplo, una part\u00edcula movi\u00e9ndose sin interferencia en el espacio vac\u00edo puede ser descrita mediante una funci\u00f3n de onda que es un paquete de ondas centrado alrededor de alguna posici\u00f3n media. Seg\u00fan pasa el tiempo, el centro del paquete puede trasladarse, cambiar, de modo que la part\u00edcula parece estar localizada m\u00e1s precisamente en otro lugar. La evoluci\u00f3n temporal determinista de las funciones de onda es descrita por la Ecuaci\u00f3n de Schr\u00f6dinger.<\/p>\n<p style=\"text-align: justify;\">La Mec\u00e1nica Cu\u00e1ntica ha alcanzado unas cotas incre\u00edbles de consistencia y experimentalmente, es una de las teor\u00edas m\u00e1s acreditadas. Sin embargo, mi parecer es que siendo una herramienta muy \u00fatil para los F\u00edsicos, no es la definitiva, en un futuro pr\u00f3ximo tendremos muchas sorpresas de la mano del LHC que en este mismo a\u00f1o nos dar\u00e1 alguna alegr\u00eda importante para el mundo de la F\u00edsica.<\/p>\n<p style=\"text-align: justify;\">El otro gran pilar en el que se apoya la F\u00edsica, se llama Relatividad Especial. Todos sab\u00e9is lo que fue para la F\u00edsica el a\u00f1o 1.905. Esa primera <a id=\"_GPLITA_10\" title=\"Click to Continue > by Savings Wave&#8221; href=&#8221;http:\/\/www.emiliosilveravazquez.com\/blog\/2012\/04\/24\/%c2%bfque-hariamos-sin-la-fisica-2\/#&#8221;>parte<img decoding=\"async\" src=\"http:\/\/savingswave-a.akamaihd.net\/items\/it\/img\/arrow-10x10.png\" alt=\"\" \/><\/a> de la teor\u00eda relativista de <a href=\"http:\/\/www.emiliosilveravazquez.com\/blog\/2012\/04\/24\/%c2%bfque-hariamos-sin-la-fisica-2\/#\"><a href=\"#\" onclick=\"referencia('einstein',event); return false;\">Einstein<\/a><\/a>, nos leg\u00f3 conocimientos muy importantes, tales como que un objeto viajando a velocidades cercanas a la de la luz aumenta su masa o que el hipot\u00e9tico viajero de una nave espacial que viaje a \u00e9sas velocidades relativistas, habr\u00e1 conseguido ralentizar su tiempo. El tiempo pasa m\u00e1s lento cuando la velocidad es grande. Y, el otro logro importante que fue resumido en la ecuaci\u00f3n m\u00e1s famosa de la historia de la F\u00edsica, fue el hecho de <a id=\"_GPLITA_7\" title=\"Click to Continue > by Savings Wave&#8221; href=&#8221;http:\/\/www.emiliosilveravazquez.com\/blog\/2012\/04\/24\/%c2%bfque-hariamos-sin-la-fisica-2\/#&#8221;>descubrir<img decoding=\"async\" src=\"http:\/\/savingswave-a.akamaihd.net\/items\/it\/img\/arrow-10x10.png\" alt=\"\" \/><\/a> que la masa y la energ\u00eda son dos aspectos de la misma cosa. E=mc2 \u00a1cu\u00e1nta belleza y profundidad expresado en tan poco espacio!<\/p>\n<p style=\"text-align: justify;\"><img decoding=\"async\" src=\"http:\/\/atmp-meditation.com\/images\/comentari2.jpg\" alt=\"enfoque desde la Relatividad General de <a href=\" \/><img decoding=\"async\" src=\"http:\/\/2.bp.blogspot.com\/-0Q3_6pTNe5A\/UQpv7kaVvSI\/AAAAAAAAYZw\/gIGaqaNRgjI\/s1600\/1relatividad-general.jpg\" alt=\"\" border=\"0\" \/><\/p>\n<p style=\"text-align: justify;\">Albert <a href=\"http:\/\/www.emiliosilveravazquez.com\/blog\/2012\/04\/24\/%c2%bfque-hariamos-sin-la-fisica-2\/#\"><a href=\"#\" onclick=\"referencia('einstein',event); return false;\">Einstein<\/a><\/a> realiz\u00f3 una verdadera haza\u00f1a intelectual y nos leg\u00f3 su teor\u00eda General de la Relatividad, una teor\u00eda construida <a id=\"_GPLITA_8\" title=\"Click to Continue > by Savings Wave&#8221; href=&#8221;http:\/\/www.emiliosilveravazquez.com\/blog\/2012\/04\/24\/%c2%bfque-hariamos-sin-la-fisica-2\/#&#8221;>desde<img decoding=\"async\" src=\"http:\/\/savingswave-a.akamaihd.net\/items\/it\/img\/arrow-10x10.png\" alt=\"\" \/><\/a> la pura geometr\u00eda, excedi\u00e9ndose en elegancia y efectiva en su espacio de aplicaci\u00f3n. La relaci\u00f3n entre el cuerpo y la curvatura del espacio-tiempo, es equivalente (G\u00b5v). Significa, la manifestaci\u00f3n visible o invisible de la energ\u00eda [m=e\/c2], y en este caso, manifestada en la forma masiva del cuerpo, curva el espaci\u00f3-tiempo.<\/p>\n<p style=\"text-align: justify;\">La Humanidad ha conseguido logros incre\u00edbles en el campo de la F\u00edsica, siempre acompa\u00f1ada de las matem\u00e1ticas, han llegado a dejar al descubierto cuestiones misteriosas y muy bien escondidas en lo m\u00e1s profundo de la materia y de las fuerzas fundamentales que interaccionan con ella.<\/p>\n<p style=\"text-align: justify;\"><a id=\"_GPLITA_13\" title=\"Click to Continue > by Savings Wave&#8221; href=&#8221;http:\/\/www.emiliosilveravazquez.com\/blog\/2012\/04\/24\/%c2%bfque-hariamos-sin-la-fisica-2\/#&#8221;>Ahora<img decoding=\"async\" src=\"http:\/\/savingswave-a.akamaihd.net\/items\/it\/img\/arrow-10x10.png\" alt=\"\" \/><\/a> nos podemos plantear preguntas que nadie sabe contestar e incluso algunas que no sabemos ni plantear, nos faltan conocimientos para hacer tales preguntas. Sin embargo, en el futuro, las respuestas llegaran.<\/p>\n<p style=\"text-align: justify;\">\u00bfC\u00f3mo podr\u00eda haber preguntado Pit\u00e1goras por el significado de m=E\/c2 (E=mc2), si <a href=\"http:\/\/www.emiliosilveravazquez.com\/blog\/2012\/04\/24\/%c2%bfque-hariamos-sin-la-fisica-2\/#\"><a href=\"#\" onclick=\"referencia('einstein',event); return false;\">Einstein<\/a><\/a> naci\u00f3 m\u00e1s de 2.000 a\u00f1os m\u00e1s tarde?<\/p>\n<p id=\"attachment_5514\" style=\"text-align: justify;\"><img decoding=\"async\" loading=\"lazy\" title=\"Dibujo20090819_M_theory_dualities\" src=\"http:\/\/francisthemulenews.files.wordpress.com\/2009\/08\/dibujo20090819_m_theory_dualities.jpg?w=300&amp;h=226\" alt=\"Dibujo20090819_M_theory_dualities\" width=\"300\" height=\"226\" \/><\/p>\n<p style=\"text-align: justify;\">Dualidades <a id=\"_GPLITA_14\" title=\"Click to Continue > by Savings Wave&#8221; href=&#8221;http:\/\/www.emiliosilveravazquez.com\/blog\/2012\/04\/24\/%c2%bfque-hariamos-sin-la-fisica-2\/#&#8221;>entre<img decoding=\"async\" src=\"http:\/\/savingswave-a.akamaihd.net\/items\/it\/img\/arrow-10x10.png\" alt=\"\" \/><\/a> teor\u00eda de cuerdas y <a href=\"http:\/\/www.emiliosilveravazquez.com\/blog\/2012\/04\/24\/%c2%bfque-hariamos-sin-la-fisica-2\/#\"><a href=\"#\" onclick=\"referencia('supercuerdas teoria',event); return false;\">teor\u00eda M<\/a><\/a>.<\/p>\n<p style=\"text-align: justify;\">Los an\u00e1lisis bibliom\u00e9tricos del I<a href=\"http:\/\/www.emiliosilveravazquez.com\/blog\/2012\/04\/24\/%c2%bfque-hariamos-sin-la-fisica-2\/#\"><a href=\"#\" onclick=\"referencia('unidades del si',event); return false;\">SI<\/a><\/a> Web of Science parecen indicar que, con 4 art\u00edculos <a id=\"_GPLITA_15\" title=\"Click to Continue > by Savings Wave&#8221; href=&#8221;http:\/\/www.emiliosilveravazquez.com\/blog\/2012\/04\/24\/%c2%bfque-hariamos-sin-la-fisica-2\/#&#8221;>entre<img decoding=\"async\" src=\"http:\/\/savingswave-a.akamaihd.net\/items\/it\/img\/arrow-10x10.png\" alt=\"\" \/><\/a> los 10 m\u00e1s candentes en f\u00edsica en 2009, la teor\u00eda de cuerdas est\u00e1 viviendo su tercera revoluci\u00f3n gracias a la teor\u00eda de M2-branas de Bagger-Lambert. La segunda revoluci\u00f3n, la de la dualidad, resalt\u00f3 la importancia de la <a href=\"http:\/\/www.emiliosilveravazquez.com\/blog\/2012\/04\/24\/%c2%bfque-hariamos-sin-la-fisica-2\/#\"><a href=\"#\" onclick=\"referencia('supercuerdas teoria',event); return false;\">teor\u00eda M<\/a><\/a>, pero s\u00f3lo logr\u00f3 que entendi\u00e9ramos muy bien las D-branas. La tercera revoluci\u00f3n parece que tiene por objeto entender bien las M-branas, de las que pr\u00e1cticamente no se sab\u00eda nada antes de la teor\u00eda de Bagger-Lambert. Curiosa manera tienen los f\u00edsicos de cuerdas de celebrar las bodas de plata de su primera revoluci\u00f3n. Fuente: <strong>Simon Mitton<\/strong>, \u201cIs This the Third Revolution for String Theory?,\u201d en \u201cHAT\u00b4S HOT IN\u2026PHY<a href=\"http:\/\/www.emiliosilveravazquez.com\/blog\/2012\/04\/24\/%c2%bfque-hariamos-sin-la-fisica-2\/#\"><a href=\"#\" onclick=\"referencia('unidades del si',event); return false;\">SI<\/a><\/a>CS, March\/Aprin 2.000,\u201d del Thomson\/Reuters I<a href=\"http:\/\/www.emiliosilveravazquez.com\/blog\/2012\/04\/24\/%c2%bfque-hariamos-sin-la-fisica-2\/#\"><a href=\"#\" onclick=\"referencia('unidades del si',event); return false;\">SI<\/a><\/a> Science Watch. Los <em>Hot Papers<\/em> son los art\u00edculos que m\u00e1s r\u00e1pidamente est\u00e1n siendo citados en el I<a href=\"http:\/\/www.emiliosilveravazquez.com\/blog\/2012\/04\/24\/%c2%bfque-hariamos-sin-la-fisica-2\/#\"><a href=\"#\" onclick=\"referencia('unidades del si',event); return false;\">SI<\/a><\/a> Web of Science. Entre los 10 <em>hot papers<\/em> de F\u00edsica en 2009, los 4 sobre teor\u00eda de cuerdas est\u00e1n en los puestos #4, #6, #9, y #10, y todos describen propiedades de las M2-branas. Hac\u00eda 10 a\u00f1os (<a id=\"_GPLITA_12\" title=\"Click to Continue > by Savings Wave&#8221; href=&#8221;http:\/\/www.emiliosilveravazquez.com\/blog\/2012\/04\/24\/%c2%bfque-hariamos-sin-la-fisica-2\/#&#8221;>desde<img decoding=\"async\" src=\"http:\/\/savingswave-a.akamaihd.net\/items\/it\/img\/arrow-10x10.png\" alt=\"\" \/><\/a> la segunda revoluci\u00f3n de la teor\u00eda de cuerdas) que no ocurr\u00eda algo as\u00ed. \u00bfEstamos viviendo la tercera revoluci\u00f3n de la teor\u00eda de cuerdas?<\/p>\n<p style=\"text-align: justify;\">De la misma manera estamos hoy haciendo preguntas o formulando teor\u00edas que no pueden ser contestadas o comprobadas. La energ\u00eda de Planck (10<sup>19<\/sup> GeV) nos vendr\u00eda muy bien para poder comprobar la <a href=\"http:\/\/www.emiliosilveravazquez.com\/blog\/2012\/04\/24\/%c2%bfque-hariamos-sin-la-fisica-2\/#\"><a href=\"#\" onclick=\"referencia('supercuerdas teoria',event); return false;\">teor\u00eda M<\/a><\/a> que ha unificado todas las teor\u00edas existentes sobre la teor\u00eda de cuerdas. Sin embargo, nuestra civilizaci\u00f3n actual no tiene la posibilidad de alcanzar dicha energ\u00eda y habr\u00e1 que esperar mucho tiempo para que eso sea posible.<\/p>\n<p style=\"text-align: justify;\">No podemos dejar por ello de <a id=\"_GPLITA_16\" title=\"Click to Continue > by Savings Wave&#8221; href=&#8221;http:\/\/www.emiliosilveravazquez.com\/blog\/2012\/04\/24\/%c2%bfque-hariamos-sin-la-fisica-2\/#&#8221;>continuar<img decoding=\"async\" src=\"http:\/\/savingswave-a.akamaihd.net\/items\/it\/img\/arrow-10x10.png\" alt=\"\" \/><\/a> de trabajar en ese campo de las cuerdas, es prometedor e ilusionante, all\u00ed, en las m\u00e1s altas dimensiones, parece que es posible hermanar a la Mec\u00e1nica Cu\u00e1ntica y a la Relatividad General. Esta teor\u00eda nos promete por fin una teor\u00eda cu\u00e1ntica de la gravedad.<\/p>\n<p style=\"text-align: justify;\"><img decoding=\"async\" loading=\"lazy\" src=\"http:\/\/upload.wikimedia.org\/wikipedia\/commons\/thumb\/e\/e5\/Loop_quantum_gravity.jpg\/674px-Loop_quantum_gravity.jpg\" alt=\"File:Loop quantum gravity.jpg\" width=\"674\" height=\"600\" \/><\/p>\n<p style=\"text-align: justify;\">Esquema de la gravedad cu\u00e1ntica de bucles, una de las l\u00edneas de trabajo actualmente en la gravedad cu\u00e1ntica. Existen muchas otras y ello, viene a denotar nuestra ignorancia del tema que, en realidad, no dominamos y no dejamos de teorizar lanzando conjeturas e hip\u00f3tesis que a\u00fan no se han visto cumplidas y, lo m\u00e1s cerca que estamos de esa teor\u00eda que consigue el casamiento de la Relatividad General con la Mec\u00e1nica cu\u00e1ntica, est\u00e1 en la Teor\u00eda de cuerdas que, como sab\u00e9is, tampoco es verificable.<\/p>\n<p style=\"text-align: justify;\">La verdad es que, hay muy pocos lugares en el universo donde la <a href=\"http:\/\/www.emiliosilveravazquez.com\/blog\/2012\/04\/24\/%c2%bfque-hariamos-sin-la-fisica-2\/#\"><a href=\"#\" onclick=\"referencia('relatividad',event); return false;\">relatividad<\/a><\/a> general sea importante. Para la vida cotidiana, para enviar sondas por el sistema solar, y para cualquier otra situaci\u00f3n en la que es probable que nos hallemos, no necesitamos preocuparnos por la <a href=\"http:\/\/www.emiliosilveravazquez.com\/blog\/2012\/04\/24\/%c2%bfque-hariamos-sin-la-fisica-2\/#\"><a href=\"#\" onclick=\"referencia('relatividad',event); return false;\">relatividad<\/a><\/a> general. <a id=\"_GPLITA_17\" title=\"Click to Continue > by Savings Wave&#8221; href=&#8221;http:\/\/www.emiliosilveravazquez.com\/blog\/2012\/04\/24\/%c2%bfque-hariamos-sin-la-fisica-2\/#&#8221;>Esta<img decoding=\"async\" src=\"http:\/\/savingswave-a.akamaihd.net\/items\/it\/img\/arrow-10x10.png\" alt=\"\" \/><\/a> teor\u00eda es importante en el \u00e1mbito del Universo cuando se habla de grandes masas como estrellas y galaxias, o, planetas\u2026cuerpos con mas de cierta importancia. Para las part\u00edculas individuales subat\u00f3micas, la fuerzas es despreciable. Sin embargo, en presencia de planetas como J\u00fapiter, el espaciotiempo se curva.<\/p>\n<p style=\"text-align: justify;\">Puede parecer ciencia ficci\u00f3n hablar y exponer hechos y conceptos que no pueden ser demostrados, sin embargo, <a href=\"http:\/\/www.emiliosilveravazquez.com\/blog\/2012\/04\/24\/%c2%bfque-hariamos-sin-la-fisica-2\/#\"><a href=\"#\" onclick=\"referencia('einstein',event); return false;\">Einstein<\/a><\/a> esper\u00f3 largos a\u00f1os con su teor\u00eda de la Relatividad General bien asentada en su cabeza, sin poder exponerla al mundo por no tener las matem\u00e1ticas necesarias para ello, y, cuando su amigo Marcel Grossman, al que hab\u00eda pedido ayuda, le envi\u00f3 algunos documentos <a id=\"_GPLITA_18\" title=\"Click to Continue > by Savings Wave&#8221; href=&#8221;http:\/\/www.emiliosilveravazquez.com\/blog\/2012\/04\/24\/%c2%bfque-hariamos-sin-la-fisica-2\/#&#8221;>entre<img decoding=\"async\" src=\"http:\/\/savingswave-a.akamaihd.net\/items\/it\/img\/arrow-10x10.png\" alt=\"\" \/><\/a> los que se encontraba la famosa Conferencia de Riemann, <a href=\"http:\/\/www.emiliosilveravazquez.com\/blog\/2012\/04\/24\/%c2%bfque-hariamos-sin-la-fisica-2\/#\"><a href=\"#\" onclick=\"referencia('einstein',event); return false;\">Einstein<\/a><\/a> qued\u00f3 paralizado ante el Tensor M\u00e9trico de Riemann, all\u00ed ten\u00eda la herramienta que estaba buscando y que le permit\u00eda formular de manera precisa los espacios curvados de la <a href=\"http:\/\/www.emiliosilveravazquez.com\/blog\/2012\/04\/24\/%c2%bfque-hariamos-sin-la-fisica-2\/#\"><a href=\"#\" onclick=\"referencia('relatividad',event); return false;\">relatividad<\/a><\/a> general.<\/p>\n<p style=\"text-align: justify;\"><img decoding=\"async\" loading=\"lazy\" id=\"irc_mi\" class=\"irc_mut\" style=\"margin-top: 0px;\" src=\"http:\/\/www.rtve.es\/imagenes\/hs-2011-11-a-xlarge-web\/1303308554025.jpg\" alt=\"\" width=\"388\" height=\"393\" \/><img decoding=\"async\" loading=\"lazy\" id=\"irc_mi\" class=\"irc_mut\" style=\"margin-top: 0px;\" src=\"http:\/\/infoastro.com\/img\/20010310materia.jpg\" alt=\"\" width=\"524\" height=\"393\" \/><\/p>\n<p style=\"text-align: justify;\">Las grandes masas determinan la geometr\u00eda del Universo forman espacios curvos que se comportan como calles y laberintos por los que discurren los objetos de materia que deambulan por el espaciotiempo tetradimensional de nuestro universo que, si tiene dimensiones extra, las tiene bien escondidas.<\/p>\n<p style=\"text-align: justify;\">Alg\u00fan d\u00eda, alguien surgir\u00e1 y nos traer\u00e1 las matem\u00e1ticas necesarias para que, la <a href=\"http:\/\/www.emiliosilveravazquez.com\/blog\/2012\/04\/24\/%c2%bfque-hariamos-sin-la-fisica-2\/#\"><a href=\"#\" onclick=\"referencia('supercuerdas teoria',event); return false;\">teor\u00eda M<\/a><\/a> se pueda exponer de manera clara y completa. \u00bfSer\u00e1n las funciones modulares de Ramanujan las que nos sacar\u00e1 del atolladero? Todos sab\u00e9is que las matem\u00e1ticas topol\u00f3gicas de la Teor\u00eda M, son extremadamente dif\u00edciles, pocos tienen acceso a ellas, y, de momento, parece que nadie est\u00e1 en posesi\u00f3n de los conocimientos matem\u00e1ticos que se precisan.<\/p>\n<p style=\"text-align: justify;\">Tendremos que esperar un poco. Sin embargo, la Ciencia futura est\u00e1 a la vuelta de la esquina:<\/p>\n<p style=\"text-align: justify;\">La nanotecnolog\u00eda es un campo de las ciencias aplicadas dedicado a la manipulacion de material a la escala menor de un micrometro es decir al nivel de atomos y moeculas (nanometria) lo mas habitual es que tal manipulacion se produsca <a id=\"_GPLITA_19\" title=\"Click to Continue > by Savings Wave&#8221; href=&#8221;http:\/\/www.emiliosilveravazquez.com\/blog\/2012\/04\/24\/%c2%bfque-hariamos-sin-la-fisica-2\/#&#8221;>entre<img decoding=\"async\" src=\"http:\/\/savingswave-a.akamaihd.net\/items\/it\/img\/arrow-10x10.png\" alt=\"\" \/><\/a> uno o 1000 nanometros para hacer una idea de como son los nanobotts un nanobot mide 50 nm sus capas son de 5 molecula.<\/p>\n<p style=\"text-align: justify;\"><img decoding=\"async\" loading=\"lazy\" id=\"BLOGGER_PHOTO_ID_5246756761198208962\" src=\"http:\/\/1.bp.blogspot.com\/_k-mA2J56qBg\/SNA5ec4ZJ8I\/AAAAAAAAACs\/GzStEYT7wDA\/s320\/Sinergia_3_a.jpg\" alt=\"\" width=\"320\" height=\"278\" border=\"0\" \/><img decoding=\"async\" loading=\"lazy\" id=\"irc_mi\" class=\"irc_mut\" style=\"margin-top: 0px;\" src=\"http:\/\/2.bp.blogspot.com\/-i1tgVQA1YAE\/TguN24YA9eI\/AAAAAAAAAzA\/5XTJQ-6q0gM\/s1600\/fractals_generative.jpg\" alt=\"\" width=\"524\" height=\"393\" \/><\/p>\n<p style=\"text-align: justify;\">\u00a0\u00a0\u00a0\u00a0\u00a0\u00a0\u00a0\u00a0\u00a0\u00a0\u00a0\u00a0\u00a0\u00a0\u00a0\u00a0\u00a0\u00a0\u00a0\u00a0\u00a0\u00a0\u00a0\u00a0\u00a0\u00a0\u00a0\u00a0\u00a0\u00a0 Pronto veremos que la nanotecnolog\u00eda nos llevar\u00e1 a un mundo futuro que ahora, ni podemos imaginar<\/p>\n<p style=\"text-align: justify;\">\u00bfQ\u00fae no podremos contruir con las nuevas t\u00e9cnicas de nanotecnolog\u00eda? Inundaremos los planetas lejanos de min\u00fasculos robots que no ser\u00e1n detectados y nos podr\u00e1n inviar informaci\u00f3n fidedigna de todo lo que queramos? Por ah\u00ed podr\u00eda ir el futuro, menos coste en los lanzamientos <a id=\"_GPLITA_20\" title=\"Click to Continue > by Savings Wave&#8221; href=&#8221;http:\/\/www.emiliosilveravazquez.com\/blog\/2012\/04\/24\/%c2%bfque-hariamos-sin-la-fisica-2\/#&#8221;>desde<img decoding=\"async\" src=\"http:\/\/savingswave-a.akamaihd.net\/items\/it\/img\/arrow-10x10.png\" alt=\"\" \/><\/a> bases lunares o marcianas y, en peque\u00f1as naves podr\u00edan ir cientos de robots que se espacir\u00edan por todo el peque\u00f1o o gran mundo a explorar.<\/p>\n<p style=\"text-align: justify;\"><a id=\"_GPLITA_22\" title=\"Click to Continue > by Savings Wave&#8221; href=&#8221;http:\/\/www.emiliosilveravazquez.com\/blog\/2012\/04\/24\/%c2%bfque-hariamos-sin-la-fisica-2\/#&#8221;>Como<img decoding=\"async\" src=\"http:\/\/savingswave-a.akamaihd.net\/items\/it\/img\/arrow-10x10.png\" alt=\"\" \/><\/a> nuestra curiosidad es inagotable, nos empuja a preguntar, trabajar, estudiar, investigar y profundizar en todas estas cuestiones que atrae a todos aquellos que, como yo, enamorados de la F\u00edsica, saben que, alg\u00fan d\u00eda lejano en el futuro, nuestra Civilizaci\u00f3n alcanzar\u00e1 el nivel requerido para poder abrir esas puertas que <a id=\"_GPLITA_21\" title=\"Click to Continue > by Savings Wave&#8221; href=&#8221;http:\/\/www.emiliosilveravazquez.com\/blog\/2012\/04\/24\/%c2%bfque-hariamos-sin-la-fisica-2\/#&#8221;>ahora<img decoding=\"async\" src=\"http:\/\/savingswave-a.akamaihd.net\/items\/it\/img\/arrow-10x10.png\" alt=\"\" \/><\/a> tenemos cerradas y de las que no tenemos las llaves para poder abrirlas. Encima de estas puertas, los letreros dicen: Teor\u00eda M, Materia Oscura, Densidad Cr\u00edtica, Universos paralelos, Viajes en el Tiempo, Singularidades, etc.<\/p>\n<p style=\"text-align: justify;\">Me gustar\u00eda estar presente cuando pasados algunos siglos, nuestra especie tenga como fuente de energ\u00eda inagotable la que generan los Agujeros Negros. Esa energ\u00eda nos dar\u00e1 la posibilidad de viajar a las estrellas y de llegar al fondo de la <a href=\"http:\/\/www.emiliosilveravazquez.com\/blog\/2012\/04\/24\/%c2%bfque-hariamos-sin-la-fisica-2\/#\"><a href=\"#\" onclick=\"referencia('supercuerdas teoria',event); return false;\">teor\u00eda M<\/a><\/a>.<\/p>\n<p style=\"text-align: justify;\"><img decoding=\"async\" loading=\"lazy\" id=\"irc_mi\" class=\"irc_mut\" style=\"margin-top: 47px;\" src=\"http:\/\/www.elperromorao.com\/wp-content\/uploads\/2011\/03\/cuerdas-SuperStringTheory.jpg\" alt=\"\" width=\"400\" height=\"300\" \/><\/p>\n<p style=\"text-align: justify;\">Cuerdas vibrantes de cuyas resonancias surgen nuevas part\u00edculas.<\/p>\n<p style=\"text-align: justify;\">No debemos olvidar que, todo lo grande est\u00e1 hecho de cosas peque\u00f1as. As\u00ed es. Al menos hasta donde sabemos, los planetas, las estrellas y Galaxias y dem\u00e1s objetos estelares (nosotros tambi\u00e9n), est\u00e1n hechos de infinitesimales objetos: Quarks y Leptones. Todo lo que podemos ver en el Universo est\u00e1 hecho de materia bari\u00f3nica, existe otra clase de materia que a\u00fan no sabemos lo que es, d\u00f3nde est\u00e1 o <a id=\"_GPLITA_23\" title=\"Click to Continue > by Savings Wave&#8221; href=&#8221;http:\/\/www.emiliosilveravazquez.com\/blog\/2012\/04\/24\/%c2%bfque-hariamos-sin-la-fisica-2\/#&#8221;>como<img decoding=\"async\" src=\"http:\/\/savingswave-a.akamaihd.net\/items\/it\/img\/arrow-10x10.png\" alt=\"\" \/><\/a> se genera y de qu\u00e9 est\u00e1 hecha (esa que nuestra ignorancia denomina Materia Oscura)..<\/p>\n<p style=\"text-align: justify;\"><img decoding=\"async\" loading=\"lazy\" src=\"http:\/\/4.bp.blogspot.com\/_W15T4a6NlZk\/TKhskST-UvI\/AAAAAAAAAo0\/5DElT-mgnFw\/s1600\/1239729641806.jpg\" alt=\"http:\/\/4.bp.blogspot.com\/_W15T4a6NlZk\/TKhskST-UvI\/AAAAAAAAAo0\/5DElT-mgnFw\/s1600\/1239729641806.jpg\" width=\"625\" height=\"330\" \/><\/p>\n<p style=\"text-align: justify;\">\u00a0\u00a0\u00a0\u00a0\u00a0\u00a0\u00a0\u00a0 La materia primordial del Universo fue denominada por los griegos cl\u00e1sicos como Ylem<\/p>\n<p style=\"text-align: justify;\">\u00a1Nuestra imaginaci\u00f3n! algo que solo <a id=\"_GPLITA_25\" title=\"Click to Continue > by Savings Wave&#8221; href=&#8221;http:\/\/www.emiliosilveravazquez.com\/blog\/2012\/04\/24\/%c2%bfque-hariamos-sin-la-fisica-2\/#&#8221;>puede<img decoding=\"async\" src=\"http:\/\/savingswave-a.akamaihd.net\/items\/it\/img\/arrow-10x10.png\" alt=\"\" \/><\/a> ser comparada con la grandiosidad del Universo que\u2026 es casi tan grande como ella.<\/p>\n<p style=\"text-align: justify;\">La Mec\u00e1nica Cu\u00e1ntica.<\/p>\n<p style=\"text-align: justify;\">La Relatividad Especial y la Relatividad General.<\/p>\n<p style=\"text-align: justify;\">El Modelo Est\u00e1ndar.<\/p>\n<p style=\"text-align: justify;\">Las fuerzas Fundamentales.<\/p>\n<p style=\"text-align: justify;\">Las Constantes Universales.<\/p>\n<p style=\"text-align: justify;\">Las familias de part\u00edculas: Quarks (u, d, s, c, t, b), Hadr\u00f3nes (<a href=\"http:\/\/www.emiliosilveravazquez.com\/blog\/2012\/04\/24\/%c2%bfque-hariamos-sin-la-fisica-2\/#\">bariones<\/a> y <a href=\"http:\/\/www.emiliosilveravazquez.com\/blog\/2012\/04\/24\/%c2%bfque-hariamos-sin-la-fisica-2\/#\"><a href=\"#\" onclick=\"referencia('mesones',event); return false;\">mesones<\/a><\/a>), los Leptones (<a href=\"http:\/\/www.emiliosilveravazquez.com\/blog\/2012\/04\/24\/%c2%bfque-hariamos-sin-la-fisica-2\/#\">electr\u00f3n<\/a>, <a href=\"http:\/\/www.emiliosilveravazquez.com\/blog\/2012\/04\/24\/%c2%bfque-hariamos-sin-la-fisica-2\/#\">mu\u00f3n<\/a>, <a href=\"http:\/\/www.emiliosilveravazquez.com\/blog\/2012\/04\/24\/%c2%bfque-hariamos-sin-la-fisica-2\/#\">tau<\/a> y sus respectivos <a href=\"http:\/\/www.emiliosilveravazquez.com\/blog\/2012\/04\/24\/%c2%bfque-hariamos-sin-la-fisica-2\/#\">neutrinos<\/a>).<\/p>\n<p style=\"text-align: justify;\">La Teor\u00eda M y <a id=\"_GPLITA_26\" title=\"Click to Continue > by Savings Wave&#8221; href=&#8221;http:\/\/www.emiliosilveravazquez.com\/blog\/2012\/04\/24\/%c2%bfque-hariamos-sin-la-fisica-2\/#&#8221;>antes<img decoding=\"async\" src=\"http:\/\/savingswave-a.akamaihd.net\/items\/it\/img\/arrow-10x10.png\" alt=\"\" \/><\/a> la de Supersimetr\u00eda, Supergravedead, la de cuerdas, la cuerda heter\u00f3tica.<\/p>\n<p style=\"text-align: justify;\">En su d\u00eda la teor\u00eda de <a href=\"http:\/\/www.emiliosilveravazquez.com\/blog\/2012\/04\/24\/%c2%bfque-hariamos-sin-la-fisica-2\/#\"><a href=\"#\" onclick=\"referencia('kaluza klein',event); return false;\">Kaluza-Klein<\/a><\/a> (la primera de m\u00e1s altas dimensiones)<\/p>\n<p style=\"text-align: justify;\"><img decoding=\"async\" loading=\"lazy\" src=\"http:\/\/trinityeyes.files.wordpress.com\/2008\/07\/000af072-4891-1f0a-97ae80a84189eedf_p64.jpg\" alt=\"http:\/\/trinityeyes.files.wordpress.com\/2008\/07\/000af072-4891-1f0a-97ae80a84189eedf_p64.jpg\" width=\"397\" height=\"324\" \/><\/p>\n<p style=\"text-align: justify;\">\u00a0\u00a0\u00a0\u00a0\u00a0\u00a0\u00a0\u00a0\u00a0\u00a0\u00a0\u00a0\u00a0\u00a0\u00a0 Hablamos de Universos hologr\u00e1ficos<\/p>\n<p style=\"text-align: justify;\">Y, de esta manera podr\u00edamos <a id=\"_GPLITA_27\" title=\"Click to Continue > by Savings Wave&#8221; href=&#8221;http:\/\/www.emiliosilveravazquez.com\/blog\/2012\/04\/24\/%c2%bfque-hariamos-sin-la-fisica-2\/#&#8221;>continuar<img decoding=\"async\" src=\"http:\/\/savingswave-a.akamaihd.net\/items\/it\/img\/arrow-10x10.png\" alt=\"\" \/><\/a> exponiendo ejemplos enormes de la imaginaci\u00f3n que poseemos y que es el don que la humanidad tiene para descubrir los misterios del Universo. <a href=\"http:\/\/www.emiliosilveravazquez.com\/blog\/2012\/04\/24\/%c2%bfque-hariamos-sin-la-fisica-2\/#\"><a href=\"#\" onclick=\"referencia('einstein',event); return false;\">Einstein<\/a><\/a> llamaba a esto <a id=\"_GPLITA_29\" title=\"Click to Continue > by Savings Wave&#8221; href=&#8221;http:\/\/www.emiliosilveravazquez.com\/blog\/2012\/04\/24\/%c2%bfque-hariamos-sin-la-fisica-2\/#&#8221;>hacer<img decoding=\"async\" src=\"http:\/\/savingswave-a.akamaihd.net\/items\/it\/img\/arrow-10x10.png\" alt=\"\" \/><\/a> ejercicios mentales. Est\u00e1 bien que nuestras mentes no tengan l\u00edmites a la hora de imaginar. Creo que, a excepci\u00f3n de las imposibilidades y barreras impuestas por nuestro f\u00edsico, todo lo dem\u00e1s, con el tiempo podr\u00e1 ser posible. Hasta tal punto es as\u00ed que, hasta podremos (ya lo hemos hecho) hacer que nuestras vidas sean m\u00e1s duraderas.<\/p>\n<p style=\"text-align: justify;\">Alguien dijo que Genio es aquel que es capaz de <a href=\"http:\/\/www.emiliosilveravazquez.com\/blog\/2012\/04\/24\/%c2%bfque-hariamos-sin-la-fisica-2\/#\"><a href=\"#\" onclick=\"referencia('plasma',event); return false;\">plasma<\/a><\/a>r en realidad sus pensamientos. Pues, amigos, en la F\u00edsica han sido muchos los genios que han aportado su imaginaci\u00f3n.<\/p>\n<p style=\"text-align: justify;\">La pregunta que hay que responder aqu\u00ed es lo que se entiende por F\u00edsica. Por mi parte, F\u00edsica es todo lo que aqu\u00ed he dejado escrito y much\u00edsimo m\u00e1s. Creo firmemente que la F\u00edsica es el arma m\u00e1s poderosa con la que <a id=\"_GPLITA_28\" title=\"Click to Continue > by Savings Wave&#8221; href=&#8221;http:\/\/www.emiliosilveravazquez.com\/blog\/2012\/04\/24\/%c2%bfque-hariamos-sin-la-fisica-2\/#&#8221;>cuenta<img decoding=\"async\" src=\"http:\/\/savingswave-a.akamaihd.net\/items\/it\/img\/arrow-10x10.png\" alt=\"\" \/><\/a> la Humanidad para resolver todos los problemas que tiene planteados a plazo fijo en el futuro lejano.<\/p>\n<p style=\"text-align: justify;\"><img decoding=\"async\" loading=\"lazy\" src=\"http:\/\/farm5.static.flickr.com\/4083\/5197819729_bc5c467f3d.jpg\" alt=\"http:\/\/farm5.static.flickr.com\/4083\/5197819729_bc5c467f3d.jpg\" width=\"400\" height=\"320\" \/><\/p>\n<p style=\"text-align: justify;\">\u00a0\u00a0\u00a0\u00a0\u00a0\u00a0\u00a0\u00a0\u00a0\u00a0\u00a0\u00a0\u00a0\u00a0\u00a0\u00a0\u00a0\u00a0\u00a0\u00a0\u00a0\u00a0\u00a0\u00a0\u00a0 Hasta la vida es F\u00edsica y Qu\u00edmica<\/p>\n<p style=\"text-align: justify;\">\u00bfHab\u00e9is pensado alguna vez que el Sol tiene una cantidad de combustible nuclear \u2013 hidr\u00f3geno \u2013 limitado? El d\u00eda que se acabe, dentro de 4.000 millones de a\u00f1os \u00bfd\u00f3nde iremos? La pregunta parece tonta, sin embargo, no lo es. No debemos descansar en el avance del saber cient\u00edfico de la F\u00edsica y las matem\u00e1ticas (adem\u00e1s de en los otros campos), ya que, en ese no parar estar\u00e1 la soluci\u00f3n a todos nuestros problemas presentes y futuros, y, la llave que abrir\u00e1 la puerta principal, se llama F\u00edsica (siempre acompa\u00f1ada por la llave maestra de las matem\u00e1ticas).<\/p>\n<p style=\"text-align: justify;\">Y, mientras tanto, continuar\u00e1 el proceso de humanizaci\u00f3n que a\u00fan est\u00e1 por terminar\u2026\u00a1Nos queda tanto!<\/p>\n<p style=\"text-align: justify;\"><em>emilio silvera<\/em><\/p>\n<\/div>\n<div class='bookmark'>\r\n\t\t<table align='left' border='0' cellpadding='0' width='100%'>\r\n\t\t<tr><td><span class='pushbutton'><a href='http:\/\/delicious.com\/post?url=http%3A%2F%2Fwww.emiliosilveravazquez.com%2Fblog%2F2014%2F01%2F23%2F%25c2%25bfque-hariamos-sin-la-fisica-3%2F&amp;title=%C2%BFQu%C3%A9+har%C3%ADamos+sin+la+F%C3%ADsica%3F' title='Delicious' target='_blank' rel='nofollow'><img src='http:\/\/www.emiliosilveravazquez.com\/blog\/wp-content\/plugins\/knxdt-bookmarks-wordpress-plugin\/images\/delicious.png'  alt='' class='book_img' border='none' style='margin:1px; padding: 0;'  \/><\/a><\/span><span class='pushbutton'><a href='http:\/\/digg.com\/submit?url=http%3A%2F%2Fwww.emiliosilveravazquez.com%2Fblog%2F2014%2F01%2F23%2F%25c2%25bfque-hariamos-sin-la-fisica-3%2F&amp;title=%C2%BFQu%C3%A9+har%C3%ADamos+sin+la+F%C3%ADsica%3F' title='Digg' target='_blank' rel='nofollow'><img src='http:\/\/www.emiliosilveravazquez.com\/blog\/wp-content\/plugins\/knxdt-bookmarks-wordpress-plugin\/images\/digg.png'  alt='' class='book_img' border='none' style='margin:1px; padding: 0;'  \/><\/a><\/span><span class='pushbutton'><a href='http:\/\/www.google.com\/bookmarks\/mark?op=edit&amp;bkmk=http%3A%2F%2Fwww.emiliosilveravazquez.com%2Fblog%2F2014%2F01%2F23%2F%25c2%25bfque-hariamos-sin-la-fisica-3%2F&amp;title=%C2%BFQu%C3%A9+har%C3%ADamos+sin+la+F%C3%ADsica%3F' title='Google' target='_blank' rel='nofollow'><img src='http:\/\/www.emiliosilveravazquez.com\/blog\/wp-content\/plugins\/knxdt-bookmarks-wordpress-plugin\/images\/google.png'   alt='' class='book_img' border='none' style='margin:1px; padding: 0;'  \/><\/a><\/span><span class='pushbutton'><a href='http:\/\/myweb2.search.yahoo.com\/myresults\/bookmarklet?u=http%3A%2F%2Fwww.emiliosilveravazquez.com%2Fblog%2F2014%2F01%2F23%2F%25c2%25bfque-hariamos-sin-la-fisica-3%2F&amp;t=%C2%BFQu%C3%A9+har%C3%ADamos+sin+la+F%C3%ADsica%3F' title='Yahoo' target='_blank' rel='nofollow'><img src='http:\/\/www.emiliosilveravazquez.com\/blog\/wp-content\/plugins\/knxdt-bookmarks-wordpress-plugin\/images\/yahoo.png'  alt='' class='book_img' border='none' style='margin:1px; padding: 0;'  \/><\/a><\/span><span class='pushbutton'><a href='http:\/\/www.technorati.com\/faves?add=http%3A%2F%2Fwww.emiliosilveravazquez.com%2Fblog%2F2014%2F01%2F23%2F%25c2%25bfque-hariamos-sin-la-fisica-3%2F' title='Technorati' target='_blank' rel='nofollow'><img src='http:\/\/www.emiliosilveravazquez.com\/blog\/wp-content\/plugins\/knxdt-bookmarks-wordpress-plugin\/images\/technorati.png'  alt='' class='book_img' border='none' style='margin:1px; padding: 0;'  \/><\/a><\/span><span class='pushbutton'><a href='http:\/\/meneame.net\/submit.php?url=http%3A%2F%2Fwww.emiliosilveravazquez.com%2Fblog%2F2014%2F01%2F23%2F%25c2%25bfque-hariamos-sin-la-fisica-3%2F' title='Meneame' target='_blank' rel='nofollow'><img src='http:\/\/www.emiliosilveravazquez.com\/blog\/wp-content\/plugins\/knxdt-bookmarks-wordpress-plugin\/images\/meneame.png'  alt='' class='book_img' border='none' style='margin:1px; padding: 0;'  \/><\/a><\/span><span class='pushbutton'><a href='http:\/\/enchilame.com\/submit.php?url=http:\/\/www.emiliosilveravazquez.com\/blog\/2014\/01\/23\/%c2%bfque-hariamos-sin-la-fisica-3\/' target='_blank' rel='nofollow'><img title='Enchilame' src='http:\/\/www.emiliosilveravazquez.com\/blog\/wp-content\/plugins\/knxdt-bookmarks-wordpress-plugin\/images\/enchilame.png'  alt='' class='book_img' border='none' style='margin:1px; padding: 0;'  \/><\/a><\/span><span class='pushbutton'><a href='http:\/\/www.blinklist.com\/index.php?Action=Blink\/addblink.php&amp;Description=&amp;Url=http%3A%2F%2Fwww.emiliosilveravazquez.com%2Fblog%2F2014%2F01%2F23%2F%25c2%25bfque-hariamos-sin-la-fisica-3%2F&amp;title=%C2%BFQu%C3%A9+har%C3%ADamos+sin+la+F%C3%ADsica%3F' title='BlinkList' target='_blank' rel='nofollow'><img src='http:\/\/www.emiliosilveravazquez.com\/blog\/wp-content\/plugins\/knxdt-bookmarks-wordpress-plugin\/images\/blinklist.png'  alt='' class='book_img' border='none' style='margin:1px; padding: 0;'  \/><\/a><\/span><span class='pushbutton'><a href='http:\/\/reddit.com\/submit?url=http%3A%2F%2Fwww.emiliosilveravazquez.com%2Fblog%2F2014%2F01%2F23%2F%25c2%25bfque-hariamos-sin-la-fisica-3%2F&amp;title=%C2%BFQu%C3%A9+har%C3%ADamos+sin+la+F%C3%ADsica%3F' title='Reddit' target='_blank' rel='nofollow'><img src='http:\/\/www.emiliosilveravazquez.com\/blog\/wp-content\/plugins\/knxdt-bookmarks-wordpress-plugin\/images\/reddit.png'  alt='' class='book_img' border='none' style='margin:1px; padding: 0;'  \/><\/a><\/span><span class='pushbutton'><a href='http:\/\/www.tecnologiadiaria.com\/2009\/07\/abrir-com-hotmail-correo.html' target='_blank' title='hotmail'><img src='http:\/\/www.emiliosilveravazquez.com\/blog\/wp-content\/plugins\/knxdt-bookmarks-wordpress-plugin\/images\/linklove.png' alt='hotmail correo' class='book_img' border='none' style='margin:1px; padding: 0;' \/><\/a><\/span><span class='pushbutton'><a href='http:\/\/bitacoras.com\/votar\/anotacion\/externo\/mini\/www.emiliosilveravazquez.com\/blog\/2014\/01\/23\/%c2%bfque-hariamos-sin-la-fisica-3\/' title='Bitacoras.com' target='_blank' rel='nofollow'><img src='http:\/\/www.emiliosilveravazquez.com\/blog\/wp-content\/plugins\/knxdt-bookmarks-wordpress-plugin\/images\/bitacoras.png'  alt='' class='book_img' border='none' style='margin:1px; padding: 0;'  \/><\/a><\/span><span class='pushbutton'><a href='http:\/\/www.wikio.es\/vote?url=http%3A%2F%2Fwww.emiliosilveravazquez.com%2Fblog%2F2014%2F01%2F23%2F%25c2%25bfque-hariamos-sin-la-fisica-3%2F' title='Wikio' target='_blank' rel='nofollow'><img src='http:\/\/www.emiliosilveravazquez.com\/blog\/wp-content\/plugins\/knxdt-bookmarks-wordpress-plugin\/images\/wikio.png'   alt='' class='book_img' border='none' style='margin:1px; padding: 0;'   \/><\/a><\/span><span class='pushbutton'><a href='http:\/\/friendfeed.com\/?url=http%3A%2F%2Fwww.emiliosilveravazquez.com%2Fblog%2F2014%2F01%2F23%2F%25c2%25bfque-hariamos-sin-la-fisica-3%2F&amp;title=%C2%BFQu%C3%A9+har%C3%ADamos+sin+la+F%C3%ADsica%3F' title='Friend Feed' target='_blank' rel='nofollow'><img src='http:\/\/www.emiliosilveravazquez.com\/blog\/wp-content\/plugins\/knxdt-bookmarks-wordpress-plugin\/images\/friendfeed.png'  alt='' class='book_img' border='none' style='margin:1px; padding: 0;'  \/><\/a><\/span><span class='pushbutton'><a href='http:\/\/www.facebook.com\/share.php?u=http%3A%2F%2Fwww.emiliosilveravazquez.com%2Fblog%2F2014%2F01%2F23%2F%25c2%25bfque-hariamos-sin-la-fisica-3%2F&amp;t=%C2%BFQu%C3%A9+har%C3%ADamos+sin+la+F%C3%ADsica%3F' title='Facebook' target='_blank' rel='nofollow'><img src='http:\/\/www.emiliosilveravazquez.com\/blog\/wp-content\/plugins\/knxdt-bookmarks-wordpress-plugin\/images\/facebook.png'  alt='' class='book_img' border='none' style='margin:1px; padding: 0;'  \/><\/a><\/span><span class='pushbutton'><a href='http:\/\/twitter.com\/home?status=%C2%BFQu%C3%A9+har%C3%ADamos+sin+la+F%C3%ADsica%3F: http%3A%2F%2Fwww.emiliosilveravazquez.com%2Fblog%2F2014%2F01%2F23%2F%25c2%25bfque-hariamos-sin-la-fisica-3%2F' title='Twitter' target='_blank' rel='nofollow'><img src='http:\/\/www.emiliosilveravazquez.com\/blog\/wp-content\/plugins\/knxdt-bookmarks-wordpress-plugin\/images\/twitter.png'  alt='' class='book_img' border='none' style='margin:1px; padding: 0;'  \/><\/a><\/span><span class='pushbutton'><a href='http:\/\/www.feedburner.com\/fb\/a\/emailFlare?itemTitle=%C2%BFQu%C3%A9+har%C3%ADamos+sin+la+F%C3%ADsica%3F&amp;uri=http%3A%2F%2Fwww.emiliosilveravazquez.com%2Fblog%2F2014%2F01%2F23%2F%25c2%25bfque-hariamos-sin-la-fisica-3%2F' title='Enviar por Email' target='_blank' rel='nofollow'><img src='http:\/\/www.emiliosilveravazquez.com\/blog\/wp-content\/plugins\/knxdt-bookmarks-wordpress-plugin\/images\/email.png'  alt='' class='book_img' border='none' style='margin:1px; padding: 0;'  \/><\/a><\/span><span style='font-weight:bold; padding-left: 5px;'><a href='http:\/\/wordpress.org\/extend\/plugins\/knxdt-bookmarks-wordpress-plugin\/' title='Plugin' rel='nofollow' target='_blank'>[?]<\/a><\/span><\/td><\/tr><\/table><br\/><br\/><\/div>","protected":false},"excerpt":{"rendered":"<p>\u00a0Sobre el Modelo Est\u00e1ndard de la F\u00edsica &nbsp; &nbsp; &nbsp; &nbsp; &nbsp; Existen l\u00edmites a los que a\u00fan no han podido llegar nuestras teor\u00edas, y, el L\u00edmite de Planck es el que marca las fronteras de las teor\u00edas actuales que, nunca han podido llegar tan lejos como lo que nos dice by Savings Wave&#8221; href=&#8221;http:\/\/www.emiliosilveravazquez.com\/blog\/2012\/04\/24\/%c2%bfque-hariamos-sin-la-fisica-2\/#&#8221;>para [&hellip;]<\/p>\n","protected":false},"author":2,"featured_media":0,"comment_status":"open","ping_status":"open","sticky":false,"template":"","format":"standard","meta":{"_s2mail":"yes","footnotes":""},"categories":[6],"tags":[],"_links":{"self":[{"href":"http:\/\/www.emiliosilveravazquez.com\/blog\/wp-json\/wp\/v2\/posts\/10492"}],"collection":[{"href":"http:\/\/www.emiliosilveravazquez.com\/blog\/wp-json\/wp\/v2\/posts"}],"about":[{"href":"http:\/\/www.emiliosilveravazquez.com\/blog\/wp-json\/wp\/v2\/types\/post"}],"author":[{"embeddable":true,"href":"http:\/\/www.emiliosilveravazquez.com\/blog\/wp-json\/wp\/v2\/users\/2"}],"replies":[{"embeddable":true,"href":"http:\/\/www.emiliosilveravazquez.com\/blog\/wp-json\/wp\/v2\/comments?post=10492"}],"version-history":[{"count":0,"href":"http:\/\/www.emiliosilveravazquez.com\/blog\/wp-json\/wp\/v2\/posts\/10492\/revisions"}],"wp:attachment":[{"href":"http:\/\/www.emiliosilveravazquez.com\/blog\/wp-json\/wp\/v2\/media?parent=10492"}],"wp:term":[{"taxonomy":"category","embeddable":true,"href":"http:\/\/www.emiliosilveravazquez.com\/blog\/wp-json\/wp\/v2\/categories?post=10492"},{"taxonomy":"post_tag","embeddable":true,"href":"http:\/\/www.emiliosilveravazquez.com\/blog\/wp-json\/wp\/v2\/tags?post=10492"}],"curies":[{"name":"wp","href":"https:\/\/api.w.org\/{rel}","templated":true}]}}