{"id":10491,"date":"2014-01-23T05:14:29","date_gmt":"2014-01-23T04:14:29","guid":{"rendered":"http:\/\/www.emiliosilveravazquez.com\/blog\/?p=10491"},"modified":"2014-01-23T05:14:29","modified_gmt":"2014-01-23T04:14:29","slug":"la-onu-proclama-2015-ano-internacional-de-la-luz","status":"publish","type":"post","link":"http:\/\/www.emiliosilveravazquez.com\/blog\/2014\/01\/23\/la-onu-proclama-2015-ano-internacional-de-la-luz\/","title":{"rendered":"La ONU proclama 2015 A\u00f1o Internacional de la Luz"},"content":{"rendered":"<h1 style=\"text-align: justify;\">Su objetivo es destacar la importancia de las tecnolog\u00edas basadas en la luz que pueden ofrecer soluciones a problemas planteados en todas las sociedades del mundo sobre la energ\u00eda, la educaci\u00f3n, la medicina, la agricultura, las tecnolog\u00edas e inventos para el futuro, y, en f\u00edn, hacer patente que la luz, es algo esencial en nuestras vidas. De hecho, sin ella no estar\u00edamos aqu\u00ed.<\/h1>\n<div>\n<div style=\"text-align: justify;\">\n<div>\n<div><img decoding=\"async\" loading=\"lazy\" title=\"\" src=\"https:\/\/ci3.googleusercontent.com\/proxy\/yeYwy1ECrH9l7RiW5RyVVsCG7IEWlTaWNjNc2mmQSUf50Ed7mwhl-l99pOXJU3aF3gyv-xP_m9cqGeqgtz31T_9QIKwrrgx_HyDAcdG7ltwI9iCg6o_SScYCXcgEN5je-c2BI_7TTese2ndvJx3Qs2GtxuVGQZUrXSdRmbrIP-UNun4=s0-d-e1-ft#http:\/\/ep01.epimg.net\/sociedad\/imagenes\/2013\/12\/23\/actualidad\/1387824975_214879_1387825067_noticia_normal.jpg\" alt=\"\" width=\"560\" height=\"261\" \/>\u00a0\u00a0\u00a0\u00a0\u00a0\u00a0\u00a0\u00a0 Mosaico del A\u00f1o Internacional de la Luz 2015. \/ SOCIEDAD EUROPEA DE F\u00cd<a href=\"#\" onclick=\"referencia('unidades del si',event); return false;\">SI<\/a>CA<\/div>\n<\/div>\n<\/div>\n<div>\n<p style=\"text-align: justify;\">La Asamblea General de la ONU ha proclamado 2015 como A\u00f1o Internacional de la Luz, coincidiendo con varios aniversarios de descubrimientos en el \u00e1rea desde hace mil a\u00f1os y con el objetivo de destacar \u201cla importancia de las tecnolog\u00edas basadas en la luz que pueden promover el desarrollo sostenible y ofrecer soluciones a los problemas mundiales sobre energ\u00eda, educaci\u00f3n, agricultura y salud\u201d, explica la Sociedad Europea de F\u00edsica en un comunicado. Participar\u00e1n en ese a\u00f1o conmemorativo la <a href=\"http:\/\/www.unesco.org\" target=\"_blank\">Unesco<\/a>, sociedades y uniones cient\u00edficas, instituciones educativas, plataformas tecnol\u00f3gicas, organizaciones sin \u00e1nimo de lucro y socios del sector privado.<\/p>\n<p style=\"text-align: justify;\">\u201cUn A\u00f1o Internacional de la luz es una gran oportunidad para dar a conocer a los responsables pol\u00edticos y a las grandes corporaciones internacionales la gran capacidad y potencial que tiene la tecnolog\u00eda de la luz como solucionadora de problemas\u201d, ha se\u00f1alado John Dudley, presidente de la <a href=\"http:\/\/www.eps.org\/\" target=\"_blank\">Sociedad Europea de F\u00edsica<\/a> y del comit\u00e9 directivo del a\u00f1o (IYL en sus siglas en ingl\u00e9s). \u201cLa fot\u00f3nica ofrece soluciones pr\u00e1cticas soluciones pr\u00e1cticas y rentables a problemas y retos dentro de un gran abanico de \u00e1reas\u201d, se\u00f1ala, poniendo un ejemplo: \u201clas innovaciones realizadas en materia de iluminaci\u00f3n reducen el consumo de energ\u00eda y el impacto ambiental, al mismo tiempo que minimizan la contaminaci\u00f3n lum\u00ednica, de tal manera que todos podamos apreciar la belleza del universo gracias a un cielo oscuro. El IYL2015 es una oportunidad \u00fanica para crear conciencia mundial de los avances en este campo\u201d.<\/p>\n<div style=\"text-align: justify;\"><a name=\"143ba26073071a1c_sumario_1\"><\/a><strong>La iniciativa del a\u00f1o de la luz fue presentada, en noviemnbre de 2013, por M\u00e9xico.<\/strong><\/div>\n<p style=\"text-align: justify;\">Los organizadores del IYL destacan la importancia de atraer a los j\u00f3venes brillantes hacia la \u00f3ptica y la fot\u00f3nica \u201cpara asegurar una pr\u00f3xima generaci\u00f3n de ingenieros e innovadores en este campo\u201d. \u201cLa civilizaci\u00f3n no existir\u00eda sin luz, luz de nuestro Sol y luz de los <a href=\"#\" onclick=\"referencia('laser',event); return false;\">l\u00e1seres<\/a> que se han convertido en una parte importante de nuestras vidas, desde los lectores de c\u00f3digos de barras de lo supermercados a la cirug\u00eda ocular y las comunicaciones transoce\u00e1nicas\u201d, se\u00f1ala Ahmed Zewail, premio Nobel e investigador del <a href=\"http:\/\/www.caltech.edu\/\" target=\"_blank\">Instituto de Tecnolog\u00eda de California (Caltech)<\/a>. Y otro nobel, John Mather, cient\u00edfico de la <a href=\"http:\/\/www.nasa.gov\" target=\"_blank\">NASA<\/a>, destaca: \u201cLa luz nos da vida a trav\u00e9s de la fotos\u00edntesis, nos permite ver hacia atr\u00e1s en el tiempo hacia el <a href=\"#\" onclick=\"referencia('big bang',event); return false;\">Big Bang<\/a>, nos ayuda a comunicarnos entre nosotros y, tal vez, nos ayude a encontrar a otros en el espacio\u201d.<\/p>\n<p style=\"text-align: justify;\">Mather recuerda que <a href=\"#\" onclick=\"referencia('einstein',event); return false;\">Einstein<\/a> estudi\u00f3 la luz en el desarrollo de la Teor\u00eda de la Relatividad \u201cconvencido de que las leyes de la naturaleza que nos proporcionan la luz tienen que ser verdaderas sin importar c\u00f3mo de r\u00e1pido nos movamos. Ahora sabemos que incluso los <a href=\"#\" onclick=\"referencia('electron',event); return false;\">electrones<\/a> y los <a href=\"#\" onclick=\"referencia('proton',event); return false;\">protones<\/a> se comportan de modo similar a ondas de luz de manera que sigue asombr\u00e1ndonos. Y las tecnolog\u00edas de \u00f3ptica y fot\u00f3nica desarrolladas para la exploraci\u00f3n espacial han producido muchas aplicaciones derivadas interesantes para la vida diaria\u201d.<\/p>\n<p style=\"text-align: justify;\">La iniciativa del a\u00f1o de la luz fue presentada, en noviembre de 2013, por M\u00e9xico. Ahora, Ana Mar\u00eda Cetto, de la Universidad Nacional Aut\u00f3noma de M\u00e9xico explica que \u201cel IYL2015 crear\u00e1 un foro para cient\u00edficos, ingenieros, artistas, poetas y todos aquellos inspirados en la luz con el fin de lograr una interacci\u00f3n entre ellos as\u00ed como tambi\u00e9n con el p\u00fablico para aprender m\u00e1s sobre la naturaleza de la luz, sus m\u00faltiples aplicaciones y sus papel en la historia y la cultura de la sociedad\u201d.<\/p>\n<p style=\"text-align: justify;\">Entre otras muchas actividades, en 2015 se celebrar\u00e1n los aniversarios de avances cruciales relacionados con la luz, como los trabajos sobre \u00f3ptica de Ibn Al-Haytham durante la edad de oro del Islam, el concepto de la luz como una onda propuesto por Auguste Jean Fresnel en 1815; la teor\u00eda electromagn\u00e9tica de la propagaci\u00f3n de la luz propuesta por James Clerk Maxwell en 1865, la teor\u00eda del efecto fotoel\u00e9ctrico formulada por <a href=\"#\" onclick=\"referencia('einstein',event); return false;\">Einstein<\/a> en 1905 y la curvatura de la luz en el espacio por la Teor\u00eda de la Relatividad General de 1915; es descubrimiento de la radiaci\u00f3n c\u00f3smica de fondo por Arno Penzias y Robert Wilson en 1965 y los logros de Charles Kao ese mismo a\u00f1o, sobre la transmisi\u00f3n de la luz por fibras para comunicaci\u00f3n \u00f3ptica.<\/p>\n<p style=\"text-align: justify;\">El a\u00f1o internacional cuenta con el apoyo de asociaciones cient\u00edficas internacionales y ser\u00e1 administrado por un comit\u00e9 directivo en colaboraci\u00f3n con el programa Internacional de ciencias B\u00e1sicas de la Unesco y una secretar\u00eda en el <a href=\"http:\/\/www.ictp.it\/\" target=\"_blank\">Centro Internacional de F\u00edsica Te\u00f3rica Abdus Salam (ICTP)<\/a>. Adem\u00e1s, cuenta con el apoyo de la Sociedad Europea de F\u00edsica, la <a href=\"http:\/\/spie.org\/\" target=\"_blank\">Sociedad Internacional para la \u00d3ptica y la Fot\u00f3nica (SPIE)<\/a>, la <a href=\"http:\/\/www.osa.org\/en-us\/home\/\" target=\"_blank\">Sociedad \u00d3ptica (OSA)<\/a>, la Sociedad de Fot\u00f3nica (IEEE), la <a href=\"http:\/\/www.aps.org\/\" target=\"_blank\">Sociedad Americana de F\u00edsica<\/a> y la red <a href=\"http:\/\/www.lightsources.org\/\" target=\"_blank\">lightsources.org<\/a>.<\/p>\n<\/div>\n<\/div>\n<div class='bookmark'>\r\n\t\t<table align='left' border='0' cellpadding='0' width='100%'>\r\n\t\t<tr><td><span class='pushbutton'><a href='http:\/\/delicious.com\/post?url=http%3A%2F%2Fwww.emiliosilveravazquez.com%2Fblog%2F2014%2F01%2F23%2Fla-onu-proclama-2015-ano-internacional-de-la-luz%2F&amp;title=La+ONU+proclama+2015+A%C3%B1o+Internacional+de+la+Luz' title='Delicious' target='_blank' rel='nofollow'><img src='http:\/\/www.emiliosilveravazquez.com\/blog\/wp-content\/plugins\/knxdt-bookmarks-wordpress-plugin\/images\/delicious.png'  alt='' class='book_img' border='none' style='margin:1px; padding: 0;'  \/><\/a><\/span><span class='pushbutton'><a href='http:\/\/digg.com\/submit?url=http%3A%2F%2Fwww.emiliosilveravazquez.com%2Fblog%2F2014%2F01%2F23%2Fla-onu-proclama-2015-ano-internacional-de-la-luz%2F&amp;title=La+ONU+proclama+2015+A%C3%B1o+Internacional+de+la+Luz' title='Digg' target='_blank' rel='nofollow'><img src='http:\/\/www.emiliosilveravazquez.com\/blog\/wp-content\/plugins\/knxdt-bookmarks-wordpress-plugin\/images\/digg.png'  alt='' class='book_img' border='none' style='margin:1px; padding: 0;'  \/><\/a><\/span><span class='pushbutton'><a href='http:\/\/www.google.com\/bookmarks\/mark?op=edit&amp;bkmk=http%3A%2F%2Fwww.emiliosilveravazquez.com%2Fblog%2F2014%2F01%2F23%2Fla-onu-proclama-2015-ano-internacional-de-la-luz%2F&amp;title=La+ONU+proclama+2015+A%C3%B1o+Internacional+de+la+Luz' title='Google' target='_blank' rel='nofollow'><img src='http:\/\/www.emiliosilveravazquez.com\/blog\/wp-content\/plugins\/knxdt-bookmarks-wordpress-plugin\/images\/google.png'   alt='' class='book_img' border='none' style='margin:1px; padding: 0;'  \/><\/a><\/span><span class='pushbutton'><a href='http:\/\/myweb2.search.yahoo.com\/myresults\/bookmarklet?u=http%3A%2F%2Fwww.emiliosilveravazquez.com%2Fblog%2F2014%2F01%2F23%2Fla-onu-proclama-2015-ano-internacional-de-la-luz%2F&amp;t=La+ONU+proclama+2015+A%C3%B1o+Internacional+de+la+Luz' title='Yahoo' target='_blank' rel='nofollow'><img src='http:\/\/www.emiliosilveravazquez.com\/blog\/wp-content\/plugins\/knxdt-bookmarks-wordpress-plugin\/images\/yahoo.png'  alt='' class='book_img' border='none' style='margin:1px; padding: 0;'  \/><\/a><\/span><span class='pushbutton'><a href='http:\/\/www.technorati.com\/faves?add=http%3A%2F%2Fwww.emiliosilveravazquez.com%2Fblog%2F2014%2F01%2F23%2Fla-onu-proclama-2015-ano-internacional-de-la-luz%2F' title='Technorati' target='_blank' rel='nofollow'><img src='http:\/\/www.emiliosilveravazquez.com\/blog\/wp-content\/plugins\/knxdt-bookmarks-wordpress-plugin\/images\/technorati.png'  alt='' class='book_img' border='none' style='margin:1px; padding: 0;'  \/><\/a><\/span><span class='pushbutton'><a href='http:\/\/meneame.net\/submit.php?url=http%3A%2F%2Fwww.emiliosilveravazquez.com%2Fblog%2F2014%2F01%2F23%2Fla-onu-proclama-2015-ano-internacional-de-la-luz%2F' title='Meneame' target='_blank' rel='nofollow'><img src='http:\/\/www.emiliosilveravazquez.com\/blog\/wp-content\/plugins\/knxdt-bookmarks-wordpress-plugin\/images\/meneame.png'  alt='' class='book_img' border='none' style='margin:1px; padding: 0;'  \/><\/a><\/span><span class='pushbutton'><a href='http:\/\/enchilame.com\/submit.php?url=http:\/\/www.emiliosilveravazquez.com\/blog\/2014\/01\/23\/la-onu-proclama-2015-ano-internacional-de-la-luz\/' target='_blank' rel='nofollow'><img title='Enchilame' src='http:\/\/www.emiliosilveravazquez.com\/blog\/wp-content\/plugins\/knxdt-bookmarks-wordpress-plugin\/images\/enchilame.png'  alt='' class='book_img' border='none' style='margin:1px; padding: 0;'  \/><\/a><\/span><span class='pushbutton'><a href='http:\/\/www.blinklist.com\/index.php?Action=Blink\/addblink.php&amp;Description=&amp;Url=http%3A%2F%2Fwww.emiliosilveravazquez.com%2Fblog%2F2014%2F01%2F23%2Fla-onu-proclama-2015-ano-internacional-de-la-luz%2F&amp;title=La+ONU+proclama+2015+A%C3%B1o+Internacional+de+la+Luz' title='BlinkList' target='_blank' rel='nofollow'><img src='http:\/\/www.emiliosilveravazquez.com\/blog\/wp-content\/plugins\/knxdt-bookmarks-wordpress-plugin\/images\/blinklist.png'  alt='' class='book_img' border='none' style='margin:1px; padding: 0;'  \/><\/a><\/span><span class='pushbutton'><a href='http:\/\/reddit.com\/submit?url=http%3A%2F%2Fwww.emiliosilveravazquez.com%2Fblog%2F2014%2F01%2F23%2Fla-onu-proclama-2015-ano-internacional-de-la-luz%2F&amp;title=La+ONU+proclama+2015+A%C3%B1o+Internacional+de+la+Luz' title='Reddit' target='_blank' rel='nofollow'><img src='http:\/\/www.emiliosilveravazquez.com\/blog\/wp-content\/plugins\/knxdt-bookmarks-wordpress-plugin\/images\/reddit.png'  alt='' class='book_img' border='none' style='margin:1px; padding: 0;'  \/><\/a><\/span><span class='pushbutton'><a href='http:\/\/www.tecnologiadiaria.com\/2009\/07\/abrir-com-hotmail-correo.html' target='_blank' title='hotmail'><img src='http:\/\/www.emiliosilveravazquez.com\/blog\/wp-content\/plugins\/knxdt-bookmarks-wordpress-plugin\/images\/linklove.png' alt='hotmail correo' class='book_img' border='none' style='margin:1px; padding: 0;' \/><\/a><\/span><span class='pushbutton'><a href='http:\/\/bitacoras.com\/votar\/anotacion\/externo\/mini\/www.emiliosilveravazquez.com\/blog\/2014\/01\/23\/la-onu-proclama-2015-ano-internacional-de-la-luz\/' title='Bitacoras.com' target='_blank' rel='nofollow'><img src='http:\/\/www.emiliosilveravazquez.com\/blog\/wp-content\/plugins\/knxdt-bookmarks-wordpress-plugin\/images\/bitacoras.png'  alt='' class='book_img' border='none' style='margin:1px; padding: 0;'  \/><\/a><\/span><span class='pushbutton'><a href='http:\/\/www.wikio.es\/vote?url=http%3A%2F%2Fwww.emiliosilveravazquez.com%2Fblog%2F2014%2F01%2F23%2Fla-onu-proclama-2015-ano-internacional-de-la-luz%2F' title='Wikio' target='_blank' rel='nofollow'><img src='http:\/\/www.emiliosilveravazquez.com\/blog\/wp-content\/plugins\/knxdt-bookmarks-wordpress-plugin\/images\/wikio.png'   alt='' class='book_img' border='none' style='margin:1px; padding: 0;'   \/><\/a><\/span><span class='pushbutton'><a href='http:\/\/friendfeed.com\/?url=http%3A%2F%2Fwww.emiliosilveravazquez.com%2Fblog%2F2014%2F01%2F23%2Fla-onu-proclama-2015-ano-internacional-de-la-luz%2F&amp;title=La+ONU+proclama+2015+A%C3%B1o+Internacional+de+la+Luz' title='Friend Feed' target='_blank' rel='nofollow'><img src='http:\/\/www.emiliosilveravazquez.com\/blog\/wp-content\/plugins\/knxdt-bookmarks-wordpress-plugin\/images\/friendfeed.png'  alt='' class='book_img' border='none' style='margin:1px; padding: 0;'  \/><\/a><\/span><span class='pushbutton'><a href='http:\/\/www.facebook.com\/share.php?u=http%3A%2F%2Fwww.emiliosilveravazquez.com%2Fblog%2F2014%2F01%2F23%2Fla-onu-proclama-2015-ano-internacional-de-la-luz%2F&amp;t=La+ONU+proclama+2015+A%C3%B1o+Internacional+de+la+Luz' title='Facebook' target='_blank' rel='nofollow'><img src='http:\/\/www.emiliosilveravazquez.com\/blog\/wp-content\/plugins\/knxdt-bookmarks-wordpress-plugin\/images\/facebook.png'  alt='' class='book_img' border='none' style='margin:1px; padding: 0;'  \/><\/a><\/span><span class='pushbutton'><a href='http:\/\/twitter.com\/home?status=La+ONU+proclama+2015+A%C3%B1o+Internacional+de+la+Luz: http%3A%2F%2Fwww.emiliosilveravazquez.com%2Fblog%2F2014%2F01%2F23%2Fla-onu-proclama-2015-ano-internacional-de-la-luz%2F' title='Twitter' target='_blank' rel='nofollow'><img src='http:\/\/www.emiliosilveravazquez.com\/blog\/wp-content\/plugins\/knxdt-bookmarks-wordpress-plugin\/images\/twitter.png'  alt='' class='book_img' border='none' style='margin:1px; padding: 0;'  \/><\/a><\/span><span class='pushbutton'><a href='http:\/\/www.feedburner.com\/fb\/a\/emailFlare?itemTitle=La+ONU+proclama+2015+A%C3%B1o+Internacional+de+la+Luz&amp;uri=http%3A%2F%2Fwww.emiliosilveravazquez.com%2Fblog%2F2014%2F01%2F23%2Fla-onu-proclama-2015-ano-internacional-de-la-luz%2F' title='Enviar por Email' target='_blank' rel='nofollow'><img src='http:\/\/www.emiliosilveravazquez.com\/blog\/wp-content\/plugins\/knxdt-bookmarks-wordpress-plugin\/images\/email.png'  alt='' class='book_img' border='none' style='margin:1px; padding: 0;'  \/><\/a><\/span><span style='font-weight:bold; padding-left: 5px;'><a href='http:\/\/wordpress.org\/extend\/plugins\/knxdt-bookmarks-wordpress-plugin\/' title='Plugin' rel='nofollow' target='_blank'>[?]<\/a><\/span><\/td><\/tr><\/table><br\/><br\/><\/div>","protected":false},"excerpt":{"rendered":"<p>Su objetivo es destacar la importancia de las tecnolog\u00edas basadas en la luz que pueden ofrecer soluciones a problemas planteados en todas las sociedades del mundo sobre la energ\u00eda, la educaci\u00f3n, la medicina, la agricultura, las tecnolog\u00edas e inventos para el futuro, y, en f\u00edn, hacer patente que la luz, es algo esencial en nuestras [&hellip;]<\/p>\n","protected":false},"author":2,"featured_media":0,"comment_status":"open","ping_status":"open","sticky":false,"template":"","format":"standard","meta":{"_s2mail":"yes","footnotes":""},"categories":[285],"tags":[],"_links":{"self":[{"href":"http:\/\/www.emiliosilveravazquez.com\/blog\/wp-json\/wp\/v2\/posts\/10491"}],"collection":[{"href":"http:\/\/www.emiliosilveravazquez.com\/blog\/wp-json\/wp\/v2\/posts"}],"about":[{"href":"http:\/\/www.emiliosilveravazquez.com\/blog\/wp-json\/wp\/v2\/types\/post"}],"author":[{"embeddable":true,"href":"http:\/\/www.emiliosilveravazquez.com\/blog\/wp-json\/wp\/v2\/users\/2"}],"replies":[{"embeddable":true,"href":"http:\/\/www.emiliosilveravazquez.com\/blog\/wp-json\/wp\/v2\/comments?post=10491"}],"version-history":[{"count":0,"href":"http:\/\/www.emiliosilveravazquez.com\/blog\/wp-json\/wp\/v2\/posts\/10491\/revisions"}],"wp:attachment":[{"href":"http:\/\/www.emiliosilveravazquez.com\/blog\/wp-json\/wp\/v2\/media?parent=10491"}],"wp:term":[{"taxonomy":"category","embeddable":true,"href":"http:\/\/www.emiliosilveravazquez.com\/blog\/wp-json\/wp\/v2\/categories?post=10491"},{"taxonomy":"post_tag","embeddable":true,"href":"http:\/\/www.emiliosilveravazquez.com\/blog\/wp-json\/wp\/v2\/tags?post=10491"}],"curies":[{"name":"wp","href":"https:\/\/api.w.org\/{rel}","templated":true}]}}