{"id":10487,"date":"2014-01-22T08:03:04","date_gmt":"2014-01-22T07:03:04","guid":{"rendered":"http:\/\/www.emiliosilveravazquez.com\/blog\/?p=10487"},"modified":"2014-01-22T08:03:04","modified_gmt":"2014-01-22T07:03:04","slug":"una-pincelada-de-la-relatividad-2","status":"publish","type":"post","link":"http:\/\/www.emiliosilveravazquez.com\/blog\/2014\/01\/22\/una-pincelada-de-la-relatividad-2\/","title":{"rendered":"Una pincelada de la Relatividad"},"content":{"rendered":"<p style=\"text-align: justify;\"><img decoding=\"async\" loading=\"lazy\" src=\"http:\/\/th.physik.uni-frankfurt.de\/%7Ejr\/gif\/phys\/einst_pat.jpg\" alt=\"http:\/\/th.physik.uni-frankfurt.de\/~jr\/gif\/phys\/einst_pat.jpg\" width=\"327\" height=\"362\" \/><\/p>\n<p style=\"text-align: justify;\"><a id=\"_GPLITA_2\" title=\"Click to Continue > by Savings Wave&#8221; href=&#8221;http:\/\/www.emiliosilveravazquez.com\/blog\/2012\/05\/29\/una-pincelada-de-la-<a href=\"#\" onclick=\"referencia('relatividad',event); return false;\">relatividad<\/a>\/#&#8221;>Cuando<img decoding=\"async\" src=\"http:\/\/savingswave-a.akamaihd.net\/items\/it\/img\/arrow-10x10.png\" alt=\"\" \/><\/a> <a href=\"http:\/\/www.emiliosilveravazquez.com\/blog\/2012\/05\/29\/una-pincelada-de-la-relatividad\/#\"><a href=\"#\" onclick=\"referencia('einstein',event); return false;\">Einstein<\/a><\/a> ten\u00eda 26 a\u00f1os, calcul\u00f3 exactamente c\u00f3mo deb\u00eda cambiar la energ\u00eda si el principio de la <a href=\"http:\/\/www.emiliosilveravazquez.com\/blog\/2012\/05\/29\/una-pincelada-de-la-relatividad\/#\"><a href=\"#\" onclick=\"referencia('relatividad',event); return false;\">relatividad<\/a><\/a> era correcto, y descubri\u00f3 la relaci\u00f3n E=mc<sup>2<\/sup>.\u00a0 Puesto que la velocidad de la luz al cuadrado (c<sup>2<\/sup>) es un <a id=\"_GPLITA_0\" title=\"Click to Continue > by Savings Wave&#8221; href=&#8221;http:\/\/www.emiliosilveravazquez.com\/blog\/2012\/05\/29\/una-pincelada-de-la-<a href=\"#\" onclick=\"referencia('relatividad',event); return false;\">relatividad<\/a>\/#&#8221;>n\u00famero<img decoding=\"async\" src=\"http:\/\/savingswave-a.akamaihd.net\/items\/it\/img\/arrow-10x10.png\" alt=\"\" \/><\/a> astron\u00f3micamente grande, una peque\u00f1a cantidad de materia puede liberar una enorme cantidad de energ\u00eda.\u00a0 Dentro de las part\u00edculas m\u00e1s peque\u00f1as de materia hay un almac\u00e9n de energ\u00eda, m\u00e1s de un mill\u00f3n de veces la energ\u00eda liberada en una explosi\u00f3n qu\u00edmica.\u00a0 La materia, en cierto sentido, puede verse como un dep\u00f3sito casi inagotable de energ\u00eda; es decir, la materia es en realidad, energ\u00eda condensada.<\/p>\n<p style=\"text-align: justify;\"><img decoding=\"async\" src=\"http:\/\/2.bp.blogspot.com\/_-Rw4Rb4bpMc\/SRnwxorU6QI\/AAAAAAAAAko\/VA75n0HebDQ\/s400\/Materia+OScura-Energ%C3%ADa+oscura-Internet\" alt=\"http:\/\/2.bp.blogspot.com\/_-Rw4Rb4bpMc\/SRnwxorU6QI\/AAAAAAAAAko\/VA75n0HebDQ\/s400\/Materia+OScura-Energ%C3%ADa+oscura-Internet\" \/><\/p>\n<p style=\"text-align: justify;\"><a href=\"http:\/\/www.emiliosilveravazquez.com\/blog\/2012\/05\/29\/una-pincelada-de-la-relatividad\/#\"><a href=\"#\" onclick=\"referencia('einstein',event); return false;\">Einstein<\/a><\/a> supo ver que las dimensiones m\u00e1s altas tienen un prop\u00f3sito: unificar los principios de la Naturaleza.\u00a0 Al a\u00f1adir dimensiones m\u00e1s altas pod\u00eda unir conceptos f\u00edsicos que, en un mundo tridimensional, no tienen relaci\u00f3n, tales <a id=\"_GPLITA_1\" title=\"Click to Continue > by Savings Wave&#8221; href=&#8221;http:\/\/www.emiliosilveravazquez.com\/blog\/2012\/05\/29\/una-pincelada-de-la-<a href=\"#\" onclick=\"referencia('relatividad',event); return false;\">relatividad<\/a>\/#&#8221;>como<img decoding=\"async\" src=\"http:\/\/savingswave-a.akamaihd.net\/items\/it\/img\/arrow-10x10.png\" alt=\"\" \/><\/a> la materia y la energ\u00eda o el espacio y el tiempo que, gracias a la cuarta dimensi\u00f3n de la <a href=\"http:\/\/www.emiliosilveravazquez.com\/blog\/2012\/05\/29\/una-pincelada-de-la-relatividad\/#\"><a href=\"#\" onclick=\"referencia('relatividad',event); return false;\">relatividad<\/a><\/a> especial, quedaron unificados.<\/p>\n<p style=\"text-align: justify;\"><img decoding=\"async\" src=\"http:\/\/www.nasa.gov\/centers\/glenn\/images\/content\/84540main_warp24.gif\" alt=\"http:\/\/www.nasa.gov\/centers\/glenn\/images\/content\/84540main_warp24.gif\" \/><\/p>\n<p style=\"text-align: justify;\">Nuevos conceptos que desataron nuestra imaginaci\u00f3n<\/p>\n<p style=\"text-align: justify;\">Desde entonces, estos conceptos, los tenemos que clasificar, no por separado, sino siempre juntos como dos aspectos de un mismo ente materia-energ\u00eda por una <a id=\"_GPLITA_5\" title=\"Click to Continue > by Savings Wave&#8221; href=&#8221;http:\/\/www.emiliosilveravazquez.com\/blog\/2012\/05\/29\/una-pincelada-de-la-<a href=\"#\" onclick=\"referencia('relatividad',event); return false;\">relatividad<\/a>\/#&#8221;>parte<img decoding=\"async\" src=\"http:\/\/savingswave-a.akamaihd.net\/items\/it\/img\/arrow-10x10.png\" alt=\"\" \/><\/a> y espacio-tiempo por la otra.\u00a0 El impacto directo del <a id=\"_GPLITA_3\" title=\"Click to Continue > by Savings Wave&#8221; href=&#8221;http:\/\/www.emiliosilveravazquez.com\/blog\/2012\/05\/29\/una-pincelada-de-la-<a href=\"#\" onclick=\"referencia('relatividad',event); return false;\">relatividad<\/a>\/#&#8221;>trabajo<img decoding=\"async\" src=\"http:\/\/savingswave-a.akamaihd.net\/items\/it\/img\/arrow-10x10.png\" alt=\"\" \/><\/a> de <a href=\"http:\/\/www.emiliosilveravazquez.com\/blog\/2012\/05\/29\/una-pincelada-de-la-relatividad\/#\"><a href=\"#\" onclick=\"referencia('einstein',event); return false;\">Einstein<\/a><\/a> sobre la cuarta dimensi\u00f3n fue, por supuesto, la bomba de hidr\u00f3geno, que se ha mostrado la m\u00e1s poderosa creaci\u00f3n de la ciencia del siglo XX.\u00a0 Claro que, en contra del criterio de <a href=\"http:\/\/www.emiliosilveravazquez.com\/blog\/2012\/05\/29\/una-pincelada-de-la-relatividad\/#\"><a href=\"#\" onclick=\"referencia('einstein',event); return false;\">Einstein<\/a><\/a> que era un pacifista y nunca quiso participar en proyectos de \u00e9sta \u00edndole.<\/p>\n<p><img decoding=\"async\" loading=\"lazy\" src=\"http:\/\/revolucioncientifica.com\/curiosidades%20cientificas\/inercia1.jpg\" alt=\"\" width=\"184\" height=\"150\" \/><img decoding=\"async\" loading=\"lazy\" src=\"http:\/\/revolucioncientifica.com\/curiosidades%20cientificas\/inercia4.jpg\" alt=\"\" width=\"136\" height=\"150\" \/><img decoding=\"async\" loading=\"lazy\" src=\"http:\/\/revolucioncientifica.com\/curiosidades%20cientificas\/inercia2.jpg\" alt=\"\" width=\"172\" height=\"150\" \/><img decoding=\"async\" loading=\"lazy\" src=\"http:\/\/revolucioncientifica.com\/curiosidades%20cientificas\/inercia3.jpg\" alt=\"\" width=\"157\" height=\"150\" \/><\/p>\n<p>&nbsp;<\/p>\n<blockquote>\n<p style=\"text-align: justify;\"><em>&#8220;La <a title=\"Inercia\" href=\"http:\/\/es.wikipedia.org\/wiki\/Inercia\">inercia<\/a> de cualquier sistema es el resultado de su interacci\u00f3n con el resto del <a title=\"Universo\" href=\"http:\/\/es.wikipedia.org\/wiki\/Universo\">Universo<\/a>. En otras palabras, cada part\u00edcula del universo ejerce una influencia sobre todas las dem\u00e1s part\u00edculas.&#8221;<\/em><\/p>\n<p style=\"text-align: justify;\">Mach<\/p>\n<p style=\"text-align: justify;\">\n<\/blockquote>\n<p style=\"text-align: justify;\"><a href=\"http:\/\/www.emiliosilveravazquez.com\/blog\/2012\/05\/29\/una-pincelada-de-la-relatividad\/#\"><a href=\"#\" onclick=\"referencia('einstein',event); return false;\">Einstein<\/a><\/a> complet\u00f3 su teor\u00eda de la <a href=\"http:\/\/www.emiliosilveravazquez.com\/blog\/2012\/05\/29\/una-pincelada-de-la-relatividad\/#\"><a href=\"#\" onclick=\"referencia('relatividad',event); return false;\">relatividad<\/a><\/a> con una segunda parte que, en parte, estaba inspirada por lo que se conoce como <a href=\"http:\/\/www.emiliosilveravazquez.com\/blog\/2012\/05\/29\/una-pincelada-de-la-relatividad\/#\"><a href=\"#\" onclick=\"referencia('mach principio de',event); return false;\">principio de Mach<\/a><\/a>, la gu\u00eda que utiliz\u00f3 <a href=\"http:\/\/www.emiliosilveravazquez.com\/blog\/2012\/05\/29\/una-pincelada-de-la-relatividad\/#\"><a href=\"#\" onclick=\"referencia('einstein',event); return false;\">Einstein<\/a><\/a> para crear esta parte final y completar su teor\u00eda de <a href=\"http:\/\/www.emiliosilveravazquez.com\/blog\/2012\/05\/29\/una-pincelada-de-la-relatividad\/#\"><a href=\"#\" onclick=\"referencia('relatividad',event); return false;\">relatividad<\/a><\/a> general.<\/p>\n<p style=\"text-align: justify;\"><a href=\"http:\/\/www.emiliosilveravazquez.com\/blog\/2012\/05\/29\/una-pincelada-de-la-relatividad\/#\"><a href=\"#\" onclick=\"referencia('einstein',event); return false;\">Einstein<\/a><\/a> enunci\u00f3 que, la presencia de materia-energ\u00eda determina la curvatura del espacio-tiempo a su alrededor.\u00a0 Esta es la esencia del principio f\u00edsico que Riemann no logr\u00f3 <a id=\"_GPLITA_4\" title=\"Click to Continue > by Savings Wave&#8221; href=&#8221;http:\/\/www.emiliosilveravazquez.com\/blog\/2012\/05\/29\/una-pincelada-de-la-<a href=\"#\" onclick=\"referencia('relatividad',event); return false;\">relatividad<\/a>\/#&#8221;>descubrir<img decoding=\"async\" src=\"http:\/\/savingswave-a.akamaihd.net\/items\/it\/img\/arrow-10x10.png\" alt=\"\" \/><\/a>: la curvatura del espacio est\u00e1 directamente relacionada con la cantidad de energ\u00eda y materia contenida en dicho espacio.<\/p>\n<p style=\"text-align: justify;\">Esto, a su vez, puede resumirse en la famosa ecuaci\u00f3n de <a href=\"http:\/\/www.emiliosilveravazquez.com\/blog\/2012\/05\/29\/una-pincelada-de-la-relatividad\/#\"><a href=\"#\" onclick=\"referencia('einstein',event); return false;\">Einstein<\/a><\/a>, que esencialmente afirma: Materia-energ\u00eda determina la curvatura del espacio-tiempo<\/p>\n<p style=\"text-align: justify;\"><img decoding=\"async\" loading=\"lazy\" title=\"einstein-tensor\" src=\"http:\/\/www.emiliosilveravazquez.com\/blog\/wp-content\/uploads\/2008\/07\/einstein-tensor.gif\" alt=\"\" width=\"123\" height=\"31\" border=\"0\" \/><\/p>\n<p style=\"text-align: justify;\"><img decoding=\"async\" loading=\"lazy\" id=\"irc_mi\" class=\"irc_mut\" style=\"margin-top: 33px;\" src=\"http:\/\/upload.wikimedia.org\/wikipedia\/commons\/0\/0d\/Interacci%C3%B3n_de_la_gravedad.png\" alt=\"\" width=\"424\" height=\"328\" \/><\/p>\n<p style=\"text-align: justify;\">Esa ecuaci\u00f3n enga\u00f1osamente corta es uno de los mayores triunfos de la mente humana (me he referido a ella en otras muchas ocasiones).\u00a0 De ella emergen los principios que hay tras los movimientos de las estrellas y las galaxias, los <a href=\"http:\/\/www.emiliosilveravazquez.com\/blog\/2012\/05\/29\/una-pincelada-de-la-relatividad\/#\"><a href=\"#\" onclick=\"referencia('agujero negro',event); return false;\">agujeros negros<\/a><\/a>, el big bang, y seguramente el propio destino del Universo.<\/p>\n<p style=\"text-align: justify;\"><img decoding=\"async\" id=\"BLOGGER_PHOTO_ID_5660135240530482498\" style=\"float: right; margin: 0 0 10px 10px; cursor: hand; width: 320px; height: 234px;\" src=\"http:\/\/3.bp.blogspot.com\/-y9vN9DCG6Gg\/TozXAzh9VUI\/AAAAAAAAALQ\/fLN8Ot51yWI\/s320\/jj.jpg\" alt=\"\" border=\"0\" \/><\/p>\n<p style=\"text-align: justify;\">Es curiosa la similitud que se da <a id=\"_GPLITA_6\" title=\"Click to Continue > by Savings Wave&#8221; href=&#8221;http:\/\/www.emiliosilveravazquez.com\/blog\/2012\/05\/29\/una-pincelada-de-la-<a href=\"#\" onclick=\"referencia('relatividad',event); return false;\">relatividad<\/a>\/#&#8221;>entre<img decoding=\"async\" src=\"http:\/\/savingswave-a.akamaihd.net\/items\/it\/img\/arrow-10x10.png\" alt=\"\" \/><\/a> la teor\u00eda del electromagnetismo y la <a href=\"http:\/\/www.emiliosilveravazquez.com\/blog\/2012\/05\/29\/una-pincelada-de-la-relatividad\/#\"><a href=\"#\" onclick=\"referencia('relatividad',event); return false;\">relatividad<\/a><\/a> general, mientras que Faraday experiment\u00f3 y sab\u00eda los resultados, no sab\u00eda expresarlos mediante las matem\u00e1ticas y, apareci\u00f3 Maxwell que, finalmente formul\u00f3 la teor\u00eda.<\/p>\n<p style=\"text-align: justify;\"><a href=\"http:\/\/www.emiliosilveravazquez.com\/blog\/2012\/05\/29\/una-pincelada-de-la-relatividad\/#\"><a href=\"#\" onclick=\"referencia('einstein',event); return false;\">Einstein<\/a><\/a>, al igual que Faraday, hab\u00eda descubierto los principios f\u00edsicos correctos, pero carec\u00eda de un formulismo matem\u00e1tico riguroso suficientemente potente <a id=\"_GPLITA_8\" title=\"Click to Continue > by Savings Wave&#8221; href=&#8221;http:\/\/www.emiliosilveravazquez.com\/blog\/2012\/05\/29\/una-pincelada-de-la-<a href=\"#\" onclick=\"referencia('relatividad',event); return false;\">relatividad<\/a>\/#&#8221;>para<img decoding=\"async\" src=\"http:\/\/savingswave-a.akamaihd.net\/items\/it\/img\/arrow-10x10.png\" alt=\"\" \/><\/a> expresarlo (claro que Faraday no era matem\u00e1tico y <a href=\"http:\/\/www.emiliosilveravazquez.com\/blog\/2012\/05\/29\/una-pincelada-de-la-relatividad\/#\"><a href=\"#\" onclick=\"referencia('einstein',event); return false;\">Einstein<\/a><\/a> si lo era).\u00a0 Carec\u00eda de una versi\u00f3n de los campos de Faraday para la Gravedad.\u00a0 Ir\u00f3nicamente, Riemann ten\u00eda el aparato matem\u00e1tico, pero no el principio f\u00edsico gu\u00eda, al contrario que <a href=\"http:\/\/www.emiliosilveravazquez.com\/blog\/2012\/05\/29\/una-pincelada-de-la-relatividad\/#\"><a href=\"#\" onclick=\"referencia('einstein',event); return false;\">Einstein<\/a><\/a>.\u00a0 As\u00ed que, finalmente, fue <a href=\"http:\/\/www.emiliosilveravazquez.com\/blog\/2012\/05\/29\/una-pincelada-de-la-relatividad\/#\"><a href=\"#\" onclick=\"referencia('einstein',event); return false;\">Einstein<\/a><\/a> el que pudo formular la teor\u00eda con las matem\u00e1ticas de Riemann.<\/p>\n<p style=\"text-align: justify;\"><img decoding=\"async\" loading=\"lazy\" id=\"irc_mi\" class=\"irc_mut\" style=\"margin-top: 109px;\" src=\"http:\/\/www.pasajealaciencia.es\/2005\/images\/a13f02.jpg\" alt=\"\" width=\"500\" height=\"175\" \/><\/p>\n<p style=\"text-align: justify;\"><a href=\"http:\/\/www.emiliosilveravazquez.com\/blog\/2012\/05\/29\/una-pincelada-de-la-relatividad\/#\"><a href=\"#\" onclick=\"referencia('einstein',event); return false;\">Einstein<\/a><\/a>, como todos sabeis, se apoyo en otros muchos para formular sus teor\u00edas relativistas <a id=\"_GPLITA_9\" title=\"Click to Continue > by Savings Wave&#8221; href=&#8221;http:\/\/www.emiliosilveravazquez.com\/blog\/2012\/05\/29\/una-pincelada-de-la-<a href=\"#\" onclick=\"referencia('relatividad',event); return false;\">relatividad<\/a>\/#&#8221;>desde<img decoding=\"async\" src=\"http:\/\/savingswave-a.akamaihd.net\/items\/it\/img\/arrow-10x10.png\" alt=\"\" \/><\/a> Mach, Maxwell y Lorentz hasta el propio Riemann. Sin embargo, fue \u00e9l quien tuvo la chispa de ingenio de ver con claridad el significado de todos aquellos postulados que andaban sueltos por el mundo de la f\u00edsica y supo reunirlos en una teor\u00eda coherente y unificadora que, a lo largo del tiempo, ha sido demostrada de manera m\u00e1s que suficiente y aclaratoria.<\/p>\n<p style=\"text-align: justify;\">La obra de <a href=\"http:\/\/www.emiliosilveravazquez.com\/blog\/2012\/05\/29\/una-pincelada-de-la-relatividad\/#\"><a href=\"#\" onclick=\"referencia('einstein',event); return false;\">Einstein<\/a><\/a> est\u00e1 revestida de grandes \u00e9xitos en el campo de la F\u00edsica y de la Cosmolog\u00eda, y, hasta tal punto es as\u00ed que, el Cosmos ser\u00eda otro sin la teor\u00eda de la Relatividad General de cuyas ecuaciones -arriba rese\u00f1adas- a\u00fan se est\u00e1n obteniendo consecuencias mucho m\u00e1s all\u00e1 de los <a href=\"http:\/\/www.emiliosilveravazquez.com\/blog\/2012\/05\/29\/una-pincelada-de-la-relatividad\/#\"><a href=\"#\" onclick=\"referencia('agujero negro',event); return false;\">agujeros negros<\/a><\/a>.<\/p>\n<p style=\"text-align: justify;\">Tambi\u00e9n esa simple ecuaci\u00f3n que, se est\u00e1 convirtiendo en uno de los mayores logros de la Humanidad, por su sencilles y simpleza en contraposici\u00f3n con su profundidad y complejidad en cuanto a los mensajes que encierra, como por ejemplo, el hecho de que dichas ecuaciones de campo de la teor\u00eda de <a href=\"http:\/\/www.emiliosilveravazquez.com\/blog\/2012\/05\/29\/una-pincelada-de-la-relatividad\/#\"><a href=\"#\" onclick=\"referencia('einstein',event); return false;\">Einstein<\/a><\/a> emerjan como por encanto <a id=\"_GPLITA_10\" title=\"Click to Continue > by Savings Wave&#8221; href=&#8221;http:\/\/www.emiliosilveravazquez.com\/blog\/2012\/05\/29\/una-pincelada-de-la-<a href=\"#\" onclick=\"referencia('relatividad',event); return false;\">relatividad<\/a>\/#&#8221;>desde<img decoding=\"async\" src=\"http:\/\/savingswave-a.akamaihd.net\/items\/it\/img\/arrow-10x10.png\" alt=\"\" \/><\/a> las profundidades de la Teor\u00eda de cuerdas. Sin que nadie las llame, all\u00ed aparecen.<\/p>\n<p style=\"text-align: justify;\">\u00bfQu\u00e9 tienen estas ecuaciones? \u00bfQu\u00e9 mensajes nos env\u00eda? \u00bfQu\u00e9 secretos encierra?<\/p>\n<p style=\"text-align: justify;\"><em>emilio silvera<\/em><\/p>\n<div class='bookmark'>\r\n\t\t<table align='left' border='0' cellpadding='0' width='100%'>\r\n\t\t<tr><td><span class='pushbutton'><a href='http:\/\/delicious.com\/post?url=http%3A%2F%2Fwww.emiliosilveravazquez.com%2Fblog%2F2014%2F01%2F22%2Funa-pincelada-de-la-relatividad-2%2F&amp;title=Una+pincelada+de+la+Relatividad' title='Delicious' target='_blank' rel='nofollow'><img src='http:\/\/www.emiliosilveravazquez.com\/blog\/wp-content\/plugins\/knxdt-bookmarks-wordpress-plugin\/images\/delicious.png'  alt='' class='book_img' border='none' style='margin:1px; padding: 0;'  \/><\/a><\/span><span class='pushbutton'><a href='http:\/\/digg.com\/submit?url=http%3A%2F%2Fwww.emiliosilveravazquez.com%2Fblog%2F2014%2F01%2F22%2Funa-pincelada-de-la-relatividad-2%2F&amp;title=Una+pincelada+de+la+Relatividad' title='Digg' target='_blank' rel='nofollow'><img src='http:\/\/www.emiliosilveravazquez.com\/blog\/wp-content\/plugins\/knxdt-bookmarks-wordpress-plugin\/images\/digg.png'  alt='' class='book_img' border='none' style='margin:1px; padding: 0;'  \/><\/a><\/span><span class='pushbutton'><a href='http:\/\/www.google.com\/bookmarks\/mark?op=edit&amp;bkmk=http%3A%2F%2Fwww.emiliosilveravazquez.com%2Fblog%2F2014%2F01%2F22%2Funa-pincelada-de-la-relatividad-2%2F&amp;title=Una+pincelada+de+la+Relatividad' title='Google' target='_blank' rel='nofollow'><img src='http:\/\/www.emiliosilveravazquez.com\/blog\/wp-content\/plugins\/knxdt-bookmarks-wordpress-plugin\/images\/google.png'   alt='' class='book_img' border='none' style='margin:1px; padding: 0;'  \/><\/a><\/span><span class='pushbutton'><a href='http:\/\/myweb2.search.yahoo.com\/myresults\/bookmarklet?u=http%3A%2F%2Fwww.emiliosilveravazquez.com%2Fblog%2F2014%2F01%2F22%2Funa-pincelada-de-la-relatividad-2%2F&amp;t=Una+pincelada+de+la+Relatividad' title='Yahoo' target='_blank' rel='nofollow'><img src='http:\/\/www.emiliosilveravazquez.com\/blog\/wp-content\/plugins\/knxdt-bookmarks-wordpress-plugin\/images\/yahoo.png'  alt='' class='book_img' border='none' style='margin:1px; padding: 0;'  \/><\/a><\/span><span class='pushbutton'><a href='http:\/\/www.technorati.com\/faves?add=http%3A%2F%2Fwww.emiliosilveravazquez.com%2Fblog%2F2014%2F01%2F22%2Funa-pincelada-de-la-relatividad-2%2F' title='Technorati' target='_blank' rel='nofollow'><img src='http:\/\/www.emiliosilveravazquez.com\/blog\/wp-content\/plugins\/knxdt-bookmarks-wordpress-plugin\/images\/technorati.png'  alt='' class='book_img' border='none' style='margin:1px; padding: 0;'  \/><\/a><\/span><span class='pushbutton'><a href='http:\/\/meneame.net\/submit.php?url=http%3A%2F%2Fwww.emiliosilveravazquez.com%2Fblog%2F2014%2F01%2F22%2Funa-pincelada-de-la-relatividad-2%2F' title='Meneame' target='_blank' rel='nofollow'><img src='http:\/\/www.emiliosilveravazquez.com\/blog\/wp-content\/plugins\/knxdt-bookmarks-wordpress-plugin\/images\/meneame.png'  alt='' class='book_img' border='none' style='margin:1px; padding: 0;'  \/><\/a><\/span><span class='pushbutton'><a href='http:\/\/enchilame.com\/submit.php?url=http:\/\/www.emiliosilveravazquez.com\/blog\/2014\/01\/22\/una-pincelada-de-la-relatividad-2\/' target='_blank' rel='nofollow'><img title='Enchilame' src='http:\/\/www.emiliosilveravazquez.com\/blog\/wp-content\/plugins\/knxdt-bookmarks-wordpress-plugin\/images\/enchilame.png'  alt='' class='book_img' border='none' style='margin:1px; padding: 0;'  \/><\/a><\/span><span class='pushbutton'><a href='http:\/\/www.blinklist.com\/index.php?Action=Blink\/addblink.php&amp;Description=&amp;Url=http%3A%2F%2Fwww.emiliosilveravazquez.com%2Fblog%2F2014%2F01%2F22%2Funa-pincelada-de-la-relatividad-2%2F&amp;title=Una+pincelada+de+la+Relatividad' title='BlinkList' target='_blank' rel='nofollow'><img src='http:\/\/www.emiliosilveravazquez.com\/blog\/wp-content\/plugins\/knxdt-bookmarks-wordpress-plugin\/images\/blinklist.png'  alt='' class='book_img' border='none' style='margin:1px; padding: 0;'  \/><\/a><\/span><span class='pushbutton'><a href='http:\/\/reddit.com\/submit?url=http%3A%2F%2Fwww.emiliosilveravazquez.com%2Fblog%2F2014%2F01%2F22%2Funa-pincelada-de-la-relatividad-2%2F&amp;title=Una+pincelada+de+la+Relatividad' title='Reddit' target='_blank' rel='nofollow'><img src='http:\/\/www.emiliosilveravazquez.com\/blog\/wp-content\/plugins\/knxdt-bookmarks-wordpress-plugin\/images\/reddit.png'  alt='' class='book_img' border='none' style='margin:1px; padding: 0;'  \/><\/a><\/span><span class='pushbutton'><a href='http:\/\/www.tecnologiadiaria.com\/2009\/07\/abrir-com-hotmail-correo.html' target='_blank' title='hotmail'><img src='http:\/\/www.emiliosilveravazquez.com\/blog\/wp-content\/plugins\/knxdt-bookmarks-wordpress-plugin\/images\/linklove.png' alt='hotmail correo' class='book_img' border='none' style='margin:1px; padding: 0;' \/><\/a><\/span><span class='pushbutton'><a href='http:\/\/bitacoras.com\/votar\/anotacion\/externo\/mini\/www.emiliosilveravazquez.com\/blog\/2014\/01\/22\/una-pincelada-de-la-relatividad-2\/' title='Bitacoras.com' target='_blank' rel='nofollow'><img src='http:\/\/www.emiliosilveravazquez.com\/blog\/wp-content\/plugins\/knxdt-bookmarks-wordpress-plugin\/images\/bitacoras.png'  alt='' class='book_img' border='none' style='margin:1px; padding: 0;'  \/><\/a><\/span><span class='pushbutton'><a href='http:\/\/www.wikio.es\/vote?url=http%3A%2F%2Fwww.emiliosilveravazquez.com%2Fblog%2F2014%2F01%2F22%2Funa-pincelada-de-la-relatividad-2%2F' title='Wikio' target='_blank' rel='nofollow'><img src='http:\/\/www.emiliosilveravazquez.com\/blog\/wp-content\/plugins\/knxdt-bookmarks-wordpress-plugin\/images\/wikio.png'   alt='' class='book_img' border='none' style='margin:1px; padding: 0;'   \/><\/a><\/span><span class='pushbutton'><a href='http:\/\/friendfeed.com\/?url=http%3A%2F%2Fwww.emiliosilveravazquez.com%2Fblog%2F2014%2F01%2F22%2Funa-pincelada-de-la-relatividad-2%2F&amp;title=Una+pincelada+de+la+Relatividad' title='Friend Feed' target='_blank' rel='nofollow'><img src='http:\/\/www.emiliosilveravazquez.com\/blog\/wp-content\/plugins\/knxdt-bookmarks-wordpress-plugin\/images\/friendfeed.png'  alt='' class='book_img' border='none' style='margin:1px; padding: 0;'  \/><\/a><\/span><span class='pushbutton'><a href='http:\/\/www.facebook.com\/share.php?u=http%3A%2F%2Fwww.emiliosilveravazquez.com%2Fblog%2F2014%2F01%2F22%2Funa-pincelada-de-la-relatividad-2%2F&amp;t=Una+pincelada+de+la+Relatividad' title='Facebook' target='_blank' rel='nofollow'><img src='http:\/\/www.emiliosilveravazquez.com\/blog\/wp-content\/plugins\/knxdt-bookmarks-wordpress-plugin\/images\/facebook.png'  alt='' class='book_img' border='none' style='margin:1px; padding: 0;'  \/><\/a><\/span><span class='pushbutton'><a href='http:\/\/twitter.com\/home?status=Una+pincelada+de+la+Relatividad: http%3A%2F%2Fwww.emiliosilveravazquez.com%2Fblog%2F2014%2F01%2F22%2Funa-pincelada-de-la-relatividad-2%2F' title='Twitter' target='_blank' rel='nofollow'><img src='http:\/\/www.emiliosilveravazquez.com\/blog\/wp-content\/plugins\/knxdt-bookmarks-wordpress-plugin\/images\/twitter.png'  alt='' class='book_img' border='none' style='margin:1px; padding: 0;'  \/><\/a><\/span><span class='pushbutton'><a href='http:\/\/www.feedburner.com\/fb\/a\/emailFlare?itemTitle=Una+pincelada+de+la+Relatividad&amp;uri=http%3A%2F%2Fwww.emiliosilveravazquez.com%2Fblog%2F2014%2F01%2F22%2Funa-pincelada-de-la-relatividad-2%2F' title='Enviar por Email' target='_blank' rel='nofollow'><img src='http:\/\/www.emiliosilveravazquez.com\/blog\/wp-content\/plugins\/knxdt-bookmarks-wordpress-plugin\/images\/email.png'  alt='' class='book_img' border='none' style='margin:1px; padding: 0;'  \/><\/a><\/span><span style='font-weight:bold; padding-left: 5px;'><a href='http:\/\/wordpress.org\/extend\/plugins\/knxdt-bookmarks-wordpress-plugin\/' title='Plugin' rel='nofollow' target='_blank'>[?]<\/a><\/span><\/td><\/tr><\/table><br\/><br\/><\/div>","protected":false},"excerpt":{"rendered":"<p>by Savings Wave&#8221; href=&#8221;http:\/\/www.emiliosilveravazquez.com\/blog\/2012\/05\/29\/una-pincelada-de-la-relatividad\/#&#8221;>n\u00famero astron\u00f3micamente grande, una peque\u00f1a cantidad de materia puede liberar una enorme cantidad de energ\u00eda.\u00a0 Dentro de las part\u00edculas m\u00e1s peque\u00f1as de materia hay un almac\u00e9n de energ\u00eda, m\u00e1s de un mill\u00f3n de veces la energ\u00eda liberada en una explosi\u00f3n qu\u00edmica.\u00a0 La materia, en cierto sentido, puede verse como un dep\u00f3sito casi [&hellip;]<\/p>\n","protected":false},"author":2,"featured_media":0,"comment_status":"open","ping_status":"open","sticky":false,"template":"","format":"standard","meta":{"_s2mail":"yes","footnotes":""},"categories":[6],"tags":[],"_links":{"self":[{"href":"http:\/\/www.emiliosilveravazquez.com\/blog\/wp-json\/wp\/v2\/posts\/10487"}],"collection":[{"href":"http:\/\/www.emiliosilveravazquez.com\/blog\/wp-json\/wp\/v2\/posts"}],"about":[{"href":"http:\/\/www.emiliosilveravazquez.com\/blog\/wp-json\/wp\/v2\/types\/post"}],"author":[{"embeddable":true,"href":"http:\/\/www.emiliosilveravazquez.com\/blog\/wp-json\/wp\/v2\/users\/2"}],"replies":[{"embeddable":true,"href":"http:\/\/www.emiliosilveravazquez.com\/blog\/wp-json\/wp\/v2\/comments?post=10487"}],"version-history":[{"count":0,"href":"http:\/\/www.emiliosilveravazquez.com\/blog\/wp-json\/wp\/v2\/posts\/10487\/revisions"}],"wp:attachment":[{"href":"http:\/\/www.emiliosilveravazquez.com\/blog\/wp-json\/wp\/v2\/media?parent=10487"}],"wp:term":[{"taxonomy":"category","embeddable":true,"href":"http:\/\/www.emiliosilveravazquez.com\/blog\/wp-json\/wp\/v2\/categories?post=10487"},{"taxonomy":"post_tag","embeddable":true,"href":"http:\/\/www.emiliosilveravazquez.com\/blog\/wp-json\/wp\/v2\/tags?post=10487"}],"curies":[{"name":"wp","href":"https:\/\/api.w.org\/{rel}","templated":true}]}}